{"id":4461,"global_id":"imker-aigen.at?id=4461","global_id_lineage":["imker-aigen.at?id=4461"],"author":"1","status":"publish","date":"2024-03-05 19:00:22","date_utc":"2024-03-05 18:00:22","modified":"2024-03-08 09:14:45","modified_utc":"2024-03-08 08:14:45","url":"https:\/\/imker-aigen.at\/index.php\/event\/stammtisch-5-maerz-2024\/","rest_url":"https:\/\/imker-aigen.at\/index.php\/wp-json\/tribe\/events\/v1\/events\/4461","title":"Stammtisch 5. M\u00e4rz 2024","description":"<h2>Agenda:<\/h2>\n<h4><strong>Begr\u00fc\u00dfung der G\u00e4ste<\/strong><\/h4>\n<h4>\u00c4nderungen bei den Vereinsmitgliedern<\/h4>\n<h4>Neuigkeiten<\/h4>\n<ul>\n<li>Neues von der <a href=\"https:\/\/imker-aigen.at\/index.php\/2024\/02\/20\/54-fachtagung-des-oesterreichischen-erwerbsimkerbundes\/\">54. Erwerbsimkerfachtagung (16-18.2.2024)<\/a><\/li>\n<li>Neues von der <a href=\"https:\/\/imker-aigen.at\/index.php\/2024\/03\/02\/gauversammlung-flachgau-am-2-3-2024\/\">Gauversammlung am 2.3.2024<\/a><\/li>\n<li>Diverse Einladungen der Imkervereine (Henndorf, Neumarkt, Thalgau, Eugendorf, Seekirchen, Stra\u00dfwalchen, Teisendorf-Anger) mit diversen Fachvortr\u00e4gen<\/li>\n<li>Planung der 120 Jahrfeier unseres Vereins (Sommer\/Herbstfest)<\/li>\n<li>Wir brauchen eine neue Stellvertreterin\/einen neuen Stellvertreter f\u00fcr unsere Schriftf\u00fchrerin<\/li>\n<li>Abrechnung mit dem Landesverband (finanziell nat\u00fcrlich ;-))<\/li>\n<li>Wer f\u00e4hrt mit zum <a href=\"https:\/\/imker-aigen.at\/index.php\/event\/landesimkertag\/\">Landesimkertag<\/a> am 17.3.2024 (Neuwahlen des gesamten Vorstandes und des gesamten Aufsichtsrates der Genossenschaft + Neuwahl des gesamten Vorstandes und der Rechnungspr\u00fcfer des Landesverbands)?<\/li>\n<\/ul>\n<h4>Imkerliche T\u00e4tigkeiten im M\u00e4rz<\/h4>\n<ul>\n<li>Imkern in Zeiten des Klimawandels (Obstb\u00e4ume bereits vor der Bl\u00fcte, Vegetation 3-4 Wochen voraus, Februar im Mittel um 5 Grad zu warm)<\/li>\n<li><a href=\"https:\/\/www.laves.niedersachsen.de\/startseite\/tiere\/bienenkunde\/informationsmaterial\/teilen-und-behandeln-230059.html\">Mit dem Beginn der Bl\u00fcte der Salweide wird die aktive Bienensaison 2024 eingel\u00e4utet (LAVES-Infobrief)<\/a><\/li>\n<li>Faulbrutuntersuchungen via Gem\u00fcll<\/li>\n<li>Futtervorr\u00e4te kontrollieren, Fr\u00fchjahrsrevision der St\u00f6cke,\u00a0 bei 2-Raum \u00dcberwinterung evtl. untere Zarge entfernen (bei 2-zargigen V\u00f6lkern mit viel Restfutter erfolgt kein Zargenwechsel), bei toten V\u00f6lkern: Ursachenforschung + Aufr\u00e4umen, schwache V\u00f6lker: &#8222;boostern&#8220;<\/li>\n<\/ul>\n<h4>N\u00e4chste Termine<\/h4>\n<ul>\n<li><a href=\"https:\/\/imker-aigen.at\/index.php\/event\/jahreshauptversammlung-des-imkervereins-neumarkt-am-wallersee\/\">8.3. Jahreshauptversammlung des Imkervereins Neumarkt am Wallersee<\/a> &#8211; Fachvortrag vom Gauobmann Andreas Brieger zum Thema \u201eLandesverband und Imkergenossenschaft (Imkerhof)\u201c<\/li>\n<li><a href=\"https:\/\/imker-aigen.at\/index.php\/event\/basiskurs-bienenpaedagogik-im-imkerhof-salzburg\/\">15.3\u00a0 Basiskurs \u2013 Bienenp\u00e4dagogik im Imkerhof Salzburg<\/a><\/li>\n<li><a href=\"https:\/\/imker-aigen.at\/index.php\/event\/jahreshauptversammlung-der-imker-ortsgruppe-henndorf\/\">16.3 Jahreshauptversammlung des Imkervereins Henndorf am Wallersee<\/a> &#8211; Fachvortrag von Andreas Freundlinger zum Thema &#8222;Tipps f\u00fcr eine gelungene V\u00f6lkervermehrung&#8220;<\/li>\n<li><a href=\"https:\/\/imker-aigen.at\/index.php\/event\/landesimkertag\/\">17.3 Landesimkertag in Maishofen<\/a><\/li>\n<li><a href=\"https:\/\/imker-aigen.at\/index.php\/event\/jahreshauptversammlung-der-imkervereins-teisendorf-anger-e-v\/\">22.3 Jahreshauptversammlung des Imkervereins Teisendorf-Anger<\/a> &#8211; Fachvortrag von Dr. Hannes Beims (Imkerei Fachberater)<\/li>\n<li><a href=\"https:\/\/imker-aigen.at\/index.php\/event\/stammtisch-2-april-2024\/\">2.4 Stammtisch April<\/a><\/li>\n<li><a href=\"https:\/\/imker-aigen.at\/index.php\/event\/hygienekurs-und-varroaseminar-im-imkerhof-salzburg\/\">6.4 Hygienekurs und Varroaseminar im Imkerhof Salzburg<\/a><\/li>\n<\/ul>\n<h4>Diverses, Diskussion, Allf\u00e4lliges<\/h4>\n<ul>\n<li>Hilfe bei der Vereinsarbeit (Es gibt viel zu tun. Packen wir&#8217;s an!)<\/li>\n<li>Honiguntersuchungen<\/li>\n<\/ul>\n<p><strong>Alle Imkerinnen und Imker, unterst\u00fctzende Mitglieder, Sponsoren, (Wild-)Bienen-Freunde, Naturbegeisterte und Interessierte sind immer herzlich eingeladen an unseren Stammtischen und Versammlungen teilzunehmen! Wir freuen uns auf Euer Kommen!<\/strong><\/p>\n<p><a href=\"https:\/\/imker-aigen.at\/index.php\/2024\/03\/08\/protokoll-vom-stammtisch-am-5-3-2024\/\"><strong>&gt;Das Protokoll vom Stammtisch am 5.3.2024 steht nun online zur Verf\u00fcgung&lt;<\/strong><\/a><\/p>","excerpt":"","slug":"stammtisch-5-maerz-2024","image":{"url":"https:\/\/imker-aigen.at\/wp-content\/uploads\/2022\/08\/glasses-beer-1.jpg","id":621,"extension":"jpg","width":180,"height":241,"filesize":79375,"sizes":{"thumbnail":{"width":80,"height":80,"mime-type":"image\/jpeg","filesize":24795,"url":"https:\/\/imker-aigen.at\/wp-content\/uploads\/2022\/08\/glasses-beer-1-80x80.jpg"},"widget":{"width":36,"height":36,"mime-type":"image\/jpeg","filesize":16910,"url":"https:\/\/imker-aigen.at\/wp-content\/uploads\/2022\/08\/glasses-beer-1-36x36.jpg"},"square":{"width":180,"height":180,"mime-type":"image\/jpeg","filesize":69685,"url":"https:\/\/imker-aigen.at\/wp-content\/uploads\/2022\/08\/glasses-beer-1-180x180.jpg"},"portfolio_small":{"width":180,"height":185,"mime-type":"image\/jpeg","filesize":70543,"url":"https:\/\/imker-aigen.at\/wp-content\/uploads\/2022\/08\/glasses-beer-1-180x185.jpg"}}},"all_day":false,"start_date":"2024-03-05 19:00:00","start_date_details":{"year":"2024","month":"03","day":"05","hour":"19","minutes":"00","seconds":"00"},"end_date":"2024-03-05 23:59:00","end_date_details":{"year":"2024","month":"03","day":"05","hour":"23","minutes":"59","seconds":"00"},"utc_start_date":"2024-03-05 18:00:00","utc_start_date_details":{"year":"2024","month":"03","day":"05","hour":"18","minutes":"00","seconds":"00"},"utc_end_date":"2024-03-05 22:59:00","utc_end_date_details":{"year":"2024","month":"03","day":"05","hour":"22","minutes":"59","seconds":"00"},"timezone":"Europe\/Vienna","timezone_abbr":"CET","cost":"","cost_details":{"currency_symbol":"","currency_code":"","currency_position":"prefix","values":[]},"website":"","show_map":true,"show_map_link":true,"hide_from_listings":false,"sticky":true,"featured":true,"categories":[{"name":"Alte Veranstaltungen","slug":"alte-veranstaltungen","term_group":0,"term_taxonomy_id":17,"taxonomy":"tribe_events_cat","description":"","parent":0,"count":211,"filter":"raw","id":17,"urls":{"self":"https:\/\/imker-aigen.at\/index.php\/wp-json\/tribe\/events\/v1\/categories\/17","collection":"https:\/\/imker-aigen.at\/index.php\/wp-json\/tribe\/events\/v1\/categories"}}],"tags":[{"name":"Aigen","slug":"aigen","term_group":0,"term_taxonomy_id":36,"taxonomy":"post_tag","description":"","parent":0,"count":32,"filter":"raw","id":36,"urls":{"self":"https:\/\/imker-aigen.at\/index.php\/wp-json\/tribe\/events\/v1\/tags\/36","collection":"https:\/\/imker-aigen.at\/index.php\/wp-json\/tribe\/events\/v1\/tags"}},{"name":"Imker","slug":"imker","term_group":0,"term_taxonomy_id":37,"taxonomy":"post_tag","description":"","parent":0,"count":37,"filter":"raw","id":37,"urls":{"self":"https:\/\/imker-aigen.at\/index.php\/wp-json\/tribe\/events\/v1\/tags\/37","collection":"https:\/\/imker-aigen.at\/index.php\/wp-json\/tribe\/events\/v1\/tags"}},{"name":"Stammtisch","slug":"stammtisch","term_group":0,"term_taxonomy_id":35,"taxonomy":"post_tag","description":"","parent":0,"count":53,"filter":"raw","id":35,"urls":{"self":"https:\/\/imker-aigen.at\/index.php\/wp-json\/tribe\/events\/v1\/tags\/35","collection":"https:\/\/imker-aigen.at\/index.php\/wp-json\/tribe\/events\/v1\/tags"}}],"venue":{"id":509,"author":"1","status":"publish","date":"2022-08-29 11:13:31","date_utc":"2022-08-29 11:13:31","modified":"2022-08-29 11:13:31","modified_utc":"2022-08-29 11:13:31","url":"https:\/\/imker-aigen.at\/index.php\/veranstaltungsort\/gasthaus-pliemgut\/","venue":"Gasthaus Pliemgut","slug":"gasthaus-pliemgut","address":"Alte Aignerstra\u00dfe 1","city":"Salzburg","province":"Salzburg","zip":"5026","phone":"+43 662 627284","website":"http:\/\/www.pliemgut.at\/","stateprovince":"Salzburg","json_ld":{"@type":"Place","name":"Gasthaus Pliemgut","description":"","url":"","address":{"@type":"PostalAddress","streetAddress":"Alte Aignerstra\u00dfe 1","addressLocality":"Salzburg","addressRegion":"Salzburg","postalCode":"5026"},"telephone":"+43 662 627284","sameAs":"http:\/\/www.pliemgut.at\/"},"show_map":true,"show_map_link":true,"global_id":"imker-aigen.at?id=509","global_id_lineage":["imker-aigen.at?id=509"]},"organizer":[{"id":1476,"author":"1","status":"publish","date":"2022-09-21 10:43:29","date_utc":"2022-09-21 08:43:29","modified":"2023-07-17 10:58:58","modified_utc":"2023-07-17 08:58:58","url":"https:\/\/imker-aigen.at\/index.php\/veranstalter\/imker-ortsgruppe-salzburg-aigen\/","organizer":"Imkerverein Salzburg Aigen","description":"<p>Der \u00e4lteste Imkerverein in der Stadt Salzburg<br \/>\nZVR-Zahl: 1906713499 <\/p>","slug":"imker-ortsgruppe-salzburg-aigen","website":"https:\/\/imker-aigen.at\/","email":"info@imker-aigen.at","json_ld":{"@type":"Person","name":"Imkerverein Salzburg Aigen","description":"&lt;p&gt;Der \u00e4lteste Imkerverein in der Stadt Salzburg ZVR-Zahl: 1906713499&lt;\/p&gt;\\n","url":"https:\/\/imker-aigen.at\/","telephone":"","email":"&#105;&#110;f&#111;&#64;i&#109;k&#101;&#114;&#45;a&#105;&#103;en&#46;&#97;t","sameAs":"https:\/\/imker-aigen.at\/"},"global_id":"imker-aigen.at?id=1476","global_id_lineage":["imker-aigen.at?id=1476"]}],"custom_fields":[],"json_ld":{"@context":"http:\/\/schema.org","@type":"Event","name":"Stammtisch 5. M\u00e4rz 2024","description":"&lt;p&gt;Agenda: Begr\u00fc\u00dfung der G\u00e4ste \u00c4nderungen bei den Vereinsmitgliedern Neuigkeiten Neues von der 54. Erwerbsimkerfachtagung (16-18.2.2024) Neues von der Gauversammlung am 2.3.2024 Diverse Einladungen der Imkervereine (Henndorf, Neumarkt, Thalgau, Eugendorf, Seekirchen, [&hellip;]&lt;\/p&gt;\\n","image":"https:\/\/imker-aigen.at\/wp-content\/uploads\/2022\/08\/glasses-beer-1.jpg","url":"https:\/\/imker-aigen.at\/index.php\/event\/stammtisch-5-maerz-2024\/","eventAttendanceMode":"https:\/\/schema.org\/OfflineEventAttendanceMode","eventStatus":"https:\/\/schema.org\/EventScheduled","startDate":"2024-03-05T19:00:00+01:00","endDate":"2024-03-05T23:59:00+01:00","location":{"@type":"Place","name":"Gasthaus Pliemgut","description":"","url":"","address":{"@type":"PostalAddress","streetAddress":"Alte Aignerstra\u00dfe 1","addressLocality":"Salzburg","addressRegion":"Salzburg","postalCode":"5026"},"telephone":"+43 662 627284","sameAs":"http:\/\/www.pliemgut.at\/"},"organizer":{"@type":"Person","name":"Imkerverein Salzburg Aigen","description":"&lt;p&gt;Der \u00e4lteste Imkerverein in der Stadt Salzburg ZVR-Zahl: 1906713499&lt;\/p&gt;\\n","url":"https:\/\/imker-aigen.at\/","telephone":"","email":"&#105;&#110;f&#111;&#64;i&#109;&#107;e&#114;&#45;aig&#101;n.at","sameAs":"https:\/\/imker-aigen.at\/"},"performer":"Organization"}}