{"id":6947,"global_id":"imker-aigen.at?id=6947","global_id_lineage":["imker-aigen.at?id=6947"],"author":"1","status":"publish","date":"2025-07-01 15:00:31","date_utc":"2025-07-01 13:00:31","modified":"2025-07-07 06:14:46","modified_utc":"2025-07-07 04:14:46","url":"https:\/\/imker-aigen.at\/index.php\/event\/feldfuehrung-bei-brigitte-doerner\/","rest_url":"https:\/\/imker-aigen.at\/index.php\/wp-json\/tribe\/events\/v1\/events\/6947","title":"Feldf\u00fchrung bei Brigitte D\u00f6rner","description":"<p>Am Nachmittag des 1. Juli 2025 treffen wir uns bei Brigitte D\u00f6ner (<a href=\"https:\/\/wild-gewachsen.at\">wild-gewachsen.at<\/a>) zu einer Feldf\u00fchrung<\/p>\n<p><strong><a href=\"https:\/\/imker-aigen.at\/index.php\/2025\/07\/04\/zu-besuch-am-hof-von-familie-doerner-in-eugendorf\/\">\u21d2 Bericht \u00fcber den Besuch bei Salzburgs erster Bio-Blumenb\u00e4uerin<\/a><\/strong><\/p>","excerpt":"","slug":"feldfuehrung-bei-brigitte-doerner","image":{"url":"https:\/\/imker-aigen.at\/wp-content\/uploads\/2024\/11\/wild-gewachsen-logo-300x289-1.jpg","id":6952,"extension":"jpg","width":300,"height":289,"filesize":20800,"sizes":{"thumbnail":{"width":80,"height":80,"mime-type":"image\/jpeg","filesize":5323,"url":"https:\/\/imker-aigen.at\/wp-content\/uploads\/2024\/11\/wild-gewachsen-logo-300x289-1-80x80.jpg"},"widget":{"width":36,"height":36,"mime-type":"image\/jpeg","filesize":1859,"url":"https:\/\/imker-aigen.at\/wp-content\/uploads\/2024\/11\/wild-gewachsen-logo-300x289-1-36x36.jpg"},"square":{"width":180,"height":180,"mime-type":"image\/jpeg","filesize":19555,"url":"https:\/\/imker-aigen.at\/wp-content\/uploads\/2024\/11\/wild-gewachsen-logo-300x289-1-180x180.jpg"},"portfolio_small":{"width":260,"height":185,"mime-type":"image\/jpeg","filesize":26344,"url":"https:\/\/imker-aigen.at\/wp-content\/uploads\/2024\/11\/wild-gewachsen-logo-300x289-1-260x185.jpg"}}},"all_day":false,"start_date":"2025-07-01 16:00:00","start_date_details":{"year":"2025","month":"07","day":"01","hour":"16","minutes":"00","seconds":"00"},"end_date":"2025-07-01 18:00:00","end_date_details":{"year":"2025","month":"07","day":"01","hour":"18","minutes":"00","seconds":"00"},"utc_start_date":"2025-07-01 14:00:00","utc_start_date_details":{"year":"2025","month":"07","day":"01","hour":"14","minutes":"00","seconds":"00"},"utc_end_date":"2025-07-01 16:00:00","utc_end_date_details":{"year":"2025","month":"07","day":"01","hour":"16","minutes":"00","seconds":"00"},"timezone":"Europe\/Vienna","timezone_abbr":"CEST","cost":"\u20ac15","cost_details":{"currency_symbol":"\u20ac","currency_code":"EUR","currency_position":"prefix","values":["15"]},"website":"","show_map":true,"show_map_link":true,"hide_from_listings":false,"sticky":false,"featured":false,"categories":[{"name":"Alte Veranstaltungen","slug":"alte-veranstaltungen","term_group":0,"term_taxonomy_id":17,"taxonomy":"tribe_events_cat","description":"","parent":0,"count":211,"filter":"raw","id":17,"urls":{"self":"https:\/\/imker-aigen.at\/index.php\/wp-json\/tribe\/events\/v1\/categories\/17","collection":"https:\/\/imker-aigen.at\/index.php\/wp-json\/tribe\/events\/v1\/categories"}}],"tags":[{"name":"Bio","slug":"bio","term_group":0,"term_taxonomy_id":39,"taxonomy":"post_tag","description":"","parent":0,"count":5,"filter":"raw","id":39,"urls":{"self":"https:\/\/imker-aigen.at\/index.php\/wp-json\/tribe\/events\/v1\/tags\/39","collection":"https:\/\/imker-aigen.at\/index.php\/wp-json\/tribe\/events\/v1\/tags"}},{"name":"Biodiversit\u00e4t","slug":"biodiversitaet","term_group":0,"term_taxonomy_id":403,"taxonomy":"post_tag","description":"","parent":0,"count":2,"filter":"raw","id":403,"urls":{"self":"https:\/\/imker-aigen.at\/index.php\/wp-json\/tribe\/events\/v1\/tags\/403","collection":"https:\/\/imker-aigen.at\/index.php\/wp-json\/tribe\/events\/v1\/tags"}},{"name":"Biodiversit\u00e4tsbotschafterin","slug":"biodiversitaetsbotschafterin","term_group":0,"term_taxonomy_id":404,"taxonomy":"post_tag","description":"","parent":0,"count":2,"filter":"raw","id":404,"urls":{"self":"https:\/\/imker-aigen.at\/index.php\/wp-json\/tribe\/events\/v1\/tags\/404","collection":"https:\/\/imker-aigen.at\/index.php\/wp-json\/tribe\/events\/v1\/tags"}},{"name":"D\u00f6rner","slug":"doerner","term_group":0,"term_taxonomy_id":405,"taxonomy":"post_tag","description":"","parent":0,"count":2,"filter":"raw","id":405,"urls":{"self":"https:\/\/imker-aigen.at\/index.php\/wp-json\/tribe\/events\/v1\/tags\/405","collection":"https:\/\/imker-aigen.at\/index.php\/wp-json\/tribe\/events\/v1\/tags"}},{"name":"Feldf\u00fchrung","slug":"feldfuehrung","term_group":0,"term_taxonomy_id":288,"taxonomy":"post_tag","description":"","parent":0,"count":2,"filter":"raw","id":288,"urls":{"self":"https:\/\/imker-aigen.at\/index.php\/wp-json\/tribe\/events\/v1\/tags\/288","collection":"https:\/\/imker-aigen.at\/index.php\/wp-json\/tribe\/events\/v1\/tags"}}],"venue":[],"organizer":[],"custom_fields":[],"json_ld":{"@context":"http:\/\/schema.org","@type":"Event","name":"Feldf\u00fchrung bei Brigitte D\u00f6rner","description":"&lt;p&gt;Am Nachmittag des 1. Juli 2025 treffen wir uns bei Brigitte D\u00f6ner (wild-gewachsen.at) zu einer Feldf\u00fchrung \u21d2 Bericht \u00fcber den Besuch bei Salzburgs erster Bio-Blumenb\u00e4uerin&lt;\/p&gt;\\n","image":"https:\/\/imker-aigen.at\/wp-content\/uploads\/2024\/11\/wild-gewachsen-logo-300x289-1.jpg","url":"https:\/\/imker-aigen.at\/index.php\/event\/feldfuehrung-bei-brigitte-doerner\/","eventAttendanceMode":"https:\/\/schema.org\/OfflineEventAttendanceMode","eventStatus":"https:\/\/schema.org\/EventScheduled","startDate":"2025-07-01T16:00:00+02:00","endDate":"2025-07-01T18:00:00+02:00","offers":{"@type":"Offer","price":"15","priceCurrency":"EUR","url":"https:\/\/imker-aigen.at\/index.php\/event\/feldfuehrung-bei-brigitte-doerner\/","category":"primary","availability":"inStock","validFrom":"2026-07-01T11:25:00+00:00"},"performer":"Organization"}}