{"id":8592,"global_id":"imker-aigen.at?id=8592","global_id_lineage":["imker-aigen.at?id=8592"],"author":"1","status":"publish","date":"2026-03-03 19:00:14","date_utc":"2026-03-03 18:00:14","modified":"2026-03-06 08:38:15","modified_utc":"2026-03-06 07:38:15","url":"https:\/\/imker-aigen.at\/index.php\/event\/stammtisch-3-maerz-2026\/","rest_url":"https:\/\/imker-aigen.at\/index.php\/wp-json\/tribe\/events\/v1\/events\/8592","title":"Stammtisch 3. M\u00e4rz 2026","description":"<h2>Agenda:<\/h2>\n<h4><strong>Begr\u00fc\u00dfung der G\u00e4ste<\/strong><\/h4>\n<h4>Neuigkeiten<\/h4>\n<ul>\n<li>Alte Termine<br \/>\n<a href=\"https:\/\/imker-aigen.at\/index.php\/2026\/02\/08\/protokoll-der-flachgauer-gauversammlung-inkl-salzburg-stadt-am-7-2-2026\/\">7.2.2026 &#8211; Flachgauer Gauversammlung (inkl. Salzburg Stadt)<\/a><br \/>\nToller Waldtracht-Vortrag von IM Monika Heller + Ank\u00fcndigung eines <a href=\"https:\/\/imker-aigen.at\/index.php\/event\/gauausflug-flachgau-und-salzburg-stadt-23-honigfest-in-hermargor\/\">Gauausfluges am 16.8.2026 zum Honigfest in Hermargor<\/a><\/li>\n<li>Wachs-Spendenaktion<br \/>\nEin Bericht \u00fcber diese Aktion wird in einer der kommenden Bienen-aktuell Ausgaben erscheinen<br \/>\nAusflug zum Caritas Dorf St. Anton und zur landwirtschaftlichen Fachschule in Bruck am 30.4.2026<\/li>\n<li>Beitr\u00e4ge 2026 -alle Zahlungen wurden bereits get\u00e4tigt und die Beitr\u00e4ge an den Landesverband \u00fcberwiesen<\/li>\n<li>Corporate Design &#8211; Vorschl\u00e4ge f\u00fcr das neue Vereinslogo (Basis f\u00fcr die Vereinsetiketten)<\/li>\n<li>Vereinsh\u00fctte 2026 &#8211; Planung der Arbeiten 2026<\/li>\n<li>Futterkranzprobe &#8211; Neue Frist f\u00fcr die Abgabe der Futterkranzproben im Flachgau: bis Ende M\u00e4rz<\/li>\n<li><a href=\"https:\/\/imker-aigen.at\/index.php\/event\/ausserordentliche-mitgliederversammlung-30-oktober-2026-neuwahl-des-vorstands\/\">Au\u00dferordentliche Mitgliederversammlung am 30.10.2026 &#8211; Neuwahl des Vorstands<\/a><br \/>\nWir brauchen Wahlvorschl\u00e4ge! Wer stellt sich f\u00fcr eine Funktion zur Verf\u00fcgung?<\/li>\n<\/ul>\n<h4>Imkerliche T\u00e4tigkeiten im M\u00e4rz (siehe <a href=\"https:\/\/imker-aigen.at\/index.php\/about\/monthly_todos\/\">Monatsbetrachtungen<\/a>)<\/h4>\n<p>Imkern in Zeiten des Klimawandels &#8211; Hasel und Erle bl\u00fchen nun gleichzeitig. Auch die Salweide bl\u00fcht bereits. In der Stadt Salzburg soll es laut Wetterbericht bis kommenden Samstag (7.3.2026) 15 Grad und t\u00e4glich 11 Sonnenstunden geben.<\/p>\n<ul>\n<li>Kontrolle, ob die Bienenv\u00f6lker noch leben. Tote Bienen bitte sofort vom Stand wegr\u00e4umen. Futter von abgestorbenen V\u00f6lkern vernichten und nicht an andere V\u00f6lker verf\u00fcttern. Beuten von abgestorbenen Bienenv\u00f6lkern wegr\u00e4umen und gr\u00fcndlich s\u00e4ubern.<\/li>\n<li>Kontrolle der Futterreserven<\/li>\n<li>Angepasster Brutraum: Schieden auf die Wintertraube<\/li>\n<li>Kontrolle des nat\u00fcrlichen Milbenabfalls \u00fcber 3 Wochen zur Salweidenbl\u00fcte (Varroa-Selektionskriterium)<\/li>\n<\/ul>\n<h4>Kommende Termine bis zum n\u00e4chsten Stammtisch<\/h4>\n<ul>\n<li><a href=\"https:\/\/imker-aigen.at\/index.php\/event\/die-tagfalter-im-salzburger-land-trends-treiber-und-schutz\/\">5.3.2026 Die Tagfalter im Salzburger Land \u2013 Trends, Treiber und Schutz<\/a><\/li>\n<li><a href=\"https:\/\/imker-aigen.at\/index.php\/event\/jahreshauptversammlung-der-imker-ortsgruppe-neumarkt-2\/\">13.3.2026 Jahreshauptversammlung des Imker-Ortsgruppe Neumarkt am Wallersee<\/a><\/li>\n<li><a href=\"https:\/\/imker-aigen.at\/index.php\/event\/start-der-neueinsteigerkurse-fuer-den-flachgau\/\">13.3.2026 Start der Neueinsteigerkurse f\u00fcr den Flachgau<\/a><\/li>\n<li><a href=\"https:\/\/imker-aigen.at\/index.php\/event\/vortrag-bienengesundheit-und-pflanzeninhaltsstoffe\/\">20.3.2026 Vortrag Dr. Bannert &#8211; Bienengesundheit und Pflanzeninhaltsstoffe<\/a><\/li>\n<li><a href=\"https:\/\/imker-aigen.at\/index.php\/event\/jahreshauptversammlung-imker-ortsgruppe-bad-vigaun\/\">24.3.2026 Jahreshauptversammlung des Imker-Ortsgruppe Bad Vigaun<\/a><br \/>\nVortrag von Imkermeisterin Maria Koller (<a href=\"https:\/\/www.koasabiene.at\/\">KOASABIENE<\/a>)<\/li>\n<li><a href=\"https:\/\/imker-aigen.at\/index.php\/event\/netzwerkfruehstueck-mit-bienenforscher-martin-stefanec-was-wir-zum-thema-netzwerken-und-kooperation-von-bienen-lernen-koennen\/\">26.3.2026 Netzwerkfr\u00fchst\u00fcck mit Bienenforscher Martin Stefanec: \u201eWas wir zum Thema Netzwerken und Kooperation von Bienen lernen k\u00f6nnen.\u201c<\/a><\/li>\n<li><a href=\"https:\/\/imker-aigen.at\/index.php\/event\/stammtisch-7-april-2026\/\">7.4.2026 Stammtisch<\/a><\/li>\n<li><a href=\"https:\/\/imker-aigen.at\/index.php\/event\/landesimkertag-2026\/\">12.4.2026 Landesimkertag<\/a> &#8211; Wer vom Vorstand nimmt teil? Bitte um baldige Anmeldung!<\/li>\n<\/ul>\n<h4>Diverses, Diskussion, Allf\u00e4lliges<\/h4>\n<ul>\n<li>Hilfe bei der Vereinsarbeit (Es gibt viel zu tun. Packen wir\u2019s an!)<\/li>\n<\/ul>\n<p>&nbsp;<\/p>\n<p><a href=\"https:\/\/imker-aigen.at\/index.php\/2026\/03\/03\/protokoll-vom-stammtisch-am-3-3-2026\/\"><strong>\u21d2 Protokoll vom Stammtisch am 3.3.2026<\/strong><\/a><\/p>","excerpt":"","slug":"stammtisch-3-maerz-2026","image":{"url":"https:\/\/imker-aigen.at\/wp-content\/uploads\/2022\/08\/glasses-beer-1.jpg","id":621,"extension":"jpg","width":180,"height":241,"filesize":79375,"sizes":{"thumbnail":{"width":80,"height":80,"mime-type":"image\/jpeg","filesize":24795,"url":"https:\/\/imker-aigen.at\/wp-content\/uploads\/2022\/08\/glasses-beer-1-80x80.jpg"},"widget":{"width":36,"height":36,"mime-type":"image\/jpeg","filesize":16910,"url":"https:\/\/imker-aigen.at\/wp-content\/uploads\/2022\/08\/glasses-beer-1-36x36.jpg"},"square":{"width":180,"height":180,"mime-type":"image\/jpeg","filesize":69685,"url":"https:\/\/imker-aigen.at\/wp-content\/uploads\/2022\/08\/glasses-beer-1-180x180.jpg"},"portfolio_small":{"width":180,"height":185,"mime-type":"image\/jpeg","filesize":70543,"url":"https:\/\/imker-aigen.at\/wp-content\/uploads\/2022\/08\/glasses-beer-1-180x185.jpg"}}},"all_day":false,"start_date":"2026-03-03 19:00:00","start_date_details":{"year":"2026","month":"03","day":"03","hour":"19","minutes":"00","seconds":"00"},"end_date":"2026-03-03 22:00:00","end_date_details":{"year":"2026","month":"03","day":"03","hour":"22","minutes":"00","seconds":"00"},"utc_start_date":"2026-03-03 18:00:00","utc_start_date_details":{"year":"2026","month":"03","day":"03","hour":"18","minutes":"00","seconds":"00"},"utc_end_date":"2026-03-03 21:00:00","utc_end_date_details":{"year":"2026","month":"03","day":"03","hour":"21","minutes":"00","seconds":"00"},"timezone":"Europe\/Vienna","timezone_abbr":"CET","cost":"","cost_details":{"currency_symbol":"\u20ac","currency_code":"EUR","currency_position":"prefix","values":[]},"website":"","show_map":true,"show_map_link":true,"hide_from_listings":false,"sticky":false,"featured":false,"categories":[{"name":"Alte Veranstaltungen","slug":"alte-veranstaltungen","term_group":0,"term_taxonomy_id":17,"taxonomy":"tribe_events_cat","description":"","parent":0,"count":211,"filter":"raw","id":17,"urls":{"self":"https:\/\/imker-aigen.at\/index.php\/wp-json\/tribe\/events\/v1\/categories\/17","collection":"https:\/\/imker-aigen.at\/index.php\/wp-json\/tribe\/events\/v1\/categories"}}],"tags":[{"name":"Stammtisch","slug":"stammtisch","term_group":0,"term_taxonomy_id":35,"taxonomy":"post_tag","description":"","parent":0,"count":53,"filter":"raw","id":35,"urls":{"self":"https:\/\/imker-aigen.at\/index.php\/wp-json\/tribe\/events\/v1\/tags\/35","collection":"https:\/\/imker-aigen.at\/index.php\/wp-json\/tribe\/events\/v1\/tags"}}],"venue":{"id":509,"author":"1","status":"publish","date":"2022-08-29 11:13:31","date_utc":"2022-08-29 11:13:31","modified":"2022-08-29 11:13:31","modified_utc":"2022-08-29 11:13:31","url":"https:\/\/imker-aigen.at\/index.php\/veranstaltungsort\/gasthaus-pliemgut\/","venue":"Gasthaus Pliemgut","slug":"gasthaus-pliemgut","address":"Alte Aignerstra\u00dfe 1","city":"Salzburg","province":"Salzburg","zip":"5026","phone":"+43 662 627284","website":"http:\/\/www.pliemgut.at\/","stateprovince":"Salzburg","json_ld":{"@type":"Place","name":"Gasthaus Pliemgut","description":"","url":"","address":{"@type":"PostalAddress","streetAddress":"Alte Aignerstra\u00dfe 1","addressLocality":"Salzburg","addressRegion":"Salzburg","postalCode":"5026"},"telephone":"+43 662 627284","sameAs":"http:\/\/www.pliemgut.at\/"},"show_map":true,"show_map_link":true,"global_id":"imker-aigen.at?id=509","global_id_lineage":["imker-aigen.at?id=509"]},"organizer":[{"id":1476,"author":"1","status":"publish","date":"2022-09-21 10:43:29","date_utc":"2022-09-21 08:43:29","modified":"2023-07-17 10:58:58","modified_utc":"2023-07-17 08:58:58","url":"https:\/\/imker-aigen.at\/index.php\/veranstalter\/imker-ortsgruppe-salzburg-aigen\/","organizer":"Imkerverein Salzburg Aigen","description":"<p>Der \u00e4lteste Imkerverein in der Stadt Salzburg<br \/>\nZVR-Zahl: 1906713499 <\/p>","slug":"imker-ortsgruppe-salzburg-aigen","website":"https:\/\/imker-aigen.at\/","email":"info@imker-aigen.at","json_ld":{"@type":"Person","name":"Imkerverein Salzburg Aigen","description":"&lt;p&gt;Der \u00e4lteste Imkerverein in der Stadt Salzburg ZVR-Zahl: 1906713499&lt;\/p&gt;\\n","url":"https:\/\/imker-aigen.at\/","telephone":"","email":"&#105;&#110;f&#111;&#64;&#105;&#109;k&#101;r-aig&#101;&#110;.a&#116;","sameAs":"https:\/\/imker-aigen.at\/"},"global_id":"imker-aigen.at?id=1476","global_id_lineage":["imker-aigen.at?id=1476"]}],"custom_fields":[],"json_ld":{"@context":"http:\/\/schema.org","@type":"Event","name":"Stammtisch 3. M\u00e4rz 2026","description":"&lt;p&gt;Agenda: Begr\u00fc\u00dfung der G\u00e4ste Neuigkeiten Alte Termine 7.2.2026 - Flachgauer Gauversammlung (inkl. Salzburg Stadt) Toller Waldtracht-Vortrag von IM Monika Heller + Ank\u00fcndigung eines Gauausfluges am 16.8.2026 zum Honigfest in Hermargor [&hellip;]&lt;\/p&gt;\\n","image":"https:\/\/imker-aigen.at\/wp-content\/uploads\/2022\/08\/glasses-beer-1.jpg","url":"https:\/\/imker-aigen.at\/index.php\/event\/stammtisch-3-maerz-2026\/","eventAttendanceMode":"https:\/\/schema.org\/OfflineEventAttendanceMode","eventStatus":"https:\/\/schema.org\/EventScheduled","startDate":"2026-03-03T19:00:00+01:00","endDate":"2026-03-03T22:00:00+01:00","location":{"@type":"Place","name":"Gasthaus Pliemgut","description":"","url":"","address":{"@type":"PostalAddress","streetAddress":"Alte Aignerstra\u00dfe 1","addressLocality":"Salzburg","addressRegion":"Salzburg","postalCode":"5026"},"telephone":"+43 662 627284","sameAs":"http:\/\/www.pliemgut.at\/"},"organizer":{"@type":"Person","name":"Imkerverein Salzburg Aigen","description":"&lt;p&gt;Der \u00e4lteste Imkerverein in der Stadt Salzburg ZVR-Zahl: 1906713499&lt;\/p&gt;\\n","url":"https:\/\/imker-aigen.at\/","telephone":"","email":"&#105;nf&#111;&#64;i&#109;&#107;&#101;&#114;&#45;&#97;&#105;&#103;en.&#97;t","sameAs":"https:\/\/imker-aigen.at\/"},"performer":"Organization"}}