{"id":9296,"global_id":"imker-aigen.at?id=9296","global_id_lineage":["imker-aigen.at?id=9296"],"author":"1","status":"publish","date":"2026-02-22 18:30:25","date_utc":"2026-02-22 17:30:25","modified":"2026-02-26 11:44:04","modified_utc":"2026-02-26 10:44:04","url":"https:\/\/imker-aigen.at\/index.php\/event\/einladung-zur-imkerkreisversammlung-2026-kreisverband-imker-suedost-oberbayern-e-v\/","rest_url":"https:\/\/imker-aigen.at\/index.php\/wp-json\/tribe\/events\/v1\/events\/9296","title":"Imkerkreisversammlung 2026 &#8211; Kreisverband Imker s\u00fcdost Oberbayern e.V.","description":"<p>Sehr geehrte Vereinsvorst\u00e4nde,<br \/>\nLiebe Imkerinnen und Imker,<br \/>\nder 1. Vorsitzende, Franz Sch\u00f6nsmaul, l\u00e4dt herzlich zur diesj\u00e4hrigen Kreisversammlung der Imker S\u00fcdost\u2011Oberbayern ein.<br \/>\nDiese findet am Sonntag, 22. Februar 2026 um 18:30 Uhr im Landgasthof Helminger in R\u00fcckstetten bei Teisendorf statt. N\u00e4here Informationen sowie die Agenda k\u00f6nnen Sie der beiliegenden Einladung entnehmen.<br \/>\nF\u00fcr den fachlichen Teil des Abends konnten wir Hubert P\u00f6lzl als Referenten gewinnen. Sein Vortrag tr\u00e4gt den Titel: \u201eHonigtauerzeuger: Imkerliches Praxiswissen, das nicht immer im Lehrbuch steht\u201c.<br \/>\nWir bitten Euch diese Einladung auch an Eure Vereinsmitglieder weiterzuleiten.<br \/>\nDie Vorstandschaft freut sich \u00fcber eine rege Teilnahme und einen informativen Abend.<br \/>\nMit freundlichen Gr\u00fc\u00dfen<br \/>\nAngelika Stutz<br \/>\nSchriftf\u00fchrerin<br \/>\nKreisverband der Imker s\u00fcdost Oberbayern e.V.<\/p>\n<p><a href=\"https:\/\/imker-aigen.at\/wp-content\/uploads\/2026\/01\/Einladung-zur-Kreisversammlung-der-Imker-suedost-Oberbayern-2026.pdf\">\u21d2 Einladung zur Imkerkreisversammlung 2026<\/a><\/p>","excerpt":"","slug":"einladung-zur-imkerkreisversammlung-2026-kreisverband-imker-suedost-oberbayern-e-v","image":{"url":"https:\/\/imker-aigen.at\/wp-content\/uploads\/2024\/03\/bayern.jpg","id":5481,"extension":"jpg","width":800,"height":600,"filesize":202217,"sizes":{"medium":{"width":300,"height":225,"mime-type":"image\/jpeg","filesize":69046,"url":"https:\/\/imker-aigen.at\/wp-content\/uploads\/2024\/03\/bayern-300x225.jpg"},"thumbnail":{"width":80,"height":80,"mime-type":"image\/jpeg","filesize":17894,"url":"https:\/\/imker-aigen.at\/wp-content\/uploads\/2024\/03\/bayern-80x80.jpg"},"medium_large":{"width":768,"height":576,"mime-type":"image\/jpeg","filesize":194680,"url":"https:\/\/imker-aigen.at\/wp-content\/uploads\/2024\/03\/bayern-768x576.jpg"},"widget":{"width":36,"height":36,"mime-type":"image\/jpeg","filesize":8503,"url":"https:\/\/imker-aigen.at\/wp-content\/uploads\/2024\/03\/bayern-36x36.jpg"},"square":{"width":180,"height":180,"mime-type":"image\/jpeg","filesize":42965,"url":"https:\/\/imker-aigen.at\/wp-content\/uploads\/2024\/03\/bayern-180x180.jpg"},"featured":{"width":800,"height":430,"mime-type":"image\/jpeg","filesize":161665,"url":"https:\/\/imker-aigen.at\/wp-content\/uploads\/2024\/03\/bayern-800x430.jpg"},"portfolio":{"width":495,"height":400,"mime-type":"image\/jpeg","filesize":120453,"url":"https:\/\/imker-aigen.at\/wp-content\/uploads\/2024\/03\/bayern-495x400.jpg"},"portfolio_small":{"width":260,"height":185,"mime-type":"image\/jpeg","filesize":56692,"url":"https:\/\/imker-aigen.at\/wp-content\/uploads\/2024\/03\/bayern-260x185.jpg"},"magazine":{"width":710,"height":375,"mime-type":"image\/jpeg","filesize":129690,"url":"https:\/\/imker-aigen.at\/wp-content\/uploads\/2024\/03\/bayern-710x375.jpg"},"masonry":{"width":705,"height":529,"mime-type":"image\/jpeg","filesize":180539,"url":"https:\/\/imker-aigen.at\/wp-content\/uploads\/2024\/03\/bayern-705x529.jpg"},"entry_with_sidebar":{"width":800,"height":321,"mime-type":"image\/jpeg","filesize":122838,"url":"https:\/\/imker-aigen.at\/wp-content\/uploads\/2024\/03\/bayern-800x321.jpg"},"entry_without_sidebar":{"width":800,"height":423,"mime-type":"image\/jpeg","filesize":156254,"url":"https:\/\/imker-aigen.at\/wp-content\/uploads\/2024\/03\/bayern-800x423.jpg"}}},"all_day":false,"start_date":"2026-02-22 18:30:00","start_date_details":{"year":"2026","month":"02","day":"22","hour":"18","minutes":"30","seconds":"00"},"end_date":"2026-02-22 22:00:00","end_date_details":{"year":"2026","month":"02","day":"22","hour":"22","minutes":"00","seconds":"00"},"utc_start_date":"2026-02-22 17:30:00","utc_start_date_details":{"year":"2026","month":"02","day":"22","hour":"17","minutes":"30","seconds":"00"},"utc_end_date":"2026-02-22 21:00:00","utc_end_date_details":{"year":"2026","month":"02","day":"22","hour":"21","minutes":"00","seconds":"00"},"timezone":"Europe\/Vienna","timezone_abbr":"CET","cost":"","cost_details":{"currency_symbol":"\u20ac","currency_code":"EUR","currency_position":"prefix","values":[]},"website":"","show_map":true,"show_map_link":true,"hide_from_listings":false,"sticky":false,"featured":false,"categories":[{"name":"Alte Veranstaltungen","slug":"alte-veranstaltungen","term_group":0,"term_taxonomy_id":17,"taxonomy":"tribe_events_cat","description":"","parent":0,"count":211,"filter":"raw","id":17,"urls":{"self":"https:\/\/imker-aigen.at\/index.php\/wp-json\/tribe\/events\/v1\/categories\/17","collection":"https:\/\/imker-aigen.at\/index.php\/wp-json\/tribe\/events\/v1\/categories"}}],"tags":[{"name":"Imkerkreisversammlung","slug":"imkerkreisversammlung","term_group":0,"term_taxonomy_id":496,"taxonomy":"post_tag","description":"","parent":0,"count":1,"filter":"raw","id":496,"urls":{"self":"https:\/\/imker-aigen.at\/index.php\/wp-json\/tribe\/events\/v1\/tags\/496","collection":"https:\/\/imker-aigen.at\/index.php\/wp-json\/tribe\/events\/v1\/tags"}}],"venue":{"id":5324,"author":"1","status":"publish","date":"2024-03-05 10:10:52","date_utc":"2024-03-05 09:10:52","modified":"2026-01-22 17:46:41","modified_utc":"2026-01-22 16:46:41","url":"https:\/\/imker-aigen.at\/index.php\/veranstaltungsort\/landgasthof-helminger\/","venue":"Landgasthof Helminger","slug":"landgasthof-helminger","address":"Raiffeisenstra\u00dfe 30","city":"R\u00fcckstetten bei Teisendorf","country":"Germany","province":"Bayern","zip":"83317","phone":"+498666339","website":"https:\/\/www.landgasthof-helminger.de\/","stateprovince":"Bayern","json_ld":{"@type":"Place","name":"Landgasthof Helminger","description":"","url":"","address":{"@type":"PostalAddress","streetAddress":"Raiffeisenstra\u00dfe 30","addressLocality":"R\u00fcckstetten bei Teisendorf","addressRegion":"Bayern","postalCode":"83317","addressCountry":"Germany"},"telephone":"+498666339","sameAs":"https:\/\/www.landgasthof-helminger.de\/"},"show_map":true,"show_map_link":true,"global_id":"imker-aigen.at?id=5324","global_id_lineage":["imker-aigen.at?id=5324"]},"organizer":[{"id":9299,"author":"1","status":"publish","date":"2026-01-22 17:34:43","date_utc":"2026-01-22 16:34:43","modified":"2026-01-22 17:34:43","modified_utc":"2026-01-22 16:34:43","url":"https:\/\/imker-aigen.at\/index.php\/veranstalter\/kreisverband-imker-suedost-oberbayern-e-v\/","organizer":"Kreisverband Imker s\u00fcdost Oberbayern e.V.","slug":"kreisverband-imker-suedost-oberbayern-e-v","json_ld":{"@type":"Person","name":"Kreisverband Imker s\u00fcdost Oberbayern e.V.","description":"","url":"","telephone":"","email":"","sameAs":""},"global_id":"imker-aigen.at?id=9299","global_id_lineage":["imker-aigen.at?id=9299"]}],"custom_fields":[],"json_ld":{"@context":"http:\/\/schema.org","@type":"Event","name":"Imkerkreisversammlung 2026 &#8211; Kreisverband Imker s\u00fcdost Oberbayern e.V.","description":"&lt;p&gt;Sehr geehrte Vereinsvorst\u00e4nde, Liebe Imkerinnen und Imker, der 1. Vorsitzende, Franz Sch\u00f6nsmaul, l\u00e4dt herzlich zur diesj\u00e4hrigen Kreisversammlung der Imker S\u00fcdost\u2011Oberbayern ein. Diese findet am Sonntag, 22. Februar 2026 um 18:30 [&hellip;]&lt;\/p&gt;\\n","image":"https:\/\/imker-aigen.at\/wp-content\/uploads\/2024\/03\/bayern.jpg","url":"https:\/\/imker-aigen.at\/index.php\/event\/einladung-zur-imkerkreisversammlung-2026-kreisverband-imker-suedost-oberbayern-e-v\/","eventAttendanceMode":"https:\/\/schema.org\/OfflineEventAttendanceMode","eventStatus":"https:\/\/schema.org\/EventScheduled","startDate":"2026-02-22T18:30:00+01:00","endDate":"2026-02-22T22:00:00+01:00","location":{"@type":"Place","name":"Landgasthof Helminger","description":"","url":"","address":{"@type":"PostalAddress","streetAddress":"Raiffeisenstra\u00dfe 30","addressLocality":"R\u00fcckstetten bei Teisendorf","addressRegion":"Bayern","postalCode":"83317","addressCountry":"Germany"},"telephone":"+498666339","sameAs":"https:\/\/www.landgasthof-helminger.de\/"},"organizer":{"@type":"Person","name":"Kreisverband Imker s\u00fcdost Oberbayern e.V.","description":"","url":"","telephone":"","email":"","sameAs":""},"performer":"Organization"}}