{"id":1971,"date":"2022-10-28T16:17:41","date_gmt":"2022-10-28T14:17:41","guid":{"rendered":"https:\/\/imker-aigen.at\/?p=1971"},"modified":"2022-12-02T10:37:45","modified_gmt":"2022-12-02T09:37:45","slug":"imker-hall-of-fame","status":"publish","type":"post","link":"https:\/\/imker-aigen.at\/index.php\/2022\/10\/28\/imker-hall-of-fame\/","title":{"rendered":"Ruhmeshalle der Imker"},"content":{"rendered":"<div  class='flex_column av-2mebhf-53949742be5a598ec728fddcd4e09a9a av_one_full  avia-builder-el-0  avia-builder-el-no-sibling  first flex_column_div  '     ><p>\n<style type=\"text\/css\" data-created_by=\"avia_inline_auto\" id=\"style-css-av-la9j4r9n-919ad5184830422bcad38f055770746f\">\n#top .av-special-heading.av-la9j4r9n-919ad5184830422bcad38f055770746f{\npadding-bottom:10px;\n}\nbody .av-special-heading.av-la9j4r9n-919ad5184830422bcad38f055770746f .av-special-heading-tag .heading-char{\nfont-size:25px;\n}\n.av-special-heading.av-la9j4r9n-919ad5184830422bcad38f055770746f .av-subheading{\nfont-size:15px;\n}\n<\/style>\n<div  class='av-special-heading av-la9j4r9n-919ad5184830422bcad38f055770746f av-special-heading-h3 blockquote modern-quote modern-centered  avia-builder-el-1  el_before_av_textblock  avia-builder-el-first '><h3 class='av-special-heading-tag '  itemprop=\"headline\"  >Die wichtigsten Pers\u00f6nlichkeiten der Imkerei, der Bienenforschung und der Bienenzucht<\/h3><div class=\"special-heading-border\"><div class=\"special-heading-inner-border\"><\/div><\/div><\/div><br \/>\n<section  class='av_textblock_section av-l9slk067-938b7f3991a08c44a85ffacaa178db2f '   itemscope=\"itemscope\" itemtype=\"https:\/\/schema.org\/BlogPosting\" itemprop=\"blogPost\" ><div class='avia_textblock'  itemprop=\"text\" ><p>Wir wollen die wichtigsten Pers\u00f6nlichkeiten der Imkerei, der Bienenforschung und der Bienenzucht vorstellen und ihre Leistungen w\u00fcrdigen. Viele Personen sind leider schon verstorben. Umso wichtiger ist es, deren Leistungen auch im historischen Kontext zu beleuchten und entsprechend zu w\u00fcrdigen. Wir wollen aber auch aktuelle Wissenschaftler und Personen vor den Vorhang holen, welche sich mit ihrer Arbeit f\u00fcr die Imkerei und unsere Bienen einsetzen. Einem Gro\u00dfteil der Imker sind diese Personen und deren Leistungen vermutlich gar nicht bekannt.<\/p>\n<p>Starten wollen wir unsere Artikelserie &#8211; wie k\u00f6nnte es f\u00fcr einen \u00f6sterreichischen Imkerverein anders sein &#8211; mit Karl von Frisch, dem deutsch-\u00f6sterreichischen Zoologen und Verhaltensforscher, welcher f\u00fcr seine Erforschung der Bienenkommunikation auch mit dem Nobelpreis ausgezeichnet wurde.<\/p>\n<\/div><\/section><br \/>\n<div id='av-masonry-1' class='av-masonry av-l9sltnnj-1514177f07eba524216e382eaa28eeaf noHover av-flex-size av-large-gap av-hover-overlay-active av-masonry-animation-active av-masonry-col-2 av-caption-always av-caption-style- av-masonry-gallery ' data-post_id=\"1971\"><div class=\"av-masonry-container isotope av-js-disabled\"><div class='av-masonry-entry isotope-item av-masonry-item-no-image '><\/div><a href=\"https:\/\/imker-aigen.at\/index.php\/2022\/11\/02\/karl-von-frisch\/\"  aria-label=\"Bild Karl von Frisch\"  id='av-masonry-1-item-1978' data-av-masonry-item='1978' class='av-masonry-entry isotope-item post-1978 attachment type-attachment status-inherit hentry  av-masonry-item-with-image' title=\"Karl von Frisch\" alt=\"Karl von Frisch\"  data-av-masonry-custom-link=\"https:\/\/imker-aigen.at\/index.php\/2022\/11\/02\/karl-von-frisch\/\"  itemprop=\"thumbnailUrl\" ><div class='av-inner-masonry-sizer'><\/div><figure class='av-inner-masonry main_color'><div class=\"av-masonry-outerimage-container\"><div class='av-masonry-image-container'  ><img decoding=\"async\" width=\"444\" height=\"549\" fetchpriority=\"high\" class=\"wp-image-1978 avia-img-lazy-loading-not-1978\"  src=\"https:\/\/imker-aigen.at\/wp-content\/uploads\/2022\/10\/karl_von_frisch.jpg\" title=\"Karl von Frisch\" alt=\"Karl von Frisch\" srcset=\"https:\/\/imker-aigen.at\/wp-content\/uploads\/2022\/10\/karl_von_frisch.jpg 444w, https:\/\/imker-aigen.at\/wp-content\/uploads\/2022\/10\/karl_von_frisch-243x300.jpg 243w\" sizes=\"(max-width: 444px) 100vw, 444px\" \/><\/div><\/div><figcaption class='av-inner-masonry-content site-background'><div class='av-inner-masonry-content-pos'><div class='av-inner-masonry-content-pos-content'><div class='avia-arrow'><\/div><div class='av-masonry-entry-content entry-content'  itemprop=\"text\" >Karl von Frisch (* 20. November 1886 in Wien; \u2020 12. Juni 1982 in M\u00fcnchen)<\/div><\/div><\/div><\/figcaption><\/figure><\/a><!--end av-masonry entry--><\/div><\/div><\/p><\/div>\n","protected":false},"excerpt":{"rendered":"","protected":false},"author":1,"featured_media":2294,"comment_status":"open","ping_status":"closed","sticky":false,"template":"","format":"standard","meta":{"footnotes":""},"categories":[19],"tags":[],"class_list":["post-1971","post","type-post","status-publish","format-standard","has-post-thumbnail","hentry","category-knowledge"],"yoast_head":"<!-- This site is optimized with the Yoast SEO plugin v27.4 - https:\/\/yoast.com\/product\/yoast-seo-wordpress\/ -->\n<title>Ruhmeshalle der Imker - Imker Ortsgruppe Salzburg Aigen<\/title>\n<meta name=\"description\" content=\"Die wichtigsten Pers\u00f6nlichkeiten der Imkerei und Bienenzucht und deren Arbeiten. Die &quot;Hall of Fame&quot; (Ruhmeshalle) der Imkerschaft. Zusammengestellt von der Imker Ortsgruppe Salzburg Aigen.\" \/>\n<meta name=\"robots\" content=\"index, follow, max-snippet:-1, max-image-preview:large, max-video-preview:-1\" \/>\n<link rel=\"canonical\" href=\"https:\/\/imker-aigen.at\/index.php\/2022\/10\/28\/imker-hall-of-fame\/\" \/>\n<meta property=\"og:locale\" content=\"de_DE\" \/>\n<meta property=\"og:type\" content=\"article\" \/>\n<meta property=\"og:title\" content=\"Ruhmeshalle der Imker - Imker Ortsgruppe Salzburg Aigen\" \/>\n<meta property=\"og:description\" content=\"Die wichtigsten Pers\u00f6nlichkeiten der Imkerei und Bienenzucht und deren Arbeiten. Die &quot;Hall of Fame&quot; (Ruhmeshalle) der Imkerschaft. Zusammengestellt von der Imker Ortsgruppe Salzburg Aigen.\" \/>\n<meta property=\"og:url\" content=\"https:\/\/imker-aigen.at\/index.php\/2022\/10\/28\/imker-hall-of-fame\/\" \/>\n<meta property=\"og:site_name\" content=\"Imker Ortsgruppe Salzburg Aigen\" \/>\n<meta property=\"article:published_time\" content=\"2022-10-28T14:17:41+00:00\" \/>\n<meta property=\"article:modified_time\" content=\"2022-12-02T09:37:45+00:00\" \/>\n<meta property=\"og:image\" content=\"https:\/\/imker-aigen.at\/wp-content\/uploads\/2022\/12\/hall_of_fame_450x336.jpg\" \/>\n\t<meta property=\"og:image:width\" content=\"450\" \/>\n\t<meta property=\"og:image:height\" content=\"336\" \/>\n\t<meta property=\"og:image:type\" content=\"image\/jpeg\" \/>\n<meta name=\"author\" content=\"admin\" \/>\n<meta name=\"twitter:card\" content=\"summary_large_image\" \/>\n<meta name=\"twitter:label1\" content=\"Verfasst von\" \/>\n\t<meta name=\"twitter:data1\" content=\"admin\" \/>\n\t<meta name=\"twitter:label2\" content=\"Gesch\u00e4tzte Lesezeit\" \/>\n\t<meta name=\"twitter:data2\" content=\"2\u00a0Minuten\" \/>\n<script type=\"application\/ld+json\" class=\"yoast-schema-graph\">{\"@context\":\"https:\\\/\\\/schema.org\",\"@graph\":[{\"@type\":\"Article\",\"@id\":\"https:\\\/\\\/imker-aigen.at\\\/index.php\\\/2022\\\/10\\\/28\\\/imker-hall-of-fame\\\/#article\",\"isPartOf\":{\"@id\":\"https:\\\/\\\/imker-aigen.at\\\/index.php\\\/2022\\\/10\\\/28\\\/imker-hall-of-fame\\\/\"},\"author\":{\"name\":\"admin\",\"@id\":\"https:\\\/\\\/imker-aigen.at\\\/#\\\/schema\\\/person\\\/d7d0c3a8ef6f051d450781218ac83077\"},\"headline\":\"Ruhmeshalle der Imker\",\"datePublished\":\"2022-10-28T14:17:41+00:00\",\"dateModified\":\"2022-12-02T09:37:45+00:00\",\"mainEntityOfPage\":{\"@id\":\"https:\\\/\\\/imker-aigen.at\\\/index.php\\\/2022\\\/10\\\/28\\\/imker-hall-of-fame\\\/\"},\"wordCount\":655,\"commentCount\":0,\"publisher\":{\"@id\":\"https:\\\/\\\/imker-aigen.at\\\/#organization\"},\"image\":{\"@id\":\"https:\\\/\\\/imker-aigen.at\\\/index.php\\\/2022\\\/10\\\/28\\\/imker-hall-of-fame\\\/#primaryimage\"},\"thumbnailUrl\":\"https:\\\/\\\/imker-aigen.at\\\/wp-content\\\/uploads\\\/2022\\\/12\\\/hall_of_fame_450x336.jpg\",\"articleSection\":[\"Knowledge\"],\"inLanguage\":\"de\",\"potentialAction\":[{\"@type\":\"CommentAction\",\"name\":\"Comment\",\"target\":[\"https:\\\/\\\/imker-aigen.at\\\/index.php\\\/2022\\\/10\\\/28\\\/imker-hall-of-fame\\\/#respond\"]}]},{\"@type\":\"WebPage\",\"@id\":\"https:\\\/\\\/imker-aigen.at\\\/index.php\\\/2022\\\/10\\\/28\\\/imker-hall-of-fame\\\/\",\"url\":\"https:\\\/\\\/imker-aigen.at\\\/index.php\\\/2022\\\/10\\\/28\\\/imker-hall-of-fame\\\/\",\"name\":\"Ruhmeshalle der Imker - Imker Ortsgruppe Salzburg Aigen\",\"isPartOf\":{\"@id\":\"https:\\\/\\\/imker-aigen.at\\\/#website\"},\"primaryImageOfPage\":{\"@id\":\"https:\\\/\\\/imker-aigen.at\\\/index.php\\\/2022\\\/10\\\/28\\\/imker-hall-of-fame\\\/#primaryimage\"},\"image\":{\"@id\":\"https:\\\/\\\/imker-aigen.at\\\/index.php\\\/2022\\\/10\\\/28\\\/imker-hall-of-fame\\\/#primaryimage\"},\"thumbnailUrl\":\"https:\\\/\\\/imker-aigen.at\\\/wp-content\\\/uploads\\\/2022\\\/12\\\/hall_of_fame_450x336.jpg\",\"datePublished\":\"2022-10-28T14:17:41+00:00\",\"dateModified\":\"2022-12-02T09:37:45+00:00\",\"description\":\"Die wichtigsten Pers\u00f6nlichkeiten der Imkerei und Bienenzucht und deren Arbeiten. Die \\\"Hall of Fame\\\" (Ruhmeshalle) der Imkerschaft. Zusammengestellt von der Imker Ortsgruppe Salzburg Aigen.\",\"breadcrumb\":{\"@id\":\"https:\\\/\\\/imker-aigen.at\\\/index.php\\\/2022\\\/10\\\/28\\\/imker-hall-of-fame\\\/#breadcrumb\"},\"inLanguage\":\"de\",\"potentialAction\":[{\"@type\":\"ReadAction\",\"target\":[\"https:\\\/\\\/imker-aigen.at\\\/index.php\\\/2022\\\/10\\\/28\\\/imker-hall-of-fame\\\/\"]}]},{\"@type\":\"ImageObject\",\"inLanguage\":\"de\",\"@id\":\"https:\\\/\\\/imker-aigen.at\\\/index.php\\\/2022\\\/10\\\/28\\\/imker-hall-of-fame\\\/#primaryimage\",\"url\":\"https:\\\/\\\/imker-aigen.at\\\/wp-content\\\/uploads\\\/2022\\\/12\\\/hall_of_fame_450x336.jpg\",\"contentUrl\":\"https:\\\/\\\/imker-aigen.at\\\/wp-content\\\/uploads\\\/2022\\\/12\\\/hall_of_fame_450x336.jpg\",\"width\":450,\"height\":336,\"caption\":\"Ruhmeshalle der Imker\"},{\"@type\":\"BreadcrumbList\",\"@id\":\"https:\\\/\\\/imker-aigen.at\\\/index.php\\\/2022\\\/10\\\/28\\\/imker-hall-of-fame\\\/#breadcrumb\",\"itemListElement\":[{\"@type\":\"ListItem\",\"position\":1,\"name\":\"Startseite\",\"item\":\"https:\\\/\\\/imker-aigen.at\\\/index.php\\\/home\\\/\"},{\"@type\":\"ListItem\",\"position\":2,\"name\":\"Ruhmeshalle der Imker\"}]},{\"@type\":\"WebSite\",\"@id\":\"https:\\\/\\\/imker-aigen.at\\\/#website\",\"url\":\"https:\\\/\\\/imker-aigen.at\\\/\",\"name\":\"Imker Ortsgruppe Salzburg Aigen\",\"description\":\"Homepage der Imker-Ortsgruppe Salzburg Aigen\",\"publisher\":{\"@id\":\"https:\\\/\\\/imker-aigen.at\\\/#organization\"},\"potentialAction\":[{\"@type\":\"SearchAction\",\"target\":{\"@type\":\"EntryPoint\",\"urlTemplate\":\"https:\\\/\\\/imker-aigen.at\\\/?s={search_term_string}\"},\"query-input\":{\"@type\":\"PropertyValueSpecification\",\"valueRequired\":true,\"valueName\":\"search_term_string\"}}],\"inLanguage\":\"de\"},{\"@type\":\"Organization\",\"@id\":\"https:\\\/\\\/imker-aigen.at\\\/#organization\",\"name\":\"Imker Ortsgruppe Salzburg Aigen\",\"url\":\"https:\\\/\\\/imker-aigen.at\\\/\",\"logo\":{\"@type\":\"ImageObject\",\"inLanguage\":\"de\",\"@id\":\"https:\\\/\\\/imker-aigen.at\\\/#\\\/schema\\\/logo\\\/image\\\/\",\"url\":\"https:\\\/\\\/imker-aigen.at\\\/wp-content\\\/uploads\\\/2022\\\/08\\\/logo-1.png\",\"contentUrl\":\"https:\\\/\\\/imker-aigen.at\\\/wp-content\\\/uploads\\\/2022\\\/08\\\/logo-1.png\",\"width\":392,\"height\":156,\"caption\":\"Imker Ortsgruppe Salzburg Aigen\"},\"image\":{\"@id\":\"https:\\\/\\\/imker-aigen.at\\\/#\\\/schema\\\/logo\\\/image\\\/\"}},{\"@type\":\"Person\",\"@id\":\"https:\\\/\\\/imker-aigen.at\\\/#\\\/schema\\\/person\\\/d7d0c3a8ef6f051d450781218ac83077\",\"name\":\"admin\",\"image\":{\"@type\":\"ImageObject\",\"inLanguage\":\"de\",\"@id\":\"https:\\\/\\\/secure.gravatar.com\\\/avatar\\\/925a7e918efd3cfdae29be9c0018a3ae3275cd0444a6e166241172bb6e5243c7?s=96&d=mm&r=g\",\"url\":\"https:\\\/\\\/secure.gravatar.com\\\/avatar\\\/925a7e918efd3cfdae29be9c0018a3ae3275cd0444a6e166241172bb6e5243c7?s=96&d=mm&r=g\",\"contentUrl\":\"https:\\\/\\\/secure.gravatar.com\\\/avatar\\\/925a7e918efd3cfdae29be9c0018a3ae3275cd0444a6e166241172bb6e5243c7?s=96&d=mm&r=g\",\"caption\":\"admin\"},\"sameAs\":[\"https:\\\/\\\/imker-aigen.at\",\"linkedin.com\\\/in\\\/bernd-meierhofer-5919b62\"],\"url\":\"https:\\\/\\\/imker-aigen.at\\\/index.php\\\/author\\\/bmeierhofer\\\/\"}]}<\/script>\n<!-- \/ Yoast SEO plugin. -->","yoast_head_json":{"title":"Ruhmeshalle der Imker - Imker Ortsgruppe Salzburg Aigen","description":"Die wichtigsten Pers\u00f6nlichkeiten der Imkerei und Bienenzucht und deren Arbeiten. Die \"Hall of Fame\" (Ruhmeshalle) der Imkerschaft. Zusammengestellt von der Imker Ortsgruppe Salzburg Aigen.","robots":{"index":"index","follow":"follow","max-snippet":"max-snippet:-1","max-image-preview":"max-image-preview:large","max-video-preview":"max-video-preview:-1"},"canonical":"https:\/\/imker-aigen.at\/index.php\/2022\/10\/28\/imker-hall-of-fame\/","og_locale":"de_DE","og_type":"article","og_title":"Ruhmeshalle der Imker - Imker Ortsgruppe Salzburg Aigen","og_description":"Die wichtigsten Pers\u00f6nlichkeiten der Imkerei und Bienenzucht und deren Arbeiten. Die \"Hall of Fame\" (Ruhmeshalle) der Imkerschaft. Zusammengestellt von der Imker Ortsgruppe Salzburg Aigen.","og_url":"https:\/\/imker-aigen.at\/index.php\/2022\/10\/28\/imker-hall-of-fame\/","og_site_name":"Imker Ortsgruppe Salzburg Aigen","article_published_time":"2022-10-28T14:17:41+00:00","article_modified_time":"2022-12-02T09:37:45+00:00","og_image":[{"width":450,"height":336,"url":"https:\/\/imker-aigen.at\/wp-content\/uploads\/2022\/12\/hall_of_fame_450x336.jpg","type":"image\/jpeg"}],"author":"admin","twitter_card":"summary_large_image","twitter_misc":{"Verfasst von":"admin","Gesch\u00e4tzte Lesezeit":"2\u00a0Minuten"},"schema":{"@context":"https:\/\/schema.org","@graph":[{"@type":"Article","@id":"https:\/\/imker-aigen.at\/index.php\/2022\/10\/28\/imker-hall-of-fame\/#article","isPartOf":{"@id":"https:\/\/imker-aigen.at\/index.php\/2022\/10\/28\/imker-hall-of-fame\/"},"author":{"name":"admin","@id":"https:\/\/imker-aigen.at\/#\/schema\/person\/d7d0c3a8ef6f051d450781218ac83077"},"headline":"Ruhmeshalle der Imker","datePublished":"2022-10-28T14:17:41+00:00","dateModified":"2022-12-02T09:37:45+00:00","mainEntityOfPage":{"@id":"https:\/\/imker-aigen.at\/index.php\/2022\/10\/28\/imker-hall-of-fame\/"},"wordCount":655,"commentCount":0,"publisher":{"@id":"https:\/\/imker-aigen.at\/#organization"},"image":{"@id":"https:\/\/imker-aigen.at\/index.php\/2022\/10\/28\/imker-hall-of-fame\/#primaryimage"},"thumbnailUrl":"https:\/\/imker-aigen.at\/wp-content\/uploads\/2022\/12\/hall_of_fame_450x336.jpg","articleSection":["Knowledge"],"inLanguage":"de","potentialAction":[{"@type":"CommentAction","name":"Comment","target":["https:\/\/imker-aigen.at\/index.php\/2022\/10\/28\/imker-hall-of-fame\/#respond"]}]},{"@type":"WebPage","@id":"https:\/\/imker-aigen.at\/index.php\/2022\/10\/28\/imker-hall-of-fame\/","url":"https:\/\/imker-aigen.at\/index.php\/2022\/10\/28\/imker-hall-of-fame\/","name":"Ruhmeshalle der Imker - Imker Ortsgruppe Salzburg Aigen","isPartOf":{"@id":"https:\/\/imker-aigen.at\/#website"},"primaryImageOfPage":{"@id":"https:\/\/imker-aigen.at\/index.php\/2022\/10\/28\/imker-hall-of-fame\/#primaryimage"},"image":{"@id":"https:\/\/imker-aigen.at\/index.php\/2022\/10\/28\/imker-hall-of-fame\/#primaryimage"},"thumbnailUrl":"https:\/\/imker-aigen.at\/wp-content\/uploads\/2022\/12\/hall_of_fame_450x336.jpg","datePublished":"2022-10-28T14:17:41+00:00","dateModified":"2022-12-02T09:37:45+00:00","description":"Die wichtigsten Pers\u00f6nlichkeiten der Imkerei und Bienenzucht und deren Arbeiten. Die \"Hall of Fame\" (Ruhmeshalle) der Imkerschaft. Zusammengestellt von der Imker Ortsgruppe Salzburg Aigen.","breadcrumb":{"@id":"https:\/\/imker-aigen.at\/index.php\/2022\/10\/28\/imker-hall-of-fame\/#breadcrumb"},"inLanguage":"de","potentialAction":[{"@type":"ReadAction","target":["https:\/\/imker-aigen.at\/index.php\/2022\/10\/28\/imker-hall-of-fame\/"]}]},{"@type":"ImageObject","inLanguage":"de","@id":"https:\/\/imker-aigen.at\/index.php\/2022\/10\/28\/imker-hall-of-fame\/#primaryimage","url":"https:\/\/imker-aigen.at\/wp-content\/uploads\/2022\/12\/hall_of_fame_450x336.jpg","contentUrl":"https:\/\/imker-aigen.at\/wp-content\/uploads\/2022\/12\/hall_of_fame_450x336.jpg","width":450,"height":336,"caption":"Ruhmeshalle der Imker"},{"@type":"BreadcrumbList","@id":"https:\/\/imker-aigen.at\/index.php\/2022\/10\/28\/imker-hall-of-fame\/#breadcrumb","itemListElement":[{"@type":"ListItem","position":1,"name":"Startseite","item":"https:\/\/imker-aigen.at\/index.php\/home\/"},{"@type":"ListItem","position":2,"name":"Ruhmeshalle der Imker"}]},{"@type":"WebSite","@id":"https:\/\/imker-aigen.at\/#website","url":"https:\/\/imker-aigen.at\/","name":"Imker Ortsgruppe Salzburg Aigen","description":"Homepage der Imker-Ortsgruppe Salzburg Aigen","publisher":{"@id":"https:\/\/imker-aigen.at\/#organization"},"potentialAction":[{"@type":"SearchAction","target":{"@type":"EntryPoint","urlTemplate":"https:\/\/imker-aigen.at\/?s={search_term_string}"},"query-input":{"@type":"PropertyValueSpecification","valueRequired":true,"valueName":"search_term_string"}}],"inLanguage":"de"},{"@type":"Organization","@id":"https:\/\/imker-aigen.at\/#organization","name":"Imker Ortsgruppe Salzburg Aigen","url":"https:\/\/imker-aigen.at\/","logo":{"@type":"ImageObject","inLanguage":"de","@id":"https:\/\/imker-aigen.at\/#\/schema\/logo\/image\/","url":"https:\/\/imker-aigen.at\/wp-content\/uploads\/2022\/08\/logo-1.png","contentUrl":"https:\/\/imker-aigen.at\/wp-content\/uploads\/2022\/08\/logo-1.png","width":392,"height":156,"caption":"Imker Ortsgruppe Salzburg Aigen"},"image":{"@id":"https:\/\/imker-aigen.at\/#\/schema\/logo\/image\/"}},{"@type":"Person","@id":"https:\/\/imker-aigen.at\/#\/schema\/person\/d7d0c3a8ef6f051d450781218ac83077","name":"admin","image":{"@type":"ImageObject","inLanguage":"de","@id":"https:\/\/secure.gravatar.com\/avatar\/925a7e918efd3cfdae29be9c0018a3ae3275cd0444a6e166241172bb6e5243c7?s=96&d=mm&r=g","url":"https:\/\/secure.gravatar.com\/avatar\/925a7e918efd3cfdae29be9c0018a3ae3275cd0444a6e166241172bb6e5243c7?s=96&d=mm&r=g","contentUrl":"https:\/\/secure.gravatar.com\/avatar\/925a7e918efd3cfdae29be9c0018a3ae3275cd0444a6e166241172bb6e5243c7?s=96&d=mm&r=g","caption":"admin"},"sameAs":["https:\/\/imker-aigen.at","linkedin.com\/in\/bernd-meierhofer-5919b62"],"url":"https:\/\/imker-aigen.at\/index.php\/author\/bmeierhofer\/"}]}},"_links":{"self":[{"href":"https:\/\/imker-aigen.at\/index.php\/wp-json\/wp\/v2\/posts\/1971","targetHints":{"allow":["GET"]}}],"collection":[{"href":"https:\/\/imker-aigen.at\/index.php\/wp-json\/wp\/v2\/posts"}],"about":[{"href":"https:\/\/imker-aigen.at\/index.php\/wp-json\/wp\/v2\/types\/post"}],"author":[{"embeddable":true,"href":"https:\/\/imker-aigen.at\/index.php\/wp-json\/wp\/v2\/users\/1"}],"replies":[{"embeddable":true,"href":"https:\/\/imker-aigen.at\/index.php\/wp-json\/wp\/v2\/comments?post=1971"}],"version-history":[{"count":14,"href":"https:\/\/imker-aigen.at\/index.php\/wp-json\/wp\/v2\/posts\/1971\/revisions"}],"predecessor-version":[{"id":2119,"href":"https:\/\/imker-aigen.at\/index.php\/wp-json\/wp\/v2\/posts\/1971\/revisions\/2119"}],"wp:featuredmedia":[{"embeddable":true,"href":"https:\/\/imker-aigen.at\/index.php\/wp-json\/wp\/v2\/media\/2294"}],"wp:attachment":[{"href":"https:\/\/imker-aigen.at\/index.php\/wp-json\/wp\/v2\/media?parent=1971"}],"wp:term":[{"taxonomy":"category","embeddable":true,"href":"https:\/\/imker-aigen.at\/index.php\/wp-json\/wp\/v2\/categories?post=1971"},{"taxonomy":"post_tag","embeddable":true,"href":"https:\/\/imker-aigen.at\/index.php\/wp-json\/wp\/v2\/tags?post=1971"}],"curies":[{"name":"wp","href":"https:\/\/api.w.org\/{rel}","templated":true}]}}