{"id":2315,"date":"2022-12-06T09:23:10","date_gmt":"2022-12-06T08:23:10","guid":{"rendered":"https:\/\/imker-aigen.at\/?p=2315"},"modified":"2023-09-18T13:48:05","modified_gmt":"2023-09-18T11:48:05","slug":"weihnachtsmarkt-in-elsbethen","status":"publish","type":"post","link":"https:\/\/imker-aigen.at\/index.php\/2022\/12\/06\/weihnachtsmarkt-in-elsbethen\/","title":{"rendered":"Adventmarkt 2022 in Elsbethen"},"content":{"rendered":"<div  class='flex_column av-6epqez-4414c7387d1394b69ab25cdea4a5bd54 av_one_full  avia-builder-el-0  el_before_av_hr  avia-builder-el-first  first flex_column_div  '     ><p>\n<style type=\"text\/css\" data-created_by=\"avia_inline_auto\" id=\"style-css-av-lbdhl0se-2de4ce8360c60b91bfdfd43bbfc4b189\">\n#top .av-special-heading.av-lbdhl0se-2de4ce8360c60b91bfdfd43bbfc4b189{\npadding-bottom:10px;\n}\nbody .av-special-heading.av-lbdhl0se-2de4ce8360c60b91bfdfd43bbfc4b189 .av-special-heading-tag .heading-char{\nfont-size:25px;\n}\n.av-special-heading.av-lbdhl0se-2de4ce8360c60b91bfdfd43bbfc4b189 .av-subheading{\nfont-size:15px;\n}\n<\/style>\n<div  class='av-special-heading av-lbdhl0se-2de4ce8360c60b91bfdfd43bbfc4b189 av-special-heading-h1 blockquote modern-quote modern-centered  avia-builder-el-1  el_before_av_textblock  avia-builder-el-first '><h1 class='av-special-heading-tag '  itemprop=\"headline\"  >Adventmarkt 2022 &#8211; Res\u00fcmee<\/h1><div class=\"special-heading-border\"><div class=\"special-heading-inner-border\"><\/div><\/div><\/div><br \/>\n<section  class='av_textblock_section av-lbbyew6r-1f9ad672999e1bcf2782101b14388fa0 '   itemscope=\"itemscope\" itemtype=\"https:\/\/schema.org\/BlogPosting\" itemprop=\"blogPost\" ><div class='avia_textblock'  itemprop=\"text\" ><div class=\"gmail_quote\">Nach der langen Corona-Pause war es f\u00fcr uns eine besonders gro\u00dfe Freude wieder am Adventmarkt in Elsbethen mit einem eigenen Stand vertreten zu sein.<\/div>\n<div><\/div>\n<div class=\"gmail_quote\">Beide Samstage (26.11 und 3.12) waren sehr gut besucht.<\/div>\n<h3><\/h3>\n<h3>Produktsortiment 2022<\/h3>\n<div class=\"gmail_quote\">Dieses Jahr konnten wir ein besonders gro\u00dfes Produktsortiment anbieten. Neben dem Getr\u00e4nkeverkauf von Gl\u00fchmet und Honigbier gab es auch:<\/div>\n<div><\/div>\n<div><\/div>\n<ul>\n<li class=\"gmail_quote\">Lebkuchen<\/li>\n<li class=\"gmail_quote\">diverse Bienenwachskerzen<\/li>\n<li class=\"gmail_quote\">Honig<\/li>\n<li class=\"gmail_quote\">Honigschnaps<\/li>\n<li class=\"gmail_quote\">Honiglik\u00f6r<\/li>\n<li class=\"gmail_quote\">Honigkekse<\/li>\n<li class=\"gmail_quote\">Essig<\/li>\n<li class=\"gmail_quote\">Oxymel<\/li>\n<li class=\"gmail_quote\">Met<\/li>\n<li class=\"gmail_quote\">Propolistropfen<\/li>\n<li class=\"gmail_quote\">Honig- und Propolis-Zuckerl<\/li>\n<li class=\"gmail_quote\">Lippenbalsam<\/li>\n<li class=\"gmail_quote\">diverse B\u00fccher \u00fcber die Bienen und die Imkerei<\/li>\n<li class=\"gmail_quote\">Nudeln<\/li>\n<\/ul>\n<p>Der Gl\u00fchmet nach Paulis Spezialrezept war bereits bei vielen Besuchern bekannt. Aber auch dieses Jahr konnten wir wieder neue Gl\u00fchmet-Fans gewinnen. \u00dcberrascht waren wir vom Oxymel-Verkauf. Oxymel erfreut sich zunehmender Bekanntheit und Beliebtheit.<\/p>\n<h2><strong>Fazit:<\/strong><\/h2>\n<p>Der Adventmarkt in Elsbethen war auch dieses Jahr wieder sehr nett und stimmungsvoll. Es hat uns wieder viel Freude bereitet, dabei gewesen zu sein!<\/p>\n<p>Danken m\u00f6chten wir neben den vielen Besuchern auch den Imkern der \u00fcbrigen Salzburger Imker-Ortsgruppen. Auch sie haben uns dieses Jahr wieder zahlreich besucht.<\/p>\n<p>Letztendlich freuen wir uns, dass wir eine kleine Spende dem <a href=\"https:\/\/www.elsbethen.info\/\">Tourismusverband Elsbethen<\/a> f\u00fcr karitative Zwecke \u00fcbergeben, einen kleinen Betrag f\u00fcr den Verein erwirtschaften und die Bekanntheit unseres Vereins steigern konnten.<\/p>\n<p>Sollten wir bei der einen oder anderen Besucherin \/ dem einen oder anderen Besucher das Interesse an unserem Verein geweckt haben, freuen wir uns auch \u00fcber Besuch bei einem unserer n\u00e4chsten Stammtische (siehe <a href=\"https:\/\/imker-aigen.at\/index.php\/events\/\">Veranstaltungskalender<\/a>).<\/p>\n<p>Gerne stellen wir auch die Kontakte im Verein f\u00fcr den Verkauf der diversen Imkereiprodukte her bzw. wenn zus\u00e4tzliche Informationen zu den Imkereiprodukten ben\u00f6tigt werden.<\/p>\n<\/div><\/section><br \/>\n\n<style type=\"text\/css\" data-created_by=\"avia_inline_auto\" id=\"style-css-av-lbbzp2ul-67c18c49669531f5b623a2e6b3f850ae\">\n#top .hr.hr-invisible.av-lbbzp2ul-67c18c49669531f5b623a2e6b3f850ae{\nheight:20px;\n}\n<\/style>\n<div  class='hr av-lbbzp2ul-67c18c49669531f5b623a2e6b3f850ae hr-invisible  avia-builder-el-3  el_after_av_textblock  el_before_av_image '><span class='hr-inner '><span class=\"hr-inner-style\"><\/span><\/span><\/div><br \/>\n\n<style type=\"text\/css\" data-created_by=\"avia_inline_auto\" id=\"style-css-av-lbbyom98-af467ed4c34fd94472c3e7af4493836a\">\n.avia-image-container.av-lbbyom98-af467ed4c34fd94472c3e7af4493836a img.avia_image{\nbox-shadow:none;\n}\n.avia-image-container.av-lbbyom98-af467ed4c34fd94472c3e7af4493836a .av-image-caption-overlay-center{\ncolor:#ffffff;\n}\n<\/style>\n<div  class='avia-image-container av-lbbyom98-af467ed4c34fd94472c3e7af4493836a av-styling- avia-align-center  avia-builder-el-4  el_after_av_hr  el_before_av_hr '   itemprop=\"image\" itemscope=\"itemscope\" itemtype=\"https:\/\/schema.org\/ImageObject\" ><div class=\"avia-image-container-inner\"><div class=\"avia-image-overlay-wrap\"><img decoding=\"async\" fetchpriority=\"high\" class='wp-image-2318 avia-img-lazy-loading-not-2318 avia_image ' src=\"https:\/\/imker-aigen.at\/wp-content\/uploads\/2022\/12\/adventmarkt2022_3.jpg\" alt='Adventmarkt 2022' title='Adventmarkt 2022'  height=\"750\" width=\"1000\"  itemprop=\"thumbnailUrl\" srcset=\"https:\/\/imker-aigen.at\/wp-content\/uploads\/2022\/12\/adventmarkt2022_3.jpg 1000w, https:\/\/imker-aigen.at\/wp-content\/uploads\/2022\/12\/adventmarkt2022_3-300x225.jpg 300w, https:\/\/imker-aigen.at\/wp-content\/uploads\/2022\/12\/adventmarkt2022_3-768x576.jpg 768w, https:\/\/imker-aigen.at\/wp-content\/uploads\/2022\/12\/adventmarkt2022_3-705x529.jpg 705w\" sizes=\"(max-width: 1000px) 100vw, 1000px\" \/><\/div><\/div><\/div><br \/>\n\n<style type=\"text\/css\" data-created_by=\"avia_inline_auto\" id=\"style-css-av-lbbzpj4e-6f2f2939c1ea02ef7c237e0556c929f1\">\n#top .hr.hr-invisible.av-lbbzpj4e-6f2f2939c1ea02ef7c237e0556c929f1{\nheight:20px;\n}\n<\/style>\n<div  class='hr av-lbbzpj4e-6f2f2939c1ea02ef7c237e0556c929f1 hr-invisible  avia-builder-el-5  el_after_av_image  el_before_av_textblock '><span class='hr-inner '><span class=\"hr-inner-style\"><\/span><\/span><\/div><br \/>\n<section  class='av_textblock_section av-lbbzomf1-f6fd9e45166b1f73e57905926d6bac1d '   itemscope=\"itemscope\" itemtype=\"https:\/\/schema.org\/BlogPosting\" itemprop=\"blogPost\" ><div class='avia_textblock'  itemprop=\"text\" ><p>Ein herzliches &#8222;Vergelt&#8217;s Gott&#8220; auch an unsere Vereinsmitglieder, welche ihre Produkte zur Verf\u00fcgung gestellt haben bzw. mit Rat und Tat unseren Adventmarkt unterst\u00fctzt und getragen haben!<\/p>\n<\/div><\/section><br \/>\n<div  class='av-social-sharing-box av-dtqgb-f715f83c3e044ec7d0cfccb1a81a26ac av-social-sharing-box-default  avia-builder-el-7  el_after_av_textblock  el_before_av_comments_list  av-social-sharing-box-fullwidth'><div class=\"av-share-box\"><h5 class='av-share-link-description av-no-toc '>Eintrag teilen<\/h5><ul class=\"av-share-box-list noLightbox\"><li class='av-share-link av-social-link-facebook avia_social_iconfont' ><a target=\"_blank\" aria-label=\"Teilen auf Facebook\" href='https:\/\/www.facebook.com\/sharer.php?u=https:\/\/imker-aigen.at\/index.php\/2022\/12\/06\/weihnachtsmarkt-in-elsbethen\/&#038;t=Adventmarkt%202022%20in%20Elsbethen' data-av_icon='\ue8f3' data-av_iconfont='entypo-fontello'  title='' data-avia-related-tooltip='Teilen auf Facebook'><span class='avia_hidden_link_text'>Teilen auf Facebook<\/span><\/a><\/li><li class='av-share-link av-social-link-twitter avia_social_iconfont' ><a target=\"_blank\" aria-label=\"Teilen auf X\" href='https:\/\/twitter.com\/share?text=Adventmarkt%202022%20in%20Elsbethen&#038;url=https:\/\/imker-aigen.at\/?p=2315' data-av_icon='\ue932' data-av_iconfont='entypo-fontello'  title='' data-avia-related-tooltip='Teilen auf X'><span class='avia_hidden_link_text'>Teilen auf X<\/span><\/a><\/li><li class='av-share-link av-social-link-whatsapp avia_social_iconfont' ><a target=\"_blank\" aria-label=\"Teilen auf WhatsApp\" href='https:\/\/api.whatsapp.com\/send?text=https:\/\/imker-aigen.at\/index.php\/2022\/12\/06\/weihnachtsmarkt-in-elsbethen\/' data-av_icon='\uf232' data-av_iconfont='entypo-fontello'  title='' data-avia-related-tooltip='Teilen auf WhatsApp'><span class='avia_hidden_link_text'>Teilen auf WhatsApp<\/span><\/a><\/li><li class='av-share-link av-social-link-pinterest avia_social_iconfont' ><a target=\"_blank\" aria-label=\"Teilen auf Pinterest\" href='https:\/\/pinterest.com\/pin\/create\/button\/?url=https%3A%2F%2Fimker-aigen.at%2Findex.php%2F2022%2F12%2F06%2Fweihnachtsmarkt-in-elsbethen%2F&#038;description=Adventmarkt%202022%20in%20Elsbethen&#038;media=https%3A%2F%2Fimker-aigen.at%2Fwp-content%2Fuploads%2F2022%2F12%2Fadventmarkt2022_3-705x529.jpg' data-av_icon='\ue8f8' data-av_iconfont='entypo-fontello'  title='' data-avia-related-tooltip='Teilen auf Pinterest'><span class='avia_hidden_link_text'>Teilen auf Pinterest<\/span><\/a><\/li><li class='av-share-link av-social-link-linkedin avia_social_iconfont' ><a target=\"_blank\" aria-label=\"Teilen auf LinkedIn\" href='https:\/\/linkedin.com\/shareArticle?mini=true&#038;title=Adventmarkt%202022%20in%20Elsbethen&#038;url=https:\/\/imker-aigen.at\/index.php\/2022\/12\/06\/weihnachtsmarkt-in-elsbethen\/' data-av_icon='\ue8fc' data-av_iconfont='entypo-fontello'  title='' data-avia-related-tooltip='Teilen auf LinkedIn'><span class='avia_hidden_link_text'>Teilen auf LinkedIn<\/span><\/a><\/li><li class='av-share-link av-social-link-reddit avia_social_iconfont' ><a target=\"_blank\" aria-label=\"Teilen auf Reddit\" href='https:\/\/reddit.com\/submit?url=https:\/\/imker-aigen.at\/index.php\/2022\/12\/06\/weihnachtsmarkt-in-elsbethen\/&#038;title=Adventmarkt%202022%20in%20Elsbethen' data-av_icon='\ue927' data-av_iconfont='entypo-fontello'  title='' data-avia-related-tooltip='Teilen auf Reddit'><span class='avia_hidden_link_text'>Teilen auf Reddit<\/span><\/a><\/li><li class='av-share-link av-social-link-mail avia_social_iconfont' ><a  aria-label=\"Per E-Mail teilen\" href='mailto:?subject=Adventmarkt%202022%20in%20Elsbethen&#038;body=https:\/\/imker-aigen.at\/index.php\/2022\/12\/06\/weihnachtsmarkt-in-elsbethen\/' data-av_icon='\ue805' data-av_iconfont='entypo-fontello'  title='' data-avia-related-tooltip='Per E-Mail teilen'><span class='avia_hidden_link_text'>Per E-Mail teilen<\/span><\/a><\/li><\/ul><\/div><\/div><br \/>\n<div  class='av-buildercomment av-2th64r-dc21cf1a92c4fadd8f08a7f43bcba8c7'><\/div><\/p><\/div><div  class='hr av-2l2yi3-e1f97ac25212b579cf916f8308e841fb hr-default  avia-builder-el-9  el_after_av_one_full  avia-builder-el-last '><span class='hr-inner '><span class=\"hr-inner-style\"><\/span><\/span><\/div><\/p>\n","protected":false},"excerpt":{"rendered":"","protected":false},"author":1,"featured_media":2318,"comment_status":"open","ping_status":"closed","sticky":false,"template":"","format":"standard","meta":{"footnotes":""},"categories":[18],"tags":[22],"class_list":["post-2315","post","type-post","status-publish","format-standard","has-post-thumbnail","hentry","category-alte-veranstaltungen","tag-adventmarkt"],"yoast_head":"<!-- This site is optimized with the Yoast SEO plugin v27.4 - https:\/\/yoast.com\/product\/yoast-seo-wordpress\/ -->\n<title>Adventmarkt 2022 in Elsbethen - Imker Ortsgruppe Salzburg Aigen<\/title>\n<meta name=\"description\" content=\"Ein kurzes Res\u00fcmee zu unserer Teilnahme beim Adventmarkt 2022 in Elsbethen.\" \/>\n<meta name=\"robots\" content=\"index, follow, max-snippet:-1, max-image-preview:large, max-video-preview:-1\" \/>\n<link rel=\"canonical\" href=\"https:\/\/imker-aigen.at\/index.php\/2022\/12\/06\/weihnachtsmarkt-in-elsbethen\/\" \/>\n<meta property=\"og:locale\" content=\"de_DE\" \/>\n<meta property=\"og:type\" content=\"article\" \/>\n<meta property=\"og:title\" content=\"Adventmarkt 2022 in Elsbethen - Imker Ortsgruppe Salzburg Aigen\" \/>\n<meta property=\"og:description\" content=\"Ein kurzes Res\u00fcmee zu unserer Teilnahme beim Adventmarkt 2022 in Elsbethen.\" \/>\n<meta property=\"og:url\" content=\"https:\/\/imker-aigen.at\/index.php\/2022\/12\/06\/weihnachtsmarkt-in-elsbethen\/\" \/>\n<meta property=\"og:site_name\" content=\"Imker Ortsgruppe Salzburg Aigen\" \/>\n<meta property=\"article:published_time\" content=\"2022-12-06T08:23:10+00:00\" \/>\n<meta property=\"article:modified_time\" content=\"2023-09-18T11:48:05+00:00\" \/>\n<meta property=\"og:image\" content=\"https:\/\/imker-aigen.at\/wp-content\/uploads\/2022\/12\/adventmarkt2022_3.jpg\" \/>\n\t<meta property=\"og:image:width\" content=\"1000\" \/>\n\t<meta property=\"og:image:height\" content=\"750\" \/>\n\t<meta property=\"og:image:type\" content=\"image\/jpeg\" \/>\n<meta name=\"author\" content=\"admin\" \/>\n<meta name=\"twitter:card\" content=\"summary_large_image\" \/>\n<meta name=\"twitter:label1\" content=\"Verfasst von\" \/>\n\t<meta name=\"twitter:data1\" content=\"admin\" \/>\n\t<meta name=\"twitter:label2\" content=\"Gesch\u00e4tzte Lesezeit\" \/>\n\t<meta name=\"twitter:data2\" content=\"4\u00a0Minuten\" \/>\n<script type=\"application\/ld+json\" class=\"yoast-schema-graph\">{\"@context\":\"https:\\\/\\\/schema.org\",\"@graph\":[{\"@type\":\"Article\",\"@id\":\"https:\\\/\\\/imker-aigen.at\\\/index.php\\\/2022\\\/12\\\/06\\\/weihnachtsmarkt-in-elsbethen\\\/#article\",\"isPartOf\":{\"@id\":\"https:\\\/\\\/imker-aigen.at\\\/index.php\\\/2022\\\/12\\\/06\\\/weihnachtsmarkt-in-elsbethen\\\/\"},\"author\":{\"name\":\"admin\",\"@id\":\"https:\\\/\\\/imker-aigen.at\\\/#\\\/schema\\\/person\\\/d7d0c3a8ef6f051d450781218ac83077\"},\"headline\":\"Adventmarkt 2022 in Elsbethen\",\"datePublished\":\"2022-12-06T08:23:10+00:00\",\"dateModified\":\"2023-09-18T11:48:05+00:00\",\"mainEntityOfPage\":{\"@id\":\"https:\\\/\\\/imker-aigen.at\\\/index.php\\\/2022\\\/12\\\/06\\\/weihnachtsmarkt-in-elsbethen\\\/\"},\"wordCount\":1307,\"commentCount\":2,\"publisher\":{\"@id\":\"https:\\\/\\\/imker-aigen.at\\\/#organization\"},\"image\":{\"@id\":\"https:\\\/\\\/imker-aigen.at\\\/index.php\\\/2022\\\/12\\\/06\\\/weihnachtsmarkt-in-elsbethen\\\/#primaryimage\"},\"thumbnailUrl\":\"https:\\\/\\\/imker-aigen.at\\\/wp-content\\\/uploads\\\/2022\\\/12\\\/adventmarkt2022_3.jpg\",\"keywords\":[\"Adventmarkt\"],\"articleSection\":[\"Alte Veranstaltungen\"],\"inLanguage\":\"de\",\"potentialAction\":[{\"@type\":\"CommentAction\",\"name\":\"Comment\",\"target\":[\"https:\\\/\\\/imker-aigen.at\\\/index.php\\\/2022\\\/12\\\/06\\\/weihnachtsmarkt-in-elsbethen\\\/#respond\"]}]},{\"@type\":\"WebPage\",\"@id\":\"https:\\\/\\\/imker-aigen.at\\\/index.php\\\/2022\\\/12\\\/06\\\/weihnachtsmarkt-in-elsbethen\\\/\",\"url\":\"https:\\\/\\\/imker-aigen.at\\\/index.php\\\/2022\\\/12\\\/06\\\/weihnachtsmarkt-in-elsbethen\\\/\",\"name\":\"Adventmarkt 2022 in Elsbethen - Imker Ortsgruppe Salzburg Aigen\",\"isPartOf\":{\"@id\":\"https:\\\/\\\/imker-aigen.at\\\/#website\"},\"primaryImageOfPage\":{\"@id\":\"https:\\\/\\\/imker-aigen.at\\\/index.php\\\/2022\\\/12\\\/06\\\/weihnachtsmarkt-in-elsbethen\\\/#primaryimage\"},\"image\":{\"@id\":\"https:\\\/\\\/imker-aigen.at\\\/index.php\\\/2022\\\/12\\\/06\\\/weihnachtsmarkt-in-elsbethen\\\/#primaryimage\"},\"thumbnailUrl\":\"https:\\\/\\\/imker-aigen.at\\\/wp-content\\\/uploads\\\/2022\\\/12\\\/adventmarkt2022_3.jpg\",\"datePublished\":\"2022-12-06T08:23:10+00:00\",\"dateModified\":\"2023-09-18T11:48:05+00:00\",\"description\":\"Ein kurzes Res\u00fcmee zu unserer Teilnahme beim Adventmarkt 2022 in Elsbethen.\",\"breadcrumb\":{\"@id\":\"https:\\\/\\\/imker-aigen.at\\\/index.php\\\/2022\\\/12\\\/06\\\/weihnachtsmarkt-in-elsbethen\\\/#breadcrumb\"},\"inLanguage\":\"de\",\"potentialAction\":[{\"@type\":\"ReadAction\",\"target\":[\"https:\\\/\\\/imker-aigen.at\\\/index.php\\\/2022\\\/12\\\/06\\\/weihnachtsmarkt-in-elsbethen\\\/\"]}]},{\"@type\":\"ImageObject\",\"inLanguage\":\"de\",\"@id\":\"https:\\\/\\\/imker-aigen.at\\\/index.php\\\/2022\\\/12\\\/06\\\/weihnachtsmarkt-in-elsbethen\\\/#primaryimage\",\"url\":\"https:\\\/\\\/imker-aigen.at\\\/wp-content\\\/uploads\\\/2022\\\/12\\\/adventmarkt2022_3.jpg\",\"contentUrl\":\"https:\\\/\\\/imker-aigen.at\\\/wp-content\\\/uploads\\\/2022\\\/12\\\/adventmarkt2022_3.jpg\",\"width\":1000,\"height\":750,\"caption\":\"Adventmarkt 2022\"},{\"@type\":\"BreadcrumbList\",\"@id\":\"https:\\\/\\\/imker-aigen.at\\\/index.php\\\/2022\\\/12\\\/06\\\/weihnachtsmarkt-in-elsbethen\\\/#breadcrumb\",\"itemListElement\":[{\"@type\":\"ListItem\",\"position\":1,\"name\":\"Startseite\",\"item\":\"https:\\\/\\\/imker-aigen.at\\\/index.php\\\/home\\\/\"},{\"@type\":\"ListItem\",\"position\":2,\"name\":\"Adventmarkt 2022 in Elsbethen\"}]},{\"@type\":\"WebSite\",\"@id\":\"https:\\\/\\\/imker-aigen.at\\\/#website\",\"url\":\"https:\\\/\\\/imker-aigen.at\\\/\",\"name\":\"Imker Ortsgruppe Salzburg Aigen\",\"description\":\"Homepage der Imker-Ortsgruppe Salzburg Aigen\",\"publisher\":{\"@id\":\"https:\\\/\\\/imker-aigen.at\\\/#organization\"},\"potentialAction\":[{\"@type\":\"SearchAction\",\"target\":{\"@type\":\"EntryPoint\",\"urlTemplate\":\"https:\\\/\\\/imker-aigen.at\\\/?s={search_term_string}\"},\"query-input\":{\"@type\":\"PropertyValueSpecification\",\"valueRequired\":true,\"valueName\":\"search_term_string\"}}],\"inLanguage\":\"de\"},{\"@type\":\"Organization\",\"@id\":\"https:\\\/\\\/imker-aigen.at\\\/#organization\",\"name\":\"Imker Ortsgruppe Salzburg Aigen\",\"url\":\"https:\\\/\\\/imker-aigen.at\\\/\",\"logo\":{\"@type\":\"ImageObject\",\"inLanguage\":\"de\",\"@id\":\"https:\\\/\\\/imker-aigen.at\\\/#\\\/schema\\\/logo\\\/image\\\/\",\"url\":\"https:\\\/\\\/imker-aigen.at\\\/wp-content\\\/uploads\\\/2022\\\/08\\\/logo-1.png\",\"contentUrl\":\"https:\\\/\\\/imker-aigen.at\\\/wp-content\\\/uploads\\\/2022\\\/08\\\/logo-1.png\",\"width\":392,\"height\":156,\"caption\":\"Imker Ortsgruppe Salzburg Aigen\"},\"image\":{\"@id\":\"https:\\\/\\\/imker-aigen.at\\\/#\\\/schema\\\/logo\\\/image\\\/\"}},{\"@type\":\"Person\",\"@id\":\"https:\\\/\\\/imker-aigen.at\\\/#\\\/schema\\\/person\\\/d7d0c3a8ef6f051d450781218ac83077\",\"name\":\"admin\",\"image\":{\"@type\":\"ImageObject\",\"inLanguage\":\"de\",\"@id\":\"https:\\\/\\\/secure.gravatar.com\\\/avatar\\\/925a7e918efd3cfdae29be9c0018a3ae3275cd0444a6e166241172bb6e5243c7?s=96&d=mm&r=g\",\"url\":\"https:\\\/\\\/secure.gravatar.com\\\/avatar\\\/925a7e918efd3cfdae29be9c0018a3ae3275cd0444a6e166241172bb6e5243c7?s=96&d=mm&r=g\",\"contentUrl\":\"https:\\\/\\\/secure.gravatar.com\\\/avatar\\\/925a7e918efd3cfdae29be9c0018a3ae3275cd0444a6e166241172bb6e5243c7?s=96&d=mm&r=g\",\"caption\":\"admin\"},\"sameAs\":[\"https:\\\/\\\/imker-aigen.at\",\"linkedin.com\\\/in\\\/bernd-meierhofer-5919b62\"],\"url\":\"https:\\\/\\\/imker-aigen.at\\\/index.php\\\/author\\\/bmeierhofer\\\/\"}]}<\/script>\n<!-- \/ Yoast SEO plugin. -->","yoast_head_json":{"title":"Adventmarkt 2022 in Elsbethen - Imker Ortsgruppe Salzburg Aigen","description":"Ein kurzes Res\u00fcmee zu unserer Teilnahme beim Adventmarkt 2022 in Elsbethen.","robots":{"index":"index","follow":"follow","max-snippet":"max-snippet:-1","max-image-preview":"max-image-preview:large","max-video-preview":"max-video-preview:-1"},"canonical":"https:\/\/imker-aigen.at\/index.php\/2022\/12\/06\/weihnachtsmarkt-in-elsbethen\/","og_locale":"de_DE","og_type":"article","og_title":"Adventmarkt 2022 in Elsbethen - Imker Ortsgruppe Salzburg Aigen","og_description":"Ein kurzes Res\u00fcmee zu unserer Teilnahme beim Adventmarkt 2022 in Elsbethen.","og_url":"https:\/\/imker-aigen.at\/index.php\/2022\/12\/06\/weihnachtsmarkt-in-elsbethen\/","og_site_name":"Imker Ortsgruppe Salzburg Aigen","article_published_time":"2022-12-06T08:23:10+00:00","article_modified_time":"2023-09-18T11:48:05+00:00","og_image":[{"width":1000,"height":750,"url":"https:\/\/imker-aigen.at\/wp-content\/uploads\/2022\/12\/adventmarkt2022_3.jpg","type":"image\/jpeg"}],"author":"admin","twitter_card":"summary_large_image","twitter_misc":{"Verfasst von":"admin","Gesch\u00e4tzte Lesezeit":"4\u00a0Minuten"},"schema":{"@context":"https:\/\/schema.org","@graph":[{"@type":"Article","@id":"https:\/\/imker-aigen.at\/index.php\/2022\/12\/06\/weihnachtsmarkt-in-elsbethen\/#article","isPartOf":{"@id":"https:\/\/imker-aigen.at\/index.php\/2022\/12\/06\/weihnachtsmarkt-in-elsbethen\/"},"author":{"name":"admin","@id":"https:\/\/imker-aigen.at\/#\/schema\/person\/d7d0c3a8ef6f051d450781218ac83077"},"headline":"Adventmarkt 2022 in Elsbethen","datePublished":"2022-12-06T08:23:10+00:00","dateModified":"2023-09-18T11:48:05+00:00","mainEntityOfPage":{"@id":"https:\/\/imker-aigen.at\/index.php\/2022\/12\/06\/weihnachtsmarkt-in-elsbethen\/"},"wordCount":1307,"commentCount":2,"publisher":{"@id":"https:\/\/imker-aigen.at\/#organization"},"image":{"@id":"https:\/\/imker-aigen.at\/index.php\/2022\/12\/06\/weihnachtsmarkt-in-elsbethen\/#primaryimage"},"thumbnailUrl":"https:\/\/imker-aigen.at\/wp-content\/uploads\/2022\/12\/adventmarkt2022_3.jpg","keywords":["Adventmarkt"],"articleSection":["Alte Veranstaltungen"],"inLanguage":"de","potentialAction":[{"@type":"CommentAction","name":"Comment","target":["https:\/\/imker-aigen.at\/index.php\/2022\/12\/06\/weihnachtsmarkt-in-elsbethen\/#respond"]}]},{"@type":"WebPage","@id":"https:\/\/imker-aigen.at\/index.php\/2022\/12\/06\/weihnachtsmarkt-in-elsbethen\/","url":"https:\/\/imker-aigen.at\/index.php\/2022\/12\/06\/weihnachtsmarkt-in-elsbethen\/","name":"Adventmarkt 2022 in Elsbethen - Imker Ortsgruppe Salzburg Aigen","isPartOf":{"@id":"https:\/\/imker-aigen.at\/#website"},"primaryImageOfPage":{"@id":"https:\/\/imker-aigen.at\/index.php\/2022\/12\/06\/weihnachtsmarkt-in-elsbethen\/#primaryimage"},"image":{"@id":"https:\/\/imker-aigen.at\/index.php\/2022\/12\/06\/weihnachtsmarkt-in-elsbethen\/#primaryimage"},"thumbnailUrl":"https:\/\/imker-aigen.at\/wp-content\/uploads\/2022\/12\/adventmarkt2022_3.jpg","datePublished":"2022-12-06T08:23:10+00:00","dateModified":"2023-09-18T11:48:05+00:00","description":"Ein kurzes Res\u00fcmee zu unserer Teilnahme beim Adventmarkt 2022 in Elsbethen.","breadcrumb":{"@id":"https:\/\/imker-aigen.at\/index.php\/2022\/12\/06\/weihnachtsmarkt-in-elsbethen\/#breadcrumb"},"inLanguage":"de","potentialAction":[{"@type":"ReadAction","target":["https:\/\/imker-aigen.at\/index.php\/2022\/12\/06\/weihnachtsmarkt-in-elsbethen\/"]}]},{"@type":"ImageObject","inLanguage":"de","@id":"https:\/\/imker-aigen.at\/index.php\/2022\/12\/06\/weihnachtsmarkt-in-elsbethen\/#primaryimage","url":"https:\/\/imker-aigen.at\/wp-content\/uploads\/2022\/12\/adventmarkt2022_3.jpg","contentUrl":"https:\/\/imker-aigen.at\/wp-content\/uploads\/2022\/12\/adventmarkt2022_3.jpg","width":1000,"height":750,"caption":"Adventmarkt 2022"},{"@type":"BreadcrumbList","@id":"https:\/\/imker-aigen.at\/index.php\/2022\/12\/06\/weihnachtsmarkt-in-elsbethen\/#breadcrumb","itemListElement":[{"@type":"ListItem","position":1,"name":"Startseite","item":"https:\/\/imker-aigen.at\/index.php\/home\/"},{"@type":"ListItem","position":2,"name":"Adventmarkt 2022 in Elsbethen"}]},{"@type":"WebSite","@id":"https:\/\/imker-aigen.at\/#website","url":"https:\/\/imker-aigen.at\/","name":"Imker Ortsgruppe Salzburg Aigen","description":"Homepage der Imker-Ortsgruppe Salzburg Aigen","publisher":{"@id":"https:\/\/imker-aigen.at\/#organization"},"potentialAction":[{"@type":"SearchAction","target":{"@type":"EntryPoint","urlTemplate":"https:\/\/imker-aigen.at\/?s={search_term_string}"},"query-input":{"@type":"PropertyValueSpecification","valueRequired":true,"valueName":"search_term_string"}}],"inLanguage":"de"},{"@type":"Organization","@id":"https:\/\/imker-aigen.at\/#organization","name":"Imker Ortsgruppe Salzburg Aigen","url":"https:\/\/imker-aigen.at\/","logo":{"@type":"ImageObject","inLanguage":"de","@id":"https:\/\/imker-aigen.at\/#\/schema\/logo\/image\/","url":"https:\/\/imker-aigen.at\/wp-content\/uploads\/2022\/08\/logo-1.png","contentUrl":"https:\/\/imker-aigen.at\/wp-content\/uploads\/2022\/08\/logo-1.png","width":392,"height":156,"caption":"Imker Ortsgruppe Salzburg Aigen"},"image":{"@id":"https:\/\/imker-aigen.at\/#\/schema\/logo\/image\/"}},{"@type":"Person","@id":"https:\/\/imker-aigen.at\/#\/schema\/person\/d7d0c3a8ef6f051d450781218ac83077","name":"admin","image":{"@type":"ImageObject","inLanguage":"de","@id":"https:\/\/secure.gravatar.com\/avatar\/925a7e918efd3cfdae29be9c0018a3ae3275cd0444a6e166241172bb6e5243c7?s=96&d=mm&r=g","url":"https:\/\/secure.gravatar.com\/avatar\/925a7e918efd3cfdae29be9c0018a3ae3275cd0444a6e166241172bb6e5243c7?s=96&d=mm&r=g","contentUrl":"https:\/\/secure.gravatar.com\/avatar\/925a7e918efd3cfdae29be9c0018a3ae3275cd0444a6e166241172bb6e5243c7?s=96&d=mm&r=g","caption":"admin"},"sameAs":["https:\/\/imker-aigen.at","linkedin.com\/in\/bernd-meierhofer-5919b62"],"url":"https:\/\/imker-aigen.at\/index.php\/author\/bmeierhofer\/"}]}},"_links":{"self":[{"href":"https:\/\/imker-aigen.at\/index.php\/wp-json\/wp\/v2\/posts\/2315","targetHints":{"allow":["GET"]}}],"collection":[{"href":"https:\/\/imker-aigen.at\/index.php\/wp-json\/wp\/v2\/posts"}],"about":[{"href":"https:\/\/imker-aigen.at\/index.php\/wp-json\/wp\/v2\/types\/post"}],"author":[{"embeddable":true,"href":"https:\/\/imker-aigen.at\/index.php\/wp-json\/wp\/v2\/users\/1"}],"replies":[{"embeddable":true,"href":"https:\/\/imker-aigen.at\/index.php\/wp-json\/wp\/v2\/comments?post=2315"}],"version-history":[{"count":10,"href":"https:\/\/imker-aigen.at\/index.php\/wp-json\/wp\/v2\/posts\/2315\/revisions"}],"predecessor-version":[{"id":2349,"href":"https:\/\/imker-aigen.at\/index.php\/wp-json\/wp\/v2\/posts\/2315\/revisions\/2349"}],"wp:featuredmedia":[{"embeddable":true,"href":"https:\/\/imker-aigen.at\/index.php\/wp-json\/wp\/v2\/media\/2318"}],"wp:attachment":[{"href":"https:\/\/imker-aigen.at\/index.php\/wp-json\/wp\/v2\/media?parent=2315"}],"wp:term":[{"taxonomy":"category","embeddable":true,"href":"https:\/\/imker-aigen.at\/index.php\/wp-json\/wp\/v2\/categories?post=2315"},{"taxonomy":"post_tag","embeddable":true,"href":"https:\/\/imker-aigen.at\/index.php\/wp-json\/wp\/v2\/tags?post=2315"}],"curies":[{"name":"wp","href":"https:\/\/api.w.org\/{rel}","templated":true}]}}