{"id":2366,"date":"2022-12-11T22:32:05","date_gmt":"2022-12-11T21:32:05","guid":{"rendered":"https:\/\/imker-aigen.at\/?p=2366"},"modified":"2023-09-18T13:48:40","modified_gmt":"2023-09-18T11:48:40","slug":"vortrag-einfach-imkern-von-dr-pia-aumeier-und-dr-gehard-liebig-am-10-12-2022-im-imkerhof-salzburg","status":"publish","type":"post","link":"https:\/\/imker-aigen.at\/index.php\/2022\/12\/11\/vortrag-einfach-imkern-von-dr-pia-aumeier-und-dr-gehard-liebig-am-10-12-2022-im-imkerhof-salzburg\/","title":{"rendered":"Vortrag \u201eEinfach Imkern\u201c von Dr. Pia Aumeier und Dr. Gehard Liebig am 10.12.2022 im Imkerhof Salzburg"},"content":{"rendered":"<div  class='flex_column av-5gcdpa-4571fcd382be1c5e47de293f9ce4fdfe av_one_full  avia-builder-el-0  avia-builder-el-no-sibling  first flex_column_div  '     ><p>\n<style type=\"text\/css\" data-created_by=\"avia_inline_auto\" id=\"style-css-av-lbjwch8y-9991ac4fce034035ca1426dab946b114\">\n#top .av-special-heading.av-lbjwch8y-9991ac4fce034035ca1426dab946b114{\npadding-bottom:10px;\n}\nbody .av-special-heading.av-lbjwch8y-9991ac4fce034035ca1426dab946b114 .av-special-heading-tag .heading-char{\nfont-size:25px;\n}\n.av-special-heading.av-lbjwch8y-9991ac4fce034035ca1426dab946b114 .av-subheading{\nfont-size:15px;\n}\n<\/style>\n<div  class='av-special-heading av-lbjwch8y-9991ac4fce034035ca1426dab946b114 av-special-heading-h3 blockquote modern-quote modern-centered  avia-builder-el-1  el_before_av_textblock  avia-builder-el-first '><h3 class='av-special-heading-tag '  itemprop=\"headline\"  >Vortrag <span class='special_amp'>\u201e<\/span>Einfach Imkern<span class='special_amp'>\u201c<\/span> von Dr. Pia Aumeier und Dr. Gehard Liebig am 10.12.2022 im Imkerhof Salzburg<\/h3><div class=\"special-heading-border\"><div class=\"special-heading-inner-border\"><\/div><\/div><\/div><br \/>\n<section  class='av_textblock_section av-lbjvpfoq-8665a8e12c107b47f68d312b184fc26a '   itemscope=\"itemscope\" itemtype=\"https:\/\/schema.org\/BlogPosting\" itemprop=\"blogPost\" ><div class='avia_textblock'  itemprop=\"text\" ><p>Autoren: Elisabeth Karl, Bernd Meierhofer<\/p>\n<p>Der Imkerhof Salzburg lud dieses Jahr zu einem Weihnachtsevent ein. Da Thomas Renner auch stets bem\u00fcht ist, renommierte Bienenexperten als Fachreferenten in den Imkerhof zu bekommen, gab es beim Weihnachtsevent den Vortrag \u201eEinfach Imkern\u201c von Dr. Pia Aumeier und Dr. Gehard Liebig. Da die beiden Referenten sich gro\u00dfer Beliebtheit in der Imkerschaft erfreuen, folgten viele Imker aus Salzburg, Ober\u00f6sterreich und Bayern der Einladung in den Imkerhof. Die Veranstaltung war restlos ausgebucht.<\/p>\n<p>Gleich zu Beginn des Vortrags wurde ein kleiner Handzettel verteilt, welcher Auskunft \u00fcber weitere Informationsquellen gab:<\/p>\n<ul>\n<li><a href=\"http:\/\/www.piaaumeier.de\">www.piaaumeier.de<\/a><br \/>\nDies ist die Dropbox von Frau Aumeier, wo viele Informationen kostenfrei abgelegt sind<\/li>\n<li>Auf YouTube gibt es die Video-Reihe \u201eLive von Pias Bienenstand\u201c<\/li>\n<li>Herr Liebig stellt viele Informationen (z.B.: Kursank\u00fcndigungen) \u00fcber seine Homepage <a href=\"http:\/\/www.immelieb.de\">www.immelieb.de<\/a> bereit.<\/li>\n<li>Der \u201eInfobrief des LAVES-Instituts in Celle&#8220; dient Imkerinnen und Imkern \u2013 egal ob Neuling oder \u201ealter Hase\u201c als Quelle f\u00fcr sachkundige Informationen rund um Bienen und Honig.<\/li>\n<li>Die Referenten selbst sind \u00fcber die Mailadressen <a href=\"mailto:info@piaaumeier.de\">info@piaaumeier.de<\/a> und <a href=\"mailto:immelieb@t-online.de\">immelieb@t-online.de<\/a> erreichbar<\/li>\n<\/ul>\n<p>Thomas Renner bekam eine besondere Kerze als Pr\u00e4sent \u00fcberreicht, welche er sicherlich in besonders \u00e4rgerlichen Situationen entz\u00fcnden wird. Sie wird sich dann positiv auf seinen Blutdruck auswirken. \ud83d\ude09<\/p>\n<p>Danach begann Frau Aumeier den Vortrag mit einer kurzen Vorstellung von sich und Hrn. Dr. Liebig. Die beiden Wissenschaftler betreuen 13.711 Bienenv\u00f6lker in wissenschaftlichen Versuchen.<br \/>\nFrau Aumeier machte dann klar, wie es oftmals zu Falschaussagen und Fehlinterpretationen kommt, wenn Kausalit\u00e4t und Korrelation miteinander verwechselt werden (Buchtipp von Fr. Aumeier: \u201eDer Hund der Eier legt\u201c). Auch in der Imkerschaft sind Falschaussagen und Fehlinterpretationen keine Seltenheit. Oftmals werden falsche Schl\u00fcsse gezogen (&#8222;<span lang=\"la\">Post hoc ergo propter hoc&#8220;<\/span>). Empfehlungen werden von den Imkern oftmals mit dem Hinweis \u201eDamit haben wir gute Erfahrungen gemacht\u201c untermauert. Diese Empfehlungen k\u00f6nnen dann aber h\u00e4ufig einer experimentellen \u00dcberpr\u00fcfung nicht standhalten. Die Kausalit\u00e4t ist dann nicht gegeben. Mit zahlreichen Untersuchungen versuchen die beiden Wissenschaftler imkerliche Mythen zu entlarven. So konnten Frau Aumeier und Hr. Liebig bereits der einen oder anderen Varroabek\u00e4mpfungsmethode die rote Karte zeigen.<\/p>\n<p>Frau Aumeier ging dann auch kurze auf die unterschiedlichen Beutensysteme ein. Den Bienen ist das Beutensystem grunds\u00e4tzlich egal. Die Imker sollten sich aber mit einem falschen Beutensystem nicht das Leben unn\u00f6tig schwer machen. Beuten halten ohne Schutzanstrich 20 Winter und mit Schutzanstrich 20 Sommer. \ud83d\ude09 Frau Aumeier zeigte zwei ident aussehende Zargen. Die eine Zarge war aber aus Weymouth-Kiefer und somit wesentlich leichter. Die Imker sollten, aufgrund der Langlebigkeit der Beuten, sehr auf die Qualit\u00e4t der Beuten und ihre eigenen Bed\u00fcrfnisse achten.<\/p>\n<p>Hr. Liebig setzte dann mit seinem Vortrag \u00fcber die Populationsdynamik fort. Er erkl\u00e4rte, dass er regelm\u00e4\u00dfige Populationssch\u00e4tzungen durchf\u00fchrt und wie diese durchgef\u00fchrt werden. Mit diesen Populationssch\u00e4tzungen hat er dann die Auswirkungen von diversen imkerlichen Ma\u00dfnahmen \u00fcberpr\u00fcft. Seine Untersuchungen ergaben beispielsweise:<\/p>\n<ul>\n<li>Die Isolierung der Beuten hat keinen Einfluss auf die Volksentwicklung. Die Bienen heizen nicht die Kiste. Bei Kunststoffbeuten ist jedoch zu beachten, dass der Honig langsamer trocknet<\/li>\n<li>Die R\u00e4hmchengr\u00f6\u00dfe hat keinen Einfluss auf die Volksentwicklung<\/li>\n<li>Reizungsma\u00dfnahmen (Reizf\u00fctterung) sind ohne Wirkung auf die Volksentwicklung<\/li>\n<li>Absperrgitter haben keinen Einfluss auf die Volksentwicklung, machen allerdings dem Imker die Arbeit leichter<\/li>\n<li>\u2026<\/li>\n<\/ul>\n<p>Laut Frau Aumeier bestimmt das Pollenangebot die Gr\u00f6\u00dfe des Brutnests. Befindet sich viel offene Brut im Bienenstock, dann sind auch viele Pollentr\u00e4ger am Flugloch zu sehen. Ein Tag mit Flugwetter ist meist ausreichend, um Futter f\u00fcr die kommenden 6 Tage f\u00fcr die Brut zu beschaffen. Der imkerliche Tipp, Pollenbretter aus den V\u00f6lkern zu entfernen, um mehr Platz f\u00fcr die Brut zu schaffen, k\u00f6nnte bei Schlechtwetterphasen dazu f\u00fchren, dass die Bienen die Brut nicht mehr mit Futtersaft versorgen k\u00f6nnen und daher auffressen (zuerst werden die Eier und dann die Larven aufgefressen). Eine Ammenbiene w\u00fcrde bei guter Pollenversorgung ca. 10 Brutzellen versorgen. Dieser gut gemeinte Tipp k\u00f6nnte somit genau das Gegenteil bewirken.<\/p>\n<p>Die Oxals\u00e4ure-Verdampfung von unten ist laut Hrn. Liebig die beste und schonendste Varroa-Behandlungsmethode. Leider ist sie in Deutschland nicht erlaubt. Die Verdampfung wirkt am Besten in einer brutfreien Phase bei feuchtem und k\u00fchlem Wetter. Bei trockenem Wetter kann \u00fcber eine feuchte Windel der Wirkungsgrad der Verdampfung verbessert werden. Die Verdampfung wird von Hrn. Liebig je nach Befall wiederholt.<br \/>\nBei der Betr\u00e4ufelung (Danys Bienenwohl) von oben gilt der Grundsatz: je k\u00e4lter umso besser, da dann die Biene eng aneinander sitzen. Das \u00d6ffnen der St\u00f6cke ist laut Fr. Aumeier auch bei Minusgraden unproblematisch. Insekten k\u00fchlen aus und erstarren. Sie erfrieren aber nicht. Frau Aumeier n\u00fctzt meist auch die k\u00fchlen Tage im Dezember und J\u00e4nner um eine Futterkranzprobe f\u00fcr die AFB-Untersuchung aus ihren V\u00f6lkern zu entnehmen. Sie bekommt damit die Ergebnisse auch meist sehr zeitnah, da um diese Zeit nur sehr wenige Imker Proben einsenden und die Labore nicht \u00fcberlastet sind.<br \/>\nAmeisens\u00e4ure verwendet Frau Aumeier f\u00fcr Jungv\u00f6lker und schwache V\u00f6lker, da in diesen V\u00f6lkern die Ameisens\u00e4ure besser verdampft. Als Alternative zum Liebig-Dispenser empfiehlt Frau Aumeier die Formicpro-Streifen, welche auch im Imkerhof erh\u00e4ltlich sind.<\/p>\n<p>Von Thomas Renner wurde darauf hingewiesen, dass das in \u00d6sterreich zugelassene Verdampfungspr\u00e4parat Apibioxal hei\u00dft und die richtige Anwendung auf der Packung beschrieben ist.<\/p>\n<p>Bzgl. der Bienenviren sehen Frau Aumeier und Hr. Liebig derzeit keinen besonderen Handlungsbedarf.<\/p>\n<p>Bei der Bienenzucht wird von Frau Aumeier und Hrn. Liebig selektiert auf:<\/p>\n<ol>\n<li>Sanftmut<\/li>\n<li>Sanftmut<\/li>\n<li>Sanftmut<\/li>\n<li>\u2026<\/li>\n<\/ol>\n<p>Laut ihren Untersuchungen ist es den Bienen egal, ob die Nicot-N\u00e4pfchen oder selbst hergestellte Wachsn\u00e4pfchen verwendet werden. Es gibt bei den Nicot-N\u00e4pfchen aber auch billige Nachbauten, bei denen die N\u00e4pfchen innen nicht glatt sind. Diese N\u00e4pfchen werden von den Bienen nicht angenommen.<br \/>\nBeim Verschulen werden immer drei Begleitbienen zu den Weiselzellen hinzugef\u00fcgt. Diese Begleitbienen helfen der K\u00f6nigin aus der Weiselzelle, falls diese wieder in die Weiselzelle krabbelt um den Gelee-Royal-Rest zu fressen und nicht mehr herauskommen sollte.<\/p>\n<p>Sportbienen, Bienen, die den Imker zum Laufen bringen, sind durch Umweiseln zu beseitigen. Frau Aumeier ist auch kein Fan von schw\u00e4rmenden Bienen, da Bienenschw\u00e4rme, wenn sie nicht eingefangen und versorgt werden, in der Natur nicht \u00fcberleben k\u00f6nnten. Sie m\u00fcssen somit eingefangen werden, da man anderenfalls einen tierschutzrechtlichen Versto\u00df begehen w\u00fcrde. Um Schw\u00e4rme zu vermeiden erhalten alle zweizargigen V\u00f6lker zur Kirschbl\u00fcte einen Drohnenbaurahmen, ein Absperrgitter und den Honigraum aufgesetzt. Starke V\u00f6lker sollten auch regelm\u00e4\u00dfig geschr\u00f6pft werden. Mit dem Schr\u00f6pfen kann begonnen werden, sobald die erste Drohnenbrut verdeckelt ist. Von April bis Juni kann man kleine Ableger bilden. Hierf\u00fcr einfach ein Brutbrett + Bienen, eine Mittelwand und eine Futterwabe in eine Ablegerkiste geben und diese an einem entfernten Standort aufstellen.<br \/>\nFrau Aumeier erkl\u00e4rte dann auch das &#8222;Teilen und Behandeln-Konzept&#8220;.\u00a0 Diverse K\u00f6nginnen-Sperrk\u00e4fige wurden auch getestet. Das &#8222;Teilen und Behandeln-Konzept&#8220; hat sich aber als die einfachste und effektivste Variante herauskristallisiert.<\/p>\n<p>Die Puderzuckemethode und der CO2-Tester sind f\u00fcr Frau Aumeier f\u00fcr die Varraodiagnose zu aufw\u00e4ndig bzw. zu teuer (Preis der CO2-Patronen). Sie h\u00e4lt sich an die Gem\u00fclldiagnose.<\/p>\n<p>Varroa kann auch in K\u00f6niginnenzellen stecken. Dort ist sie aber sehr selten zu finden, da diese Zellen von den Bienen viel besser umsorgt werden.<\/p>\n<p>Die von Imkern oftmals genannte Reinvasion nach einer R\u00e4uberei, ist laut Frau Aumeier kein wirkliches Problem. Milben wechseln nur von sterbenden Bienen auf gesunde R\u00e4uberbienen. Die meisten Milben sterben gemeinsam mit den ger\u00e4uberten V\u00f6lkern.<\/p>\n<p>Eine weitere Buchempfehlung von Frau Aumeier: Die Angst der Woche \u2013 Warum wir uns vor den falschen Dingen f\u00fcrchten.<\/p>\n<p>Abschlie\u00dfend bleibt zu bemerken, dass dem Imkerhof mit der Einladung von Frau Dr. Aumeier und Hrn. Dr. Liebig eine herausragende Veranstaltung gelungen ist. Es war eine tolle Erfahrung die beiden Wissenschaftler pers\u00f6nlich in einem Vortrag kennenzulernen. Neben ihrer Fachkompetenz brillierten die Beiden auch von ihrer menschlichen Seite. Danke an Frau Dr. Aumeier, Danke an Hrn. Dr. Liebig und Danke an Thomas Renner und das Imkerhof-Team f\u00fcr diesen Event!<\/p>\n<\/div><\/section><br \/>\n<section  class='av_textblock_section av-lbkis3qm-deadfef512b81ceb045e41737d611c1c '   itemscope=\"itemscope\" itemtype=\"https:\/\/schema.org\/BlogPosting\" itemprop=\"blogPost\" ><div class='avia_textblock'  itemprop=\"text\" ><p>Hier die Handouts zum Vortrag:<\/p>\n<p><a href=\"https:\/\/imker-aigen.at\/wp-content\/uploads\/2022\/12\/Weihnachts-Event-Imkerhof-10.12.2022.pdf\">\u21d2 Handouts <\/a><\/p>\n<\/div><\/section><br \/>\n<div  class='av-social-sharing-box av-3sm6am-4822476fd948b45364e60ed3ac7fbafc av-social-sharing-box-default  avia-builder-el-4  el_after_av_textblock  el_before_av_comments_list  av-social-sharing-box-fullwidth'><div class=\"av-share-box\"><h5 class='av-share-link-description av-no-toc '>Eintrag teilen<\/h5><ul class=\"av-share-box-list noLightbox\"><li class='av-share-link av-social-link-facebook avia_social_iconfont' ><a target=\"_blank\" aria-label=\"Teilen auf Facebook\" href='https:\/\/www.facebook.com\/sharer.php?u=https:\/\/imker-aigen.at\/index.php\/2022\/12\/11\/vortrag-einfach-imkern-von-dr-pia-aumeier-und-dr-gehard-liebig-am-10-12-2022-im-imkerhof-salzburg\/&#038;t=Vortrag%20%E2%80%9EEinfach%20Imkern%E2%80%9C%20von%20Dr.%20Pia%20Aumeier%20und%20Dr.%20Gehard%20Liebig%20am%2010.12.2022%20im%20Imkerhof%20Salzburg' data-av_icon='\ue8f3' data-av_iconfont='entypo-fontello'  title='' data-avia-related-tooltip='Teilen auf Facebook'><span class='avia_hidden_link_text'>Teilen auf Facebook<\/span><\/a><\/li><li class='av-share-link av-social-link-twitter avia_social_iconfont' ><a target=\"_blank\" aria-label=\"Teilen auf X\" href='https:\/\/twitter.com\/share?text=Vortrag%20%E2%80%9EEinfach%20Imkern%E2%80%9C%20von%20Dr.%20Pia%20Aumeier%20und%20Dr.%20Gehard%20Liebig%20am%2010.12.2022%20im%20Imkerhof%20Salzburg&#038;url=https:\/\/imker-aigen.at\/?p=2366' data-av_icon='\ue932' data-av_iconfont='entypo-fontello'  title='' data-avia-related-tooltip='Teilen auf X'><span class='avia_hidden_link_text'>Teilen auf X<\/span><\/a><\/li><li class='av-share-link av-social-link-whatsapp avia_social_iconfont' ><a target=\"_blank\" aria-label=\"Teilen auf WhatsApp\" href='https:\/\/api.whatsapp.com\/send?text=https:\/\/imker-aigen.at\/index.php\/2022\/12\/11\/vortrag-einfach-imkern-von-dr-pia-aumeier-und-dr-gehard-liebig-am-10-12-2022-im-imkerhof-salzburg\/' data-av_icon='\uf232' data-av_iconfont='entypo-fontello'  title='' data-avia-related-tooltip='Teilen auf WhatsApp'><span class='avia_hidden_link_text'>Teilen auf WhatsApp<\/span><\/a><\/li><li class='av-share-link av-social-link-pinterest avia_social_iconfont' ><a target=\"_blank\" aria-label=\"Teilen auf Pinterest\" href='https:\/\/pinterest.com\/pin\/create\/button\/?url=https%3A%2F%2Fimker-aigen.at%2Findex.php%2F2022%2F12%2F11%2Fvortrag-einfach-imkern-von-dr-pia-aumeier-und-dr-gehard-liebig-am-10-12-2022-im-imkerhof-salzburg%2F&#038;description=Vortrag%20%E2%80%9EEinfach%20Imkern%E2%80%9C%20von%20Dr.%20Pia%20Aumeier%20und%20Dr.%20Gehard%20Liebig%20am%2010.12.2022%20im%20Imkerhof%20Salzburg&#038;media=https%3A%2F%2Fimker-aigen.at%2Fwp-content%2Fuploads%2F2022%2F10%2Fimkerhof_sgb.jpg' data-av_icon='\ue8f8' data-av_iconfont='entypo-fontello'  title='' data-avia-related-tooltip='Teilen auf Pinterest'><span class='avia_hidden_link_text'>Teilen auf Pinterest<\/span><\/a><\/li><li class='av-share-link av-social-link-linkedin avia_social_iconfont' ><a target=\"_blank\" aria-label=\"Teilen auf LinkedIn\" href='https:\/\/linkedin.com\/shareArticle?mini=true&#038;title=Vortrag%20%E2%80%9EEinfach%20Imkern%E2%80%9C%20von%20Dr.%20Pia%20Aumeier%20und%20Dr.%20Gehard%20Liebig%20am%2010.12.2022%20im%20Imkerhof%20Salzburg&#038;url=https:\/\/imker-aigen.at\/index.php\/2022\/12\/11\/vortrag-einfach-imkern-von-dr-pia-aumeier-und-dr-gehard-liebig-am-10-12-2022-im-imkerhof-salzburg\/' data-av_icon='\ue8fc' data-av_iconfont='entypo-fontello'  title='' data-avia-related-tooltip='Teilen auf LinkedIn'><span class='avia_hidden_link_text'>Teilen auf LinkedIn<\/span><\/a><\/li><li class='av-share-link av-social-link-reddit avia_social_iconfont' ><a target=\"_blank\" aria-label=\"Teilen auf Reddit\" href='https:\/\/reddit.com\/submit?url=https:\/\/imker-aigen.at\/index.php\/2022\/12\/11\/vortrag-einfach-imkern-von-dr-pia-aumeier-und-dr-gehard-liebig-am-10-12-2022-im-imkerhof-salzburg\/&#038;title=Vortrag%20%E2%80%9EEinfach%20Imkern%E2%80%9C%20von%20Dr.%20Pia%20Aumeier%20und%20Dr.%20Gehard%20Liebig%20am%2010.12.2022%20im%20Imkerhof%20Salzburg' data-av_icon='\ue927' data-av_iconfont='entypo-fontello'  title='' data-avia-related-tooltip='Teilen auf Reddit'><span class='avia_hidden_link_text'>Teilen auf Reddit<\/span><\/a><\/li><li class='av-share-link av-social-link-mail avia_social_iconfont' ><a  aria-label=\"Per E-Mail teilen\" href='mailto:?subject=Vortrag%20%E2%80%9EEinfach%20Imkern%E2%80%9C%20von%20Dr.%20Pia%20Aumeier%20und%20Dr.%20Gehard%20Liebig%20am%2010.12.2022%20im%20Imkerhof%20Salzburg&#038;body=https:\/\/imker-aigen.at\/index.php\/2022\/12\/11\/vortrag-einfach-imkern-von-dr-pia-aumeier-und-dr-gehard-liebig-am-10-12-2022-im-imkerhof-salzburg\/' data-av_icon='\ue805' data-av_iconfont='entypo-fontello'  title='' data-avia-related-tooltip='Per E-Mail teilen'><span class='avia_hidden_link_text'>Per E-Mail teilen<\/span><\/a><\/li><\/ul><\/div><\/div><br \/>\n<div  class='av-buildercomment av-248tjy-ca64679af9d29de333da334e3abb1041'><\/div><\/p><\/div>\n","protected":false},"excerpt":{"rendered":"","protected":false},"author":1,"featured_media":1875,"comment_status":"open","ping_status":"closed","sticky":false,"template":"","format":"standard","meta":{"footnotes":""},"categories":[18],"tags":[78,79],"class_list":["post-2366","post","type-post","status-publish","format-standard","has-post-thumbnail","hentry","category-alte-veranstaltungen","tag-aumeier","tag-liebig"],"yoast_head":"<!-- This site is optimized with the Yoast SEO plugin v27.4 - https:\/\/yoast.com\/product\/yoast-seo-wordpress\/ -->\n<title>Vortrag \u201eEinfach Imkern\u201c von Dr. Pia Aumeier und Dr. Gehard Liebig am 10.12.2022 im Imkerhof Salzburg - Imker Ortsgruppe Salzburg Aigen<\/title>\n<meta name=\"description\" content=\"Frau Dr. Pia Aumeier und Hr. Dr. Gerhard Liebig am 10. Dezember 2022 zu Besuch beim Imkerhof in Salzburg.\" \/>\n<meta name=\"robots\" content=\"index, follow, max-snippet:-1, max-image-preview:large, max-video-preview:-1\" \/>\n<link rel=\"canonical\" href=\"https:\/\/imker-aigen.at\/index.php\/2022\/12\/11\/vortrag-einfach-imkern-von-dr-pia-aumeier-und-dr-gehard-liebig-am-10-12-2022-im-imkerhof-salzburg\/\" \/>\n<meta property=\"og:locale\" content=\"de_DE\" \/>\n<meta property=\"og:type\" content=\"article\" \/>\n<meta property=\"og:title\" content=\"Vortrag \u201eEinfach Imkern\u201c von Dr. Pia Aumeier und Dr. Gehard Liebig am 10.12.2022 im Imkerhof Salzburg - Imker Ortsgruppe Salzburg Aigen\" \/>\n<meta property=\"og:description\" content=\"Frau Dr. Pia Aumeier und Hr. Dr. Gerhard Liebig am 10. Dezember 2022 zu Besuch beim Imkerhof in Salzburg.\" \/>\n<meta property=\"og:url\" content=\"https:\/\/imker-aigen.at\/index.php\/2022\/12\/11\/vortrag-einfach-imkern-von-dr-pia-aumeier-und-dr-gehard-liebig-am-10-12-2022-im-imkerhof-salzburg\/\" \/>\n<meta property=\"og:site_name\" content=\"Imker Ortsgruppe Salzburg Aigen\" \/>\n<meta property=\"article:published_time\" content=\"2022-12-11T21:32:05+00:00\" \/>\n<meta property=\"article:modified_time\" content=\"2023-09-18T11:48:40+00:00\" \/>\n<meta property=\"og:image\" content=\"https:\/\/imker-aigen.at\/wp-content\/uploads\/2022\/10\/imkerhof_sgb.jpg\" \/>\n\t<meta property=\"og:image:width\" content=\"170\" \/>\n\t<meta property=\"og:image:height\" content=\"88\" \/>\n\t<meta property=\"og:image:type\" content=\"image\/jpeg\" \/>\n<meta name=\"author\" content=\"admin\" \/>\n<meta name=\"twitter:card\" content=\"summary_large_image\" \/>\n<meta name=\"twitter:label1\" content=\"Verfasst von\" \/>\n\t<meta name=\"twitter:data1\" content=\"admin\" \/>\n\t<meta name=\"twitter:label2\" content=\"Gesch\u00e4tzte Lesezeit\" \/>\n\t<meta name=\"twitter:data2\" content=\"9\u00a0Minuten\" \/>\n<script type=\"application\/ld+json\" class=\"yoast-schema-graph\">{\"@context\":\"https:\\\/\\\/schema.org\",\"@graph\":[{\"@type\":\"Article\",\"@id\":\"https:\\\/\\\/imker-aigen.at\\\/index.php\\\/2022\\\/12\\\/11\\\/vortrag-einfach-imkern-von-dr-pia-aumeier-und-dr-gehard-liebig-am-10-12-2022-im-imkerhof-salzburg\\\/#article\",\"isPartOf\":{\"@id\":\"https:\\\/\\\/imker-aigen.at\\\/index.php\\\/2022\\\/12\\\/11\\\/vortrag-einfach-imkern-von-dr-pia-aumeier-und-dr-gehard-liebig-am-10-12-2022-im-imkerhof-salzburg\\\/\"},\"author\":{\"name\":\"admin\",\"@id\":\"https:\\\/\\\/imker-aigen.at\\\/#\\\/schema\\\/person\\\/d7d0c3a8ef6f051d450781218ac83077\"},\"headline\":\"Vortrag \u201eEinfach Imkern\u201c von Dr. Pia Aumeier und Dr. Gehard Liebig am 10.12.2022 im Imkerhof Salzburg\",\"datePublished\":\"2022-12-11T21:32:05+00:00\",\"dateModified\":\"2023-09-18T11:48:40+00:00\",\"mainEntityOfPage\":{\"@id\":\"https:\\\/\\\/imker-aigen.at\\\/index.php\\\/2022\\\/12\\\/11\\\/vortrag-einfach-imkern-von-dr-pia-aumeier-und-dr-gehard-liebig-am-10-12-2022-im-imkerhof-salzburg\\\/\"},\"wordCount\":1994,\"commentCount\":2,\"publisher\":{\"@id\":\"https:\\\/\\\/imker-aigen.at\\\/#organization\"},\"image\":{\"@id\":\"https:\\\/\\\/imker-aigen.at\\\/index.php\\\/2022\\\/12\\\/11\\\/vortrag-einfach-imkern-von-dr-pia-aumeier-und-dr-gehard-liebig-am-10-12-2022-im-imkerhof-salzburg\\\/#primaryimage\"},\"thumbnailUrl\":\"https:\\\/\\\/imker-aigen.at\\\/wp-content\\\/uploads\\\/2022\\\/10\\\/imkerhof_sgb.jpg\",\"keywords\":[\"Aumeier\",\"Liebig\"],\"articleSection\":[\"Alte Veranstaltungen\"],\"inLanguage\":\"de\",\"potentialAction\":[{\"@type\":\"CommentAction\",\"name\":\"Comment\",\"target\":[\"https:\\\/\\\/imker-aigen.at\\\/index.php\\\/2022\\\/12\\\/11\\\/vortrag-einfach-imkern-von-dr-pia-aumeier-und-dr-gehard-liebig-am-10-12-2022-im-imkerhof-salzburg\\\/#respond\"]}]},{\"@type\":\"WebPage\",\"@id\":\"https:\\\/\\\/imker-aigen.at\\\/index.php\\\/2022\\\/12\\\/11\\\/vortrag-einfach-imkern-von-dr-pia-aumeier-und-dr-gehard-liebig-am-10-12-2022-im-imkerhof-salzburg\\\/\",\"url\":\"https:\\\/\\\/imker-aigen.at\\\/index.php\\\/2022\\\/12\\\/11\\\/vortrag-einfach-imkern-von-dr-pia-aumeier-und-dr-gehard-liebig-am-10-12-2022-im-imkerhof-salzburg\\\/\",\"name\":\"Vortrag \u201eEinfach Imkern\u201c von Dr. Pia Aumeier und Dr. Gehard Liebig am 10.12.2022 im Imkerhof Salzburg - Imker Ortsgruppe Salzburg Aigen\",\"isPartOf\":{\"@id\":\"https:\\\/\\\/imker-aigen.at\\\/#website\"},\"primaryImageOfPage\":{\"@id\":\"https:\\\/\\\/imker-aigen.at\\\/index.php\\\/2022\\\/12\\\/11\\\/vortrag-einfach-imkern-von-dr-pia-aumeier-und-dr-gehard-liebig-am-10-12-2022-im-imkerhof-salzburg\\\/#primaryimage\"},\"image\":{\"@id\":\"https:\\\/\\\/imker-aigen.at\\\/index.php\\\/2022\\\/12\\\/11\\\/vortrag-einfach-imkern-von-dr-pia-aumeier-und-dr-gehard-liebig-am-10-12-2022-im-imkerhof-salzburg\\\/#primaryimage\"},\"thumbnailUrl\":\"https:\\\/\\\/imker-aigen.at\\\/wp-content\\\/uploads\\\/2022\\\/10\\\/imkerhof_sgb.jpg\",\"datePublished\":\"2022-12-11T21:32:05+00:00\",\"dateModified\":\"2023-09-18T11:48:40+00:00\",\"description\":\"Frau Dr. Pia Aumeier und Hr. Dr. Gerhard Liebig am 10. Dezember 2022 zu Besuch beim Imkerhof in Salzburg.\",\"breadcrumb\":{\"@id\":\"https:\\\/\\\/imker-aigen.at\\\/index.php\\\/2022\\\/12\\\/11\\\/vortrag-einfach-imkern-von-dr-pia-aumeier-und-dr-gehard-liebig-am-10-12-2022-im-imkerhof-salzburg\\\/#breadcrumb\"},\"inLanguage\":\"de\",\"potentialAction\":[{\"@type\":\"ReadAction\",\"target\":[\"https:\\\/\\\/imker-aigen.at\\\/index.php\\\/2022\\\/12\\\/11\\\/vortrag-einfach-imkern-von-dr-pia-aumeier-und-dr-gehard-liebig-am-10-12-2022-im-imkerhof-salzburg\\\/\"]}]},{\"@type\":\"ImageObject\",\"inLanguage\":\"de\",\"@id\":\"https:\\\/\\\/imker-aigen.at\\\/index.php\\\/2022\\\/12\\\/11\\\/vortrag-einfach-imkern-von-dr-pia-aumeier-und-dr-gehard-liebig-am-10-12-2022-im-imkerhof-salzburg\\\/#primaryimage\",\"url\":\"https:\\\/\\\/imker-aigen.at\\\/wp-content\\\/uploads\\\/2022\\\/10\\\/imkerhof_sgb.jpg\",\"contentUrl\":\"https:\\\/\\\/imker-aigen.at\\\/wp-content\\\/uploads\\\/2022\\\/10\\\/imkerhof_sgb.jpg\",\"width\":170,\"height\":88},{\"@type\":\"BreadcrumbList\",\"@id\":\"https:\\\/\\\/imker-aigen.at\\\/index.php\\\/2022\\\/12\\\/11\\\/vortrag-einfach-imkern-von-dr-pia-aumeier-und-dr-gehard-liebig-am-10-12-2022-im-imkerhof-salzburg\\\/#breadcrumb\",\"itemListElement\":[{\"@type\":\"ListItem\",\"position\":1,\"name\":\"Startseite\",\"item\":\"https:\\\/\\\/imker-aigen.at\\\/index.php\\\/home\\\/\"},{\"@type\":\"ListItem\",\"position\":2,\"name\":\"Vortrag \u201eEinfach Imkern\u201c von Dr. Pia Aumeier und Dr. Gehard Liebig am 10.12.2022 im Imkerhof Salzburg\"}]},{\"@type\":\"WebSite\",\"@id\":\"https:\\\/\\\/imker-aigen.at\\\/#website\",\"url\":\"https:\\\/\\\/imker-aigen.at\\\/\",\"name\":\"Imker Ortsgruppe Salzburg Aigen\",\"description\":\"Homepage der Imker-Ortsgruppe Salzburg Aigen\",\"publisher\":{\"@id\":\"https:\\\/\\\/imker-aigen.at\\\/#organization\"},\"potentialAction\":[{\"@type\":\"SearchAction\",\"target\":{\"@type\":\"EntryPoint\",\"urlTemplate\":\"https:\\\/\\\/imker-aigen.at\\\/?s={search_term_string}\"},\"query-input\":{\"@type\":\"PropertyValueSpecification\",\"valueRequired\":true,\"valueName\":\"search_term_string\"}}],\"inLanguage\":\"de\"},{\"@type\":\"Organization\",\"@id\":\"https:\\\/\\\/imker-aigen.at\\\/#organization\",\"name\":\"Imker Ortsgruppe Salzburg Aigen\",\"url\":\"https:\\\/\\\/imker-aigen.at\\\/\",\"logo\":{\"@type\":\"ImageObject\",\"inLanguage\":\"de\",\"@id\":\"https:\\\/\\\/imker-aigen.at\\\/#\\\/schema\\\/logo\\\/image\\\/\",\"url\":\"https:\\\/\\\/imker-aigen.at\\\/wp-content\\\/uploads\\\/2022\\\/08\\\/logo-1.png\",\"contentUrl\":\"https:\\\/\\\/imker-aigen.at\\\/wp-content\\\/uploads\\\/2022\\\/08\\\/logo-1.png\",\"width\":392,\"height\":156,\"caption\":\"Imker Ortsgruppe Salzburg Aigen\"},\"image\":{\"@id\":\"https:\\\/\\\/imker-aigen.at\\\/#\\\/schema\\\/logo\\\/image\\\/\"}},{\"@type\":\"Person\",\"@id\":\"https:\\\/\\\/imker-aigen.at\\\/#\\\/schema\\\/person\\\/d7d0c3a8ef6f051d450781218ac83077\",\"name\":\"admin\",\"image\":{\"@type\":\"ImageObject\",\"inLanguage\":\"de\",\"@id\":\"https:\\\/\\\/secure.gravatar.com\\\/avatar\\\/925a7e918efd3cfdae29be9c0018a3ae3275cd0444a6e166241172bb6e5243c7?s=96&d=mm&r=g\",\"url\":\"https:\\\/\\\/secure.gravatar.com\\\/avatar\\\/925a7e918efd3cfdae29be9c0018a3ae3275cd0444a6e166241172bb6e5243c7?s=96&d=mm&r=g\",\"contentUrl\":\"https:\\\/\\\/secure.gravatar.com\\\/avatar\\\/925a7e918efd3cfdae29be9c0018a3ae3275cd0444a6e166241172bb6e5243c7?s=96&d=mm&r=g\",\"caption\":\"admin\"},\"sameAs\":[\"https:\\\/\\\/imker-aigen.at\",\"linkedin.com\\\/in\\\/bernd-meierhofer-5919b62\"],\"url\":\"https:\\\/\\\/imker-aigen.at\\\/index.php\\\/author\\\/bmeierhofer\\\/\"}]}<\/script>\n<!-- \/ Yoast SEO plugin. -->","yoast_head_json":{"title":"Vortrag \u201eEinfach Imkern\u201c von Dr. Pia Aumeier und Dr. Gehard Liebig am 10.12.2022 im Imkerhof Salzburg - Imker Ortsgruppe Salzburg Aigen","description":"Frau Dr. Pia Aumeier und Hr. Dr. Gerhard Liebig am 10. Dezember 2022 zu Besuch beim Imkerhof in Salzburg.","robots":{"index":"index","follow":"follow","max-snippet":"max-snippet:-1","max-image-preview":"max-image-preview:large","max-video-preview":"max-video-preview:-1"},"canonical":"https:\/\/imker-aigen.at\/index.php\/2022\/12\/11\/vortrag-einfach-imkern-von-dr-pia-aumeier-und-dr-gehard-liebig-am-10-12-2022-im-imkerhof-salzburg\/","og_locale":"de_DE","og_type":"article","og_title":"Vortrag \u201eEinfach Imkern\u201c von Dr. Pia Aumeier und Dr. Gehard Liebig am 10.12.2022 im Imkerhof Salzburg - Imker Ortsgruppe Salzburg Aigen","og_description":"Frau Dr. Pia Aumeier und Hr. Dr. Gerhard Liebig am 10. Dezember 2022 zu Besuch beim Imkerhof in Salzburg.","og_url":"https:\/\/imker-aigen.at\/index.php\/2022\/12\/11\/vortrag-einfach-imkern-von-dr-pia-aumeier-und-dr-gehard-liebig-am-10-12-2022-im-imkerhof-salzburg\/","og_site_name":"Imker Ortsgruppe Salzburg Aigen","article_published_time":"2022-12-11T21:32:05+00:00","article_modified_time":"2023-09-18T11:48:40+00:00","og_image":[{"width":170,"height":88,"url":"https:\/\/imker-aigen.at\/wp-content\/uploads\/2022\/10\/imkerhof_sgb.jpg","type":"image\/jpeg"}],"author":"admin","twitter_card":"summary_large_image","twitter_misc":{"Verfasst von":"admin","Gesch\u00e4tzte Lesezeit":"9\u00a0Minuten"},"schema":{"@context":"https:\/\/schema.org","@graph":[{"@type":"Article","@id":"https:\/\/imker-aigen.at\/index.php\/2022\/12\/11\/vortrag-einfach-imkern-von-dr-pia-aumeier-und-dr-gehard-liebig-am-10-12-2022-im-imkerhof-salzburg\/#article","isPartOf":{"@id":"https:\/\/imker-aigen.at\/index.php\/2022\/12\/11\/vortrag-einfach-imkern-von-dr-pia-aumeier-und-dr-gehard-liebig-am-10-12-2022-im-imkerhof-salzburg\/"},"author":{"name":"admin","@id":"https:\/\/imker-aigen.at\/#\/schema\/person\/d7d0c3a8ef6f051d450781218ac83077"},"headline":"Vortrag \u201eEinfach Imkern\u201c von Dr. Pia Aumeier und Dr. Gehard Liebig am 10.12.2022 im Imkerhof Salzburg","datePublished":"2022-12-11T21:32:05+00:00","dateModified":"2023-09-18T11:48:40+00:00","mainEntityOfPage":{"@id":"https:\/\/imker-aigen.at\/index.php\/2022\/12\/11\/vortrag-einfach-imkern-von-dr-pia-aumeier-und-dr-gehard-liebig-am-10-12-2022-im-imkerhof-salzburg\/"},"wordCount":1994,"commentCount":2,"publisher":{"@id":"https:\/\/imker-aigen.at\/#organization"},"image":{"@id":"https:\/\/imker-aigen.at\/index.php\/2022\/12\/11\/vortrag-einfach-imkern-von-dr-pia-aumeier-und-dr-gehard-liebig-am-10-12-2022-im-imkerhof-salzburg\/#primaryimage"},"thumbnailUrl":"https:\/\/imker-aigen.at\/wp-content\/uploads\/2022\/10\/imkerhof_sgb.jpg","keywords":["Aumeier","Liebig"],"articleSection":["Alte Veranstaltungen"],"inLanguage":"de","potentialAction":[{"@type":"CommentAction","name":"Comment","target":["https:\/\/imker-aigen.at\/index.php\/2022\/12\/11\/vortrag-einfach-imkern-von-dr-pia-aumeier-und-dr-gehard-liebig-am-10-12-2022-im-imkerhof-salzburg\/#respond"]}]},{"@type":"WebPage","@id":"https:\/\/imker-aigen.at\/index.php\/2022\/12\/11\/vortrag-einfach-imkern-von-dr-pia-aumeier-und-dr-gehard-liebig-am-10-12-2022-im-imkerhof-salzburg\/","url":"https:\/\/imker-aigen.at\/index.php\/2022\/12\/11\/vortrag-einfach-imkern-von-dr-pia-aumeier-und-dr-gehard-liebig-am-10-12-2022-im-imkerhof-salzburg\/","name":"Vortrag \u201eEinfach Imkern\u201c von Dr. Pia Aumeier und Dr. Gehard Liebig am 10.12.2022 im Imkerhof Salzburg - Imker Ortsgruppe Salzburg Aigen","isPartOf":{"@id":"https:\/\/imker-aigen.at\/#website"},"primaryImageOfPage":{"@id":"https:\/\/imker-aigen.at\/index.php\/2022\/12\/11\/vortrag-einfach-imkern-von-dr-pia-aumeier-und-dr-gehard-liebig-am-10-12-2022-im-imkerhof-salzburg\/#primaryimage"},"image":{"@id":"https:\/\/imker-aigen.at\/index.php\/2022\/12\/11\/vortrag-einfach-imkern-von-dr-pia-aumeier-und-dr-gehard-liebig-am-10-12-2022-im-imkerhof-salzburg\/#primaryimage"},"thumbnailUrl":"https:\/\/imker-aigen.at\/wp-content\/uploads\/2022\/10\/imkerhof_sgb.jpg","datePublished":"2022-12-11T21:32:05+00:00","dateModified":"2023-09-18T11:48:40+00:00","description":"Frau Dr. Pia Aumeier und Hr. Dr. Gerhard Liebig am 10. Dezember 2022 zu Besuch beim Imkerhof in Salzburg.","breadcrumb":{"@id":"https:\/\/imker-aigen.at\/index.php\/2022\/12\/11\/vortrag-einfach-imkern-von-dr-pia-aumeier-und-dr-gehard-liebig-am-10-12-2022-im-imkerhof-salzburg\/#breadcrumb"},"inLanguage":"de","potentialAction":[{"@type":"ReadAction","target":["https:\/\/imker-aigen.at\/index.php\/2022\/12\/11\/vortrag-einfach-imkern-von-dr-pia-aumeier-und-dr-gehard-liebig-am-10-12-2022-im-imkerhof-salzburg\/"]}]},{"@type":"ImageObject","inLanguage":"de","@id":"https:\/\/imker-aigen.at\/index.php\/2022\/12\/11\/vortrag-einfach-imkern-von-dr-pia-aumeier-und-dr-gehard-liebig-am-10-12-2022-im-imkerhof-salzburg\/#primaryimage","url":"https:\/\/imker-aigen.at\/wp-content\/uploads\/2022\/10\/imkerhof_sgb.jpg","contentUrl":"https:\/\/imker-aigen.at\/wp-content\/uploads\/2022\/10\/imkerhof_sgb.jpg","width":170,"height":88},{"@type":"BreadcrumbList","@id":"https:\/\/imker-aigen.at\/index.php\/2022\/12\/11\/vortrag-einfach-imkern-von-dr-pia-aumeier-und-dr-gehard-liebig-am-10-12-2022-im-imkerhof-salzburg\/#breadcrumb","itemListElement":[{"@type":"ListItem","position":1,"name":"Startseite","item":"https:\/\/imker-aigen.at\/index.php\/home\/"},{"@type":"ListItem","position":2,"name":"Vortrag \u201eEinfach Imkern\u201c von Dr. Pia Aumeier und Dr. Gehard Liebig am 10.12.2022 im Imkerhof Salzburg"}]},{"@type":"WebSite","@id":"https:\/\/imker-aigen.at\/#website","url":"https:\/\/imker-aigen.at\/","name":"Imker Ortsgruppe Salzburg Aigen","description":"Homepage der Imker-Ortsgruppe Salzburg Aigen","publisher":{"@id":"https:\/\/imker-aigen.at\/#organization"},"potentialAction":[{"@type":"SearchAction","target":{"@type":"EntryPoint","urlTemplate":"https:\/\/imker-aigen.at\/?s={search_term_string}"},"query-input":{"@type":"PropertyValueSpecification","valueRequired":true,"valueName":"search_term_string"}}],"inLanguage":"de"},{"@type":"Organization","@id":"https:\/\/imker-aigen.at\/#organization","name":"Imker Ortsgruppe Salzburg Aigen","url":"https:\/\/imker-aigen.at\/","logo":{"@type":"ImageObject","inLanguage":"de","@id":"https:\/\/imker-aigen.at\/#\/schema\/logo\/image\/","url":"https:\/\/imker-aigen.at\/wp-content\/uploads\/2022\/08\/logo-1.png","contentUrl":"https:\/\/imker-aigen.at\/wp-content\/uploads\/2022\/08\/logo-1.png","width":392,"height":156,"caption":"Imker Ortsgruppe Salzburg Aigen"},"image":{"@id":"https:\/\/imker-aigen.at\/#\/schema\/logo\/image\/"}},{"@type":"Person","@id":"https:\/\/imker-aigen.at\/#\/schema\/person\/d7d0c3a8ef6f051d450781218ac83077","name":"admin","image":{"@type":"ImageObject","inLanguage":"de","@id":"https:\/\/secure.gravatar.com\/avatar\/925a7e918efd3cfdae29be9c0018a3ae3275cd0444a6e166241172bb6e5243c7?s=96&d=mm&r=g","url":"https:\/\/secure.gravatar.com\/avatar\/925a7e918efd3cfdae29be9c0018a3ae3275cd0444a6e166241172bb6e5243c7?s=96&d=mm&r=g","contentUrl":"https:\/\/secure.gravatar.com\/avatar\/925a7e918efd3cfdae29be9c0018a3ae3275cd0444a6e166241172bb6e5243c7?s=96&d=mm&r=g","caption":"admin"},"sameAs":["https:\/\/imker-aigen.at","linkedin.com\/in\/bernd-meierhofer-5919b62"],"url":"https:\/\/imker-aigen.at\/index.php\/author\/bmeierhofer\/"}]}},"_links":{"self":[{"href":"https:\/\/imker-aigen.at\/index.php\/wp-json\/wp\/v2\/posts\/2366","targetHints":{"allow":["GET"]}}],"collection":[{"href":"https:\/\/imker-aigen.at\/index.php\/wp-json\/wp\/v2\/posts"}],"about":[{"href":"https:\/\/imker-aigen.at\/index.php\/wp-json\/wp\/v2\/types\/post"}],"author":[{"embeddable":true,"href":"https:\/\/imker-aigen.at\/index.php\/wp-json\/wp\/v2\/users\/1"}],"replies":[{"embeddable":true,"href":"https:\/\/imker-aigen.at\/index.php\/wp-json\/wp\/v2\/comments?post=2366"}],"version-history":[{"count":25,"href":"https:\/\/imker-aigen.at\/index.php\/wp-json\/wp\/v2\/posts\/2366\/revisions"}],"predecessor-version":[{"id":2636,"href":"https:\/\/imker-aigen.at\/index.php\/wp-json\/wp\/v2\/posts\/2366\/revisions\/2636"}],"wp:featuredmedia":[{"embeddable":true,"href":"https:\/\/imker-aigen.at\/index.php\/wp-json\/wp\/v2\/media\/1875"}],"wp:attachment":[{"href":"https:\/\/imker-aigen.at\/index.php\/wp-json\/wp\/v2\/media?parent=2366"}],"wp:term":[{"taxonomy":"category","embeddable":true,"href":"https:\/\/imker-aigen.at\/index.php\/wp-json\/wp\/v2\/categories?post=2366"},{"taxonomy":"post_tag","embeddable":true,"href":"https:\/\/imker-aigen.at\/index.php\/wp-json\/wp\/v2\/tags?post=2366"}],"curies":[{"name":"wp","href":"https:\/\/api.w.org\/{rel}","templated":true}]}}