{"id":2438,"date":"2022-12-15T16:00:07","date_gmt":"2022-12-15T15:00:07","guid":{"rendered":"https:\/\/imker-aigen.at\/?p=2438"},"modified":"2024-12-11T09:02:52","modified_gmt":"2024-12-11T08:02:52","slug":"buergerinitiative-schafft-12-millionen-unterschriften","status":"publish","type":"post","link":"https:\/\/imker-aigen.at\/index.php\/2022\/12\/15\/buergerinitiative-schafft-12-millionen-unterschriften\/","title":{"rendered":"B\u00fcrgerinitiative schafft 1,2 Millionen Unterschriften"},"content":{"rendered":"<div  class='flex_column av-av_one_full-7714eba142aeda1f8b5272a3c372b279 av_one_full  avia-builder-el-0  avia-builder-el-no-sibling  first flex_column_div  '     ><p>\n<style type=\"text\/css\" data-created_by=\"avia_inline_auto\" id=\"style-css-av-lbp95z1p-d6fbb06f6b366e9c790d3a4b6f8617da\">\n.avia-image-container.av-lbp95z1p-d6fbb06f6b366e9c790d3a4b6f8617da img.avia_image{\nbox-shadow:none;\n}\n.avia-image-container.av-lbp95z1p-d6fbb06f6b366e9c790d3a4b6f8617da .av-image-caption-overlay-center{\ncolor:#ffffff;\n}\n<\/style>\n<div  class='avia-image-container av-lbp95z1p-d6fbb06f6b366e9c790d3a4b6f8617da av-styling- avia-align-center  avia-builder-el-1  el_before_av_heading  avia-builder-el-first '   itemprop=\"image\" itemscope=\"itemscope\" itemtype=\"https:\/\/schema.org\/ImageObject\" ><div class=\"avia-image-container-inner\"><div class=\"avia-image-overlay-wrap\"><img decoding=\"async\" fetchpriority=\"high\" class='wp-image-2444 avia-img-lazy-loading-not-2444 avia_image ' src=\"https:\/\/imker-aigen.at\/wp-content\/uploads\/2022\/12\/bienen_und_bauern_retten_logo_deu.png\" alt='' title='bienen_und_bauern_retten_logo_deu'  height=\"360\" width=\"360\"  itemprop=\"thumbnailUrl\" srcset=\"https:\/\/imker-aigen.at\/wp-content\/uploads\/2022\/12\/bienen_und_bauern_retten_logo_deu.png 360w, https:\/\/imker-aigen.at\/wp-content\/uploads\/2022\/12\/bienen_und_bauern_retten_logo_deu-300x300.png 300w, https:\/\/imker-aigen.at\/wp-content\/uploads\/2022\/12\/bienen_und_bauern_retten_logo_deu-80x80.png 80w, https:\/\/imker-aigen.at\/wp-content\/uploads\/2022\/12\/bienen_und_bauern_retten_logo_deu-36x36.png 36w, https:\/\/imker-aigen.at\/wp-content\/uploads\/2022\/12\/bienen_und_bauern_retten_logo_deu-180x180.png 180w\" sizes=\"(max-width: 360px) 100vw, 360px\" \/><\/div><\/div><\/div><br \/>\n\n<style type=\"text\/css\" data-created_by=\"avia_inline_auto\" id=\"style-css-av-lbp8jftk-fbe5c61c71313eaa832cc94885cd07a2\">\n#top .av-special-heading.av-lbp8jftk-fbe5c61c71313eaa832cc94885cd07a2{\npadding-bottom:10px;\n}\nbody .av-special-heading.av-lbp8jftk-fbe5c61c71313eaa832cc94885cd07a2 .av-special-heading-tag .heading-char{\nfont-size:25px;\n}\n.av-special-heading.av-lbp8jftk-fbe5c61c71313eaa832cc94885cd07a2 .av-subheading{\nfont-size:15px;\n}\n<\/style>\n<div  class='av-special-heading av-lbp8jftk-fbe5c61c71313eaa832cc94885cd07a2 av-special-heading-h3 blockquote modern-quote modern-centered  avia-builder-el-2  el_after_av_image  el_before_av_textblock '><h3 class='av-special-heading-tag '  itemprop=\"headline\"  ><span class='special_amp'>&#8222;<\/span>Bienen und Bauern retten!<span class='special_amp'>&#8220;<\/span> schafft 1,2 Millionen Unterschriften <\/h3><div class=\"special-heading-border\"><div class=\"special-heading-inner-border\"><\/div><\/div><\/div><br \/>\n<section  class='av_textblock_section av-lbp8czap-6291e342fe9b89f64c6dfbfc5b07f470 '   itemscope=\"itemscope\" itemtype=\"https:\/\/schema.org\/BlogPosting\" itemprop=\"blogPost\" ><div class='avia_textblock'  itemprop=\"text\" ><p>Die europ\u00e4ische B\u00fcrgerinitiative <a href=\"https:\/\/www.savebeesandfarmers.eu\/deu\/\">&#8222;Bienen und Bauern retten!&#8220;<\/a>, welche sich daf\u00fcr einsetzt, dass keine Pestizide mehr in der europ\u00e4ischen Landwirtschaft eingesetzt werden,\u00a0 konnte 1,2 Millionen Unterschriften sammeln. Damit wurde das Ziel von \u00fcber 1 Million g\u00fcltigen Stimmen erreicht. Am 25.11.2022 wurde die Forderung offiziell von der EU-Kommission entgegengenommen.<\/p>\n<\/div><\/section><\/p><\/div>\n","protected":false},"excerpt":{"rendered":"","protected":false},"author":1,"featured_media":2444,"comment_status":"open","ping_status":"closed","sticky":false,"template":"","format":"standard","meta":{"footnotes":""},"categories":[1],"tags":[],"class_list":["post-2438","post","type-post","status-publish","format-standard","has-post-thumbnail","hentry","category-uncategorized"],"yoast_head":"<!-- This site is optimized with the Yoast SEO plugin v27.4 - https:\/\/yoast.com\/product\/yoast-seo-wordpress\/ -->\n<title>B\u00fcrgerinitiative schafft 1,2 Millionen Unterschriften - Imker Ortsgruppe Salzburg Aigen<\/title>\n<meta name=\"description\" content=\"Keine Pestizide - 1,2 Millionen europ\u00e4ische B\u00fcrger haben daf\u00fcr unterschrieben.\" \/>\n<meta name=\"robots\" content=\"index, follow, max-snippet:-1, max-image-preview:large, max-video-preview:-1\" \/>\n<link rel=\"canonical\" href=\"https:\/\/imker-aigen.at\/index.php\/2022\/12\/15\/buergerinitiative-schafft-12-millionen-unterschriften\/\" \/>\n<meta property=\"og:locale\" content=\"de_DE\" \/>\n<meta property=\"og:type\" content=\"article\" \/>\n<meta property=\"og:title\" content=\"B\u00fcrgerinitiative schafft 1,2 Millionen Unterschriften - Imker Ortsgruppe Salzburg Aigen\" \/>\n<meta property=\"og:description\" content=\"Keine Pestizide - 1,2 Millionen europ\u00e4ische B\u00fcrger haben daf\u00fcr unterschrieben.\" \/>\n<meta property=\"og:url\" content=\"https:\/\/imker-aigen.at\/index.php\/2022\/12\/15\/buergerinitiative-schafft-12-millionen-unterschriften\/\" \/>\n<meta property=\"og:site_name\" content=\"Imker Ortsgruppe Salzburg Aigen\" \/>\n<meta property=\"article:published_time\" content=\"2022-12-15T15:00:07+00:00\" \/>\n<meta property=\"article:modified_time\" content=\"2024-12-11T08:02:52+00:00\" \/>\n<meta property=\"og:image\" content=\"https:\/\/imker-aigen.at\/wp-content\/uploads\/2022\/12\/bienen_und_bauern_retten_logo_deu.png\" \/>\n\t<meta property=\"og:image:width\" content=\"360\" \/>\n\t<meta property=\"og:image:height\" content=\"360\" \/>\n\t<meta property=\"og:image:type\" content=\"image\/png\" \/>\n<meta name=\"author\" content=\"admin\" \/>\n<meta name=\"twitter:card\" content=\"summary_large_image\" \/>\n<meta name=\"twitter:label1\" content=\"Verfasst von\" \/>\n\t<meta name=\"twitter:data1\" content=\"admin\" \/>\n\t<meta name=\"twitter:label2\" content=\"Gesch\u00e4tzte Lesezeit\" \/>\n\t<meta name=\"twitter:data2\" content=\"2\u00a0Minuten\" \/>\n<script type=\"application\/ld+json\" class=\"yoast-schema-graph\">{\"@context\":\"https:\\\/\\\/schema.org\",\"@graph\":[{\"@type\":\"Article\",\"@id\":\"https:\\\/\\\/imker-aigen.at\\\/index.php\\\/2022\\\/12\\\/15\\\/buergerinitiative-schafft-12-millionen-unterschriften\\\/#article\",\"isPartOf\":{\"@id\":\"https:\\\/\\\/imker-aigen.at\\\/index.php\\\/2022\\\/12\\\/15\\\/buergerinitiative-schafft-12-millionen-unterschriften\\\/\"},\"author\":{\"name\":\"admin\",\"@id\":\"https:\\\/\\\/imker-aigen.at\\\/#\\\/schema\\\/person\\\/d7d0c3a8ef6f051d450781218ac83077\"},\"headline\":\"B\u00fcrgerinitiative schafft 1,2 Millionen Unterschriften\",\"datePublished\":\"2022-12-15T15:00:07+00:00\",\"dateModified\":\"2024-12-11T08:02:52+00:00\",\"mainEntityOfPage\":{\"@id\":\"https:\\\/\\\/imker-aigen.at\\\/index.php\\\/2022\\\/12\\\/15\\\/buergerinitiative-schafft-12-millionen-unterschriften\\\/\"},\"wordCount\":756,\"commentCount\":0,\"publisher\":{\"@id\":\"https:\\\/\\\/imker-aigen.at\\\/#organization\"},\"image\":{\"@id\":\"https:\\\/\\\/imker-aigen.at\\\/index.php\\\/2022\\\/12\\\/15\\\/buergerinitiative-schafft-12-millionen-unterschriften\\\/#primaryimage\"},\"thumbnailUrl\":\"https:\\\/\\\/imker-aigen.at\\\/wp-content\\\/uploads\\\/2022\\\/12\\\/bienen_und_bauern_retten_logo_deu.png\",\"articleSection\":[\"Uncategorized\"],\"inLanguage\":\"de\",\"potentialAction\":[{\"@type\":\"CommentAction\",\"name\":\"Comment\",\"target\":[\"https:\\\/\\\/imker-aigen.at\\\/index.php\\\/2022\\\/12\\\/15\\\/buergerinitiative-schafft-12-millionen-unterschriften\\\/#respond\"]}]},{\"@type\":\"WebPage\",\"@id\":\"https:\\\/\\\/imker-aigen.at\\\/index.php\\\/2022\\\/12\\\/15\\\/buergerinitiative-schafft-12-millionen-unterschriften\\\/\",\"url\":\"https:\\\/\\\/imker-aigen.at\\\/index.php\\\/2022\\\/12\\\/15\\\/buergerinitiative-schafft-12-millionen-unterschriften\\\/\",\"name\":\"B\u00fcrgerinitiative schafft 1,2 Millionen Unterschriften - Imker Ortsgruppe Salzburg Aigen\",\"isPartOf\":{\"@id\":\"https:\\\/\\\/imker-aigen.at\\\/#website\"},\"primaryImageOfPage\":{\"@id\":\"https:\\\/\\\/imker-aigen.at\\\/index.php\\\/2022\\\/12\\\/15\\\/buergerinitiative-schafft-12-millionen-unterschriften\\\/#primaryimage\"},\"image\":{\"@id\":\"https:\\\/\\\/imker-aigen.at\\\/index.php\\\/2022\\\/12\\\/15\\\/buergerinitiative-schafft-12-millionen-unterschriften\\\/#primaryimage\"},\"thumbnailUrl\":\"https:\\\/\\\/imker-aigen.at\\\/wp-content\\\/uploads\\\/2022\\\/12\\\/bienen_und_bauern_retten_logo_deu.png\",\"datePublished\":\"2022-12-15T15:00:07+00:00\",\"dateModified\":\"2024-12-11T08:02:52+00:00\",\"description\":\"Keine Pestizide - 1,2 Millionen europ\u00e4ische B\u00fcrger haben daf\u00fcr unterschrieben.\",\"breadcrumb\":{\"@id\":\"https:\\\/\\\/imker-aigen.at\\\/index.php\\\/2022\\\/12\\\/15\\\/buergerinitiative-schafft-12-millionen-unterschriften\\\/#breadcrumb\"},\"inLanguage\":\"de\",\"potentialAction\":[{\"@type\":\"ReadAction\",\"target\":[\"https:\\\/\\\/imker-aigen.at\\\/index.php\\\/2022\\\/12\\\/15\\\/buergerinitiative-schafft-12-millionen-unterschriften\\\/\"]}]},{\"@type\":\"ImageObject\",\"inLanguage\":\"de\",\"@id\":\"https:\\\/\\\/imker-aigen.at\\\/index.php\\\/2022\\\/12\\\/15\\\/buergerinitiative-schafft-12-millionen-unterschriften\\\/#primaryimage\",\"url\":\"https:\\\/\\\/imker-aigen.at\\\/wp-content\\\/uploads\\\/2022\\\/12\\\/bienen_und_bauern_retten_logo_deu.png\",\"contentUrl\":\"https:\\\/\\\/imker-aigen.at\\\/wp-content\\\/uploads\\\/2022\\\/12\\\/bienen_und_bauern_retten_logo_deu.png\",\"width\":360,\"height\":360},{\"@type\":\"BreadcrumbList\",\"@id\":\"https:\\\/\\\/imker-aigen.at\\\/index.php\\\/2022\\\/12\\\/15\\\/buergerinitiative-schafft-12-millionen-unterschriften\\\/#breadcrumb\",\"itemListElement\":[{\"@type\":\"ListItem\",\"position\":1,\"name\":\"Startseite\",\"item\":\"https:\\\/\\\/imker-aigen.at\\\/index.php\\\/home\\\/\"},{\"@type\":\"ListItem\",\"position\":2,\"name\":\"B\u00fcrgerinitiative schafft 1,2 Millionen Unterschriften\"}]},{\"@type\":\"WebSite\",\"@id\":\"https:\\\/\\\/imker-aigen.at\\\/#website\",\"url\":\"https:\\\/\\\/imker-aigen.at\\\/\",\"name\":\"Imker Ortsgruppe Salzburg Aigen\",\"description\":\"Homepage der Imker-Ortsgruppe Salzburg Aigen\",\"publisher\":{\"@id\":\"https:\\\/\\\/imker-aigen.at\\\/#organization\"},\"potentialAction\":[{\"@type\":\"SearchAction\",\"target\":{\"@type\":\"EntryPoint\",\"urlTemplate\":\"https:\\\/\\\/imker-aigen.at\\\/?s={search_term_string}\"},\"query-input\":{\"@type\":\"PropertyValueSpecification\",\"valueRequired\":true,\"valueName\":\"search_term_string\"}}],\"inLanguage\":\"de\"},{\"@type\":\"Organization\",\"@id\":\"https:\\\/\\\/imker-aigen.at\\\/#organization\",\"name\":\"Imker Ortsgruppe Salzburg Aigen\",\"url\":\"https:\\\/\\\/imker-aigen.at\\\/\",\"logo\":{\"@type\":\"ImageObject\",\"inLanguage\":\"de\",\"@id\":\"https:\\\/\\\/imker-aigen.at\\\/#\\\/schema\\\/logo\\\/image\\\/\",\"url\":\"https:\\\/\\\/imker-aigen.at\\\/wp-content\\\/uploads\\\/2022\\\/08\\\/logo-1.png\",\"contentUrl\":\"https:\\\/\\\/imker-aigen.at\\\/wp-content\\\/uploads\\\/2022\\\/08\\\/logo-1.png\",\"width\":392,\"height\":156,\"caption\":\"Imker Ortsgruppe Salzburg Aigen\"},\"image\":{\"@id\":\"https:\\\/\\\/imker-aigen.at\\\/#\\\/schema\\\/logo\\\/image\\\/\"}},{\"@type\":\"Person\",\"@id\":\"https:\\\/\\\/imker-aigen.at\\\/#\\\/schema\\\/person\\\/d7d0c3a8ef6f051d450781218ac83077\",\"name\":\"admin\",\"image\":{\"@type\":\"ImageObject\",\"inLanguage\":\"de\",\"@id\":\"https:\\\/\\\/secure.gravatar.com\\\/avatar\\\/925a7e918efd3cfdae29be9c0018a3ae3275cd0444a6e166241172bb6e5243c7?s=96&d=mm&r=g\",\"url\":\"https:\\\/\\\/secure.gravatar.com\\\/avatar\\\/925a7e918efd3cfdae29be9c0018a3ae3275cd0444a6e166241172bb6e5243c7?s=96&d=mm&r=g\",\"contentUrl\":\"https:\\\/\\\/secure.gravatar.com\\\/avatar\\\/925a7e918efd3cfdae29be9c0018a3ae3275cd0444a6e166241172bb6e5243c7?s=96&d=mm&r=g\",\"caption\":\"admin\"},\"sameAs\":[\"https:\\\/\\\/imker-aigen.at\",\"linkedin.com\\\/in\\\/bernd-meierhofer-5919b62\"],\"url\":\"https:\\\/\\\/imker-aigen.at\\\/index.php\\\/author\\\/bmeierhofer\\\/\"}]}<\/script>\n<!-- \/ Yoast SEO plugin. -->","yoast_head_json":{"title":"B\u00fcrgerinitiative schafft 1,2 Millionen Unterschriften - Imker Ortsgruppe Salzburg Aigen","description":"Keine Pestizide - 1,2 Millionen europ\u00e4ische B\u00fcrger haben daf\u00fcr unterschrieben.","robots":{"index":"index","follow":"follow","max-snippet":"max-snippet:-1","max-image-preview":"max-image-preview:large","max-video-preview":"max-video-preview:-1"},"canonical":"https:\/\/imker-aigen.at\/index.php\/2022\/12\/15\/buergerinitiative-schafft-12-millionen-unterschriften\/","og_locale":"de_DE","og_type":"article","og_title":"B\u00fcrgerinitiative schafft 1,2 Millionen Unterschriften - Imker Ortsgruppe Salzburg Aigen","og_description":"Keine Pestizide - 1,2 Millionen europ\u00e4ische B\u00fcrger haben daf\u00fcr unterschrieben.","og_url":"https:\/\/imker-aigen.at\/index.php\/2022\/12\/15\/buergerinitiative-schafft-12-millionen-unterschriften\/","og_site_name":"Imker Ortsgruppe Salzburg Aigen","article_published_time":"2022-12-15T15:00:07+00:00","article_modified_time":"2024-12-11T08:02:52+00:00","og_image":[{"width":360,"height":360,"url":"https:\/\/imker-aigen.at\/wp-content\/uploads\/2022\/12\/bienen_und_bauern_retten_logo_deu.png","type":"image\/png"}],"author":"admin","twitter_card":"summary_large_image","twitter_misc":{"Verfasst von":"admin","Gesch\u00e4tzte Lesezeit":"2\u00a0Minuten"},"schema":{"@context":"https:\/\/schema.org","@graph":[{"@type":"Article","@id":"https:\/\/imker-aigen.at\/index.php\/2022\/12\/15\/buergerinitiative-schafft-12-millionen-unterschriften\/#article","isPartOf":{"@id":"https:\/\/imker-aigen.at\/index.php\/2022\/12\/15\/buergerinitiative-schafft-12-millionen-unterschriften\/"},"author":{"name":"admin","@id":"https:\/\/imker-aigen.at\/#\/schema\/person\/d7d0c3a8ef6f051d450781218ac83077"},"headline":"B\u00fcrgerinitiative schafft 1,2 Millionen Unterschriften","datePublished":"2022-12-15T15:00:07+00:00","dateModified":"2024-12-11T08:02:52+00:00","mainEntityOfPage":{"@id":"https:\/\/imker-aigen.at\/index.php\/2022\/12\/15\/buergerinitiative-schafft-12-millionen-unterschriften\/"},"wordCount":756,"commentCount":0,"publisher":{"@id":"https:\/\/imker-aigen.at\/#organization"},"image":{"@id":"https:\/\/imker-aigen.at\/index.php\/2022\/12\/15\/buergerinitiative-schafft-12-millionen-unterschriften\/#primaryimage"},"thumbnailUrl":"https:\/\/imker-aigen.at\/wp-content\/uploads\/2022\/12\/bienen_und_bauern_retten_logo_deu.png","articleSection":["Uncategorized"],"inLanguage":"de","potentialAction":[{"@type":"CommentAction","name":"Comment","target":["https:\/\/imker-aigen.at\/index.php\/2022\/12\/15\/buergerinitiative-schafft-12-millionen-unterschriften\/#respond"]}]},{"@type":"WebPage","@id":"https:\/\/imker-aigen.at\/index.php\/2022\/12\/15\/buergerinitiative-schafft-12-millionen-unterschriften\/","url":"https:\/\/imker-aigen.at\/index.php\/2022\/12\/15\/buergerinitiative-schafft-12-millionen-unterschriften\/","name":"B\u00fcrgerinitiative schafft 1,2 Millionen Unterschriften - Imker Ortsgruppe Salzburg Aigen","isPartOf":{"@id":"https:\/\/imker-aigen.at\/#website"},"primaryImageOfPage":{"@id":"https:\/\/imker-aigen.at\/index.php\/2022\/12\/15\/buergerinitiative-schafft-12-millionen-unterschriften\/#primaryimage"},"image":{"@id":"https:\/\/imker-aigen.at\/index.php\/2022\/12\/15\/buergerinitiative-schafft-12-millionen-unterschriften\/#primaryimage"},"thumbnailUrl":"https:\/\/imker-aigen.at\/wp-content\/uploads\/2022\/12\/bienen_und_bauern_retten_logo_deu.png","datePublished":"2022-12-15T15:00:07+00:00","dateModified":"2024-12-11T08:02:52+00:00","description":"Keine Pestizide - 1,2 Millionen europ\u00e4ische B\u00fcrger haben daf\u00fcr unterschrieben.","breadcrumb":{"@id":"https:\/\/imker-aigen.at\/index.php\/2022\/12\/15\/buergerinitiative-schafft-12-millionen-unterschriften\/#breadcrumb"},"inLanguage":"de","potentialAction":[{"@type":"ReadAction","target":["https:\/\/imker-aigen.at\/index.php\/2022\/12\/15\/buergerinitiative-schafft-12-millionen-unterschriften\/"]}]},{"@type":"ImageObject","inLanguage":"de","@id":"https:\/\/imker-aigen.at\/index.php\/2022\/12\/15\/buergerinitiative-schafft-12-millionen-unterschriften\/#primaryimage","url":"https:\/\/imker-aigen.at\/wp-content\/uploads\/2022\/12\/bienen_und_bauern_retten_logo_deu.png","contentUrl":"https:\/\/imker-aigen.at\/wp-content\/uploads\/2022\/12\/bienen_und_bauern_retten_logo_deu.png","width":360,"height":360},{"@type":"BreadcrumbList","@id":"https:\/\/imker-aigen.at\/index.php\/2022\/12\/15\/buergerinitiative-schafft-12-millionen-unterschriften\/#breadcrumb","itemListElement":[{"@type":"ListItem","position":1,"name":"Startseite","item":"https:\/\/imker-aigen.at\/index.php\/home\/"},{"@type":"ListItem","position":2,"name":"B\u00fcrgerinitiative schafft 1,2 Millionen Unterschriften"}]},{"@type":"WebSite","@id":"https:\/\/imker-aigen.at\/#website","url":"https:\/\/imker-aigen.at\/","name":"Imker Ortsgruppe Salzburg Aigen","description":"Homepage der Imker-Ortsgruppe Salzburg Aigen","publisher":{"@id":"https:\/\/imker-aigen.at\/#organization"},"potentialAction":[{"@type":"SearchAction","target":{"@type":"EntryPoint","urlTemplate":"https:\/\/imker-aigen.at\/?s={search_term_string}"},"query-input":{"@type":"PropertyValueSpecification","valueRequired":true,"valueName":"search_term_string"}}],"inLanguage":"de"},{"@type":"Organization","@id":"https:\/\/imker-aigen.at\/#organization","name":"Imker Ortsgruppe Salzburg Aigen","url":"https:\/\/imker-aigen.at\/","logo":{"@type":"ImageObject","inLanguage":"de","@id":"https:\/\/imker-aigen.at\/#\/schema\/logo\/image\/","url":"https:\/\/imker-aigen.at\/wp-content\/uploads\/2022\/08\/logo-1.png","contentUrl":"https:\/\/imker-aigen.at\/wp-content\/uploads\/2022\/08\/logo-1.png","width":392,"height":156,"caption":"Imker Ortsgruppe Salzburg Aigen"},"image":{"@id":"https:\/\/imker-aigen.at\/#\/schema\/logo\/image\/"}},{"@type":"Person","@id":"https:\/\/imker-aigen.at\/#\/schema\/person\/d7d0c3a8ef6f051d450781218ac83077","name":"admin","image":{"@type":"ImageObject","inLanguage":"de","@id":"https:\/\/secure.gravatar.com\/avatar\/925a7e918efd3cfdae29be9c0018a3ae3275cd0444a6e166241172bb6e5243c7?s=96&d=mm&r=g","url":"https:\/\/secure.gravatar.com\/avatar\/925a7e918efd3cfdae29be9c0018a3ae3275cd0444a6e166241172bb6e5243c7?s=96&d=mm&r=g","contentUrl":"https:\/\/secure.gravatar.com\/avatar\/925a7e918efd3cfdae29be9c0018a3ae3275cd0444a6e166241172bb6e5243c7?s=96&d=mm&r=g","caption":"admin"},"sameAs":["https:\/\/imker-aigen.at","linkedin.com\/in\/bernd-meierhofer-5919b62"],"url":"https:\/\/imker-aigen.at\/index.php\/author\/bmeierhofer\/"}]}},"_links":{"self":[{"href":"https:\/\/imker-aigen.at\/index.php\/wp-json\/wp\/v2\/posts\/2438","targetHints":{"allow":["GET"]}}],"collection":[{"href":"https:\/\/imker-aigen.at\/index.php\/wp-json\/wp\/v2\/posts"}],"about":[{"href":"https:\/\/imker-aigen.at\/index.php\/wp-json\/wp\/v2\/types\/post"}],"author":[{"embeddable":true,"href":"https:\/\/imker-aigen.at\/index.php\/wp-json\/wp\/v2\/users\/1"}],"replies":[{"embeddable":true,"href":"https:\/\/imker-aigen.at\/index.php\/wp-json\/wp\/v2\/comments?post=2438"}],"version-history":[{"count":4,"href":"https:\/\/imker-aigen.at\/index.php\/wp-json\/wp\/v2\/posts\/2438\/revisions"}],"predecessor-version":[{"id":2445,"href":"https:\/\/imker-aigen.at\/index.php\/wp-json\/wp\/v2\/posts\/2438\/revisions\/2445"}],"wp:featuredmedia":[{"embeddable":true,"href":"https:\/\/imker-aigen.at\/index.php\/wp-json\/wp\/v2\/media\/2444"}],"wp:attachment":[{"href":"https:\/\/imker-aigen.at\/index.php\/wp-json\/wp\/v2\/media?parent=2438"}],"wp:term":[{"taxonomy":"category","embeddable":true,"href":"https:\/\/imker-aigen.at\/index.php\/wp-json\/wp\/v2\/categories?post=2438"},{"taxonomy":"post_tag","embeddable":true,"href":"https:\/\/imker-aigen.at\/index.php\/wp-json\/wp\/v2\/tags?post=2438"}],"curies":[{"name":"wp","href":"https:\/\/api.w.org\/{rel}","templated":true}]}}