{"id":2457,"date":"2022-12-20T11:33:11","date_gmt":"2022-12-20T10:33:11","guid":{"rendered":"https:\/\/imker-aigen.at\/?p=2457"},"modified":"2022-12-27T15:30:17","modified_gmt":"2022-12-27T14:30:17","slug":"zuchtplan-2023","status":"publish","type":"post","link":"https:\/\/imker-aigen.at\/index.php\/2022\/12\/20\/zuchtplan-2023\/","title":{"rendered":"Zuchtplan 2023"},"content":{"rendered":"<div  class='flex_column av-9uk8p-051780080083dcb30919e64468135a86 av_one_full  avia-builder-el-0  avia-builder-el-no-sibling  first flex_column_div  '     ><p>\n<style type=\"text\/css\" data-created_by=\"avia_inline_auto\" id=\"style-css-av-lbw4fu0e-ce584ac07409db172eafa59ba42f8a72\">\n#top .av-special-heading.av-lbw4fu0e-ce584ac07409db172eafa59ba42f8a72{\npadding-bottom:10px;\n}\nbody .av-special-heading.av-lbw4fu0e-ce584ac07409db172eafa59ba42f8a72 .av-special-heading-tag .heading-char{\nfont-size:25px;\n}\n.av-special-heading.av-lbw4fu0e-ce584ac07409db172eafa59ba42f8a72 .av-subheading{\nfont-size:15px;\n}\n<\/style>\n<div  class='av-special-heading av-lbw4fu0e-ce584ac07409db172eafa59ba42f8a72 av-special-heading-h1 blockquote modern-quote modern-centered  avia-builder-el-1  el_before_av_hr  avia-builder-el-first '><h1 class='av-special-heading-tag '  itemprop=\"headline\"  >Carnica-Zucht 2023 &#8211; Es geht los!<\/h1><div class=\"special-heading-border\"><div class=\"special-heading-inner-border\"><\/div><\/div><\/div><br \/>\n\n<style type=\"text\/css\" data-created_by=\"avia_inline_auto\" id=\"style-css-av-lc6bc0ai-eb37739636a0bb7c9d6c46e87d718555\">\n#top .hr.av-lc6bc0ai-eb37739636a0bb7c9d6c46e87d718555{\nmargin-top:30px;\nmargin-bottom:30px;\n}\n.hr.av-lc6bc0ai-eb37739636a0bb7c9d6c46e87d718555 .hr-inner{\nwidth:50px;\nmax-width:45%;\n}\n<\/style>\n<div  class='hr av-lc6bc0ai-eb37739636a0bb7c9d6c46e87d718555 hr-custom  avia-builder-el-2  el_after_av_heading  el_before_av_textblock  hr-center hr-icon-yes'><span class='hr-inner inner-border-av-border-thin'><span class=\"hr-inner-style\"><\/span><\/span><span class='av-seperator-icon avia-iconfont avia-font-entypo-fontello' data-av_icon='\ue8bf' data-av_iconfont='entypo-fontello' ><\/span><span class='hr-inner inner-border-av-border-thin'><span class=\"hr-inner-style\"><\/span><\/span><\/div><br \/>\n<section  class='av_textblock_section av-lc641p7p-cd7e59bdb7d01fe17944147f16bf12f3 '   itemscope=\"itemscope\" itemtype=\"https:\/\/schema.org\/BlogPosting\" itemprop=\"blogPost\" ><div class='avia_textblock'  itemprop=\"text\" ><h3><strong>Gute K\u00f6niginnen sind die Basis einer guten Imkerei!<\/strong><\/h3>\n<p>Johanna und Robert haben dankenswerterweise den nachfolgenden Zuchtplan f\u00fcr eine gemeinsame Zuchtserie unserer Carnica-Zuchtgruppe erstellt. Die Termine dieser Zuchtserie sind &#8211; wie jedes Jahr &#8211; auf den Maria Thun Kalender abgestimmt.<\/p>\n<p>Wir hoffen, dass sich auch 2023 wieder einige Vereinsmitglieder zur Zucht zusammenfinden werden. Bei der Zucht lernt man die Bienen und das Hantieren an den V\u00f6lkern noch besser kennen.<\/p>\n<p><strong>Lasst euch diese Chance nicht entgehen und meldet euch bitte rechtzeitig bei der Zuchtgruppe an!<\/strong><\/p>\n<p>Details und Fragen k\u00f6nne wir gerne auch beim Kurs im J\u00e4nner 2023 (Evolution, Genetik, Tierzucht, Bienenzucht, Bienenrassen &#8230;) kl\u00e4ren.<\/p>\n<h3>Zuchtplan &#8211; Zeitleiste 2023<\/h3>\n<\/div><\/section><br \/>\n\n<style type=\"text\/css\" data-created_by=\"avia_inline_auto\" id=\"style-css-av-lc69yp2h-500aa7064cfc4f4124175b15b6bffee6\">\n.avia-timeline-container.av-lc69yp2h-500aa7064cfc4f4124175b15b6bffee6 .av-milestone-date{\nfont-size:15px;\n}\n.avia-timeline-container.av-lc69yp2h-500aa7064cfc4f4124175b15b6bffee6 .av-milestone-title{\nfont-size:15px;\n}\n<\/style>\n\n<style type=\"text\/css\" data-created_by=\"avia_inline_auto\" id=\"style-css-sub-av-lc69yp2h-500aa7064cfc4f4124175b15b6bffee6\">\n.avia-timeline-container .av-milestone.av-lc69us7k-80361cd196f4f9c6ad494edf448df328 .av-milestone-icon-inner{\nbackground-color:#83a846;\n}\n.avia-timeline-container .av-milestone.av-lc69us7k-80361cd196f4f9c6ad494edf448df328 .av-milestone-indicator{\nbackground-color:#83a846;\n}\n.avia-timeline-container .av-milestone.av-lc69us7k-80361cd196f4f9c6ad494edf448df328 .av-milestone-article-footer{\nbackground-color:#83a846;\n}\n.avia-timeline-container .av-milestone.av-lc6ac8a6-616cd348af0c11fc1ff8a6c0e36570fe .av-milestone-icon-inner{\nbackground-color:#b02b2c;\n}\n.avia-timeline-container .av-milestone.av-lc6ac8a6-616cd348af0c11fc1ff8a6c0e36570fe .av-milestone-indicator{\nbackground-color:#b02b2c;\n}\n.avia-timeline-container .av-milestone.av-lc6ac8a6-616cd348af0c11fc1ff8a6c0e36570fe .av-milestone-article-footer{\nbackground-color:#b02b2c;\n}\n<\/style>\n<div  id=\"avia-timeline-1\"  class='avia-timeline-container av-lc69yp2h-500aa7064cfc4f4124175b15b6bffee6 av-slideshow-ui  avia-builder-el-4  el_after_av_textblock  el_before_av_textblock ' ><ul class='avia-timeline avia-timeline-vertical av-milestone-placement-left avia-timeline- avia_animate_when_almost_visible avia-timeline-animate'>\n<li  class='av-milestone av-lc69us7k-80361cd196f4f9c6ad494edf448df328 av-animated-generic fade-in av-milestone-valign-baseline av-milestone-odd'><h2 class='av-milestone-date ' id='milestone-1-mai' ><strong>1.Mai<span class='av-milestone-indicator'><\/span><\/strong><\/h2><div class=\"av-milestone-icon-wrap\"><span class='av-milestone-icon milestone_icon avia-font-entypo-fontello'><span class='av-milestone-icon-inner milestone_inner'><i class='milestone-char avia-iconfont avia-font-entypo-fontello' data-av_icon='\ue897' data-av_iconfont='entypo-fontello' ><\/i><\/span><\/span><\/div><article class='av-milestone-content-wrap'><div class='av-milestone-contentbox'><header class=\"entry-content-header\" aria-label=\"Milestone: Pflegevolk entweiseln\"><h4 class='av-milestone-title '>Pflegevolk entweiseln<\/h4><\/header><div class='av-milestone-content'><\/div><\/div><footer class='av-milestone-article-footer entry-footer'><\/footer><\/article><\/li>\n<li  class='av-milestone av-lc69wk31-eb0441f709616e0a284b9cb88a28cd03 av-animated-generic fade-in av-milestone-valign-baseline av-milestone-even'><h2 class='av-milestone-date ' id='milestone-5-mai' ><strong>5.Mai<span class='av-milestone-indicator'><\/span><\/strong><\/h2><div class=\"av-milestone-icon-wrap\"><span class='av-milestone-icon milestone_icon avia-font-entypo-fontello'><span class='av-milestone-icon-inner milestone_inner'><i class='milestone-char avia-iconfont avia-font-entypo-fontello' data-av_icon='\ue803' data-av_iconfont='entypo-fontello' ><\/i><\/span><\/span><\/div><article class='av-milestone-content-wrap'><div class='av-milestone-contentbox'><header class=\"entry-content-header\" aria-label=\"Milestone: Umlarven\"><h4 class='av-milestone-title '>Umlarven<\/h4><\/header><div class='av-milestone-content'><\/div><\/div><footer class='av-milestone-article-footer entry-footer'><\/footer><\/article><\/li>\n<li  class='av-milestone av-lc6a8n86-8a040d841f3a4ef232e1839e9db3d4a3 av-animated-generic fade-in av-milestone-valign-baseline av-milestone-odd'><h2 class='av-milestone-date ' id='milestone-6-mai' ><strong>6.Mai<span class='av-milestone-indicator'><\/span><\/strong><\/h2><div class=\"av-milestone-icon-wrap\"><span class='av-milestone-icon milestone_icon avia-font-entypo-fontello'><span class='av-milestone-icon-inner milestone_inner'><i class='milestone-char avia-iconfont avia-font-entypo-fontello' data-av_icon='\ue803' data-av_iconfont='entypo-fontello' ><\/i><\/span><\/span><\/div><article class='av-milestone-content-wrap'><div class='av-milestone-contentbox'><header class=\"entry-content-header\" aria-label=\"Milestone: Nachlarven\"><h4 class='av-milestone-title '>Nachlarven<\/h4><\/header><div class='av-milestone-content'><\/div><\/div><footer class='av-milestone-article-footer entry-footer'><\/footer><\/article><\/li>\n<li  class='av-milestone av-lc69x79a-be1a099aed57caf6391b095ccf8980e5 av-animated-generic fade-in av-milestone-valign-baseline av-milestone-even'><h2 class='av-milestone-date ' id='milestone-9-mai' ><strong>9.Mai<span class='av-milestone-indicator'><\/span><\/strong><\/h2><div class=\"av-milestone-icon-wrap\"><span class='av-milestone-icon milestone_icon avia-font-entypo-fontello'><span class='av-milestone-icon-inner milestone_inner'><i class='milestone-char avia-iconfont avia-font-entypo-fontello' data-av_icon='\ue812' data-av_iconfont='entypo-fontello' ><\/i><\/span><\/span><\/div><article class='av-milestone-content-wrap'><div class='av-milestone-contentbox'><header class=\"entry-content-header\" aria-label=\"Milestone: 1.Alterskontrolle\"><h4 class='av-milestone-title '>1.Alterskontrolle<\/h4><\/header><div class='av-milestone-content'><\/div><\/div><footer class='av-milestone-article-footer entry-footer'><\/footer><\/article><\/li>\n<li  class='av-milestone av-lc6a9lfn-e97fdbc5312fe29bd2f8531ad1c71ff4 av-animated-generic fade-in av-milestone-valign-baseline av-milestone-odd'><h2 class='av-milestone-date ' id='milestone-10-mai' ><strong>10.Mai<span class='av-milestone-indicator'><\/span><\/strong><\/h2><div class=\"av-milestone-icon-wrap\"><span class='av-milestone-icon milestone_icon avia-font-entypo-fontello'><span class='av-milestone-icon-inner milestone_inner'><i class='milestone-char avia-iconfont avia-font-entypo-fontello' data-av_icon='\ue812' data-av_iconfont='entypo-fontello' ><\/i><\/span><\/span><\/div><article class='av-milestone-content-wrap'><div class='av-milestone-contentbox'><header class=\"entry-content-header\" aria-label=\"Milestone: 1.Alterskontrolle vom Nachlarvtermin\"><h4 class='av-milestone-title '>1.Alterskontrolle vom Nachlarvtermin<\/h4><\/header><div class='av-milestone-content'><\/div><\/div><footer class='av-milestone-article-footer entry-footer'><\/footer><\/article><\/li>\n<li  class='av-milestone av-lc69y18h-566e994a131547f6c50b46efac30cbb0 av-animated-generic fade-in av-milestone-valign-baseline av-milestone-even'><h2 class='av-milestone-date ' id='milestone-17-mai' ><strong>17.Mai<span class='av-milestone-indicator'><\/span><\/strong><\/h2><div class=\"av-milestone-icon-wrap\"><span class='av-milestone-icon milestone_icon avia-font-entypo-fontello'><span class='av-milestone-icon-inner milestone_inner'><i class='milestone-char avia-iconfont avia-font-entypo-fontello' data-av_icon='\ue812' data-av_iconfont='entypo-fontello' ><\/i><\/span><\/span><\/div><article class='av-milestone-content-wrap'><div class='av-milestone-contentbox'><header class=\"entry-content-header\" aria-label=\"Milestone: 2. Alterskontrolle\"><h4 class='av-milestone-title '>2. Alterskontrolle<\/h4><\/header><div class='av-milestone-content'><\/div><\/div><footer class='av-milestone-article-footer entry-footer'><\/footer><\/article><\/li>\n<li  class='av-milestone av-lc69yobs-3f57c8997b6b2ab8bbb65e24a0769e30 av-animated-generic fade-in av-milestone-valign-baseline av-milestone-odd'><h2 class='av-milestone-date ' id='milestone-18-mai' ><strong>18.Mai<span class='av-milestone-indicator'><\/span><\/strong><\/h2><div class=\"av-milestone-icon-wrap\"><span class='av-milestone-icon milestone_icon avia-font-entypo-fontello'><span class='av-milestone-icon-inner milestone_inner'><i class='milestone-char avia-iconfont avia-font-entypo-fontello' data-av_icon='\ue8a8' data-av_iconfont='entypo-fontello' ><\/i><\/span><\/span><\/div><article class='av-milestone-content-wrap'><div class='av-milestone-contentbox'><header class=\"entry-content-header\" aria-label=\"Milestone: Schlupftermin\"><h4 class='av-milestone-title '>Schlupftermin<\/h4><\/header><div class='av-milestone-content'><\/div><\/div><footer class='av-milestone-article-footer entry-footer'><\/footer><\/article><\/li>\n<li  class='av-milestone av-lc6ac8a6-616cd348af0c11fc1ff8a6c0e36570fe av-animated-generic fade-in av-milestone-valign-baseline av-milestone-even'><h2 class='av-milestone-date ' id='milestone-19-mai' ><strong>19.Mai<span class='av-milestone-indicator'><\/span><\/strong><\/h2><div class=\"av-milestone-icon-wrap\"><span class='av-milestone-icon milestone_icon avia-font-entypo-fontello'><span class='av-milestone-icon-inner milestone_inner'><i class='milestone-char avia-iconfont avia-font-entypo-fontello' data-av_icon='\ue899' data-av_iconfont='entypo-fontello' ><\/i><\/span><\/span><\/div><article class='av-milestone-content-wrap'><div class='av-milestone-contentbox'><header class=\"entry-content-header\" aria-label=\"Milestone: Schlupftermin vom Nachlarven\"><h4 class='av-milestone-title '>Schlupftermin vom Nachlarven<\/h4><\/header><div class='av-milestone-content'><p>Nun werden die Apideas bef\u00fcllt und auf die Belegstellen transportiert.<\/p>\n<\/div><\/div><footer class='av-milestone-article-footer entry-footer'><\/footer><\/article><\/li>\n<\/ul><\/div><br \/>\n<section  class='av_textblock_section av-lbw35pev-9495dad54a5e5e4520b488f5266e1078 '   itemscope=\"itemscope\" itemtype=\"https:\/\/schema.org\/BlogPosting\" itemprop=\"blogPost\" ><div class='avia_textblock'  itemprop=\"text\" ><h3>5 Grundregeln f\u00fcr die K\u00f6niginnenzucht<\/h3>\n<p>(von Robert Hertscheg)<\/p>\n<ol>\n<li>Zwischen dem Einlegen des Sperrgitters f\u00fcr das Pflegevolk (PV) und dem sp\u00e4teren Entweiseln sollten ca. 11 Tage vergehen. Erst dann bin ich mir ziemlich sicher, dass alle Brutzellen restlos verdeckelt sind. Wichtig!<\/li>\n<li>Zwischen dem Entweiseln des Pflegevolkes und dem Umlarvtermin sollten mindestens 3 Tage vergehen. Nach meiner Erfahrung versorgen Pflegev\u00f6lker erst nach 3 Tagen die Weiselzellen ausreichend mit K\u00f6niginnenfuttersaft (Gel\u00e9e royale), die Maden sollten darin \u201eschwimmen\u201c.\u00a0 Werden Weiselzellen nicht am Tage des Umlarvens bestens mit Futtersaft versorgt (Kontrolle ca 4-6 Stunden nach dem Umlarven), gilt die gesamte Zuchtserie als \u201ezu alt\u201c und sollte restlos entsorgt werden! Wichtig!<\/li>\n<li>Das Ei sollte zum Zeitpunkt des Umlarvens 4 Tage alt sein; maximales Alter: 41\/2 Tage. D.h.: Die Made ist 1 Tag alt. Sehr Wichtig! Ich z\u00e4hle das Alter immer ab Eiablage. Zuchtlekt\u00fcre z\u00e4hlt auch in Tagen der Made. Bitte genau beachten!<\/li>\n<li>Die Weiselzellen werden erst nach 8 Tagen verdeckelt. Das ist im Laufe des 9. Tages von der Eiablage gez\u00e4hlt. Daher kontrolliere ich am 8. Tage, ob alle Zellen noch offen sind. Sind Zellen bereits am 8. Tage ganz oder teilweise verdeckelt, werden diese von mir unbedingt entfernt. Die Larve war beim Umweiseln mit hoher Wahrscheinlichkeit bereits zu alt. Sehr Wichtig! Das ist die 1. Alterskontrolle. F\u00fcr Weiselzellen, welche nachbelarvt wurden, ist diese Kontrolle dann 1 Tag sp\u00e4ter unbedingt zu machen!<\/li>\n<li>Der Schlupftermin der jungen Prinzessinnen ist nach 16 Tagen; d.h.: Im Laufe des 17. Tages ab Eiablage. Daher kontrolliere ich am 16. Tage, ob K\u00f6niginnen bereits geschl\u00fcpft sind. Ist das der Fall, werden diese K\u00f6niginnen bedingungslos eliminiert. Die Made war zum Zeitpunkt des Umlarvens mit ziemlicher Sicherheit bereits zu alt. Schl\u00fcpfen K\u00f6niginnen erst sp\u00e4ter \u2013 zumeist am 18. Tage &#8211; , so halte ich das f\u00fcr bedenkenlos. Das kommt nach meiner Erfahrung \u00f6fters vor. Besonders dann, wenn im Laufe der Zuchtperiode ein K\u00e4lteeinbruch war. Wichtig! Das ist meine 2. Alterskontrolle. F\u00fcr K\u00f6niginnen vom Nachlarven ist das jeweils 1 Tag sp\u00e4ter zu kontrollieren.<\/li>\n<\/ol>\n<p>Ich rate auch, Weiselzellen (noch nicht geschl\u00fcpfte K\u00f6niginnen) nicht in Begattungsv\u00f6lkchen zu geben (Apidea). Das ist viel Arbeit, eine hohe Gefahr bzgl. R\u00e4uberei (besonders beim Sanieren im nachhinein), bringt jedoch zumeist wenig Erfolg (ich sch\u00e4tze, dass ca. 90% diesbez\u00fcglicher Weiselzellen keine schlupfreife, gesunde und vitale K\u00f6nigin beinhalten).<\/p>\n<p>Ich mache s\u00e4mtliche T\u00e4tigkeiten bzgl. \u201eZucht\u201c immer so zwischen 11 \u2013 12 Uhr. Somit habe ich auch immer genug \u201eSpazi\u201c hinsichtlich des Alters der Maden. Diese sollten maximal 4,5 Tage alt sein. Larve ich gegen Mittag um, habe ich noch ca. \u00bd Tag bis Mitternacht. Sind Maden beim Umlarven um die Mittagszeit bereits 4,5 Tage alt, sind diese bis Mitternacht 5 Tage alt und mit ziemlicher Sicherheit am 8. Tage bereits verdeckelt! Sie sind leider zu alt! Deshalb halte ich die 1. Alterskontrolle am 8. Tage f\u00fcr besonders wichtig! Z\u00fcchter, die diese Kontrolle nicht exakt durchf\u00fchren, haben keinerlei \u00dcberblick \u00fcber das Alter ihrer \u201eZuchtmaden\u201c!<\/p>\n<\/div><\/section><br \/>\n<div  class='av-social-sharing-box av-3luoxl-bda87262f6fc4773bee27a7d00cbbb40 av-social-sharing-box-default  avia-builder-el-6  el_after_av_textblock  el_before_av_comments_list  av-social-sharing-box-fullwidth'><div class=\"av-share-box\"><h5 class='av-share-link-description av-no-toc '>Eintrag teilen<\/h5><ul class=\"av-share-box-list noLightbox\"><li class='av-share-link av-social-link-facebook avia_social_iconfont' ><a target=\"_blank\" aria-label=\"Teilen auf Facebook\" href='https:\/\/www.facebook.com\/sharer.php?u=https:\/\/imker-aigen.at\/index.php\/2022\/12\/20\/zuchtplan-2023\/&#038;t=Zuchtplan%202023' data-av_icon='\ue8f3' data-av_iconfont='entypo-fontello'  title='' data-avia-related-tooltip='Teilen auf Facebook'><span class='avia_hidden_link_text'>Teilen auf Facebook<\/span><\/a><\/li><li class='av-share-link av-social-link-twitter avia_social_iconfont' ><a target=\"_blank\" aria-label=\"Teilen auf X\" href='https:\/\/twitter.com\/share?text=Zuchtplan%202023&#038;url=https:\/\/imker-aigen.at\/?p=2457' data-av_icon='\ue932' data-av_iconfont='entypo-fontello'  title='' data-avia-related-tooltip='Teilen auf X'><span class='avia_hidden_link_text'>Teilen auf X<\/span><\/a><\/li><li class='av-share-link av-social-link-whatsapp avia_social_iconfont' ><a target=\"_blank\" aria-label=\"Teilen auf WhatsApp\" href='https:\/\/api.whatsapp.com\/send?text=https:\/\/imker-aigen.at\/index.php\/2022\/12\/20\/zuchtplan-2023\/' data-av_icon='\uf232' data-av_iconfont='entypo-fontello'  title='' data-avia-related-tooltip='Teilen auf WhatsApp'><span class='avia_hidden_link_text'>Teilen auf WhatsApp<\/span><\/a><\/li><li class='av-share-link av-social-link-pinterest avia_social_iconfont' ><a target=\"_blank\" aria-label=\"Teilen auf Pinterest\" href='https:\/\/pinterest.com\/pin\/create\/button\/?url=https%3A%2F%2Fimker-aigen.at%2Findex.php%2F2022%2F12%2F20%2Fzuchtplan-2023%2F&#038;description=Zuchtplan%202023&#038;media=' data-av_icon='\ue8f8' data-av_iconfont='entypo-fontello'  title='' data-avia-related-tooltip='Teilen auf Pinterest'><span class='avia_hidden_link_text'>Teilen auf Pinterest<\/span><\/a><\/li><li class='av-share-link av-social-link-linkedin avia_social_iconfont' ><a target=\"_blank\" aria-label=\"Teilen auf LinkedIn\" href='https:\/\/linkedin.com\/shareArticle?mini=true&#038;title=Zuchtplan%202023&#038;url=https:\/\/imker-aigen.at\/index.php\/2022\/12\/20\/zuchtplan-2023\/' data-av_icon='\ue8fc' data-av_iconfont='entypo-fontello'  title='' data-avia-related-tooltip='Teilen auf LinkedIn'><span class='avia_hidden_link_text'>Teilen auf LinkedIn<\/span><\/a><\/li><li class='av-share-link av-social-link-reddit avia_social_iconfont' ><a target=\"_blank\" aria-label=\"Teilen auf Reddit\" href='https:\/\/reddit.com\/submit?url=https:\/\/imker-aigen.at\/index.php\/2022\/12\/20\/zuchtplan-2023\/&#038;title=Zuchtplan%202023' data-av_icon='\ue927' data-av_iconfont='entypo-fontello'  title='' data-avia-related-tooltip='Teilen auf Reddit'><span class='avia_hidden_link_text'>Teilen auf Reddit<\/span><\/a><\/li><li class='av-share-link av-social-link-mail avia_social_iconfont' ><a  aria-label=\"Per E-Mail teilen\" href='mailto:?subject=Zuchtplan%202023&#038;body=https:\/\/imker-aigen.at\/index.php\/2022\/12\/20\/zuchtplan-2023\/' data-av_icon='\ue805' data-av_iconfont='entypo-fontello'  title='' data-avia-related-tooltip='Per E-Mail teilen'><span class='avia_hidden_link_text'>Per E-Mail teilen<\/span><\/a><\/li><\/ul><\/div><\/div><br \/>\n<div  class='av-buildercomment av-37ccx5-3987e3b6048af2e4dc44bd2db90862ca'><\/div><\/p><\/div>\n","protected":false},"excerpt":{"rendered":"","protected":false},"author":1,"featured_media":0,"comment_status":"open","ping_status":"closed","sticky":false,"template":"","format":"standard","meta":{"footnotes":""},"categories":[1],"tags":[],"class_list":["post-2457","post","type-post","status-publish","format-standard","hentry","category-uncategorized"],"yoast_head":"<!-- This site is optimized with the Yoast SEO plugin v27.4 - https:\/\/yoast.com\/product\/yoast-seo-wordpress\/ -->\n<title>Zuchtplan 2023 - Imker Ortsgruppe Salzburg Aigen<\/title>\n<meta name=\"robots\" content=\"index, follow, max-snippet:-1, max-image-preview:large, max-video-preview:-1\" \/>\n<link rel=\"canonical\" href=\"https:\/\/imker-aigen.at\/index.php\/2022\/12\/20\/zuchtplan-2023\/\" \/>\n<meta property=\"og:locale\" content=\"de_DE\" \/>\n<meta property=\"og:type\" content=\"article\" \/>\n<meta property=\"og:title\" content=\"Zuchtplan 2023 - Imker Ortsgruppe Salzburg Aigen\" \/>\n<meta property=\"og:url\" content=\"https:\/\/imker-aigen.at\/index.php\/2022\/12\/20\/zuchtplan-2023\/\" \/>\n<meta property=\"og:site_name\" content=\"Imker Ortsgruppe Salzburg Aigen\" \/>\n<meta property=\"article:published_time\" content=\"2022-12-20T10:33:11+00:00\" \/>\n<meta property=\"article:modified_time\" content=\"2022-12-27T14:30:17+00:00\" \/>\n<meta name=\"author\" content=\"admin\" \/>\n<meta name=\"twitter:card\" content=\"summary_large_image\" \/>\n<meta name=\"twitter:label1\" content=\"Verfasst von\" \/>\n\t<meta name=\"twitter:data1\" content=\"admin\" \/>\n\t<meta name=\"twitter:label2\" content=\"Gesch\u00e4tzte Lesezeit\" \/>\n\t<meta name=\"twitter:data2\" content=\"7\u00a0Minuten\" \/>\n<script type=\"application\/ld+json\" class=\"yoast-schema-graph\">{\"@context\":\"https:\\\/\\\/schema.org\",\"@graph\":[{\"@type\":\"Article\",\"@id\":\"https:\\\/\\\/imker-aigen.at\\\/index.php\\\/2022\\\/12\\\/20\\\/zuchtplan-2023\\\/#article\",\"isPartOf\":{\"@id\":\"https:\\\/\\\/imker-aigen.at\\\/index.php\\\/2022\\\/12\\\/20\\\/zuchtplan-2023\\\/\"},\"author\":{\"name\":\"admin\",\"@id\":\"https:\\\/\\\/imker-aigen.at\\\/#\\\/schema\\\/person\\\/d7d0c3a8ef6f051d450781218ac83077\"},\"headline\":\"Zuchtplan 2023\",\"datePublished\":\"2022-12-20T10:33:11+00:00\",\"dateModified\":\"2022-12-27T14:30:17+00:00\",\"mainEntityOfPage\":{\"@id\":\"https:\\\/\\\/imker-aigen.at\\\/index.php\\\/2022\\\/12\\\/20\\\/zuchtplan-2023\\\/\"},\"wordCount\":1841,\"commentCount\":6,\"publisher\":{\"@id\":\"https:\\\/\\\/imker-aigen.at\\\/#organization\"},\"articleSection\":[\"Uncategorized\"],\"inLanguage\":\"de\",\"potentialAction\":[{\"@type\":\"CommentAction\",\"name\":\"Comment\",\"target\":[\"https:\\\/\\\/imker-aigen.at\\\/index.php\\\/2022\\\/12\\\/20\\\/zuchtplan-2023\\\/#respond\"]}]},{\"@type\":\"WebPage\",\"@id\":\"https:\\\/\\\/imker-aigen.at\\\/index.php\\\/2022\\\/12\\\/20\\\/zuchtplan-2023\\\/\",\"url\":\"https:\\\/\\\/imker-aigen.at\\\/index.php\\\/2022\\\/12\\\/20\\\/zuchtplan-2023\\\/\",\"name\":\"Zuchtplan 2023 - Imker Ortsgruppe Salzburg Aigen\",\"isPartOf\":{\"@id\":\"https:\\\/\\\/imker-aigen.at\\\/#website\"},\"datePublished\":\"2022-12-20T10:33:11+00:00\",\"dateModified\":\"2022-12-27T14:30:17+00:00\",\"breadcrumb\":{\"@id\":\"https:\\\/\\\/imker-aigen.at\\\/index.php\\\/2022\\\/12\\\/20\\\/zuchtplan-2023\\\/#breadcrumb\"},\"inLanguage\":\"de\",\"potentialAction\":[{\"@type\":\"ReadAction\",\"target\":[\"https:\\\/\\\/imker-aigen.at\\\/index.php\\\/2022\\\/12\\\/20\\\/zuchtplan-2023\\\/\"]}]},{\"@type\":\"BreadcrumbList\",\"@id\":\"https:\\\/\\\/imker-aigen.at\\\/index.php\\\/2022\\\/12\\\/20\\\/zuchtplan-2023\\\/#breadcrumb\",\"itemListElement\":[{\"@type\":\"ListItem\",\"position\":1,\"name\":\"Startseite\",\"item\":\"https:\\\/\\\/imker-aigen.at\\\/index.php\\\/home\\\/\"},{\"@type\":\"ListItem\",\"position\":2,\"name\":\"Zuchtplan 2023\"}]},{\"@type\":\"WebSite\",\"@id\":\"https:\\\/\\\/imker-aigen.at\\\/#website\",\"url\":\"https:\\\/\\\/imker-aigen.at\\\/\",\"name\":\"Imker Ortsgruppe Salzburg Aigen\",\"description\":\"Homepage der Imker-Ortsgruppe Salzburg Aigen\",\"publisher\":{\"@id\":\"https:\\\/\\\/imker-aigen.at\\\/#organization\"},\"potentialAction\":[{\"@type\":\"SearchAction\",\"target\":{\"@type\":\"EntryPoint\",\"urlTemplate\":\"https:\\\/\\\/imker-aigen.at\\\/?s={search_term_string}\"},\"query-input\":{\"@type\":\"PropertyValueSpecification\",\"valueRequired\":true,\"valueName\":\"search_term_string\"}}],\"inLanguage\":\"de\"},{\"@type\":\"Organization\",\"@id\":\"https:\\\/\\\/imker-aigen.at\\\/#organization\",\"name\":\"Imker Ortsgruppe Salzburg Aigen\",\"url\":\"https:\\\/\\\/imker-aigen.at\\\/\",\"logo\":{\"@type\":\"ImageObject\",\"inLanguage\":\"de\",\"@id\":\"https:\\\/\\\/imker-aigen.at\\\/#\\\/schema\\\/logo\\\/image\\\/\",\"url\":\"https:\\\/\\\/imker-aigen.at\\\/wp-content\\\/uploads\\\/2022\\\/08\\\/logo-1.png\",\"contentUrl\":\"https:\\\/\\\/imker-aigen.at\\\/wp-content\\\/uploads\\\/2022\\\/08\\\/logo-1.png\",\"width\":392,\"height\":156,\"caption\":\"Imker Ortsgruppe Salzburg Aigen\"},\"image\":{\"@id\":\"https:\\\/\\\/imker-aigen.at\\\/#\\\/schema\\\/logo\\\/image\\\/\"}},{\"@type\":\"Person\",\"@id\":\"https:\\\/\\\/imker-aigen.at\\\/#\\\/schema\\\/person\\\/d7d0c3a8ef6f051d450781218ac83077\",\"name\":\"admin\",\"image\":{\"@type\":\"ImageObject\",\"inLanguage\":\"de\",\"@id\":\"https:\\\/\\\/secure.gravatar.com\\\/avatar\\\/925a7e918efd3cfdae29be9c0018a3ae3275cd0444a6e166241172bb6e5243c7?s=96&d=mm&r=g\",\"url\":\"https:\\\/\\\/secure.gravatar.com\\\/avatar\\\/925a7e918efd3cfdae29be9c0018a3ae3275cd0444a6e166241172bb6e5243c7?s=96&d=mm&r=g\",\"contentUrl\":\"https:\\\/\\\/secure.gravatar.com\\\/avatar\\\/925a7e918efd3cfdae29be9c0018a3ae3275cd0444a6e166241172bb6e5243c7?s=96&d=mm&r=g\",\"caption\":\"admin\"},\"sameAs\":[\"https:\\\/\\\/imker-aigen.at\",\"linkedin.com\\\/in\\\/bernd-meierhofer-5919b62\"],\"url\":\"https:\\\/\\\/imker-aigen.at\\\/index.php\\\/author\\\/bmeierhofer\\\/\"}]}<\/script>\n<!-- \/ Yoast SEO plugin. -->","yoast_head_json":{"title":"Zuchtplan 2023 - Imker Ortsgruppe Salzburg Aigen","robots":{"index":"index","follow":"follow","max-snippet":"max-snippet:-1","max-image-preview":"max-image-preview:large","max-video-preview":"max-video-preview:-1"},"canonical":"https:\/\/imker-aigen.at\/index.php\/2022\/12\/20\/zuchtplan-2023\/","og_locale":"de_DE","og_type":"article","og_title":"Zuchtplan 2023 - Imker Ortsgruppe Salzburg Aigen","og_url":"https:\/\/imker-aigen.at\/index.php\/2022\/12\/20\/zuchtplan-2023\/","og_site_name":"Imker Ortsgruppe Salzburg Aigen","article_published_time":"2022-12-20T10:33:11+00:00","article_modified_time":"2022-12-27T14:30:17+00:00","author":"admin","twitter_card":"summary_large_image","twitter_misc":{"Verfasst von":"admin","Gesch\u00e4tzte Lesezeit":"7\u00a0Minuten"},"schema":{"@context":"https:\/\/schema.org","@graph":[{"@type":"Article","@id":"https:\/\/imker-aigen.at\/index.php\/2022\/12\/20\/zuchtplan-2023\/#article","isPartOf":{"@id":"https:\/\/imker-aigen.at\/index.php\/2022\/12\/20\/zuchtplan-2023\/"},"author":{"name":"admin","@id":"https:\/\/imker-aigen.at\/#\/schema\/person\/d7d0c3a8ef6f051d450781218ac83077"},"headline":"Zuchtplan 2023","datePublished":"2022-12-20T10:33:11+00:00","dateModified":"2022-12-27T14:30:17+00:00","mainEntityOfPage":{"@id":"https:\/\/imker-aigen.at\/index.php\/2022\/12\/20\/zuchtplan-2023\/"},"wordCount":1841,"commentCount":6,"publisher":{"@id":"https:\/\/imker-aigen.at\/#organization"},"articleSection":["Uncategorized"],"inLanguage":"de","potentialAction":[{"@type":"CommentAction","name":"Comment","target":["https:\/\/imker-aigen.at\/index.php\/2022\/12\/20\/zuchtplan-2023\/#respond"]}]},{"@type":"WebPage","@id":"https:\/\/imker-aigen.at\/index.php\/2022\/12\/20\/zuchtplan-2023\/","url":"https:\/\/imker-aigen.at\/index.php\/2022\/12\/20\/zuchtplan-2023\/","name":"Zuchtplan 2023 - Imker Ortsgruppe Salzburg Aigen","isPartOf":{"@id":"https:\/\/imker-aigen.at\/#website"},"datePublished":"2022-12-20T10:33:11+00:00","dateModified":"2022-12-27T14:30:17+00:00","breadcrumb":{"@id":"https:\/\/imker-aigen.at\/index.php\/2022\/12\/20\/zuchtplan-2023\/#breadcrumb"},"inLanguage":"de","potentialAction":[{"@type":"ReadAction","target":["https:\/\/imker-aigen.at\/index.php\/2022\/12\/20\/zuchtplan-2023\/"]}]},{"@type":"BreadcrumbList","@id":"https:\/\/imker-aigen.at\/index.php\/2022\/12\/20\/zuchtplan-2023\/#breadcrumb","itemListElement":[{"@type":"ListItem","position":1,"name":"Startseite","item":"https:\/\/imker-aigen.at\/index.php\/home\/"},{"@type":"ListItem","position":2,"name":"Zuchtplan 2023"}]},{"@type":"WebSite","@id":"https:\/\/imker-aigen.at\/#website","url":"https:\/\/imker-aigen.at\/","name":"Imker Ortsgruppe Salzburg Aigen","description":"Homepage der Imker-Ortsgruppe Salzburg Aigen","publisher":{"@id":"https:\/\/imker-aigen.at\/#organization"},"potentialAction":[{"@type":"SearchAction","target":{"@type":"EntryPoint","urlTemplate":"https:\/\/imker-aigen.at\/?s={search_term_string}"},"query-input":{"@type":"PropertyValueSpecification","valueRequired":true,"valueName":"search_term_string"}}],"inLanguage":"de"},{"@type":"Organization","@id":"https:\/\/imker-aigen.at\/#organization","name":"Imker Ortsgruppe Salzburg Aigen","url":"https:\/\/imker-aigen.at\/","logo":{"@type":"ImageObject","inLanguage":"de","@id":"https:\/\/imker-aigen.at\/#\/schema\/logo\/image\/","url":"https:\/\/imker-aigen.at\/wp-content\/uploads\/2022\/08\/logo-1.png","contentUrl":"https:\/\/imker-aigen.at\/wp-content\/uploads\/2022\/08\/logo-1.png","width":392,"height":156,"caption":"Imker Ortsgruppe Salzburg Aigen"},"image":{"@id":"https:\/\/imker-aigen.at\/#\/schema\/logo\/image\/"}},{"@type":"Person","@id":"https:\/\/imker-aigen.at\/#\/schema\/person\/d7d0c3a8ef6f051d450781218ac83077","name":"admin","image":{"@type":"ImageObject","inLanguage":"de","@id":"https:\/\/secure.gravatar.com\/avatar\/925a7e918efd3cfdae29be9c0018a3ae3275cd0444a6e166241172bb6e5243c7?s=96&d=mm&r=g","url":"https:\/\/secure.gravatar.com\/avatar\/925a7e918efd3cfdae29be9c0018a3ae3275cd0444a6e166241172bb6e5243c7?s=96&d=mm&r=g","contentUrl":"https:\/\/secure.gravatar.com\/avatar\/925a7e918efd3cfdae29be9c0018a3ae3275cd0444a6e166241172bb6e5243c7?s=96&d=mm&r=g","caption":"admin"},"sameAs":["https:\/\/imker-aigen.at","linkedin.com\/in\/bernd-meierhofer-5919b62"],"url":"https:\/\/imker-aigen.at\/index.php\/author\/bmeierhofer\/"}]}},"_links":{"self":[{"href":"https:\/\/imker-aigen.at\/index.php\/wp-json\/wp\/v2\/posts\/2457","targetHints":{"allow":["GET"]}}],"collection":[{"href":"https:\/\/imker-aigen.at\/index.php\/wp-json\/wp\/v2\/posts"}],"about":[{"href":"https:\/\/imker-aigen.at\/index.php\/wp-json\/wp\/v2\/types\/post"}],"author":[{"embeddable":true,"href":"https:\/\/imker-aigen.at\/index.php\/wp-json\/wp\/v2\/users\/1"}],"replies":[{"embeddable":true,"href":"https:\/\/imker-aigen.at\/index.php\/wp-json\/wp\/v2\/comments?post=2457"}],"version-history":[{"count":27,"href":"https:\/\/imker-aigen.at\/index.php\/wp-json\/wp\/v2\/posts\/2457\/revisions"}],"predecessor-version":[{"id":2515,"href":"https:\/\/imker-aigen.at\/index.php\/wp-json\/wp\/v2\/posts\/2457\/revisions\/2515"}],"wp:attachment":[{"href":"https:\/\/imker-aigen.at\/index.php\/wp-json\/wp\/v2\/media?parent=2457"}],"wp:term":[{"taxonomy":"category","embeddable":true,"href":"https:\/\/imker-aigen.at\/index.php\/wp-json\/wp\/v2\/categories?post=2457"},{"taxonomy":"post_tag","embeddable":true,"href":"https:\/\/imker-aigen.at\/index.php\/wp-json\/wp\/v2\/tags?post=2457"}],"curies":[{"name":"wp","href":"https:\/\/api.w.org\/{rel}","templated":true}]}}