{"id":2635,"date":"2023-01-16T08:50:07","date_gmt":"2023-01-16T07:50:07","guid":{"rendered":"https:\/\/imker-aigen.at\/?p=2635"},"modified":"2025-01-23T11:44:10","modified_gmt":"2025-01-23T10:44:10","slug":"imkerfachtagung-am-15-jaenner-2023-vortrag-andreas-platzer","status":"publish","type":"post","link":"https:\/\/imker-aigen.at\/index.php\/2023\/01\/16\/imkerfachtagung-am-15-jaenner-2023-vortrag-andreas-platzer\/","title":{"rendered":"Imkerfachtagung am 15. J\u00e4nner 2023 &#8211; Vortrag Andreas Platzer"},"content":{"rendered":"<div  class='flex_column av-598gy3-df590c0e4761b8731db18c5a0fe8b3f9 av_one_full  avia-builder-el-0  avia-builder-el-no-sibling  first flex_column_div  '     ><p>\n<style type=\"text\/css\" data-created_by=\"avia_inline_auto\" id=\"style-css-av-lcyhxhhi-7fb9d21645c33d887a3145cf855cdfd7\">\n#top .av-special-heading.av-lcyhxhhi-7fb9d21645c33d887a3145cf855cdfd7{\npadding-bottom:10px;\n}\nbody .av-special-heading.av-lcyhxhhi-7fb9d21645c33d887a3145cf855cdfd7 .av-special-heading-tag .heading-char{\nfont-size:25px;\n}\n.av-special-heading.av-lcyhxhhi-7fb9d21645c33d887a3145cf855cdfd7 .av-subheading{\nfont-size:15px;\n}\n<\/style>\n<div  class='av-special-heading av-lcyhxhhi-7fb9d21645c33d887a3145cf855cdfd7 av-special-heading-h2  avia-builder-el-1  el_before_av_textblock  avia-builder-el-first '><h2 class='av-special-heading-tag '  itemprop=\"headline\"  >Imkerfachtagung &#8211; 15. J\u00e4nner 2023 &#8211; Vortrag Andreas Platzer<\/h2><div class=\"special-heading-border\"><div class=\"special-heading-inner-border\"><\/div><\/div><\/div><br \/>\n<section  class='av_textblock_section av-lcyi7z7g-4eae051b05c8e6f2e2a16f7cc26b777d '   itemscope=\"itemscope\" itemtype=\"https:\/\/schema.org\/BlogPosting\" itemprop=\"blogPost\" ><div class='avia_textblock'  itemprop=\"text\" ><p>Autoren: Elisabeth Karl, Bernd Meierhofer<\/p>\n<p>Am 15. J\u00e4nner 2023 fand beim Gasthaus Pointwirt in Scheffau eine Imkerfachtagung mit einem Vortrag von Hrn. Andreas Platzer zum Thema &#8222;Ursachenfeststellung bei V\u00f6lkerverlusten&#8220; und &#8222;Varroabek\u00e4mpfung mittels totaler Brutentnahme&#8220; statt.\u00a0 Hr. Ing. agr. Andreas Platzer ist Fachberater f\u00fcr Imkerei und Leiter der <a href=\"https:\/\/www.fachschule-laimburg.it\/de\/imkerschule\">S\u00fcdtiroler Imkerschule<\/a>.<\/p>\n<p>Im Zuge der Veranstaltung wurden auch f\u00fcnf Carnica-Reinzuchtk\u00f6niginnen aus der Zucht von Josef P\u00f6tzleitner (Belegstellenwart der <a href=\"https:\/\/carnica-zuchtgruppe-salzburg.at\/index.php\/belegstellen\/\">Carnica Belegstelle LS5 &#8211; Abtenau Zinkenbach<\/a>) und ein Kunstschwarm verlost.<\/p>\n<p>Viele Imker folgten der Einladung des Salzburger Landesverbands f\u00fcr Imkerei und Bienenzucht zur Imkerfachtagung. Die Organisation und Abwicklung der Veranstaltung wurde aber vom Tennengauer Gauobmann (Pichler Josef) und seiner Frau dankenswerterweise \u00fcbernommen und mit gro\u00dfer Professionalit\u00e4t durchgef\u00fchrt. Die Veranstaltung war restlos ausgebucht und der Saal im Gasthaus Pointwirt vollst\u00e4ndig gef\u00fcllt. 127 Personen nahmen an der Veranstaltung teil. Ein gro\u00dfe Anerkennung ist hier auch dem Team im Gasthaus Pointwirt auszusprechen, da wenige Stunden vor der Imkerfachtagung noch ein Rot-Kreuz-Ball im gleichen Saal stattgefunden hat.<\/p>\n<p>Nun zum Vortrag von Hrn. Andreas Platzer. Der Vormittag stand im Zeichen des Themas &#8222;Ursachenfeststellung bei V\u00f6lkerverlusten&#8220;. Nach der Mittagspause wurden dann abgestorbene Bienenv\u00f6lker, welche von ein paar Teilnehmern mitgebracht wurden, untersucht und versucht deren Todesursache zu ermitteln. Diese Untersuchung und die anschlie\u00dfende Bewertung der V\u00f6lker wurde nat\u00fcrlich anonym durchgef\u00fchrt um auch keinen Teilnehmer zu kompromittieren.\u00a0 Der weitere Nachmittag stand dann im Zeichen von &#8222;Totaler Brutentnahme&#8220;.<\/p>\n<h2>Ursachen f\u00fcr V\u00f6lkerverluste<\/h2>\n<p>Wenn Bienenv\u00f6lker sterben, so ist dies neben dem finanziellen Schaden auch \u00e4rgerlich und frustrierend.\u00a0 Hr. Platzer r\u00e4t, dass man die Ursache f\u00fcr tote Bienenv\u00f6lker m\u00f6glichst genau untersuchen sollte. Jeder Imker sollte f\u00fcr seine tote Bienenv\u00f6lker einen Totenschein mit Angabe der Todesursache ausstellen.<\/p>\n<p>H\u00e4ufige imkerliche Praxis bei toten Bienenv\u00f6lkern ist es, dass das restliche Winterfutter der abgestorbenen Bienenv\u00f6lker aufgehoben und dann sp\u00e4ter zur Bildung von Ablegern verwendet wird. Hr. Platzer stellt die Sinnhaftigkeit dieser Vorgehensweise klar in Frage, zumal hier Krankheiten von Volk zu Volk verbreitet werden k\u00f6nnen und der Wert einer Futterwabe nur bei ca. 3 \u20ac liegt. Durch das Umh\u00e4ngen dieser Futterwaben k\u00f6nnte aber ein Bienenvolk im Wert von ca. 150 \u20ac vernichtet werden. <span class=\"s2\">Waben von toten V\u00f6lkern mit Brutresten d\u00fcrfen niemals in anderen V\u00f6lkern weiterverwendet werden.<br \/>\n<\/span><\/p>\n<p><span class=\"s1\">Hr. Platzer spricht sich klar gegen unn\u00f6tige Transporte von Bienen \u00fcber weite Strecken aus (Zitat: &#8222;die eigene Dummheit bringt die Bienenkrankheiten zu uns&#8220;).<\/span><\/p>\n<p>Worauf gilt es bei der Erforschung der Todesursache eines abgestorbenen Bienenvolks zu achten:<\/p>\n<ul>\n<li>Sind Bienen vorhanden? Falls ja, wo sind diese vorhanden?<\/li>\n<li>Wie sehen die vorhandenen Bienen aus? Trocken, feucht, \u00f6lig?<\/li>\n<li>Ist Futter vorhanden? Falls ja, wie sieht das Futter aus? Wie riecht es und wie schmeckt es?<\/li>\n<li>Sind Brutfl\u00e4chen vorhanden? Falls ja, wie sehen diese aus?<\/li>\n<li>Wie sehen die Waben aus? Besonderes Augenmerk liegt auf den Zellen<\/li>\n<\/ul>\n<h3>Futter<\/h3>\n<p>Hat das Futter einen aromatischen Geschmack, handelt es sich nicht um eingef\u00fcttertes Winterfutter sondern um Nektar, welchen die Bienen nach der Honigernte noch gefunden haben. Sp\u00e4ttrachten (z.B. eine sp\u00e4te Tracht der Tannen oder vom Springkraut), wie sie auch dieses Jahr vorgekommen sind, k\u00f6nnen ein Problem sein, wenn diese zu einer Verkleinerung der Brutfl\u00e4che f\u00fchren und die Bienen somit nicht genug Platz zum Aufbau der notwendigen Winter-Volksst\u00e4rke haben. Es entstehen in Folge kleine V\u00f6lker, welche aber nicht die ausreichende Volksst\u00e4rke f\u00fcr die \u00dcberwinterung haben. Solche V\u00f6lker sind zu schwach um sich in kalten Winterphasen ausreichend zu w\u00e4rmen. Die toten Bienen liegen dann am Beutenboden oder sitzen noch auf den Waben. Es gilt also zu \u00fcberpr\u00fcfen, wie viel Futter im Vergleich zur Gr\u00f6\u00dfe des Brutnests noch vorhanden ist.<\/p>\n<p class=\"p2\"><span class=\"s2\">Abgelaufenes Glykose-Futter und Futter aus Efeu-Sp\u00e4ttracht wird kristallisieren. Efeu-Nektar kommt aber bei uns nie in solchen Mengen vor, dass er problematisch werden k\u00f6nnte. Anders sieht es bei abgelaufenem Futter aus. Hier sparen Imker oftmals an der falschen Stelle.<br \/>\n<\/span><\/p>\n<p>Ist der Mineralstoffgehalt im Futter zu hoch, kann es zu einer Ruhr-Erkrankung (Kot auf den Waben) der Bienen kommen.<\/p>\n<p><span class=\"s2\">Wachspl\u00e4ttchen auf den Stockwindeln sind ein Indiz, dass es den Bienen gut geht und sie mit dem Wabenbau besch\u00e4ftigt sind.<br \/>\n<\/span><\/p>\n<p>Eine weitere Ursache f\u00fcr zu kleine V\u00f6lker k\u00f6nnte auch eine zu sp\u00e4te Ameisens\u00e4urebehandlung gewesen sein. Die Ameisens\u00e4urebehandlung verbrennt die Brut. Eine K\u00f6nigin muss daher nach einer Ameisens\u00e4urebehandlung ihre Legeleistung steigern um noch ein ausreichend starkes Wintervolk aufbauen zu k\u00f6nnen. Alte oder schwache K\u00f6niginnen k\u00f6nnen diese Leistung m\u00f6glicherweise gar nicht mehr erbringen.<\/p>\n<h3>Tote Bienen<\/h3>\n<p>Der Feuchtigkeitsgrad der toten Bienen gibt Auskunft \u00fcber den Todeszeitpunkt. Sind die Bienen noch feucht (Zerreiben auf den Handfl\u00e4chen, feuchte Bienen f\u00e4rben die Handfl\u00e4chen schwarz), sind diese erst k\u00fcrzlich verstorben. Trockene Bienen sind bereits \u00fcber mehrere Wochen tot. \u00d6lig werden die Bienen, falls diese durch \u00dcbers\u00e4uerung verstorben und dann in der Wintertraube mehrfach aufgetaut sind.\u00a0 <span class=\"s2\">\u00dcbers\u00e4uerung durch zu viel Oxals\u00e4ure findet h\u00e4ufig bei Imker-Anf\u00e4ngern statt, wenn diese die V\u00f6lker zu vielen Behandlungen unterziehen.<\/span><\/p>\n<p>Fliegen legen ihre Eier in die wiederholt gefrorene und wieder aufgetaute Bienenmasse. Das Absterben in der Wintertraube kann passieren, wenn das Volk oftmals gest\u00f6rt wurde und sich nicht mehr ausreichend erw\u00e4rmen konnte (z.B.: Spechtschaden).<\/p>\n<p class=\"p2\">Hr. Platzer empfiehlt auch das Aussehen der toten Bienen n\u00e4her zu untersuchen. Daf\u00fcr empfiehlt er die Methode des &#8222;Soldatenfriedhofs&#8220;. Dabei werden die toten Bienen auf einem A4-Blatt nach ihrer Gr\u00f6\u00dfe sortiert. Dabei wird eine Gruppe von gro\u00dfen (normalen), mittelgro\u00dfen und kleinen Bienen gebildet. Insbesondere bei sehr vielen mittelgro\u00dfen und kleinen Bienen ist Gefahr in Verzug. Die Fl\u00fcgel der Bienen sollten ca. gleich lang zum Hinterleib der Bienen sein. Bei zu kleinen Bienen stehen die Fl\u00fcgel \u00fcber den Hinterleib hinaus. Dies ist bereits ein klarer Hinweis f\u00fcr einen<span class=\"s2\"> Varroaschaden. Die Entwicklung der Bienen wurde bereits im Larvenstadium durch die Varroa gest\u00f6rt. Haben die toten Bienen einen dunklen, kahlen Hinterleib, ist das ein Anzeichen f\u00fcr eine Viruserkrankung mit CBPV oder ABPV. Haben die Bienen rundherum die Haare verloren, ist diese ein Anzeichen einer <\/span><span class=\"s2\">\u00dcbers\u00e4uerung durch zu viel Oxals\u00e4ure.<br \/>\n<\/span><\/p>\n<p class=\"s2\">Befinden sich in einem Volk nur noch die K\u00f6nigin mit einem kleinen Haufen an Arbeiterbienen, k\u00f6nnte beim Volk auch eine <i>Nosema ceranae<\/i> Erkrankung vorliegen. Anders als bei der Nosema apis sind bei der <i>Nosema ceranae<\/i> keine oder nur sehr wenige Kotsporen der Bienen zu finden. Nosema ist stark ansteckend und es gibt keine Mittel dagegen. Die \u00dcbertragung auf andere V\u00f6lker erfolgt durch kontaminierte Waben, Imker-Werkzeug oder durch R\u00e4uberei und Verflug der Bienen. Bei Nosema ceranae sind Krabbler-Bienen auff\u00e4llig. Es k\u00f6nnen aber nur wenige tote Bienen im Stock selbst gefunden werden, da die erkrankten Bienen abfliegen. Bei einer <i>Nosema ceranae<\/i> Erkrankung dauert es dann 8-14 Tage, bis das Volk abstirbt.<\/p>\n<p>Hinweis von <a href=\"https:\/\/de.wikipedia.org\/wiki\/Nosemose\">Wikipedia<\/a>: <em>&#8222;Der Imker kann aber Nosema verh\u00e4ltnism\u00e4\u00dfig einfach diagnostizieren: Man zieht aus dem Hinterleib einer toten Biene zwischen Daumennagel und Zeigefingerkuppe den Stachelapparat und den daran h\u00e4ngenden Enddarm. Ist der Inhalt des Enddarms wei\u00dflich-glasig, so handelt es sich mit gro\u00dfer Wahrscheinlichkeit um Nosema. Eine gesunde Biene hat einen gelblich-hellbraunen Darminhalt. &#8222;<\/em><\/p>\n<p>Eine weitere Ursache f\u00fcr kleine V\u00f6lker k\u00f6nnte auch eine Besch\u00e4digung der K\u00f6nigin durch eine Ameisens\u00e4urebehandlung sein.<\/p>\n<p><span class=\"s2\">Abgespreizte Fl\u00fcgel der Bienen weisen auf eine Muskell\u00e4hmung der Bienen hin, verursacht durch den Fl\u00fcgeldeformationsvirus.<br \/>\n<\/span><\/p>\n<p class=\"p2\"><span class=\"s2\">Da bei toten V\u00f6lkern die Varroamilben im Wintergem\u00fcll auf den Windeln nur schwer zu finden sind, empfiehlt Hr. Platzer den Bond-Test. Beim Bond-Test wird eine Hand voll mit toten Bienen in einem 250g Honigglas mit einer w\u00e4ssrigen Seifenl\u00f6sung gewaschen. An den Bienen anhaftende Parasiten sind dann sehr schnell zu sehen. Wichtig ist, dass nicht zu viel Seife verwendet wird. Hier reicht es, wenn ein Tropfen Seifenlauge auf den Finger getropft wird und dann mit diesem Finger der Inhalt im Glas umger\u00fchrt wird.<\/span><\/p>\n<h3>Waben<\/h3>\n<p>Waben von toten V\u00f6lkern immer abklopfen und \u00fcberpr\u00fcfen, ob Milben abfallen. Zus\u00e4tzlich die Waben auch auf Varroakot in den Zellen untersuchen. In einem intakten Volk wird kein Varroakot zu finden sein.<\/p>\n<p class=\"p2\">Auch die Ze<span class=\"s2\">llr\u00e4nder anschauen. Falls die Bienen ordnungsgem\u00e4\u00df geschl\u00fcpft sind, sind die Zellr\u00e4nder dick. Wurde die Zelle aber von au\u00dfen ge\u00f6ffnet, sind die Zellr\u00e4nder d\u00fcnn. Hr. Platzer verglich dies mit einer Konservendose, bei der der Deckel komplett abgeschnitten (Zelldeckel wurde von au\u00dfen ge\u00f6ffnet) oder mit einem Dosen\u00f6ffner ge\u00f6ffnet wurde (Zelldeckel wurde von innen ge\u00f6ffnet).<br \/>\n<\/span><\/p>\n<h4>Untersuchung von verdeckelten Zellen<\/h4>\n<p><span class=\"s2\">Bienen erkennen die W\u00e4rme in den Zellen\u00a0<\/span><span class=\"s2\">und k\u00f6nnen eine entsprechende W\u00e4rmeregulierung durchf\u00fchren. Falls die <\/span><span class=\"s2\">Bienen erkennen, dass von einer Zelle keine R\u00fcckmeldung kommt, schauen die Biene nach. Sie \u00f6ffnen dann den Zelldeckel um zu kontrollieren, ob die Puppe noch lebt. Falls ja, machen sie die Zelle wieder zu. Die Bienen k\u00f6nnen nachtr\u00e4glich aber nur den Wachsdeckel ausbessern und nicht aber das von der Puppe im Inneren der Zelle gebildete Gespinst. Solche Zelldeckel bekommen somit wei\u00dfe Flecken und sind dann ein klarer Hinweis f\u00fcr Varroa in der Brut.\u00a0 <\/span><span class=\"s2\">Solche V\u00f6lker sind aus der Produktion zu nehmen und speziell zu behandeln.<br \/>\n\u00d6ffnet man verdeckelte Zellen und findet man darin eine abgestorbene Puppe, ist dies solange kein Problem, solange hier noch eine abgestorbene Puppe erkennbar ist. Kritisch wird es, falls hier nur noch eine zersetzte, fadenziehende Masse in den ge\u00f6ffneten Zellen gefunden werden kann. Dies k\u00f6nnte dann ein Hinweis f\u00fcr Faulbrut sein.<\/span><\/p>\n<p>Sind im Volk <span class=\"s2\">schimmlige Waben zu finden, passen Wabenmenge und Volksst\u00e4rke nicht zusammen.<br \/>\n<\/span><\/p>\n<h2>Totale Brutentnahme<\/h2>\n<p>Hr. Platzer erkl\u00e4rte, wie es in S\u00fcdtirol zum Varroa-Behandlungskonzept mit der totalen Brutentnahme (TBE) gekommen ist. <span class=\"s2\">Ameisens\u00e4ure war in Italien lange Zeit nicht zugelassen.\u00a0 Die S\u00fcdtiroler-Imker wollten ein Konzept, welches die folgenden Punkte adressiert:<br \/>\n<\/span><\/p>\n<ul>\n<li>Wir haben ein Hygiene-Problem<\/li>\n<li>Wir haben ein R\u00fcckstands-Problem<\/li>\n<li>Wir haben ein Varroa-Problem<\/li>\n<li>Wir haben teilweise Resistenzprobleme<\/li>\n<li>Wir haben <strong>kein<\/strong> Re-Invasionsproblem<\/li>\n<\/ul>\n<p>Die S\u00fcdtiroler-Imker entschieden sich deshalb, mit der TBE die Varrobehandlung und die Bauerneuerung zu kombinieren. Quasi zwei Fliegen mit einer Klappe. Es gab auch zahlreiche negative Stimmen (&#8222;Die V\u00f6lker werden zu stark geschw\u00e4cht, Die Bienen haben dann zu wenige Winterbienen\/Pollenvorr\u00e4te&#8220;) zu diesem Behandlungskonzept. Trotz dieser Argumente konnten die Gegner aber in den letzten Jahren gro\u00dfteils von den Vorteilen der TBE \u00fcberzeugt werden.<\/p>\n<p class=\"p2\"><span class=\"s2\">Hinweis: <\/span><span class=\"s2\">Auf eine Winterbehandlung (Restentmilbung) kann niemals verzichtet werden!\u00a0<\/span><\/p>\n<p>Wie l\u00e4uft die TBE nun im Detail ab?<\/p>\n<h3>Ausgangssituation<\/h3>\n<p>Erntereife Bienenv\u00f6lker, Varroadruck im Toleranzbereich, Bienenanzahl im Normalbereich<\/p>\n<h3>Vorbereitung<\/h3>\n<p>Freie Zargen + Deckel zum Verstauen der Altwaben. neue R\u00e4hmchen mit Mittelw\u00e4nden,\u00a0 Kunstschwarmkiste<\/p>\n<h3>Ablauf<\/h3>\n<ol>\n<li><span class=\"s2\">Einsetzen einer Leerwabe 4 Tage vor der Honigernte\/Brutentnahme mittig in das Brutnest (Fangwabe &#8211; optional). Dieses R\u00e4hmchen am besten mit einem Rei\u00dfnagel kennzeichnen.<br \/>\n<\/span><\/li>\n<li>Honigernte.<\/li>\n<li>Alle Bienen im Stock (inkl. K\u00f6nigin) werden in einer Schwarmkiste einlogiert<\/li>\n<li>Alle R\u00e4hmchen im alten Stock werden entfernt und durch R\u00e4hmchen mit Mittelw\u00e4nden ersetzt. Achtung: das alte Bodenbrett muss unver\u00e4ndert bleiben. Auch nicht reinigen. Das alte Bodenbrett ist der letzte Bezugspunkt f\u00fcr das Bienenvolk zur alten Beute.<\/li>\n<li>Das Volk wird aus der Schwarmkiste wieder retour in die Beute gegeben<\/li>\n<li>Einsetzen der gekennzeichneten Fangwabe (optional). Auf der Fangwabe befinden sich nur frische Eier<\/li>\n<li>Das Volk wird in kleinen Futtermengen (2,5 Liter) wieder aufgef\u00fcttert. Dies d\u00fcrfen nur kleine Futtermengen sein, da das Volk ja erst wieder Zellen zum Einlagern bauen muss<\/li>\n<\/ol>\n<p>Nach 5-7 Tagen sollten die Mittelw\u00e4nde ausgebaut und neue Futterkr\u00e4nze vorhanden sein. Nach dieser Wartepause empfiehlt Hr. Platzer eine Varroa-Bek\u00e4mpfung, sofern nicht mittels Fangwabe gearbeitet wurde. Wurde mit einer Fangwabe gearbeitet, ist diese <span class=\"s2\">14 Tage nach der TBE zu entfernen und einzuschmelzen.<\/span> Mit der Fangwabe oder der Varroa-Bek\u00e4mpfung sollten nun auch jene Varroamilben eliminiert worden sein, welche auf den Bienen aufgesessen sind.<\/p>\n<p>Hr. Platzer sieht das Konzept auch darin best\u00e4tigt, dass Kunstschw\u00e4rme in der Imkerei als die Rennpferde der kommenden Saison gelten. Bei der TBE passiert im Grunde ja das Gleiche, da die V\u00f6lker von der Varroa befreit werden und einen komplett neuen Wabenbau erhalten. Von den S\u00fcdtiroler Imkern wurden auch Versuche unternommen die TBE mit Leerwaben zu machen. Diese waren aber weniger erfolgreich. Hr. Platzer vermutet, dass die Bienen den notwendigen Bautrieb nur mit Mittelw\u00e4nden entwickeln.<br \/>\nHr. Platzer sieht bei der TBE auch Parallelen zum Schw\u00e4rmen von Bienen. Insbesondere zum Abschw\u00e4rmen aufgrund des nat\u00fcrlichen Fluchtverhaltens (Absconding) der Bienen.<\/p>\n<p>Von einer Bildung von Brutscheunen wird von Hr. Platzer abgeraten. Brutscheunen sind laut Hrn. Platzer &#8222;vergebliche M\u00fche&#8220;. Diese V\u00f6lker entwickeln sich in Folge nicht sch\u00f6n.<\/p>\n<h3>Vorteile der TBE<\/h3>\n<ul>\n<li>Reduktion der Varroa-Belastung auf ein absolutes Minimum ohne bzw sehr geringem Einsatz von Behandlungsmitteln<\/li>\n<li class=\"p2\"><span class=\"s2\">Durch den frischen Wabenbau kann die Keimbelastung im Volk reduziert werden\u00a0<\/span><\/li>\n<\/ul>\n<h3>Nachteile der TBE<\/h3>\n<ul>\n<li>Materialschlacht<\/li>\n<li>leicht erh\u00f6hter Futtereinsatz<\/li>\n<li>Aufwand f\u00fcr die Entsorgung der Brutwaben<\/li>\n<\/ul>\n<p>Wie bei allen Ma\u00dfnahmen im Bienenstock, die einigen Bewohnerinnen und Bewohnern das Leben kosten k\u00f6nnten, sollte man auch bei der TBE \u00dcberlegungen zur Bienenethik anstellen, um eine Entscheidung treffen zu k\u00f6nnen, mit der man auch pers\u00f6nlich am besten umgehen kann.<\/p>\n<h2>Fazit<\/h2>\n<p>Die Imkerfachtagung war eine sehr gelungene Veranstaltung. Wir wollen uns an dieser Stelle nochmals sehr herzlich f\u00fcr die Organisation der Veranstaltung und nat\u00fcrlich beim Vortragenden Hrn. Andreas Platzer bedanken! Hoffen wir, dass die Imker zuk\u00fcnftig nur wenige Totenscheine f\u00fcr unsere Bienen ausstellen m\u00fcssen! Der Vortrag hat uns aber gelehrt, dass wir aus unseren V\u00f6lkerverlusten die richtigen Schl\u00fcsse ziehen m\u00fcssen um zuk\u00fcnftig imkerliche Fehler bestm\u00f6glich vermeiden zu k\u00f6nnen. Reflektiertes Handeln ist in der Imkerei ein absolutes Muss.<\/p>\n<h2>Update vom 23.1.2025<\/h2>\n<p>Von Hrn. Platzer wurde zur Nosema ceranae nun folgendes Merkblatt herausgegeben:<\/p>\n<\/div><\/section><br \/>\n\n<style type=\"text\/css\" data-created_by=\"avia_inline_auto\" id=\"style-css-av-m697g06f-3ebd8aefc7f42787e61fd428dd783c96\">\n.avia-image-container.av-m697g06f-3ebd8aefc7f42787e61fd428dd783c96 img.avia_image{\nbox-shadow:none;\n}\n.avia-image-container.av-m697g06f-3ebd8aefc7f42787e61fd428dd783c96 .av-image-caption-overlay-center{\ncolor:#ffffff;\n}\n<\/style>\n<div  class='avia-image-container av-m697g06f-3ebd8aefc7f42787e61fd428dd783c96 av-styling- avia-align-center  avia-builder-el-3  el_after_av_textblock  el_before_av_social_share '   itemprop=\"image\" itemscope=\"itemscope\" itemtype=\"https:\/\/schema.org\/ImageObject\" ><div class=\"avia-image-container-inner\"><div class=\"avia-image-overlay-wrap\"><img decoding=\"async\" fetchpriority=\"high\" class='wp-image-7301 avia-img-lazy-loading-not-7301 avia_image ' src=\"https:\/\/imker-aigen.at\/wp-content\/uploads\/2025\/01\/nosema_ceranae.jpg\" alt='' title='Merkblatt Nosema Ceranae'  height=\"1024\" width=\"768\"  itemprop=\"thumbnailUrl\" srcset=\"https:\/\/imker-aigen.at\/wp-content\/uploads\/2025\/01\/nosema_ceranae.jpg 768w, https:\/\/imker-aigen.at\/wp-content\/uploads\/2025\/01\/nosema_ceranae-225x300.jpg 225w, https:\/\/imker-aigen.at\/wp-content\/uploads\/2025\/01\/nosema_ceranae-529x705.jpg 529w\" sizes=\"(max-width: 768px) 100vw, 768px\" \/><\/div><\/div><\/div><br \/>\n<div  class='av-social-sharing-box av-4a8m0b-74d601df9652ff9aa6f0cb39e2c00c6a av-social-sharing-box-default  avia-builder-el-4  el_after_av_image  el_before_av_comments_list  av-social-sharing-box-fullwidth'><div class=\"av-share-box\"><h5 class='av-share-link-description av-no-toc '>Eintrag teilen<\/h5><ul class=\"av-share-box-list noLightbox\"><li class='av-share-link av-social-link-facebook avia_social_iconfont' ><a target=\"_blank\" aria-label=\"Teilen auf Facebook\" href='https:\/\/www.facebook.com\/sharer.php?u=https:\/\/imker-aigen.at\/index.php\/2023\/01\/16\/imkerfachtagung-am-15-jaenner-2023-vortrag-andreas-platzer\/&#038;t=Imkerfachtagung%20am%2015.%20J%C3%A4nner%202023%20%E2%80%93%20Vortrag%20Andreas%20Platzer' data-av_icon='\ue8f3' data-av_iconfont='entypo-fontello'  title='' data-avia-related-tooltip='Teilen auf Facebook'><span class='avia_hidden_link_text'>Teilen auf Facebook<\/span><\/a><\/li><li class='av-share-link av-social-link-twitter avia_social_iconfont' ><a target=\"_blank\" aria-label=\"Teilen auf X\" href='https:\/\/twitter.com\/share?text=Imkerfachtagung%20am%2015.%20J%C3%A4nner%202023%20%E2%80%93%20Vortrag%20Andreas%20Platzer&#038;url=https:\/\/imker-aigen.at\/?p=2635' data-av_icon='\ue932' data-av_iconfont='entypo-fontello'  title='' data-avia-related-tooltip='Teilen auf X'><span class='avia_hidden_link_text'>Teilen auf X<\/span><\/a><\/li><li class='av-share-link av-social-link-whatsapp avia_social_iconfont' ><a target=\"_blank\" aria-label=\"Teilen auf WhatsApp\" href='https:\/\/api.whatsapp.com\/send?text=https:\/\/imker-aigen.at\/index.php\/2023\/01\/16\/imkerfachtagung-am-15-jaenner-2023-vortrag-andreas-platzer\/' data-av_icon='\uf232' data-av_iconfont='entypo-fontello'  title='' data-avia-related-tooltip='Teilen auf WhatsApp'><span class='avia_hidden_link_text'>Teilen auf WhatsApp<\/span><\/a><\/li><li class='av-share-link av-social-link-pinterest avia_social_iconfont' ><a target=\"_blank\" aria-label=\"Teilen auf Pinterest\" href='https:\/\/pinterest.com\/pin\/create\/button\/?url=https%3A%2F%2Fimker-aigen.at%2Findex.php%2F2023%2F01%2F16%2Fimkerfachtagung-am-15-jaenner-2023-vortrag-andreas-platzer%2F&#038;description=Imkerfachtagung%20am%2015.%20J%C3%A4nner%202023%20%E2%80%93%20Vortrag%20Andreas%20Platzer&#038;media=https%3A%2F%2Fimker-aigen.at%2Fwp-content%2Fuploads%2F2022%2F08%2Fbees_two-705x322.jpg' data-av_icon='\ue8f8' data-av_iconfont='entypo-fontello'  title='' data-avia-related-tooltip='Teilen auf Pinterest'><span class='avia_hidden_link_text'>Teilen auf Pinterest<\/span><\/a><\/li><li class='av-share-link av-social-link-linkedin avia_social_iconfont' ><a target=\"_blank\" aria-label=\"Teilen auf LinkedIn\" href='https:\/\/linkedin.com\/shareArticle?mini=true&#038;title=Imkerfachtagung%20am%2015.%20J%C3%A4nner%202023%20%E2%80%93%20Vortrag%20Andreas%20Platzer&#038;url=https:\/\/imker-aigen.at\/index.php\/2023\/01\/16\/imkerfachtagung-am-15-jaenner-2023-vortrag-andreas-platzer\/' data-av_icon='\ue8fc' data-av_iconfont='entypo-fontello'  title='' data-avia-related-tooltip='Teilen auf LinkedIn'><span class='avia_hidden_link_text'>Teilen auf LinkedIn<\/span><\/a><\/li><li class='av-share-link av-social-link-reddit avia_social_iconfont' ><a target=\"_blank\" aria-label=\"Teilen auf Reddit\" href='https:\/\/reddit.com\/submit?url=https:\/\/imker-aigen.at\/index.php\/2023\/01\/16\/imkerfachtagung-am-15-jaenner-2023-vortrag-andreas-platzer\/&#038;title=Imkerfachtagung%20am%2015.%20J%C3%A4nner%202023%20%E2%80%93%20Vortrag%20Andreas%20Platzer' data-av_icon='\ue927' data-av_iconfont='entypo-fontello'  title='' data-avia-related-tooltip='Teilen auf Reddit'><span class='avia_hidden_link_text'>Teilen auf Reddit<\/span><\/a><\/li><li class='av-share-link av-social-link-mail avia_social_iconfont' ><a  aria-label=\"Per E-Mail teilen\" href='mailto:?subject=Imkerfachtagung%20am%2015.%20J%C3%A4nner%202023%20%E2%80%93%20Vortrag%20Andreas%20Platzer&#038;body=https:\/\/imker-aigen.at\/index.php\/2023\/01\/16\/imkerfachtagung-am-15-jaenner-2023-vortrag-andreas-platzer\/' data-av_icon='\ue805' data-av_iconfont='entypo-fontello'  title='' data-avia-related-tooltip='Per E-Mail teilen'><span class='avia_hidden_link_text'>Per E-Mail teilen<\/span><\/a><\/li><\/ul><\/div><\/div><br \/>\n<div  class='av-buildercomment av-bhiaj-792e74396efa76343ff4be5156dbf03f'><\/div><\/p><\/div>\n","protected":false},"excerpt":{"rendered":"","protected":false},"author":1,"featured_media":826,"comment_status":"open","ping_status":"closed","sticky":false,"template":"","format":"standard","meta":{"footnotes":""},"categories":[18],"tags":[331,99],"class_list":["post-2635","post","type-post","status-publish","format-standard","has-post-thumbnail","hentry","category-alte-veranstaltungen","tag-nosema-ceranae","tag-platzer"],"yoast_head":"<!-- This site is optimized with the Yoast SEO plugin v27.4 - https:\/\/yoast.com\/product\/yoast-seo-wordpress\/ -->\n<title>Imkerfachtagung am 15. J\u00e4nner 2023 - Vortrag Andreas Platzer - Imker Ortsgruppe Salzburg Aigen<\/title>\n<meta name=\"description\" content=\"Vortrag vom Leiter der S\u00fcdtiroler Imkerschule (Andreas Platzer) \u00fcber V\u00f6lkerverluste und die totale Brutentnahme\" \/>\n<meta name=\"robots\" content=\"index, follow, max-snippet:-1, max-image-preview:large, max-video-preview:-1\" \/>\n<link rel=\"canonical\" href=\"https:\/\/imker-aigen.at\/index.php\/2023\/01\/16\/imkerfachtagung-am-15-jaenner-2023-vortrag-andreas-platzer\/\" \/>\n<meta property=\"og:locale\" content=\"de_DE\" \/>\n<meta property=\"og:type\" content=\"article\" \/>\n<meta property=\"og:title\" content=\"Imkerfachtagung am 15. J\u00e4nner 2023 - Vortrag Andreas Platzer - Imker Ortsgruppe Salzburg Aigen\" \/>\n<meta property=\"og:description\" content=\"Vortrag vom Leiter der S\u00fcdtiroler Imkerschule (Andreas Platzer) \u00fcber V\u00f6lkerverluste und die totale Brutentnahme\" \/>\n<meta property=\"og:url\" content=\"https:\/\/imker-aigen.at\/index.php\/2023\/01\/16\/imkerfachtagung-am-15-jaenner-2023-vortrag-andreas-platzer\/\" \/>\n<meta property=\"og:site_name\" content=\"Imker Ortsgruppe Salzburg Aigen\" \/>\n<meta property=\"article:published_time\" content=\"2023-01-16T07:50:07+00:00\" \/>\n<meta property=\"article:modified_time\" content=\"2025-01-23T10:44:10+00:00\" \/>\n<meta property=\"og:image\" content=\"https:\/\/imker-aigen.at\/wp-content\/uploads\/2022\/08\/bees_two-scaled.jpg\" \/>\n\t<meta property=\"og:image:width\" content=\"2560\" \/>\n\t<meta property=\"og:image:height\" content=\"1168\" \/>\n\t<meta property=\"og:image:type\" content=\"image\/jpeg\" \/>\n<meta name=\"author\" content=\"admin\" \/>\n<meta name=\"twitter:card\" content=\"summary_large_image\" \/>\n<meta name=\"twitter:label1\" content=\"Verfasst von\" \/>\n\t<meta name=\"twitter:data1\" content=\"admin\" \/>\n\t<meta name=\"twitter:label2\" content=\"Gesch\u00e4tzte Lesezeit\" \/>\n\t<meta name=\"twitter:data2\" content=\"13\u00a0Minuten\" \/>\n<script type=\"application\/ld+json\" class=\"yoast-schema-graph\">{\"@context\":\"https:\\\/\\\/schema.org\",\"@graph\":[{\"@type\":\"Article\",\"@id\":\"https:\\\/\\\/imker-aigen.at\\\/index.php\\\/2023\\\/01\\\/16\\\/imkerfachtagung-am-15-jaenner-2023-vortrag-andreas-platzer\\\/#article\",\"isPartOf\":{\"@id\":\"https:\\\/\\\/imker-aigen.at\\\/index.php\\\/2023\\\/01\\\/16\\\/imkerfachtagung-am-15-jaenner-2023-vortrag-andreas-platzer\\\/\"},\"author\":{\"name\":\"admin\",\"@id\":\"https:\\\/\\\/imker-aigen.at\\\/#\\\/schema\\\/person\\\/d7d0c3a8ef6f051d450781218ac83077\"},\"headline\":\"Imkerfachtagung am 15. J\u00e4nner 2023 &#8211; Vortrag Andreas Platzer\",\"datePublished\":\"2023-01-16T07:50:07+00:00\",\"dateModified\":\"2025-01-23T10:44:10+00:00\",\"mainEntityOfPage\":{\"@id\":\"https:\\\/\\\/imker-aigen.at\\\/index.php\\\/2023\\\/01\\\/16\\\/imkerfachtagung-am-15-jaenner-2023-vortrag-andreas-platzer\\\/\"},\"wordCount\":3209,\"commentCount\":1,\"publisher\":{\"@id\":\"https:\\\/\\\/imker-aigen.at\\\/#organization\"},\"image\":{\"@id\":\"https:\\\/\\\/imker-aigen.at\\\/index.php\\\/2023\\\/01\\\/16\\\/imkerfachtagung-am-15-jaenner-2023-vortrag-andreas-platzer\\\/#primaryimage\"},\"thumbnailUrl\":\"https:\\\/\\\/imker-aigen.at\\\/wp-content\\\/uploads\\\/2022\\\/08\\\/bees_two-scaled.jpg\",\"keywords\":[\"Nosema ceranae\",\"Platzer\"],\"articleSection\":[\"Alte Veranstaltungen\"],\"inLanguage\":\"de\",\"potentialAction\":[{\"@type\":\"CommentAction\",\"name\":\"Comment\",\"target\":[\"https:\\\/\\\/imker-aigen.at\\\/index.php\\\/2023\\\/01\\\/16\\\/imkerfachtagung-am-15-jaenner-2023-vortrag-andreas-platzer\\\/#respond\"]}]},{\"@type\":\"WebPage\",\"@id\":\"https:\\\/\\\/imker-aigen.at\\\/index.php\\\/2023\\\/01\\\/16\\\/imkerfachtagung-am-15-jaenner-2023-vortrag-andreas-platzer\\\/\",\"url\":\"https:\\\/\\\/imker-aigen.at\\\/index.php\\\/2023\\\/01\\\/16\\\/imkerfachtagung-am-15-jaenner-2023-vortrag-andreas-platzer\\\/\",\"name\":\"Imkerfachtagung am 15. J\u00e4nner 2023 - Vortrag Andreas Platzer - Imker Ortsgruppe Salzburg Aigen\",\"isPartOf\":{\"@id\":\"https:\\\/\\\/imker-aigen.at\\\/#website\"},\"primaryImageOfPage\":{\"@id\":\"https:\\\/\\\/imker-aigen.at\\\/index.php\\\/2023\\\/01\\\/16\\\/imkerfachtagung-am-15-jaenner-2023-vortrag-andreas-platzer\\\/#primaryimage\"},\"image\":{\"@id\":\"https:\\\/\\\/imker-aigen.at\\\/index.php\\\/2023\\\/01\\\/16\\\/imkerfachtagung-am-15-jaenner-2023-vortrag-andreas-platzer\\\/#primaryimage\"},\"thumbnailUrl\":\"https:\\\/\\\/imker-aigen.at\\\/wp-content\\\/uploads\\\/2022\\\/08\\\/bees_two-scaled.jpg\",\"datePublished\":\"2023-01-16T07:50:07+00:00\",\"dateModified\":\"2025-01-23T10:44:10+00:00\",\"description\":\"Vortrag vom Leiter der S\u00fcdtiroler Imkerschule (Andreas Platzer) \u00fcber V\u00f6lkerverluste und die totale Brutentnahme\",\"breadcrumb\":{\"@id\":\"https:\\\/\\\/imker-aigen.at\\\/index.php\\\/2023\\\/01\\\/16\\\/imkerfachtagung-am-15-jaenner-2023-vortrag-andreas-platzer\\\/#breadcrumb\"},\"inLanguage\":\"de\",\"potentialAction\":[{\"@type\":\"ReadAction\",\"target\":[\"https:\\\/\\\/imker-aigen.at\\\/index.php\\\/2023\\\/01\\\/16\\\/imkerfachtagung-am-15-jaenner-2023-vortrag-andreas-platzer\\\/\"]}]},{\"@type\":\"ImageObject\",\"inLanguage\":\"de\",\"@id\":\"https:\\\/\\\/imker-aigen.at\\\/index.php\\\/2023\\\/01\\\/16\\\/imkerfachtagung-am-15-jaenner-2023-vortrag-andreas-platzer\\\/#primaryimage\",\"url\":\"https:\\\/\\\/imker-aigen.at\\\/wp-content\\\/uploads\\\/2022\\\/08\\\/bees_two-scaled.jpg\",\"contentUrl\":\"https:\\\/\\\/imker-aigen.at\\\/wp-content\\\/uploads\\\/2022\\\/08\\\/bees_two-scaled.jpg\",\"width\":2560,\"height\":1168},{\"@type\":\"BreadcrumbList\",\"@id\":\"https:\\\/\\\/imker-aigen.at\\\/index.php\\\/2023\\\/01\\\/16\\\/imkerfachtagung-am-15-jaenner-2023-vortrag-andreas-platzer\\\/#breadcrumb\",\"itemListElement\":[{\"@type\":\"ListItem\",\"position\":1,\"name\":\"Startseite\",\"item\":\"https:\\\/\\\/imker-aigen.at\\\/index.php\\\/home\\\/\"},{\"@type\":\"ListItem\",\"position\":2,\"name\":\"Imkerfachtagung am 15. J\u00e4nner 2023 &#8211; Vortrag Andreas Platzer\"}]},{\"@type\":\"WebSite\",\"@id\":\"https:\\\/\\\/imker-aigen.at\\\/#website\",\"url\":\"https:\\\/\\\/imker-aigen.at\\\/\",\"name\":\"Imker Ortsgruppe Salzburg Aigen\",\"description\":\"Homepage der Imker-Ortsgruppe Salzburg Aigen\",\"publisher\":{\"@id\":\"https:\\\/\\\/imker-aigen.at\\\/#organization\"},\"potentialAction\":[{\"@type\":\"SearchAction\",\"target\":{\"@type\":\"EntryPoint\",\"urlTemplate\":\"https:\\\/\\\/imker-aigen.at\\\/?s={search_term_string}\"},\"query-input\":{\"@type\":\"PropertyValueSpecification\",\"valueRequired\":true,\"valueName\":\"search_term_string\"}}],\"inLanguage\":\"de\"},{\"@type\":\"Organization\",\"@id\":\"https:\\\/\\\/imker-aigen.at\\\/#organization\",\"name\":\"Imker Ortsgruppe Salzburg Aigen\",\"url\":\"https:\\\/\\\/imker-aigen.at\\\/\",\"logo\":{\"@type\":\"ImageObject\",\"inLanguage\":\"de\",\"@id\":\"https:\\\/\\\/imker-aigen.at\\\/#\\\/schema\\\/logo\\\/image\\\/\",\"url\":\"https:\\\/\\\/imker-aigen.at\\\/wp-content\\\/uploads\\\/2022\\\/08\\\/logo-1.png\",\"contentUrl\":\"https:\\\/\\\/imker-aigen.at\\\/wp-content\\\/uploads\\\/2022\\\/08\\\/logo-1.png\",\"width\":392,\"height\":156,\"caption\":\"Imker Ortsgruppe Salzburg Aigen\"},\"image\":{\"@id\":\"https:\\\/\\\/imker-aigen.at\\\/#\\\/schema\\\/logo\\\/image\\\/\"}},{\"@type\":\"Person\",\"@id\":\"https:\\\/\\\/imker-aigen.at\\\/#\\\/schema\\\/person\\\/d7d0c3a8ef6f051d450781218ac83077\",\"name\":\"admin\",\"image\":{\"@type\":\"ImageObject\",\"inLanguage\":\"de\",\"@id\":\"https:\\\/\\\/secure.gravatar.com\\\/avatar\\\/925a7e918efd3cfdae29be9c0018a3ae3275cd0444a6e166241172bb6e5243c7?s=96&d=mm&r=g\",\"url\":\"https:\\\/\\\/secure.gravatar.com\\\/avatar\\\/925a7e918efd3cfdae29be9c0018a3ae3275cd0444a6e166241172bb6e5243c7?s=96&d=mm&r=g\",\"contentUrl\":\"https:\\\/\\\/secure.gravatar.com\\\/avatar\\\/925a7e918efd3cfdae29be9c0018a3ae3275cd0444a6e166241172bb6e5243c7?s=96&d=mm&r=g\",\"caption\":\"admin\"},\"sameAs\":[\"https:\\\/\\\/imker-aigen.at\",\"linkedin.com\\\/in\\\/bernd-meierhofer-5919b62\"],\"url\":\"https:\\\/\\\/imker-aigen.at\\\/index.php\\\/author\\\/bmeierhofer\\\/\"}]}<\/script>\n<!-- \/ Yoast SEO plugin. -->","yoast_head_json":{"title":"Imkerfachtagung am 15. J\u00e4nner 2023 - Vortrag Andreas Platzer - Imker Ortsgruppe Salzburg Aigen","description":"Vortrag vom Leiter der S\u00fcdtiroler Imkerschule (Andreas Platzer) \u00fcber V\u00f6lkerverluste und die totale Brutentnahme","robots":{"index":"index","follow":"follow","max-snippet":"max-snippet:-1","max-image-preview":"max-image-preview:large","max-video-preview":"max-video-preview:-1"},"canonical":"https:\/\/imker-aigen.at\/index.php\/2023\/01\/16\/imkerfachtagung-am-15-jaenner-2023-vortrag-andreas-platzer\/","og_locale":"de_DE","og_type":"article","og_title":"Imkerfachtagung am 15. J\u00e4nner 2023 - Vortrag Andreas Platzer - Imker Ortsgruppe Salzburg Aigen","og_description":"Vortrag vom Leiter der S\u00fcdtiroler Imkerschule (Andreas Platzer) \u00fcber V\u00f6lkerverluste und die totale Brutentnahme","og_url":"https:\/\/imker-aigen.at\/index.php\/2023\/01\/16\/imkerfachtagung-am-15-jaenner-2023-vortrag-andreas-platzer\/","og_site_name":"Imker Ortsgruppe Salzburg Aigen","article_published_time":"2023-01-16T07:50:07+00:00","article_modified_time":"2025-01-23T10:44:10+00:00","og_image":[{"width":2560,"height":1168,"url":"https:\/\/imker-aigen.at\/wp-content\/uploads\/2022\/08\/bees_two-scaled.jpg","type":"image\/jpeg"}],"author":"admin","twitter_card":"summary_large_image","twitter_misc":{"Verfasst von":"admin","Gesch\u00e4tzte Lesezeit":"13\u00a0Minuten"},"schema":{"@context":"https:\/\/schema.org","@graph":[{"@type":"Article","@id":"https:\/\/imker-aigen.at\/index.php\/2023\/01\/16\/imkerfachtagung-am-15-jaenner-2023-vortrag-andreas-platzer\/#article","isPartOf":{"@id":"https:\/\/imker-aigen.at\/index.php\/2023\/01\/16\/imkerfachtagung-am-15-jaenner-2023-vortrag-andreas-platzer\/"},"author":{"name":"admin","@id":"https:\/\/imker-aigen.at\/#\/schema\/person\/d7d0c3a8ef6f051d450781218ac83077"},"headline":"Imkerfachtagung am 15. J\u00e4nner 2023 &#8211; Vortrag Andreas Platzer","datePublished":"2023-01-16T07:50:07+00:00","dateModified":"2025-01-23T10:44:10+00:00","mainEntityOfPage":{"@id":"https:\/\/imker-aigen.at\/index.php\/2023\/01\/16\/imkerfachtagung-am-15-jaenner-2023-vortrag-andreas-platzer\/"},"wordCount":3209,"commentCount":1,"publisher":{"@id":"https:\/\/imker-aigen.at\/#organization"},"image":{"@id":"https:\/\/imker-aigen.at\/index.php\/2023\/01\/16\/imkerfachtagung-am-15-jaenner-2023-vortrag-andreas-platzer\/#primaryimage"},"thumbnailUrl":"https:\/\/imker-aigen.at\/wp-content\/uploads\/2022\/08\/bees_two-scaled.jpg","keywords":["Nosema ceranae","Platzer"],"articleSection":["Alte Veranstaltungen"],"inLanguage":"de","potentialAction":[{"@type":"CommentAction","name":"Comment","target":["https:\/\/imker-aigen.at\/index.php\/2023\/01\/16\/imkerfachtagung-am-15-jaenner-2023-vortrag-andreas-platzer\/#respond"]}]},{"@type":"WebPage","@id":"https:\/\/imker-aigen.at\/index.php\/2023\/01\/16\/imkerfachtagung-am-15-jaenner-2023-vortrag-andreas-platzer\/","url":"https:\/\/imker-aigen.at\/index.php\/2023\/01\/16\/imkerfachtagung-am-15-jaenner-2023-vortrag-andreas-platzer\/","name":"Imkerfachtagung am 15. J\u00e4nner 2023 - Vortrag Andreas Platzer - Imker Ortsgruppe Salzburg Aigen","isPartOf":{"@id":"https:\/\/imker-aigen.at\/#website"},"primaryImageOfPage":{"@id":"https:\/\/imker-aigen.at\/index.php\/2023\/01\/16\/imkerfachtagung-am-15-jaenner-2023-vortrag-andreas-platzer\/#primaryimage"},"image":{"@id":"https:\/\/imker-aigen.at\/index.php\/2023\/01\/16\/imkerfachtagung-am-15-jaenner-2023-vortrag-andreas-platzer\/#primaryimage"},"thumbnailUrl":"https:\/\/imker-aigen.at\/wp-content\/uploads\/2022\/08\/bees_two-scaled.jpg","datePublished":"2023-01-16T07:50:07+00:00","dateModified":"2025-01-23T10:44:10+00:00","description":"Vortrag vom Leiter der S\u00fcdtiroler Imkerschule (Andreas Platzer) \u00fcber V\u00f6lkerverluste und die totale Brutentnahme","breadcrumb":{"@id":"https:\/\/imker-aigen.at\/index.php\/2023\/01\/16\/imkerfachtagung-am-15-jaenner-2023-vortrag-andreas-platzer\/#breadcrumb"},"inLanguage":"de","potentialAction":[{"@type":"ReadAction","target":["https:\/\/imker-aigen.at\/index.php\/2023\/01\/16\/imkerfachtagung-am-15-jaenner-2023-vortrag-andreas-platzer\/"]}]},{"@type":"ImageObject","inLanguage":"de","@id":"https:\/\/imker-aigen.at\/index.php\/2023\/01\/16\/imkerfachtagung-am-15-jaenner-2023-vortrag-andreas-platzer\/#primaryimage","url":"https:\/\/imker-aigen.at\/wp-content\/uploads\/2022\/08\/bees_two-scaled.jpg","contentUrl":"https:\/\/imker-aigen.at\/wp-content\/uploads\/2022\/08\/bees_two-scaled.jpg","width":2560,"height":1168},{"@type":"BreadcrumbList","@id":"https:\/\/imker-aigen.at\/index.php\/2023\/01\/16\/imkerfachtagung-am-15-jaenner-2023-vortrag-andreas-platzer\/#breadcrumb","itemListElement":[{"@type":"ListItem","position":1,"name":"Startseite","item":"https:\/\/imker-aigen.at\/index.php\/home\/"},{"@type":"ListItem","position":2,"name":"Imkerfachtagung am 15. J\u00e4nner 2023 &#8211; Vortrag Andreas Platzer"}]},{"@type":"WebSite","@id":"https:\/\/imker-aigen.at\/#website","url":"https:\/\/imker-aigen.at\/","name":"Imker Ortsgruppe Salzburg Aigen","description":"Homepage der Imker-Ortsgruppe Salzburg Aigen","publisher":{"@id":"https:\/\/imker-aigen.at\/#organization"},"potentialAction":[{"@type":"SearchAction","target":{"@type":"EntryPoint","urlTemplate":"https:\/\/imker-aigen.at\/?s={search_term_string}"},"query-input":{"@type":"PropertyValueSpecification","valueRequired":true,"valueName":"search_term_string"}}],"inLanguage":"de"},{"@type":"Organization","@id":"https:\/\/imker-aigen.at\/#organization","name":"Imker Ortsgruppe Salzburg Aigen","url":"https:\/\/imker-aigen.at\/","logo":{"@type":"ImageObject","inLanguage":"de","@id":"https:\/\/imker-aigen.at\/#\/schema\/logo\/image\/","url":"https:\/\/imker-aigen.at\/wp-content\/uploads\/2022\/08\/logo-1.png","contentUrl":"https:\/\/imker-aigen.at\/wp-content\/uploads\/2022\/08\/logo-1.png","width":392,"height":156,"caption":"Imker Ortsgruppe Salzburg Aigen"},"image":{"@id":"https:\/\/imker-aigen.at\/#\/schema\/logo\/image\/"}},{"@type":"Person","@id":"https:\/\/imker-aigen.at\/#\/schema\/person\/d7d0c3a8ef6f051d450781218ac83077","name":"admin","image":{"@type":"ImageObject","inLanguage":"de","@id":"https:\/\/secure.gravatar.com\/avatar\/925a7e918efd3cfdae29be9c0018a3ae3275cd0444a6e166241172bb6e5243c7?s=96&d=mm&r=g","url":"https:\/\/secure.gravatar.com\/avatar\/925a7e918efd3cfdae29be9c0018a3ae3275cd0444a6e166241172bb6e5243c7?s=96&d=mm&r=g","contentUrl":"https:\/\/secure.gravatar.com\/avatar\/925a7e918efd3cfdae29be9c0018a3ae3275cd0444a6e166241172bb6e5243c7?s=96&d=mm&r=g","caption":"admin"},"sameAs":["https:\/\/imker-aigen.at","linkedin.com\/in\/bernd-meierhofer-5919b62"],"url":"https:\/\/imker-aigen.at\/index.php\/author\/bmeierhofer\/"}]}},"_links":{"self":[{"href":"https:\/\/imker-aigen.at\/index.php\/wp-json\/wp\/v2\/posts\/2635","targetHints":{"allow":["GET"]}}],"collection":[{"href":"https:\/\/imker-aigen.at\/index.php\/wp-json\/wp\/v2\/posts"}],"about":[{"href":"https:\/\/imker-aigen.at\/index.php\/wp-json\/wp\/v2\/types\/post"}],"author":[{"embeddable":true,"href":"https:\/\/imker-aigen.at\/index.php\/wp-json\/wp\/v2\/users\/1"}],"replies":[{"embeddable":true,"href":"https:\/\/imker-aigen.at\/index.php\/wp-json\/wp\/v2\/comments?post=2635"}],"version-history":[{"count":37,"href":"https:\/\/imker-aigen.at\/index.php\/wp-json\/wp\/v2\/posts\/2635\/revisions"}],"predecessor-version":[{"id":7302,"href":"https:\/\/imker-aigen.at\/index.php\/wp-json\/wp\/v2\/posts\/2635\/revisions\/7302"}],"wp:featuredmedia":[{"embeddable":true,"href":"https:\/\/imker-aigen.at\/index.php\/wp-json\/wp\/v2\/media\/826"}],"wp:attachment":[{"href":"https:\/\/imker-aigen.at\/index.php\/wp-json\/wp\/v2\/media?parent=2635"}],"wp:term":[{"taxonomy":"category","embeddable":true,"href":"https:\/\/imker-aigen.at\/index.php\/wp-json\/wp\/v2\/categories?post=2635"},{"taxonomy":"post_tag","embeddable":true,"href":"https:\/\/imker-aigen.at\/index.php\/wp-json\/wp\/v2\/tags?post=2635"}],"curies":[{"name":"wp","href":"https:\/\/api.w.org\/{rel}","templated":true}]}}