{"id":2652,"date":"2023-01-16T10:59:28","date_gmt":"2023-01-16T09:59:28","guid":{"rendered":"https:\/\/imker-aigen.at\/?p=2652"},"modified":"2024-12-11T09:03:30","modified_gmt":"2024-12-11T08:03:30","slug":"neue-imkereifoerderung-mit-1-1-2023","status":"publish","type":"post","link":"https:\/\/imker-aigen.at\/index.php\/2023\/01\/16\/neue-imkereifoerderung-mit-1-1-2023\/","title":{"rendered":"Neue Imkereif\u00f6rderung mit 1.1.2023"},"content":{"rendered":"<div  class='flex_column av-3ak3qk-eceebe70228a4b0bb3d45ff5e5383484 av_one_full  avia-builder-el-0  avia-builder-el-no-sibling  first flex_column_div  '     ><p>\n<style type=\"text\/css\" data-created_by=\"avia_inline_auto\" id=\"style-css-av-lcymwhs9-cecf7c737e17205ab30dd1bd014bf4ab\">\n.avia-image-container.av-lcymwhs9-cecf7c737e17205ab30dd1bd014bf4ab img.avia_image{\nbox-shadow:none;\n}\n.avia-image-container.av-lcymwhs9-cecf7c737e17205ab30dd1bd014bf4ab .av-image-caption-overlay-center{\ncolor:#ffffff;\n}\n<\/style>\n<div  class='avia-image-container av-lcymwhs9-cecf7c737e17205ab30dd1bd014bf4ab av-styling- avia-align-center  avia-builder-el-1  el_before_av_textblock  avia-builder-el-first '   itemprop=\"image\" itemscope=\"itemscope\" itemtype=\"https:\/\/schema.org\/ImageObject\" ><div class=\"avia-image-container-inner\"><div class=\"avia-image-overlay-wrap\"><img decoding=\"async\" fetchpriority=\"high\" class='wp-image-2266 avia-img-lazy-loading-not-2266 avia_image ' src=\"https:\/\/imker-aigen.at\/wp-content\/uploads\/2022\/11\/european_flag.jpg\" alt='' title='European Flag'  height=\"395\" width=\"592\"  itemprop=\"thumbnailUrl\" srcset=\"https:\/\/imker-aigen.at\/wp-content\/uploads\/2022\/11\/european_flag.jpg 592w, https:\/\/imker-aigen.at\/wp-content\/uploads\/2022\/11\/european_flag-300x200.jpg 300w\" sizes=\"(max-width: 592px) 100vw, 592px\" \/><\/div><\/div><\/div><br \/>\n<section  class='av_textblock_section av-lcymw0q1-ab88805da3056d9b9c0d8527ea895bf9 '   itemscope=\"itemscope\" itemtype=\"https:\/\/schema.org\/BlogPosting\" itemprop=\"blogPost\" ><div class='avia_textblock'  itemprop=\"text\" ><p>Seit 1.1.2023 ist die neue Imkereif\u00f6rderung in Kraft. Details dazu siehe:<\/p>\n<p><a href=\"https:\/\/www.biene-oesterreich.at\/die-neue-sonderrichtlinie-imkereifoerderung-2023-2027-tritt-mit-01-01-2023-in-kraft+2500+1142613\">Die neue \u201eSonderrichtlinie Imkereif\u00f6rderung 2023-2027 tritt mit 01.01.2023 in Kraft | Aktuell (biene-oesterreich.at)<\/a><\/p>\n<p>bzw. auf den Internetseiten der Digitalen F\u00f6rderplattform (DFP) der AMA:<\/p>\n<p><a href=\"https:\/\/www.ama.at\/dfp\/foerderungen-fristen\">F\u00f6rderungen \/ Fristen | AMA &#8211; AgrarMarkt Austria<\/a><\/p>\n<p>F\u00fcr Imker ist vor allem die F\u00f6rderma\u00dfnahme &#8222;<strong>55-04 Investitionen im Imkereisektor<\/strong>&#8220; von Bedeutung.<\/p>\n<p>\u00dcber den Link &#8222;Aufrufverfahren&#8220; kommt man dann zur Schaltfl\u00e4che &#8222;F\u00f6rderantrag stellen&#8220; und in Folge zur eAMA-Seite mit der Anmeldung via PIN-Code oder Handy-Signatur.<\/p>\n<p><strong>Achtung: Die Einreichfrist bis 15.06.2023 beachten!<\/strong><\/p>\n<\/div><\/section><br \/>\n<div  class='av-social-sharing-box av-3uuzgs-e8599c5cf00c5fafbaa206b07fd3d63f av-social-sharing-box-default  avia-builder-el-3  el_after_av_textblock  el_before_av_comments_list  av-social-sharing-box-fullwidth'><div class=\"av-share-box\"><h5 class='av-share-link-description av-no-toc '>Eintrag teilen<\/h5><ul class=\"av-share-box-list noLightbox\"><li class='av-share-link av-social-link-facebook avia_social_iconfont' ><a target=\"_blank\" aria-label=\"Teilen auf Facebook\" href='https:\/\/www.facebook.com\/sharer.php?u=https:\/\/imker-aigen.at\/index.php\/2023\/01\/16\/neue-imkereifoerderung-mit-1-1-2023\/&#038;t=Neue%20Imkereif%C3%B6rderung%20mit%201.1.2023' data-av_icon='\ue8f3' data-av_iconfont='entypo-fontello'  title='' data-avia-related-tooltip='Teilen auf Facebook'><span class='avia_hidden_link_text'>Teilen auf Facebook<\/span><\/a><\/li><li class='av-share-link av-social-link-twitter avia_social_iconfont' ><a target=\"_blank\" aria-label=\"Teilen auf X\" href='https:\/\/twitter.com\/share?text=Neue%20Imkereif%C3%B6rderung%20mit%201.1.2023&#038;url=https:\/\/imker-aigen.at\/?p=2652' data-av_icon='\ue932' data-av_iconfont='entypo-fontello'  title='' data-avia-related-tooltip='Teilen auf X'><span class='avia_hidden_link_text'>Teilen auf X<\/span><\/a><\/li><li class='av-share-link av-social-link-whatsapp avia_social_iconfont' ><a target=\"_blank\" aria-label=\"Teilen auf WhatsApp\" href='https:\/\/api.whatsapp.com\/send?text=https:\/\/imker-aigen.at\/index.php\/2023\/01\/16\/neue-imkereifoerderung-mit-1-1-2023\/' data-av_icon='\uf232' data-av_iconfont='entypo-fontello'  title='' data-avia-related-tooltip='Teilen auf WhatsApp'><span class='avia_hidden_link_text'>Teilen auf WhatsApp<\/span><\/a><\/li><li class='av-share-link av-social-link-pinterest avia_social_iconfont' ><a target=\"_blank\" aria-label=\"Teilen auf Pinterest\" href='https:\/\/pinterest.com\/pin\/create\/button\/?url=https%3A%2F%2Fimker-aigen.at%2Findex.php%2F2023%2F01%2F16%2Fneue-imkereifoerderung-mit-1-1-2023%2F&#038;description=Neue%20Imkereif%C3%B6rderung%20mit%201.1.2023&#038;media=https%3A%2F%2Fimker-aigen.at%2Fwp-content%2Fuploads%2F2022%2F11%2Feuropean_flag.jpg' data-av_icon='\ue8f8' data-av_iconfont='entypo-fontello'  title='' data-avia-related-tooltip='Teilen auf Pinterest'><span class='avia_hidden_link_text'>Teilen auf Pinterest<\/span><\/a><\/li><li class='av-share-link av-social-link-linkedin avia_social_iconfont' ><a target=\"_blank\" aria-label=\"Teilen auf LinkedIn\" href='https:\/\/linkedin.com\/shareArticle?mini=true&#038;title=Neue%20Imkereif%C3%B6rderung%20mit%201.1.2023&#038;url=https:\/\/imker-aigen.at\/index.php\/2023\/01\/16\/neue-imkereifoerderung-mit-1-1-2023\/' data-av_icon='\ue8fc' data-av_iconfont='entypo-fontello'  title='' data-avia-related-tooltip='Teilen auf LinkedIn'><span class='avia_hidden_link_text'>Teilen auf LinkedIn<\/span><\/a><\/li><li class='av-share-link av-social-link-reddit avia_social_iconfont' ><a target=\"_blank\" aria-label=\"Teilen auf Reddit\" href='https:\/\/reddit.com\/submit?url=https:\/\/imker-aigen.at\/index.php\/2023\/01\/16\/neue-imkereifoerderung-mit-1-1-2023\/&#038;title=Neue%20Imkereif%C3%B6rderung%20mit%201.1.2023' data-av_icon='\ue927' data-av_iconfont='entypo-fontello'  title='' data-avia-related-tooltip='Teilen auf Reddit'><span class='avia_hidden_link_text'>Teilen auf Reddit<\/span><\/a><\/li><li class='av-share-link av-social-link-mail avia_social_iconfont' ><a  aria-label=\"Per E-Mail teilen\" href='mailto:?subject=Neue%20Imkereif%C3%B6rderung%20mit%201.1.2023&#038;body=https:\/\/imker-aigen.at\/index.php\/2023\/01\/16\/neue-imkereifoerderung-mit-1-1-2023\/' data-av_icon='\ue805' data-av_iconfont='entypo-fontello'  title='' data-avia-related-tooltip='Per E-Mail teilen'><span class='avia_hidden_link_text'>Per E-Mail teilen<\/span><\/a><\/li><\/ul><\/div><\/div><br \/>\n<div  class='av-buildercomment av-2gzpu4-8127a86522eacd41be7a2f6435875d41'><\/div><\/p><\/div>\n","protected":false},"excerpt":{"rendered":"","protected":false},"author":1,"featured_media":2266,"comment_status":"open","ping_status":"closed","sticky":false,"template":"","format":"standard","meta":{"footnotes":""},"categories":[1],"tags":[],"class_list":["post-2652","post","type-post","status-publish","format-standard","has-post-thumbnail","hentry","category-uncategorized"],"yoast_head":"<!-- This site is optimized with the Yoast SEO plugin v27.4 - https:\/\/yoast.com\/product\/yoast-seo-wordpress\/ -->\n<title>Neue Imkereif\u00f6rderung mit 1.1.2023 - Imker Ortsgruppe Salzburg Aigen<\/title>\n<meta name=\"description\" content=\"Seit 1.1.2023 ist die neue Imkereif\u00f6rderung in Kraft\" \/>\n<meta name=\"robots\" content=\"index, follow, max-snippet:-1, max-image-preview:large, max-video-preview:-1\" \/>\n<link rel=\"canonical\" href=\"https:\/\/imker-aigen.at\/index.php\/2023\/01\/16\/neue-imkereifoerderung-mit-1-1-2023\/\" \/>\n<meta property=\"og:locale\" content=\"de_DE\" \/>\n<meta property=\"og:type\" content=\"article\" \/>\n<meta property=\"og:title\" content=\"Neue Imkereif\u00f6rderung mit 1.1.2023 - Imker Ortsgruppe Salzburg Aigen\" \/>\n<meta property=\"og:description\" content=\"Seit 1.1.2023 ist die neue Imkereif\u00f6rderung in Kraft\" \/>\n<meta property=\"og:url\" content=\"https:\/\/imker-aigen.at\/index.php\/2023\/01\/16\/neue-imkereifoerderung-mit-1-1-2023\/\" \/>\n<meta property=\"og:site_name\" content=\"Imker Ortsgruppe Salzburg Aigen\" \/>\n<meta property=\"article:published_time\" content=\"2023-01-16T09:59:28+00:00\" \/>\n<meta property=\"article:modified_time\" content=\"2024-12-11T08:03:30+00:00\" \/>\n<meta property=\"og:image\" content=\"https:\/\/imker-aigen.at\/wp-content\/uploads\/2022\/11\/european_flag.jpg\" \/>\n\t<meta property=\"og:image:width\" content=\"592\" \/>\n\t<meta property=\"og:image:height\" content=\"395\" \/>\n\t<meta property=\"og:image:type\" content=\"image\/jpeg\" \/>\n<meta name=\"author\" content=\"admin\" \/>\n<meta name=\"twitter:card\" content=\"summary_large_image\" \/>\n<meta name=\"twitter:label1\" content=\"Verfasst von\" \/>\n\t<meta name=\"twitter:data1\" content=\"admin\" \/>\n\t<meta name=\"twitter:label2\" content=\"Gesch\u00e4tzte Lesezeit\" \/>\n\t<meta name=\"twitter:data2\" content=\"2\u00a0Minuten\" \/>\n<script type=\"application\/ld+json\" class=\"yoast-schema-graph\">{\"@context\":\"https:\\\/\\\/schema.org\",\"@graph\":[{\"@type\":\"Article\",\"@id\":\"https:\\\/\\\/imker-aigen.at\\\/index.php\\\/2023\\\/01\\\/16\\\/neue-imkereifoerderung-mit-1-1-2023\\\/#article\",\"isPartOf\":{\"@id\":\"https:\\\/\\\/imker-aigen.at\\\/index.php\\\/2023\\\/01\\\/16\\\/neue-imkereifoerderung-mit-1-1-2023\\\/\"},\"author\":{\"name\":\"admin\",\"@id\":\"https:\\\/\\\/imker-aigen.at\\\/#\\\/schema\\\/person\\\/d7d0c3a8ef6f051d450781218ac83077\"},\"headline\":\"Neue Imkereif\u00f6rderung mit 1.1.2023\",\"datePublished\":\"2023-01-16T09:59:28+00:00\",\"dateModified\":\"2024-12-11T08:03:30+00:00\",\"mainEntityOfPage\":{\"@id\":\"https:\\\/\\\/imker-aigen.at\\\/index.php\\\/2023\\\/01\\\/16\\\/neue-imkereifoerderung-mit-1-1-2023\\\/\"},\"wordCount\":793,\"commentCount\":0,\"publisher\":{\"@id\":\"https:\\\/\\\/imker-aigen.at\\\/#organization\"},\"image\":{\"@id\":\"https:\\\/\\\/imker-aigen.at\\\/index.php\\\/2023\\\/01\\\/16\\\/neue-imkereifoerderung-mit-1-1-2023\\\/#primaryimage\"},\"thumbnailUrl\":\"https:\\\/\\\/imker-aigen.at\\\/wp-content\\\/uploads\\\/2022\\\/11\\\/european_flag.jpg\",\"articleSection\":[\"Uncategorized\"],\"inLanguage\":\"de\",\"potentialAction\":[{\"@type\":\"CommentAction\",\"name\":\"Comment\",\"target\":[\"https:\\\/\\\/imker-aigen.at\\\/index.php\\\/2023\\\/01\\\/16\\\/neue-imkereifoerderung-mit-1-1-2023\\\/#respond\"]}]},{\"@type\":\"WebPage\",\"@id\":\"https:\\\/\\\/imker-aigen.at\\\/index.php\\\/2023\\\/01\\\/16\\\/neue-imkereifoerderung-mit-1-1-2023\\\/\",\"url\":\"https:\\\/\\\/imker-aigen.at\\\/index.php\\\/2023\\\/01\\\/16\\\/neue-imkereifoerderung-mit-1-1-2023\\\/\",\"name\":\"Neue Imkereif\u00f6rderung mit 1.1.2023 - Imker Ortsgruppe Salzburg Aigen\",\"isPartOf\":{\"@id\":\"https:\\\/\\\/imker-aigen.at\\\/#website\"},\"primaryImageOfPage\":{\"@id\":\"https:\\\/\\\/imker-aigen.at\\\/index.php\\\/2023\\\/01\\\/16\\\/neue-imkereifoerderung-mit-1-1-2023\\\/#primaryimage\"},\"image\":{\"@id\":\"https:\\\/\\\/imker-aigen.at\\\/index.php\\\/2023\\\/01\\\/16\\\/neue-imkereifoerderung-mit-1-1-2023\\\/#primaryimage\"},\"thumbnailUrl\":\"https:\\\/\\\/imker-aigen.at\\\/wp-content\\\/uploads\\\/2022\\\/11\\\/european_flag.jpg\",\"datePublished\":\"2023-01-16T09:59:28+00:00\",\"dateModified\":\"2024-12-11T08:03:30+00:00\",\"description\":\"Seit 1.1.2023 ist die neue Imkereif\u00f6rderung in Kraft\",\"breadcrumb\":{\"@id\":\"https:\\\/\\\/imker-aigen.at\\\/index.php\\\/2023\\\/01\\\/16\\\/neue-imkereifoerderung-mit-1-1-2023\\\/#breadcrumb\"},\"inLanguage\":\"de\",\"potentialAction\":[{\"@type\":\"ReadAction\",\"target\":[\"https:\\\/\\\/imker-aigen.at\\\/index.php\\\/2023\\\/01\\\/16\\\/neue-imkereifoerderung-mit-1-1-2023\\\/\"]}]},{\"@type\":\"ImageObject\",\"inLanguage\":\"de\",\"@id\":\"https:\\\/\\\/imker-aigen.at\\\/index.php\\\/2023\\\/01\\\/16\\\/neue-imkereifoerderung-mit-1-1-2023\\\/#primaryimage\",\"url\":\"https:\\\/\\\/imker-aigen.at\\\/wp-content\\\/uploads\\\/2022\\\/11\\\/european_flag.jpg\",\"contentUrl\":\"https:\\\/\\\/imker-aigen.at\\\/wp-content\\\/uploads\\\/2022\\\/11\\\/european_flag.jpg\",\"width\":592,\"height\":395,\"caption\":\"Fahne der Europ\u00e4ischen Union\"},{\"@type\":\"BreadcrumbList\",\"@id\":\"https:\\\/\\\/imker-aigen.at\\\/index.php\\\/2023\\\/01\\\/16\\\/neue-imkereifoerderung-mit-1-1-2023\\\/#breadcrumb\",\"itemListElement\":[{\"@type\":\"ListItem\",\"position\":1,\"name\":\"Startseite\",\"item\":\"https:\\\/\\\/imker-aigen.at\\\/index.php\\\/home\\\/\"},{\"@type\":\"ListItem\",\"position\":2,\"name\":\"Neue Imkereif\u00f6rderung mit 1.1.2023\"}]},{\"@type\":\"WebSite\",\"@id\":\"https:\\\/\\\/imker-aigen.at\\\/#website\",\"url\":\"https:\\\/\\\/imker-aigen.at\\\/\",\"name\":\"Imker Ortsgruppe Salzburg Aigen\",\"description\":\"Homepage der Imker-Ortsgruppe Salzburg Aigen\",\"publisher\":{\"@id\":\"https:\\\/\\\/imker-aigen.at\\\/#organization\"},\"potentialAction\":[{\"@type\":\"SearchAction\",\"target\":{\"@type\":\"EntryPoint\",\"urlTemplate\":\"https:\\\/\\\/imker-aigen.at\\\/?s={search_term_string}\"},\"query-input\":{\"@type\":\"PropertyValueSpecification\",\"valueRequired\":true,\"valueName\":\"search_term_string\"}}],\"inLanguage\":\"de\"},{\"@type\":\"Organization\",\"@id\":\"https:\\\/\\\/imker-aigen.at\\\/#organization\",\"name\":\"Imker Ortsgruppe Salzburg Aigen\",\"url\":\"https:\\\/\\\/imker-aigen.at\\\/\",\"logo\":{\"@type\":\"ImageObject\",\"inLanguage\":\"de\",\"@id\":\"https:\\\/\\\/imker-aigen.at\\\/#\\\/schema\\\/logo\\\/image\\\/\",\"url\":\"https:\\\/\\\/imker-aigen.at\\\/wp-content\\\/uploads\\\/2022\\\/08\\\/logo-1.png\",\"contentUrl\":\"https:\\\/\\\/imker-aigen.at\\\/wp-content\\\/uploads\\\/2022\\\/08\\\/logo-1.png\",\"width\":392,\"height\":156,\"caption\":\"Imker Ortsgruppe Salzburg Aigen\"},\"image\":{\"@id\":\"https:\\\/\\\/imker-aigen.at\\\/#\\\/schema\\\/logo\\\/image\\\/\"}},{\"@type\":\"Person\",\"@id\":\"https:\\\/\\\/imker-aigen.at\\\/#\\\/schema\\\/person\\\/d7d0c3a8ef6f051d450781218ac83077\",\"name\":\"admin\",\"image\":{\"@type\":\"ImageObject\",\"inLanguage\":\"de\",\"@id\":\"https:\\\/\\\/secure.gravatar.com\\\/avatar\\\/925a7e918efd3cfdae29be9c0018a3ae3275cd0444a6e166241172bb6e5243c7?s=96&d=mm&r=g\",\"url\":\"https:\\\/\\\/secure.gravatar.com\\\/avatar\\\/925a7e918efd3cfdae29be9c0018a3ae3275cd0444a6e166241172bb6e5243c7?s=96&d=mm&r=g\",\"contentUrl\":\"https:\\\/\\\/secure.gravatar.com\\\/avatar\\\/925a7e918efd3cfdae29be9c0018a3ae3275cd0444a6e166241172bb6e5243c7?s=96&d=mm&r=g\",\"caption\":\"admin\"},\"sameAs\":[\"https:\\\/\\\/imker-aigen.at\",\"linkedin.com\\\/in\\\/bernd-meierhofer-5919b62\"],\"url\":\"https:\\\/\\\/imker-aigen.at\\\/index.php\\\/author\\\/bmeierhofer\\\/\"}]}<\/script>\n<!-- \/ Yoast SEO plugin. -->","yoast_head_json":{"title":"Neue Imkereif\u00f6rderung mit 1.1.2023 - Imker Ortsgruppe Salzburg Aigen","description":"Seit 1.1.2023 ist die neue Imkereif\u00f6rderung in Kraft","robots":{"index":"index","follow":"follow","max-snippet":"max-snippet:-1","max-image-preview":"max-image-preview:large","max-video-preview":"max-video-preview:-1"},"canonical":"https:\/\/imker-aigen.at\/index.php\/2023\/01\/16\/neue-imkereifoerderung-mit-1-1-2023\/","og_locale":"de_DE","og_type":"article","og_title":"Neue Imkereif\u00f6rderung mit 1.1.2023 - Imker Ortsgruppe Salzburg Aigen","og_description":"Seit 1.1.2023 ist die neue Imkereif\u00f6rderung in Kraft","og_url":"https:\/\/imker-aigen.at\/index.php\/2023\/01\/16\/neue-imkereifoerderung-mit-1-1-2023\/","og_site_name":"Imker Ortsgruppe Salzburg Aigen","article_published_time":"2023-01-16T09:59:28+00:00","article_modified_time":"2024-12-11T08:03:30+00:00","og_image":[{"width":592,"height":395,"url":"https:\/\/imker-aigen.at\/wp-content\/uploads\/2022\/11\/european_flag.jpg","type":"image\/jpeg"}],"author":"admin","twitter_card":"summary_large_image","twitter_misc":{"Verfasst von":"admin","Gesch\u00e4tzte Lesezeit":"2\u00a0Minuten"},"schema":{"@context":"https:\/\/schema.org","@graph":[{"@type":"Article","@id":"https:\/\/imker-aigen.at\/index.php\/2023\/01\/16\/neue-imkereifoerderung-mit-1-1-2023\/#article","isPartOf":{"@id":"https:\/\/imker-aigen.at\/index.php\/2023\/01\/16\/neue-imkereifoerderung-mit-1-1-2023\/"},"author":{"name":"admin","@id":"https:\/\/imker-aigen.at\/#\/schema\/person\/d7d0c3a8ef6f051d450781218ac83077"},"headline":"Neue Imkereif\u00f6rderung mit 1.1.2023","datePublished":"2023-01-16T09:59:28+00:00","dateModified":"2024-12-11T08:03:30+00:00","mainEntityOfPage":{"@id":"https:\/\/imker-aigen.at\/index.php\/2023\/01\/16\/neue-imkereifoerderung-mit-1-1-2023\/"},"wordCount":793,"commentCount":0,"publisher":{"@id":"https:\/\/imker-aigen.at\/#organization"},"image":{"@id":"https:\/\/imker-aigen.at\/index.php\/2023\/01\/16\/neue-imkereifoerderung-mit-1-1-2023\/#primaryimage"},"thumbnailUrl":"https:\/\/imker-aigen.at\/wp-content\/uploads\/2022\/11\/european_flag.jpg","articleSection":["Uncategorized"],"inLanguage":"de","potentialAction":[{"@type":"CommentAction","name":"Comment","target":["https:\/\/imker-aigen.at\/index.php\/2023\/01\/16\/neue-imkereifoerderung-mit-1-1-2023\/#respond"]}]},{"@type":"WebPage","@id":"https:\/\/imker-aigen.at\/index.php\/2023\/01\/16\/neue-imkereifoerderung-mit-1-1-2023\/","url":"https:\/\/imker-aigen.at\/index.php\/2023\/01\/16\/neue-imkereifoerderung-mit-1-1-2023\/","name":"Neue Imkereif\u00f6rderung mit 1.1.2023 - Imker Ortsgruppe Salzburg Aigen","isPartOf":{"@id":"https:\/\/imker-aigen.at\/#website"},"primaryImageOfPage":{"@id":"https:\/\/imker-aigen.at\/index.php\/2023\/01\/16\/neue-imkereifoerderung-mit-1-1-2023\/#primaryimage"},"image":{"@id":"https:\/\/imker-aigen.at\/index.php\/2023\/01\/16\/neue-imkereifoerderung-mit-1-1-2023\/#primaryimage"},"thumbnailUrl":"https:\/\/imker-aigen.at\/wp-content\/uploads\/2022\/11\/european_flag.jpg","datePublished":"2023-01-16T09:59:28+00:00","dateModified":"2024-12-11T08:03:30+00:00","description":"Seit 1.1.2023 ist die neue Imkereif\u00f6rderung in Kraft","breadcrumb":{"@id":"https:\/\/imker-aigen.at\/index.php\/2023\/01\/16\/neue-imkereifoerderung-mit-1-1-2023\/#breadcrumb"},"inLanguage":"de","potentialAction":[{"@type":"ReadAction","target":["https:\/\/imker-aigen.at\/index.php\/2023\/01\/16\/neue-imkereifoerderung-mit-1-1-2023\/"]}]},{"@type":"ImageObject","inLanguage":"de","@id":"https:\/\/imker-aigen.at\/index.php\/2023\/01\/16\/neue-imkereifoerderung-mit-1-1-2023\/#primaryimage","url":"https:\/\/imker-aigen.at\/wp-content\/uploads\/2022\/11\/european_flag.jpg","contentUrl":"https:\/\/imker-aigen.at\/wp-content\/uploads\/2022\/11\/european_flag.jpg","width":592,"height":395,"caption":"Fahne der Europ\u00e4ischen Union"},{"@type":"BreadcrumbList","@id":"https:\/\/imker-aigen.at\/index.php\/2023\/01\/16\/neue-imkereifoerderung-mit-1-1-2023\/#breadcrumb","itemListElement":[{"@type":"ListItem","position":1,"name":"Startseite","item":"https:\/\/imker-aigen.at\/index.php\/home\/"},{"@type":"ListItem","position":2,"name":"Neue Imkereif\u00f6rderung mit 1.1.2023"}]},{"@type":"WebSite","@id":"https:\/\/imker-aigen.at\/#website","url":"https:\/\/imker-aigen.at\/","name":"Imker Ortsgruppe Salzburg Aigen","description":"Homepage der Imker-Ortsgruppe Salzburg Aigen","publisher":{"@id":"https:\/\/imker-aigen.at\/#organization"},"potentialAction":[{"@type":"SearchAction","target":{"@type":"EntryPoint","urlTemplate":"https:\/\/imker-aigen.at\/?s={search_term_string}"},"query-input":{"@type":"PropertyValueSpecification","valueRequired":true,"valueName":"search_term_string"}}],"inLanguage":"de"},{"@type":"Organization","@id":"https:\/\/imker-aigen.at\/#organization","name":"Imker Ortsgruppe Salzburg Aigen","url":"https:\/\/imker-aigen.at\/","logo":{"@type":"ImageObject","inLanguage":"de","@id":"https:\/\/imker-aigen.at\/#\/schema\/logo\/image\/","url":"https:\/\/imker-aigen.at\/wp-content\/uploads\/2022\/08\/logo-1.png","contentUrl":"https:\/\/imker-aigen.at\/wp-content\/uploads\/2022\/08\/logo-1.png","width":392,"height":156,"caption":"Imker Ortsgruppe Salzburg Aigen"},"image":{"@id":"https:\/\/imker-aigen.at\/#\/schema\/logo\/image\/"}},{"@type":"Person","@id":"https:\/\/imker-aigen.at\/#\/schema\/person\/d7d0c3a8ef6f051d450781218ac83077","name":"admin","image":{"@type":"ImageObject","inLanguage":"de","@id":"https:\/\/secure.gravatar.com\/avatar\/925a7e918efd3cfdae29be9c0018a3ae3275cd0444a6e166241172bb6e5243c7?s=96&d=mm&r=g","url":"https:\/\/secure.gravatar.com\/avatar\/925a7e918efd3cfdae29be9c0018a3ae3275cd0444a6e166241172bb6e5243c7?s=96&d=mm&r=g","contentUrl":"https:\/\/secure.gravatar.com\/avatar\/925a7e918efd3cfdae29be9c0018a3ae3275cd0444a6e166241172bb6e5243c7?s=96&d=mm&r=g","caption":"admin"},"sameAs":["https:\/\/imker-aigen.at","linkedin.com\/in\/bernd-meierhofer-5919b62"],"url":"https:\/\/imker-aigen.at\/index.php\/author\/bmeierhofer\/"}]}},"_links":{"self":[{"href":"https:\/\/imker-aigen.at\/index.php\/wp-json\/wp\/v2\/posts\/2652","targetHints":{"allow":["GET"]}}],"collection":[{"href":"https:\/\/imker-aigen.at\/index.php\/wp-json\/wp\/v2\/posts"}],"about":[{"href":"https:\/\/imker-aigen.at\/index.php\/wp-json\/wp\/v2\/types\/post"}],"author":[{"embeddable":true,"href":"https:\/\/imker-aigen.at\/index.php\/wp-json\/wp\/v2\/users\/1"}],"replies":[{"embeddable":true,"href":"https:\/\/imker-aigen.at\/index.php\/wp-json\/wp\/v2\/comments?post=2652"}],"version-history":[{"count":4,"href":"https:\/\/imker-aigen.at\/index.php\/wp-json\/wp\/v2\/posts\/2652\/revisions"}],"predecessor-version":[{"id":2894,"href":"https:\/\/imker-aigen.at\/index.php\/wp-json\/wp\/v2\/posts\/2652\/revisions\/2894"}],"wp:featuredmedia":[{"embeddable":true,"href":"https:\/\/imker-aigen.at\/index.php\/wp-json\/wp\/v2\/media\/2266"}],"wp:attachment":[{"href":"https:\/\/imker-aigen.at\/index.php\/wp-json\/wp\/v2\/media?parent=2652"}],"wp:term":[{"taxonomy":"category","embeddable":true,"href":"https:\/\/imker-aigen.at\/index.php\/wp-json\/wp\/v2\/categories?post=2652"},{"taxonomy":"post_tag","embeddable":true,"href":"https:\/\/imker-aigen.at\/index.php\/wp-json\/wp\/v2\/tags?post=2652"}],"curies":[{"name":"wp","href":"https:\/\/api.w.org\/{rel}","templated":true}]}}