{"id":2995,"date":"2023-02-22T08:41:43","date_gmt":"2023-02-22T07:41:43","guid":{"rendered":"https:\/\/imker-aigen.at\/?p=2995"},"modified":"2023-09-18T13:51:22","modified_gmt":"2023-09-18T11:51:22","slug":"fachtagung-2023-des-oesterreichischen-erwerbsimkerbunds-vortrag-zum-thema-leistungspruefung-und-zuchtwertschaetzung","status":"publish","type":"post","link":"https:\/\/imker-aigen.at\/index.php\/2023\/02\/22\/fachtagung-2023-des-oesterreichischen-erwerbsimkerbunds-vortrag-zum-thema-leistungspruefung-und-zuchtwertschaetzung\/","title":{"rendered":"Fachtagung 2023 des \u00d6sterreichischen Erwerbsimkerbunds &#8211; Vortrag zum Thema Leistungspr\u00fcfung und Zuchtwertsch\u00e4tzung"},"content":{"rendered":"<div  class='flex_column av-2o9feb-7eb08308be147d211ada218923efc8b3 av_one_full  avia-builder-el-0  avia-builder-el-no-sibling  first flex_column_div  '     ><p>\n<style type=\"text\/css\" data-created_by=\"avia_inline_auto\" id=\"style-css-av-lefcwgro-2ae42616dac8a8884669d6d69938544f\">\n#top .av-special-heading.av-lefcwgro-2ae42616dac8a8884669d6d69938544f{\npadding-bottom:10px;\n}\nbody .av-special-heading.av-lefcwgro-2ae42616dac8a8884669d6d69938544f .av-special-heading-tag .heading-char{\nfont-size:25px;\n}\n.av-special-heading.av-lefcwgro-2ae42616dac8a8884669d6d69938544f .av-subheading{\nfont-size:15px;\n}\n<\/style>\n<div  class='av-special-heading av-lefcwgro-2ae42616dac8a8884669d6d69938544f av-special-heading-h3  avia-builder-el-1  el_before_av_hr  avia-builder-el-first '><h3 class='av-special-heading-tag '  itemprop=\"headline\"  >Fachtagung 2023 des \u00d6sterreichischen Erwerbsimkerbunds &#8211; Vortrag zum Thema Leistungspr\u00fcfung und Zuchtwertsch\u00e4tzung<\/h3><div class=\"special-heading-border\"><div class=\"special-heading-inner-border\"><\/div><\/div><\/div><br \/>\n\n<style type=\"text\/css\" data-created_by=\"avia_inline_auto\" id=\"style-css-av-lefdbvco-a9d5e5fadad98915351d6f2f1df0fce4\">\n#top .hr.hr-invisible.av-lefdbvco-a9d5e5fadad98915351d6f2f1df0fce4{\nheight:50px;\n}\n<\/style>\n<div  class='hr av-lefdbvco-a9d5e5fadad98915351d6f2f1df0fce4 hr-invisible  avia-builder-el-2  el_after_av_heading  el_before_av_image '><span class='hr-inner '><span class=\"hr-inner-style\"><\/span><\/span><\/div><br \/>\n\n<style type=\"text\/css\" data-created_by=\"avia_inline_auto\" id=\"style-css-av-lefdfdi0-3fcff2914b1a3edea589264db6b5d49a\">\n.avia-image-container.av-lefdfdi0-3fcff2914b1a3edea589264db6b5d49a img.avia_image{\nbox-shadow:none;\n}\n.avia-image-container.av-lefdfdi0-3fcff2914b1a3edea589264db6b5d49a .av-image-caption-overlay-center{\ncolor:#ffffff;\n}\n<\/style>\n<div  class='avia-image-container av-lefdfdi0-3fcff2914b1a3edea589264db6b5d49a av-styling- avia-align-center  avia-builder-el-3  el_after_av_hr  el_before_av_textblock '   itemprop=\"image\" itemscope=\"itemscope\" itemtype=\"https:\/\/schema.org\/ImageObject\" ><div class=\"avia-image-container-inner\"><div class=\"avia-image-overlay-wrap\"><img decoding=\"async\" fetchpriority=\"high\" class='wp-image-2999 avia-img-lazy-loading-not-2999 avia_image ' src=\"https:\/\/imker-aigen.at\/wp-content\/uploads\/2023\/02\/OEIB_Fachtagung2023.jpg\" alt='' title='OEIB Fachtagung 2023'  height=\"80\" width=\"347\"  itemprop=\"thumbnailUrl\" srcset=\"https:\/\/imker-aigen.at\/wp-content\/uploads\/2023\/02\/OEIB_Fachtagung2023.jpg 347w, https:\/\/imker-aigen.at\/wp-content\/uploads\/2023\/02\/OEIB_Fachtagung2023-300x69.jpg 300w\" sizes=\"(max-width: 347px) 100vw, 347px\" \/><\/div><\/div><\/div><br \/>\n<section  class='av_textblock_section av-lefd9utc-91da10f88a83766dcd1c4c19d014fcd1 '   itemscope=\"itemscope\" itemtype=\"https:\/\/schema.org\/BlogPosting\" itemprop=\"blogPost\" ><div class='avia_textblock'  itemprop=\"text\" ><p>Eine Zusammenfassung \u00fcber den im Zuge der <a href=\"https:\/\/www.erwerbsimkerbund.at\/imkermesse-anfrage-fuer-aussteller-beekeeping-fair-request-for-exhibitors+2500+1141768\">Fachtagung 2023 des \u00d6sterreichischen Erwerbsimkerbunds<\/a> von Hrn. Neubauer und Hrn. Rubinigg gehaltenen Vortrags zum Thema &#8222;Leistungspr\u00fcfung und Zuchtwertsch\u00e4tzung&#8220; ist auf der <a href=\"https:\/\/carnica-zuchtgruppe-salzburg.at\/\">Homepage der Carnica Zuchtgruppe Salzburg<\/a> zu finden.<\/p>\n<p class=\"av-special-heading-tag\"><a href=\"https:\/\/carnica-zuchtgruppe-salzburg.at\/index.php\/2023\/02\/21\/leistungspruefung-und-zuchtwertschaetzung-vortrag-von-hrn-neubauer-und-hrn-rubinigg-am-19-02-2023\/\">Leistungspr\u00fcfung und Zuchtwertsch\u00e4tzung \u2013 Vortrag von Hrn. Neubauer und Hrn. Rubinigg am 19.02.2023<\/a><\/p>\n<div class=\"special-heading-border\"><\/div>\n<\/div><\/section><\/p><\/div>\n","protected":false},"excerpt":{"rendered":"","protected":false},"author":1,"featured_media":2999,"comment_status":"open","ping_status":"closed","sticky":false,"template":"","format":"standard","meta":{"footnotes":""},"categories":[18],"tags":[100,101],"class_list":["post-2995","post","type-post","status-publish","format-standard","has-post-thumbnail","hentry","category-alte-veranstaltungen","tag-leistungspruefung","tag-zuchtwertschaetzung"],"yoast_head":"<!-- This site is optimized with the Yoast SEO plugin v27.4 - https:\/\/yoast.com\/product\/yoast-seo-wordpress\/ -->\n<title>Fachtagung 2023 des \u00d6sterreichischen Erwerbsimkerbunds - Vortrag zum Thema Leistungspr\u00fcfung und Zuchtwertsch\u00e4tzung - Imker Ortsgruppe Salzburg Aigen<\/title>\n<meta name=\"description\" content=\"Ein kurzer Bericht \u00fcber einen Vortrag bei der Fachtagung 2023 des \u00d6sterreichischen Erwerbsimkerbunds in Wels\" \/>\n<meta name=\"robots\" content=\"index, follow, max-snippet:-1, max-image-preview:large, max-video-preview:-1\" \/>\n<link rel=\"canonical\" href=\"https:\/\/imker-aigen.at\/index.php\/2023\/02\/22\/fachtagung-2023-des-oesterreichischen-erwerbsimkerbunds-vortrag-zum-thema-leistungspruefung-und-zuchtwertschaetzung\/\" \/>\n<meta property=\"og:locale\" content=\"de_DE\" \/>\n<meta property=\"og:type\" content=\"article\" \/>\n<meta property=\"og:title\" content=\"Fachtagung 2023 des \u00d6sterreichischen Erwerbsimkerbunds - Vortrag zum Thema Leistungspr\u00fcfung und Zuchtwertsch\u00e4tzung - Imker Ortsgruppe Salzburg Aigen\" \/>\n<meta property=\"og:description\" content=\"Ein kurzer Bericht \u00fcber einen Vortrag bei der Fachtagung 2023 des \u00d6sterreichischen Erwerbsimkerbunds in Wels\" \/>\n<meta property=\"og:url\" content=\"https:\/\/imker-aigen.at\/index.php\/2023\/02\/22\/fachtagung-2023-des-oesterreichischen-erwerbsimkerbunds-vortrag-zum-thema-leistungspruefung-und-zuchtwertschaetzung\/\" \/>\n<meta property=\"og:site_name\" content=\"Imker Ortsgruppe Salzburg Aigen\" \/>\n<meta property=\"article:published_time\" content=\"2023-02-22T07:41:43+00:00\" \/>\n<meta property=\"article:modified_time\" content=\"2023-09-18T11:51:22+00:00\" \/>\n<meta property=\"og:image\" content=\"https:\/\/imker-aigen.at\/wp-content\/uploads\/2023\/02\/OEIB_Fachtagung2023.jpg\" \/>\n\t<meta property=\"og:image:width\" content=\"347\" \/>\n\t<meta property=\"og:image:height\" content=\"80\" \/>\n\t<meta property=\"og:image:type\" content=\"image\/jpeg\" \/>\n<meta name=\"author\" content=\"admin\" \/>\n<meta name=\"twitter:card\" content=\"summary_large_image\" \/>\n<meta name=\"twitter:label1\" content=\"Verfasst von\" \/>\n\t<meta name=\"twitter:data1\" content=\"admin\" \/>\n\t<meta name=\"twitter:label2\" content=\"Gesch\u00e4tzte Lesezeit\" \/>\n\t<meta name=\"twitter:data2\" content=\"3\u00a0Minuten\" \/>\n<script type=\"application\/ld+json\" class=\"yoast-schema-graph\">{\"@context\":\"https:\\\/\\\/schema.org\",\"@graph\":[{\"@type\":\"Article\",\"@id\":\"https:\\\/\\\/imker-aigen.at\\\/index.php\\\/2023\\\/02\\\/22\\\/fachtagung-2023-des-oesterreichischen-erwerbsimkerbunds-vortrag-zum-thema-leistungspruefung-und-zuchtwertschaetzung\\\/#article\",\"isPartOf\":{\"@id\":\"https:\\\/\\\/imker-aigen.at\\\/index.php\\\/2023\\\/02\\\/22\\\/fachtagung-2023-des-oesterreichischen-erwerbsimkerbunds-vortrag-zum-thema-leistungspruefung-und-zuchtwertschaetzung\\\/\"},\"author\":{\"name\":\"admin\",\"@id\":\"https:\\\/\\\/imker-aigen.at\\\/#\\\/schema\\\/person\\\/d7d0c3a8ef6f051d450781218ac83077\"},\"headline\":\"Fachtagung 2023 des \u00d6sterreichischen Erwerbsimkerbunds &#8211; Vortrag zum Thema Leistungspr\u00fcfung und Zuchtwertsch\u00e4tzung\",\"datePublished\":\"2023-02-22T07:41:43+00:00\",\"dateModified\":\"2023-09-18T11:51:22+00:00\",\"mainEntityOfPage\":{\"@id\":\"https:\\\/\\\/imker-aigen.at\\\/index.php\\\/2023\\\/02\\\/22\\\/fachtagung-2023-des-oesterreichischen-erwerbsimkerbunds-vortrag-zum-thema-leistungspruefung-und-zuchtwertschaetzung\\\/\"},\"wordCount\":812,\"commentCount\":0,\"publisher\":{\"@id\":\"https:\\\/\\\/imker-aigen.at\\\/#organization\"},\"image\":{\"@id\":\"https:\\\/\\\/imker-aigen.at\\\/index.php\\\/2023\\\/02\\\/22\\\/fachtagung-2023-des-oesterreichischen-erwerbsimkerbunds-vortrag-zum-thema-leistungspruefung-und-zuchtwertschaetzung\\\/#primaryimage\"},\"thumbnailUrl\":\"https:\\\/\\\/imker-aigen.at\\\/wp-content\\\/uploads\\\/2023\\\/02\\\/OEIB_Fachtagung2023.jpg\",\"keywords\":[\"Leistungspr\u00fcfung\",\"Zuchtwertsch\u00e4tzung\"],\"articleSection\":[\"Alte Veranstaltungen\"],\"inLanguage\":\"de\",\"potentialAction\":[{\"@type\":\"CommentAction\",\"name\":\"Comment\",\"target\":[\"https:\\\/\\\/imker-aigen.at\\\/index.php\\\/2023\\\/02\\\/22\\\/fachtagung-2023-des-oesterreichischen-erwerbsimkerbunds-vortrag-zum-thema-leistungspruefung-und-zuchtwertschaetzung\\\/#respond\"]}]},{\"@type\":\"WebPage\",\"@id\":\"https:\\\/\\\/imker-aigen.at\\\/index.php\\\/2023\\\/02\\\/22\\\/fachtagung-2023-des-oesterreichischen-erwerbsimkerbunds-vortrag-zum-thema-leistungspruefung-und-zuchtwertschaetzung\\\/\",\"url\":\"https:\\\/\\\/imker-aigen.at\\\/index.php\\\/2023\\\/02\\\/22\\\/fachtagung-2023-des-oesterreichischen-erwerbsimkerbunds-vortrag-zum-thema-leistungspruefung-und-zuchtwertschaetzung\\\/\",\"name\":\"Fachtagung 2023 des \u00d6sterreichischen Erwerbsimkerbunds - Vortrag zum Thema Leistungspr\u00fcfung und Zuchtwertsch\u00e4tzung - Imker Ortsgruppe Salzburg Aigen\",\"isPartOf\":{\"@id\":\"https:\\\/\\\/imker-aigen.at\\\/#website\"},\"primaryImageOfPage\":{\"@id\":\"https:\\\/\\\/imker-aigen.at\\\/index.php\\\/2023\\\/02\\\/22\\\/fachtagung-2023-des-oesterreichischen-erwerbsimkerbunds-vortrag-zum-thema-leistungspruefung-und-zuchtwertschaetzung\\\/#primaryimage\"},\"image\":{\"@id\":\"https:\\\/\\\/imker-aigen.at\\\/index.php\\\/2023\\\/02\\\/22\\\/fachtagung-2023-des-oesterreichischen-erwerbsimkerbunds-vortrag-zum-thema-leistungspruefung-und-zuchtwertschaetzung\\\/#primaryimage\"},\"thumbnailUrl\":\"https:\\\/\\\/imker-aigen.at\\\/wp-content\\\/uploads\\\/2023\\\/02\\\/OEIB_Fachtagung2023.jpg\",\"datePublished\":\"2023-02-22T07:41:43+00:00\",\"dateModified\":\"2023-09-18T11:51:22+00:00\",\"description\":\"Ein kurzer Bericht \u00fcber einen Vortrag bei der Fachtagung 2023 des \u00d6sterreichischen Erwerbsimkerbunds in Wels\",\"breadcrumb\":{\"@id\":\"https:\\\/\\\/imker-aigen.at\\\/index.php\\\/2023\\\/02\\\/22\\\/fachtagung-2023-des-oesterreichischen-erwerbsimkerbunds-vortrag-zum-thema-leistungspruefung-und-zuchtwertschaetzung\\\/#breadcrumb\"},\"inLanguage\":\"de\",\"potentialAction\":[{\"@type\":\"ReadAction\",\"target\":[\"https:\\\/\\\/imker-aigen.at\\\/index.php\\\/2023\\\/02\\\/22\\\/fachtagung-2023-des-oesterreichischen-erwerbsimkerbunds-vortrag-zum-thema-leistungspruefung-und-zuchtwertschaetzung\\\/\"]}]},{\"@type\":\"ImageObject\",\"inLanguage\":\"de\",\"@id\":\"https:\\\/\\\/imker-aigen.at\\\/index.php\\\/2023\\\/02\\\/22\\\/fachtagung-2023-des-oesterreichischen-erwerbsimkerbunds-vortrag-zum-thema-leistungspruefung-und-zuchtwertschaetzung\\\/#primaryimage\",\"url\":\"https:\\\/\\\/imker-aigen.at\\\/wp-content\\\/uploads\\\/2023\\\/02\\\/OEIB_Fachtagung2023.jpg\",\"contentUrl\":\"https:\\\/\\\/imker-aigen.at\\\/wp-content\\\/uploads\\\/2023\\\/02\\\/OEIB_Fachtagung2023.jpg\",\"width\":347,\"height\":80},{\"@type\":\"BreadcrumbList\",\"@id\":\"https:\\\/\\\/imker-aigen.at\\\/index.php\\\/2023\\\/02\\\/22\\\/fachtagung-2023-des-oesterreichischen-erwerbsimkerbunds-vortrag-zum-thema-leistungspruefung-und-zuchtwertschaetzung\\\/#breadcrumb\",\"itemListElement\":[{\"@type\":\"ListItem\",\"position\":1,\"name\":\"Startseite\",\"item\":\"https:\\\/\\\/imker-aigen.at\\\/index.php\\\/home\\\/\"},{\"@type\":\"ListItem\",\"position\":2,\"name\":\"Fachtagung 2023 des \u00d6sterreichischen Erwerbsimkerbunds &#8211; Vortrag zum Thema Leistungspr\u00fcfung und Zuchtwertsch\u00e4tzung\"}]},{\"@type\":\"WebSite\",\"@id\":\"https:\\\/\\\/imker-aigen.at\\\/#website\",\"url\":\"https:\\\/\\\/imker-aigen.at\\\/\",\"name\":\"Imker Ortsgruppe Salzburg Aigen\",\"description\":\"Homepage der Imker-Ortsgruppe Salzburg Aigen\",\"publisher\":{\"@id\":\"https:\\\/\\\/imker-aigen.at\\\/#organization\"},\"potentialAction\":[{\"@type\":\"SearchAction\",\"target\":{\"@type\":\"EntryPoint\",\"urlTemplate\":\"https:\\\/\\\/imker-aigen.at\\\/?s={search_term_string}\"},\"query-input\":{\"@type\":\"PropertyValueSpecification\",\"valueRequired\":true,\"valueName\":\"search_term_string\"}}],\"inLanguage\":\"de\"},{\"@type\":\"Organization\",\"@id\":\"https:\\\/\\\/imker-aigen.at\\\/#organization\",\"name\":\"Imker Ortsgruppe Salzburg Aigen\",\"url\":\"https:\\\/\\\/imker-aigen.at\\\/\",\"logo\":{\"@type\":\"ImageObject\",\"inLanguage\":\"de\",\"@id\":\"https:\\\/\\\/imker-aigen.at\\\/#\\\/schema\\\/logo\\\/image\\\/\",\"url\":\"https:\\\/\\\/imker-aigen.at\\\/wp-content\\\/uploads\\\/2022\\\/08\\\/logo-1.png\",\"contentUrl\":\"https:\\\/\\\/imker-aigen.at\\\/wp-content\\\/uploads\\\/2022\\\/08\\\/logo-1.png\",\"width\":392,\"height\":156,\"caption\":\"Imker Ortsgruppe Salzburg Aigen\"},\"image\":{\"@id\":\"https:\\\/\\\/imker-aigen.at\\\/#\\\/schema\\\/logo\\\/image\\\/\"}},{\"@type\":\"Person\",\"@id\":\"https:\\\/\\\/imker-aigen.at\\\/#\\\/schema\\\/person\\\/d7d0c3a8ef6f051d450781218ac83077\",\"name\":\"admin\",\"image\":{\"@type\":\"ImageObject\",\"inLanguage\":\"de\",\"@id\":\"https:\\\/\\\/secure.gravatar.com\\\/avatar\\\/925a7e918efd3cfdae29be9c0018a3ae3275cd0444a6e166241172bb6e5243c7?s=96&d=mm&r=g\",\"url\":\"https:\\\/\\\/secure.gravatar.com\\\/avatar\\\/925a7e918efd3cfdae29be9c0018a3ae3275cd0444a6e166241172bb6e5243c7?s=96&d=mm&r=g\",\"contentUrl\":\"https:\\\/\\\/secure.gravatar.com\\\/avatar\\\/925a7e918efd3cfdae29be9c0018a3ae3275cd0444a6e166241172bb6e5243c7?s=96&d=mm&r=g\",\"caption\":\"admin\"},\"sameAs\":[\"https:\\\/\\\/imker-aigen.at\",\"linkedin.com\\\/in\\\/bernd-meierhofer-5919b62\"],\"url\":\"https:\\\/\\\/imker-aigen.at\\\/index.php\\\/author\\\/bmeierhofer\\\/\"}]}<\/script>\n<!-- \/ Yoast SEO plugin. -->","yoast_head_json":{"title":"Fachtagung 2023 des \u00d6sterreichischen Erwerbsimkerbunds - Vortrag zum Thema Leistungspr\u00fcfung und Zuchtwertsch\u00e4tzung - Imker Ortsgruppe Salzburg Aigen","description":"Ein kurzer Bericht \u00fcber einen Vortrag bei der Fachtagung 2023 des \u00d6sterreichischen Erwerbsimkerbunds in Wels","robots":{"index":"index","follow":"follow","max-snippet":"max-snippet:-1","max-image-preview":"max-image-preview:large","max-video-preview":"max-video-preview:-1"},"canonical":"https:\/\/imker-aigen.at\/index.php\/2023\/02\/22\/fachtagung-2023-des-oesterreichischen-erwerbsimkerbunds-vortrag-zum-thema-leistungspruefung-und-zuchtwertschaetzung\/","og_locale":"de_DE","og_type":"article","og_title":"Fachtagung 2023 des \u00d6sterreichischen Erwerbsimkerbunds - Vortrag zum Thema Leistungspr\u00fcfung und Zuchtwertsch\u00e4tzung - Imker Ortsgruppe Salzburg Aigen","og_description":"Ein kurzer Bericht \u00fcber einen Vortrag bei der Fachtagung 2023 des \u00d6sterreichischen Erwerbsimkerbunds in Wels","og_url":"https:\/\/imker-aigen.at\/index.php\/2023\/02\/22\/fachtagung-2023-des-oesterreichischen-erwerbsimkerbunds-vortrag-zum-thema-leistungspruefung-und-zuchtwertschaetzung\/","og_site_name":"Imker Ortsgruppe Salzburg Aigen","article_published_time":"2023-02-22T07:41:43+00:00","article_modified_time":"2023-09-18T11:51:22+00:00","og_image":[{"width":347,"height":80,"url":"https:\/\/imker-aigen.at\/wp-content\/uploads\/2023\/02\/OEIB_Fachtagung2023.jpg","type":"image\/jpeg"}],"author":"admin","twitter_card":"summary_large_image","twitter_misc":{"Verfasst von":"admin","Gesch\u00e4tzte Lesezeit":"3\u00a0Minuten"},"schema":{"@context":"https:\/\/schema.org","@graph":[{"@type":"Article","@id":"https:\/\/imker-aigen.at\/index.php\/2023\/02\/22\/fachtagung-2023-des-oesterreichischen-erwerbsimkerbunds-vortrag-zum-thema-leistungspruefung-und-zuchtwertschaetzung\/#article","isPartOf":{"@id":"https:\/\/imker-aigen.at\/index.php\/2023\/02\/22\/fachtagung-2023-des-oesterreichischen-erwerbsimkerbunds-vortrag-zum-thema-leistungspruefung-und-zuchtwertschaetzung\/"},"author":{"name":"admin","@id":"https:\/\/imker-aigen.at\/#\/schema\/person\/d7d0c3a8ef6f051d450781218ac83077"},"headline":"Fachtagung 2023 des \u00d6sterreichischen Erwerbsimkerbunds &#8211; Vortrag zum Thema Leistungspr\u00fcfung und Zuchtwertsch\u00e4tzung","datePublished":"2023-02-22T07:41:43+00:00","dateModified":"2023-09-18T11:51:22+00:00","mainEntityOfPage":{"@id":"https:\/\/imker-aigen.at\/index.php\/2023\/02\/22\/fachtagung-2023-des-oesterreichischen-erwerbsimkerbunds-vortrag-zum-thema-leistungspruefung-und-zuchtwertschaetzung\/"},"wordCount":812,"commentCount":0,"publisher":{"@id":"https:\/\/imker-aigen.at\/#organization"},"image":{"@id":"https:\/\/imker-aigen.at\/index.php\/2023\/02\/22\/fachtagung-2023-des-oesterreichischen-erwerbsimkerbunds-vortrag-zum-thema-leistungspruefung-und-zuchtwertschaetzung\/#primaryimage"},"thumbnailUrl":"https:\/\/imker-aigen.at\/wp-content\/uploads\/2023\/02\/OEIB_Fachtagung2023.jpg","keywords":["Leistungspr\u00fcfung","Zuchtwertsch\u00e4tzung"],"articleSection":["Alte Veranstaltungen"],"inLanguage":"de","potentialAction":[{"@type":"CommentAction","name":"Comment","target":["https:\/\/imker-aigen.at\/index.php\/2023\/02\/22\/fachtagung-2023-des-oesterreichischen-erwerbsimkerbunds-vortrag-zum-thema-leistungspruefung-und-zuchtwertschaetzung\/#respond"]}]},{"@type":"WebPage","@id":"https:\/\/imker-aigen.at\/index.php\/2023\/02\/22\/fachtagung-2023-des-oesterreichischen-erwerbsimkerbunds-vortrag-zum-thema-leistungspruefung-und-zuchtwertschaetzung\/","url":"https:\/\/imker-aigen.at\/index.php\/2023\/02\/22\/fachtagung-2023-des-oesterreichischen-erwerbsimkerbunds-vortrag-zum-thema-leistungspruefung-und-zuchtwertschaetzung\/","name":"Fachtagung 2023 des \u00d6sterreichischen Erwerbsimkerbunds - Vortrag zum Thema Leistungspr\u00fcfung und Zuchtwertsch\u00e4tzung - Imker Ortsgruppe Salzburg Aigen","isPartOf":{"@id":"https:\/\/imker-aigen.at\/#website"},"primaryImageOfPage":{"@id":"https:\/\/imker-aigen.at\/index.php\/2023\/02\/22\/fachtagung-2023-des-oesterreichischen-erwerbsimkerbunds-vortrag-zum-thema-leistungspruefung-und-zuchtwertschaetzung\/#primaryimage"},"image":{"@id":"https:\/\/imker-aigen.at\/index.php\/2023\/02\/22\/fachtagung-2023-des-oesterreichischen-erwerbsimkerbunds-vortrag-zum-thema-leistungspruefung-und-zuchtwertschaetzung\/#primaryimage"},"thumbnailUrl":"https:\/\/imker-aigen.at\/wp-content\/uploads\/2023\/02\/OEIB_Fachtagung2023.jpg","datePublished":"2023-02-22T07:41:43+00:00","dateModified":"2023-09-18T11:51:22+00:00","description":"Ein kurzer Bericht \u00fcber einen Vortrag bei der Fachtagung 2023 des \u00d6sterreichischen Erwerbsimkerbunds in Wels","breadcrumb":{"@id":"https:\/\/imker-aigen.at\/index.php\/2023\/02\/22\/fachtagung-2023-des-oesterreichischen-erwerbsimkerbunds-vortrag-zum-thema-leistungspruefung-und-zuchtwertschaetzung\/#breadcrumb"},"inLanguage":"de","potentialAction":[{"@type":"ReadAction","target":["https:\/\/imker-aigen.at\/index.php\/2023\/02\/22\/fachtagung-2023-des-oesterreichischen-erwerbsimkerbunds-vortrag-zum-thema-leistungspruefung-und-zuchtwertschaetzung\/"]}]},{"@type":"ImageObject","inLanguage":"de","@id":"https:\/\/imker-aigen.at\/index.php\/2023\/02\/22\/fachtagung-2023-des-oesterreichischen-erwerbsimkerbunds-vortrag-zum-thema-leistungspruefung-und-zuchtwertschaetzung\/#primaryimage","url":"https:\/\/imker-aigen.at\/wp-content\/uploads\/2023\/02\/OEIB_Fachtagung2023.jpg","contentUrl":"https:\/\/imker-aigen.at\/wp-content\/uploads\/2023\/02\/OEIB_Fachtagung2023.jpg","width":347,"height":80},{"@type":"BreadcrumbList","@id":"https:\/\/imker-aigen.at\/index.php\/2023\/02\/22\/fachtagung-2023-des-oesterreichischen-erwerbsimkerbunds-vortrag-zum-thema-leistungspruefung-und-zuchtwertschaetzung\/#breadcrumb","itemListElement":[{"@type":"ListItem","position":1,"name":"Startseite","item":"https:\/\/imker-aigen.at\/index.php\/home\/"},{"@type":"ListItem","position":2,"name":"Fachtagung 2023 des \u00d6sterreichischen Erwerbsimkerbunds &#8211; Vortrag zum Thema Leistungspr\u00fcfung und Zuchtwertsch\u00e4tzung"}]},{"@type":"WebSite","@id":"https:\/\/imker-aigen.at\/#website","url":"https:\/\/imker-aigen.at\/","name":"Imker Ortsgruppe Salzburg Aigen","description":"Homepage der Imker-Ortsgruppe Salzburg Aigen","publisher":{"@id":"https:\/\/imker-aigen.at\/#organization"},"potentialAction":[{"@type":"SearchAction","target":{"@type":"EntryPoint","urlTemplate":"https:\/\/imker-aigen.at\/?s={search_term_string}"},"query-input":{"@type":"PropertyValueSpecification","valueRequired":true,"valueName":"search_term_string"}}],"inLanguage":"de"},{"@type":"Organization","@id":"https:\/\/imker-aigen.at\/#organization","name":"Imker Ortsgruppe Salzburg Aigen","url":"https:\/\/imker-aigen.at\/","logo":{"@type":"ImageObject","inLanguage":"de","@id":"https:\/\/imker-aigen.at\/#\/schema\/logo\/image\/","url":"https:\/\/imker-aigen.at\/wp-content\/uploads\/2022\/08\/logo-1.png","contentUrl":"https:\/\/imker-aigen.at\/wp-content\/uploads\/2022\/08\/logo-1.png","width":392,"height":156,"caption":"Imker Ortsgruppe Salzburg Aigen"},"image":{"@id":"https:\/\/imker-aigen.at\/#\/schema\/logo\/image\/"}},{"@type":"Person","@id":"https:\/\/imker-aigen.at\/#\/schema\/person\/d7d0c3a8ef6f051d450781218ac83077","name":"admin","image":{"@type":"ImageObject","inLanguage":"de","@id":"https:\/\/secure.gravatar.com\/avatar\/925a7e918efd3cfdae29be9c0018a3ae3275cd0444a6e166241172bb6e5243c7?s=96&d=mm&r=g","url":"https:\/\/secure.gravatar.com\/avatar\/925a7e918efd3cfdae29be9c0018a3ae3275cd0444a6e166241172bb6e5243c7?s=96&d=mm&r=g","contentUrl":"https:\/\/secure.gravatar.com\/avatar\/925a7e918efd3cfdae29be9c0018a3ae3275cd0444a6e166241172bb6e5243c7?s=96&d=mm&r=g","caption":"admin"},"sameAs":["https:\/\/imker-aigen.at","linkedin.com\/in\/bernd-meierhofer-5919b62"],"url":"https:\/\/imker-aigen.at\/index.php\/author\/bmeierhofer\/"}]}},"_links":{"self":[{"href":"https:\/\/imker-aigen.at\/index.php\/wp-json\/wp\/v2\/posts\/2995","targetHints":{"allow":["GET"]}}],"collection":[{"href":"https:\/\/imker-aigen.at\/index.php\/wp-json\/wp\/v2\/posts"}],"about":[{"href":"https:\/\/imker-aigen.at\/index.php\/wp-json\/wp\/v2\/types\/post"}],"author":[{"embeddable":true,"href":"https:\/\/imker-aigen.at\/index.php\/wp-json\/wp\/v2\/users\/1"}],"replies":[{"embeddable":true,"href":"https:\/\/imker-aigen.at\/index.php\/wp-json\/wp\/v2\/comments?post=2995"}],"version-history":[{"count":5,"href":"https:\/\/imker-aigen.at\/index.php\/wp-json\/wp\/v2\/posts\/2995\/revisions"}],"predecessor-version":[{"id":3002,"href":"https:\/\/imker-aigen.at\/index.php\/wp-json\/wp\/v2\/posts\/2995\/revisions\/3002"}],"wp:featuredmedia":[{"embeddable":true,"href":"https:\/\/imker-aigen.at\/index.php\/wp-json\/wp\/v2\/media\/2999"}],"wp:attachment":[{"href":"https:\/\/imker-aigen.at\/index.php\/wp-json\/wp\/v2\/media?parent=2995"}],"wp:term":[{"taxonomy":"category","embeddable":true,"href":"https:\/\/imker-aigen.at\/index.php\/wp-json\/wp\/v2\/categories?post=2995"},{"taxonomy":"post_tag","embeddable":true,"href":"https:\/\/imker-aigen.at\/index.php\/wp-json\/wp\/v2\/tags?post=2995"}],"curies":[{"name":"wp","href":"https:\/\/api.w.org\/{rel}","templated":true}]}}