{"id":3120,"date":"2023-03-08T11:41:42","date_gmt":"2023-03-08T10:41:42","guid":{"rendered":"https:\/\/imker-aigen.at\/?p=3120"},"modified":"2024-12-11T09:04:30","modified_gmt":"2024-12-11T08:04:30","slug":"carnica-begattungsstelle-eugendorfer-berg-im-scheinwerferlicht","status":"publish","type":"post","link":"https:\/\/imker-aigen.at\/index.php\/2023\/03\/08\/carnica-begattungsstelle-eugendorfer-berg-im-scheinwerferlicht\/","title":{"rendered":"Carnica Begattungsstelle Eugendorfer Berg im Rampenlicht"},"content":{"rendered":"<div  class='flex_column av-5vxb6o-3fb6ca21a1a009b41a2466ebe5889cf6 av_one_full  avia-builder-el-0  avia-builder-el-no-sibling  first flex_column_div  '     ><p>\n<style type=\"text\/css\" data-created_by=\"avia_inline_auto\" id=\"style-css-av-lezk2xvk-fe17f39f2cb1c67bd21280b7d8944e38\">\n.avia-image-container.av-lezk2xvk-fe17f39f2cb1c67bd21280b7d8944e38 img.avia_image{\nbox-shadow:none;\n}\n.avia-image-container.av-lezk2xvk-fe17f39f2cb1c67bd21280b7d8944e38 .av-image-caption-overlay-center{\ncolor:#ffffff;\n}\n<\/style>\n<div  class='avia-image-container av-lezk2xvk-fe17f39f2cb1c67bd21280b7d8944e38 av-styling- avia-align-center  avia-builder-el-1  el_before_av_heading  avia-builder-el-first '   itemprop=\"image\" itemscope=\"itemscope\" itemtype=\"https:\/\/schema.org\/ImageObject\" ><div class=\"avia-image-container-inner\"><div class=\"avia-image-overlay-wrap\"><img decoding=\"async\" fetchpriority=\"high\" class='wp-image-2613 avia-img-lazy-loading-not-2613 avia_image ' src=\"https:\/\/imker-aigen.at\/wp-content\/uploads\/2023\/01\/logo6.jpg\" alt='' title='logo6'  height=\"300\" width=\"329\"  itemprop=\"thumbnailUrl\" srcset=\"https:\/\/imker-aigen.at\/wp-content\/uploads\/2023\/01\/logo6.jpg 329w, https:\/\/imker-aigen.at\/wp-content\/uploads\/2023\/01\/logo6-300x274.jpg 300w\" sizes=\"(max-width: 329px) 100vw, 329px\" \/><\/div><\/div><\/div><br \/>\n\n<style type=\"text\/css\" data-created_by=\"avia_inline_auto\" id=\"style-css-av-lezk1cwj-4d29cc732e390d125693d0d85fe34e13\">\n#top .av-special-heading.av-lezk1cwj-4d29cc732e390d125693d0d85fe34e13{\npadding-bottom:10px;\n}\nbody .av-special-heading.av-lezk1cwj-4d29cc732e390d125693d0d85fe34e13 .av-special-heading-tag .heading-char{\nfont-size:25px;\n}\n.av-special-heading.av-lezk1cwj-4d29cc732e390d125693d0d85fe34e13 .av-subheading{\nfont-size:15px;\n}\n<\/style>\n<div  class='av-special-heading av-lezk1cwj-4d29cc732e390d125693d0d85fe34e13 av-special-heading-h3  avia-builder-el-2  el_after_av_image  el_before_av_textblock '><h3 class='av-special-heading-tag '  itemprop=\"headline\"  >Carnica Begattungsstelle Eugendorfer Berg im Rampenlicht<\/h3><div class=\"special-heading-border\"><div class=\"special-heading-inner-border\"><\/div><\/div><\/div><br \/>\n<section  class='av_textblock_section av-lezjv973-e5bc11ae8acee56f6945323bd84a5c7a '   itemscope=\"itemscope\" itemtype=\"https:\/\/schema.org\/BlogPosting\" itemprop=\"blogPost\" ><div class='avia_textblock'  itemprop=\"text\" ><p>Viele Imker aus dem Salzburger Flachgau und aus der Stadt Salzburg nutzen die Carnica Begattungsstelle Eugendorfer Berg bereits seit vielen Jahren. Nun hat sie auch einen eigenen Internet-Auftritt bekommen. Wir freuen uns dar\u00fcber und hoffen, dass die Carnica Begattungsstelle Eugendorfer Berg noch viele Jahre f\u00fcr erfolgreiche Begattungen unserer Carnica-K\u00f6niginnen sorgen wird!<\/p>\n<p><a href=\"https:\/\/carnica-zuchtgruppe-salzburg.at\/index.php\/begattungsstelle\/\">Begattungsstelle Eugendorfer\u00a0 Berg<\/a><\/p>\n<p>Vielen herzlichen Dank an den Betreiber der Begattungsstelle &#8211; Andreas Freundlinger &#8211; f\u00fcr seinen unerm\u00fcdlichen Einsatz!<\/p>\n<\/div><\/section><br \/>\n<div  class='av-social-sharing-box av-cmvv4-152c21e58754131bde996fc08fd91f17 av-social-sharing-box-default  avia-builder-el-4  el_after_av_textblock  el_before_av_comments_list  av-social-sharing-box-fullwidth'><div class=\"av-share-box\"><h5 class='av-share-link-description av-no-toc '>Eintrag teilen<\/h5><ul class=\"av-share-box-list noLightbox\"><li class='av-share-link av-social-link-facebook avia_social_iconfont' ><a target=\"_blank\" aria-label=\"Teilen auf Facebook\" href='https:\/\/www.facebook.com\/sharer.php?u=https:\/\/imker-aigen.at\/index.php\/2023\/03\/08\/carnica-begattungsstelle-eugendorfer-berg-im-scheinwerferlicht\/&#038;t=Carnica%20Begattungsstelle%20Eugendorfer%20Berg%20im%20Rampenlicht' data-av_icon='\ue8f3' data-av_iconfont='entypo-fontello'  title='' data-avia-related-tooltip='Teilen auf Facebook'><span class='avia_hidden_link_text'>Teilen auf Facebook<\/span><\/a><\/li><li class='av-share-link av-social-link-twitter avia_social_iconfont' ><a target=\"_blank\" aria-label=\"Teilen auf X\" href='https:\/\/twitter.com\/share?text=Carnica%20Begattungsstelle%20Eugendorfer%20Berg%20im%20Rampenlicht&#038;url=https:\/\/imker-aigen.at\/?p=3120' data-av_icon='\ue932' data-av_iconfont='entypo-fontello'  title='' data-avia-related-tooltip='Teilen auf X'><span class='avia_hidden_link_text'>Teilen auf X<\/span><\/a><\/li><li class='av-share-link av-social-link-whatsapp avia_social_iconfont' ><a target=\"_blank\" aria-label=\"Teilen auf WhatsApp\" href='https:\/\/api.whatsapp.com\/send?text=https:\/\/imker-aigen.at\/index.php\/2023\/03\/08\/carnica-begattungsstelle-eugendorfer-berg-im-scheinwerferlicht\/' data-av_icon='\uf232' data-av_iconfont='entypo-fontello'  title='' data-avia-related-tooltip='Teilen auf WhatsApp'><span class='avia_hidden_link_text'>Teilen auf WhatsApp<\/span><\/a><\/li><li class='av-share-link av-social-link-pinterest avia_social_iconfont' ><a target=\"_blank\" aria-label=\"Teilen auf Pinterest\" href='https:\/\/pinterest.com\/pin\/create\/button\/?url=https%3A%2F%2Fimker-aigen.at%2Findex.php%2F2023%2F03%2F08%2Fcarnica-begattungsstelle-eugendorfer-berg-im-scheinwerferlicht%2F&#038;description=Carnica%20Begattungsstelle%20Eugendorfer%20Berg%20im%20Rampenlicht&#038;media=https%3A%2F%2Fimker-aigen.at%2Fwp-content%2Fuploads%2F2023%2F01%2Flogo6.jpg' data-av_icon='\ue8f8' data-av_iconfont='entypo-fontello'  title='' data-avia-related-tooltip='Teilen auf Pinterest'><span class='avia_hidden_link_text'>Teilen auf Pinterest<\/span><\/a><\/li><li class='av-share-link av-social-link-linkedin avia_social_iconfont' ><a target=\"_blank\" aria-label=\"Teilen auf LinkedIn\" href='https:\/\/linkedin.com\/shareArticle?mini=true&#038;title=Carnica%20Begattungsstelle%20Eugendorfer%20Berg%20im%20Rampenlicht&#038;url=https:\/\/imker-aigen.at\/index.php\/2023\/03\/08\/carnica-begattungsstelle-eugendorfer-berg-im-scheinwerferlicht\/' data-av_icon='\ue8fc' data-av_iconfont='entypo-fontello'  title='' data-avia-related-tooltip='Teilen auf LinkedIn'><span class='avia_hidden_link_text'>Teilen auf LinkedIn<\/span><\/a><\/li><li class='av-share-link av-social-link-reddit avia_social_iconfont' ><a target=\"_blank\" aria-label=\"Teilen auf Reddit\" href='https:\/\/reddit.com\/submit?url=https:\/\/imker-aigen.at\/index.php\/2023\/03\/08\/carnica-begattungsstelle-eugendorfer-berg-im-scheinwerferlicht\/&#038;title=Carnica%20Begattungsstelle%20Eugendorfer%20Berg%20im%20Rampenlicht' data-av_icon='\ue927' data-av_iconfont='entypo-fontello'  title='' data-avia-related-tooltip='Teilen auf Reddit'><span class='avia_hidden_link_text'>Teilen auf Reddit<\/span><\/a><\/li><li class='av-share-link av-social-link-mail avia_social_iconfont' ><a  aria-label=\"Per E-Mail teilen\" href='mailto:?subject=Carnica%20Begattungsstelle%20Eugendorfer%20Berg%20im%20Rampenlicht&#038;body=https:\/\/imker-aigen.at\/index.php\/2023\/03\/08\/carnica-begattungsstelle-eugendorfer-berg-im-scheinwerferlicht\/' data-av_icon='\ue805' data-av_iconfont='entypo-fontello'  title='' data-avia-related-tooltip='Per E-Mail teilen'><span class='avia_hidden_link_text'>Per E-Mail teilen<\/span><\/a><\/li><\/ul><\/div><\/div><br \/>\n<div  class='av-buildercomment av-2dtp9c-6a451de5dbfd3fa183c101ae83e27d48'><\/div><\/p><\/div>\n","protected":false},"excerpt":{"rendered":"","protected":false},"author":1,"featured_media":2613,"comment_status":"open","ping_status":"closed","sticky":false,"template":"","format":"standard","meta":{"footnotes":""},"categories":[1],"tags":[],"class_list":["post-3120","post","type-post","status-publish","format-standard","has-post-thumbnail","hentry","category-uncategorized"],"yoast_head":"<!-- This site is optimized with the Yoast SEO plugin v27.4 - https:\/\/yoast.com\/product\/yoast-seo-wordpress\/ -->\n<title>Carnica Begattungsstelle Eugendorfer Berg im Rampenlicht - Imker Ortsgruppe Salzburg Aigen<\/title>\n<meta name=\"description\" content=\"Die Carnica Begattungsstelle Eugendorfer Berg hat nun ihren verdienten Internet-Auftritt bekommen\" \/>\n<meta name=\"robots\" content=\"index, follow, max-snippet:-1, max-image-preview:large, max-video-preview:-1\" \/>\n<link rel=\"canonical\" href=\"https:\/\/imker-aigen.at\/index.php\/2023\/03\/08\/carnica-begattungsstelle-eugendorfer-berg-im-scheinwerferlicht\/\" \/>\n<meta property=\"og:locale\" content=\"de_DE\" \/>\n<meta property=\"og:type\" content=\"article\" \/>\n<meta property=\"og:title\" content=\"Carnica Begattungsstelle Eugendorfer Berg im Rampenlicht - Imker Ortsgruppe Salzburg Aigen\" \/>\n<meta property=\"og:description\" content=\"Die Carnica Begattungsstelle Eugendorfer Berg hat nun ihren verdienten Internet-Auftritt bekommen\" \/>\n<meta property=\"og:url\" content=\"https:\/\/imker-aigen.at\/index.php\/2023\/03\/08\/carnica-begattungsstelle-eugendorfer-berg-im-scheinwerferlicht\/\" \/>\n<meta property=\"og:site_name\" content=\"Imker Ortsgruppe Salzburg Aigen\" \/>\n<meta property=\"article:published_time\" content=\"2023-03-08T10:41:42+00:00\" \/>\n<meta property=\"article:modified_time\" content=\"2024-12-11T08:04:30+00:00\" \/>\n<meta property=\"og:image\" content=\"https:\/\/imker-aigen.at\/wp-content\/uploads\/2023\/01\/logo6.jpg\" \/>\n\t<meta property=\"og:image:width\" content=\"329\" \/>\n\t<meta property=\"og:image:height\" content=\"300\" \/>\n\t<meta property=\"og:image:type\" content=\"image\/jpeg\" \/>\n<meta name=\"author\" content=\"admin\" \/>\n<meta name=\"twitter:card\" content=\"summary_large_image\" \/>\n<meta name=\"twitter:label1\" content=\"Verfasst von\" \/>\n\t<meta name=\"twitter:data1\" content=\"admin\" \/>\n\t<meta name=\"twitter:label2\" content=\"Gesch\u00e4tzte Lesezeit\" \/>\n\t<meta name=\"twitter:data2\" content=\"3\u00a0Minuten\" \/>\n<script type=\"application\/ld+json\" class=\"yoast-schema-graph\">{\"@context\":\"https:\\\/\\\/schema.org\",\"@graph\":[{\"@type\":\"Article\",\"@id\":\"https:\\\/\\\/imker-aigen.at\\\/index.php\\\/2023\\\/03\\\/08\\\/carnica-begattungsstelle-eugendorfer-berg-im-scheinwerferlicht\\\/#article\",\"isPartOf\":{\"@id\":\"https:\\\/\\\/imker-aigen.at\\\/index.php\\\/2023\\\/03\\\/08\\\/carnica-begattungsstelle-eugendorfer-berg-im-scheinwerferlicht\\\/\"},\"author\":{\"name\":\"admin\",\"@id\":\"https:\\\/\\\/imker-aigen.at\\\/#\\\/schema\\\/person\\\/d7d0c3a8ef6f051d450781218ac83077\"},\"headline\":\"Carnica Begattungsstelle Eugendorfer Berg im Rampenlicht\",\"datePublished\":\"2023-03-08T10:41:42+00:00\",\"dateModified\":\"2024-12-11T08:04:30+00:00\",\"mainEntityOfPage\":{\"@id\":\"https:\\\/\\\/imker-aigen.at\\\/index.php\\\/2023\\\/03\\\/08\\\/carnica-begattungsstelle-eugendorfer-berg-im-scheinwerferlicht\\\/\"},\"wordCount\":911,\"commentCount\":0,\"publisher\":{\"@id\":\"https:\\\/\\\/imker-aigen.at\\\/#organization\"},\"image\":{\"@id\":\"https:\\\/\\\/imker-aigen.at\\\/index.php\\\/2023\\\/03\\\/08\\\/carnica-begattungsstelle-eugendorfer-berg-im-scheinwerferlicht\\\/#primaryimage\"},\"thumbnailUrl\":\"https:\\\/\\\/imker-aigen.at\\\/wp-content\\\/uploads\\\/2023\\\/01\\\/logo6.jpg\",\"articleSection\":[\"Uncategorized\"],\"inLanguage\":\"de\",\"potentialAction\":[{\"@type\":\"CommentAction\",\"name\":\"Comment\",\"target\":[\"https:\\\/\\\/imker-aigen.at\\\/index.php\\\/2023\\\/03\\\/08\\\/carnica-begattungsstelle-eugendorfer-berg-im-scheinwerferlicht\\\/#respond\"]}]},{\"@type\":\"WebPage\",\"@id\":\"https:\\\/\\\/imker-aigen.at\\\/index.php\\\/2023\\\/03\\\/08\\\/carnica-begattungsstelle-eugendorfer-berg-im-scheinwerferlicht\\\/\",\"url\":\"https:\\\/\\\/imker-aigen.at\\\/index.php\\\/2023\\\/03\\\/08\\\/carnica-begattungsstelle-eugendorfer-berg-im-scheinwerferlicht\\\/\",\"name\":\"Carnica Begattungsstelle Eugendorfer Berg im Rampenlicht - Imker Ortsgruppe Salzburg Aigen\",\"isPartOf\":{\"@id\":\"https:\\\/\\\/imker-aigen.at\\\/#website\"},\"primaryImageOfPage\":{\"@id\":\"https:\\\/\\\/imker-aigen.at\\\/index.php\\\/2023\\\/03\\\/08\\\/carnica-begattungsstelle-eugendorfer-berg-im-scheinwerferlicht\\\/#primaryimage\"},\"image\":{\"@id\":\"https:\\\/\\\/imker-aigen.at\\\/index.php\\\/2023\\\/03\\\/08\\\/carnica-begattungsstelle-eugendorfer-berg-im-scheinwerferlicht\\\/#primaryimage\"},\"thumbnailUrl\":\"https:\\\/\\\/imker-aigen.at\\\/wp-content\\\/uploads\\\/2023\\\/01\\\/logo6.jpg\",\"datePublished\":\"2023-03-08T10:41:42+00:00\",\"dateModified\":\"2024-12-11T08:04:30+00:00\",\"description\":\"Die Carnica Begattungsstelle Eugendorfer Berg hat nun ihren verdienten Internet-Auftritt bekommen\",\"breadcrumb\":{\"@id\":\"https:\\\/\\\/imker-aigen.at\\\/index.php\\\/2023\\\/03\\\/08\\\/carnica-begattungsstelle-eugendorfer-berg-im-scheinwerferlicht\\\/#breadcrumb\"},\"inLanguage\":\"de\",\"potentialAction\":[{\"@type\":\"ReadAction\",\"target\":[\"https:\\\/\\\/imker-aigen.at\\\/index.php\\\/2023\\\/03\\\/08\\\/carnica-begattungsstelle-eugendorfer-berg-im-scheinwerferlicht\\\/\"]}]},{\"@type\":\"ImageObject\",\"inLanguage\":\"de\",\"@id\":\"https:\\\/\\\/imker-aigen.at\\\/index.php\\\/2023\\\/03\\\/08\\\/carnica-begattungsstelle-eugendorfer-berg-im-scheinwerferlicht\\\/#primaryimage\",\"url\":\"https:\\\/\\\/imker-aigen.at\\\/wp-content\\\/uploads\\\/2023\\\/01\\\/logo6.jpg\",\"contentUrl\":\"https:\\\/\\\/imker-aigen.at\\\/wp-content\\\/uploads\\\/2023\\\/01\\\/logo6.jpg\",\"width\":329,\"height\":300},{\"@type\":\"BreadcrumbList\",\"@id\":\"https:\\\/\\\/imker-aigen.at\\\/index.php\\\/2023\\\/03\\\/08\\\/carnica-begattungsstelle-eugendorfer-berg-im-scheinwerferlicht\\\/#breadcrumb\",\"itemListElement\":[{\"@type\":\"ListItem\",\"position\":1,\"name\":\"Startseite\",\"item\":\"https:\\\/\\\/imker-aigen.at\\\/index.php\\\/home\\\/\"},{\"@type\":\"ListItem\",\"position\":2,\"name\":\"Carnica Begattungsstelle Eugendorfer Berg im Rampenlicht\"}]},{\"@type\":\"WebSite\",\"@id\":\"https:\\\/\\\/imker-aigen.at\\\/#website\",\"url\":\"https:\\\/\\\/imker-aigen.at\\\/\",\"name\":\"Imker Ortsgruppe Salzburg Aigen\",\"description\":\"Homepage der Imker-Ortsgruppe Salzburg Aigen\",\"publisher\":{\"@id\":\"https:\\\/\\\/imker-aigen.at\\\/#organization\"},\"potentialAction\":[{\"@type\":\"SearchAction\",\"target\":{\"@type\":\"EntryPoint\",\"urlTemplate\":\"https:\\\/\\\/imker-aigen.at\\\/?s={search_term_string}\"},\"query-input\":{\"@type\":\"PropertyValueSpecification\",\"valueRequired\":true,\"valueName\":\"search_term_string\"}}],\"inLanguage\":\"de\"},{\"@type\":\"Organization\",\"@id\":\"https:\\\/\\\/imker-aigen.at\\\/#organization\",\"name\":\"Imker Ortsgruppe Salzburg Aigen\",\"url\":\"https:\\\/\\\/imker-aigen.at\\\/\",\"logo\":{\"@type\":\"ImageObject\",\"inLanguage\":\"de\",\"@id\":\"https:\\\/\\\/imker-aigen.at\\\/#\\\/schema\\\/logo\\\/image\\\/\",\"url\":\"https:\\\/\\\/imker-aigen.at\\\/wp-content\\\/uploads\\\/2022\\\/08\\\/logo-1.png\",\"contentUrl\":\"https:\\\/\\\/imker-aigen.at\\\/wp-content\\\/uploads\\\/2022\\\/08\\\/logo-1.png\",\"width\":392,\"height\":156,\"caption\":\"Imker Ortsgruppe Salzburg Aigen\"},\"image\":{\"@id\":\"https:\\\/\\\/imker-aigen.at\\\/#\\\/schema\\\/logo\\\/image\\\/\"}},{\"@type\":\"Person\",\"@id\":\"https:\\\/\\\/imker-aigen.at\\\/#\\\/schema\\\/person\\\/d7d0c3a8ef6f051d450781218ac83077\",\"name\":\"admin\",\"image\":{\"@type\":\"ImageObject\",\"inLanguage\":\"de\",\"@id\":\"https:\\\/\\\/secure.gravatar.com\\\/avatar\\\/925a7e918efd3cfdae29be9c0018a3ae3275cd0444a6e166241172bb6e5243c7?s=96&d=mm&r=g\",\"url\":\"https:\\\/\\\/secure.gravatar.com\\\/avatar\\\/925a7e918efd3cfdae29be9c0018a3ae3275cd0444a6e166241172bb6e5243c7?s=96&d=mm&r=g\",\"contentUrl\":\"https:\\\/\\\/secure.gravatar.com\\\/avatar\\\/925a7e918efd3cfdae29be9c0018a3ae3275cd0444a6e166241172bb6e5243c7?s=96&d=mm&r=g\",\"caption\":\"admin\"},\"sameAs\":[\"https:\\\/\\\/imker-aigen.at\",\"linkedin.com\\\/in\\\/bernd-meierhofer-5919b62\"],\"url\":\"https:\\\/\\\/imker-aigen.at\\\/index.php\\\/author\\\/bmeierhofer\\\/\"}]}<\/script>\n<!-- \/ Yoast SEO plugin. -->","yoast_head_json":{"title":"Carnica Begattungsstelle Eugendorfer Berg im Rampenlicht - Imker Ortsgruppe Salzburg Aigen","description":"Die Carnica Begattungsstelle Eugendorfer Berg hat nun ihren verdienten Internet-Auftritt bekommen","robots":{"index":"index","follow":"follow","max-snippet":"max-snippet:-1","max-image-preview":"max-image-preview:large","max-video-preview":"max-video-preview:-1"},"canonical":"https:\/\/imker-aigen.at\/index.php\/2023\/03\/08\/carnica-begattungsstelle-eugendorfer-berg-im-scheinwerferlicht\/","og_locale":"de_DE","og_type":"article","og_title":"Carnica Begattungsstelle Eugendorfer Berg im Rampenlicht - Imker Ortsgruppe Salzburg Aigen","og_description":"Die Carnica Begattungsstelle Eugendorfer Berg hat nun ihren verdienten Internet-Auftritt bekommen","og_url":"https:\/\/imker-aigen.at\/index.php\/2023\/03\/08\/carnica-begattungsstelle-eugendorfer-berg-im-scheinwerferlicht\/","og_site_name":"Imker Ortsgruppe Salzburg Aigen","article_published_time":"2023-03-08T10:41:42+00:00","article_modified_time":"2024-12-11T08:04:30+00:00","og_image":[{"width":329,"height":300,"url":"https:\/\/imker-aigen.at\/wp-content\/uploads\/2023\/01\/logo6.jpg","type":"image\/jpeg"}],"author":"admin","twitter_card":"summary_large_image","twitter_misc":{"Verfasst von":"admin","Gesch\u00e4tzte Lesezeit":"3\u00a0Minuten"},"schema":{"@context":"https:\/\/schema.org","@graph":[{"@type":"Article","@id":"https:\/\/imker-aigen.at\/index.php\/2023\/03\/08\/carnica-begattungsstelle-eugendorfer-berg-im-scheinwerferlicht\/#article","isPartOf":{"@id":"https:\/\/imker-aigen.at\/index.php\/2023\/03\/08\/carnica-begattungsstelle-eugendorfer-berg-im-scheinwerferlicht\/"},"author":{"name":"admin","@id":"https:\/\/imker-aigen.at\/#\/schema\/person\/d7d0c3a8ef6f051d450781218ac83077"},"headline":"Carnica Begattungsstelle Eugendorfer Berg im Rampenlicht","datePublished":"2023-03-08T10:41:42+00:00","dateModified":"2024-12-11T08:04:30+00:00","mainEntityOfPage":{"@id":"https:\/\/imker-aigen.at\/index.php\/2023\/03\/08\/carnica-begattungsstelle-eugendorfer-berg-im-scheinwerferlicht\/"},"wordCount":911,"commentCount":0,"publisher":{"@id":"https:\/\/imker-aigen.at\/#organization"},"image":{"@id":"https:\/\/imker-aigen.at\/index.php\/2023\/03\/08\/carnica-begattungsstelle-eugendorfer-berg-im-scheinwerferlicht\/#primaryimage"},"thumbnailUrl":"https:\/\/imker-aigen.at\/wp-content\/uploads\/2023\/01\/logo6.jpg","articleSection":["Uncategorized"],"inLanguage":"de","potentialAction":[{"@type":"CommentAction","name":"Comment","target":["https:\/\/imker-aigen.at\/index.php\/2023\/03\/08\/carnica-begattungsstelle-eugendorfer-berg-im-scheinwerferlicht\/#respond"]}]},{"@type":"WebPage","@id":"https:\/\/imker-aigen.at\/index.php\/2023\/03\/08\/carnica-begattungsstelle-eugendorfer-berg-im-scheinwerferlicht\/","url":"https:\/\/imker-aigen.at\/index.php\/2023\/03\/08\/carnica-begattungsstelle-eugendorfer-berg-im-scheinwerferlicht\/","name":"Carnica Begattungsstelle Eugendorfer Berg im Rampenlicht - Imker Ortsgruppe Salzburg Aigen","isPartOf":{"@id":"https:\/\/imker-aigen.at\/#website"},"primaryImageOfPage":{"@id":"https:\/\/imker-aigen.at\/index.php\/2023\/03\/08\/carnica-begattungsstelle-eugendorfer-berg-im-scheinwerferlicht\/#primaryimage"},"image":{"@id":"https:\/\/imker-aigen.at\/index.php\/2023\/03\/08\/carnica-begattungsstelle-eugendorfer-berg-im-scheinwerferlicht\/#primaryimage"},"thumbnailUrl":"https:\/\/imker-aigen.at\/wp-content\/uploads\/2023\/01\/logo6.jpg","datePublished":"2023-03-08T10:41:42+00:00","dateModified":"2024-12-11T08:04:30+00:00","description":"Die Carnica Begattungsstelle Eugendorfer Berg hat nun ihren verdienten Internet-Auftritt bekommen","breadcrumb":{"@id":"https:\/\/imker-aigen.at\/index.php\/2023\/03\/08\/carnica-begattungsstelle-eugendorfer-berg-im-scheinwerferlicht\/#breadcrumb"},"inLanguage":"de","potentialAction":[{"@type":"ReadAction","target":["https:\/\/imker-aigen.at\/index.php\/2023\/03\/08\/carnica-begattungsstelle-eugendorfer-berg-im-scheinwerferlicht\/"]}]},{"@type":"ImageObject","inLanguage":"de","@id":"https:\/\/imker-aigen.at\/index.php\/2023\/03\/08\/carnica-begattungsstelle-eugendorfer-berg-im-scheinwerferlicht\/#primaryimage","url":"https:\/\/imker-aigen.at\/wp-content\/uploads\/2023\/01\/logo6.jpg","contentUrl":"https:\/\/imker-aigen.at\/wp-content\/uploads\/2023\/01\/logo6.jpg","width":329,"height":300},{"@type":"BreadcrumbList","@id":"https:\/\/imker-aigen.at\/index.php\/2023\/03\/08\/carnica-begattungsstelle-eugendorfer-berg-im-scheinwerferlicht\/#breadcrumb","itemListElement":[{"@type":"ListItem","position":1,"name":"Startseite","item":"https:\/\/imker-aigen.at\/index.php\/home\/"},{"@type":"ListItem","position":2,"name":"Carnica Begattungsstelle Eugendorfer Berg im Rampenlicht"}]},{"@type":"WebSite","@id":"https:\/\/imker-aigen.at\/#website","url":"https:\/\/imker-aigen.at\/","name":"Imker Ortsgruppe Salzburg Aigen","description":"Homepage der Imker-Ortsgruppe Salzburg Aigen","publisher":{"@id":"https:\/\/imker-aigen.at\/#organization"},"potentialAction":[{"@type":"SearchAction","target":{"@type":"EntryPoint","urlTemplate":"https:\/\/imker-aigen.at\/?s={search_term_string}"},"query-input":{"@type":"PropertyValueSpecification","valueRequired":true,"valueName":"search_term_string"}}],"inLanguage":"de"},{"@type":"Organization","@id":"https:\/\/imker-aigen.at\/#organization","name":"Imker Ortsgruppe Salzburg Aigen","url":"https:\/\/imker-aigen.at\/","logo":{"@type":"ImageObject","inLanguage":"de","@id":"https:\/\/imker-aigen.at\/#\/schema\/logo\/image\/","url":"https:\/\/imker-aigen.at\/wp-content\/uploads\/2022\/08\/logo-1.png","contentUrl":"https:\/\/imker-aigen.at\/wp-content\/uploads\/2022\/08\/logo-1.png","width":392,"height":156,"caption":"Imker Ortsgruppe Salzburg Aigen"},"image":{"@id":"https:\/\/imker-aigen.at\/#\/schema\/logo\/image\/"}},{"@type":"Person","@id":"https:\/\/imker-aigen.at\/#\/schema\/person\/d7d0c3a8ef6f051d450781218ac83077","name":"admin","image":{"@type":"ImageObject","inLanguage":"de","@id":"https:\/\/secure.gravatar.com\/avatar\/925a7e918efd3cfdae29be9c0018a3ae3275cd0444a6e166241172bb6e5243c7?s=96&d=mm&r=g","url":"https:\/\/secure.gravatar.com\/avatar\/925a7e918efd3cfdae29be9c0018a3ae3275cd0444a6e166241172bb6e5243c7?s=96&d=mm&r=g","contentUrl":"https:\/\/secure.gravatar.com\/avatar\/925a7e918efd3cfdae29be9c0018a3ae3275cd0444a6e166241172bb6e5243c7?s=96&d=mm&r=g","caption":"admin"},"sameAs":["https:\/\/imker-aigen.at","linkedin.com\/in\/bernd-meierhofer-5919b62"],"url":"https:\/\/imker-aigen.at\/index.php\/author\/bmeierhofer\/"}]}},"_links":{"self":[{"href":"https:\/\/imker-aigen.at\/index.php\/wp-json\/wp\/v2\/posts\/3120","targetHints":{"allow":["GET"]}}],"collection":[{"href":"https:\/\/imker-aigen.at\/index.php\/wp-json\/wp\/v2\/posts"}],"about":[{"href":"https:\/\/imker-aigen.at\/index.php\/wp-json\/wp\/v2\/types\/post"}],"author":[{"embeddable":true,"href":"https:\/\/imker-aigen.at\/index.php\/wp-json\/wp\/v2\/users\/1"}],"replies":[{"embeddable":true,"href":"https:\/\/imker-aigen.at\/index.php\/wp-json\/wp\/v2\/comments?post=3120"}],"version-history":[{"count":11,"href":"https:\/\/imker-aigen.at\/index.php\/wp-json\/wp\/v2\/posts\/3120\/revisions"}],"predecessor-version":[{"id":3134,"href":"https:\/\/imker-aigen.at\/index.php\/wp-json\/wp\/v2\/posts\/3120\/revisions\/3134"}],"wp:featuredmedia":[{"embeddable":true,"href":"https:\/\/imker-aigen.at\/index.php\/wp-json\/wp\/v2\/media\/2613"}],"wp:attachment":[{"href":"https:\/\/imker-aigen.at\/index.php\/wp-json\/wp\/v2\/media?parent=3120"}],"wp:term":[{"taxonomy":"category","embeddable":true,"href":"https:\/\/imker-aigen.at\/index.php\/wp-json\/wp\/v2\/categories?post=3120"},{"taxonomy":"post_tag","embeddable":true,"href":"https:\/\/imker-aigen.at\/index.php\/wp-json\/wp\/v2\/tags?post=3120"}],"curies":[{"name":"wp","href":"https:\/\/api.w.org\/{rel}","templated":true}]}}