{"id":3144,"date":"2023-03-07T19:00:05","date_gmt":"2023-03-07T18:00:05","guid":{"rendered":"https:\/\/imker-aigen.at\/?p=3144"},"modified":"2023-05-03T19:01:41","modified_gmt":"2023-05-03T17:01:41","slug":"imker-stammtisch-am-7-3-2023","status":"publish","type":"post","link":"https:\/\/imker-aigen.at\/index.php\/2023\/03\/07\/imker-stammtisch-am-7-3-2023\/","title":{"rendered":"Imker-Stammtisch am 7.3.2023"},"content":{"rendered":"<div  class='flex_column av-79xxqg-b20ddb0da7f76caa1be9c9cad6202ede av_one_full  avia-builder-el-0  avia-builder-el-no-sibling  first flex_column_div  '     ><p>\n<style type=\"text\/css\" data-created_by=\"avia_inline_auto\" id=\"style-css-av-lf11pvvj-bb044eb6c72c3a78b2e95451a2ee4de3\">\n#top .av-special-heading.av-lf11pvvj-bb044eb6c72c3a78b2e95451a2ee4de3{\npadding-bottom:10px;\n}\nbody .av-special-heading.av-lf11pvvj-bb044eb6c72c3a78b2e95451a2ee4de3 .av-special-heading-tag .heading-char{\nfont-size:25px;\n}\n.av-special-heading.av-lf11pvvj-bb044eb6c72c3a78b2e95451a2ee4de3 .av-subheading{\nfont-size:15px;\n}\n<\/style>\n<div  class='av-special-heading av-lf11pvvj-bb044eb6c72c3a78b2e95451a2ee4de3 av-special-heading-h3  avia-builder-el-1  el_before_av_hr  avia-builder-el-first '><h3 class='av-special-heading-tag '  itemprop=\"headline\"  >Imker-Stammtisch am 7.3.2023<\/h3><div class=\"special-heading-border\"><div class=\"special-heading-inner-border\"><\/div><\/div><\/div><br \/>\n<div  class='hr av-mw6mw-0205c0abcb11964fdecddd3eaa49b120 hr-default  avia-builder-el-2  el_after_av_heading  el_before_av_textblock '><span class='hr-inner '><span class=\"hr-inner-style\"><\/span><\/span><\/div><br \/>\n<section  class='av_textblock_section av-lf11pomz-0b69297ed5be7c45c8ff3d1a34bc3b29 '   itemscope=\"itemscope\" itemtype=\"https:\/\/schema.org\/BlogPosting\" itemprop=\"blogPost\" ><div class='avia_textblock'  itemprop=\"text\" ><h2><strong>\u00a0<\/strong><strong>Agenda:<\/strong><\/h2>\n<ol>\n<li>Begr\u00fc\u00dfung der G\u00e4ste<\/li>\n<li>Ver\u00e4nderungen bei den Vereinsmitgliedern: es gibt einige neue Mitglieder und Interessenten<\/li>\n<li>Neuigkeiten<\/li>\n<li>N\u00e4chste Termine<\/li>\n<li>Ehrung langj\u00e4hriger Mitglieder: Diana Dirnberger (10 Jahre)<\/li>\n<li>Mitgliedsbeitr\u00e4ge 2023: Es fehlen noch 7 Mitgliedsbeitr\u00e4ge<\/li>\n<li>Vortrag von WL Andreas Brandl zum Thema \u201eBio-Landwirtschaft &#038; Bio-Imkerei\u201c<\/li>\n<li>Diverses, Diskussion, Allf\u00e4lliges<\/li>\n<\/ol>\n<h2><strong>Neuigkeiten: <\/strong><\/h2>\n<h3><strong>Berichte von Imker-Veranstaltungen:<\/strong><\/h3>\n<ul>\n<li><a href=\"https:\/\/carnica-zuchtgruppe-salzburg.at\/index.php\/2023\/02\/21\/leistungspruefung-und-zuchtwertschaetzung-vortrag-von-hrn-neubauer-und-hrn-rubinigg-am-19-02-2023\/\"><strong>Erwerbsimker-Fachmesse in Wels (17-19.2.2023)<\/strong><\/a><\/li>\n<li><strong><a href=\"https:\/\/imker-aigen.at\/index.php\/2023\/02\/27\/jugendarbeit-in-den-imker-ortsgruppen-treffen-am-23-2-2023\/\">Treffen zum Thema Jugendarbeit am 23.2.2023 im Rechenwirt<\/a><br \/>\n<\/strong>Vorschlag:<br \/>\nerstes Schulprojekt gemeinsam mit akzente Salzburg.<br \/>\nEin Bericht \u00fcber unseren Verein im S-Pass Magazin (Magazin der Salzburger Jugendkarte) soll demn\u00e4chst erscheinen<\/li>\n<li><strong><a href=\"https:\/\/imker-aigen.at\/index.php\/2023\/02\/28\/imkerkreisversammlung-2023-in-piding\/\">Imkerkreisversammlung am 26.2.2023 in Piding<\/a><br \/>\n<\/strong>Vortrag \u00fcber kommende Bedrohungen: Vespa velutina und Kleiner Beutenstockk\u00e4fer<\/li>\n<\/ul>\n<h3><strong>Ukraine-Hilfe:<\/strong><\/h3>\n<ul>\n<li>Annahme der Sachspenden am 17. 2.2023<\/li>\n<li>Transport der Sachspenden in die Ukraine am 27. und 28.2.2023<\/li>\n<li>Geldspenden<br \/>\n500,- \u20ac &#8211; von unserem Verein<br \/>\n800,- \u20ac &#8211; von Einzelpersonen aus unserem Umkreis<br \/>\nErgibt in Summe: 1.300,- \u20ac<\/li>\n<li>Sachspenden<br \/>\nEin voller Sattelschlepper (Krankenhauseinrichtung, Bekleidung, Decken &#8230;)<\/li>\n<li>N\u00e4chstenliebe<\/li>\n<\/ul>\n<h4>Herzlichen Dank an Helfer und Beteiligte:<\/h4>\n<ul>\n<li>Evelin (Einer) + Karl<\/li>\n<li>Adelheid (Speyer)<\/li>\n<li>Fa. Amann N\u00e4hf\u00e4den (stellte den Lagerraum f\u00fcr Sachspenden bereit)<\/li>\n<li>Privatklinik Wehrle-Diakonissen: Betten und medizinische Behelfe<\/li>\n<li>Feuerwache Gnigl \u2013 Paul Meierhofer: Hilfe beim Transport<\/li>\n<li>Landesfeuerwehrverband Salzburg \u2013 Michael Leprich und seinem Team: Hilfe beim Transport<\/li>\n<li>Ingrid Schmaranzer und ihren Helfern aus Gosau<\/li>\n<li>Den vielen Helferinnen und Helfern aus Salzburg und der Ukraine!<\/li>\n<li>Den vielen Spenderinnen und Spendern!<\/li>\n<\/ul>\n<p>Inzwischen ist der Sattelschlepper gut in Brody angekommen<\/p>\n<h3><a href=\"https:\/\/carnica-zuchtgruppe-salzburg.at\/index.php\/2023\/03\/09\/saisoneroeffnung-2023-im-imkerhof\/\"><strong>Saisoner\u00f6ffnung im Imkerhof am 3. und 4.3.2023:<\/strong><\/a><\/h3>\n<p><a href=\"https:\/\/carnica-zuchtgruppe-salzburg.at\/index.php\/2023\/03\/09\/saisoneroeffnung-2023-im-imkerhof\/\">Vortr\u00e4ge am 3.3.:<\/a><\/p>\n<ul>\n<li>Dipl. P\u00e4d. Ing. H\u00f6llrigl Rainer: Infoveranstaltung Facharbeiter und Meister Ausbildung<\/li>\n<li>WL. IM. Ing. Pointner Herbert: Zucht &#038; Vermehrung von K\u00f6niginnen mit Mini Plus<\/li>\n<\/ul>\n<p><a href=\"https:\/\/carnica-zuchtgruppe-salzburg.at\/index.php\/2023\/03\/09\/saisoneroeffnung-2023-im-imkerhof\/\">Vortr\u00e4ge am 4.3.:<\/a><\/p>\n<ul>\n<li>Z\u00fcchterin Perner Anna: Vorstellung ACA-Zuchtbetrieb \u201eImkerei Perner\u201c<\/li>\n<li>WL. IM. Renner Thomas: Zuchtkurs 2023 \/ Teil 1: Grundlagen &#038; Theorie<\/li>\n<\/ul>\n<h3><strong>Gauversammlung Flachgau am 5.3.2023:<\/strong><\/h3>\n<ul>\n<li>Bericht Gauobmann<\/li>\n<li>Begattungsstelle Eugendorf<\/li>\n<li>Jugendarbeit<\/li>\n<li>F\u00f6rderung NEU<\/li>\n<li>Zweigstellen\/Zweigvereine<\/li>\n<li>Vortrag<\/li>\n<li>Dietmar Eppenschwendtner: Dunkle Biene<\/li>\n<li>Vorstellung Chris Steube (Laborleiter vom Imkerhof Salzburg):<\/li>\n<\/ul>\n<p>Chris braucht Arbeit! (Futterkranzproben, Honiguntersuchungen, Gem\u00fclluntersuchungen&#8230;)<\/p>\n<h2><strong>Weitere Themen \/ OPULI:<\/strong><\/h2>\n<ul>\n<li>Feedback-Formular \u2013&gt; Robert Hertscheg<\/li>\n<li>Planung Sommerfest 2023<\/li>\n<li>Ansuchen um F\u00f6rdergelder<\/li>\n<li>Standbegehungen<br \/>\nmit WL Monika Heller in der Vereinsh\u00fctte am Egelsee<\/li>\n<li>Sammelbestellungen<br \/>\nVarroabehandlungsmittel<br \/>\nFutter<br \/>\nK\u00f6niginnen\/V\u00f6lker<\/li>\n<li>\u00c4nderung der Statuten \u2013&gt; Robert Hertscheg<br \/>\nau\u00dferordentliche Mitglieder brauchen keine(n) Genossenschaftsanteil(e) mehr erwerben<br \/>\nNeue Regelung f\u00fcr au\u00dferordentliche Mitglieder<\/li>\n<li>Jugendarbeit<br \/>\nS-Pass Artikel -&gt; Redaktionsschluss Ende Mai<\/li>\n<\/ul>\n<p><strong>Es w\u00e4re sch\u00f6n, wenn sich f\u00fcr jeden dieser Punkte ein Vereinsmitglied finden w\u00fcrde, welches bereit w\u00e4re die Federf\u00fchrung zu \u00fcbernehmen. Dann w\u00fcrden wir die offenen Punkte parallel und damit auch schneller abarbeiten k\u00f6nnen.<\/strong><\/p>\n<h3><strong>Vereinsh\u00fctte Egelsee<\/strong><\/h3>\n<ul>\n<li>Besichtigung im Zuge der Standbegehungen<\/li>\n<li>Verwendung als Pr\u00fcfstandort? Denkbar w\u00e4re die Teilnahme an der Leistungspr\u00fcfung der <a href=\"https:\/\/carnica-zuchtgruppe-salzburg.at\/\">CZS<\/a><\/li>\n<li>Kl\u00e4rung mit den Grundeigent\u00fcmern<\/li>\n<\/ul>\n<h3><strong>Varroa-Kehraus 2023:<\/strong><\/h3>\n<ul>\n<li>Es gibt das Angebot, Varroa Controller Leihger\u00e4t(e) vom Imkerhof Salzburg zu bekommen.<br \/>\nDas Prinzip des Varroa Controllers beruht auf der Tatsache, dass die Varroa-Milbe weniger W\u00e4rme ertr\u00e4gt als die Bienenpuppe<\/li>\n<li>Die W\u00e4rmebehandlung mit dem Varroa Controller t\u00f6tet die Milben zu jenem Zeitpunkt, zu dem sie sich vermehren wollen. Das ist h\u00f6chst effizient. Die Milbenpopulation wird auf diese Weise stark reduziert, und das lange bevor diese eine Gefahr f\u00fcr das Bienenvolk darstellt.<\/li>\n<li>Wenn die W\u00e4rmebehandlung mit den richtigen Parametern wie Temperatur, Zeit und Befeuchtung abl\u00e4uft, gibt es keine Gef\u00e4hrdung der Bienenbrut.<\/li>\n<li>Zeitpunkt. Im Fr\u00fchjahr, wenn es noch relativ wenig verdeckelte Brutr\u00e4hmchen gibt<\/li>\n<\/ul>\n<p><strong>Frage: Wie organisieren wir diese Aktion im Verein? Wer hat Interesse am Einsatz eines Varroa Controllers?<br \/>\n<\/strong><\/p>\n<h2><strong>N\u00e4chste Termine mit interessanten und empfehlenswerten Vortr\u00e4gen:<\/strong><\/h2>\n<ul>\n<li><strong>10.3 <\/strong>JHV Neumarkt am Wallersee (<strong>Kr\u00e4uterp\u00e4dagogin Stefanie Schmidl<\/strong>: Wildkr\u00e4uter, Naturkosmetik und Oxymel)<\/li>\n<li><strong>10.3 <\/strong>JHV Obst- und Gartenbauverein Elsbethen (<strong>Bienenp\u00e4dagoge Roman <\/strong>Metschina: Das Leben der Biene &#8211; aus Sicht eines Bienenp\u00e4dagogen)<\/li>\n<li><strong>19.3<\/strong> Landesimkertag 2023 \u2013 Sankt Veit im Pongau (Festvortrag von Hrn. <strong>Ralf B\u00fcchler <\/strong>(Bieneninstitut Kirchhain))<\/li>\n<li><strong>24.3<\/strong> JHV Eugendorf (<strong>WL Andreas Brandl<\/strong>: Imkereif\u00f6rderung 2023-2027)<\/li>\n<li><strong>25.3<\/strong> JHV Henndorf (<strong>Chris Steube <\/strong>(Laborleiter vom Imkerhof Salzburg): Gewinnung von hochwertigen Produkten aus dem Bienenvolk)<\/li>\n<li><strong>4.4 <\/strong>N\u00e4chster Stammtisch<\/li>\n<\/ul>\n<p>Siehe <a href=\"https:\/\/imker-aigen.at\/index.php\/events\/list\/\">Veranstaltungskalender<\/a><\/p>\n<h2><strong>Vortrag von WL Andreas Brandl:<\/strong><\/h2>\n<p><a href=\"https:\/\/www.bio-austria.at\/biobauer\/biohof-grablergut-imkerei-brandl\/\">Andreas Brandl aus Henndorf, Mitglied bei Bio-Austria<\/a>, hat Grunds\u00e4tzliches zum Thema \u201eBio<strong>-Landwirtschaft &#038; Bio-Imkerei\u201c<\/strong> mitgeteilt: \u00fcber Naturwabenbau, \u00fcber verschiedene Stufen bei den Anforderungen der Bio-Betriebe (Bio allgemein, Bio-Austria, Demeter) und \u00fcber Kosten und Nutzen der Bio-Wirtschaft. F\u00fcr ihn ist biologisches Wirtschaften Normalit\u00e4t und diese Normalit\u00e4t hat er uns sehr informativ und kurzweilig nahegebracht.<\/p>\n<p>F\u00fcr Interessierte an der Bio-Imkerei gibt es folgende Brosch\u00fcre von <a href=\"https:\/\/www.bio-austria.at\/\">Bio Austria<\/a> und der <a href=\"https:\/\/www.biene-oesterreich.at\/\">Biene \u00d6sterreich<\/a>:<\/p>\n<p><a href=\"https:\/\/imker-aigen.at\/wp-content\/uploads\/2023\/03\/bienenhaltung-2023-maerz-klein-1.pdf\">Einstieg in die Bio-Bienenhaltung<\/a><\/p>\n<p><strong>Danke Andreas!<\/strong><\/p>\n<p><strong>Danke an Alle die zum Vortrag und zum Stammtisch gekommen sind!<\/strong><\/p>\n<\/div><\/section><br \/>\n<div  class='av-social-sharing-box av-4k5hmg-1bc99dcf671a4903101368380481dbb4 av-social-sharing-box-default  avia-builder-el-4  el_after_av_textblock  el_before_av_comments_list  av-social-sharing-box-fullwidth'><div class=\"av-share-box\"><h5 class='av-share-link-description av-no-toc '>Eintrag teilen<\/h5><ul class=\"av-share-box-list noLightbox\"><li class='av-share-link av-social-link-facebook avia_social_iconfont' ><a target=\"_blank\" aria-label=\"Teilen auf Facebook\" href='https:\/\/www.facebook.com\/sharer.php?u=https:\/\/imker-aigen.at\/index.php\/2023\/03\/07\/imker-stammtisch-am-7-3-2023\/&#038;t=Imker-Stammtisch%20am%207.3.2023' data-av_icon='\ue8f3' data-av_iconfont='entypo-fontello'  title='' data-avia-related-tooltip='Teilen auf Facebook'><span class='avia_hidden_link_text'>Teilen auf Facebook<\/span><\/a><\/li><li class='av-share-link av-social-link-twitter avia_social_iconfont' ><a target=\"_blank\" aria-label=\"Teilen auf X\" href='https:\/\/twitter.com\/share?text=Imker-Stammtisch%20am%207.3.2023&#038;url=https:\/\/imker-aigen.at\/?p=3144' data-av_icon='\ue932' data-av_iconfont='entypo-fontello'  title='' data-avia-related-tooltip='Teilen auf X'><span class='avia_hidden_link_text'>Teilen auf X<\/span><\/a><\/li><li class='av-share-link av-social-link-whatsapp avia_social_iconfont' ><a target=\"_blank\" aria-label=\"Teilen auf WhatsApp\" href='https:\/\/api.whatsapp.com\/send?text=https:\/\/imker-aigen.at\/index.php\/2023\/03\/07\/imker-stammtisch-am-7-3-2023\/' data-av_icon='\uf232' data-av_iconfont='entypo-fontello'  title='' data-avia-related-tooltip='Teilen auf WhatsApp'><span class='avia_hidden_link_text'>Teilen auf WhatsApp<\/span><\/a><\/li><li class='av-share-link av-social-link-pinterest avia_social_iconfont' ><a target=\"_blank\" aria-label=\"Teilen auf Pinterest\" href='https:\/\/pinterest.com\/pin\/create\/button\/?url=https%3A%2F%2Fimker-aigen.at%2Findex.php%2F2023%2F03%2F07%2Fimker-stammtisch-am-7-3-2023%2F&#038;description=Imker-Stammtisch%20am%207.3.2023&#038;media=https%3A%2F%2Fimker-aigen.at%2Fwp-content%2Fuploads%2F2022%2F10%2Fbio-austria-logo.jpg' data-av_icon='\ue8f8' data-av_iconfont='entypo-fontello'  title='' data-avia-related-tooltip='Teilen auf Pinterest'><span class='avia_hidden_link_text'>Teilen auf Pinterest<\/span><\/a><\/li><li class='av-share-link av-social-link-linkedin avia_social_iconfont' ><a target=\"_blank\" aria-label=\"Teilen auf LinkedIn\" href='https:\/\/linkedin.com\/shareArticle?mini=true&#038;title=Imker-Stammtisch%20am%207.3.2023&#038;url=https:\/\/imker-aigen.at\/index.php\/2023\/03\/07\/imker-stammtisch-am-7-3-2023\/' data-av_icon='\ue8fc' data-av_iconfont='entypo-fontello'  title='' data-avia-related-tooltip='Teilen auf LinkedIn'><span class='avia_hidden_link_text'>Teilen auf LinkedIn<\/span><\/a><\/li><li class='av-share-link av-social-link-reddit avia_social_iconfont' ><a target=\"_blank\" aria-label=\"Teilen auf Reddit\" href='https:\/\/reddit.com\/submit?url=https:\/\/imker-aigen.at\/index.php\/2023\/03\/07\/imker-stammtisch-am-7-3-2023\/&#038;title=Imker-Stammtisch%20am%207.3.2023' data-av_icon='\ue927' data-av_iconfont='entypo-fontello'  title='' data-avia-related-tooltip='Teilen auf Reddit'><span class='avia_hidden_link_text'>Teilen auf Reddit<\/span><\/a><\/li><li class='av-share-link av-social-link-mail avia_social_iconfont' ><a  aria-label=\"Per E-Mail teilen\" href='mailto:?subject=Imker-Stammtisch%20am%207.3.2023&#038;body=https:\/\/imker-aigen.at\/index.php\/2023\/03\/07\/imker-stammtisch-am-7-3-2023\/' data-av_icon='\ue805' data-av_iconfont='entypo-fontello'  title='' data-avia-related-tooltip='Per E-Mail teilen'><span class='avia_hidden_link_text'>Per E-Mail teilen<\/span><\/a><\/li><\/ul><\/div><\/div><br \/>\n<div  class='av-buildercomment av-1y4ac8-9b7fb018e5d23392470386e69b103c26'><\/div><\/p><\/div>\n","protected":false},"excerpt":{"rendered":"","protected":false},"author":1,"featured_media":1748,"comment_status":"open","ping_status":"closed","sticky":false,"template":"","format":"standard","meta":{"footnotes":""},"categories":[18],"tags":[],"class_list":["post-3144","post","type-post","status-publish","format-standard","has-post-thumbnail","hentry","category-alte-veranstaltungen"],"yoast_head":"<!-- This site is optimized with the Yoast SEO plugin v27.5 - https:\/\/yoast.com\/product\/yoast-seo-wordpress\/ -->\n<title>Imker-Stammtisch am 7.3.2023 - Imker Ortsgruppe Salzburg Aigen<\/title>\n<meta name=\"description\" content=\"Protokoll von unserem Stammtisch am 7.3.2023 im Gasthaus Pliemgut\" \/>\n<meta name=\"robots\" content=\"index, follow, max-snippet:-1, max-image-preview:large, max-video-preview:-1\" \/>\n<link rel=\"canonical\" href=\"https:\/\/imker-aigen.at\/index.php\/2023\/03\/07\/imker-stammtisch-am-7-3-2023\/\" \/>\n<meta property=\"og:locale\" content=\"de_DE\" \/>\n<meta property=\"og:type\" content=\"article\" \/>\n<meta property=\"og:title\" content=\"Imker-Stammtisch am 7.3.2023 - Imker Ortsgruppe Salzburg Aigen\" \/>\n<meta property=\"og:description\" content=\"Protokoll von unserem Stammtisch am 7.3.2023 im Gasthaus Pliemgut\" \/>\n<meta property=\"og:url\" content=\"https:\/\/imker-aigen.at\/index.php\/2023\/03\/07\/imker-stammtisch-am-7-3-2023\/\" \/>\n<meta property=\"og:site_name\" content=\"Imker Ortsgruppe Salzburg Aigen\" \/>\n<meta property=\"article:published_time\" content=\"2023-03-07T18:00:05+00:00\" \/>\n<meta property=\"article:modified_time\" content=\"2023-05-03T17:01:41+00:00\" \/>\n<meta property=\"og:image\" content=\"https:\/\/imker-aigen.at\/wp-content\/uploads\/2022\/10\/bio-austria-logo.jpg\" \/>\n\t<meta property=\"og:image:width\" content=\"144\" \/>\n\t<meta property=\"og:image:height\" content=\"189\" \/>\n\t<meta property=\"og:image:type\" content=\"image\/jpeg\" \/>\n<meta name=\"author\" content=\"admin\" \/>\n<meta name=\"twitter:card\" content=\"summary_large_image\" \/>\n<meta name=\"twitter:label1\" content=\"Verfasst von\" \/>\n\t<meta name=\"twitter:data1\" content=\"admin\" \/>\n\t<meta name=\"twitter:label2\" content=\"Gesch\u00e4tzte Lesezeit\" \/>\n\t<meta name=\"twitter:data2\" content=\"6\u00a0Minuten\" \/>\n<script type=\"application\/ld+json\" class=\"yoast-schema-graph\">{\"@context\":\"https:\\\/\\\/schema.org\",\"@graph\":[{\"@type\":\"Article\",\"@id\":\"https:\\\/\\\/imker-aigen.at\\\/index.php\\\/2023\\\/03\\\/07\\\/imker-stammtisch-am-7-3-2023\\\/#article\",\"isPartOf\":{\"@id\":\"https:\\\/\\\/imker-aigen.at\\\/index.php\\\/2023\\\/03\\\/07\\\/imker-stammtisch-am-7-3-2023\\\/\"},\"author\":{\"name\":\"admin\",\"@id\":\"https:\\\/\\\/imker-aigen.at\\\/#\\\/schema\\\/person\\\/d7d0c3a8ef6f051d450781218ac83077\"},\"headline\":\"Imker-Stammtisch am 7.3.2023\",\"datePublished\":\"2023-03-07T18:00:05+00:00\",\"dateModified\":\"2023-05-03T17:01:41+00:00\",\"mainEntityOfPage\":{\"@id\":\"https:\\\/\\\/imker-aigen.at\\\/index.php\\\/2023\\\/03\\\/07\\\/imker-stammtisch-am-7-3-2023\\\/\"},\"wordCount\":1371,\"commentCount\":0,\"publisher\":{\"@id\":\"https:\\\/\\\/imker-aigen.at\\\/#organization\"},\"image\":{\"@id\":\"https:\\\/\\\/imker-aigen.at\\\/index.php\\\/2023\\\/03\\\/07\\\/imker-stammtisch-am-7-3-2023\\\/#primaryimage\"},\"thumbnailUrl\":\"https:\\\/\\\/imker-aigen.at\\\/wp-content\\\/uploads\\\/2022\\\/10\\\/bio-austria-logo.jpg\",\"articleSection\":[\"Alte Veranstaltungen\"],\"inLanguage\":\"de\",\"potentialAction\":[{\"@type\":\"CommentAction\",\"name\":\"Comment\",\"target\":[\"https:\\\/\\\/imker-aigen.at\\\/index.php\\\/2023\\\/03\\\/07\\\/imker-stammtisch-am-7-3-2023\\\/#respond\"]}]},{\"@type\":\"WebPage\",\"@id\":\"https:\\\/\\\/imker-aigen.at\\\/index.php\\\/2023\\\/03\\\/07\\\/imker-stammtisch-am-7-3-2023\\\/\",\"url\":\"https:\\\/\\\/imker-aigen.at\\\/index.php\\\/2023\\\/03\\\/07\\\/imker-stammtisch-am-7-3-2023\\\/\",\"name\":\"Imker-Stammtisch am 7.3.2023 - Imker Ortsgruppe Salzburg Aigen\",\"isPartOf\":{\"@id\":\"https:\\\/\\\/imker-aigen.at\\\/#website\"},\"primaryImageOfPage\":{\"@id\":\"https:\\\/\\\/imker-aigen.at\\\/index.php\\\/2023\\\/03\\\/07\\\/imker-stammtisch-am-7-3-2023\\\/#primaryimage\"},\"image\":{\"@id\":\"https:\\\/\\\/imker-aigen.at\\\/index.php\\\/2023\\\/03\\\/07\\\/imker-stammtisch-am-7-3-2023\\\/#primaryimage\"},\"thumbnailUrl\":\"https:\\\/\\\/imker-aigen.at\\\/wp-content\\\/uploads\\\/2022\\\/10\\\/bio-austria-logo.jpg\",\"datePublished\":\"2023-03-07T18:00:05+00:00\",\"dateModified\":\"2023-05-03T17:01:41+00:00\",\"description\":\"Protokoll von unserem Stammtisch am 7.3.2023 im Gasthaus Pliemgut\",\"breadcrumb\":{\"@id\":\"https:\\\/\\\/imker-aigen.at\\\/index.php\\\/2023\\\/03\\\/07\\\/imker-stammtisch-am-7-3-2023\\\/#breadcrumb\"},\"inLanguage\":\"de\",\"potentialAction\":[{\"@type\":\"ReadAction\",\"target\":[\"https:\\\/\\\/imker-aigen.at\\\/index.php\\\/2023\\\/03\\\/07\\\/imker-stammtisch-am-7-3-2023\\\/\"]}]},{\"@type\":\"ImageObject\",\"inLanguage\":\"de\",\"@id\":\"https:\\\/\\\/imker-aigen.at\\\/index.php\\\/2023\\\/03\\\/07\\\/imker-stammtisch-am-7-3-2023\\\/#primaryimage\",\"url\":\"https:\\\/\\\/imker-aigen.at\\\/wp-content\\\/uploads\\\/2022\\\/10\\\/bio-austria-logo.jpg\",\"contentUrl\":\"https:\\\/\\\/imker-aigen.at\\\/wp-content\\\/uploads\\\/2022\\\/10\\\/bio-austria-logo.jpg\",\"width\":144,\"height\":189,\"caption\":\"Bio Austria Logo\"},{\"@type\":\"BreadcrumbList\",\"@id\":\"https:\\\/\\\/imker-aigen.at\\\/index.php\\\/2023\\\/03\\\/07\\\/imker-stammtisch-am-7-3-2023\\\/#breadcrumb\",\"itemListElement\":[{\"@type\":\"ListItem\",\"position\":1,\"name\":\"Startseite\",\"item\":\"https:\\\/\\\/imker-aigen.at\\\/index.php\\\/home\\\/\"},{\"@type\":\"ListItem\",\"position\":2,\"name\":\"Imker-Stammtisch am 7.3.2023\"}]},{\"@type\":\"WebSite\",\"@id\":\"https:\\\/\\\/imker-aigen.at\\\/#website\",\"url\":\"https:\\\/\\\/imker-aigen.at\\\/\",\"name\":\"Imker Ortsgruppe Salzburg Aigen\",\"description\":\"Homepage der Imker-Ortsgruppe Salzburg Aigen\",\"publisher\":{\"@id\":\"https:\\\/\\\/imker-aigen.at\\\/#organization\"},\"potentialAction\":[{\"@type\":\"SearchAction\",\"target\":{\"@type\":\"EntryPoint\",\"urlTemplate\":\"https:\\\/\\\/imker-aigen.at\\\/?s={search_term_string}\"},\"query-input\":{\"@type\":\"PropertyValueSpecification\",\"valueRequired\":true,\"valueName\":\"search_term_string\"}}],\"inLanguage\":\"de\"},{\"@type\":\"Organization\",\"@id\":\"https:\\\/\\\/imker-aigen.at\\\/#organization\",\"name\":\"Imker Ortsgruppe Salzburg Aigen\",\"url\":\"https:\\\/\\\/imker-aigen.at\\\/\",\"logo\":{\"@type\":\"ImageObject\",\"inLanguage\":\"de\",\"@id\":\"https:\\\/\\\/imker-aigen.at\\\/#\\\/schema\\\/logo\\\/image\\\/\",\"url\":\"https:\\\/\\\/imker-aigen.at\\\/wp-content\\\/uploads\\\/2022\\\/08\\\/logo-1.png\",\"contentUrl\":\"https:\\\/\\\/imker-aigen.at\\\/wp-content\\\/uploads\\\/2022\\\/08\\\/logo-1.png\",\"width\":392,\"height\":156,\"caption\":\"Imker Ortsgruppe Salzburg Aigen\"},\"image\":{\"@id\":\"https:\\\/\\\/imker-aigen.at\\\/#\\\/schema\\\/logo\\\/image\\\/\"}},{\"@type\":\"Person\",\"@id\":\"https:\\\/\\\/imker-aigen.at\\\/#\\\/schema\\\/person\\\/d7d0c3a8ef6f051d450781218ac83077\",\"name\":\"admin\",\"image\":{\"@type\":\"ImageObject\",\"inLanguage\":\"de\",\"@id\":\"https:\\\/\\\/secure.gravatar.com\\\/avatar\\\/925a7e918efd3cfdae29be9c0018a3ae3275cd0444a6e166241172bb6e5243c7?s=96&d=mm&r=g\",\"url\":\"https:\\\/\\\/secure.gravatar.com\\\/avatar\\\/925a7e918efd3cfdae29be9c0018a3ae3275cd0444a6e166241172bb6e5243c7?s=96&d=mm&r=g\",\"contentUrl\":\"https:\\\/\\\/secure.gravatar.com\\\/avatar\\\/925a7e918efd3cfdae29be9c0018a3ae3275cd0444a6e166241172bb6e5243c7?s=96&d=mm&r=g\",\"caption\":\"admin\"},\"sameAs\":[\"https:\\\/\\\/imker-aigen.at\",\"linkedin.com\\\/in\\\/bernd-meierhofer-5919b62\"],\"url\":\"https:\\\/\\\/imker-aigen.at\\\/index.php\\\/author\\\/bmeierhofer\\\/\"}]}<\/script>\n<!-- \/ Yoast SEO plugin. -->","yoast_head_json":{"title":"Imker-Stammtisch am 7.3.2023 - Imker Ortsgruppe Salzburg Aigen","description":"Protokoll von unserem Stammtisch am 7.3.2023 im Gasthaus Pliemgut","robots":{"index":"index","follow":"follow","max-snippet":"max-snippet:-1","max-image-preview":"max-image-preview:large","max-video-preview":"max-video-preview:-1"},"canonical":"https:\/\/imker-aigen.at\/index.php\/2023\/03\/07\/imker-stammtisch-am-7-3-2023\/","og_locale":"de_DE","og_type":"article","og_title":"Imker-Stammtisch am 7.3.2023 - Imker Ortsgruppe Salzburg Aigen","og_description":"Protokoll von unserem Stammtisch am 7.3.2023 im Gasthaus Pliemgut","og_url":"https:\/\/imker-aigen.at\/index.php\/2023\/03\/07\/imker-stammtisch-am-7-3-2023\/","og_site_name":"Imker Ortsgruppe Salzburg Aigen","article_published_time":"2023-03-07T18:00:05+00:00","article_modified_time":"2023-05-03T17:01:41+00:00","og_image":[{"width":144,"height":189,"url":"https:\/\/imker-aigen.at\/wp-content\/uploads\/2022\/10\/bio-austria-logo.jpg","type":"image\/jpeg"}],"author":"admin","twitter_card":"summary_large_image","twitter_misc":{"Verfasst von":"admin","Gesch\u00e4tzte Lesezeit":"6\u00a0Minuten"},"schema":{"@context":"https:\/\/schema.org","@graph":[{"@type":"Article","@id":"https:\/\/imker-aigen.at\/index.php\/2023\/03\/07\/imker-stammtisch-am-7-3-2023\/#article","isPartOf":{"@id":"https:\/\/imker-aigen.at\/index.php\/2023\/03\/07\/imker-stammtisch-am-7-3-2023\/"},"author":{"name":"admin","@id":"https:\/\/imker-aigen.at\/#\/schema\/person\/d7d0c3a8ef6f051d450781218ac83077"},"headline":"Imker-Stammtisch am 7.3.2023","datePublished":"2023-03-07T18:00:05+00:00","dateModified":"2023-05-03T17:01:41+00:00","mainEntityOfPage":{"@id":"https:\/\/imker-aigen.at\/index.php\/2023\/03\/07\/imker-stammtisch-am-7-3-2023\/"},"wordCount":1371,"commentCount":0,"publisher":{"@id":"https:\/\/imker-aigen.at\/#organization"},"image":{"@id":"https:\/\/imker-aigen.at\/index.php\/2023\/03\/07\/imker-stammtisch-am-7-3-2023\/#primaryimage"},"thumbnailUrl":"https:\/\/imker-aigen.at\/wp-content\/uploads\/2022\/10\/bio-austria-logo.jpg","articleSection":["Alte Veranstaltungen"],"inLanguage":"de","potentialAction":[{"@type":"CommentAction","name":"Comment","target":["https:\/\/imker-aigen.at\/index.php\/2023\/03\/07\/imker-stammtisch-am-7-3-2023\/#respond"]}]},{"@type":"WebPage","@id":"https:\/\/imker-aigen.at\/index.php\/2023\/03\/07\/imker-stammtisch-am-7-3-2023\/","url":"https:\/\/imker-aigen.at\/index.php\/2023\/03\/07\/imker-stammtisch-am-7-3-2023\/","name":"Imker-Stammtisch am 7.3.2023 - Imker Ortsgruppe Salzburg Aigen","isPartOf":{"@id":"https:\/\/imker-aigen.at\/#website"},"primaryImageOfPage":{"@id":"https:\/\/imker-aigen.at\/index.php\/2023\/03\/07\/imker-stammtisch-am-7-3-2023\/#primaryimage"},"image":{"@id":"https:\/\/imker-aigen.at\/index.php\/2023\/03\/07\/imker-stammtisch-am-7-3-2023\/#primaryimage"},"thumbnailUrl":"https:\/\/imker-aigen.at\/wp-content\/uploads\/2022\/10\/bio-austria-logo.jpg","datePublished":"2023-03-07T18:00:05+00:00","dateModified":"2023-05-03T17:01:41+00:00","description":"Protokoll von unserem Stammtisch am 7.3.2023 im Gasthaus Pliemgut","breadcrumb":{"@id":"https:\/\/imker-aigen.at\/index.php\/2023\/03\/07\/imker-stammtisch-am-7-3-2023\/#breadcrumb"},"inLanguage":"de","potentialAction":[{"@type":"ReadAction","target":["https:\/\/imker-aigen.at\/index.php\/2023\/03\/07\/imker-stammtisch-am-7-3-2023\/"]}]},{"@type":"ImageObject","inLanguage":"de","@id":"https:\/\/imker-aigen.at\/index.php\/2023\/03\/07\/imker-stammtisch-am-7-3-2023\/#primaryimage","url":"https:\/\/imker-aigen.at\/wp-content\/uploads\/2022\/10\/bio-austria-logo.jpg","contentUrl":"https:\/\/imker-aigen.at\/wp-content\/uploads\/2022\/10\/bio-austria-logo.jpg","width":144,"height":189,"caption":"Bio Austria Logo"},{"@type":"BreadcrumbList","@id":"https:\/\/imker-aigen.at\/index.php\/2023\/03\/07\/imker-stammtisch-am-7-3-2023\/#breadcrumb","itemListElement":[{"@type":"ListItem","position":1,"name":"Startseite","item":"https:\/\/imker-aigen.at\/index.php\/home\/"},{"@type":"ListItem","position":2,"name":"Imker-Stammtisch am 7.3.2023"}]},{"@type":"WebSite","@id":"https:\/\/imker-aigen.at\/#website","url":"https:\/\/imker-aigen.at\/","name":"Imker Ortsgruppe Salzburg Aigen","description":"Homepage der Imker-Ortsgruppe Salzburg Aigen","publisher":{"@id":"https:\/\/imker-aigen.at\/#organization"},"potentialAction":[{"@type":"SearchAction","target":{"@type":"EntryPoint","urlTemplate":"https:\/\/imker-aigen.at\/?s={search_term_string}"},"query-input":{"@type":"PropertyValueSpecification","valueRequired":true,"valueName":"search_term_string"}}],"inLanguage":"de"},{"@type":"Organization","@id":"https:\/\/imker-aigen.at\/#organization","name":"Imker Ortsgruppe Salzburg Aigen","url":"https:\/\/imker-aigen.at\/","logo":{"@type":"ImageObject","inLanguage":"de","@id":"https:\/\/imker-aigen.at\/#\/schema\/logo\/image\/","url":"https:\/\/imker-aigen.at\/wp-content\/uploads\/2022\/08\/logo-1.png","contentUrl":"https:\/\/imker-aigen.at\/wp-content\/uploads\/2022\/08\/logo-1.png","width":392,"height":156,"caption":"Imker Ortsgruppe Salzburg Aigen"},"image":{"@id":"https:\/\/imker-aigen.at\/#\/schema\/logo\/image\/"}},{"@type":"Person","@id":"https:\/\/imker-aigen.at\/#\/schema\/person\/d7d0c3a8ef6f051d450781218ac83077","name":"admin","image":{"@type":"ImageObject","inLanguage":"de","@id":"https:\/\/secure.gravatar.com\/avatar\/925a7e918efd3cfdae29be9c0018a3ae3275cd0444a6e166241172bb6e5243c7?s=96&d=mm&r=g","url":"https:\/\/secure.gravatar.com\/avatar\/925a7e918efd3cfdae29be9c0018a3ae3275cd0444a6e166241172bb6e5243c7?s=96&d=mm&r=g","contentUrl":"https:\/\/secure.gravatar.com\/avatar\/925a7e918efd3cfdae29be9c0018a3ae3275cd0444a6e166241172bb6e5243c7?s=96&d=mm&r=g","caption":"admin"},"sameAs":["https:\/\/imker-aigen.at","linkedin.com\/in\/bernd-meierhofer-5919b62"],"url":"https:\/\/imker-aigen.at\/index.php\/author\/bmeierhofer\/"}]}},"_links":{"self":[{"href":"https:\/\/imker-aigen.at\/index.php\/wp-json\/wp\/v2\/posts\/3144","targetHints":{"allow":["GET"]}}],"collection":[{"href":"https:\/\/imker-aigen.at\/index.php\/wp-json\/wp\/v2\/posts"}],"about":[{"href":"https:\/\/imker-aigen.at\/index.php\/wp-json\/wp\/v2\/types\/post"}],"author":[{"embeddable":true,"href":"https:\/\/imker-aigen.at\/index.php\/wp-json\/wp\/v2\/users\/1"}],"replies":[{"embeddable":true,"href":"https:\/\/imker-aigen.at\/index.php\/wp-json\/wp\/v2\/comments?post=3144"}],"version-history":[{"count":10,"href":"https:\/\/imker-aigen.at\/index.php\/wp-json\/wp\/v2\/posts\/3144\/revisions"}],"predecessor-version":[{"id":3166,"href":"https:\/\/imker-aigen.at\/index.php\/wp-json\/wp\/v2\/posts\/3144\/revisions\/3166"}],"wp:featuredmedia":[{"embeddable":true,"href":"https:\/\/imker-aigen.at\/index.php\/wp-json\/wp\/v2\/media\/1748"}],"wp:attachment":[{"href":"https:\/\/imker-aigen.at\/index.php\/wp-json\/wp\/v2\/media?parent=3144"}],"wp:term":[{"taxonomy":"category","embeddable":true,"href":"https:\/\/imker-aigen.at\/index.php\/wp-json\/wp\/v2\/categories?post=3144"},{"taxonomy":"post_tag","embeddable":true,"href":"https:\/\/imker-aigen.at\/index.php\/wp-json\/wp\/v2\/tags?post=3144"}],"curies":[{"name":"wp","href":"https:\/\/api.w.org\/{rel}","templated":true}]}}