{"id":3647,"date":"2023-04-22T14:00:11","date_gmt":"2023-04-22T12:00:11","guid":{"rendered":"https:\/\/imker-aigen.at\/?p=3647"},"modified":"2023-05-03T19:03:11","modified_gmt":"2023-05-03T17:03:11","slug":"standbegehung-vereinshuette-am-egelsee-mit-monika-heller-am-22-4-2023","status":"publish","type":"post","link":"https:\/\/imker-aigen.at\/index.php\/2023\/04\/22\/standbegehung-vereinshuette-am-egelsee-mit-monika-heller-am-22-4-2023\/","title":{"rendered":"Standbegehung (Vereinsh\u00fctte am Egelsee) mit Monika Heller am 22.4.2023"},"content":{"rendered":"<div  class='flex_column av-55n18f-be64cdd648880a3d2c9f0eba56ab1948 av_one_full  avia-builder-el-0  avia-builder-el-no-sibling  first flex_column_div  '     ><p>\n<style type=\"text\/css\" data-created_by=\"avia_inline_auto\" id=\"style-css-av-lgulncue-5a9ba1497e68cdf2c6ecab2ddd8abf75\">\n#top .av-special-heading.av-lgulncue-5a9ba1497e68cdf2c6ecab2ddd8abf75{\npadding-bottom:10px;\n}\nbody .av-special-heading.av-lgulncue-5a9ba1497e68cdf2c6ecab2ddd8abf75 .av-special-heading-tag .heading-char{\nfont-size:25px;\n}\n.av-special-heading.av-lgulncue-5a9ba1497e68cdf2c6ecab2ddd8abf75 .av-subheading{\nfont-size:15px;\n}\n<\/style>\n<div  class='av-special-heading av-lgulncue-5a9ba1497e68cdf2c6ecab2ddd8abf75 av-special-heading-h3 blockquote modern-quote modern-centered  avia-builder-el-1  el_before_av_textblock  avia-builder-el-first '><h3 class='av-special-heading-tag '  itemprop=\"headline\"  >Standbegehung (Vereinsh\u00fctte am Egelsee) mit Monika Heller am 22.4.2023<\/h3><div class=\"special-heading-border\"><div class=\"special-heading-inner-border\"><\/div><\/div><\/div><br \/>\n<section  class='av_textblock_section av-lgulrfkk-3bd3df809d63f4e96a262fef1a0f5f5a '   itemscope=\"itemscope\" itemtype=\"https:\/\/schema.org\/BlogPosting\" itemprop=\"blogPost\" ><div class='avia_textblock'  itemprop=\"text\" ><p>Autorin: Adelheid Speyer<\/p>\n<p>Der urspr\u00fcnglich f\u00fcr den 15. April 2023 geplante Termin war aufgrund der schlechten Wettersituation mit angek\u00fcndigtem Schneefall bis auf 600 m Seeh\u00f6he auf den 22. April verschoben worden. Bei endlich sch\u00f6nem Wetter haben 15 Mitglieder unseres Vereins an diesem Tag nach einer kleinen Wanderung zur Vereinsh\u00fctte Egelsee einen sehr informativen Nachmittag mit Imkermeisterin Monika Heller (<a href=\"https:\/\/bio-imkerei-heller.jimdosite.com\/\">Bio-Imkerei Heller in Maria Schmolln<\/a>) verbracht.<\/p>\n<p>Nachdem Frau Heller zun\u00e4chst Fragen zum Standort genauer beleuchtet hat \u2013 Himmelsrichtung, Umgebung, B\u00e4ume und Pflanzen im Umkreis, M\u00f6glichkeit der Wasserversorgung f\u00fcr die Bienen \u2013 haben die einzelnen teilnehmenden Vereinsmitgliedern Beweggr\u00fcnde f\u00fcr ihr Imkern genannt. Dass es sehr unterschiedliche Gr\u00fcnde gibt, mit dem Imkern zu beginnen, wurde dabei sehr schnell erkennbar. Diese Variabilit\u00e4t zeichnet unseren Verein sicherlich aus und erfordert Verst\u00e4ndnis und Toleranz, macht aber auch die ganze Bandbreite des Imkerns auf spannende Weise sichtbar.<\/p>\n<p>Paul Haslauer, der seit einigen Jahren Bienenv\u00f6lker in der Vereinsh\u00fctte betreut, hat uns im Anschluss an diese Einf\u00fchrung erm\u00f6glicht, drei seiner V\u00f6lker durchzuschauen und dabei unterschiedliche Merkmale dieser V\u00f6lker festzustellen. Monika Heller hat bei der Durchsicht auch Tipps gegeben, welche Fragen man dabei stellen kann.<\/p>\n<ul>\n<li>Wie kann man in diesem schwierigen Fr\u00fchjahr den derzeitigen Stand der Entwicklung der Bienenv\u00f6lker auf ca. 700 m Seeh\u00f6he beurteilen?<\/li>\n<li>Wie ist der Brutstatus der V\u00f6lker?<\/li>\n<li>Gab es Brutpausen w\u00e4hrend der letzten K\u00e4lteperiode?<\/li>\n<li>Wie sieht es aus mit Futterreserven?<\/li>\n<li>Wie lange soll man f\u00fcttern?<\/li>\n<li>Wann ist es sinnvoll, den Honigraum zu geben?<\/li>\n<li>Wie vermeidet man, dass Futter in den Honigraum getragen wird?<\/li>\n<li>Wann erreichen die V\u00f6lker Trachtst\u00e4rke?<\/li>\n<li>Was kann man an einem Problemvolk erkennen?<\/li>\n<li>Gibt es Hinweise auf Erkrankungen?<\/li>\n<li>Was kann man mit einem Problemvolk bzw. mit der K\u00f6nigin des Problemvolkes machen?<\/li>\n<li>Wie kann man ein Problemvolk sanieren?<\/li>\n<\/ul>\n<p>Wir danken Monika Heller f\u00fcr ihre wertvollen kompetenten Ausf\u00fchrungen, Paul Haslauer f\u00fcr seine Bereitschaft, uns seine V\u00f6lker f\u00fcr diese Aktion zur Verf\u00fcgung zu stellen, und allen Mitgliedern des Vereins, die an dieser gelungenen Veranstaltung teilgenommen haben.<\/p>\n<p>Der Abschluss der Veranstaltung konnte auch kulinarisch punkten. Neben Michis flaumigen Powidl-Marillen-Buchteln gab es einen wunderbaren goldenen Gugelhupf von Johanna, k\u00f6stliche kurdische Dattelkekse von Sardars Tochter und au\u00dferdem eine Kostprobe von Pauls hervorragendem Met.<\/p>\n<\/div><\/section><br \/>\n\n<style type=\"text\/css\" data-created_by=\"avia_inline_auto\" id=\"style-css-av-lgumkckq-2acf2cec1c882113d36ffab193cacc20\">\n.av-horizontal-gallery.av-lgumkckq-2acf2cec1c882113d36ffab193cacc20{\npadding:3.75% 0px;;\n}\n.av-horizontal-gallery.av-lgumkckq-2acf2cec1c882113d36ffab193cacc20 .av-horizontal-gallery-inner{\npadding-bottom:25%;\n}\n<\/style>\n<div  class='av-horizontal-gallery av-lgumkckq-2acf2cec1c882113d36ffab193cacc20 av-horizontal-gallery-large-gap av-horizontal-gallery-enlarge-effect  avia-builder-el-3  el_after_av_textblock  el_before_av_social_share  av-slideshow-ui av-control-default av-slideshow-manual av-loop-once av-loop-manual-once av-horizontal-gallery-1' data-slideshow-data=\"{&quot;enlarge&quot;:1.3,&quot;animation&quot;:&quot;slide&quot;,&quot;autoplay&quot;:false,&quot;loop_autoplay&quot;:&quot;once&quot;,&quot;interval&quot;:5,&quot;loop_manual&quot;:&quot;manual-once&quot;,&quot;autoplay_stopper&quot;:false,&quot;noNavigation&quot;:false,&quot;bg_slider&quot;:false,&quot;keep_padding&quot;:&quot;&quot;,&quot;hoverpause&quot;:false,&quot;show_slide_delay&quot;:0}\"  itemprop=\"image\" itemscope=\"itemscope\" itemtype=\"https:\/\/schema.org\/ImageObject\" ><div class='avia-slideshow-arrows avia-slideshow-controls' ><a href='#prev' class='prev-slide av-horizontal-gallery-prev avia-svg-icon avia-font-svg_entypo-fontello' data-av_svg_icon='left-open-big' data-av_iconset='svg_entypo-fontello' tabindex='-1' title=\"Zur\u00fcck\"><svg version=\"1.1\" xmlns=\"http:\/\/www.w3.org\/2000\/svg\" width=\"15\" height=\"32\" viewBox=\"0 0 15 32\" preserveAspectRatio=\"xMidYMid meet\" aria-labelledby='av-svg-title-1' aria-describedby='av-svg-desc-1' role=\"graphics-symbol\" aria-hidden=\"true\">\n<title id='av-svg-title-1'>Zur\u00fcck<\/title>\n<desc id='av-svg-desc-1'>Zur\u00fcck<\/desc>\n<path d=\"M14.464 27.84q0.832 0.832 0 1.536-0.832 0.832-1.536 0l-12.544-12.608q-0.768-0.768 0-1.6l12.544-12.608q0.704-0.832 1.536 0 0.832 0.704 0 1.536l-11.456 11.904z\"><\/path>\n<\/svg><span class='avia_hidden_link_text'>Zur\u00fcck<\/span><\/a><a href='#next' class='next-slide av-horizontal-gallery-next avia-svg-icon avia-font-svg_entypo-fontello' data-av_svg_icon='right-open-big' data-av_iconset='svg_entypo-fontello' tabindex='-1' title=\"Weiter\"><svg version=\"1.1\" xmlns=\"http:\/\/www.w3.org\/2000\/svg\" width=\"15\" height=\"32\" viewBox=\"0 0 15 32\" preserveAspectRatio=\"xMidYMid meet\" aria-labelledby='av-svg-title-2' aria-describedby='av-svg-desc-2' role=\"graphics-symbol\" aria-hidden=\"true\">\n<title id='av-svg-title-2'>Weiter<\/title>\n<desc id='av-svg-desc-2'>Weiter<\/desc>\n<path d=\"M0.416 27.84l11.456-11.84-11.456-11.904q-0.832-0.832 0-1.536 0.832-0.832 1.536 0l12.544 12.608q0.768 0.832 0 1.6l-12.544 12.608q-0.704 0.832-1.536 0-0.832-0.704 0-1.536z\"><\/path>\n<\/svg><span class='avia_hidden_link_text'>Weiter<\/span><\/a><\/div><div class='avia-slideshow-dots avia-slideshow-controls av-horizontal-gallery-dots fade-in'><a href='#1' class='goto-slide active' >1<\/a><a href='#2' class='goto-slide ' >2<\/a><a href='#3' class='goto-slide ' >3<\/a><a href='#4' class='goto-slide ' >4<\/a><a href='#5' class='goto-slide ' >5<\/a><a href='#6' class='goto-slide ' >6<\/a><a href='#7' class='goto-slide ' >7<\/a><\/div><div class='av-horizontal-gallery-inner' data-av-height='25'><div class=\"av-horizontal-gallery-slider\"><div class=\"av-horizontal-gallery-wrap noHover\"><img decoding=\"async\" fetchpriority=\"high\" class='wp-image-3654 avia-img-lazy-loading-not-3654 av-horizontal-gallery-img' width=\"768\" height=\"768\" src=\"https:\/\/imker-aigen.at\/wp-content\/uploads\/2023\/04\/egelsee1_768_768.jpg\" title='Screenshot' alt='' srcset=\"https:\/\/imker-aigen.at\/wp-content\/uploads\/2023\/04\/egelsee1_768_768.jpg 768w, https:\/\/imker-aigen.at\/wp-content\/uploads\/2023\/04\/egelsee1_768_768-300x300.jpg 300w, https:\/\/imker-aigen.at\/wp-content\/uploads\/2023\/04\/egelsee1_768_768-80x80.jpg 80w, https:\/\/imker-aigen.at\/wp-content\/uploads\/2023\/04\/egelsee1_768_768-36x36.jpg 36w, https:\/\/imker-aigen.at\/wp-content\/uploads\/2023\/04\/egelsee1_768_768-180x180.jpg 180w, https:\/\/imker-aigen.at\/wp-content\/uploads\/2023\/04\/egelsee1_768_768-705x705.jpg 705w\" sizes=\"(max-width: 768px) 100vw, 768px\" \/><a href=\"https:\/\/imker-aigen.at\/wp-content\/uploads\/2023\/04\/egelsee1_768_768.jpg\" data-srcset=\"https:\/\/imker-aigen.at\/wp-content\/uploads\/2023\/04\/egelsee1_768_768.jpg 768w, https:\/\/imker-aigen.at\/wp-content\/uploads\/2023\/04\/egelsee1_768_768-300x300.jpg 300w, https:\/\/imker-aigen.at\/wp-content\/uploads\/2023\/04\/egelsee1_768_768-80x80.jpg 80w, https:\/\/imker-aigen.at\/wp-content\/uploads\/2023\/04\/egelsee1_768_768-36x36.jpg 36w, https:\/\/imker-aigen.at\/wp-content\/uploads\/2023\/04\/egelsee1_768_768-180x180.jpg 180w, https:\/\/imker-aigen.at\/wp-content\/uploads\/2023\/04\/egelsee1_768_768-705x705.jpg 705w\" data-sizes=\"(max-width: 768px) 100vw, 768px\" class='av-horizontal-gallery-link avia-svg-icon avia-font-svg_entypo-fontello' data-av_svg_icon='resize-full' data-av_iconset='svg_entypo-fontello' title='Egelsee - Moorlandschaft' alt='' aria-label='Open image in lightbox: Screenshot'><svg version=\"1.1\" xmlns=\"http:\/\/www.w3.org\/2000\/svg\" width=\"25\" height=\"32\" viewBox=\"0 0 25 32\" preserveAspectRatio=\"xMidYMid meet\" aria-labelledby='av-svg-title-3' aria-describedby='av-svg-desc-3' role=\"graphics-symbol\" aria-hidden=\"true\">\n<title id='av-svg-title-3'>Open image in lightbox: Screenshot<\/title>\n<desc id='av-svg-desc-3'>Open image in lightbox: Screenshot<\/desc>\n<path d=\"M15.232 3.328h10.112v10.112l-3.2-3.968-4.672 4.864-3.2-3.2 4.864-4.672zM7.872 17.536l3.2 3.2-4.864 4.672 3.904 3.2h-10.112v-10.112l3.2 3.904z\"><\/path>\n<\/svg><\/a><\/div><div class=\"av-horizontal-gallery-wrap noHover\"><img decoding=\"async\" fetchpriority=\"high\" class='wp-image-3659 avia-img-lazy-loading-not-3659 av-horizontal-gallery-img' width=\"768\" height=\"768\" src=\"https:\/\/imker-aigen.at\/wp-content\/uploads\/2023\/04\/egelsee6_768_768.jpg\" title='egelsee6_768_768' alt='' srcset=\"https:\/\/imker-aigen.at\/wp-content\/uploads\/2023\/04\/egelsee6_768_768.jpg 768w, https:\/\/imker-aigen.at\/wp-content\/uploads\/2023\/04\/egelsee6_768_768-300x300.jpg 300w, https:\/\/imker-aigen.at\/wp-content\/uploads\/2023\/04\/egelsee6_768_768-80x80.jpg 80w, https:\/\/imker-aigen.at\/wp-content\/uploads\/2023\/04\/egelsee6_768_768-36x36.jpg 36w, https:\/\/imker-aigen.at\/wp-content\/uploads\/2023\/04\/egelsee6_768_768-180x180.jpg 180w, https:\/\/imker-aigen.at\/wp-content\/uploads\/2023\/04\/egelsee6_768_768-705x705.jpg 705w\" sizes=\"(max-width: 768px) 100vw, 768px\" \/><a href=\"https:\/\/imker-aigen.at\/wp-content\/uploads\/2023\/04\/egelsee6_768_768.jpg\" data-srcset=\"https:\/\/imker-aigen.at\/wp-content\/uploads\/2023\/04\/egelsee6_768_768.jpg 768w, https:\/\/imker-aigen.at\/wp-content\/uploads\/2023\/04\/egelsee6_768_768-300x300.jpg 300w, https:\/\/imker-aigen.at\/wp-content\/uploads\/2023\/04\/egelsee6_768_768-80x80.jpg 80w, https:\/\/imker-aigen.at\/wp-content\/uploads\/2023\/04\/egelsee6_768_768-36x36.jpg 36w, https:\/\/imker-aigen.at\/wp-content\/uploads\/2023\/04\/egelsee6_768_768-180x180.jpg 180w, https:\/\/imker-aigen.at\/wp-content\/uploads\/2023\/04\/egelsee6_768_768-705x705.jpg 705w\" data-sizes=\"(max-width: 768px) 100vw, 768px\" class='av-horizontal-gallery-link avia-svg-icon avia-font-svg_entypo-fontello' data-av_svg_icon='resize-full' data-av_iconset='svg_entypo-fontello' title='Unsere Vereinsh\u00fctte - Erbaut 1948' alt='' aria-label='Open image in lightbox: egelsee6_768_768'><svg version=\"1.1\" xmlns=\"http:\/\/www.w3.org\/2000\/svg\" width=\"25\" height=\"32\" viewBox=\"0 0 25 32\" preserveAspectRatio=\"xMidYMid meet\" aria-labelledby='av-svg-title-4' aria-describedby='av-svg-desc-4' role=\"graphics-symbol\" aria-hidden=\"true\">\n<title id='av-svg-title-4'>Open image in lightbox: egelsee6_768_768<\/title>\n<desc id='av-svg-desc-4'>Open image in lightbox: egelsee6_768_768<\/desc>\n<path d=\"M15.232 3.328h10.112v10.112l-3.2-3.968-4.672 4.864-3.2-3.2 4.864-4.672zM7.872 17.536l3.2 3.2-4.864 4.672 3.904 3.2h-10.112v-10.112l3.2 3.904z\"><\/path>\n<\/svg><\/a><\/div><div class=\"av-horizontal-gallery-wrap noHover\"><img decoding=\"async\" fetchpriority=\"high\" class='wp-image-3657 avia-img-lazy-loading-not-3657 av-horizontal-gallery-img' width=\"1024\" height=\"768\" src=\"https:\/\/imker-aigen.at\/wp-content\/uploads\/2023\/04\/egelsee4_1024_768.jpg\" title='egelsee4_1024_768' alt='' srcset=\"https:\/\/imker-aigen.at\/wp-content\/uploads\/2023\/04\/egelsee4_1024_768.jpg 1024w, https:\/\/imker-aigen.at\/wp-content\/uploads\/2023\/04\/egelsee4_1024_768-300x225.jpg 300w, https:\/\/imker-aigen.at\/wp-content\/uploads\/2023\/04\/egelsee4_1024_768-768x576.jpg 768w, https:\/\/imker-aigen.at\/wp-content\/uploads\/2023\/04\/egelsee4_1024_768-705x529.jpg 705w\" sizes=\"(max-width: 1024px) 100vw, 1024px\" \/><a href=\"https:\/\/imker-aigen.at\/wp-content\/uploads\/2023\/04\/egelsee4_1024_768.jpg\" data-srcset=\"https:\/\/imker-aigen.at\/wp-content\/uploads\/2023\/04\/egelsee4_1024_768.jpg 1024w, https:\/\/imker-aigen.at\/wp-content\/uploads\/2023\/04\/egelsee4_1024_768-300x225.jpg 300w, https:\/\/imker-aigen.at\/wp-content\/uploads\/2023\/04\/egelsee4_1024_768-768x576.jpg 768w, https:\/\/imker-aigen.at\/wp-content\/uploads\/2023\/04\/egelsee4_1024_768-705x529.jpg 705w\" data-sizes=\"(max-width: 1024px) 100vw, 1024px\" class='av-horizontal-gallery-link avia-svg-icon avia-font-svg_entypo-fontello' data-av_svg_icon='resize-full' data-av_iconset='svg_entypo-fontello' title='Ostseite der Vereinsh\u00fctte' alt='' aria-label='Open image in lightbox: egelsee4_1024_768'><svg version=\"1.1\" xmlns=\"http:\/\/www.w3.org\/2000\/svg\" width=\"25\" height=\"32\" viewBox=\"0 0 25 32\" preserveAspectRatio=\"xMidYMid meet\" aria-labelledby='av-svg-title-5' aria-describedby='av-svg-desc-5' role=\"graphics-symbol\" aria-hidden=\"true\">\n<title id='av-svg-title-5'>Open image in lightbox: egelsee4_1024_768<\/title>\n<desc id='av-svg-desc-5'>Open image in lightbox: egelsee4_1024_768<\/desc>\n<path d=\"M15.232 3.328h10.112v10.112l-3.2-3.968-4.672 4.864-3.2-3.2 4.864-4.672zM7.872 17.536l3.2 3.2-4.864 4.672 3.904 3.2h-10.112v-10.112l3.2 3.904z\"><\/path>\n<\/svg><\/a><\/div><div class=\"av-horizontal-gallery-wrap noHover\"><img decoding=\"async\" fetchpriority=\"high\" class='wp-image-3655 avia-img-lazy-loading-not-3655 av-horizontal-gallery-img' width=\"768\" height=\"768\" src=\"https:\/\/imker-aigen.at\/wp-content\/uploads\/2023\/04\/egelsee2_768_768.jpg\" title='Flugl\u00f6cher auf der Ostseite der Vereinsh\u00fctte am Egelsee' alt='' srcset=\"https:\/\/imker-aigen.at\/wp-content\/uploads\/2023\/04\/egelsee2_768_768.jpg 768w, https:\/\/imker-aigen.at\/wp-content\/uploads\/2023\/04\/egelsee2_768_768-300x300.jpg 300w, https:\/\/imker-aigen.at\/wp-content\/uploads\/2023\/04\/egelsee2_768_768-80x80.jpg 80w, https:\/\/imker-aigen.at\/wp-content\/uploads\/2023\/04\/egelsee2_768_768-36x36.jpg 36w, https:\/\/imker-aigen.at\/wp-content\/uploads\/2023\/04\/egelsee2_768_768-180x180.jpg 180w, https:\/\/imker-aigen.at\/wp-content\/uploads\/2023\/04\/egelsee2_768_768-705x705.jpg 705w\" sizes=\"(max-width: 768px) 100vw, 768px\" \/><a href=\"https:\/\/imker-aigen.at\/wp-content\/uploads\/2023\/04\/egelsee2_768_768.jpg\" data-srcset=\"https:\/\/imker-aigen.at\/wp-content\/uploads\/2023\/04\/egelsee2_768_768.jpg 768w, https:\/\/imker-aigen.at\/wp-content\/uploads\/2023\/04\/egelsee2_768_768-300x300.jpg 300w, https:\/\/imker-aigen.at\/wp-content\/uploads\/2023\/04\/egelsee2_768_768-80x80.jpg 80w, https:\/\/imker-aigen.at\/wp-content\/uploads\/2023\/04\/egelsee2_768_768-36x36.jpg 36w, https:\/\/imker-aigen.at\/wp-content\/uploads\/2023\/04\/egelsee2_768_768-180x180.jpg 180w, https:\/\/imker-aigen.at\/wp-content\/uploads\/2023\/04\/egelsee2_768_768-705x705.jpg 705w\" data-sizes=\"(max-width: 768px) 100vw, 768px\" class='av-horizontal-gallery-link avia-svg-icon avia-font-svg_entypo-fontello' data-av_svg_icon='resize-full' data-av_iconset='svg_entypo-fontello' title='Flugl\u00f6cher auf der Ostseite' alt='' aria-label='Open image in lightbox: Flugl\u00f6cher auf der Ostseite der Vereinsh\u00fctte am Egelsee'><svg version=\"1.1\" xmlns=\"http:\/\/www.w3.org\/2000\/svg\" width=\"25\" height=\"32\" viewBox=\"0 0 25 32\" preserveAspectRatio=\"xMidYMid meet\" aria-labelledby='av-svg-title-6' aria-describedby='av-svg-desc-6' role=\"graphics-symbol\" aria-hidden=\"true\">\n<title id='av-svg-title-6'>Open image in lightbox: Flugl\u00f6cher auf der Ostseite der Vereinsh\u00fctte am Egelsee<\/title>\n<desc id='av-svg-desc-6'>Open image in lightbox: Flugl\u00f6cher auf der Ostseite der Vereinsh\u00fctte am Egelsee<\/desc>\n<path d=\"M15.232 3.328h10.112v10.112l-3.2-3.968-4.672 4.864-3.2-3.2 4.864-4.672zM7.872 17.536l3.2 3.2-4.864 4.672 3.904 3.2h-10.112v-10.112l3.2 3.904z\"><\/path>\n<\/svg><\/a><\/div><div class=\"av-horizontal-gallery-wrap noHover\"><img decoding=\"async\" fetchpriority=\"high\" class='wp-image-3658 avia-img-lazy-loading-not-3658 av-horizontal-gallery-img' width=\"1024\" height=\"768\" src=\"https:\/\/imker-aigen.at\/wp-content\/uploads\/2023\/04\/egelsee5_1024_768.jpg\" title='egelsee5_1024_768' alt='' srcset=\"https:\/\/imker-aigen.at\/wp-content\/uploads\/2023\/04\/egelsee5_1024_768.jpg 1024w, https:\/\/imker-aigen.at\/wp-content\/uploads\/2023\/04\/egelsee5_1024_768-300x225.jpg 300w, https:\/\/imker-aigen.at\/wp-content\/uploads\/2023\/04\/egelsee5_1024_768-768x576.jpg 768w, https:\/\/imker-aigen.at\/wp-content\/uploads\/2023\/04\/egelsee5_1024_768-705x529.jpg 705w\" sizes=\"(max-width: 1024px) 100vw, 1024px\" \/><a href=\"https:\/\/imker-aigen.at\/wp-content\/uploads\/2023\/04\/egelsee5_1024_768.jpg\" data-srcset=\"https:\/\/imker-aigen.at\/wp-content\/uploads\/2023\/04\/egelsee5_1024_768.jpg 1024w, https:\/\/imker-aigen.at\/wp-content\/uploads\/2023\/04\/egelsee5_1024_768-300x225.jpg 300w, https:\/\/imker-aigen.at\/wp-content\/uploads\/2023\/04\/egelsee5_1024_768-768x576.jpg 768w, https:\/\/imker-aigen.at\/wp-content\/uploads\/2023\/04\/egelsee5_1024_768-705x529.jpg 705w\" data-sizes=\"(max-width: 1024px) 100vw, 1024px\" class='av-horizontal-gallery-link avia-svg-icon avia-font-svg_entypo-fontello' data-av_svg_icon='resize-full' data-av_iconset='svg_entypo-fontello' title='Typische Moor-Vegetation' alt='' aria-label='Open image in lightbox: egelsee5_1024_768'><svg version=\"1.1\" xmlns=\"http:\/\/www.w3.org\/2000\/svg\" width=\"25\" height=\"32\" viewBox=\"0 0 25 32\" preserveAspectRatio=\"xMidYMid meet\" aria-labelledby='av-svg-title-7' aria-describedby='av-svg-desc-7' role=\"graphics-symbol\" aria-hidden=\"true\">\n<title id='av-svg-title-7'>Open image in lightbox: egelsee5_1024_768<\/title>\n<desc id='av-svg-desc-7'>Open image in lightbox: egelsee5_1024_768<\/desc>\n<path d=\"M15.232 3.328h10.112v10.112l-3.2-3.968-4.672 4.864-3.2-3.2 4.864-4.672zM7.872 17.536l3.2 3.2-4.864 4.672 3.904 3.2h-10.112v-10.112l3.2 3.904z\"><\/path>\n<\/svg><\/a><\/div><div class=\"av-horizontal-gallery-wrap noHover\"><img decoding=\"async\" fetchpriority=\"high\" class='wp-image-3656 avia-img-lazy-loading-not-3656 av-horizontal-gallery-img' width=\"1024\" height=\"768\" src=\"https:\/\/imker-aigen.at\/wp-content\/uploads\/2023\/04\/egelsee3_1024_768.jpg\" title='egelsee3_1024_768' alt='' srcset=\"https:\/\/imker-aigen.at\/wp-content\/uploads\/2023\/04\/egelsee3_1024_768.jpg 1024w, https:\/\/imker-aigen.at\/wp-content\/uploads\/2023\/04\/egelsee3_1024_768-300x225.jpg 300w, https:\/\/imker-aigen.at\/wp-content\/uploads\/2023\/04\/egelsee3_1024_768-768x576.jpg 768w, https:\/\/imker-aigen.at\/wp-content\/uploads\/2023\/04\/egelsee3_1024_768-705x529.jpg 705w\" sizes=\"(max-width: 1024px) 100vw, 1024px\" \/><a href=\"https:\/\/imker-aigen.at\/wp-content\/uploads\/2023\/04\/egelsee3_1024_768.jpg\" data-srcset=\"https:\/\/imker-aigen.at\/wp-content\/uploads\/2023\/04\/egelsee3_1024_768.jpg 1024w, https:\/\/imker-aigen.at\/wp-content\/uploads\/2023\/04\/egelsee3_1024_768-300x225.jpg 300w, https:\/\/imker-aigen.at\/wp-content\/uploads\/2023\/04\/egelsee3_1024_768-768x576.jpg 768w, https:\/\/imker-aigen.at\/wp-content\/uploads\/2023\/04\/egelsee3_1024_768-705x529.jpg 705w\" data-sizes=\"(max-width: 1024px) 100vw, 1024px\" class='av-horizontal-gallery-link avia-svg-icon avia-font-svg_entypo-fontello' data-av_svg_icon='resize-full' data-av_iconset='svg_entypo-fontello' title='Die Teilnehmer' alt='' aria-label='Open image in lightbox: egelsee3_1024_768'><svg version=\"1.1\" xmlns=\"http:\/\/www.w3.org\/2000\/svg\" width=\"25\" height=\"32\" viewBox=\"0 0 25 32\" preserveAspectRatio=\"xMidYMid meet\" aria-labelledby='av-svg-title-8' aria-describedby='av-svg-desc-8' role=\"graphics-symbol\" aria-hidden=\"true\">\n<title id='av-svg-title-8'>Open image in lightbox: egelsee3_1024_768<\/title>\n<desc id='av-svg-desc-8'>Open image in lightbox: egelsee3_1024_768<\/desc>\n<path d=\"M15.232 3.328h10.112v10.112l-3.2-3.968-4.672 4.864-3.2-3.2 4.864-4.672zM7.872 17.536l3.2 3.2-4.864 4.672 3.904 3.2h-10.112v-10.112l3.2 3.904z\"><\/path>\n<\/svg><\/a><\/div><div class=\"av-horizontal-gallery-wrap noHover\"><img decoding=\"async\" fetchpriority=\"high\" class='wp-image-3667 avia-img-lazy-loading-not-3667 av-horizontal-gallery-img' width=\"768\" height=\"768\" src=\"https:\/\/imker-aigen.at\/wp-content\/uploads\/2023\/04\/egelsee7_768_768.jpg\" title='Brutnest der Bienen am Egelsee' alt='' srcset=\"https:\/\/imker-aigen.at\/wp-content\/uploads\/2023\/04\/egelsee7_768_768.jpg 768w, https:\/\/imker-aigen.at\/wp-content\/uploads\/2023\/04\/egelsee7_768_768-300x300.jpg 300w, https:\/\/imker-aigen.at\/wp-content\/uploads\/2023\/04\/egelsee7_768_768-80x80.jpg 80w, https:\/\/imker-aigen.at\/wp-content\/uploads\/2023\/04\/egelsee7_768_768-36x36.jpg 36w, https:\/\/imker-aigen.at\/wp-content\/uploads\/2023\/04\/egelsee7_768_768-180x180.jpg 180w, https:\/\/imker-aigen.at\/wp-content\/uploads\/2023\/04\/egelsee7_768_768-705x705.jpg 705w\" sizes=\"(max-width: 768px) 100vw, 768px\" \/><a href=\"https:\/\/imker-aigen.at\/wp-content\/uploads\/2023\/04\/egelsee7_768_768.jpg\" data-srcset=\"https:\/\/imker-aigen.at\/wp-content\/uploads\/2023\/04\/egelsee7_768_768.jpg 768w, https:\/\/imker-aigen.at\/wp-content\/uploads\/2023\/04\/egelsee7_768_768-300x300.jpg 300w, https:\/\/imker-aigen.at\/wp-content\/uploads\/2023\/04\/egelsee7_768_768-80x80.jpg 80w, https:\/\/imker-aigen.at\/wp-content\/uploads\/2023\/04\/egelsee7_768_768-36x36.jpg 36w, https:\/\/imker-aigen.at\/wp-content\/uploads\/2023\/04\/egelsee7_768_768-180x180.jpg 180w, https:\/\/imker-aigen.at\/wp-content\/uploads\/2023\/04\/egelsee7_768_768-705x705.jpg 705w\" data-sizes=\"(max-width: 768px) 100vw, 768px\" class='av-horizontal-gallery-link avia-svg-icon avia-font-svg_entypo-fontello' data-av_svg_icon='resize-full' data-av_iconset='svg_entypo-fontello' title='Sch\u00f6ne Carnica-V\u00f6lker' alt='' aria-label='Open image in lightbox: Brutnest der Bienen am Egelsee'><svg version=\"1.1\" xmlns=\"http:\/\/www.w3.org\/2000\/svg\" width=\"25\" height=\"32\" viewBox=\"0 0 25 32\" preserveAspectRatio=\"xMidYMid meet\" aria-labelledby='av-svg-title-9' aria-describedby='av-svg-desc-9' role=\"graphics-symbol\" aria-hidden=\"true\">\n<title id='av-svg-title-9'>Open image in lightbox: Brutnest der Bienen am Egelsee<\/title>\n<desc id='av-svg-desc-9'>Open image in lightbox: Brutnest der Bienen am Egelsee<\/desc>\n<path d=\"M15.232 3.328h10.112v10.112l-3.2-3.968-4.672 4.864-3.2-3.2 4.864-4.672zM7.872 17.536l3.2 3.2-4.864 4.672 3.904 3.2h-10.112v-10.112l3.2 3.904z\"><\/path>\n<\/svg><\/a><\/div><\/div><\/div><\/div><br \/>\n<div  class='av-social-sharing-box av-49i9pr-518355a312adcff6b1b005d6f4b29399 av-social-sharing-box-default  avia-builder-el-4  el_after_av_horizontal_gallery  el_before_av_comments_list  avia-builder-el-first  av-social-sharing-box-fullwidth'><div class=\"av-share-box\"><h5 class='av-share-link-description av-no-toc '>Eintrag teilen<\/h5><ul class=\"av-share-box-list noLightbox\"><li class='av-share-link av-social-link-facebook avia_social_iconfont' ><a target=\"_blank\" aria-label=\"Teilen auf Facebook\" href='https:\/\/www.facebook.com\/sharer.php?u=https:\/\/imker-aigen.at\/index.php\/2023\/04\/22\/standbegehung-vereinshuette-am-egelsee-mit-monika-heller-am-22-4-2023\/&#038;t=Standbegehung%20%28Vereinsh%C3%BCtte%20am%20Egelsee%29%20mit%20Monika%20Heller%20am%2022.4.2023' data-av_icon='\ue8f3' data-av_iconfont='entypo-fontello'  title='' data-avia-related-tooltip='Teilen auf Facebook'><span class='avia_hidden_link_text'>Teilen auf Facebook<\/span><\/a><\/li><li class='av-share-link av-social-link-twitter avia_social_iconfont' ><a target=\"_blank\" aria-label=\"Teilen auf X\" href='https:\/\/twitter.com\/share?text=Standbegehung%20%28Vereinsh%C3%BCtte%20am%20Egelsee%29%20mit%20Monika%20Heller%20am%2022.4.2023&#038;url=https:\/\/imker-aigen.at\/?p=3647' data-av_icon='\ue932' data-av_iconfont='entypo-fontello'  title='' data-avia-related-tooltip='Teilen auf X'><span class='avia_hidden_link_text'>Teilen auf X<\/span><\/a><\/li><li class='av-share-link av-social-link-whatsapp avia_social_iconfont' ><a target=\"_blank\" aria-label=\"Teilen auf WhatsApp\" href='https:\/\/api.whatsapp.com\/send?text=https:\/\/imker-aigen.at\/index.php\/2023\/04\/22\/standbegehung-vereinshuette-am-egelsee-mit-monika-heller-am-22-4-2023\/' data-av_icon='\uf232' data-av_iconfont='entypo-fontello'  title='' data-avia-related-tooltip='Teilen auf WhatsApp'><span class='avia_hidden_link_text'>Teilen auf WhatsApp<\/span><\/a><\/li><li class='av-share-link av-social-link-pinterest avia_social_iconfont' ><a target=\"_blank\" aria-label=\"Teilen auf Pinterest\" href='https:\/\/pinterest.com\/pin\/create\/button\/?url=https%3A%2F%2Fimker-aigen.at%2Findex.php%2F2023%2F04%2F22%2Fstandbegehung-vereinshuette-am-egelsee-mit-monika-heller-am-22-4-2023%2F&#038;description=Standbegehung%20%28Vereinsh%C3%BCtte%20am%20Egelsee%29%20mit%20Monika%20Heller%20am%2022.4.2023&#038;media=https%3A%2F%2Fimker-aigen.at%2Fwp-content%2Fuploads%2F2023%2F04%2Fegelsee1_768_768-705x705.jpg' data-av_icon='\ue8f8' data-av_iconfont='entypo-fontello'  title='' data-avia-related-tooltip='Teilen auf Pinterest'><span class='avia_hidden_link_text'>Teilen auf Pinterest<\/span><\/a><\/li><li class='av-share-link av-social-link-linkedin avia_social_iconfont' ><a target=\"_blank\" aria-label=\"Teilen auf LinkedIn\" href='https:\/\/linkedin.com\/shareArticle?mini=true&#038;title=Standbegehung%20%28Vereinsh%C3%BCtte%20am%20Egelsee%29%20mit%20Monika%20Heller%20am%2022.4.2023&#038;url=https:\/\/imker-aigen.at\/index.php\/2023\/04\/22\/standbegehung-vereinshuette-am-egelsee-mit-monika-heller-am-22-4-2023\/' data-av_icon='\ue8fc' data-av_iconfont='entypo-fontello'  title='' data-avia-related-tooltip='Teilen auf LinkedIn'><span class='avia_hidden_link_text'>Teilen auf LinkedIn<\/span><\/a><\/li><li class='av-share-link av-social-link-reddit avia_social_iconfont' ><a target=\"_blank\" aria-label=\"Teilen auf Reddit\" href='https:\/\/reddit.com\/submit?url=https:\/\/imker-aigen.at\/index.php\/2023\/04\/22\/standbegehung-vereinshuette-am-egelsee-mit-monika-heller-am-22-4-2023\/&#038;title=Standbegehung%20%28Vereinsh%C3%BCtte%20am%20Egelsee%29%20mit%20Monika%20Heller%20am%2022.4.2023' data-av_icon='\ue927' data-av_iconfont='entypo-fontello'  title='' data-avia-related-tooltip='Teilen auf Reddit'><span class='avia_hidden_link_text'>Teilen auf Reddit<\/span><\/a><\/li><li class='av-share-link av-social-link-mail avia_social_iconfont' ><a  aria-label=\"Per E-Mail teilen\" href='mailto:?subject=Standbegehung%20%28Vereinsh%C3%BCtte%20am%20Egelsee%29%20mit%20Monika%20Heller%20am%2022.4.2023&#038;body=https:\/\/imker-aigen.at\/index.php\/2023\/04\/22\/standbegehung-vereinshuette-am-egelsee-mit-monika-heller-am-22-4-2023\/' data-av_icon='\ue805' data-av_iconfont='entypo-fontello'  title='' data-avia-related-tooltip='Per E-Mail teilen'><span class='avia_hidden_link_text'>Per E-Mail teilen<\/span><\/a><\/li><\/ul><\/div><\/div><br \/>\n<div  class='av-buildercomment av-2oa31r-7742bfcb5b5b2148d942db73456c1cd2'><\/div><\/p><\/div>\n","protected":false},"excerpt":{"rendered":"","protected":false},"author":1,"featured_media":3654,"comment_status":"open","ping_status":"closed","sticky":false,"template":"","format":"standard","meta":{"footnotes":""},"categories":[18],"tags":[],"class_list":["post-3647","post","type-post","status-publish","format-standard","has-post-thumbnail","hentry","category-alte-veranstaltungen"],"yoast_head":"<!-- This site is optimized with the Yoast SEO plugin v27.4 - https:\/\/yoast.com\/product\/yoast-seo-wordpress\/ -->\n<title>Standbegehung (Vereinsh\u00fctte am Egelsee) mit Monika Heller am 22.4.2023 - Imker Ortsgruppe Salzburg Aigen<\/title>\n<meta name=\"description\" content=\"Gemeinsam mit Monika Heller haben wir unsere Vereinsh\u00fctte am Egelsee besucht und dort wertvolle Tipps von Monika bekommen.\" \/>\n<meta name=\"robots\" content=\"index, follow, max-snippet:-1, max-image-preview:large, max-video-preview:-1\" \/>\n<link rel=\"canonical\" href=\"https:\/\/imker-aigen.at\/index.php\/2023\/04\/22\/standbegehung-vereinshuette-am-egelsee-mit-monika-heller-am-22-4-2023\/\" \/>\n<meta property=\"og:locale\" content=\"de_DE\" \/>\n<meta property=\"og:type\" content=\"article\" \/>\n<meta property=\"og:title\" content=\"Standbegehung (Vereinsh\u00fctte am Egelsee) mit Monika Heller am 22.4.2023 - Imker Ortsgruppe Salzburg Aigen\" \/>\n<meta property=\"og:description\" content=\"Gemeinsam mit Monika Heller haben wir unsere Vereinsh\u00fctte am Egelsee besucht und dort wertvolle Tipps von Monika bekommen.\" \/>\n<meta property=\"og:url\" content=\"https:\/\/imker-aigen.at\/index.php\/2023\/04\/22\/standbegehung-vereinshuette-am-egelsee-mit-monika-heller-am-22-4-2023\/\" \/>\n<meta property=\"og:site_name\" content=\"Imker Ortsgruppe Salzburg Aigen\" \/>\n<meta property=\"article:published_time\" content=\"2023-04-22T12:00:11+00:00\" \/>\n<meta property=\"article:modified_time\" content=\"2023-05-03T17:03:11+00:00\" \/>\n<meta property=\"og:image\" content=\"https:\/\/imker-aigen.at\/wp-content\/uploads\/2023\/04\/egelsee1_768_768.jpg\" \/>\n\t<meta property=\"og:image:width\" content=\"768\" \/>\n\t<meta property=\"og:image:height\" content=\"768\" \/>\n\t<meta property=\"og:image:type\" content=\"image\/jpeg\" \/>\n<meta name=\"author\" content=\"admin\" \/>\n<meta name=\"twitter:card\" content=\"summary_large_image\" \/>\n<meta name=\"twitter:label1\" content=\"Verfasst von\" \/>\n\t<meta name=\"twitter:data1\" content=\"admin\" \/>\n\t<meta name=\"twitter:label2\" content=\"Gesch\u00e4tzte Lesezeit\" \/>\n\t<meta name=\"twitter:data2\" content=\"4\u00a0Minuten\" \/>\n<script type=\"application\/ld+json\" class=\"yoast-schema-graph\">{\"@context\":\"https:\\\/\\\/schema.org\",\"@graph\":[{\"@type\":\"Article\",\"@id\":\"https:\\\/\\\/imker-aigen.at\\\/index.php\\\/2023\\\/04\\\/22\\\/standbegehung-vereinshuette-am-egelsee-mit-monika-heller-am-22-4-2023\\\/#article\",\"isPartOf\":{\"@id\":\"https:\\\/\\\/imker-aigen.at\\\/index.php\\\/2023\\\/04\\\/22\\\/standbegehung-vereinshuette-am-egelsee-mit-monika-heller-am-22-4-2023\\\/\"},\"author\":{\"name\":\"admin\",\"@id\":\"https:\\\/\\\/imker-aigen.at\\\/#\\\/schema\\\/person\\\/d7d0c3a8ef6f051d450781218ac83077\"},\"headline\":\"Standbegehung (Vereinsh\u00fctte am Egelsee) mit Monika Heller am 22.4.2023\",\"datePublished\":\"2023-04-22T12:00:11+00:00\",\"dateModified\":\"2023-05-03T17:03:11+00:00\",\"mainEntityOfPage\":{\"@id\":\"https:\\\/\\\/imker-aigen.at\\\/index.php\\\/2023\\\/04\\\/22\\\/standbegehung-vereinshuette-am-egelsee-mit-monika-heller-am-22-4-2023\\\/\"},\"wordCount\":1082,\"commentCount\":0,\"publisher\":{\"@id\":\"https:\\\/\\\/imker-aigen.at\\\/#organization\"},\"image\":{\"@id\":\"https:\\\/\\\/imker-aigen.at\\\/index.php\\\/2023\\\/04\\\/22\\\/standbegehung-vereinshuette-am-egelsee-mit-monika-heller-am-22-4-2023\\\/#primaryimage\"},\"thumbnailUrl\":\"https:\\\/\\\/imker-aigen.at\\\/wp-content\\\/uploads\\\/2023\\\/04\\\/egelsee1_768_768.jpg\",\"articleSection\":[\"Alte Veranstaltungen\"],\"inLanguage\":\"de\",\"potentialAction\":[{\"@type\":\"CommentAction\",\"name\":\"Comment\",\"target\":[\"https:\\\/\\\/imker-aigen.at\\\/index.php\\\/2023\\\/04\\\/22\\\/standbegehung-vereinshuette-am-egelsee-mit-monika-heller-am-22-4-2023\\\/#respond\"]}]},{\"@type\":\"WebPage\",\"@id\":\"https:\\\/\\\/imker-aigen.at\\\/index.php\\\/2023\\\/04\\\/22\\\/standbegehung-vereinshuette-am-egelsee-mit-monika-heller-am-22-4-2023\\\/\",\"url\":\"https:\\\/\\\/imker-aigen.at\\\/index.php\\\/2023\\\/04\\\/22\\\/standbegehung-vereinshuette-am-egelsee-mit-monika-heller-am-22-4-2023\\\/\",\"name\":\"Standbegehung (Vereinsh\u00fctte am Egelsee) mit Monika Heller am 22.4.2023 - Imker Ortsgruppe Salzburg Aigen\",\"isPartOf\":{\"@id\":\"https:\\\/\\\/imker-aigen.at\\\/#website\"},\"primaryImageOfPage\":{\"@id\":\"https:\\\/\\\/imker-aigen.at\\\/index.php\\\/2023\\\/04\\\/22\\\/standbegehung-vereinshuette-am-egelsee-mit-monika-heller-am-22-4-2023\\\/#primaryimage\"},\"image\":{\"@id\":\"https:\\\/\\\/imker-aigen.at\\\/index.php\\\/2023\\\/04\\\/22\\\/standbegehung-vereinshuette-am-egelsee-mit-monika-heller-am-22-4-2023\\\/#primaryimage\"},\"thumbnailUrl\":\"https:\\\/\\\/imker-aigen.at\\\/wp-content\\\/uploads\\\/2023\\\/04\\\/egelsee1_768_768.jpg\",\"datePublished\":\"2023-04-22T12:00:11+00:00\",\"dateModified\":\"2023-05-03T17:03:11+00:00\",\"description\":\"Gemeinsam mit Monika Heller haben wir unsere Vereinsh\u00fctte am Egelsee besucht und dort wertvolle Tipps von Monika bekommen.\",\"breadcrumb\":{\"@id\":\"https:\\\/\\\/imker-aigen.at\\\/index.php\\\/2023\\\/04\\\/22\\\/standbegehung-vereinshuette-am-egelsee-mit-monika-heller-am-22-4-2023\\\/#breadcrumb\"},\"inLanguage\":\"de\",\"potentialAction\":[{\"@type\":\"ReadAction\",\"target\":[\"https:\\\/\\\/imker-aigen.at\\\/index.php\\\/2023\\\/04\\\/22\\\/standbegehung-vereinshuette-am-egelsee-mit-monika-heller-am-22-4-2023\\\/\"]}]},{\"@type\":\"ImageObject\",\"inLanguage\":\"de\",\"@id\":\"https:\\\/\\\/imker-aigen.at\\\/index.php\\\/2023\\\/04\\\/22\\\/standbegehung-vereinshuette-am-egelsee-mit-monika-heller-am-22-4-2023\\\/#primaryimage\",\"url\":\"https:\\\/\\\/imker-aigen.at\\\/wp-content\\\/uploads\\\/2023\\\/04\\\/egelsee1_768_768.jpg\",\"contentUrl\":\"https:\\\/\\\/imker-aigen.at\\\/wp-content\\\/uploads\\\/2023\\\/04\\\/egelsee1_768_768.jpg\",\"width\":768,\"height\":768,\"caption\":\"Egelsee - Moorlandschaft\"},{\"@type\":\"BreadcrumbList\",\"@id\":\"https:\\\/\\\/imker-aigen.at\\\/index.php\\\/2023\\\/04\\\/22\\\/standbegehung-vereinshuette-am-egelsee-mit-monika-heller-am-22-4-2023\\\/#breadcrumb\",\"itemListElement\":[{\"@type\":\"ListItem\",\"position\":1,\"name\":\"Startseite\",\"item\":\"https:\\\/\\\/imker-aigen.at\\\/index.php\\\/home\\\/\"},{\"@type\":\"ListItem\",\"position\":2,\"name\":\"Standbegehung (Vereinsh\u00fctte am Egelsee) mit Monika Heller am 22.4.2023\"}]},{\"@type\":\"WebSite\",\"@id\":\"https:\\\/\\\/imker-aigen.at\\\/#website\",\"url\":\"https:\\\/\\\/imker-aigen.at\\\/\",\"name\":\"Imker Ortsgruppe Salzburg Aigen\",\"description\":\"Homepage der Imker-Ortsgruppe Salzburg Aigen\",\"publisher\":{\"@id\":\"https:\\\/\\\/imker-aigen.at\\\/#organization\"},\"potentialAction\":[{\"@type\":\"SearchAction\",\"target\":{\"@type\":\"EntryPoint\",\"urlTemplate\":\"https:\\\/\\\/imker-aigen.at\\\/?s={search_term_string}\"},\"query-input\":{\"@type\":\"PropertyValueSpecification\",\"valueRequired\":true,\"valueName\":\"search_term_string\"}}],\"inLanguage\":\"de\"},{\"@type\":\"Organization\",\"@id\":\"https:\\\/\\\/imker-aigen.at\\\/#organization\",\"name\":\"Imker Ortsgruppe Salzburg Aigen\",\"url\":\"https:\\\/\\\/imker-aigen.at\\\/\",\"logo\":{\"@type\":\"ImageObject\",\"inLanguage\":\"de\",\"@id\":\"https:\\\/\\\/imker-aigen.at\\\/#\\\/schema\\\/logo\\\/image\\\/\",\"url\":\"https:\\\/\\\/imker-aigen.at\\\/wp-content\\\/uploads\\\/2022\\\/08\\\/logo-1.png\",\"contentUrl\":\"https:\\\/\\\/imker-aigen.at\\\/wp-content\\\/uploads\\\/2022\\\/08\\\/logo-1.png\",\"width\":392,\"height\":156,\"caption\":\"Imker Ortsgruppe Salzburg Aigen\"},\"image\":{\"@id\":\"https:\\\/\\\/imker-aigen.at\\\/#\\\/schema\\\/logo\\\/image\\\/\"}},{\"@type\":\"Person\",\"@id\":\"https:\\\/\\\/imker-aigen.at\\\/#\\\/schema\\\/person\\\/d7d0c3a8ef6f051d450781218ac83077\",\"name\":\"admin\",\"image\":{\"@type\":\"ImageObject\",\"inLanguage\":\"de\",\"@id\":\"https:\\\/\\\/secure.gravatar.com\\\/avatar\\\/925a7e918efd3cfdae29be9c0018a3ae3275cd0444a6e166241172bb6e5243c7?s=96&d=mm&r=g\",\"url\":\"https:\\\/\\\/secure.gravatar.com\\\/avatar\\\/925a7e918efd3cfdae29be9c0018a3ae3275cd0444a6e166241172bb6e5243c7?s=96&d=mm&r=g\",\"contentUrl\":\"https:\\\/\\\/secure.gravatar.com\\\/avatar\\\/925a7e918efd3cfdae29be9c0018a3ae3275cd0444a6e166241172bb6e5243c7?s=96&d=mm&r=g\",\"caption\":\"admin\"},\"sameAs\":[\"https:\\\/\\\/imker-aigen.at\",\"linkedin.com\\\/in\\\/bernd-meierhofer-5919b62\"],\"url\":\"https:\\\/\\\/imker-aigen.at\\\/index.php\\\/author\\\/bmeierhofer\\\/\"}]}<\/script>\n<!-- \/ Yoast SEO plugin. -->","yoast_head_json":{"title":"Standbegehung (Vereinsh\u00fctte am Egelsee) mit Monika Heller am 22.4.2023 - Imker Ortsgruppe Salzburg Aigen","description":"Gemeinsam mit Monika Heller haben wir unsere Vereinsh\u00fctte am Egelsee besucht und dort wertvolle Tipps von Monika bekommen.","robots":{"index":"index","follow":"follow","max-snippet":"max-snippet:-1","max-image-preview":"max-image-preview:large","max-video-preview":"max-video-preview:-1"},"canonical":"https:\/\/imker-aigen.at\/index.php\/2023\/04\/22\/standbegehung-vereinshuette-am-egelsee-mit-monika-heller-am-22-4-2023\/","og_locale":"de_DE","og_type":"article","og_title":"Standbegehung (Vereinsh\u00fctte am Egelsee) mit Monika Heller am 22.4.2023 - Imker Ortsgruppe Salzburg Aigen","og_description":"Gemeinsam mit Monika Heller haben wir unsere Vereinsh\u00fctte am Egelsee besucht und dort wertvolle Tipps von Monika bekommen.","og_url":"https:\/\/imker-aigen.at\/index.php\/2023\/04\/22\/standbegehung-vereinshuette-am-egelsee-mit-monika-heller-am-22-4-2023\/","og_site_name":"Imker Ortsgruppe Salzburg Aigen","article_published_time":"2023-04-22T12:00:11+00:00","article_modified_time":"2023-05-03T17:03:11+00:00","og_image":[{"width":768,"height":768,"url":"https:\/\/imker-aigen.at\/wp-content\/uploads\/2023\/04\/egelsee1_768_768.jpg","type":"image\/jpeg"}],"author":"admin","twitter_card":"summary_large_image","twitter_misc":{"Verfasst von":"admin","Gesch\u00e4tzte Lesezeit":"4\u00a0Minuten"},"schema":{"@context":"https:\/\/schema.org","@graph":[{"@type":"Article","@id":"https:\/\/imker-aigen.at\/index.php\/2023\/04\/22\/standbegehung-vereinshuette-am-egelsee-mit-monika-heller-am-22-4-2023\/#article","isPartOf":{"@id":"https:\/\/imker-aigen.at\/index.php\/2023\/04\/22\/standbegehung-vereinshuette-am-egelsee-mit-monika-heller-am-22-4-2023\/"},"author":{"name":"admin","@id":"https:\/\/imker-aigen.at\/#\/schema\/person\/d7d0c3a8ef6f051d450781218ac83077"},"headline":"Standbegehung (Vereinsh\u00fctte am Egelsee) mit Monika Heller am 22.4.2023","datePublished":"2023-04-22T12:00:11+00:00","dateModified":"2023-05-03T17:03:11+00:00","mainEntityOfPage":{"@id":"https:\/\/imker-aigen.at\/index.php\/2023\/04\/22\/standbegehung-vereinshuette-am-egelsee-mit-monika-heller-am-22-4-2023\/"},"wordCount":1082,"commentCount":0,"publisher":{"@id":"https:\/\/imker-aigen.at\/#organization"},"image":{"@id":"https:\/\/imker-aigen.at\/index.php\/2023\/04\/22\/standbegehung-vereinshuette-am-egelsee-mit-monika-heller-am-22-4-2023\/#primaryimage"},"thumbnailUrl":"https:\/\/imker-aigen.at\/wp-content\/uploads\/2023\/04\/egelsee1_768_768.jpg","articleSection":["Alte Veranstaltungen"],"inLanguage":"de","potentialAction":[{"@type":"CommentAction","name":"Comment","target":["https:\/\/imker-aigen.at\/index.php\/2023\/04\/22\/standbegehung-vereinshuette-am-egelsee-mit-monika-heller-am-22-4-2023\/#respond"]}]},{"@type":"WebPage","@id":"https:\/\/imker-aigen.at\/index.php\/2023\/04\/22\/standbegehung-vereinshuette-am-egelsee-mit-monika-heller-am-22-4-2023\/","url":"https:\/\/imker-aigen.at\/index.php\/2023\/04\/22\/standbegehung-vereinshuette-am-egelsee-mit-monika-heller-am-22-4-2023\/","name":"Standbegehung (Vereinsh\u00fctte am Egelsee) mit Monika Heller am 22.4.2023 - Imker Ortsgruppe Salzburg Aigen","isPartOf":{"@id":"https:\/\/imker-aigen.at\/#website"},"primaryImageOfPage":{"@id":"https:\/\/imker-aigen.at\/index.php\/2023\/04\/22\/standbegehung-vereinshuette-am-egelsee-mit-monika-heller-am-22-4-2023\/#primaryimage"},"image":{"@id":"https:\/\/imker-aigen.at\/index.php\/2023\/04\/22\/standbegehung-vereinshuette-am-egelsee-mit-monika-heller-am-22-4-2023\/#primaryimage"},"thumbnailUrl":"https:\/\/imker-aigen.at\/wp-content\/uploads\/2023\/04\/egelsee1_768_768.jpg","datePublished":"2023-04-22T12:00:11+00:00","dateModified":"2023-05-03T17:03:11+00:00","description":"Gemeinsam mit Monika Heller haben wir unsere Vereinsh\u00fctte am Egelsee besucht und dort wertvolle Tipps von Monika bekommen.","breadcrumb":{"@id":"https:\/\/imker-aigen.at\/index.php\/2023\/04\/22\/standbegehung-vereinshuette-am-egelsee-mit-monika-heller-am-22-4-2023\/#breadcrumb"},"inLanguage":"de","potentialAction":[{"@type":"ReadAction","target":["https:\/\/imker-aigen.at\/index.php\/2023\/04\/22\/standbegehung-vereinshuette-am-egelsee-mit-monika-heller-am-22-4-2023\/"]}]},{"@type":"ImageObject","inLanguage":"de","@id":"https:\/\/imker-aigen.at\/index.php\/2023\/04\/22\/standbegehung-vereinshuette-am-egelsee-mit-monika-heller-am-22-4-2023\/#primaryimage","url":"https:\/\/imker-aigen.at\/wp-content\/uploads\/2023\/04\/egelsee1_768_768.jpg","contentUrl":"https:\/\/imker-aigen.at\/wp-content\/uploads\/2023\/04\/egelsee1_768_768.jpg","width":768,"height":768,"caption":"Egelsee - Moorlandschaft"},{"@type":"BreadcrumbList","@id":"https:\/\/imker-aigen.at\/index.php\/2023\/04\/22\/standbegehung-vereinshuette-am-egelsee-mit-monika-heller-am-22-4-2023\/#breadcrumb","itemListElement":[{"@type":"ListItem","position":1,"name":"Startseite","item":"https:\/\/imker-aigen.at\/index.php\/home\/"},{"@type":"ListItem","position":2,"name":"Standbegehung (Vereinsh\u00fctte am Egelsee) mit Monika Heller am 22.4.2023"}]},{"@type":"WebSite","@id":"https:\/\/imker-aigen.at\/#website","url":"https:\/\/imker-aigen.at\/","name":"Imker Ortsgruppe Salzburg Aigen","description":"Homepage der Imker-Ortsgruppe Salzburg Aigen","publisher":{"@id":"https:\/\/imker-aigen.at\/#organization"},"potentialAction":[{"@type":"SearchAction","target":{"@type":"EntryPoint","urlTemplate":"https:\/\/imker-aigen.at\/?s={search_term_string}"},"query-input":{"@type":"PropertyValueSpecification","valueRequired":true,"valueName":"search_term_string"}}],"inLanguage":"de"},{"@type":"Organization","@id":"https:\/\/imker-aigen.at\/#organization","name":"Imker Ortsgruppe Salzburg Aigen","url":"https:\/\/imker-aigen.at\/","logo":{"@type":"ImageObject","inLanguage":"de","@id":"https:\/\/imker-aigen.at\/#\/schema\/logo\/image\/","url":"https:\/\/imker-aigen.at\/wp-content\/uploads\/2022\/08\/logo-1.png","contentUrl":"https:\/\/imker-aigen.at\/wp-content\/uploads\/2022\/08\/logo-1.png","width":392,"height":156,"caption":"Imker Ortsgruppe Salzburg Aigen"},"image":{"@id":"https:\/\/imker-aigen.at\/#\/schema\/logo\/image\/"}},{"@type":"Person","@id":"https:\/\/imker-aigen.at\/#\/schema\/person\/d7d0c3a8ef6f051d450781218ac83077","name":"admin","image":{"@type":"ImageObject","inLanguage":"de","@id":"https:\/\/secure.gravatar.com\/avatar\/925a7e918efd3cfdae29be9c0018a3ae3275cd0444a6e166241172bb6e5243c7?s=96&d=mm&r=g","url":"https:\/\/secure.gravatar.com\/avatar\/925a7e918efd3cfdae29be9c0018a3ae3275cd0444a6e166241172bb6e5243c7?s=96&d=mm&r=g","contentUrl":"https:\/\/secure.gravatar.com\/avatar\/925a7e918efd3cfdae29be9c0018a3ae3275cd0444a6e166241172bb6e5243c7?s=96&d=mm&r=g","caption":"admin"},"sameAs":["https:\/\/imker-aigen.at","linkedin.com\/in\/bernd-meierhofer-5919b62"],"url":"https:\/\/imker-aigen.at\/index.php\/author\/bmeierhofer\/"}]}},"_links":{"self":[{"href":"https:\/\/imker-aigen.at\/index.php\/wp-json\/wp\/v2\/posts\/3647","targetHints":{"allow":["GET"]}}],"collection":[{"href":"https:\/\/imker-aigen.at\/index.php\/wp-json\/wp\/v2\/posts"}],"about":[{"href":"https:\/\/imker-aigen.at\/index.php\/wp-json\/wp\/v2\/types\/post"}],"author":[{"embeddable":true,"href":"https:\/\/imker-aigen.at\/index.php\/wp-json\/wp\/v2\/users\/1"}],"replies":[{"embeddable":true,"href":"https:\/\/imker-aigen.at\/index.php\/wp-json\/wp\/v2\/comments?post=3647"}],"version-history":[{"count":9,"href":"https:\/\/imker-aigen.at\/index.php\/wp-json\/wp\/v2\/posts\/3647\/revisions"}],"predecessor-version":[{"id":3687,"href":"https:\/\/imker-aigen.at\/index.php\/wp-json\/wp\/v2\/posts\/3647\/revisions\/3687"}],"wp:featuredmedia":[{"embeddable":true,"href":"https:\/\/imker-aigen.at\/index.php\/wp-json\/wp\/v2\/media\/3654"}],"wp:attachment":[{"href":"https:\/\/imker-aigen.at\/index.php\/wp-json\/wp\/v2\/media?parent=3647"}],"wp:term":[{"taxonomy":"category","embeddable":true,"href":"https:\/\/imker-aigen.at\/index.php\/wp-json\/wp\/v2\/categories?post=3647"},{"taxonomy":"post_tag","embeddable":true,"href":"https:\/\/imker-aigen.at\/index.php\/wp-json\/wp\/v2\/tags?post=3647"}],"curies":[{"name":"wp","href":"https:\/\/api.w.org\/{rel}","templated":true}]}}