{"id":3798,"date":"2023-05-11T20:30:36","date_gmt":"2023-05-11T18:30:36","guid":{"rendered":"https:\/\/imker-aigen.at\/?p=3798"},"modified":"2024-12-11T09:07:05","modified_gmt":"2024-12-11T08:07:05","slug":"bienen-projekt-der-2-klasse-der-neuen-mittelschule-nonntal","status":"publish","type":"post","link":"https:\/\/imker-aigen.at\/index.php\/2023\/05\/11\/bienen-projekt-der-2-klasse-der-neuen-mittelschule-nonntal\/","title":{"rendered":"Bienenprojekt der 2. Klasse der Neuen Mittelschule Nonntal"},"content":{"rendered":"<div  class='flex_column av-7w8mue-0ed850c0f529a9b60cbb6c0c956d5ccd av_one_full  avia-builder-el-0  avia-builder-el-no-sibling  first flex_column_div  '     ><p>\n<style type=\"text\/css\" data-created_by=\"avia_inline_auto\" id=\"style-css-av-lhjgigo7-ea5e06862b133c45c4825b7b2ab001ec\">\n#top .av-special-heading.av-lhjgigo7-ea5e06862b133c45c4825b7b2ab001ec{\npadding-bottom:10px;\n}\nbody .av-special-heading.av-lhjgigo7-ea5e06862b133c45c4825b7b2ab001ec .av-special-heading-tag .heading-char{\nfont-size:25px;\n}\n.av-special-heading.av-lhjgigo7-ea5e06862b133c45c4825b7b2ab001ec .av-subheading{\nfont-size:15px;\n}\n<\/style>\n<div  class='av-special-heading av-lhjgigo7-ea5e06862b133c45c4825b7b2ab001ec av-special-heading-h2 blockquote modern-quote modern-centered  avia-builder-el-1  el_before_av_hr  avia-builder-el-first '><h2 class='av-special-heading-tag '  itemprop=\"headline\"  >Bienenprojekt der 2. Klasse der Neuen Mittelschule Nonntal<\/h2><div class=\"special-heading-border\"><div class=\"special-heading-inner-border\"><\/div><\/div><\/div><br \/>\n\n<style type=\"text\/css\" data-created_by=\"avia_inline_auto\" id=\"style-css-av-6dm43a-e33739d88f3da25542b7ea2919343f60\">\n#top .hr.av-6dm43a-e33739d88f3da25542b7ea2919343f60{\nmargin-top:30px;\nmargin-bottom:30px;\n}\n.hr.av-6dm43a-e33739d88f3da25542b7ea2919343f60 .hr-inner{\nwidth:50px;\nmax-width:45%;\n}\n<\/style>\n<div  class='hr av-6dm43a-e33739d88f3da25542b7ea2919343f60 hr-custom  avia-builder-el-2  el_after_av_heading  el_before_av_horizontal_gallery  avia-builder-el-last  hr-center hr-icon-yes'><span class='hr-inner inner-border-av-border-thin'><span class=\"hr-inner-style\"><\/span><\/span><span class='av-seperator-icon avia-iconfont avia-font-entypo-fontello' data-av_icon='\ue8bf' data-av_iconfont='entypo-fontello' ><\/span><span class='hr-inner inner-border-av-border-thin'><span class=\"hr-inner-style\"><\/span><\/span><\/div><br \/>\n\n<style type=\"text\/css\" data-created_by=\"avia_inline_auto\" id=\"style-css-av-lhohwywh-65cf43964cb5e2bcf5ea75f2f6284cfd\">\n.av-horizontal-gallery.av-lhohwywh-65cf43964cb5e2bcf5ea75f2f6284cfd{\npadding:3.75% 0px;;\n}\n.av-horizontal-gallery.av-lhohwywh-65cf43964cb5e2bcf5ea75f2f6284cfd .av-horizontal-gallery-inner{\npadding-bottom:25%;\n}\n<\/style>\n<div  class='av-horizontal-gallery av-lhohwywh-65cf43964cb5e2bcf5ea75f2f6284cfd av-horizontal-gallery-large-gap av-horizontal-gallery-enlarge-effect  avia-builder-el-3  el_after_av_hr  el_before_av_textblock  av-slideshow-ui av-control-default av-slideshow-manual av-loop-once av-loop-manual-once av-horizontal-gallery-1' data-slideshow-data=\"{&quot;enlarge&quot;:1.3,&quot;animation&quot;:&quot;slide&quot;,&quot;autoplay&quot;:false,&quot;loop_autoplay&quot;:&quot;once&quot;,&quot;interval&quot;:5,&quot;loop_manual&quot;:&quot;manual-once&quot;,&quot;autoplay_stopper&quot;:false,&quot;noNavigation&quot;:false,&quot;bg_slider&quot;:false,&quot;keep_padding&quot;:&quot;&quot;,&quot;hoverpause&quot;:false,&quot;show_slide_delay&quot;:0}\"  itemprop=\"image\" itemscope=\"itemscope\" itemtype=\"https:\/\/schema.org\/ImageObject\" ><div class='avia-slideshow-arrows avia-slideshow-controls' ><a href='#prev' class='prev-slide av-horizontal-gallery-prev avia-svg-icon avia-font-svg_entypo-fontello' data-av_svg_icon='left-open-big' data-av_iconset='svg_entypo-fontello' tabindex='-1' title=\"Zur\u00fcck\"><svg version=\"1.1\" xmlns=\"http:\/\/www.w3.org\/2000\/svg\" width=\"15\" height=\"32\" viewBox=\"0 0 15 32\" preserveAspectRatio=\"xMidYMid meet\" aria-labelledby='av-svg-title-1' aria-describedby='av-svg-desc-1' role=\"graphics-symbol\" aria-hidden=\"true\">\n<title id='av-svg-title-1'>Zur\u00fcck<\/title>\n<desc id='av-svg-desc-1'>Zur\u00fcck<\/desc>\n<path d=\"M14.464 27.84q0.832 0.832 0 1.536-0.832 0.832-1.536 0l-12.544-12.608q-0.768-0.768 0-1.6l12.544-12.608q0.704-0.832 1.536 0 0.832 0.704 0 1.536l-11.456 11.904z\"><\/path>\n<\/svg><span class='avia_hidden_link_text'>Zur\u00fcck<\/span><\/a><a href='#next' class='next-slide av-horizontal-gallery-next avia-svg-icon avia-font-svg_entypo-fontello' data-av_svg_icon='right-open-big' data-av_iconset='svg_entypo-fontello' tabindex='-1' title=\"Weiter\"><svg version=\"1.1\" xmlns=\"http:\/\/www.w3.org\/2000\/svg\" width=\"15\" height=\"32\" viewBox=\"0 0 15 32\" preserveAspectRatio=\"xMidYMid meet\" aria-labelledby='av-svg-title-2' aria-describedby='av-svg-desc-2' role=\"graphics-symbol\" aria-hidden=\"true\">\n<title id='av-svg-title-2'>Weiter<\/title>\n<desc id='av-svg-desc-2'>Weiter<\/desc>\n<path d=\"M0.416 27.84l11.456-11.84-11.456-11.904q-0.832-0.832 0-1.536 0.832-0.832 1.536 0l12.544 12.608q0.768 0.832 0 1.6l-12.544 12.608q-0.704 0.832-1.536 0-0.832-0.704 0-1.536z\"><\/path>\n<\/svg><span class='avia_hidden_link_text'>Weiter<\/span><\/a><\/div><div class='avia-slideshow-dots avia-slideshow-controls av-horizontal-gallery-dots fade-in'><a href='#1' class='goto-slide active' >1<\/a><a href='#2' class='goto-slide ' >2<\/a><a href='#3' class='goto-slide ' >3<\/a><a href='#4' class='goto-slide ' >4<\/a><a href='#5' class='goto-slide ' >5<\/a><a href='#6' class='goto-slide ' >6<\/a><a href='#7' class='goto-slide ' >7<\/a><a href='#8' class='goto-slide ' >8<\/a><a href='#9' class='goto-slide ' >9<\/a><a href='#10' class='goto-slide ' >10<\/a><a href='#11' class='goto-slide ' >11<\/a><\/div><div class='av-horizontal-gallery-inner' data-av-height='25'><div class=\"av-horizontal-gallery-slider\"><div class=\"av-horizontal-gallery-wrap noHover\"><img decoding=\"async\" fetchpriority=\"high\" class='wp-image-3817 avia-img-lazy-loading-not-3817 av-horizontal-gallery-img' width=\"1024\" height=\"768\" src=\"https:\/\/imker-aigen.at\/wp-content\/uploads\/2023\/05\/akzente9_1024_768.jpg\" title='Logo der akzente Bienen' alt='' srcset=\"https:\/\/imker-aigen.at\/wp-content\/uploads\/2023\/05\/akzente9_1024_768.jpg 1024w, https:\/\/imker-aigen.at\/wp-content\/uploads\/2023\/05\/akzente9_1024_768-300x225.jpg 300w, https:\/\/imker-aigen.at\/wp-content\/uploads\/2023\/05\/akzente9_1024_768-768x576.jpg 768w, https:\/\/imker-aigen.at\/wp-content\/uploads\/2023\/05\/akzente9_1024_768-705x529.jpg 705w\" sizes=\"(max-width: 1024px) 100vw, 1024px\" \/><a href=\"https:\/\/imker-aigen.at\/wp-content\/uploads\/2023\/05\/akzente9_1024_768.jpg\" data-srcset=\"https:\/\/imker-aigen.at\/wp-content\/uploads\/2023\/05\/akzente9_1024_768.jpg 1024w, https:\/\/imker-aigen.at\/wp-content\/uploads\/2023\/05\/akzente9_1024_768-300x225.jpg 300w, https:\/\/imker-aigen.at\/wp-content\/uploads\/2023\/05\/akzente9_1024_768-768x576.jpg 768w, https:\/\/imker-aigen.at\/wp-content\/uploads\/2023\/05\/akzente9_1024_768-705x529.jpg 705w\" data-sizes=\"(max-width: 1024px) 100vw, 1024px\" class='av-horizontal-gallery-link avia-svg-icon avia-font-svg_entypo-fontello' data-av_svg_icon='resize-full' data-av_iconset='svg_entypo-fontello' title='Logo der akzente Bienen' alt='' aria-label='Open image in lightbox: Logo der akzente Bienen'><svg version=\"1.1\" xmlns=\"http:\/\/www.w3.org\/2000\/svg\" width=\"25\" height=\"32\" viewBox=\"0 0 25 32\" preserveAspectRatio=\"xMidYMid meet\" aria-labelledby='av-svg-title-3' aria-describedby='av-svg-desc-3' role=\"graphics-symbol\" aria-hidden=\"true\">\n<title id='av-svg-title-3'>Open image in lightbox: Logo der akzente Bienen<\/title>\n<desc id='av-svg-desc-3'>Open image in lightbox: Logo der akzente Bienen<\/desc>\n<path d=\"M15.232 3.328h10.112v10.112l-3.2-3.968-4.672 4.864-3.2-3.2 4.864-4.672zM7.872 17.536l3.2 3.2-4.864 4.672 3.904 3.2h-10.112v-10.112l3.2 3.904z\"><\/path>\n<\/svg><\/a><\/div><div class=\"av-horizontal-gallery-wrap noHover\"><img decoding=\"async\" fetchpriority=\"high\" class='wp-image-3815 avia-img-lazy-loading-not-3815 av-horizontal-gallery-img' width=\"768\" height=\"768\" src=\"https:\/\/imker-aigen.at\/wp-content\/uploads\/2023\/05\/akzente6_768_768.jpg\" title='Mikroskopie-Einf\u00fchrung' alt='' srcset=\"https:\/\/imker-aigen.at\/wp-content\/uploads\/2023\/05\/akzente6_768_768.jpg 768w, https:\/\/imker-aigen.at\/wp-content\/uploads\/2023\/05\/akzente6_768_768-300x300.jpg 300w, https:\/\/imker-aigen.at\/wp-content\/uploads\/2023\/05\/akzente6_768_768-80x80.jpg 80w, https:\/\/imker-aigen.at\/wp-content\/uploads\/2023\/05\/akzente6_768_768-36x36.jpg 36w, https:\/\/imker-aigen.at\/wp-content\/uploads\/2023\/05\/akzente6_768_768-180x180.jpg 180w, https:\/\/imker-aigen.at\/wp-content\/uploads\/2023\/05\/akzente6_768_768-705x705.jpg 705w\" sizes=\"(max-width: 768px) 100vw, 768px\" \/><a href=\"https:\/\/imker-aigen.at\/wp-content\/uploads\/2023\/05\/akzente6_768_768.jpg\" data-srcset=\"https:\/\/imker-aigen.at\/wp-content\/uploads\/2023\/05\/akzente6_768_768.jpg 768w, https:\/\/imker-aigen.at\/wp-content\/uploads\/2023\/05\/akzente6_768_768-300x300.jpg 300w, https:\/\/imker-aigen.at\/wp-content\/uploads\/2023\/05\/akzente6_768_768-80x80.jpg 80w, https:\/\/imker-aigen.at\/wp-content\/uploads\/2023\/05\/akzente6_768_768-36x36.jpg 36w, https:\/\/imker-aigen.at\/wp-content\/uploads\/2023\/05\/akzente6_768_768-180x180.jpg 180w, https:\/\/imker-aigen.at\/wp-content\/uploads\/2023\/05\/akzente6_768_768-705x705.jpg 705w\" data-sizes=\"(max-width: 768px) 100vw, 768px\" class='av-horizontal-gallery-link avia-svg-icon avia-font-svg_entypo-fontello' data-av_svg_icon='resize-full' data-av_iconset='svg_entypo-fontello' title='Mikroskopie-Einf\u00fchrung' alt='' aria-label='Open image in lightbox: Mikroskopie-Einf\u00fchrung'><svg version=\"1.1\" xmlns=\"http:\/\/www.w3.org\/2000\/svg\" width=\"25\" height=\"32\" viewBox=\"0 0 25 32\" preserveAspectRatio=\"xMidYMid meet\" aria-labelledby='av-svg-title-4' aria-describedby='av-svg-desc-4' role=\"graphics-symbol\" aria-hidden=\"true\">\n<title id='av-svg-title-4'>Open image in lightbox: Mikroskopie-Einf\u00fchrung<\/title>\n<desc id='av-svg-desc-4'>Open image in lightbox: Mikroskopie-Einf\u00fchrung<\/desc>\n<path d=\"M15.232 3.328h10.112v10.112l-3.2-3.968-4.672 4.864-3.2-3.2 4.864-4.672zM7.872 17.536l3.2 3.2-4.864 4.672 3.904 3.2h-10.112v-10.112l3.2 3.904z\"><\/path>\n<\/svg><\/a><\/div><div class=\"av-horizontal-gallery-wrap noHover\"><img decoding=\"async\" fetchpriority=\"high\" class='wp-image-3812 avia-img-lazy-loading-not-3812 av-horizontal-gallery-img' width=\"768\" height=\"768\" src=\"https:\/\/imker-aigen.at\/wp-content\/uploads\/2023\/05\/akzente3_768_768.jpg\" title='Verwendete Auflicht-Mikroskope' alt='' srcset=\"https:\/\/imker-aigen.at\/wp-content\/uploads\/2023\/05\/akzente3_768_768.jpg 768w, https:\/\/imker-aigen.at\/wp-content\/uploads\/2023\/05\/akzente3_768_768-300x300.jpg 300w, https:\/\/imker-aigen.at\/wp-content\/uploads\/2023\/05\/akzente3_768_768-80x80.jpg 80w, https:\/\/imker-aigen.at\/wp-content\/uploads\/2023\/05\/akzente3_768_768-36x36.jpg 36w, https:\/\/imker-aigen.at\/wp-content\/uploads\/2023\/05\/akzente3_768_768-180x180.jpg 180w, https:\/\/imker-aigen.at\/wp-content\/uploads\/2023\/05\/akzente3_768_768-705x705.jpg 705w\" sizes=\"(max-width: 768px) 100vw, 768px\" \/><a href=\"https:\/\/imker-aigen.at\/wp-content\/uploads\/2023\/05\/akzente3_768_768.jpg\" data-srcset=\"https:\/\/imker-aigen.at\/wp-content\/uploads\/2023\/05\/akzente3_768_768.jpg 768w, https:\/\/imker-aigen.at\/wp-content\/uploads\/2023\/05\/akzente3_768_768-300x300.jpg 300w, https:\/\/imker-aigen.at\/wp-content\/uploads\/2023\/05\/akzente3_768_768-80x80.jpg 80w, https:\/\/imker-aigen.at\/wp-content\/uploads\/2023\/05\/akzente3_768_768-36x36.jpg 36w, https:\/\/imker-aigen.at\/wp-content\/uploads\/2023\/05\/akzente3_768_768-180x180.jpg 180w, https:\/\/imker-aigen.at\/wp-content\/uploads\/2023\/05\/akzente3_768_768-705x705.jpg 705w\" data-sizes=\"(max-width: 768px) 100vw, 768px\" class='av-horizontal-gallery-link avia-svg-icon avia-font-svg_entypo-fontello' data-av_svg_icon='resize-full' data-av_iconset='svg_entypo-fontello' title='Verwendete Auflicht-Mikroskope' alt='' aria-label='Open image in lightbox: Verwendete Auflicht-Mikroskope'><svg version=\"1.1\" xmlns=\"http:\/\/www.w3.org\/2000\/svg\" width=\"25\" height=\"32\" viewBox=\"0 0 25 32\" preserveAspectRatio=\"xMidYMid meet\" aria-labelledby='av-svg-title-5' aria-describedby='av-svg-desc-5' role=\"graphics-symbol\" aria-hidden=\"true\">\n<title id='av-svg-title-5'>Open image in lightbox: Verwendete Auflicht-Mikroskope<\/title>\n<desc id='av-svg-desc-5'>Open image in lightbox: Verwendete Auflicht-Mikroskope<\/desc>\n<path d=\"M15.232 3.328h10.112v10.112l-3.2-3.968-4.672 4.864-3.2-3.2 4.864-4.672zM7.872 17.536l3.2 3.2-4.864 4.672 3.904 3.2h-10.112v-10.112l3.2 3.904z\"><\/path>\n<\/svg><\/a><\/div><div class=\"av-horizontal-gallery-wrap noHover\"><img decoding=\"async\" fetchpriority=\"high\" class='wp-image-3816 avia-img-lazy-loading-not-3816 av-horizontal-gallery-img' width=\"768\" height=\"768\" src=\"https:\/\/imker-aigen.at\/wp-content\/uploads\/2023\/05\/akzente7_768_768.jpg\" title='Biene als betrachtete Probe' alt='' srcset=\"https:\/\/imker-aigen.at\/wp-content\/uploads\/2023\/05\/akzente7_768_768.jpg 768w, https:\/\/imker-aigen.at\/wp-content\/uploads\/2023\/05\/akzente7_768_768-300x300.jpg 300w, https:\/\/imker-aigen.at\/wp-content\/uploads\/2023\/05\/akzente7_768_768-80x80.jpg 80w, https:\/\/imker-aigen.at\/wp-content\/uploads\/2023\/05\/akzente7_768_768-36x36.jpg 36w, https:\/\/imker-aigen.at\/wp-content\/uploads\/2023\/05\/akzente7_768_768-180x180.jpg 180w, https:\/\/imker-aigen.at\/wp-content\/uploads\/2023\/05\/akzente7_768_768-705x705.jpg 705w\" sizes=\"(max-width: 768px) 100vw, 768px\" \/><a href=\"https:\/\/imker-aigen.at\/wp-content\/uploads\/2023\/05\/akzente7_768_768.jpg\" data-srcset=\"https:\/\/imker-aigen.at\/wp-content\/uploads\/2023\/05\/akzente7_768_768.jpg 768w, https:\/\/imker-aigen.at\/wp-content\/uploads\/2023\/05\/akzente7_768_768-300x300.jpg 300w, https:\/\/imker-aigen.at\/wp-content\/uploads\/2023\/05\/akzente7_768_768-80x80.jpg 80w, https:\/\/imker-aigen.at\/wp-content\/uploads\/2023\/05\/akzente7_768_768-36x36.jpg 36w, https:\/\/imker-aigen.at\/wp-content\/uploads\/2023\/05\/akzente7_768_768-180x180.jpg 180w, https:\/\/imker-aigen.at\/wp-content\/uploads\/2023\/05\/akzente7_768_768-705x705.jpg 705w\" data-sizes=\"(max-width: 768px) 100vw, 768px\" class='av-horizontal-gallery-link avia-svg-icon avia-font-svg_entypo-fontello' data-av_svg_icon='resize-full' data-av_iconset='svg_entypo-fontello' title='Biene als betrachtete Probe' alt='' aria-label='Open image in lightbox: Biene als betrachtete Probe'><svg version=\"1.1\" xmlns=\"http:\/\/www.w3.org\/2000\/svg\" width=\"25\" height=\"32\" viewBox=\"0 0 25 32\" preserveAspectRatio=\"xMidYMid meet\" aria-labelledby='av-svg-title-6' aria-describedby='av-svg-desc-6' role=\"graphics-symbol\" aria-hidden=\"true\">\n<title id='av-svg-title-6'>Open image in lightbox: Biene als betrachtete Probe<\/title>\n<desc id='av-svg-desc-6'>Open image in lightbox: Biene als betrachtete Probe<\/desc>\n<path d=\"M15.232 3.328h10.112v10.112l-3.2-3.968-4.672 4.864-3.2-3.2 4.864-4.672zM7.872 17.536l3.2 3.2-4.864 4.672 3.904 3.2h-10.112v-10.112l3.2 3.904z\"><\/path>\n<\/svg><\/a><\/div><div class=\"av-horizontal-gallery-wrap noHover\"><img decoding=\"async\" fetchpriority=\"high\" class='wp-image-3810 avia-img-lazy-loading-not-3810 av-horizontal-gallery-img' width=\"1024\" height=\"768\" src=\"https:\/\/imker-aigen.at\/wp-content\/uploads\/2023\/05\/akzente1_768_768.jpg\" title='Pollenkorn unter dem Mikroskop' alt='' srcset=\"https:\/\/imker-aigen.at\/wp-content\/uploads\/2023\/05\/akzente1_768_768.jpg 1024w, https:\/\/imker-aigen.at\/wp-content\/uploads\/2023\/05\/akzente1_768_768-300x225.jpg 300w, https:\/\/imker-aigen.at\/wp-content\/uploads\/2023\/05\/akzente1_768_768-768x576.jpg 768w, https:\/\/imker-aigen.at\/wp-content\/uploads\/2023\/05\/akzente1_768_768-705x529.jpg 705w\" sizes=\"(max-width: 1024px) 100vw, 1024px\" \/><a href=\"https:\/\/imker-aigen.at\/wp-content\/uploads\/2023\/05\/akzente1_768_768.jpg\" data-srcset=\"https:\/\/imker-aigen.at\/wp-content\/uploads\/2023\/05\/akzente1_768_768.jpg 1024w, https:\/\/imker-aigen.at\/wp-content\/uploads\/2023\/05\/akzente1_768_768-300x225.jpg 300w, https:\/\/imker-aigen.at\/wp-content\/uploads\/2023\/05\/akzente1_768_768-768x576.jpg 768w, https:\/\/imker-aigen.at\/wp-content\/uploads\/2023\/05\/akzente1_768_768-705x529.jpg 705w\" data-sizes=\"(max-width: 1024px) 100vw, 1024px\" class='av-horizontal-gallery-link avia-svg-icon avia-font-svg_entypo-fontello' data-av_svg_icon='resize-full' data-av_iconset='svg_entypo-fontello' title='Pollenkorn unter dem Mikroskop' alt='' aria-label='Open image in lightbox: Pollenkorn unter dem Mikroskop'><svg version=\"1.1\" xmlns=\"http:\/\/www.w3.org\/2000\/svg\" width=\"25\" height=\"32\" viewBox=\"0 0 25 32\" preserveAspectRatio=\"xMidYMid meet\" aria-labelledby='av-svg-title-7' aria-describedby='av-svg-desc-7' role=\"graphics-symbol\" aria-hidden=\"true\">\n<title id='av-svg-title-7'>Open image in lightbox: Pollenkorn unter dem Mikroskop<\/title>\n<desc id='av-svg-desc-7'>Open image in lightbox: Pollenkorn unter dem Mikroskop<\/desc>\n<path d=\"M15.232 3.328h10.112v10.112l-3.2-3.968-4.672 4.864-3.2-3.2 4.864-4.672zM7.872 17.536l3.2 3.2-4.864 4.672 3.904 3.2h-10.112v-10.112l3.2 3.904z\"><\/path>\n<\/svg><\/a><\/div><div class=\"av-horizontal-gallery-wrap noHover\"><img decoding=\"async\" fetchpriority=\"high\" class='wp-image-3814 avia-img-lazy-loading-not-3814 av-horizontal-gallery-img' width=\"768\" height=\"768\" src=\"https:\/\/imker-aigen.at\/wp-content\/uploads\/2023\/05\/akzente5_768_768.jpg\" title='Honigverkostung' alt='' srcset=\"https:\/\/imker-aigen.at\/wp-content\/uploads\/2023\/05\/akzente5_768_768.jpg 768w, https:\/\/imker-aigen.at\/wp-content\/uploads\/2023\/05\/akzente5_768_768-300x300.jpg 300w, https:\/\/imker-aigen.at\/wp-content\/uploads\/2023\/05\/akzente5_768_768-80x80.jpg 80w, https:\/\/imker-aigen.at\/wp-content\/uploads\/2023\/05\/akzente5_768_768-36x36.jpg 36w, https:\/\/imker-aigen.at\/wp-content\/uploads\/2023\/05\/akzente5_768_768-180x180.jpg 180w, https:\/\/imker-aigen.at\/wp-content\/uploads\/2023\/05\/akzente5_768_768-705x705.jpg 705w\" sizes=\"(max-width: 768px) 100vw, 768px\" \/><a href=\"https:\/\/imker-aigen.at\/wp-content\/uploads\/2023\/05\/akzente5_768_768.jpg\" data-srcset=\"https:\/\/imker-aigen.at\/wp-content\/uploads\/2023\/05\/akzente5_768_768.jpg 768w, https:\/\/imker-aigen.at\/wp-content\/uploads\/2023\/05\/akzente5_768_768-300x300.jpg 300w, https:\/\/imker-aigen.at\/wp-content\/uploads\/2023\/05\/akzente5_768_768-80x80.jpg 80w, https:\/\/imker-aigen.at\/wp-content\/uploads\/2023\/05\/akzente5_768_768-36x36.jpg 36w, https:\/\/imker-aigen.at\/wp-content\/uploads\/2023\/05\/akzente5_768_768-180x180.jpg 180w, https:\/\/imker-aigen.at\/wp-content\/uploads\/2023\/05\/akzente5_768_768-705x705.jpg 705w\" data-sizes=\"(max-width: 768px) 100vw, 768px\" class='av-horizontal-gallery-link avia-svg-icon avia-font-svg_entypo-fontello' data-av_svg_icon='resize-full' data-av_iconset='svg_entypo-fontello' title='Honigverkostung' alt='' aria-label='Open image in lightbox: Honigverkostung'><svg version=\"1.1\" xmlns=\"http:\/\/www.w3.org\/2000\/svg\" width=\"25\" height=\"32\" viewBox=\"0 0 25 32\" preserveAspectRatio=\"xMidYMid meet\" aria-labelledby='av-svg-title-8' aria-describedby='av-svg-desc-8' role=\"graphics-symbol\" aria-hidden=\"true\">\n<title id='av-svg-title-8'>Open image in lightbox: Honigverkostung<\/title>\n<desc id='av-svg-desc-8'>Open image in lightbox: Honigverkostung<\/desc>\n<path d=\"M15.232 3.328h10.112v10.112l-3.2-3.968-4.672 4.864-3.2-3.2 4.864-4.672zM7.872 17.536l3.2 3.2-4.864 4.672 3.904 3.2h-10.112v-10.112l3.2 3.904z\"><\/path>\n<\/svg><\/a><\/div><div class=\"av-horizontal-gallery-wrap noHover\"><img decoding=\"async\" fetchpriority=\"high\" class='wp-image-3873 avia-img-lazy-loading-not-3873 av-horizontal-gallery-img' width=\"768\" height=\"768\" src=\"https:\/\/imker-aigen.at\/wp-content\/uploads\/2023\/05\/akzente12_768_768.jpg\" title='Herr Rettenbacher erkl\u00e4rt, worauf es bei der Imkerei ankommt.' alt='' srcset=\"https:\/\/imker-aigen.at\/wp-content\/uploads\/2023\/05\/akzente12_768_768.jpg 768w, https:\/\/imker-aigen.at\/wp-content\/uploads\/2023\/05\/akzente12_768_768-300x300.jpg 300w, https:\/\/imker-aigen.at\/wp-content\/uploads\/2023\/05\/akzente12_768_768-80x80.jpg 80w, https:\/\/imker-aigen.at\/wp-content\/uploads\/2023\/05\/akzente12_768_768-36x36.jpg 36w, https:\/\/imker-aigen.at\/wp-content\/uploads\/2023\/05\/akzente12_768_768-180x180.jpg 180w, https:\/\/imker-aigen.at\/wp-content\/uploads\/2023\/05\/akzente12_768_768-705x705.jpg 705w\" sizes=\"(max-width: 768px) 100vw, 768px\" \/><a href=\"https:\/\/imker-aigen.at\/wp-content\/uploads\/2023\/05\/akzente12_768_768.jpg\" data-srcset=\"https:\/\/imker-aigen.at\/wp-content\/uploads\/2023\/05\/akzente12_768_768.jpg 768w, https:\/\/imker-aigen.at\/wp-content\/uploads\/2023\/05\/akzente12_768_768-300x300.jpg 300w, https:\/\/imker-aigen.at\/wp-content\/uploads\/2023\/05\/akzente12_768_768-80x80.jpg 80w, https:\/\/imker-aigen.at\/wp-content\/uploads\/2023\/05\/akzente12_768_768-36x36.jpg 36w, https:\/\/imker-aigen.at\/wp-content\/uploads\/2023\/05\/akzente12_768_768-180x180.jpg 180w, https:\/\/imker-aigen.at\/wp-content\/uploads\/2023\/05\/akzente12_768_768-705x705.jpg 705w\" data-sizes=\"(max-width: 768px) 100vw, 768px\" class='av-horizontal-gallery-link avia-svg-icon avia-font-svg_entypo-fontello' data-av_svg_icon='resize-full' data-av_iconset='svg_entypo-fontello' title='Herr Rettenbacher erkl\u00e4rt, worauf es bei der Imkerei ankommt.' alt='' aria-label='Open image in lightbox: Herr Rettenbacher erkl\u00e4rt, worauf es bei der Imkerei ankommt.'><svg version=\"1.1\" xmlns=\"http:\/\/www.w3.org\/2000\/svg\" width=\"25\" height=\"32\" viewBox=\"0 0 25 32\" preserveAspectRatio=\"xMidYMid meet\" aria-labelledby='av-svg-title-9' aria-describedby='av-svg-desc-9' role=\"graphics-symbol\" aria-hidden=\"true\">\n<title id='av-svg-title-9'>Open image in lightbox: Herr Rettenbacher erkl\u00e4rt, worauf es bei der Imkerei ankommt.<\/title>\n<desc id='av-svg-desc-9'>Open image in lightbox: Herr Rettenbacher erkl\u00e4rt, worauf es bei der Imkerei ankommt.<\/desc>\n<path d=\"M15.232 3.328h10.112v10.112l-3.2-3.968-4.672 4.864-3.2-3.2 4.864-4.672zM7.872 17.536l3.2 3.2-4.864 4.672 3.904 3.2h-10.112v-10.112l3.2 3.904z\"><\/path>\n<\/svg><\/a><\/div><div class=\"av-horizontal-gallery-wrap noHover\"><img decoding=\"async\" fetchpriority=\"high\" class='wp-image-3811 avia-img-lazy-loading-not-3811 av-horizontal-gallery-img' width=\"768\" height=\"768\" src=\"https:\/\/imker-aigen.at\/wp-content\/uploads\/2023\/05\/akzente2_768_768.jpg\" title='Imkern Hands-On-Workshop' alt='' srcset=\"https:\/\/imker-aigen.at\/wp-content\/uploads\/2023\/05\/akzente2_768_768.jpg 768w, https:\/\/imker-aigen.at\/wp-content\/uploads\/2023\/05\/akzente2_768_768-300x300.jpg 300w, https:\/\/imker-aigen.at\/wp-content\/uploads\/2023\/05\/akzente2_768_768-80x80.jpg 80w, https:\/\/imker-aigen.at\/wp-content\/uploads\/2023\/05\/akzente2_768_768-36x36.jpg 36w, https:\/\/imker-aigen.at\/wp-content\/uploads\/2023\/05\/akzente2_768_768-180x180.jpg 180w, https:\/\/imker-aigen.at\/wp-content\/uploads\/2023\/05\/akzente2_768_768-705x705.jpg 705w\" sizes=\"(max-width: 768px) 100vw, 768px\" \/><a href=\"https:\/\/imker-aigen.at\/wp-content\/uploads\/2023\/05\/akzente2_768_768.jpg\" data-srcset=\"https:\/\/imker-aigen.at\/wp-content\/uploads\/2023\/05\/akzente2_768_768.jpg 768w, https:\/\/imker-aigen.at\/wp-content\/uploads\/2023\/05\/akzente2_768_768-300x300.jpg 300w, https:\/\/imker-aigen.at\/wp-content\/uploads\/2023\/05\/akzente2_768_768-80x80.jpg 80w, https:\/\/imker-aigen.at\/wp-content\/uploads\/2023\/05\/akzente2_768_768-36x36.jpg 36w, https:\/\/imker-aigen.at\/wp-content\/uploads\/2023\/05\/akzente2_768_768-180x180.jpg 180w, https:\/\/imker-aigen.at\/wp-content\/uploads\/2023\/05\/akzente2_768_768-705x705.jpg 705w\" data-sizes=\"(max-width: 768px) 100vw, 768px\" class='av-horizontal-gallery-link avia-svg-icon avia-font-svg_entypo-fontello' data-av_svg_icon='resize-full' data-av_iconset='svg_entypo-fontello' title='Imkern Hands-On-Workshop' alt='' aria-label='Open image in lightbox: Imkern Hands-On-Workshop'><svg version=\"1.1\" xmlns=\"http:\/\/www.w3.org\/2000\/svg\" width=\"25\" height=\"32\" viewBox=\"0 0 25 32\" preserveAspectRatio=\"xMidYMid meet\" aria-labelledby='av-svg-title-10' aria-describedby='av-svg-desc-10' role=\"graphics-symbol\" aria-hidden=\"true\">\n<title id='av-svg-title-10'>Open image in lightbox: Imkern Hands-On-Workshop<\/title>\n<desc id='av-svg-desc-10'>Open image in lightbox: Imkern Hands-On-Workshop<\/desc>\n<path d=\"M15.232 3.328h10.112v10.112l-3.2-3.968-4.672 4.864-3.2-3.2 4.864-4.672zM7.872 17.536l3.2 3.2-4.864 4.672 3.904 3.2h-10.112v-10.112l3.2 3.904z\"><\/path>\n<\/svg><\/a><\/div><div class=\"av-horizontal-gallery-wrap noHover\"><img decoding=\"async\" fetchpriority=\"high\" class='wp-image-3813 avia-img-lazy-loading-not-3813 av-horizontal-gallery-img' width=\"768\" height=\"768\" src=\"https:\/\/imker-aigen.at\/wp-content\/uploads\/2023\/05\/akzente4_768_768.jpg\" title='Erster Kontakt mit den Bienen' alt='' srcset=\"https:\/\/imker-aigen.at\/wp-content\/uploads\/2023\/05\/akzente4_768_768.jpg 768w, https:\/\/imker-aigen.at\/wp-content\/uploads\/2023\/05\/akzente4_768_768-300x300.jpg 300w, https:\/\/imker-aigen.at\/wp-content\/uploads\/2023\/05\/akzente4_768_768-80x80.jpg 80w, https:\/\/imker-aigen.at\/wp-content\/uploads\/2023\/05\/akzente4_768_768-36x36.jpg 36w, https:\/\/imker-aigen.at\/wp-content\/uploads\/2023\/05\/akzente4_768_768-180x180.jpg 180w, https:\/\/imker-aigen.at\/wp-content\/uploads\/2023\/05\/akzente4_768_768-705x705.jpg 705w\" sizes=\"(max-width: 768px) 100vw, 768px\" \/><a href=\"https:\/\/imker-aigen.at\/wp-content\/uploads\/2023\/05\/akzente4_768_768.jpg\" data-srcset=\"https:\/\/imker-aigen.at\/wp-content\/uploads\/2023\/05\/akzente4_768_768.jpg 768w, https:\/\/imker-aigen.at\/wp-content\/uploads\/2023\/05\/akzente4_768_768-300x300.jpg 300w, https:\/\/imker-aigen.at\/wp-content\/uploads\/2023\/05\/akzente4_768_768-80x80.jpg 80w, https:\/\/imker-aigen.at\/wp-content\/uploads\/2023\/05\/akzente4_768_768-36x36.jpg 36w, https:\/\/imker-aigen.at\/wp-content\/uploads\/2023\/05\/akzente4_768_768-180x180.jpg 180w, https:\/\/imker-aigen.at\/wp-content\/uploads\/2023\/05\/akzente4_768_768-705x705.jpg 705w\" data-sizes=\"(max-width: 768px) 100vw, 768px\" class='av-horizontal-gallery-link avia-svg-icon avia-font-svg_entypo-fontello' data-av_svg_icon='resize-full' data-av_iconset='svg_entypo-fontello' title='Erster Kontakt mit den Bienen' alt='' aria-label='Open image in lightbox: Erster Kontakt mit den Bienen'><svg version=\"1.1\" xmlns=\"http:\/\/www.w3.org\/2000\/svg\" width=\"25\" height=\"32\" viewBox=\"0 0 25 32\" preserveAspectRatio=\"xMidYMid meet\" aria-labelledby='av-svg-title-11' aria-describedby='av-svg-desc-11' role=\"graphics-symbol\" aria-hidden=\"true\">\n<title id='av-svg-title-11'>Open image in lightbox: Erster Kontakt mit den Bienen<\/title>\n<desc id='av-svg-desc-11'>Open image in lightbox: Erster Kontakt mit den Bienen<\/desc>\n<path d=\"M15.232 3.328h10.112v10.112l-3.2-3.968-4.672 4.864-3.2-3.2 4.864-4.672zM7.872 17.536l3.2 3.2-4.864 4.672 3.904 3.2h-10.112v-10.112l3.2 3.904z\"><\/path>\n<\/svg><\/a><\/div><div class=\"av-horizontal-gallery-wrap noHover\"><img decoding=\"async\" fetchpriority=\"high\" class='wp-image-3872 avia-img-lazy-loading-not-3872 av-horizontal-gallery-img' width=\"768\" height=\"768\" src=\"https:\/\/imker-aigen.at\/wp-content\/uploads\/2023\/05\/akzente11_768_768.jpg\" title='Erster Kontakt mit den Bienen' alt='' srcset=\"https:\/\/imker-aigen.at\/wp-content\/uploads\/2023\/05\/akzente11_768_768.jpg 768w, https:\/\/imker-aigen.at\/wp-content\/uploads\/2023\/05\/akzente11_768_768-300x300.jpg 300w, https:\/\/imker-aigen.at\/wp-content\/uploads\/2023\/05\/akzente11_768_768-80x80.jpg 80w, https:\/\/imker-aigen.at\/wp-content\/uploads\/2023\/05\/akzente11_768_768-36x36.jpg 36w, https:\/\/imker-aigen.at\/wp-content\/uploads\/2023\/05\/akzente11_768_768-180x180.jpg 180w, https:\/\/imker-aigen.at\/wp-content\/uploads\/2023\/05\/akzente11_768_768-705x705.jpg 705w\" sizes=\"(max-width: 768px) 100vw, 768px\" \/><a href=\"https:\/\/imker-aigen.at\/wp-content\/uploads\/2023\/05\/akzente11_768_768.jpg\" data-srcset=\"https:\/\/imker-aigen.at\/wp-content\/uploads\/2023\/05\/akzente11_768_768.jpg 768w, https:\/\/imker-aigen.at\/wp-content\/uploads\/2023\/05\/akzente11_768_768-300x300.jpg 300w, https:\/\/imker-aigen.at\/wp-content\/uploads\/2023\/05\/akzente11_768_768-80x80.jpg 80w, https:\/\/imker-aigen.at\/wp-content\/uploads\/2023\/05\/akzente11_768_768-36x36.jpg 36w, https:\/\/imker-aigen.at\/wp-content\/uploads\/2023\/05\/akzente11_768_768-180x180.jpg 180w, https:\/\/imker-aigen.at\/wp-content\/uploads\/2023\/05\/akzente11_768_768-705x705.jpg 705w\" data-sizes=\"(max-width: 768px) 100vw, 768px\" class='av-horizontal-gallery-link avia-svg-icon avia-font-svg_entypo-fontello' data-av_svg_icon='resize-full' data-av_iconset='svg_entypo-fontello' title='Erster Kontakt mit den Bienen' alt='' aria-label='Open image in lightbox: Erster Kontakt mit den Bienen'><svg version=\"1.1\" xmlns=\"http:\/\/www.w3.org\/2000\/svg\" width=\"25\" height=\"32\" viewBox=\"0 0 25 32\" preserveAspectRatio=\"xMidYMid meet\" aria-labelledby='av-svg-title-12' aria-describedby='av-svg-desc-12' role=\"graphics-symbol\" aria-hidden=\"true\">\n<title id='av-svg-title-12'>Open image in lightbox: Erster Kontakt mit den Bienen<\/title>\n<desc id='av-svg-desc-12'>Open image in lightbox: Erster Kontakt mit den Bienen<\/desc>\n<path d=\"M15.232 3.328h10.112v10.112l-3.2-3.968-4.672 4.864-3.2-3.2 4.864-4.672zM7.872 17.536l3.2 3.2-4.864 4.672 3.904 3.2h-10.112v-10.112l3.2 3.904z\"><\/path>\n<\/svg><\/a><\/div><div class=\"av-horizontal-gallery-wrap noHover\"><img decoding=\"async\" fetchpriority=\"high\" class='wp-image-3871 avia-img-lazy-loading-not-3871 av-horizontal-gallery-img' width=\"768\" height=\"768\" src=\"https:\/\/imker-aigen.at\/wp-content\/uploads\/2023\/05\/akzente10_768_768.jpg\" title='Erster Kontakt mit den Bienen' alt='' srcset=\"https:\/\/imker-aigen.at\/wp-content\/uploads\/2023\/05\/akzente10_768_768.jpg 768w, https:\/\/imker-aigen.at\/wp-content\/uploads\/2023\/05\/akzente10_768_768-300x300.jpg 300w, https:\/\/imker-aigen.at\/wp-content\/uploads\/2023\/05\/akzente10_768_768-80x80.jpg 80w, https:\/\/imker-aigen.at\/wp-content\/uploads\/2023\/05\/akzente10_768_768-36x36.jpg 36w, https:\/\/imker-aigen.at\/wp-content\/uploads\/2023\/05\/akzente10_768_768-180x180.jpg 180w, https:\/\/imker-aigen.at\/wp-content\/uploads\/2023\/05\/akzente10_768_768-705x705.jpg 705w\" sizes=\"(max-width: 768px) 100vw, 768px\" \/><a href=\"https:\/\/imker-aigen.at\/wp-content\/uploads\/2023\/05\/akzente10_768_768.jpg\" data-srcset=\"https:\/\/imker-aigen.at\/wp-content\/uploads\/2023\/05\/akzente10_768_768.jpg 768w, https:\/\/imker-aigen.at\/wp-content\/uploads\/2023\/05\/akzente10_768_768-300x300.jpg 300w, https:\/\/imker-aigen.at\/wp-content\/uploads\/2023\/05\/akzente10_768_768-80x80.jpg 80w, https:\/\/imker-aigen.at\/wp-content\/uploads\/2023\/05\/akzente10_768_768-36x36.jpg 36w, https:\/\/imker-aigen.at\/wp-content\/uploads\/2023\/05\/akzente10_768_768-180x180.jpg 180w, https:\/\/imker-aigen.at\/wp-content\/uploads\/2023\/05\/akzente10_768_768-705x705.jpg 705w\" data-sizes=\"(max-width: 768px) 100vw, 768px\" class='av-horizontal-gallery-link avia-svg-icon avia-font-svg_entypo-fontello' data-av_svg_icon='resize-full' data-av_iconset='svg_entypo-fontello' title='Erster Kontakt mit den Bienen' alt='' aria-label='Open image in lightbox: Erster Kontakt mit den Bienen'><svg version=\"1.1\" xmlns=\"http:\/\/www.w3.org\/2000\/svg\" width=\"25\" height=\"32\" viewBox=\"0 0 25 32\" preserveAspectRatio=\"xMidYMid meet\" aria-labelledby='av-svg-title-13' aria-describedby='av-svg-desc-13' role=\"graphics-symbol\" aria-hidden=\"true\">\n<title id='av-svg-title-13'>Open image in lightbox: Erster Kontakt mit den Bienen<\/title>\n<desc id='av-svg-desc-13'>Open image in lightbox: Erster Kontakt mit den Bienen<\/desc>\n<path d=\"M15.232 3.328h10.112v10.112l-3.2-3.968-4.672 4.864-3.2-3.2 4.864-4.672zM7.872 17.536l3.2 3.2-4.864 4.672 3.904 3.2h-10.112v-10.112l3.2 3.904z\"><\/path>\n<\/svg><\/a><\/div><\/div><\/div><\/div><br \/>\n<section  class='av_textblock_section av-lhjgkv0c-497496e72f03ad2556d17849ebae73c9 '   itemscope=\"itemscope\" itemtype=\"https:\/\/schema.org\/BlogPosting\" itemprop=\"blogPost\" ><div class='avia_textblock'  itemprop=\"text\" ><p>Autoren: Adelheid Speyer, Michael Rettenbacher, Bernd Meierhofer<\/p>\n<p>Am 10. Mai 2023 fand das \u201aBienenprojekt\u2018 mit unserem Vereinsmitglied Michael Rettenbacher und 24 Sch\u00fclerinnen und Sch\u00fclern der 2. Klasse der <a href=\"http:\/\/www.ms-nonntal.at\/\">Neuen Mittelschule Nonntal<\/a> bei <a href=\"https:\/\/www.akzente.net\/\">akzente Salzburg<\/a> in der Glockengasse 4 statt. akzente Salzburg setzt sich im Auftrag des Landes Salzburg f\u00fcr die Anliegen, Bed\u00fcrfnisse und Probleme junger Menschen ein und ist somit &#8222;die Anlaufstelle&#8220; im Bundesland Salzburg, wenn es um Jugendfragen geht. akzente Salzburg ist auch f\u00fcr das S-Pass-Magazin verantwortlich, das begleitend zur S-Pass-Jugendkarte, die den Jugendlichen diverse Erm\u00e4\u00dfigungen (Kino, Theater, Sport, Musik, Festivals uvm.) bietet, herausgegeben wird und die Jugendlichen laufend informiert.<\/p>\n<h3><strong>Begr\u00fc\u00dfung<\/strong><\/h3>\n<p>Kurz nach neun Uhr kamen Michael, seine beiden Lehrerkolleginnen Fr. Tanja Hofer und Fr. Theresia Lindner und deren Sch\u00fclerinnen und Sch\u00fcler in der Glockengasse an. Alle an dem Projekt Beteiligten wurden zun\u00e4chst von Julia Tumpfart begr\u00fc\u00dft, die zurzeit zusammen mit Paul Freh-Deutschmann die <a href=\"https:\/\/jugend.akzente.net\/akzente-bienen\/\">akzente-Bienen<\/a> betreut. Julia und Paul haben die Betreuung der Bienen von der akzente-Mitarbeiterin Bettina Gattinger, die gerade in Mutterschutz ist, \u00fcbernommen. akzente Salzburg ist Mitglied bei uns im Imkerverein Salzburg Aigen. So freuen wir uns, dass wir nun auch mit weiteren akzente-Mitarbeiterinnen und Mitarbeitern in Kontakt stehen und die Bienen ein fixer Bestandteil der Umwelt- und Nachhaltigkeitsbestrebungen von akzente geworden sind.<\/p>\n<p>Der Ablauf des Vormittages wurde kurz besprochen und dann ging es an die Arbeit.<\/p>\n<h3>Arbeiten am Mikroskop<\/h3>\n<p>Michael hatte Mikroskope organisiert, an denen die Sch\u00fclerinnen und Sch\u00fcler Bienen, Bienenteile und Pollen ansehen konnten. Die Bienen durften im Anschluss daran auch genauer untersucht werden. Einem Sch\u00fcler gelang es sogar, einen Bienenstachel aus einer Biene herauszuoperieren; dieser wurde nat\u00fcrlich sehr bestaunt!<\/p>\n<h3>Imkern Hands-On-Workshop<\/h3>\n<p>Ein weiterer Praxisteil war der imkerlichen Arbeit gewidmet. Hierf\u00fcr wurde das akzente-Bienenvolk ge\u00f6ffnet und die Sch\u00fclerinnen und Sch\u00fcler durften alle direkt einen Blick in den Bienenstock werfen. Fast alle Sch\u00fclerinnen und Sch\u00fcler waren \u2013 ausgestattet mit Schutzschleier \u2013 so mutig, dass sie eine Wabe mit ansitzenden Bienen in die H\u00e4nde zu nehmen wagten. Die anf\u00e4ngliche Scheu und die Angst vor den Bienen wurden schnell \u00fcberwunden und die Sch\u00fclerinnen und Sch\u00fcler waren von da an begeistert von den Bienen.<\/p>\n<p>Es wurde ihnen dann auch noch der Gebrauch eines Smokers gezeigt. Allerdings erst, als das Volk schon wieder geschlossen war; denn das Bienenvolk war sehr ruhig und sanftm\u00fctig und brauchte trotz des schlechten Wetters keinen Rauch. So rauchte der Smoker ohne Bienen vor sich hin zum Vergn\u00fcgen der Sch\u00fclerinnen und Sch\u00fcler, die damit eifrig Schwaden in die Luft schickten!<\/p>\n<h3>Honigverkostung<\/h3>\n<p>Ein weiteres Thema war Honig. Michael erw\u00e4hnte, dass es leider auch viel gef\u00e4lschten Honig zu kaufen gibt (siehe auch Artikel vom 16.4.2023 auf unserer Homepage: <a href=\"https:\/\/imker-aigen.at\/index.php\/2023\/04\/16\/falscher-honig\/\">&#8222;Honigf\u00e4lschungen \u00fcberschwemmen den Markt&#8220;<\/a>). Beim Kauf von Honig sollte stets auf den Preis und auf die Etiketten geachtet werden. Bei einem sehr g\u00fcnstigen Preis und einer Herkunftsbezeichnung \u201eMischung von Honig aus EU-L\u00e4ndern und Nicht-EU-L\u00e4ndern\u201c besteht leider die Gefahr, dass es sich um eine F\u00e4lschung handeln k\u00f6nnte.<\/p>\n<p>Michael hatte auch Honigproben von 5 Sortenhonigen zum Ausprobieren besorgt (Lindenhonig, Sonnenblumenhonig, Rapshonig, Waldhonig, Kastanienhonig). Au\u00dferdem war ein Glas mit heimischem Mischhonig vom <a href=\"https:\/\/www.imkerhof-salzburg.at\/\">Imkerhof-Salzburg<\/a> f\u00fcr eine Jause vorbereitet. Brot und Butter standen ebenso bereit f\u00fcrs Honigbrot!<\/p>\n<h3>Res\u00fcmee<\/h3>\n<p>Zwischen und w\u00e4hrend der Stationen wurde von Michael nat\u00fcrlich viel Wissenswertes \u00fcber die Bienen und \u00fcbers Imkern erkl\u00e4rt und erz\u00e4hlt. Im Sinne von mehr N\u00e4he zu den Vorg\u00e4ngen in der Natur war es ein sehr gelungener Vormittag, der viel Spa\u00df machte und auch viel neues Wissen vermittelte. Auch von den Sch\u00fclerinnen und Sch\u00fclern gab es sehr positives Feedback zur Veranstaltung.<\/p>\n<h3>Danksagung<\/h3>\n<p>Ein Dank an Michael, der alles so gut vorbereitet hat, und ein Dank an das Team von <a href=\"https:\/\/www.akzente.net\/\">akzente Salzburg<\/a>, die dieses Projekt erm\u00f6glicht haben! Weiters m\u00f6chten wir uns auch bei den vielen Personen und Firmen bedanken, welche dieses Projekt mit Rat und Tat unterst\u00fctzt haben. Gro\u00dfer Dank geb\u00fchrt hier insbesondere Chris Steube vom <a href=\"https:\/\/www.imkerhof-salzburg.at\/\">Imkerhof Salzburg<\/a> f\u00fcr die Beratung und die Bereitstellung des Probenmaterials f\u00fcr die Pollenuntersuchungen, der <a href=\"https:\/\/www.olympus.at\/\">Firma Olympus<\/a> f\u00fcr die Leihgabe eines Mikroskops mit sehr starker Vergr\u00f6\u00dferung und der <a href=\"https:\/\/phsalzburg.at\/\">P\u00e4dagogischen Hochschule Salzburg<\/a> f\u00fcr die Leihgabe der Auflicht- und Durchlicht-Mikroskope. Vielen herzlichen Dank!<\/p>\n<h3>N\u00e4chste Schritte<\/h3>\n<p>Wir w\u00fcrden diese Veranstaltung jedenfalls sehr gerne wiederholen und im kommenden Jahr vielleicht als mehrt\u00e4gige Veranstaltung auch mehreren Schulklassen und Schulen anbieten. Der Imkerverein Aigen wird jedenfalls seine Jugendarbeit fortsetzen und intensivieren. Mit dieser Veranstaltung wurde ein erster Grundstein gelegt.<\/p>\n<h3>Weiterf\u00fchrende Links<\/h3>\n<ul>\n<li><a href=\"https:\/\/jugend.akzente.net\/fileadmin\/user_upload\/S-Pass\/Magazin\/S-Pass_Sommermagazin_2023.pdf\">Unser Bericht \u00fcber Bienen im S-PASS-Sommermagazin 2023 &#8211; Seite 14 und 15<\/a><\/li>\n<li><a href=\"https:\/\/imker-aigen.at\/index.php\/2023\/02\/27\/jugendarbeit-in-den-imker-ortsgruppen-treffen-am-23-2-2023\/\">Jugendarbeit in den Imker-Ortsgruppen \u2013 Treffen am 23.2.2023<\/a><\/li>\n<li><a href=\"https:\/\/www.akzente.net\/\">akzente Salzburg<\/a><\/li>\n<li><a href=\"http:\/\/www.ms-nonntal.at\/\">Neuen Mittelschule Nonntal<\/a><\/li>\n<\/ul>\n<\/div><\/section><br \/>\n<div  class='av-social-sharing-box av-3s8252-fbdf895222feceafd731b81f4886b0ad av-social-sharing-box-default  avia-builder-el-5  el_after_av_textblock  el_before_av_comments_list  av-social-sharing-box-fullwidth'><div class=\"av-share-box\"><h5 class='av-share-link-description av-no-toc '>Eintrag teilen<\/h5><ul class=\"av-share-box-list noLightbox\"><li class='av-share-link av-social-link-facebook avia_social_iconfont' ><a target=\"_blank\" aria-label=\"Teilen auf Facebook\" href='https:\/\/www.facebook.com\/sharer.php?u=https:\/\/imker-aigen.at\/index.php\/2023\/05\/11\/bienen-projekt-der-2-klasse-der-neuen-mittelschule-nonntal\/&#038;t=Bienenprojekt%20der%202.%20Klasse%20der%20Neuen%20Mittelschule%20Nonntal' data-av_icon='\ue8f3' data-av_iconfont='entypo-fontello'  title='' data-avia-related-tooltip='Teilen auf Facebook'><span class='avia_hidden_link_text'>Teilen auf Facebook<\/span><\/a><\/li><li class='av-share-link av-social-link-twitter avia_social_iconfont' ><a target=\"_blank\" aria-label=\"Teilen auf X\" href='https:\/\/twitter.com\/share?text=Bienenprojekt%20der%202.%20Klasse%20der%20Neuen%20Mittelschule%20Nonntal&#038;url=https:\/\/imker-aigen.at\/?p=3798' data-av_icon='\ue932' data-av_iconfont='entypo-fontello'  title='' data-avia-related-tooltip='Teilen auf X'><span class='avia_hidden_link_text'>Teilen auf X<\/span><\/a><\/li><li class='av-share-link av-social-link-whatsapp avia_social_iconfont' ><a target=\"_blank\" aria-label=\"Teilen auf WhatsApp\" href='https:\/\/api.whatsapp.com\/send?text=https:\/\/imker-aigen.at\/index.php\/2023\/05\/11\/bienen-projekt-der-2-klasse-der-neuen-mittelschule-nonntal\/' data-av_icon='\uf232' data-av_iconfont='entypo-fontello'  title='' data-avia-related-tooltip='Teilen auf WhatsApp'><span class='avia_hidden_link_text'>Teilen auf WhatsApp<\/span><\/a><\/li><li class='av-share-link av-social-link-pinterest avia_social_iconfont' ><a target=\"_blank\" aria-label=\"Teilen auf Pinterest\" href='https:\/\/pinterest.com\/pin\/create\/button\/?url=https%3A%2F%2Fimker-aigen.at%2Findex.php%2F2023%2F05%2F11%2Fbienen-projekt-der-2-klasse-der-neuen-mittelschule-nonntal%2F&#038;description=Bienenprojekt%20der%202.%20Klasse%20der%20Neuen%20Mittelschule%20Nonntal&#038;media=https%3A%2F%2Fimker-aigen.at%2Fwp-content%2Fuploads%2F2023%2F05%2Fakzente-bienen-705x403.jpg' data-av_icon='\ue8f8' data-av_iconfont='entypo-fontello'  title='' data-avia-related-tooltip='Teilen auf Pinterest'><span class='avia_hidden_link_text'>Teilen auf Pinterest<\/span><\/a><\/li><li class='av-share-link av-social-link-linkedin avia_social_iconfont' ><a target=\"_blank\" aria-label=\"Teilen auf LinkedIn\" href='https:\/\/linkedin.com\/shareArticle?mini=true&#038;title=Bienenprojekt%20der%202.%20Klasse%20der%20Neuen%20Mittelschule%20Nonntal&#038;url=https:\/\/imker-aigen.at\/index.php\/2023\/05\/11\/bienen-projekt-der-2-klasse-der-neuen-mittelschule-nonntal\/' data-av_icon='\ue8fc' data-av_iconfont='entypo-fontello'  title='' data-avia-related-tooltip='Teilen auf LinkedIn'><span class='avia_hidden_link_text'>Teilen auf LinkedIn<\/span><\/a><\/li><li class='av-share-link av-social-link-reddit avia_social_iconfont' ><a target=\"_blank\" aria-label=\"Teilen auf Reddit\" href='https:\/\/reddit.com\/submit?url=https:\/\/imker-aigen.at\/index.php\/2023\/05\/11\/bienen-projekt-der-2-klasse-der-neuen-mittelschule-nonntal\/&#038;title=Bienenprojekt%20der%202.%20Klasse%20der%20Neuen%20Mittelschule%20Nonntal' data-av_icon='\ue927' data-av_iconfont='entypo-fontello'  title='' data-avia-related-tooltip='Teilen auf Reddit'><span class='avia_hidden_link_text'>Teilen auf Reddit<\/span><\/a><\/li><li class='av-share-link av-social-link-mail avia_social_iconfont' ><a  aria-label=\"Per E-Mail teilen\" href='mailto:?subject=Bienenprojekt%20der%202.%20Klasse%20der%20Neuen%20Mittelschule%20Nonntal&#038;body=https:\/\/imker-aigen.at\/index.php\/2023\/05\/11\/bienen-projekt-der-2-klasse-der-neuen-mittelschule-nonntal\/' data-av_icon='\ue805' data-av_iconfont='entypo-fontello'  title='' data-avia-related-tooltip='Per E-Mail teilen'><span class='avia_hidden_link_text'>Per E-Mail teilen<\/span><\/a><\/li><\/ul><\/div><\/div><br \/>\n<div  class='av-buildercomment av-2wznqu-694d9077ec536520b0f224e0e9c221a6'><\/div><\/p><\/div>\n","protected":false},"excerpt":{"rendered":"","protected":false},"author":1,"featured_media":3806,"comment_status":"open","ping_status":"closed","sticky":false,"template":"","format":"standard","meta":{"footnotes":""},"categories":[1],"tags":[36,58,33,37,57],"class_list":["post-3798","post","type-post","status-publish","format-standard","has-post-thumbnail","hentry","category-uncategorized","tag-aigen","tag-akzente","tag-ausbildung","tag-imker","tag-jugendarbeit"],"yoast_head":"<!-- This site is optimized with the Yoast SEO plugin v27.4 - https:\/\/yoast.com\/product\/yoast-seo-wordpress\/ -->\n<title>Bienenprojekt der 2. Klasse der Neuen Mittelschule Nonntal - Imker Ortsgruppe Salzburg Aigen<\/title>\n<meta name=\"description\" content=\"Am 10.5.2023 durfte der Imkerverein Salzburg Aigen das Bienen-Projekt der 2. Klasse der Neuen Mittelschule Nonntal begleiten.\" \/>\n<meta name=\"robots\" content=\"index, follow, max-snippet:-1, max-image-preview:large, max-video-preview:-1\" \/>\n<link rel=\"canonical\" href=\"https:\/\/imker-aigen.at\/index.php\/2023\/05\/11\/bienen-projekt-der-2-klasse-der-neuen-mittelschule-nonntal\/\" \/>\n<meta property=\"og:locale\" content=\"de_DE\" \/>\n<meta property=\"og:type\" content=\"article\" \/>\n<meta property=\"og:title\" content=\"Bienenprojekt der 2. Klasse der Neuen Mittelschule Nonntal - Imker Ortsgruppe Salzburg Aigen\" \/>\n<meta property=\"og:description\" content=\"Am 10.5.2023 durfte der Imkerverein Salzburg Aigen das Bienen-Projekt der 2. Klasse der Neuen Mittelschule Nonntal begleiten.\" \/>\n<meta property=\"og:url\" content=\"https:\/\/imker-aigen.at\/index.php\/2023\/05\/11\/bienen-projekt-der-2-klasse-der-neuen-mittelschule-nonntal\/\" \/>\n<meta property=\"og:site_name\" content=\"Imker Ortsgruppe Salzburg Aigen\" \/>\n<meta property=\"article:published_time\" content=\"2023-05-11T18:30:36+00:00\" \/>\n<meta property=\"article:modified_time\" content=\"2024-12-11T08:07:05+00:00\" \/>\n<meta property=\"og:image\" content=\"https:\/\/imker-aigen.at\/wp-content\/uploads\/2023\/05\/akzente-bienen.jpg\" \/>\n\t<meta property=\"og:image:width\" content=\"1140\" \/>\n\t<meta property=\"og:image:height\" content=\"652\" \/>\n\t<meta property=\"og:image:type\" content=\"image\/jpeg\" \/>\n<meta name=\"author\" content=\"admin\" \/>\n<meta name=\"twitter:card\" content=\"summary_large_image\" \/>\n<meta name=\"twitter:label1\" content=\"Verfasst von\" \/>\n\t<meta name=\"twitter:data1\" content=\"admin\" \/>\n\t<meta name=\"twitter:label2\" content=\"Gesch\u00e4tzte Lesezeit\" \/>\n\t<meta name=\"twitter:data2\" content=\"7\u00a0Minuten\" \/>\n<script type=\"application\/ld+json\" class=\"yoast-schema-graph\">{\"@context\":\"https:\\\/\\\/schema.org\",\"@graph\":[{\"@type\":\"Article\",\"@id\":\"https:\\\/\\\/imker-aigen.at\\\/index.php\\\/2023\\\/05\\\/11\\\/bienen-projekt-der-2-klasse-der-neuen-mittelschule-nonntal\\\/#article\",\"isPartOf\":{\"@id\":\"https:\\\/\\\/imker-aigen.at\\\/index.php\\\/2023\\\/05\\\/11\\\/bienen-projekt-der-2-klasse-der-neuen-mittelschule-nonntal\\\/\"},\"author\":{\"name\":\"admin\",\"@id\":\"https:\\\/\\\/imker-aigen.at\\\/#\\\/schema\\\/person\\\/d7d0c3a8ef6f051d450781218ac83077\"},\"headline\":\"Bienenprojekt der 2. Klasse der Neuen Mittelschule Nonntal\",\"datePublished\":\"2023-05-11T18:30:36+00:00\",\"dateModified\":\"2024-12-11T08:07:05+00:00\",\"mainEntityOfPage\":{\"@id\":\"https:\\\/\\\/imker-aigen.at\\\/index.php\\\/2023\\\/05\\\/11\\\/bienen-projekt-der-2-klasse-der-neuen-mittelschule-nonntal\\\/\"},\"wordCount\":1621,\"commentCount\":0,\"publisher\":{\"@id\":\"https:\\\/\\\/imker-aigen.at\\\/#organization\"},\"image\":{\"@id\":\"https:\\\/\\\/imker-aigen.at\\\/index.php\\\/2023\\\/05\\\/11\\\/bienen-projekt-der-2-klasse-der-neuen-mittelschule-nonntal\\\/#primaryimage\"},\"thumbnailUrl\":\"https:\\\/\\\/imker-aigen.at\\\/wp-content\\\/uploads\\\/2023\\\/05\\\/akzente-bienen.jpg\",\"keywords\":[\"Aigen\",\"akzente\",\"Ausbildung\",\"Imker\",\"Jugendarbeit\"],\"articleSection\":[\"Uncategorized\"],\"inLanguage\":\"de\",\"potentialAction\":[{\"@type\":\"CommentAction\",\"name\":\"Comment\",\"target\":[\"https:\\\/\\\/imker-aigen.at\\\/index.php\\\/2023\\\/05\\\/11\\\/bienen-projekt-der-2-klasse-der-neuen-mittelschule-nonntal\\\/#respond\"]}]},{\"@type\":\"WebPage\",\"@id\":\"https:\\\/\\\/imker-aigen.at\\\/index.php\\\/2023\\\/05\\\/11\\\/bienen-projekt-der-2-klasse-der-neuen-mittelschule-nonntal\\\/\",\"url\":\"https:\\\/\\\/imker-aigen.at\\\/index.php\\\/2023\\\/05\\\/11\\\/bienen-projekt-der-2-klasse-der-neuen-mittelschule-nonntal\\\/\",\"name\":\"Bienenprojekt der 2. Klasse der Neuen Mittelschule Nonntal - Imker Ortsgruppe Salzburg Aigen\",\"isPartOf\":{\"@id\":\"https:\\\/\\\/imker-aigen.at\\\/#website\"},\"primaryImageOfPage\":{\"@id\":\"https:\\\/\\\/imker-aigen.at\\\/index.php\\\/2023\\\/05\\\/11\\\/bienen-projekt-der-2-klasse-der-neuen-mittelschule-nonntal\\\/#primaryimage\"},\"image\":{\"@id\":\"https:\\\/\\\/imker-aigen.at\\\/index.php\\\/2023\\\/05\\\/11\\\/bienen-projekt-der-2-klasse-der-neuen-mittelschule-nonntal\\\/#primaryimage\"},\"thumbnailUrl\":\"https:\\\/\\\/imker-aigen.at\\\/wp-content\\\/uploads\\\/2023\\\/05\\\/akzente-bienen.jpg\",\"datePublished\":\"2023-05-11T18:30:36+00:00\",\"dateModified\":\"2024-12-11T08:07:05+00:00\",\"description\":\"Am 10.5.2023 durfte der Imkerverein Salzburg Aigen das Bienen-Projekt der 2. Klasse der Neuen Mittelschule Nonntal begleiten.\",\"breadcrumb\":{\"@id\":\"https:\\\/\\\/imker-aigen.at\\\/index.php\\\/2023\\\/05\\\/11\\\/bienen-projekt-der-2-klasse-der-neuen-mittelschule-nonntal\\\/#breadcrumb\"},\"inLanguage\":\"de\",\"potentialAction\":[{\"@type\":\"ReadAction\",\"target\":[\"https:\\\/\\\/imker-aigen.at\\\/index.php\\\/2023\\\/05\\\/11\\\/bienen-projekt-der-2-klasse-der-neuen-mittelschule-nonntal\\\/\"]}]},{\"@type\":\"ImageObject\",\"inLanguage\":\"de\",\"@id\":\"https:\\\/\\\/imker-aigen.at\\\/index.php\\\/2023\\\/05\\\/11\\\/bienen-projekt-der-2-klasse-der-neuen-mittelschule-nonntal\\\/#primaryimage\",\"url\":\"https:\\\/\\\/imker-aigen.at\\\/wp-content\\\/uploads\\\/2023\\\/05\\\/akzente-bienen.jpg\",\"contentUrl\":\"https:\\\/\\\/imker-aigen.at\\\/wp-content\\\/uploads\\\/2023\\\/05\\\/akzente-bienen.jpg\",\"width\":1140,\"height\":652},{\"@type\":\"BreadcrumbList\",\"@id\":\"https:\\\/\\\/imker-aigen.at\\\/index.php\\\/2023\\\/05\\\/11\\\/bienen-projekt-der-2-klasse-der-neuen-mittelschule-nonntal\\\/#breadcrumb\",\"itemListElement\":[{\"@type\":\"ListItem\",\"position\":1,\"name\":\"Startseite\",\"item\":\"https:\\\/\\\/imker-aigen.at\\\/index.php\\\/home\\\/\"},{\"@type\":\"ListItem\",\"position\":2,\"name\":\"Bienenprojekt der 2. Klasse der Neuen Mittelschule Nonntal\"}]},{\"@type\":\"WebSite\",\"@id\":\"https:\\\/\\\/imker-aigen.at\\\/#website\",\"url\":\"https:\\\/\\\/imker-aigen.at\\\/\",\"name\":\"Imker Ortsgruppe Salzburg Aigen\",\"description\":\"Homepage der Imker-Ortsgruppe Salzburg Aigen\",\"publisher\":{\"@id\":\"https:\\\/\\\/imker-aigen.at\\\/#organization\"},\"potentialAction\":[{\"@type\":\"SearchAction\",\"target\":{\"@type\":\"EntryPoint\",\"urlTemplate\":\"https:\\\/\\\/imker-aigen.at\\\/?s={search_term_string}\"},\"query-input\":{\"@type\":\"PropertyValueSpecification\",\"valueRequired\":true,\"valueName\":\"search_term_string\"}}],\"inLanguage\":\"de\"},{\"@type\":\"Organization\",\"@id\":\"https:\\\/\\\/imker-aigen.at\\\/#organization\",\"name\":\"Imker Ortsgruppe Salzburg Aigen\",\"url\":\"https:\\\/\\\/imker-aigen.at\\\/\",\"logo\":{\"@type\":\"ImageObject\",\"inLanguage\":\"de\",\"@id\":\"https:\\\/\\\/imker-aigen.at\\\/#\\\/schema\\\/logo\\\/image\\\/\",\"url\":\"https:\\\/\\\/imker-aigen.at\\\/wp-content\\\/uploads\\\/2022\\\/08\\\/logo-1.png\",\"contentUrl\":\"https:\\\/\\\/imker-aigen.at\\\/wp-content\\\/uploads\\\/2022\\\/08\\\/logo-1.png\",\"width\":392,\"height\":156,\"caption\":\"Imker Ortsgruppe Salzburg Aigen\"},\"image\":{\"@id\":\"https:\\\/\\\/imker-aigen.at\\\/#\\\/schema\\\/logo\\\/image\\\/\"}},{\"@type\":\"Person\",\"@id\":\"https:\\\/\\\/imker-aigen.at\\\/#\\\/schema\\\/person\\\/d7d0c3a8ef6f051d450781218ac83077\",\"name\":\"admin\",\"image\":{\"@type\":\"ImageObject\",\"inLanguage\":\"de\",\"@id\":\"https:\\\/\\\/secure.gravatar.com\\\/avatar\\\/925a7e918efd3cfdae29be9c0018a3ae3275cd0444a6e166241172bb6e5243c7?s=96&d=mm&r=g\",\"url\":\"https:\\\/\\\/secure.gravatar.com\\\/avatar\\\/925a7e918efd3cfdae29be9c0018a3ae3275cd0444a6e166241172bb6e5243c7?s=96&d=mm&r=g\",\"contentUrl\":\"https:\\\/\\\/secure.gravatar.com\\\/avatar\\\/925a7e918efd3cfdae29be9c0018a3ae3275cd0444a6e166241172bb6e5243c7?s=96&d=mm&r=g\",\"caption\":\"admin\"},\"sameAs\":[\"https:\\\/\\\/imker-aigen.at\",\"linkedin.com\\\/in\\\/bernd-meierhofer-5919b62\"],\"url\":\"https:\\\/\\\/imker-aigen.at\\\/index.php\\\/author\\\/bmeierhofer\\\/\"}]}<\/script>\n<!-- \/ Yoast SEO plugin. -->","yoast_head_json":{"title":"Bienenprojekt der 2. Klasse der Neuen Mittelschule Nonntal - Imker Ortsgruppe Salzburg Aigen","description":"Am 10.5.2023 durfte der Imkerverein Salzburg Aigen das Bienen-Projekt der 2. Klasse der Neuen Mittelschule Nonntal begleiten.","robots":{"index":"index","follow":"follow","max-snippet":"max-snippet:-1","max-image-preview":"max-image-preview:large","max-video-preview":"max-video-preview:-1"},"canonical":"https:\/\/imker-aigen.at\/index.php\/2023\/05\/11\/bienen-projekt-der-2-klasse-der-neuen-mittelschule-nonntal\/","og_locale":"de_DE","og_type":"article","og_title":"Bienenprojekt der 2. Klasse der Neuen Mittelschule Nonntal - Imker Ortsgruppe Salzburg Aigen","og_description":"Am 10.5.2023 durfte der Imkerverein Salzburg Aigen das Bienen-Projekt der 2. Klasse der Neuen Mittelschule Nonntal begleiten.","og_url":"https:\/\/imker-aigen.at\/index.php\/2023\/05\/11\/bienen-projekt-der-2-klasse-der-neuen-mittelschule-nonntal\/","og_site_name":"Imker Ortsgruppe Salzburg Aigen","article_published_time":"2023-05-11T18:30:36+00:00","article_modified_time":"2024-12-11T08:07:05+00:00","og_image":[{"width":1140,"height":652,"url":"https:\/\/imker-aigen.at\/wp-content\/uploads\/2023\/05\/akzente-bienen.jpg","type":"image\/jpeg"}],"author":"admin","twitter_card":"summary_large_image","twitter_misc":{"Verfasst von":"admin","Gesch\u00e4tzte Lesezeit":"7\u00a0Minuten"},"schema":{"@context":"https:\/\/schema.org","@graph":[{"@type":"Article","@id":"https:\/\/imker-aigen.at\/index.php\/2023\/05\/11\/bienen-projekt-der-2-klasse-der-neuen-mittelschule-nonntal\/#article","isPartOf":{"@id":"https:\/\/imker-aigen.at\/index.php\/2023\/05\/11\/bienen-projekt-der-2-klasse-der-neuen-mittelschule-nonntal\/"},"author":{"name":"admin","@id":"https:\/\/imker-aigen.at\/#\/schema\/person\/d7d0c3a8ef6f051d450781218ac83077"},"headline":"Bienenprojekt der 2. Klasse der Neuen Mittelschule Nonntal","datePublished":"2023-05-11T18:30:36+00:00","dateModified":"2024-12-11T08:07:05+00:00","mainEntityOfPage":{"@id":"https:\/\/imker-aigen.at\/index.php\/2023\/05\/11\/bienen-projekt-der-2-klasse-der-neuen-mittelschule-nonntal\/"},"wordCount":1621,"commentCount":0,"publisher":{"@id":"https:\/\/imker-aigen.at\/#organization"},"image":{"@id":"https:\/\/imker-aigen.at\/index.php\/2023\/05\/11\/bienen-projekt-der-2-klasse-der-neuen-mittelschule-nonntal\/#primaryimage"},"thumbnailUrl":"https:\/\/imker-aigen.at\/wp-content\/uploads\/2023\/05\/akzente-bienen.jpg","keywords":["Aigen","akzente","Ausbildung","Imker","Jugendarbeit"],"articleSection":["Uncategorized"],"inLanguage":"de","potentialAction":[{"@type":"CommentAction","name":"Comment","target":["https:\/\/imker-aigen.at\/index.php\/2023\/05\/11\/bienen-projekt-der-2-klasse-der-neuen-mittelschule-nonntal\/#respond"]}]},{"@type":"WebPage","@id":"https:\/\/imker-aigen.at\/index.php\/2023\/05\/11\/bienen-projekt-der-2-klasse-der-neuen-mittelschule-nonntal\/","url":"https:\/\/imker-aigen.at\/index.php\/2023\/05\/11\/bienen-projekt-der-2-klasse-der-neuen-mittelschule-nonntal\/","name":"Bienenprojekt der 2. Klasse der Neuen Mittelschule Nonntal - Imker Ortsgruppe Salzburg Aigen","isPartOf":{"@id":"https:\/\/imker-aigen.at\/#website"},"primaryImageOfPage":{"@id":"https:\/\/imker-aigen.at\/index.php\/2023\/05\/11\/bienen-projekt-der-2-klasse-der-neuen-mittelschule-nonntal\/#primaryimage"},"image":{"@id":"https:\/\/imker-aigen.at\/index.php\/2023\/05\/11\/bienen-projekt-der-2-klasse-der-neuen-mittelschule-nonntal\/#primaryimage"},"thumbnailUrl":"https:\/\/imker-aigen.at\/wp-content\/uploads\/2023\/05\/akzente-bienen.jpg","datePublished":"2023-05-11T18:30:36+00:00","dateModified":"2024-12-11T08:07:05+00:00","description":"Am 10.5.2023 durfte der Imkerverein Salzburg Aigen das Bienen-Projekt der 2. Klasse der Neuen Mittelschule Nonntal begleiten.","breadcrumb":{"@id":"https:\/\/imker-aigen.at\/index.php\/2023\/05\/11\/bienen-projekt-der-2-klasse-der-neuen-mittelschule-nonntal\/#breadcrumb"},"inLanguage":"de","potentialAction":[{"@type":"ReadAction","target":["https:\/\/imker-aigen.at\/index.php\/2023\/05\/11\/bienen-projekt-der-2-klasse-der-neuen-mittelschule-nonntal\/"]}]},{"@type":"ImageObject","inLanguage":"de","@id":"https:\/\/imker-aigen.at\/index.php\/2023\/05\/11\/bienen-projekt-der-2-klasse-der-neuen-mittelschule-nonntal\/#primaryimage","url":"https:\/\/imker-aigen.at\/wp-content\/uploads\/2023\/05\/akzente-bienen.jpg","contentUrl":"https:\/\/imker-aigen.at\/wp-content\/uploads\/2023\/05\/akzente-bienen.jpg","width":1140,"height":652},{"@type":"BreadcrumbList","@id":"https:\/\/imker-aigen.at\/index.php\/2023\/05\/11\/bienen-projekt-der-2-klasse-der-neuen-mittelschule-nonntal\/#breadcrumb","itemListElement":[{"@type":"ListItem","position":1,"name":"Startseite","item":"https:\/\/imker-aigen.at\/index.php\/home\/"},{"@type":"ListItem","position":2,"name":"Bienenprojekt der 2. Klasse der Neuen Mittelschule Nonntal"}]},{"@type":"WebSite","@id":"https:\/\/imker-aigen.at\/#website","url":"https:\/\/imker-aigen.at\/","name":"Imker Ortsgruppe Salzburg Aigen","description":"Homepage der Imker-Ortsgruppe Salzburg Aigen","publisher":{"@id":"https:\/\/imker-aigen.at\/#organization"},"potentialAction":[{"@type":"SearchAction","target":{"@type":"EntryPoint","urlTemplate":"https:\/\/imker-aigen.at\/?s={search_term_string}"},"query-input":{"@type":"PropertyValueSpecification","valueRequired":true,"valueName":"search_term_string"}}],"inLanguage":"de"},{"@type":"Organization","@id":"https:\/\/imker-aigen.at\/#organization","name":"Imker Ortsgruppe Salzburg Aigen","url":"https:\/\/imker-aigen.at\/","logo":{"@type":"ImageObject","inLanguage":"de","@id":"https:\/\/imker-aigen.at\/#\/schema\/logo\/image\/","url":"https:\/\/imker-aigen.at\/wp-content\/uploads\/2022\/08\/logo-1.png","contentUrl":"https:\/\/imker-aigen.at\/wp-content\/uploads\/2022\/08\/logo-1.png","width":392,"height":156,"caption":"Imker Ortsgruppe Salzburg Aigen"},"image":{"@id":"https:\/\/imker-aigen.at\/#\/schema\/logo\/image\/"}},{"@type":"Person","@id":"https:\/\/imker-aigen.at\/#\/schema\/person\/d7d0c3a8ef6f051d450781218ac83077","name":"admin","image":{"@type":"ImageObject","inLanguage":"de","@id":"https:\/\/secure.gravatar.com\/avatar\/925a7e918efd3cfdae29be9c0018a3ae3275cd0444a6e166241172bb6e5243c7?s=96&d=mm&r=g","url":"https:\/\/secure.gravatar.com\/avatar\/925a7e918efd3cfdae29be9c0018a3ae3275cd0444a6e166241172bb6e5243c7?s=96&d=mm&r=g","contentUrl":"https:\/\/secure.gravatar.com\/avatar\/925a7e918efd3cfdae29be9c0018a3ae3275cd0444a6e166241172bb6e5243c7?s=96&d=mm&r=g","caption":"admin"},"sameAs":["https:\/\/imker-aigen.at","linkedin.com\/in\/bernd-meierhofer-5919b62"],"url":"https:\/\/imker-aigen.at\/index.php\/author\/bmeierhofer\/"}]}},"_links":{"self":[{"href":"https:\/\/imker-aigen.at\/index.php\/wp-json\/wp\/v2\/posts\/3798","targetHints":{"allow":["GET"]}}],"collection":[{"href":"https:\/\/imker-aigen.at\/index.php\/wp-json\/wp\/v2\/posts"}],"about":[{"href":"https:\/\/imker-aigen.at\/index.php\/wp-json\/wp\/v2\/types\/post"}],"author":[{"embeddable":true,"href":"https:\/\/imker-aigen.at\/index.php\/wp-json\/wp\/v2\/users\/1"}],"replies":[{"embeddable":true,"href":"https:\/\/imker-aigen.at\/index.php\/wp-json\/wp\/v2\/comments?post=3798"}],"version-history":[{"count":23,"href":"https:\/\/imker-aigen.at\/index.php\/wp-json\/wp\/v2\/posts\/3798\/revisions"}],"predecessor-version":[{"id":4050,"href":"https:\/\/imker-aigen.at\/index.php\/wp-json\/wp\/v2\/posts\/3798\/revisions\/4050"}],"wp:featuredmedia":[{"embeddable":true,"href":"https:\/\/imker-aigen.at\/index.php\/wp-json\/wp\/v2\/media\/3806"}],"wp:attachment":[{"href":"https:\/\/imker-aigen.at\/index.php\/wp-json\/wp\/v2\/media?parent=3798"}],"wp:term":[{"taxonomy":"category","embeddable":true,"href":"https:\/\/imker-aigen.at\/index.php\/wp-json\/wp\/v2\/categories?post=3798"},{"taxonomy":"post_tag","embeddable":true,"href":"https:\/\/imker-aigen.at\/index.php\/wp-json\/wp\/v2\/tags?post=3798"}],"curies":[{"name":"wp","href":"https:\/\/api.w.org\/{rel}","templated":true}]}}