{"id":4046,"date":"2023-06-26T11:09:20","date_gmt":"2023-06-26T09:09:20","guid":{"rendered":"https:\/\/imker-aigen.at\/?p=4046"},"modified":"2024-12-11T09:07:30","modified_gmt":"2024-12-11T08:07:30","slug":"volksschule-trifft-bienenstock","status":"publish","type":"post","link":"https:\/\/imker-aigen.at\/index.php\/2023\/06\/26\/volksschule-trifft-bienenstock\/","title":{"rendered":"Volksschule trifft Bienenstock"},"content":{"rendered":"<div  class='flex_column av-6v2jqm-9f95ab0c84c1e464477bfb826cf238bd av_one_full  avia-builder-el-0  avia-builder-el-no-sibling  first flex_column_div  '     ><p>\n<style type=\"text\/css\" data-created_by=\"avia_inline_auto\" id=\"style-css-av-ljcml48w-29b5fe1a0df329012890af5244b10e1d\">\n#top .av-special-heading.av-ljcml48w-29b5fe1a0df329012890af5244b10e1d{\npadding-bottom:10px;\n}\nbody .av-special-heading.av-ljcml48w-29b5fe1a0df329012890af5244b10e1d .av-special-heading-tag .heading-char{\nfont-size:25px;\n}\n.av-special-heading.av-ljcml48w-29b5fe1a0df329012890af5244b10e1d .av-subheading{\nfont-size:15px;\n}\n<\/style>\n<div  class='av-special-heading av-ljcml48w-29b5fe1a0df329012890af5244b10e1d av-special-heading-h1 blockquote modern-quote modern-centered  avia-builder-el-1  el_before_av_hr  avia-builder-el-first '><h1 class='av-special-heading-tag '  itemprop=\"headline\"  >Volksschule trifft Bienenstock<\/h1><div class='av-subheading av-subheading_below'><p>Die 1B der Volksschule Elsbethen zu Besuch bei den Bienen<\/p>\n<\/div><div class=\"special-heading-border\"><div class=\"special-heading-inner-border\"><\/div><\/div><\/div><br \/>\n\n<style type=\"text\/css\" data-created_by=\"avia_inline_auto\" id=\"style-css-av-63j1am-0e3716bf3188c612ba18c945aa285dcd\">\n#top .hr.av-63j1am-0e3716bf3188c612ba18c945aa285dcd{\nmargin-top:30px;\nmargin-bottom:30px;\n}\n.hr.av-63j1am-0e3716bf3188c612ba18c945aa285dcd .hr-inner{\nwidth:50px;\nmax-width:45%;\n}\n<\/style>\n<div  class='hr av-63j1am-0e3716bf3188c612ba18c945aa285dcd hr-custom  avia-builder-el-2  el_after_av_heading  el_before_av_horizontal_gallery  avia-builder-el-last  hr-center hr-icon-yes'><span class='hr-inner inner-border-av-border-thin'><span class=\"hr-inner-style\"><\/span><\/span><span class='av-seperator-icon avia-iconfont avia-font-entypo-fontello' data-av_icon='\ue8bf' data-av_iconfont='entypo-fontello' ><\/span><span class='hr-inner inner-border-av-border-thin'><span class=\"hr-inner-style\"><\/span><\/span><\/div><br \/>\n\n<style type=\"text\/css\" data-created_by=\"avia_inline_auto\" id=\"style-css-av-ljcnigpx-e656b700ada7d4544ce38940dc0f669e\">\n.av-horizontal-gallery.av-ljcnigpx-e656b700ada7d4544ce38940dc0f669e{\npadding:3.75% 0px;;\n}\n.av-horizontal-gallery.av-ljcnigpx-e656b700ada7d4544ce38940dc0f669e .av-horizontal-gallery-inner{\npadding-bottom:25%;\n}\n<\/style>\n<div  class='av-horizontal-gallery av-ljcnigpx-e656b700ada7d4544ce38940dc0f669e av-horizontal-gallery-large-gap av-horizontal-gallery-enlarge-effect  avia-builder-el-3  el_after_av_hr  el_before_av_textblock  av-slideshow-ui av-control-default av-slideshow-manual av-loop-once av-loop-manual-once av-horizontal-gallery-1' data-slideshow-data=\"{&quot;enlarge&quot;:1.3,&quot;animation&quot;:&quot;slide&quot;,&quot;autoplay&quot;:false,&quot;loop_autoplay&quot;:&quot;once&quot;,&quot;interval&quot;:5,&quot;loop_manual&quot;:&quot;manual-once&quot;,&quot;autoplay_stopper&quot;:false,&quot;noNavigation&quot;:false,&quot;bg_slider&quot;:false,&quot;keep_padding&quot;:&quot;&quot;,&quot;hoverpause&quot;:false,&quot;show_slide_delay&quot;:0}\"  itemprop=\"image\" itemscope=\"itemscope\" itemtype=\"https:\/\/schema.org\/ImageObject\" ><div class='avia-slideshow-arrows avia-slideshow-controls' ><a href='#prev' class='prev-slide av-horizontal-gallery-prev avia-svg-icon avia-font-svg_entypo-fontello' data-av_svg_icon='left-open-big' data-av_iconset='svg_entypo-fontello' tabindex='-1' title=\"Zur\u00fcck\"><svg version=\"1.1\" xmlns=\"http:\/\/www.w3.org\/2000\/svg\" width=\"15\" height=\"32\" viewBox=\"0 0 15 32\" preserveAspectRatio=\"xMidYMid meet\" aria-labelledby='av-svg-title-1' aria-describedby='av-svg-desc-1' role=\"graphics-symbol\" aria-hidden=\"true\">\n<title id='av-svg-title-1'>Zur\u00fcck<\/title>\n<desc id='av-svg-desc-1'>Zur\u00fcck<\/desc>\n<path d=\"M14.464 27.84q0.832 0.832 0 1.536-0.832 0.832-1.536 0l-12.544-12.608q-0.768-0.768 0-1.6l12.544-12.608q0.704-0.832 1.536 0 0.832 0.704 0 1.536l-11.456 11.904z\"><\/path>\n<\/svg><span class='avia_hidden_link_text'>Zur\u00fcck<\/span><\/a><a href='#next' class='next-slide av-horizontal-gallery-next avia-svg-icon avia-font-svg_entypo-fontello' data-av_svg_icon='right-open-big' data-av_iconset='svg_entypo-fontello' tabindex='-1' title=\"Weiter\"><svg version=\"1.1\" xmlns=\"http:\/\/www.w3.org\/2000\/svg\" width=\"15\" height=\"32\" viewBox=\"0 0 15 32\" preserveAspectRatio=\"xMidYMid meet\" aria-labelledby='av-svg-title-2' aria-describedby='av-svg-desc-2' role=\"graphics-symbol\" aria-hidden=\"true\">\n<title id='av-svg-title-2'>Weiter<\/title>\n<desc id='av-svg-desc-2'>Weiter<\/desc>\n<path d=\"M0.416 27.84l11.456-11.84-11.456-11.904q-0.832-0.832 0-1.536 0.832-0.832 1.536 0l12.544 12.608q0.768 0.832 0 1.6l-12.544 12.608q-0.704 0.832-1.536 0-0.832-0.704 0-1.536z\"><\/path>\n<\/svg><span class='avia_hidden_link_text'>Weiter<\/span><\/a><\/div><div class='avia-slideshow-dots avia-slideshow-controls av-horizontal-gallery-dots fade-in'><a href='#1' class='goto-slide active' >1<\/a><a href='#2' class='goto-slide ' >2<\/a><a href='#3' class='goto-slide ' >3<\/a><a href='#4' class='goto-slide ' >4<\/a><\/div><div class='av-horizontal-gallery-inner' data-av-height='25'><div class=\"av-horizontal-gallery-slider\"><div class=\"av-horizontal-gallery-wrap noHover\"><img decoding=\"async\" fetchpriority=\"high\" class='wp-image-4054 avia-img-lazy-loading-not-4054 av-horizontal-gallery-img' width=\"600\" height=\"350\" src=\"https:\/\/imker-aigen.at\/wp-content\/uploads\/2023\/06\/vs_elsbethen3_600_350.jpeg\" title='Erste Kontaktaufnahme mit den Bienen' alt='' srcset=\"https:\/\/imker-aigen.at\/wp-content\/uploads\/2023\/06\/vs_elsbethen3_600_350.jpeg 600w, https:\/\/imker-aigen.at\/wp-content\/uploads\/2023\/06\/vs_elsbethen3_600_350-300x175.jpeg 300w\" sizes=\"(max-width: 600px) 100vw, 600px\" \/><a href=\"https:\/\/imker-aigen.at\/wp-content\/uploads\/2023\/06\/vs_elsbethen3_600_350.jpeg\" data-srcset=\"https:\/\/imker-aigen.at\/wp-content\/uploads\/2023\/06\/vs_elsbethen3_600_350.jpeg 600w, https:\/\/imker-aigen.at\/wp-content\/uploads\/2023\/06\/vs_elsbethen3_600_350-300x175.jpeg 300w\" data-sizes=\"(max-width: 600px) 100vw, 600px\" class='av-horizontal-gallery-link avia-svg-icon avia-font-svg_entypo-fontello' data-av_svg_icon='resize-full' data-av_iconset='svg_entypo-fontello' title='Erste Kontaktaufnahme mit den Bienen' alt='' aria-label='Open image in lightbox: Erste Kontaktaufnahme mit den Bienen'><svg version=\"1.1\" xmlns=\"http:\/\/www.w3.org\/2000\/svg\" width=\"25\" height=\"32\" viewBox=\"0 0 25 32\" preserveAspectRatio=\"xMidYMid meet\" aria-labelledby='av-svg-title-3' aria-describedby='av-svg-desc-3' role=\"graphics-symbol\" aria-hidden=\"true\">\n<title id='av-svg-title-3'>Open image in lightbox: Erste Kontaktaufnahme mit den Bienen<\/title>\n<desc id='av-svg-desc-3'>Open image in lightbox: Erste Kontaktaufnahme mit den Bienen<\/desc>\n<path d=\"M15.232 3.328h10.112v10.112l-3.2-3.968-4.672 4.864-3.2-3.2 4.864-4.672zM7.872 17.536l3.2 3.2-4.864 4.672 3.904 3.2h-10.112v-10.112l3.2 3.904z\"><\/path>\n<\/svg><\/a><\/div><div class=\"av-horizontal-gallery-wrap noHover\"><img decoding=\"async\" fetchpriority=\"high\" class='wp-image-4053 avia-img-lazy-loading-not-4053 av-horizontal-gallery-img' width=\"600\" height=\"350\" src=\"https:\/\/imker-aigen.at\/wp-content\/uploads\/2023\/06\/vs_elsbethen2_600_350.jpeg\" title='Blick in den Bienenstock' alt='' srcset=\"https:\/\/imker-aigen.at\/wp-content\/uploads\/2023\/06\/vs_elsbethen2_600_350.jpeg 600w, https:\/\/imker-aigen.at\/wp-content\/uploads\/2023\/06\/vs_elsbethen2_600_350-300x175.jpeg 300w\" sizes=\"(max-width: 600px) 100vw, 600px\" \/><a href=\"https:\/\/imker-aigen.at\/wp-content\/uploads\/2023\/06\/vs_elsbethen2_600_350.jpeg\" data-srcset=\"https:\/\/imker-aigen.at\/wp-content\/uploads\/2023\/06\/vs_elsbethen2_600_350.jpeg 600w, https:\/\/imker-aigen.at\/wp-content\/uploads\/2023\/06\/vs_elsbethen2_600_350-300x175.jpeg 300w\" data-sizes=\"(max-width: 600px) 100vw, 600px\" class='av-horizontal-gallery-link avia-svg-icon avia-font-svg_entypo-fontello' data-av_svg_icon='resize-full' data-av_iconset='svg_entypo-fontello' title='Blick in den Bienenstock' alt='' aria-label='Open image in lightbox: Blick in den Bienenstock'><svg version=\"1.1\" xmlns=\"http:\/\/www.w3.org\/2000\/svg\" width=\"25\" height=\"32\" viewBox=\"0 0 25 32\" preserveAspectRatio=\"xMidYMid meet\" aria-labelledby='av-svg-title-4' aria-describedby='av-svg-desc-4' role=\"graphics-symbol\" aria-hidden=\"true\">\n<title id='av-svg-title-4'>Open image in lightbox: Blick in den Bienenstock<\/title>\n<desc id='av-svg-desc-4'>Open image in lightbox: Blick in den Bienenstock<\/desc>\n<path d=\"M15.232 3.328h10.112v10.112l-3.2-3.968-4.672 4.864-3.2-3.2 4.864-4.672zM7.872 17.536l3.2 3.2-4.864 4.672 3.904 3.2h-10.112v-10.112l3.2 3.904z\"><\/path>\n<\/svg><\/a><\/div><div class=\"av-horizontal-gallery-wrap noHover\"><img decoding=\"async\" fetchpriority=\"high\" class='wp-image-4055 avia-img-lazy-loading-not-4055 av-horizontal-gallery-img' width=\"600\" height=\"350\" src=\"https:\/\/imker-aigen.at\/wp-content\/uploads\/2023\/06\/vs_elsbethen4_600_350.jpeg\" title='Leerwabe - Der kunstvolle Wabenbau der Bienen' alt='' srcset=\"https:\/\/imker-aigen.at\/wp-content\/uploads\/2023\/06\/vs_elsbethen4_600_350.jpeg 600w, https:\/\/imker-aigen.at\/wp-content\/uploads\/2023\/06\/vs_elsbethen4_600_350-300x175.jpeg 300w\" sizes=\"(max-width: 600px) 100vw, 600px\" \/><a href=\"https:\/\/imker-aigen.at\/wp-content\/uploads\/2023\/06\/vs_elsbethen4_600_350.jpeg\" data-srcset=\"https:\/\/imker-aigen.at\/wp-content\/uploads\/2023\/06\/vs_elsbethen4_600_350.jpeg 600w, https:\/\/imker-aigen.at\/wp-content\/uploads\/2023\/06\/vs_elsbethen4_600_350-300x175.jpeg 300w\" data-sizes=\"(max-width: 600px) 100vw, 600px\" class='av-horizontal-gallery-link avia-svg-icon avia-font-svg_entypo-fontello' data-av_svg_icon='resize-full' data-av_iconset='svg_entypo-fontello' title='Leerwabe - Der kunstvolle Wabenbau der Bienen' alt='' aria-label='Open image in lightbox: Leerwabe - Der kunstvolle Wabenbau der Bienen'><svg version=\"1.1\" xmlns=\"http:\/\/www.w3.org\/2000\/svg\" width=\"25\" height=\"32\" viewBox=\"0 0 25 32\" preserveAspectRatio=\"xMidYMid meet\" aria-labelledby='av-svg-title-5' aria-describedby='av-svg-desc-5' role=\"graphics-symbol\" aria-hidden=\"true\">\n<title id='av-svg-title-5'>Open image in lightbox: Leerwabe - Der kunstvolle Wabenbau der Bienen<\/title>\n<desc id='av-svg-desc-5'>Open image in lightbox: Leerwabe - Der kunstvolle Wabenbau der Bienen<\/desc>\n<path d=\"M15.232 3.328h10.112v10.112l-3.2-3.968-4.672 4.864-3.2-3.2 4.864-4.672zM7.872 17.536l3.2 3.2-4.864 4.672 3.904 3.2h-10.112v-10.112l3.2 3.904z\"><\/path>\n<\/svg><\/a><\/div><div class=\"av-horizontal-gallery-wrap noHover\"><img decoding=\"async\" fetchpriority=\"high\" class='wp-image-4052 avia-img-lazy-loading-not-4052 av-horizontal-gallery-img' width=\"600\" height=\"350\" src=\"https:\/\/imker-aigen.at\/wp-content\/uploads\/2023\/06\/vs_elsbethen_600_350.jpeg\" title='Erkl\u00e4rung der Imkerwerkzeuge f\u00fcr die Honigernte' alt='' srcset=\"https:\/\/imker-aigen.at\/wp-content\/uploads\/2023\/06\/vs_elsbethen_600_350.jpeg 600w, https:\/\/imker-aigen.at\/wp-content\/uploads\/2023\/06\/vs_elsbethen_600_350-300x175.jpeg 300w\" sizes=\"(max-width: 600px) 100vw, 600px\" \/><a href=\"https:\/\/imker-aigen.at\/wp-content\/uploads\/2023\/06\/vs_elsbethen_600_350.jpeg\" data-srcset=\"https:\/\/imker-aigen.at\/wp-content\/uploads\/2023\/06\/vs_elsbethen_600_350.jpeg 600w, https:\/\/imker-aigen.at\/wp-content\/uploads\/2023\/06\/vs_elsbethen_600_350-300x175.jpeg 300w\" data-sizes=\"(max-width: 600px) 100vw, 600px\" class='av-horizontal-gallery-link avia-svg-icon avia-font-svg_entypo-fontello' data-av_svg_icon='resize-full' data-av_iconset='svg_entypo-fontello' title='Erkl\u00e4rung der Imkerwerkzeuge f\u00fcr die Honigernte' alt='' aria-label='Open image in lightbox: Erkl\u00e4rung der Imkerwerkzeuge f\u00fcr die Honigernte'><svg version=\"1.1\" xmlns=\"http:\/\/www.w3.org\/2000\/svg\" width=\"25\" height=\"32\" viewBox=\"0 0 25 32\" preserveAspectRatio=\"xMidYMid meet\" aria-labelledby='av-svg-title-6' aria-describedby='av-svg-desc-6' role=\"graphics-symbol\" aria-hidden=\"true\">\n<title id='av-svg-title-6'>Open image in lightbox: Erkl\u00e4rung der Imkerwerkzeuge f\u00fcr die Honigernte<\/title>\n<desc id='av-svg-desc-6'>Open image in lightbox: Erkl\u00e4rung der Imkerwerkzeuge f\u00fcr die Honigernte<\/desc>\n<path d=\"M15.232 3.328h10.112v10.112l-3.2-3.968-4.672 4.864-3.2-3.2 4.864-4.672zM7.872 17.536l3.2 3.2-4.864 4.672 3.904 3.2h-10.112v-10.112l3.2 3.904z\"><\/path>\n<\/svg><\/a><\/div><\/div><\/div><\/div><br \/>\n<section  class='av_textblock_section av-ljcmmpjq-d33e0ab5f57edce973dda2e843597371 '   itemscope=\"itemscope\" itemtype=\"https:\/\/schema.org\/BlogPosting\" itemprop=\"blogPost\" ><div class='avia_textblock'  itemprop=\"text\" ><p>Autorin\/Fotos: Elisabeth Karl<\/p>\n<p>Am Freitag, 23.6.23 besuchten die Burschen und M\u00e4dchen der Volksschulklasse meiner Enkeltochter Lena meine M\u00e4dels \u2013 sprich Bienen. Die Kinder hatten im Sachkundeunterricht schon sehr viel \u00fcber die Bienen gelernt und in kurzen Videos Interessantes \u00fcber die flei\u00dfigen Honigsammler gesehen. Und da es immer gut ist, alles auch \u201ein Natura\u201c zu sehen, wurde ein Besuch bei realen Bienen geplant und durchgef\u00fchrt. Die Kinder waren durch ihre Lehrerin gut gebrieft und wussten, wie man sich in der N\u00e4he des Bienenstocks verh\u00e4lt und sie wussten auch, dass Bienen, aber auch Wespen, im Normalfall nur dann stechen, wenn sie sich bedroht f\u00fchlen. Im Bienenstock leben Arbeiterinnen, Drohnen und die K\u00f6nigin und jede und jeder hat seine Aufgaben, auch das war den Kids schon bekannt.<\/p>\n<p>Da in meinem Garten nicht so viel Platz ist, trafen wir uns alle bei Lenas Eltern, meinem Sohn und seiner Frau, in unmittelbarer Nachbarschaft. Dort gibt es einen gro\u00dfen Garten und eine Terrasse mit viele Platz. Nach der Begr\u00fc\u00dfung zeigte ich den Kindern meine Imkerwerkzeuge, wie Stockmei\u00dfel, Besen, Smoker, meine T\u00fccher mit Nelken\u00f6lduft und meinen Imkerhut. Anschlie\u00dfend ging es in Kleingruppen mit je vier Sch\u00fclerInnen zu den M\u00e4dels. Auf meiner Terrasse waren gleich einmal einige der Sammlerinnen in Action zu sehen. Das Johanniskraut bl\u00fcht und da wurde flei\u00dfig Pollen gesammelt.<\/p>\n<p>Ich hatte f\u00fcr die Kids unterschiedliche Rahmen mit Mittelwand, ausgebaute Rahmen und eine Futterwabe vorbereitet, damit sie wissen, wie es in den St\u00f6cken aussieht. Bei einem Blick hinein konnten sie dann die Rahmen sehen und wie die M\u00e4dels sich darauf bewegen. Beim Beobachten des Fluglochs fiel den Kindern relativ schnell auf, dass die Bienen mit vollen Pollenh\u00f6schen zur\u00fcckkamen und durch das Flugloch in den Stock liefen. Sie bemerkten auch, dass die Pollen unterschiedliche Farben hatten.<\/p>\n<p>Und dann kamen die Fragen.<\/p>\n<p>Erst einmal zur K\u00f6nigin:<\/p>\n<p>\u201eHat jeder Stock eine eigene?\u201c<\/p>\n<p>\u201eKann sie auch fliegen?\u201c und dann ging\u00b4s weiter:<\/p>\n<p>\u201eWie viele Bienen leben in einem Stock?\u201c<\/p>\n<p>\u201eWas machen die Drohnen?\u201c<\/p>\n<p>\u201eWarum werden sie hinausgeworfen?\u201c<\/p>\n<p>\u201eK\u00f6nnen die Drohnen auch stechen?\u201c<\/p>\n<p>\u201eWie finden die Bienen den richtigen Eingang?\u201c<\/p>\n<p>\u201eErkennen sie die Farben wieder?\u201c<\/p>\n<p>\u201eWas machen die Bienen im Stock?\u201c und so weiter und so fort.<\/p>\n<p>Ich hatte heuer schon unterschiedliche Pollen von den Windeln gesammelt, weil mich die Farben faszinieren und dann hatte ich auch einen Drohn, der bereits dem Tode geweiht war, aufgesammelt und ein zweiter und ein paar M\u00e4dels vervollst\u00e4ndigten die Sammlung. Die Kinder konnten so die Arbeiterinnen und die Drohnen ohne Gefahr aus der N\u00e4he anschauen und sie auch vorsichtig angreifen.<\/p>\n<p>Vor dem s\u00fc\u00dfen Abschluss mit Honigbrot und Honiggummib\u00e4rli schloss sich der Kreis \u2013 ich zeigte den Kindern noch Entdecklungsgeschirr, Schleuder, Lagerungsk\u00fcbel und Abf\u00fcllgef\u00e4\u00df und erkl\u00e4rte ganz kurz deren Bedeutung.<\/p>\n<p>Und ich freu mich, wenn Emanuel gro\u00df ist \u2013 er wird dann n\u00e4mlich Imker.<\/p>\n<\/div><\/section><br \/>\n<div  class='av-social-sharing-box av-4yg4jy-5e3c94a4d1420869c19ba06325ad8a25 av-social-sharing-box-default  avia-builder-el-5  el_after_av_textblock  el_before_av_comments_list  av-social-sharing-box-fullwidth'><div class=\"av-share-box\"><h5 class='av-share-link-description av-no-toc '>Eintrag teilen<\/h5><ul class=\"av-share-box-list noLightbox\"><li class='av-share-link av-social-link-facebook avia_social_iconfont' ><a target=\"_blank\" aria-label=\"Teilen auf Facebook\" href='https:\/\/www.facebook.com\/sharer.php?u=https:\/\/imker-aigen.at\/index.php\/2023\/06\/26\/volksschule-trifft-bienenstock\/&#038;t=Volksschule%20trifft%20Bienenstock' data-av_icon='\ue8f3' data-av_iconfont='entypo-fontello'  title='' data-avia-related-tooltip='Teilen auf Facebook'><span class='avia_hidden_link_text'>Teilen auf Facebook<\/span><\/a><\/li><li class='av-share-link av-social-link-twitter avia_social_iconfont' ><a target=\"_blank\" aria-label=\"Teilen auf X\" href='https:\/\/twitter.com\/share?text=Volksschule%20trifft%20Bienenstock&#038;url=https:\/\/imker-aigen.at\/?p=4046' data-av_icon='\ue932' data-av_iconfont='entypo-fontello'  title='' data-avia-related-tooltip='Teilen auf X'><span class='avia_hidden_link_text'>Teilen auf X<\/span><\/a><\/li><li class='av-share-link av-social-link-whatsapp avia_social_iconfont' ><a target=\"_blank\" aria-label=\"Teilen auf WhatsApp\" href='https:\/\/api.whatsapp.com\/send?text=https:\/\/imker-aigen.at\/index.php\/2023\/06\/26\/volksschule-trifft-bienenstock\/' data-av_icon='\uf232' data-av_iconfont='entypo-fontello'  title='' data-avia-related-tooltip='Teilen auf WhatsApp'><span class='avia_hidden_link_text'>Teilen auf WhatsApp<\/span><\/a><\/li><li class='av-share-link av-social-link-pinterest avia_social_iconfont' ><a target=\"_blank\" aria-label=\"Teilen auf Pinterest\" href='https:\/\/pinterest.com\/pin\/create\/button\/?url=https%3A%2F%2Fimker-aigen.at%2Findex.php%2F2023%2F06%2F26%2Fvolksschule-trifft-bienenstock%2F&#038;description=Volksschule%20trifft%20Bienenstock&#038;media=https%3A%2F%2Fimker-aigen.at%2Fwp-content%2Fuploads%2F2023%2F06%2Fvs_elsbethen_600_350.jpeg' data-av_icon='\ue8f8' data-av_iconfont='entypo-fontello'  title='' data-avia-related-tooltip='Teilen auf Pinterest'><span class='avia_hidden_link_text'>Teilen auf Pinterest<\/span><\/a><\/li><li class='av-share-link av-social-link-linkedin avia_social_iconfont' ><a target=\"_blank\" aria-label=\"Teilen auf LinkedIn\" href='https:\/\/linkedin.com\/shareArticle?mini=true&#038;title=Volksschule%20trifft%20Bienenstock&#038;url=https:\/\/imker-aigen.at\/index.php\/2023\/06\/26\/volksschule-trifft-bienenstock\/' data-av_icon='\ue8fc' data-av_iconfont='entypo-fontello'  title='' data-avia-related-tooltip='Teilen auf LinkedIn'><span class='avia_hidden_link_text'>Teilen auf LinkedIn<\/span><\/a><\/li><li class='av-share-link av-social-link-reddit avia_social_iconfont' ><a target=\"_blank\" aria-label=\"Teilen auf Reddit\" href='https:\/\/reddit.com\/submit?url=https:\/\/imker-aigen.at\/index.php\/2023\/06\/26\/volksschule-trifft-bienenstock\/&#038;title=Volksschule%20trifft%20Bienenstock' data-av_icon='\ue927' data-av_iconfont='entypo-fontello'  title='' data-avia-related-tooltip='Teilen auf Reddit'><span class='avia_hidden_link_text'>Teilen auf Reddit<\/span><\/a><\/li><li class='av-share-link av-social-link-mail avia_social_iconfont' ><a  aria-label=\"Per E-Mail teilen\" href='mailto:?subject=Volksschule%20trifft%20Bienenstock&#038;body=https:\/\/imker-aigen.at\/index.php\/2023\/06\/26\/volksschule-trifft-bienenstock\/' data-av_icon='\ue805' data-av_iconfont='entypo-fontello'  title='' data-avia-related-tooltip='Per E-Mail teilen'><span class='avia_hidden_link_text'>Per E-Mail teilen<\/span><\/a><\/li><\/ul><\/div><\/div><br \/>\n<div  class='av-buildercomment av-24asam-26aa81efb08940b3ce70ad664e0806d9'><\/div><\/p><\/div>\n","protected":false},"excerpt":{"rendered":"","protected":false},"author":1,"featured_media":4052,"comment_status":"open","ping_status":"closed","sticky":false,"template":"","format":"standard","meta":{"footnotes":""},"categories":[1],"tags":[],"class_list":["post-4046","post","type-post","status-publish","format-standard","has-post-thumbnail","hentry","category-uncategorized"],"yoast_head":"<!-- This site is optimized with the Yoast SEO plugin v27.4 - https:\/\/yoast.com\/product\/yoast-seo-wordpress\/ -->\n<title>Volksschule trifft Bienenstock - Imker Ortsgruppe Salzburg Aigen<\/title>\n<meta name=\"description\" content=\"Die Volksschulklasse 1B der Volksschule Elsbethen zu Besuch bei den Bienen von unserem Vereinsmitglied Elisabeth Karl\" \/>\n<meta name=\"robots\" content=\"index, follow, max-snippet:-1, max-image-preview:large, max-video-preview:-1\" \/>\n<link rel=\"canonical\" href=\"https:\/\/imker-aigen.at\/index.php\/2023\/06\/26\/volksschule-trifft-bienenstock\/\" \/>\n<meta property=\"og:locale\" content=\"de_DE\" \/>\n<meta property=\"og:type\" content=\"article\" \/>\n<meta property=\"og:title\" content=\"Volksschule trifft Bienenstock - Imker Ortsgruppe Salzburg Aigen\" \/>\n<meta property=\"og:description\" content=\"Die Volksschulklasse 1B der Volksschule Elsbethen zu Besuch bei den Bienen von unserem Vereinsmitglied Elisabeth Karl\" \/>\n<meta property=\"og:url\" content=\"https:\/\/imker-aigen.at\/index.php\/2023\/06\/26\/volksschule-trifft-bienenstock\/\" \/>\n<meta property=\"og:site_name\" content=\"Imker Ortsgruppe Salzburg Aigen\" \/>\n<meta property=\"article:published_time\" content=\"2023-06-26T09:09:20+00:00\" \/>\n<meta property=\"article:modified_time\" content=\"2024-12-11T08:07:30+00:00\" \/>\n<meta property=\"og:image\" content=\"https:\/\/imker-aigen.at\/wp-content\/uploads\/2023\/06\/vs_elsbethen_600_350.jpeg\" \/>\n\t<meta property=\"og:image:width\" content=\"600\" \/>\n\t<meta property=\"og:image:height\" content=\"350\" \/>\n\t<meta property=\"og:image:type\" content=\"image\/jpeg\" \/>\n<meta name=\"author\" content=\"admin\" \/>\n<meta name=\"twitter:card\" content=\"summary_large_image\" \/>\n<meta name=\"twitter:label1\" content=\"Verfasst von\" \/>\n\t<meta name=\"twitter:data1\" content=\"admin\" \/>\n\t<meta name=\"twitter:label2\" content=\"Gesch\u00e4tzte Lesezeit\" \/>\n\t<meta name=\"twitter:data2\" content=\"5\u00a0Minuten\" \/>\n<script type=\"application\/ld+json\" class=\"yoast-schema-graph\">{\"@context\":\"https:\\\/\\\/schema.org\",\"@graph\":[{\"@type\":\"Article\",\"@id\":\"https:\\\/\\\/imker-aigen.at\\\/index.php\\\/2023\\\/06\\\/26\\\/volksschule-trifft-bienenstock\\\/#article\",\"isPartOf\":{\"@id\":\"https:\\\/\\\/imker-aigen.at\\\/index.php\\\/2023\\\/06\\\/26\\\/volksschule-trifft-bienenstock\\\/\"},\"author\":{\"name\":\"admin\",\"@id\":\"https:\\\/\\\/imker-aigen.at\\\/#\\\/schema\\\/person\\\/d7d0c3a8ef6f051d450781218ac83077\"},\"headline\":\"Volksschule trifft Bienenstock\",\"datePublished\":\"2023-06-26T09:09:20+00:00\",\"dateModified\":\"2024-12-11T08:07:30+00:00\",\"mainEntityOfPage\":{\"@id\":\"https:\\\/\\\/imker-aigen.at\\\/index.php\\\/2023\\\/06\\\/26\\\/volksschule-trifft-bienenstock\\\/\"},\"wordCount\":1329,\"commentCount\":1,\"publisher\":{\"@id\":\"https:\\\/\\\/imker-aigen.at\\\/#organization\"},\"image\":{\"@id\":\"https:\\\/\\\/imker-aigen.at\\\/index.php\\\/2023\\\/06\\\/26\\\/volksschule-trifft-bienenstock\\\/#primaryimage\"},\"thumbnailUrl\":\"https:\\\/\\\/imker-aigen.at\\\/wp-content\\\/uploads\\\/2023\\\/06\\\/vs_elsbethen_600_350.jpeg\",\"articleSection\":[\"Uncategorized\"],\"inLanguage\":\"de\",\"potentialAction\":[{\"@type\":\"CommentAction\",\"name\":\"Comment\",\"target\":[\"https:\\\/\\\/imker-aigen.at\\\/index.php\\\/2023\\\/06\\\/26\\\/volksschule-trifft-bienenstock\\\/#respond\"]}]},{\"@type\":\"WebPage\",\"@id\":\"https:\\\/\\\/imker-aigen.at\\\/index.php\\\/2023\\\/06\\\/26\\\/volksschule-trifft-bienenstock\\\/\",\"url\":\"https:\\\/\\\/imker-aigen.at\\\/index.php\\\/2023\\\/06\\\/26\\\/volksschule-trifft-bienenstock\\\/\",\"name\":\"Volksschule trifft Bienenstock - Imker Ortsgruppe Salzburg Aigen\",\"isPartOf\":{\"@id\":\"https:\\\/\\\/imker-aigen.at\\\/#website\"},\"primaryImageOfPage\":{\"@id\":\"https:\\\/\\\/imker-aigen.at\\\/index.php\\\/2023\\\/06\\\/26\\\/volksschule-trifft-bienenstock\\\/#primaryimage\"},\"image\":{\"@id\":\"https:\\\/\\\/imker-aigen.at\\\/index.php\\\/2023\\\/06\\\/26\\\/volksschule-trifft-bienenstock\\\/#primaryimage\"},\"thumbnailUrl\":\"https:\\\/\\\/imker-aigen.at\\\/wp-content\\\/uploads\\\/2023\\\/06\\\/vs_elsbethen_600_350.jpeg\",\"datePublished\":\"2023-06-26T09:09:20+00:00\",\"dateModified\":\"2024-12-11T08:07:30+00:00\",\"description\":\"Die Volksschulklasse 1B der Volksschule Elsbethen zu Besuch bei den Bienen von unserem Vereinsmitglied Elisabeth Karl\",\"breadcrumb\":{\"@id\":\"https:\\\/\\\/imker-aigen.at\\\/index.php\\\/2023\\\/06\\\/26\\\/volksschule-trifft-bienenstock\\\/#breadcrumb\"},\"inLanguage\":\"de\",\"potentialAction\":[{\"@type\":\"ReadAction\",\"target\":[\"https:\\\/\\\/imker-aigen.at\\\/index.php\\\/2023\\\/06\\\/26\\\/volksschule-trifft-bienenstock\\\/\"]}]},{\"@type\":\"ImageObject\",\"inLanguage\":\"de\",\"@id\":\"https:\\\/\\\/imker-aigen.at\\\/index.php\\\/2023\\\/06\\\/26\\\/volksschule-trifft-bienenstock\\\/#primaryimage\",\"url\":\"https:\\\/\\\/imker-aigen.at\\\/wp-content\\\/uploads\\\/2023\\\/06\\\/vs_elsbethen_600_350.jpeg\",\"contentUrl\":\"https:\\\/\\\/imker-aigen.at\\\/wp-content\\\/uploads\\\/2023\\\/06\\\/vs_elsbethen_600_350.jpeg\",\"width\":600,\"height\":350},{\"@type\":\"BreadcrumbList\",\"@id\":\"https:\\\/\\\/imker-aigen.at\\\/index.php\\\/2023\\\/06\\\/26\\\/volksschule-trifft-bienenstock\\\/#breadcrumb\",\"itemListElement\":[{\"@type\":\"ListItem\",\"position\":1,\"name\":\"Startseite\",\"item\":\"https:\\\/\\\/imker-aigen.at\\\/index.php\\\/home\\\/\"},{\"@type\":\"ListItem\",\"position\":2,\"name\":\"Volksschule trifft Bienenstock\"}]},{\"@type\":\"WebSite\",\"@id\":\"https:\\\/\\\/imker-aigen.at\\\/#website\",\"url\":\"https:\\\/\\\/imker-aigen.at\\\/\",\"name\":\"Imker Ortsgruppe Salzburg Aigen\",\"description\":\"Homepage der Imker-Ortsgruppe Salzburg Aigen\",\"publisher\":{\"@id\":\"https:\\\/\\\/imker-aigen.at\\\/#organization\"},\"potentialAction\":[{\"@type\":\"SearchAction\",\"target\":{\"@type\":\"EntryPoint\",\"urlTemplate\":\"https:\\\/\\\/imker-aigen.at\\\/?s={search_term_string}\"},\"query-input\":{\"@type\":\"PropertyValueSpecification\",\"valueRequired\":true,\"valueName\":\"search_term_string\"}}],\"inLanguage\":\"de\"},{\"@type\":\"Organization\",\"@id\":\"https:\\\/\\\/imker-aigen.at\\\/#organization\",\"name\":\"Imker Ortsgruppe Salzburg Aigen\",\"url\":\"https:\\\/\\\/imker-aigen.at\\\/\",\"logo\":{\"@type\":\"ImageObject\",\"inLanguage\":\"de\",\"@id\":\"https:\\\/\\\/imker-aigen.at\\\/#\\\/schema\\\/logo\\\/image\\\/\",\"url\":\"https:\\\/\\\/imker-aigen.at\\\/wp-content\\\/uploads\\\/2022\\\/08\\\/logo-1.png\",\"contentUrl\":\"https:\\\/\\\/imker-aigen.at\\\/wp-content\\\/uploads\\\/2022\\\/08\\\/logo-1.png\",\"width\":392,\"height\":156,\"caption\":\"Imker Ortsgruppe Salzburg Aigen\"},\"image\":{\"@id\":\"https:\\\/\\\/imker-aigen.at\\\/#\\\/schema\\\/logo\\\/image\\\/\"}},{\"@type\":\"Person\",\"@id\":\"https:\\\/\\\/imker-aigen.at\\\/#\\\/schema\\\/person\\\/d7d0c3a8ef6f051d450781218ac83077\",\"name\":\"admin\",\"image\":{\"@type\":\"ImageObject\",\"inLanguage\":\"de\",\"@id\":\"https:\\\/\\\/secure.gravatar.com\\\/avatar\\\/925a7e918efd3cfdae29be9c0018a3ae3275cd0444a6e166241172bb6e5243c7?s=96&d=mm&r=g\",\"url\":\"https:\\\/\\\/secure.gravatar.com\\\/avatar\\\/925a7e918efd3cfdae29be9c0018a3ae3275cd0444a6e166241172bb6e5243c7?s=96&d=mm&r=g\",\"contentUrl\":\"https:\\\/\\\/secure.gravatar.com\\\/avatar\\\/925a7e918efd3cfdae29be9c0018a3ae3275cd0444a6e166241172bb6e5243c7?s=96&d=mm&r=g\",\"caption\":\"admin\"},\"sameAs\":[\"https:\\\/\\\/imker-aigen.at\",\"linkedin.com\\\/in\\\/bernd-meierhofer-5919b62\"],\"url\":\"https:\\\/\\\/imker-aigen.at\\\/index.php\\\/author\\\/bmeierhofer\\\/\"}]}<\/script>\n<!-- \/ Yoast SEO plugin. -->","yoast_head_json":{"title":"Volksschule trifft Bienenstock - Imker Ortsgruppe Salzburg Aigen","description":"Die Volksschulklasse 1B der Volksschule Elsbethen zu Besuch bei den Bienen von unserem Vereinsmitglied Elisabeth Karl","robots":{"index":"index","follow":"follow","max-snippet":"max-snippet:-1","max-image-preview":"max-image-preview:large","max-video-preview":"max-video-preview:-1"},"canonical":"https:\/\/imker-aigen.at\/index.php\/2023\/06\/26\/volksschule-trifft-bienenstock\/","og_locale":"de_DE","og_type":"article","og_title":"Volksschule trifft Bienenstock - Imker Ortsgruppe Salzburg Aigen","og_description":"Die Volksschulklasse 1B der Volksschule Elsbethen zu Besuch bei den Bienen von unserem Vereinsmitglied Elisabeth Karl","og_url":"https:\/\/imker-aigen.at\/index.php\/2023\/06\/26\/volksschule-trifft-bienenstock\/","og_site_name":"Imker Ortsgruppe Salzburg Aigen","article_published_time":"2023-06-26T09:09:20+00:00","article_modified_time":"2024-12-11T08:07:30+00:00","og_image":[{"width":600,"height":350,"url":"https:\/\/imker-aigen.at\/wp-content\/uploads\/2023\/06\/vs_elsbethen_600_350.jpeg","type":"image\/jpeg"}],"author":"admin","twitter_card":"summary_large_image","twitter_misc":{"Verfasst von":"admin","Gesch\u00e4tzte Lesezeit":"5\u00a0Minuten"},"schema":{"@context":"https:\/\/schema.org","@graph":[{"@type":"Article","@id":"https:\/\/imker-aigen.at\/index.php\/2023\/06\/26\/volksschule-trifft-bienenstock\/#article","isPartOf":{"@id":"https:\/\/imker-aigen.at\/index.php\/2023\/06\/26\/volksschule-trifft-bienenstock\/"},"author":{"name":"admin","@id":"https:\/\/imker-aigen.at\/#\/schema\/person\/d7d0c3a8ef6f051d450781218ac83077"},"headline":"Volksschule trifft Bienenstock","datePublished":"2023-06-26T09:09:20+00:00","dateModified":"2024-12-11T08:07:30+00:00","mainEntityOfPage":{"@id":"https:\/\/imker-aigen.at\/index.php\/2023\/06\/26\/volksschule-trifft-bienenstock\/"},"wordCount":1329,"commentCount":1,"publisher":{"@id":"https:\/\/imker-aigen.at\/#organization"},"image":{"@id":"https:\/\/imker-aigen.at\/index.php\/2023\/06\/26\/volksschule-trifft-bienenstock\/#primaryimage"},"thumbnailUrl":"https:\/\/imker-aigen.at\/wp-content\/uploads\/2023\/06\/vs_elsbethen_600_350.jpeg","articleSection":["Uncategorized"],"inLanguage":"de","potentialAction":[{"@type":"CommentAction","name":"Comment","target":["https:\/\/imker-aigen.at\/index.php\/2023\/06\/26\/volksschule-trifft-bienenstock\/#respond"]}]},{"@type":"WebPage","@id":"https:\/\/imker-aigen.at\/index.php\/2023\/06\/26\/volksschule-trifft-bienenstock\/","url":"https:\/\/imker-aigen.at\/index.php\/2023\/06\/26\/volksschule-trifft-bienenstock\/","name":"Volksschule trifft Bienenstock - Imker Ortsgruppe Salzburg Aigen","isPartOf":{"@id":"https:\/\/imker-aigen.at\/#website"},"primaryImageOfPage":{"@id":"https:\/\/imker-aigen.at\/index.php\/2023\/06\/26\/volksschule-trifft-bienenstock\/#primaryimage"},"image":{"@id":"https:\/\/imker-aigen.at\/index.php\/2023\/06\/26\/volksschule-trifft-bienenstock\/#primaryimage"},"thumbnailUrl":"https:\/\/imker-aigen.at\/wp-content\/uploads\/2023\/06\/vs_elsbethen_600_350.jpeg","datePublished":"2023-06-26T09:09:20+00:00","dateModified":"2024-12-11T08:07:30+00:00","description":"Die Volksschulklasse 1B der Volksschule Elsbethen zu Besuch bei den Bienen von unserem Vereinsmitglied Elisabeth Karl","breadcrumb":{"@id":"https:\/\/imker-aigen.at\/index.php\/2023\/06\/26\/volksschule-trifft-bienenstock\/#breadcrumb"},"inLanguage":"de","potentialAction":[{"@type":"ReadAction","target":["https:\/\/imker-aigen.at\/index.php\/2023\/06\/26\/volksschule-trifft-bienenstock\/"]}]},{"@type":"ImageObject","inLanguage":"de","@id":"https:\/\/imker-aigen.at\/index.php\/2023\/06\/26\/volksschule-trifft-bienenstock\/#primaryimage","url":"https:\/\/imker-aigen.at\/wp-content\/uploads\/2023\/06\/vs_elsbethen_600_350.jpeg","contentUrl":"https:\/\/imker-aigen.at\/wp-content\/uploads\/2023\/06\/vs_elsbethen_600_350.jpeg","width":600,"height":350},{"@type":"BreadcrumbList","@id":"https:\/\/imker-aigen.at\/index.php\/2023\/06\/26\/volksschule-trifft-bienenstock\/#breadcrumb","itemListElement":[{"@type":"ListItem","position":1,"name":"Startseite","item":"https:\/\/imker-aigen.at\/index.php\/home\/"},{"@type":"ListItem","position":2,"name":"Volksschule trifft Bienenstock"}]},{"@type":"WebSite","@id":"https:\/\/imker-aigen.at\/#website","url":"https:\/\/imker-aigen.at\/","name":"Imker Ortsgruppe Salzburg Aigen","description":"Homepage der Imker-Ortsgruppe Salzburg Aigen","publisher":{"@id":"https:\/\/imker-aigen.at\/#organization"},"potentialAction":[{"@type":"SearchAction","target":{"@type":"EntryPoint","urlTemplate":"https:\/\/imker-aigen.at\/?s={search_term_string}"},"query-input":{"@type":"PropertyValueSpecification","valueRequired":true,"valueName":"search_term_string"}}],"inLanguage":"de"},{"@type":"Organization","@id":"https:\/\/imker-aigen.at\/#organization","name":"Imker Ortsgruppe Salzburg Aigen","url":"https:\/\/imker-aigen.at\/","logo":{"@type":"ImageObject","inLanguage":"de","@id":"https:\/\/imker-aigen.at\/#\/schema\/logo\/image\/","url":"https:\/\/imker-aigen.at\/wp-content\/uploads\/2022\/08\/logo-1.png","contentUrl":"https:\/\/imker-aigen.at\/wp-content\/uploads\/2022\/08\/logo-1.png","width":392,"height":156,"caption":"Imker Ortsgruppe Salzburg Aigen"},"image":{"@id":"https:\/\/imker-aigen.at\/#\/schema\/logo\/image\/"}},{"@type":"Person","@id":"https:\/\/imker-aigen.at\/#\/schema\/person\/d7d0c3a8ef6f051d450781218ac83077","name":"admin","image":{"@type":"ImageObject","inLanguage":"de","@id":"https:\/\/secure.gravatar.com\/avatar\/925a7e918efd3cfdae29be9c0018a3ae3275cd0444a6e166241172bb6e5243c7?s=96&d=mm&r=g","url":"https:\/\/secure.gravatar.com\/avatar\/925a7e918efd3cfdae29be9c0018a3ae3275cd0444a6e166241172bb6e5243c7?s=96&d=mm&r=g","contentUrl":"https:\/\/secure.gravatar.com\/avatar\/925a7e918efd3cfdae29be9c0018a3ae3275cd0444a6e166241172bb6e5243c7?s=96&d=mm&r=g","caption":"admin"},"sameAs":["https:\/\/imker-aigen.at","linkedin.com\/in\/bernd-meierhofer-5919b62"],"url":"https:\/\/imker-aigen.at\/index.php\/author\/bmeierhofer\/"}]}},"_links":{"self":[{"href":"https:\/\/imker-aigen.at\/index.php\/wp-json\/wp\/v2\/posts\/4046","targetHints":{"allow":["GET"]}}],"collection":[{"href":"https:\/\/imker-aigen.at\/index.php\/wp-json\/wp\/v2\/posts"}],"about":[{"href":"https:\/\/imker-aigen.at\/index.php\/wp-json\/wp\/v2\/types\/post"}],"author":[{"embeddable":true,"href":"https:\/\/imker-aigen.at\/index.php\/wp-json\/wp\/v2\/users\/1"}],"replies":[{"embeddable":true,"href":"https:\/\/imker-aigen.at\/index.php\/wp-json\/wp\/v2\/comments?post=4046"}],"version-history":[{"count":5,"href":"https:\/\/imker-aigen.at\/index.php\/wp-json\/wp\/v2\/posts\/4046\/revisions"}],"predecessor-version":[{"id":4056,"href":"https:\/\/imker-aigen.at\/index.php\/wp-json\/wp\/v2\/posts\/4046\/revisions\/4056"}],"wp:featuredmedia":[{"embeddable":true,"href":"https:\/\/imker-aigen.at\/index.php\/wp-json\/wp\/v2\/media\/4052"}],"wp:attachment":[{"href":"https:\/\/imker-aigen.at\/index.php\/wp-json\/wp\/v2\/media?parent=4046"}],"wp:term":[{"taxonomy":"category","embeddable":true,"href":"https:\/\/imker-aigen.at\/index.php\/wp-json\/wp\/v2\/categories?post=4046"},{"taxonomy":"post_tag","embeddable":true,"href":"https:\/\/imker-aigen.at\/index.php\/wp-json\/wp\/v2\/tags?post=4046"}],"curies":[{"name":"wp","href":"https:\/\/api.w.org\/{rel}","templated":true}]}}