{"id":4077,"date":"2023-07-03T20:26:57","date_gmt":"2023-07-03T18:26:57","guid":{"rendered":"https:\/\/imker-aigen.at\/?p=4077"},"modified":"2023-07-17T10:51:05","modified_gmt":"2023-07-17T08:51:05","slug":"koeniginnenmarkt-am-1-7-2023-beim-imkerhof-salzburg-vortrag-voelkervermehrung-und-koeniginnenzucht-von-dr-pia-aumeier-und-dr-gehard-liebig","status":"publish","type":"post","link":"https:\/\/imker-aigen.at\/index.php\/2023\/07\/03\/koeniginnenmarkt-am-1-7-2023-beim-imkerhof-salzburg-vortrag-voelkervermehrung-und-koeniginnenzucht-von-dr-pia-aumeier-und-dr-gehard-liebig\/","title":{"rendered":"K\u00f6niginnenmarkt am 1.7.2023 &#8211; Vortrag \u201eV\u00f6lkervermehrung und K\u00f6niginnenzucht\u201c von Dr. Pia Aumeier und Dr. Gehard Liebig"},"content":{"rendered":"<div  class='flex_column av-6duh8d-851b02b689a0d667bc2abe3703656320 av_one_full  avia-builder-el-0  avia-builder-el-no-sibling  first flex_column_div  '     ><p>\n<style type=\"text\/css\" data-created_by=\"avia_inline_auto\" id=\"style-css-av-ljn6zm0h-9581e83761441af1ba7986db1dadfea8\">\n#top .av-special-heading.av-ljn6zm0h-9581e83761441af1ba7986db1dadfea8{\npadding-bottom:10px;\n}\nbody .av-special-heading.av-ljn6zm0h-9581e83761441af1ba7986db1dadfea8 .av-special-heading-tag .heading-char{\nfont-size:25px;\n}\n.av-special-heading.av-ljn6zm0h-9581e83761441af1ba7986db1dadfea8 .av-subheading{\nfont-size:15px;\n}\n<\/style>\n<div  class='av-special-heading av-ljn6zm0h-9581e83761441af1ba7986db1dadfea8 av-special-heading-h1 blockquote modern-quote modern-centered  avia-builder-el-1  el_before_av_hr  avia-builder-el-first '><h1 class='av-special-heading-tag '  itemprop=\"headline\"  >K\u00f6niginnenmarkt am 1.7.2023<\/h1><div class='av-subheading av-subheading_below'><p>Vortrag \u201eV\u00f6lkervermehrung und K\u00f6niginnenzucht\u201c von Dr. Pia Aumeier und Dr. Gehard Liebig<\/p>\n<\/div><div class=\"special-heading-border\"><div class=\"special-heading-inner-border\"><\/div><\/div><\/div><br \/>\n\n<style type=\"text\/css\" data-created_by=\"avia_inline_auto\" id=\"style-css-av-ljn777xu-0f7a0d1bf36f18a3b728b9bf31f8fd0d\">\n#top .hr.av-ljn777xu-0f7a0d1bf36f18a3b728b9bf31f8fd0d{\nmargin-top:30px;\nmargin-bottom:30px;\n}\n.hr.av-ljn777xu-0f7a0d1bf36f18a3b728b9bf31f8fd0d .hr-inner{\nwidth:50px;\nmax-width:45%;\n}\n<\/style>\n<div  class='hr av-ljn777xu-0f7a0d1bf36f18a3b728b9bf31f8fd0d hr-custom  avia-builder-el-2  el_after_av_heading  el_before_av_horizontal_gallery  avia-builder-el-last  hr-center hr-icon-yes'><span class='hr-inner inner-border-av-border-thin'><span class=\"hr-inner-style\"><\/span><\/span><span class='av-seperator-icon avia-iconfont avia-font-entypo-fontello' data-av_icon='\ue8bf' data-av_iconfont='entypo-fontello' ><\/span><span class='hr-inner inner-border-av-border-thin'><span class=\"hr-inner-style\"><\/span><\/span><\/div><br \/>\n\n<style type=\"text\/css\" data-created_by=\"avia_inline_auto\" id=\"style-css-av-ljn8atq2-0540eeb6540de48d4c5841219af6545a\">\n.av-horizontal-gallery.av-ljn8atq2-0540eeb6540de48d4c5841219af6545a{\npadding:3.75% 0px;;\n}\n.av-horizontal-gallery.av-ljn8atq2-0540eeb6540de48d4c5841219af6545a .av-horizontal-gallery-inner{\npadding-bottom:25%;\n}\n<\/style>\n<div  class='av-horizontal-gallery av-ljn8atq2-0540eeb6540de48d4c5841219af6545a av-horizontal-gallery-large-gap av-horizontal-gallery-enlarge-effect  avia-builder-el-3  el_after_av_hr  el_before_av_textblock  av-slideshow-ui av-control-default av-slideshow-manual av-loop-once av-loop-manual-once av-horizontal-gallery-1' data-slideshow-data=\"{&quot;enlarge&quot;:1.3,&quot;animation&quot;:&quot;slide&quot;,&quot;autoplay&quot;:false,&quot;loop_autoplay&quot;:&quot;once&quot;,&quot;interval&quot;:5,&quot;loop_manual&quot;:&quot;manual-once&quot;,&quot;autoplay_stopper&quot;:false,&quot;noNavigation&quot;:false,&quot;bg_slider&quot;:false,&quot;keep_padding&quot;:&quot;&quot;,&quot;hoverpause&quot;:false,&quot;show_slide_delay&quot;:0}\"  itemprop=\"image\" itemscope=\"itemscope\" itemtype=\"https:\/\/schema.org\/ImageObject\" ><div class='avia-slideshow-arrows avia-slideshow-controls' ><a href='#prev' class='prev-slide av-horizontal-gallery-prev avia-svg-icon avia-font-svg_entypo-fontello' data-av_svg_icon='left-open-big' data-av_iconset='svg_entypo-fontello' tabindex='-1' title=\"Zur\u00fcck\"><svg version=\"1.1\" xmlns=\"http:\/\/www.w3.org\/2000\/svg\" width=\"15\" height=\"32\" viewBox=\"0 0 15 32\" preserveAspectRatio=\"xMidYMid meet\" aria-labelledby='av-svg-title-1' aria-describedby='av-svg-desc-1' role=\"graphics-symbol\" aria-hidden=\"true\">\n<title id='av-svg-title-1'>Zur\u00fcck<\/title>\n<desc id='av-svg-desc-1'>Zur\u00fcck<\/desc>\n<path d=\"M14.464 27.84q0.832 0.832 0 1.536-0.832 0.832-1.536 0l-12.544-12.608q-0.768-0.768 0-1.6l12.544-12.608q0.704-0.832 1.536 0 0.832 0.704 0 1.536l-11.456 11.904z\"><\/path>\n<\/svg><span class='avia_hidden_link_text'>Zur\u00fcck<\/span><\/a><a href='#next' class='next-slide av-horizontal-gallery-next avia-svg-icon avia-font-svg_entypo-fontello' data-av_svg_icon='right-open-big' data-av_iconset='svg_entypo-fontello' tabindex='-1' title=\"Weiter\"><svg version=\"1.1\" xmlns=\"http:\/\/www.w3.org\/2000\/svg\" width=\"15\" height=\"32\" viewBox=\"0 0 15 32\" preserveAspectRatio=\"xMidYMid meet\" aria-labelledby='av-svg-title-2' aria-describedby='av-svg-desc-2' role=\"graphics-symbol\" aria-hidden=\"true\">\n<title id='av-svg-title-2'>Weiter<\/title>\n<desc id='av-svg-desc-2'>Weiter<\/desc>\n<path d=\"M0.416 27.84l11.456-11.84-11.456-11.904q-0.832-0.832 0-1.536 0.832-0.832 1.536 0l12.544 12.608q0.768 0.832 0 1.6l-12.544 12.608q-0.704 0.832-1.536 0-0.832-0.704 0-1.536z\"><\/path>\n<\/svg><span class='avia_hidden_link_text'>Weiter<\/span><\/a><\/div><div class='avia-slideshow-dots avia-slideshow-controls av-horizontal-gallery-dots fade-in'><a href='#1' class='goto-slide active' >1<\/a><a href='#2' class='goto-slide ' >2<\/a><a href='#3' class='goto-slide ' >3<\/a><a href='#4' class='goto-slide ' >4<\/a><\/div><div class='av-horizontal-gallery-inner' data-av-height='25'><div class=\"av-horizontal-gallery-slider\"><div class=\"av-horizontal-gallery-wrap noHover\"><img decoding=\"async\" fetchpriority=\"high\" class='wp-image-4085 avia-img-lazy-loading-not-4085 av-horizontal-gallery-img' width=\"1024\" height=\"768\" src=\"https:\/\/imker-aigen.at\/wp-content\/uploads\/2023\/07\/aumeier4_1024_768.jpg\" title='Live von Pias Bienenstand - diesmal in Salzburg' alt='' srcset=\"https:\/\/imker-aigen.at\/wp-content\/uploads\/2023\/07\/aumeier4_1024_768.jpg 1024w, https:\/\/imker-aigen.at\/wp-content\/uploads\/2023\/07\/aumeier4_1024_768-300x225.jpg 300w, https:\/\/imker-aigen.at\/wp-content\/uploads\/2023\/07\/aumeier4_1024_768-768x576.jpg 768w, https:\/\/imker-aigen.at\/wp-content\/uploads\/2023\/07\/aumeier4_1024_768-705x529.jpg 705w\" sizes=\"(max-width: 1024px) 100vw, 1024px\" \/><a href=\"https:\/\/imker-aigen.at\/wp-content\/uploads\/2023\/07\/aumeier4_1024_768.jpg\" data-srcset=\"https:\/\/imker-aigen.at\/wp-content\/uploads\/2023\/07\/aumeier4_1024_768.jpg 1024w, https:\/\/imker-aigen.at\/wp-content\/uploads\/2023\/07\/aumeier4_1024_768-300x225.jpg 300w, https:\/\/imker-aigen.at\/wp-content\/uploads\/2023\/07\/aumeier4_1024_768-768x576.jpg 768w, https:\/\/imker-aigen.at\/wp-content\/uploads\/2023\/07\/aumeier4_1024_768-705x529.jpg 705w\" data-sizes=\"(max-width: 1024px) 100vw, 1024px\" class='av-horizontal-gallery-link avia-svg-icon avia-font-svg_entypo-fontello' data-av_svg_icon='resize-full' data-av_iconset='svg_entypo-fontello' title='Live von Pias Bienenstand - diesmal in Salzburg' alt='' aria-label='Open image in lightbox: Live von Pias Bienenstand - diesmal in Salzburg'><svg version=\"1.1\" xmlns=\"http:\/\/www.w3.org\/2000\/svg\" width=\"25\" height=\"32\" viewBox=\"0 0 25 32\" preserveAspectRatio=\"xMidYMid meet\" aria-labelledby='av-svg-title-3' aria-describedby='av-svg-desc-3' role=\"graphics-symbol\" aria-hidden=\"true\">\n<title id='av-svg-title-3'>Open image in lightbox: Live von Pias Bienenstand - diesmal in Salzburg<\/title>\n<desc id='av-svg-desc-3'>Open image in lightbox: Live von Pias Bienenstand - diesmal in Salzburg<\/desc>\n<path d=\"M15.232 3.328h10.112v10.112l-3.2-3.968-4.672 4.864-3.2-3.2 4.864-4.672zM7.872 17.536l3.2 3.2-4.864 4.672 3.904 3.2h-10.112v-10.112l3.2 3.904z\"><\/path>\n<\/svg><\/a><\/div><div class=\"av-horizontal-gallery-wrap noHover\"><img decoding=\"async\" fetchpriority=\"high\" class='wp-image-4084 avia-img-lazy-loading-not-4084 av-horizontal-gallery-img' width=\"768\" height=\"1024\" src=\"https:\/\/imker-aigen.at\/wp-content\/uploads\/2023\/07\/aumeier3_1024_768.jpg\" title='Ein schwach gebildetes Ablegervolk' alt='' srcset=\"https:\/\/imker-aigen.at\/wp-content\/uploads\/2023\/07\/aumeier3_1024_768.jpg 768w, https:\/\/imker-aigen.at\/wp-content\/uploads\/2023\/07\/aumeier3_1024_768-225x300.jpg 225w, https:\/\/imker-aigen.at\/wp-content\/uploads\/2023\/07\/aumeier3_1024_768-529x705.jpg 529w\" sizes=\"(max-width: 768px) 100vw, 768px\" \/><a href=\"https:\/\/imker-aigen.at\/wp-content\/uploads\/2023\/07\/aumeier3_1024_768.jpg\" data-srcset=\"https:\/\/imker-aigen.at\/wp-content\/uploads\/2023\/07\/aumeier3_1024_768.jpg 768w, https:\/\/imker-aigen.at\/wp-content\/uploads\/2023\/07\/aumeier3_1024_768-225x300.jpg 225w, https:\/\/imker-aigen.at\/wp-content\/uploads\/2023\/07\/aumeier3_1024_768-529x705.jpg 529w\" data-sizes=\"(max-width: 768px) 100vw, 768px\" class='av-horizontal-gallery-link avia-svg-icon avia-font-svg_entypo-fontello' data-av_svg_icon='resize-full' data-av_iconset='svg_entypo-fontello' title='Ein schwach gebildetes Ablegervolk' alt='' aria-label='Open image in lightbox: Ein schwach gebildetes Ablegervolk'><svg version=\"1.1\" xmlns=\"http:\/\/www.w3.org\/2000\/svg\" width=\"25\" height=\"32\" viewBox=\"0 0 25 32\" preserveAspectRatio=\"xMidYMid meet\" aria-labelledby='av-svg-title-4' aria-describedby='av-svg-desc-4' role=\"graphics-symbol\" aria-hidden=\"true\">\n<title id='av-svg-title-4'>Open image in lightbox: Ein schwach gebildetes Ablegervolk<\/title>\n<desc id='av-svg-desc-4'>Open image in lightbox: Ein schwach gebildetes Ablegervolk<\/desc>\n<path d=\"M15.232 3.328h10.112v10.112l-3.2-3.968-4.672 4.864-3.2-3.2 4.864-4.672zM7.872 17.536l3.2 3.2-4.864 4.672 3.904 3.2h-10.112v-10.112l3.2 3.904z\"><\/path>\n<\/svg><\/a><\/div><div class=\"av-horizontal-gallery-wrap noHover\"><img decoding=\"async\" fetchpriority=\"high\" class='wp-image-4083 avia-img-lazy-loading-not-4083 av-horizontal-gallery-img' width=\"768\" height=\"1024\" src=\"https:\/\/imker-aigen.at\/wp-content\/uploads\/2023\/07\/aumeier2_1024_768.jpg\" title='Frau Dr. Aumeier in action' alt='' srcset=\"https:\/\/imker-aigen.at\/wp-content\/uploads\/2023\/07\/aumeier2_1024_768.jpg 768w, https:\/\/imker-aigen.at\/wp-content\/uploads\/2023\/07\/aumeier2_1024_768-225x300.jpg 225w, https:\/\/imker-aigen.at\/wp-content\/uploads\/2023\/07\/aumeier2_1024_768-529x705.jpg 529w\" sizes=\"(max-width: 768px) 100vw, 768px\" \/><a href=\"https:\/\/imker-aigen.at\/wp-content\/uploads\/2023\/07\/aumeier2_1024_768.jpg\" data-srcset=\"https:\/\/imker-aigen.at\/wp-content\/uploads\/2023\/07\/aumeier2_1024_768.jpg 768w, https:\/\/imker-aigen.at\/wp-content\/uploads\/2023\/07\/aumeier2_1024_768-225x300.jpg 225w, https:\/\/imker-aigen.at\/wp-content\/uploads\/2023\/07\/aumeier2_1024_768-529x705.jpg 529w\" data-sizes=\"(max-width: 768px) 100vw, 768px\" class='av-horizontal-gallery-link avia-svg-icon avia-font-svg_entypo-fontello' data-av_svg_icon='resize-full' data-av_iconset='svg_entypo-fontello' title='Frau Dr. Aumeier in action' alt='' aria-label='Open image in lightbox: Frau Dr. Aumeier in action'><svg version=\"1.1\" xmlns=\"http:\/\/www.w3.org\/2000\/svg\" width=\"25\" height=\"32\" viewBox=\"0 0 25 32\" preserveAspectRatio=\"xMidYMid meet\" aria-labelledby='av-svg-title-5' aria-describedby='av-svg-desc-5' role=\"graphics-symbol\" aria-hidden=\"true\">\n<title id='av-svg-title-5'>Open image in lightbox: Frau Dr. Aumeier in action<\/title>\n<desc id='av-svg-desc-5'>Open image in lightbox: Frau Dr. Aumeier in action<\/desc>\n<path d=\"M15.232 3.328h10.112v10.112l-3.2-3.968-4.672 4.864-3.2-3.2 4.864-4.672zM7.872 17.536l3.2 3.2-4.864 4.672 3.904 3.2h-10.112v-10.112l3.2 3.904z\"><\/path>\n<\/svg><\/a><\/div><div class=\"av-horizontal-gallery-wrap noHover\"><img decoding=\"async\" fetchpriority=\"high\" class='wp-image-4082 avia-img-lazy-loading-not-4082 av-horizontal-gallery-img' width=\"768\" height=\"1024\" src=\"https:\/\/imker-aigen.at\/wp-content\/uploads\/2023\/07\/aumeier1_1024_768.jpg\" title='Frau Dr. Aumeier in action' alt='' srcset=\"https:\/\/imker-aigen.at\/wp-content\/uploads\/2023\/07\/aumeier1_1024_768.jpg 768w, https:\/\/imker-aigen.at\/wp-content\/uploads\/2023\/07\/aumeier1_1024_768-225x300.jpg 225w, https:\/\/imker-aigen.at\/wp-content\/uploads\/2023\/07\/aumeier1_1024_768-529x705.jpg 529w\" sizes=\"(max-width: 768px) 100vw, 768px\" \/><a href=\"https:\/\/imker-aigen.at\/wp-content\/uploads\/2023\/07\/aumeier1_1024_768.jpg\" data-srcset=\"https:\/\/imker-aigen.at\/wp-content\/uploads\/2023\/07\/aumeier1_1024_768.jpg 768w, https:\/\/imker-aigen.at\/wp-content\/uploads\/2023\/07\/aumeier1_1024_768-225x300.jpg 225w, https:\/\/imker-aigen.at\/wp-content\/uploads\/2023\/07\/aumeier1_1024_768-529x705.jpg 529w\" data-sizes=\"(max-width: 768px) 100vw, 768px\" class='av-horizontal-gallery-link avia-svg-icon avia-font-svg_entypo-fontello' data-av_svg_icon='resize-full' data-av_iconset='svg_entypo-fontello' title='Frau Dr. Aumeier in action' alt='' aria-label='Open image in lightbox: Frau Dr. Aumeier in action'><svg version=\"1.1\" xmlns=\"http:\/\/www.w3.org\/2000\/svg\" width=\"25\" height=\"32\" viewBox=\"0 0 25 32\" preserveAspectRatio=\"xMidYMid meet\" aria-labelledby='av-svg-title-6' aria-describedby='av-svg-desc-6' role=\"graphics-symbol\" aria-hidden=\"true\">\n<title id='av-svg-title-6'>Open image in lightbox: Frau Dr. Aumeier in action<\/title>\n<desc id='av-svg-desc-6'>Open image in lightbox: Frau Dr. Aumeier in action<\/desc>\n<path d=\"M15.232 3.328h10.112v10.112l-3.2-3.968-4.672 4.864-3.2-3.2 4.864-4.672zM7.872 17.536l3.2 3.2-4.864 4.672 3.904 3.2h-10.112v-10.112l3.2 3.904z\"><\/path>\n<\/svg><\/a><\/div><\/div><\/div><\/div><br \/>\n<section  class='av_textblock_section av-ljn70gwy-86226a88921d97fb548c24997ff9633b '   itemscope=\"itemscope\" itemtype=\"https:\/\/schema.org\/BlogPosting\" itemprop=\"blogPost\" ><div class='avia_textblock'  itemprop=\"text\" ><p>Autor: Bernd Meierhofer<\/p>\n<p>Da der Vortrag <a href=\"https:\/\/imker-aigen.at\/index.php\/2022\/12\/11\/vortrag-einfach-imkern-von-dr-pia-aumeier-und-dr-gehard-liebig-am-10-12-2022-im-imkerhof-salzburg\/\">\u201eEinfach Imkern\u201c von Frau Dr. Aumeier und Hrn. Dr. Liebig im Dezember 2022<\/a> ein gro\u00dfer Erfolg war, wurden die beiden Wissenschaftler und Imker-Experten auch dieses Jahr vom Gesch\u00e4ftsf\u00fchrer des <a href=\"https:\/\/www.imkerhof-salzburg.at\/\">Salzburger Imkerhofs<\/a>, Thomas Renner, zum j\u00e4hrlichen K\u00f6niginnenmarkt eingeladen. Diesmal ging es im Vortrag von Frau Aumeier um das Thema \u201eV\u00f6lkervermehrung und K\u00f6niginnenzucht\u201c. Wie bei Vortr\u00e4gen von Frau Aumeier so \u00fcblich, war auch diese Veranstaltung restlos ausgebucht. \u00a0Um auch wirklich das Arbeiten an den Bienenv\u00f6lkern demonstrieren zu k\u00f6nnen, sind Fr. Dr. Aumeier und Hr. Dr. Liebig diesmal sogar mit ihren eigenen Bienen angereist (nat\u00fcrlich mit internationalem Gesundheitszeugnis). Wenn man sich die Fahrtstrecke von Bochum nach Salzburg ansieht, geb\u00fchrt Fr. Dr. Aumeier und Hr. Dr. Liebig allein schon von den Strapazen die sie sich hier auferlegen, h\u00f6chste Anerkennung und Respekt.<\/p>\n<p>Gleich zu Beginn des Vortrags wurde ein kleiner Handzettel verteilt, welcher Auskunft \u00fcber weitere Informationsquellen gab:<\/p>\n<ul>\n<li><a href=\"http:\/\/www.piaaumeier.de\">piaaumeier.de<\/a><br \/>\nDies ist die Dropbox von Frau Aumeier, wo viele Informationen kostenfrei abgelegt sind<\/li>\n<li>Auf YouTube gibt es die Video-Reihe \u201eLive von Pias Bienenstand\u201c<\/li>\n<li>Liebig stellt viele Informationen (z.B.: Kursank\u00fcndigungen) \u00fcber seine Homepage <a href=\"http:\/\/www.immelieb.de\">www.immelieb.de<\/a> bereit.<\/li>\n<li>Der \u201eInfobrief des LAVES-Instituts in Celle dient Imkerinnen und Imkern \u2013 egal ob Neuling oder \u201ealter Hase\u201c als Quelle f\u00fcr sachkundige Informationen rund um Bienen und Honig.<\/li>\n<li>Die Referenten selbst sind \u00fcber die Mailadressen <a href=\"mailto:info@piaaumeier.de\">info@piaaumeier.de<\/a> und <a href=\"mailto:immelieb@t-online.de\">immelieb@t-online.de<\/a><\/li>\n<\/ul>\n<p>Frau Dr. Aumeier verteilte auch die Visitenkarten eines Imkers mit Erfindergeist, Hrn. <a href=\"http:\/\/www.imkerhilfen.de\">Heinrich Niemeier<\/a>, welcher bereits zahlreiche praktische Hilfsmittel f\u00fcr die Imkerei (Wabenwender, Beutentragehilfe, Zargenhebeger\u00e4t etc.) erfunden hat.<\/p>\n<p>Falls die Honigr\u00e4ume zu schwer sind, empfiehlt Fr. Aumeier vertikale Halbzargen. Frau Aumeier hat ein einheitliches R\u00e4hmchenma\u00df f\u00fcr Brut- und Honigr\u00e4ume. Die vertikalen Halbzargen k\u00f6nnen gleich f\u00fcr die Bildung von Jungv\u00f6lkern verwendet werden.<\/p>\n<p>F\u00fcr die Honigernte wird eine Entdeckelung mit Hei\u00dfluftf\u00f6hn und der Wabenwender von Hrn. Niemeier empfohlen. Da beim Entdeckeln mit Hei\u00dfluft das Entdeckelungswachs auf den Waben bleibt, bilden die Bienen mit diesen \u00fcbersch\u00fcssigen Wachsklumpen dann beim Ausschlecken der R\u00e4hmchen leer verdeckelte Zellen. Dies ist aber nicht weiter problematisch.<\/p>\n<p>Eine Zucht mit Starter, Finisher, Belegstellen, Anbr\u00fcter etc. ist f\u00fcr Frau Aumeier zu kompliziert und zu aufw\u00e4ndig. Hobbyimker und Anf\u00e4nger sollten sich das Leben nicht unn\u00f6tig schwer machen. Frau Dr. Aumeier empfiehlt, dass die starken V\u00f6lker regelm\u00e4\u00dfig geschr\u00f6pft (alle 2-3 Wochen) und daraus schwache Ableger gebildet werden sollten (siehe Artikel <a href=\"https:\/\/imker-aigen.at\/wp-content\/uploads\/2023\/07\/Ein-Volk-aus-einer-Wabe.pdf\">\u201eEin Volk aus einer Wabe\u201c<\/a>, welchen Fr. Dr. Aumeier f\u00fcr die Schweizerische Bienen Zeitung Ausgabe 05\/2021 verfasst hat). Fr. Aumeier best\u00e4tigt aber, dass die Zucht zum Erhalt der heimischen Bienenrassen sehr wohl notwendig ist. In \u00d6sterreich gibt es bzgl. der Bienenrassen Vorgaben durch die Bienenwirtschaftsgesetze der einzelnen Bundesl\u00e4nder.\u00a0 Au\u00dferdem ist die Erhaltung der biologischen Vielfalt \u2013 keine gebietsfremden Arten \u2013 auch eine klare Forderung der EU-Biodiversit\u00e4tsstrategie f\u00fcr 2030. Kein Imker braucht bei uns fremde bzw. importierte Bienen und Bienenv\u00f6lker. Dies wird auch durch eine Untersuchung von Fr. Aumeier best\u00e4tigt, welche lokal angepasste Wald-Wiesenmischungen mit importierten Zuchtlinien verglichen hat. Das Ergebnis war, dass die lokal angepassten Wald-Wiesenmischungen besser als die importierten Zuchtlinien abgeschnitten haben. Fr. Dr. Aumeier machte auch auf einen Vergleich der Bienenrassen aufmerksam, welcher von den Bieneninstituten Erlange, Kirchhain und Hohenheim durchgef\u00fchrt wurde. Dieser Vergleich ergab, dass Zuchtmerkmale wie Volksst\u00e4rke, Schwarmtr\u00e4gheit, Honigertrag und Sanftmut nicht von der Bienenrasse abh\u00e4ngig sind.\u00a0 Buckfast- und Carnica-Bienen haben in den verschiedenen Versuchsjahren abwechseln unterschiedlich oder gleich abgeschnitten.<\/p>\n<p>Die Untersuchungen von Fr. Dr. Aumeier zeigen, dass die schwach gebildeten Ableger sich rasch zu starken V\u00f6lkern entwickeln und im Herbst eigentlich die gleiche Gr\u00f6\u00dfe wie stark gebildete V\u00f6lker erreichen. Diese stark gebildeten V\u00f6lker haben aber dreimal so viele Varroamilben.<\/p>\n<p>Bei der Bienenzucht wird von Frau Aumeier und Hr. Liebig selektiert nach:<\/p>\n<ul>\n<li>Sanftmut<\/li>\n<li>Sanftmut<\/li>\n<li>Sanftmut<\/li>\n<li>\u2026<\/li>\n<\/ul>\n<p>Die einfachste Vermehrung von V\u00f6lkern ist sicherlich die Bildung von Brutwabenablegern. Daf\u00fcr muss nur ein Ableger mit 1-2 Brutwaben mit j\u00fcngsten Larven und ansitzenden Bienen (ohne K\u00f6nigin) gebildet werden. Einfach dem Ableger noch etwas Futter geben und diesen au\u00dferhalb des Flugradius aufstellen. Nach 28 Tagen sollte dann das Jungvolk fertig sein. Das Volk sollte bereits eine neue K\u00f6nigin gezogen haben, welche bereits Eier legt. Die Arbeiterinnenbrut ist bereits geschl\u00fcpft. Mit diesem Verfahren k\u00f6nnen bis zu 3 Ableger pro Volk erstellt werden.<\/p>\n<p>Will man viele V\u00f6lker vermehren, eignet sich das Verfahren \u201eSammelbrutableger mit integrierter K\u00f6niginnenaufzucht\u201c. Daf\u00fcr wird ein Sammelbrutableger mit 9 Brutwaben mit j\u00fcngsten Larven und ansitzenden Bienen (ohne K\u00f6nigin) gebildet. Nach 9 Tagen m\u00fcssen die Nachschaffungszellen (Achtung: es m\u00fcssen auch versteckte Nachschaffungszellen gefunden und ausgebrochen werden) ausgebrochen und ein Zuchtrahmen eingesetzt werden. Weitere 9 Tage sp\u00e4ter k\u00f6nnen dann die Zellen am Zuchtrahmen verschult werden. Weitere 3 Tage sp\u00e4ter sind die Jungk\u00f6niginnen geschl\u00fcpft und es k\u00f6nnen damit neue Ableger gebildet werden. Nach weiteren 9 Tagen sollten die Jungk\u00f6niginnen bereits in Eilage sein. F\u00fcr Erkl\u00e4rungen zum richtigen Umlarven verweist Fr. Dr. Aumeier auf die Lehrvideos von Imker Simon Hummel (<a href=\"https:\/\/www.youtube.com\/user\/simonhummel\">YouTube-Kanal Simon Hummel<\/a>), welcher leider 2017 viel zu fr\u00fch verstorben ist.<\/p>\n<p>Laut ihren Untersuchungen ist es den Bienen egal, ob die Nicot-N\u00e4pfchen oder selbst hergestellte Wachsn\u00e4pfchen verwendet werden. Beim Verschulen werden immer drei Begleitbienen zu den Weiselzellen hinzugef\u00fcgt. Diese Begleitbienen helfen der K\u00f6nigin aus der Weiselzelle, falls diese wieder in die Weiselzelle krabbelt um den Gelee-Royal-Rest zu fressen und nicht mehr herauskommen sollte (ironischer Kommentar von Frau Dr. Aumeier: \u201eFrauen sind schlecht beim r\u00fcckw\u00e4rts ausparken\u201c).<\/p>\n<p>Nach einer kurzen Pause ging es dann am Vorplatz des Imkerhofs mit einem Praxisteil weiter. Fr. Dr. Aumeier zeigte uns, wie sich die von ihr schwach gebildeten Ableger bereits entwickelt haben. Weiters zeigte sie, wie einfach mit mehreren Ablegern, dank eines 4er-Bodens, hantiert werden kann.<\/p>\n<p>Mit dem Vortrag von Frau Dr. Aumeier und Hrn. Dr. Liebig (inkl. \u201eLive von Pias Bienenstand\u201c dank der mitgebrachten Bienenv\u00f6lker), dem Rahmenprogramm (Tombola), dem erstklassigen Essen vom Knockstone Barbecue Team Austria, dem Direkt-Verkauf von Bienenk\u00f6niginnen unserer heimischen Bienenrassen durch unsere \u00f6rtlichen Z\u00fcchter (viele Z\u00fcchter von der <a href=\"https:\/\/carnica-zuchtgruppe-salzburg.at\/\">Carnica Zuchtgruppe Salzburg<\/a>) und dem netten und charmanten Service der Imkerhof-Mitarbeiterinnen und Mitarbeitern ist dem Imkerhof-Team wieder eine tolle Veranstaltung gelungen. Es war sch\u00f6n zu sehen, dass nach dem Vortrag noch ein reger Informationsaustausch zwischen den beiden Wissenschaftlern Frau Dr. Aumeier und Hrn. Dr. Liebig und den Imkern in geselliger Atmosph\u00e4re stattgefunden hat. Die beiden sind Wissenschaftler zum Anfassen und \u00fcberzeugen nicht nur durch ihr Fachwissen, sondern auch durch ihre menschliche Seite.<\/p>\n<p>Danke an Frau Dr. Aumeier, Danke an Herrn Dr. Liebig und Danke an Thomas Renner und das Imkerhof-Team f\u00fcr diesen tollen Event! Auch wenn sie immer nur kurz in Salzburg sind, hoffe ich, dass es Frau Dr. Aumeier und Hrn. Dr. Liebig bei uns gef\u00e4llt und wir noch viele weitere Vortr\u00e4ge und Besuche erwarten d\u00fcrfen. \u00a0Auch wenn Salzburg f\u00fcr Bochumer nicht direkt um die Ecke liegt.<\/p>\n<\/div><\/section><br \/>\n<div  class='av-social-sharing-box av-4vxoel-a588848c7a03d71da1784e60afbd6a81 av-social-sharing-box-default  avia-builder-el-5  el_after_av_textblock  el_before_av_comments_list  av-social-sharing-box-fullwidth'><div class=\"av-share-box\"><h5 class='av-share-link-description av-no-toc '>Eintrag teilen<\/h5><ul class=\"av-share-box-list noLightbox\"><li class='av-share-link av-social-link-facebook avia_social_iconfont' ><a target=\"_blank\" aria-label=\"Teilen auf Facebook\" href='https:\/\/www.facebook.com\/sharer.php?u=https:\/\/imker-aigen.at\/index.php\/2023\/07\/03\/koeniginnenmarkt-am-1-7-2023-beim-imkerhof-salzburg-vortrag-voelkervermehrung-und-koeniginnenzucht-von-dr-pia-aumeier-und-dr-gehard-liebig\/&#038;t=K%C3%B6niginnenmarkt%20am%201.7.2023%20%E2%80%93%20Vortrag%20%E2%80%9EV%C3%B6lkervermehrung%20und%20K%C3%B6niginnenzucht%E2%80%9C%20von%20Dr.%20Pia%20Aumeier%20und%20Dr.%20Gehard%20Liebig' data-av_icon='\ue8f3' data-av_iconfont='entypo-fontello'  title='' data-avia-related-tooltip='Teilen auf Facebook'><span class='avia_hidden_link_text'>Teilen auf Facebook<\/span><\/a><\/li><li class='av-share-link av-social-link-twitter avia_social_iconfont' ><a target=\"_blank\" aria-label=\"Teilen auf X\" href='https:\/\/twitter.com\/share?text=K%C3%B6niginnenmarkt%20am%201.7.2023%20%E2%80%93%20Vortrag%20%E2%80%9EV%C3%B6lkervermehrung%20und%20K%C3%B6niginnenzucht%E2%80%9C%20von%20Dr.%20Pia%20Aumeier%20und%20Dr.%20Gehard%20Liebig&#038;url=https:\/\/imker-aigen.at\/?p=4077' data-av_icon='\ue932' data-av_iconfont='entypo-fontello'  title='' data-avia-related-tooltip='Teilen auf X'><span class='avia_hidden_link_text'>Teilen auf X<\/span><\/a><\/li><li class='av-share-link av-social-link-whatsapp avia_social_iconfont' ><a target=\"_blank\" aria-label=\"Teilen auf WhatsApp\" href='https:\/\/api.whatsapp.com\/send?text=https:\/\/imker-aigen.at\/index.php\/2023\/07\/03\/koeniginnenmarkt-am-1-7-2023-beim-imkerhof-salzburg-vortrag-voelkervermehrung-und-koeniginnenzucht-von-dr-pia-aumeier-und-dr-gehard-liebig\/' data-av_icon='\uf232' data-av_iconfont='entypo-fontello'  title='' data-avia-related-tooltip='Teilen auf WhatsApp'><span class='avia_hidden_link_text'>Teilen auf WhatsApp<\/span><\/a><\/li><li class='av-share-link av-social-link-pinterest avia_social_iconfont' ><a target=\"_blank\" aria-label=\"Teilen auf Pinterest\" href='https:\/\/pinterest.com\/pin\/create\/button\/?url=https%3A%2F%2Fimker-aigen.at%2Findex.php%2F2023%2F07%2F03%2Fkoeniginnenmarkt-am-1-7-2023-beim-imkerhof-salzburg-vortrag-voelkervermehrung-und-koeniginnenzucht-von-dr-pia-aumeier-und-dr-gehard-liebig%2F&#038;description=K%C3%B6niginnenmarkt%20am%201.7.2023%20%E2%80%93%20Vortrag%20%E2%80%9EV%C3%B6lkervermehrung%20und%20K%C3%B6niginnenzucht%E2%80%9C%20von%20Dr.%20Pia%20Aumeier%20und%20Dr.%20Gehard%20Liebig&#038;media=https%3A%2F%2Fimker-aigen.at%2Fwp-content%2Fuploads%2F2023%2F07%2Faumeier1_1024_768-529x705.jpg' data-av_icon='\ue8f8' data-av_iconfont='entypo-fontello'  title='' data-avia-related-tooltip='Teilen auf Pinterest'><span class='avia_hidden_link_text'>Teilen auf Pinterest<\/span><\/a><\/li><li class='av-share-link av-social-link-linkedin avia_social_iconfont' ><a target=\"_blank\" aria-label=\"Teilen auf LinkedIn\" href='https:\/\/linkedin.com\/shareArticle?mini=true&#038;title=K%C3%B6niginnenmarkt%20am%201.7.2023%20%E2%80%93%20Vortrag%20%E2%80%9EV%C3%B6lkervermehrung%20und%20K%C3%B6niginnenzucht%E2%80%9C%20von%20Dr.%20Pia%20Aumeier%20und%20Dr.%20Gehard%20Liebig&#038;url=https:\/\/imker-aigen.at\/index.php\/2023\/07\/03\/koeniginnenmarkt-am-1-7-2023-beim-imkerhof-salzburg-vortrag-voelkervermehrung-und-koeniginnenzucht-von-dr-pia-aumeier-und-dr-gehard-liebig\/' data-av_icon='\ue8fc' data-av_iconfont='entypo-fontello'  title='' data-avia-related-tooltip='Teilen auf LinkedIn'><span class='avia_hidden_link_text'>Teilen auf LinkedIn<\/span><\/a><\/li><li class='av-share-link av-social-link-reddit avia_social_iconfont' ><a target=\"_blank\" aria-label=\"Teilen auf Reddit\" href='https:\/\/reddit.com\/submit?url=https:\/\/imker-aigen.at\/index.php\/2023\/07\/03\/koeniginnenmarkt-am-1-7-2023-beim-imkerhof-salzburg-vortrag-voelkervermehrung-und-koeniginnenzucht-von-dr-pia-aumeier-und-dr-gehard-liebig\/&#038;title=K%C3%B6niginnenmarkt%20am%201.7.2023%20%E2%80%93%20Vortrag%20%E2%80%9EV%C3%B6lkervermehrung%20und%20K%C3%B6niginnenzucht%E2%80%9C%20von%20Dr.%20Pia%20Aumeier%20und%20Dr.%20Gehard%20Liebig' data-av_icon='\ue927' data-av_iconfont='entypo-fontello'  title='' data-avia-related-tooltip='Teilen auf Reddit'><span class='avia_hidden_link_text'>Teilen auf Reddit<\/span><\/a><\/li><li class='av-share-link av-social-link-mail avia_social_iconfont' ><a  aria-label=\"Per E-Mail teilen\" href='mailto:?subject=K%C3%B6niginnenmarkt%20am%201.7.2023%20%E2%80%93%20Vortrag%20%E2%80%9EV%C3%B6lkervermehrung%20und%20K%C3%B6niginnenzucht%E2%80%9C%20von%20Dr.%20Pia%20Aumeier%20und%20Dr.%20Gehard%20Liebig&#038;body=https:\/\/imker-aigen.at\/index.php\/2023\/07\/03\/koeniginnenmarkt-am-1-7-2023-beim-imkerhof-salzburg-vortrag-voelkervermehrung-und-koeniginnenzucht-von-dr-pia-aumeier-und-dr-gehard-liebig\/' data-av_icon='\ue805' data-av_iconfont='entypo-fontello'  title='' data-avia-related-tooltip='Per E-Mail teilen'><span class='avia_hidden_link_text'>Per E-Mail teilen<\/span><\/a><\/li><\/ul><\/div><\/div><br \/>\n<div  class='av-buildercomment av-2tzusd-ecfc87b0001a2f0dc382b93a107ca3bc'><\/div><\/p><\/div>\n","protected":false},"excerpt":{"rendered":"","protected":false},"author":1,"featured_media":4082,"comment_status":"open","ping_status":"closed","sticky":false,"template":"","format":"standard","meta":{"footnotes":""},"categories":[18],"tags":[78,80,79,43],"class_list":["post-4077","post","type-post","status-publish","format-standard","has-post-thumbnail","hentry","category-alte-veranstaltungen","tag-aumeier","tag-koeniginnenmarkt","tag-liebig","tag-zucht"],"yoast_head":"<!-- This site is optimized with the Yoast SEO plugin v27.4 - https:\/\/yoast.com\/product\/yoast-seo-wordpress\/ -->\n<title>K\u00f6niginnenmarkt am 1.7.2023 - Vortrag \u201eV\u00f6lkervermehrung und K\u00f6niginnenzucht\u201c von Dr. Pia Aumeier und Dr. Gehard Liebig - Imker Ortsgruppe Salzburg Aigen<\/title>\n<meta name=\"description\" content=\"K\u00f6niginnenmarkt am Salzburger Imkerhof mit einem Vortrag von Dr. Pia Aumeier und Dr. Gehard Liebig\" \/>\n<meta name=\"robots\" content=\"index, follow, max-snippet:-1, max-image-preview:large, max-video-preview:-1\" \/>\n<link rel=\"canonical\" href=\"https:\/\/imker-aigen.at\/index.php\/2023\/07\/03\/koeniginnenmarkt-am-1-7-2023-beim-imkerhof-salzburg-vortrag-voelkervermehrung-und-koeniginnenzucht-von-dr-pia-aumeier-und-dr-gehard-liebig\/\" \/>\n<meta property=\"og:locale\" content=\"de_DE\" \/>\n<meta property=\"og:type\" content=\"article\" \/>\n<meta property=\"og:title\" content=\"K\u00f6niginnenmarkt am 1.7.2023 - Vortrag \u201eV\u00f6lkervermehrung und K\u00f6niginnenzucht\u201c von Dr. Pia Aumeier und Dr. Gehard Liebig - Imker Ortsgruppe Salzburg Aigen\" \/>\n<meta property=\"og:description\" content=\"K\u00f6niginnenmarkt am Salzburger Imkerhof mit einem Vortrag von Dr. Pia Aumeier und Dr. Gehard Liebig\" \/>\n<meta property=\"og:url\" content=\"https:\/\/imker-aigen.at\/index.php\/2023\/07\/03\/koeniginnenmarkt-am-1-7-2023-beim-imkerhof-salzburg-vortrag-voelkervermehrung-und-koeniginnenzucht-von-dr-pia-aumeier-und-dr-gehard-liebig\/\" \/>\n<meta property=\"og:site_name\" content=\"Imker Ortsgruppe Salzburg Aigen\" \/>\n<meta property=\"article:published_time\" content=\"2023-07-03T18:26:57+00:00\" \/>\n<meta property=\"article:modified_time\" content=\"2023-07-17T08:51:05+00:00\" \/>\n<meta property=\"og:image\" content=\"https:\/\/imker-aigen.at\/wp-content\/uploads\/2023\/07\/aumeier1_1024_768.jpg\" \/>\n\t<meta property=\"og:image:width\" content=\"768\" \/>\n\t<meta property=\"og:image:height\" content=\"1024\" \/>\n\t<meta property=\"og:image:type\" content=\"image\/jpeg\" \/>\n<meta name=\"author\" content=\"admin\" \/>\n<meta name=\"twitter:card\" content=\"summary_large_image\" \/>\n<meta name=\"twitter:label1\" content=\"Verfasst von\" \/>\n\t<meta name=\"twitter:data1\" content=\"admin\" \/>\n\t<meta name=\"twitter:label2\" content=\"Gesch\u00e4tzte Lesezeit\" \/>\n\t<meta name=\"twitter:data2\" content=\"9\u00a0Minuten\" \/>\n<script type=\"application\/ld+json\" class=\"yoast-schema-graph\">{\"@context\":\"https:\\\/\\\/schema.org\",\"@graph\":[{\"@type\":\"Article\",\"@id\":\"https:\\\/\\\/imker-aigen.at\\\/index.php\\\/2023\\\/07\\\/03\\\/koeniginnenmarkt-am-1-7-2023-beim-imkerhof-salzburg-vortrag-voelkervermehrung-und-koeniginnenzucht-von-dr-pia-aumeier-und-dr-gehard-liebig\\\/#article\",\"isPartOf\":{\"@id\":\"https:\\\/\\\/imker-aigen.at\\\/index.php\\\/2023\\\/07\\\/03\\\/koeniginnenmarkt-am-1-7-2023-beim-imkerhof-salzburg-vortrag-voelkervermehrung-und-koeniginnenzucht-von-dr-pia-aumeier-und-dr-gehard-liebig\\\/\"},\"author\":{\"name\":\"admin\",\"@id\":\"https:\\\/\\\/imker-aigen.at\\\/#\\\/schema\\\/person\\\/d7d0c3a8ef6f051d450781218ac83077\"},\"headline\":\"K\u00f6niginnenmarkt am 1.7.2023 &#8211; Vortrag \u201eV\u00f6lkervermehrung und K\u00f6niginnenzucht\u201c von Dr. Pia Aumeier und Dr. Gehard Liebig\",\"datePublished\":\"2023-07-03T18:26:57+00:00\",\"dateModified\":\"2023-07-17T08:51:05+00:00\",\"mainEntityOfPage\":{\"@id\":\"https:\\\/\\\/imker-aigen.at\\\/index.php\\\/2023\\\/07\\\/03\\\/koeniginnenmarkt-am-1-7-2023-beim-imkerhof-salzburg-vortrag-voelkervermehrung-und-koeniginnenzucht-von-dr-pia-aumeier-und-dr-gehard-liebig\\\/\"},\"wordCount\":2039,\"commentCount\":0,\"publisher\":{\"@id\":\"https:\\\/\\\/imker-aigen.at\\\/#organization\"},\"image\":{\"@id\":\"https:\\\/\\\/imker-aigen.at\\\/index.php\\\/2023\\\/07\\\/03\\\/koeniginnenmarkt-am-1-7-2023-beim-imkerhof-salzburg-vortrag-voelkervermehrung-und-koeniginnenzucht-von-dr-pia-aumeier-und-dr-gehard-liebig\\\/#primaryimage\"},\"thumbnailUrl\":\"https:\\\/\\\/imker-aigen.at\\\/wp-content\\\/uploads\\\/2023\\\/07\\\/aumeier1_1024_768.jpg\",\"keywords\":[\"Aumeier\",\"K\u00f6niginnenmarkt\",\"Liebig\",\"Zucht\"],\"articleSection\":[\"Alte Veranstaltungen\"],\"inLanguage\":\"de\",\"potentialAction\":[{\"@type\":\"CommentAction\",\"name\":\"Comment\",\"target\":[\"https:\\\/\\\/imker-aigen.at\\\/index.php\\\/2023\\\/07\\\/03\\\/koeniginnenmarkt-am-1-7-2023-beim-imkerhof-salzburg-vortrag-voelkervermehrung-und-koeniginnenzucht-von-dr-pia-aumeier-und-dr-gehard-liebig\\\/#respond\"]}]},{\"@type\":\"WebPage\",\"@id\":\"https:\\\/\\\/imker-aigen.at\\\/index.php\\\/2023\\\/07\\\/03\\\/koeniginnenmarkt-am-1-7-2023-beim-imkerhof-salzburg-vortrag-voelkervermehrung-und-koeniginnenzucht-von-dr-pia-aumeier-und-dr-gehard-liebig\\\/\",\"url\":\"https:\\\/\\\/imker-aigen.at\\\/index.php\\\/2023\\\/07\\\/03\\\/koeniginnenmarkt-am-1-7-2023-beim-imkerhof-salzburg-vortrag-voelkervermehrung-und-koeniginnenzucht-von-dr-pia-aumeier-und-dr-gehard-liebig\\\/\",\"name\":\"K\u00f6niginnenmarkt am 1.7.2023 - Vortrag \u201eV\u00f6lkervermehrung und K\u00f6niginnenzucht\u201c von Dr. Pia Aumeier und Dr. Gehard Liebig - Imker Ortsgruppe Salzburg Aigen\",\"isPartOf\":{\"@id\":\"https:\\\/\\\/imker-aigen.at\\\/#website\"},\"primaryImageOfPage\":{\"@id\":\"https:\\\/\\\/imker-aigen.at\\\/index.php\\\/2023\\\/07\\\/03\\\/koeniginnenmarkt-am-1-7-2023-beim-imkerhof-salzburg-vortrag-voelkervermehrung-und-koeniginnenzucht-von-dr-pia-aumeier-und-dr-gehard-liebig\\\/#primaryimage\"},\"image\":{\"@id\":\"https:\\\/\\\/imker-aigen.at\\\/index.php\\\/2023\\\/07\\\/03\\\/koeniginnenmarkt-am-1-7-2023-beim-imkerhof-salzburg-vortrag-voelkervermehrung-und-koeniginnenzucht-von-dr-pia-aumeier-und-dr-gehard-liebig\\\/#primaryimage\"},\"thumbnailUrl\":\"https:\\\/\\\/imker-aigen.at\\\/wp-content\\\/uploads\\\/2023\\\/07\\\/aumeier1_1024_768.jpg\",\"datePublished\":\"2023-07-03T18:26:57+00:00\",\"dateModified\":\"2023-07-17T08:51:05+00:00\",\"description\":\"K\u00f6niginnenmarkt am Salzburger Imkerhof mit einem Vortrag von Dr. Pia Aumeier und Dr. Gehard Liebig\",\"breadcrumb\":{\"@id\":\"https:\\\/\\\/imker-aigen.at\\\/index.php\\\/2023\\\/07\\\/03\\\/koeniginnenmarkt-am-1-7-2023-beim-imkerhof-salzburg-vortrag-voelkervermehrung-und-koeniginnenzucht-von-dr-pia-aumeier-und-dr-gehard-liebig\\\/#breadcrumb\"},\"inLanguage\":\"de\",\"potentialAction\":[{\"@type\":\"ReadAction\",\"target\":[\"https:\\\/\\\/imker-aigen.at\\\/index.php\\\/2023\\\/07\\\/03\\\/koeniginnenmarkt-am-1-7-2023-beim-imkerhof-salzburg-vortrag-voelkervermehrung-und-koeniginnenzucht-von-dr-pia-aumeier-und-dr-gehard-liebig\\\/\"]}]},{\"@type\":\"ImageObject\",\"inLanguage\":\"de\",\"@id\":\"https:\\\/\\\/imker-aigen.at\\\/index.php\\\/2023\\\/07\\\/03\\\/koeniginnenmarkt-am-1-7-2023-beim-imkerhof-salzburg-vortrag-voelkervermehrung-und-koeniginnenzucht-von-dr-pia-aumeier-und-dr-gehard-liebig\\\/#primaryimage\",\"url\":\"https:\\\/\\\/imker-aigen.at\\\/wp-content\\\/uploads\\\/2023\\\/07\\\/aumeier1_1024_768.jpg\",\"contentUrl\":\"https:\\\/\\\/imker-aigen.at\\\/wp-content\\\/uploads\\\/2023\\\/07\\\/aumeier1_1024_768.jpg\",\"width\":768,\"height\":1024},{\"@type\":\"BreadcrumbList\",\"@id\":\"https:\\\/\\\/imker-aigen.at\\\/index.php\\\/2023\\\/07\\\/03\\\/koeniginnenmarkt-am-1-7-2023-beim-imkerhof-salzburg-vortrag-voelkervermehrung-und-koeniginnenzucht-von-dr-pia-aumeier-und-dr-gehard-liebig\\\/#breadcrumb\",\"itemListElement\":[{\"@type\":\"ListItem\",\"position\":1,\"name\":\"Startseite\",\"item\":\"https:\\\/\\\/imker-aigen.at\\\/index.php\\\/home\\\/\"},{\"@type\":\"ListItem\",\"position\":2,\"name\":\"K\u00f6niginnenmarkt am 1.7.2023 &#8211; Vortrag \u201eV\u00f6lkervermehrung und K\u00f6niginnenzucht\u201c von Dr. Pia Aumeier und Dr. Gehard Liebig\"}]},{\"@type\":\"WebSite\",\"@id\":\"https:\\\/\\\/imker-aigen.at\\\/#website\",\"url\":\"https:\\\/\\\/imker-aigen.at\\\/\",\"name\":\"Imker Ortsgruppe Salzburg Aigen\",\"description\":\"Homepage der Imker-Ortsgruppe Salzburg Aigen\",\"publisher\":{\"@id\":\"https:\\\/\\\/imker-aigen.at\\\/#organization\"},\"potentialAction\":[{\"@type\":\"SearchAction\",\"target\":{\"@type\":\"EntryPoint\",\"urlTemplate\":\"https:\\\/\\\/imker-aigen.at\\\/?s={search_term_string}\"},\"query-input\":{\"@type\":\"PropertyValueSpecification\",\"valueRequired\":true,\"valueName\":\"search_term_string\"}}],\"inLanguage\":\"de\"},{\"@type\":\"Organization\",\"@id\":\"https:\\\/\\\/imker-aigen.at\\\/#organization\",\"name\":\"Imker Ortsgruppe Salzburg Aigen\",\"url\":\"https:\\\/\\\/imker-aigen.at\\\/\",\"logo\":{\"@type\":\"ImageObject\",\"inLanguage\":\"de\",\"@id\":\"https:\\\/\\\/imker-aigen.at\\\/#\\\/schema\\\/logo\\\/image\\\/\",\"url\":\"https:\\\/\\\/imker-aigen.at\\\/wp-content\\\/uploads\\\/2022\\\/08\\\/logo-1.png\",\"contentUrl\":\"https:\\\/\\\/imker-aigen.at\\\/wp-content\\\/uploads\\\/2022\\\/08\\\/logo-1.png\",\"width\":392,\"height\":156,\"caption\":\"Imker Ortsgruppe Salzburg Aigen\"},\"image\":{\"@id\":\"https:\\\/\\\/imker-aigen.at\\\/#\\\/schema\\\/logo\\\/image\\\/\"}},{\"@type\":\"Person\",\"@id\":\"https:\\\/\\\/imker-aigen.at\\\/#\\\/schema\\\/person\\\/d7d0c3a8ef6f051d450781218ac83077\",\"name\":\"admin\",\"image\":{\"@type\":\"ImageObject\",\"inLanguage\":\"de\",\"@id\":\"https:\\\/\\\/secure.gravatar.com\\\/avatar\\\/925a7e918efd3cfdae29be9c0018a3ae3275cd0444a6e166241172bb6e5243c7?s=96&d=mm&r=g\",\"url\":\"https:\\\/\\\/secure.gravatar.com\\\/avatar\\\/925a7e918efd3cfdae29be9c0018a3ae3275cd0444a6e166241172bb6e5243c7?s=96&d=mm&r=g\",\"contentUrl\":\"https:\\\/\\\/secure.gravatar.com\\\/avatar\\\/925a7e918efd3cfdae29be9c0018a3ae3275cd0444a6e166241172bb6e5243c7?s=96&d=mm&r=g\",\"caption\":\"admin\"},\"sameAs\":[\"https:\\\/\\\/imker-aigen.at\",\"linkedin.com\\\/in\\\/bernd-meierhofer-5919b62\"],\"url\":\"https:\\\/\\\/imker-aigen.at\\\/index.php\\\/author\\\/bmeierhofer\\\/\"}]}<\/script>\n<!-- \/ Yoast SEO plugin. -->","yoast_head_json":{"title":"K\u00f6niginnenmarkt am 1.7.2023 - Vortrag \u201eV\u00f6lkervermehrung und K\u00f6niginnenzucht\u201c von Dr. Pia Aumeier und Dr. Gehard Liebig - Imker Ortsgruppe Salzburg Aigen","description":"K\u00f6niginnenmarkt am Salzburger Imkerhof mit einem Vortrag von Dr. Pia Aumeier und Dr. Gehard Liebig","robots":{"index":"index","follow":"follow","max-snippet":"max-snippet:-1","max-image-preview":"max-image-preview:large","max-video-preview":"max-video-preview:-1"},"canonical":"https:\/\/imker-aigen.at\/index.php\/2023\/07\/03\/koeniginnenmarkt-am-1-7-2023-beim-imkerhof-salzburg-vortrag-voelkervermehrung-und-koeniginnenzucht-von-dr-pia-aumeier-und-dr-gehard-liebig\/","og_locale":"de_DE","og_type":"article","og_title":"K\u00f6niginnenmarkt am 1.7.2023 - Vortrag \u201eV\u00f6lkervermehrung und K\u00f6niginnenzucht\u201c von Dr. Pia Aumeier und Dr. Gehard Liebig - Imker Ortsgruppe Salzburg Aigen","og_description":"K\u00f6niginnenmarkt am Salzburger Imkerhof mit einem Vortrag von Dr. Pia Aumeier und Dr. Gehard Liebig","og_url":"https:\/\/imker-aigen.at\/index.php\/2023\/07\/03\/koeniginnenmarkt-am-1-7-2023-beim-imkerhof-salzburg-vortrag-voelkervermehrung-und-koeniginnenzucht-von-dr-pia-aumeier-und-dr-gehard-liebig\/","og_site_name":"Imker Ortsgruppe Salzburg Aigen","article_published_time":"2023-07-03T18:26:57+00:00","article_modified_time":"2023-07-17T08:51:05+00:00","og_image":[{"width":768,"height":1024,"url":"https:\/\/imker-aigen.at\/wp-content\/uploads\/2023\/07\/aumeier1_1024_768.jpg","type":"image\/jpeg"}],"author":"admin","twitter_card":"summary_large_image","twitter_misc":{"Verfasst von":"admin","Gesch\u00e4tzte Lesezeit":"9\u00a0Minuten"},"schema":{"@context":"https:\/\/schema.org","@graph":[{"@type":"Article","@id":"https:\/\/imker-aigen.at\/index.php\/2023\/07\/03\/koeniginnenmarkt-am-1-7-2023-beim-imkerhof-salzburg-vortrag-voelkervermehrung-und-koeniginnenzucht-von-dr-pia-aumeier-und-dr-gehard-liebig\/#article","isPartOf":{"@id":"https:\/\/imker-aigen.at\/index.php\/2023\/07\/03\/koeniginnenmarkt-am-1-7-2023-beim-imkerhof-salzburg-vortrag-voelkervermehrung-und-koeniginnenzucht-von-dr-pia-aumeier-und-dr-gehard-liebig\/"},"author":{"name":"admin","@id":"https:\/\/imker-aigen.at\/#\/schema\/person\/d7d0c3a8ef6f051d450781218ac83077"},"headline":"K\u00f6niginnenmarkt am 1.7.2023 &#8211; Vortrag \u201eV\u00f6lkervermehrung und K\u00f6niginnenzucht\u201c von Dr. Pia Aumeier und Dr. Gehard Liebig","datePublished":"2023-07-03T18:26:57+00:00","dateModified":"2023-07-17T08:51:05+00:00","mainEntityOfPage":{"@id":"https:\/\/imker-aigen.at\/index.php\/2023\/07\/03\/koeniginnenmarkt-am-1-7-2023-beim-imkerhof-salzburg-vortrag-voelkervermehrung-und-koeniginnenzucht-von-dr-pia-aumeier-und-dr-gehard-liebig\/"},"wordCount":2039,"commentCount":0,"publisher":{"@id":"https:\/\/imker-aigen.at\/#organization"},"image":{"@id":"https:\/\/imker-aigen.at\/index.php\/2023\/07\/03\/koeniginnenmarkt-am-1-7-2023-beim-imkerhof-salzburg-vortrag-voelkervermehrung-und-koeniginnenzucht-von-dr-pia-aumeier-und-dr-gehard-liebig\/#primaryimage"},"thumbnailUrl":"https:\/\/imker-aigen.at\/wp-content\/uploads\/2023\/07\/aumeier1_1024_768.jpg","keywords":["Aumeier","K\u00f6niginnenmarkt","Liebig","Zucht"],"articleSection":["Alte Veranstaltungen"],"inLanguage":"de","potentialAction":[{"@type":"CommentAction","name":"Comment","target":["https:\/\/imker-aigen.at\/index.php\/2023\/07\/03\/koeniginnenmarkt-am-1-7-2023-beim-imkerhof-salzburg-vortrag-voelkervermehrung-und-koeniginnenzucht-von-dr-pia-aumeier-und-dr-gehard-liebig\/#respond"]}]},{"@type":"WebPage","@id":"https:\/\/imker-aigen.at\/index.php\/2023\/07\/03\/koeniginnenmarkt-am-1-7-2023-beim-imkerhof-salzburg-vortrag-voelkervermehrung-und-koeniginnenzucht-von-dr-pia-aumeier-und-dr-gehard-liebig\/","url":"https:\/\/imker-aigen.at\/index.php\/2023\/07\/03\/koeniginnenmarkt-am-1-7-2023-beim-imkerhof-salzburg-vortrag-voelkervermehrung-und-koeniginnenzucht-von-dr-pia-aumeier-und-dr-gehard-liebig\/","name":"K\u00f6niginnenmarkt am 1.7.2023 - Vortrag \u201eV\u00f6lkervermehrung und K\u00f6niginnenzucht\u201c von Dr. Pia Aumeier und Dr. Gehard Liebig - Imker Ortsgruppe Salzburg Aigen","isPartOf":{"@id":"https:\/\/imker-aigen.at\/#website"},"primaryImageOfPage":{"@id":"https:\/\/imker-aigen.at\/index.php\/2023\/07\/03\/koeniginnenmarkt-am-1-7-2023-beim-imkerhof-salzburg-vortrag-voelkervermehrung-und-koeniginnenzucht-von-dr-pia-aumeier-und-dr-gehard-liebig\/#primaryimage"},"image":{"@id":"https:\/\/imker-aigen.at\/index.php\/2023\/07\/03\/koeniginnenmarkt-am-1-7-2023-beim-imkerhof-salzburg-vortrag-voelkervermehrung-und-koeniginnenzucht-von-dr-pia-aumeier-und-dr-gehard-liebig\/#primaryimage"},"thumbnailUrl":"https:\/\/imker-aigen.at\/wp-content\/uploads\/2023\/07\/aumeier1_1024_768.jpg","datePublished":"2023-07-03T18:26:57+00:00","dateModified":"2023-07-17T08:51:05+00:00","description":"K\u00f6niginnenmarkt am Salzburger Imkerhof mit einem Vortrag von Dr. Pia Aumeier und Dr. Gehard Liebig","breadcrumb":{"@id":"https:\/\/imker-aigen.at\/index.php\/2023\/07\/03\/koeniginnenmarkt-am-1-7-2023-beim-imkerhof-salzburg-vortrag-voelkervermehrung-und-koeniginnenzucht-von-dr-pia-aumeier-und-dr-gehard-liebig\/#breadcrumb"},"inLanguage":"de","potentialAction":[{"@type":"ReadAction","target":["https:\/\/imker-aigen.at\/index.php\/2023\/07\/03\/koeniginnenmarkt-am-1-7-2023-beim-imkerhof-salzburg-vortrag-voelkervermehrung-und-koeniginnenzucht-von-dr-pia-aumeier-und-dr-gehard-liebig\/"]}]},{"@type":"ImageObject","inLanguage":"de","@id":"https:\/\/imker-aigen.at\/index.php\/2023\/07\/03\/koeniginnenmarkt-am-1-7-2023-beim-imkerhof-salzburg-vortrag-voelkervermehrung-und-koeniginnenzucht-von-dr-pia-aumeier-und-dr-gehard-liebig\/#primaryimage","url":"https:\/\/imker-aigen.at\/wp-content\/uploads\/2023\/07\/aumeier1_1024_768.jpg","contentUrl":"https:\/\/imker-aigen.at\/wp-content\/uploads\/2023\/07\/aumeier1_1024_768.jpg","width":768,"height":1024},{"@type":"BreadcrumbList","@id":"https:\/\/imker-aigen.at\/index.php\/2023\/07\/03\/koeniginnenmarkt-am-1-7-2023-beim-imkerhof-salzburg-vortrag-voelkervermehrung-und-koeniginnenzucht-von-dr-pia-aumeier-und-dr-gehard-liebig\/#breadcrumb","itemListElement":[{"@type":"ListItem","position":1,"name":"Startseite","item":"https:\/\/imker-aigen.at\/index.php\/home\/"},{"@type":"ListItem","position":2,"name":"K\u00f6niginnenmarkt am 1.7.2023 &#8211; Vortrag \u201eV\u00f6lkervermehrung und K\u00f6niginnenzucht\u201c von Dr. Pia Aumeier und Dr. Gehard Liebig"}]},{"@type":"WebSite","@id":"https:\/\/imker-aigen.at\/#website","url":"https:\/\/imker-aigen.at\/","name":"Imker Ortsgruppe Salzburg Aigen","description":"Homepage der Imker-Ortsgruppe Salzburg Aigen","publisher":{"@id":"https:\/\/imker-aigen.at\/#organization"},"potentialAction":[{"@type":"SearchAction","target":{"@type":"EntryPoint","urlTemplate":"https:\/\/imker-aigen.at\/?s={search_term_string}"},"query-input":{"@type":"PropertyValueSpecification","valueRequired":true,"valueName":"search_term_string"}}],"inLanguage":"de"},{"@type":"Organization","@id":"https:\/\/imker-aigen.at\/#organization","name":"Imker Ortsgruppe Salzburg Aigen","url":"https:\/\/imker-aigen.at\/","logo":{"@type":"ImageObject","inLanguage":"de","@id":"https:\/\/imker-aigen.at\/#\/schema\/logo\/image\/","url":"https:\/\/imker-aigen.at\/wp-content\/uploads\/2022\/08\/logo-1.png","contentUrl":"https:\/\/imker-aigen.at\/wp-content\/uploads\/2022\/08\/logo-1.png","width":392,"height":156,"caption":"Imker Ortsgruppe Salzburg Aigen"},"image":{"@id":"https:\/\/imker-aigen.at\/#\/schema\/logo\/image\/"}},{"@type":"Person","@id":"https:\/\/imker-aigen.at\/#\/schema\/person\/d7d0c3a8ef6f051d450781218ac83077","name":"admin","image":{"@type":"ImageObject","inLanguage":"de","@id":"https:\/\/secure.gravatar.com\/avatar\/925a7e918efd3cfdae29be9c0018a3ae3275cd0444a6e166241172bb6e5243c7?s=96&d=mm&r=g","url":"https:\/\/secure.gravatar.com\/avatar\/925a7e918efd3cfdae29be9c0018a3ae3275cd0444a6e166241172bb6e5243c7?s=96&d=mm&r=g","contentUrl":"https:\/\/secure.gravatar.com\/avatar\/925a7e918efd3cfdae29be9c0018a3ae3275cd0444a6e166241172bb6e5243c7?s=96&d=mm&r=g","caption":"admin"},"sameAs":["https:\/\/imker-aigen.at","linkedin.com\/in\/bernd-meierhofer-5919b62"],"url":"https:\/\/imker-aigen.at\/index.php\/author\/bmeierhofer\/"}]}},"_links":{"self":[{"href":"https:\/\/imker-aigen.at\/index.php\/wp-json\/wp\/v2\/posts\/4077","targetHints":{"allow":["GET"]}}],"collection":[{"href":"https:\/\/imker-aigen.at\/index.php\/wp-json\/wp\/v2\/posts"}],"about":[{"href":"https:\/\/imker-aigen.at\/index.php\/wp-json\/wp\/v2\/types\/post"}],"author":[{"embeddable":true,"href":"https:\/\/imker-aigen.at\/index.php\/wp-json\/wp\/v2\/users\/1"}],"replies":[{"embeddable":true,"href":"https:\/\/imker-aigen.at\/index.php\/wp-json\/wp\/v2\/comments?post=4077"}],"version-history":[{"count":9,"href":"https:\/\/imker-aigen.at\/index.php\/wp-json\/wp\/v2\/posts\/4077\/revisions"}],"predecessor-version":[{"id":4099,"href":"https:\/\/imker-aigen.at\/index.php\/wp-json\/wp\/v2\/posts\/4077\/revisions\/4099"}],"wp:featuredmedia":[{"embeddable":true,"href":"https:\/\/imker-aigen.at\/index.php\/wp-json\/wp\/v2\/media\/4082"}],"wp:attachment":[{"href":"https:\/\/imker-aigen.at\/index.php\/wp-json\/wp\/v2\/media?parent=4077"}],"wp:term":[{"taxonomy":"category","embeddable":true,"href":"https:\/\/imker-aigen.at\/index.php\/wp-json\/wp\/v2\/categories?post=4077"},{"taxonomy":"post_tag","embeddable":true,"href":"https:\/\/imker-aigen.at\/index.php\/wp-json\/wp\/v2\/tags?post=4077"}],"curies":[{"name":"wp","href":"https:\/\/api.w.org\/{rel}","templated":true}]}}