{"id":4100,"date":"2023-07-05T17:46:06","date_gmt":"2023-07-05T15:46:06","guid":{"rendered":"https:\/\/imker-aigen.at\/?p=4100"},"modified":"2023-09-07T10:26:58","modified_gmt":"2023-09-07T08:26:58","slug":"protokoll-vom-stammtisch-am-4-juli-2023","status":"publish","type":"post","link":"https:\/\/imker-aigen.at\/index.php\/2023\/07\/05\/protokoll-vom-stammtisch-am-4-juli-2023\/","title":{"rendered":"Protokoll vom Stammtisch am 4. Juli 2023"},"content":{"rendered":"<div  class='flex_column av-70wdsk-88912c33cab47ba6427c2b34cbce9426 av_one_full  avia-builder-el-0  avia-builder-el-no-sibling  first flex_column_div  '     ><p>\n<style type=\"text\/css\" data-created_by=\"avia_inline_auto\" id=\"style-css-av-ljpw5b6h-e71ea3f171b683e7f0d5e765db6c28d5\">\n#top .av-special-heading.av-ljpw5b6h-e71ea3f171b683e7f0d5e765db6c28d5{\npadding-bottom:10px;\n}\nbody .av-special-heading.av-ljpw5b6h-e71ea3f171b683e7f0d5e765db6c28d5 .av-special-heading-tag .heading-char{\nfont-size:25px;\n}\n.av-special-heading.av-ljpw5b6h-e71ea3f171b683e7f0d5e765db6c28d5 .av-subheading{\nfont-size:15px;\n}\n<\/style>\n<div  class='av-special-heading av-ljpw5b6h-e71ea3f171b683e7f0d5e765db6c28d5 av-special-heading-h1 blockquote modern-quote modern-centered  avia-builder-el-1  el_before_av_hr  avia-builder-el-first '><h1 class='av-special-heading-tag '  itemprop=\"headline\"  >Stammtisch am 4. Juli 2023<\/h1><div class=\"special-heading-border\"><div class=\"special-heading-inner-border\"><\/div><\/div><\/div><br \/>\n<div  class='hr av-6j33dg-543a74684872c23cac7eb5aef89d0a8a hr-default  avia-builder-el-2  el_after_av_heading  el_before_av_textblock '><span class='hr-inner '><span class=\"hr-inner-style\"><\/span><\/span><\/div><br \/>\n<section  class='av_textblock_section av-ljpwjfw2-44945a20a7d0d2a4c9da3c9c9453311c '   itemscope=\"itemscope\" itemtype=\"https:\/\/schema.org\/BlogPosting\" itemprop=\"blogPost\" ><div class='avia_textblock'  itemprop=\"text\" ><p>Autorin: Adelheid Speyer<\/p>\n<h3><strong>Begr\u00fc\u00dfung der G\u00e4ste<\/strong><\/h3>\n<ul>\n<li>Julia Mayer<\/li>\n<\/ul>\n<h3>Neuigkeiten<\/h3>\n<h4><strong>R\u00fcckblick auf Veranstaltungen<\/strong><\/h4>\n<p><a href=\"https:\/\/carnica-zuchtgruppe-salzburg.at\/index.php\/2023\/06\/22\/imkerfest-der-ortsgruppe-eugendorf-am-18-juni-2023-auf-der-carnica-begattungsstelle-eugendorfer-berg\/\">18.6. Begattungsstellenfest Eugendorfer Berg<\/a>:<br \/>\n&#8211; tolles Fest<br \/>\n&#8211; einige Vereinsmitglieder waren dort<br \/>\n25.6. Imker-Fr\u00fchschoppen der Seekirchner-Imker<\/p>\n<h4><strong>Honigsaison 2023<\/strong><\/h4>\n<p>&#8211; in ganz Salzburg laut Thomas Renner unterdurchschnittlich<br \/>\n&#8211; in bestimmten Gebieten gibt es bisher gar keinen Honig<br \/>\n&#8211; Ursache: milder Winter mit einzelnen W\u00e4rmerekorden (im J\u00e4nner Temperaturen bis 20 Grad!), danach nasser, kalter Fr\u00fchling. Die Entwicklung der Bienenv\u00f6lker war sehr gebremst, da sie kaum fliegen konnten, aufgrund der niedrigen Temperaturen die Pflanzen nicht honigten und die V\u00f6lker sogar gef\u00fcttert werden mussten. Daher fiel die Fr\u00fchtracht (Bl\u00fctenhonig) fast zur G\u00e4nze aus. Gegenden mit Linde oder Wald k\u00f6nnen mit einer relativ guten Ernte rechnen, sofern die V\u00f6lker sich ab Mai doch noch gut entwickelt hatten.<\/p>\n<h4><strong>Neues von der Jugendarbeit<\/strong><\/h4>\n<p>&#8211; Einwabenk\u00e4stchen f\u00fcr die Schulen \u2013 Zweites K\u00e4stchen bereits im Einsatz<br \/>\n&#8211; Unser Bericht wurde im SPASS-Magazin nun gedruckt<br \/>\n&#8211; <a href=\"https:\/\/imker-aigen.at\/index.php\/2023\/06\/26\/volksschule-trifft-bienenstock\/\">Besuch der Volksschule Elsbethen bei Elisabeth Karl<\/a><\/p>\n<h4><strong>Neues Projekt \u2013 Zusammenarbeit mit dem Diakoniewerk \/ Lebenswelt Aigen<\/strong><\/h4>\n<p>Der geplante Vortrag \u00fcber Bienenpflanzen wurde auf die k\u00e4ltere Jahreszeit verschoben<\/p>\n<h4><strong>Neues von der Carnica-Zucht<\/strong><\/h4>\n<p><a href=\"https:\/\/carnica-zuchtgruppe-salzburg.at\/index.php\/event\/zuechtergruppenbesprechung-4\/\">Ringtausch der K\u00f6niginnen f\u00fcr die Leistungspr\u00fcfung 2023\/24 am 7.7. um 19:15 Uhr beim Br\u00fcckenwirt<\/a>. Wer sich daf\u00fcr interessiert, ist gerne eingeladen.<\/p>\n<h4><strong>Vereinsh\u00fctte am Egelsee<\/strong><\/h4>\n<p>Laut Robert gilt das Zufahrtsrecht f\u00fcr zwei Vereinsmitglieder\/Jahr. Genaueres wird noch ausgearbeitet und dann bekanntgegeben.<\/p>\n<h4><a href=\"https:\/\/imker-aigen.at\/index.php\/2023\/07\/03\/koeniginnenmarkt-am-1-7-2023-beim-imkerhof-salzburg-vortrag-voelkervermehrung-und-koeniginnenzucht-von-dr-pia-aumeier-und-dr-gehard-liebig\/\"><strong>Bericht vom K\u00f6niginnenmarkt (1.7.2023) im Imkerhof mit Vortrag von Dr. Pia Aumeier und Dr. Gehard Liebig<\/strong><\/a><\/h4>\n<p>&#8211; toller Event<br \/>\n&#8211; einige Vereinsmitglieder waren dort<br \/>\n&#8211; viele Carnica-K\u00f6niginnen wurden verkauft. Haupts\u00e4chlich von den Z\u00fcchtern der Carnica Zuchtgruppe Salzburg<br \/>\n&#8211; <a href=\"https:\/\/imker-aigen.at\/index.php\/2023\/07\/03\/koeniginnenmarkt-am-1-7-2023-beim-imkerhof-salzburg-vortrag-voelkervermehrung-und-koeniginnenzucht-von-dr-pia-aumeier-und-dr-gehard-liebig\/\">der Bericht vom Vortrag steht online zur Verf\u00fcgung<\/a><\/p>\n<h4><strong>Imkern im Juli<\/strong><\/h4>\n<p>&#8211; Honigernte: am besten mit Bienenflucht, 5 kg Futter sollten immer im Volk sein, nicht alles entnehmen, da dadurch die Gefahr von R\u00e4uberei steigt<br \/>\n&#8211; Vermeidung von R\u00e4uberei (Flugl\u00f6cher eng halten, Bienen-Korridor)<br \/>\n&#8211; Richtiges Auff\u00fcttern: nicht zu schnell, lieber in kleinen Portionen, bevorzugt am Abend<br \/>\n&#8211; Varroama\u00dfnahmen (TBE, Duplex-Wabentasche): bei mehr als 5 Milben \/ Tag wird es kritisch<\/p>\n<h3>N\u00e4chste Termine (siehe auch <a href=\"https:\/\/imker-aigen.at\/index.php\/events\/list\/\">Veranstaltungskalender<\/a>)<\/h3>\n<ul>\n<li><a href=\"https:\/\/imker-aigen.at\/index.php\/event\/sommerfest-2023\/\">8.7. Sommerfest<\/a><\/li>\n<li>Diverse Varroaseminare:<br \/>\n&#8211; 7.7. IM Willi Kastenauer<br \/>\n&#8211; 8.7. IM Willi Kastenauer<br \/>\n&#8211; 10.7. IM Willi Kastenauer<br \/>\n&#8211; 17.7. Ganztagesseminar, IM Thomas Renner<\/li>\n<li><a href=\"https:\/\/imker-aigen.at\/index.php\/event\/stammtisch-1-august-2023\/\">1.8. Stammtisch<\/a><\/li>\n<li>20.8. Bad Vigauner Herbstfest<\/li>\n<\/ul>\n<h3>Diverses, Diskussion, Allf\u00e4lliges<\/h3>\n<ul>\n<li><a href=\"https:\/\/imker-aigen.at\/index.php\/event\/sommerfest-2023\/\">Sommerfest 2023 \u2013 8.7.2023<\/a>:<br \/>\nUm 14:00 Uhr geht es los,\u00a0 Aufbau ab 12:00 Uhr bzw. diverse Vorbereitungen bereits am Vormittag und Vortag<br \/>\n33 Anmeldungen<\/li>\n<li>Statuten\u00e4nderung \u2013 au\u00dferordentliche Mitglieder (Todo Robert)<\/li>\n<li>Neuer Schriftf\u00fchrer-Stellvertreter: Roman Metschina<\/li>\n<li>Zusammenarbeit mit dem Naturschutzbund<br \/>\nSchreiben einer Glosse (Todo Robert)<\/li>\n<li>Genauere Planung betreffend unsere Vereinsh\u00fctte<\/li>\n<li>Geplant f\u00fcr unsere Homepage:<br \/>\n&#8211; Fotos von der Schwarmsaison 2023<br \/>\n&#8211; Artikel \u00fcber alternative Beutensysteme<br \/>\n&#8211; Bienenprodukte: Honig (Todo Adelheid)<br \/>\n&#8211; Details \u00fcber unsere Vereinsh\u00fctte<\/li>\n<\/ul>\n<\/div><\/section><br \/>\n<div  class='av-social-sharing-box av-e1pbo-b1672fec74e5324513156c2c0253729a av-social-sharing-box-default  avia-builder-el-4  el_after_av_textblock  el_before_av_comments_list  av-social-sharing-box-fullwidth'><div class=\"av-share-box\"><h5 class='av-share-link-description av-no-toc '>Eintrag teilen<\/h5><ul class=\"av-share-box-list noLightbox\"><li class='av-share-link av-social-link-facebook avia_social_iconfont' ><a target=\"_blank\" aria-label=\"Teilen auf Facebook\" href='https:\/\/www.facebook.com\/sharer.php?u=https:\/\/imker-aigen.at\/index.php\/2023\/07\/05\/protokoll-vom-stammtisch-am-4-juli-2023\/&#038;t=Protokoll%20vom%20Stammtisch%20am%204.%20Juli%202023' data-av_icon='\ue8f3' data-av_iconfont='entypo-fontello'  title='' data-avia-related-tooltip='Teilen auf Facebook'><span class='avia_hidden_link_text'>Teilen auf Facebook<\/span><\/a><\/li><li class='av-share-link av-social-link-twitter avia_social_iconfont' ><a target=\"_blank\" aria-label=\"Teilen auf X\" href='https:\/\/twitter.com\/share?text=Protokoll%20vom%20Stammtisch%20am%204.%20Juli%202023&#038;url=https:\/\/imker-aigen.at\/?p=4100' data-av_icon='\ue932' data-av_iconfont='entypo-fontello'  title='' data-avia-related-tooltip='Teilen auf X'><span class='avia_hidden_link_text'>Teilen auf X<\/span><\/a><\/li><li class='av-share-link av-social-link-whatsapp avia_social_iconfont' ><a target=\"_blank\" aria-label=\"Teilen auf WhatsApp\" href='https:\/\/api.whatsapp.com\/send?text=https:\/\/imker-aigen.at\/index.php\/2023\/07\/05\/protokoll-vom-stammtisch-am-4-juli-2023\/' data-av_icon='\uf232' data-av_iconfont='entypo-fontello'  title='' data-avia-related-tooltip='Teilen auf WhatsApp'><span class='avia_hidden_link_text'>Teilen auf WhatsApp<\/span><\/a><\/li><li class='av-share-link av-social-link-pinterest avia_social_iconfont' ><a target=\"_blank\" aria-label=\"Teilen auf Pinterest\" href='https:\/\/pinterest.com\/pin\/create\/button\/?url=https%3A%2F%2Fimker-aigen.at%2Findex.php%2F2023%2F07%2F05%2Fprotokoll-vom-stammtisch-am-4-juli-2023%2F&#038;description=Protokoll%20vom%20Stammtisch%20am%204.%20Juli%202023&#038;media=https%3A%2F%2Fimker-aigen.at%2Fwp-content%2Fuploads%2F2022%2F08%2Fglasses-beer-1.jpg' data-av_icon='\ue8f8' data-av_iconfont='entypo-fontello'  title='' data-avia-related-tooltip='Teilen auf Pinterest'><span class='avia_hidden_link_text'>Teilen auf Pinterest<\/span><\/a><\/li><li class='av-share-link av-social-link-linkedin avia_social_iconfont' ><a target=\"_blank\" aria-label=\"Teilen auf LinkedIn\" href='https:\/\/linkedin.com\/shareArticle?mini=true&#038;title=Protokoll%20vom%20Stammtisch%20am%204.%20Juli%202023&#038;url=https:\/\/imker-aigen.at\/index.php\/2023\/07\/05\/protokoll-vom-stammtisch-am-4-juli-2023\/' data-av_icon='\ue8fc' data-av_iconfont='entypo-fontello'  title='' data-avia-related-tooltip='Teilen auf LinkedIn'><span class='avia_hidden_link_text'>Teilen auf LinkedIn<\/span><\/a><\/li><li class='av-share-link av-social-link-reddit avia_social_iconfont' ><a target=\"_blank\" aria-label=\"Teilen auf Reddit\" href='https:\/\/reddit.com\/submit?url=https:\/\/imker-aigen.at\/index.php\/2023\/07\/05\/protokoll-vom-stammtisch-am-4-juli-2023\/&#038;title=Protokoll%20vom%20Stammtisch%20am%204.%20Juli%202023' data-av_icon='\ue927' data-av_iconfont='entypo-fontello'  title='' data-avia-related-tooltip='Teilen auf Reddit'><span class='avia_hidden_link_text'>Teilen auf Reddit<\/span><\/a><\/li><li class='av-share-link av-social-link-mail avia_social_iconfont' ><a  aria-label=\"Per E-Mail teilen\" href='mailto:?subject=Protokoll%20vom%20Stammtisch%20am%204.%20Juli%202023&#038;body=https:\/\/imker-aigen.at\/index.php\/2023\/07\/05\/protokoll-vom-stammtisch-am-4-juli-2023\/' data-av_icon='\ue805' data-av_iconfont='entypo-fontello'  title='' data-avia-related-tooltip='Per E-Mail teilen'><span class='avia_hidden_link_text'>Per E-Mail teilen<\/span><\/a><\/li><\/ul><\/div><\/div><br \/>\n<div  class='av-buildercomment av-2562vo-27d2d2c4ccb30623eeb278fd39d21eaf'><\/div><\/p><\/div>\n","protected":false},"excerpt":{"rendered":"","protected":false},"author":1,"featured_media":621,"comment_status":"open","ping_status":"closed","sticky":false,"template":"","format":"standard","meta":{"footnotes":""},"categories":[18],"tags":[36,37,35],"class_list":["post-4100","post","type-post","status-publish","format-standard","has-post-thumbnail","hentry","category-alte-veranstaltungen","tag-aigen","tag-imker","tag-stammtisch"],"yoast_head":"<!-- This site is optimized with the Yoast SEO plugin v27.4 - https:\/\/yoast.com\/product\/yoast-seo-wordpress\/ -->\n<title>Protokoll vom Stammtisch am 4. Juli 2023 - Imker Ortsgruppe Salzburg Aigen<\/title>\n<meta name=\"description\" content=\"Das Protokoll vom Stammtisch des Imkervereins Salzburg Aigen am 4. Juli 2023\" \/>\n<meta name=\"robots\" content=\"index, follow, max-snippet:-1, max-image-preview:large, max-video-preview:-1\" \/>\n<link rel=\"canonical\" href=\"https:\/\/imker-aigen.at\/index.php\/2023\/07\/05\/protokoll-vom-stammtisch-am-4-juli-2023\/\" \/>\n<meta property=\"og:locale\" content=\"de_DE\" \/>\n<meta property=\"og:type\" content=\"article\" \/>\n<meta property=\"og:title\" content=\"Protokoll vom Stammtisch am 4. Juli 2023 - Imker Ortsgruppe Salzburg Aigen\" \/>\n<meta property=\"og:description\" content=\"Das Protokoll vom Stammtisch des Imkervereins Salzburg Aigen am 4. Juli 2023\" \/>\n<meta property=\"og:url\" content=\"https:\/\/imker-aigen.at\/index.php\/2023\/07\/05\/protokoll-vom-stammtisch-am-4-juli-2023\/\" \/>\n<meta property=\"og:site_name\" content=\"Imker Ortsgruppe Salzburg Aigen\" \/>\n<meta property=\"article:published_time\" content=\"2023-07-05T15:46:06+00:00\" \/>\n<meta property=\"article:modified_time\" content=\"2023-09-07T08:26:58+00:00\" \/>\n<meta property=\"og:image\" content=\"https:\/\/imker-aigen.at\/wp-content\/uploads\/2022\/08\/glasses-beer-1.jpg\" \/>\n\t<meta property=\"og:image:width\" content=\"180\" \/>\n\t<meta property=\"og:image:height\" content=\"241\" \/>\n\t<meta property=\"og:image:type\" content=\"image\/jpeg\" \/>\n<meta name=\"author\" content=\"admin\" \/>\n<meta name=\"twitter:card\" content=\"summary_large_image\" \/>\n<meta name=\"twitter:label1\" content=\"Verfasst von\" \/>\n\t<meta name=\"twitter:data1\" content=\"admin\" \/>\n\t<meta name=\"twitter:label2\" content=\"Gesch\u00e4tzte Lesezeit\" \/>\n\t<meta name=\"twitter:data2\" content=\"5\u00a0Minuten\" \/>\n<script type=\"application\/ld+json\" class=\"yoast-schema-graph\">{\"@context\":\"https:\\\/\\\/schema.org\",\"@graph\":[{\"@type\":\"Article\",\"@id\":\"https:\\\/\\\/imker-aigen.at\\\/index.php\\\/2023\\\/07\\\/05\\\/protokoll-vom-stammtisch-am-4-juli-2023\\\/#article\",\"isPartOf\":{\"@id\":\"https:\\\/\\\/imker-aigen.at\\\/index.php\\\/2023\\\/07\\\/05\\\/protokoll-vom-stammtisch-am-4-juli-2023\\\/\"},\"author\":{\"name\":\"admin\",\"@id\":\"https:\\\/\\\/imker-aigen.at\\\/#\\\/schema\\\/person\\\/d7d0c3a8ef6f051d450781218ac83077\"},\"headline\":\"Protokoll vom Stammtisch am 4. Juli 2023\",\"datePublished\":\"2023-07-05T15:46:06+00:00\",\"dateModified\":\"2023-09-07T08:26:58+00:00\",\"mainEntityOfPage\":{\"@id\":\"https:\\\/\\\/imker-aigen.at\\\/index.php\\\/2023\\\/07\\\/05\\\/protokoll-vom-stammtisch-am-4-juli-2023\\\/\"},\"wordCount\":1181,\"commentCount\":0,\"publisher\":{\"@id\":\"https:\\\/\\\/imker-aigen.at\\\/#organization\"},\"image\":{\"@id\":\"https:\\\/\\\/imker-aigen.at\\\/index.php\\\/2023\\\/07\\\/05\\\/protokoll-vom-stammtisch-am-4-juli-2023\\\/#primaryimage\"},\"thumbnailUrl\":\"https:\\\/\\\/imker-aigen.at\\\/wp-content\\\/uploads\\\/2022\\\/08\\\/glasses-beer-1.jpg\",\"keywords\":[\"Aigen\",\"Imker\",\"Stammtisch\"],\"articleSection\":[\"Alte Veranstaltungen\"],\"inLanguage\":\"de\",\"potentialAction\":[{\"@type\":\"CommentAction\",\"name\":\"Comment\",\"target\":[\"https:\\\/\\\/imker-aigen.at\\\/index.php\\\/2023\\\/07\\\/05\\\/protokoll-vom-stammtisch-am-4-juli-2023\\\/#respond\"]}]},{\"@type\":\"WebPage\",\"@id\":\"https:\\\/\\\/imker-aigen.at\\\/index.php\\\/2023\\\/07\\\/05\\\/protokoll-vom-stammtisch-am-4-juli-2023\\\/\",\"url\":\"https:\\\/\\\/imker-aigen.at\\\/index.php\\\/2023\\\/07\\\/05\\\/protokoll-vom-stammtisch-am-4-juli-2023\\\/\",\"name\":\"Protokoll vom Stammtisch am 4. Juli 2023 - Imker Ortsgruppe Salzburg Aigen\",\"isPartOf\":{\"@id\":\"https:\\\/\\\/imker-aigen.at\\\/#website\"},\"primaryImageOfPage\":{\"@id\":\"https:\\\/\\\/imker-aigen.at\\\/index.php\\\/2023\\\/07\\\/05\\\/protokoll-vom-stammtisch-am-4-juli-2023\\\/#primaryimage\"},\"image\":{\"@id\":\"https:\\\/\\\/imker-aigen.at\\\/index.php\\\/2023\\\/07\\\/05\\\/protokoll-vom-stammtisch-am-4-juli-2023\\\/#primaryimage\"},\"thumbnailUrl\":\"https:\\\/\\\/imker-aigen.at\\\/wp-content\\\/uploads\\\/2022\\\/08\\\/glasses-beer-1.jpg\",\"datePublished\":\"2023-07-05T15:46:06+00:00\",\"dateModified\":\"2023-09-07T08:26:58+00:00\",\"description\":\"Das Protokoll vom Stammtisch des Imkervereins Salzburg Aigen am 4. Juli 2023\",\"breadcrumb\":{\"@id\":\"https:\\\/\\\/imker-aigen.at\\\/index.php\\\/2023\\\/07\\\/05\\\/protokoll-vom-stammtisch-am-4-juli-2023\\\/#breadcrumb\"},\"inLanguage\":\"de\",\"potentialAction\":[{\"@type\":\"ReadAction\",\"target\":[\"https:\\\/\\\/imker-aigen.at\\\/index.php\\\/2023\\\/07\\\/05\\\/protokoll-vom-stammtisch-am-4-juli-2023\\\/\"]}]},{\"@type\":\"ImageObject\",\"inLanguage\":\"de\",\"@id\":\"https:\\\/\\\/imker-aigen.at\\\/index.php\\\/2023\\\/07\\\/05\\\/protokoll-vom-stammtisch-am-4-juli-2023\\\/#primaryimage\",\"url\":\"https:\\\/\\\/imker-aigen.at\\\/wp-content\\\/uploads\\\/2022\\\/08\\\/glasses-beer-1.jpg\",\"contentUrl\":\"https:\\\/\\\/imker-aigen.at\\\/wp-content\\\/uploads\\\/2022\\\/08\\\/glasses-beer-1.jpg\",\"width\":180,\"height\":241,\"caption\":\"Bier\"},{\"@type\":\"BreadcrumbList\",\"@id\":\"https:\\\/\\\/imker-aigen.at\\\/index.php\\\/2023\\\/07\\\/05\\\/protokoll-vom-stammtisch-am-4-juli-2023\\\/#breadcrumb\",\"itemListElement\":[{\"@type\":\"ListItem\",\"position\":1,\"name\":\"Startseite\",\"item\":\"https:\\\/\\\/imker-aigen.at\\\/index.php\\\/home\\\/\"},{\"@type\":\"ListItem\",\"position\":2,\"name\":\"Protokoll vom Stammtisch am 4. Juli 2023\"}]},{\"@type\":\"WebSite\",\"@id\":\"https:\\\/\\\/imker-aigen.at\\\/#website\",\"url\":\"https:\\\/\\\/imker-aigen.at\\\/\",\"name\":\"Imker Ortsgruppe Salzburg Aigen\",\"description\":\"Homepage der Imker-Ortsgruppe Salzburg Aigen\",\"publisher\":{\"@id\":\"https:\\\/\\\/imker-aigen.at\\\/#organization\"},\"potentialAction\":[{\"@type\":\"SearchAction\",\"target\":{\"@type\":\"EntryPoint\",\"urlTemplate\":\"https:\\\/\\\/imker-aigen.at\\\/?s={search_term_string}\"},\"query-input\":{\"@type\":\"PropertyValueSpecification\",\"valueRequired\":true,\"valueName\":\"search_term_string\"}}],\"inLanguage\":\"de\"},{\"@type\":\"Organization\",\"@id\":\"https:\\\/\\\/imker-aigen.at\\\/#organization\",\"name\":\"Imker Ortsgruppe Salzburg Aigen\",\"url\":\"https:\\\/\\\/imker-aigen.at\\\/\",\"logo\":{\"@type\":\"ImageObject\",\"inLanguage\":\"de\",\"@id\":\"https:\\\/\\\/imker-aigen.at\\\/#\\\/schema\\\/logo\\\/image\\\/\",\"url\":\"https:\\\/\\\/imker-aigen.at\\\/wp-content\\\/uploads\\\/2022\\\/08\\\/logo-1.png\",\"contentUrl\":\"https:\\\/\\\/imker-aigen.at\\\/wp-content\\\/uploads\\\/2022\\\/08\\\/logo-1.png\",\"width\":392,\"height\":156,\"caption\":\"Imker Ortsgruppe Salzburg Aigen\"},\"image\":{\"@id\":\"https:\\\/\\\/imker-aigen.at\\\/#\\\/schema\\\/logo\\\/image\\\/\"}},{\"@type\":\"Person\",\"@id\":\"https:\\\/\\\/imker-aigen.at\\\/#\\\/schema\\\/person\\\/d7d0c3a8ef6f051d450781218ac83077\",\"name\":\"admin\",\"image\":{\"@type\":\"ImageObject\",\"inLanguage\":\"de\",\"@id\":\"https:\\\/\\\/secure.gravatar.com\\\/avatar\\\/925a7e918efd3cfdae29be9c0018a3ae3275cd0444a6e166241172bb6e5243c7?s=96&d=mm&r=g\",\"url\":\"https:\\\/\\\/secure.gravatar.com\\\/avatar\\\/925a7e918efd3cfdae29be9c0018a3ae3275cd0444a6e166241172bb6e5243c7?s=96&d=mm&r=g\",\"contentUrl\":\"https:\\\/\\\/secure.gravatar.com\\\/avatar\\\/925a7e918efd3cfdae29be9c0018a3ae3275cd0444a6e166241172bb6e5243c7?s=96&d=mm&r=g\",\"caption\":\"admin\"},\"sameAs\":[\"https:\\\/\\\/imker-aigen.at\",\"linkedin.com\\\/in\\\/bernd-meierhofer-5919b62\"],\"url\":\"https:\\\/\\\/imker-aigen.at\\\/index.php\\\/author\\\/bmeierhofer\\\/\"}]}<\/script>\n<!-- \/ Yoast SEO plugin. -->","yoast_head_json":{"title":"Protokoll vom Stammtisch am 4. Juli 2023 - Imker Ortsgruppe Salzburg Aigen","description":"Das Protokoll vom Stammtisch des Imkervereins Salzburg Aigen am 4. Juli 2023","robots":{"index":"index","follow":"follow","max-snippet":"max-snippet:-1","max-image-preview":"max-image-preview:large","max-video-preview":"max-video-preview:-1"},"canonical":"https:\/\/imker-aigen.at\/index.php\/2023\/07\/05\/protokoll-vom-stammtisch-am-4-juli-2023\/","og_locale":"de_DE","og_type":"article","og_title":"Protokoll vom Stammtisch am 4. Juli 2023 - Imker Ortsgruppe Salzburg Aigen","og_description":"Das Protokoll vom Stammtisch des Imkervereins Salzburg Aigen am 4. Juli 2023","og_url":"https:\/\/imker-aigen.at\/index.php\/2023\/07\/05\/protokoll-vom-stammtisch-am-4-juli-2023\/","og_site_name":"Imker Ortsgruppe Salzburg Aigen","article_published_time":"2023-07-05T15:46:06+00:00","article_modified_time":"2023-09-07T08:26:58+00:00","og_image":[{"width":180,"height":241,"url":"https:\/\/imker-aigen.at\/wp-content\/uploads\/2022\/08\/glasses-beer-1.jpg","type":"image\/jpeg"}],"author":"admin","twitter_card":"summary_large_image","twitter_misc":{"Verfasst von":"admin","Gesch\u00e4tzte Lesezeit":"5\u00a0Minuten"},"schema":{"@context":"https:\/\/schema.org","@graph":[{"@type":"Article","@id":"https:\/\/imker-aigen.at\/index.php\/2023\/07\/05\/protokoll-vom-stammtisch-am-4-juli-2023\/#article","isPartOf":{"@id":"https:\/\/imker-aigen.at\/index.php\/2023\/07\/05\/protokoll-vom-stammtisch-am-4-juli-2023\/"},"author":{"name":"admin","@id":"https:\/\/imker-aigen.at\/#\/schema\/person\/d7d0c3a8ef6f051d450781218ac83077"},"headline":"Protokoll vom Stammtisch am 4. Juli 2023","datePublished":"2023-07-05T15:46:06+00:00","dateModified":"2023-09-07T08:26:58+00:00","mainEntityOfPage":{"@id":"https:\/\/imker-aigen.at\/index.php\/2023\/07\/05\/protokoll-vom-stammtisch-am-4-juli-2023\/"},"wordCount":1181,"commentCount":0,"publisher":{"@id":"https:\/\/imker-aigen.at\/#organization"},"image":{"@id":"https:\/\/imker-aigen.at\/index.php\/2023\/07\/05\/protokoll-vom-stammtisch-am-4-juli-2023\/#primaryimage"},"thumbnailUrl":"https:\/\/imker-aigen.at\/wp-content\/uploads\/2022\/08\/glasses-beer-1.jpg","keywords":["Aigen","Imker","Stammtisch"],"articleSection":["Alte Veranstaltungen"],"inLanguage":"de","potentialAction":[{"@type":"CommentAction","name":"Comment","target":["https:\/\/imker-aigen.at\/index.php\/2023\/07\/05\/protokoll-vom-stammtisch-am-4-juli-2023\/#respond"]}]},{"@type":"WebPage","@id":"https:\/\/imker-aigen.at\/index.php\/2023\/07\/05\/protokoll-vom-stammtisch-am-4-juli-2023\/","url":"https:\/\/imker-aigen.at\/index.php\/2023\/07\/05\/protokoll-vom-stammtisch-am-4-juli-2023\/","name":"Protokoll vom Stammtisch am 4. Juli 2023 - Imker Ortsgruppe Salzburg Aigen","isPartOf":{"@id":"https:\/\/imker-aigen.at\/#website"},"primaryImageOfPage":{"@id":"https:\/\/imker-aigen.at\/index.php\/2023\/07\/05\/protokoll-vom-stammtisch-am-4-juli-2023\/#primaryimage"},"image":{"@id":"https:\/\/imker-aigen.at\/index.php\/2023\/07\/05\/protokoll-vom-stammtisch-am-4-juli-2023\/#primaryimage"},"thumbnailUrl":"https:\/\/imker-aigen.at\/wp-content\/uploads\/2022\/08\/glasses-beer-1.jpg","datePublished":"2023-07-05T15:46:06+00:00","dateModified":"2023-09-07T08:26:58+00:00","description":"Das Protokoll vom Stammtisch des Imkervereins Salzburg Aigen am 4. Juli 2023","breadcrumb":{"@id":"https:\/\/imker-aigen.at\/index.php\/2023\/07\/05\/protokoll-vom-stammtisch-am-4-juli-2023\/#breadcrumb"},"inLanguage":"de","potentialAction":[{"@type":"ReadAction","target":["https:\/\/imker-aigen.at\/index.php\/2023\/07\/05\/protokoll-vom-stammtisch-am-4-juli-2023\/"]}]},{"@type":"ImageObject","inLanguage":"de","@id":"https:\/\/imker-aigen.at\/index.php\/2023\/07\/05\/protokoll-vom-stammtisch-am-4-juli-2023\/#primaryimage","url":"https:\/\/imker-aigen.at\/wp-content\/uploads\/2022\/08\/glasses-beer-1.jpg","contentUrl":"https:\/\/imker-aigen.at\/wp-content\/uploads\/2022\/08\/glasses-beer-1.jpg","width":180,"height":241,"caption":"Bier"},{"@type":"BreadcrumbList","@id":"https:\/\/imker-aigen.at\/index.php\/2023\/07\/05\/protokoll-vom-stammtisch-am-4-juli-2023\/#breadcrumb","itemListElement":[{"@type":"ListItem","position":1,"name":"Startseite","item":"https:\/\/imker-aigen.at\/index.php\/home\/"},{"@type":"ListItem","position":2,"name":"Protokoll vom Stammtisch am 4. Juli 2023"}]},{"@type":"WebSite","@id":"https:\/\/imker-aigen.at\/#website","url":"https:\/\/imker-aigen.at\/","name":"Imker Ortsgruppe Salzburg Aigen","description":"Homepage der Imker-Ortsgruppe Salzburg Aigen","publisher":{"@id":"https:\/\/imker-aigen.at\/#organization"},"potentialAction":[{"@type":"SearchAction","target":{"@type":"EntryPoint","urlTemplate":"https:\/\/imker-aigen.at\/?s={search_term_string}"},"query-input":{"@type":"PropertyValueSpecification","valueRequired":true,"valueName":"search_term_string"}}],"inLanguage":"de"},{"@type":"Organization","@id":"https:\/\/imker-aigen.at\/#organization","name":"Imker Ortsgruppe Salzburg Aigen","url":"https:\/\/imker-aigen.at\/","logo":{"@type":"ImageObject","inLanguage":"de","@id":"https:\/\/imker-aigen.at\/#\/schema\/logo\/image\/","url":"https:\/\/imker-aigen.at\/wp-content\/uploads\/2022\/08\/logo-1.png","contentUrl":"https:\/\/imker-aigen.at\/wp-content\/uploads\/2022\/08\/logo-1.png","width":392,"height":156,"caption":"Imker Ortsgruppe Salzburg Aigen"},"image":{"@id":"https:\/\/imker-aigen.at\/#\/schema\/logo\/image\/"}},{"@type":"Person","@id":"https:\/\/imker-aigen.at\/#\/schema\/person\/d7d0c3a8ef6f051d450781218ac83077","name":"admin","image":{"@type":"ImageObject","inLanguage":"de","@id":"https:\/\/secure.gravatar.com\/avatar\/925a7e918efd3cfdae29be9c0018a3ae3275cd0444a6e166241172bb6e5243c7?s=96&d=mm&r=g","url":"https:\/\/secure.gravatar.com\/avatar\/925a7e918efd3cfdae29be9c0018a3ae3275cd0444a6e166241172bb6e5243c7?s=96&d=mm&r=g","contentUrl":"https:\/\/secure.gravatar.com\/avatar\/925a7e918efd3cfdae29be9c0018a3ae3275cd0444a6e166241172bb6e5243c7?s=96&d=mm&r=g","caption":"admin"},"sameAs":["https:\/\/imker-aigen.at","linkedin.com\/in\/bernd-meierhofer-5919b62"],"url":"https:\/\/imker-aigen.at\/index.php\/author\/bmeierhofer\/"}]}},"_links":{"self":[{"href":"https:\/\/imker-aigen.at\/index.php\/wp-json\/wp\/v2\/posts\/4100","targetHints":{"allow":["GET"]}}],"collection":[{"href":"https:\/\/imker-aigen.at\/index.php\/wp-json\/wp\/v2\/posts"}],"about":[{"href":"https:\/\/imker-aigen.at\/index.php\/wp-json\/wp\/v2\/types\/post"}],"author":[{"embeddable":true,"href":"https:\/\/imker-aigen.at\/index.php\/wp-json\/wp\/v2\/users\/1"}],"replies":[{"embeddable":true,"href":"https:\/\/imker-aigen.at\/index.php\/wp-json\/wp\/v2\/comments?post=4100"}],"version-history":[{"count":5,"href":"https:\/\/imker-aigen.at\/index.php\/wp-json\/wp\/v2\/posts\/4100\/revisions"}],"predecessor-version":[{"id":4112,"href":"https:\/\/imker-aigen.at\/index.php\/wp-json\/wp\/v2\/posts\/4100\/revisions\/4112"}],"wp:featuredmedia":[{"embeddable":true,"href":"https:\/\/imker-aigen.at\/index.php\/wp-json\/wp\/v2\/media\/621"}],"wp:attachment":[{"href":"https:\/\/imker-aigen.at\/index.php\/wp-json\/wp\/v2\/media?parent=4100"}],"wp:term":[{"taxonomy":"category","embeddable":true,"href":"https:\/\/imker-aigen.at\/index.php\/wp-json\/wp\/v2\/categories?post=4100"},{"taxonomy":"post_tag","embeddable":true,"href":"https:\/\/imker-aigen.at\/index.php\/wp-json\/wp\/v2\/tags?post=4100"}],"curies":[{"name":"wp","href":"https:\/\/api.w.org\/{rel}","templated":true}]}}