{"id":4114,"date":"2023-07-10T09:39:31","date_gmt":"2023-07-10T07:39:31","guid":{"rendered":"https:\/\/imker-aigen.at\/?p=4114"},"modified":"2023-07-17T10:52:17","modified_gmt":"2023-07-17T08:52:17","slug":"sommerfest-am-8-juli-2023","status":"publish","type":"post","link":"https:\/\/imker-aigen.at\/index.php\/2023\/07\/10\/sommerfest-am-8-juli-2023\/","title":{"rendered":"Sommerfest am 8. Juli 2023"},"content":{"rendered":"<div  class='flex_column av-782vcy-ccaf12c2dea310054c3cb9faedd16ff0 av_one_full  avia-builder-el-0  avia-builder-el-no-sibling  first flex_column_div  '     ><p>\n<style type=\"text\/css\" data-created_by=\"avia_inline_auto\" id=\"style-css-av-ljwjr5pq-cc4bbad16e35b9649a45f978bdb37f9b\">\n#top .av-special-heading.av-ljwjr5pq-cc4bbad16e35b9649a45f978bdb37f9b{\npadding-bottom:10px;\n}\nbody .av-special-heading.av-ljwjr5pq-cc4bbad16e35b9649a45f978bdb37f9b .av-special-heading-tag .heading-char{\nfont-size:25px;\n}\n.av-special-heading.av-ljwjr5pq-cc4bbad16e35b9649a45f978bdb37f9b .av-subheading{\nfont-size:15px;\n}\n<\/style>\n<div  class='av-special-heading av-ljwjr5pq-cc4bbad16e35b9649a45f978bdb37f9b av-special-heading-h1 blockquote modern-quote modern-centered  avia-builder-el-1  el_before_av_hr  avia-builder-el-first '><h1 class='av-special-heading-tag '  itemprop=\"headline\"  >Sommerfest am 8. Juli 2023<\/h1><div class=\"special-heading-border\"><div class=\"special-heading-inner-border\"><\/div><\/div><\/div><br \/>\n\n<style type=\"text\/css\" data-created_by=\"avia_inline_auto\" id=\"style-css-av-ljwkeyb1-fa92cfb4bfb5262d22f61a681c3c9f97\">\n#top .hr.av-ljwkeyb1-fa92cfb4bfb5262d22f61a681c3c9f97{\nmargin-top:30px;\nmargin-bottom:30px;\n}\n.hr.av-ljwkeyb1-fa92cfb4bfb5262d22f61a681c3c9f97 .hr-inner{\nwidth:50px;\nmax-width:45%;\n}\n<\/style>\n<div  class='hr av-ljwkeyb1-fa92cfb4bfb5262d22f61a681c3c9f97 hr-custom  avia-builder-el-2  el_after_av_heading  el_before_av_horizontal_gallery  avia-builder-el-last  hr-center hr-icon-yes'><span class='hr-inner inner-border-av-border-thin'><span class=\"hr-inner-style\"><\/span><\/span><span class='av-seperator-icon avia-iconfont avia-font-entypo-fontello' data-av_icon='\ue8bf' data-av_iconfont='entypo-fontello' ><\/span><span class='hr-inner inner-border-av-border-thin'><span class=\"hr-inner-style\"><\/span><\/span><\/div><br \/>\n\n<style type=\"text\/css\" data-created_by=\"avia_inline_auto\" id=\"style-css-av-ndco2-b5c07df319b90b13bf554813ec3c2be0\">\n.av-horizontal-gallery.av-ndco2-b5c07df319b90b13bf554813ec3c2be0{\npadding:3.75% 0px;;\n}\n.av-horizontal-gallery.av-ndco2-b5c07df319b90b13bf554813ec3c2be0 .av-horizontal-gallery-inner{\npadding-bottom:25%;\n}\n<\/style>\n<div  class='av-horizontal-gallery av-ndco2-b5c07df319b90b13bf554813ec3c2be0 av-horizontal-gallery-large-gap av-horizontal-gallery-enlarge-effect  avia-builder-el-3  el_after_av_hr  el_before_av_textblock  av-slideshow-ui av-control-default av-slideshow-manual av-loop-once av-loop-manual-once av-horizontal-gallery-1' data-slideshow-data=\"{&quot;enlarge&quot;:1.3,&quot;animation&quot;:&quot;slide&quot;,&quot;autoplay&quot;:false,&quot;loop_autoplay&quot;:&quot;once&quot;,&quot;interval&quot;:5,&quot;loop_manual&quot;:&quot;manual-once&quot;,&quot;autoplay_stopper&quot;:false,&quot;noNavigation&quot;:false,&quot;bg_slider&quot;:false,&quot;keep_padding&quot;:&quot;&quot;,&quot;hoverpause&quot;:false,&quot;show_slide_delay&quot;:0}\"  itemprop=\"image\" itemscope=\"itemscope\" itemtype=\"https:\/\/schema.org\/ImageObject\" ><div class='avia-slideshow-arrows avia-slideshow-controls' ><a href='#prev' class='prev-slide av-horizontal-gallery-prev avia-svg-icon avia-font-svg_entypo-fontello' data-av_svg_icon='left-open-big' data-av_iconset='svg_entypo-fontello' tabindex='-1' title=\"Zur\u00fcck\"><svg version=\"1.1\" xmlns=\"http:\/\/www.w3.org\/2000\/svg\" width=\"15\" height=\"32\" viewBox=\"0 0 15 32\" preserveAspectRatio=\"xMidYMid meet\" aria-labelledby='av-svg-title-1' aria-describedby='av-svg-desc-1' role=\"graphics-symbol\" aria-hidden=\"true\">\n<title id='av-svg-title-1'>Zur\u00fcck<\/title>\n<desc id='av-svg-desc-1'>Zur\u00fcck<\/desc>\n<path d=\"M14.464 27.84q0.832 0.832 0 1.536-0.832 0.832-1.536 0l-12.544-12.608q-0.768-0.768 0-1.6l12.544-12.608q0.704-0.832 1.536 0 0.832 0.704 0 1.536l-11.456 11.904z\"><\/path>\n<\/svg><span class='avia_hidden_link_text'>Zur\u00fcck<\/span><\/a><a href='#next' class='next-slide av-horizontal-gallery-next avia-svg-icon avia-font-svg_entypo-fontello' data-av_svg_icon='right-open-big' data-av_iconset='svg_entypo-fontello' tabindex='-1' title=\"Weiter\"><svg version=\"1.1\" xmlns=\"http:\/\/www.w3.org\/2000\/svg\" width=\"15\" height=\"32\" viewBox=\"0 0 15 32\" preserveAspectRatio=\"xMidYMid meet\" aria-labelledby='av-svg-title-2' aria-describedby='av-svg-desc-2' role=\"graphics-symbol\" aria-hidden=\"true\">\n<title id='av-svg-title-2'>Weiter<\/title>\n<desc id='av-svg-desc-2'>Weiter<\/desc>\n<path d=\"M0.416 27.84l11.456-11.84-11.456-11.904q-0.832-0.832 0-1.536 0.832-0.832 1.536 0l12.544 12.608q0.768 0.832 0 1.6l-12.544 12.608q-0.704 0.832-1.536 0-0.832-0.704 0-1.536z\"><\/path>\n<\/svg><span class='avia_hidden_link_text'>Weiter<\/span><\/a><\/div><div class='avia-slideshow-dots avia-slideshow-controls av-horizontal-gallery-dots fade-in'><a href='#1' class='goto-slide active' >1<\/a><a href='#2' class='goto-slide ' >2<\/a><a href='#3' class='goto-slide ' >3<\/a><a href='#4' class='goto-slide ' >4<\/a><a href='#5' class='goto-slide ' >5<\/a><a href='#6' class='goto-slide ' >6<\/a><\/div><div class='av-horizontal-gallery-inner' data-av-height='25'><div class=\"av-horizontal-gallery-slider\"><div class=\"av-horizontal-gallery-wrap noHover\"><img decoding=\"async\" fetchpriority=\"high\" class='wp-image-4117 avia-img-lazy-loading-not-4117 av-horizontal-gallery-img' width=\"1024\" height=\"768\" src=\"https:\/\/imker-aigen.at\/wp-content\/uploads\/2023\/07\/sommerfest2023_2_1024_768.jpg\" title='Sommerfest 2023 - In der Garage vom G\u00e4nsbrunnbauer' alt='' srcset=\"https:\/\/imker-aigen.at\/wp-content\/uploads\/2023\/07\/sommerfest2023_2_1024_768.jpg 1024w, https:\/\/imker-aigen.at\/wp-content\/uploads\/2023\/07\/sommerfest2023_2_1024_768-300x225.jpg 300w, https:\/\/imker-aigen.at\/wp-content\/uploads\/2023\/07\/sommerfest2023_2_1024_768-768x576.jpg 768w, https:\/\/imker-aigen.at\/wp-content\/uploads\/2023\/07\/sommerfest2023_2_1024_768-705x529.jpg 705w\" sizes=\"(max-width: 1024px) 100vw, 1024px\" \/><a href=\"https:\/\/imker-aigen.at\/wp-content\/uploads\/2023\/07\/sommerfest2023_2_1024_768.jpg\" data-srcset=\"https:\/\/imker-aigen.at\/wp-content\/uploads\/2023\/07\/sommerfest2023_2_1024_768.jpg 1024w, https:\/\/imker-aigen.at\/wp-content\/uploads\/2023\/07\/sommerfest2023_2_1024_768-300x225.jpg 300w, https:\/\/imker-aigen.at\/wp-content\/uploads\/2023\/07\/sommerfest2023_2_1024_768-768x576.jpg 768w, https:\/\/imker-aigen.at\/wp-content\/uploads\/2023\/07\/sommerfest2023_2_1024_768-705x529.jpg 705w\" data-sizes=\"(max-width: 1024px) 100vw, 1024px\" class='av-horizontal-gallery-link avia-svg-icon avia-font-svg_entypo-fontello' data-av_svg_icon='resize-full' data-av_iconset='svg_entypo-fontello' title='Sommerfest 2023 - In der Garage vom G\u00e4nsbrunnbauer' alt='' aria-label='Open image in lightbox: Sommerfest 2023 - In der Garage vom G\u00e4nsbrunnbauer'><svg version=\"1.1\" xmlns=\"http:\/\/www.w3.org\/2000\/svg\" width=\"25\" height=\"32\" viewBox=\"0 0 25 32\" preserveAspectRatio=\"xMidYMid meet\" aria-labelledby='av-svg-title-3' aria-describedby='av-svg-desc-3' role=\"graphics-symbol\" aria-hidden=\"true\">\n<title id='av-svg-title-3'>Open image in lightbox: Sommerfest 2023 - In der Garage vom G\u00e4nsbrunnbauer<\/title>\n<desc id='av-svg-desc-3'>Open image in lightbox: Sommerfest 2023 - In der Garage vom G\u00e4nsbrunnbauer<\/desc>\n<path d=\"M15.232 3.328h10.112v10.112l-3.2-3.968-4.672 4.864-3.2-3.2 4.864-4.672zM7.872 17.536l3.2 3.2-4.864 4.672 3.904 3.2h-10.112v-10.112l3.2 3.904z\"><\/path>\n<\/svg><\/a><\/div><div class=\"av-horizontal-gallery-wrap noHover\"><img decoding=\"async\" fetchpriority=\"high\" class='wp-image-4122 avia-img-lazy-loading-not-4122 av-horizontal-gallery-img' width=\"1024\" height=\"768\" src=\"https:\/\/imker-aigen.at\/wp-content\/uploads\/2023\/07\/sommerfest2023_1024_768.jpg\" title='Das Grill-Team vom Sommerfest 2023' alt='' srcset=\"https:\/\/imker-aigen.at\/wp-content\/uploads\/2023\/07\/sommerfest2023_1024_768.jpg 1024w, https:\/\/imker-aigen.at\/wp-content\/uploads\/2023\/07\/sommerfest2023_1024_768-300x225.jpg 300w, https:\/\/imker-aigen.at\/wp-content\/uploads\/2023\/07\/sommerfest2023_1024_768-768x576.jpg 768w, https:\/\/imker-aigen.at\/wp-content\/uploads\/2023\/07\/sommerfest2023_1024_768-705x529.jpg 705w\" sizes=\"(max-width: 1024px) 100vw, 1024px\" \/><a href=\"https:\/\/imker-aigen.at\/wp-content\/uploads\/2023\/07\/sommerfest2023_1024_768.jpg\" data-srcset=\"https:\/\/imker-aigen.at\/wp-content\/uploads\/2023\/07\/sommerfest2023_1024_768.jpg 1024w, https:\/\/imker-aigen.at\/wp-content\/uploads\/2023\/07\/sommerfest2023_1024_768-300x225.jpg 300w, https:\/\/imker-aigen.at\/wp-content\/uploads\/2023\/07\/sommerfest2023_1024_768-768x576.jpg 768w, https:\/\/imker-aigen.at\/wp-content\/uploads\/2023\/07\/sommerfest2023_1024_768-705x529.jpg 705w\" data-sizes=\"(max-width: 1024px) 100vw, 1024px\" class='av-horizontal-gallery-link avia-svg-icon avia-font-svg_entypo-fontello' data-av_svg_icon='resize-full' data-av_iconset='svg_entypo-fontello' title='Das Grill-Team vom Sommerfest 2023' alt='' aria-label='Open image in lightbox: Das Grill-Team vom Sommerfest 2023'><svg version=\"1.1\" xmlns=\"http:\/\/www.w3.org\/2000\/svg\" width=\"25\" height=\"32\" viewBox=\"0 0 25 32\" preserveAspectRatio=\"xMidYMid meet\" aria-labelledby='av-svg-title-4' aria-describedby='av-svg-desc-4' role=\"graphics-symbol\" aria-hidden=\"true\">\n<title id='av-svg-title-4'>Open image in lightbox: Das Grill-Team vom Sommerfest 2023<\/title>\n<desc id='av-svg-desc-4'>Open image in lightbox: Das Grill-Team vom Sommerfest 2023<\/desc>\n<path d=\"M15.232 3.328h10.112v10.112l-3.2-3.968-4.672 4.864-3.2-3.2 4.864-4.672zM7.872 17.536l3.2 3.2-4.864 4.672 3.904 3.2h-10.112v-10.112l3.2 3.904z\"><\/path>\n<\/svg><\/a><\/div><div class=\"av-horizontal-gallery-wrap noHover\"><img decoding=\"async\" fetchpriority=\"high\" class='wp-image-4118 avia-img-lazy-loading-not-4118 av-horizontal-gallery-img' width=\"1024\" height=\"768\" src=\"https:\/\/imker-aigen.at\/wp-content\/uploads\/2023\/07\/sommerfest2023_3_1024_768.jpg\" title='Der kleine Felix aus Berchtesgaden bei seiner ersten Traktor-Runde' alt='' srcset=\"https:\/\/imker-aigen.at\/wp-content\/uploads\/2023\/07\/sommerfest2023_3_1024_768.jpg 1024w, https:\/\/imker-aigen.at\/wp-content\/uploads\/2023\/07\/sommerfest2023_3_1024_768-300x225.jpg 300w, https:\/\/imker-aigen.at\/wp-content\/uploads\/2023\/07\/sommerfest2023_3_1024_768-768x576.jpg 768w, https:\/\/imker-aigen.at\/wp-content\/uploads\/2023\/07\/sommerfest2023_3_1024_768-705x529.jpg 705w\" sizes=\"(max-width: 1024px) 100vw, 1024px\" \/><a href=\"https:\/\/imker-aigen.at\/wp-content\/uploads\/2023\/07\/sommerfest2023_3_1024_768.jpg\" data-srcset=\"https:\/\/imker-aigen.at\/wp-content\/uploads\/2023\/07\/sommerfest2023_3_1024_768.jpg 1024w, https:\/\/imker-aigen.at\/wp-content\/uploads\/2023\/07\/sommerfest2023_3_1024_768-300x225.jpg 300w, https:\/\/imker-aigen.at\/wp-content\/uploads\/2023\/07\/sommerfest2023_3_1024_768-768x576.jpg 768w, https:\/\/imker-aigen.at\/wp-content\/uploads\/2023\/07\/sommerfest2023_3_1024_768-705x529.jpg 705w\" data-sizes=\"(max-width: 1024px) 100vw, 1024px\" class='av-horizontal-gallery-link avia-svg-icon avia-font-svg_entypo-fontello' data-av_svg_icon='resize-full' data-av_iconset='svg_entypo-fontello' title='Der kleine Felix aus Berchtesgaden bei seiner ersten Traktor-Runde' alt='' aria-label='Open image in lightbox: Der kleine Felix aus Berchtesgaden bei seiner ersten Traktor-Runde'><svg version=\"1.1\" xmlns=\"http:\/\/www.w3.org\/2000\/svg\" width=\"25\" height=\"32\" viewBox=\"0 0 25 32\" preserveAspectRatio=\"xMidYMid meet\" aria-labelledby='av-svg-title-5' aria-describedby='av-svg-desc-5' role=\"graphics-symbol\" aria-hidden=\"true\">\n<title id='av-svg-title-5'>Open image in lightbox: Der kleine Felix aus Berchtesgaden bei seiner ersten Traktor-Runde<\/title>\n<desc id='av-svg-desc-5'>Open image in lightbox: Der kleine Felix aus Berchtesgaden bei seiner ersten Traktor-Runde<\/desc>\n<path d=\"M15.232 3.328h10.112v10.112l-3.2-3.968-4.672 4.864-3.2-3.2 4.864-4.672zM7.872 17.536l3.2 3.2-4.864 4.672 3.904 3.2h-10.112v-10.112l3.2 3.904z\"><\/path>\n<\/svg><\/a><\/div><div class=\"av-horizontal-gallery-wrap noHover\"><img decoding=\"async\" fetchpriority=\"high\" class='wp-image-4120 avia-img-lazy-loading-not-4120 av-horizontal-gallery-img' width=\"1024\" height=\"768\" src=\"https:\/\/imker-aigen.at\/wp-content\/uploads\/2023\/07\/sommerfest2023_5_1024_768.jpg\" title='Schalten beim alten Steyr Traktor - klappt nicht immer sofort' alt='' srcset=\"https:\/\/imker-aigen.at\/wp-content\/uploads\/2023\/07\/sommerfest2023_5_1024_768.jpg 1024w, https:\/\/imker-aigen.at\/wp-content\/uploads\/2023\/07\/sommerfest2023_5_1024_768-300x225.jpg 300w, https:\/\/imker-aigen.at\/wp-content\/uploads\/2023\/07\/sommerfest2023_5_1024_768-768x576.jpg 768w, https:\/\/imker-aigen.at\/wp-content\/uploads\/2023\/07\/sommerfest2023_5_1024_768-705x529.jpg 705w\" sizes=\"(max-width: 1024px) 100vw, 1024px\" \/><a href=\"https:\/\/imker-aigen.at\/wp-content\/uploads\/2023\/07\/sommerfest2023_5_1024_768.jpg\" data-srcset=\"https:\/\/imker-aigen.at\/wp-content\/uploads\/2023\/07\/sommerfest2023_5_1024_768.jpg 1024w, https:\/\/imker-aigen.at\/wp-content\/uploads\/2023\/07\/sommerfest2023_5_1024_768-300x225.jpg 300w, https:\/\/imker-aigen.at\/wp-content\/uploads\/2023\/07\/sommerfest2023_5_1024_768-768x576.jpg 768w, https:\/\/imker-aigen.at\/wp-content\/uploads\/2023\/07\/sommerfest2023_5_1024_768-705x529.jpg 705w\" data-sizes=\"(max-width: 1024px) 100vw, 1024px\" class='av-horizontal-gallery-link avia-svg-icon avia-font-svg_entypo-fontello' data-av_svg_icon='resize-full' data-av_iconset='svg_entypo-fontello' title='Schalten beim alten Steyr Traktor - klappt nicht immer sofort' alt='' aria-label='Open image in lightbox: Schalten beim alten Steyr Traktor - klappt nicht immer sofort'><svg version=\"1.1\" xmlns=\"http:\/\/www.w3.org\/2000\/svg\" width=\"25\" height=\"32\" viewBox=\"0 0 25 32\" preserveAspectRatio=\"xMidYMid meet\" aria-labelledby='av-svg-title-6' aria-describedby='av-svg-desc-6' role=\"graphics-symbol\" aria-hidden=\"true\">\n<title id='av-svg-title-6'>Open image in lightbox: Schalten beim alten Steyr Traktor - klappt nicht immer sofort<\/title>\n<desc id='av-svg-desc-6'>Open image in lightbox: Schalten beim alten Steyr Traktor - klappt nicht immer sofort<\/desc>\n<path d=\"M15.232 3.328h10.112v10.112l-3.2-3.968-4.672 4.864-3.2-3.2 4.864-4.672zM7.872 17.536l3.2 3.2-4.864 4.672 3.904 3.2h-10.112v-10.112l3.2 3.904z\"><\/path>\n<\/svg><\/a><\/div><div class=\"av-horizontal-gallery-wrap noHover\"><img decoding=\"async\" fetchpriority=\"high\" class='wp-image-4119 avia-img-lazy-loading-not-4119 av-horizontal-gallery-img' width=\"1024\" height=\"768\" src=\"https:\/\/imker-aigen.at\/wp-content\/uploads\/2023\/07\/sommerfest2023_4_1024_768.jpg\" title='Geschwindigkeitsrausch' alt='' srcset=\"https:\/\/imker-aigen.at\/wp-content\/uploads\/2023\/07\/sommerfest2023_4_1024_768.jpg 1024w, https:\/\/imker-aigen.at\/wp-content\/uploads\/2023\/07\/sommerfest2023_4_1024_768-300x225.jpg 300w, https:\/\/imker-aigen.at\/wp-content\/uploads\/2023\/07\/sommerfest2023_4_1024_768-768x576.jpg 768w, https:\/\/imker-aigen.at\/wp-content\/uploads\/2023\/07\/sommerfest2023_4_1024_768-705x529.jpg 705w\" sizes=\"(max-width: 1024px) 100vw, 1024px\" \/><a href=\"https:\/\/imker-aigen.at\/wp-content\/uploads\/2023\/07\/sommerfest2023_4_1024_768.jpg\" data-srcset=\"https:\/\/imker-aigen.at\/wp-content\/uploads\/2023\/07\/sommerfest2023_4_1024_768.jpg 1024w, https:\/\/imker-aigen.at\/wp-content\/uploads\/2023\/07\/sommerfest2023_4_1024_768-300x225.jpg 300w, https:\/\/imker-aigen.at\/wp-content\/uploads\/2023\/07\/sommerfest2023_4_1024_768-768x576.jpg 768w, https:\/\/imker-aigen.at\/wp-content\/uploads\/2023\/07\/sommerfest2023_4_1024_768-705x529.jpg 705w\" data-sizes=\"(max-width: 1024px) 100vw, 1024px\" class='av-horizontal-gallery-link avia-svg-icon avia-font-svg_entypo-fontello' data-av_svg_icon='resize-full' data-av_iconset='svg_entypo-fontello' title='Geschwindigkeitsrausch' alt='' aria-label='Open image in lightbox: Geschwindigkeitsrausch'><svg version=\"1.1\" xmlns=\"http:\/\/www.w3.org\/2000\/svg\" width=\"25\" height=\"32\" viewBox=\"0 0 25 32\" preserveAspectRatio=\"xMidYMid meet\" aria-labelledby='av-svg-title-7' aria-describedby='av-svg-desc-7' role=\"graphics-symbol\" aria-hidden=\"true\">\n<title id='av-svg-title-7'>Open image in lightbox: Geschwindigkeitsrausch<\/title>\n<desc id='av-svg-desc-7'>Open image in lightbox: Geschwindigkeitsrausch<\/desc>\n<path d=\"M15.232 3.328h10.112v10.112l-3.2-3.968-4.672 4.864-3.2-3.2 4.864-4.672zM7.872 17.536l3.2 3.2-4.864 4.672 3.904 3.2h-10.112v-10.112l3.2 3.904z\"><\/path>\n<\/svg><\/a><\/div><div class=\"av-horizontal-gallery-wrap noHover\"><img decoding=\"async\" fetchpriority=\"high\" class='wp-image-4121 avia-img-lazy-loading-not-4121 av-horizontal-gallery-img' width=\"1024\" height=\"768\" src=\"https:\/\/imker-aigen.at\/wp-content\/uploads\/2023\/07\/sommerfest2023_6_1024_768.jpg\" title='Karin&#039;s Bienenkuchen' alt='' srcset=\"https:\/\/imker-aigen.at\/wp-content\/uploads\/2023\/07\/sommerfest2023_6_1024_768.jpg 1024w, https:\/\/imker-aigen.at\/wp-content\/uploads\/2023\/07\/sommerfest2023_6_1024_768-300x225.jpg 300w, https:\/\/imker-aigen.at\/wp-content\/uploads\/2023\/07\/sommerfest2023_6_1024_768-768x576.jpg 768w, https:\/\/imker-aigen.at\/wp-content\/uploads\/2023\/07\/sommerfest2023_6_1024_768-705x529.jpg 705w\" sizes=\"(max-width: 1024px) 100vw, 1024px\" \/><a href=\"https:\/\/imker-aigen.at\/wp-content\/uploads\/2023\/07\/sommerfest2023_6_1024_768.jpg\" data-srcset=\"https:\/\/imker-aigen.at\/wp-content\/uploads\/2023\/07\/sommerfest2023_6_1024_768.jpg 1024w, https:\/\/imker-aigen.at\/wp-content\/uploads\/2023\/07\/sommerfest2023_6_1024_768-300x225.jpg 300w, https:\/\/imker-aigen.at\/wp-content\/uploads\/2023\/07\/sommerfest2023_6_1024_768-768x576.jpg 768w, https:\/\/imker-aigen.at\/wp-content\/uploads\/2023\/07\/sommerfest2023_6_1024_768-705x529.jpg 705w\" data-sizes=\"(max-width: 1024px) 100vw, 1024px\" class='av-horizontal-gallery-link avia-svg-icon avia-font-svg_entypo-fontello' data-av_svg_icon='resize-full' data-av_iconset='svg_entypo-fontello' title='Karin&#039;s Bienenkuchen' alt='' aria-label='Open image in lightbox: Karin&#039;s Bienenkuchen'><svg version=\"1.1\" xmlns=\"http:\/\/www.w3.org\/2000\/svg\" width=\"25\" height=\"32\" viewBox=\"0 0 25 32\" preserveAspectRatio=\"xMidYMid meet\" aria-labelledby='av-svg-title-8' aria-describedby='av-svg-desc-8' role=\"graphics-symbol\" aria-hidden=\"true\">\n<title id='av-svg-title-8'>Open image in lightbox: Karin&#039;s Bienenkuchen<\/title>\n<desc id='av-svg-desc-8'>Open image in lightbox: Karin&#039;s Bienenkuchen<\/desc>\n<path d=\"M15.232 3.328h10.112v10.112l-3.2-3.968-4.672 4.864-3.2-3.2 4.864-4.672zM7.872 17.536l3.2 3.2-4.864 4.672 3.904 3.2h-10.112v-10.112l3.2 3.904z\"><\/path>\n<\/svg><\/a><\/div><\/div><\/div><\/div><br \/>\n<section  class='av_textblock_section av-ljwjx6k2-9b92704911985a949ee1b61b1278783f '   itemscope=\"itemscope\" itemtype=\"https:\/\/schema.org\/BlogPosting\" itemprop=\"blogPost\" ><div class='avia_textblock'  itemprop=\"text\" ><p>Autorin: Adelheid Speyer<\/p>\n<p>Am 8. Juli, ab 14:00 fand im Garten unseres Vereinsmitglieds Engelbert Ebner in der G\u00e4nsbrunnstra\u00dfe (Bauernhof G\u00e4nsbrunn) unser Sommerfest 2023 statt. Da das Wetter doch sehr hei\u00df war, waren wir froh, dass wir in die Engelberts Garage mit wunderbarem Ausblick ins Gr\u00fcne ausweichen konnten.<\/p>\n<p>Bei guter Laune, bei Grillspezialit\u00e4ten, die vom <a href=\"https:\/\/www.trumer-schmankerlhof.com\/\">Trumer Schmankerlhof<\/a> hergestellt wurden, bei Augustiner Bier, bei Kaffee und Kuchen hatten wir Gelegenheit, in zahlreichen Gespr\u00e4chen R\u00fcckblick auf das vergangene Imkerjahr zu halten und uns \u00fcber bereits geernteten Honig bzw. \u00fcber die bei den meisten noch bevorstehende Honigernte, die bevorstehende Varroabehandlung und \u00fcber Pl\u00e4ne f\u00fcr das n\u00e4chste Imkerjahr zu unterhalten.<\/p>\n<p>Da auch einige Kinder beim Fest dabei waren, gab es f\u00fcr die Kleinen eine Traktorrunde mit einem Steyr Oldtimer-Traktor, der auf Engelberts Hof steht. Auch die Gro\u00dfen wollten sich diesen Spa\u00df nicht nehmen lassen und so durften die Mutigsten ebenfalls eine Fahrt wagen!<\/p>\n<p>Wir danken Engelbert, der uns den so geeigneten Raum zur Verf\u00fcgung gestellt hat, allen, die f\u00fcr die Vorbereitung Zeit, Kraft und Umsicht walten lie\u00dfen, allen, die gekommen sind und so zum Gelingen des Festes beigetragen haben.<\/p>\n<p>Wir freuen uns auf n\u00e4chste Gelegenheiten zum Feiern in gem\u00fctlicher Runde!<\/p>\n<\/div><\/section><br \/>\n<div  class='av-social-sharing-box av-cmwmq-da50aa9541a15e5e7c6301dca7024308 av-social-sharing-box-default  avia-builder-el-5  el_after_av_textblock  el_before_av_comments_list  av-social-sharing-box-fullwidth'><div class=\"av-share-box\"><h5 class='av-share-link-description av-no-toc '>Eintrag teilen<\/h5><ul class=\"av-share-box-list noLightbox\"><li class='av-share-link av-social-link-facebook avia_social_iconfont' ><a target=\"_blank\" aria-label=\"Teilen auf Facebook\" href='https:\/\/www.facebook.com\/sharer.php?u=https:\/\/imker-aigen.at\/index.php\/2023\/07\/10\/sommerfest-am-8-juli-2023\/&#038;t=Sommerfest%20am%208.%20Juli%202023' data-av_icon='\ue8f3' data-av_iconfont='entypo-fontello'  title='' data-avia-related-tooltip='Teilen auf Facebook'><span class='avia_hidden_link_text'>Teilen auf Facebook<\/span><\/a><\/li><li class='av-share-link av-social-link-twitter avia_social_iconfont' ><a target=\"_blank\" aria-label=\"Teilen auf X\" href='https:\/\/twitter.com\/share?text=Sommerfest%20am%208.%20Juli%202023&#038;url=https:\/\/imker-aigen.at\/?p=4114' data-av_icon='\ue932' data-av_iconfont='entypo-fontello'  title='' data-avia-related-tooltip='Teilen auf X'><span class='avia_hidden_link_text'>Teilen auf X<\/span><\/a><\/li><li class='av-share-link av-social-link-whatsapp avia_social_iconfont' ><a target=\"_blank\" aria-label=\"Teilen auf WhatsApp\" href='https:\/\/api.whatsapp.com\/send?text=https:\/\/imker-aigen.at\/index.php\/2023\/07\/10\/sommerfest-am-8-juli-2023\/' data-av_icon='\uf232' data-av_iconfont='entypo-fontello'  title='' data-avia-related-tooltip='Teilen auf WhatsApp'><span class='avia_hidden_link_text'>Teilen auf WhatsApp<\/span><\/a><\/li><li class='av-share-link av-social-link-pinterest avia_social_iconfont' ><a target=\"_blank\" aria-label=\"Teilen auf Pinterest\" href='https:\/\/pinterest.com\/pin\/create\/button\/?url=https%3A%2F%2Fimker-aigen.at%2Findex.php%2F2023%2F07%2F10%2Fsommerfest-am-8-juli-2023%2F&#038;description=Sommerfest%20am%208.%20Juli%202023&#038;media=https%3A%2F%2Fimker-aigen.at%2Fwp-content%2Fuploads%2F2023%2F07%2Fsommerfest2023_6_1024_768-705x529.jpg' data-av_icon='\ue8f8' data-av_iconfont='entypo-fontello'  title='' data-avia-related-tooltip='Teilen auf Pinterest'><span class='avia_hidden_link_text'>Teilen auf Pinterest<\/span><\/a><\/li><li class='av-share-link av-social-link-linkedin avia_social_iconfont' ><a target=\"_blank\" aria-label=\"Teilen auf LinkedIn\" href='https:\/\/linkedin.com\/shareArticle?mini=true&#038;title=Sommerfest%20am%208.%20Juli%202023&#038;url=https:\/\/imker-aigen.at\/index.php\/2023\/07\/10\/sommerfest-am-8-juli-2023\/' data-av_icon='\ue8fc' data-av_iconfont='entypo-fontello'  title='' data-avia-related-tooltip='Teilen auf LinkedIn'><span class='avia_hidden_link_text'>Teilen auf LinkedIn<\/span><\/a><\/li><li class='av-share-link av-social-link-reddit avia_social_iconfont' ><a target=\"_blank\" aria-label=\"Teilen auf Reddit\" href='https:\/\/reddit.com\/submit?url=https:\/\/imker-aigen.at\/index.php\/2023\/07\/10\/sommerfest-am-8-juli-2023\/&#038;title=Sommerfest%20am%208.%20Juli%202023' data-av_icon='\ue927' data-av_iconfont='entypo-fontello'  title='' data-avia-related-tooltip='Teilen auf Reddit'><span class='avia_hidden_link_text'>Teilen auf Reddit<\/span><\/a><\/li><li class='av-share-link av-social-link-mail avia_social_iconfont' ><a  aria-label=\"Per E-Mail teilen\" href='mailto:?subject=Sommerfest%20am%208.%20Juli%202023&#038;body=https:\/\/imker-aigen.at\/index.php\/2023\/07\/10\/sommerfest-am-8-juli-2023\/' data-av_icon='\ue805' data-av_iconfont='entypo-fontello'  title='' data-avia-related-tooltip='Per E-Mail teilen'><span class='avia_hidden_link_text'>Per E-Mail teilen<\/span><\/a><\/li><\/ul><\/div><\/div><br \/>\n<div  class='av-buildercomment av-3034c2-b33045848fdcc45afba9565420079134'><\/div><\/p><\/div>\n","protected":false},"excerpt":{"rendered":"","protected":false},"author":1,"featured_media":4121,"comment_status":"open","ping_status":"closed","sticky":false,"template":"","format":"standard","meta":{"footnotes":""},"categories":[18],"tags":[83,82,81],"class_list":["post-4114","post","type-post","status-publish","format-standard","has-post-thumbnail","hentry","category-alte-veranstaltungen","tag-feier","tag-grillen","tag-sommerfest"],"yoast_head":"<!-- This site is optimized with the Yoast SEO plugin v27.5 - https:\/\/yoast.com\/product\/yoast-seo-wordpress\/ -->\n<title>Sommerfest am 8. Juli 2023 - Imker Ortsgruppe Salzburg Aigen<\/title>\n<meta name=\"description\" content=\"Bericht zum Sommerfest 2023 des Imkervereins Salzburg Aigen\" \/>\n<meta name=\"robots\" content=\"index, follow, max-snippet:-1, max-image-preview:large, max-video-preview:-1\" \/>\n<link rel=\"canonical\" href=\"https:\/\/imker-aigen.at\/index.php\/2023\/07\/10\/sommerfest-am-8-juli-2023\/\" \/>\n<meta property=\"og:locale\" content=\"de_DE\" \/>\n<meta property=\"og:type\" content=\"article\" \/>\n<meta property=\"og:title\" content=\"Sommerfest am 8. Juli 2023 - Imker Ortsgruppe Salzburg Aigen\" \/>\n<meta property=\"og:description\" content=\"Bericht zum Sommerfest 2023 des Imkervereins Salzburg Aigen\" \/>\n<meta property=\"og:url\" content=\"https:\/\/imker-aigen.at\/index.php\/2023\/07\/10\/sommerfest-am-8-juli-2023\/\" \/>\n<meta property=\"og:site_name\" content=\"Imker Ortsgruppe Salzburg Aigen\" \/>\n<meta property=\"article:published_time\" content=\"2023-07-10T07:39:31+00:00\" \/>\n<meta property=\"article:modified_time\" content=\"2023-07-17T08:52:17+00:00\" \/>\n<meta property=\"og:image\" content=\"https:\/\/imker-aigen.at\/wp-content\/uploads\/2023\/07\/sommerfest2023_6_1024_768.jpg\" \/>\n\t<meta property=\"og:image:width\" content=\"1024\" \/>\n\t<meta property=\"og:image:height\" content=\"768\" \/>\n\t<meta property=\"og:image:type\" content=\"image\/jpeg\" \/>\n<meta name=\"author\" content=\"admin\" \/>\n<meta name=\"twitter:card\" content=\"summary_large_image\" \/>\n<meta name=\"twitter:label1\" content=\"Verfasst von\" \/>\n\t<meta name=\"twitter:data1\" content=\"admin\" \/>\n\t<meta name=\"twitter:label2\" content=\"Gesch\u00e4tzte Lesezeit\" \/>\n\t<meta name=\"twitter:data2\" content=\"4\u00a0Minuten\" \/>\n<script type=\"application\/ld+json\" class=\"yoast-schema-graph\">{\"@context\":\"https:\\\/\\\/schema.org\",\"@graph\":[{\"@type\":\"Article\",\"@id\":\"https:\\\/\\\/imker-aigen.at\\\/index.php\\\/2023\\\/07\\\/10\\\/sommerfest-am-8-juli-2023\\\/#article\",\"isPartOf\":{\"@id\":\"https:\\\/\\\/imker-aigen.at\\\/index.php\\\/2023\\\/07\\\/10\\\/sommerfest-am-8-juli-2023\\\/\"},\"author\":{\"name\":\"admin\",\"@id\":\"https:\\\/\\\/imker-aigen.at\\\/#\\\/schema\\\/person\\\/d7d0c3a8ef6f051d450781218ac83077\"},\"headline\":\"Sommerfest am 8. Juli 2023\",\"datePublished\":\"2023-07-10T07:39:31+00:00\",\"dateModified\":\"2023-07-17T08:52:17+00:00\",\"mainEntityOfPage\":{\"@id\":\"https:\\\/\\\/imker-aigen.at\\\/index.php\\\/2023\\\/07\\\/10\\\/sommerfest-am-8-juli-2023\\\/\"},\"wordCount\":1033,\"commentCount\":0,\"publisher\":{\"@id\":\"https:\\\/\\\/imker-aigen.at\\\/#organization\"},\"image\":{\"@id\":\"https:\\\/\\\/imker-aigen.at\\\/index.php\\\/2023\\\/07\\\/10\\\/sommerfest-am-8-juli-2023\\\/#primaryimage\"},\"thumbnailUrl\":\"https:\\\/\\\/imker-aigen.at\\\/wp-content\\\/uploads\\\/2023\\\/07\\\/sommerfest2023_6_1024_768.jpg\",\"keywords\":[\"Feier\",\"Grillen\",\"Sommerfest\"],\"articleSection\":[\"Alte Veranstaltungen\"],\"inLanguage\":\"de\",\"potentialAction\":[{\"@type\":\"CommentAction\",\"name\":\"Comment\",\"target\":[\"https:\\\/\\\/imker-aigen.at\\\/index.php\\\/2023\\\/07\\\/10\\\/sommerfest-am-8-juli-2023\\\/#respond\"]}]},{\"@type\":\"WebPage\",\"@id\":\"https:\\\/\\\/imker-aigen.at\\\/index.php\\\/2023\\\/07\\\/10\\\/sommerfest-am-8-juli-2023\\\/\",\"url\":\"https:\\\/\\\/imker-aigen.at\\\/index.php\\\/2023\\\/07\\\/10\\\/sommerfest-am-8-juli-2023\\\/\",\"name\":\"Sommerfest am 8. Juli 2023 - Imker Ortsgruppe Salzburg Aigen\",\"isPartOf\":{\"@id\":\"https:\\\/\\\/imker-aigen.at\\\/#website\"},\"primaryImageOfPage\":{\"@id\":\"https:\\\/\\\/imker-aigen.at\\\/index.php\\\/2023\\\/07\\\/10\\\/sommerfest-am-8-juli-2023\\\/#primaryimage\"},\"image\":{\"@id\":\"https:\\\/\\\/imker-aigen.at\\\/index.php\\\/2023\\\/07\\\/10\\\/sommerfest-am-8-juli-2023\\\/#primaryimage\"},\"thumbnailUrl\":\"https:\\\/\\\/imker-aigen.at\\\/wp-content\\\/uploads\\\/2023\\\/07\\\/sommerfest2023_6_1024_768.jpg\",\"datePublished\":\"2023-07-10T07:39:31+00:00\",\"dateModified\":\"2023-07-17T08:52:17+00:00\",\"description\":\"Bericht zum Sommerfest 2023 des Imkervereins Salzburg Aigen\",\"breadcrumb\":{\"@id\":\"https:\\\/\\\/imker-aigen.at\\\/index.php\\\/2023\\\/07\\\/10\\\/sommerfest-am-8-juli-2023\\\/#breadcrumb\"},\"inLanguage\":\"de\",\"potentialAction\":[{\"@type\":\"ReadAction\",\"target\":[\"https:\\\/\\\/imker-aigen.at\\\/index.php\\\/2023\\\/07\\\/10\\\/sommerfest-am-8-juli-2023\\\/\"]}]},{\"@type\":\"ImageObject\",\"inLanguage\":\"de\",\"@id\":\"https:\\\/\\\/imker-aigen.at\\\/index.php\\\/2023\\\/07\\\/10\\\/sommerfest-am-8-juli-2023\\\/#primaryimage\",\"url\":\"https:\\\/\\\/imker-aigen.at\\\/wp-content\\\/uploads\\\/2023\\\/07\\\/sommerfest2023_6_1024_768.jpg\",\"contentUrl\":\"https:\\\/\\\/imker-aigen.at\\\/wp-content\\\/uploads\\\/2023\\\/07\\\/sommerfest2023_6_1024_768.jpg\",\"width\":1024,\"height\":768},{\"@type\":\"BreadcrumbList\",\"@id\":\"https:\\\/\\\/imker-aigen.at\\\/index.php\\\/2023\\\/07\\\/10\\\/sommerfest-am-8-juli-2023\\\/#breadcrumb\",\"itemListElement\":[{\"@type\":\"ListItem\",\"position\":1,\"name\":\"Startseite\",\"item\":\"https:\\\/\\\/imker-aigen.at\\\/index.php\\\/home\\\/\"},{\"@type\":\"ListItem\",\"position\":2,\"name\":\"Sommerfest am 8. Juli 2023\"}]},{\"@type\":\"WebSite\",\"@id\":\"https:\\\/\\\/imker-aigen.at\\\/#website\",\"url\":\"https:\\\/\\\/imker-aigen.at\\\/\",\"name\":\"Imker Ortsgruppe Salzburg Aigen\",\"description\":\"Homepage der Imker-Ortsgruppe Salzburg Aigen\",\"publisher\":{\"@id\":\"https:\\\/\\\/imker-aigen.at\\\/#organization\"},\"potentialAction\":[{\"@type\":\"SearchAction\",\"target\":{\"@type\":\"EntryPoint\",\"urlTemplate\":\"https:\\\/\\\/imker-aigen.at\\\/?s={search_term_string}\"},\"query-input\":{\"@type\":\"PropertyValueSpecification\",\"valueRequired\":true,\"valueName\":\"search_term_string\"}}],\"inLanguage\":\"de\"},{\"@type\":\"Organization\",\"@id\":\"https:\\\/\\\/imker-aigen.at\\\/#organization\",\"name\":\"Imker Ortsgruppe Salzburg Aigen\",\"url\":\"https:\\\/\\\/imker-aigen.at\\\/\",\"logo\":{\"@type\":\"ImageObject\",\"inLanguage\":\"de\",\"@id\":\"https:\\\/\\\/imker-aigen.at\\\/#\\\/schema\\\/logo\\\/image\\\/\",\"url\":\"https:\\\/\\\/imker-aigen.at\\\/wp-content\\\/uploads\\\/2022\\\/08\\\/logo-1.png\",\"contentUrl\":\"https:\\\/\\\/imker-aigen.at\\\/wp-content\\\/uploads\\\/2022\\\/08\\\/logo-1.png\",\"width\":392,\"height\":156,\"caption\":\"Imker Ortsgruppe Salzburg Aigen\"},\"image\":{\"@id\":\"https:\\\/\\\/imker-aigen.at\\\/#\\\/schema\\\/logo\\\/image\\\/\"}},{\"@type\":\"Person\",\"@id\":\"https:\\\/\\\/imker-aigen.at\\\/#\\\/schema\\\/person\\\/d7d0c3a8ef6f051d450781218ac83077\",\"name\":\"admin\",\"image\":{\"@type\":\"ImageObject\",\"inLanguage\":\"de\",\"@id\":\"https:\\\/\\\/secure.gravatar.com\\\/avatar\\\/925a7e918efd3cfdae29be9c0018a3ae3275cd0444a6e166241172bb6e5243c7?s=96&d=mm&r=g\",\"url\":\"https:\\\/\\\/secure.gravatar.com\\\/avatar\\\/925a7e918efd3cfdae29be9c0018a3ae3275cd0444a6e166241172bb6e5243c7?s=96&d=mm&r=g\",\"contentUrl\":\"https:\\\/\\\/secure.gravatar.com\\\/avatar\\\/925a7e918efd3cfdae29be9c0018a3ae3275cd0444a6e166241172bb6e5243c7?s=96&d=mm&r=g\",\"caption\":\"admin\"},\"sameAs\":[\"https:\\\/\\\/imker-aigen.at\",\"linkedin.com\\\/in\\\/bernd-meierhofer-5919b62\"],\"url\":\"https:\\\/\\\/imker-aigen.at\\\/index.php\\\/author\\\/bmeierhofer\\\/\"}]}<\/script>\n<!-- \/ Yoast SEO plugin. -->","yoast_head_json":{"title":"Sommerfest am 8. Juli 2023 - Imker Ortsgruppe Salzburg Aigen","description":"Bericht zum Sommerfest 2023 des Imkervereins Salzburg Aigen","robots":{"index":"index","follow":"follow","max-snippet":"max-snippet:-1","max-image-preview":"max-image-preview:large","max-video-preview":"max-video-preview:-1"},"canonical":"https:\/\/imker-aigen.at\/index.php\/2023\/07\/10\/sommerfest-am-8-juli-2023\/","og_locale":"de_DE","og_type":"article","og_title":"Sommerfest am 8. Juli 2023 - Imker Ortsgruppe Salzburg Aigen","og_description":"Bericht zum Sommerfest 2023 des Imkervereins Salzburg Aigen","og_url":"https:\/\/imker-aigen.at\/index.php\/2023\/07\/10\/sommerfest-am-8-juli-2023\/","og_site_name":"Imker Ortsgruppe Salzburg Aigen","article_published_time":"2023-07-10T07:39:31+00:00","article_modified_time":"2023-07-17T08:52:17+00:00","og_image":[{"width":1024,"height":768,"url":"https:\/\/imker-aigen.at\/wp-content\/uploads\/2023\/07\/sommerfest2023_6_1024_768.jpg","type":"image\/jpeg"}],"author":"admin","twitter_card":"summary_large_image","twitter_misc":{"Verfasst von":"admin","Gesch\u00e4tzte Lesezeit":"4\u00a0Minuten"},"schema":{"@context":"https:\/\/schema.org","@graph":[{"@type":"Article","@id":"https:\/\/imker-aigen.at\/index.php\/2023\/07\/10\/sommerfest-am-8-juli-2023\/#article","isPartOf":{"@id":"https:\/\/imker-aigen.at\/index.php\/2023\/07\/10\/sommerfest-am-8-juli-2023\/"},"author":{"name":"admin","@id":"https:\/\/imker-aigen.at\/#\/schema\/person\/d7d0c3a8ef6f051d450781218ac83077"},"headline":"Sommerfest am 8. Juli 2023","datePublished":"2023-07-10T07:39:31+00:00","dateModified":"2023-07-17T08:52:17+00:00","mainEntityOfPage":{"@id":"https:\/\/imker-aigen.at\/index.php\/2023\/07\/10\/sommerfest-am-8-juli-2023\/"},"wordCount":1033,"commentCount":0,"publisher":{"@id":"https:\/\/imker-aigen.at\/#organization"},"image":{"@id":"https:\/\/imker-aigen.at\/index.php\/2023\/07\/10\/sommerfest-am-8-juli-2023\/#primaryimage"},"thumbnailUrl":"https:\/\/imker-aigen.at\/wp-content\/uploads\/2023\/07\/sommerfest2023_6_1024_768.jpg","keywords":["Feier","Grillen","Sommerfest"],"articleSection":["Alte Veranstaltungen"],"inLanguage":"de","potentialAction":[{"@type":"CommentAction","name":"Comment","target":["https:\/\/imker-aigen.at\/index.php\/2023\/07\/10\/sommerfest-am-8-juli-2023\/#respond"]}]},{"@type":"WebPage","@id":"https:\/\/imker-aigen.at\/index.php\/2023\/07\/10\/sommerfest-am-8-juli-2023\/","url":"https:\/\/imker-aigen.at\/index.php\/2023\/07\/10\/sommerfest-am-8-juli-2023\/","name":"Sommerfest am 8. Juli 2023 - Imker Ortsgruppe Salzburg Aigen","isPartOf":{"@id":"https:\/\/imker-aigen.at\/#website"},"primaryImageOfPage":{"@id":"https:\/\/imker-aigen.at\/index.php\/2023\/07\/10\/sommerfest-am-8-juli-2023\/#primaryimage"},"image":{"@id":"https:\/\/imker-aigen.at\/index.php\/2023\/07\/10\/sommerfest-am-8-juli-2023\/#primaryimage"},"thumbnailUrl":"https:\/\/imker-aigen.at\/wp-content\/uploads\/2023\/07\/sommerfest2023_6_1024_768.jpg","datePublished":"2023-07-10T07:39:31+00:00","dateModified":"2023-07-17T08:52:17+00:00","description":"Bericht zum Sommerfest 2023 des Imkervereins Salzburg Aigen","breadcrumb":{"@id":"https:\/\/imker-aigen.at\/index.php\/2023\/07\/10\/sommerfest-am-8-juli-2023\/#breadcrumb"},"inLanguage":"de","potentialAction":[{"@type":"ReadAction","target":["https:\/\/imker-aigen.at\/index.php\/2023\/07\/10\/sommerfest-am-8-juli-2023\/"]}]},{"@type":"ImageObject","inLanguage":"de","@id":"https:\/\/imker-aigen.at\/index.php\/2023\/07\/10\/sommerfest-am-8-juli-2023\/#primaryimage","url":"https:\/\/imker-aigen.at\/wp-content\/uploads\/2023\/07\/sommerfest2023_6_1024_768.jpg","contentUrl":"https:\/\/imker-aigen.at\/wp-content\/uploads\/2023\/07\/sommerfest2023_6_1024_768.jpg","width":1024,"height":768},{"@type":"BreadcrumbList","@id":"https:\/\/imker-aigen.at\/index.php\/2023\/07\/10\/sommerfest-am-8-juli-2023\/#breadcrumb","itemListElement":[{"@type":"ListItem","position":1,"name":"Startseite","item":"https:\/\/imker-aigen.at\/index.php\/home\/"},{"@type":"ListItem","position":2,"name":"Sommerfest am 8. Juli 2023"}]},{"@type":"WebSite","@id":"https:\/\/imker-aigen.at\/#website","url":"https:\/\/imker-aigen.at\/","name":"Imker Ortsgruppe Salzburg Aigen","description":"Homepage der Imker-Ortsgruppe Salzburg Aigen","publisher":{"@id":"https:\/\/imker-aigen.at\/#organization"},"potentialAction":[{"@type":"SearchAction","target":{"@type":"EntryPoint","urlTemplate":"https:\/\/imker-aigen.at\/?s={search_term_string}"},"query-input":{"@type":"PropertyValueSpecification","valueRequired":true,"valueName":"search_term_string"}}],"inLanguage":"de"},{"@type":"Organization","@id":"https:\/\/imker-aigen.at\/#organization","name":"Imker Ortsgruppe Salzburg Aigen","url":"https:\/\/imker-aigen.at\/","logo":{"@type":"ImageObject","inLanguage":"de","@id":"https:\/\/imker-aigen.at\/#\/schema\/logo\/image\/","url":"https:\/\/imker-aigen.at\/wp-content\/uploads\/2022\/08\/logo-1.png","contentUrl":"https:\/\/imker-aigen.at\/wp-content\/uploads\/2022\/08\/logo-1.png","width":392,"height":156,"caption":"Imker Ortsgruppe Salzburg Aigen"},"image":{"@id":"https:\/\/imker-aigen.at\/#\/schema\/logo\/image\/"}},{"@type":"Person","@id":"https:\/\/imker-aigen.at\/#\/schema\/person\/d7d0c3a8ef6f051d450781218ac83077","name":"admin","image":{"@type":"ImageObject","inLanguage":"de","@id":"https:\/\/secure.gravatar.com\/avatar\/925a7e918efd3cfdae29be9c0018a3ae3275cd0444a6e166241172bb6e5243c7?s=96&d=mm&r=g","url":"https:\/\/secure.gravatar.com\/avatar\/925a7e918efd3cfdae29be9c0018a3ae3275cd0444a6e166241172bb6e5243c7?s=96&d=mm&r=g","contentUrl":"https:\/\/secure.gravatar.com\/avatar\/925a7e918efd3cfdae29be9c0018a3ae3275cd0444a6e166241172bb6e5243c7?s=96&d=mm&r=g","caption":"admin"},"sameAs":["https:\/\/imker-aigen.at","linkedin.com\/in\/bernd-meierhofer-5919b62"],"url":"https:\/\/imker-aigen.at\/index.php\/author\/bmeierhofer\/"}]}},"_links":{"self":[{"href":"https:\/\/imker-aigen.at\/index.php\/wp-json\/wp\/v2\/posts\/4114","targetHints":{"allow":["GET"]}}],"collection":[{"href":"https:\/\/imker-aigen.at\/index.php\/wp-json\/wp\/v2\/posts"}],"about":[{"href":"https:\/\/imker-aigen.at\/index.php\/wp-json\/wp\/v2\/types\/post"}],"author":[{"embeddable":true,"href":"https:\/\/imker-aigen.at\/index.php\/wp-json\/wp\/v2\/users\/1"}],"replies":[{"embeddable":true,"href":"https:\/\/imker-aigen.at\/index.php\/wp-json\/wp\/v2\/comments?post=4114"}],"version-history":[{"count":4,"href":"https:\/\/imker-aigen.at\/index.php\/wp-json\/wp\/v2\/posts\/4114\/revisions"}],"predecessor-version":[{"id":4126,"href":"https:\/\/imker-aigen.at\/index.php\/wp-json\/wp\/v2\/posts\/4114\/revisions\/4126"}],"wp:featuredmedia":[{"embeddable":true,"href":"https:\/\/imker-aigen.at\/index.php\/wp-json\/wp\/v2\/media\/4121"}],"wp:attachment":[{"href":"https:\/\/imker-aigen.at\/index.php\/wp-json\/wp\/v2\/media?parent=4114"}],"wp:term":[{"taxonomy":"category","embeddable":true,"href":"https:\/\/imker-aigen.at\/index.php\/wp-json\/wp\/v2\/categories?post=4114"},{"taxonomy":"post_tag","embeddable":true,"href":"https:\/\/imker-aigen.at\/index.php\/wp-json\/wp\/v2\/tags?post=4114"}],"curies":[{"name":"wp","href":"https:\/\/api.w.org\/{rel}","templated":true}]}}