{"id":4555,"date":"2023-11-03T18:00:18","date_gmt":"2023-11-03T17:00:18","guid":{"rendered":"https:\/\/imker-aigen.at\/?p=4555"},"modified":"2023-11-17T09:31:10","modified_gmt":"2023-11-17T08:31:10","slug":"seminar-mit-ing-andreas-platzer-am-3-und-4-11-2023-im-imkerhof-salzburg","status":"publish","type":"post","link":"https:\/\/imker-aigen.at\/index.php\/2023\/11\/03\/seminar-mit-ing-andreas-platzer-am-3-und-4-11-2023-im-imkerhof-salzburg\/","title":{"rendered":"Seminar mit Ing. Andreas Platzer"},"content":{"rendered":"<div  class='flex_column av-5icfzf-59208bfd974dac77d8607048c62da1e6 av_one_full  avia-builder-el-0  avia-builder-el-no-sibling  first flex_column_div  '     ><p>\n<style type=\"text\/css\" data-created_by=\"avia_inline_auto\" id=\"style-css-av-lopivq5y-efc677f60f40c8d47d56b415f4de4777\">\n#top .av-special-heading.av-lopivq5y-efc677f60f40c8d47d56b415f4de4777{\npadding-bottom:10px;\n}\nbody .av-special-heading.av-lopivq5y-efc677f60f40c8d47d56b415f4de4777 .av-special-heading-tag .heading-char{\nfont-size:25px;\n}\n.av-special-heading.av-lopivq5y-efc677f60f40c8d47d56b415f4de4777 .av-subheading{\nfont-size:15px;\n}\n<\/style>\n<div  class='av-special-heading av-lopivq5y-efc677f60f40c8d47d56b415f4de4777 av-special-heading-h3 blockquote modern-quote modern-centered  avia-builder-el-1  el_before_av_image  avia-builder-el-first '><h3 class='av-special-heading-tag '  itemprop=\"headline\"  >Seminar <span class='special_amp'>&#8222;<\/span>Bienengesundheit<span class='special_amp'>&#8220;<\/span><\/h3><div class='av-subheading av-subheading_below'><p>Ing. Andreas Platzer &#8211; 3\/4.11.2023 im Imkerhof Salzburg<\/p>\n<\/div><div class=\"special-heading-border\"><div class=\"special-heading-inner-border\"><\/div><\/div><\/div><br \/>\n\n<style type=\"text\/css\" data-created_by=\"avia_inline_auto\" id=\"style-css-av-lopkk938-58594c7ea210db1f42e8b5a6b1784174\">\n.avia-image-container.av-lopkk938-58594c7ea210db1f42e8b5a6b1784174 img.avia_image{\nbox-shadow:none;\n}\n.avia-image-container.av-lopkk938-58594c7ea210db1f42e8b5a6b1784174 .av-image-caption-overlay-center{\ncolor:#ffffff;\n}\n<\/style>\n<div  class='avia-image-container av-lopkk938-58594c7ea210db1f42e8b5a6b1784174 av-styling- avia-align-center  avia-builder-el-2  el_after_av_heading  el_before_av_hr '   itemprop=\"image\" itemscope=\"itemscope\" itemtype=\"https:\/\/schema.org\/ImageObject\" ><div class=\"avia-image-container-inner\"><div class=\"avia-image-overlay-wrap\"><img decoding=\"async\" fetchpriority=\"high\" class='wp-image-4561 avia-img-lazy-loading-not-4561 avia_image ' src=\"https:\/\/imker-aigen.at\/wp-content\/uploads\/2023\/11\/italia_512_512.jpg\" alt='' title='Italien'  height=\"512\" width=\"512\"  itemprop=\"thumbnailUrl\" srcset=\"https:\/\/imker-aigen.at\/wp-content\/uploads\/2023\/11\/italia_512_512.jpg 512w, https:\/\/imker-aigen.at\/wp-content\/uploads\/2023\/11\/italia_512_512-300x300.jpg 300w, https:\/\/imker-aigen.at\/wp-content\/uploads\/2023\/11\/italia_512_512-80x80.jpg 80w, https:\/\/imker-aigen.at\/wp-content\/uploads\/2023\/11\/italia_512_512-36x36.jpg 36w, https:\/\/imker-aigen.at\/wp-content\/uploads\/2023\/11\/italia_512_512-180x180.jpg 180w\" sizes=\"(max-width: 512px) 100vw, 512px\" \/><\/div><\/div><\/div><br \/>\n\n<style type=\"text\/css\" data-created_by=\"avia_inline_auto\" id=\"style-css-av-lopiw38s-85c11a420007e9a7feed4fb0e60232f1\">\n#top .hr.av-lopiw38s-85c11a420007e9a7feed4fb0e60232f1{\nmargin-top:30px;\nmargin-bottom:30px;\n}\n.hr.av-lopiw38s-85c11a420007e9a7feed4fb0e60232f1 .hr-inner{\nwidth:50px;\nmax-width:45%;\n}\n<\/style>\n<div  class='hr av-lopiw38s-85c11a420007e9a7feed4fb0e60232f1 hr-custom  avia-builder-el-3  el_after_av_image  el_before_av_textblock  hr-center hr-icon-yes'><span class='hr-inner inner-border-av-border-thin'><span class=\"hr-inner-style\"><\/span><\/span><span class='av-seperator-icon avia-iconfont avia-font-entypo-fontello' data-av_icon='\ue8bf' data-av_iconfont='entypo-fontello' ><\/span><span class='hr-inner inner-border-av-border-thin'><span class=\"hr-inner-style\"><\/span><\/span><\/div><br \/>\n<section  class='av_textblock_section av-lopjdnd1-a8fccc9f02f3df47ef3e2b446bfb9a5a '   itemscope=\"itemscope\" itemtype=\"https:\/\/schema.org\/BlogPosting\" itemprop=\"blogPost\" ><div class='avia_textblock'  itemprop=\"text\" ><p>Autorin: Julia Mayer<\/p>\n<p>Am Freitagabend den 3.11.2023 und den ganzen Samstag (4.11.2023) fand im <a href=\"https:\/\/www.imkerhof-salzburg.at\">Imkerhof Salzburg<\/a> ein Spezialseminar\/Workshop mit dem S\u00fcdtiroler Fachberater f\u00fcr Imkerei und Leiter der <a href=\"https:\/\/www.fachschule-laimburg.it\/de\/imkerschule\">S\u00fcdtiroler Imkerschule<\/a> Ing. Andreas Platzer statt.<\/p>\n<h2>Spezialseminar\/Workshop Bienengesundheit<\/h2>\n<h3>Imkern in &#8222;Bella Italia&#8220;<\/h3>\n<p>Zun\u00e4chst berichtete Hr. Platzer \u00fcber die Wesensmerkmale der Imkerei in Italien. &#8222;Die Imkerei geh\u00f6rt in allen Belangen zur Landwirtschaftlichen Urproduktion auch ohne Grund und Boden! Die Imkerei ist in Italien eine Aktivit\u00e4t von nationalem Interesse!\u201c.<\/p>\n<blockquote>\n<p>In Italien gibt es 75.000 Imker, welche 1,56 Millionen Bienenv\u00f6lker bewirtschaften.<\/p>\n<\/blockquote>\n<p>50 % der Bienenv\u00f6lker werden aber von 5 % der Imker bewirtschaftet. Die gr\u00f6\u00dfte Imkerei hat ca. 20.000 Bienenv\u00f6lker. Geimkert wird in Italien mit der Ligustica-Biene.\u00a0 Die italienischen Berufsimker sind sehr gesch\u00e4ftst\u00fcchtig und spezialisiert, wodurch sehr gute Preise erzielt werden k\u00f6nnen. Als Beispiele hierf\u00fcr werden von Hrn. Platzer das einheitliche Beutensystem (Dadant Blatt) und die fortschrittliche K\u00f6niginnenzucht in Italien genannt. Die Imkerei in Italien ist gepr\u00e4gt von starken Wanderbewegungen.\u00a0 Es gibt nationale Verb\u00e4nde (FAI=Federazione apicoltori Italiani, UNAPI=Unione nazionale apicoltori professionisti italiani, ANAI=Associazione nazionale apicoltori italiani) und lokale Verb\u00e4nde (z.B.: S\u00fcdtiroler Imkerbund), welche auf Provinzebene agieren und der FAI angeschlossen sind. Das nationale Institut f\u00fcr Bienenzucht (INA = Istituto Nazionale Apicoltura), das Institut f\u00fcr Tierseuchenbek\u00e4mpfung in Venetien (IZSVe = Istituto Zooprofilattico Sperimentale delle Venezie), lokale Veterin\u00e4r\u00e4mter mit 237 spezialisierten Amtstier\u00e4rzten und 53 Fachberater f\u00fcr Imkerei (Esperti apistici statali) k\u00fcmmern sich gemeinsam in einer Art Taskforce (Commitato sanitario) um die Gesundheit der Bienen in Italien. F\u00fcr das Monitoring der Wild- und Honigbienen wird seit 2011 das <a href=\"https:\/\/beenet.crea.gov.it\/il-progetto-beenet-en\/\">BeeNet-System<\/a> verwendet. Zus\u00e4tzlich gibt es ein Meldesystem f\u00fcr ungekl\u00e4rte Bienenverluste (Denuncia SPIA), welches daf\u00fcr sorgt, dass sich im Bedarfsfall ein Amtstierarzt oder Sachverst\u00e4ndiger innerhalb von 48 Stunden einer Schadensmeldung annehmen muss. Abgerundet wird das System noch die Gesundheitswarte in den Ortsgruppen.<\/p>\n<blockquote>\n<p>In jeder der 114 Ortsgruppen wurde ein eigener Gesundheitswart installiert.<\/p>\n<\/blockquote>\n<h3>I Parassiti<\/h3>\n<h4>Bl\u00e4ulingszikade (Metcalfa pruinosa)<\/h4>\n<p>Italien k\u00e4mpft derzeit mit diversen neuen Sch\u00e4dlingen. Anders als auf den <a href=\"https:\/\/www.ages.at\/pflanze\/pflanzengesundheit\/schaderreger-von-a-bis-z\/blaeulingszikade\">Internetseiten der AGES \u00fcber die Bl\u00e4ulingszikae<\/a> beschrieben, freut man sich in Italien nicht mehr \u00fcber den Honigtau der invasiven Bl\u00e4ulingszikade (Metcalfa pruinosa). Diese verf\u00e4rbt den in Italien sehr beliebten hellfarbigen Akazienhonig br\u00e4unlich, wodurch dieser nur noch zu einem geringeren Preis verkauft werden kann. Zur Bek\u00e4mpfung der Bl\u00e4ulingszikade setzt Italien auf den Import des nat\u00fcrlichen Fressfeinds der Bl\u00e4ulingszikade, die nordamerikanische Zikadenwespe. \u00c4hnlich wird die Marmorierte Baumwanze (Halyomorpha halys) in Italien bek\u00e4mpft. Sie wird mit der Samurai-Wespe bek\u00e4mpft.<\/p>\n<h4>Kleiner Beutenk\u00e4fer (Aethina tumida)<\/h4>\n<p>Ein weiterer bedeutender eingeschleppter Sch\u00e4dling ist der kleine Beutenk\u00e4fer. Er wurde 2014 vermutlich \u00fcber den Hafen Gioa Tauro, dem 4. gr\u00f6\u00dften Frachthafen in Italien, eingeschleppt. 2014 waren 60 Bienenst\u00e4nde mit 470 Bienenv\u00f6lkern betroffen. 2015 waren es 80 und 2016 120 befallene Bienenv\u00f6lker. Danach wurde die Wirksamkeit der ergriffenen Ma\u00dfnahmen erkennbar und die Anzahl der befallenen V\u00f6lker reduzierte sich stark. Derzeit wird der Befall \u00fcber so genannte \u201eSentinel V\u00f6lkern\u201c, welche nur 2-3 Waben haben und schnell befallen werden, \u00fcberwacht. Um eine weitere Ausbreitung des Beutenk\u00e4fers zu verhindern, wurden Sperrzonen festgelegt, ein fl\u00e4chendeckendes Monitoring eingerichtet und die Schulung der Imker forciert.<\/p>\n<h4>Asiatische Hornisse (Vespa velutina)<\/h4>\n<p>W\u00e4hrend sich in \u00d6sterreich die Imker noch vor dem Einmarsch der asiatischen Hornisse (Vespa velutina) f\u00fcrchten, ist sie in Italien bereits angekommen. Es ist nur noch eine Frage der Zeit, wann sie auch in \u00d6sterreich erstmalig entdeckt wird. Experten rechnen damit, dass es 2024 bereits der Fall sein wird.<\/p>\n<p>Hier ein paar Daten\/Fakten zur asiatischen Hornisse (Vespa velutina):<\/p>\n<ul>\n<li>Heimisch in S\u00fcdostasien &#8211; Vorkommen bis auf 6000m Seeh\u00f6he.<\/li>\n<li>Kleiner als die Europ\u00e4ische Hornisse Schwarz \/ Gelb (gelbe Beine, keine Braunf\u00e4rbung)<\/li>\n<li>Sehr aggressiv, aber nur in Nestn\u00e4he. Bei N\u00e4herung\u00a0 -&gt; ANGRIFF -&gt; 4m Abstand halten!<\/li>\n<li>Stachel ist 6 mm lang &#8211; Imkerschutz ist nicht wirksam.<\/li>\n<li>Ausbreitung in Europa: FR, ES, PT, DE, CH, GB, LU &#8211; Meldungen auch in HU.<\/li>\n<li>Verbreitung durch Lkws\/Campingbusse.<\/li>\n<li>Spanien hat das Problem komplett verkannt.<\/li>\n<\/ul>\n<p>Die Vespa velutina bildet im M\u00e4rz tennisball- bis bowlingkugelgro\u00dfe Prim\u00e4rnester. Ab Mai bedienen sich die Hornissen dann an den Bienenst\u00f6cken. Heimkehrende Bienen werden beim Flugloch abgefangen. In Folge stellen die Bienen dann den Flugbetrieb komplett ein.<br \/>\nIm Juni\/Juli ziehen die Hornissen vom Prim\u00e4rnest aus und bauen ein Sekund\u00e4rnest (ca. 120 cm x 80 cm) auf. Vorzugsweise auf Laubb\u00e4umen wegen der Beschattung (ab 5m H\u00f6he). Der Eingang zum Nest befindet sich seitlich im oberen Drittel der Nestkugel. Im September\/Oktober bildet die Vespa velutina dann Drohnen und K\u00f6niginnen aus. Pro Volk k\u00f6nnen bis zu 350 neue K\u00f6niginnen entstehen.<\/p>\n<p>In Italien montieren die Imker Gitterk\u00f6rbe mit 8mm Maschenweite vor die Flugl\u00f6cher. Damit werden die Hornissen auf Distanz gehalten und die Bienen k\u00f6nnen sicher an- bzw. abfliegen. Nester der Vespa velutina werden von der Berufsfeuerwehr (untersteht dem Milit\u00e4r) entfernt. Auf den Autobahnrastst\u00e4tten gibt es eigene Fallen, welche von der Autobahnpolizei kontrolliert werden.<\/p>\n<h4>Varroamilbe (Varroa destructor)<\/h4>\n<p>Wenn \u00fcber die Bienensch\u00e4dlinge gesprochen wird, darf nat\u00fcrlich auch die Varroamilbe nicht fehlen. Wie in \u00d6sterreich d\u00fcrfen auch in Italien nur zugelassene Behandlungsmittel gem\u00e4\u00df den empfohlenen Anwendungsmethoden eingesetzt werden. Andere Produkte und Anwendungsmethoden sind illegal. In Italien darf die Ameisen- und Milchs\u00e4ure nicht eingesetzt werden.<\/p>\n<blockquote>\n<p>Herr Platzer empfiehlt eine befallsorientierte Varroa-Behandlung.<\/p>\n<\/blockquote>\n<p>Diese setzt aber voraus, dass man \u00fcber regelm\u00e4\u00dfige Kontrollen den nat\u00fcrlichen Milbentotenfall eines Volkes in Erfahrung bringt. Multipliziert man den nat\u00fcrlichen Totenfall mit 300 (Volk mit Brut, Umrechnungsfaktor f\u00fcr Mai bis September) oder 500 (Volk ohne Brut, Umrechnungsfaktor f\u00fcr Oktober bis November) erh\u00e4lt man die ungef\u00e4hre Anzahl an Milben im Volk. Bei einem Befallswert von 2.000 Milben oder dar\u00fcber ist der kritische Schwellwert f\u00fcr ein Bienenvolk \u00fcberschritten und eine sofortige Behandlung muss durchgef\u00fchrt werden. In j\u00fcngster Zeit geht die Tendenz jedoch dahin, diese Schwelle bereits bei 1.500 anzusetzen.<br \/>\nWichtig ist, dass man im Fr\u00fchjahr nur mit einer sehr kleinen Milbenpopulation startet. Damit die Milbenanzahl via Gem\u00fclldiagnose ermittelt werden kann, empfiehlt Hr. Platzer die Windel mit Kettens\u00e4gen\u00f6l zu bestreichen.<br \/>\nDie f\u00fcr die Bienen schonendste Varroa-Behandlung ist sicherlich die Oxals\u00e4ure-Verdampfung. Dabei ist aber auch darauf zu achten, dass die Winterbienen m\u00f6glichst geschont werden und nicht mehr als 6g Oxals\u00e4ure\/Volk\/Bienengeneration in ein Volk eingebracht werden. Anderenfalls k\u00f6nnen die Bienen \u00fcbers\u00e4uern.<\/p>\n<h3>Mangiare<\/h3>\n<p>Nach dem Exkurs \u00fcber die Bienensch\u00e4dlinge ging Hr. Platzer noch auf die richtige F\u00fctterung der Bienen n\u00e4her ein. F\u00fcr die F\u00fctterung darf niemals brauner Zucker verwendet werden, da dieser einen hohen HMF-Gehalt hat, welcher f\u00fcr die Bienen giftig w\u00e4re. Futterteig (Staubzucker + Glucosesirup) wird von den Bienen als offenes Futter angesehen und direkt verwendet. D.h. Futterteig wird nicht eingelagert. Ab der Kirschbl\u00fcte sollte man \u2013 sofern \u00fcberhaupt notwendig &#8211; nur noch Futterteig zum F\u00fcttern verwenden, da fl\u00fcssiges Futter sonst auch im Honig zu finden w\u00e4re. Der im Handel erh\u00e4ltliche Futterteig mit Pollenanreicherung ist laut Hrn. Platzer wenig sinnvoll, da dieser mit Gamma-Bestrahlung seuchenfrei gemacht wurde.<\/p>\n<blockquote>\n<p>In unserer Gegend sollten die Bienen noch ausreichend nat\u00fcrlichen Pollen finden k\u00f6nnen.<\/p>\n<\/blockquote>\n<h3>L&#8217;inverno<\/h3>\n<p>Die Frage, ob die Bienen im Winter warmgehalten werden sollen, wurde von Hrn. Platzer klar verneint. Die Bienen brauchen eine Winter-Brutpause. Anderenfalls w\u00fcrden die Bienen im Winter noch mehr Futter verbrauchen.\u00a0 Im Fr\u00fchjahr kann man die Bienen durch Anpassen des Brutraums (angepasster Brutraum) auf Zug halten. Dabei ist jedoch darauf zu achten, dass bei reichlichem Polleneintrag die Brutnester nicht zu sehr eingeengt werden. Es muss stets ausreichend Platz f\u00fcr die Eiablage vorhanden sein.<\/p>\n<h3>La Conclusione<\/h3>\n<p>Abschlie\u00dfend kann festgehalten werden, dass dem Imkerhof Salzburg mit diesem Spezialseminar\/Workshop wieder eine sehr tolle Veranstaltung gelungen ist. Hr. Platzer konnte mit \u00a0seinem Vortrag bei der <a href=\"https:\/\/imker-aigen.at\/index.php\/2023\/01\/16\/imkerfachtagung-am-15-jaenner-2023-vortrag-andreas-platzer\/\">Tennengauer Imkerfachtagung am 15. J\u00e4nner 2023<\/a> schon viele Imker mit seinem profunden Bienenwissen beeindrucken. So freut es uns, dass er erneut die Fahrt nach Salzburg auf sich genommen hat. Herzlichen Dank daf\u00fcr! Danke aber auch an den Imkerhof Salzburg und den Salzburger Landesverband f\u00fcr Imkerei und Bienenzucht. Solche Veranstaltungen mit solchen tollen Referenten sind immer wieder ein Genuss und ein absolutes Muss f\u00fcr alle Imkerinnen und Imker!<\/p>\n<\/div><\/section><br \/>\n<div  class='av-social-sharing-box av-4nt4d7-0aac6d4aa08ef367d98a456b4f31dca0 av-social-sharing-box-default  avia-builder-el-5  el_after_av_textblock  el_before_av_comments_list  av-social-sharing-box-fullwidth'><div class=\"av-share-box\"><h5 class='av-share-link-description av-no-toc '>Eintrag teilen<\/h5><ul class=\"av-share-box-list noLightbox\"><li class='av-share-link av-social-link-facebook avia_social_iconfont' ><a target=\"_blank\" aria-label=\"Teilen auf Facebook\" href='https:\/\/www.facebook.com\/sharer.php?u=https:\/\/imker-aigen.at\/index.php\/2023\/11\/03\/seminar-mit-ing-andreas-platzer-am-3-und-4-11-2023-im-imkerhof-salzburg\/&#038;t=Seminar%20mit%20Ing.%20Andreas%20Platzer' data-av_icon='\ue8f3' data-av_iconfont='entypo-fontello'  title='' data-avia-related-tooltip='Teilen auf Facebook'><span class='avia_hidden_link_text'>Teilen auf Facebook<\/span><\/a><\/li><li class='av-share-link av-social-link-twitter avia_social_iconfont' ><a target=\"_blank\" aria-label=\"Teilen auf X\" href='https:\/\/twitter.com\/share?text=Seminar%20mit%20Ing.%20Andreas%20Platzer&#038;url=https:\/\/imker-aigen.at\/?p=4555' data-av_icon='\ue932' data-av_iconfont='entypo-fontello'  title='' data-avia-related-tooltip='Teilen auf X'><span class='avia_hidden_link_text'>Teilen auf X<\/span><\/a><\/li><li class='av-share-link av-social-link-whatsapp avia_social_iconfont' ><a target=\"_blank\" aria-label=\"Teilen auf WhatsApp\" href='https:\/\/api.whatsapp.com\/send?text=https:\/\/imker-aigen.at\/index.php\/2023\/11\/03\/seminar-mit-ing-andreas-platzer-am-3-und-4-11-2023-im-imkerhof-salzburg\/' data-av_icon='\uf232' data-av_iconfont='entypo-fontello'  title='' data-avia-related-tooltip='Teilen auf WhatsApp'><span class='avia_hidden_link_text'>Teilen auf WhatsApp<\/span><\/a><\/li><li class='av-share-link av-social-link-pinterest avia_social_iconfont' ><a target=\"_blank\" aria-label=\"Teilen auf Pinterest\" href='https:\/\/pinterest.com\/pin\/create\/button\/?url=https%3A%2F%2Fimker-aigen.at%2Findex.php%2F2023%2F11%2F03%2Fseminar-mit-ing-andreas-platzer-am-3-und-4-11-2023-im-imkerhof-salzburg%2F&#038;description=Seminar%20mit%20Ing.%20Andreas%20Platzer&#038;media=https%3A%2F%2Fimker-aigen.at%2Fwp-content%2Fuploads%2F2023%2F11%2Fitalia_512_512.jpg' data-av_icon='\ue8f8' data-av_iconfont='entypo-fontello'  title='' data-avia-related-tooltip='Teilen auf Pinterest'><span class='avia_hidden_link_text'>Teilen auf Pinterest<\/span><\/a><\/li><li class='av-share-link av-social-link-linkedin avia_social_iconfont' ><a target=\"_blank\" aria-label=\"Teilen auf LinkedIn\" href='https:\/\/linkedin.com\/shareArticle?mini=true&#038;title=Seminar%20mit%20Ing.%20Andreas%20Platzer&#038;url=https:\/\/imker-aigen.at\/index.php\/2023\/11\/03\/seminar-mit-ing-andreas-platzer-am-3-und-4-11-2023-im-imkerhof-salzburg\/' data-av_icon='\ue8fc' data-av_iconfont='entypo-fontello'  title='' data-avia-related-tooltip='Teilen auf LinkedIn'><span class='avia_hidden_link_text'>Teilen auf LinkedIn<\/span><\/a><\/li><li class='av-share-link av-social-link-reddit avia_social_iconfont' ><a target=\"_blank\" aria-label=\"Teilen auf Reddit\" href='https:\/\/reddit.com\/submit?url=https:\/\/imker-aigen.at\/index.php\/2023\/11\/03\/seminar-mit-ing-andreas-platzer-am-3-und-4-11-2023-im-imkerhof-salzburg\/&#038;title=Seminar%20mit%20Ing.%20Andreas%20Platzer' data-av_icon='\ue927' data-av_iconfont='entypo-fontello'  title='' data-avia-related-tooltip='Teilen auf Reddit'><span class='avia_hidden_link_text'>Teilen auf Reddit<\/span><\/a><\/li><li class='av-share-link av-social-link-mail avia_social_iconfont' ><a  aria-label=\"Per E-Mail teilen\" href='mailto:?subject=Seminar%20mit%20Ing.%20Andreas%20Platzer&#038;body=https:\/\/imker-aigen.at\/index.php\/2023\/11\/03\/seminar-mit-ing-andreas-platzer-am-3-und-4-11-2023-im-imkerhof-salzburg\/' data-av_icon='\ue805' data-av_iconfont='entypo-fontello'  title='' data-avia-related-tooltip='Per E-Mail teilen'><span class='avia_hidden_link_text'>Per E-Mail teilen<\/span><\/a><\/li><\/ul><\/div><\/div><br \/>\n<div  class='av-buildercomment av-36flzf-622a06e01feb4f6bc9d6416f50250397'><\/div><\/p><\/div>\n","protected":false},"excerpt":{"rendered":"","protected":false},"author":1,"featured_media":4561,"comment_status":"open","ping_status":"closed","sticky":false,"template":"","format":"standard","meta":{"footnotes":""},"categories":[18],"tags":[96,120,63,121,109,99,119,30,86],"class_list":["post-4555","post","type-post","status-publish","format-standard","has-post-thumbnail","hentry","category-alte-veranstaltungen","tag-asiatische-hornisse","tag-beutenkaefer","tag-bienengesundheit","tag-blaeulingszikade","tag-imkerhof","tag-platzer","tag-seminar","tag-varroa","tag-vespa-velutina"],"yoast_head":"<!-- This site is optimized with the Yoast SEO plugin v27.4 - https:\/\/yoast.com\/product\/yoast-seo-wordpress\/ -->\n<title>Seminar mit Ing. Andreas Platzer - Imker Ortsgruppe Salzburg Aigen<\/title>\n<meta name=\"description\" content=\"Bericht \u00fcber das Seminar Bienengesundheit von Hrn. Ing. Andreas Platzer am 3. und 4.11.2023 im Imkerhof Salzburg\" \/>\n<meta name=\"robots\" content=\"index, follow, max-snippet:-1, max-image-preview:large, max-video-preview:-1\" \/>\n<link rel=\"canonical\" href=\"https:\/\/imker-aigen.at\/index.php\/2023\/11\/03\/seminar-mit-ing-andreas-platzer-am-3-und-4-11-2023-im-imkerhof-salzburg\/\" \/>\n<meta property=\"og:locale\" content=\"de_DE\" \/>\n<meta property=\"og:type\" content=\"article\" \/>\n<meta property=\"og:title\" content=\"Seminar mit Ing. Andreas Platzer - Imker Ortsgruppe Salzburg Aigen\" \/>\n<meta property=\"og:description\" content=\"Bericht \u00fcber das Seminar Bienengesundheit von Hrn. Ing. Andreas Platzer am 3. und 4.11.2023 im Imkerhof Salzburg\" \/>\n<meta property=\"og:url\" content=\"https:\/\/imker-aigen.at\/index.php\/2023\/11\/03\/seminar-mit-ing-andreas-platzer-am-3-und-4-11-2023-im-imkerhof-salzburg\/\" \/>\n<meta property=\"og:site_name\" content=\"Imker Ortsgruppe Salzburg Aigen\" \/>\n<meta property=\"article:published_time\" content=\"2023-11-03T17:00:18+00:00\" \/>\n<meta property=\"article:modified_time\" content=\"2023-11-17T08:31:10+00:00\" \/>\n<meta property=\"og:image\" content=\"https:\/\/imker-aigen.at\/wp-content\/uploads\/2023\/11\/italia_512_512.jpg\" \/>\n\t<meta property=\"og:image:width\" content=\"512\" \/>\n\t<meta property=\"og:image:height\" content=\"512\" \/>\n\t<meta property=\"og:image:type\" content=\"image\/jpeg\" \/>\n<meta name=\"author\" content=\"admin\" \/>\n<meta name=\"twitter:card\" content=\"summary_large_image\" \/>\n<meta name=\"twitter:label1\" content=\"Verfasst von\" \/>\n\t<meta name=\"twitter:data1\" content=\"admin\" \/>\n\t<meta name=\"twitter:label2\" content=\"Gesch\u00e4tzte Lesezeit\" \/>\n\t<meta name=\"twitter:data2\" content=\"10\u00a0Minuten\" \/>\n<script type=\"application\/ld+json\" class=\"yoast-schema-graph\">{\"@context\":\"https:\\\/\\\/schema.org\",\"@graph\":[{\"@type\":\"Article\",\"@id\":\"https:\\\/\\\/imker-aigen.at\\\/index.php\\\/2023\\\/11\\\/03\\\/seminar-mit-ing-andreas-platzer-am-3-und-4-11-2023-im-imkerhof-salzburg\\\/#article\",\"isPartOf\":{\"@id\":\"https:\\\/\\\/imker-aigen.at\\\/index.php\\\/2023\\\/11\\\/03\\\/seminar-mit-ing-andreas-platzer-am-3-und-4-11-2023-im-imkerhof-salzburg\\\/\"},\"author\":{\"name\":\"admin\",\"@id\":\"https:\\\/\\\/imker-aigen.at\\\/#\\\/schema\\\/person\\\/d7d0c3a8ef6f051d450781218ac83077\"},\"headline\":\"Seminar mit Ing. Andreas Platzer\",\"datePublished\":\"2023-11-03T17:00:18+00:00\",\"dateModified\":\"2023-11-17T08:31:10+00:00\",\"mainEntityOfPage\":{\"@id\":\"https:\\\/\\\/imker-aigen.at\\\/index.php\\\/2023\\\/11\\\/03\\\/seminar-mit-ing-andreas-platzer-am-3-und-4-11-2023-im-imkerhof-salzburg\\\/\"},\"wordCount\":2374,\"commentCount\":0,\"publisher\":{\"@id\":\"https:\\\/\\\/imker-aigen.at\\\/#organization\"},\"image\":{\"@id\":\"https:\\\/\\\/imker-aigen.at\\\/index.php\\\/2023\\\/11\\\/03\\\/seminar-mit-ing-andreas-platzer-am-3-und-4-11-2023-im-imkerhof-salzburg\\\/#primaryimage\"},\"thumbnailUrl\":\"https:\\\/\\\/imker-aigen.at\\\/wp-content\\\/uploads\\\/2023\\\/11\\\/italia_512_512.jpg\",\"keywords\":[\"Asiatische Hornisse\",\"Beutenk\u00e4fer\",\"Bienengesundheit\",\"Bl\u00e4ulingszikade\",\"Imkerhof\",\"Platzer\",\"Seminar\",\"Varroa\",\"Vespa velutina\"],\"articleSection\":[\"Alte Veranstaltungen\"],\"inLanguage\":\"de\",\"potentialAction\":[{\"@type\":\"CommentAction\",\"name\":\"Comment\",\"target\":[\"https:\\\/\\\/imker-aigen.at\\\/index.php\\\/2023\\\/11\\\/03\\\/seminar-mit-ing-andreas-platzer-am-3-und-4-11-2023-im-imkerhof-salzburg\\\/#respond\"]}]},{\"@type\":\"WebPage\",\"@id\":\"https:\\\/\\\/imker-aigen.at\\\/index.php\\\/2023\\\/11\\\/03\\\/seminar-mit-ing-andreas-platzer-am-3-und-4-11-2023-im-imkerhof-salzburg\\\/\",\"url\":\"https:\\\/\\\/imker-aigen.at\\\/index.php\\\/2023\\\/11\\\/03\\\/seminar-mit-ing-andreas-platzer-am-3-und-4-11-2023-im-imkerhof-salzburg\\\/\",\"name\":\"Seminar mit Ing. Andreas Platzer - Imker Ortsgruppe Salzburg Aigen\",\"isPartOf\":{\"@id\":\"https:\\\/\\\/imker-aigen.at\\\/#website\"},\"primaryImageOfPage\":{\"@id\":\"https:\\\/\\\/imker-aigen.at\\\/index.php\\\/2023\\\/11\\\/03\\\/seminar-mit-ing-andreas-platzer-am-3-und-4-11-2023-im-imkerhof-salzburg\\\/#primaryimage\"},\"image\":{\"@id\":\"https:\\\/\\\/imker-aigen.at\\\/index.php\\\/2023\\\/11\\\/03\\\/seminar-mit-ing-andreas-platzer-am-3-und-4-11-2023-im-imkerhof-salzburg\\\/#primaryimage\"},\"thumbnailUrl\":\"https:\\\/\\\/imker-aigen.at\\\/wp-content\\\/uploads\\\/2023\\\/11\\\/italia_512_512.jpg\",\"datePublished\":\"2023-11-03T17:00:18+00:00\",\"dateModified\":\"2023-11-17T08:31:10+00:00\",\"description\":\"Bericht \u00fcber das Seminar Bienengesundheit von Hrn. Ing. Andreas Platzer am 3. und 4.11.2023 im Imkerhof Salzburg\",\"breadcrumb\":{\"@id\":\"https:\\\/\\\/imker-aigen.at\\\/index.php\\\/2023\\\/11\\\/03\\\/seminar-mit-ing-andreas-platzer-am-3-und-4-11-2023-im-imkerhof-salzburg\\\/#breadcrumb\"},\"inLanguage\":\"de\",\"potentialAction\":[{\"@type\":\"ReadAction\",\"target\":[\"https:\\\/\\\/imker-aigen.at\\\/index.php\\\/2023\\\/11\\\/03\\\/seminar-mit-ing-andreas-platzer-am-3-und-4-11-2023-im-imkerhof-salzburg\\\/\"]}]},{\"@type\":\"ImageObject\",\"inLanguage\":\"de\",\"@id\":\"https:\\\/\\\/imker-aigen.at\\\/index.php\\\/2023\\\/11\\\/03\\\/seminar-mit-ing-andreas-platzer-am-3-und-4-11-2023-im-imkerhof-salzburg\\\/#primaryimage\",\"url\":\"https:\\\/\\\/imker-aigen.at\\\/wp-content\\\/uploads\\\/2023\\\/11\\\/italia_512_512.jpg\",\"contentUrl\":\"https:\\\/\\\/imker-aigen.at\\\/wp-content\\\/uploads\\\/2023\\\/11\\\/italia_512_512.jpg\",\"width\":512,\"height\":512},{\"@type\":\"BreadcrumbList\",\"@id\":\"https:\\\/\\\/imker-aigen.at\\\/index.php\\\/2023\\\/11\\\/03\\\/seminar-mit-ing-andreas-platzer-am-3-und-4-11-2023-im-imkerhof-salzburg\\\/#breadcrumb\",\"itemListElement\":[{\"@type\":\"ListItem\",\"position\":1,\"name\":\"Startseite\",\"item\":\"https:\\\/\\\/imker-aigen.at\\\/index.php\\\/home\\\/\"},{\"@type\":\"ListItem\",\"position\":2,\"name\":\"Seminar mit Ing. Andreas Platzer\"}]},{\"@type\":\"WebSite\",\"@id\":\"https:\\\/\\\/imker-aigen.at\\\/#website\",\"url\":\"https:\\\/\\\/imker-aigen.at\\\/\",\"name\":\"Imker Ortsgruppe Salzburg Aigen\",\"description\":\"Homepage der Imker-Ortsgruppe Salzburg Aigen\",\"publisher\":{\"@id\":\"https:\\\/\\\/imker-aigen.at\\\/#organization\"},\"potentialAction\":[{\"@type\":\"SearchAction\",\"target\":{\"@type\":\"EntryPoint\",\"urlTemplate\":\"https:\\\/\\\/imker-aigen.at\\\/?s={search_term_string}\"},\"query-input\":{\"@type\":\"PropertyValueSpecification\",\"valueRequired\":true,\"valueName\":\"search_term_string\"}}],\"inLanguage\":\"de\"},{\"@type\":\"Organization\",\"@id\":\"https:\\\/\\\/imker-aigen.at\\\/#organization\",\"name\":\"Imker Ortsgruppe Salzburg Aigen\",\"url\":\"https:\\\/\\\/imker-aigen.at\\\/\",\"logo\":{\"@type\":\"ImageObject\",\"inLanguage\":\"de\",\"@id\":\"https:\\\/\\\/imker-aigen.at\\\/#\\\/schema\\\/logo\\\/image\\\/\",\"url\":\"https:\\\/\\\/imker-aigen.at\\\/wp-content\\\/uploads\\\/2022\\\/08\\\/logo-1.png\",\"contentUrl\":\"https:\\\/\\\/imker-aigen.at\\\/wp-content\\\/uploads\\\/2022\\\/08\\\/logo-1.png\",\"width\":392,\"height\":156,\"caption\":\"Imker Ortsgruppe Salzburg Aigen\"},\"image\":{\"@id\":\"https:\\\/\\\/imker-aigen.at\\\/#\\\/schema\\\/logo\\\/image\\\/\"}},{\"@type\":\"Person\",\"@id\":\"https:\\\/\\\/imker-aigen.at\\\/#\\\/schema\\\/person\\\/d7d0c3a8ef6f051d450781218ac83077\",\"name\":\"admin\",\"image\":{\"@type\":\"ImageObject\",\"inLanguage\":\"de\",\"@id\":\"https:\\\/\\\/secure.gravatar.com\\\/avatar\\\/925a7e918efd3cfdae29be9c0018a3ae3275cd0444a6e166241172bb6e5243c7?s=96&d=mm&r=g\",\"url\":\"https:\\\/\\\/secure.gravatar.com\\\/avatar\\\/925a7e918efd3cfdae29be9c0018a3ae3275cd0444a6e166241172bb6e5243c7?s=96&d=mm&r=g\",\"contentUrl\":\"https:\\\/\\\/secure.gravatar.com\\\/avatar\\\/925a7e918efd3cfdae29be9c0018a3ae3275cd0444a6e166241172bb6e5243c7?s=96&d=mm&r=g\",\"caption\":\"admin\"},\"sameAs\":[\"https:\\\/\\\/imker-aigen.at\",\"linkedin.com\\\/in\\\/bernd-meierhofer-5919b62\"],\"url\":\"https:\\\/\\\/imker-aigen.at\\\/index.php\\\/author\\\/bmeierhofer\\\/\"}]}<\/script>\n<!-- \/ Yoast SEO plugin. -->","yoast_head_json":{"title":"Seminar mit Ing. Andreas Platzer - Imker Ortsgruppe Salzburg Aigen","description":"Bericht \u00fcber das Seminar Bienengesundheit von Hrn. Ing. Andreas Platzer am 3. und 4.11.2023 im Imkerhof Salzburg","robots":{"index":"index","follow":"follow","max-snippet":"max-snippet:-1","max-image-preview":"max-image-preview:large","max-video-preview":"max-video-preview:-1"},"canonical":"https:\/\/imker-aigen.at\/index.php\/2023\/11\/03\/seminar-mit-ing-andreas-platzer-am-3-und-4-11-2023-im-imkerhof-salzburg\/","og_locale":"de_DE","og_type":"article","og_title":"Seminar mit Ing. Andreas Platzer - Imker Ortsgruppe Salzburg Aigen","og_description":"Bericht \u00fcber das Seminar Bienengesundheit von Hrn. Ing. Andreas Platzer am 3. und 4.11.2023 im Imkerhof Salzburg","og_url":"https:\/\/imker-aigen.at\/index.php\/2023\/11\/03\/seminar-mit-ing-andreas-platzer-am-3-und-4-11-2023-im-imkerhof-salzburg\/","og_site_name":"Imker Ortsgruppe Salzburg Aigen","article_published_time":"2023-11-03T17:00:18+00:00","article_modified_time":"2023-11-17T08:31:10+00:00","og_image":[{"width":512,"height":512,"url":"https:\/\/imker-aigen.at\/wp-content\/uploads\/2023\/11\/italia_512_512.jpg","type":"image\/jpeg"}],"author":"admin","twitter_card":"summary_large_image","twitter_misc":{"Verfasst von":"admin","Gesch\u00e4tzte Lesezeit":"10\u00a0Minuten"},"schema":{"@context":"https:\/\/schema.org","@graph":[{"@type":"Article","@id":"https:\/\/imker-aigen.at\/index.php\/2023\/11\/03\/seminar-mit-ing-andreas-platzer-am-3-und-4-11-2023-im-imkerhof-salzburg\/#article","isPartOf":{"@id":"https:\/\/imker-aigen.at\/index.php\/2023\/11\/03\/seminar-mit-ing-andreas-platzer-am-3-und-4-11-2023-im-imkerhof-salzburg\/"},"author":{"name":"admin","@id":"https:\/\/imker-aigen.at\/#\/schema\/person\/d7d0c3a8ef6f051d450781218ac83077"},"headline":"Seminar mit Ing. Andreas Platzer","datePublished":"2023-11-03T17:00:18+00:00","dateModified":"2023-11-17T08:31:10+00:00","mainEntityOfPage":{"@id":"https:\/\/imker-aigen.at\/index.php\/2023\/11\/03\/seminar-mit-ing-andreas-platzer-am-3-und-4-11-2023-im-imkerhof-salzburg\/"},"wordCount":2374,"commentCount":0,"publisher":{"@id":"https:\/\/imker-aigen.at\/#organization"},"image":{"@id":"https:\/\/imker-aigen.at\/index.php\/2023\/11\/03\/seminar-mit-ing-andreas-platzer-am-3-und-4-11-2023-im-imkerhof-salzburg\/#primaryimage"},"thumbnailUrl":"https:\/\/imker-aigen.at\/wp-content\/uploads\/2023\/11\/italia_512_512.jpg","keywords":["Asiatische Hornisse","Beutenk\u00e4fer","Bienengesundheit","Bl\u00e4ulingszikade","Imkerhof","Platzer","Seminar","Varroa","Vespa velutina"],"articleSection":["Alte Veranstaltungen"],"inLanguage":"de","potentialAction":[{"@type":"CommentAction","name":"Comment","target":["https:\/\/imker-aigen.at\/index.php\/2023\/11\/03\/seminar-mit-ing-andreas-platzer-am-3-und-4-11-2023-im-imkerhof-salzburg\/#respond"]}]},{"@type":"WebPage","@id":"https:\/\/imker-aigen.at\/index.php\/2023\/11\/03\/seminar-mit-ing-andreas-platzer-am-3-und-4-11-2023-im-imkerhof-salzburg\/","url":"https:\/\/imker-aigen.at\/index.php\/2023\/11\/03\/seminar-mit-ing-andreas-platzer-am-3-und-4-11-2023-im-imkerhof-salzburg\/","name":"Seminar mit Ing. Andreas Platzer - Imker Ortsgruppe Salzburg Aigen","isPartOf":{"@id":"https:\/\/imker-aigen.at\/#website"},"primaryImageOfPage":{"@id":"https:\/\/imker-aigen.at\/index.php\/2023\/11\/03\/seminar-mit-ing-andreas-platzer-am-3-und-4-11-2023-im-imkerhof-salzburg\/#primaryimage"},"image":{"@id":"https:\/\/imker-aigen.at\/index.php\/2023\/11\/03\/seminar-mit-ing-andreas-platzer-am-3-und-4-11-2023-im-imkerhof-salzburg\/#primaryimage"},"thumbnailUrl":"https:\/\/imker-aigen.at\/wp-content\/uploads\/2023\/11\/italia_512_512.jpg","datePublished":"2023-11-03T17:00:18+00:00","dateModified":"2023-11-17T08:31:10+00:00","description":"Bericht \u00fcber das Seminar Bienengesundheit von Hrn. Ing. Andreas Platzer am 3. und 4.11.2023 im Imkerhof Salzburg","breadcrumb":{"@id":"https:\/\/imker-aigen.at\/index.php\/2023\/11\/03\/seminar-mit-ing-andreas-platzer-am-3-und-4-11-2023-im-imkerhof-salzburg\/#breadcrumb"},"inLanguage":"de","potentialAction":[{"@type":"ReadAction","target":["https:\/\/imker-aigen.at\/index.php\/2023\/11\/03\/seminar-mit-ing-andreas-platzer-am-3-und-4-11-2023-im-imkerhof-salzburg\/"]}]},{"@type":"ImageObject","inLanguage":"de","@id":"https:\/\/imker-aigen.at\/index.php\/2023\/11\/03\/seminar-mit-ing-andreas-platzer-am-3-und-4-11-2023-im-imkerhof-salzburg\/#primaryimage","url":"https:\/\/imker-aigen.at\/wp-content\/uploads\/2023\/11\/italia_512_512.jpg","contentUrl":"https:\/\/imker-aigen.at\/wp-content\/uploads\/2023\/11\/italia_512_512.jpg","width":512,"height":512},{"@type":"BreadcrumbList","@id":"https:\/\/imker-aigen.at\/index.php\/2023\/11\/03\/seminar-mit-ing-andreas-platzer-am-3-und-4-11-2023-im-imkerhof-salzburg\/#breadcrumb","itemListElement":[{"@type":"ListItem","position":1,"name":"Startseite","item":"https:\/\/imker-aigen.at\/index.php\/home\/"},{"@type":"ListItem","position":2,"name":"Seminar mit Ing. Andreas Platzer"}]},{"@type":"WebSite","@id":"https:\/\/imker-aigen.at\/#website","url":"https:\/\/imker-aigen.at\/","name":"Imker Ortsgruppe Salzburg Aigen","description":"Homepage der Imker-Ortsgruppe Salzburg Aigen","publisher":{"@id":"https:\/\/imker-aigen.at\/#organization"},"potentialAction":[{"@type":"SearchAction","target":{"@type":"EntryPoint","urlTemplate":"https:\/\/imker-aigen.at\/?s={search_term_string}"},"query-input":{"@type":"PropertyValueSpecification","valueRequired":true,"valueName":"search_term_string"}}],"inLanguage":"de"},{"@type":"Organization","@id":"https:\/\/imker-aigen.at\/#organization","name":"Imker Ortsgruppe Salzburg Aigen","url":"https:\/\/imker-aigen.at\/","logo":{"@type":"ImageObject","inLanguage":"de","@id":"https:\/\/imker-aigen.at\/#\/schema\/logo\/image\/","url":"https:\/\/imker-aigen.at\/wp-content\/uploads\/2022\/08\/logo-1.png","contentUrl":"https:\/\/imker-aigen.at\/wp-content\/uploads\/2022\/08\/logo-1.png","width":392,"height":156,"caption":"Imker Ortsgruppe Salzburg Aigen"},"image":{"@id":"https:\/\/imker-aigen.at\/#\/schema\/logo\/image\/"}},{"@type":"Person","@id":"https:\/\/imker-aigen.at\/#\/schema\/person\/d7d0c3a8ef6f051d450781218ac83077","name":"admin","image":{"@type":"ImageObject","inLanguage":"de","@id":"https:\/\/secure.gravatar.com\/avatar\/925a7e918efd3cfdae29be9c0018a3ae3275cd0444a6e166241172bb6e5243c7?s=96&d=mm&r=g","url":"https:\/\/secure.gravatar.com\/avatar\/925a7e918efd3cfdae29be9c0018a3ae3275cd0444a6e166241172bb6e5243c7?s=96&d=mm&r=g","contentUrl":"https:\/\/secure.gravatar.com\/avatar\/925a7e918efd3cfdae29be9c0018a3ae3275cd0444a6e166241172bb6e5243c7?s=96&d=mm&r=g","caption":"admin"},"sameAs":["https:\/\/imker-aigen.at","linkedin.com\/in\/bernd-meierhofer-5919b62"],"url":"https:\/\/imker-aigen.at\/index.php\/author\/bmeierhofer\/"}]}},"_links":{"self":[{"href":"https:\/\/imker-aigen.at\/index.php\/wp-json\/wp\/v2\/posts\/4555","targetHints":{"allow":["GET"]}}],"collection":[{"href":"https:\/\/imker-aigen.at\/index.php\/wp-json\/wp\/v2\/posts"}],"about":[{"href":"https:\/\/imker-aigen.at\/index.php\/wp-json\/wp\/v2\/types\/post"}],"author":[{"embeddable":true,"href":"https:\/\/imker-aigen.at\/index.php\/wp-json\/wp\/v2\/users\/1"}],"replies":[{"embeddable":true,"href":"https:\/\/imker-aigen.at\/index.php\/wp-json\/wp\/v2\/comments?post=4555"}],"version-history":[{"count":10,"href":"https:\/\/imker-aigen.at\/index.php\/wp-json\/wp\/v2\/posts\/4555\/revisions"}],"predecessor-version":[{"id":4728,"href":"https:\/\/imker-aigen.at\/index.php\/wp-json\/wp\/v2\/posts\/4555\/revisions\/4728"}],"wp:featuredmedia":[{"embeddable":true,"href":"https:\/\/imker-aigen.at\/index.php\/wp-json\/wp\/v2\/media\/4561"}],"wp:attachment":[{"href":"https:\/\/imker-aigen.at\/index.php\/wp-json\/wp\/v2\/media?parent=4555"}],"wp:term":[{"taxonomy":"category","embeddable":true,"href":"https:\/\/imker-aigen.at\/index.php\/wp-json\/wp\/v2\/categories?post=4555"},{"taxonomy":"post_tag","embeddable":true,"href":"https:\/\/imker-aigen.at\/index.php\/wp-json\/wp\/v2\/tags?post=4555"}],"curies":[{"name":"wp","href":"https:\/\/api.w.org\/{rel}","templated":true}]}}