{"id":4586,"date":"2023-11-07T19:00:48","date_gmt":"2023-11-07T18:00:48","guid":{"rendered":"https:\/\/imker-aigen.at\/?p=4586"},"modified":"2023-11-10T13:28:48","modified_gmt":"2023-11-10T12:28:48","slug":"protokoll-vom-stamtisch-am-7-november-2023","status":"publish","type":"post","link":"https:\/\/imker-aigen.at\/index.php\/2023\/11\/07\/protokoll-vom-stamtisch-am-7-november-2023\/","title":{"rendered":"Protokoll vom Stammtisch am 7. November 2023"},"content":{"rendered":"<div  class='flex_column av-93zd9m-f6a039b864fbc686bb490cc0956ec8c2 av_one_full  avia-builder-el-0  avia-builder-el-no-sibling  first flex_column_div  '     ><p>\n<style type=\"text\/css\" data-created_by=\"avia_inline_auto\" id=\"style-css-av-loqy9e1m-3b8438cc10e00cd70c10cc7c0dbd0c34\">\n#top .av-special-heading.av-loqy9e1m-3b8438cc10e00cd70c10cc7c0dbd0c34{\npadding-bottom:10px;\n}\nbody .av-special-heading.av-loqy9e1m-3b8438cc10e00cd70c10cc7c0dbd0c34 .av-special-heading-tag .heading-char{\nfont-size:25px;\n}\n.av-special-heading.av-loqy9e1m-3b8438cc10e00cd70c10cc7c0dbd0c34 .av-subheading{\nfont-size:15px;\n}\n<\/style>\n<div  class='av-special-heading av-loqy9e1m-3b8438cc10e00cd70c10cc7c0dbd0c34 av-special-heading-h1 blockquote modern-quote modern-centered  avia-builder-el-1  el_before_av_hr  avia-builder-el-first '><h1 class='av-special-heading-tag '  itemprop=\"headline\"  >Protokoll vom Stammtisch am 7. November 2023<\/h1><div class=\"special-heading-border\"><div class=\"special-heading-inner-border\"><\/div><\/div><\/div><br \/>\n<div  class='hr av-6sx6nu-d0b28f923298b3984a4a330544b9bf84 hr-default  avia-builder-el-2  el_after_av_heading  el_before_av_textblock '><span class='hr-inner '><span class=\"hr-inner-style\"><\/span><\/span><\/div><br \/>\n<section  class='av_textblock_section av-5bkquy-3ea367d84f6d06e9a3405ba832a038a7 '   itemscope=\"itemscope\" itemtype=\"https:\/\/schema.org\/BlogPosting\" itemprop=\"blogPost\" ><div class='avia_textblock'  itemprop=\"text\" ><h3><strong>Begr\u00fc\u00dfung der G\u00e4ste<\/strong><\/h3>\n<ul>\n<li>G\u00e4ste vom Imkerverein Salzburg-Maxglan<\/li>\n<li>Fadi \u2013 <a href=\"https:\/\/www.biotech.at\/refubees\/\">RefuBees-Imker<\/a> aus Syrien<\/li>\n<\/ul>\n<h3>\u00c4nderung bei den Vereinsmitgliedern<\/h3>\n<p>Wir haben ein neues, j\u00fcngstes Vereinsmitglied (13 Jahre), das uns voraussichtlich beim Weihnachtsmarkt besuchen wird.<\/p>\n<h3><strong>Imkern im November\/Dezember\/J\u00e4nner<br \/>\n<\/strong><\/h3>\n<ul>\n<li><strong>Varroabehandlung \u2013 Restentmilbung<\/strong>. Nur so viel behandeln, wie auch notwendig ist<\/li>\n<li><strong>Flugl\u00f6cher <\/strong>nach den ersten Frostn\u00e4chten wieder \u00f6ffnen, damit Luft entweichen kann<\/li>\n<li>Vorbereitungen f\u00fcr die kommende Saison (Mittelw\u00e4nde, Beuten \u2026)<\/li>\n<li><strong>Angepasster Brutraum: <\/strong>Schieden auf die Wintertraube nach den ersten Frostn\u00e4chten. An einem warmen Tag im November\/Dezember<\/li>\n<\/ul>\n<h3><strong>Neuigkeiten<\/strong><\/h3>\n<ul>\n<li><strong>Kurzer Bericht vom <a href=\"https:\/\/imker-aigen.at\/index.php\/2023\/11\/03\/seminar-mit-ing-andreas-platzer-am-3-und-4-11-2023-im-imkerhof-salzburg\/\">Seminar\/Workshop Bienengesundheit<\/a><\/strong> im Imkerhof am 3. und 4.11.2023 durch Julia Mayer<\/li>\n<li><strong>Neue Mitgliedsbeitr\u00e4ge 2024<\/strong> (Bekanntgabe durch den Landesverband mit der Aussendung 01\/24)<\/li>\n<li><strong>VIS-Meldung <\/strong>der Bienenv\u00f6lker (bitte nicht vergessen!)<\/li>\n<li><strong>Ambrosius-Feier<br \/>\n<\/strong>Pauli kl\u00e4rt mit der Pfarre Aigen die M\u00f6glichkeiten (Abendmesse am 7.12 oder Messe am 8.12. um 10:00 Uhr)<strong><br \/>\n<\/strong><\/li>\n<li><strong>Online-Adventkalender von <a href=\"https:\/\/www.akzente.net\/\">akzente Salzburg<\/a><\/strong> \u2013 Ein T\u00fcrchen mit Bienenprodukten f\u00fcllen<br \/>\nPaul von akzente erkl\u00e4rt kurz das Projekt und kann bereits die ersten Bienenprodukte bzw. das aktuelle BeeSteez-Boys Buch zum F\u00fcllen des akzente Online-Adventkalenders in Empfang nehmen. Weitere Bienenprodukte sind als Sachspende willkommen!<\/li>\n<li><strong>Neue Beitr\u00e4ge auf der Homepage! <\/strong>Neue Beitr\u00e4ge sind immer willkommen!<strong><br \/>\n<\/strong><\/li>\n<li><strong>Zusammenarbeit mit dem Naturschutzbund<\/strong> (Aktion \u201eAufbl\u00fchen\u201c des Landes Salzburg und des Naturschutzbundes)<br \/>\nUnsere Beitr\u00e4ge f\u00fcr die n\u00e4chsten beiden Ausgaben der Naturschutzbund-Zeitschrift sind fertig<\/li>\n<li><strong>Weihnachtsmarkt Elsbethen 2023<\/strong> (2.12 und 9.12.2023)<br \/>\nStand der bisherigen Aktivit\u00e4ten\/Planung (Zusammenarbeit mit dem Obst- und Gartenbauverein)<br \/>\nZum Vergleich \u2013 <a href=\"https:\/\/imker-aigen.at\/index.php\/2022\/12\/06\/weihnachtsmarkt-in-elsbethen\/\">Res\u00fcmee vom Weihnachtsmarkt 2022<\/a><\/li>\n<li><strong>Auswahl des Fachvortrags<\/strong> f\u00fcr die Jahreshauptversammlung am 6.2.2024<br \/>\nDerzeit gibt es ca. gleich viele Stimmen f\u00fcr die Vortr\u00e4ge &#8222;Wildbienen (Hr. Neumayer)&#8220; und &#8222;Trends in der Imkerei (Thomas Renner)&#8220;<\/li>\n<li><strong>N\u00e4chstes Sozialprojekt<\/strong> \u2013 <a href=\"https:\/\/swan-oesterreich.at\/\">Nepal-Hilfe (Swan \u00d6sterreich)<\/a>, Ukraine-Hilfe oder anderes Projekt? <a href=\"https:\/\/eichhoernchenhilfesalzburg.at\/\">Eichh\u00f6rnchenhilfe Salzburg<\/a>?<br \/>\nDar\u00fcber soll bei der Jahreshauptversammlung abgestimmt werden<\/li>\n<li><strong>Asiatische Hornisse (Vespa velutina)<\/strong><br \/>\nThomas Renner vom Imkerhof wollte eigentlich zum heutigen Stammtisch kommen. Er muss aber am 8.11.2023 zu einem <a href=\"https:\/\/www.ages.at\/\">AGES<\/a>-Treffen bzgl. Vespa velutina fahren. Im Dezember soll es noch eine Veranstaltung f\u00fcr die Gesundheitswarte im Imkerhof zum Thema &#8222;Vespa velutina&#8220; geben. Es ist auch geplant eine eigene Task-Force f\u00fcr dieses Thema zu bilden.<\/li>\n<\/ul>\n<h3><strong>N\u00e4chste Termine <\/strong>(siehe auch <a href=\"https:\/\/imker-aigen.at\/index.php\/events\/list\/\">Veranstaltungskalender<\/a>)<\/h3>\n<ul>\n<li><a href=\"https:\/\/imker-aigen.at\/index.php\/event\/einsteigertag-2024\/\">18.11 Einsteigertag 2024 im Imkerhof<\/a><\/li>\n<li><a href=\"https:\/\/imker-aigen.at\/index.php\/event\/weihnachtsmarkt-in-elsbethen-2\/\">2.12 Weihnachtsmarkt Elsbethen<\/a><\/li>\n<li><a href=\"https:\/\/imker-aigen.at\/index.php\/event\/ambrosius-tag-2023\/\">7.12.2023 Ambrosius-Tag<\/a>, Pauli kl\u00e4rt mit der Pfarre Aigen die M\u00f6glichkeiten f\u00fcr eine Ambrosius-Feier (Abendmesse am 7.12 oder Messe am 8.12. um 10:00 Uhr)<\/li>\n<li><a href=\"https:\/\/imker-aigen.at\/index.php\/event\/weihnachtsmarkt-in-elsbethen-4\/\">9.12 Weihnachtsmarkt Elsbethen<\/a><\/li>\n<li><a href=\"https:\/\/imker-aigen.at\/index.php\/event\/tennengauer-imkertag-2024\/\">14.1.2024 Tennengauer Imkertag<\/a><\/li>\n<li><a href=\"https:\/\/imker-aigen.at\/index.php\/event\/flachgauer-imkerfachtag\/\">26\/27.1.2024 Flachgauer Imkerfachtag<\/a><\/li>\n<li><a href=\"https:\/\/imker-aigen.at\/index.php\/event\/stammtisch-6-februar-2024-jahreshauptversammlung\/\">6.2.2024 Stammtisch + Jahreshauptversammlung<\/a><\/li>\n<\/ul>\n<h3><strong>Pl\u00e4ne<\/strong><\/h3>\n<ul>\n<li><strong>Wochentags\u00e4nderung<\/strong> f\u00fcr unsere Stammtische im kommenden Jahr?<\/li>\n<li><strong>Ausflug<\/strong> im kommenden Jahr wird angedacht, Ziel wird noch gesucht<\/li>\n<li><strong>Sommerfest 2024<\/strong> \u2013 120 Jahre Imkerverein Salzburg Aigen<\/li>\n<\/ul>\n<h2><\/h2>\n<h2><\/h2>\n<\/div><\/section><br \/>\n<div  class='av-social-sharing-box av-4eeh16-2260f3fa73e5e872483ac69524b1ecda av-social-sharing-box-default  avia-builder-el-4  el_after_av_textblock  el_before_av_comments_list  av-social-sharing-box-fullwidth'><div class=\"av-share-box\"><h5 class='av-share-link-description av-no-toc '>Eintrag teilen<\/h5><ul class=\"av-share-box-list noLightbox\"><li class='av-share-link av-social-link-facebook avia_social_iconfont' ><a target=\"_blank\" aria-label=\"Teilen auf Facebook\" href='https:\/\/www.facebook.com\/sharer.php?u=https:\/\/imker-aigen.at\/index.php\/2023\/11\/07\/protokoll-vom-stamtisch-am-7-november-2023\/&#038;t=Protokoll%20vom%20Stammtisch%20am%207.%20November%202023' data-av_icon='\ue8f3' data-av_iconfont='entypo-fontello'  title='' data-avia-related-tooltip='Teilen auf Facebook'><span class='avia_hidden_link_text'>Teilen auf Facebook<\/span><\/a><\/li><li class='av-share-link av-social-link-twitter avia_social_iconfont' ><a target=\"_blank\" aria-label=\"Teilen auf X\" href='https:\/\/twitter.com\/share?text=Protokoll%20vom%20Stammtisch%20am%207.%20November%202023&#038;url=https:\/\/imker-aigen.at\/?p=4586' data-av_icon='\ue932' data-av_iconfont='entypo-fontello'  title='' data-avia-related-tooltip='Teilen auf X'><span class='avia_hidden_link_text'>Teilen auf X<\/span><\/a><\/li><li class='av-share-link av-social-link-whatsapp avia_social_iconfont' ><a target=\"_blank\" aria-label=\"Teilen auf WhatsApp\" href='https:\/\/api.whatsapp.com\/send?text=https:\/\/imker-aigen.at\/index.php\/2023\/11\/07\/protokoll-vom-stamtisch-am-7-november-2023\/' data-av_icon='\uf232' data-av_iconfont='entypo-fontello'  title='' data-avia-related-tooltip='Teilen auf WhatsApp'><span class='avia_hidden_link_text'>Teilen auf WhatsApp<\/span><\/a><\/li><li class='av-share-link av-social-link-pinterest avia_social_iconfont' ><a target=\"_blank\" aria-label=\"Teilen auf Pinterest\" href='https:\/\/pinterest.com\/pin\/create\/button\/?url=https%3A%2F%2Fimker-aigen.at%2Findex.php%2F2023%2F11%2F07%2Fprotokoll-vom-stamtisch-am-7-november-2023%2F&#038;description=Protokoll%20vom%20Stammtisch%20am%207.%20November%202023&#038;media=https%3A%2F%2Fimker-aigen.at%2Fwp-content%2Fuploads%2F2022%2F08%2Fglasses-beer-1.jpg' data-av_icon='\ue8f8' data-av_iconfont='entypo-fontello'  title='' data-avia-related-tooltip='Teilen auf Pinterest'><span class='avia_hidden_link_text'>Teilen auf Pinterest<\/span><\/a><\/li><li class='av-share-link av-social-link-linkedin avia_social_iconfont' ><a target=\"_blank\" aria-label=\"Teilen auf LinkedIn\" href='https:\/\/linkedin.com\/shareArticle?mini=true&#038;title=Protokoll%20vom%20Stammtisch%20am%207.%20November%202023&#038;url=https:\/\/imker-aigen.at\/index.php\/2023\/11\/07\/protokoll-vom-stamtisch-am-7-november-2023\/' data-av_icon='\ue8fc' data-av_iconfont='entypo-fontello'  title='' data-avia-related-tooltip='Teilen auf LinkedIn'><span class='avia_hidden_link_text'>Teilen auf LinkedIn<\/span><\/a><\/li><li class='av-share-link av-social-link-reddit avia_social_iconfont' ><a target=\"_blank\" aria-label=\"Teilen auf Reddit\" href='https:\/\/reddit.com\/submit?url=https:\/\/imker-aigen.at\/index.php\/2023\/11\/07\/protokoll-vom-stamtisch-am-7-november-2023\/&#038;title=Protokoll%20vom%20Stammtisch%20am%207.%20November%202023' data-av_icon='\ue927' data-av_iconfont='entypo-fontello'  title='' data-avia-related-tooltip='Teilen auf Reddit'><span class='avia_hidden_link_text'>Teilen auf Reddit<\/span><\/a><\/li><li class='av-share-link av-social-link-mail avia_social_iconfont' ><a  aria-label=\"Per E-Mail teilen\" href='mailto:?subject=Protokoll%20vom%20Stammtisch%20am%207.%20November%202023&#038;body=https:\/\/imker-aigen.at\/index.php\/2023\/11\/07\/protokoll-vom-stamtisch-am-7-november-2023\/' data-av_icon='\ue805' data-av_iconfont='entypo-fontello'  title='' data-avia-related-tooltip='Per E-Mail teilen'><span class='avia_hidden_link_text'>Per E-Mail teilen<\/span><\/a><\/li><\/ul><\/div><\/div><br \/>\n<div  class='av-buildercomment av-2febfe-467d18c3521a0434fb0a2ddea075360c'><\/div><\/p><\/div>\n","protected":false},"excerpt":{"rendered":"","protected":false},"author":1,"featured_media":621,"comment_status":"open","ping_status":"closed","sticky":false,"template":"","format":"standard","meta":{"footnotes":""},"categories":[18],"tags":[36,37,35],"class_list":["post-4586","post","type-post","status-publish","format-standard","has-post-thumbnail","hentry","category-alte-veranstaltungen","tag-aigen","tag-imker","tag-stammtisch"],"yoast_head":"<!-- This site is optimized with the Yoast SEO plugin v27.4 - https:\/\/yoast.com\/product\/yoast-seo-wordpress\/ -->\n<title>Protokoll vom Stammtisch am 7. November 2023 - Imker Ortsgruppe Salzburg Aigen<\/title>\n<meta name=\"description\" content=\"Protokoll vom Stammtisch des Imkervereins Salzburg Aigen am 7. November 2023\" \/>\n<meta name=\"robots\" content=\"index, follow, max-snippet:-1, max-image-preview:large, max-video-preview:-1\" \/>\n<link rel=\"canonical\" href=\"https:\/\/imker-aigen.at\/index.php\/2023\/11\/07\/protokoll-vom-stamtisch-am-7-november-2023\/\" \/>\n<meta property=\"og:locale\" content=\"de_DE\" \/>\n<meta property=\"og:type\" content=\"article\" \/>\n<meta property=\"og:title\" content=\"Protokoll vom Stammtisch am 7. November 2023 - Imker Ortsgruppe Salzburg Aigen\" \/>\n<meta property=\"og:description\" content=\"Protokoll vom Stammtisch des Imkervereins Salzburg Aigen am 7. November 2023\" \/>\n<meta property=\"og:url\" content=\"https:\/\/imker-aigen.at\/index.php\/2023\/11\/07\/protokoll-vom-stamtisch-am-7-november-2023\/\" \/>\n<meta property=\"og:site_name\" content=\"Imker Ortsgruppe Salzburg Aigen\" \/>\n<meta property=\"article:published_time\" content=\"2023-11-07T18:00:48+00:00\" \/>\n<meta property=\"article:modified_time\" content=\"2023-11-10T12:28:48+00:00\" \/>\n<meta property=\"og:image\" content=\"https:\/\/imker-aigen.at\/wp-content\/uploads\/2022\/08\/glasses-beer-1.jpg\" \/>\n\t<meta property=\"og:image:width\" content=\"180\" \/>\n\t<meta property=\"og:image:height\" content=\"241\" \/>\n\t<meta property=\"og:image:type\" content=\"image\/jpeg\" \/>\n<meta name=\"author\" content=\"admin\" \/>\n<meta name=\"twitter:card\" content=\"summary_large_image\" \/>\n<meta name=\"twitter:label1\" content=\"Verfasst von\" \/>\n\t<meta name=\"twitter:data1\" content=\"admin\" \/>\n\t<meta name=\"twitter:label2\" content=\"Gesch\u00e4tzte Lesezeit\" \/>\n\t<meta name=\"twitter:data2\" content=\"5\u00a0Minuten\" \/>\n<script type=\"application\/ld+json\" class=\"yoast-schema-graph\">{\"@context\":\"https:\\\/\\\/schema.org\",\"@graph\":[{\"@type\":\"Article\",\"@id\":\"https:\\\/\\\/imker-aigen.at\\\/index.php\\\/2023\\\/11\\\/07\\\/protokoll-vom-stamtisch-am-7-november-2023\\\/#article\",\"isPartOf\":{\"@id\":\"https:\\\/\\\/imker-aigen.at\\\/index.php\\\/2023\\\/11\\\/07\\\/protokoll-vom-stamtisch-am-7-november-2023\\\/\"},\"author\":{\"name\":\"admin\",\"@id\":\"https:\\\/\\\/imker-aigen.at\\\/#\\\/schema\\\/person\\\/d7d0c3a8ef6f051d450781218ac83077\"},\"headline\":\"Protokoll vom Stammtisch am 7. November 2023\",\"datePublished\":\"2023-11-07T18:00:48+00:00\",\"dateModified\":\"2023-11-10T12:28:48+00:00\",\"mainEntityOfPage\":{\"@id\":\"https:\\\/\\\/imker-aigen.at\\\/index.php\\\/2023\\\/11\\\/07\\\/protokoll-vom-stamtisch-am-7-november-2023\\\/\"},\"wordCount\":1151,\"commentCount\":0,\"publisher\":{\"@id\":\"https:\\\/\\\/imker-aigen.at\\\/#organization\"},\"image\":{\"@id\":\"https:\\\/\\\/imker-aigen.at\\\/index.php\\\/2023\\\/11\\\/07\\\/protokoll-vom-stamtisch-am-7-november-2023\\\/#primaryimage\"},\"thumbnailUrl\":\"https:\\\/\\\/imker-aigen.at\\\/wp-content\\\/uploads\\\/2022\\\/08\\\/glasses-beer-1.jpg\",\"keywords\":[\"Aigen\",\"Imker\",\"Stammtisch\"],\"articleSection\":[\"Alte Veranstaltungen\"],\"inLanguage\":\"de\",\"potentialAction\":[{\"@type\":\"CommentAction\",\"name\":\"Comment\",\"target\":[\"https:\\\/\\\/imker-aigen.at\\\/index.php\\\/2023\\\/11\\\/07\\\/protokoll-vom-stamtisch-am-7-november-2023\\\/#respond\"]}]},{\"@type\":\"WebPage\",\"@id\":\"https:\\\/\\\/imker-aigen.at\\\/index.php\\\/2023\\\/11\\\/07\\\/protokoll-vom-stamtisch-am-7-november-2023\\\/\",\"url\":\"https:\\\/\\\/imker-aigen.at\\\/index.php\\\/2023\\\/11\\\/07\\\/protokoll-vom-stamtisch-am-7-november-2023\\\/\",\"name\":\"Protokoll vom Stammtisch am 7. November 2023 - Imker Ortsgruppe Salzburg Aigen\",\"isPartOf\":{\"@id\":\"https:\\\/\\\/imker-aigen.at\\\/#website\"},\"primaryImageOfPage\":{\"@id\":\"https:\\\/\\\/imker-aigen.at\\\/index.php\\\/2023\\\/11\\\/07\\\/protokoll-vom-stamtisch-am-7-november-2023\\\/#primaryimage\"},\"image\":{\"@id\":\"https:\\\/\\\/imker-aigen.at\\\/index.php\\\/2023\\\/11\\\/07\\\/protokoll-vom-stamtisch-am-7-november-2023\\\/#primaryimage\"},\"thumbnailUrl\":\"https:\\\/\\\/imker-aigen.at\\\/wp-content\\\/uploads\\\/2022\\\/08\\\/glasses-beer-1.jpg\",\"datePublished\":\"2023-11-07T18:00:48+00:00\",\"dateModified\":\"2023-11-10T12:28:48+00:00\",\"description\":\"Protokoll vom Stammtisch des Imkervereins Salzburg Aigen am 7. November 2023\",\"breadcrumb\":{\"@id\":\"https:\\\/\\\/imker-aigen.at\\\/index.php\\\/2023\\\/11\\\/07\\\/protokoll-vom-stamtisch-am-7-november-2023\\\/#breadcrumb\"},\"inLanguage\":\"de\",\"potentialAction\":[{\"@type\":\"ReadAction\",\"target\":[\"https:\\\/\\\/imker-aigen.at\\\/index.php\\\/2023\\\/11\\\/07\\\/protokoll-vom-stamtisch-am-7-november-2023\\\/\"]}]},{\"@type\":\"ImageObject\",\"inLanguage\":\"de\",\"@id\":\"https:\\\/\\\/imker-aigen.at\\\/index.php\\\/2023\\\/11\\\/07\\\/protokoll-vom-stamtisch-am-7-november-2023\\\/#primaryimage\",\"url\":\"https:\\\/\\\/imker-aigen.at\\\/wp-content\\\/uploads\\\/2022\\\/08\\\/glasses-beer-1.jpg\",\"contentUrl\":\"https:\\\/\\\/imker-aigen.at\\\/wp-content\\\/uploads\\\/2022\\\/08\\\/glasses-beer-1.jpg\",\"width\":180,\"height\":241,\"caption\":\"Bier\"},{\"@type\":\"BreadcrumbList\",\"@id\":\"https:\\\/\\\/imker-aigen.at\\\/index.php\\\/2023\\\/11\\\/07\\\/protokoll-vom-stamtisch-am-7-november-2023\\\/#breadcrumb\",\"itemListElement\":[{\"@type\":\"ListItem\",\"position\":1,\"name\":\"Startseite\",\"item\":\"https:\\\/\\\/imker-aigen.at\\\/index.php\\\/home\\\/\"},{\"@type\":\"ListItem\",\"position\":2,\"name\":\"Protokoll vom Stammtisch am 7. November 2023\"}]},{\"@type\":\"WebSite\",\"@id\":\"https:\\\/\\\/imker-aigen.at\\\/#website\",\"url\":\"https:\\\/\\\/imker-aigen.at\\\/\",\"name\":\"Imker Ortsgruppe Salzburg Aigen\",\"description\":\"Homepage der Imker-Ortsgruppe Salzburg Aigen\",\"publisher\":{\"@id\":\"https:\\\/\\\/imker-aigen.at\\\/#organization\"},\"potentialAction\":[{\"@type\":\"SearchAction\",\"target\":{\"@type\":\"EntryPoint\",\"urlTemplate\":\"https:\\\/\\\/imker-aigen.at\\\/?s={search_term_string}\"},\"query-input\":{\"@type\":\"PropertyValueSpecification\",\"valueRequired\":true,\"valueName\":\"search_term_string\"}}],\"inLanguage\":\"de\"},{\"@type\":\"Organization\",\"@id\":\"https:\\\/\\\/imker-aigen.at\\\/#organization\",\"name\":\"Imker Ortsgruppe Salzburg Aigen\",\"url\":\"https:\\\/\\\/imker-aigen.at\\\/\",\"logo\":{\"@type\":\"ImageObject\",\"inLanguage\":\"de\",\"@id\":\"https:\\\/\\\/imker-aigen.at\\\/#\\\/schema\\\/logo\\\/image\\\/\",\"url\":\"https:\\\/\\\/imker-aigen.at\\\/wp-content\\\/uploads\\\/2022\\\/08\\\/logo-1.png\",\"contentUrl\":\"https:\\\/\\\/imker-aigen.at\\\/wp-content\\\/uploads\\\/2022\\\/08\\\/logo-1.png\",\"width\":392,\"height\":156,\"caption\":\"Imker Ortsgruppe Salzburg Aigen\"},\"image\":{\"@id\":\"https:\\\/\\\/imker-aigen.at\\\/#\\\/schema\\\/logo\\\/image\\\/\"}},{\"@type\":\"Person\",\"@id\":\"https:\\\/\\\/imker-aigen.at\\\/#\\\/schema\\\/person\\\/d7d0c3a8ef6f051d450781218ac83077\",\"name\":\"admin\",\"image\":{\"@type\":\"ImageObject\",\"inLanguage\":\"de\",\"@id\":\"https:\\\/\\\/secure.gravatar.com\\\/avatar\\\/925a7e918efd3cfdae29be9c0018a3ae3275cd0444a6e166241172bb6e5243c7?s=96&d=mm&r=g\",\"url\":\"https:\\\/\\\/secure.gravatar.com\\\/avatar\\\/925a7e918efd3cfdae29be9c0018a3ae3275cd0444a6e166241172bb6e5243c7?s=96&d=mm&r=g\",\"contentUrl\":\"https:\\\/\\\/secure.gravatar.com\\\/avatar\\\/925a7e918efd3cfdae29be9c0018a3ae3275cd0444a6e166241172bb6e5243c7?s=96&d=mm&r=g\",\"caption\":\"admin\"},\"sameAs\":[\"https:\\\/\\\/imker-aigen.at\",\"linkedin.com\\\/in\\\/bernd-meierhofer-5919b62\"],\"url\":\"https:\\\/\\\/imker-aigen.at\\\/index.php\\\/author\\\/bmeierhofer\\\/\"}]}<\/script>\n<!-- \/ Yoast SEO plugin. -->","yoast_head_json":{"title":"Protokoll vom Stammtisch am 7. November 2023 - Imker Ortsgruppe Salzburg Aigen","description":"Protokoll vom Stammtisch des Imkervereins Salzburg Aigen am 7. November 2023","robots":{"index":"index","follow":"follow","max-snippet":"max-snippet:-1","max-image-preview":"max-image-preview:large","max-video-preview":"max-video-preview:-1"},"canonical":"https:\/\/imker-aigen.at\/index.php\/2023\/11\/07\/protokoll-vom-stamtisch-am-7-november-2023\/","og_locale":"de_DE","og_type":"article","og_title":"Protokoll vom Stammtisch am 7. November 2023 - Imker Ortsgruppe Salzburg Aigen","og_description":"Protokoll vom Stammtisch des Imkervereins Salzburg Aigen am 7. November 2023","og_url":"https:\/\/imker-aigen.at\/index.php\/2023\/11\/07\/protokoll-vom-stamtisch-am-7-november-2023\/","og_site_name":"Imker Ortsgruppe Salzburg Aigen","article_published_time":"2023-11-07T18:00:48+00:00","article_modified_time":"2023-11-10T12:28:48+00:00","og_image":[{"width":180,"height":241,"url":"https:\/\/imker-aigen.at\/wp-content\/uploads\/2022\/08\/glasses-beer-1.jpg","type":"image\/jpeg"}],"author":"admin","twitter_card":"summary_large_image","twitter_misc":{"Verfasst von":"admin","Gesch\u00e4tzte Lesezeit":"5\u00a0Minuten"},"schema":{"@context":"https:\/\/schema.org","@graph":[{"@type":"Article","@id":"https:\/\/imker-aigen.at\/index.php\/2023\/11\/07\/protokoll-vom-stamtisch-am-7-november-2023\/#article","isPartOf":{"@id":"https:\/\/imker-aigen.at\/index.php\/2023\/11\/07\/protokoll-vom-stamtisch-am-7-november-2023\/"},"author":{"name":"admin","@id":"https:\/\/imker-aigen.at\/#\/schema\/person\/d7d0c3a8ef6f051d450781218ac83077"},"headline":"Protokoll vom Stammtisch am 7. November 2023","datePublished":"2023-11-07T18:00:48+00:00","dateModified":"2023-11-10T12:28:48+00:00","mainEntityOfPage":{"@id":"https:\/\/imker-aigen.at\/index.php\/2023\/11\/07\/protokoll-vom-stamtisch-am-7-november-2023\/"},"wordCount":1151,"commentCount":0,"publisher":{"@id":"https:\/\/imker-aigen.at\/#organization"},"image":{"@id":"https:\/\/imker-aigen.at\/index.php\/2023\/11\/07\/protokoll-vom-stamtisch-am-7-november-2023\/#primaryimage"},"thumbnailUrl":"https:\/\/imker-aigen.at\/wp-content\/uploads\/2022\/08\/glasses-beer-1.jpg","keywords":["Aigen","Imker","Stammtisch"],"articleSection":["Alte Veranstaltungen"],"inLanguage":"de","potentialAction":[{"@type":"CommentAction","name":"Comment","target":["https:\/\/imker-aigen.at\/index.php\/2023\/11\/07\/protokoll-vom-stamtisch-am-7-november-2023\/#respond"]}]},{"@type":"WebPage","@id":"https:\/\/imker-aigen.at\/index.php\/2023\/11\/07\/protokoll-vom-stamtisch-am-7-november-2023\/","url":"https:\/\/imker-aigen.at\/index.php\/2023\/11\/07\/protokoll-vom-stamtisch-am-7-november-2023\/","name":"Protokoll vom Stammtisch am 7. November 2023 - Imker Ortsgruppe Salzburg Aigen","isPartOf":{"@id":"https:\/\/imker-aigen.at\/#website"},"primaryImageOfPage":{"@id":"https:\/\/imker-aigen.at\/index.php\/2023\/11\/07\/protokoll-vom-stamtisch-am-7-november-2023\/#primaryimage"},"image":{"@id":"https:\/\/imker-aigen.at\/index.php\/2023\/11\/07\/protokoll-vom-stamtisch-am-7-november-2023\/#primaryimage"},"thumbnailUrl":"https:\/\/imker-aigen.at\/wp-content\/uploads\/2022\/08\/glasses-beer-1.jpg","datePublished":"2023-11-07T18:00:48+00:00","dateModified":"2023-11-10T12:28:48+00:00","description":"Protokoll vom Stammtisch des Imkervereins Salzburg Aigen am 7. November 2023","breadcrumb":{"@id":"https:\/\/imker-aigen.at\/index.php\/2023\/11\/07\/protokoll-vom-stamtisch-am-7-november-2023\/#breadcrumb"},"inLanguage":"de","potentialAction":[{"@type":"ReadAction","target":["https:\/\/imker-aigen.at\/index.php\/2023\/11\/07\/protokoll-vom-stamtisch-am-7-november-2023\/"]}]},{"@type":"ImageObject","inLanguage":"de","@id":"https:\/\/imker-aigen.at\/index.php\/2023\/11\/07\/protokoll-vom-stamtisch-am-7-november-2023\/#primaryimage","url":"https:\/\/imker-aigen.at\/wp-content\/uploads\/2022\/08\/glasses-beer-1.jpg","contentUrl":"https:\/\/imker-aigen.at\/wp-content\/uploads\/2022\/08\/glasses-beer-1.jpg","width":180,"height":241,"caption":"Bier"},{"@type":"BreadcrumbList","@id":"https:\/\/imker-aigen.at\/index.php\/2023\/11\/07\/protokoll-vom-stamtisch-am-7-november-2023\/#breadcrumb","itemListElement":[{"@type":"ListItem","position":1,"name":"Startseite","item":"https:\/\/imker-aigen.at\/index.php\/home\/"},{"@type":"ListItem","position":2,"name":"Protokoll vom Stammtisch am 7. November 2023"}]},{"@type":"WebSite","@id":"https:\/\/imker-aigen.at\/#website","url":"https:\/\/imker-aigen.at\/","name":"Imker Ortsgruppe Salzburg Aigen","description":"Homepage der Imker-Ortsgruppe Salzburg Aigen","publisher":{"@id":"https:\/\/imker-aigen.at\/#organization"},"potentialAction":[{"@type":"SearchAction","target":{"@type":"EntryPoint","urlTemplate":"https:\/\/imker-aigen.at\/?s={search_term_string}"},"query-input":{"@type":"PropertyValueSpecification","valueRequired":true,"valueName":"search_term_string"}}],"inLanguage":"de"},{"@type":"Organization","@id":"https:\/\/imker-aigen.at\/#organization","name":"Imker Ortsgruppe Salzburg Aigen","url":"https:\/\/imker-aigen.at\/","logo":{"@type":"ImageObject","inLanguage":"de","@id":"https:\/\/imker-aigen.at\/#\/schema\/logo\/image\/","url":"https:\/\/imker-aigen.at\/wp-content\/uploads\/2022\/08\/logo-1.png","contentUrl":"https:\/\/imker-aigen.at\/wp-content\/uploads\/2022\/08\/logo-1.png","width":392,"height":156,"caption":"Imker Ortsgruppe Salzburg Aigen"},"image":{"@id":"https:\/\/imker-aigen.at\/#\/schema\/logo\/image\/"}},{"@type":"Person","@id":"https:\/\/imker-aigen.at\/#\/schema\/person\/d7d0c3a8ef6f051d450781218ac83077","name":"admin","image":{"@type":"ImageObject","inLanguage":"de","@id":"https:\/\/secure.gravatar.com\/avatar\/925a7e918efd3cfdae29be9c0018a3ae3275cd0444a6e166241172bb6e5243c7?s=96&d=mm&r=g","url":"https:\/\/secure.gravatar.com\/avatar\/925a7e918efd3cfdae29be9c0018a3ae3275cd0444a6e166241172bb6e5243c7?s=96&d=mm&r=g","contentUrl":"https:\/\/secure.gravatar.com\/avatar\/925a7e918efd3cfdae29be9c0018a3ae3275cd0444a6e166241172bb6e5243c7?s=96&d=mm&r=g","caption":"admin"},"sameAs":["https:\/\/imker-aigen.at","linkedin.com\/in\/bernd-meierhofer-5919b62"],"url":"https:\/\/imker-aigen.at\/index.php\/author\/bmeierhofer\/"}]}},"_links":{"self":[{"href":"https:\/\/imker-aigen.at\/index.php\/wp-json\/wp\/v2\/posts\/4586","targetHints":{"allow":["GET"]}}],"collection":[{"href":"https:\/\/imker-aigen.at\/index.php\/wp-json\/wp\/v2\/posts"}],"about":[{"href":"https:\/\/imker-aigen.at\/index.php\/wp-json\/wp\/v2\/types\/post"}],"author":[{"embeddable":true,"href":"https:\/\/imker-aigen.at\/index.php\/wp-json\/wp\/v2\/users\/1"}],"replies":[{"embeddable":true,"href":"https:\/\/imker-aigen.at\/index.php\/wp-json\/wp\/v2\/comments?post=4586"}],"version-history":[{"count":12,"href":"https:\/\/imker-aigen.at\/index.php\/wp-json\/wp\/v2\/posts\/4586\/revisions"}],"predecessor-version":[{"id":4619,"href":"https:\/\/imker-aigen.at\/index.php\/wp-json\/wp\/v2\/posts\/4586\/revisions\/4619"}],"wp:featuredmedia":[{"embeddable":true,"href":"https:\/\/imker-aigen.at\/index.php\/wp-json\/wp\/v2\/media\/621"}],"wp:attachment":[{"href":"https:\/\/imker-aigen.at\/index.php\/wp-json\/wp\/v2\/media?parent=4586"}],"wp:term":[{"taxonomy":"category","embeddable":true,"href":"https:\/\/imker-aigen.at\/index.php\/wp-json\/wp\/v2\/categories?post=4586"},{"taxonomy":"post_tag","embeddable":true,"href":"https:\/\/imker-aigen.at\/index.php\/wp-json\/wp\/v2\/tags?post=4586"}],"curies":[{"name":"wp","href":"https:\/\/api.w.org\/{rel}","templated":true}]}}