{"id":4620,"date":"2023-11-10T14:09:16","date_gmt":"2023-11-10T13:09:16","guid":{"rendered":"https:\/\/imker-aigen.at\/?p=4620"},"modified":"2024-12-11T09:10:07","modified_gmt":"2024-12-11T08:10:07","slug":"s-pass-adventskalender-wir-sind-dabei","status":"publish","type":"post","link":"https:\/\/imker-aigen.at\/index.php\/2023\/11\/10\/s-pass-adventskalender-wir-sind-dabei\/","title":{"rendered":"S-Pass Adventskalender &#8211; Wir sind dabei!"},"content":{"rendered":"<div  class='flex_column av-7ewamk-dec437282745f3c501b0ae953d69317f av_one_full  avia-builder-el-0  avia-builder-el-no-sibling  first flex_column_div  '     ><p>\n<style type=\"text\/css\" data-created_by=\"avia_inline_auto\" id=\"style-css-av-losmhe2i-24295ea5ce85e1cca272fd3199dd1788\">\n#top .av-special-heading.av-losmhe2i-24295ea5ce85e1cca272fd3199dd1788{\npadding-bottom:10px;\n}\nbody .av-special-heading.av-losmhe2i-24295ea5ce85e1cca272fd3199dd1788 .av-special-heading-tag .heading-char{\nfont-size:25px;\n}\n.av-special-heading.av-losmhe2i-24295ea5ce85e1cca272fd3199dd1788 .av-subheading{\nfont-size:15px;\n}\n<\/style>\n<div  class='av-special-heading av-losmhe2i-24295ea5ce85e1cca272fd3199dd1788 av-special-heading-h3 blockquote modern-quote modern-centered  avia-builder-el-1  el_before_av_image  avia-builder-el-first '><h3 class='av-special-heading-tag '  itemprop=\"headline\"  >S-Pass Online-Adventkalender 2023<\/h3><div class='av-subheading av-subheading_below'><p>Wir sind dabei!<\/p>\n<\/div><div class=\"special-heading-border\"><div class=\"special-heading-inner-border\"><\/div><\/div><\/div><br \/>\n\n<style type=\"text\/css\" data-created_by=\"avia_inline_auto\" id=\"style-css-av-lphzo8s1-0f45a565f974da4ec46688b0c34c44c7\">\n.avia-image-container.av-lphzo8s1-0f45a565f974da4ec46688b0c34c44c7 img.avia_image{\nbox-shadow:none;\n}\n.avia-image-container.av-lphzo8s1-0f45a565f974da4ec46688b0c34c44c7 .av-image-caption-overlay-center{\ncolor:#ffffff;\n}\n<\/style>\n<div  class='avia-image-container av-lphzo8s1-0f45a565f974da4ec46688b0c34c44c7 av-styling- av-img-linked avia-align-center  avia-builder-el-2  el_after_av_heading  el_before_av_hr '   itemprop=\"image\" itemscope=\"itemscope\" itemtype=\"https:\/\/schema.org\/ImageObject\" ><div class=\"avia-image-container-inner\"><div class=\"avia-image-overlay-wrap\"><a href=\"https:\/\/adventskalender.s-pass.at\/\" class='avia_image '  aria-label='S-Pass Adventskalender'><img decoding=\"async\" fetchpriority=\"high\" class='wp-image-4755 avia-img-lazy-loading-not-4755 avia_image ' src=\"https:\/\/imker-aigen.at\/wp-content\/uploads\/2023\/11\/spass2_768_768.jpg\" alt='' title='S-Pass Adventskalender'  height=\"768\" width=\"768\"  itemprop=\"thumbnailUrl\" srcset=\"https:\/\/imker-aigen.at\/wp-content\/uploads\/2023\/11\/spass2_768_768.jpg 768w, https:\/\/imker-aigen.at\/wp-content\/uploads\/2023\/11\/spass2_768_768-300x300.jpg 300w, https:\/\/imker-aigen.at\/wp-content\/uploads\/2023\/11\/spass2_768_768-80x80.jpg 80w, https:\/\/imker-aigen.at\/wp-content\/uploads\/2023\/11\/spass2_768_768-36x36.jpg 36w, https:\/\/imker-aigen.at\/wp-content\/uploads\/2023\/11\/spass2_768_768-180x180.jpg 180w, https:\/\/imker-aigen.at\/wp-content\/uploads\/2023\/11\/spass2_768_768-705x705.jpg 705w\" sizes=\"(max-width: 768px) 100vw, 768px\" \/><\/a><\/div><\/div><\/div><br \/>\n\n<style type=\"text\/css\" data-created_by=\"avia_inline_auto\" id=\"style-css-av-5r2g1o-c786411690c8c445e7e015e1214ca319\">\n#top .hr.av-5r2g1o-c786411690c8c445e7e015e1214ca319{\nmargin-top:30px;\nmargin-bottom:30px;\n}\n.hr.av-5r2g1o-c786411690c8c445e7e015e1214ca319 .hr-inner{\nwidth:50px;\nmax-width:45%;\n}\n<\/style>\n<div  class='hr av-5r2g1o-c786411690c8c445e7e015e1214ca319 hr-custom  avia-builder-el-3  el_after_av_image  el_before_av_textblock  hr-center hr-icon-yes'><span class='hr-inner inner-border-av-border-thin'><span class=\"hr-inner-style\"><\/span><\/span><span class='av-seperator-icon avia-iconfont avia-font-entypo-fontello' data-av_icon='\ue8bf' data-av_iconfont='entypo-fontello' ><\/span><span class='hr-inner inner-border-av-border-thin'><span class=\"hr-inner-style\"><\/span><\/span><\/div><br \/>\n<section  class='av_textblock_section av-losmwhia-f109b370ca14408502eb2d82c728bb80 '   itemscope=\"itemscope\" itemtype=\"https:\/\/schema.org\/BlogPosting\" itemprop=\"blogPost\" ><div class='avia_textblock'  itemprop=\"text\" ><p>Am 1.Dezember 2023 um 00:01 Uhr geht der <a href=\"https:\/\/adventskalender.s-pass.at\/\">Adventkalender der Salzburger Jugendkarte<\/a> online!<br \/>\nJeden Tag ist ein anderes Fensterchen bef\u00fcllt. Es geht unter anderem um ein Paar Freeride Skier, eine Rodel, eine gro\u00dfe Bluetooth Box, Kopfh\u00f6rer, B\u00fccher, Brettspiele und <strong>ein buntes B\u00fcndel verschiedener Bienenprodukte vom Imkerverein Salzburg Aigen<\/strong>.<\/p>\n<p>Der <a href=\"https:\/\/jugend.akzente.net\/s-pass\/\">S-Pass<\/a> ist die kostenlose und offizielle Salzburger Jugendkarte f\u00fcr alle von 10 bis 26 Jahren. Der <a href=\"https:\/\/jugend.akzente.net\/s-pass\/\">S-Pass<\/a> ist polizeilich anerkannter Altersnachweis und garantiert Erm\u00e4\u00dfigungen und Vorteile bei rund 300 Partnern: Kinos, Konzerte, Festivals, Theater, Sportveranstaltungen, Skigebiete, Fahrschulen&#8230;<br \/>\nEr ist als Plastikkarte und digital in der <a href=\"https:\/\/jugend.akzente.net\/s-pass\/\">S-Pass<\/a> App erh\u00e4ltlich. In der <a href=\"https:\/\/jugend.akzente.net\/s-pass\/\">S-Pass<\/a> App werden auch die Lehrlingscard, die Sch\u00fcler:innenfreifahrt vom Salzburg Verkehr und die edu.card (Schulausweis) dargestellt. Derzeit nutzen 52.000 Salzburger Jugendliche den <a href=\"https:\/\/jugend.akzente.net\/s-pass\/\">S-Pass<\/a> regelm\u00e4\u00dfig in der App.<\/p>\n<blockquote>\n<p><strong>Wir freuen uns jedenfalls, dass wir in diesem Jahr beim <a href=\"https:\/\/adventskalender.s-pass.at\/\">Online-Adventkalender<\/a> dabei sein d\u00fcrfen und hoffen, dass die Gewinnerin\/der Gewinner viel Freude an unseren Bienenprodukten haben wird.<\/strong><\/p>\n<\/blockquote>\n<\/div><\/section><br \/>\n<div  class='av-social-sharing-box av-f6frw-5f98492fa8498583ba603299ebd32bf8 av-social-sharing-box-default  avia-builder-el-5  el_after_av_textblock  el_before_av_comments_list  av-social-sharing-box-fullwidth'><div class=\"av-share-box\"><h5 class='av-share-link-description av-no-toc '>Eintrag teilen<\/h5><ul class=\"av-share-box-list noLightbox\"><li class='av-share-link av-social-link-facebook avia_social_iconfont' ><a target=\"_blank\" aria-label=\"Teilen auf Facebook\" href='https:\/\/www.facebook.com\/sharer.php?u=https:\/\/imker-aigen.at\/index.php\/2023\/11\/10\/s-pass-adventskalender-wir-sind-dabei\/&#038;t=S-Pass%20Adventskalender%20%E2%80%93%20Wir%20sind%20dabei%21' data-av_icon='\ue8f3' data-av_iconfont='entypo-fontello'  title='' data-avia-related-tooltip='Teilen auf Facebook'><span class='avia_hidden_link_text'>Teilen auf Facebook<\/span><\/a><\/li><li class='av-share-link av-social-link-twitter avia_social_iconfont' ><a target=\"_blank\" aria-label=\"Teilen auf X\" href='https:\/\/twitter.com\/share?text=S-Pass%20Adventskalender%20%E2%80%93%20Wir%20sind%20dabei%21&#038;url=https:\/\/imker-aigen.at\/?p=4620' data-av_icon='\ue932' data-av_iconfont='entypo-fontello'  title='' data-avia-related-tooltip='Teilen auf X'><span class='avia_hidden_link_text'>Teilen auf X<\/span><\/a><\/li><li class='av-share-link av-social-link-whatsapp avia_social_iconfont' ><a target=\"_blank\" aria-label=\"Teilen auf WhatsApp\" href='https:\/\/api.whatsapp.com\/send?text=https:\/\/imker-aigen.at\/index.php\/2023\/11\/10\/s-pass-adventskalender-wir-sind-dabei\/' data-av_icon='\uf232' data-av_iconfont='entypo-fontello'  title='' data-avia-related-tooltip='Teilen auf WhatsApp'><span class='avia_hidden_link_text'>Teilen auf WhatsApp<\/span><\/a><\/li><li class='av-share-link av-social-link-pinterest avia_social_iconfont' ><a target=\"_blank\" aria-label=\"Teilen auf Pinterest\" href='https:\/\/pinterest.com\/pin\/create\/button\/?url=https%3A%2F%2Fimker-aigen.at%2Findex.php%2F2023%2F11%2F10%2Fs-pass-adventskalender-wir-sind-dabei%2F&#038;description=S-Pass%20Adventskalender%20%E2%80%93%20Wir%20sind%20dabei%21&#038;media=https%3A%2F%2Fimker-aigen.at%2Fwp-content%2Fuploads%2F2023%2F11%2Fspass2_768_768-705x705.jpg' data-av_icon='\ue8f8' data-av_iconfont='entypo-fontello'  title='' data-avia-related-tooltip='Teilen auf Pinterest'><span class='avia_hidden_link_text'>Teilen auf Pinterest<\/span><\/a><\/li><li class='av-share-link av-social-link-linkedin avia_social_iconfont' ><a target=\"_blank\" aria-label=\"Teilen auf LinkedIn\" href='https:\/\/linkedin.com\/shareArticle?mini=true&#038;title=S-Pass%20Adventskalender%20%E2%80%93%20Wir%20sind%20dabei%21&#038;url=https:\/\/imker-aigen.at\/index.php\/2023\/11\/10\/s-pass-adventskalender-wir-sind-dabei\/' data-av_icon='\ue8fc' data-av_iconfont='entypo-fontello'  title='' data-avia-related-tooltip='Teilen auf LinkedIn'><span class='avia_hidden_link_text'>Teilen auf LinkedIn<\/span><\/a><\/li><li class='av-share-link av-social-link-reddit avia_social_iconfont' ><a target=\"_blank\" aria-label=\"Teilen auf Reddit\" href='https:\/\/reddit.com\/submit?url=https:\/\/imker-aigen.at\/index.php\/2023\/11\/10\/s-pass-adventskalender-wir-sind-dabei\/&#038;title=S-Pass%20Adventskalender%20%E2%80%93%20Wir%20sind%20dabei%21' data-av_icon='\ue927' data-av_iconfont='entypo-fontello'  title='' data-avia-related-tooltip='Teilen auf Reddit'><span class='avia_hidden_link_text'>Teilen auf Reddit<\/span><\/a><\/li><li class='av-share-link av-social-link-mail avia_social_iconfont' ><a  aria-label=\"Per E-Mail teilen\" href='mailto:?subject=S-Pass%20Adventskalender%20%E2%80%93%20Wir%20sind%20dabei%21&#038;body=https:\/\/imker-aigen.at\/index.php\/2023\/11\/10\/s-pass-adventskalender-wir-sind-dabei\/' data-av_icon='\ue805' data-av_iconfont='entypo-fontello'  title='' data-avia-related-tooltip='Per E-Mail teilen'><span class='avia_hidden_link_text'>Per E-Mail teilen<\/span><\/a><\/li><\/ul><\/div><\/div><br \/>\n<div  class='av-buildercomment av-2bjn64-8184ce08d313636d95825ab5319701cf'><\/div><\/p><\/div>\n","protected":false},"excerpt":{"rendered":"","protected":false},"author":1,"featured_media":4755,"comment_status":"open","ping_status":"closed","sticky":false,"template":"","format":"standard","meta":{"footnotes":""},"categories":[1],"tags":[],"class_list":["post-4620","post","type-post","status-publish","format-standard","has-post-thumbnail","hentry","category-uncategorized"],"yoast_head":"<!-- This site is optimized with the Yoast SEO plugin v27.4 - https:\/\/yoast.com\/product\/yoast-seo-wordpress\/ -->\n<title>S-Pass Adventskalender - Wir sind dabei! - Imker Ortsgruppe Salzburg Aigen<\/title>\n<meta name=\"description\" content=\"Dieses Jahr wird ein T\u00fcrchen des s-pass Adventkalenders vom Imkerverein Salzburg Aigen mit Bienenprodukten bef\u00fcllt.\" \/>\n<meta name=\"robots\" content=\"index, follow, max-snippet:-1, max-image-preview:large, max-video-preview:-1\" \/>\n<link rel=\"canonical\" href=\"https:\/\/imker-aigen.at\/index.php\/2023\/11\/10\/s-pass-adventskalender-wir-sind-dabei\/\" \/>\n<meta property=\"og:locale\" content=\"de_DE\" \/>\n<meta property=\"og:type\" content=\"article\" \/>\n<meta property=\"og:title\" content=\"S-Pass Adventskalender - Wir sind dabei! - Imker Ortsgruppe Salzburg Aigen\" \/>\n<meta property=\"og:description\" content=\"Dieses Jahr wird ein T\u00fcrchen des s-pass Adventkalenders vom Imkerverein Salzburg Aigen mit Bienenprodukten bef\u00fcllt.\" \/>\n<meta property=\"og:url\" content=\"https:\/\/imker-aigen.at\/index.php\/2023\/11\/10\/s-pass-adventskalender-wir-sind-dabei\/\" \/>\n<meta property=\"og:site_name\" content=\"Imker Ortsgruppe Salzburg Aigen\" \/>\n<meta property=\"article:published_time\" content=\"2023-11-10T13:09:16+00:00\" \/>\n<meta property=\"article:modified_time\" content=\"2024-12-11T08:10:07+00:00\" \/>\n<meta property=\"og:image\" content=\"https:\/\/imker-aigen.at\/wp-content\/uploads\/2023\/11\/spass2_768_768.jpg\" \/>\n\t<meta property=\"og:image:width\" content=\"768\" \/>\n\t<meta property=\"og:image:height\" content=\"768\" \/>\n\t<meta property=\"og:image:type\" content=\"image\/jpeg\" \/>\n<meta name=\"author\" content=\"admin\" \/>\n<meta name=\"twitter:card\" content=\"summary_large_image\" \/>\n<meta name=\"twitter:label1\" content=\"Verfasst von\" \/>\n\t<meta name=\"twitter:data1\" content=\"admin\" \/>\n\t<meta name=\"twitter:label2\" content=\"Gesch\u00e4tzte Lesezeit\" \/>\n\t<meta name=\"twitter:data2\" content=\"4\u00a0Minuten\" \/>\n<script type=\"application\/ld+json\" class=\"yoast-schema-graph\">{\"@context\":\"https:\\\/\\\/schema.org\",\"@graph\":[{\"@type\":\"Article\",\"@id\":\"https:\\\/\\\/imker-aigen.at\\\/index.php\\\/2023\\\/11\\\/10\\\/s-pass-adventskalender-wir-sind-dabei\\\/#article\",\"isPartOf\":{\"@id\":\"https:\\\/\\\/imker-aigen.at\\\/index.php\\\/2023\\\/11\\\/10\\\/s-pass-adventskalender-wir-sind-dabei\\\/\"},\"author\":{\"name\":\"admin\",\"@id\":\"https:\\\/\\\/imker-aigen.at\\\/#\\\/schema\\\/person\\\/d7d0c3a8ef6f051d450781218ac83077\"},\"headline\":\"S-Pass Adventskalender &#8211; Wir sind dabei!\",\"datePublished\":\"2023-11-10T13:09:16+00:00\",\"dateModified\":\"2024-12-11T08:10:07+00:00\",\"mainEntityOfPage\":{\"@id\":\"https:\\\/\\\/imker-aigen.at\\\/index.php\\\/2023\\\/11\\\/10\\\/s-pass-adventskalender-wir-sind-dabei\\\/\"},\"wordCount\":1160,\"commentCount\":0,\"publisher\":{\"@id\":\"https:\\\/\\\/imker-aigen.at\\\/#organization\"},\"image\":{\"@id\":\"https:\\\/\\\/imker-aigen.at\\\/index.php\\\/2023\\\/11\\\/10\\\/s-pass-adventskalender-wir-sind-dabei\\\/#primaryimage\"},\"thumbnailUrl\":\"https:\\\/\\\/imker-aigen.at\\\/wp-content\\\/uploads\\\/2023\\\/11\\\/spass2_768_768.jpg\",\"articleSection\":[\"Uncategorized\"],\"inLanguage\":\"de\",\"potentialAction\":[{\"@type\":\"CommentAction\",\"name\":\"Comment\",\"target\":[\"https:\\\/\\\/imker-aigen.at\\\/index.php\\\/2023\\\/11\\\/10\\\/s-pass-adventskalender-wir-sind-dabei\\\/#respond\"]}]},{\"@type\":\"WebPage\",\"@id\":\"https:\\\/\\\/imker-aigen.at\\\/index.php\\\/2023\\\/11\\\/10\\\/s-pass-adventskalender-wir-sind-dabei\\\/\",\"url\":\"https:\\\/\\\/imker-aigen.at\\\/index.php\\\/2023\\\/11\\\/10\\\/s-pass-adventskalender-wir-sind-dabei\\\/\",\"name\":\"S-Pass Adventskalender - Wir sind dabei! - Imker Ortsgruppe Salzburg Aigen\",\"isPartOf\":{\"@id\":\"https:\\\/\\\/imker-aigen.at\\\/#website\"},\"primaryImageOfPage\":{\"@id\":\"https:\\\/\\\/imker-aigen.at\\\/index.php\\\/2023\\\/11\\\/10\\\/s-pass-adventskalender-wir-sind-dabei\\\/#primaryimage\"},\"image\":{\"@id\":\"https:\\\/\\\/imker-aigen.at\\\/index.php\\\/2023\\\/11\\\/10\\\/s-pass-adventskalender-wir-sind-dabei\\\/#primaryimage\"},\"thumbnailUrl\":\"https:\\\/\\\/imker-aigen.at\\\/wp-content\\\/uploads\\\/2023\\\/11\\\/spass2_768_768.jpg\",\"datePublished\":\"2023-11-10T13:09:16+00:00\",\"dateModified\":\"2024-12-11T08:10:07+00:00\",\"description\":\"Dieses Jahr wird ein T\u00fcrchen des s-pass Adventkalenders vom Imkerverein Salzburg Aigen mit Bienenprodukten bef\u00fcllt.\",\"breadcrumb\":{\"@id\":\"https:\\\/\\\/imker-aigen.at\\\/index.php\\\/2023\\\/11\\\/10\\\/s-pass-adventskalender-wir-sind-dabei\\\/#breadcrumb\"},\"inLanguage\":\"de\",\"potentialAction\":[{\"@type\":\"ReadAction\",\"target\":[\"https:\\\/\\\/imker-aigen.at\\\/index.php\\\/2023\\\/11\\\/10\\\/s-pass-adventskalender-wir-sind-dabei\\\/\"]}]},{\"@type\":\"ImageObject\",\"inLanguage\":\"de\",\"@id\":\"https:\\\/\\\/imker-aigen.at\\\/index.php\\\/2023\\\/11\\\/10\\\/s-pass-adventskalender-wir-sind-dabei\\\/#primaryimage\",\"url\":\"https:\\\/\\\/imker-aigen.at\\\/wp-content\\\/uploads\\\/2023\\\/11\\\/spass2_768_768.jpg\",\"contentUrl\":\"https:\\\/\\\/imker-aigen.at\\\/wp-content\\\/uploads\\\/2023\\\/11\\\/spass2_768_768.jpg\",\"width\":768,\"height\":768},{\"@type\":\"BreadcrumbList\",\"@id\":\"https:\\\/\\\/imker-aigen.at\\\/index.php\\\/2023\\\/11\\\/10\\\/s-pass-adventskalender-wir-sind-dabei\\\/#breadcrumb\",\"itemListElement\":[{\"@type\":\"ListItem\",\"position\":1,\"name\":\"Startseite\",\"item\":\"https:\\\/\\\/imker-aigen.at\\\/index.php\\\/home\\\/\"},{\"@type\":\"ListItem\",\"position\":2,\"name\":\"S-Pass Adventskalender &#8211; Wir sind dabei!\"}]},{\"@type\":\"WebSite\",\"@id\":\"https:\\\/\\\/imker-aigen.at\\\/#website\",\"url\":\"https:\\\/\\\/imker-aigen.at\\\/\",\"name\":\"Imker Ortsgruppe Salzburg Aigen\",\"description\":\"Homepage der Imker-Ortsgruppe Salzburg Aigen\",\"publisher\":{\"@id\":\"https:\\\/\\\/imker-aigen.at\\\/#organization\"},\"potentialAction\":[{\"@type\":\"SearchAction\",\"target\":{\"@type\":\"EntryPoint\",\"urlTemplate\":\"https:\\\/\\\/imker-aigen.at\\\/?s={search_term_string}\"},\"query-input\":{\"@type\":\"PropertyValueSpecification\",\"valueRequired\":true,\"valueName\":\"search_term_string\"}}],\"inLanguage\":\"de\"},{\"@type\":\"Organization\",\"@id\":\"https:\\\/\\\/imker-aigen.at\\\/#organization\",\"name\":\"Imker Ortsgruppe Salzburg Aigen\",\"url\":\"https:\\\/\\\/imker-aigen.at\\\/\",\"logo\":{\"@type\":\"ImageObject\",\"inLanguage\":\"de\",\"@id\":\"https:\\\/\\\/imker-aigen.at\\\/#\\\/schema\\\/logo\\\/image\\\/\",\"url\":\"https:\\\/\\\/imker-aigen.at\\\/wp-content\\\/uploads\\\/2022\\\/08\\\/logo-1.png\",\"contentUrl\":\"https:\\\/\\\/imker-aigen.at\\\/wp-content\\\/uploads\\\/2022\\\/08\\\/logo-1.png\",\"width\":392,\"height\":156,\"caption\":\"Imker Ortsgruppe Salzburg Aigen\"},\"image\":{\"@id\":\"https:\\\/\\\/imker-aigen.at\\\/#\\\/schema\\\/logo\\\/image\\\/\"}},{\"@type\":\"Person\",\"@id\":\"https:\\\/\\\/imker-aigen.at\\\/#\\\/schema\\\/person\\\/d7d0c3a8ef6f051d450781218ac83077\",\"name\":\"admin\",\"image\":{\"@type\":\"ImageObject\",\"inLanguage\":\"de\",\"@id\":\"https:\\\/\\\/secure.gravatar.com\\\/avatar\\\/925a7e918efd3cfdae29be9c0018a3ae3275cd0444a6e166241172bb6e5243c7?s=96&d=mm&r=g\",\"url\":\"https:\\\/\\\/secure.gravatar.com\\\/avatar\\\/925a7e918efd3cfdae29be9c0018a3ae3275cd0444a6e166241172bb6e5243c7?s=96&d=mm&r=g\",\"contentUrl\":\"https:\\\/\\\/secure.gravatar.com\\\/avatar\\\/925a7e918efd3cfdae29be9c0018a3ae3275cd0444a6e166241172bb6e5243c7?s=96&d=mm&r=g\",\"caption\":\"admin\"},\"sameAs\":[\"https:\\\/\\\/imker-aigen.at\",\"linkedin.com\\\/in\\\/bernd-meierhofer-5919b62\"],\"url\":\"https:\\\/\\\/imker-aigen.at\\\/index.php\\\/author\\\/bmeierhofer\\\/\"}]}<\/script>\n<!-- \/ Yoast SEO plugin. -->","yoast_head_json":{"title":"S-Pass Adventskalender - Wir sind dabei! - Imker Ortsgruppe Salzburg Aigen","description":"Dieses Jahr wird ein T\u00fcrchen des s-pass Adventkalenders vom Imkerverein Salzburg Aigen mit Bienenprodukten bef\u00fcllt.","robots":{"index":"index","follow":"follow","max-snippet":"max-snippet:-1","max-image-preview":"max-image-preview:large","max-video-preview":"max-video-preview:-1"},"canonical":"https:\/\/imker-aigen.at\/index.php\/2023\/11\/10\/s-pass-adventskalender-wir-sind-dabei\/","og_locale":"de_DE","og_type":"article","og_title":"S-Pass Adventskalender - Wir sind dabei! - Imker Ortsgruppe Salzburg Aigen","og_description":"Dieses Jahr wird ein T\u00fcrchen des s-pass Adventkalenders vom Imkerverein Salzburg Aigen mit Bienenprodukten bef\u00fcllt.","og_url":"https:\/\/imker-aigen.at\/index.php\/2023\/11\/10\/s-pass-adventskalender-wir-sind-dabei\/","og_site_name":"Imker Ortsgruppe Salzburg Aigen","article_published_time":"2023-11-10T13:09:16+00:00","article_modified_time":"2024-12-11T08:10:07+00:00","og_image":[{"width":768,"height":768,"url":"https:\/\/imker-aigen.at\/wp-content\/uploads\/2023\/11\/spass2_768_768.jpg","type":"image\/jpeg"}],"author":"admin","twitter_card":"summary_large_image","twitter_misc":{"Verfasst von":"admin","Gesch\u00e4tzte Lesezeit":"4\u00a0Minuten"},"schema":{"@context":"https:\/\/schema.org","@graph":[{"@type":"Article","@id":"https:\/\/imker-aigen.at\/index.php\/2023\/11\/10\/s-pass-adventskalender-wir-sind-dabei\/#article","isPartOf":{"@id":"https:\/\/imker-aigen.at\/index.php\/2023\/11\/10\/s-pass-adventskalender-wir-sind-dabei\/"},"author":{"name":"admin","@id":"https:\/\/imker-aigen.at\/#\/schema\/person\/d7d0c3a8ef6f051d450781218ac83077"},"headline":"S-Pass Adventskalender &#8211; Wir sind dabei!","datePublished":"2023-11-10T13:09:16+00:00","dateModified":"2024-12-11T08:10:07+00:00","mainEntityOfPage":{"@id":"https:\/\/imker-aigen.at\/index.php\/2023\/11\/10\/s-pass-adventskalender-wir-sind-dabei\/"},"wordCount":1160,"commentCount":0,"publisher":{"@id":"https:\/\/imker-aigen.at\/#organization"},"image":{"@id":"https:\/\/imker-aigen.at\/index.php\/2023\/11\/10\/s-pass-adventskalender-wir-sind-dabei\/#primaryimage"},"thumbnailUrl":"https:\/\/imker-aigen.at\/wp-content\/uploads\/2023\/11\/spass2_768_768.jpg","articleSection":["Uncategorized"],"inLanguage":"de","potentialAction":[{"@type":"CommentAction","name":"Comment","target":["https:\/\/imker-aigen.at\/index.php\/2023\/11\/10\/s-pass-adventskalender-wir-sind-dabei\/#respond"]}]},{"@type":"WebPage","@id":"https:\/\/imker-aigen.at\/index.php\/2023\/11\/10\/s-pass-adventskalender-wir-sind-dabei\/","url":"https:\/\/imker-aigen.at\/index.php\/2023\/11\/10\/s-pass-adventskalender-wir-sind-dabei\/","name":"S-Pass Adventskalender - Wir sind dabei! - Imker Ortsgruppe Salzburg Aigen","isPartOf":{"@id":"https:\/\/imker-aigen.at\/#website"},"primaryImageOfPage":{"@id":"https:\/\/imker-aigen.at\/index.php\/2023\/11\/10\/s-pass-adventskalender-wir-sind-dabei\/#primaryimage"},"image":{"@id":"https:\/\/imker-aigen.at\/index.php\/2023\/11\/10\/s-pass-adventskalender-wir-sind-dabei\/#primaryimage"},"thumbnailUrl":"https:\/\/imker-aigen.at\/wp-content\/uploads\/2023\/11\/spass2_768_768.jpg","datePublished":"2023-11-10T13:09:16+00:00","dateModified":"2024-12-11T08:10:07+00:00","description":"Dieses Jahr wird ein T\u00fcrchen des s-pass Adventkalenders vom Imkerverein Salzburg Aigen mit Bienenprodukten bef\u00fcllt.","breadcrumb":{"@id":"https:\/\/imker-aigen.at\/index.php\/2023\/11\/10\/s-pass-adventskalender-wir-sind-dabei\/#breadcrumb"},"inLanguage":"de","potentialAction":[{"@type":"ReadAction","target":["https:\/\/imker-aigen.at\/index.php\/2023\/11\/10\/s-pass-adventskalender-wir-sind-dabei\/"]}]},{"@type":"ImageObject","inLanguage":"de","@id":"https:\/\/imker-aigen.at\/index.php\/2023\/11\/10\/s-pass-adventskalender-wir-sind-dabei\/#primaryimage","url":"https:\/\/imker-aigen.at\/wp-content\/uploads\/2023\/11\/spass2_768_768.jpg","contentUrl":"https:\/\/imker-aigen.at\/wp-content\/uploads\/2023\/11\/spass2_768_768.jpg","width":768,"height":768},{"@type":"BreadcrumbList","@id":"https:\/\/imker-aigen.at\/index.php\/2023\/11\/10\/s-pass-adventskalender-wir-sind-dabei\/#breadcrumb","itemListElement":[{"@type":"ListItem","position":1,"name":"Startseite","item":"https:\/\/imker-aigen.at\/index.php\/home\/"},{"@type":"ListItem","position":2,"name":"S-Pass Adventskalender &#8211; Wir sind dabei!"}]},{"@type":"WebSite","@id":"https:\/\/imker-aigen.at\/#website","url":"https:\/\/imker-aigen.at\/","name":"Imker Ortsgruppe Salzburg Aigen","description":"Homepage der Imker-Ortsgruppe Salzburg Aigen","publisher":{"@id":"https:\/\/imker-aigen.at\/#organization"},"potentialAction":[{"@type":"SearchAction","target":{"@type":"EntryPoint","urlTemplate":"https:\/\/imker-aigen.at\/?s={search_term_string}"},"query-input":{"@type":"PropertyValueSpecification","valueRequired":true,"valueName":"search_term_string"}}],"inLanguage":"de"},{"@type":"Organization","@id":"https:\/\/imker-aigen.at\/#organization","name":"Imker Ortsgruppe Salzburg Aigen","url":"https:\/\/imker-aigen.at\/","logo":{"@type":"ImageObject","inLanguage":"de","@id":"https:\/\/imker-aigen.at\/#\/schema\/logo\/image\/","url":"https:\/\/imker-aigen.at\/wp-content\/uploads\/2022\/08\/logo-1.png","contentUrl":"https:\/\/imker-aigen.at\/wp-content\/uploads\/2022\/08\/logo-1.png","width":392,"height":156,"caption":"Imker Ortsgruppe Salzburg Aigen"},"image":{"@id":"https:\/\/imker-aigen.at\/#\/schema\/logo\/image\/"}},{"@type":"Person","@id":"https:\/\/imker-aigen.at\/#\/schema\/person\/d7d0c3a8ef6f051d450781218ac83077","name":"admin","image":{"@type":"ImageObject","inLanguage":"de","@id":"https:\/\/secure.gravatar.com\/avatar\/925a7e918efd3cfdae29be9c0018a3ae3275cd0444a6e166241172bb6e5243c7?s=96&d=mm&r=g","url":"https:\/\/secure.gravatar.com\/avatar\/925a7e918efd3cfdae29be9c0018a3ae3275cd0444a6e166241172bb6e5243c7?s=96&d=mm&r=g","contentUrl":"https:\/\/secure.gravatar.com\/avatar\/925a7e918efd3cfdae29be9c0018a3ae3275cd0444a6e166241172bb6e5243c7?s=96&d=mm&r=g","caption":"admin"},"sameAs":["https:\/\/imker-aigen.at","linkedin.com\/in\/bernd-meierhofer-5919b62"],"url":"https:\/\/imker-aigen.at\/index.php\/author\/bmeierhofer\/"}]}},"_links":{"self":[{"href":"https:\/\/imker-aigen.at\/index.php\/wp-json\/wp\/v2\/posts\/4620","targetHints":{"allow":["GET"]}}],"collection":[{"href":"https:\/\/imker-aigen.at\/index.php\/wp-json\/wp\/v2\/posts"}],"about":[{"href":"https:\/\/imker-aigen.at\/index.php\/wp-json\/wp\/v2\/types\/post"}],"author":[{"embeddable":true,"href":"https:\/\/imker-aigen.at\/index.php\/wp-json\/wp\/v2\/users\/1"}],"replies":[{"embeddable":true,"href":"https:\/\/imker-aigen.at\/index.php\/wp-json\/wp\/v2\/comments?post=4620"}],"version-history":[{"count":12,"href":"https:\/\/imker-aigen.at\/index.php\/wp-json\/wp\/v2\/posts\/4620\/revisions"}],"predecessor-version":[{"id":4784,"href":"https:\/\/imker-aigen.at\/index.php\/wp-json\/wp\/v2\/posts\/4620\/revisions\/4784"}],"wp:featuredmedia":[{"embeddable":true,"href":"https:\/\/imker-aigen.at\/index.php\/wp-json\/wp\/v2\/media\/4755"}],"wp:attachment":[{"href":"https:\/\/imker-aigen.at\/index.php\/wp-json\/wp\/v2\/media?parent=4620"}],"wp:term":[{"taxonomy":"category","embeddable":true,"href":"https:\/\/imker-aigen.at\/index.php\/wp-json\/wp\/v2\/categories?post=4620"},{"taxonomy":"post_tag","embeddable":true,"href":"https:\/\/imker-aigen.at\/index.php\/wp-json\/wp\/v2\/tags?post=4620"}],"curies":[{"name":"wp","href":"https:\/\/api.w.org\/{rel}","templated":true}]}}