{"id":4867,"date":"2023-12-22T12:58:47","date_gmt":"2023-12-22T11:58:47","guid":{"rendered":"https:\/\/imker-aigen.at\/?p=4867"},"modified":"2024-12-11T09:10:48","modified_gmt":"2024-12-11T08:10:48","slug":"wildbestaeuber-kurstag","status":"publish","type":"post","link":"https:\/\/imker-aigen.at\/index.php\/2023\/12\/22\/wildbestaeuber-kurstag\/","title":{"rendered":"Wildbest\u00e4uber &#8211; Kurstag"},"content":{"rendered":"<div  class='flex_column av-7d9kmb-4e4fc773e46432a1743c817855189f05 av_one_full  avia-builder-el-0  avia-builder-el-no-sibling  first flex_column_div  '     ><p>\n<style type=\"text\/css\" data-created_by=\"avia_inline_auto\" id=\"style-css-av-lqgkmxx8-073d16efce5f9c350a41fe21faf00d7b\">\n#top .av-special-heading.av-lqgkmxx8-073d16efce5f9c350a41fe21faf00d7b{\npadding-bottom:10px;\n}\nbody .av-special-heading.av-lqgkmxx8-073d16efce5f9c350a41fe21faf00d7b .av-special-heading-tag .heading-char{\nfont-size:25px;\n}\n.av-special-heading.av-lqgkmxx8-073d16efce5f9c350a41fe21faf00d7b .av-subheading{\nfont-size:15px;\n}\n<\/style>\n<div  class='av-special-heading av-lqgkmxx8-073d16efce5f9c350a41fe21faf00d7b av-special-heading-h3 blockquote modern-quote modern-centered  avia-builder-el-1  el_before_av_hr  avia-builder-el-first '><h3 class='av-special-heading-tag '  itemprop=\"headline\"  >Wildbest\u00e4uber &#8211; Kurstag<\/h3><div class='av-subheading av-subheading_below'><p>Den wilden Best\u00e4ubern begegnen<\/p>\n<\/div><div class=\"special-heading-border\"><div class=\"special-heading-inner-border\"><\/div><\/div><\/div><br \/>\n\n<style type=\"text\/css\" data-created_by=\"avia_inline_auto\" id=\"style-css-av-5sd6c3-7835969ac7cdc7cb2fb0ab02f0e3dcc6\">\n#top .hr.av-5sd6c3-7835969ac7cdc7cb2fb0ab02f0e3dcc6{\nmargin-top:30px;\nmargin-bottom:30px;\n}\n.hr.av-5sd6c3-7835969ac7cdc7cb2fb0ab02f0e3dcc6 .hr-inner{\nwidth:50px;\nmax-width:45%;\n}\n<\/style>\n<div  class='hr av-5sd6c3-7835969ac7cdc7cb2fb0ab02f0e3dcc6 hr-custom  avia-builder-el-2  el_after_av_heading  el_before_av_textblock  hr-center hr-icon-yes'><span class='hr-inner inner-border-av-border-thin'><span class=\"hr-inner-style\"><\/span><\/span><span class='av-seperator-icon avia-iconfont avia-font-entypo-fontello' data-av_icon='\ue8bf' data-av_iconfont='entypo-fontello' ><\/span><span class='hr-inner inner-border-av-border-thin'><span class=\"hr-inner-style\"><\/span><\/span><\/div><br \/>\n<section  class='av_textblock_section av-lqgkt3s2-2e6ddfd529c982f4ae2c23a55fd01afe '   itemscope=\"itemscope\" itemtype=\"https:\/\/schema.org\/BlogPosting\" itemprop=\"blogPost\" ><div class='avia_textblock'  itemprop=\"text\" ><p><strong>Ein Kurstag speziell f\u00fcr ImkerInnen, die die Verwandten ihrer Honigbiene, aber auch Best\u00e4uber wie Schwebfliegen, Falter und K\u00e4fer kennen lernen wollen!<\/strong><\/p>\n<p>In einem eint\u00e4gigen Kurs erhalten die Teilnehmenden faszinierende Einblicke in die Best\u00e4ubungs\u00f6kologie. Der Kurs findet im Naturpark Wei\u00dfbach bei Lofer oder im Naturpark Riedingtal statt. Die Kurstermine werden nach Vereinbarung bekanntgegeben.<\/p>\n<p><a href=\"https:\/\/imker-aigen.at\/wp-content\/uploads\/2023\/12\/Wildbestaeuber-Imker.pdf\">>Hier geht es zum Flyer des Kurses<<\/a><\/p>\n<\/div><\/section><br \/>\n<div  class='av-social-sharing-box av-41bl37-2002a2dabfc44f3923e9aaa624117e36 av-social-sharing-box-default  avia-builder-el-4  el_after_av_textblock  el_before_av_comments_list  av-social-sharing-box-fullwidth'><div class=\"av-share-box\"><h5 class='av-share-link-description av-no-toc '>Eintrag teilen<\/h5><ul class=\"av-share-box-list noLightbox\"><li class='av-share-link av-social-link-facebook avia_social_iconfont' ><a target=\"_blank\" aria-label=\"Teilen auf Facebook\" href='https:\/\/www.facebook.com\/sharer.php?u=https:\/\/imker-aigen.at\/index.php\/2023\/12\/22\/wildbestaeuber-kurstag\/&#038;t=Wildbest%C3%A4uber%20%E2%80%93%20Kurstag' data-av_icon='\ue8f3' data-av_iconfont='entypo-fontello'  title='' data-avia-related-tooltip='Teilen auf Facebook'><span class='avia_hidden_link_text'>Teilen auf Facebook<\/span><\/a><\/li><li class='av-share-link av-social-link-twitter avia_social_iconfont' ><a target=\"_blank\" aria-label=\"Teilen auf X\" href='https:\/\/twitter.com\/share?text=Wildbest%C3%A4uber%20%E2%80%93%20Kurstag&#038;url=https:\/\/imker-aigen.at\/?p=4867' data-av_icon='\ue932' data-av_iconfont='entypo-fontello'  title='' data-avia-related-tooltip='Teilen auf X'><span class='avia_hidden_link_text'>Teilen auf X<\/span><\/a><\/li><li class='av-share-link av-social-link-whatsapp avia_social_iconfont' ><a target=\"_blank\" aria-label=\"Teilen auf WhatsApp\" href='https:\/\/api.whatsapp.com\/send?text=https:\/\/imker-aigen.at\/index.php\/2023\/12\/22\/wildbestaeuber-kurstag\/' data-av_icon='\uf232' data-av_iconfont='entypo-fontello'  title='' data-avia-related-tooltip='Teilen auf WhatsApp'><span class='avia_hidden_link_text'>Teilen auf WhatsApp<\/span><\/a><\/li><li class='av-share-link av-social-link-pinterest avia_social_iconfont' ><a target=\"_blank\" aria-label=\"Teilen auf Pinterest\" href='https:\/\/pinterest.com\/pin\/create\/button\/?url=https%3A%2F%2Fimker-aigen.at%2Findex.php%2F2023%2F12%2F22%2Fwildbestaeuber-kurstag%2F&#038;description=Wildbest%C3%A4uber%20%E2%80%93%20Kurstag&#038;media=https%3A%2F%2Fimker-aigen.at%2Fwp-content%2Fuploads%2F2023%2F03%2Fwildbienen_768_768_8-705x705.jpg' data-av_icon='\ue8f8' data-av_iconfont='entypo-fontello'  title='' data-avia-related-tooltip='Teilen auf Pinterest'><span class='avia_hidden_link_text'>Teilen auf Pinterest<\/span><\/a><\/li><li class='av-share-link av-social-link-linkedin avia_social_iconfont' ><a target=\"_blank\" aria-label=\"Teilen auf LinkedIn\" href='https:\/\/linkedin.com\/shareArticle?mini=true&#038;title=Wildbest%C3%A4uber%20%E2%80%93%20Kurstag&#038;url=https:\/\/imker-aigen.at\/index.php\/2023\/12\/22\/wildbestaeuber-kurstag\/' data-av_icon='\ue8fc' data-av_iconfont='entypo-fontello'  title='' data-avia-related-tooltip='Teilen auf LinkedIn'><span class='avia_hidden_link_text'>Teilen auf LinkedIn<\/span><\/a><\/li><li class='av-share-link av-social-link-reddit avia_social_iconfont' ><a target=\"_blank\" aria-label=\"Teilen auf Reddit\" href='https:\/\/reddit.com\/submit?url=https:\/\/imker-aigen.at\/index.php\/2023\/12\/22\/wildbestaeuber-kurstag\/&#038;title=Wildbest%C3%A4uber%20%E2%80%93%20Kurstag' data-av_icon='\ue927' data-av_iconfont='entypo-fontello'  title='' data-avia-related-tooltip='Teilen auf Reddit'><span class='avia_hidden_link_text'>Teilen auf Reddit<\/span><\/a><\/li><li class='av-share-link av-social-link-mail avia_social_iconfont' ><a  aria-label=\"Per E-Mail teilen\" href='mailto:?subject=Wildbest%C3%A4uber%20%E2%80%93%20Kurstag&#038;body=https:\/\/imker-aigen.at\/index.php\/2023\/12\/22\/wildbestaeuber-kurstag\/' data-av_icon='\ue805' data-av_iconfont='entypo-fontello'  title='' data-avia-related-tooltip='Per E-Mail teilen'><span class='avia_hidden_link_text'>Per E-Mail teilen<\/span><\/a><\/li><\/ul><\/div><\/div><br \/>\n<div  class='av-buildercomment av-38ghoj-442ffaf4063ad3266dca0051c77154e1'><\/div><\/p><\/div>\n","protected":false},"excerpt":{"rendered":"","protected":false},"author":1,"featured_media":3238,"comment_status":"open","ping_status":"closed","sticky":false,"template":"","format":"standard","meta":{"footnotes":""},"categories":[1],"tags":[33,34,146,77],"class_list":["post-4867","post","type-post","status-publish","format-standard","has-post-thumbnail","hentry","category-uncategorized","tag-ausbildung","tag-kurs","tag-wildbestaeuber","tag-wildbienen"],"yoast_head":"<!-- This site is optimized with the Yoast SEO plugin v27.4 - https:\/\/yoast.com\/product\/yoast-seo-wordpress\/ -->\n<title>Wildbest\u00e4uber - Kurstag - Imker Ortsgruppe Salzburg Aigen<\/title>\n<meta name=\"description\" content=\"Ein Kurstag speziell f\u00fcr ImkerInnen, die die Verwandten ihrer Honigbiene (Wildbienen) n\u00e4her kennen lernen wollen.\" \/>\n<meta name=\"robots\" content=\"index, follow, max-snippet:-1, max-image-preview:large, max-video-preview:-1\" \/>\n<link rel=\"canonical\" href=\"https:\/\/imker-aigen.at\/index.php\/2023\/12\/22\/wildbestaeuber-kurstag\/\" \/>\n<meta property=\"og:locale\" content=\"de_DE\" \/>\n<meta property=\"og:type\" content=\"article\" \/>\n<meta property=\"og:title\" content=\"Wildbest\u00e4uber - Kurstag - Imker Ortsgruppe Salzburg Aigen\" \/>\n<meta property=\"og:description\" content=\"Ein Kurstag speziell f\u00fcr ImkerInnen, die die Verwandten ihrer Honigbiene (Wildbienen) n\u00e4her kennen lernen wollen.\" \/>\n<meta property=\"og:url\" content=\"https:\/\/imker-aigen.at\/index.php\/2023\/12\/22\/wildbestaeuber-kurstag\/\" \/>\n<meta property=\"og:site_name\" content=\"Imker Ortsgruppe Salzburg Aigen\" \/>\n<meta property=\"article:published_time\" content=\"2023-12-22T11:58:47+00:00\" \/>\n<meta property=\"article:modified_time\" content=\"2024-12-11T08:10:48+00:00\" \/>\n<meta property=\"og:image\" content=\"https:\/\/imker-aigen.at\/wp-content\/uploads\/2023\/03\/wildbienen_768_768_8.jpg\" \/>\n\t<meta property=\"og:image:width\" content=\"768\" \/>\n\t<meta property=\"og:image:height\" content=\"768\" \/>\n\t<meta property=\"og:image:type\" content=\"image\/jpeg\" \/>\n<meta name=\"author\" content=\"admin\" \/>\n<meta name=\"twitter:card\" content=\"summary_large_image\" \/>\n<meta name=\"twitter:label1\" content=\"Verfasst von\" \/>\n\t<meta name=\"twitter:data1\" content=\"admin\" \/>\n\t<meta name=\"twitter:label2\" content=\"Gesch\u00e4tzte Lesezeit\" \/>\n\t<meta name=\"twitter:data2\" content=\"1\u00a0Minute\" \/>\n<script type=\"application\/ld+json\" class=\"yoast-schema-graph\">{\"@context\":\"https:\\\/\\\/schema.org\",\"@graph\":[{\"@type\":\"Article\",\"@id\":\"https:\\\/\\\/imker-aigen.at\\\/index.php\\\/2023\\\/12\\\/22\\\/wildbestaeuber-kurstag\\\/#article\",\"isPartOf\":{\"@id\":\"https:\\\/\\\/imker-aigen.at\\\/index.php\\\/2023\\\/12\\\/22\\\/wildbestaeuber-kurstag\\\/\"},\"author\":{\"name\":\"admin\",\"@id\":\"https:\\\/\\\/imker-aigen.at\\\/#\\\/schema\\\/person\\\/d7d0c3a8ef6f051d450781218ac83077\"},\"headline\":\"Wildbest\u00e4uber &#8211; Kurstag\",\"datePublished\":\"2023-12-22T11:58:47+00:00\",\"dateModified\":\"2024-12-11T08:10:48+00:00\",\"mainEntityOfPage\":{\"@id\":\"https:\\\/\\\/imker-aigen.at\\\/index.php\\\/2023\\\/12\\\/22\\\/wildbestaeuber-kurstag\\\/\"},\"wordCount\":660,\"commentCount\":0,\"publisher\":{\"@id\":\"https:\\\/\\\/imker-aigen.at\\\/#organization\"},\"image\":{\"@id\":\"https:\\\/\\\/imker-aigen.at\\\/index.php\\\/2023\\\/12\\\/22\\\/wildbestaeuber-kurstag\\\/#primaryimage\"},\"thumbnailUrl\":\"https:\\\/\\\/imker-aigen.at\\\/wp-content\\\/uploads\\\/2023\\\/03\\\/wildbienen_768_768_8.jpg\",\"keywords\":[\"Ausbildung\",\"Kurs\",\"Wildbest\u00e4uber\",\"Wildbienen\"],\"articleSection\":[\"Uncategorized\"],\"inLanguage\":\"de\",\"potentialAction\":[{\"@type\":\"CommentAction\",\"name\":\"Comment\",\"target\":[\"https:\\\/\\\/imker-aigen.at\\\/index.php\\\/2023\\\/12\\\/22\\\/wildbestaeuber-kurstag\\\/#respond\"]}]},{\"@type\":\"WebPage\",\"@id\":\"https:\\\/\\\/imker-aigen.at\\\/index.php\\\/2023\\\/12\\\/22\\\/wildbestaeuber-kurstag\\\/\",\"url\":\"https:\\\/\\\/imker-aigen.at\\\/index.php\\\/2023\\\/12\\\/22\\\/wildbestaeuber-kurstag\\\/\",\"name\":\"Wildbest\u00e4uber - Kurstag - Imker Ortsgruppe Salzburg Aigen\",\"isPartOf\":{\"@id\":\"https:\\\/\\\/imker-aigen.at\\\/#website\"},\"primaryImageOfPage\":{\"@id\":\"https:\\\/\\\/imker-aigen.at\\\/index.php\\\/2023\\\/12\\\/22\\\/wildbestaeuber-kurstag\\\/#primaryimage\"},\"image\":{\"@id\":\"https:\\\/\\\/imker-aigen.at\\\/index.php\\\/2023\\\/12\\\/22\\\/wildbestaeuber-kurstag\\\/#primaryimage\"},\"thumbnailUrl\":\"https:\\\/\\\/imker-aigen.at\\\/wp-content\\\/uploads\\\/2023\\\/03\\\/wildbienen_768_768_8.jpg\",\"datePublished\":\"2023-12-22T11:58:47+00:00\",\"dateModified\":\"2024-12-11T08:10:48+00:00\",\"description\":\"Ein Kurstag speziell f\u00fcr ImkerInnen, die die Verwandten ihrer Honigbiene (Wildbienen) n\u00e4her kennen lernen wollen.\",\"breadcrumb\":{\"@id\":\"https:\\\/\\\/imker-aigen.at\\\/index.php\\\/2023\\\/12\\\/22\\\/wildbestaeuber-kurstag\\\/#breadcrumb\"},\"inLanguage\":\"de\",\"potentialAction\":[{\"@type\":\"ReadAction\",\"target\":[\"https:\\\/\\\/imker-aigen.at\\\/index.php\\\/2023\\\/12\\\/22\\\/wildbestaeuber-kurstag\\\/\"]}]},{\"@type\":\"ImageObject\",\"inLanguage\":\"de\",\"@id\":\"https:\\\/\\\/imker-aigen.at\\\/index.php\\\/2023\\\/12\\\/22\\\/wildbestaeuber-kurstag\\\/#primaryimage\",\"url\":\"https:\\\/\\\/imker-aigen.at\\\/wp-content\\\/uploads\\\/2023\\\/03\\\/wildbienen_768_768_8.jpg\",\"contentUrl\":\"https:\\\/\\\/imker-aigen.at\\\/wp-content\\\/uploads\\\/2023\\\/03\\\/wildbienen_768_768_8.jpg\",\"width\":768,\"height\":768,\"caption\":\"Lavendel: Schuppen-Pelzbiene (Anthophora pubescens)\"},{\"@type\":\"BreadcrumbList\",\"@id\":\"https:\\\/\\\/imker-aigen.at\\\/index.php\\\/2023\\\/12\\\/22\\\/wildbestaeuber-kurstag\\\/#breadcrumb\",\"itemListElement\":[{\"@type\":\"ListItem\",\"position\":1,\"name\":\"Startseite\",\"item\":\"https:\\\/\\\/imker-aigen.at\\\/index.php\\\/home\\\/\"},{\"@type\":\"ListItem\",\"position\":2,\"name\":\"Wildbest\u00e4uber &#8211; Kurstag\"}]},{\"@type\":\"WebSite\",\"@id\":\"https:\\\/\\\/imker-aigen.at\\\/#website\",\"url\":\"https:\\\/\\\/imker-aigen.at\\\/\",\"name\":\"Imker Ortsgruppe Salzburg Aigen\",\"description\":\"Homepage der Imker-Ortsgruppe Salzburg Aigen\",\"publisher\":{\"@id\":\"https:\\\/\\\/imker-aigen.at\\\/#organization\"},\"potentialAction\":[{\"@type\":\"SearchAction\",\"target\":{\"@type\":\"EntryPoint\",\"urlTemplate\":\"https:\\\/\\\/imker-aigen.at\\\/?s={search_term_string}\"},\"query-input\":{\"@type\":\"PropertyValueSpecification\",\"valueRequired\":true,\"valueName\":\"search_term_string\"}}],\"inLanguage\":\"de\"},{\"@type\":\"Organization\",\"@id\":\"https:\\\/\\\/imker-aigen.at\\\/#organization\",\"name\":\"Imker Ortsgruppe Salzburg Aigen\",\"url\":\"https:\\\/\\\/imker-aigen.at\\\/\",\"logo\":{\"@type\":\"ImageObject\",\"inLanguage\":\"de\",\"@id\":\"https:\\\/\\\/imker-aigen.at\\\/#\\\/schema\\\/logo\\\/image\\\/\",\"url\":\"https:\\\/\\\/imker-aigen.at\\\/wp-content\\\/uploads\\\/2022\\\/08\\\/logo-1.png\",\"contentUrl\":\"https:\\\/\\\/imker-aigen.at\\\/wp-content\\\/uploads\\\/2022\\\/08\\\/logo-1.png\",\"width\":392,\"height\":156,\"caption\":\"Imker Ortsgruppe Salzburg Aigen\"},\"image\":{\"@id\":\"https:\\\/\\\/imker-aigen.at\\\/#\\\/schema\\\/logo\\\/image\\\/\"}},{\"@type\":\"Person\",\"@id\":\"https:\\\/\\\/imker-aigen.at\\\/#\\\/schema\\\/person\\\/d7d0c3a8ef6f051d450781218ac83077\",\"name\":\"admin\",\"image\":{\"@type\":\"ImageObject\",\"inLanguage\":\"de\",\"@id\":\"https:\\\/\\\/secure.gravatar.com\\\/avatar\\\/925a7e918efd3cfdae29be9c0018a3ae3275cd0444a6e166241172bb6e5243c7?s=96&d=mm&r=g\",\"url\":\"https:\\\/\\\/secure.gravatar.com\\\/avatar\\\/925a7e918efd3cfdae29be9c0018a3ae3275cd0444a6e166241172bb6e5243c7?s=96&d=mm&r=g\",\"contentUrl\":\"https:\\\/\\\/secure.gravatar.com\\\/avatar\\\/925a7e918efd3cfdae29be9c0018a3ae3275cd0444a6e166241172bb6e5243c7?s=96&d=mm&r=g\",\"caption\":\"admin\"},\"sameAs\":[\"https:\\\/\\\/imker-aigen.at\",\"linkedin.com\\\/in\\\/bernd-meierhofer-5919b62\"],\"url\":\"https:\\\/\\\/imker-aigen.at\\\/index.php\\\/author\\\/bmeierhofer\\\/\"}]}<\/script>\n<!-- \/ Yoast SEO plugin. -->","yoast_head_json":{"title":"Wildbest\u00e4uber - Kurstag - Imker Ortsgruppe Salzburg Aigen","description":"Ein Kurstag speziell f\u00fcr ImkerInnen, die die Verwandten ihrer Honigbiene (Wildbienen) n\u00e4her kennen lernen wollen.","robots":{"index":"index","follow":"follow","max-snippet":"max-snippet:-1","max-image-preview":"max-image-preview:large","max-video-preview":"max-video-preview:-1"},"canonical":"https:\/\/imker-aigen.at\/index.php\/2023\/12\/22\/wildbestaeuber-kurstag\/","og_locale":"de_DE","og_type":"article","og_title":"Wildbest\u00e4uber - Kurstag - Imker Ortsgruppe Salzburg Aigen","og_description":"Ein Kurstag speziell f\u00fcr ImkerInnen, die die Verwandten ihrer Honigbiene (Wildbienen) n\u00e4her kennen lernen wollen.","og_url":"https:\/\/imker-aigen.at\/index.php\/2023\/12\/22\/wildbestaeuber-kurstag\/","og_site_name":"Imker Ortsgruppe Salzburg Aigen","article_published_time":"2023-12-22T11:58:47+00:00","article_modified_time":"2024-12-11T08:10:48+00:00","og_image":[{"width":768,"height":768,"url":"https:\/\/imker-aigen.at\/wp-content\/uploads\/2023\/03\/wildbienen_768_768_8.jpg","type":"image\/jpeg"}],"author":"admin","twitter_card":"summary_large_image","twitter_misc":{"Verfasst von":"admin","Gesch\u00e4tzte Lesezeit":"1\u00a0Minute"},"schema":{"@context":"https:\/\/schema.org","@graph":[{"@type":"Article","@id":"https:\/\/imker-aigen.at\/index.php\/2023\/12\/22\/wildbestaeuber-kurstag\/#article","isPartOf":{"@id":"https:\/\/imker-aigen.at\/index.php\/2023\/12\/22\/wildbestaeuber-kurstag\/"},"author":{"name":"admin","@id":"https:\/\/imker-aigen.at\/#\/schema\/person\/d7d0c3a8ef6f051d450781218ac83077"},"headline":"Wildbest\u00e4uber &#8211; Kurstag","datePublished":"2023-12-22T11:58:47+00:00","dateModified":"2024-12-11T08:10:48+00:00","mainEntityOfPage":{"@id":"https:\/\/imker-aigen.at\/index.php\/2023\/12\/22\/wildbestaeuber-kurstag\/"},"wordCount":660,"commentCount":0,"publisher":{"@id":"https:\/\/imker-aigen.at\/#organization"},"image":{"@id":"https:\/\/imker-aigen.at\/index.php\/2023\/12\/22\/wildbestaeuber-kurstag\/#primaryimage"},"thumbnailUrl":"https:\/\/imker-aigen.at\/wp-content\/uploads\/2023\/03\/wildbienen_768_768_8.jpg","keywords":["Ausbildung","Kurs","Wildbest\u00e4uber","Wildbienen"],"articleSection":["Uncategorized"],"inLanguage":"de","potentialAction":[{"@type":"CommentAction","name":"Comment","target":["https:\/\/imker-aigen.at\/index.php\/2023\/12\/22\/wildbestaeuber-kurstag\/#respond"]}]},{"@type":"WebPage","@id":"https:\/\/imker-aigen.at\/index.php\/2023\/12\/22\/wildbestaeuber-kurstag\/","url":"https:\/\/imker-aigen.at\/index.php\/2023\/12\/22\/wildbestaeuber-kurstag\/","name":"Wildbest\u00e4uber - Kurstag - Imker Ortsgruppe Salzburg Aigen","isPartOf":{"@id":"https:\/\/imker-aigen.at\/#website"},"primaryImageOfPage":{"@id":"https:\/\/imker-aigen.at\/index.php\/2023\/12\/22\/wildbestaeuber-kurstag\/#primaryimage"},"image":{"@id":"https:\/\/imker-aigen.at\/index.php\/2023\/12\/22\/wildbestaeuber-kurstag\/#primaryimage"},"thumbnailUrl":"https:\/\/imker-aigen.at\/wp-content\/uploads\/2023\/03\/wildbienen_768_768_8.jpg","datePublished":"2023-12-22T11:58:47+00:00","dateModified":"2024-12-11T08:10:48+00:00","description":"Ein Kurstag speziell f\u00fcr ImkerInnen, die die Verwandten ihrer Honigbiene (Wildbienen) n\u00e4her kennen lernen wollen.","breadcrumb":{"@id":"https:\/\/imker-aigen.at\/index.php\/2023\/12\/22\/wildbestaeuber-kurstag\/#breadcrumb"},"inLanguage":"de","potentialAction":[{"@type":"ReadAction","target":["https:\/\/imker-aigen.at\/index.php\/2023\/12\/22\/wildbestaeuber-kurstag\/"]}]},{"@type":"ImageObject","inLanguage":"de","@id":"https:\/\/imker-aigen.at\/index.php\/2023\/12\/22\/wildbestaeuber-kurstag\/#primaryimage","url":"https:\/\/imker-aigen.at\/wp-content\/uploads\/2023\/03\/wildbienen_768_768_8.jpg","contentUrl":"https:\/\/imker-aigen.at\/wp-content\/uploads\/2023\/03\/wildbienen_768_768_8.jpg","width":768,"height":768,"caption":"Lavendel: Schuppen-Pelzbiene (Anthophora pubescens)"},{"@type":"BreadcrumbList","@id":"https:\/\/imker-aigen.at\/index.php\/2023\/12\/22\/wildbestaeuber-kurstag\/#breadcrumb","itemListElement":[{"@type":"ListItem","position":1,"name":"Startseite","item":"https:\/\/imker-aigen.at\/index.php\/home\/"},{"@type":"ListItem","position":2,"name":"Wildbest\u00e4uber &#8211; Kurstag"}]},{"@type":"WebSite","@id":"https:\/\/imker-aigen.at\/#website","url":"https:\/\/imker-aigen.at\/","name":"Imker Ortsgruppe Salzburg Aigen","description":"Homepage der Imker-Ortsgruppe Salzburg Aigen","publisher":{"@id":"https:\/\/imker-aigen.at\/#organization"},"potentialAction":[{"@type":"SearchAction","target":{"@type":"EntryPoint","urlTemplate":"https:\/\/imker-aigen.at\/?s={search_term_string}"},"query-input":{"@type":"PropertyValueSpecification","valueRequired":true,"valueName":"search_term_string"}}],"inLanguage":"de"},{"@type":"Organization","@id":"https:\/\/imker-aigen.at\/#organization","name":"Imker Ortsgruppe Salzburg Aigen","url":"https:\/\/imker-aigen.at\/","logo":{"@type":"ImageObject","inLanguage":"de","@id":"https:\/\/imker-aigen.at\/#\/schema\/logo\/image\/","url":"https:\/\/imker-aigen.at\/wp-content\/uploads\/2022\/08\/logo-1.png","contentUrl":"https:\/\/imker-aigen.at\/wp-content\/uploads\/2022\/08\/logo-1.png","width":392,"height":156,"caption":"Imker Ortsgruppe Salzburg Aigen"},"image":{"@id":"https:\/\/imker-aigen.at\/#\/schema\/logo\/image\/"}},{"@type":"Person","@id":"https:\/\/imker-aigen.at\/#\/schema\/person\/d7d0c3a8ef6f051d450781218ac83077","name":"admin","image":{"@type":"ImageObject","inLanguage":"de","@id":"https:\/\/secure.gravatar.com\/avatar\/925a7e918efd3cfdae29be9c0018a3ae3275cd0444a6e166241172bb6e5243c7?s=96&d=mm&r=g","url":"https:\/\/secure.gravatar.com\/avatar\/925a7e918efd3cfdae29be9c0018a3ae3275cd0444a6e166241172bb6e5243c7?s=96&d=mm&r=g","contentUrl":"https:\/\/secure.gravatar.com\/avatar\/925a7e918efd3cfdae29be9c0018a3ae3275cd0444a6e166241172bb6e5243c7?s=96&d=mm&r=g","caption":"admin"},"sameAs":["https:\/\/imker-aigen.at","linkedin.com\/in\/bernd-meierhofer-5919b62"],"url":"https:\/\/imker-aigen.at\/index.php\/author\/bmeierhofer\/"}]}},"_links":{"self":[{"href":"https:\/\/imker-aigen.at\/index.php\/wp-json\/wp\/v2\/posts\/4867","targetHints":{"allow":["GET"]}}],"collection":[{"href":"https:\/\/imker-aigen.at\/index.php\/wp-json\/wp\/v2\/posts"}],"about":[{"href":"https:\/\/imker-aigen.at\/index.php\/wp-json\/wp\/v2\/types\/post"}],"author":[{"embeddable":true,"href":"https:\/\/imker-aigen.at\/index.php\/wp-json\/wp\/v2\/users\/1"}],"replies":[{"embeddable":true,"href":"https:\/\/imker-aigen.at\/index.php\/wp-json\/wp\/v2\/comments?post=4867"}],"version-history":[{"count":4,"href":"https:\/\/imker-aigen.at\/index.php\/wp-json\/wp\/v2\/posts\/4867\/revisions"}],"predecessor-version":[{"id":4874,"href":"https:\/\/imker-aigen.at\/index.php\/wp-json\/wp\/v2\/posts\/4867\/revisions\/4874"}],"wp:featuredmedia":[{"embeddable":true,"href":"https:\/\/imker-aigen.at\/index.php\/wp-json\/wp\/v2\/media\/3238"}],"wp:attachment":[{"href":"https:\/\/imker-aigen.at\/index.php\/wp-json\/wp\/v2\/media?parent=4867"}],"wp:term":[{"taxonomy":"category","embeddable":true,"href":"https:\/\/imker-aigen.at\/index.php\/wp-json\/wp\/v2\/categories?post=4867"},{"taxonomy":"post_tag","embeddable":true,"href":"https:\/\/imker-aigen.at\/index.php\/wp-json\/wp\/v2\/tags?post=4867"}],"curies":[{"name":"wp","href":"https:\/\/api.w.org\/{rel}","templated":true}]}}