{"id":5106,"date":"2024-02-08T19:28:53","date_gmt":"2024-02-08T18:28:53","guid":{"rendered":"https:\/\/imker-aigen.at\/?p=5106"},"modified":"2024-12-11T09:11:22","modified_gmt":"2024-12-11T08:11:22","slug":"protokoll-der-jahreshauptversammlung-vom-6-2-2024","status":"publish","type":"post","link":"https:\/\/imker-aigen.at\/index.php\/2024\/02\/08\/protokoll-der-jahreshauptversammlung-vom-6-2-2024\/","title":{"rendered":"Protokoll der Jahreshauptversammlung vom 6.2.2024"},"content":{"rendered":"<div  class='flex_column av-7bu4ya-51be2c2da72a5373fb87ae1bf1598217 av_one_full  avia-builder-el-0  avia-builder-el-no-sibling  first flex_column_div  '     ><p>\n<style type=\"text\/css\" data-created_by=\"avia_inline_auto\" id=\"style-css-av-lsdjydy8-7c3ae790c2a0fb8179bf1c16573c9b07\">\n#top .av-special-heading.av-lsdjydy8-7c3ae790c2a0fb8179bf1c16573c9b07{\npadding-bottom:10px;\n}\nbody .av-special-heading.av-lsdjydy8-7c3ae790c2a0fb8179bf1c16573c9b07 .av-special-heading-tag .heading-char{\nfont-size:25px;\n}\n.av-special-heading.av-lsdjydy8-7c3ae790c2a0fb8179bf1c16573c9b07 .av-subheading{\nfont-size:15px;\n}\n<\/style>\n<div  class='av-special-heading av-lsdjydy8-7c3ae790c2a0fb8179bf1c16573c9b07 av-special-heading-h3 blockquote modern-quote modern-centered  avia-builder-el-1  el_before_av_image  avia-builder-el-first '><h3 class='av-special-heading-tag '  itemprop=\"headline\"  >Protokoll der Jahreshauptversammlung vom 6.2.2024<\/h3><div class=\"special-heading-border\"><div class=\"special-heading-inner-border\"><\/div><\/div><\/div><br \/>\n\n<style type=\"text\/css\" data-created_by=\"avia_inline_auto\" id=\"style-css-av-lsep9iza-975aa04ff66472c2fe1507e072a31478\">\n.avia-image-container.av-lsep9iza-975aa04ff66472c2fe1507e072a31478 img.avia_image{\nbox-shadow:none;\n}\n.avia-image-container.av-lsep9iza-975aa04ff66472c2fe1507e072a31478 .av-caption-image-overlay-bg{\nopacity:0.4;\nbackground-color:#000000;\n}\n.avia-image-container.av-lsep9iza-975aa04ff66472c2fe1507e072a31478 .av-image-caption-overlay-center{\ncolor:#ffffff;\n}\n<\/style>\n<div  class='avia-image-container av-lsep9iza-975aa04ff66472c2fe1507e072a31478 av-styling- avia-align-center  avia-builder-el-2  el_after_av_heading  el_before_av_hr  noHover av-overlay-hover-deactivate'   itemprop=\"image\" itemscope=\"itemscope\" itemtype=\"https:\/\/schema.org\/ImageObject\" ><div class=\"avia-image-container-inner\"><div class=\"avia-image-overlay-wrap\"><div class=\"av-image-caption-overlay\"><div class=\"av-caption-image-overlay-bg\"><\/div><div class=\"av-image-caption-overlay-position\"><div class=\"av-image-caption-overlay-center\"><p>Unser Vespa Velutina Anschauungsmodell<\/p>\n<\/div><\/div><\/div><img decoding=\"async\" fetchpriority=\"high\" class='wp-image-5129 avia-img-lazy-loading-not-5129 avia_image ' src=\"https:\/\/imker-aigen.at\/wp-content\/uploads\/2024\/02\/vespa_velutina4-225x300.jpg\" alt='' title='vespa_velutina4'  height=\"300\" width=\"225\"  itemprop=\"thumbnailUrl\" srcset=\"https:\/\/imker-aigen.at\/wp-content\/uploads\/2024\/02\/vespa_velutina4-225x300.jpg 225w, https:\/\/imker-aigen.at\/wp-content\/uploads\/2024\/02\/vespa_velutina4-529x705.jpg 529w, https:\/\/imker-aigen.at\/wp-content\/uploads\/2024\/02\/vespa_velutina4.jpg 768w\" sizes=\"(max-width: 225px) 100vw, 225px\" \/><\/div><\/div><\/div><br \/>\n\n<style type=\"text\/css\" data-created_by=\"avia_inline_auto\" id=\"style-css-av-lsdjy2rr-27d941cd9e4d4a4adcacebd28d783d92\">\n#top .hr.av-lsdjy2rr-27d941cd9e4d4a4adcacebd28d783d92{\nmargin-top:30px;\nmargin-bottom:30px;\n}\n.hr.av-lsdjy2rr-27d941cd9e4d4a4adcacebd28d783d92 .hr-inner{\nwidth:50px;\nmax-width:45%;\n}\n<\/style>\n<div  class='hr av-lsdjy2rr-27d941cd9e4d4a4adcacebd28d783d92 hr-custom  avia-builder-el-3  el_after_av_image  el_before_av_textblock  hr-center hr-icon-yes'><span class='hr-inner inner-border-av-border-thin'><span class=\"hr-inner-style\"><\/span><\/span><span class='av-seperator-icon avia-iconfont avia-font-entypo-fontello' data-av_icon='\ue8bf' data-av_iconfont='entypo-fontello' ><\/span><span class='hr-inner inner-border-av-border-thin'><span class=\"hr-inner-style\"><\/span><\/span><\/div><br \/>\n<section  class='av_textblock_section av-6b26wy-c1d6998a8b9d00aaae6bcce9b57f652f '   itemscope=\"itemscope\" itemtype=\"https:\/\/schema.org\/BlogPosting\" itemprop=\"blogPost\" ><div class='avia_textblock'  itemprop=\"text\" ><p>Autorin: Adelheid Speyer<\/p>\n<h2><strong>Begr\u00fc\u00dfung der G\u00e4ste<\/strong><\/h2>\n<p>Die Jahreshauptversammlung 2024 war trotz Grippewelle sehr gut besucht. Neben zahlreichen Vereinsmitgliedern folgten auch viele Imkerinnen und Imker aus anderen Vereinen und Ortsgruppen sowie Naturfreunde der Einladung zu unserer Jahreshauptversammlung und dem Vortrag von Dr. Neumayer. Somit war der Pavillon im <a href=\"http:\/\/www.pliemgut.at\/\">Gasthaus Pliemgut<\/a> gut gef\u00fcllt.<\/p>\n<h2><strong>Neue Mitglieder<\/strong><\/h2>\n<p>Im Jahr 2023 hat der Verein 8 neue Mitglieder bekommen<strong><br \/>\n<\/strong><\/p>\n<h2><strong>Totengedenken<\/strong><\/h2>\n<h2><strong>R\u00fcckblick auf 2023 <\/strong><\/h2>\n<h4><strong>Ausbildungen <\/strong><\/h4>\n<p><a href=\"https:\/\/imker-aigen.at\/index.php\/2023\/04\/22\/standbegehung-vereinshuette-am-egelsee-mit-monika-heller-am-22-4-2023\/\">Standbesuch Bienenh\u00fctte Egelsee<\/a> mit Monika Heller im April<\/p>\n<p><a href=\"https:\/\/imker-aigen.at\/index.php\/2023\/05\/12\/protokoll-vom-varroaseminar-am-12-5-2023\/\">Varroaseminar im Mai<\/a><\/p>\n<p><a href=\"https:\/\/imker-aigen.at\/index.php\/2023\/10\/04\/protokoll-vom-stamtisch-am-3-oktober-2023\/\">Waldtrachtvortrag im Oktober<\/a><\/p>\n<p>Zuchtkurse<\/p>\n<h4><strong>Partnerschaft mit dem <a href=\"https:\/\/naturschutzbund.at\/salzburg.html\">Salzburger Naturschutzbund<\/a><\/strong><\/h4>\n<p>Beitr\u00e4ge in den Zeitschriften des Naturschutzbundes<\/p>\n<h4><a href=\"https:\/\/imker-aigen.at\/index.php\/2023\/02\/04\/hilfe-fuer-die-ukraine-von-den-salzburger-imkern\/\"><strong>Ukraine-Hilfe <\/strong><\/a><\/h4>\n<p>Aktion im Februar mit Sachspenden (Krankenhausbetten Wehrle, Bekleidung)<\/p>\n<p>Geldspende<\/p>\n<h4><a href=\"https:\/\/imker-aigen.at\/index.php\/2023\/06\/01\/imker-zu-gast-beim-ackerbau-feldtag-von-familie-kaiser-in-strasswalchen\/\"><strong>Ackerbau-Feldtage<\/strong><\/a><\/h4>\n<p>im Juni<\/p>\n<h4><a href=\"https:\/\/imker-aigen.at\/index.php\/2023\/07\/10\/sommerfest-am-8-juli-2023\/\"><strong>Sommerfest<\/strong><\/a><\/h4>\n<p>im Juli bei Engelhard Ebner<\/p>\n<h4><strong>Jugendarbeit<\/strong><\/h4>\n<p><a href=\"https:\/\/imker-aigen.at\/index.php\/2023\/05\/11\/bienen-projekt-der-2-klasse-der-neuen-mittelschule-nonntal\/\">Imkertag mit Mikroskopieren und praktischen Arbeiten bei akzente Salzburg<\/a><\/p>\n<p>Bericht im S-Pass Magazin<\/p>\n<p><a href=\"https:\/\/imker-aigen.at\/index.php\/2023\/11\/10\/s-pass-adventskalender-wir-sind-dabei\/\">Teilnahme am S-Pass Adventkalender<\/a>: Dank geb\u00fchrt den Spendern!<\/p>\n<p>Bienenprojekt NMS Nonntal mit Michael Rettenbacher, der auch Einwabenk\u00e4stchen f\u00fcr die Sch\u00fcler vorbereitet hat.<\/p>\n<p><a href=\"https:\/\/imker-aigen.at\/index.php\/2023\/06\/26\/volksschule-trifft-bienenstock\/\">Volksschulklasse besucht Elisabeth Karl<\/a><\/p>\n<h4><strong>Adventmarkt in Elsbethen<\/strong><\/h4>\n<p>2023 zusammen mit dem <a href=\"https:\/\/www.bluehendes-salzburg.at\/elsbethen\/willkommen\/\">Obst- und Gartenbauverein Elsbethen<\/a>. Der <a href=\"https:\/\/imker-aigen.at\/index.php\/2023\/12\/11\/adventmarkt-2023-resuemee\/\">Adventmarkt<\/a> war wieder ein gro\u00dfer Erfolg und es ist wieder eine nette Spendensumme zusammengekommen.<\/p>\n<p>Erl\u00f6s f\u00fcr bed\u00fcrftige Familien (an den <a href=\"https:\/\/www.elsbethen.info\/\">Tourismusverband Elsbethen<\/a>), f\u00fcr die <a href=\"https:\/\/www.kinderkrebshilfe.com\/\">Salzburger Kinderkrebshilfe<\/a> und f\u00fcr die <a href=\"https:\/\/eichhoernchenhilfesalzburg.at\/\">Eichh\u00f6rnchenhilfe Salzburg.<\/a><\/p>\n<h4><strong>Ambrosiusfeier in der Pfarrkirche Aigen<\/strong><\/h4>\n<p>am 7. Dezember mit Pfarrer i. R. Walter Oberascher, Diakon Dino Bachmair und Diakon Thomas Renner vom Imkerhof<\/p>\n<h4><strong>Initiative gegen die geplante Gaisberg-Seilbahn <\/strong><\/h4>\n<p>siehe <a href=\"https:\/\/imker-aigen.at\/index.php\/2023\/12\/06\/keine-seilbahn-auf-den-gaisberg\/\">Leserbrief in den Salzburger Nachrichten vom 6.12.2023<\/a><\/p>\n<h4><strong>Initiative gegen gebietsfremde Arten<\/strong><\/h4>\n<p>siehe Artikel auf der Homepage: &#8222;<a href=\"https:\/\/imker-aigen.at\/index.php\/2023\/09\/15\/bedrohung-nimmt-zu\/\">Die Bedrohung durch gebietsfremde Arten nimmt zu<\/a>&#8222;<\/p>\n<h4><strong>Anmeldung auf Instagram<\/strong><\/h4>\n<p>Der Verein ist auf Instagram unter<a href=\"https:\/\/www.instagram.com\/imker.aigen\/\"> imker.aigen<\/a> zu finden<strong><br \/>\n<\/strong><\/p>\n<h2><strong>Ausblick auf 2024<\/strong><\/h2>\n<h4><strong>Ausbildungen<\/strong><\/h4>\n<p>Wildbienenvortrag (bei dieser Veranstaltung, s. u.)<\/p>\n<p>Varroa-Seminar soll wiederholt werden, sofern sich wieder gen\u00fcgend Teilnehmer f\u00fcr eine Vorort-Schulung anmelden<\/p>\n<h4><strong>Geplant sind au\u00dferdem <\/strong><\/h4>\n<p>Zusammenarbeit mit dem <a href=\"https:\/\/naturschutzbund.at\/salzburg.html\">Naturschutzbund<\/a> bei der Aktion \u201eAufbl\u00fchen\u201c des Landes Salzburg. Unsere Beitr\u00e4ge f\u00fcr die n\u00e4chsten beiden <a href=\"https:\/\/naturschutzbund.at\/publikationen\/articles\/die-ausgaben-des-jahres-2023.html\">Ausgaben der Naturschutzbund-Zeitschrift<\/a> sind bereits fertig.<\/p>\n<p>Engagement bei der Jugendarbeit wird weitergef\u00fchrt.<\/p>\n<p>Sommerfest: 120 Jahrfeier unseres Vereins!<\/p>\n<p>Gemeinsamer Ausflug<\/p>\n<p>Teilnahme am Adventmarkt<\/p>\n<p>Ambrosiusfeier<\/p>\n<p>Standbesuch mit einem Wanderlehrer: muss rechtzeitig gebucht werden. Bei gen\u00fcgend Teilnehmern werden die Kosten vom Landesverband als Schulung \u00fcbernommen. Wer meldet sich? Wer hat einen geeigneten stand? Bitte melden!<\/p>\n<h4><strong>Bienenh\u00fctte Egelsee <\/strong><\/h4>\n<p>2024 wird die H\u00fctte weiterhin von Franzi und Pauli genutzt. Interessenten f\u00fcr kommende Jahre m\u00f6gen sich rechtzeitig beim Vorstand melden.<\/p>\n<h2><strong>Neuigkeiten<\/strong><\/h2>\n<h4><strong>Extra-Termine f\u00fcr Vortr\u00e4ge <\/strong><\/h4>\n<p>Wenn Vortr\u00e4ge l\u00e4nger als 90 Minuten dauern, wird es Extra-Termine geben, damit an den Stammtischabenden genug Zeit zum Austausch bleibt!<\/p>\n<h4><strong>Neues von der Vespa Velutina<br \/>\n<\/strong><\/h4>\n<p>Bernd berichtet \u00fcber die <a href=\"https:\/\/imker-aigen.at\/index.php\/2024\/01\/31\/flachgauer-imkerfachtage-2627-1-2024\/\">aktuellen Informationen zur Vespa Velutina<\/a>. An interessierte Vereinsmitglieder wurden der von der <a href=\"https:\/\/www.ages.at\/\">AGES<\/a> erstellte <a href=\"https:\/\/www.ages.at\/download\/sdl-eyJ0eXAiOiJKV1QiLCJhbGciOiJIUzI1NiJ9.eyJpYXQiOjE2MDk0NTkyMDAsImV4cCI6NDA3MDkwODgwMCwidXNlciI6MCwiZ3JvdXBzIjpbMCwtMV0sImZpbGUiOiJmaWxlYWRtaW4vQUdFU18yMDIyLzJfTUVOU0NIL0tyYW5raGVpdC9LcmFua2hlaXRzZXJyZWdlci9Bc2lhdGlzY2hlX0hvcm5pc3NlL0FzaWF0aXNjaGVfSG9ybmlzc2VfMjAxOS5wZGYiLCJwYWdlIjoyMzkzfQ.QGRGux0gM-IIj9hjm8dxT3aF8gQgs37e_GF5BKmN08w\/Asiatische_Hornisse_2019.pdf\">Flyer zur Vespa Velutina<\/a> verteilt. Es wurde eine in Acryl gegossene Vespa Velutina als <span class=\"breadcrumbEntry\">Anschauungsmodell gekauft. Dieses soll bei Veranstaltungen (z.B.: bei der Jugendarbeit 2024) und Vortr\u00e4gen hergezeigt werden. <\/span><\/p>\n<h4><strong>Neue M\u00f6glichkeit der Faulbrutuntersuchung <\/strong><\/h4>\n<p>R\u00f6llchen mit Gem\u00fcll &#8211; m\u00f6glichst ohne Pollen &#8211; k\u00f6nnen im <a href=\"https:\/\/www.imkerhof-salzburg.at\/bienen\/\">Imkerhof<\/a> zur Faulbrutuntersuchung abgegeben werden. An interessierte Vereinsmitglieder wurden R\u00f6llchen und Antragsformulare verteilt.<\/p>\n<p>Kosten: 10 Euro<\/p>\n<h4><strong>Neues Konzept zur Varroabehandlung nach Ralph B\u00fccheler <\/strong><\/h4>\n<p>Kurzer Bericht von den <a href=\"https:\/\/imker-aigen.at\/index.php\/2024\/01\/31\/flachgauer-imkerfachtage-2627-1-2024\/\">Flachgauer Imkerfachtagen<\/a>. Wichtig ist eine Brutunterbrechung nach der Honigernte! So soll ein fr\u00fches Ansteigen der Varroa-Kurve verhindert werden und erm\u00f6glichen, dass die Winterbienen ohne Sch\u00e4digung aufgezogen werden k\u00f6nnen. Wenn das gelingt, kann in der Folge auf die Winterbehandlung verzichtet werden.<\/p>\n<h2>Wildbienenvortrag von <strong>Dr. Hans Neumayer (siehe Anhang)<\/strong><\/h2>\n<h3><strong>Kassabericht <\/strong><\/h3>\n<p>Bericht der Kassiererin Karin Eisner, Bericht der Kassapr\u00fcfer Regina Brandst\u00e4tter und Engelbert Ebner, einstimmige Entlastung der Kassiererin und des Vorstands.<\/p>\n<h3><strong>Spenden<\/strong><\/h3>\n<p>Kurzbericht \u00fcber die Geldspenden des Vereins. Herzlichen Dank an alle Spender!<\/p>\n<h3><strong>Ehrung langj\u00e4hriger Mitglieder<\/strong><\/h3>\n<p>5 Vereinsmitglieder werden f\u00fcr ihre 10-j\u00e4hrige Mitgliedschaft geehrt.<\/p>\n<h3><strong>Imkern im Februar <\/strong><\/h3>\n<p>Schieden im angepassten Brutraum<\/p>\n<p>Futterkontrolle<\/p>\n<p>Fluglochkontrolle<\/p>\n<p>Gem\u00fcll einsammeln f\u00fcr eine Faulbrutuntersuchung (Max. 5 V\u00f6lker pro R\u00f6llchen)<\/p>\n<p>Siehe auch &#8222;<a href=\"https:\/\/imker-aigen.at\/index.php\/monatsbetrachtung-februar\/\">Monatsbetrachtung Februar<\/a>&#8220; auf unserer Homepage<\/p>\n<h3><strong>Mitgliedsbeitr\u00e4ge 2024<\/strong><\/h3>\n<p>\u00c4nderungen bei den Vereinsmitgliedern bzw. Beitr\u00e4gen<\/p>\n<p>Bitte um Einzahlung der Mitgliedsbeitr\u00e4ge bis 31.3.2024, am besten online, da damit alles \u00fcberschaubarer ist!<\/p>\n<p>Adress\u00e4nderungen oder \u00c4nderungsw\u00fcnsche (Bienen-Zeitung ja\/nein etc.) bitte umgehend bekanntgeben.<\/p>\n<h3><strong>N\u00e4chste Termine<\/strong><\/h3>\n<p><a href=\"https:\/\/imker-aigen.at\/index.php\/event\/einsteigertag-im-imkerhof-salzburg\/\">10.2. Einsteigertag im Imkerhof<\/a><\/p>\n<p><a href=\"https:\/\/imker-aigen.at\/index.php\/event\/erwerbsimker-fachtagung-2023-16-18-2-2024-messe-wels\/\">16-18.2. Erwerbsimker-Fachmesse<\/a><\/p>\n<p><a href=\"https:\/\/imker-aigen.at\/index.php\/event\/imkerkreisversammlung-2024-in-piding\/\">18.2. Imkerkreisversammlung der Berchtesgadener Imker in Piding<\/a><\/p>\n<p>Vortrag \u00fcber K\u00f6niginnenzucht<\/p>\n<p><a href=\"https:\/\/imker-aigen.at\/index.php\/event\/einsteigerkurs-imkern-mit-dadant-und-dem-ungeteilten-brutraum\/\">1.3. Einsteigerkurs: Imkern mit Dadant und dem ungeteilten Brutraum<\/a><\/p>\n<p><a href=\"https:\/\/imker-aigen.at\/index.php\/event\/gauversammlung-flachgau-2\/\">2.3. Gauversammlung Flachgau<\/a><\/p>\n<p>Wahl des neuen Flachgauer Gauobmanns<\/p>\n<p>3.3. JHV Imker-Ortsgruppe Seekirchen<\/p>\n<p><a href=\"https:\/\/imker-aigen.at\/index.php\/event\/stammtisch-5-maerz-2024\/\">5.3. Stammtisch<\/a><\/p>\n<p>5.3 JHV Imker-Ortsgruppe Bad Vigaun<\/p>\n<p>8.3. JHV Imkerverein Neumarkt<\/p>\n<p><a href=\"https:\/\/imker-aigen.at\/index.php\/event\/basiskurs-bienenpaedagogik-im-imkerhof-salzburg\/\">15.3. Basiskurs Bienenp\u00e4dagogik im Imkerhof<\/a><\/p>\n<p><a href=\"https:\/\/imker-aigen.at\/index.php\/event\/landesimkertag\/\">17.3. Landesimkertag in Maishofen<\/a><\/p>\n<p>Neuwahlen, Wahlvorschl\u00e4ge m\u00fcssen bis 8.3.2024 abgegeben werden<\/p>\n<h3><strong>Diverses, Diskussion, Allf\u00e4lliges<\/strong><\/h3>\n<h4><strong>Zucht<\/strong><\/h4>\n<p>heuer leider keine Begattungsm\u00f6glichkeit auf \u201aRoberts Carnica-Belegstelle\u2018, da im letzten Jahr dort fremde Drohnen auftauchten und die Zucht zunichtemachten.<\/p>\n<p>Die Termine f\u00fcr die <a href=\"https:\/\/carnica-zuchtgruppe-salzburg.at\/index.php\/belegstellen\/\">Belegstellen LS 1 und LS 5<\/a> der <a href=\"https:\/\/carnica-zuchtgruppe-salzburg.at\">Carnica-Zuchtgruppe Salzburg<\/a> sind online verf\u00fcgbar.<\/p>\n<p>Zuchtkurse werden heuer auch wieder von Andreas Freundlinger und vom <a href=\"https:\/\/www.imkerhof-salzburg.at\/bienen\/\">Imkerhof<\/a> angeboten.<\/p>\n<p>Teilnehmer bitte melden!<strong>\u00a0<\/strong><\/p>\n<p>Von ein paar Z\u00fcchtern der <a href=\"https:\/\/carnica-zuchtgruppe-salzburg.at\">Carnica-Zuchtgruppe Salzburg<\/a> werden bereits Bestellungen f\u00fcr K\u00f6niginnen angenommen.<\/p>\n<h2><strong>Anhang: Wildbienenvortrag Dr. Hans Neumayer<\/strong><\/h2>\n<h4><strong>\u00dcbersicht <\/strong><\/h4>\n<p>Herr Dr. Neumayer begann seinen Vortrag mit einer allgemeinen \u00dcbersicht \u00fcber Insekten, um die Bienen und ihre Verwandten richtig einzuordnen.<\/p>\n<p>Herr Neumayer betonte auch, dass Bienen und Wildbienen zusammengeh\u00f6ren und eine Familie bilden. Die Gewichtung zugunsten der Honigbienen ist aus Sicht des Imkers verst\u00e4ndlich, aus der Sicht eines Naturforschers aber nicht hilfreich.<\/p>\n<p>Wenn vom Schutz der Bienen die Rede ist, sollen nicht in erster Linie die Honigbienen gemeint werden, f\u00fcr welche die Imker sich sowieso einsetzen, um Honig zu ernten, sondern vor allem die Wildbienen, die viel zu lange im Schatten der Honigbienen waren und oft \u00fcbersehen wurden.<\/p>\n<p>Bienen geh\u00f6ren zu den Insekten mit einer vollst\u00e4ndigen Entwicklung, es gibt Ei, Made, Puppe, Insekt.<\/p>\n<p>Zu den Insekten mit vollst\u00e4ndiger Entwicklung geh\u00f6ren Fliegen (Zweifl\u00fcgler), K\u00e4fer, Schmetterlinge und Hautfl\u00fcgler (Hymenoptera). Zu letzteren geh\u00f6ren Ameisen und alle Bienen und Wespen.<\/p>\n<h4><strong>Bienenarten <\/strong><\/h4>\n<p>Weltweit gibt es 20.000 Bienenarten, in \u00d6sterreich sind 700 Arten nachgewiesen. Durch den Klimawandel und die w\u00e4rmeren Temperaturen nimmt die Zahl der nachgewiesenen Arten zu, andererseits stehen viele Bienenarten auf der Roten Liste und sind vom Aussterben bedroht.<\/p>\n<p>Honigbienenarten gibt es weltweit 9, in \u00d6sterreich gibt es zwei Unterarten der Westlichen Honigbiene: die Apis mellifera mellifera, die Dunkle Biene, und die Apis carnica, die K\u00e4rntner oder Krainer Biene.<\/p>\n<p>Buckfastbienen z\u00e4hlen nicht als Art, sondern wurden k\u00fcnstlich vom Menschen f\u00fcr die Bed\u00fcrfnisse des Imkers gez\u00fcchtet. In der Natur w\u00e4re diese Biene nie entstanden.<\/p>\n<h4><strong>Lebensweise<\/strong><\/h4>\n<p>80 % aller Bienenarten leben <strong>solit\u00e4r<\/strong>, die Weibchen bauen ihre Nester, legen die Brut an und sterben, bevor ihre Nachkommen schl\u00fcpfen.<\/p>\n<p>Bei einzelnen Wildbienen finden wir eine <strong>kommunale Lebensweise, <\/strong>d. h. mehrere Weibchen haben einen Eingang zum Nest und unterst\u00fctzen einander.<\/p>\n<p>Soziale Bienen leben in Gemeinschaften, wobei das Gemeinsame sehr variabel und auf verschiedenen Ebenen wirksam sein kann, beginnend mit <strong>primitiv-eusozialer Lebensweise<\/strong> (in der Regel einj\u00e4hrige Staaten) bis zu <strong>hoch-eusozialer Lebensweise<\/strong>, wie bei der westlichen Honigbiene und den stachellosen Bienen, die ganzj\u00e4hrig als Staat leben und sich durch Schw\u00e4rmen vermehren.<\/p>\n<p>Hummeln leben zuerst solit\u00e4r und wechseln erst mit den ersten Nachkommen in eine soziale Lebensweise.<\/p>\n<p>Nur die Westliche Honigbiene und die Apis cerana kann in k\u00e4lteren Gegenden \u00fcberleben, da sie Vorr\u00e4te f\u00fcr einen l\u00e4ngeren Zeitraum anlegen k\u00f6nnen und in H\u00f6hlen oder hohlen B\u00e4umen, gesch\u00fctzt vor N\u00e4sse und K\u00e4lte, \u00fcberwintern k\u00f6nnen.<\/p>\n<p>Ein Drittel aller nestbauenden Wildbienen sind spezialisiert auf bestimmte Pollen bestimmter Pflanzen: sie sind oligolektisch. Honigbienen und Hummeln dagegen sind polylektisch, k\u00f6nnen also von verschiedenen Pflanzen Nektar und Pollen sammeln.<\/p>\n<h4><strong>Bienenfauna \u00d6sterreichs <\/strong><\/h4>\n<p>Honigbiene: 1 Art in zwei Unterarten in \u00d6sterreich<\/p>\n<p>Maskenbienen: 45 Arten in \u00d6sterreich<\/p>\n<p>Seidenbienen: 21 Arten in \u00d6sterreich<\/p>\n<p>Sandbienen. 138 Arten in \u00d6sterreich<\/p>\n<p>Furchenbienen: 100 Arten in \u00d6sterreich<\/p>\n<p>Wespenbienen: 78 Arten in \u00d6sterreich<\/p>\n<p>Mauerbienen. 43 Arten in \u00d6sterreich<\/p>\n<p>Blattschneiderbienen: 25 Arten in \u00d6sterreich<\/p>\n<p>Pelzbienen: 12 Arten in \u00d6sterreich<\/p>\n<p>Holzbienen: 3 Arten in \u00d6sterreich<\/p>\n<p>S\u00e4gehornbienen: 6 Arten in Deutschland, in \u00d6sterreich zur Zeit nicht erfasst<\/p>\n<p>Zweizahnbienen: 1 Art in Deutschland, 2 in \u00d6sterreich<\/p>\n<p>Hummeln: 45 Arten in \u00d6sterreich<\/p>\n<h4><strong>Was brauchen Bienen?<\/strong><\/h4>\n<p><strong>Nistpl\u00e4tze: <\/strong>Mehr als 2\/3 der Arten nisten im Boden, 20% in K\u00e4ferbohrg\u00e4ngen in Totholz, einige Arten in markhaltigen St\u00e4ngeln oder in leeren Schneckenh\u00e4usern. Einige Arten bauen M\u00f6rtelnester, eine Art Harznester und Hummeln bauen Wachsnester in isolierenden Materialien.<\/p>\n<p><strong>Nahrung:<\/strong> Ca. 1\/3 der Bienenarten sind Spezialisten und brauchen bestimmte Pflanzen, von denen allein sie Pollen sammeln. Viele Bienen sind z.B. auf Glockenblumen, Schmetterlingsbl\u00fctler (Wicken, Klee), Korbbl\u00fctler und Natternkopf spezialisiert. Je vielf\u00e4ltiger das Bl\u00fctenangebot, desto mehr Arten k\u00f6nnen dort leben.<\/p>\n<p><strong>Bienen sind central place forager: <\/strong>Sie haben einen Nistort bzw. ein Volk als Fixpunkt und m\u00fcssen ihre Nahrung in der Umgebung finden. Gro\u00dfe Bienenarten fliegen bis zu 2 km, kleine maximal wenige hundert Meter. In diesem Umkreis muss das Bl\u00fctenangebot zu finden sein.<\/p>\n<p>Soziale Bienen wie Hummeln brauchen dazu ein Bl\u00fctenangebot w\u00e4hrend der ganzen Saison.<\/p>\n<p>Je kleinr\u00e4umiger ein Gebiet strukturiert ist, desto besser k\u00f6nnen Bienen dort leben<\/p>\n<h4><strong>Womit Bienen k\u00e4mpfen <\/strong><\/h4>\n<blockquote>\n<p>Das Nahrungsangebot unserer intensiv bewirtschafteten Fl\u00e4chen ist sowohl f\u00fcr die Bienen als auch f\u00fcr die Wildbienen in den letzten Jahrzehnten eint\u00f6niger geworden.<\/p>\n<\/blockquote>\n<p>Mit steigender Bewirtschaftung nimmt die Anzahl von nektarreichen Bl\u00fchpflanzen ab, bis nur noch der L\u00f6wenzahn \u00fcbrigbleibt, der aber nur kurze Zeit genutzt werden kann und dies \u00fcbernehmen vorwiegend die Bienen als Generalisten.<\/p>\n<p>Massentrachten sind gut f\u00fcr Honigbienen, nicht aber f\u00fcr Wildbienen. G\u00fcnstig f\u00fcr beide ist eine m\u00f6glichst gro\u00dfe Vielfalt, damit jeweilige Trachtl\u00fccken \u00fcberdauert werden k\u00f6nnen.<\/p>\n<blockquote>\n<p>F\u00fcr die Best\u00e4ubung erg\u00e4nzen Honig- und Wildbienen einander. Dies sollte das eigentliche Ziel von Bienenschutz sein.<\/p>\n<\/blockquote>\n<\/div><\/section><br \/>\n<div  class='av-social-sharing-box av-3i02oy-cb359bbe3f4a7f81814a6a54f8dda272 av-social-sharing-box-default  avia-builder-el-5  el_after_av_textblock  el_before_av_comments_list  av-social-sharing-box-fullwidth'><div class=\"av-share-box\"><h5 class='av-share-link-description av-no-toc '>Eintrag teilen<\/h5><ul class=\"av-share-box-list noLightbox\"><li class='av-share-link av-social-link-facebook avia_social_iconfont' ><a target=\"_blank\" aria-label=\"Teilen auf Facebook\" href='https:\/\/www.facebook.com\/sharer.php?u=https:\/\/imker-aigen.at\/index.php\/2024\/02\/08\/protokoll-der-jahreshauptversammlung-vom-6-2-2024\/&#038;t=Protokoll%20der%20Jahreshauptversammlung%20vom%206.2.2024' data-av_icon='\ue8f3' data-av_iconfont='entypo-fontello'  title='' data-avia-related-tooltip='Teilen auf Facebook'><span class='avia_hidden_link_text'>Teilen auf Facebook<\/span><\/a><\/li><li class='av-share-link av-social-link-twitter avia_social_iconfont' ><a target=\"_blank\" aria-label=\"Teilen auf X\" href='https:\/\/twitter.com\/share?text=Protokoll%20der%20Jahreshauptversammlung%20vom%206.2.2024&#038;url=https:\/\/imker-aigen.at\/?p=5106' data-av_icon='\ue932' data-av_iconfont='entypo-fontello'  title='' data-avia-related-tooltip='Teilen auf X'><span class='avia_hidden_link_text'>Teilen auf X<\/span><\/a><\/li><li class='av-share-link av-social-link-whatsapp avia_social_iconfont' ><a target=\"_blank\" aria-label=\"Teilen auf WhatsApp\" href='https:\/\/api.whatsapp.com\/send?text=https:\/\/imker-aigen.at\/index.php\/2024\/02\/08\/protokoll-der-jahreshauptversammlung-vom-6-2-2024\/' data-av_icon='\uf232' data-av_iconfont='entypo-fontello'  title='' data-avia-related-tooltip='Teilen auf WhatsApp'><span class='avia_hidden_link_text'>Teilen auf WhatsApp<\/span><\/a><\/li><li class='av-share-link av-social-link-pinterest avia_social_iconfont' ><a target=\"_blank\" aria-label=\"Teilen auf Pinterest\" href='https:\/\/pinterest.com\/pin\/create\/button\/?url=https%3A%2F%2Fimker-aigen.at%2Findex.php%2F2024%2F02%2F08%2Fprotokoll-der-jahreshauptversammlung-vom-6-2-2024%2F&#038;description=Protokoll%20der%20Jahreshauptversammlung%20vom%206.2.2024&#038;media=https%3A%2F%2Fimker-aigen.at%2Fwp-content%2Fuploads%2F2024%2F02%2FJHV_2024.jpg' data-av_icon='\ue8f8' data-av_iconfont='entypo-fontello'  title='' data-avia-related-tooltip='Teilen auf Pinterest'><span class='avia_hidden_link_text'>Teilen auf Pinterest<\/span><\/a><\/li><li class='av-share-link av-social-link-linkedin avia_social_iconfont' ><a target=\"_blank\" aria-label=\"Teilen auf LinkedIn\" href='https:\/\/linkedin.com\/shareArticle?mini=true&#038;title=Protokoll%20der%20Jahreshauptversammlung%20vom%206.2.2024&#038;url=https:\/\/imker-aigen.at\/index.php\/2024\/02\/08\/protokoll-der-jahreshauptversammlung-vom-6-2-2024\/' data-av_icon='\ue8fc' data-av_iconfont='entypo-fontello'  title='' data-avia-related-tooltip='Teilen auf LinkedIn'><span class='avia_hidden_link_text'>Teilen auf LinkedIn<\/span><\/a><\/li><li class='av-share-link av-social-link-reddit avia_social_iconfont' ><a target=\"_blank\" aria-label=\"Teilen auf Reddit\" href='https:\/\/reddit.com\/submit?url=https:\/\/imker-aigen.at\/index.php\/2024\/02\/08\/protokoll-der-jahreshauptversammlung-vom-6-2-2024\/&#038;title=Protokoll%20der%20Jahreshauptversammlung%20vom%206.2.2024' data-av_icon='\ue927' data-av_iconfont='entypo-fontello'  title='' data-avia-related-tooltip='Teilen auf Reddit'><span class='avia_hidden_link_text'>Teilen auf Reddit<\/span><\/a><\/li><li class='av-share-link av-social-link-mail avia_social_iconfont' ><a  aria-label=\"Per E-Mail teilen\" href='mailto:?subject=Protokoll%20der%20Jahreshauptversammlung%20vom%206.2.2024&#038;body=https:\/\/imker-aigen.at\/index.php\/2024\/02\/08\/protokoll-der-jahreshauptversammlung-vom-6-2-2024\/' data-av_icon='\ue805' data-av_iconfont='entypo-fontello'  title='' data-avia-related-tooltip='Per E-Mail teilen'><span class='avia_hidden_link_text'>Per E-Mail teilen<\/span><\/a><\/li><\/ul><\/div><\/div><br \/>\n<div  class='av-buildercomment av-31nif6-f01ffc90507f89229eb3a611a3d76cdf'><\/div><\/p><\/div>\n","protected":false},"excerpt":{"rendered":"","protected":false},"author":1,"featured_media":5120,"comment_status":"open","ping_status":"closed","sticky":false,"template":"","format":"standard","meta":{"footnotes":""},"categories":[18],"tags":[],"class_list":["post-5106","post","type-post","status-publish","format-standard","has-post-thumbnail","hentry","category-alte-veranstaltungen"],"yoast_head":"<!-- This site is optimized with the Yoast SEO plugin v27.4 - https:\/\/yoast.com\/product\/yoast-seo-wordpress\/ -->\n<title>Protokoll der Jahreshauptversammlung vom 6.2.2024 - Imker Ortsgruppe Salzburg Aigen<\/title>\n<meta name=\"description\" content=\"Das Protokoll der Jahreshauptversammlung des Imkervereins Salzburg Aigen vom 6.2.2024\" \/>\n<meta name=\"robots\" content=\"index, follow, max-snippet:-1, max-image-preview:large, max-video-preview:-1\" \/>\n<link rel=\"canonical\" href=\"https:\/\/imker-aigen.at\/index.php\/2024\/02\/08\/protokoll-der-jahreshauptversammlung-vom-6-2-2024\/\" \/>\n<meta property=\"og:locale\" content=\"de_DE\" \/>\n<meta property=\"og:type\" content=\"article\" \/>\n<meta property=\"og:title\" content=\"Protokoll der Jahreshauptversammlung vom 6.2.2024 - Imker Ortsgruppe Salzburg Aigen\" \/>\n<meta property=\"og:description\" content=\"Das Protokoll der Jahreshauptversammlung des Imkervereins Salzburg Aigen vom 6.2.2024\" \/>\n<meta property=\"og:url\" content=\"https:\/\/imker-aigen.at\/index.php\/2024\/02\/08\/protokoll-der-jahreshauptversammlung-vom-6-2-2024\/\" \/>\n<meta property=\"og:site_name\" content=\"Imker Ortsgruppe Salzburg Aigen\" \/>\n<meta property=\"article:published_time\" content=\"2024-02-08T18:28:53+00:00\" \/>\n<meta property=\"article:modified_time\" content=\"2024-12-11T08:11:22+00:00\" \/>\n<meta property=\"og:image\" content=\"https:\/\/imker-aigen.at\/wp-content\/uploads\/2024\/02\/JHV_2024.jpg\" \/>\n\t<meta property=\"og:image:width\" content=\"470\" \/>\n\t<meta property=\"og:image:height\" content=\"470\" \/>\n\t<meta property=\"og:image:type\" content=\"image\/jpeg\" \/>\n<meta name=\"author\" content=\"admin\" \/>\n<meta name=\"twitter:card\" content=\"summary_large_image\" \/>\n<meta name=\"twitter:label1\" content=\"Verfasst von\" \/>\n\t<meta name=\"twitter:data1\" content=\"admin\" \/>\n\t<meta name=\"twitter:label2\" content=\"Gesch\u00e4tzte Lesezeit\" \/>\n\t<meta name=\"twitter:data2\" content=\"9\u00a0Minuten\" \/>\n<script type=\"application\/ld+json\" class=\"yoast-schema-graph\">{\"@context\":\"https:\\\/\\\/schema.org\",\"@graph\":[{\"@type\":\"Article\",\"@id\":\"https:\\\/\\\/imker-aigen.at\\\/index.php\\\/2024\\\/02\\\/08\\\/protokoll-der-jahreshauptversammlung-vom-6-2-2024\\\/#article\",\"isPartOf\":{\"@id\":\"https:\\\/\\\/imker-aigen.at\\\/index.php\\\/2024\\\/02\\\/08\\\/protokoll-der-jahreshauptversammlung-vom-6-2-2024\\\/\"},\"author\":{\"name\":\"admin\",\"@id\":\"https:\\\/\\\/imker-aigen.at\\\/#\\\/schema\\\/person\\\/d7d0c3a8ef6f051d450781218ac83077\"},\"headline\":\"Protokoll der Jahreshauptversammlung vom 6.2.2024\",\"datePublished\":\"2024-02-08T18:28:53+00:00\",\"dateModified\":\"2024-12-11T08:11:22+00:00\",\"mainEntityOfPage\":{\"@id\":\"https:\\\/\\\/imker-aigen.at\\\/index.php\\\/2024\\\/02\\\/08\\\/protokoll-der-jahreshauptversammlung-vom-6-2-2024\\\/\"},\"wordCount\":2600,\"commentCount\":0,\"publisher\":{\"@id\":\"https:\\\/\\\/imker-aigen.at\\\/#organization\"},\"image\":{\"@id\":\"https:\\\/\\\/imker-aigen.at\\\/index.php\\\/2024\\\/02\\\/08\\\/protokoll-der-jahreshauptversammlung-vom-6-2-2024\\\/#primaryimage\"},\"thumbnailUrl\":\"https:\\\/\\\/imker-aigen.at\\\/wp-content\\\/uploads\\\/2024\\\/02\\\/JHV_2024.jpg\",\"articleSection\":[\"Alte Veranstaltungen\"],\"inLanguage\":\"de\",\"potentialAction\":[{\"@type\":\"CommentAction\",\"name\":\"Comment\",\"target\":[\"https:\\\/\\\/imker-aigen.at\\\/index.php\\\/2024\\\/02\\\/08\\\/protokoll-der-jahreshauptversammlung-vom-6-2-2024\\\/#respond\"]}]},{\"@type\":\"WebPage\",\"@id\":\"https:\\\/\\\/imker-aigen.at\\\/index.php\\\/2024\\\/02\\\/08\\\/protokoll-der-jahreshauptversammlung-vom-6-2-2024\\\/\",\"url\":\"https:\\\/\\\/imker-aigen.at\\\/index.php\\\/2024\\\/02\\\/08\\\/protokoll-der-jahreshauptversammlung-vom-6-2-2024\\\/\",\"name\":\"Protokoll der Jahreshauptversammlung vom 6.2.2024 - Imker Ortsgruppe Salzburg Aigen\",\"isPartOf\":{\"@id\":\"https:\\\/\\\/imker-aigen.at\\\/#website\"},\"primaryImageOfPage\":{\"@id\":\"https:\\\/\\\/imker-aigen.at\\\/index.php\\\/2024\\\/02\\\/08\\\/protokoll-der-jahreshauptversammlung-vom-6-2-2024\\\/#primaryimage\"},\"image\":{\"@id\":\"https:\\\/\\\/imker-aigen.at\\\/index.php\\\/2024\\\/02\\\/08\\\/protokoll-der-jahreshauptversammlung-vom-6-2-2024\\\/#primaryimage\"},\"thumbnailUrl\":\"https:\\\/\\\/imker-aigen.at\\\/wp-content\\\/uploads\\\/2024\\\/02\\\/JHV_2024.jpg\",\"datePublished\":\"2024-02-08T18:28:53+00:00\",\"dateModified\":\"2024-12-11T08:11:22+00:00\",\"description\":\"Das Protokoll der Jahreshauptversammlung des Imkervereins Salzburg Aigen vom 6.2.2024\",\"breadcrumb\":{\"@id\":\"https:\\\/\\\/imker-aigen.at\\\/index.php\\\/2024\\\/02\\\/08\\\/protokoll-der-jahreshauptversammlung-vom-6-2-2024\\\/#breadcrumb\"},\"inLanguage\":\"de\",\"potentialAction\":[{\"@type\":\"ReadAction\",\"target\":[\"https:\\\/\\\/imker-aigen.at\\\/index.php\\\/2024\\\/02\\\/08\\\/protokoll-der-jahreshauptversammlung-vom-6-2-2024\\\/\"]}]},{\"@type\":\"ImageObject\",\"inLanguage\":\"de\",\"@id\":\"https:\\\/\\\/imker-aigen.at\\\/index.php\\\/2024\\\/02\\\/08\\\/protokoll-der-jahreshauptversammlung-vom-6-2-2024\\\/#primaryimage\",\"url\":\"https:\\\/\\\/imker-aigen.at\\\/wp-content\\\/uploads\\\/2024\\\/02\\\/JHV_2024.jpg\",\"contentUrl\":\"https:\\\/\\\/imker-aigen.at\\\/wp-content\\\/uploads\\\/2024\\\/02\\\/JHV_2024.jpg\",\"width\":470,\"height\":470},{\"@type\":\"BreadcrumbList\",\"@id\":\"https:\\\/\\\/imker-aigen.at\\\/index.php\\\/2024\\\/02\\\/08\\\/protokoll-der-jahreshauptversammlung-vom-6-2-2024\\\/#breadcrumb\",\"itemListElement\":[{\"@type\":\"ListItem\",\"position\":1,\"name\":\"Startseite\",\"item\":\"https:\\\/\\\/imker-aigen.at\\\/index.php\\\/home\\\/\"},{\"@type\":\"ListItem\",\"position\":2,\"name\":\"Protokoll der Jahreshauptversammlung vom 6.2.2024\"}]},{\"@type\":\"WebSite\",\"@id\":\"https:\\\/\\\/imker-aigen.at\\\/#website\",\"url\":\"https:\\\/\\\/imker-aigen.at\\\/\",\"name\":\"Imker Ortsgruppe Salzburg Aigen\",\"description\":\"Homepage der Imker-Ortsgruppe Salzburg Aigen\",\"publisher\":{\"@id\":\"https:\\\/\\\/imker-aigen.at\\\/#organization\"},\"potentialAction\":[{\"@type\":\"SearchAction\",\"target\":{\"@type\":\"EntryPoint\",\"urlTemplate\":\"https:\\\/\\\/imker-aigen.at\\\/?s={search_term_string}\"},\"query-input\":{\"@type\":\"PropertyValueSpecification\",\"valueRequired\":true,\"valueName\":\"search_term_string\"}}],\"inLanguage\":\"de\"},{\"@type\":\"Organization\",\"@id\":\"https:\\\/\\\/imker-aigen.at\\\/#organization\",\"name\":\"Imker Ortsgruppe Salzburg Aigen\",\"url\":\"https:\\\/\\\/imker-aigen.at\\\/\",\"logo\":{\"@type\":\"ImageObject\",\"inLanguage\":\"de\",\"@id\":\"https:\\\/\\\/imker-aigen.at\\\/#\\\/schema\\\/logo\\\/image\\\/\",\"url\":\"https:\\\/\\\/imker-aigen.at\\\/wp-content\\\/uploads\\\/2022\\\/08\\\/logo-1.png\",\"contentUrl\":\"https:\\\/\\\/imker-aigen.at\\\/wp-content\\\/uploads\\\/2022\\\/08\\\/logo-1.png\",\"width\":392,\"height\":156,\"caption\":\"Imker Ortsgruppe Salzburg Aigen\"},\"image\":{\"@id\":\"https:\\\/\\\/imker-aigen.at\\\/#\\\/schema\\\/logo\\\/image\\\/\"}},{\"@type\":\"Person\",\"@id\":\"https:\\\/\\\/imker-aigen.at\\\/#\\\/schema\\\/person\\\/d7d0c3a8ef6f051d450781218ac83077\",\"name\":\"admin\",\"image\":{\"@type\":\"ImageObject\",\"inLanguage\":\"de\",\"@id\":\"https:\\\/\\\/secure.gravatar.com\\\/avatar\\\/925a7e918efd3cfdae29be9c0018a3ae3275cd0444a6e166241172bb6e5243c7?s=96&d=mm&r=g\",\"url\":\"https:\\\/\\\/secure.gravatar.com\\\/avatar\\\/925a7e918efd3cfdae29be9c0018a3ae3275cd0444a6e166241172bb6e5243c7?s=96&d=mm&r=g\",\"contentUrl\":\"https:\\\/\\\/secure.gravatar.com\\\/avatar\\\/925a7e918efd3cfdae29be9c0018a3ae3275cd0444a6e166241172bb6e5243c7?s=96&d=mm&r=g\",\"caption\":\"admin\"},\"sameAs\":[\"https:\\\/\\\/imker-aigen.at\",\"linkedin.com\\\/in\\\/bernd-meierhofer-5919b62\"],\"url\":\"https:\\\/\\\/imker-aigen.at\\\/index.php\\\/author\\\/bmeierhofer\\\/\"}]}<\/script>\n<!-- \/ Yoast SEO plugin. -->","yoast_head_json":{"title":"Protokoll der Jahreshauptversammlung vom 6.2.2024 - Imker Ortsgruppe Salzburg Aigen","description":"Das Protokoll der Jahreshauptversammlung des Imkervereins Salzburg Aigen vom 6.2.2024","robots":{"index":"index","follow":"follow","max-snippet":"max-snippet:-1","max-image-preview":"max-image-preview:large","max-video-preview":"max-video-preview:-1"},"canonical":"https:\/\/imker-aigen.at\/index.php\/2024\/02\/08\/protokoll-der-jahreshauptversammlung-vom-6-2-2024\/","og_locale":"de_DE","og_type":"article","og_title":"Protokoll der Jahreshauptversammlung vom 6.2.2024 - Imker Ortsgruppe Salzburg Aigen","og_description":"Das Protokoll der Jahreshauptversammlung des Imkervereins Salzburg Aigen vom 6.2.2024","og_url":"https:\/\/imker-aigen.at\/index.php\/2024\/02\/08\/protokoll-der-jahreshauptversammlung-vom-6-2-2024\/","og_site_name":"Imker Ortsgruppe Salzburg Aigen","article_published_time":"2024-02-08T18:28:53+00:00","article_modified_time":"2024-12-11T08:11:22+00:00","og_image":[{"width":470,"height":470,"url":"https:\/\/imker-aigen.at\/wp-content\/uploads\/2024\/02\/JHV_2024.jpg","type":"image\/jpeg"}],"author":"admin","twitter_card":"summary_large_image","twitter_misc":{"Verfasst von":"admin","Gesch\u00e4tzte Lesezeit":"9\u00a0Minuten"},"schema":{"@context":"https:\/\/schema.org","@graph":[{"@type":"Article","@id":"https:\/\/imker-aigen.at\/index.php\/2024\/02\/08\/protokoll-der-jahreshauptversammlung-vom-6-2-2024\/#article","isPartOf":{"@id":"https:\/\/imker-aigen.at\/index.php\/2024\/02\/08\/protokoll-der-jahreshauptversammlung-vom-6-2-2024\/"},"author":{"name":"admin","@id":"https:\/\/imker-aigen.at\/#\/schema\/person\/d7d0c3a8ef6f051d450781218ac83077"},"headline":"Protokoll der Jahreshauptversammlung vom 6.2.2024","datePublished":"2024-02-08T18:28:53+00:00","dateModified":"2024-12-11T08:11:22+00:00","mainEntityOfPage":{"@id":"https:\/\/imker-aigen.at\/index.php\/2024\/02\/08\/protokoll-der-jahreshauptversammlung-vom-6-2-2024\/"},"wordCount":2600,"commentCount":0,"publisher":{"@id":"https:\/\/imker-aigen.at\/#organization"},"image":{"@id":"https:\/\/imker-aigen.at\/index.php\/2024\/02\/08\/protokoll-der-jahreshauptversammlung-vom-6-2-2024\/#primaryimage"},"thumbnailUrl":"https:\/\/imker-aigen.at\/wp-content\/uploads\/2024\/02\/JHV_2024.jpg","articleSection":["Alte Veranstaltungen"],"inLanguage":"de","potentialAction":[{"@type":"CommentAction","name":"Comment","target":["https:\/\/imker-aigen.at\/index.php\/2024\/02\/08\/protokoll-der-jahreshauptversammlung-vom-6-2-2024\/#respond"]}]},{"@type":"WebPage","@id":"https:\/\/imker-aigen.at\/index.php\/2024\/02\/08\/protokoll-der-jahreshauptversammlung-vom-6-2-2024\/","url":"https:\/\/imker-aigen.at\/index.php\/2024\/02\/08\/protokoll-der-jahreshauptversammlung-vom-6-2-2024\/","name":"Protokoll der Jahreshauptversammlung vom 6.2.2024 - Imker Ortsgruppe Salzburg Aigen","isPartOf":{"@id":"https:\/\/imker-aigen.at\/#website"},"primaryImageOfPage":{"@id":"https:\/\/imker-aigen.at\/index.php\/2024\/02\/08\/protokoll-der-jahreshauptversammlung-vom-6-2-2024\/#primaryimage"},"image":{"@id":"https:\/\/imker-aigen.at\/index.php\/2024\/02\/08\/protokoll-der-jahreshauptversammlung-vom-6-2-2024\/#primaryimage"},"thumbnailUrl":"https:\/\/imker-aigen.at\/wp-content\/uploads\/2024\/02\/JHV_2024.jpg","datePublished":"2024-02-08T18:28:53+00:00","dateModified":"2024-12-11T08:11:22+00:00","description":"Das Protokoll der Jahreshauptversammlung des Imkervereins Salzburg Aigen vom 6.2.2024","breadcrumb":{"@id":"https:\/\/imker-aigen.at\/index.php\/2024\/02\/08\/protokoll-der-jahreshauptversammlung-vom-6-2-2024\/#breadcrumb"},"inLanguage":"de","potentialAction":[{"@type":"ReadAction","target":["https:\/\/imker-aigen.at\/index.php\/2024\/02\/08\/protokoll-der-jahreshauptversammlung-vom-6-2-2024\/"]}]},{"@type":"ImageObject","inLanguage":"de","@id":"https:\/\/imker-aigen.at\/index.php\/2024\/02\/08\/protokoll-der-jahreshauptversammlung-vom-6-2-2024\/#primaryimage","url":"https:\/\/imker-aigen.at\/wp-content\/uploads\/2024\/02\/JHV_2024.jpg","contentUrl":"https:\/\/imker-aigen.at\/wp-content\/uploads\/2024\/02\/JHV_2024.jpg","width":470,"height":470},{"@type":"BreadcrumbList","@id":"https:\/\/imker-aigen.at\/index.php\/2024\/02\/08\/protokoll-der-jahreshauptversammlung-vom-6-2-2024\/#breadcrumb","itemListElement":[{"@type":"ListItem","position":1,"name":"Startseite","item":"https:\/\/imker-aigen.at\/index.php\/home\/"},{"@type":"ListItem","position":2,"name":"Protokoll der Jahreshauptversammlung vom 6.2.2024"}]},{"@type":"WebSite","@id":"https:\/\/imker-aigen.at\/#website","url":"https:\/\/imker-aigen.at\/","name":"Imker Ortsgruppe Salzburg Aigen","description":"Homepage der Imker-Ortsgruppe Salzburg Aigen","publisher":{"@id":"https:\/\/imker-aigen.at\/#organization"},"potentialAction":[{"@type":"SearchAction","target":{"@type":"EntryPoint","urlTemplate":"https:\/\/imker-aigen.at\/?s={search_term_string}"},"query-input":{"@type":"PropertyValueSpecification","valueRequired":true,"valueName":"search_term_string"}}],"inLanguage":"de"},{"@type":"Organization","@id":"https:\/\/imker-aigen.at\/#organization","name":"Imker Ortsgruppe Salzburg Aigen","url":"https:\/\/imker-aigen.at\/","logo":{"@type":"ImageObject","inLanguage":"de","@id":"https:\/\/imker-aigen.at\/#\/schema\/logo\/image\/","url":"https:\/\/imker-aigen.at\/wp-content\/uploads\/2022\/08\/logo-1.png","contentUrl":"https:\/\/imker-aigen.at\/wp-content\/uploads\/2022\/08\/logo-1.png","width":392,"height":156,"caption":"Imker Ortsgruppe Salzburg Aigen"},"image":{"@id":"https:\/\/imker-aigen.at\/#\/schema\/logo\/image\/"}},{"@type":"Person","@id":"https:\/\/imker-aigen.at\/#\/schema\/person\/d7d0c3a8ef6f051d450781218ac83077","name":"admin","image":{"@type":"ImageObject","inLanguage":"de","@id":"https:\/\/secure.gravatar.com\/avatar\/925a7e918efd3cfdae29be9c0018a3ae3275cd0444a6e166241172bb6e5243c7?s=96&d=mm&r=g","url":"https:\/\/secure.gravatar.com\/avatar\/925a7e918efd3cfdae29be9c0018a3ae3275cd0444a6e166241172bb6e5243c7?s=96&d=mm&r=g","contentUrl":"https:\/\/secure.gravatar.com\/avatar\/925a7e918efd3cfdae29be9c0018a3ae3275cd0444a6e166241172bb6e5243c7?s=96&d=mm&r=g","caption":"admin"},"sameAs":["https:\/\/imker-aigen.at","linkedin.com\/in\/bernd-meierhofer-5919b62"],"url":"https:\/\/imker-aigen.at\/index.php\/author\/bmeierhofer\/"}]}},"_links":{"self":[{"href":"https:\/\/imker-aigen.at\/index.php\/wp-json\/wp\/v2\/posts\/5106","targetHints":{"allow":["GET"]}}],"collection":[{"href":"https:\/\/imker-aigen.at\/index.php\/wp-json\/wp\/v2\/posts"}],"about":[{"href":"https:\/\/imker-aigen.at\/index.php\/wp-json\/wp\/v2\/types\/post"}],"author":[{"embeddable":true,"href":"https:\/\/imker-aigen.at\/index.php\/wp-json\/wp\/v2\/users\/1"}],"replies":[{"embeddable":true,"href":"https:\/\/imker-aigen.at\/index.php\/wp-json\/wp\/v2\/comments?post=5106"}],"version-history":[{"count":21,"href":"https:\/\/imker-aigen.at\/index.php\/wp-json\/wp\/v2\/posts\/5106\/revisions"}],"predecessor-version":[{"id":5136,"href":"https:\/\/imker-aigen.at\/index.php\/wp-json\/wp\/v2\/posts\/5106\/revisions\/5136"}],"wp:featuredmedia":[{"embeddable":true,"href":"https:\/\/imker-aigen.at\/index.php\/wp-json\/wp\/v2\/media\/5120"}],"wp:attachment":[{"href":"https:\/\/imker-aigen.at\/index.php\/wp-json\/wp\/v2\/media?parent=5106"}],"wp:term":[{"taxonomy":"category","embeddable":true,"href":"https:\/\/imker-aigen.at\/index.php\/wp-json\/wp\/v2\/categories?post=5106"},{"taxonomy":"post_tag","embeddable":true,"href":"https:\/\/imker-aigen.at\/index.php\/wp-json\/wp\/v2\/tags?post=5106"}],"curies":[{"name":"wp","href":"https:\/\/api.w.org\/{rel}","templated":true}]}}