{"id":5159,"date":"2024-02-20T09:14:37","date_gmt":"2024-02-20T08:14:37","guid":{"rendered":"https:\/\/imker-aigen.at\/?p=5159"},"modified":"2024-12-11T09:11:26","modified_gmt":"2024-12-11T08:11:26","slug":"54-fachtagung-des-oesterreichischen-erwerbsimkerbundes","status":"publish","type":"post","link":"https:\/\/imker-aigen.at\/index.php\/2024\/02\/20\/54-fachtagung-des-oesterreichischen-erwerbsimkerbundes\/","title":{"rendered":"54.Fachtagung des \u00d6sterreichischen Erwerbsimkerbundes"},"content":{"rendered":"<div  class='flex_column av-6jqwo7-f63f01f286ed14ddb5b01f4c02597486 av_one_full  avia-builder-el-0  avia-builder-el-no-sibling  first flex_column_div  '     ><p>\n<style type=\"text\/css\" data-created_by=\"avia_inline_auto\" id=\"style-css-av-lsu3xsfv-325d533420fb835105d4333cae47e9ea\">\n.avia-image-container.av-lsu3xsfv-325d533420fb835105d4333cae47e9ea img.avia_image{\nbox-shadow:none;\n}\n.avia-image-container.av-lsu3xsfv-325d533420fb835105d4333cae47e9ea .av-image-caption-overlay-center{\ncolor:#ffffff;\n}\n<\/style>\n<div  class='avia-image-container av-lsu3xsfv-325d533420fb835105d4333cae47e9ea av-styling- avia-align-center  avia-builder-el-1  el_before_av_heading  avia-builder-el-first '   itemprop=\"image\" itemscope=\"itemscope\" itemtype=\"https:\/\/schema.org\/ImageObject\" ><div class=\"avia-image-container-inner\"><div class=\"avia-image-overlay-wrap\"><img decoding=\"async\" fetchpriority=\"high\" class='wp-image-5152 avia-img-lazy-loading-not-5152 avia_image ' src=\"https:\/\/imker-aigen.at\/wp-content\/uploads\/2024\/02\/Erwerbsimker-Fachtagung_2024.jpg\" alt='' title='54. Erwerbsimker Fachtagung 2024'  height=\"110\" width=\"649\"  itemprop=\"thumbnailUrl\" srcset=\"https:\/\/imker-aigen.at\/wp-content\/uploads\/2024\/02\/Erwerbsimker-Fachtagung_2024.jpg 649w, https:\/\/imker-aigen.at\/wp-content\/uploads\/2024\/02\/Erwerbsimker-Fachtagung_2024-300x51.jpg 300w\" sizes=\"(max-width: 649px) 100vw, 649px\" \/><\/div><\/div><\/div><br \/>\n\n<style type=\"text\/css\" data-created_by=\"avia_inline_auto\" id=\"style-css-av-lsu3q81e-3ac64aa0be0cc62d1cea1abe97a0c999\">\n#top .av-special-heading.av-lsu3q81e-3ac64aa0be0cc62d1cea1abe97a0c999{\npadding-bottom:10px;\n}\nbody .av-special-heading.av-lsu3q81e-3ac64aa0be0cc62d1cea1abe97a0c999 .av-special-heading-tag .heading-char{\nfont-size:25px;\n}\n.av-special-heading.av-lsu3q81e-3ac64aa0be0cc62d1cea1abe97a0c999 .av-subheading{\nfont-size:15px;\n}\n<\/style>\n<div  class='av-special-heading av-lsu3q81e-3ac64aa0be0cc62d1cea1abe97a0c999 av-special-heading-h3 blockquote modern-quote modern-centered  avia-builder-el-2  el_after_av_image  el_before_av_hr '><h3 class='av-special-heading-tag '  itemprop=\"headline\"  >Genpool und genetische Diversit\u00e4t bei \u00f6sterreichischen Carnica Zuchtpopulationen<\/h3><div class='av-subheading av-subheading_below'><p>Vortrag von Herrn Dr. Druml am 18.2.2024<\/p>\n<\/div><div class=\"special-heading-border\"><div class=\"special-heading-inner-border\"><\/div><\/div><\/div><br \/>\n\n<style type=\"text\/css\" data-created_by=\"avia_inline_auto\" id=\"style-css-av-lsu3acjb-b76e9aa082fd7531460aac8dbc92d6f3\">\n#top .hr.av-lsu3acjb-b76e9aa082fd7531460aac8dbc92d6f3{\nmargin-top:30px;\nmargin-bottom:30px;\n}\n.hr.av-lsu3acjb-b76e9aa082fd7531460aac8dbc92d6f3 .hr-inner{\nwidth:50px;\nmax-width:45%;\n}\n<\/style>\n<div  class='hr av-lsu3acjb-b76e9aa082fd7531460aac8dbc92d6f3 hr-custom  avia-builder-el-3  el_after_av_heading  el_before_av_textblock  hr-center hr-icon-yes'><span class='hr-inner inner-border-av-border-thin'><span class=\"hr-inner-style\"><\/span><\/span><span class='av-seperator-icon avia-iconfont avia-font-entypo-fontello' data-av_icon='\ue8bf' data-av_iconfont='entypo-fontello' ><\/span><span class='hr-inner inner-border-av-border-thin'><span class=\"hr-inner-style\"><\/span><\/span><\/div><br \/>\n<section  class='av_textblock_section av-lsu3h2up-f7232bacdcda0669424d9d45bd36c400 '   itemscope=\"itemscope\" itemtype=\"https:\/\/schema.org\/BlogPosting\" itemprop=\"blogPost\" ><div class='avia_textblock'  itemprop=\"text\" ><p>Eine Delegation der <a href=\"https:\/\/carnica-zuchtgruppe-salzburg.at\/\">Carnica Zuchtgruppe Salzburg<\/a> besuchte die <a href=\"https:\/\/imker-aigen.at\/index.php\/event\/erwerbsimker-fachtagung-2023-16-18-2-2024-messe-wels\/\">54. Erwerbsimkerfachtagung in Wels<\/a> und h\u00f6rte dort einen sehr interessanten Vortrag von Dr. Thomas Druml zum Thema &#8222;Genpool und genetische Diversit\u00e4t in \u00f6sterreichischen Carnica Zuchtpopulationen&#8220;. Ein Bericht \u00fcber diesen Vortrag wurde nun auf der <a href=\"https:\/\/carnica-zuchtgruppe-salzburg.at\/\">Homepage der Carnica Zuchtgruppe Salzburg<\/a> ver\u00f6ffentlicht.<\/p>\n<h3 class=\"av-special-heading-tag\"><a href=\"https:\/\/carnica-zuchtgruppe-salzburg.at\/index.php\/2024\/02\/19\/genpool-und-genetische-diversitaet-bei-oesterreichischen-carnica-zuchtpopulationen-vortrag-von-herrn-dr-druml\/\">&gt;Genpool und genetische Diversit\u00e4t bei \u00f6sterreichischen Carnica Zuchtpopulationen -Vortrag von Herrn Dr. Druml am 18.2.2024&lt;<\/a><\/h3>\n<p>Die Kernaussagen dieses Vortrages sind:<\/p>\n<ul>\n<li>Die Eigenschaften der verschiedenen Bienenrassen (Diversit\u00e4t) m\u00fcssen erhalten bleiben.<\/li>\n<li>Die Zuchttiere werden in den Carnica Zuchtgruppen ungleichm\u00e4\u00dfig eingesetzt, was zu einer \u00dcberdominanz einzelner Zuchttiere f\u00fchrt.<\/li>\n<li>Die Versorgung mehrerer Belegstellen in einem Bundesland mit den gleichen Carnica-Linien ist zu vermeiden.<\/li>\n<li>Importe und Neo-Gr\u00fcnder verdr\u00e4ngen sukzessive die Genetik der einheimischen Bienenpopulation. Bienenimporte sollten so weit wie m\u00f6glich reduziert bzw. rationalisiert werden.<\/li>\n<li>Kleine lokale Populationen sollten nach M\u00f6glichkeit gest\u00e4rkt werden.<\/li>\n<\/ul>\n<p><strong>F\u00fcr jeden Imker ist es daher ein Gebot der Stunde, beim Kauf von Bienenv\u00f6lkern und K\u00f6niginnen auf einheimische Bienenrassen von lokalen Z\u00fcchtern zu achten. <\/strong><\/p>\n<p><strong>Teile der obigen Punkte (Kontrolle und Reduktion der Importe, Koordination der Belegstellenbeschickung, Schutzgebiete etc.) m\u00fcssen jedoch auf \u00fcbergeordneter Ebene (durch Zuchtvereine und Imkerverb\u00e4nde etc.) geregelt werden, die wir hiermit h\u00f6flichst auffordern, aktiv zu werden.<\/strong><\/p>\n<blockquote>\n<p>\u201cYou cannot get through a single day without having an impact on the world around you. What you do makes a difference, and you have to decide which kind of difference you want to make\u201d. (Dr. Jane Goodall)<\/p>\n<\/blockquote>\n<\/div><\/section><br \/>\n<div  class='av-social-sharing-box av-3hvsev-0e24ce55081d6f6b0110ebb7b5cf630e av-social-sharing-box-default  avia-builder-el-5  el_after_av_textblock  el_before_av_comments_list  av-social-sharing-box-fullwidth'><div class=\"av-share-box\"><h5 class='av-share-link-description av-no-toc '>Eintrag teilen<\/h5><ul class=\"av-share-box-list noLightbox\"><li class='av-share-link av-social-link-facebook avia_social_iconfont' ><a target=\"_blank\" aria-label=\"Teilen auf Facebook\" href='https:\/\/www.facebook.com\/sharer.php?u=https:\/\/imker-aigen.at\/index.php\/2024\/02\/20\/54-fachtagung-des-oesterreichischen-erwerbsimkerbundes\/&#038;t=54.Fachtagung%20des%20%C3%96sterreichischen%20Erwerbsimkerbundes' data-av_icon='\ue8f3' data-av_iconfont='entypo-fontello'  title='' data-avia-related-tooltip='Teilen auf Facebook'><span class='avia_hidden_link_text'>Teilen auf Facebook<\/span><\/a><\/li><li class='av-share-link av-social-link-twitter avia_social_iconfont' ><a target=\"_blank\" aria-label=\"Teilen auf X\" href='https:\/\/twitter.com\/share?text=54.Fachtagung%20des%20%C3%96sterreichischen%20Erwerbsimkerbundes&#038;url=https:\/\/imker-aigen.at\/?p=5159' data-av_icon='\ue932' data-av_iconfont='entypo-fontello'  title='' data-avia-related-tooltip='Teilen auf X'><span class='avia_hidden_link_text'>Teilen auf X<\/span><\/a><\/li><li class='av-share-link av-social-link-whatsapp avia_social_iconfont' ><a target=\"_blank\" aria-label=\"Teilen auf WhatsApp\" href='https:\/\/api.whatsapp.com\/send?text=https:\/\/imker-aigen.at\/index.php\/2024\/02\/20\/54-fachtagung-des-oesterreichischen-erwerbsimkerbundes\/' data-av_icon='\uf232' data-av_iconfont='entypo-fontello'  title='' data-avia-related-tooltip='Teilen auf WhatsApp'><span class='avia_hidden_link_text'>Teilen auf WhatsApp<\/span><\/a><\/li><li class='av-share-link av-social-link-pinterest avia_social_iconfont' ><a target=\"_blank\" aria-label=\"Teilen auf Pinterest\" href='https:\/\/pinterest.com\/pin\/create\/button\/?url=https%3A%2F%2Fimker-aigen.at%2Findex.php%2F2024%2F02%2F20%2F54-fachtagung-des-oesterreichischen-erwerbsimkerbundes%2F&#038;description=54.Fachtagung%20des%20%C3%96sterreichischen%20Erwerbsimkerbundes&#038;media=https%3A%2F%2Fimker-aigen.at%2Fwp-content%2Fuploads%2F2024%2F02%2FFachtagung_Erwerbsimkerbund_2024-705x118.jpg' data-av_icon='\ue8f8' data-av_iconfont='entypo-fontello'  title='' data-avia-related-tooltip='Teilen auf Pinterest'><span class='avia_hidden_link_text'>Teilen auf Pinterest<\/span><\/a><\/li><li class='av-share-link av-social-link-linkedin avia_social_iconfont' ><a target=\"_blank\" aria-label=\"Teilen auf LinkedIn\" href='https:\/\/linkedin.com\/shareArticle?mini=true&#038;title=54.Fachtagung%20des%20%C3%96sterreichischen%20Erwerbsimkerbundes&#038;url=https:\/\/imker-aigen.at\/index.php\/2024\/02\/20\/54-fachtagung-des-oesterreichischen-erwerbsimkerbundes\/' data-av_icon='\ue8fc' data-av_iconfont='entypo-fontello'  title='' data-avia-related-tooltip='Teilen auf LinkedIn'><span class='avia_hidden_link_text'>Teilen auf LinkedIn<\/span><\/a><\/li><li class='av-share-link av-social-link-reddit avia_social_iconfont' ><a target=\"_blank\" aria-label=\"Teilen auf Reddit\" href='https:\/\/reddit.com\/submit?url=https:\/\/imker-aigen.at\/index.php\/2024\/02\/20\/54-fachtagung-des-oesterreichischen-erwerbsimkerbundes\/&#038;title=54.Fachtagung%20des%20%C3%96sterreichischen%20Erwerbsimkerbundes' data-av_icon='\ue927' data-av_iconfont='entypo-fontello'  title='' data-avia-related-tooltip='Teilen auf Reddit'><span class='avia_hidden_link_text'>Teilen auf Reddit<\/span><\/a><\/li><li class='av-share-link av-social-link-mail avia_social_iconfont' ><a  aria-label=\"Per E-Mail teilen\" href='mailto:?subject=54.Fachtagung%20des%20%C3%96sterreichischen%20Erwerbsimkerbundes&#038;body=https:\/\/imker-aigen.at\/index.php\/2024\/02\/20\/54-fachtagung-des-oesterreichischen-erwerbsimkerbundes\/' data-av_icon='\ue805' data-av_iconfont='entypo-fontello'  title='' data-avia-related-tooltip='Per E-Mail teilen'><span class='avia_hidden_link_text'>Per E-Mail teilen<\/span><\/a><\/li><\/ul><\/div><\/div><br \/>\n<div  class='av-buildercomment av-2aqahj-2495672ee7ab362e9e795427e3702cc5'><\/div><\/p><\/div>\n","protected":false},"excerpt":{"rendered":"","protected":false},"author":1,"featured_media":5166,"comment_status":"open","ping_status":"closed","sticky":false,"template":"","format":"standard","meta":{"footnotes":""},"categories":[18],"tags":[],"class_list":["post-5159","post","type-post","status-publish","format-standard","has-post-thumbnail","hentry","category-alte-veranstaltungen"],"yoast_head":"<!-- This site is optimized with the Yoast SEO plugin v27.4 - https:\/\/yoast.com\/product\/yoast-seo-wordpress\/ -->\n<title>54.Fachtagung des \u00d6sterreichischen Erwerbsimkerbundes - Imker Ortsgruppe Salzburg Aigen<\/title>\n<meta name=\"description\" content=\"Bericht \u00fcber den Vortrag von Dr. Druml: Genpool und genetische Diversit\u00e4t bei \u00f6sterreichischen Carnica Zuchtpopulationen\" \/>\n<meta name=\"robots\" content=\"index, follow, max-snippet:-1, max-image-preview:large, max-video-preview:-1\" \/>\n<link rel=\"canonical\" href=\"https:\/\/imker-aigen.at\/index.php\/2024\/02\/20\/54-fachtagung-des-oesterreichischen-erwerbsimkerbundes\/\" \/>\n<meta property=\"og:locale\" content=\"de_DE\" \/>\n<meta property=\"og:type\" content=\"article\" \/>\n<meta property=\"og:title\" content=\"54.Fachtagung des \u00d6sterreichischen Erwerbsimkerbundes - Imker Ortsgruppe Salzburg Aigen\" \/>\n<meta property=\"og:description\" content=\"Bericht \u00fcber den Vortrag von Dr. Druml: Genpool und genetische Diversit\u00e4t bei \u00f6sterreichischen Carnica Zuchtpopulationen\" \/>\n<meta property=\"og:url\" content=\"https:\/\/imker-aigen.at\/index.php\/2024\/02\/20\/54-fachtagung-des-oesterreichischen-erwerbsimkerbundes\/\" \/>\n<meta property=\"og:site_name\" content=\"Imker Ortsgruppe Salzburg Aigen\" \/>\n<meta property=\"article:published_time\" content=\"2024-02-20T08:14:37+00:00\" \/>\n<meta property=\"article:modified_time\" content=\"2024-12-11T08:11:26+00:00\" \/>\n<meta property=\"og:image\" content=\"https:\/\/imker-aigen.at\/wp-content\/uploads\/2024\/02\/Fachtagung_Erwerbsimkerbund_2024.jpg\" \/>\n\t<meta property=\"og:image:width\" content=\"1024\" \/>\n\t<meta property=\"og:image:height\" content=\"171\" \/>\n\t<meta property=\"og:image:type\" content=\"image\/jpeg\" \/>\n<meta name=\"author\" content=\"admin\" \/>\n<meta name=\"twitter:card\" content=\"summary_large_image\" \/>\n<meta name=\"twitter:label1\" content=\"Verfasst von\" \/>\n\t<meta name=\"twitter:data1\" content=\"admin\" \/>\n\t<meta name=\"twitter:label2\" content=\"Gesch\u00e4tzte Lesezeit\" \/>\n\t<meta name=\"twitter:data2\" content=\"2\u00a0Minuten\" \/>\n<script type=\"application\/ld+json\" class=\"yoast-schema-graph\">{\"@context\":\"https:\\\/\\\/schema.org\",\"@graph\":[{\"@type\":\"Article\",\"@id\":\"https:\\\/\\\/imker-aigen.at\\\/index.php\\\/2024\\\/02\\\/20\\\/54-fachtagung-des-oesterreichischen-erwerbsimkerbundes\\\/#article\",\"isPartOf\":{\"@id\":\"https:\\\/\\\/imker-aigen.at\\\/index.php\\\/2024\\\/02\\\/20\\\/54-fachtagung-des-oesterreichischen-erwerbsimkerbundes\\\/\"},\"author\":{\"name\":\"admin\",\"@id\":\"https:\\\/\\\/imker-aigen.at\\\/#\\\/schema\\\/person\\\/d7d0c3a8ef6f051d450781218ac83077\"},\"headline\":\"54.Fachtagung des \u00d6sterreichischen Erwerbsimkerbundes\",\"datePublished\":\"2024-02-20T08:14:37+00:00\",\"dateModified\":\"2024-12-11T08:11:26+00:00\",\"mainEntityOfPage\":{\"@id\":\"https:\\\/\\\/imker-aigen.at\\\/index.php\\\/2024\\\/02\\\/20\\\/54-fachtagung-des-oesterreichischen-erwerbsimkerbundes\\\/\"},\"wordCount\":1254,\"commentCount\":0,\"publisher\":{\"@id\":\"https:\\\/\\\/imker-aigen.at\\\/#organization\"},\"image\":{\"@id\":\"https:\\\/\\\/imker-aigen.at\\\/index.php\\\/2024\\\/02\\\/20\\\/54-fachtagung-des-oesterreichischen-erwerbsimkerbundes\\\/#primaryimage\"},\"thumbnailUrl\":\"https:\\\/\\\/imker-aigen.at\\\/wp-content\\\/uploads\\\/2024\\\/02\\\/Fachtagung_Erwerbsimkerbund_2024.jpg\",\"articleSection\":[\"Alte Veranstaltungen\"],\"inLanguage\":\"de\",\"potentialAction\":[{\"@type\":\"CommentAction\",\"name\":\"Comment\",\"target\":[\"https:\\\/\\\/imker-aigen.at\\\/index.php\\\/2024\\\/02\\\/20\\\/54-fachtagung-des-oesterreichischen-erwerbsimkerbundes\\\/#respond\"]}]},{\"@type\":\"WebPage\",\"@id\":\"https:\\\/\\\/imker-aigen.at\\\/index.php\\\/2024\\\/02\\\/20\\\/54-fachtagung-des-oesterreichischen-erwerbsimkerbundes\\\/\",\"url\":\"https:\\\/\\\/imker-aigen.at\\\/index.php\\\/2024\\\/02\\\/20\\\/54-fachtagung-des-oesterreichischen-erwerbsimkerbundes\\\/\",\"name\":\"54.Fachtagung des \u00d6sterreichischen Erwerbsimkerbundes - Imker Ortsgruppe Salzburg Aigen\",\"isPartOf\":{\"@id\":\"https:\\\/\\\/imker-aigen.at\\\/#website\"},\"primaryImageOfPage\":{\"@id\":\"https:\\\/\\\/imker-aigen.at\\\/index.php\\\/2024\\\/02\\\/20\\\/54-fachtagung-des-oesterreichischen-erwerbsimkerbundes\\\/#primaryimage\"},\"image\":{\"@id\":\"https:\\\/\\\/imker-aigen.at\\\/index.php\\\/2024\\\/02\\\/20\\\/54-fachtagung-des-oesterreichischen-erwerbsimkerbundes\\\/#primaryimage\"},\"thumbnailUrl\":\"https:\\\/\\\/imker-aigen.at\\\/wp-content\\\/uploads\\\/2024\\\/02\\\/Fachtagung_Erwerbsimkerbund_2024.jpg\",\"datePublished\":\"2024-02-20T08:14:37+00:00\",\"dateModified\":\"2024-12-11T08:11:26+00:00\",\"description\":\"Bericht \u00fcber den Vortrag von Dr. Druml: Genpool und genetische Diversit\u00e4t bei \u00f6sterreichischen Carnica Zuchtpopulationen\",\"breadcrumb\":{\"@id\":\"https:\\\/\\\/imker-aigen.at\\\/index.php\\\/2024\\\/02\\\/20\\\/54-fachtagung-des-oesterreichischen-erwerbsimkerbundes\\\/#breadcrumb\"},\"inLanguage\":\"de\",\"potentialAction\":[{\"@type\":\"ReadAction\",\"target\":[\"https:\\\/\\\/imker-aigen.at\\\/index.php\\\/2024\\\/02\\\/20\\\/54-fachtagung-des-oesterreichischen-erwerbsimkerbundes\\\/\"]}]},{\"@type\":\"ImageObject\",\"inLanguage\":\"de\",\"@id\":\"https:\\\/\\\/imker-aigen.at\\\/index.php\\\/2024\\\/02\\\/20\\\/54-fachtagung-des-oesterreichischen-erwerbsimkerbundes\\\/#primaryimage\",\"url\":\"https:\\\/\\\/imker-aigen.at\\\/wp-content\\\/uploads\\\/2024\\\/02\\\/Fachtagung_Erwerbsimkerbund_2024.jpg\",\"contentUrl\":\"https:\\\/\\\/imker-aigen.at\\\/wp-content\\\/uploads\\\/2024\\\/02\\\/Fachtagung_Erwerbsimkerbund_2024.jpg\",\"width\":1024,\"height\":171},{\"@type\":\"BreadcrumbList\",\"@id\":\"https:\\\/\\\/imker-aigen.at\\\/index.php\\\/2024\\\/02\\\/20\\\/54-fachtagung-des-oesterreichischen-erwerbsimkerbundes\\\/#breadcrumb\",\"itemListElement\":[{\"@type\":\"ListItem\",\"position\":1,\"name\":\"Startseite\",\"item\":\"https:\\\/\\\/imker-aigen.at\\\/index.php\\\/home\\\/\"},{\"@type\":\"ListItem\",\"position\":2,\"name\":\"54.Fachtagung des \u00d6sterreichischen Erwerbsimkerbundes\"}]},{\"@type\":\"WebSite\",\"@id\":\"https:\\\/\\\/imker-aigen.at\\\/#website\",\"url\":\"https:\\\/\\\/imker-aigen.at\\\/\",\"name\":\"Imker Ortsgruppe Salzburg Aigen\",\"description\":\"Homepage der Imker-Ortsgruppe Salzburg Aigen\",\"publisher\":{\"@id\":\"https:\\\/\\\/imker-aigen.at\\\/#organization\"},\"potentialAction\":[{\"@type\":\"SearchAction\",\"target\":{\"@type\":\"EntryPoint\",\"urlTemplate\":\"https:\\\/\\\/imker-aigen.at\\\/?s={search_term_string}\"},\"query-input\":{\"@type\":\"PropertyValueSpecification\",\"valueRequired\":true,\"valueName\":\"search_term_string\"}}],\"inLanguage\":\"de\"},{\"@type\":\"Organization\",\"@id\":\"https:\\\/\\\/imker-aigen.at\\\/#organization\",\"name\":\"Imker Ortsgruppe Salzburg Aigen\",\"url\":\"https:\\\/\\\/imker-aigen.at\\\/\",\"logo\":{\"@type\":\"ImageObject\",\"inLanguage\":\"de\",\"@id\":\"https:\\\/\\\/imker-aigen.at\\\/#\\\/schema\\\/logo\\\/image\\\/\",\"url\":\"https:\\\/\\\/imker-aigen.at\\\/wp-content\\\/uploads\\\/2022\\\/08\\\/logo-1.png\",\"contentUrl\":\"https:\\\/\\\/imker-aigen.at\\\/wp-content\\\/uploads\\\/2022\\\/08\\\/logo-1.png\",\"width\":392,\"height\":156,\"caption\":\"Imker Ortsgruppe Salzburg Aigen\"},\"image\":{\"@id\":\"https:\\\/\\\/imker-aigen.at\\\/#\\\/schema\\\/logo\\\/image\\\/\"}},{\"@type\":\"Person\",\"@id\":\"https:\\\/\\\/imker-aigen.at\\\/#\\\/schema\\\/person\\\/d7d0c3a8ef6f051d450781218ac83077\",\"name\":\"admin\",\"image\":{\"@type\":\"ImageObject\",\"inLanguage\":\"de\",\"@id\":\"https:\\\/\\\/secure.gravatar.com\\\/avatar\\\/925a7e918efd3cfdae29be9c0018a3ae3275cd0444a6e166241172bb6e5243c7?s=96&d=mm&r=g\",\"url\":\"https:\\\/\\\/secure.gravatar.com\\\/avatar\\\/925a7e918efd3cfdae29be9c0018a3ae3275cd0444a6e166241172bb6e5243c7?s=96&d=mm&r=g\",\"contentUrl\":\"https:\\\/\\\/secure.gravatar.com\\\/avatar\\\/925a7e918efd3cfdae29be9c0018a3ae3275cd0444a6e166241172bb6e5243c7?s=96&d=mm&r=g\",\"caption\":\"admin\"},\"sameAs\":[\"https:\\\/\\\/imker-aigen.at\",\"linkedin.com\\\/in\\\/bernd-meierhofer-5919b62\"],\"url\":\"https:\\\/\\\/imker-aigen.at\\\/index.php\\\/author\\\/bmeierhofer\\\/\"}]}<\/script>\n<!-- \/ Yoast SEO plugin. -->","yoast_head_json":{"title":"54.Fachtagung des \u00d6sterreichischen Erwerbsimkerbundes - Imker Ortsgruppe Salzburg Aigen","description":"Bericht \u00fcber den Vortrag von Dr. Druml: Genpool und genetische Diversit\u00e4t bei \u00f6sterreichischen Carnica Zuchtpopulationen","robots":{"index":"index","follow":"follow","max-snippet":"max-snippet:-1","max-image-preview":"max-image-preview:large","max-video-preview":"max-video-preview:-1"},"canonical":"https:\/\/imker-aigen.at\/index.php\/2024\/02\/20\/54-fachtagung-des-oesterreichischen-erwerbsimkerbundes\/","og_locale":"de_DE","og_type":"article","og_title":"54.Fachtagung des \u00d6sterreichischen Erwerbsimkerbundes - Imker Ortsgruppe Salzburg Aigen","og_description":"Bericht \u00fcber den Vortrag von Dr. Druml: Genpool und genetische Diversit\u00e4t bei \u00f6sterreichischen Carnica Zuchtpopulationen","og_url":"https:\/\/imker-aigen.at\/index.php\/2024\/02\/20\/54-fachtagung-des-oesterreichischen-erwerbsimkerbundes\/","og_site_name":"Imker Ortsgruppe Salzburg Aigen","article_published_time":"2024-02-20T08:14:37+00:00","article_modified_time":"2024-12-11T08:11:26+00:00","og_image":[{"width":1024,"height":171,"url":"https:\/\/imker-aigen.at\/wp-content\/uploads\/2024\/02\/Fachtagung_Erwerbsimkerbund_2024.jpg","type":"image\/jpeg"}],"author":"admin","twitter_card":"summary_large_image","twitter_misc":{"Verfasst von":"admin","Gesch\u00e4tzte Lesezeit":"2\u00a0Minuten"},"schema":{"@context":"https:\/\/schema.org","@graph":[{"@type":"Article","@id":"https:\/\/imker-aigen.at\/index.php\/2024\/02\/20\/54-fachtagung-des-oesterreichischen-erwerbsimkerbundes\/#article","isPartOf":{"@id":"https:\/\/imker-aigen.at\/index.php\/2024\/02\/20\/54-fachtagung-des-oesterreichischen-erwerbsimkerbundes\/"},"author":{"name":"admin","@id":"https:\/\/imker-aigen.at\/#\/schema\/person\/d7d0c3a8ef6f051d450781218ac83077"},"headline":"54.Fachtagung des \u00d6sterreichischen Erwerbsimkerbundes","datePublished":"2024-02-20T08:14:37+00:00","dateModified":"2024-12-11T08:11:26+00:00","mainEntityOfPage":{"@id":"https:\/\/imker-aigen.at\/index.php\/2024\/02\/20\/54-fachtagung-des-oesterreichischen-erwerbsimkerbundes\/"},"wordCount":1254,"commentCount":0,"publisher":{"@id":"https:\/\/imker-aigen.at\/#organization"},"image":{"@id":"https:\/\/imker-aigen.at\/index.php\/2024\/02\/20\/54-fachtagung-des-oesterreichischen-erwerbsimkerbundes\/#primaryimage"},"thumbnailUrl":"https:\/\/imker-aigen.at\/wp-content\/uploads\/2024\/02\/Fachtagung_Erwerbsimkerbund_2024.jpg","articleSection":["Alte Veranstaltungen"],"inLanguage":"de","potentialAction":[{"@type":"CommentAction","name":"Comment","target":["https:\/\/imker-aigen.at\/index.php\/2024\/02\/20\/54-fachtagung-des-oesterreichischen-erwerbsimkerbundes\/#respond"]}]},{"@type":"WebPage","@id":"https:\/\/imker-aigen.at\/index.php\/2024\/02\/20\/54-fachtagung-des-oesterreichischen-erwerbsimkerbundes\/","url":"https:\/\/imker-aigen.at\/index.php\/2024\/02\/20\/54-fachtagung-des-oesterreichischen-erwerbsimkerbundes\/","name":"54.Fachtagung des \u00d6sterreichischen Erwerbsimkerbundes - Imker Ortsgruppe Salzburg Aigen","isPartOf":{"@id":"https:\/\/imker-aigen.at\/#website"},"primaryImageOfPage":{"@id":"https:\/\/imker-aigen.at\/index.php\/2024\/02\/20\/54-fachtagung-des-oesterreichischen-erwerbsimkerbundes\/#primaryimage"},"image":{"@id":"https:\/\/imker-aigen.at\/index.php\/2024\/02\/20\/54-fachtagung-des-oesterreichischen-erwerbsimkerbundes\/#primaryimage"},"thumbnailUrl":"https:\/\/imker-aigen.at\/wp-content\/uploads\/2024\/02\/Fachtagung_Erwerbsimkerbund_2024.jpg","datePublished":"2024-02-20T08:14:37+00:00","dateModified":"2024-12-11T08:11:26+00:00","description":"Bericht \u00fcber den Vortrag von Dr. Druml: Genpool und genetische Diversit\u00e4t bei \u00f6sterreichischen Carnica Zuchtpopulationen","breadcrumb":{"@id":"https:\/\/imker-aigen.at\/index.php\/2024\/02\/20\/54-fachtagung-des-oesterreichischen-erwerbsimkerbundes\/#breadcrumb"},"inLanguage":"de","potentialAction":[{"@type":"ReadAction","target":["https:\/\/imker-aigen.at\/index.php\/2024\/02\/20\/54-fachtagung-des-oesterreichischen-erwerbsimkerbundes\/"]}]},{"@type":"ImageObject","inLanguage":"de","@id":"https:\/\/imker-aigen.at\/index.php\/2024\/02\/20\/54-fachtagung-des-oesterreichischen-erwerbsimkerbundes\/#primaryimage","url":"https:\/\/imker-aigen.at\/wp-content\/uploads\/2024\/02\/Fachtagung_Erwerbsimkerbund_2024.jpg","contentUrl":"https:\/\/imker-aigen.at\/wp-content\/uploads\/2024\/02\/Fachtagung_Erwerbsimkerbund_2024.jpg","width":1024,"height":171},{"@type":"BreadcrumbList","@id":"https:\/\/imker-aigen.at\/index.php\/2024\/02\/20\/54-fachtagung-des-oesterreichischen-erwerbsimkerbundes\/#breadcrumb","itemListElement":[{"@type":"ListItem","position":1,"name":"Startseite","item":"https:\/\/imker-aigen.at\/index.php\/home\/"},{"@type":"ListItem","position":2,"name":"54.Fachtagung des \u00d6sterreichischen Erwerbsimkerbundes"}]},{"@type":"WebSite","@id":"https:\/\/imker-aigen.at\/#website","url":"https:\/\/imker-aigen.at\/","name":"Imker Ortsgruppe Salzburg Aigen","description":"Homepage der Imker-Ortsgruppe Salzburg Aigen","publisher":{"@id":"https:\/\/imker-aigen.at\/#organization"},"potentialAction":[{"@type":"SearchAction","target":{"@type":"EntryPoint","urlTemplate":"https:\/\/imker-aigen.at\/?s={search_term_string}"},"query-input":{"@type":"PropertyValueSpecification","valueRequired":true,"valueName":"search_term_string"}}],"inLanguage":"de"},{"@type":"Organization","@id":"https:\/\/imker-aigen.at\/#organization","name":"Imker Ortsgruppe Salzburg Aigen","url":"https:\/\/imker-aigen.at\/","logo":{"@type":"ImageObject","inLanguage":"de","@id":"https:\/\/imker-aigen.at\/#\/schema\/logo\/image\/","url":"https:\/\/imker-aigen.at\/wp-content\/uploads\/2022\/08\/logo-1.png","contentUrl":"https:\/\/imker-aigen.at\/wp-content\/uploads\/2022\/08\/logo-1.png","width":392,"height":156,"caption":"Imker Ortsgruppe Salzburg Aigen"},"image":{"@id":"https:\/\/imker-aigen.at\/#\/schema\/logo\/image\/"}},{"@type":"Person","@id":"https:\/\/imker-aigen.at\/#\/schema\/person\/d7d0c3a8ef6f051d450781218ac83077","name":"admin","image":{"@type":"ImageObject","inLanguage":"de","@id":"https:\/\/secure.gravatar.com\/avatar\/925a7e918efd3cfdae29be9c0018a3ae3275cd0444a6e166241172bb6e5243c7?s=96&d=mm&r=g","url":"https:\/\/secure.gravatar.com\/avatar\/925a7e918efd3cfdae29be9c0018a3ae3275cd0444a6e166241172bb6e5243c7?s=96&d=mm&r=g","contentUrl":"https:\/\/secure.gravatar.com\/avatar\/925a7e918efd3cfdae29be9c0018a3ae3275cd0444a6e166241172bb6e5243c7?s=96&d=mm&r=g","caption":"admin"},"sameAs":["https:\/\/imker-aigen.at","linkedin.com\/in\/bernd-meierhofer-5919b62"],"url":"https:\/\/imker-aigen.at\/index.php\/author\/bmeierhofer\/"}]}},"_links":{"self":[{"href":"https:\/\/imker-aigen.at\/index.php\/wp-json\/wp\/v2\/posts\/5159","targetHints":{"allow":["GET"]}}],"collection":[{"href":"https:\/\/imker-aigen.at\/index.php\/wp-json\/wp\/v2\/posts"}],"about":[{"href":"https:\/\/imker-aigen.at\/index.php\/wp-json\/wp\/v2\/types\/post"}],"author":[{"embeddable":true,"href":"https:\/\/imker-aigen.at\/index.php\/wp-json\/wp\/v2\/users\/1"}],"replies":[{"embeddable":true,"href":"https:\/\/imker-aigen.at\/index.php\/wp-json\/wp\/v2\/comments?post=5159"}],"version-history":[{"count":7,"href":"https:\/\/imker-aigen.at\/index.php\/wp-json\/wp\/v2\/posts\/5159\/revisions"}],"predecessor-version":[{"id":5168,"href":"https:\/\/imker-aigen.at\/index.php\/wp-json\/wp\/v2\/posts\/5159\/revisions\/5168"}],"wp:featuredmedia":[{"embeddable":true,"href":"https:\/\/imker-aigen.at\/index.php\/wp-json\/wp\/v2\/media\/5166"}],"wp:attachment":[{"href":"https:\/\/imker-aigen.at\/index.php\/wp-json\/wp\/v2\/media?parent=5159"}],"wp:term":[{"taxonomy":"category","embeddable":true,"href":"https:\/\/imker-aigen.at\/index.php\/wp-json\/wp\/v2\/categories?post=5159"},{"taxonomy":"post_tag","embeddable":true,"href":"https:\/\/imker-aigen.at\/index.php\/wp-json\/wp\/v2\/tags?post=5159"}],"curies":[{"name":"wp","href":"https:\/\/api.w.org\/{rel}","templated":true}]}}