{"id":5454,"date":"2024-03-22T19:00:49","date_gmt":"2024-03-22T18:00:49","guid":{"rendered":"https:\/\/imker-aigen.at\/?p=5454"},"modified":"2024-12-11T09:12:41","modified_gmt":"2024-12-11T08:12:41","slug":"jahreshauptversammlung-des-imkerverein-teisendorf-anger-am-22-3-2024","status":"publish","type":"post","link":"https:\/\/imker-aigen.at\/index.php\/2024\/03\/22\/jahreshauptversammlung-des-imkerverein-teisendorf-anger-am-22-3-2024\/","title":{"rendered":"Jahreshauptversammlung des Imkervereins Teisendorf-Anger am 22.3.2024"},"content":{"rendered":"<div  class='flex_column av-55okn2-ecd7934c4a21a3b0d6259c6214ccb1a7 av_one_full  avia-builder-el-0  avia-builder-el-no-sibling  first flex_column_div  '     ><p>\n<style type=\"text\/css\" data-created_by=\"avia_inline_auto\" id=\"style-css-av-lu5ac2zi-a7300f44e6f733e2175a8efd53b555ca\">\n#top .av-special-heading.av-lu5ac2zi-a7300f44e6f733e2175a8efd53b555ca{\npadding-bottom:10px;\n}\nbody .av-special-heading.av-lu5ac2zi-a7300f44e6f733e2175a8efd53b555ca .av-special-heading-tag .heading-char{\nfont-size:25px;\n}\n.av-special-heading.av-lu5ac2zi-a7300f44e6f733e2175a8efd53b555ca .av-subheading{\nfont-size:15px;\n}\n<\/style>\n<div  class='av-special-heading av-lu5ac2zi-a7300f44e6f733e2175a8efd53b555ca av-special-heading-h3 blockquote modern-quote modern-centered  avia-builder-el-1  el_before_av_hr  avia-builder-el-first '><h3 class='av-special-heading-tag '  itemprop=\"headline\"  >Jahreshauptversammlung des Imkervereins Teisendorf-Anger am 22.3.2024<\/h3><div class='av-subheading av-subheading_below'><p>Vortrag von Dr. Hannes Beims \u00fcber &#8222;Aktuelles aus der Fachberatung Imkerei&#8220;<\/p>\n<\/div><div class=\"special-heading-border\"><div class=\"special-heading-inner-border\"><\/div><\/div><\/div><br \/>\n\n<style type=\"text\/css\" data-created_by=\"avia_inline_auto\" id=\"style-css-av-lu5a9qyh-b9996b996e679ae6a1c78e649d9e241e\">\n#top .hr.av-lu5a9qyh-b9996b996e679ae6a1c78e649d9e241e{\nmargin-top:30px;\nmargin-bottom:30px;\n}\n.hr.av-lu5a9qyh-b9996b996e679ae6a1c78e649d9e241e .hr-inner{\nwidth:50px;\nmax-width:45%;\n}\n<\/style>\n<div  class='hr av-lu5a9qyh-b9996b996e679ae6a1c78e649d9e241e hr-custom  avia-builder-el-2  el_after_av_heading  el_before_av_textblock  hr-center hr-icon-yes'><span class='hr-inner inner-border-av-border-thin'><span class=\"hr-inner-style\"><\/span><\/span><span class='av-seperator-icon avia-iconfont avia-font-entypo-fontello' data-av_icon='\ue8bf' data-av_iconfont='entypo-fontello' ><\/span><span class='hr-inner inner-border-av-border-thin'><span class=\"hr-inner-style\"><\/span><\/span><\/div><br \/>\n<section  class='av_textblock_section av-lu5adnz4-da6310297895ab24680a6e5f363af422 '   itemscope=\"itemscope\" itemtype=\"https:\/\/schema.org\/BlogPosting\" itemprop=\"blogPost\" ><div class='avia_textblock'  itemprop=\"text\" ><p>Autor: Bernd Meierhofer<\/p>\n<h2><a href=\"https:\/\/imkerverein-teisendorf-anger.de\/\">Der Imkerverein Teisendorf-Anger e.V.<\/a><\/h2>\n<p>Der <a href=\"https:\/\/imkerverein-teisendorf-anger.de\/\">Imkerverein Teisendorf-Anger e.V.<\/a> lud am 22.3.2024 zur Jahreshauptversammlung in das <a href=\"https:\/\/www.landgasthof-helminger.de\/\">Landgasthaus Helminger in R\u00fcckstetten<\/a> ein. Da der Imkerverein Teisendorf-Anger ein sehr gro\u00dfer (ca. 120 Mitglieder) und sehr aktiver Verein ist, war der Saal im Gasthaus voll besetzt.<\/p>\n<p>Der R\u00fcckblick auf das Jahr 2023 zeigt: Der Verein hat zahlreiche Fortbildungen (Vortrag zum Thema \u201eangepasster Brutraum\u201c (Reiner Schwarz), Waldtracht (Ernst Tiefenthaler) und Oxymel (Maria Aicher)) und Veranstaltungen (Stand beim Andreasmarkt, Ambrosiusfeier, Teilnahme beim Gautrachtenfest, Besichtigung der Molkerei) durchgef\u00fchrt. Da der Verein aber auch einen Lehrbienenstand betreibt, den Vereinsmitgliedern Leihger\u00e4te zur Verf\u00fcgung stellt, Neueinsteigern ein \u201eImkern auf Probe\u201c erm\u00f6glicht und sich auch um die Abgabe von Zuchtstoff bzw. Weiselzellen und K\u00f6niginnen (Carnica-K\u00f6niginnen mit <a href=\"https:\/\/www2.hu-berlin.de\/beebreed\/ZWS\/\">Beebreed<\/a>-Zertifikat) k\u00fcmmert, muss man dem Verein h\u00f6chsten Respekt zollen.<\/p>\n<blockquote>\n<p>Nur wenige Imkervereine bieten ihren Mitgliedern ein solches Leistungsspektrum.<\/p>\n<\/blockquote>\n<\/div><\/section><br \/>\n<section  class='av_textblock_section av-lu5ak0sd-9da9e950b4170eca659dda707f5b7b1f '   itemscope=\"itemscope\" itemtype=\"https:\/\/schema.org\/BlogPosting\" itemprop=\"blogPost\" ><div class='avia_textblock'  itemprop=\"text\" ><h2>Fachvortrag von Dr. Hannes Beims<\/h2>\n<p>Wie bei Jahreshauptversammlungen \u00fcblich, gab es auch einen Fachvortrag. Diesmal berichtete Dr. Hannes Beims \u00fcber &#8222;Aktuelles aus der Fachberatung Imkerei&#8220;. Herr Beims ist seit 2022 Leiter der <a href=\"https:\/\/www.bezirk-oberbayern.de\/Umwelt\/Fachberatung-f%C3%BCr-Imkerei\">Fachberatung f\u00fcr Imkerei des Bezirks Oberbayern<\/a>. Das Aufgabengebiet von Herrn Beims reicht von der Beratung der oberbayerischen Imker \u00fcber den Betrieb einer Imkerschule und die F\u00f6rderung der Imkerei bis hin zu Gutachten und Stellungnahmen zu allen Fragen der Imkerei. Hier k\u00f6nnte man vielleicht auch in \u00d6sterreich pr\u00fcfen, ob eine solche Einrichtung nicht sinnvoll w\u00e4re bzw. welche der bestehenden Organisationen ein \u00e4hnliches Aufgabenspektrum erf\u00fcllen k\u00f6nnte.<\/p>\n<p>Seinen Vortrag startete Herr Dr. Beims zun\u00e4chst mit ein paar Zahlen zur Fachberatung Imkerei (Personal im Jahr 2023 und Honigernte 2023). Beeindruckend waren aber vor allem die Zahlen zur K\u00f6niginnenzucht. So gab es beispielsweise im neu gegr\u00fcndeten Fachzentrum Fisch &#038; Biene am <a href=\"https:\/\/www.kloster-seeon.de\/\">Kloster Seeon<\/a> im Jahr 2023 bereits 1328 Carnica-Zuchstoffabgaben.<\/p>\n<h3>Die Varroa und die Bienenviren<\/h3>\n<p>Herr Beims ging dann n\u00e4her auf das Hauptproblem der Imkerei ein: Die Varroamilbe und die Zunahme der durch sie verursachten Virussch\u00e4den. Beim Fl\u00fcgeldeformationsvirus (<strong>D<\/strong>eformed <strong>W<\/strong>ing <strong>V<\/strong>irus) gibt es bereits neue Varianten. Bienen mit deformierten Fl\u00fcgeln w\u00e4ren ein deutlich erkennbarer Schaden f\u00fcr die Bienen. DWV kann aber auch einfach dazu f\u00fchren, dass die Bienen viel k\u00fcrzer leben und ein Bienenvolk langsam und unbemerkt abstirbt. Mehr als 90% der Winterverluste k\u00f6nnen bereits auf solche sekund\u00e4re Varroa-Sch\u00e4den (DWV) zur\u00fcckgef\u00fchrt werden.<\/p>\n<p>Dr. Beims erl\u00e4uterte dann kurz den Unterschied zwischen Varroaresistenz und Varroatoleranz (Varroatoleranz: die Biene kann mit dem Schaden, der durch die Milbe hervorgerufen wird zurechtkommen, ohne dass es zu erheblichen Beeintr\u00e4chtigungen des Bienenvolkes kommt; Varroaresistenz: die Biene kann nicht mehr durch den Wirt gesch\u00e4digt werden, beispielsweise weil die Puppenphase so reduziert ist, dass die Milbe sich darin nicht mehr vermehren kann.). Wenn Imker auf eine Varroaresistenz ihrer westlichen Honigbienen hoffen, werden sie es in ihrem kurzen Leben nicht mehr erleben. Solche evolution\u00e4ren Ver\u00e4nderungen dauern in der Regel sehr lange (Tausende von Jahren). Dass die \u00d6stliche Honigbiene (Apis cerana) mit der Varroa-Milbe zurechtkommt, liegt vor allem daran, dass sich die Varroa-Milbe in der Arbeiterinnenbrut der \u00d6stlichen Honigbiene nicht vermehren kann.<\/p>\n<blockquote>\n<p>Bei der \u00d6stlichen Honigbiene dauert das Puppenstadium nur 11 Tage. Bei unserer Westlichen Honigbiene sind es 12 Tage. Dieser zus\u00e4tzliche Tag reicht der Varroamilbe aus, um sich auch in der Arbeiterinnenbrut der Westlichen Honigbiene vermehren zu k\u00f6nnen.<\/p>\n<\/blockquote>\n<p>Im Gegensatz zur ausschlie\u00dflichen Vermehrung in der Drohnenbrut hat die Milbe so die M\u00f6glichkeit, sich bei uns bis auf die Brutpause im Herbst\/Winter ganzj\u00e4hrig und wesentlich rasanter zu vermehren. In Kombination mit den Bienenviren kommt es so zu einer massiven Sch\u00e4digung des gesamten Bienenvolks. Das im Projekt <a href=\"https:\/\/varroaresistenzprojekt.eu\/\">\u201eVarroaresistenz 2033\u201c<\/a> formulierte Ziel, bis zum Jahr 2033 eine varroaresistente Biene f\u00fcr Europa gez\u00fcchtet zu haben, wird daher nicht erreichbar sein. Die Zucht ist nur ein Aspekt. Und mit der steigenden Viruslast ergeben sich ganz neue Problemfelder.<\/p>\n<\/div><\/section><br \/>\n<div  class='avia-slideshow av-lu5bzrhf-7b6f11f66041f7def1bb74a28482d5ab avia-slideshow-no scaling av_slideshow avia-slide-slider  avia-builder-el-5  el_after_av_textblock  el_before_av_textblock  av-slideshow-ui av-control-default av-slideshow-manual av-loop-once av-loop-manual-endless av-default-height-applied avia-slideshow-1' data-slideshow-options=\"{&quot;animation&quot;:&quot;slide&quot;,&quot;autoplay&quot;:false,&quot;loop_autoplay&quot;:&quot;once&quot;,&quot;interval&quot;:5,&quot;loop_manual&quot;:&quot;manual-endless&quot;,&quot;autoplay_stopper&quot;:false,&quot;noNavigation&quot;:false,&quot;bg_slider&quot;:false,&quot;keep_padding&quot;:false,&quot;hoverpause&quot;:false,&quot;show_slide_delay&quot;:0}\"  itemprop=\"image\" itemscope=\"itemscope\" itemtype=\"https:\/\/schema.org\/ImageObject\" ><ul class='avia-slideshow-inner ' style='padding-bottom: 75.368007850834%;'><li  class='avia-slideshow-slide av-lu5bzrhf-7b6f11f66041f7def1bb74a28482d5ab__0  slide-1 slide-odd'><div data-rel='slideshow-1' class='avia-slide-wrap '   ><img decoding=\"async\" fetchpriority=\"high\" class=\"wp-image-5469 avia-img-lazy-loading-not-5469\"  src=\"https:\/\/imker-aigen.at\/wp-content\/uploads\/2024\/03\/teisendorf_2.jpg\" width=\"1019\" height=\"768\" title='teisendorf_2' alt=''  itemprop=\"thumbnailUrl\" srcset=\"https:\/\/imker-aigen.at\/wp-content\/uploads\/2024\/03\/teisendorf_2.jpg 1019w, https:\/\/imker-aigen.at\/wp-content\/uploads\/2024\/03\/teisendorf_2-300x226.jpg 300w, https:\/\/imker-aigen.at\/wp-content\/uploads\/2024\/03\/teisendorf_2-768x579.jpg 768w, https:\/\/imker-aigen.at\/wp-content\/uploads\/2024\/03\/teisendorf_2-705x531.jpg 705w\" sizes=\"(max-width: 1019px) 100vw, 1019px\" \/><\/div><\/li><li  class='avia-slideshow-slide av-lu5bzrhf-7b6f11f66041f7def1bb74a28482d5ab__1  slide-2 slide-even'><div data-rel='slideshow-1' class='avia-slide-wrap '   ><img decoding=\"async\" fetchpriority=\"high\" class=\"wp-image-5468 avia-img-lazy-loading-not-5468\"  src=\"https:\/\/imker-aigen.at\/wp-content\/uploads\/2024\/03\/teisendorf_1.jpg\" width=\"1095\" height=\"768\" title='teisendorf_1' alt=''  itemprop=\"thumbnailUrl\" srcset=\"https:\/\/imker-aigen.at\/wp-content\/uploads\/2024\/03\/teisendorf_1.jpg 1095w, https:\/\/imker-aigen.at\/wp-content\/uploads\/2024\/03\/teisendorf_1-300x210.jpg 300w, https:\/\/imker-aigen.at\/wp-content\/uploads\/2024\/03\/teisendorf_1-1030x722.jpg 1030w, https:\/\/imker-aigen.at\/wp-content\/uploads\/2024\/03\/teisendorf_1-768x539.jpg 768w, https:\/\/imker-aigen.at\/wp-content\/uploads\/2024\/03\/teisendorf_1-705x494.jpg 705w\" sizes=\"(max-width: 1095px) 100vw, 1095px\" \/><\/div><\/li><\/ul><div class='avia-slideshow-arrows avia-slideshow-controls' ><a href='#prev' class='prev-slide  avia-svg-icon avia-font-svg_entypo-fontello' data-av_svg_icon='left-open-big' data-av_iconset='svg_entypo-fontello' tabindex='-1' title=\"Zur\u00fcck\"><svg version=\"1.1\" xmlns=\"http:\/\/www.w3.org\/2000\/svg\" width=\"15\" height=\"32\" viewBox=\"0 0 15 32\" preserveAspectRatio=\"xMidYMid meet\" aria-labelledby='av-svg-title-1' aria-describedby='av-svg-desc-1' role=\"graphics-symbol\" aria-hidden=\"true\">\n<title id='av-svg-title-1'>Zur\u00fcck<\/title>\n<desc id='av-svg-desc-1'>Zur\u00fcck<\/desc>\n<path d=\"M14.464 27.84q0.832 0.832 0 1.536-0.832 0.832-1.536 0l-12.544-12.608q-0.768-0.768 0-1.6l12.544-12.608q0.704-0.832 1.536 0 0.832 0.704 0 1.536l-11.456 11.904z\"><\/path>\n<\/svg><span class='avia_hidden_link_text'>Zur\u00fcck<\/span><\/a><a href='#next' class='next-slide  avia-svg-icon avia-font-svg_entypo-fontello' data-av_svg_icon='right-open-big' data-av_iconset='svg_entypo-fontello' tabindex='-1' title=\"Weiter\"><svg version=\"1.1\" xmlns=\"http:\/\/www.w3.org\/2000\/svg\" width=\"15\" height=\"32\" viewBox=\"0 0 15 32\" preserveAspectRatio=\"xMidYMid meet\" aria-labelledby='av-svg-title-2' aria-describedby='av-svg-desc-2' role=\"graphics-symbol\" aria-hidden=\"true\">\n<title id='av-svg-title-2'>Weiter<\/title>\n<desc id='av-svg-desc-2'>Weiter<\/desc>\n<path d=\"M0.416 27.84l11.456-11.84-11.456-11.904q-0.832-0.832 0-1.536 0.832-0.832 1.536 0l12.544 12.608q0.768 0.832 0 1.6l-12.544 12.608q-0.704 0.832-1.536 0-0.832-0.704 0-1.536z\"><\/path>\n<\/svg><span class='avia_hidden_link_text'>Weiter<\/span><\/a><\/div><div class='avia-slideshow-dots avia-slideshow-controls'><a href='#1' class='goto-slide active' >1<\/a><a href='#2' class='goto-slide ' >2<\/a><\/div><\/div><br \/>\n<section  class='av_textblock_section av-lu5bqhgu-3e201ee9992767a268ac888d217ce300 '   itemscope=\"itemscope\" itemtype=\"https:\/\/schema.org\/BlogPosting\" itemprop=\"blogPost\" ><div class='avia_textblock'  itemprop=\"text\" ><h3>Weiterbildung &#8211; der Schl\u00fcssel zum Erfolg<\/h3>\n<p>Anschlie\u00dfend appellierte Dr. Beims an die Imker, sich st\u00e4ndig weiterzubilden. Vor allem \u00e4ltere und erfahrene Imker halten es irgendwann nicht mehr f\u00fcr n\u00f6tig, sich weiterzubilden. Dr. Beims h\u00e4lt es f\u00fcr sehr wichtig, dass neues Wissen innerhalb der Imkerschaft entsprechend transportiert wird. Das Motto lautet: Von der Forschung in die Praxis!<\/p>\n<h3>Leistungsbeurteilung<\/h3>\n<p>Zum Abschluss seines Vortrags zeigte Dr. Beims einige Folien zur Leistungsbeurteilung von Bienenv\u00f6lkern. Neben den allgemein bekannten Leistungsmerkmalen wie Honigleistung, Sanftmut, Wabensitz und Schwarmneigung ging Dr. Beims vor allem auf die Leistungsmerkmale ein, die sich auch positiv auf die Varroabefallsentwicklung auswirken k\u00f6nnen (Ausr\u00e4umverhalten (Nadeltest), SMR, REC). Hierf\u00fcr gibt es auch entsprechende Toleranz-Belegstellen.<\/p>\n<h3>Wege aus der Krise<\/h3>\n<p>Die neuen Varroa-Behandlungskonzepte zielen alle auf eine vom Imker herbeigef\u00fchrte Brutunterbrechung (Sperren der K\u00f6nigin (Bannwabenverfahren), Totale Brutentnahme etc.) ab.\u00a0 So wird derzeit auch vom <a href=\"https:\/\/llh.hessen.de\/bildung\/bieneninstitut-kirchhain\/\">Bieneninstitut in Kirchhain<\/a> das Sperren der K\u00f6nigin in den Wintermonaten untersucht. Versuche haben gezeigt, dass die Bienenv\u00f6lker auf eine Brutunterbrechung im Juni\/Juli mit erh\u00f6htem Bruteinschlag reagieren und k\u00fcnstlich herbeigef\u00fchrten Brutverluste zu dieser Jahreszeit sehr gut kompensieren k\u00f6nnen.<\/p>\n<h2>Res\u00fcmee<\/h2>\n<p>Abschlie\u00dfend m\u00f6chte ich dem <a href=\"https:\/\/imkerverein-teisendorf-anger.de\/\">Imkerverein Teisendorf-Anger e.V.<\/a> herzlich f\u00fcr die Einladung zur Jahreshauptversammlung danken. Ebenso Herrn Dr. Beims f\u00fcr seinen sehr interessanten und kurzweiligen Vortrag. Der <a href=\"https:\/\/imkerverein-teisendorf-anger.de\/\">Imkerverein Teisendorf-Anger e.V.<\/a> hat mich pers\u00f6nlich auf jeden Fall sehr beeindruckt. Selten habe ich einen so aktiven und engagierten Imkerverein erlebt. Chapeau!<\/p>\n<p>Ich w\u00fcrde mich jedenfalls sehr freuen, wenn uns die Imkerinnen und Imker des <a href=\"https:\/\/imkerverein-teisendorf-anger.de\/\">Imkervereins Teisendorf-Anger e.V.<\/a> auch einmal bei einem unserer Stammtische oder Treffen in Salzburg besuchen w\u00fcrden. Sie sind immer herzlich willkommen! Ein grenz\u00fcberschreitender Erfahrungsaustausch und Wissenstransfer w\u00e4ren auf jeden Fall sehr w\u00fcnschenswert. So gibt es in Deutschland mit der Fachberatung Imkerei eine Organisation, die mir in dieser Form und mit diesem Leistungsspektrum in \u00d6sterreich noch nicht begegnet ist. Auch die Aktivit\u00e4ten des <a href=\"https:\/\/imkerverein-teisendorf-anger.de\/\">Imkervereins Teisendorf-Anger e.V.<\/a>, wie z.B. die Gr\u00fcndung einer eigenen Kindergruppe, das \u201eImkern auf Probe\u201c oder der Betrieb eines eigenen Lehrbienenstandes, w\u00e4ren durchaus nachahmenswerte Projekte.<\/p>\n<p>Neben der Imkerei gibt es aber noch viele andere Dinge, die uns verbinden. So sind auch die Salzburger Imkerinnen und Imker immer f\u00fcr ein geselliges Beisammensein \u2013 und ein gutes Bier &#8211; zu haben ;-).<\/p>\n<\/div><\/section><br \/>\n<div  class='av-social-sharing-box av-45ykce-424bc7ef297e740feedaeba253cb2cd4 av-social-sharing-box-default  avia-builder-el-7  el_after_av_textblock  el_before_av_comments_list  av-social-sharing-box-fullwidth'><div class=\"av-share-box\"><h5 class='av-share-link-description av-no-toc '>Eintrag teilen<\/h5><ul class=\"av-share-box-list noLightbox\"><li class='av-share-link av-social-link-facebook avia_social_iconfont' ><a target=\"_blank\" aria-label=\"Teilen auf Facebook\" href='https:\/\/www.facebook.com\/sharer.php?u=https:\/\/imker-aigen.at\/index.php\/2024\/03\/22\/jahreshauptversammlung-des-imkerverein-teisendorf-anger-am-22-3-2024\/&#038;t=Jahreshauptversammlung%20des%20Imkervereins%20Teisendorf-Anger%20am%2022.3.2024' data-av_icon='\ue8f3' data-av_iconfont='entypo-fontello'  title='' data-avia-related-tooltip='Teilen auf Facebook'><span class='avia_hidden_link_text'>Teilen auf Facebook<\/span><\/a><\/li><li class='av-share-link av-social-link-twitter avia_social_iconfont' ><a target=\"_blank\" aria-label=\"Teilen auf X\" href='https:\/\/twitter.com\/share?text=Jahreshauptversammlung%20des%20Imkervereins%20Teisendorf-Anger%20am%2022.3.2024&#038;url=https:\/\/imker-aigen.at\/?p=5454' data-av_icon='\ue932' data-av_iconfont='entypo-fontello'  title='' data-avia-related-tooltip='Teilen auf X'><span class='avia_hidden_link_text'>Teilen auf X<\/span><\/a><\/li><li class='av-share-link av-social-link-whatsapp avia_social_iconfont' ><a target=\"_blank\" aria-label=\"Teilen auf WhatsApp\" href='https:\/\/api.whatsapp.com\/send?text=https:\/\/imker-aigen.at\/index.php\/2024\/03\/22\/jahreshauptversammlung-des-imkerverein-teisendorf-anger-am-22-3-2024\/' data-av_icon='\uf232' data-av_iconfont='entypo-fontello'  title='' data-avia-related-tooltip='Teilen auf WhatsApp'><span class='avia_hidden_link_text'>Teilen auf WhatsApp<\/span><\/a><\/li><li class='av-share-link av-social-link-pinterest avia_social_iconfont' ><a target=\"_blank\" aria-label=\"Teilen auf Pinterest\" href='https:\/\/pinterest.com\/pin\/create\/button\/?url=https%3A%2F%2Fimker-aigen.at%2Findex.php%2F2024%2F03%2F22%2Fjahreshauptversammlung-des-imkerverein-teisendorf-anger-am-22-3-2024%2F&#038;description=Jahreshauptversammlung%20des%20Imkervereins%20Teisendorf-Anger%20am%2022.3.2024&#038;media=https%3A%2F%2Fimker-aigen.at%2Fwp-content%2Fuploads%2F2024%2F03%2Fbayern-705x529.jpg' data-av_icon='\ue8f8' data-av_iconfont='entypo-fontello'  title='' data-avia-related-tooltip='Teilen auf Pinterest'><span class='avia_hidden_link_text'>Teilen auf Pinterest<\/span><\/a><\/li><li class='av-share-link av-social-link-linkedin avia_social_iconfont' ><a target=\"_blank\" aria-label=\"Teilen auf LinkedIn\" href='https:\/\/linkedin.com\/shareArticle?mini=true&#038;title=Jahreshauptversammlung%20des%20Imkervereins%20Teisendorf-Anger%20am%2022.3.2024&#038;url=https:\/\/imker-aigen.at\/index.php\/2024\/03\/22\/jahreshauptversammlung-des-imkerverein-teisendorf-anger-am-22-3-2024\/' data-av_icon='\ue8fc' data-av_iconfont='entypo-fontello'  title='' data-avia-related-tooltip='Teilen auf LinkedIn'><span class='avia_hidden_link_text'>Teilen auf LinkedIn<\/span><\/a><\/li><li class='av-share-link av-social-link-reddit avia_social_iconfont' ><a target=\"_blank\" aria-label=\"Teilen auf Reddit\" href='https:\/\/reddit.com\/submit?url=https:\/\/imker-aigen.at\/index.php\/2024\/03\/22\/jahreshauptversammlung-des-imkerverein-teisendorf-anger-am-22-3-2024\/&#038;title=Jahreshauptversammlung%20des%20Imkervereins%20Teisendorf-Anger%20am%2022.3.2024' data-av_icon='\ue927' data-av_iconfont='entypo-fontello'  title='' data-avia-related-tooltip='Teilen auf Reddit'><span class='avia_hidden_link_text'>Teilen auf Reddit<\/span><\/a><\/li><li class='av-share-link av-social-link-mail avia_social_iconfont' ><a  aria-label=\"Per E-Mail teilen\" href='mailto:?subject=Jahreshauptversammlung%20des%20Imkervereins%20Teisendorf-Anger%20am%2022.3.2024&#038;body=https:\/\/imker-aigen.at\/index.php\/2024\/03\/22\/jahreshauptversammlung-des-imkerverein-teisendorf-anger-am-22-3-2024\/' data-av_icon='\ue805' data-av_iconfont='entypo-fontello'  title='' data-avia-related-tooltip='Per E-Mail teilen'><span class='avia_hidden_link_text'>Per E-Mail teilen<\/span><\/a><\/li><\/ul><\/div><\/div><br \/>\n<div  class='av-buildercomment av-1v9vum-eeaf97688b3b0ab7e47b1fff89f3c833'><\/div><\/p><\/div>\n","protected":false},"excerpt":{"rendered":"","protected":false},"author":1,"featured_media":5481,"comment_status":"open","ping_status":"closed","sticky":false,"template":"","format":"standard","meta":{"footnotes":""},"categories":[18,2],"tags":[171,172,173,174,170,30],"class_list":["post-5454","post","type-post","status-publish","format-standard","has-post-thumbnail","hentry","category-alte-veranstaltungen","category-news","tag-anger","tag-dr-hannes-beims","tag-fachberatung-imkerei","tag-seeon","tag-teisendorf","tag-varroa"],"yoast_head":"<!-- This site is optimized with the Yoast SEO plugin v27.4 - https:\/\/yoast.com\/product\/yoast-seo-wordpress\/ -->\n<title>Jahreshauptversammlung des Imkervereins Teisendorf-Anger am 22.3.2024 - Imker Ortsgruppe Salzburg Aigen<\/title>\n<meta name=\"description\" content=\"Ein kurzer Bericht \u00fcber die Jahreshauptversammlung des Imkerverein Teisendorf-Anger und den Vortrag von Dr. Hannes Beims am 22.3.2024\" \/>\n<meta name=\"robots\" content=\"index, follow, max-snippet:-1, max-image-preview:large, max-video-preview:-1\" \/>\n<link rel=\"canonical\" href=\"https:\/\/imker-aigen.at\/index.php\/2024\/03\/22\/jahreshauptversammlung-des-imkerverein-teisendorf-anger-am-22-3-2024\/\" \/>\n<meta property=\"og:locale\" content=\"de_DE\" \/>\n<meta property=\"og:type\" content=\"article\" \/>\n<meta property=\"og:title\" content=\"Jahreshauptversammlung des Imkervereins Teisendorf-Anger am 22.3.2024 - Imker Ortsgruppe Salzburg Aigen\" \/>\n<meta property=\"og:description\" content=\"Ein kurzer Bericht \u00fcber die Jahreshauptversammlung des Imkerverein Teisendorf-Anger und den Vortrag von Dr. Hannes Beims am 22.3.2024\" \/>\n<meta property=\"og:url\" content=\"https:\/\/imker-aigen.at\/index.php\/2024\/03\/22\/jahreshauptversammlung-des-imkerverein-teisendorf-anger-am-22-3-2024\/\" \/>\n<meta property=\"og:site_name\" content=\"Imker Ortsgruppe Salzburg Aigen\" \/>\n<meta property=\"article:published_time\" content=\"2024-03-22T18:00:49+00:00\" \/>\n<meta property=\"article:modified_time\" content=\"2024-12-11T08:12:41+00:00\" \/>\n<meta property=\"og:image\" content=\"https:\/\/imker-aigen.at\/wp-content\/uploads\/2024\/03\/bayern.jpg\" \/>\n\t<meta property=\"og:image:width\" content=\"800\" \/>\n\t<meta property=\"og:image:height\" content=\"600\" \/>\n\t<meta property=\"og:image:type\" content=\"image\/jpeg\" \/>\n<meta name=\"author\" content=\"admin\" \/>\n<meta name=\"twitter:card\" content=\"summary_large_image\" \/>\n<meta name=\"twitter:label1\" content=\"Verfasst von\" \/>\n\t<meta name=\"twitter:data1\" content=\"admin\" \/>\n\t<meta name=\"twitter:label2\" content=\"Gesch\u00e4tzte Lesezeit\" \/>\n\t<meta name=\"twitter:data2\" content=\"6\u00a0Minuten\" \/>\n<script type=\"application\/ld+json\" class=\"yoast-schema-graph\">{\"@context\":\"https:\\\/\\\/schema.org\",\"@graph\":[{\"@type\":\"Article\",\"@id\":\"https:\\\/\\\/imker-aigen.at\\\/index.php\\\/2024\\\/03\\\/22\\\/jahreshauptversammlung-des-imkerverein-teisendorf-anger-am-22-3-2024\\\/#article\",\"isPartOf\":{\"@id\":\"https:\\\/\\\/imker-aigen.at\\\/index.php\\\/2024\\\/03\\\/22\\\/jahreshauptversammlung-des-imkerverein-teisendorf-anger-am-22-3-2024\\\/\"},\"author\":{\"name\":\"admin\",\"@id\":\"https:\\\/\\\/imker-aigen.at\\\/#\\\/schema\\\/person\\\/d7d0c3a8ef6f051d450781218ac83077\"},\"headline\":\"Jahreshauptversammlung des Imkervereins Teisendorf-Anger am 22.3.2024\",\"datePublished\":\"2024-03-22T18:00:49+00:00\",\"dateModified\":\"2024-12-11T08:12:41+00:00\",\"mainEntityOfPage\":{\"@id\":\"https:\\\/\\\/imker-aigen.at\\\/index.php\\\/2024\\\/03\\\/22\\\/jahreshauptversammlung-des-imkerverein-teisendorf-anger-am-22-3-2024\\\/\"},\"wordCount\":2157,\"commentCount\":2,\"publisher\":{\"@id\":\"https:\\\/\\\/imker-aigen.at\\\/#organization\"},\"image\":{\"@id\":\"https:\\\/\\\/imker-aigen.at\\\/index.php\\\/2024\\\/03\\\/22\\\/jahreshauptversammlung-des-imkerverein-teisendorf-anger-am-22-3-2024\\\/#primaryimage\"},\"thumbnailUrl\":\"https:\\\/\\\/imker-aigen.at\\\/wp-content\\\/uploads\\\/2024\\\/03\\\/bayern.jpg\",\"keywords\":[\"Anger\",\"Dr. Hannes Beims\",\"Fachberatung Imkerei\",\"Seeon\",\"Teisendorf\",\"Varroa\"],\"articleSection\":[\"Alte Veranstaltungen\",\"News\"],\"inLanguage\":\"de\",\"potentialAction\":[{\"@type\":\"CommentAction\",\"name\":\"Comment\",\"target\":[\"https:\\\/\\\/imker-aigen.at\\\/index.php\\\/2024\\\/03\\\/22\\\/jahreshauptversammlung-des-imkerverein-teisendorf-anger-am-22-3-2024\\\/#respond\"]}]},{\"@type\":\"WebPage\",\"@id\":\"https:\\\/\\\/imker-aigen.at\\\/index.php\\\/2024\\\/03\\\/22\\\/jahreshauptversammlung-des-imkerverein-teisendorf-anger-am-22-3-2024\\\/\",\"url\":\"https:\\\/\\\/imker-aigen.at\\\/index.php\\\/2024\\\/03\\\/22\\\/jahreshauptversammlung-des-imkerverein-teisendorf-anger-am-22-3-2024\\\/\",\"name\":\"Jahreshauptversammlung des Imkervereins Teisendorf-Anger am 22.3.2024 - Imker Ortsgruppe Salzburg Aigen\",\"isPartOf\":{\"@id\":\"https:\\\/\\\/imker-aigen.at\\\/#website\"},\"primaryImageOfPage\":{\"@id\":\"https:\\\/\\\/imker-aigen.at\\\/index.php\\\/2024\\\/03\\\/22\\\/jahreshauptversammlung-des-imkerverein-teisendorf-anger-am-22-3-2024\\\/#primaryimage\"},\"image\":{\"@id\":\"https:\\\/\\\/imker-aigen.at\\\/index.php\\\/2024\\\/03\\\/22\\\/jahreshauptversammlung-des-imkerverein-teisendorf-anger-am-22-3-2024\\\/#primaryimage\"},\"thumbnailUrl\":\"https:\\\/\\\/imker-aigen.at\\\/wp-content\\\/uploads\\\/2024\\\/03\\\/bayern.jpg\",\"datePublished\":\"2024-03-22T18:00:49+00:00\",\"dateModified\":\"2024-12-11T08:12:41+00:00\",\"description\":\"Ein kurzer Bericht \u00fcber die Jahreshauptversammlung des Imkerverein Teisendorf-Anger und den Vortrag von Dr. Hannes Beims am 22.3.2024\",\"breadcrumb\":{\"@id\":\"https:\\\/\\\/imker-aigen.at\\\/index.php\\\/2024\\\/03\\\/22\\\/jahreshauptversammlung-des-imkerverein-teisendorf-anger-am-22-3-2024\\\/#breadcrumb\"},\"inLanguage\":\"de\",\"potentialAction\":[{\"@type\":\"ReadAction\",\"target\":[\"https:\\\/\\\/imker-aigen.at\\\/index.php\\\/2024\\\/03\\\/22\\\/jahreshauptversammlung-des-imkerverein-teisendorf-anger-am-22-3-2024\\\/\"]}]},{\"@type\":\"ImageObject\",\"inLanguage\":\"de\",\"@id\":\"https:\\\/\\\/imker-aigen.at\\\/index.php\\\/2024\\\/03\\\/22\\\/jahreshauptversammlung-des-imkerverein-teisendorf-anger-am-22-3-2024\\\/#primaryimage\",\"url\":\"https:\\\/\\\/imker-aigen.at\\\/wp-content\\\/uploads\\\/2024\\\/03\\\/bayern.jpg\",\"contentUrl\":\"https:\\\/\\\/imker-aigen.at\\\/wp-content\\\/uploads\\\/2024\\\/03\\\/bayern.jpg\",\"width\":800,\"height\":600},{\"@type\":\"BreadcrumbList\",\"@id\":\"https:\\\/\\\/imker-aigen.at\\\/index.php\\\/2024\\\/03\\\/22\\\/jahreshauptversammlung-des-imkerverein-teisendorf-anger-am-22-3-2024\\\/#breadcrumb\",\"itemListElement\":[{\"@type\":\"ListItem\",\"position\":1,\"name\":\"Startseite\",\"item\":\"https:\\\/\\\/imker-aigen.at\\\/index.php\\\/home\\\/\"},{\"@type\":\"ListItem\",\"position\":2,\"name\":\"Jahreshauptversammlung des Imkervereins Teisendorf-Anger am 22.3.2024\"}]},{\"@type\":\"WebSite\",\"@id\":\"https:\\\/\\\/imker-aigen.at\\\/#website\",\"url\":\"https:\\\/\\\/imker-aigen.at\\\/\",\"name\":\"Imker Ortsgruppe Salzburg Aigen\",\"description\":\"Homepage der Imker-Ortsgruppe Salzburg Aigen\",\"publisher\":{\"@id\":\"https:\\\/\\\/imker-aigen.at\\\/#organization\"},\"potentialAction\":[{\"@type\":\"SearchAction\",\"target\":{\"@type\":\"EntryPoint\",\"urlTemplate\":\"https:\\\/\\\/imker-aigen.at\\\/?s={search_term_string}\"},\"query-input\":{\"@type\":\"PropertyValueSpecification\",\"valueRequired\":true,\"valueName\":\"search_term_string\"}}],\"inLanguage\":\"de\"},{\"@type\":\"Organization\",\"@id\":\"https:\\\/\\\/imker-aigen.at\\\/#organization\",\"name\":\"Imker Ortsgruppe Salzburg Aigen\",\"url\":\"https:\\\/\\\/imker-aigen.at\\\/\",\"logo\":{\"@type\":\"ImageObject\",\"inLanguage\":\"de\",\"@id\":\"https:\\\/\\\/imker-aigen.at\\\/#\\\/schema\\\/logo\\\/image\\\/\",\"url\":\"https:\\\/\\\/imker-aigen.at\\\/wp-content\\\/uploads\\\/2022\\\/08\\\/logo-1.png\",\"contentUrl\":\"https:\\\/\\\/imker-aigen.at\\\/wp-content\\\/uploads\\\/2022\\\/08\\\/logo-1.png\",\"width\":392,\"height\":156,\"caption\":\"Imker Ortsgruppe Salzburg Aigen\"},\"image\":{\"@id\":\"https:\\\/\\\/imker-aigen.at\\\/#\\\/schema\\\/logo\\\/image\\\/\"}},{\"@type\":\"Person\",\"@id\":\"https:\\\/\\\/imker-aigen.at\\\/#\\\/schema\\\/person\\\/d7d0c3a8ef6f051d450781218ac83077\",\"name\":\"admin\",\"image\":{\"@type\":\"ImageObject\",\"inLanguage\":\"de\",\"@id\":\"https:\\\/\\\/secure.gravatar.com\\\/avatar\\\/925a7e918efd3cfdae29be9c0018a3ae3275cd0444a6e166241172bb6e5243c7?s=96&d=mm&r=g\",\"url\":\"https:\\\/\\\/secure.gravatar.com\\\/avatar\\\/925a7e918efd3cfdae29be9c0018a3ae3275cd0444a6e166241172bb6e5243c7?s=96&d=mm&r=g\",\"contentUrl\":\"https:\\\/\\\/secure.gravatar.com\\\/avatar\\\/925a7e918efd3cfdae29be9c0018a3ae3275cd0444a6e166241172bb6e5243c7?s=96&d=mm&r=g\",\"caption\":\"admin\"},\"sameAs\":[\"https:\\\/\\\/imker-aigen.at\",\"linkedin.com\\\/in\\\/bernd-meierhofer-5919b62\"],\"url\":\"https:\\\/\\\/imker-aigen.at\\\/index.php\\\/author\\\/bmeierhofer\\\/\"}]}<\/script>\n<!-- \/ Yoast SEO plugin. -->","yoast_head_json":{"title":"Jahreshauptversammlung des Imkervereins Teisendorf-Anger am 22.3.2024 - Imker Ortsgruppe Salzburg Aigen","description":"Ein kurzer Bericht \u00fcber die Jahreshauptversammlung des Imkerverein Teisendorf-Anger und den Vortrag von Dr. Hannes Beims am 22.3.2024","robots":{"index":"index","follow":"follow","max-snippet":"max-snippet:-1","max-image-preview":"max-image-preview:large","max-video-preview":"max-video-preview:-1"},"canonical":"https:\/\/imker-aigen.at\/index.php\/2024\/03\/22\/jahreshauptversammlung-des-imkerverein-teisendorf-anger-am-22-3-2024\/","og_locale":"de_DE","og_type":"article","og_title":"Jahreshauptversammlung des Imkervereins Teisendorf-Anger am 22.3.2024 - Imker Ortsgruppe Salzburg Aigen","og_description":"Ein kurzer Bericht \u00fcber die Jahreshauptversammlung des Imkerverein Teisendorf-Anger und den Vortrag von Dr. Hannes Beims am 22.3.2024","og_url":"https:\/\/imker-aigen.at\/index.php\/2024\/03\/22\/jahreshauptversammlung-des-imkerverein-teisendorf-anger-am-22-3-2024\/","og_site_name":"Imker Ortsgruppe Salzburg Aigen","article_published_time":"2024-03-22T18:00:49+00:00","article_modified_time":"2024-12-11T08:12:41+00:00","og_image":[{"width":800,"height":600,"url":"https:\/\/imker-aigen.at\/wp-content\/uploads\/2024\/03\/bayern.jpg","type":"image\/jpeg"}],"author":"admin","twitter_card":"summary_large_image","twitter_misc":{"Verfasst von":"admin","Gesch\u00e4tzte Lesezeit":"6\u00a0Minuten"},"schema":{"@context":"https:\/\/schema.org","@graph":[{"@type":"Article","@id":"https:\/\/imker-aigen.at\/index.php\/2024\/03\/22\/jahreshauptversammlung-des-imkerverein-teisendorf-anger-am-22-3-2024\/#article","isPartOf":{"@id":"https:\/\/imker-aigen.at\/index.php\/2024\/03\/22\/jahreshauptversammlung-des-imkerverein-teisendorf-anger-am-22-3-2024\/"},"author":{"name":"admin","@id":"https:\/\/imker-aigen.at\/#\/schema\/person\/d7d0c3a8ef6f051d450781218ac83077"},"headline":"Jahreshauptversammlung des Imkervereins Teisendorf-Anger am 22.3.2024","datePublished":"2024-03-22T18:00:49+00:00","dateModified":"2024-12-11T08:12:41+00:00","mainEntityOfPage":{"@id":"https:\/\/imker-aigen.at\/index.php\/2024\/03\/22\/jahreshauptversammlung-des-imkerverein-teisendorf-anger-am-22-3-2024\/"},"wordCount":2157,"commentCount":2,"publisher":{"@id":"https:\/\/imker-aigen.at\/#organization"},"image":{"@id":"https:\/\/imker-aigen.at\/index.php\/2024\/03\/22\/jahreshauptversammlung-des-imkerverein-teisendorf-anger-am-22-3-2024\/#primaryimage"},"thumbnailUrl":"https:\/\/imker-aigen.at\/wp-content\/uploads\/2024\/03\/bayern.jpg","keywords":["Anger","Dr. Hannes Beims","Fachberatung Imkerei","Seeon","Teisendorf","Varroa"],"articleSection":["Alte Veranstaltungen","News"],"inLanguage":"de","potentialAction":[{"@type":"CommentAction","name":"Comment","target":["https:\/\/imker-aigen.at\/index.php\/2024\/03\/22\/jahreshauptversammlung-des-imkerverein-teisendorf-anger-am-22-3-2024\/#respond"]}]},{"@type":"WebPage","@id":"https:\/\/imker-aigen.at\/index.php\/2024\/03\/22\/jahreshauptversammlung-des-imkerverein-teisendorf-anger-am-22-3-2024\/","url":"https:\/\/imker-aigen.at\/index.php\/2024\/03\/22\/jahreshauptversammlung-des-imkerverein-teisendorf-anger-am-22-3-2024\/","name":"Jahreshauptversammlung des Imkervereins Teisendorf-Anger am 22.3.2024 - Imker Ortsgruppe Salzburg Aigen","isPartOf":{"@id":"https:\/\/imker-aigen.at\/#website"},"primaryImageOfPage":{"@id":"https:\/\/imker-aigen.at\/index.php\/2024\/03\/22\/jahreshauptversammlung-des-imkerverein-teisendorf-anger-am-22-3-2024\/#primaryimage"},"image":{"@id":"https:\/\/imker-aigen.at\/index.php\/2024\/03\/22\/jahreshauptversammlung-des-imkerverein-teisendorf-anger-am-22-3-2024\/#primaryimage"},"thumbnailUrl":"https:\/\/imker-aigen.at\/wp-content\/uploads\/2024\/03\/bayern.jpg","datePublished":"2024-03-22T18:00:49+00:00","dateModified":"2024-12-11T08:12:41+00:00","description":"Ein kurzer Bericht \u00fcber die Jahreshauptversammlung des Imkerverein Teisendorf-Anger und den Vortrag von Dr. Hannes Beims am 22.3.2024","breadcrumb":{"@id":"https:\/\/imker-aigen.at\/index.php\/2024\/03\/22\/jahreshauptversammlung-des-imkerverein-teisendorf-anger-am-22-3-2024\/#breadcrumb"},"inLanguage":"de","potentialAction":[{"@type":"ReadAction","target":["https:\/\/imker-aigen.at\/index.php\/2024\/03\/22\/jahreshauptversammlung-des-imkerverein-teisendorf-anger-am-22-3-2024\/"]}]},{"@type":"ImageObject","inLanguage":"de","@id":"https:\/\/imker-aigen.at\/index.php\/2024\/03\/22\/jahreshauptversammlung-des-imkerverein-teisendorf-anger-am-22-3-2024\/#primaryimage","url":"https:\/\/imker-aigen.at\/wp-content\/uploads\/2024\/03\/bayern.jpg","contentUrl":"https:\/\/imker-aigen.at\/wp-content\/uploads\/2024\/03\/bayern.jpg","width":800,"height":600},{"@type":"BreadcrumbList","@id":"https:\/\/imker-aigen.at\/index.php\/2024\/03\/22\/jahreshauptversammlung-des-imkerverein-teisendorf-anger-am-22-3-2024\/#breadcrumb","itemListElement":[{"@type":"ListItem","position":1,"name":"Startseite","item":"https:\/\/imker-aigen.at\/index.php\/home\/"},{"@type":"ListItem","position":2,"name":"Jahreshauptversammlung des Imkervereins Teisendorf-Anger am 22.3.2024"}]},{"@type":"WebSite","@id":"https:\/\/imker-aigen.at\/#website","url":"https:\/\/imker-aigen.at\/","name":"Imker Ortsgruppe Salzburg Aigen","description":"Homepage der Imker-Ortsgruppe Salzburg Aigen","publisher":{"@id":"https:\/\/imker-aigen.at\/#organization"},"potentialAction":[{"@type":"SearchAction","target":{"@type":"EntryPoint","urlTemplate":"https:\/\/imker-aigen.at\/?s={search_term_string}"},"query-input":{"@type":"PropertyValueSpecification","valueRequired":true,"valueName":"search_term_string"}}],"inLanguage":"de"},{"@type":"Organization","@id":"https:\/\/imker-aigen.at\/#organization","name":"Imker Ortsgruppe Salzburg Aigen","url":"https:\/\/imker-aigen.at\/","logo":{"@type":"ImageObject","inLanguage":"de","@id":"https:\/\/imker-aigen.at\/#\/schema\/logo\/image\/","url":"https:\/\/imker-aigen.at\/wp-content\/uploads\/2022\/08\/logo-1.png","contentUrl":"https:\/\/imker-aigen.at\/wp-content\/uploads\/2022\/08\/logo-1.png","width":392,"height":156,"caption":"Imker Ortsgruppe Salzburg Aigen"},"image":{"@id":"https:\/\/imker-aigen.at\/#\/schema\/logo\/image\/"}},{"@type":"Person","@id":"https:\/\/imker-aigen.at\/#\/schema\/person\/d7d0c3a8ef6f051d450781218ac83077","name":"admin","image":{"@type":"ImageObject","inLanguage":"de","@id":"https:\/\/secure.gravatar.com\/avatar\/925a7e918efd3cfdae29be9c0018a3ae3275cd0444a6e166241172bb6e5243c7?s=96&d=mm&r=g","url":"https:\/\/secure.gravatar.com\/avatar\/925a7e918efd3cfdae29be9c0018a3ae3275cd0444a6e166241172bb6e5243c7?s=96&d=mm&r=g","contentUrl":"https:\/\/secure.gravatar.com\/avatar\/925a7e918efd3cfdae29be9c0018a3ae3275cd0444a6e166241172bb6e5243c7?s=96&d=mm&r=g","caption":"admin"},"sameAs":["https:\/\/imker-aigen.at","linkedin.com\/in\/bernd-meierhofer-5919b62"],"url":"https:\/\/imker-aigen.at\/index.php\/author\/bmeierhofer\/"}]}},"_links":{"self":[{"href":"https:\/\/imker-aigen.at\/index.php\/wp-json\/wp\/v2\/posts\/5454","targetHints":{"allow":["GET"]}}],"collection":[{"href":"https:\/\/imker-aigen.at\/index.php\/wp-json\/wp\/v2\/posts"}],"about":[{"href":"https:\/\/imker-aigen.at\/index.php\/wp-json\/wp\/v2\/types\/post"}],"author":[{"embeddable":true,"href":"https:\/\/imker-aigen.at\/index.php\/wp-json\/wp\/v2\/users\/1"}],"replies":[{"embeddable":true,"href":"https:\/\/imker-aigen.at\/index.php\/wp-json\/wp\/v2\/comments?post=5454"}],"version-history":[{"count":25,"href":"https:\/\/imker-aigen.at\/index.php\/wp-json\/wp\/v2\/posts\/5454\/revisions"}],"predecessor-version":[{"id":5493,"href":"https:\/\/imker-aigen.at\/index.php\/wp-json\/wp\/v2\/posts\/5454\/revisions\/5493"}],"wp:featuredmedia":[{"embeddable":true,"href":"https:\/\/imker-aigen.at\/index.php\/wp-json\/wp\/v2\/media\/5481"}],"wp:attachment":[{"href":"https:\/\/imker-aigen.at\/index.php\/wp-json\/wp\/v2\/media?parent=5454"}],"wp:term":[{"taxonomy":"category","embeddable":true,"href":"https:\/\/imker-aigen.at\/index.php\/wp-json\/wp\/v2\/categories?post=5454"},{"taxonomy":"post_tag","embeddable":true,"href":"https:\/\/imker-aigen.at\/index.php\/wp-json\/wp\/v2\/tags?post=5454"}],"curies":[{"name":"wp","href":"https:\/\/api.w.org\/{rel}","templated":true}]}}