{"id":5525,"date":"2024-04-02T19:00:14","date_gmt":"2024-04-02T17:00:14","guid":{"rendered":"https:\/\/imker-aigen.at\/?p=5525"},"modified":"2024-05-08T10:29:14","modified_gmt":"2024-05-08T08:29:14","slug":"protokoll-vom-stammtisch-am-2-4-2024","status":"publish","type":"post","link":"https:\/\/imker-aigen.at\/index.php\/2024\/04\/02\/protokoll-vom-stammtisch-am-2-4-2024\/","title":{"rendered":"Protokoll vom Stammtisch am 2.4.2024"},"content":{"rendered":"<div  class='flex_column av-8z07dh-b4bf9f8fc0cbf46a01a9f64afb06ea3d av_one_full  avia-builder-el-0  avia-builder-el-no-sibling  first flex_column_div  '     ><p>\n<style type=\"text\/css\" data-created_by=\"avia_inline_auto\" id=\"style-css-av-lujiscm2-ba636aa521f74a64a28b510bb9e8bea1\">\n#top .av-special-heading.av-lujiscm2-ba636aa521f74a64a28b510bb9e8bea1{\npadding-bottom:10px;\n}\nbody .av-special-heading.av-lujiscm2-ba636aa521f74a64a28b510bb9e8bea1 .av-special-heading-tag .heading-char{\nfont-size:25px;\n}\n.av-special-heading.av-lujiscm2-ba636aa521f74a64a28b510bb9e8bea1 .av-subheading{\nfont-size:15px;\n}\n<\/style>\n<div  class='av-special-heading av-lujiscm2-ba636aa521f74a64a28b510bb9e8bea1 av-special-heading-h3 blockquote modern-quote modern-centered  avia-builder-el-1  el_before_av_hr  avia-builder-el-first '><h3 class='av-special-heading-tag '  itemprop=\"headline\"  >Protokoll vom Stammtisch am 2.4.2024<\/h3><div class=\"special-heading-border\"><div class=\"special-heading-inner-border\"><\/div><\/div><\/div><br \/>\n\n<style type=\"text\/css\" data-created_by=\"avia_inline_auto\" id=\"style-css-av-81xkpx-a6f5fcbe812e7137fb83636705a609fe\">\n#top .hr.av-81xkpx-a6f5fcbe812e7137fb83636705a609fe{\nmargin-top:30px;\nmargin-bottom:30px;\n}\n.hr.av-81xkpx-a6f5fcbe812e7137fb83636705a609fe .hr-inner{\nwidth:50px;\nmax-width:45%;\n}\n<\/style>\n<div  class='hr av-81xkpx-a6f5fcbe812e7137fb83636705a609fe hr-custom  avia-builder-el-2  el_after_av_heading  el_before_av_textblock  hr-center hr-icon-yes'><span class='hr-inner inner-border-av-border-thin'><span class=\"hr-inner-style\"><\/span><\/span><span class='av-seperator-icon avia-iconfont avia-font-entypo-fontello' data-av_icon='\ue8bf' data-av_iconfont='entypo-fontello' ><\/span><span class='hr-inner inner-border-av-border-thin'><span class=\"hr-inner-style\"><\/span><\/span><\/div><br \/>\n<section  class='av_textblock_section av-5p4t11-10584391948a4bf285963cf8c209bb77 '   itemscope=\"itemscope\" itemtype=\"https:\/\/schema.org\/BlogPosting\" itemprop=\"blogPost\" ><div class='avia_textblock'  itemprop=\"text\" ><h3>Begr\u00fc\u00dfung der G\u00e4ste<\/h3>\n<p>Auch bei diesem Stammtisch hatten wir wieder Besuch von Imkerkollegen aus anderen Vereinen (Maxglan, Bad Reichenhall\/Berchtesgaden) bzw. waren auch wieder G\u00e4ste anwesend, die sich f\u00fcr unseren Verein interessierten oder einfach nur den Austausch unter Gleichgesinnten suchten. G\u00e4ste sind immer herzlich willkommen!<\/p>\n<h3>Neuigkeiten<\/h3>\n<ul>\n<li>Abrechnung mit dem Landesverband (finanziell nat\u00fcrlich ;-))<br \/>\nDie Beitr\u00e4ge f\u00fcr alle Mitglieder wurden bereits an den Landesverband \u00fcberwiesen. Auch f\u00fcr die drei neuen Mitglieder. Die neuen Mitglieder sollten auch schon ihr Willkommensgeschenk vom Landesverband bekommen haben. Es ist sehr erfreulich, dass es uns gelungen ist, diesen finanziellen Teil bereits zu Beginn des Jahres zu regeln.<br \/>\nAuch die Mitgliederdaten wurden mit dem Landesverband abgeglichen und alle gew\u00fcnschten \u00c4nderungen (z.B.: \u00c4nderungen beim Abo der Bienenzeitung) weitergeleitet.<\/li>\n<li>Neues vom <a href=\"https:\/\/imker-aigen.at\/index.php\/event\/landesimkertag\/\">Landesimkertag (17.3.2024)<\/a><br \/>\nWilli Kastenauer ist nach 32 Jahren im Landesverband in den wohlverdienten Ruhestand getreten. Mit seinem R\u00fccktritt wurde auch der Vorstand der Salzburgere Imkergenossenschaft und des Salzburger Landesverbands neu gebildet. Somit ist auch unser Vereinsmitglied Felix Nu\u00dfbaumer nicht mehr Kassier vom Landesverband und der Genossenschaft. Felix wurde aber von unserem Vereinsmitglied Julia Mayer abgel\u00f6st.<\/p>\n<p>Neuer Vorstand der Imkergenossenschaft und des Landesverbands<br \/>\nObmann: Andreas Brieger, Obmann-Stv.: Reinhard Mayrhofer, Schriftf\u00fchrerin: Julia Hasenrader, Schriftf\u00fchrer Stv.: Andre Arnold, Kassiererin: <strong>Julia Mayer (Ortsverein Salzburg Aigen)<\/strong>, Kassier Stv.: Dietmar Eppenschwendtner<\/p>\n<p>F\u00fcr die Carnica-Zucht gibt es noch keine Personen im Landesverband<\/p>\n<p>F\u00fcr die Jugendarbeit im Landesverband zust\u00e4ndig: Andrea Lenzhofer (Lungau) und als Stellvertreterin <strong>Elisabeth Karl (Ortsverein Salzburg Aigen)<\/strong><\/p>\n<p>Unser Verein ist mit zwei Vereinsmitgliedern auch weiterhin gut in der Imkergenossenschaft und im Landesverband vertreten.<strong><br \/>\n<\/strong><\/p>\n<p><strong>Weitere uns bekannte Personen im Team des Landesverbands sind:<br \/>\n<\/strong>Organisation Stv.: Josef Ramsauer<br \/>\nTracht: Alfred Br\u00fcndl<br \/>\nBienenhaltung: Andreas Brandl<\/p>\n<p>F\u00fcr die Bienengesundheit ist Reinhard Mayrhofer aus Bischofshofen zust\u00e4ndig. Wir werden Reinhard zu einem unserer n\u00e4chsten Stammtische einladen. Vielleicht k\u00f6nnen wir dann im Herbst\/Winter einen Vortrag \u00fcber Bienengesundheit mit ihm vereinbaren.<\/li>\n<\/ul>\n<ul>\n<li>Neues von der <a href=\"https:\/\/imker-aigen.at\/index.php\/event\/jahreshauptversammlung-der-imkervereins-teisendorf-anger-e-v\/\">Jahreshauptversammlung des Imkervereins Teisendorf-Anger (22.3.2024, Vortrag Dr. Hannes Beims)<\/a><br \/>\nDer Imkerverein Teisendorf-Anger ist ein sehr aktiver Verein mit einer gro\u00dfen Mitgliederzahl und vielen nachahmenswerten Projekten (z.B.: Imkern auf Probe, Betrieb eines Lehrbienenstands etc.).<\/p>\n<p>Beim Fachvortrag von Dr. Beims gab es interessante Informationen zur Vermehrung der Varroa in der Apis cerana (\u00f6stliche Honigbiene) vs. Apis mellifera (westliche Honigbiene). Die Apis cerana hat ein k\u00fcrzeres Puppenstadium bei der Arbeiterinnenbrut. Somit kann sich die Varroa bei der Apis cerana nur in der Drohnenbrut vermehren und stellt somit ein viel geringeres Problem dar als bei der Apis mellifera.<\/p>\n<p>Zuk\u00fcnftige Varroama\u00dfnahmen: Brutunterbrechung im Sommer (Bannwabenverfahren, Totale Brutentnahme, Duplex-Wabentasche etc.)<\/p>\n<p>Hr. Dr. Beims hat angeboten uns auch in Salzburg zu besuchen.<\/li>\n<li>Neues von der Jugendarbeit<br \/>\nMichael hat das Projekt BeeExplorer bei der Stadt Salzburg eingereicht (Anschaffung von Mikroskopen).<\/li>\n<li>Im Verein bildet sich aufgrund der diversen Projekte und Vereinsaktivit\u00e4ten nun langsam immer mehr Vereinseigentum<br \/>\nWir werden daher in Zukunft eine Inventarliste f\u00fchren, damit transparent ist, welche Gegenst\u00e4nde im Verein vorhanden sind und wo diese gelagert werden. Au\u00dferdem muss gekl\u00e4rt werden, welche R\u00fccklagen f\u00fcr eventuelle Reparaturen notwendig sind. Dies betrifft \u00fcbrigens auch schon die Vereinsh\u00fctte.<\/li>\n<li>Planung der 120 Jahrfeier unseres Vereins (Sommer\/Herbstfest)<br \/>\nEs muss so schnell wie m\u00f6glich ein Team gebildet werden, das die Planung \u00fcbernimmt. Erste Programmvorschl\u00e4ge liegen bereits vor.<\/li>\n<li>Ausbildung zur Bienenp\u00e4dagogin \/ zum Bienenp\u00e4dagogen<br \/>\nEinige Imkerinnen und Imker haben sich nun zur\u00a0 Bienenp\u00e4dagogin \/zum Bienenp\u00e4dagogen ausbilden lassen. Auch bei uns im Verein haben wir bereits ausgebildete Bienenp\u00e4dagogen, was f\u00fcr die Jugendarbeit sehr hilfreich sein kann.<\/li>\n<li>Diverse Einladungen der Imkervereine mit diversen Fachvortr\u00e4gen &#8211; siehe <a href=\"https:\/\/imker-aigen.at\/index.php\/events\/list\/\">Veranstaltungskalender<\/a><br \/>\nBitte nutzt die Gelegenheit zum Austausch mit den Imkerinnen und Imkern der anderen Vereine und besucht den einen oder anderen Fachvortrag!<\/li>\n<li>Carnica Zucht 2024<br \/>\nAuch 2024 wird unsere Zuchtgruppe wieder aktiv sein. Adelheid und Johanna werden sich nun um die Planung k\u00fcmmern. F\u00fcr die Begattung der K\u00f6niginnen wird in diesem Jahr eine der nahe gelegenen Landesbelegstellen (LS1 (Strobl) oder LS5 (Abtenau)) genutzt.<\/li>\n<\/ul>\n<h3>Imkerliche T\u00e4tigkeiten im April (<a href=\"https:\/\/imker-aigen.at\/index.php\/monatsbetrachtung-april\/\">Monatsbetrachtung April<\/a>)<\/h3>\n<ul>\n<li>Imkern in Zeiten des Klimawandels (Obstb\u00e4ume bereits in Bl\u00fcte (Aufsetzen, wenn die Vogelkirsche (Prunus avium) zu bl\u00fchen beginnt, Trachtbeginn zur Zeit der Apfelbl\u00fcte (Vollfr\u00fchling)), Vegetation 3-4 Wochen voraus, J\u00e4nner, Februar und M\u00e4rz zu warm,\u00a0 Dieses Jahr passiert alles gleichzeitig!)<\/li>\n<li>Auch die Varroa wird sich dieses Jahr besser und schneller entwickeln -> Biotechnische Ma\u00dfnahmen anwenden (Drohnenrahmen)<\/li>\n<li>Beim Aufsetzen unn\u00f6tiges Restfutter entfernen<\/li>\n<li>F\u00fcr den Honigraum werden nur unbebr\u00fctete Waben (Leerwaben und\/oder Mittelw\u00e4nde) verwendet. Dies hat folgende Vorteile: 1.) Hygiene, 2.) keine Wachsmotten bei der Lagerung der sauberen, unbebr\u00fcteten Honigwaben, 3.) Bienenfluchten funktionieren bei unbebr\u00fcteten Honigwaben im Honigraum besser<br \/>\nUm zu verhindern, dass die Honigwaben bebr\u00fctet werden, ist entweder imkerliches Geschick oder die Verwendung eines Absperrgitters erforderlich.<\/li>\n<\/ul>\n<h3>N\u00e4chste Termine (siehe auch <a href=\"https:\/\/imker-aigen.at\/index.php\/events\/list\/\">Veranstaltungskalender<\/a>)<\/h3>\n<ul>\n<li><a href=\"https:\/\/carnica-zuchtgruppe-salzburg.at\/index.php\/event\/jahreshauptversammlung-2\/\">5.4 Jahreshauptversammlung der Carnica Z\u00fcchtergruppe Salzburg<\/a><br \/>\nThema: Verbesserung der Zuchtmethoden und Verbesserung der Begattungsergebnisse &#038; Annahmen<\/li>\n<li><a href=\"https:\/\/imker-aigen.at\/index.php\/event\/hygienekurs-und-varroaseminar-im-imkerhof-salzburg\/\">6.4 Hygienekurs und Varroaseminar im Imkerhof Salzburg<\/a><\/li>\n<li><a class=\"tribe-events-calendar-list__event-title-link tribe-common-anchor-thin\" title=\"Jahreshauptversammlung der Imker-Ortsgruppe Thalgau\" href=\"https:\/\/imker-aigen.at\/index.php\/event\/jahreshauptversammlung-des-imker-ortsgruppe-thalgau\/\" rel=\"bookmark\">7.4 Jahreshauptversammlung der Imker-Ortsgruppe Thalgau <\/a><br \/>\nFachvortrag: Bernhard Grubm\u00fcller, Vespa Velutina<\/li>\n<li><a href=\"https:\/\/imker-aigen.at\/index.php\/event\/fruehjahrstreff-2024-der-zuechter-der-dunklen-biene\/\">13.4. Fr\u00fchjahrstreff der Austrian Mellifera Z\u00fcchter (AMZ)<\/a><br \/>\nBerichte\/Vortr\u00e4ge: Thomas Renner, Andreas Brieger, Gerald Lindenthaler, Dr. Michael Rubinigg, Thomas Ruppel<\/li>\n<li><a class=\"tribe-events-calendar-list__event-title-link tribe-common-anchor-thin\" title=\"Jahreshauptversammlung der Imker-Ortsgruppe Eugendorf\" href=\"https:\/\/imker-aigen.at\/index.php\/event\/jahreshauptversammlung-der-imker-ortsgruppe-eugendorf\/\" rel=\"bookmark\">14.4 Jahreshauptversammlung der Imker-Ortsgruppe Eugendorf <\/a><br \/>\nFachvortrag: Alfred Br\u00fcndl, Bl\u00fctenpflanzen \u00fcbers Bienenjahr<\/li>\n<li><a class=\"tribe-events-calendar-list__event-title-link tribe-common-anchor-thin\" title=\"Jahreshauptversammlung des Imkervereins Seekirchen\" href=\"https:\/\/imker-aigen.at\/index.php\/event\/jahreshauptversammlung-des-imkervereins-seekirchen\/\" rel=\"bookmark\">18.4 Jahreshauptversammlung des Imkervereins Seekirchen <\/a><\/li>\n<li><a class=\"tribe-events-calendar-list__event-title-link tribe-common-anchor-thin\" title=\"Jahreshauptversammlung der Imker-Ortsgruppe Stra\u00dfwalchen\" href=\"https:\/\/imker-aigen.at\/index.php\/event\/jahreshauptversammlung-der-imker-ortsgruppe-strasswalchen\/\" rel=\"bookmark\">19.4 Jahreshauptversammlung der Imker-Ortsgruppe Stra\u00dfwalchen <\/a><br \/>\nFachvortrag: Chris Steube: Bienengesundheit \u00fcber das Bienenjahr<\/li>\n<li><a class=\"tribe-events-calendar-list__event-title-link tribe-common-anchor-thin\" title=\"VIS-Meldeverpflichtung April-Stichtag\" href=\"https:\/\/imker-aigen.at\/index.php\/event\/vis-meldeverpflichtung-april-stichtag-2\/\" rel=\"bookmark\">30.4 VIS-Meldeverpflichtung April-Stichtag <\/a><\/li>\n<\/ul>\n<h3>Diverses, Diskussion, Allf\u00e4lliges<\/h3>\n<ul>\n<li><strong>Hilfe bei der Vereinsarbeit<\/strong> (Es gibt viel zu tun. Packen wir\u2019s an!)<br \/>\nEs w\u00e4re sch\u00f6n, wenn sich die Vereinsmitglieder &#8211; je nach Interesse &#8211; zu Gruppen zusammenfinden und die diversen Themen vorantreiben<br \/>\n&#8211; Zusammenarbeit mit dem Naturschutzbund<br \/>\n&#8211; Social Media<br \/>\n&#8211; Erhalt der heimischen Bienenrassen (Dunkle Biene und Carnica). Hier wird es noch ein Treffen mit Dietmar Eppenschwendtner (AMZ) geben, damit auch bei uns im Verein das notwendige Wissen \u00fcber den Umgang mit der Dunklen Biene vorhanden ist.<\/li>\n<li><strong>Bestellungen von Bienen, Bienenv\u00f6lkern und K\u00f6niginnen<\/strong> (bei den \u00f6rtlichen Z\u00fcchtern der heimischen Bienenrassen)<br \/>\nDie Kommunikation innerhalb des Vereins hat in diesem Jahr sehr gut funktioniert. Alle Vereinsmitglieder sollten nun wieder Bienenv\u00f6lker haben.\u00a0 K\u00f6niginnen k\u00f6nnen bei den Z\u00fcchtern bereits vorbestellt werden. Wer noch Bienenv\u00f6lker oder K\u00f6niginnen ben\u00f6tigt, melde sich bitte!<\/li>\n<\/ul>\n<\/div><\/section><br \/>\n<div  class='av-social-sharing-box av-3tkjat-3fa1f2167f8606a35ee262408d8db445 av-social-sharing-box-default  avia-builder-el-4  el_after_av_textblock  el_before_av_comments_list  av-social-sharing-box-fullwidth'><div class=\"av-share-box\"><h5 class='av-share-link-description av-no-toc '>Eintrag teilen<\/h5><ul class=\"av-share-box-list noLightbox\"><li class='av-share-link av-social-link-facebook avia_social_iconfont' ><a target=\"_blank\" aria-label=\"Teilen auf Facebook\" href='https:\/\/www.facebook.com\/sharer.php?u=https:\/\/imker-aigen.at\/index.php\/2024\/04\/02\/protokoll-vom-stammtisch-am-2-4-2024\/&#038;t=Protokoll%20vom%20Stammtisch%20am%202.4.2024' data-av_icon='\ue8f3' data-av_iconfont='entypo-fontello'  title='' data-avia-related-tooltip='Teilen auf Facebook'><span class='avia_hidden_link_text'>Teilen auf Facebook<\/span><\/a><\/li><li class='av-share-link av-social-link-twitter avia_social_iconfont' ><a target=\"_blank\" aria-label=\"Teilen auf X\" href='https:\/\/twitter.com\/share?text=Protokoll%20vom%20Stammtisch%20am%202.4.2024&#038;url=https:\/\/imker-aigen.at\/?p=5525' data-av_icon='\ue932' data-av_iconfont='entypo-fontello'  title='' data-avia-related-tooltip='Teilen auf X'><span class='avia_hidden_link_text'>Teilen auf X<\/span><\/a><\/li><li class='av-share-link av-social-link-whatsapp avia_social_iconfont' ><a target=\"_blank\" aria-label=\"Teilen auf WhatsApp\" href='https:\/\/api.whatsapp.com\/send?text=https:\/\/imker-aigen.at\/index.php\/2024\/04\/02\/protokoll-vom-stammtisch-am-2-4-2024\/' data-av_icon='\uf232' data-av_iconfont='entypo-fontello'  title='' data-avia-related-tooltip='Teilen auf WhatsApp'><span class='avia_hidden_link_text'>Teilen auf WhatsApp<\/span><\/a><\/li><li class='av-share-link av-social-link-pinterest avia_social_iconfont' ><a target=\"_blank\" aria-label=\"Teilen auf Pinterest\" href='https:\/\/pinterest.com\/pin\/create\/button\/?url=https%3A%2F%2Fimker-aigen.at%2Findex.php%2F2024%2F04%2F02%2Fprotokoll-vom-stammtisch-am-2-4-2024%2F&#038;description=Protokoll%20vom%20Stammtisch%20am%202.4.2024&#038;media=https%3A%2F%2Fimker-aigen.at%2Fwp-content%2Fuploads%2F2022%2F08%2Fglasses-beer-1.jpg' data-av_icon='\ue8f8' data-av_iconfont='entypo-fontello'  title='' data-avia-related-tooltip='Teilen auf Pinterest'><span class='avia_hidden_link_text'>Teilen auf Pinterest<\/span><\/a><\/li><li class='av-share-link av-social-link-linkedin avia_social_iconfont' ><a target=\"_blank\" aria-label=\"Teilen auf LinkedIn\" href='https:\/\/linkedin.com\/shareArticle?mini=true&#038;title=Protokoll%20vom%20Stammtisch%20am%202.4.2024&#038;url=https:\/\/imker-aigen.at\/index.php\/2024\/04\/02\/protokoll-vom-stammtisch-am-2-4-2024\/' data-av_icon='\ue8fc' data-av_iconfont='entypo-fontello'  title='' data-avia-related-tooltip='Teilen auf LinkedIn'><span class='avia_hidden_link_text'>Teilen auf LinkedIn<\/span><\/a><\/li><li class='av-share-link av-social-link-reddit avia_social_iconfont' ><a target=\"_blank\" aria-label=\"Teilen auf Reddit\" href='https:\/\/reddit.com\/submit?url=https:\/\/imker-aigen.at\/index.php\/2024\/04\/02\/protokoll-vom-stammtisch-am-2-4-2024\/&#038;title=Protokoll%20vom%20Stammtisch%20am%202.4.2024' data-av_icon='\ue927' data-av_iconfont='entypo-fontello'  title='' data-avia-related-tooltip='Teilen auf Reddit'><span class='avia_hidden_link_text'>Teilen auf Reddit<\/span><\/a><\/li><li class='av-share-link av-social-link-mail avia_social_iconfont' ><a  aria-label=\"Per E-Mail teilen\" href='mailto:?subject=Protokoll%20vom%20Stammtisch%20am%202.4.2024&#038;body=https:\/\/imker-aigen.at\/index.php\/2024\/04\/02\/protokoll-vom-stammtisch-am-2-4-2024\/' data-av_icon='\ue805' data-av_iconfont='entypo-fontello'  title='' data-avia-related-tooltip='Per E-Mail teilen'><span class='avia_hidden_link_text'>Per E-Mail teilen<\/span><\/a><\/li><\/ul><\/div><\/div><br \/>\n<div  class='av-buildercomment av-3au8lx-0e45fa2647a4c7403fba01d94204d5f6'><\/div><\/p><\/div>\n","protected":false},"excerpt":{"rendered":"","protected":false},"author":1,"featured_media":621,"comment_status":"open","ping_status":"closed","sticky":false,"template":"","format":"standard","meta":{"footnotes":""},"categories":[18,2],"tags":[203,36,202,37,35],"class_list":["post-5525","post","type-post","status-publish","format-standard","has-post-thumbnail","hentry","category-alte-veranstaltungen","category-news","tag-203","tag-aigen","tag-april","tag-imker","tag-stammtisch"],"yoast_head":"<!-- This site is optimized with the Yoast SEO plugin v27.4 - https:\/\/yoast.com\/product\/yoast-seo-wordpress\/ -->\n<title>Protokoll vom Stammtisch am 2.4.2024 - Imker Ortsgruppe Salzburg Aigen<\/title>\n<meta name=\"description\" content=\"Zum Nachlesen eine kurze Zusammenfassung der Themen des Stammtisches am 2.4.2024\" \/>\n<meta name=\"robots\" content=\"index, follow, max-snippet:-1, max-image-preview:large, max-video-preview:-1\" \/>\n<link rel=\"canonical\" href=\"https:\/\/imker-aigen.at\/index.php\/2024\/04\/02\/protokoll-vom-stammtisch-am-2-4-2024\/\" \/>\n<meta property=\"og:locale\" content=\"de_DE\" \/>\n<meta property=\"og:type\" content=\"article\" \/>\n<meta property=\"og:title\" content=\"Protokoll vom Stammtisch am 2.4.2024 - Imker Ortsgruppe Salzburg Aigen\" \/>\n<meta property=\"og:description\" content=\"Zum Nachlesen eine kurze Zusammenfassung der Themen des Stammtisches am 2.4.2024\" \/>\n<meta property=\"og:url\" content=\"https:\/\/imker-aigen.at\/index.php\/2024\/04\/02\/protokoll-vom-stammtisch-am-2-4-2024\/\" \/>\n<meta property=\"og:site_name\" content=\"Imker Ortsgruppe Salzburg Aigen\" \/>\n<meta property=\"article:published_time\" content=\"2024-04-02T17:00:14+00:00\" \/>\n<meta property=\"article:modified_time\" content=\"2024-05-08T08:29:14+00:00\" \/>\n<meta property=\"og:image\" content=\"https:\/\/imker-aigen.at\/wp-content\/uploads\/2022\/08\/glasses-beer-1.jpg\" \/>\n\t<meta property=\"og:image:width\" content=\"180\" \/>\n\t<meta property=\"og:image:height\" content=\"241\" \/>\n\t<meta property=\"og:image:type\" content=\"image\/jpeg\" \/>\n<meta name=\"author\" content=\"admin\" \/>\n<meta name=\"twitter:card\" content=\"summary_large_image\" \/>\n<meta name=\"twitter:label1\" content=\"Verfasst von\" \/>\n\t<meta name=\"twitter:data1\" content=\"admin\" \/>\n\t<meta name=\"twitter:label2\" content=\"Gesch\u00e4tzte Lesezeit\" \/>\n\t<meta name=\"twitter:data2\" content=\"6\u00a0Minuten\" \/>\n<script type=\"application\/ld+json\" class=\"yoast-schema-graph\">{\"@context\":\"https:\\\/\\\/schema.org\",\"@graph\":[{\"@type\":\"Article\",\"@id\":\"https:\\\/\\\/imker-aigen.at\\\/index.php\\\/2024\\\/04\\\/02\\\/protokoll-vom-stammtisch-am-2-4-2024\\\/#article\",\"isPartOf\":{\"@id\":\"https:\\\/\\\/imker-aigen.at\\\/index.php\\\/2024\\\/04\\\/02\\\/protokoll-vom-stammtisch-am-2-4-2024\\\/\"},\"author\":{\"name\":\"admin\",\"@id\":\"https:\\\/\\\/imker-aigen.at\\\/#\\\/schema\\\/person\\\/d7d0c3a8ef6f051d450781218ac83077\"},\"headline\":\"Protokoll vom Stammtisch am 2.4.2024\",\"datePublished\":\"2024-04-02T17:00:14+00:00\",\"dateModified\":\"2024-05-08T08:29:14+00:00\",\"mainEntityOfPage\":{\"@id\":\"https:\\\/\\\/imker-aigen.at\\\/index.php\\\/2024\\\/04\\\/02\\\/protokoll-vom-stammtisch-am-2-4-2024\\\/\"},\"wordCount\":1769,\"commentCount\":0,\"publisher\":{\"@id\":\"https:\\\/\\\/imker-aigen.at\\\/#organization\"},\"image\":{\"@id\":\"https:\\\/\\\/imker-aigen.at\\\/index.php\\\/2024\\\/04\\\/02\\\/protokoll-vom-stammtisch-am-2-4-2024\\\/#primaryimage\"},\"thumbnailUrl\":\"https:\\\/\\\/imker-aigen.at\\\/wp-content\\\/uploads\\\/2022\\\/08\\\/glasses-beer-1.jpg\",\"keywords\":[\"2024\",\"Aigen\",\"April\",\"Imker\",\"Stammtisch\"],\"articleSection\":[\"Alte Veranstaltungen\",\"News\"],\"inLanguage\":\"de\",\"potentialAction\":[{\"@type\":\"CommentAction\",\"name\":\"Comment\",\"target\":[\"https:\\\/\\\/imker-aigen.at\\\/index.php\\\/2024\\\/04\\\/02\\\/protokoll-vom-stammtisch-am-2-4-2024\\\/#respond\"]}]},{\"@type\":\"WebPage\",\"@id\":\"https:\\\/\\\/imker-aigen.at\\\/index.php\\\/2024\\\/04\\\/02\\\/protokoll-vom-stammtisch-am-2-4-2024\\\/\",\"url\":\"https:\\\/\\\/imker-aigen.at\\\/index.php\\\/2024\\\/04\\\/02\\\/protokoll-vom-stammtisch-am-2-4-2024\\\/\",\"name\":\"Protokoll vom Stammtisch am 2.4.2024 - Imker Ortsgruppe Salzburg Aigen\",\"isPartOf\":{\"@id\":\"https:\\\/\\\/imker-aigen.at\\\/#website\"},\"primaryImageOfPage\":{\"@id\":\"https:\\\/\\\/imker-aigen.at\\\/index.php\\\/2024\\\/04\\\/02\\\/protokoll-vom-stammtisch-am-2-4-2024\\\/#primaryimage\"},\"image\":{\"@id\":\"https:\\\/\\\/imker-aigen.at\\\/index.php\\\/2024\\\/04\\\/02\\\/protokoll-vom-stammtisch-am-2-4-2024\\\/#primaryimage\"},\"thumbnailUrl\":\"https:\\\/\\\/imker-aigen.at\\\/wp-content\\\/uploads\\\/2022\\\/08\\\/glasses-beer-1.jpg\",\"datePublished\":\"2024-04-02T17:00:14+00:00\",\"dateModified\":\"2024-05-08T08:29:14+00:00\",\"description\":\"Zum Nachlesen eine kurze Zusammenfassung der Themen des Stammtisches am 2.4.2024\",\"breadcrumb\":{\"@id\":\"https:\\\/\\\/imker-aigen.at\\\/index.php\\\/2024\\\/04\\\/02\\\/protokoll-vom-stammtisch-am-2-4-2024\\\/#breadcrumb\"},\"inLanguage\":\"de\",\"potentialAction\":[{\"@type\":\"ReadAction\",\"target\":[\"https:\\\/\\\/imker-aigen.at\\\/index.php\\\/2024\\\/04\\\/02\\\/protokoll-vom-stammtisch-am-2-4-2024\\\/\"]}]},{\"@type\":\"ImageObject\",\"inLanguage\":\"de\",\"@id\":\"https:\\\/\\\/imker-aigen.at\\\/index.php\\\/2024\\\/04\\\/02\\\/protokoll-vom-stammtisch-am-2-4-2024\\\/#primaryimage\",\"url\":\"https:\\\/\\\/imker-aigen.at\\\/wp-content\\\/uploads\\\/2022\\\/08\\\/glasses-beer-1.jpg\",\"contentUrl\":\"https:\\\/\\\/imker-aigen.at\\\/wp-content\\\/uploads\\\/2022\\\/08\\\/glasses-beer-1.jpg\",\"width\":180,\"height\":241,\"caption\":\"Bier\"},{\"@type\":\"BreadcrumbList\",\"@id\":\"https:\\\/\\\/imker-aigen.at\\\/index.php\\\/2024\\\/04\\\/02\\\/protokoll-vom-stammtisch-am-2-4-2024\\\/#breadcrumb\",\"itemListElement\":[{\"@type\":\"ListItem\",\"position\":1,\"name\":\"Startseite\",\"item\":\"https:\\\/\\\/imker-aigen.at\\\/index.php\\\/home\\\/\"},{\"@type\":\"ListItem\",\"position\":2,\"name\":\"Protokoll vom Stammtisch am 2.4.2024\"}]},{\"@type\":\"WebSite\",\"@id\":\"https:\\\/\\\/imker-aigen.at\\\/#website\",\"url\":\"https:\\\/\\\/imker-aigen.at\\\/\",\"name\":\"Imker Ortsgruppe Salzburg Aigen\",\"description\":\"Homepage der Imker-Ortsgruppe Salzburg Aigen\",\"publisher\":{\"@id\":\"https:\\\/\\\/imker-aigen.at\\\/#organization\"},\"potentialAction\":[{\"@type\":\"SearchAction\",\"target\":{\"@type\":\"EntryPoint\",\"urlTemplate\":\"https:\\\/\\\/imker-aigen.at\\\/?s={search_term_string}\"},\"query-input\":{\"@type\":\"PropertyValueSpecification\",\"valueRequired\":true,\"valueName\":\"search_term_string\"}}],\"inLanguage\":\"de\"},{\"@type\":\"Organization\",\"@id\":\"https:\\\/\\\/imker-aigen.at\\\/#organization\",\"name\":\"Imker Ortsgruppe Salzburg Aigen\",\"url\":\"https:\\\/\\\/imker-aigen.at\\\/\",\"logo\":{\"@type\":\"ImageObject\",\"inLanguage\":\"de\",\"@id\":\"https:\\\/\\\/imker-aigen.at\\\/#\\\/schema\\\/logo\\\/image\\\/\",\"url\":\"https:\\\/\\\/imker-aigen.at\\\/wp-content\\\/uploads\\\/2022\\\/08\\\/logo-1.png\",\"contentUrl\":\"https:\\\/\\\/imker-aigen.at\\\/wp-content\\\/uploads\\\/2022\\\/08\\\/logo-1.png\",\"width\":392,\"height\":156,\"caption\":\"Imker Ortsgruppe Salzburg Aigen\"},\"image\":{\"@id\":\"https:\\\/\\\/imker-aigen.at\\\/#\\\/schema\\\/logo\\\/image\\\/\"}},{\"@type\":\"Person\",\"@id\":\"https:\\\/\\\/imker-aigen.at\\\/#\\\/schema\\\/person\\\/d7d0c3a8ef6f051d450781218ac83077\",\"name\":\"admin\",\"image\":{\"@type\":\"ImageObject\",\"inLanguage\":\"de\",\"@id\":\"https:\\\/\\\/secure.gravatar.com\\\/avatar\\\/925a7e918efd3cfdae29be9c0018a3ae3275cd0444a6e166241172bb6e5243c7?s=96&d=mm&r=g\",\"url\":\"https:\\\/\\\/secure.gravatar.com\\\/avatar\\\/925a7e918efd3cfdae29be9c0018a3ae3275cd0444a6e166241172bb6e5243c7?s=96&d=mm&r=g\",\"contentUrl\":\"https:\\\/\\\/secure.gravatar.com\\\/avatar\\\/925a7e918efd3cfdae29be9c0018a3ae3275cd0444a6e166241172bb6e5243c7?s=96&d=mm&r=g\",\"caption\":\"admin\"},\"sameAs\":[\"https:\\\/\\\/imker-aigen.at\",\"linkedin.com\\\/in\\\/bernd-meierhofer-5919b62\"],\"url\":\"https:\\\/\\\/imker-aigen.at\\\/index.php\\\/author\\\/bmeierhofer\\\/\"}]}<\/script>\n<!-- \/ Yoast SEO plugin. -->","yoast_head_json":{"title":"Protokoll vom Stammtisch am 2.4.2024 - Imker Ortsgruppe Salzburg Aigen","description":"Zum Nachlesen eine kurze Zusammenfassung der Themen des Stammtisches am 2.4.2024","robots":{"index":"index","follow":"follow","max-snippet":"max-snippet:-1","max-image-preview":"max-image-preview:large","max-video-preview":"max-video-preview:-1"},"canonical":"https:\/\/imker-aigen.at\/index.php\/2024\/04\/02\/protokoll-vom-stammtisch-am-2-4-2024\/","og_locale":"de_DE","og_type":"article","og_title":"Protokoll vom Stammtisch am 2.4.2024 - Imker Ortsgruppe Salzburg Aigen","og_description":"Zum Nachlesen eine kurze Zusammenfassung der Themen des Stammtisches am 2.4.2024","og_url":"https:\/\/imker-aigen.at\/index.php\/2024\/04\/02\/protokoll-vom-stammtisch-am-2-4-2024\/","og_site_name":"Imker Ortsgruppe Salzburg Aigen","article_published_time":"2024-04-02T17:00:14+00:00","article_modified_time":"2024-05-08T08:29:14+00:00","og_image":[{"width":180,"height":241,"url":"https:\/\/imker-aigen.at\/wp-content\/uploads\/2022\/08\/glasses-beer-1.jpg","type":"image\/jpeg"}],"author":"admin","twitter_card":"summary_large_image","twitter_misc":{"Verfasst von":"admin","Gesch\u00e4tzte Lesezeit":"6\u00a0Minuten"},"schema":{"@context":"https:\/\/schema.org","@graph":[{"@type":"Article","@id":"https:\/\/imker-aigen.at\/index.php\/2024\/04\/02\/protokoll-vom-stammtisch-am-2-4-2024\/#article","isPartOf":{"@id":"https:\/\/imker-aigen.at\/index.php\/2024\/04\/02\/protokoll-vom-stammtisch-am-2-4-2024\/"},"author":{"name":"admin","@id":"https:\/\/imker-aigen.at\/#\/schema\/person\/d7d0c3a8ef6f051d450781218ac83077"},"headline":"Protokoll vom Stammtisch am 2.4.2024","datePublished":"2024-04-02T17:00:14+00:00","dateModified":"2024-05-08T08:29:14+00:00","mainEntityOfPage":{"@id":"https:\/\/imker-aigen.at\/index.php\/2024\/04\/02\/protokoll-vom-stammtisch-am-2-4-2024\/"},"wordCount":1769,"commentCount":0,"publisher":{"@id":"https:\/\/imker-aigen.at\/#organization"},"image":{"@id":"https:\/\/imker-aigen.at\/index.php\/2024\/04\/02\/protokoll-vom-stammtisch-am-2-4-2024\/#primaryimage"},"thumbnailUrl":"https:\/\/imker-aigen.at\/wp-content\/uploads\/2022\/08\/glasses-beer-1.jpg","keywords":["2024","Aigen","April","Imker","Stammtisch"],"articleSection":["Alte Veranstaltungen","News"],"inLanguage":"de","potentialAction":[{"@type":"CommentAction","name":"Comment","target":["https:\/\/imker-aigen.at\/index.php\/2024\/04\/02\/protokoll-vom-stammtisch-am-2-4-2024\/#respond"]}]},{"@type":"WebPage","@id":"https:\/\/imker-aigen.at\/index.php\/2024\/04\/02\/protokoll-vom-stammtisch-am-2-4-2024\/","url":"https:\/\/imker-aigen.at\/index.php\/2024\/04\/02\/protokoll-vom-stammtisch-am-2-4-2024\/","name":"Protokoll vom Stammtisch am 2.4.2024 - Imker Ortsgruppe Salzburg Aigen","isPartOf":{"@id":"https:\/\/imker-aigen.at\/#website"},"primaryImageOfPage":{"@id":"https:\/\/imker-aigen.at\/index.php\/2024\/04\/02\/protokoll-vom-stammtisch-am-2-4-2024\/#primaryimage"},"image":{"@id":"https:\/\/imker-aigen.at\/index.php\/2024\/04\/02\/protokoll-vom-stammtisch-am-2-4-2024\/#primaryimage"},"thumbnailUrl":"https:\/\/imker-aigen.at\/wp-content\/uploads\/2022\/08\/glasses-beer-1.jpg","datePublished":"2024-04-02T17:00:14+00:00","dateModified":"2024-05-08T08:29:14+00:00","description":"Zum Nachlesen eine kurze Zusammenfassung der Themen des Stammtisches am 2.4.2024","breadcrumb":{"@id":"https:\/\/imker-aigen.at\/index.php\/2024\/04\/02\/protokoll-vom-stammtisch-am-2-4-2024\/#breadcrumb"},"inLanguage":"de","potentialAction":[{"@type":"ReadAction","target":["https:\/\/imker-aigen.at\/index.php\/2024\/04\/02\/protokoll-vom-stammtisch-am-2-4-2024\/"]}]},{"@type":"ImageObject","inLanguage":"de","@id":"https:\/\/imker-aigen.at\/index.php\/2024\/04\/02\/protokoll-vom-stammtisch-am-2-4-2024\/#primaryimage","url":"https:\/\/imker-aigen.at\/wp-content\/uploads\/2022\/08\/glasses-beer-1.jpg","contentUrl":"https:\/\/imker-aigen.at\/wp-content\/uploads\/2022\/08\/glasses-beer-1.jpg","width":180,"height":241,"caption":"Bier"},{"@type":"BreadcrumbList","@id":"https:\/\/imker-aigen.at\/index.php\/2024\/04\/02\/protokoll-vom-stammtisch-am-2-4-2024\/#breadcrumb","itemListElement":[{"@type":"ListItem","position":1,"name":"Startseite","item":"https:\/\/imker-aigen.at\/index.php\/home\/"},{"@type":"ListItem","position":2,"name":"Protokoll vom Stammtisch am 2.4.2024"}]},{"@type":"WebSite","@id":"https:\/\/imker-aigen.at\/#website","url":"https:\/\/imker-aigen.at\/","name":"Imker Ortsgruppe Salzburg Aigen","description":"Homepage der Imker-Ortsgruppe Salzburg Aigen","publisher":{"@id":"https:\/\/imker-aigen.at\/#organization"},"potentialAction":[{"@type":"SearchAction","target":{"@type":"EntryPoint","urlTemplate":"https:\/\/imker-aigen.at\/?s={search_term_string}"},"query-input":{"@type":"PropertyValueSpecification","valueRequired":true,"valueName":"search_term_string"}}],"inLanguage":"de"},{"@type":"Organization","@id":"https:\/\/imker-aigen.at\/#organization","name":"Imker Ortsgruppe Salzburg Aigen","url":"https:\/\/imker-aigen.at\/","logo":{"@type":"ImageObject","inLanguage":"de","@id":"https:\/\/imker-aigen.at\/#\/schema\/logo\/image\/","url":"https:\/\/imker-aigen.at\/wp-content\/uploads\/2022\/08\/logo-1.png","contentUrl":"https:\/\/imker-aigen.at\/wp-content\/uploads\/2022\/08\/logo-1.png","width":392,"height":156,"caption":"Imker Ortsgruppe Salzburg Aigen"},"image":{"@id":"https:\/\/imker-aigen.at\/#\/schema\/logo\/image\/"}},{"@type":"Person","@id":"https:\/\/imker-aigen.at\/#\/schema\/person\/d7d0c3a8ef6f051d450781218ac83077","name":"admin","image":{"@type":"ImageObject","inLanguage":"de","@id":"https:\/\/secure.gravatar.com\/avatar\/925a7e918efd3cfdae29be9c0018a3ae3275cd0444a6e166241172bb6e5243c7?s=96&d=mm&r=g","url":"https:\/\/secure.gravatar.com\/avatar\/925a7e918efd3cfdae29be9c0018a3ae3275cd0444a6e166241172bb6e5243c7?s=96&d=mm&r=g","contentUrl":"https:\/\/secure.gravatar.com\/avatar\/925a7e918efd3cfdae29be9c0018a3ae3275cd0444a6e166241172bb6e5243c7?s=96&d=mm&r=g","caption":"admin"},"sameAs":["https:\/\/imker-aigen.at","linkedin.com\/in\/bernd-meierhofer-5919b62"],"url":"https:\/\/imker-aigen.at\/index.php\/author\/bmeierhofer\/"}]}},"_links":{"self":[{"href":"https:\/\/imker-aigen.at\/index.php\/wp-json\/wp\/v2\/posts\/5525","targetHints":{"allow":["GET"]}}],"collection":[{"href":"https:\/\/imker-aigen.at\/index.php\/wp-json\/wp\/v2\/posts"}],"about":[{"href":"https:\/\/imker-aigen.at\/index.php\/wp-json\/wp\/v2\/types\/post"}],"author":[{"embeddable":true,"href":"https:\/\/imker-aigen.at\/index.php\/wp-json\/wp\/v2\/users\/1"}],"replies":[{"embeddable":true,"href":"https:\/\/imker-aigen.at\/index.php\/wp-json\/wp\/v2\/comments?post=5525"}],"version-history":[{"count":26,"href":"https:\/\/imker-aigen.at\/index.php\/wp-json\/wp\/v2\/posts\/5525\/revisions"}],"predecessor-version":[{"id":5794,"href":"https:\/\/imker-aigen.at\/index.php\/wp-json\/wp\/v2\/posts\/5525\/revisions\/5794"}],"wp:featuredmedia":[{"embeddable":true,"href":"https:\/\/imker-aigen.at\/index.php\/wp-json\/wp\/v2\/media\/621"}],"wp:attachment":[{"href":"https:\/\/imker-aigen.at\/index.php\/wp-json\/wp\/v2\/media?parent=5525"}],"wp:term":[{"taxonomy":"category","embeddable":true,"href":"https:\/\/imker-aigen.at\/index.php\/wp-json\/wp\/v2\/categories?post=5525"},{"taxonomy":"post_tag","embeddable":true,"href":"https:\/\/imker-aigen.at\/index.php\/wp-json\/wp\/v2\/tags?post=5525"}],"curies":[{"name":"wp","href":"https:\/\/api.w.org\/{rel}","templated":true}]}}