{"id":5562,"date":"2024-04-09T12:35:20","date_gmt":"2024-04-09T10:35:20","guid":{"rendered":"https:\/\/imker-aigen.at\/?p=5562"},"modified":"2024-04-16T13:51:58","modified_gmt":"2024-04-16T11:51:58","slug":"erste-sichtung-der-vespa-velutina-im-salzburger-stadtgebiet","status":"publish","type":"post","link":"https:\/\/imker-aigen.at\/index.php\/2024\/04\/09\/erste-sichtung-der-vespa-velutina-im-salzburger-stadtgebiet\/","title":{"rendered":"Erste Sichtung der Vespa Velutina im Salzburger Stadtgebiet"},"content":{"rendered":"<div  class='flex_column av-32c64a-0c7cdafee1817218ac15168322b03720 av_one_full  avia-builder-el-0  avia-builder-el-no-sibling  first flex_column_div  '     ><p>\n<style type=\"text\/css\" data-created_by=\"avia_inline_auto\" id=\"style-css-av-lus8w78v-a30bae61aaaa14a0d5e8f0af8f6ccf4f\">\n#top .av-special-heading.av-lus8w78v-a30bae61aaaa14a0d5e8f0af8f6ccf4f{\npadding-bottom:10px;\n}\nbody .av-special-heading.av-lus8w78v-a30bae61aaaa14a0d5e8f0af8f6ccf4f .av-special-heading-tag .heading-char{\nfont-size:25px;\n}\n.av-special-heading.av-lus8w78v-a30bae61aaaa14a0d5e8f0af8f6ccf4f .av-subheading{\nfont-size:15px;\n}\n<\/style>\n<div  class='av-special-heading av-lus8w78v-a30bae61aaaa14a0d5e8f0af8f6ccf4f av-special-heading-h3 blockquote modern-quote modern-centered  avia-builder-el-1  el_before_av_image  avia-builder-el-first '><h3 class='av-special-heading-tag '  itemprop=\"headline\"  >Erste Sichtung der Vespa Velutina im Salzburger Stadtgebiet am 9.4.2024<\/h3><div class=\"special-heading-border\"><div class=\"special-heading-inner-border\"><\/div><\/div><\/div><br \/>\n\n<style type=\"text\/css\" data-created_by=\"avia_inline_auto\" id=\"style-css-av-lus9497p-4d61e3b9792c199fe43e7b9c4ca27ee8\">\n.avia-image-container.av-lus9497p-4d61e3b9792c199fe43e7b9c4ca27ee8 img.avia_image{\nbox-shadow:none;\n}\n.avia-image-container.av-lus9497p-4d61e3b9792c199fe43e7b9c4ca27ee8 .av-caption-image-overlay-bg{\nopacity:0.4;\nbackground-color:#000000;\n}\n.avia-image-container.av-lus9497p-4d61e3b9792c199fe43e7b9c4ca27ee8 .av-image-caption-overlay-center{\ncolor:#ffffff;\n}\n<\/style>\n<div  class='avia-image-container av-lus9497p-4d61e3b9792c199fe43e7b9c4ca27ee8 av-styling- avia-align-center  avia-builder-el-2  el_after_av_heading  el_before_av_hr  noHover av-overlay-hover-deactivate'   itemprop=\"image\" itemscope=\"itemscope\" itemtype=\"https:\/\/schema.org\/ImageObject\" ><div class=\"avia-image-container-inner\"><div class=\"avia-image-overlay-wrap\"><div class=\"av-image-caption-overlay\"><div class=\"av-caption-image-overlay-bg\"><\/div><div class=\"av-image-caption-overlay-position\"><div class=\"av-image-caption-overlay-center\"><p>Vespa velutina (asiatische Hornisse)<\/p>\n<\/div><\/div><\/div><img decoding=\"async\" fetchpriority=\"high\" class='wp-image-1681 avia-img-lazy-loading-not-1681 avia_image ' src=\"https:\/\/imker-aigen.at\/wp-content\/uploads\/2022\/10\/vespa_velutina3-495x400.jpg\" alt='Vespa velutina - Zum ersten Mal in Salzburg \/ \u00d6sterreich' title='Vespa Velutina'  height=\"400\" width=\"495\"  itemprop=\"thumbnailUrl\"  \/><\/div><\/div><\/div><br \/>\n\n<style type=\"text\/css\" data-created_by=\"avia_inline_auto\" id=\"style-css-av-lus8vodr-8f6b74a79342c3e5ccf0c15ea7157f64\">\n#top .hr.av-lus8vodr-8f6b74a79342c3e5ccf0c15ea7157f64{\nmargin-top:30px;\nmargin-bottom:30px;\n}\n.hr.av-lus8vodr-8f6b74a79342c3e5ccf0c15ea7157f64 .hr-inner{\nwidth:50px;\nmax-width:45%;\n}\n<\/style>\n<div  class='hr av-lus8vodr-8f6b74a79342c3e5ccf0c15ea7157f64 hr-custom  avia-builder-el-3  el_after_av_image  el_before_av_textblock  hr-center hr-icon-yes'><span class='hr-inner inner-border-av-border-thin'><span class=\"hr-inner-style\"><\/span><\/span><span class='av-seperator-icon avia-iconfont avia-font-entypo-fontello' data-av_icon='\ue8bf' data-av_iconfont='entypo-fontello' ><\/span><span class='hr-inner inner-border-av-border-thin'><span class=\"hr-inner-style\"><\/span><\/span><\/div><br \/>\n<section  class='av_textblock_section av-lus917s2-f752d48a2bbfdc366bdfcf18ce59fc4e '   itemscope=\"itemscope\" itemtype=\"https:\/\/schema.org\/BlogPosting\" itemprop=\"blogPost\" ><div class='avia_textblock'  itemprop=\"text\" ><p>Am <strong>9.4.2024<\/strong> gab es die erste Sichtung einer Vespa velutina (asiatische Hornisse) im Stadtgebiet von Salzburg.\u00a0 <strong>Die Vespa velutina wurde damit auch zum ersten Mal in \u00d6sterreich gesichtet.<\/strong> Es bleibt zu hoffen, dass es vorerst bei diesem ersten Tier bleibt. Die Imkerinnen und Imker im Stadtgebiet von Salzburg sind nun aber zu besonderer Wachsamkeit aufgerufen. Jede Sichtung ist sofort zu melden (siehe auch <a href=\"https:\/\/imker-aigen.at\/index.php\/2024\/02\/03\/exotische-bienenschaedlinge\/\">&#8222;Exotische Bienensch\u00e4dlinge&#8220;<\/a>)!<\/p>\n<blockquote>\n<p><strong>Ein Team des Salzburger Landesverbandes f\u00fcr Imkerei und Bienenzucht k\u00fcmmert sich derzeit um die weiteren notwendigen Schritte. Sobald es neue Informationen gibt, wird der Landesverband informieren.<\/strong><\/p>\n<\/blockquote>\n<p>Meldeweg bei Fund einer Vespa velutina:<\/p>\n<ol>\n<li>\u00d6sterreichweite Meldeplattform: <a href=\"https:\/\/www.bienengesundheit.at\/bekaempfung-vespa-velutina\">https:\/\/www.bienengesundheit.at\/bekaempfung-vespa-velutina<\/a><br \/>\nDiese Meldeplattform ist auch \u00fcber <a href=\"http:\/\/velutinamelden.at\" target=\"_blank\" rel=\"noopener\">velutinamelden.at<\/a> oder <a href=\"http:\/\/velutina-melden.at\" target=\"_blank\" rel=\"noopener\">velutina-melden.at<\/a> zu erreichen!<\/li>\n<li>Koordination in Salzburg = <a href=\"https:\/\/imkerhof-salzburg.at\/bienen\/\">Imkerhof Salzburg<\/a>: <a href=\"https:\/\/www.salzburg.gv.at\/themen\/aw\/asiatische-hornisse\">https:\/\/www.salzburg.gv.at\/themen\/aw\/asiatische-hornisse<\/a><br \/>\n&#8211; Email <a href=\"https:\/\/imkerhof-salzburg.at\/bienen\/\">Imkerhof Salzburg<\/a>: <a href=\"mailto:info@imkerhof-salzburg.at\">info@imkerhof-salzburg.at<\/a><br \/>\n&#8211; Hotline <a href=\"https:\/\/imkerhof-salzburg.at\/bienen\/\">Imkerhof Salzburg<\/a>: 0664 990 255 39<\/li>\n<\/ol>\n<p>Diese Informationen sind nun auch unter dem eigens eingerichteten Link &#8222;<a href=\"https:\/\/imkerhof-salzburg.at\/bienen\/vespa-velutina\/\">Asiatische Hornisse Melden<\/a>&#8220; auf der Website des <a href=\"https:\/\/imkerhof-salzburg.at\/bienen\/\">Imkerhofes Salzburg<\/a> zu finden.<\/p>\n<p><strong>Keine Meldung an private Meldeplattformen!<\/strong><\/p>\n<p>Am <strong>16.4.2024<\/strong> wurde vom <a href=\"https:\/\/www.salzburg.gv.at\/\">Land Salzburg<\/a> ein Bericht \u00fcber den Fund der Vespa velutina ver\u00f6ffentlicht.<br \/>\n<a href=\"https:\/\/service.salzburg.gv.at\/lkorrj\/detail?nachrid=69857\">&gt;&#8220;Asiatische Hornisse bedroht heimische Bienenarten&#8220;&lt;<\/a><\/p>\n<h3>Aus gegebenem Anlass und in eigener Sache:<\/h3>\n<p><strong>Der Imkerverein Salzburg Aigen ist seit der Ver\u00f6ffentlichung der ersten Artikel auf unserer Homepage (<a href=\"https:\/\/imker-aigen.at\">https:\/\/imker-aigen.at<\/a>) um eine objektive und neutrale Berichterstattung bem\u00fcht. Wir sind stets bem\u00fcht, unsere Artikel von unabh\u00e4ngigen und fachkundigen Personen \u00fcberpr\u00fcfen zu lassen. So auch bei unserer Berichterstattung \u00fcber die Vespa velutina. Wir berichten seit geraumer Zeit \u00fcber den Vormarsch der Vespa velutina in Europa.<\/strong><\/p>\n<blockquote>\n<p>Die hier ver\u00f6ffentlichten Informationen sind mit dem Vespa velutina Koordinationsteam am <a href=\"https:\/\/imkerhof-salzburg.at\/bienen\/\">Imkerhof Salzburg<\/a> abgestimmt und freigegeben.<\/p>\n<\/blockquote>\n<p><strong>Sollten falsche Informationen verbreitet und mit uns in Verbindung gebracht werden, distanzieren wir uns ausdr\u00fccklich davon und behalten uns allf\u00e4llige weitere Schritte vor.<\/strong><\/p>\n<\/div><\/section><\/p><\/div>\n","protected":false},"excerpt":{"rendered":"","protected":false},"author":1,"featured_media":1681,"comment_status":"open","ping_status":"closed","sticky":false,"template":"","format":"standard","meta":{"footnotes":""},"categories":[2],"tags":[96,180,182,181,138,175,183,86],"class_list":["post-5562","post","type-post","status-publish","format-standard","has-post-thumbnail","hentry","category-news","tag-asiatische-hornisse","tag-erste-sichtung","tag-meldeplattform","tag-oesterreich","tag-salzburg","tag-salzburg-stadtgebiet","tag-velutinamelden","tag-vespa-velutina"],"yoast_head":"<!-- This site is optimized with the Yoast SEO plugin v27.5 - https:\/\/yoast.com\/product\/yoast-seo-wordpress\/ -->\n<title>Erste Sichtung der Vespa Velutina im Salzburger Stadtgebiet - Imker Ortsgruppe Salzburg Aigen<\/title>\n<meta name=\"description\" content=\"Im Salzburger Stadtgebiet wurde nun die erste Vespa Velutina (asiatische Hornisse) gesichtet. Und damit auch zum ersten Mal in \u00d6sterreich!\" \/>\n<meta name=\"robots\" content=\"index, follow, max-snippet:-1, max-image-preview:large, max-video-preview:-1\" \/>\n<link rel=\"canonical\" href=\"https:\/\/imker-aigen.at\/index.php\/2024\/04\/09\/erste-sichtung-der-vespa-velutina-im-salzburger-stadtgebiet\/\" \/>\n<meta property=\"og:locale\" content=\"de_DE\" \/>\n<meta property=\"og:type\" content=\"article\" \/>\n<meta property=\"og:title\" content=\"Erste Sichtung der Vespa Velutina im Salzburger Stadtgebiet - Imker Ortsgruppe Salzburg Aigen\" \/>\n<meta property=\"og:description\" content=\"Im Salzburger Stadtgebiet wurde nun die erste Vespa Velutina (asiatische Hornisse) gesichtet. Und damit auch zum ersten Mal in \u00d6sterreich!\" \/>\n<meta property=\"og:url\" content=\"https:\/\/imker-aigen.at\/index.php\/2024\/04\/09\/erste-sichtung-der-vespa-velutina-im-salzburger-stadtgebiet\/\" \/>\n<meta property=\"og:site_name\" content=\"Imker Ortsgruppe Salzburg Aigen\" \/>\n<meta property=\"article:published_time\" content=\"2024-04-09T10:35:20+00:00\" \/>\n<meta property=\"article:modified_time\" content=\"2024-04-16T11:51:58+00:00\" \/>\n<meta property=\"og:image\" content=\"https:\/\/imker-aigen.at\/wp-content\/uploads\/2022\/10\/vespa_velutina3.jpg\" \/>\n\t<meta property=\"og:image:width\" content=\"745\" \/>\n\t<meta property=\"og:image:height\" content=\"448\" \/>\n\t<meta property=\"og:image:type\" content=\"image\/jpeg\" \/>\n<meta name=\"author\" content=\"admin\" \/>\n<meta name=\"twitter:card\" content=\"summary_large_image\" \/>\n<meta name=\"twitter:label1\" content=\"Verfasst von\" \/>\n\t<meta name=\"twitter:data1\" content=\"admin\" \/>\n\t<meta name=\"twitter:label2\" content=\"Gesch\u00e4tzte Lesezeit\" \/>\n\t<meta name=\"twitter:data2\" content=\"2\u00a0Minuten\" \/>\n<script type=\"application\/ld+json\" class=\"yoast-schema-graph\">{\"@context\":\"https:\\\/\\\/schema.org\",\"@graph\":[{\"@type\":\"Article\",\"@id\":\"https:\\\/\\\/imker-aigen.at\\\/index.php\\\/2024\\\/04\\\/09\\\/erste-sichtung-der-vespa-velutina-im-salzburger-stadtgebiet\\\/#article\",\"isPartOf\":{\"@id\":\"https:\\\/\\\/imker-aigen.at\\\/index.php\\\/2024\\\/04\\\/09\\\/erste-sichtung-der-vespa-velutina-im-salzburger-stadtgebiet\\\/\"},\"author\":{\"name\":\"admin\",\"@id\":\"https:\\\/\\\/imker-aigen.at\\\/#\\\/schema\\\/person\\\/d7d0c3a8ef6f051d450781218ac83077\"},\"headline\":\"Erste Sichtung der Vespa Velutina im Salzburger Stadtgebiet\",\"datePublished\":\"2024-04-09T10:35:20+00:00\",\"dateModified\":\"2024-04-16T11:51:58+00:00\",\"mainEntityOfPage\":{\"@id\":\"https:\\\/\\\/imker-aigen.at\\\/index.php\\\/2024\\\/04\\\/09\\\/erste-sichtung-der-vespa-velutina-im-salzburger-stadtgebiet\\\/\"},\"wordCount\":1180,\"commentCount\":0,\"publisher\":{\"@id\":\"https:\\\/\\\/imker-aigen.at\\\/#organization\"},\"image\":{\"@id\":\"https:\\\/\\\/imker-aigen.at\\\/index.php\\\/2024\\\/04\\\/09\\\/erste-sichtung-der-vespa-velutina-im-salzburger-stadtgebiet\\\/#primaryimage\"},\"thumbnailUrl\":\"https:\\\/\\\/imker-aigen.at\\\/wp-content\\\/uploads\\\/2022\\\/10\\\/vespa_velutina3.jpg\",\"keywords\":[\"Asiatische Hornisse\",\"Erste Sichtung\",\"Meldeplattform\",\"\u00d6sterreich\",\"Salzburg\",\"Salzburg Stadtgebiet\",\"velutinamelden\",\"Vespa velutina\"],\"articleSection\":[\"News\"],\"inLanguage\":\"de\",\"potentialAction\":[{\"@type\":\"CommentAction\",\"name\":\"Comment\",\"target\":[\"https:\\\/\\\/imker-aigen.at\\\/index.php\\\/2024\\\/04\\\/09\\\/erste-sichtung-der-vespa-velutina-im-salzburger-stadtgebiet\\\/#respond\"]}]},{\"@type\":\"WebPage\",\"@id\":\"https:\\\/\\\/imker-aigen.at\\\/index.php\\\/2024\\\/04\\\/09\\\/erste-sichtung-der-vespa-velutina-im-salzburger-stadtgebiet\\\/\",\"url\":\"https:\\\/\\\/imker-aigen.at\\\/index.php\\\/2024\\\/04\\\/09\\\/erste-sichtung-der-vespa-velutina-im-salzburger-stadtgebiet\\\/\",\"name\":\"Erste Sichtung der Vespa Velutina im Salzburger Stadtgebiet - Imker Ortsgruppe Salzburg Aigen\",\"isPartOf\":{\"@id\":\"https:\\\/\\\/imker-aigen.at\\\/#website\"},\"primaryImageOfPage\":{\"@id\":\"https:\\\/\\\/imker-aigen.at\\\/index.php\\\/2024\\\/04\\\/09\\\/erste-sichtung-der-vespa-velutina-im-salzburger-stadtgebiet\\\/#primaryimage\"},\"image\":{\"@id\":\"https:\\\/\\\/imker-aigen.at\\\/index.php\\\/2024\\\/04\\\/09\\\/erste-sichtung-der-vespa-velutina-im-salzburger-stadtgebiet\\\/#primaryimage\"},\"thumbnailUrl\":\"https:\\\/\\\/imker-aigen.at\\\/wp-content\\\/uploads\\\/2022\\\/10\\\/vespa_velutina3.jpg\",\"datePublished\":\"2024-04-09T10:35:20+00:00\",\"dateModified\":\"2024-04-16T11:51:58+00:00\",\"description\":\"Im Salzburger Stadtgebiet wurde nun die erste Vespa Velutina (asiatische Hornisse) gesichtet. Und damit auch zum ersten Mal in \u00d6sterreich!\",\"breadcrumb\":{\"@id\":\"https:\\\/\\\/imker-aigen.at\\\/index.php\\\/2024\\\/04\\\/09\\\/erste-sichtung-der-vespa-velutina-im-salzburger-stadtgebiet\\\/#breadcrumb\"},\"inLanguage\":\"de\",\"potentialAction\":[{\"@type\":\"ReadAction\",\"target\":[\"https:\\\/\\\/imker-aigen.at\\\/index.php\\\/2024\\\/04\\\/09\\\/erste-sichtung-der-vespa-velutina-im-salzburger-stadtgebiet\\\/\"]}]},{\"@type\":\"ImageObject\",\"inLanguage\":\"de\",\"@id\":\"https:\\\/\\\/imker-aigen.at\\\/index.php\\\/2024\\\/04\\\/09\\\/erste-sichtung-der-vespa-velutina-im-salzburger-stadtgebiet\\\/#primaryimage\",\"url\":\"https:\\\/\\\/imker-aigen.at\\\/wp-content\\\/uploads\\\/2022\\\/10\\\/vespa_velutina3.jpg\",\"contentUrl\":\"https:\\\/\\\/imker-aigen.at\\\/wp-content\\\/uploads\\\/2022\\\/10\\\/vespa_velutina3.jpg\",\"width\":745,\"height\":448,\"caption\":\"Vespa Velutina\"},{\"@type\":\"BreadcrumbList\",\"@id\":\"https:\\\/\\\/imker-aigen.at\\\/index.php\\\/2024\\\/04\\\/09\\\/erste-sichtung-der-vespa-velutina-im-salzburger-stadtgebiet\\\/#breadcrumb\",\"itemListElement\":[{\"@type\":\"ListItem\",\"position\":1,\"name\":\"Startseite\",\"item\":\"https:\\\/\\\/imker-aigen.at\\\/index.php\\\/home\\\/\"},{\"@type\":\"ListItem\",\"position\":2,\"name\":\"Erste Sichtung der Vespa Velutina im Salzburger Stadtgebiet\"}]},{\"@type\":\"WebSite\",\"@id\":\"https:\\\/\\\/imker-aigen.at\\\/#website\",\"url\":\"https:\\\/\\\/imker-aigen.at\\\/\",\"name\":\"Imker Ortsgruppe Salzburg Aigen\",\"description\":\"Homepage der Imker-Ortsgruppe Salzburg Aigen\",\"publisher\":{\"@id\":\"https:\\\/\\\/imker-aigen.at\\\/#organization\"},\"potentialAction\":[{\"@type\":\"SearchAction\",\"target\":{\"@type\":\"EntryPoint\",\"urlTemplate\":\"https:\\\/\\\/imker-aigen.at\\\/?s={search_term_string}\"},\"query-input\":{\"@type\":\"PropertyValueSpecification\",\"valueRequired\":true,\"valueName\":\"search_term_string\"}}],\"inLanguage\":\"de\"},{\"@type\":\"Organization\",\"@id\":\"https:\\\/\\\/imker-aigen.at\\\/#organization\",\"name\":\"Imker Ortsgruppe Salzburg Aigen\",\"url\":\"https:\\\/\\\/imker-aigen.at\\\/\",\"logo\":{\"@type\":\"ImageObject\",\"inLanguage\":\"de\",\"@id\":\"https:\\\/\\\/imker-aigen.at\\\/#\\\/schema\\\/logo\\\/image\\\/\",\"url\":\"https:\\\/\\\/imker-aigen.at\\\/wp-content\\\/uploads\\\/2022\\\/08\\\/logo-1.png\",\"contentUrl\":\"https:\\\/\\\/imker-aigen.at\\\/wp-content\\\/uploads\\\/2022\\\/08\\\/logo-1.png\",\"width\":392,\"height\":156,\"caption\":\"Imker Ortsgruppe Salzburg Aigen\"},\"image\":{\"@id\":\"https:\\\/\\\/imker-aigen.at\\\/#\\\/schema\\\/logo\\\/image\\\/\"}},{\"@type\":\"Person\",\"@id\":\"https:\\\/\\\/imker-aigen.at\\\/#\\\/schema\\\/person\\\/d7d0c3a8ef6f051d450781218ac83077\",\"name\":\"admin\",\"image\":{\"@type\":\"ImageObject\",\"inLanguage\":\"de\",\"@id\":\"https:\\\/\\\/secure.gravatar.com\\\/avatar\\\/925a7e918efd3cfdae29be9c0018a3ae3275cd0444a6e166241172bb6e5243c7?s=96&d=mm&r=g\",\"url\":\"https:\\\/\\\/secure.gravatar.com\\\/avatar\\\/925a7e918efd3cfdae29be9c0018a3ae3275cd0444a6e166241172bb6e5243c7?s=96&d=mm&r=g\",\"contentUrl\":\"https:\\\/\\\/secure.gravatar.com\\\/avatar\\\/925a7e918efd3cfdae29be9c0018a3ae3275cd0444a6e166241172bb6e5243c7?s=96&d=mm&r=g\",\"caption\":\"admin\"},\"sameAs\":[\"https:\\\/\\\/imker-aigen.at\",\"linkedin.com\\\/in\\\/bernd-meierhofer-5919b62\"],\"url\":\"https:\\\/\\\/imker-aigen.at\\\/index.php\\\/author\\\/bmeierhofer\\\/\"}]}<\/script>\n<!-- \/ Yoast SEO plugin. -->","yoast_head_json":{"title":"Erste Sichtung der Vespa Velutina im Salzburger Stadtgebiet - Imker Ortsgruppe Salzburg Aigen","description":"Im Salzburger Stadtgebiet wurde nun die erste Vespa Velutina (asiatische Hornisse) gesichtet. Und damit auch zum ersten Mal in \u00d6sterreich!","robots":{"index":"index","follow":"follow","max-snippet":"max-snippet:-1","max-image-preview":"max-image-preview:large","max-video-preview":"max-video-preview:-1"},"canonical":"https:\/\/imker-aigen.at\/index.php\/2024\/04\/09\/erste-sichtung-der-vespa-velutina-im-salzburger-stadtgebiet\/","og_locale":"de_DE","og_type":"article","og_title":"Erste Sichtung der Vespa Velutina im Salzburger Stadtgebiet - Imker Ortsgruppe Salzburg Aigen","og_description":"Im Salzburger Stadtgebiet wurde nun die erste Vespa Velutina (asiatische Hornisse) gesichtet. Und damit auch zum ersten Mal in \u00d6sterreich!","og_url":"https:\/\/imker-aigen.at\/index.php\/2024\/04\/09\/erste-sichtung-der-vespa-velutina-im-salzburger-stadtgebiet\/","og_site_name":"Imker Ortsgruppe Salzburg Aigen","article_published_time":"2024-04-09T10:35:20+00:00","article_modified_time":"2024-04-16T11:51:58+00:00","og_image":[{"width":745,"height":448,"url":"https:\/\/imker-aigen.at\/wp-content\/uploads\/2022\/10\/vespa_velutina3.jpg","type":"image\/jpeg"}],"author":"admin","twitter_card":"summary_large_image","twitter_misc":{"Verfasst von":"admin","Gesch\u00e4tzte Lesezeit":"2\u00a0Minuten"},"schema":{"@context":"https:\/\/schema.org","@graph":[{"@type":"Article","@id":"https:\/\/imker-aigen.at\/index.php\/2024\/04\/09\/erste-sichtung-der-vespa-velutina-im-salzburger-stadtgebiet\/#article","isPartOf":{"@id":"https:\/\/imker-aigen.at\/index.php\/2024\/04\/09\/erste-sichtung-der-vespa-velutina-im-salzburger-stadtgebiet\/"},"author":{"name":"admin","@id":"https:\/\/imker-aigen.at\/#\/schema\/person\/d7d0c3a8ef6f051d450781218ac83077"},"headline":"Erste Sichtung der Vespa Velutina im Salzburger Stadtgebiet","datePublished":"2024-04-09T10:35:20+00:00","dateModified":"2024-04-16T11:51:58+00:00","mainEntityOfPage":{"@id":"https:\/\/imker-aigen.at\/index.php\/2024\/04\/09\/erste-sichtung-der-vespa-velutina-im-salzburger-stadtgebiet\/"},"wordCount":1180,"commentCount":0,"publisher":{"@id":"https:\/\/imker-aigen.at\/#organization"},"image":{"@id":"https:\/\/imker-aigen.at\/index.php\/2024\/04\/09\/erste-sichtung-der-vespa-velutina-im-salzburger-stadtgebiet\/#primaryimage"},"thumbnailUrl":"https:\/\/imker-aigen.at\/wp-content\/uploads\/2022\/10\/vespa_velutina3.jpg","keywords":["Asiatische Hornisse","Erste Sichtung","Meldeplattform","\u00d6sterreich","Salzburg","Salzburg Stadtgebiet","velutinamelden","Vespa velutina"],"articleSection":["News"],"inLanguage":"de","potentialAction":[{"@type":"CommentAction","name":"Comment","target":["https:\/\/imker-aigen.at\/index.php\/2024\/04\/09\/erste-sichtung-der-vespa-velutina-im-salzburger-stadtgebiet\/#respond"]}]},{"@type":"WebPage","@id":"https:\/\/imker-aigen.at\/index.php\/2024\/04\/09\/erste-sichtung-der-vespa-velutina-im-salzburger-stadtgebiet\/","url":"https:\/\/imker-aigen.at\/index.php\/2024\/04\/09\/erste-sichtung-der-vespa-velutina-im-salzburger-stadtgebiet\/","name":"Erste Sichtung der Vespa Velutina im Salzburger Stadtgebiet - Imker Ortsgruppe Salzburg Aigen","isPartOf":{"@id":"https:\/\/imker-aigen.at\/#website"},"primaryImageOfPage":{"@id":"https:\/\/imker-aigen.at\/index.php\/2024\/04\/09\/erste-sichtung-der-vespa-velutina-im-salzburger-stadtgebiet\/#primaryimage"},"image":{"@id":"https:\/\/imker-aigen.at\/index.php\/2024\/04\/09\/erste-sichtung-der-vespa-velutina-im-salzburger-stadtgebiet\/#primaryimage"},"thumbnailUrl":"https:\/\/imker-aigen.at\/wp-content\/uploads\/2022\/10\/vespa_velutina3.jpg","datePublished":"2024-04-09T10:35:20+00:00","dateModified":"2024-04-16T11:51:58+00:00","description":"Im Salzburger Stadtgebiet wurde nun die erste Vespa Velutina (asiatische Hornisse) gesichtet. Und damit auch zum ersten Mal in \u00d6sterreich!","breadcrumb":{"@id":"https:\/\/imker-aigen.at\/index.php\/2024\/04\/09\/erste-sichtung-der-vespa-velutina-im-salzburger-stadtgebiet\/#breadcrumb"},"inLanguage":"de","potentialAction":[{"@type":"ReadAction","target":["https:\/\/imker-aigen.at\/index.php\/2024\/04\/09\/erste-sichtung-der-vespa-velutina-im-salzburger-stadtgebiet\/"]}]},{"@type":"ImageObject","inLanguage":"de","@id":"https:\/\/imker-aigen.at\/index.php\/2024\/04\/09\/erste-sichtung-der-vespa-velutina-im-salzburger-stadtgebiet\/#primaryimage","url":"https:\/\/imker-aigen.at\/wp-content\/uploads\/2022\/10\/vespa_velutina3.jpg","contentUrl":"https:\/\/imker-aigen.at\/wp-content\/uploads\/2022\/10\/vespa_velutina3.jpg","width":745,"height":448,"caption":"Vespa Velutina"},{"@type":"BreadcrumbList","@id":"https:\/\/imker-aigen.at\/index.php\/2024\/04\/09\/erste-sichtung-der-vespa-velutina-im-salzburger-stadtgebiet\/#breadcrumb","itemListElement":[{"@type":"ListItem","position":1,"name":"Startseite","item":"https:\/\/imker-aigen.at\/index.php\/home\/"},{"@type":"ListItem","position":2,"name":"Erste Sichtung der Vespa Velutina im Salzburger Stadtgebiet"}]},{"@type":"WebSite","@id":"https:\/\/imker-aigen.at\/#website","url":"https:\/\/imker-aigen.at\/","name":"Imker Ortsgruppe Salzburg Aigen","description":"Homepage der Imker-Ortsgruppe Salzburg Aigen","publisher":{"@id":"https:\/\/imker-aigen.at\/#organization"},"potentialAction":[{"@type":"SearchAction","target":{"@type":"EntryPoint","urlTemplate":"https:\/\/imker-aigen.at\/?s={search_term_string}"},"query-input":{"@type":"PropertyValueSpecification","valueRequired":true,"valueName":"search_term_string"}}],"inLanguage":"de"},{"@type":"Organization","@id":"https:\/\/imker-aigen.at\/#organization","name":"Imker Ortsgruppe Salzburg Aigen","url":"https:\/\/imker-aigen.at\/","logo":{"@type":"ImageObject","inLanguage":"de","@id":"https:\/\/imker-aigen.at\/#\/schema\/logo\/image\/","url":"https:\/\/imker-aigen.at\/wp-content\/uploads\/2022\/08\/logo-1.png","contentUrl":"https:\/\/imker-aigen.at\/wp-content\/uploads\/2022\/08\/logo-1.png","width":392,"height":156,"caption":"Imker Ortsgruppe Salzburg Aigen"},"image":{"@id":"https:\/\/imker-aigen.at\/#\/schema\/logo\/image\/"}},{"@type":"Person","@id":"https:\/\/imker-aigen.at\/#\/schema\/person\/d7d0c3a8ef6f051d450781218ac83077","name":"admin","image":{"@type":"ImageObject","inLanguage":"de","@id":"https:\/\/secure.gravatar.com\/avatar\/925a7e918efd3cfdae29be9c0018a3ae3275cd0444a6e166241172bb6e5243c7?s=96&d=mm&r=g","url":"https:\/\/secure.gravatar.com\/avatar\/925a7e918efd3cfdae29be9c0018a3ae3275cd0444a6e166241172bb6e5243c7?s=96&d=mm&r=g","contentUrl":"https:\/\/secure.gravatar.com\/avatar\/925a7e918efd3cfdae29be9c0018a3ae3275cd0444a6e166241172bb6e5243c7?s=96&d=mm&r=g","caption":"admin"},"sameAs":["https:\/\/imker-aigen.at","linkedin.com\/in\/bernd-meierhofer-5919b62"],"url":"https:\/\/imker-aigen.at\/index.php\/author\/bmeierhofer\/"}]}},"_links":{"self":[{"href":"https:\/\/imker-aigen.at\/index.php\/wp-json\/wp\/v2\/posts\/5562","targetHints":{"allow":["GET"]}}],"collection":[{"href":"https:\/\/imker-aigen.at\/index.php\/wp-json\/wp\/v2\/posts"}],"about":[{"href":"https:\/\/imker-aigen.at\/index.php\/wp-json\/wp\/v2\/types\/post"}],"author":[{"embeddable":true,"href":"https:\/\/imker-aigen.at\/index.php\/wp-json\/wp\/v2\/users\/1"}],"replies":[{"embeddable":true,"href":"https:\/\/imker-aigen.at\/index.php\/wp-json\/wp\/v2\/comments?post=5562"}],"version-history":[{"count":22,"href":"https:\/\/imker-aigen.at\/index.php\/wp-json\/wp\/v2\/posts\/5562\/revisions"}],"predecessor-version":[{"id":5653,"href":"https:\/\/imker-aigen.at\/index.php\/wp-json\/wp\/v2\/posts\/5562\/revisions\/5653"}],"wp:featuredmedia":[{"embeddable":true,"href":"https:\/\/imker-aigen.at\/index.php\/wp-json\/wp\/v2\/media\/1681"}],"wp:attachment":[{"href":"https:\/\/imker-aigen.at\/index.php\/wp-json\/wp\/v2\/media?parent=5562"}],"wp:term":[{"taxonomy":"category","embeddable":true,"href":"https:\/\/imker-aigen.at\/index.php\/wp-json\/wp\/v2\/categories?post=5562"},{"taxonomy":"post_tag","embeddable":true,"href":"https:\/\/imker-aigen.at\/index.php\/wp-json\/wp\/v2\/tags?post=5562"}],"curies":[{"name":"wp","href":"https:\/\/api.w.org\/{rel}","templated":true}]}}