{"id":5791,"date":"2024-05-07T19:00:20","date_gmt":"2024-05-07T17:00:20","guid":{"rendered":"https:\/\/imker-aigen.at\/?p=5791"},"modified":"2024-05-11T11:43:59","modified_gmt":"2024-05-11T09:43:59","slug":"protokoll-vom-stammtisch-am-7-5-2024","status":"publish","type":"post","link":"https:\/\/imker-aigen.at\/index.php\/2024\/05\/07\/protokoll-vom-stammtisch-am-7-5-2024\/","title":{"rendered":"Protokoll vom Stammtisch am 7.5.2024"},"content":{"rendered":"<div  class='flex_column av-67x1db-07d8f598917320d515c8d60d921febd7 av_one_full  avia-builder-el-0  avia-builder-el-no-sibling  first flex_column_div  '     ><p>\n<style type=\"text\/css\" data-created_by=\"avia_inline_auto\" id=\"style-css-av-lvxjxvau-eda34b67fca1180bf50895cf224f815d\">\n#top .av-special-heading.av-lvxjxvau-eda34b67fca1180bf50895cf224f815d{\npadding-bottom:10px;\n}\nbody .av-special-heading.av-lvxjxvau-eda34b67fca1180bf50895cf224f815d .av-special-heading-tag .heading-char{\nfont-size:25px;\n}\n.av-special-heading.av-lvxjxvau-eda34b67fca1180bf50895cf224f815d .av-subheading{\nfont-size:15px;\n}\n<\/style>\n<div  class='av-special-heading av-lvxjxvau-eda34b67fca1180bf50895cf224f815d av-special-heading-h3 blockquote modern-quote modern-centered  avia-builder-el-1  el_before_av_hr  avia-builder-el-first '><h3 class='av-special-heading-tag '  itemprop=\"headline\"  >Protokoll vom Stammtisch am 7.5.2024<\/h3><div class=\"special-heading-border\"><div class=\"special-heading-inner-border\"><\/div><\/div><\/div><br \/>\n\n<style type=\"text\/css\" data-created_by=\"avia_inline_auto\" id=\"style-css-av-lvxjy26a-686cdd999952872e4618e6d46ae9ba05\">\n#top .hr.av-lvxjy26a-686cdd999952872e4618e6d46ae9ba05{\nmargin-top:30px;\nmargin-bottom:30px;\n}\n.hr.av-lvxjy26a-686cdd999952872e4618e6d46ae9ba05 .hr-inner{\nwidth:50px;\nmax-width:45%;\n}\n<\/style>\n<div  class='hr av-lvxjy26a-686cdd999952872e4618e6d46ae9ba05 hr-custom  avia-builder-el-2  el_after_av_heading  el_before_av_textblock  hr-center hr-icon-yes'><span class='hr-inner inner-border-av-border-thin'><span class=\"hr-inner-style\"><\/span><\/span><span class='av-seperator-icon avia-iconfont avia-font-entypo-fontello' data-av_icon='\ue8bf' data-av_iconfont='entypo-fontello' ><\/span><span class='hr-inner inner-border-av-border-thin'><span class=\"hr-inner-style\"><\/span><\/span><\/div><br \/>\n<section  class='av_textblock_section av-lvxk4m3u-0bf5890d0c9521319139b5fd3b8c5dd8 '   itemscope=\"itemscope\" itemtype=\"https:\/\/schema.org\/BlogPosting\" itemprop=\"blogPost\" ><div class='avia_textblock'  itemprop=\"text\" ><p>Ort: <a href=\"http:\/\/www.pliemgut.at\/\">Gasthaus Pliemgut<\/a><br \/>\nBeginn: 19:15 Uhr<br \/>\nProtokollf\u00fchrerin: Adelheid Speyer<\/p>\n<h3>Begr\u00fc\u00dfung der G\u00e4ste<\/h3>\n<h3>\u00c4nderung bei den Mitgliedern<\/h3>\n<p>Wir haben ein neues Vereinsmitglied mit einem Bienenstand direkt in der Stadt Salzburg und zwei St\u00f6cken der Dunklen Biene.<\/p>\n<h3>Neuigkeiten<\/h3>\n<ul>\n<li>Neues von der Vespa Velutina<br \/>\n&#8211; 9 April \u2013 Erste Vespa Velutina in \u00d6sterreich (Salzburg). Es war eine K\u00f6nigin und ein Einzelfund.<br \/>\n&#8211; Multiplikatoren-Schulung am 12.4 im Imkerhof (Elisabeth Karl, Paul Freh-Deutschmann und Bernd Meierhofer haben teilgenommen)<br \/>\n&#8211; Sichtungen bitte sofort \u00fcber die Meldeplattform und an das Koordinationsteam beim Imkerhof Salzburg melden!<br \/>\n&#8211; Bitte weiterhin wachsam sein. Sie wird kommen!<\/li>\n<li>AMA-F\u00f6rderung f\u00fcr den Wildbienenvortrag von Hrn. Dr. Neumayr. Die Kosten wurden komplett \u00fcbernommen<\/li>\n<li>VIS-Meldung: Bitte jeder seine V\u00f6lker eintragen. Bis sp\u00e4testens 30 Juni muss die V\u00f6lkeranzahl eingetragen sein<\/li>\n<li>Fr\u00fchjahrstreff der AMZ-Z\u00fcchter am 13.4.2024 + ACA-Sitzung am 24.4 und Treffen der Carnica Zuchtgruppe Salzburg am 3.5<br \/>\nDer Erhalt der heimischen Bienenrassen (Dunkle Biene und Carnica) in Reinzucht wird immer schwieriger (K\u00f6rergebnisse mit \u201eEntspricht nicht den Merkmalen der Rasse Carnica\u201c). Einhaltung der Sperrkreise, nur heimische Bienenrassen verwenden, Drohnendruck der Hybridbienen vermutlich schon sehr hoch.<br \/>\n<strong>Bitte an den Landesverband hier Ma\u00dfnahmen zu ergreifen!<\/strong><\/li>\n<li>Einige Belegstellen sind bereits offen. Der Rest \u00f6ffnet in den n\u00e4chsten Tagen<\/li>\n<li>Carnica-Zuchtreferent im Landesverband: Andreas Freundlinger<\/li>\n<li>Planung der 120 Jahrfeier unseres Vereins (Sommer\/Herbstfest). Wir haben bereits Kontakt mit Michaela Radauer aufgenommen. Sie ist die Besitzerin vom Gasthaus Ramsau, welches am 17.5 wieder \u00f6ffnet. Treffen mit ihr Ende Mai geplant um erste Details zu besprechen. Einige Vereinsmitglieder haben schon ihre Mitarbeit zugesagt. Es gibt auch eine eigene WhatsApp-Gruppe (Zutritt \u00fcber die WhatsApp-Community). Wer mithelfen kann und will ist herzlich eingeladen!<\/li>\n<li>Neues von der Jugendarbeit<br \/>\nMichael hat das Projekt BeeExplorer bei der Stadt Salzburg eingereicht Es wird dieses Jahr vermutlich noch ein gro\u00dfer Betrag gef\u00f6rdert. Es fehlt aber noch die Zustimmung des B\u00fcrgermeisters.<br \/>\nDie Einwabenk\u00e4stchen f\u00fcr die Schulen wurden bereits bef\u00fcllt und kommen am 19.5 von der Begattunsstelle Eugendorfer Berg retour.<\/li>\n<li>Bienentage bei <a href=\"https:\/\/www.akzente.net\/\">akzente Salzburg<\/a>: 25-27.6. Es muss jetzt dann mit der Detailplanung begonnen werden. Chris Steube (<a href=\"https:\/\/imkerhof-salzburg.at\/labor\/\">Laborleiter des Imkerhofs Salzburg<\/a>) hilft vielleicht auch mit<\/li>\n<li>Im Verein bildet sich nun langsam Vereinseigentum. Wir werden daher mit der F\u00fchrung einer Inventarliste beginnen und die weitere Organisation kl\u00e4ren<\/li>\n<li>Die Imker-Ortsgruppe Seekirchen hat sich im Rahmen der JHV am 18.4 nun auch zu einem Verein gewandelt. Immer mehr Ortsgruppen gehen nun diesen Weg.<\/li>\n<li>Honiguntersuchungen: Bitte lasst euren Honig untersuchen! Details dazu sind im Artikel auf der Homepage <a href=\"https:\/\/imker-aigen.at\/index.php\/2024\/05\/03\/liebe-imkerinnen-und-imker-lasst-euren-honig-untersuchen\/\">&#8222;Liebe Imkerinnen und Imker, lasst euren Honig untersuchen!&#8220;<\/a> nachzulesen!<\/li>\n<\/ul>\n<h3>N\u00e4chste Termine (siehe auch <a href=\"https:\/\/imker-aigen.at\/index.php\/events\/list\/\">Veranstaltungskalender<\/a>)<\/h3>\n<ul>\n<li><a href=\"https:\/\/imker-aigen.at\/index.php\/event\/ablegerbildung-in-theorie-und-praxis\/\">11.5. Ablegerbildung in Theorie und Praxis<\/a><\/li>\n<li><a href=\"https:\/\/imker-aigen.at\/index.php\/event\/internationaler-weltbienentag\/\">20.5. Internationaler Weltbienentag<\/a><br \/>\nInternationaler Weltbienentag\/Geburtstag von Anton Janscha: Bienen sind wichtig als Best\u00e4uber f\u00fcr die Ern\u00e4hrungssicherheit und die Biodiversit\u00e4t<\/li>\n<li><a href=\"https:\/\/imker-aigen.at\/index.php\/event\/ackerbau-feldtag-in-irrsdorf-strasswalchen\/\">22.5 Ackerbau-Feldtag in Irrsdorf\/Stra\u00dfwalchen<\/a><br \/>\nWer auch die Sorgen und Probleme der Landwirte verstehen will, sollte teilnehmen<\/li>\n<li><a href=\"https:\/\/imker-aigen.at\/index.php\/event\/tag-des-offenen-bienenstocks\/\">26.5. Tag des offenen Bienenstocks<\/a><\/li>\n<li><a href=\"https:\/\/imker-aigen.at\/index.php\/event\/stammtisch-4-juni-2024\/\">4.6. Stammtisch<\/a><\/li>\n<\/ul>\n<h3>Imkerliche T\u00e4tigkeiten im Mai (siehe auch <a href=\"https:\/\/imker-aigen.at\/index.php\/monatsbetrachtung-mai\/\">Monatsbetrachtung Mai<\/a>)<\/h3>\n<ul>\n<li>Der Mai ist die Zeit der Schw\u00e4rme, Zeit der V\u00f6lkervermehrung und der K\u00f6niginnenzucht.<\/li>\n<li>Imkern in Zeiten des Klimawandels (in der Stadt Salzburg bl\u00fcht bereits der Holler, einige Schw\u00e4rme wurden bereits gefangen)<\/li>\n<li>Ein paar Imker haben schon den ersten Bl\u00fctenhonig geerntet bzw. volle Honigzargen gemeldet.<\/li>\n<\/ul>\n<h3>Diverses, Diskussion, Allf\u00e4lliges<\/h3>\n<ul>\n<li><strong>Hilfe bei der Vereinsarbeit<\/strong> (Es gibt viel zu tun. Packen wir\u2019s an!)<br \/>\n<a href=\"https:\/\/imker-aigen.at\/index.php\/about\/our-breed-group\/\">Carnica-Zuchtgruppe<\/a><br \/>\nZusammenarbeit mit dem Naturschutzbund<br \/>\nSocial Media: Homepage-Einschulung f\u00fcr Elisabeth, Adelheid \u2026<\/li>\n<li>Termin f\u00fcr die An- bzw. Abmeldung zur Nutzung der Vereinsh\u00fctte am Egelsee. Vorschlag: bis zum 31.7 m\u00fcssen etwaige W\u00fcnsche f\u00fcr das Folgejahr deponiert werden<\/li>\n<li>Interner Fotowettbewerb \u2013 Wir suchen die sch\u00f6nsten (Wild-)Bienen und Imkerfotos unserer Vereinsmitglieder. Es winken tolle Preise (MiniPlus, Apidea-K\u00e4stchen \u2026). In den n\u00e4chsten Tagen werden die Details festgelegt<\/li>\n<li>Bestellungen von Bienen und Bienenv\u00f6lkern. Hutzinger Sepp (und auch andere Z\u00fcchter) hat ab Ende Mai die ersten Reinzucht-K\u00f6niginnen<\/li>\n<\/ul>\n<h3>Vortrag \u00fcber die Dunkle Biene von Dietmar Eppenschwendtner<\/h3>\n<ul>\n<li><strong>Geschichte:<\/strong> 1932 errichteten die Maxglaner Imker eine <strong>Belegstelle<\/strong> auf dem Untersberg, 1936 \u00fcbersiedelte man nach Gro\u00dfgmain, 1939 nach Golling ins Bluntautal. Seit 1958 fand sich in der Vorderkaserklamm zwischen den Loferer und Leoganger Steinbergen ein idealer Platz. Die Belegstelle Sch\u00fcttachgraben wird bis heute als offizielle Landesbelegstelle betrieben und dient als Belegstelle der dunklen Biene Linie \u201cSalzburger Alpenland\u201d.<br \/>\nBelegstellenleiter S6 Sch\u00fcttachgraben : Hr. Markus Trier<\/li>\n<li>Eine weitere Belegstelle zur Reinzuchtbegattung befindet sich auf der Schwabalm im Kleinarltal. Die Belegstelle wird seit 2002 durch die Zuchtgruppe Nigra Salzburger Alpenland Innergebirg betrieben. Im Jahre 2018 wurde die H\u00fctte erneuert. Belegstellenleiter S2 Schwabalm : Hr. Lois Reiter<\/li>\n<li>Die <strong>Gr\u00fcndung des AMZ<\/strong> erfolgte im Dezember 2010. Mit Stand 2023 hat der Verein knapp 50 Mitglieder. Der Kern welcher intensive Zuchtarbeit betreibt ist etwa ein Viertel. Ihr Ziel ist es die Dunkle Biene in \u00d6sterreich zu erhalten und z\u00fcchterisch zu bearbeiten. Hier gelten die gleichen Anforderungen wie auch bei einer Carnica. Seit einigen Jahren wird mittels DNA Untersuchung die Reinheit bzw. der genetische Anteil an \u201cDunkler Biene\u201d analysiert. Es gibt Linien, die \u00fcber 90% Reinheit besitzen! Mit der Dunklen Biene ist heute gleich zu imkern wie mit der Carnica. Der Mythos der Stechfreudigkeit geh\u00f6rt der Vergangenheit an.<\/li>\n<li><strong>Die Eigenschaften der Dunklen Biene:<br \/>\n<\/strong>&#8211; Widerstandsf\u00e4higkeit: Sie \u00fcbersteht Trachtl\u00fccken und K\u00e4lter\u00fcckschl\u00e4ge sehr gut.<br \/>\n&#8211; Fluglochverteidigung: \u201cG\u00e4ste\u201d werden gut abgewehrt<br \/>\n&#8211; Propolis: Die Sammelleistung an Propolis ist bei einigen Linien sehr ausgepr\u00e4gt.<br \/>\n&#8211; Putztrieb: Besonders ausgepr\u00e4gter Putztrieb<\/li>\n<li><strong>Allf\u00e4lliges:<br \/>\n<\/strong>&#8211; K\u00f6niginnenmarkt am 25. Juni 2023 bei der Belegstelle S6 Sch\u00fcttachgraben<br \/>\n&#8211; Film auf YouTube: <a href=\"https:\/\/www.youtube.com\/watch?v=neXlVA5-rC4\">Die Dunkle Biene: Mehr als ein Honiglieferant<\/a><br \/>\n&#8211; Alle Termine und Informationen unter <a href=\"http:\/\/www.dunkle-biene.at\/\">www.dunkle-biene.at<\/a><br \/>\n&#8211; <a href=\"https:\/\/imker-aigen.at\/wp-content\/uploads\/2024\/05\/DunkleBieneFlyer_ArcheAustria.pdf\">Flyer der ARCHE Austria \u00fcber die Dunkle Biene<\/a><\/li>\n<\/ul>\n<h3>Vortrag unserer Carnica Zuchtgruppe (Dr. Robert Hertscheg) \u00fcber Zucht<\/h3>\n<ul>\n<li>Im Jahre 1913 wurde die Dunkle Biene (A.m.m.) durch eine Bienenkrankheit (<strong>Tracheenmilbe<\/strong>) gef\u00e4hrdet.<\/li>\n<li>Kehrle (Bruder Adam) begann danach mit \u00fcberlebenden Bienenv\u00f6lkern eine Resistenzz\u00fcchtung. Dazu kreuzte er Bienen der Unterrasse A.m.Ligustica (ital. Biene) mit Drohnen der A.m.Mellifera (Dunkle) = Kreuzungszucht. Dadurch wurde die \u201eBuckfast\u201c durch menschliches Zutun \u201egeboren\u201c.<\/li>\n<li>Bei der Hybridz\u00fcchtung werden zwei genetisch m\u00f6glichst unterschiedliche Elternlinien gekreuzt (Bsp: Dunkle mit Legustica). Sie sind vollst\u00e4ndig mischerbig (heterozygot).<\/li>\n<li>Die Nachkommen (<strong>Hybriden<\/strong>) sind gr\u00f6\u00dfer, ertragreicher und widerstandsf\u00e4higer als ihre Elternlinien (<strong>Heterosiseffekt<\/strong>).<\/li>\n<li>Dieser F1-Effekt bleibt nur f\u00fcr eine Generation erhalten.<\/li>\n<li>Aus genetischer Sicht entspricht die Verpaarung zweier Unterarten, die verschiedenen Rassen angeh\u00f6ren, einer Kreuzung weitgehend reinerbiger Inzuchtlinien. Es kann in der ersten Generation (F1-Generation) darum ein weitgehend homogener Ph\u00e4notyp erwartet werden.<\/li>\n<li><strong>Wichtige Begriffe in der K\u00f6niginnenzucht<br \/>\n<\/strong>&#8211; Parentalgeneration = Eltern = <strong>P<br \/>\n&#8211; <\/strong>Filialgeneration 1 = Kinder =<strong> F1<br \/>\n&#8211; <\/strong>Filialgeneration 2 = Enkelkinder =<strong> F2<br \/>\n<\/strong>Der Heterosiseffekt tritt nur in F1 auf, wenn lediglich ein Elternteil aus Linienreinzucht stammt! Der andere Elternteil (zumeist V\u00e4ter) sind Hybriden!<\/li>\n<li><strong>\u201eBienenz\u00fcchter\u201c im Sprachgebrauch<br \/>\n<\/strong><strong>&#8211; Bienenhalter<\/strong> = Imker = ein oder mehrere V\u00f6lker werden als Hobby von uns Menschen gehalten. Mutter- und Vatervolk sind Hybriden, spielt f\u00fcr diese Imker aber keine bedeutende Rolle!<br \/>\n<strong>&#8211; K\u00f6niginnen- bzw. V\u00f6lkervermehrer<\/strong> durch nat\u00fcrliche Teilung (Schwarm), mit Schwarmweiselzellen, durch Brutableger usw. Mutter- und Vatervolk stammen nicht aus Linienreinzucht. Es sind Hybriden!<br \/>\n<strong>&#8211; Imkern mit \u201eWirtschaftsk\u00f6niginnen\u201c,<\/strong> bevorzugt zur Honiggewinnung, Verkauf von \u201eZuchtk\u00f6niginnen\u201c (ein sehr gutes Gesch\u00e4ft!\u201c&#8230;): Mutter- <strong>oder <\/strong>Vatervolk aus Linienreinzucht \u2013 <strong>Heterosiseffekt<\/strong>!<br \/>\n<strong>&#8211; Z\u00fcchter,<\/strong> die vorwiegend zur Aufrechterhaltung der heimischen Bienenrassen<br \/>\nK\u00f6niginnen z\u00fcchten, diese auf Belegstellen begatten. Sowohl Mutter- und Vatervolk stammen aus Linienreinzucht!<\/li>\n<\/ul>\n<\/div><\/section><br \/>\n<div  class='av-social-sharing-box av-4ek2kv-cb734707d5b8d51143d98a58b4a3a50a av-social-sharing-box-default  avia-builder-el-4  el_after_av_textblock  el_before_av_comments_list  av-social-sharing-box-fullwidth'><div class=\"av-share-box\"><h5 class='av-share-link-description av-no-toc '>Eintrag teilen<\/h5><ul class=\"av-share-box-list noLightbox\"><li class='av-share-link av-social-link-facebook avia_social_iconfont' ><a target=\"_blank\" aria-label=\"Teilen auf Facebook\" href='https:\/\/www.facebook.com\/sharer.php?u=https:\/\/imker-aigen.at\/index.php\/2024\/05\/07\/protokoll-vom-stammtisch-am-7-5-2024\/&#038;t=Protokoll%20vom%20Stammtisch%20am%207.5.2024' data-av_icon='\ue8f3' data-av_iconfont='entypo-fontello'  title='' data-avia-related-tooltip='Teilen auf Facebook'><span class='avia_hidden_link_text'>Teilen auf Facebook<\/span><\/a><\/li><li class='av-share-link av-social-link-twitter avia_social_iconfont' ><a target=\"_blank\" aria-label=\"Teilen auf X\" href='https:\/\/twitter.com\/share?text=Protokoll%20vom%20Stammtisch%20am%207.5.2024&#038;url=https:\/\/imker-aigen.at\/?p=5791' data-av_icon='\ue932' data-av_iconfont='entypo-fontello'  title='' data-avia-related-tooltip='Teilen auf X'><span class='avia_hidden_link_text'>Teilen auf X<\/span><\/a><\/li><li class='av-share-link av-social-link-whatsapp avia_social_iconfont' ><a target=\"_blank\" aria-label=\"Teilen auf WhatsApp\" href='https:\/\/api.whatsapp.com\/send?text=https:\/\/imker-aigen.at\/index.php\/2024\/05\/07\/protokoll-vom-stammtisch-am-7-5-2024\/' data-av_icon='\uf232' data-av_iconfont='entypo-fontello'  title='' data-avia-related-tooltip='Teilen auf WhatsApp'><span class='avia_hidden_link_text'>Teilen auf WhatsApp<\/span><\/a><\/li><li class='av-share-link av-social-link-pinterest avia_social_iconfont' ><a target=\"_blank\" aria-label=\"Teilen auf Pinterest\" href='https:\/\/pinterest.com\/pin\/create\/button\/?url=https%3A%2F%2Fimker-aigen.at%2Findex.php%2F2024%2F05%2F07%2Fprotokoll-vom-stammtisch-am-7-5-2024%2F&#038;description=Protokoll%20vom%20Stammtisch%20am%207.5.2024&#038;media=https%3A%2F%2Fimker-aigen.at%2Fwp-content%2Fuploads%2F2022%2F08%2Fglasses-beer-1.jpg' data-av_icon='\ue8f8' data-av_iconfont='entypo-fontello'  title='' data-avia-related-tooltip='Teilen auf Pinterest'><span class='avia_hidden_link_text'>Teilen auf Pinterest<\/span><\/a><\/li><li class='av-share-link av-social-link-linkedin avia_social_iconfont' ><a target=\"_blank\" aria-label=\"Teilen auf LinkedIn\" href='https:\/\/linkedin.com\/shareArticle?mini=true&#038;title=Protokoll%20vom%20Stammtisch%20am%207.5.2024&#038;url=https:\/\/imker-aigen.at\/index.php\/2024\/05\/07\/protokoll-vom-stammtisch-am-7-5-2024\/' data-av_icon='\ue8fc' data-av_iconfont='entypo-fontello'  title='' data-avia-related-tooltip='Teilen auf LinkedIn'><span class='avia_hidden_link_text'>Teilen auf LinkedIn<\/span><\/a><\/li><li class='av-share-link av-social-link-reddit avia_social_iconfont' ><a target=\"_blank\" aria-label=\"Teilen auf Reddit\" href='https:\/\/reddit.com\/submit?url=https:\/\/imker-aigen.at\/index.php\/2024\/05\/07\/protokoll-vom-stammtisch-am-7-5-2024\/&#038;title=Protokoll%20vom%20Stammtisch%20am%207.5.2024' data-av_icon='\ue927' data-av_iconfont='entypo-fontello'  title='' data-avia-related-tooltip='Teilen auf Reddit'><span class='avia_hidden_link_text'>Teilen auf Reddit<\/span><\/a><\/li><li class='av-share-link av-social-link-mail avia_social_iconfont' ><a  aria-label=\"Per E-Mail teilen\" href='mailto:?subject=Protokoll%20vom%20Stammtisch%20am%207.5.2024&#038;body=https:\/\/imker-aigen.at\/index.php\/2024\/05\/07\/protokoll-vom-stammtisch-am-7-5-2024\/' data-av_icon='\ue805' data-av_iconfont='entypo-fontello'  title='' data-avia-related-tooltip='Per E-Mail teilen'><span class='avia_hidden_link_text'>Per E-Mail teilen<\/span><\/a><\/li><\/ul><\/div><\/div><br \/>\n<div  class='av-buildercomment av-2uoyvz-aec23d4cfa8abba575d3b55b61923fca'><\/div><\/p><\/div>\n","protected":false},"excerpt":{"rendered":"","protected":false},"author":1,"featured_media":621,"comment_status":"open","ping_status":"closed","sticky":false,"template":"","format":"standard","meta":{"footnotes":""},"categories":[18,2],"tags":[203,36,177,204,205,37,201,35,43],"class_list":["post-5791","post","type-post","status-publish","format-standard","has-post-thumbnail","hentry","category-alte-veranstaltungen","category-news","tag-203","tag-aigen","tag-dunkle-biene","tag-heterosis","tag-hybride","tag-imker","tag-mai","tag-stammtisch","tag-zucht"],"yoast_head":"<!-- This site is optimized with the Yoast SEO plugin v27.4 - https:\/\/yoast.com\/product\/yoast-seo-wordpress\/ -->\n<title>Protokoll vom Stammtisch am 7.5.2024 - Imker Ortsgruppe Salzburg Aigen<\/title>\n<meta name=\"description\" content=\"Zum Nachlesen eine kurze Zusammenfassung der Themen des Stammtisches am 7.5.2024\" \/>\n<meta name=\"robots\" content=\"index, follow, max-snippet:-1, max-image-preview:large, max-video-preview:-1\" \/>\n<link rel=\"canonical\" href=\"https:\/\/imker-aigen.at\/index.php\/2024\/05\/07\/protokoll-vom-stammtisch-am-7-5-2024\/\" \/>\n<meta property=\"og:locale\" content=\"de_DE\" \/>\n<meta property=\"og:type\" content=\"article\" \/>\n<meta property=\"og:title\" content=\"Protokoll vom Stammtisch am 7.5.2024 - Imker Ortsgruppe Salzburg Aigen\" \/>\n<meta property=\"og:description\" content=\"Zum Nachlesen eine kurze Zusammenfassung der Themen des Stammtisches am 7.5.2024\" \/>\n<meta property=\"og:url\" content=\"https:\/\/imker-aigen.at\/index.php\/2024\/05\/07\/protokoll-vom-stammtisch-am-7-5-2024\/\" \/>\n<meta property=\"og:site_name\" content=\"Imker Ortsgruppe Salzburg Aigen\" \/>\n<meta property=\"article:published_time\" content=\"2024-05-07T17:00:20+00:00\" \/>\n<meta property=\"article:modified_time\" content=\"2024-05-11T09:43:59+00:00\" \/>\n<meta property=\"og:image\" content=\"https:\/\/imker-aigen.at\/wp-content\/uploads\/2022\/08\/glasses-beer-1.jpg\" \/>\n\t<meta property=\"og:image:width\" content=\"180\" \/>\n\t<meta property=\"og:image:height\" content=\"241\" \/>\n\t<meta property=\"og:image:type\" content=\"image\/jpeg\" \/>\n<meta name=\"author\" content=\"admin\" \/>\n<meta name=\"twitter:card\" content=\"summary_large_image\" \/>\n<meta name=\"twitter:label1\" content=\"Verfasst von\" \/>\n\t<meta name=\"twitter:data1\" content=\"admin\" \/>\n\t<meta name=\"twitter:label2\" content=\"Gesch\u00e4tzte Lesezeit\" \/>\n\t<meta name=\"twitter:data2\" content=\"7\u00a0Minuten\" \/>\n<script type=\"application\/ld+json\" class=\"yoast-schema-graph\">{\"@context\":\"https:\\\/\\\/schema.org\",\"@graph\":[{\"@type\":\"Article\",\"@id\":\"https:\\\/\\\/imker-aigen.at\\\/index.php\\\/2024\\\/05\\\/07\\\/protokoll-vom-stammtisch-am-7-5-2024\\\/#article\",\"isPartOf\":{\"@id\":\"https:\\\/\\\/imker-aigen.at\\\/index.php\\\/2024\\\/05\\\/07\\\/protokoll-vom-stammtisch-am-7-5-2024\\\/\"},\"author\":{\"name\":\"admin\",\"@id\":\"https:\\\/\\\/imker-aigen.at\\\/#\\\/schema\\\/person\\\/d7d0c3a8ef6f051d450781218ac83077\"},\"headline\":\"Protokoll vom Stammtisch am 7.5.2024\",\"datePublished\":\"2024-05-07T17:00:20+00:00\",\"dateModified\":\"2024-05-11T09:43:59+00:00\",\"mainEntityOfPage\":{\"@id\":\"https:\\\/\\\/imker-aigen.at\\\/index.php\\\/2024\\\/05\\\/07\\\/protokoll-vom-stammtisch-am-7-5-2024\\\/\"},\"wordCount\":1955,\"commentCount\":1,\"publisher\":{\"@id\":\"https:\\\/\\\/imker-aigen.at\\\/#organization\"},\"image\":{\"@id\":\"https:\\\/\\\/imker-aigen.at\\\/index.php\\\/2024\\\/05\\\/07\\\/protokoll-vom-stammtisch-am-7-5-2024\\\/#primaryimage\"},\"thumbnailUrl\":\"https:\\\/\\\/imker-aigen.at\\\/wp-content\\\/uploads\\\/2022\\\/08\\\/glasses-beer-1.jpg\",\"keywords\":[\"2024\",\"Aigen\",\"Dunkle Biene\",\"Heterosis\",\"Hybride\",\"Imker\",\"Mai\",\"Stammtisch\",\"Zucht\"],\"articleSection\":[\"Alte Veranstaltungen\",\"News\"],\"inLanguage\":\"de\",\"potentialAction\":[{\"@type\":\"CommentAction\",\"name\":\"Comment\",\"target\":[\"https:\\\/\\\/imker-aigen.at\\\/index.php\\\/2024\\\/05\\\/07\\\/protokoll-vom-stammtisch-am-7-5-2024\\\/#respond\"]}]},{\"@type\":\"WebPage\",\"@id\":\"https:\\\/\\\/imker-aigen.at\\\/index.php\\\/2024\\\/05\\\/07\\\/protokoll-vom-stammtisch-am-7-5-2024\\\/\",\"url\":\"https:\\\/\\\/imker-aigen.at\\\/index.php\\\/2024\\\/05\\\/07\\\/protokoll-vom-stammtisch-am-7-5-2024\\\/\",\"name\":\"Protokoll vom Stammtisch am 7.5.2024 - Imker Ortsgruppe Salzburg Aigen\",\"isPartOf\":{\"@id\":\"https:\\\/\\\/imker-aigen.at\\\/#website\"},\"primaryImageOfPage\":{\"@id\":\"https:\\\/\\\/imker-aigen.at\\\/index.php\\\/2024\\\/05\\\/07\\\/protokoll-vom-stammtisch-am-7-5-2024\\\/#primaryimage\"},\"image\":{\"@id\":\"https:\\\/\\\/imker-aigen.at\\\/index.php\\\/2024\\\/05\\\/07\\\/protokoll-vom-stammtisch-am-7-5-2024\\\/#primaryimage\"},\"thumbnailUrl\":\"https:\\\/\\\/imker-aigen.at\\\/wp-content\\\/uploads\\\/2022\\\/08\\\/glasses-beer-1.jpg\",\"datePublished\":\"2024-05-07T17:00:20+00:00\",\"dateModified\":\"2024-05-11T09:43:59+00:00\",\"description\":\"Zum Nachlesen eine kurze Zusammenfassung der Themen des Stammtisches am 7.5.2024\",\"breadcrumb\":{\"@id\":\"https:\\\/\\\/imker-aigen.at\\\/index.php\\\/2024\\\/05\\\/07\\\/protokoll-vom-stammtisch-am-7-5-2024\\\/#breadcrumb\"},\"inLanguage\":\"de\",\"potentialAction\":[{\"@type\":\"ReadAction\",\"target\":[\"https:\\\/\\\/imker-aigen.at\\\/index.php\\\/2024\\\/05\\\/07\\\/protokoll-vom-stammtisch-am-7-5-2024\\\/\"]}]},{\"@type\":\"ImageObject\",\"inLanguage\":\"de\",\"@id\":\"https:\\\/\\\/imker-aigen.at\\\/index.php\\\/2024\\\/05\\\/07\\\/protokoll-vom-stammtisch-am-7-5-2024\\\/#primaryimage\",\"url\":\"https:\\\/\\\/imker-aigen.at\\\/wp-content\\\/uploads\\\/2022\\\/08\\\/glasses-beer-1.jpg\",\"contentUrl\":\"https:\\\/\\\/imker-aigen.at\\\/wp-content\\\/uploads\\\/2022\\\/08\\\/glasses-beer-1.jpg\",\"width\":180,\"height\":241,\"caption\":\"Bier\"},{\"@type\":\"BreadcrumbList\",\"@id\":\"https:\\\/\\\/imker-aigen.at\\\/index.php\\\/2024\\\/05\\\/07\\\/protokoll-vom-stammtisch-am-7-5-2024\\\/#breadcrumb\",\"itemListElement\":[{\"@type\":\"ListItem\",\"position\":1,\"name\":\"Startseite\",\"item\":\"https:\\\/\\\/imker-aigen.at\\\/index.php\\\/home\\\/\"},{\"@type\":\"ListItem\",\"position\":2,\"name\":\"Protokoll vom Stammtisch am 7.5.2024\"}]},{\"@type\":\"WebSite\",\"@id\":\"https:\\\/\\\/imker-aigen.at\\\/#website\",\"url\":\"https:\\\/\\\/imker-aigen.at\\\/\",\"name\":\"Imker Ortsgruppe Salzburg Aigen\",\"description\":\"Homepage der Imker-Ortsgruppe Salzburg Aigen\",\"publisher\":{\"@id\":\"https:\\\/\\\/imker-aigen.at\\\/#organization\"},\"potentialAction\":[{\"@type\":\"SearchAction\",\"target\":{\"@type\":\"EntryPoint\",\"urlTemplate\":\"https:\\\/\\\/imker-aigen.at\\\/?s={search_term_string}\"},\"query-input\":{\"@type\":\"PropertyValueSpecification\",\"valueRequired\":true,\"valueName\":\"search_term_string\"}}],\"inLanguage\":\"de\"},{\"@type\":\"Organization\",\"@id\":\"https:\\\/\\\/imker-aigen.at\\\/#organization\",\"name\":\"Imker Ortsgruppe Salzburg Aigen\",\"url\":\"https:\\\/\\\/imker-aigen.at\\\/\",\"logo\":{\"@type\":\"ImageObject\",\"inLanguage\":\"de\",\"@id\":\"https:\\\/\\\/imker-aigen.at\\\/#\\\/schema\\\/logo\\\/image\\\/\",\"url\":\"https:\\\/\\\/imker-aigen.at\\\/wp-content\\\/uploads\\\/2022\\\/08\\\/logo-1.png\",\"contentUrl\":\"https:\\\/\\\/imker-aigen.at\\\/wp-content\\\/uploads\\\/2022\\\/08\\\/logo-1.png\",\"width\":392,\"height\":156,\"caption\":\"Imker Ortsgruppe Salzburg Aigen\"},\"image\":{\"@id\":\"https:\\\/\\\/imker-aigen.at\\\/#\\\/schema\\\/logo\\\/image\\\/\"}},{\"@type\":\"Person\",\"@id\":\"https:\\\/\\\/imker-aigen.at\\\/#\\\/schema\\\/person\\\/d7d0c3a8ef6f051d450781218ac83077\",\"name\":\"admin\",\"image\":{\"@type\":\"ImageObject\",\"inLanguage\":\"de\",\"@id\":\"https:\\\/\\\/secure.gravatar.com\\\/avatar\\\/925a7e918efd3cfdae29be9c0018a3ae3275cd0444a6e166241172bb6e5243c7?s=96&d=mm&r=g\",\"url\":\"https:\\\/\\\/secure.gravatar.com\\\/avatar\\\/925a7e918efd3cfdae29be9c0018a3ae3275cd0444a6e166241172bb6e5243c7?s=96&d=mm&r=g\",\"contentUrl\":\"https:\\\/\\\/secure.gravatar.com\\\/avatar\\\/925a7e918efd3cfdae29be9c0018a3ae3275cd0444a6e166241172bb6e5243c7?s=96&d=mm&r=g\",\"caption\":\"admin\"},\"sameAs\":[\"https:\\\/\\\/imker-aigen.at\",\"linkedin.com\\\/in\\\/bernd-meierhofer-5919b62\"],\"url\":\"https:\\\/\\\/imker-aigen.at\\\/index.php\\\/author\\\/bmeierhofer\\\/\"}]}<\/script>\n<!-- \/ Yoast SEO plugin. -->","yoast_head_json":{"title":"Protokoll vom Stammtisch am 7.5.2024 - Imker Ortsgruppe Salzburg Aigen","description":"Zum Nachlesen eine kurze Zusammenfassung der Themen des Stammtisches am 7.5.2024","robots":{"index":"index","follow":"follow","max-snippet":"max-snippet:-1","max-image-preview":"max-image-preview:large","max-video-preview":"max-video-preview:-1"},"canonical":"https:\/\/imker-aigen.at\/index.php\/2024\/05\/07\/protokoll-vom-stammtisch-am-7-5-2024\/","og_locale":"de_DE","og_type":"article","og_title":"Protokoll vom Stammtisch am 7.5.2024 - Imker Ortsgruppe Salzburg Aigen","og_description":"Zum Nachlesen eine kurze Zusammenfassung der Themen des Stammtisches am 7.5.2024","og_url":"https:\/\/imker-aigen.at\/index.php\/2024\/05\/07\/protokoll-vom-stammtisch-am-7-5-2024\/","og_site_name":"Imker Ortsgruppe Salzburg Aigen","article_published_time":"2024-05-07T17:00:20+00:00","article_modified_time":"2024-05-11T09:43:59+00:00","og_image":[{"width":180,"height":241,"url":"https:\/\/imker-aigen.at\/wp-content\/uploads\/2022\/08\/glasses-beer-1.jpg","type":"image\/jpeg"}],"author":"admin","twitter_card":"summary_large_image","twitter_misc":{"Verfasst von":"admin","Gesch\u00e4tzte Lesezeit":"7\u00a0Minuten"},"schema":{"@context":"https:\/\/schema.org","@graph":[{"@type":"Article","@id":"https:\/\/imker-aigen.at\/index.php\/2024\/05\/07\/protokoll-vom-stammtisch-am-7-5-2024\/#article","isPartOf":{"@id":"https:\/\/imker-aigen.at\/index.php\/2024\/05\/07\/protokoll-vom-stammtisch-am-7-5-2024\/"},"author":{"name":"admin","@id":"https:\/\/imker-aigen.at\/#\/schema\/person\/d7d0c3a8ef6f051d450781218ac83077"},"headline":"Protokoll vom Stammtisch am 7.5.2024","datePublished":"2024-05-07T17:00:20+00:00","dateModified":"2024-05-11T09:43:59+00:00","mainEntityOfPage":{"@id":"https:\/\/imker-aigen.at\/index.php\/2024\/05\/07\/protokoll-vom-stammtisch-am-7-5-2024\/"},"wordCount":1955,"commentCount":1,"publisher":{"@id":"https:\/\/imker-aigen.at\/#organization"},"image":{"@id":"https:\/\/imker-aigen.at\/index.php\/2024\/05\/07\/protokoll-vom-stammtisch-am-7-5-2024\/#primaryimage"},"thumbnailUrl":"https:\/\/imker-aigen.at\/wp-content\/uploads\/2022\/08\/glasses-beer-1.jpg","keywords":["2024","Aigen","Dunkle Biene","Heterosis","Hybride","Imker","Mai","Stammtisch","Zucht"],"articleSection":["Alte Veranstaltungen","News"],"inLanguage":"de","potentialAction":[{"@type":"CommentAction","name":"Comment","target":["https:\/\/imker-aigen.at\/index.php\/2024\/05\/07\/protokoll-vom-stammtisch-am-7-5-2024\/#respond"]}]},{"@type":"WebPage","@id":"https:\/\/imker-aigen.at\/index.php\/2024\/05\/07\/protokoll-vom-stammtisch-am-7-5-2024\/","url":"https:\/\/imker-aigen.at\/index.php\/2024\/05\/07\/protokoll-vom-stammtisch-am-7-5-2024\/","name":"Protokoll vom Stammtisch am 7.5.2024 - Imker Ortsgruppe Salzburg Aigen","isPartOf":{"@id":"https:\/\/imker-aigen.at\/#website"},"primaryImageOfPage":{"@id":"https:\/\/imker-aigen.at\/index.php\/2024\/05\/07\/protokoll-vom-stammtisch-am-7-5-2024\/#primaryimage"},"image":{"@id":"https:\/\/imker-aigen.at\/index.php\/2024\/05\/07\/protokoll-vom-stammtisch-am-7-5-2024\/#primaryimage"},"thumbnailUrl":"https:\/\/imker-aigen.at\/wp-content\/uploads\/2022\/08\/glasses-beer-1.jpg","datePublished":"2024-05-07T17:00:20+00:00","dateModified":"2024-05-11T09:43:59+00:00","description":"Zum Nachlesen eine kurze Zusammenfassung der Themen des Stammtisches am 7.5.2024","breadcrumb":{"@id":"https:\/\/imker-aigen.at\/index.php\/2024\/05\/07\/protokoll-vom-stammtisch-am-7-5-2024\/#breadcrumb"},"inLanguage":"de","potentialAction":[{"@type":"ReadAction","target":["https:\/\/imker-aigen.at\/index.php\/2024\/05\/07\/protokoll-vom-stammtisch-am-7-5-2024\/"]}]},{"@type":"ImageObject","inLanguage":"de","@id":"https:\/\/imker-aigen.at\/index.php\/2024\/05\/07\/protokoll-vom-stammtisch-am-7-5-2024\/#primaryimage","url":"https:\/\/imker-aigen.at\/wp-content\/uploads\/2022\/08\/glasses-beer-1.jpg","contentUrl":"https:\/\/imker-aigen.at\/wp-content\/uploads\/2022\/08\/glasses-beer-1.jpg","width":180,"height":241,"caption":"Bier"},{"@type":"BreadcrumbList","@id":"https:\/\/imker-aigen.at\/index.php\/2024\/05\/07\/protokoll-vom-stammtisch-am-7-5-2024\/#breadcrumb","itemListElement":[{"@type":"ListItem","position":1,"name":"Startseite","item":"https:\/\/imker-aigen.at\/index.php\/home\/"},{"@type":"ListItem","position":2,"name":"Protokoll vom Stammtisch am 7.5.2024"}]},{"@type":"WebSite","@id":"https:\/\/imker-aigen.at\/#website","url":"https:\/\/imker-aigen.at\/","name":"Imker Ortsgruppe Salzburg Aigen","description":"Homepage der Imker-Ortsgruppe Salzburg Aigen","publisher":{"@id":"https:\/\/imker-aigen.at\/#organization"},"potentialAction":[{"@type":"SearchAction","target":{"@type":"EntryPoint","urlTemplate":"https:\/\/imker-aigen.at\/?s={search_term_string}"},"query-input":{"@type":"PropertyValueSpecification","valueRequired":true,"valueName":"search_term_string"}}],"inLanguage":"de"},{"@type":"Organization","@id":"https:\/\/imker-aigen.at\/#organization","name":"Imker Ortsgruppe Salzburg Aigen","url":"https:\/\/imker-aigen.at\/","logo":{"@type":"ImageObject","inLanguage":"de","@id":"https:\/\/imker-aigen.at\/#\/schema\/logo\/image\/","url":"https:\/\/imker-aigen.at\/wp-content\/uploads\/2022\/08\/logo-1.png","contentUrl":"https:\/\/imker-aigen.at\/wp-content\/uploads\/2022\/08\/logo-1.png","width":392,"height":156,"caption":"Imker Ortsgruppe Salzburg Aigen"},"image":{"@id":"https:\/\/imker-aigen.at\/#\/schema\/logo\/image\/"}},{"@type":"Person","@id":"https:\/\/imker-aigen.at\/#\/schema\/person\/d7d0c3a8ef6f051d450781218ac83077","name":"admin","image":{"@type":"ImageObject","inLanguage":"de","@id":"https:\/\/secure.gravatar.com\/avatar\/925a7e918efd3cfdae29be9c0018a3ae3275cd0444a6e166241172bb6e5243c7?s=96&d=mm&r=g","url":"https:\/\/secure.gravatar.com\/avatar\/925a7e918efd3cfdae29be9c0018a3ae3275cd0444a6e166241172bb6e5243c7?s=96&d=mm&r=g","contentUrl":"https:\/\/secure.gravatar.com\/avatar\/925a7e918efd3cfdae29be9c0018a3ae3275cd0444a6e166241172bb6e5243c7?s=96&d=mm&r=g","caption":"admin"},"sameAs":["https:\/\/imker-aigen.at","linkedin.com\/in\/bernd-meierhofer-5919b62"],"url":"https:\/\/imker-aigen.at\/index.php\/author\/bmeierhofer\/"}]}},"_links":{"self":[{"href":"https:\/\/imker-aigen.at\/index.php\/wp-json\/wp\/v2\/posts\/5791","targetHints":{"allow":["GET"]}}],"collection":[{"href":"https:\/\/imker-aigen.at\/index.php\/wp-json\/wp\/v2\/posts"}],"about":[{"href":"https:\/\/imker-aigen.at\/index.php\/wp-json\/wp\/v2\/types\/post"}],"author":[{"embeddable":true,"href":"https:\/\/imker-aigen.at\/index.php\/wp-json\/wp\/v2\/users\/1"}],"replies":[{"embeddable":true,"href":"https:\/\/imker-aigen.at\/index.php\/wp-json\/wp\/v2\/comments?post=5791"}],"version-history":[{"count":22,"href":"https:\/\/imker-aigen.at\/index.php\/wp-json\/wp\/v2\/posts\/5791\/revisions"}],"predecessor-version":[{"id":5820,"href":"https:\/\/imker-aigen.at\/index.php\/wp-json\/wp\/v2\/posts\/5791\/revisions\/5820"}],"wp:featuredmedia":[{"embeddable":true,"href":"https:\/\/imker-aigen.at\/index.php\/wp-json\/wp\/v2\/media\/621"}],"wp:attachment":[{"href":"https:\/\/imker-aigen.at\/index.php\/wp-json\/wp\/v2\/media?parent=5791"}],"wp:term":[{"taxonomy":"category","embeddable":true,"href":"https:\/\/imker-aigen.at\/index.php\/wp-json\/wp\/v2\/categories?post=5791"},{"taxonomy":"post_tag","embeddable":true,"href":"https:\/\/imker-aigen.at\/index.php\/wp-json\/wp\/v2\/tags?post=5791"}],"curies":[{"name":"wp","href":"https:\/\/api.w.org\/{rel}","templated":true}]}}