{"id":6151,"date":"2024-06-27T08:00:43","date_gmt":"2024-06-27T06:00:43","guid":{"rendered":"https:\/\/imker-aigen.at\/?p=6151"},"modified":"2024-07-04T10:37:33","modified_gmt":"2024-07-04T08:37:33","slug":"bienen-jugendtage-bei-akzente-salzburg","status":"publish","type":"post","link":"https:\/\/imker-aigen.at\/index.php\/2024\/06\/27\/bienen-jugendtage-bei-akzente-salzburg\/","title":{"rendered":"Bienen-Jugendtage bei akzente Salzburg"},"content":{"rendered":"<div  class='flex_column av-5kxpp3-8d14dbe9a58de2388c29643fd951a367 av_one_full  avia-builder-el-0  avia-builder-el-no-sibling  first flex_column_div  '     ><p>\n<style type=\"text\/css\" data-created_by=\"avia_inline_auto\" id=\"style-css-av-ly6x6sbf-f4c0230fe5cfa04cc9ef75a6c012b989\">\n#top .av-special-heading.av-ly6x6sbf-f4c0230fe5cfa04cc9ef75a6c012b989{\npadding-bottom:10px;\n}\nbody .av-special-heading.av-ly6x6sbf-f4c0230fe5cfa04cc9ef75a6c012b989 .av-special-heading-tag .heading-char{\nfont-size:25px;\n}\n.av-special-heading.av-ly6x6sbf-f4c0230fe5cfa04cc9ef75a6c012b989 .av-subheading{\nfont-size:15px;\n}\n<\/style>\n<div  class='av-special-heading av-ly6x6sbf-f4c0230fe5cfa04cc9ef75a6c012b989 av-special-heading-h3 blockquote modern-quote modern-centered  avia-builder-el-1  el_before_av_image  avia-builder-el-first '><h3 class='av-special-heading-tag '  itemprop=\"headline\"  >Bienen Jugendtage bei akzente Salzburg<\/h3><div class='av-subheading av-subheading_below'><p>vom 25. bis 27. Juni 2024<\/p>\n<\/div><div class=\"special-heading-border\"><div class=\"special-heading-inner-border\"><\/div><\/div><\/div><br \/>\n\n<style type=\"text\/css\" data-created_by=\"avia_inline_auto\" id=\"style-css-av-ly6yomsi-67e3134548d1dfa3db01428e1a0f71e7\">\n.avia-image-container.av-ly6yomsi-67e3134548d1dfa3db01428e1a0f71e7 img.avia_image{\nbox-shadow:none;\n}\n.avia-image-container.av-ly6yomsi-67e3134548d1dfa3db01428e1a0f71e7 .av-image-caption-overlay-center{\ncolor:#ffffff;\n}\n<\/style>\n<div  class='avia-image-container av-ly6yomsi-67e3134548d1dfa3db01428e1a0f71e7 av-styling- av-img-linked avia-align-center  avia-builder-el-2  el_after_av_heading  el_before_av_hr '   itemprop=\"image\" itemscope=\"itemscope\" itemtype=\"https:\/\/schema.org\/ImageObject\" ><div class=\"avia-image-container-inner\"><div class=\"avia-image-overlay-wrap\"><a href=\"https:\/\/www.wissensstadt-salzburg.at\/\" class='avia_image '  aria-label='wissen:stadt salzburg'><img decoding=\"async\" fetchpriority=\"high\" class='wp-image-5905 avia-img-lazy-loading-not-5905 avia_image ' src=\"https:\/\/imker-aigen.at\/wp-content\/uploads\/2024\/05\/MAG_16-WS-Logo-4c-RGB-300dpi-300x102.jpg\" alt='' title='wissen:stadt salzburg'  height=\"102\" width=\"300\"  itemprop=\"thumbnailUrl\" srcset=\"https:\/\/imker-aigen.at\/wp-content\/uploads\/2024\/05\/MAG_16-WS-Logo-4c-RGB-300dpi-300x102.jpg 300w, https:\/\/imker-aigen.at\/wp-content\/uploads\/2024\/05\/MAG_16-WS-Logo-4c-RGB-300dpi-1030x349.jpg 1030w, https:\/\/imker-aigen.at\/wp-content\/uploads\/2024\/05\/MAG_16-WS-Logo-4c-RGB-300dpi-768x260.jpg 768w, https:\/\/imker-aigen.at\/wp-content\/uploads\/2024\/05\/MAG_16-WS-Logo-4c-RGB-300dpi-705x239.jpg 705w, https:\/\/imker-aigen.at\/wp-content\/uploads\/2024\/05\/MAG_16-WS-Logo-4c-RGB-300dpi.jpg 1335w\" sizes=\"(max-width: 300px) 100vw, 300px\" \/><\/a><\/div><\/div><\/div><br \/>\n\n<style type=\"text\/css\" data-created_by=\"avia_inline_auto\" id=\"style-css-av-ly6xue05-f90fff1edb6f19baafbe78d34dbf8ff4\">\n#top .hr.av-ly6xue05-f90fff1edb6f19baafbe78d34dbf8ff4{\nmargin-top:30px;\nmargin-bottom:30px;\n}\n.hr.av-ly6xue05-f90fff1edb6f19baafbe78d34dbf8ff4 .hr-inner{\nwidth:50px;\nmax-width:45%;\n}\n<\/style>\n<div  class='hr av-ly6xue05-f90fff1edb6f19baafbe78d34dbf8ff4 hr-custom  avia-builder-el-3  el_after_av_image  el_before_av_textblock  hr-center hr-icon-yes'><span class='hr-inner inner-border-av-border-thin'><span class=\"hr-inner-style\"><\/span><\/span><span class='av-seperator-icon avia-iconfont avia-font-entypo-fontello' data-av_icon='\ue8bf' data-av_iconfont='entypo-fontello' ><\/span><span class='hr-inner inner-border-av-border-thin'><span class=\"hr-inner-style\"><\/span><\/span><\/div><br \/>\n<section  class='av_textblock_section av-ly6xdzfc-fc30a9d97ba0bd3de40a048880319c56 '   itemscope=\"itemscope\" itemtype=\"https:\/\/schema.org\/BlogPosting\" itemprop=\"blogPost\" ><div class='avia_textblock'  itemprop=\"text\" ><p>Autoren: Adelheid Speyer, Elisabeth Karl, Michael Rettenbacher und Bernd Meierhofer<\/p>\n<p>Vom 25. bis 27. Juni 2024 fanden in den R\u00e4umlichkeiten von <a href=\"https:\/\/www.akzente.net\/\">akzente Salzburg<\/a> die Bienen Jugendtage statt. W\u00e4hrend dieser drei Tage hatten mehrere Schulklassen die M\u00f6glichkeit, die faszinierende Welt der Bienen zu erforschen und dabei wertvolle Erfahrungen zu sammeln.<\/p>\n<h3>Das umfangreiche Programm der Veranstaltung<\/h3>\n<p>Die jungen Teilnehmer untersuchten tote Bienen und verschiedene Pollenk\u00f6rner genau unter dem Mikroskop. So konnten sie die komplexen Strukturen und die Vielfalt der von Bienen gesammelten Pollen hautnah erleben. Au\u00dferdem gab es eine Honigverkostung, bei der die Sch\u00fcler die verschiedenen Geschmacksrichtungen und Qualit\u00e4ten des Honigs kennenlernen konnten. Ein besonderes Highlight war die Honigernte mit einer kleinen Honigschleuder, bei der die Kinder selbst Hand anlegen durften.<br \/>\nDer direkte Blick in einen Bienenstock und der Kontakt mit lebenden Bienen waren weitere H\u00f6hepunkte der Veranstaltung.<br \/>\nUnter Anleitung erfahrener Imker des Imkervereins Salzburg Aigen erfuhren die Kinder, wie ein Bienenstock aufgebaut ist und welche Aufgaben die einzelnen Bienen darin \u00fcbernehmen. Wer sich traute, konnte die Bienen sogar aus n\u00e4chster N\u00e4he beobachten.<br \/>\nAn einem der Tage bekamen wir auch Besuch von einer der Stadtg\u00e4mse, die auf dem Kapuzinerberg leben. Nat\u00fcrlich sehr zur Freude der Kinder.<\/p>\n<h3><span class=\"BxUVEf ILfuVd\" lang=\"de\"><span class=\"hgKElc\">Mission erf\u00fcllt<\/span><\/span><\/h3>\n<p>Der Imkerverein Salzburg Aigen konnte mit diesem Jugendprojekt im Vergleich zum Vorjahr eine deutliche Steigerung erzielen. W\u00e4hrend im Vorjahr nur ein Tag zur Verf\u00fcgung stand, konnten heuer an drei Tagen mit vier Schulklassen wesentlich mehr Kinder erreicht und mit wertvollem Wissen \u00fcber Bienen versorgt werden. Die verl\u00e4ngerte Veranstaltungsdauer erm\u00f6glichte eine intensivere und umfassendere Auseinandersetzung mit dem Thema Bienen und ihrer Bedeutung f\u00fcr unser \u00d6kosystem.<\/p>\n<h3>Danksagung<\/h3>\n<p>Ein herzliches Dankesch\u00f6n gilt allen Beteiligten, die zum Gelingen der Bienen Jugendtage beigetragen haben. Besonderer Dank gilt dem Team von <a href=\"https:\/\/www.akzente.net\/\">akzente<\/a> f\u00fcr die Bereitstellung der R\u00e4umlichkeiten, Michael Rettenbacher f\u00fcr die hervorragende Organisation und Abwicklung mit den Schulen und den Bienen Jugendtagen, der P\u00e4dagogischen Hochschule Salzburg f\u00fcr die Leihgabe mehrerer Mikroskope, der Stadt Salzburg f\u00fcr die Unterst\u00fctzung beim Ankauf von zwei Mikroskopen sowie den Imkerinnen und Imkern Elisabeth, Adelheid, Robert und Bernd f\u00fcr ihre tatkr\u00e4ftige Unterst\u00fctzung und die Arbeit am Bienenvolk. Ein besonderer Dank geht auch an den <a href=\"https:\/\/imkerhof-salzburg.at\/\">Imkerhof Salzburg<\/a> f\u00fcr die Bereitstellung einer Bienen-Fotobeute, der es den Kindern erm\u00f6glichte, das Innenleben eines Bienenstocks genau zu beobachten. Und nat\u00fcrlich auch Chris Steube vom <a href=\"https:\/\/imkerhof-salzburg.at\/labor\/\">Labor des Imkerhofes Salzburg<\/a> f\u00fcr die Bereitstellung der Pollenproben und seine Unterst\u00fctzung am 27.6.2024.<\/p>\n<h3>Res\u00fcmee<\/h3>\n<p>Alles in allem waren die Bienen Jugendtage bei <a href=\"https:\/\/www.akzente.net\/\">akzente Salzburg<\/a> ein voller Erfolg. Die Begeisterung und das Interesse der Kinder haben gezeigt, wie wichtig und bereichernd solche Bildungsprojekte sind. Der Imkerverein Salzburg Aigen hat mit den diesj\u00e4hrigen Bienen Jugendtagen wieder einen wichtigen Beitrag zur Umweltbildung und zur F\u00f6rderung des Naturverst\u00e4ndnisses geleistet.<\/p>\n<blockquote>\n<p>Wir freuen uns schon auf das n\u00e4chste Jahr, wo wir die Bienen Jugendtage sicher wieder durchf\u00fchren und weiter ausbauen werden.<\/p>\n<\/blockquote>\n<\/div><\/section><br \/>\n\n<style type=\"text\/css\" data-created_by=\"avia_inline_auto\" id=\"style-css-av-ly6ynytt-31b805eb1e7938e63b7bb07ba3dbcbb5\">\n.av-horizontal-gallery.av-ly6ynytt-31b805eb1e7938e63b7bb07ba3dbcbb5{\npadding:3.75% 0px;;\n}\n.av-horizontal-gallery.av-ly6ynytt-31b805eb1e7938e63b7bb07ba3dbcbb5 .av-horizontal-gallery-inner{\npadding-bottom:25%;\n}\n<\/style>\n<div  class='av-horizontal-gallery av-ly6ynytt-31b805eb1e7938e63b7bb07ba3dbcbb5 av-horizontal-gallery-large-gap av-horizontal-gallery-enlarge-effect  avia-builder-el-5  el_after_av_textblock  el_before_av_hr  av-slideshow-ui av-control-default av-slideshow-manual av-loop-once av-loop-manual-once av-horizontal-gallery-1' data-slideshow-data=\"{&quot;enlarge&quot;:1.3,&quot;animation&quot;:&quot;slide&quot;,&quot;autoplay&quot;:false,&quot;loop_autoplay&quot;:&quot;once&quot;,&quot;interval&quot;:5,&quot;loop_manual&quot;:&quot;manual-once&quot;,&quot;autoplay_stopper&quot;:false,&quot;noNavigation&quot;:false,&quot;bg_slider&quot;:false,&quot;keep_padding&quot;:&quot;&quot;,&quot;hoverpause&quot;:false,&quot;show_slide_delay&quot;:0}\"  itemprop=\"image\" itemscope=\"itemscope\" itemtype=\"https:\/\/schema.org\/ImageObject\" ><div class='avia-slideshow-arrows avia-slideshow-controls' ><a href='#prev' class='prev-slide av-horizontal-gallery-prev avia-svg-icon avia-font-svg_entypo-fontello' data-av_svg_icon='left-open-big' data-av_iconset='svg_entypo-fontello' tabindex='-1' title=\"Zur\u00fcck\"><svg version=\"1.1\" xmlns=\"http:\/\/www.w3.org\/2000\/svg\" width=\"15\" height=\"32\" viewBox=\"0 0 15 32\" preserveAspectRatio=\"xMidYMid meet\" aria-labelledby='av-svg-title-1' aria-describedby='av-svg-desc-1' role=\"graphics-symbol\" aria-hidden=\"true\">\n<title id='av-svg-title-1'>Zur\u00fcck<\/title>\n<desc id='av-svg-desc-1'>Zur\u00fcck<\/desc>\n<path d=\"M14.464 27.84q0.832 0.832 0 1.536-0.832 0.832-1.536 0l-12.544-12.608q-0.768-0.768 0-1.6l12.544-12.608q0.704-0.832 1.536 0 0.832 0.704 0 1.536l-11.456 11.904z\"><\/path>\n<\/svg><span class='avia_hidden_link_text'>Zur\u00fcck<\/span><\/a><a href='#next' class='next-slide av-horizontal-gallery-next avia-svg-icon avia-font-svg_entypo-fontello' data-av_svg_icon='right-open-big' data-av_iconset='svg_entypo-fontello' tabindex='-1' title=\"Weiter\"><svg version=\"1.1\" xmlns=\"http:\/\/www.w3.org\/2000\/svg\" width=\"15\" height=\"32\" viewBox=\"0 0 15 32\" preserveAspectRatio=\"xMidYMid meet\" aria-labelledby='av-svg-title-2' aria-describedby='av-svg-desc-2' role=\"graphics-symbol\" aria-hidden=\"true\">\n<title id='av-svg-title-2'>Weiter<\/title>\n<desc id='av-svg-desc-2'>Weiter<\/desc>\n<path d=\"M0.416 27.84l11.456-11.84-11.456-11.904q-0.832-0.832 0-1.536 0.832-0.832 1.536 0l12.544 12.608q0.768 0.832 0 1.6l-12.544 12.608q-0.704 0.832-1.536 0-0.832-0.704 0-1.536z\"><\/path>\n<\/svg><span class='avia_hidden_link_text'>Weiter<\/span><\/a><\/div><div class='avia-slideshow-dots avia-slideshow-controls av-horizontal-gallery-dots fade-in'><a href='#1' class='goto-slide active' >1<\/a><a href='#2' class='goto-slide ' >2<\/a><a href='#3' class='goto-slide ' >3<\/a><a href='#4' class='goto-slide ' >4<\/a><a href='#5' class='goto-slide ' >5<\/a><a href='#6' class='goto-slide ' >6<\/a><a href='#7' class='goto-slide ' >7<\/a><a href='#8' class='goto-slide ' >8<\/a><a href='#9' class='goto-slide ' >9<\/a><a href='#10' class='goto-slide ' >10<\/a><a href='#11' class='goto-slide ' >11<\/a><\/div><div class='av-horizontal-gallery-inner' data-av-height='25'><div class=\"av-horizontal-gallery-slider\"><div class=\"av-horizontal-gallery-wrap noHover\"><img decoding=\"async\" fetchpriority=\"high\" class='wp-image-6163 avia-img-lazy-loading-not-6163 av-horizontal-gallery-img' width=\"768\" height=\"1024\" src=\"https:\/\/imker-aigen.at\/wp-content\/uploads\/2024\/07\/akzente2024_6_1024_768.jpg\" title='Die R\u00e4umlichkeiten bei akzente Salzburg' alt='' srcset=\"https:\/\/imker-aigen.at\/wp-content\/uploads\/2024\/07\/akzente2024_6_1024_768.jpg 768w, https:\/\/imker-aigen.at\/wp-content\/uploads\/2024\/07\/akzente2024_6_1024_768-225x300.jpg 225w, https:\/\/imker-aigen.at\/wp-content\/uploads\/2024\/07\/akzente2024_6_1024_768-529x705.jpg 529w\" sizes=\"(max-width: 768px) 100vw, 768px\" \/><a href=\"https:\/\/imker-aigen.at\/wp-content\/uploads\/2024\/07\/akzente2024_6_1024_768.jpg\" data-srcset=\"https:\/\/imker-aigen.at\/wp-content\/uploads\/2024\/07\/akzente2024_6_1024_768.jpg 768w, https:\/\/imker-aigen.at\/wp-content\/uploads\/2024\/07\/akzente2024_6_1024_768-225x300.jpg 225w, https:\/\/imker-aigen.at\/wp-content\/uploads\/2024\/07\/akzente2024_6_1024_768-529x705.jpg 529w\" data-sizes=\"(max-width: 768px) 100vw, 768px\" class='av-horizontal-gallery-link avia-svg-icon avia-font-svg_entypo-fontello' data-av_svg_icon='resize-full' data-av_iconset='svg_entypo-fontello' title='Die R\u00e4umlichkeiten bei akzente Salzburg' alt='' aria-label='Open image in lightbox: Die R\u00e4umlichkeiten bei akzente Salzburg'><svg version=\"1.1\" xmlns=\"http:\/\/www.w3.org\/2000\/svg\" width=\"25\" height=\"32\" viewBox=\"0 0 25 32\" preserveAspectRatio=\"xMidYMid meet\" aria-labelledby='av-svg-title-3' aria-describedby='av-svg-desc-3' role=\"graphics-symbol\" aria-hidden=\"true\">\n<title id='av-svg-title-3'>Open image in lightbox: Die R\u00e4umlichkeiten bei akzente Salzburg<\/title>\n<desc id='av-svg-desc-3'>Open image in lightbox: Die R\u00e4umlichkeiten bei akzente Salzburg<\/desc>\n<path d=\"M15.232 3.328h10.112v10.112l-3.2-3.968-4.672 4.864-3.2-3.2 4.864-4.672zM7.872 17.536l3.2 3.2-4.864 4.672 3.904 3.2h-10.112v-10.112l3.2 3.904z\"><\/path>\n<\/svg><\/a><\/div><div class=\"av-horizontal-gallery-wrap noHover\"><img decoding=\"async\" fetchpriority=\"high\" class='wp-image-6162 avia-img-lazy-loading-not-6162 av-horizontal-gallery-img' width=\"1024\" height=\"768\" src=\"https:\/\/imker-aigen.at\/wp-content\/uploads\/2024\/07\/akzente2024_5_1024_768.jpg\" title='Hilfsmittel f\u00fcr die Honiggewinnung' alt='' srcset=\"https:\/\/imker-aigen.at\/wp-content\/uploads\/2024\/07\/akzente2024_5_1024_768.jpg 1024w, https:\/\/imker-aigen.at\/wp-content\/uploads\/2024\/07\/akzente2024_5_1024_768-300x225.jpg 300w, https:\/\/imker-aigen.at\/wp-content\/uploads\/2024\/07\/akzente2024_5_1024_768-768x576.jpg 768w, https:\/\/imker-aigen.at\/wp-content\/uploads\/2024\/07\/akzente2024_5_1024_768-705x529.jpg 705w\" sizes=\"(max-width: 1024px) 100vw, 1024px\" \/><a href=\"https:\/\/imker-aigen.at\/wp-content\/uploads\/2024\/07\/akzente2024_5_1024_768.jpg\" data-srcset=\"https:\/\/imker-aigen.at\/wp-content\/uploads\/2024\/07\/akzente2024_5_1024_768.jpg 1024w, https:\/\/imker-aigen.at\/wp-content\/uploads\/2024\/07\/akzente2024_5_1024_768-300x225.jpg 300w, https:\/\/imker-aigen.at\/wp-content\/uploads\/2024\/07\/akzente2024_5_1024_768-768x576.jpg 768w, https:\/\/imker-aigen.at\/wp-content\/uploads\/2024\/07\/akzente2024_5_1024_768-705x529.jpg 705w\" data-sizes=\"(max-width: 1024px) 100vw, 1024px\" class='av-horizontal-gallery-link avia-svg-icon avia-font-svg_entypo-fontello' data-av_svg_icon='resize-full' data-av_iconset='svg_entypo-fontello' title='Hilfsmittel f\u00fcr die Honiggewinnung' alt='' aria-label='Open image in lightbox: Hilfsmittel f\u00fcr die Honiggewinnung'><svg version=\"1.1\" xmlns=\"http:\/\/www.w3.org\/2000\/svg\" width=\"25\" height=\"32\" viewBox=\"0 0 25 32\" preserveAspectRatio=\"xMidYMid meet\" aria-labelledby='av-svg-title-4' aria-describedby='av-svg-desc-4' role=\"graphics-symbol\" aria-hidden=\"true\">\n<title id='av-svg-title-4'>Open image in lightbox: Hilfsmittel f\u00fcr die Honiggewinnung<\/title>\n<desc id='av-svg-desc-4'>Open image in lightbox: Hilfsmittel f\u00fcr die Honiggewinnung<\/desc>\n<path d=\"M15.232 3.328h10.112v10.112l-3.2-3.968-4.672 4.864-3.2-3.2 4.864-4.672zM7.872 17.536l3.2 3.2-4.864 4.672 3.904 3.2h-10.112v-10.112l3.2 3.904z\"><\/path>\n<\/svg><\/a><\/div><div class=\"av-horizontal-gallery-wrap noHover\"><img decoding=\"async\" fetchpriority=\"high\" class='wp-image-6165 avia-img-lazy-loading-not-6165 av-horizontal-gallery-img' width=\"768\" height=\"1024\" src=\"https:\/\/imker-aigen.at\/wp-content\/uploads\/2024\/07\/akzente2024_8_1024_768.jpg\" title='Mikroskope f\u00fcr die Untersuchung von Bienen und Pollen' alt='' srcset=\"https:\/\/imker-aigen.at\/wp-content\/uploads\/2024\/07\/akzente2024_8_1024_768.jpg 768w, https:\/\/imker-aigen.at\/wp-content\/uploads\/2024\/07\/akzente2024_8_1024_768-225x300.jpg 225w, https:\/\/imker-aigen.at\/wp-content\/uploads\/2024\/07\/akzente2024_8_1024_768-529x705.jpg 529w\" sizes=\"(max-width: 768px) 100vw, 768px\" \/><a href=\"https:\/\/imker-aigen.at\/wp-content\/uploads\/2024\/07\/akzente2024_8_1024_768.jpg\" data-srcset=\"https:\/\/imker-aigen.at\/wp-content\/uploads\/2024\/07\/akzente2024_8_1024_768.jpg 768w, https:\/\/imker-aigen.at\/wp-content\/uploads\/2024\/07\/akzente2024_8_1024_768-225x300.jpg 225w, https:\/\/imker-aigen.at\/wp-content\/uploads\/2024\/07\/akzente2024_8_1024_768-529x705.jpg 529w\" data-sizes=\"(max-width: 768px) 100vw, 768px\" class='av-horizontal-gallery-link avia-svg-icon avia-font-svg_entypo-fontello' data-av_svg_icon='resize-full' data-av_iconset='svg_entypo-fontello' title='Mikroskope f\u00fcr die Untersuchung von Bienen und Pollen' alt='' aria-label='Open image in lightbox: Mikroskope f\u00fcr die Untersuchung von Bienen und Pollen'><svg version=\"1.1\" xmlns=\"http:\/\/www.w3.org\/2000\/svg\" width=\"25\" height=\"32\" viewBox=\"0 0 25 32\" preserveAspectRatio=\"xMidYMid meet\" aria-labelledby='av-svg-title-5' aria-describedby='av-svg-desc-5' role=\"graphics-symbol\" aria-hidden=\"true\">\n<title id='av-svg-title-5'>Open image in lightbox: Mikroskope f\u00fcr die Untersuchung von Bienen und Pollen<\/title>\n<desc id='av-svg-desc-5'>Open image in lightbox: Mikroskope f\u00fcr die Untersuchung von Bienen und Pollen<\/desc>\n<path d=\"M15.232 3.328h10.112v10.112l-3.2-3.968-4.672 4.864-3.2-3.2 4.864-4.672zM7.872 17.536l3.2 3.2-4.864 4.672 3.904 3.2h-10.112v-10.112l3.2 3.904z\"><\/path>\n<\/svg><\/a><\/div><div class=\"av-horizontal-gallery-wrap noHover\"><img decoding=\"async\" fetchpriority=\"high\" class='wp-image-6164 avia-img-lazy-loading-not-6164 av-horizontal-gallery-img' width=\"1024\" height=\"768\" src=\"https:\/\/imker-aigen.at\/wp-content\/uploads\/2024\/07\/akzente2024_7_1024_768.jpg\" title='Die beiden neuen Mikroskope des Vereins im Vordergrund' alt='' srcset=\"https:\/\/imker-aigen.at\/wp-content\/uploads\/2024\/07\/akzente2024_7_1024_768.jpg 1024w, https:\/\/imker-aigen.at\/wp-content\/uploads\/2024\/07\/akzente2024_7_1024_768-300x225.jpg 300w, https:\/\/imker-aigen.at\/wp-content\/uploads\/2024\/07\/akzente2024_7_1024_768-768x576.jpg 768w, https:\/\/imker-aigen.at\/wp-content\/uploads\/2024\/07\/akzente2024_7_1024_768-705x529.jpg 705w\" sizes=\"(max-width: 1024px) 100vw, 1024px\" \/><a href=\"https:\/\/imker-aigen.at\/wp-content\/uploads\/2024\/07\/akzente2024_7_1024_768.jpg\" data-srcset=\"https:\/\/imker-aigen.at\/wp-content\/uploads\/2024\/07\/akzente2024_7_1024_768.jpg 1024w, https:\/\/imker-aigen.at\/wp-content\/uploads\/2024\/07\/akzente2024_7_1024_768-300x225.jpg 300w, https:\/\/imker-aigen.at\/wp-content\/uploads\/2024\/07\/akzente2024_7_1024_768-768x576.jpg 768w, https:\/\/imker-aigen.at\/wp-content\/uploads\/2024\/07\/akzente2024_7_1024_768-705x529.jpg 705w\" data-sizes=\"(max-width: 1024px) 100vw, 1024px\" class='av-horizontal-gallery-link avia-svg-icon avia-font-svg_entypo-fontello' data-av_svg_icon='resize-full' data-av_iconset='svg_entypo-fontello' title='Die beiden neuen Mikroskope des Vereins im Vordergrund' alt='' aria-label='Open image in lightbox: Die beiden neuen Mikroskope des Vereins im Vordergrund'><svg version=\"1.1\" xmlns=\"http:\/\/www.w3.org\/2000\/svg\" width=\"25\" height=\"32\" viewBox=\"0 0 25 32\" preserveAspectRatio=\"xMidYMid meet\" aria-labelledby='av-svg-title-6' aria-describedby='av-svg-desc-6' role=\"graphics-symbol\" aria-hidden=\"true\">\n<title id='av-svg-title-6'>Open image in lightbox: Die beiden neuen Mikroskope des Vereins im Vordergrund<\/title>\n<desc id='av-svg-desc-6'>Open image in lightbox: Die beiden neuen Mikroskope des Vereins im Vordergrund<\/desc>\n<path d=\"M15.232 3.328h10.112v10.112l-3.2-3.968-4.672 4.864-3.2-3.2 4.864-4.672zM7.872 17.536l3.2 3.2-4.864 4.672 3.904 3.2h-10.112v-10.112l3.2 3.904z\"><\/path>\n<\/svg><\/a><\/div><div class=\"av-horizontal-gallery-wrap noHover\"><img decoding=\"async\" fetchpriority=\"high\" class='wp-image-6166 avia-img-lazy-loading-not-6166 av-horizontal-gallery-img' width=\"768\" height=\"1024\" src=\"https:\/\/imker-aigen.at\/wp-content\/uploads\/2024\/07\/akzente2024_9_1024_768.jpg\" title='Bienen-Fotobeute vom Imkerhof Salzburg' alt='' srcset=\"https:\/\/imker-aigen.at\/wp-content\/uploads\/2024\/07\/akzente2024_9_1024_768.jpg 768w, https:\/\/imker-aigen.at\/wp-content\/uploads\/2024\/07\/akzente2024_9_1024_768-225x300.jpg 225w, https:\/\/imker-aigen.at\/wp-content\/uploads\/2024\/07\/akzente2024_9_1024_768-529x705.jpg 529w\" sizes=\"(max-width: 768px) 100vw, 768px\" \/><a href=\"https:\/\/imker-aigen.at\/wp-content\/uploads\/2024\/07\/akzente2024_9_1024_768.jpg\" data-srcset=\"https:\/\/imker-aigen.at\/wp-content\/uploads\/2024\/07\/akzente2024_9_1024_768.jpg 768w, https:\/\/imker-aigen.at\/wp-content\/uploads\/2024\/07\/akzente2024_9_1024_768-225x300.jpg 225w, https:\/\/imker-aigen.at\/wp-content\/uploads\/2024\/07\/akzente2024_9_1024_768-529x705.jpg 529w\" data-sizes=\"(max-width: 768px) 100vw, 768px\" class='av-horizontal-gallery-link avia-svg-icon avia-font-svg_entypo-fontello' data-av_svg_icon='resize-full' data-av_iconset='svg_entypo-fontello' title='Bienen-Fotobeute vom Imkerhof Salzburg' alt='' aria-label='Open image in lightbox: Bienen-Fotobeute vom Imkerhof Salzburg'><svg version=\"1.1\" xmlns=\"http:\/\/www.w3.org\/2000\/svg\" width=\"25\" height=\"32\" viewBox=\"0 0 25 32\" preserveAspectRatio=\"xMidYMid meet\" aria-labelledby='av-svg-title-7' aria-describedby='av-svg-desc-7' role=\"graphics-symbol\" aria-hidden=\"true\">\n<title id='av-svg-title-7'>Open image in lightbox: Bienen-Fotobeute vom Imkerhof Salzburg<\/title>\n<desc id='av-svg-desc-7'>Open image in lightbox: Bienen-Fotobeute vom Imkerhof Salzburg<\/desc>\n<path d=\"M15.232 3.328h10.112v10.112l-3.2-3.968-4.672 4.864-3.2-3.2 4.864-4.672zM7.872 17.536l3.2 3.2-4.864 4.672 3.904 3.2h-10.112v-10.112l3.2 3.904z\"><\/path>\n<\/svg><\/a><\/div><div class=\"av-horizontal-gallery-wrap noHover\"><img decoding=\"async\" fetchpriority=\"high\" class='wp-image-6161 avia-img-lazy-loading-not-6161 av-horizontal-gallery-img' width=\"768\" height=\"1024\" src=\"https:\/\/imker-aigen.at\/wp-content\/uploads\/2024\/07\/akzente2024_4_1024_768.jpg\" title='Hands-On-Workshop' alt='' srcset=\"https:\/\/imker-aigen.at\/wp-content\/uploads\/2024\/07\/akzente2024_4_1024_768.jpg 768w, https:\/\/imker-aigen.at\/wp-content\/uploads\/2024\/07\/akzente2024_4_1024_768-225x300.jpg 225w, https:\/\/imker-aigen.at\/wp-content\/uploads\/2024\/07\/akzente2024_4_1024_768-529x705.jpg 529w\" sizes=\"(max-width: 768px) 100vw, 768px\" \/><a href=\"https:\/\/imker-aigen.at\/wp-content\/uploads\/2024\/07\/akzente2024_4_1024_768.jpg\" data-srcset=\"https:\/\/imker-aigen.at\/wp-content\/uploads\/2024\/07\/akzente2024_4_1024_768.jpg 768w, https:\/\/imker-aigen.at\/wp-content\/uploads\/2024\/07\/akzente2024_4_1024_768-225x300.jpg 225w, https:\/\/imker-aigen.at\/wp-content\/uploads\/2024\/07\/akzente2024_4_1024_768-529x705.jpg 529w\" data-sizes=\"(max-width: 768px) 100vw, 768px\" class='av-horizontal-gallery-link avia-svg-icon avia-font-svg_entypo-fontello' data-av_svg_icon='resize-full' data-av_iconset='svg_entypo-fontello' title='Hands-On-Workshop' alt='' aria-label='Open image in lightbox: Hands-On-Workshop'><svg version=\"1.1\" xmlns=\"http:\/\/www.w3.org\/2000\/svg\" width=\"25\" height=\"32\" viewBox=\"0 0 25 32\" preserveAspectRatio=\"xMidYMid meet\" aria-labelledby='av-svg-title-8' aria-describedby='av-svg-desc-8' role=\"graphics-symbol\" aria-hidden=\"true\">\n<title id='av-svg-title-8'>Open image in lightbox: Hands-On-Workshop<\/title>\n<desc id='av-svg-desc-8'>Open image in lightbox: Hands-On-Workshop<\/desc>\n<path d=\"M15.232 3.328h10.112v10.112l-3.2-3.968-4.672 4.864-3.2-3.2 4.864-4.672zM7.872 17.536l3.2 3.2-4.864 4.672 3.904 3.2h-10.112v-10.112l3.2 3.904z\"><\/path>\n<\/svg><\/a><\/div><div class=\"av-horizontal-gallery-wrap noHover\"><img decoding=\"async\" fetchpriority=\"high\" class='wp-image-6159 avia-img-lazy-loading-not-6159 av-horizontal-gallery-img' width=\"768\" height=\"1024\" src=\"https:\/\/imker-aigen.at\/wp-content\/uploads\/2024\/07\/akzente2024_2_1024_768.jpg\" title='Live am akzente Bienenstand' alt='' srcset=\"https:\/\/imker-aigen.at\/wp-content\/uploads\/2024\/07\/akzente2024_2_1024_768.jpg 768w, https:\/\/imker-aigen.at\/wp-content\/uploads\/2024\/07\/akzente2024_2_1024_768-225x300.jpg 225w, https:\/\/imker-aigen.at\/wp-content\/uploads\/2024\/07\/akzente2024_2_1024_768-529x705.jpg 529w\" sizes=\"(max-width: 768px) 100vw, 768px\" \/><a href=\"https:\/\/imker-aigen.at\/wp-content\/uploads\/2024\/07\/akzente2024_2_1024_768.jpg\" data-srcset=\"https:\/\/imker-aigen.at\/wp-content\/uploads\/2024\/07\/akzente2024_2_1024_768.jpg 768w, https:\/\/imker-aigen.at\/wp-content\/uploads\/2024\/07\/akzente2024_2_1024_768-225x300.jpg 225w, https:\/\/imker-aigen.at\/wp-content\/uploads\/2024\/07\/akzente2024_2_1024_768-529x705.jpg 529w\" data-sizes=\"(max-width: 768px) 100vw, 768px\" class='av-horizontal-gallery-link avia-svg-icon avia-font-svg_entypo-fontello' data-av_svg_icon='resize-full' data-av_iconset='svg_entypo-fontello' title='Live am akzente Bienenstand' alt='' aria-label='Open image in lightbox: Live am akzente Bienenstand'><svg version=\"1.1\" xmlns=\"http:\/\/www.w3.org\/2000\/svg\" width=\"25\" height=\"32\" viewBox=\"0 0 25 32\" preserveAspectRatio=\"xMidYMid meet\" aria-labelledby='av-svg-title-9' aria-describedby='av-svg-desc-9' role=\"graphics-symbol\" aria-hidden=\"true\">\n<title id='av-svg-title-9'>Open image in lightbox: Live am akzente Bienenstand<\/title>\n<desc id='av-svg-desc-9'>Open image in lightbox: Live am akzente Bienenstand<\/desc>\n<path d=\"M15.232 3.328h10.112v10.112l-3.2-3.968-4.672 4.864-3.2-3.2 4.864-4.672zM7.872 17.536l3.2 3.2-4.864 4.672 3.904 3.2h-10.112v-10.112l3.2 3.904z\"><\/path>\n<\/svg><\/a><\/div><div class=\"av-horizontal-gallery-wrap noHover\"><img decoding=\"async\" fetchpriority=\"high\" class='wp-image-6158 avia-img-lazy-loading-not-6158 av-horizontal-gallery-img' width=\"768\" height=\"1024\" src=\"https:\/\/imker-aigen.at\/wp-content\/uploads\/2024\/07\/akzente2024_1_1024_768.jpg\" title='Honig direkt von der Wabe und direkt aus dem Bienenstock schmeckt nochmals besser' alt='' srcset=\"https:\/\/imker-aigen.at\/wp-content\/uploads\/2024\/07\/akzente2024_1_1024_768.jpg 768w, https:\/\/imker-aigen.at\/wp-content\/uploads\/2024\/07\/akzente2024_1_1024_768-225x300.jpg 225w, https:\/\/imker-aigen.at\/wp-content\/uploads\/2024\/07\/akzente2024_1_1024_768-529x705.jpg 529w\" sizes=\"(max-width: 768px) 100vw, 768px\" \/><a href=\"https:\/\/imker-aigen.at\/wp-content\/uploads\/2024\/07\/akzente2024_1_1024_768.jpg\" data-srcset=\"https:\/\/imker-aigen.at\/wp-content\/uploads\/2024\/07\/akzente2024_1_1024_768.jpg 768w, https:\/\/imker-aigen.at\/wp-content\/uploads\/2024\/07\/akzente2024_1_1024_768-225x300.jpg 225w, https:\/\/imker-aigen.at\/wp-content\/uploads\/2024\/07\/akzente2024_1_1024_768-529x705.jpg 529w\" data-sizes=\"(max-width: 768px) 100vw, 768px\" class='av-horizontal-gallery-link avia-svg-icon avia-font-svg_entypo-fontello' data-av_svg_icon='resize-full' data-av_iconset='svg_entypo-fontello' title='Honig direkt von der Wabe und direkt aus dem Bienenstock schmeckt nochmals besser' alt='' aria-label='Open image in lightbox: Honig direkt von der Wabe und direkt aus dem Bienenstock schmeckt nochmals besser'><svg version=\"1.1\" xmlns=\"http:\/\/www.w3.org\/2000\/svg\" width=\"25\" height=\"32\" viewBox=\"0 0 25 32\" preserveAspectRatio=\"xMidYMid meet\" aria-labelledby='av-svg-title-10' aria-describedby='av-svg-desc-10' role=\"graphics-symbol\" aria-hidden=\"true\">\n<title id='av-svg-title-10'>Open image in lightbox: Honig direkt von der Wabe und direkt aus dem Bienenstock schmeckt nochmals besser<\/title>\n<desc id='av-svg-desc-10'>Open image in lightbox: Honig direkt von der Wabe und direkt aus dem Bienenstock schmeckt nochmals besser<\/desc>\n<path d=\"M15.232 3.328h10.112v10.112l-3.2-3.968-4.672 4.864-3.2-3.2 4.864-4.672zM7.872 17.536l3.2 3.2-4.864 4.672 3.904 3.2h-10.112v-10.112l3.2 3.904z\"><\/path>\n<\/svg><\/a><\/div><div class=\"av-horizontal-gallery-wrap noHover\"><img decoding=\"async\" fetchpriority=\"high\" class='wp-image-6160 avia-img-lazy-loading-not-6160 av-horizontal-gallery-img' width=\"768\" height=\"1024\" src=\"https:\/\/imker-aigen.at\/wp-content\/uploads\/2024\/07\/akzente2024_3_1024_768.jpg\" title='Voller Einsatz beim Honigschleudern' alt='' srcset=\"https:\/\/imker-aigen.at\/wp-content\/uploads\/2024\/07\/akzente2024_3_1024_768.jpg 768w, https:\/\/imker-aigen.at\/wp-content\/uploads\/2024\/07\/akzente2024_3_1024_768-225x300.jpg 225w, https:\/\/imker-aigen.at\/wp-content\/uploads\/2024\/07\/akzente2024_3_1024_768-529x705.jpg 529w\" sizes=\"(max-width: 768px) 100vw, 768px\" \/><a href=\"https:\/\/imker-aigen.at\/wp-content\/uploads\/2024\/07\/akzente2024_3_1024_768.jpg\" data-srcset=\"https:\/\/imker-aigen.at\/wp-content\/uploads\/2024\/07\/akzente2024_3_1024_768.jpg 768w, https:\/\/imker-aigen.at\/wp-content\/uploads\/2024\/07\/akzente2024_3_1024_768-225x300.jpg 225w, https:\/\/imker-aigen.at\/wp-content\/uploads\/2024\/07\/akzente2024_3_1024_768-529x705.jpg 529w\" data-sizes=\"(max-width: 768px) 100vw, 768px\" class='av-horizontal-gallery-link avia-svg-icon avia-font-svg_entypo-fontello' data-av_svg_icon='resize-full' data-av_iconset='svg_entypo-fontello' title='Voller Einsatz beim Honigschleudern' alt='' aria-label='Open image in lightbox: Voller Einsatz beim Honigschleudern'><svg version=\"1.1\" xmlns=\"http:\/\/www.w3.org\/2000\/svg\" width=\"25\" height=\"32\" viewBox=\"0 0 25 32\" preserveAspectRatio=\"xMidYMid meet\" aria-labelledby='av-svg-title-11' aria-describedby='av-svg-desc-11' role=\"graphics-symbol\" aria-hidden=\"true\">\n<title id='av-svg-title-11'>Open image in lightbox: Voller Einsatz beim Honigschleudern<\/title>\n<desc id='av-svg-desc-11'>Open image in lightbox: Voller Einsatz beim Honigschleudern<\/desc>\n<path d=\"M15.232 3.328h10.112v10.112l-3.2-3.968-4.672 4.864-3.2-3.2 4.864-4.672zM7.872 17.536l3.2 3.2-4.864 4.672 3.904 3.2h-10.112v-10.112l3.2 3.904z\"><\/path>\n<\/svg><\/a><\/div><div class=\"av-horizontal-gallery-wrap noHover\"><img decoding=\"async\" fetchpriority=\"high\" class='wp-image-6167 avia-img-lazy-loading-not-6167 av-horizontal-gallery-img' width=\"768\" height=\"1024\" src=\"https:\/\/imker-aigen.at\/wp-content\/uploads\/2024\/07\/akzente2024_10_1024_768.jpg\" title='Profis bei der Arbeit ;-)' alt='' srcset=\"https:\/\/imker-aigen.at\/wp-content\/uploads\/2024\/07\/akzente2024_10_1024_768.jpg 768w, https:\/\/imker-aigen.at\/wp-content\/uploads\/2024\/07\/akzente2024_10_1024_768-225x300.jpg 225w, https:\/\/imker-aigen.at\/wp-content\/uploads\/2024\/07\/akzente2024_10_1024_768-529x705.jpg 529w\" sizes=\"(max-width: 768px) 100vw, 768px\" \/><a href=\"https:\/\/imker-aigen.at\/wp-content\/uploads\/2024\/07\/akzente2024_10_1024_768.jpg\" data-srcset=\"https:\/\/imker-aigen.at\/wp-content\/uploads\/2024\/07\/akzente2024_10_1024_768.jpg 768w, https:\/\/imker-aigen.at\/wp-content\/uploads\/2024\/07\/akzente2024_10_1024_768-225x300.jpg 225w, https:\/\/imker-aigen.at\/wp-content\/uploads\/2024\/07\/akzente2024_10_1024_768-529x705.jpg 529w\" data-sizes=\"(max-width: 768px) 100vw, 768px\" class='av-horizontal-gallery-link avia-svg-icon avia-font-svg_entypo-fontello' data-av_svg_icon='resize-full' data-av_iconset='svg_entypo-fontello' title='Profis bei der Arbeit ;-)' alt='' aria-label='Open image in lightbox: Profis bei der Arbeit ;-)'><svg version=\"1.1\" xmlns=\"http:\/\/www.w3.org\/2000\/svg\" width=\"25\" height=\"32\" viewBox=\"0 0 25 32\" preserveAspectRatio=\"xMidYMid meet\" aria-labelledby='av-svg-title-12' aria-describedby='av-svg-desc-12' role=\"graphics-symbol\" aria-hidden=\"true\">\n<title id='av-svg-title-12'>Open image in lightbox: Profis bei der Arbeit \ud83d\ude09<\/title>\n<desc id='av-svg-desc-12'>Open image in lightbox: Profis bei der Arbeit \ud83d\ude09<\/desc>\n<path d=\"M15.232 3.328h10.112v10.112l-3.2-3.968-4.672 4.864-3.2-3.2 4.864-4.672zM7.872 17.536l3.2 3.2-4.864 4.672 3.904 3.2h-10.112v-10.112l3.2 3.904z\"><\/path>\n<\/svg><\/a><\/div><div class=\"av-horizontal-gallery-wrap noHover\"><img decoding=\"async\" fetchpriority=\"high\" class='wp-image-6170 avia-img-lazy-loading-not-6170 av-horizontal-gallery-img' width=\"768\" height=\"1024\" src=\"https:\/\/imker-aigen.at\/wp-content\/uploads\/2024\/07\/akzente2024_11_1024_768.jpg\" title='Stadtgams bei den Bienen Jugendtagen 2024' alt='' srcset=\"https:\/\/imker-aigen.at\/wp-content\/uploads\/2024\/07\/akzente2024_11_1024_768.jpg 768w, https:\/\/imker-aigen.at\/wp-content\/uploads\/2024\/07\/akzente2024_11_1024_768-225x300.jpg 225w, https:\/\/imker-aigen.at\/wp-content\/uploads\/2024\/07\/akzente2024_11_1024_768-529x705.jpg 529w\" sizes=\"(max-width: 768px) 100vw, 768px\" \/><a href=\"https:\/\/imker-aigen.at\/wp-content\/uploads\/2024\/07\/akzente2024_11_1024_768.jpg\" data-srcset=\"https:\/\/imker-aigen.at\/wp-content\/uploads\/2024\/07\/akzente2024_11_1024_768.jpg 768w, https:\/\/imker-aigen.at\/wp-content\/uploads\/2024\/07\/akzente2024_11_1024_768-225x300.jpg 225w, https:\/\/imker-aigen.at\/wp-content\/uploads\/2024\/07\/akzente2024_11_1024_768-529x705.jpg 529w\" data-sizes=\"(max-width: 768px) 100vw, 768px\" class='av-horizontal-gallery-link avia-svg-icon avia-font-svg_entypo-fontello' data-av_svg_icon='resize-full' data-av_iconset='svg_entypo-fontello' title='Stadtgams bei den Bienen Jugendtagen 2024' alt='' aria-label='Open image in lightbox: Stadtgams bei den Bienen Jugendtagen 2024'><svg version=\"1.1\" xmlns=\"http:\/\/www.w3.org\/2000\/svg\" width=\"25\" height=\"32\" viewBox=\"0 0 25 32\" preserveAspectRatio=\"xMidYMid meet\" aria-labelledby='av-svg-title-13' aria-describedby='av-svg-desc-13' role=\"graphics-symbol\" aria-hidden=\"true\">\n<title id='av-svg-title-13'>Open image in lightbox: Stadtgams bei den Bienen Jugendtagen 2024<\/title>\n<desc id='av-svg-desc-13'>Open image in lightbox: Stadtgams bei den Bienen Jugendtagen 2024<\/desc>\n<path d=\"M15.232 3.328h10.112v10.112l-3.2-3.968-4.672 4.864-3.2-3.2 4.864-4.672zM7.872 17.536l3.2 3.2-4.864 4.672 3.904 3.2h-10.112v-10.112l3.2 3.904z\"><\/path>\n<\/svg><\/a><\/div><\/div><\/div><\/div><br \/>\n\n<style type=\"text\/css\" data-created_by=\"avia_inline_auto\" id=\"style-css-av-ly70fqx7-ee85c9b59e9d234c658cd12e1421fe33\">\n#top .hr.hr-invisible.av-ly70fqx7-ee85c9b59e9d234c658cd12e1421fe33{\nheight:25px;\n}\n<\/style>\n<div  class='hr av-ly70fqx7-ee85c9b59e9d234c658cd12e1421fe33 hr-invisible  avia-builder-el-6  el_after_av_horizontal_gallery  el_before_av_social_share  avia-builder-el-first '><span class='hr-inner '><span class=\"hr-inner-style\"><\/span><\/span><\/div><br \/>\n<div  class='av-social-sharing-box av-g9wpj-3f92c2a66c74aea13a7b9d713077e8d7 av-social-sharing-box-default  avia-builder-el-7  el_after_av_hr  el_before_av_comments_list  av-social-sharing-box-fullwidth'><div class=\"av-share-box\"><h5 class='av-share-link-description av-no-toc '>Eintrag teilen<\/h5><ul class=\"av-share-box-list noLightbox\"><li class='av-share-link av-social-link-facebook avia_social_iconfont' ><a target=\"_blank\" aria-label=\"Teilen auf Facebook\" href='https:\/\/www.facebook.com\/sharer.php?u=https:\/\/imker-aigen.at\/index.php\/2024\/06\/27\/bienen-jugendtage-bei-akzente-salzburg\/&#038;t=Bienen-Jugendtage%20bei%20akzente%20Salzburg' data-av_icon='\ue8f3' data-av_iconfont='entypo-fontello'  title='' data-avia-related-tooltip='Teilen auf Facebook'><span class='avia_hidden_link_text'>Teilen auf Facebook<\/span><\/a><\/li><li class='av-share-link av-social-link-twitter avia_social_iconfont' ><a target=\"_blank\" aria-label=\"Teilen auf X\" href='https:\/\/twitter.com\/share?text=Bienen-Jugendtage%20bei%20akzente%20Salzburg&#038;url=https:\/\/imker-aigen.at\/?p=6151' data-av_icon='\ue932' data-av_iconfont='entypo-fontello'  title='' data-avia-related-tooltip='Teilen auf X'><span class='avia_hidden_link_text'>Teilen auf X<\/span><\/a><\/li><li class='av-share-link av-social-link-whatsapp avia_social_iconfont' ><a target=\"_blank\" aria-label=\"Teilen auf WhatsApp\" href='https:\/\/api.whatsapp.com\/send?text=https:\/\/imker-aigen.at\/index.php\/2024\/06\/27\/bienen-jugendtage-bei-akzente-salzburg\/' data-av_icon='\uf232' data-av_iconfont='entypo-fontello'  title='' data-avia-related-tooltip='Teilen auf WhatsApp'><span class='avia_hidden_link_text'>Teilen auf WhatsApp<\/span><\/a><\/li><li class='av-share-link av-social-link-pinterest avia_social_iconfont' ><a target=\"_blank\" aria-label=\"Teilen auf Pinterest\" href='https:\/\/pinterest.com\/pin\/create\/button\/?url=https%3A%2F%2Fimker-aigen.at%2Findex.php%2F2024%2F06%2F27%2Fbienen-jugendtage-bei-akzente-salzburg%2F&#038;description=Bienen-Jugendtage%20bei%20akzente%20Salzburg&#038;media=https%3A%2F%2Fimker-aigen.at%2Fwp-content%2Fuploads%2F2024%2F07%2Fakzente2024_4_1024_768-529x705.jpg' data-av_icon='\ue8f8' data-av_iconfont='entypo-fontello'  title='' data-avia-related-tooltip='Teilen auf Pinterest'><span class='avia_hidden_link_text'>Teilen auf Pinterest<\/span><\/a><\/li><li class='av-share-link av-social-link-linkedin avia_social_iconfont' ><a target=\"_blank\" aria-label=\"Teilen auf LinkedIn\" href='https:\/\/linkedin.com\/shareArticle?mini=true&#038;title=Bienen-Jugendtage%20bei%20akzente%20Salzburg&#038;url=https:\/\/imker-aigen.at\/index.php\/2024\/06\/27\/bienen-jugendtage-bei-akzente-salzburg\/' data-av_icon='\ue8fc' data-av_iconfont='entypo-fontello'  title='' data-avia-related-tooltip='Teilen auf LinkedIn'><span class='avia_hidden_link_text'>Teilen auf LinkedIn<\/span><\/a><\/li><li class='av-share-link av-social-link-reddit avia_social_iconfont' ><a target=\"_blank\" aria-label=\"Teilen auf Reddit\" href='https:\/\/reddit.com\/submit?url=https:\/\/imker-aigen.at\/index.php\/2024\/06\/27\/bienen-jugendtage-bei-akzente-salzburg\/&#038;title=Bienen-Jugendtage%20bei%20akzente%20Salzburg' data-av_icon='\ue927' data-av_iconfont='entypo-fontello'  title='' data-avia-related-tooltip='Teilen auf Reddit'><span class='avia_hidden_link_text'>Teilen auf Reddit<\/span><\/a><\/li><li class='av-share-link av-social-link-mail avia_social_iconfont' ><a  aria-label=\"Per E-Mail teilen\" href='mailto:?subject=Bienen-Jugendtage%20bei%20akzente%20Salzburg&#038;body=https:\/\/imker-aigen.at\/index.php\/2024\/06\/27\/bienen-jugendtage-bei-akzente-salzburg\/' data-av_icon='\ue805' data-av_iconfont='entypo-fontello'  title='' data-avia-related-tooltip='Per E-Mail teilen'><span class='avia_hidden_link_text'>Per E-Mail teilen<\/span><\/a><\/li><\/ul><\/div><\/div><br \/>\n<div  class='av-buildercomment av-2uc47b-38be2714ba9706f95c18e8d0cd2d0937'><\/div><\/p><\/div>\n","protected":false},"excerpt":{"rendered":"","protected":false},"author":1,"featured_media":6161,"comment_status":"open","ping_status":"closed","sticky":false,"template":"","format":"standard","meta":{"footnotes":""},"categories":[18,2],"tags":[58,227,57,228,229],"class_list":["post-6151","post","type-post","status-publish","format-standard","has-post-thumbnail","hentry","category-alte-veranstaltungen","category-news","tag-akzente","tag-bienentage","tag-jugendarbeit","tag-mikroskope","tag-pollenanalyse"],"yoast_head":"<!-- This site is optimized with the Yoast SEO plugin v27.4 - https:\/\/yoast.com\/product\/yoast-seo-wordpress\/ -->\n<title>Bienen-Jugendtage bei akzente Salzburg - Imker Ortsgruppe Salzburg Aigen<\/title>\n<meta name=\"description\" content=\"Von 25-27. Juni 2024 fanden wieder die Bienen-Jugendtage des Imkervereins Salzburg Aigen bei akzente Salzburg statt.\" \/>\n<meta name=\"robots\" content=\"index, follow, max-snippet:-1, max-image-preview:large, max-video-preview:-1\" \/>\n<link rel=\"canonical\" href=\"https:\/\/imker-aigen.at\/index.php\/2024\/06\/27\/bienen-jugendtage-bei-akzente-salzburg\/\" \/>\n<meta property=\"og:locale\" content=\"de_DE\" \/>\n<meta property=\"og:type\" content=\"article\" \/>\n<meta property=\"og:title\" content=\"Bienen-Jugendtage bei akzente Salzburg - Imker Ortsgruppe Salzburg Aigen\" \/>\n<meta property=\"og:description\" content=\"Von 25-27. Juni 2024 fanden wieder die Bienen-Jugendtage des Imkervereins Salzburg Aigen bei akzente Salzburg statt.\" \/>\n<meta property=\"og:url\" content=\"https:\/\/imker-aigen.at\/index.php\/2024\/06\/27\/bienen-jugendtage-bei-akzente-salzburg\/\" \/>\n<meta property=\"og:site_name\" content=\"Imker Ortsgruppe Salzburg Aigen\" \/>\n<meta property=\"article:published_time\" content=\"2024-06-27T06:00:43+00:00\" \/>\n<meta property=\"article:modified_time\" content=\"2024-07-04T08:37:33+00:00\" \/>\n<meta property=\"og:image\" content=\"https:\/\/imker-aigen.at\/wp-content\/uploads\/2024\/07\/akzente2024_4_1024_768.jpg\" \/>\n\t<meta property=\"og:image:width\" content=\"768\" \/>\n\t<meta property=\"og:image:height\" content=\"1024\" \/>\n\t<meta property=\"og:image:type\" content=\"image\/jpeg\" \/>\n<meta name=\"author\" content=\"admin\" \/>\n<meta name=\"twitter:card\" content=\"summary_large_image\" \/>\n<meta name=\"twitter:label1\" content=\"Verfasst von\" \/>\n\t<meta name=\"twitter:data1\" content=\"admin\" \/>\n\t<meta name=\"twitter:label2\" content=\"Gesch\u00e4tzte Lesezeit\" \/>\n\t<meta name=\"twitter:data2\" content=\"6\u00a0Minuten\" \/>\n<script type=\"application\/ld+json\" class=\"yoast-schema-graph\">{\"@context\":\"https:\\\/\\\/schema.org\",\"@graph\":[{\"@type\":\"Article\",\"@id\":\"https:\\\/\\\/imker-aigen.at\\\/index.php\\\/2024\\\/06\\\/27\\\/bienen-jugendtage-bei-akzente-salzburg\\\/#article\",\"isPartOf\":{\"@id\":\"https:\\\/\\\/imker-aigen.at\\\/index.php\\\/2024\\\/06\\\/27\\\/bienen-jugendtage-bei-akzente-salzburg\\\/\"},\"author\":{\"name\":\"admin\",\"@id\":\"https:\\\/\\\/imker-aigen.at\\\/#\\\/schema\\\/person\\\/d7d0c3a8ef6f051d450781218ac83077\"},\"headline\":\"Bienen-Jugendtage bei akzente Salzburg\",\"datePublished\":\"2024-06-27T06:00:43+00:00\",\"dateModified\":\"2024-07-04T08:37:33+00:00\",\"mainEntityOfPage\":{\"@id\":\"https:\\\/\\\/imker-aigen.at\\\/index.php\\\/2024\\\/06\\\/27\\\/bienen-jugendtage-bei-akzente-salzburg\\\/\"},\"wordCount\":1664,\"commentCount\":0,\"publisher\":{\"@id\":\"https:\\\/\\\/imker-aigen.at\\\/#organization\"},\"image\":{\"@id\":\"https:\\\/\\\/imker-aigen.at\\\/index.php\\\/2024\\\/06\\\/27\\\/bienen-jugendtage-bei-akzente-salzburg\\\/#primaryimage\"},\"thumbnailUrl\":\"https:\\\/\\\/imker-aigen.at\\\/wp-content\\\/uploads\\\/2024\\\/07\\\/akzente2024_4_1024_768.jpg\",\"keywords\":[\"akzente\",\"Bienentage\",\"Jugendarbeit\",\"Mikroskope\",\"Pollenanalyse\"],\"articleSection\":[\"Alte Veranstaltungen\",\"News\"],\"inLanguage\":\"de\",\"potentialAction\":[{\"@type\":\"CommentAction\",\"name\":\"Comment\",\"target\":[\"https:\\\/\\\/imker-aigen.at\\\/index.php\\\/2024\\\/06\\\/27\\\/bienen-jugendtage-bei-akzente-salzburg\\\/#respond\"]}]},{\"@type\":\"WebPage\",\"@id\":\"https:\\\/\\\/imker-aigen.at\\\/index.php\\\/2024\\\/06\\\/27\\\/bienen-jugendtage-bei-akzente-salzburg\\\/\",\"url\":\"https:\\\/\\\/imker-aigen.at\\\/index.php\\\/2024\\\/06\\\/27\\\/bienen-jugendtage-bei-akzente-salzburg\\\/\",\"name\":\"Bienen-Jugendtage bei akzente Salzburg - Imker Ortsgruppe Salzburg Aigen\",\"isPartOf\":{\"@id\":\"https:\\\/\\\/imker-aigen.at\\\/#website\"},\"primaryImageOfPage\":{\"@id\":\"https:\\\/\\\/imker-aigen.at\\\/index.php\\\/2024\\\/06\\\/27\\\/bienen-jugendtage-bei-akzente-salzburg\\\/#primaryimage\"},\"image\":{\"@id\":\"https:\\\/\\\/imker-aigen.at\\\/index.php\\\/2024\\\/06\\\/27\\\/bienen-jugendtage-bei-akzente-salzburg\\\/#primaryimage\"},\"thumbnailUrl\":\"https:\\\/\\\/imker-aigen.at\\\/wp-content\\\/uploads\\\/2024\\\/07\\\/akzente2024_4_1024_768.jpg\",\"datePublished\":\"2024-06-27T06:00:43+00:00\",\"dateModified\":\"2024-07-04T08:37:33+00:00\",\"description\":\"Von 25-27. Juni 2024 fanden wieder die Bienen-Jugendtage des Imkervereins Salzburg Aigen bei akzente Salzburg statt.\",\"breadcrumb\":{\"@id\":\"https:\\\/\\\/imker-aigen.at\\\/index.php\\\/2024\\\/06\\\/27\\\/bienen-jugendtage-bei-akzente-salzburg\\\/#breadcrumb\"},\"inLanguage\":\"de\",\"potentialAction\":[{\"@type\":\"ReadAction\",\"target\":[\"https:\\\/\\\/imker-aigen.at\\\/index.php\\\/2024\\\/06\\\/27\\\/bienen-jugendtage-bei-akzente-salzburg\\\/\"]}]},{\"@type\":\"ImageObject\",\"inLanguage\":\"de\",\"@id\":\"https:\\\/\\\/imker-aigen.at\\\/index.php\\\/2024\\\/06\\\/27\\\/bienen-jugendtage-bei-akzente-salzburg\\\/#primaryimage\",\"url\":\"https:\\\/\\\/imker-aigen.at\\\/wp-content\\\/uploads\\\/2024\\\/07\\\/akzente2024_4_1024_768.jpg\",\"contentUrl\":\"https:\\\/\\\/imker-aigen.at\\\/wp-content\\\/uploads\\\/2024\\\/07\\\/akzente2024_4_1024_768.jpg\",\"width\":768,\"height\":1024},{\"@type\":\"BreadcrumbList\",\"@id\":\"https:\\\/\\\/imker-aigen.at\\\/index.php\\\/2024\\\/06\\\/27\\\/bienen-jugendtage-bei-akzente-salzburg\\\/#breadcrumb\",\"itemListElement\":[{\"@type\":\"ListItem\",\"position\":1,\"name\":\"Startseite\",\"item\":\"https:\\\/\\\/imker-aigen.at\\\/index.php\\\/home\\\/\"},{\"@type\":\"ListItem\",\"position\":2,\"name\":\"Bienen-Jugendtage bei akzente Salzburg\"}]},{\"@type\":\"WebSite\",\"@id\":\"https:\\\/\\\/imker-aigen.at\\\/#website\",\"url\":\"https:\\\/\\\/imker-aigen.at\\\/\",\"name\":\"Imker Ortsgruppe Salzburg Aigen\",\"description\":\"Homepage der Imker-Ortsgruppe Salzburg Aigen\",\"publisher\":{\"@id\":\"https:\\\/\\\/imker-aigen.at\\\/#organization\"},\"potentialAction\":[{\"@type\":\"SearchAction\",\"target\":{\"@type\":\"EntryPoint\",\"urlTemplate\":\"https:\\\/\\\/imker-aigen.at\\\/?s={search_term_string}\"},\"query-input\":{\"@type\":\"PropertyValueSpecification\",\"valueRequired\":true,\"valueName\":\"search_term_string\"}}],\"inLanguage\":\"de\"},{\"@type\":\"Organization\",\"@id\":\"https:\\\/\\\/imker-aigen.at\\\/#organization\",\"name\":\"Imker Ortsgruppe Salzburg Aigen\",\"url\":\"https:\\\/\\\/imker-aigen.at\\\/\",\"logo\":{\"@type\":\"ImageObject\",\"inLanguage\":\"de\",\"@id\":\"https:\\\/\\\/imker-aigen.at\\\/#\\\/schema\\\/logo\\\/image\\\/\",\"url\":\"https:\\\/\\\/imker-aigen.at\\\/wp-content\\\/uploads\\\/2022\\\/08\\\/logo-1.png\",\"contentUrl\":\"https:\\\/\\\/imker-aigen.at\\\/wp-content\\\/uploads\\\/2022\\\/08\\\/logo-1.png\",\"width\":392,\"height\":156,\"caption\":\"Imker Ortsgruppe Salzburg Aigen\"},\"image\":{\"@id\":\"https:\\\/\\\/imker-aigen.at\\\/#\\\/schema\\\/logo\\\/image\\\/\"}},{\"@type\":\"Person\",\"@id\":\"https:\\\/\\\/imker-aigen.at\\\/#\\\/schema\\\/person\\\/d7d0c3a8ef6f051d450781218ac83077\",\"name\":\"admin\",\"image\":{\"@type\":\"ImageObject\",\"inLanguage\":\"de\",\"@id\":\"https:\\\/\\\/secure.gravatar.com\\\/avatar\\\/925a7e918efd3cfdae29be9c0018a3ae3275cd0444a6e166241172bb6e5243c7?s=96&d=mm&r=g\",\"url\":\"https:\\\/\\\/secure.gravatar.com\\\/avatar\\\/925a7e918efd3cfdae29be9c0018a3ae3275cd0444a6e166241172bb6e5243c7?s=96&d=mm&r=g\",\"contentUrl\":\"https:\\\/\\\/secure.gravatar.com\\\/avatar\\\/925a7e918efd3cfdae29be9c0018a3ae3275cd0444a6e166241172bb6e5243c7?s=96&d=mm&r=g\",\"caption\":\"admin\"},\"sameAs\":[\"https:\\\/\\\/imker-aigen.at\",\"linkedin.com\\\/in\\\/bernd-meierhofer-5919b62\"],\"url\":\"https:\\\/\\\/imker-aigen.at\\\/index.php\\\/author\\\/bmeierhofer\\\/\"}]}<\/script>\n<!-- \/ Yoast SEO plugin. -->","yoast_head_json":{"title":"Bienen-Jugendtage bei akzente Salzburg - Imker Ortsgruppe Salzburg Aigen","description":"Von 25-27. Juni 2024 fanden wieder die Bienen-Jugendtage des Imkervereins Salzburg Aigen bei akzente Salzburg statt.","robots":{"index":"index","follow":"follow","max-snippet":"max-snippet:-1","max-image-preview":"max-image-preview:large","max-video-preview":"max-video-preview:-1"},"canonical":"https:\/\/imker-aigen.at\/index.php\/2024\/06\/27\/bienen-jugendtage-bei-akzente-salzburg\/","og_locale":"de_DE","og_type":"article","og_title":"Bienen-Jugendtage bei akzente Salzburg - Imker Ortsgruppe Salzburg Aigen","og_description":"Von 25-27. Juni 2024 fanden wieder die Bienen-Jugendtage des Imkervereins Salzburg Aigen bei akzente Salzburg statt.","og_url":"https:\/\/imker-aigen.at\/index.php\/2024\/06\/27\/bienen-jugendtage-bei-akzente-salzburg\/","og_site_name":"Imker Ortsgruppe Salzburg Aigen","article_published_time":"2024-06-27T06:00:43+00:00","article_modified_time":"2024-07-04T08:37:33+00:00","og_image":[{"width":768,"height":1024,"url":"https:\/\/imker-aigen.at\/wp-content\/uploads\/2024\/07\/akzente2024_4_1024_768.jpg","type":"image\/jpeg"}],"author":"admin","twitter_card":"summary_large_image","twitter_misc":{"Verfasst von":"admin","Gesch\u00e4tzte Lesezeit":"6\u00a0Minuten"},"schema":{"@context":"https:\/\/schema.org","@graph":[{"@type":"Article","@id":"https:\/\/imker-aigen.at\/index.php\/2024\/06\/27\/bienen-jugendtage-bei-akzente-salzburg\/#article","isPartOf":{"@id":"https:\/\/imker-aigen.at\/index.php\/2024\/06\/27\/bienen-jugendtage-bei-akzente-salzburg\/"},"author":{"name":"admin","@id":"https:\/\/imker-aigen.at\/#\/schema\/person\/d7d0c3a8ef6f051d450781218ac83077"},"headline":"Bienen-Jugendtage bei akzente Salzburg","datePublished":"2024-06-27T06:00:43+00:00","dateModified":"2024-07-04T08:37:33+00:00","mainEntityOfPage":{"@id":"https:\/\/imker-aigen.at\/index.php\/2024\/06\/27\/bienen-jugendtage-bei-akzente-salzburg\/"},"wordCount":1664,"commentCount":0,"publisher":{"@id":"https:\/\/imker-aigen.at\/#organization"},"image":{"@id":"https:\/\/imker-aigen.at\/index.php\/2024\/06\/27\/bienen-jugendtage-bei-akzente-salzburg\/#primaryimage"},"thumbnailUrl":"https:\/\/imker-aigen.at\/wp-content\/uploads\/2024\/07\/akzente2024_4_1024_768.jpg","keywords":["akzente","Bienentage","Jugendarbeit","Mikroskope","Pollenanalyse"],"articleSection":["Alte Veranstaltungen","News"],"inLanguage":"de","potentialAction":[{"@type":"CommentAction","name":"Comment","target":["https:\/\/imker-aigen.at\/index.php\/2024\/06\/27\/bienen-jugendtage-bei-akzente-salzburg\/#respond"]}]},{"@type":"WebPage","@id":"https:\/\/imker-aigen.at\/index.php\/2024\/06\/27\/bienen-jugendtage-bei-akzente-salzburg\/","url":"https:\/\/imker-aigen.at\/index.php\/2024\/06\/27\/bienen-jugendtage-bei-akzente-salzburg\/","name":"Bienen-Jugendtage bei akzente Salzburg - Imker Ortsgruppe Salzburg Aigen","isPartOf":{"@id":"https:\/\/imker-aigen.at\/#website"},"primaryImageOfPage":{"@id":"https:\/\/imker-aigen.at\/index.php\/2024\/06\/27\/bienen-jugendtage-bei-akzente-salzburg\/#primaryimage"},"image":{"@id":"https:\/\/imker-aigen.at\/index.php\/2024\/06\/27\/bienen-jugendtage-bei-akzente-salzburg\/#primaryimage"},"thumbnailUrl":"https:\/\/imker-aigen.at\/wp-content\/uploads\/2024\/07\/akzente2024_4_1024_768.jpg","datePublished":"2024-06-27T06:00:43+00:00","dateModified":"2024-07-04T08:37:33+00:00","description":"Von 25-27. Juni 2024 fanden wieder die Bienen-Jugendtage des Imkervereins Salzburg Aigen bei akzente Salzburg statt.","breadcrumb":{"@id":"https:\/\/imker-aigen.at\/index.php\/2024\/06\/27\/bienen-jugendtage-bei-akzente-salzburg\/#breadcrumb"},"inLanguage":"de","potentialAction":[{"@type":"ReadAction","target":["https:\/\/imker-aigen.at\/index.php\/2024\/06\/27\/bienen-jugendtage-bei-akzente-salzburg\/"]}]},{"@type":"ImageObject","inLanguage":"de","@id":"https:\/\/imker-aigen.at\/index.php\/2024\/06\/27\/bienen-jugendtage-bei-akzente-salzburg\/#primaryimage","url":"https:\/\/imker-aigen.at\/wp-content\/uploads\/2024\/07\/akzente2024_4_1024_768.jpg","contentUrl":"https:\/\/imker-aigen.at\/wp-content\/uploads\/2024\/07\/akzente2024_4_1024_768.jpg","width":768,"height":1024},{"@type":"BreadcrumbList","@id":"https:\/\/imker-aigen.at\/index.php\/2024\/06\/27\/bienen-jugendtage-bei-akzente-salzburg\/#breadcrumb","itemListElement":[{"@type":"ListItem","position":1,"name":"Startseite","item":"https:\/\/imker-aigen.at\/index.php\/home\/"},{"@type":"ListItem","position":2,"name":"Bienen-Jugendtage bei akzente Salzburg"}]},{"@type":"WebSite","@id":"https:\/\/imker-aigen.at\/#website","url":"https:\/\/imker-aigen.at\/","name":"Imker Ortsgruppe Salzburg Aigen","description":"Homepage der Imker-Ortsgruppe Salzburg Aigen","publisher":{"@id":"https:\/\/imker-aigen.at\/#organization"},"potentialAction":[{"@type":"SearchAction","target":{"@type":"EntryPoint","urlTemplate":"https:\/\/imker-aigen.at\/?s={search_term_string}"},"query-input":{"@type":"PropertyValueSpecification","valueRequired":true,"valueName":"search_term_string"}}],"inLanguage":"de"},{"@type":"Organization","@id":"https:\/\/imker-aigen.at\/#organization","name":"Imker Ortsgruppe Salzburg Aigen","url":"https:\/\/imker-aigen.at\/","logo":{"@type":"ImageObject","inLanguage":"de","@id":"https:\/\/imker-aigen.at\/#\/schema\/logo\/image\/","url":"https:\/\/imker-aigen.at\/wp-content\/uploads\/2022\/08\/logo-1.png","contentUrl":"https:\/\/imker-aigen.at\/wp-content\/uploads\/2022\/08\/logo-1.png","width":392,"height":156,"caption":"Imker Ortsgruppe Salzburg Aigen"},"image":{"@id":"https:\/\/imker-aigen.at\/#\/schema\/logo\/image\/"}},{"@type":"Person","@id":"https:\/\/imker-aigen.at\/#\/schema\/person\/d7d0c3a8ef6f051d450781218ac83077","name":"admin","image":{"@type":"ImageObject","inLanguage":"de","@id":"https:\/\/secure.gravatar.com\/avatar\/925a7e918efd3cfdae29be9c0018a3ae3275cd0444a6e166241172bb6e5243c7?s=96&d=mm&r=g","url":"https:\/\/secure.gravatar.com\/avatar\/925a7e918efd3cfdae29be9c0018a3ae3275cd0444a6e166241172bb6e5243c7?s=96&d=mm&r=g","contentUrl":"https:\/\/secure.gravatar.com\/avatar\/925a7e918efd3cfdae29be9c0018a3ae3275cd0444a6e166241172bb6e5243c7?s=96&d=mm&r=g","caption":"admin"},"sameAs":["https:\/\/imker-aigen.at","linkedin.com\/in\/bernd-meierhofer-5919b62"],"url":"https:\/\/imker-aigen.at\/index.php\/author\/bmeierhofer\/"}]}},"_links":{"self":[{"href":"https:\/\/imker-aigen.at\/index.php\/wp-json\/wp\/v2\/posts\/6151","targetHints":{"allow":["GET"]}}],"collection":[{"href":"https:\/\/imker-aigen.at\/index.php\/wp-json\/wp\/v2\/posts"}],"about":[{"href":"https:\/\/imker-aigen.at\/index.php\/wp-json\/wp\/v2\/types\/post"}],"author":[{"embeddable":true,"href":"https:\/\/imker-aigen.at\/index.php\/wp-json\/wp\/v2\/users\/1"}],"replies":[{"embeddable":true,"href":"https:\/\/imker-aigen.at\/index.php\/wp-json\/wp\/v2\/comments?post=6151"}],"version-history":[{"count":10,"href":"https:\/\/imker-aigen.at\/index.php\/wp-json\/wp\/v2\/posts\/6151\/revisions"}],"predecessor-version":[{"id":6180,"href":"https:\/\/imker-aigen.at\/index.php\/wp-json\/wp\/v2\/posts\/6151\/revisions\/6180"}],"wp:featuredmedia":[{"embeddable":true,"href":"https:\/\/imker-aigen.at\/index.php\/wp-json\/wp\/v2\/media\/6161"}],"wp:attachment":[{"href":"https:\/\/imker-aigen.at\/index.php\/wp-json\/wp\/v2\/media?parent=6151"}],"wp:term":[{"taxonomy":"category","embeddable":true,"href":"https:\/\/imker-aigen.at\/index.php\/wp-json\/wp\/v2\/categories?post=6151"},{"taxonomy":"post_tag","embeddable":true,"href":"https:\/\/imker-aigen.at\/index.php\/wp-json\/wp\/v2\/tags?post=6151"}],"curies":[{"name":"wp","href":"https:\/\/api.w.org\/{rel}","templated":true}]}}