{"id":6181,"date":"2024-07-04T11:42:24","date_gmt":"2024-07-04T09:42:24","guid":{"rendered":"https:\/\/imker-aigen.at\/?p=6181"},"modified":"2024-07-05T06:18:14","modified_gmt":"2024-07-05T04:18:14","slug":"protokoll-vom-stammtisch-am-2-7-2024","status":"publish","type":"post","link":"https:\/\/imker-aigen.at\/index.php\/2024\/07\/04\/protokoll-vom-stammtisch-am-2-7-2024\/","title":{"rendered":"Protokoll vom Stammtisch am 2.7.2024"},"content":{"rendered":"<div  class='flex_column av-7m4j45-5323788ef29f20628b1241845e0b1f0f av_one_full  avia-builder-el-0  avia-builder-el-no-sibling  first flex_column_div  '     ><p>\n<style type=\"text\/css\" data-created_by=\"avia_inline_auto\" id=\"style-css-av-ly72tw7z-128a03f995e5c2a5af87185afc35118b\">\n#top .av-special-heading.av-ly72tw7z-128a03f995e5c2a5af87185afc35118b{\npadding-bottom:10px;\n}\nbody .av-special-heading.av-ly72tw7z-128a03f995e5c2a5af87185afc35118b .av-special-heading-tag .heading-char{\nfont-size:25px;\n}\n.av-special-heading.av-ly72tw7z-128a03f995e5c2a5af87185afc35118b .av-subheading{\nfont-size:15px;\n}\n<\/style>\n<div  class='av-special-heading av-ly72tw7z-128a03f995e5c2a5af87185afc35118b av-special-heading-h3 blockquote modern-quote modern-centered  avia-builder-el-1  el_before_av_hr  avia-builder-el-first '><h3 class='av-special-heading-tag '  itemprop=\"headline\"  >Protokoll vom Stammtisch am 2.7.2024<\/h3><div class=\"special-heading-border\"><div class=\"special-heading-inner-border\"><\/div><\/div><\/div><br \/>\n<div  class='hr av-6af2et-0517655ba6f7c4923a13ddda04accae7 hr-default  avia-builder-el-2  el_after_av_heading  el_before_av_textblock '><span class='hr-inner '><span class=\"hr-inner-style\"><\/span><\/span><\/div><br \/>\n<section  class='av_textblock_section av-ly72vm70-4d210b6b2ef631bd5c547e3447c92a4e '   itemscope=\"itemscope\" itemtype=\"https:\/\/schema.org\/BlogPosting\" itemprop=\"blogPost\" ><div class='avia_textblock'  itemprop=\"text\" ><p>Ort: <a href=\"http:\/\/www.pliemgut.at\/\">Gasthaus Pliemgut<\/a><br \/>\nBeginn: 19:15 Uhr<br \/>\nProtokollf\u00fchrerin: Adelheid Speyer<\/p>\n<h3>Begr\u00fc\u00dfung der G\u00e4ste<\/h3>\n<p>Diesmal sind keine G\u00e4ste gesondert zu begr\u00fc\u00dfen. Wir freuen uns aber, dass unser j\u00fcngstes Vereinsmitglied Niklas zum Stammtisch gekommen ist.<\/p>\n<h3>\u00c4nderung bei den Mitgliedern<\/h3>\n<p>Wir haben ein neues Vereinsmitglied. Zwei weitere neue Vereinsmitglieder haben sich bereits angek\u00fcndigt.<\/p>\n<h3>Neuigkeiten<\/h3>\n<ul>\n<li><strong><strong>Alte Termine<br \/>\n<\/strong><\/strong><\/p>\n<ul>\n<li style=\"list-style-type: none;\">\n<ul>\n<li>15.6 Varroaseminar 3.0 \u2013 Irrsdorf<\/li>\n<li>15.6 Einsteigerkurs: Kunstschwarm \u2013 Imkerhof<\/li>\n<li>25-27.6 Bienentage bei akzente Salzburg<\/li>\n<li>30.6 Imkerfr\u00fchschoppen des Imkervereins Seekirchen<\/li>\n<li>2.7 Stammtisch<\/li>\n<\/ul>\n<\/li>\n<\/ul>\n<\/li>\n<li><strong>Planung der 120 Jahrfeier unseres Vereins (14. September 2024 im Gasthaus Ramsau)<br \/>\n<\/strong>Einladung der benachbarten Imkervereine und der Ortsvereine (OGV, J\u00e4ger, Kirche Aigen)<br \/>\nProgramm: Kinderprogramm, Schaubeute, Verkauf von Bienenprodukten<br \/>\nUnterst\u00fctzung auch durch Richard Breschar: Ausstellungssachen vom Museum Elsbethen<\/li>\n<li><strong>Neues von der Jugendarbeit<br \/>\n<\/strong>Die Bienen Jugendtage bei <a href=\"https:\/\/www.akzente.net\/\">akzente Salzburg<\/a> vom 25-27.6 waren ein gro\u00dfer Erfolg &#8211; siehe auch <a href=\"https:\/\/imker-aigen.at\/index.php\/2024\/06\/27\/bienen-jugendtage-bei-akzente-salzburg\/\">Bericht auf der Homepage<\/a>. 4 Schulklassen haben teilgenommen. Vielen Dank nochmals an Michael, Adelheid, Elisabeth und Robert, dem <a href=\"https:\/\/imkerhof-salzburg.at\/\">Imkerhof Salzburg<\/a> und insbesondere Chris vom Honiglabor!<br \/>\nWir m\u00fcssen noch einen Bericht f\u00fcr die Stadt Salzburg (Unterst\u00fctzung beim Ankauf der Mikroskope) schreiben.<strong><br \/>\n<\/strong>F\u00fcr kommendes Jahr wurden zwei Einwabenk\u00e4stchen + Transportbox sowie eine Schaubienenbeute (alles im Miniplus-Format) besorgt. Diese m\u00fcssen noch \u00fcberarbeitet, gestrichen und mit dem Vereinslogo verziert werden. Diese werden wir auch f\u00fcr die 120 Jahrfeier einsetzen.<\/p>\n<p>In Aigen gibt es nun einen Rundweg der B\u00e4urinnen mit einer Informationstafel \u00fcber die Bienen. Es w\u00e4re sch\u00f6n, wenn wir uns als \u00f6rtlicher Imkerverein auch auf diesem Rundweg\/auf dieser Informationstafel erkennbar machen k\u00f6nnten bzw. in Zukunft vielleicht auch mal eine Schaubeute des Vereins aufstellen k\u00f6nnten.<\/li>\n<li><strong>Vereinsh\u00fctte am Egelsee<br \/>\n<\/strong>31.7 = Stichtag f\u00fcr die Nutzung der H\u00fctte im Folgejahr<br \/>\nF\u00fcr die Nutzung der H\u00fctte soll in Zukunft ein angemessenes Entgelt erhoben werden, damit auch ein Nutzen f\u00fcr den Verein entsteht.<\/li>\n<li><strong>Honiguntersuchungen<\/strong><br \/>\nBitte lasst euren Honig untersuchen! Details dazu sind im Artikel auf der Homepage nachzulesen. Es wird dieses Jahr wieder eine Honigpr\u00e4mierung vom <a href=\"https:\/\/imkerhof-salzburg.at\/\">Imkerhof Salzburg<\/a> geben. Wer daran teilnehmen will, muss zw. 16.8 und 30.9 seinen Honig einreichen. Diesbez\u00fcglich wird es noch eine Mail vom <a href=\"https:\/\/imkerhof-salzburg.at\/\">Imkerhof Salzburg<\/a> im August geben. Die Pr\u00e4mierung soll dann im Rahmen der ersten landesweiten Ambrosiusfeier im Dezember stattfinden.<\/li>\n<li><strong>Zusammenarbeit mit der Kirche\/Pfarre Aigen (Pfarrer Roland Kerschbaum\/Diakon Dino Bachmaier)<\/strong><br \/>\nDiakon Dino will die Ambrosiusfeier aufleben lassen<br \/>\nDas Projekt mit der Caritas (Wachsspendenaktion f\u00fcr die Syrienhilfe) wurde bereits initiiert. Es gibt aber noch keine R\u00fcckmeldungen von der Caritas. Somit kann das Projekt erst im kommenden Jahr durchgef\u00fchrt werden. <strong>Bitte aber dieses Jahr trotzdem f\u00fcr einen gesunden Wabenumtrieb sorgen und weiterhin einen eigenen Wachskreislauf anstreben.<\/strong><\/li>\n<\/ul>\n<h3>N\u00e4chste Termine (siehe auch <a href=\"https:\/\/imker-aigen.at\/index.php\/events\/list\/\">Veranstaltungskalender<\/a>)<\/h3>\n<ul>\n<li><a href=\"https:\/\/imker-aigen.at\/index.php\/event\/varroaseminar-3-0-2\/\">5.7 Varroaseminar 3.0<\/a><\/li>\n<li><a href=\"https:\/\/imker-aigen.at\/index.php\/event\/varroaseminar-3-0-3\/\">6.7 Varroaseminar 3.0<\/a><\/li>\n<li><a href=\"https:\/\/imker-aigen.at\/index.php\/event\/varroaseminar-3-0-4\/\">8.7 Varroaseminar 3.0<\/a><\/li>\n<li><a href=\"https:\/\/imker-aigen.at\/index.php\/event\/hygieneschulung\/\">13.7 Hygieneschulung<\/a><br \/>\n<strong>Wer Honig in Umlauf bringen m\u00f6chte, muss an einer Hygieneschulung teilgenommen haben<\/strong><\/li>\n<li><a href=\"https:\/\/imker-aigen.at\/index.php\/event\/varroaseminar-3-0-5\/\">13.7 Varroaseminar 3.0<\/a><\/li>\n<li>17.7 Grillfeier der Maxglaner Imker<br \/>\nWir sind eingeladen. Wer teilnehmen m\u00f6chte, muss sich bitte \u00fcber die <a href=\"https:\/\/xoyondo.com\/op\/dtbj3aqich6k7j6\">Xoyondo-Website<\/a> anmelden<\/li>\n<li><a href=\"https:\/\/imker-aigen.at\/index.php\/event\/koeniginnenmarkt-und-imkerfest-am-imkerhof-salzburg\/\">20.7 K\u00f6niginnenmarkt und Imkerfest am Imkerhof<\/a><br \/>\nEs wird auch einen Vortrag von einem Gro\u00dfimker (Miklosz Sorforzor) geben. Die von YouTube bekannten Imker Beelive Jupp und &#8222;Der Bienenbastler&#8220; werden auch teilnehmen.<\/li>\n<li><a href=\"https:\/\/imker-aigen.at\/index.php\/event\/sommerschnittkurs-an-beerengehoelzen-obstbaeumen-und-straeuchern\/\">3.8 Sommerschnittkurs an Beerengeh\u00f6lzen, Obstb\u00e4umen und Str\u00e4uchern<\/a><\/li>\n<li><a href=\"https:\/\/imker-aigen.at\/index.php\/event\/stammtisch-6-august-2024\/\">6.8 Stammtisch<\/a><\/li>\n<\/ul>\n<h3>Imkerliche T\u00e4tigkeiten im Juli (siehe auch <a href=\"https:\/\/imker-aigen.at\/index.php\/monatsbetrachtung-juli\/\">Monatsbetrachtung Juli<\/a>)<\/h3>\n<p>Die Imker im Flachgauer Seengebiet und in h\u00f6heren Lagen klagen bereits \u00fcber Melezitosehonig. Im Stadtgebiet Salzburg d\u00fcrfte es aufgrund der vielen Lindenb\u00e4ume keine Melezitose-Probleme geben.<br \/>\nIm Gebiet von Radstadt k\u00e4mpfen die Imker gerade gegen die europ\u00e4ische Faulbrut. Bitte vorsichtig sein! Keine Bienenv\u00f6lker von dort kaufen, auf Gesundheitszeugnisse achten, keine Bienen in diese Gegend transportieren<br \/>\nNach der Honigernte: langsames Einf\u00fcttern, R\u00e4uberei vermeiden, Varroabek\u00e4mpfung.<br \/>\n<strong>Ab Ende August m\u00fcssen wieder fitte, gesunde Bienen in den St\u00f6cken sein um die Winterbienen aufziehen zu k\u00f6nnen.<\/strong><\/p>\n<h3>Diverses, Diskussion, Allf\u00e4lliges<\/h3>\n<ul>\n<li><strong>Hilfe bei der Vereinsarbeit<\/strong> (Es gibt viel zu tun. Packen wir\u2019s an!)<br \/>\n&#8211; Carnica-Zuchtgruppe &#8211; von der Zuchtgruppe wird es in K\u00fcrze einen Bericht \u00fcber die Zuchtsaison 2024 geben<br \/>\n&#8211; Zusammenarbeit mit dem Naturschutzbund<br \/>\n&#8211; Social Media<br \/>\n&#8211; Homepage-Einschulung f\u00fcr Elisabeth, Adelheid \u2026<br \/>\n&#8211; Ausflug bzw. Standbesuch<\/li>\n<li><strong>Interner Fotowettbewerb<\/strong> \u2013 Wir suchen die sch\u00f6nsten (Wild-)Bienen und Imkerfotos unserer Vereinsmitglieder. Es winken tolle Preise (MiniPlus, Apidea-K\u00e4stchen \u2026)<\/li>\n<li><strong>Imker-Flohmarkt<br \/>\n<\/strong>Falls gew\u00fcnscht, k\u00f6nnten wir den Oktober-Stammtisch f\u00fcr einen kleinen Imker-Flohmarkt nutzen, wo alle Vereinsmitglieder ihre nicht mehr ben\u00f6tigten Gegenst\u00e4nde untereinander verkaufen bzw. verschenken k\u00f6nnten (vielleicht mit einer Spende an die Vereinskassa).<\/li>\n<li><strong>Bestellungen von K\u00f6niginnen, Bienen und Bienenv\u00f6lkern<\/strong><br \/>\nDie Z\u00fcchter haben nun alle Reinzucht-K\u00f6niginnen verf\u00fcgbar<\/li>\n<li><strong>Imkerhof-Aktion (Sammelbestellung)<br \/>\n<\/strong>Derzeit l\u00e4uft eine Aktion des <a href=\"https:\/\/imkerhof-salzburg.at\/\">Imkerhofes Salzburg<\/a>, bei der die Vereine und Ortsgruppen Honiggl\u00e4ser, Varroamittel, Futter und Stockwaagen zu g\u00fcnstigen Sammelpreisen bestellen k\u00f6nnen. Adelheid wird diesbez\u00fcglich noch ein Rundschreiben verfassen. Wer Interesse hat, m\u00f6ge bitte Adelheid und Bernd \u00fcber seinen Bestellwunsch informieren, damit diese dann die Sammelbestellung beim Imkerhof abgeben k\u00f6nnen. Die weitere Abwicklung erfolgt dann wieder \u00fcber den Imkerhof.<\/li>\n<li><strong>Statuten\u00e4nderung<\/strong><br \/>\nGemeinn\u00fctzigkeit des Vereins unterstreichen -&gt; Selbstlos<\/li>\n<li><strong>M\u00f6gliche n\u00e4chste Vortr\u00e4ge\/Info-Abende<br \/>\n<\/strong>Dr. Hannes Beims<\/li>\n<\/ul>\n<\/div><\/section><br \/>\n<div  class='av-social-sharing-box av-cvql1-fa8747485ba648b68082661d2158f147 av-social-sharing-box-default  avia-builder-el-4  el_after_av_textblock  el_before_av_comments_list  av-social-sharing-box-fullwidth'><div class=\"av-share-box\"><h5 class='av-share-link-description av-no-toc '>Eintrag teilen<\/h5><ul class=\"av-share-box-list noLightbox\"><li class='av-share-link av-social-link-facebook avia_social_iconfont' ><a target=\"_blank\" aria-label=\"Teilen auf Facebook\" href='https:\/\/www.facebook.com\/sharer.php?u=https:\/\/imker-aigen.at\/index.php\/2024\/07\/04\/protokoll-vom-stammtisch-am-2-7-2024\/&#038;t=Protokoll%20vom%20Stammtisch%20am%202.7.2024' data-av_icon='\ue8f3' data-av_iconfont='entypo-fontello'  title='' data-avia-related-tooltip='Teilen auf Facebook'><span class='avia_hidden_link_text'>Teilen auf Facebook<\/span><\/a><\/li><li class='av-share-link av-social-link-twitter avia_social_iconfont' ><a target=\"_blank\" aria-label=\"Teilen auf X\" href='https:\/\/twitter.com\/share?text=Protokoll%20vom%20Stammtisch%20am%202.7.2024&#038;url=https:\/\/imker-aigen.at\/?p=6181' data-av_icon='\ue932' data-av_iconfont='entypo-fontello'  title='' data-avia-related-tooltip='Teilen auf X'><span class='avia_hidden_link_text'>Teilen auf X<\/span><\/a><\/li><li class='av-share-link av-social-link-whatsapp avia_social_iconfont' ><a target=\"_blank\" aria-label=\"Teilen auf WhatsApp\" href='https:\/\/api.whatsapp.com\/send?text=https:\/\/imker-aigen.at\/index.php\/2024\/07\/04\/protokoll-vom-stammtisch-am-2-7-2024\/' data-av_icon='\uf232' data-av_iconfont='entypo-fontello'  title='' data-avia-related-tooltip='Teilen auf WhatsApp'><span class='avia_hidden_link_text'>Teilen auf WhatsApp<\/span><\/a><\/li><li class='av-share-link av-social-link-pinterest avia_social_iconfont' ><a target=\"_blank\" aria-label=\"Teilen auf Pinterest\" href='https:\/\/pinterest.com\/pin\/create\/button\/?url=https%3A%2F%2Fimker-aigen.at%2Findex.php%2F2024%2F07%2F04%2Fprotokoll-vom-stammtisch-am-2-7-2024%2F&#038;description=Protokoll%20vom%20Stammtisch%20am%202.7.2024&#038;media=https%3A%2F%2Fimker-aigen.at%2Fwp-content%2Fuploads%2F2022%2F08%2Fglasses-beer-1.jpg' data-av_icon='\ue8f8' data-av_iconfont='entypo-fontello'  title='' data-avia-related-tooltip='Teilen auf Pinterest'><span class='avia_hidden_link_text'>Teilen auf Pinterest<\/span><\/a><\/li><li class='av-share-link av-social-link-linkedin avia_social_iconfont' ><a target=\"_blank\" aria-label=\"Teilen auf LinkedIn\" href='https:\/\/linkedin.com\/shareArticle?mini=true&#038;title=Protokoll%20vom%20Stammtisch%20am%202.7.2024&#038;url=https:\/\/imker-aigen.at\/index.php\/2024\/07\/04\/protokoll-vom-stammtisch-am-2-7-2024\/' data-av_icon='\ue8fc' data-av_iconfont='entypo-fontello'  title='' data-avia-related-tooltip='Teilen auf LinkedIn'><span class='avia_hidden_link_text'>Teilen auf LinkedIn<\/span><\/a><\/li><li class='av-share-link av-social-link-reddit avia_social_iconfont' ><a target=\"_blank\" aria-label=\"Teilen auf Reddit\" href='https:\/\/reddit.com\/submit?url=https:\/\/imker-aigen.at\/index.php\/2024\/07\/04\/protokoll-vom-stammtisch-am-2-7-2024\/&#038;title=Protokoll%20vom%20Stammtisch%20am%202.7.2024' data-av_icon='\ue927' data-av_iconfont='entypo-fontello'  title='' data-avia-related-tooltip='Teilen auf Reddit'><span class='avia_hidden_link_text'>Teilen auf Reddit<\/span><\/a><\/li><li class='av-share-link av-social-link-mail avia_social_iconfont' ><a  aria-label=\"Per E-Mail teilen\" href='mailto:?subject=Protokoll%20vom%20Stammtisch%20am%202.7.2024&#038;body=https:\/\/imker-aigen.at\/index.php\/2024\/07\/04\/protokoll-vom-stammtisch-am-2-7-2024\/' data-av_icon='\ue805' data-av_iconfont='entypo-fontello'  title='' data-avia-related-tooltip='Per E-Mail teilen'><span class='avia_hidden_link_text'>Per E-Mail teilen<\/span><\/a><\/li><\/ul><\/div><\/div><br \/>\n<div  class='av-buildercomment av-2s3yf9-b746430e8b76693ed28fe3b0dcb98d75'><\/div><\/p><\/div>\n","protected":false},"excerpt":{"rendered":"","protected":false},"author":1,"featured_media":621,"comment_status":"open","ping_status":"closed","sticky":false,"template":"","format":"standard","meta":{"footnotes":""},"categories":[18,2],"tags":[],"class_list":["post-6181","post","type-post","status-publish","format-standard","has-post-thumbnail","hentry","category-alte-veranstaltungen","category-news"],"yoast_head":"<!-- This site is optimized with the Yoast SEO plugin v27.4 - https:\/\/yoast.com\/product\/yoast-seo-wordpress\/ -->\n<title>Protokoll vom Stammtisch am 2.7.2024 - Imker Ortsgruppe Salzburg Aigen<\/title>\n<meta name=\"description\" content=\"Protokoll vom Stammtisch des Imkervereins Salzburg Aigen am 2. Juli 2024\" \/>\n<meta name=\"robots\" content=\"index, follow, max-snippet:-1, max-image-preview:large, max-video-preview:-1\" \/>\n<link rel=\"canonical\" href=\"https:\/\/imker-aigen.at\/index.php\/2024\/07\/04\/protokoll-vom-stammtisch-am-2-7-2024\/\" \/>\n<meta property=\"og:locale\" content=\"de_DE\" \/>\n<meta property=\"og:type\" content=\"article\" \/>\n<meta property=\"og:title\" content=\"Protokoll vom Stammtisch am 2.7.2024 - Imker Ortsgruppe Salzburg Aigen\" \/>\n<meta property=\"og:description\" content=\"Protokoll vom Stammtisch des Imkervereins Salzburg Aigen am 2. Juli 2024\" \/>\n<meta property=\"og:url\" content=\"https:\/\/imker-aigen.at\/index.php\/2024\/07\/04\/protokoll-vom-stammtisch-am-2-7-2024\/\" \/>\n<meta property=\"og:site_name\" content=\"Imker Ortsgruppe Salzburg Aigen\" \/>\n<meta property=\"article:published_time\" content=\"2024-07-04T09:42:24+00:00\" \/>\n<meta property=\"article:modified_time\" content=\"2024-07-05T04:18:14+00:00\" \/>\n<meta property=\"og:image\" content=\"https:\/\/imker-aigen.at\/wp-content\/uploads\/2022\/08\/glasses-beer-1.jpg\" \/>\n\t<meta property=\"og:image:width\" content=\"180\" \/>\n\t<meta property=\"og:image:height\" content=\"241\" \/>\n\t<meta property=\"og:image:type\" content=\"image\/jpeg\" \/>\n<meta name=\"author\" content=\"admin\" \/>\n<meta name=\"twitter:card\" content=\"summary_large_image\" \/>\n<meta name=\"twitter:label1\" content=\"Verfasst von\" \/>\n\t<meta name=\"twitter:data1\" content=\"admin\" \/>\n\t<meta name=\"twitter:label2\" content=\"Gesch\u00e4tzte Lesezeit\" \/>\n\t<meta name=\"twitter:data2\" content=\"5\u00a0Minuten\" \/>\n<script type=\"application\/ld+json\" class=\"yoast-schema-graph\">{\"@context\":\"https:\\\/\\\/schema.org\",\"@graph\":[{\"@type\":\"Article\",\"@id\":\"https:\\\/\\\/imker-aigen.at\\\/index.php\\\/2024\\\/07\\\/04\\\/protokoll-vom-stammtisch-am-2-7-2024\\\/#article\",\"isPartOf\":{\"@id\":\"https:\\\/\\\/imker-aigen.at\\\/index.php\\\/2024\\\/07\\\/04\\\/protokoll-vom-stammtisch-am-2-7-2024\\\/\"},\"author\":{\"name\":\"admin\",\"@id\":\"https:\\\/\\\/imker-aigen.at\\\/#\\\/schema\\\/person\\\/d7d0c3a8ef6f051d450781218ac83077\"},\"headline\":\"Protokoll vom Stammtisch am 2.7.2024\",\"datePublished\":\"2024-07-04T09:42:24+00:00\",\"dateModified\":\"2024-07-05T04:18:14+00:00\",\"mainEntityOfPage\":{\"@id\":\"https:\\\/\\\/imker-aigen.at\\\/index.php\\\/2024\\\/07\\\/04\\\/protokoll-vom-stammtisch-am-2-7-2024\\\/\"},\"wordCount\":1572,\"commentCount\":0,\"publisher\":{\"@id\":\"https:\\\/\\\/imker-aigen.at\\\/#organization\"},\"image\":{\"@id\":\"https:\\\/\\\/imker-aigen.at\\\/index.php\\\/2024\\\/07\\\/04\\\/protokoll-vom-stammtisch-am-2-7-2024\\\/#primaryimage\"},\"thumbnailUrl\":\"https:\\\/\\\/imker-aigen.at\\\/wp-content\\\/uploads\\\/2022\\\/08\\\/glasses-beer-1.jpg\",\"articleSection\":[\"Alte Veranstaltungen\",\"News\"],\"inLanguage\":\"de\",\"potentialAction\":[{\"@type\":\"CommentAction\",\"name\":\"Comment\",\"target\":[\"https:\\\/\\\/imker-aigen.at\\\/index.php\\\/2024\\\/07\\\/04\\\/protokoll-vom-stammtisch-am-2-7-2024\\\/#respond\"]}]},{\"@type\":\"WebPage\",\"@id\":\"https:\\\/\\\/imker-aigen.at\\\/index.php\\\/2024\\\/07\\\/04\\\/protokoll-vom-stammtisch-am-2-7-2024\\\/\",\"url\":\"https:\\\/\\\/imker-aigen.at\\\/index.php\\\/2024\\\/07\\\/04\\\/protokoll-vom-stammtisch-am-2-7-2024\\\/\",\"name\":\"Protokoll vom Stammtisch am 2.7.2024 - Imker Ortsgruppe Salzburg Aigen\",\"isPartOf\":{\"@id\":\"https:\\\/\\\/imker-aigen.at\\\/#website\"},\"primaryImageOfPage\":{\"@id\":\"https:\\\/\\\/imker-aigen.at\\\/index.php\\\/2024\\\/07\\\/04\\\/protokoll-vom-stammtisch-am-2-7-2024\\\/#primaryimage\"},\"image\":{\"@id\":\"https:\\\/\\\/imker-aigen.at\\\/index.php\\\/2024\\\/07\\\/04\\\/protokoll-vom-stammtisch-am-2-7-2024\\\/#primaryimage\"},\"thumbnailUrl\":\"https:\\\/\\\/imker-aigen.at\\\/wp-content\\\/uploads\\\/2022\\\/08\\\/glasses-beer-1.jpg\",\"datePublished\":\"2024-07-04T09:42:24+00:00\",\"dateModified\":\"2024-07-05T04:18:14+00:00\",\"description\":\"Protokoll vom Stammtisch des Imkervereins Salzburg Aigen am 2. Juli 2024\",\"breadcrumb\":{\"@id\":\"https:\\\/\\\/imker-aigen.at\\\/index.php\\\/2024\\\/07\\\/04\\\/protokoll-vom-stammtisch-am-2-7-2024\\\/#breadcrumb\"},\"inLanguage\":\"de\",\"potentialAction\":[{\"@type\":\"ReadAction\",\"target\":[\"https:\\\/\\\/imker-aigen.at\\\/index.php\\\/2024\\\/07\\\/04\\\/protokoll-vom-stammtisch-am-2-7-2024\\\/\"]}]},{\"@type\":\"ImageObject\",\"inLanguage\":\"de\",\"@id\":\"https:\\\/\\\/imker-aigen.at\\\/index.php\\\/2024\\\/07\\\/04\\\/protokoll-vom-stammtisch-am-2-7-2024\\\/#primaryimage\",\"url\":\"https:\\\/\\\/imker-aigen.at\\\/wp-content\\\/uploads\\\/2022\\\/08\\\/glasses-beer-1.jpg\",\"contentUrl\":\"https:\\\/\\\/imker-aigen.at\\\/wp-content\\\/uploads\\\/2022\\\/08\\\/glasses-beer-1.jpg\",\"width\":180,\"height\":241,\"caption\":\"Bier\"},{\"@type\":\"BreadcrumbList\",\"@id\":\"https:\\\/\\\/imker-aigen.at\\\/index.php\\\/2024\\\/07\\\/04\\\/protokoll-vom-stammtisch-am-2-7-2024\\\/#breadcrumb\",\"itemListElement\":[{\"@type\":\"ListItem\",\"position\":1,\"name\":\"Startseite\",\"item\":\"https:\\\/\\\/imker-aigen.at\\\/index.php\\\/home\\\/\"},{\"@type\":\"ListItem\",\"position\":2,\"name\":\"Protokoll vom Stammtisch am 2.7.2024\"}]},{\"@type\":\"WebSite\",\"@id\":\"https:\\\/\\\/imker-aigen.at\\\/#website\",\"url\":\"https:\\\/\\\/imker-aigen.at\\\/\",\"name\":\"Imker Ortsgruppe Salzburg Aigen\",\"description\":\"Homepage der Imker-Ortsgruppe Salzburg Aigen\",\"publisher\":{\"@id\":\"https:\\\/\\\/imker-aigen.at\\\/#organization\"},\"potentialAction\":[{\"@type\":\"SearchAction\",\"target\":{\"@type\":\"EntryPoint\",\"urlTemplate\":\"https:\\\/\\\/imker-aigen.at\\\/?s={search_term_string}\"},\"query-input\":{\"@type\":\"PropertyValueSpecification\",\"valueRequired\":true,\"valueName\":\"search_term_string\"}}],\"inLanguage\":\"de\"},{\"@type\":\"Organization\",\"@id\":\"https:\\\/\\\/imker-aigen.at\\\/#organization\",\"name\":\"Imker Ortsgruppe Salzburg Aigen\",\"url\":\"https:\\\/\\\/imker-aigen.at\\\/\",\"logo\":{\"@type\":\"ImageObject\",\"inLanguage\":\"de\",\"@id\":\"https:\\\/\\\/imker-aigen.at\\\/#\\\/schema\\\/logo\\\/image\\\/\",\"url\":\"https:\\\/\\\/imker-aigen.at\\\/wp-content\\\/uploads\\\/2022\\\/08\\\/logo-1.png\",\"contentUrl\":\"https:\\\/\\\/imker-aigen.at\\\/wp-content\\\/uploads\\\/2022\\\/08\\\/logo-1.png\",\"width\":392,\"height\":156,\"caption\":\"Imker Ortsgruppe Salzburg Aigen\"},\"image\":{\"@id\":\"https:\\\/\\\/imker-aigen.at\\\/#\\\/schema\\\/logo\\\/image\\\/\"}},{\"@type\":\"Person\",\"@id\":\"https:\\\/\\\/imker-aigen.at\\\/#\\\/schema\\\/person\\\/d7d0c3a8ef6f051d450781218ac83077\",\"name\":\"admin\",\"image\":{\"@type\":\"ImageObject\",\"inLanguage\":\"de\",\"@id\":\"https:\\\/\\\/secure.gravatar.com\\\/avatar\\\/925a7e918efd3cfdae29be9c0018a3ae3275cd0444a6e166241172bb6e5243c7?s=96&d=mm&r=g\",\"url\":\"https:\\\/\\\/secure.gravatar.com\\\/avatar\\\/925a7e918efd3cfdae29be9c0018a3ae3275cd0444a6e166241172bb6e5243c7?s=96&d=mm&r=g\",\"contentUrl\":\"https:\\\/\\\/secure.gravatar.com\\\/avatar\\\/925a7e918efd3cfdae29be9c0018a3ae3275cd0444a6e166241172bb6e5243c7?s=96&d=mm&r=g\",\"caption\":\"admin\"},\"sameAs\":[\"https:\\\/\\\/imker-aigen.at\",\"linkedin.com\\\/in\\\/bernd-meierhofer-5919b62\"],\"url\":\"https:\\\/\\\/imker-aigen.at\\\/index.php\\\/author\\\/bmeierhofer\\\/\"}]}<\/script>\n<!-- \/ Yoast SEO plugin. -->","yoast_head_json":{"title":"Protokoll vom Stammtisch am 2.7.2024 - Imker Ortsgruppe Salzburg Aigen","description":"Protokoll vom Stammtisch des Imkervereins Salzburg Aigen am 2. Juli 2024","robots":{"index":"index","follow":"follow","max-snippet":"max-snippet:-1","max-image-preview":"max-image-preview:large","max-video-preview":"max-video-preview:-1"},"canonical":"https:\/\/imker-aigen.at\/index.php\/2024\/07\/04\/protokoll-vom-stammtisch-am-2-7-2024\/","og_locale":"de_DE","og_type":"article","og_title":"Protokoll vom Stammtisch am 2.7.2024 - Imker Ortsgruppe Salzburg Aigen","og_description":"Protokoll vom Stammtisch des Imkervereins Salzburg Aigen am 2. Juli 2024","og_url":"https:\/\/imker-aigen.at\/index.php\/2024\/07\/04\/protokoll-vom-stammtisch-am-2-7-2024\/","og_site_name":"Imker Ortsgruppe Salzburg Aigen","article_published_time":"2024-07-04T09:42:24+00:00","article_modified_time":"2024-07-05T04:18:14+00:00","og_image":[{"width":180,"height":241,"url":"https:\/\/imker-aigen.at\/wp-content\/uploads\/2022\/08\/glasses-beer-1.jpg","type":"image\/jpeg"}],"author":"admin","twitter_card":"summary_large_image","twitter_misc":{"Verfasst von":"admin","Gesch\u00e4tzte Lesezeit":"5\u00a0Minuten"},"schema":{"@context":"https:\/\/schema.org","@graph":[{"@type":"Article","@id":"https:\/\/imker-aigen.at\/index.php\/2024\/07\/04\/protokoll-vom-stammtisch-am-2-7-2024\/#article","isPartOf":{"@id":"https:\/\/imker-aigen.at\/index.php\/2024\/07\/04\/protokoll-vom-stammtisch-am-2-7-2024\/"},"author":{"name":"admin","@id":"https:\/\/imker-aigen.at\/#\/schema\/person\/d7d0c3a8ef6f051d450781218ac83077"},"headline":"Protokoll vom Stammtisch am 2.7.2024","datePublished":"2024-07-04T09:42:24+00:00","dateModified":"2024-07-05T04:18:14+00:00","mainEntityOfPage":{"@id":"https:\/\/imker-aigen.at\/index.php\/2024\/07\/04\/protokoll-vom-stammtisch-am-2-7-2024\/"},"wordCount":1572,"commentCount":0,"publisher":{"@id":"https:\/\/imker-aigen.at\/#organization"},"image":{"@id":"https:\/\/imker-aigen.at\/index.php\/2024\/07\/04\/protokoll-vom-stammtisch-am-2-7-2024\/#primaryimage"},"thumbnailUrl":"https:\/\/imker-aigen.at\/wp-content\/uploads\/2022\/08\/glasses-beer-1.jpg","articleSection":["Alte Veranstaltungen","News"],"inLanguage":"de","potentialAction":[{"@type":"CommentAction","name":"Comment","target":["https:\/\/imker-aigen.at\/index.php\/2024\/07\/04\/protokoll-vom-stammtisch-am-2-7-2024\/#respond"]}]},{"@type":"WebPage","@id":"https:\/\/imker-aigen.at\/index.php\/2024\/07\/04\/protokoll-vom-stammtisch-am-2-7-2024\/","url":"https:\/\/imker-aigen.at\/index.php\/2024\/07\/04\/protokoll-vom-stammtisch-am-2-7-2024\/","name":"Protokoll vom Stammtisch am 2.7.2024 - Imker Ortsgruppe Salzburg Aigen","isPartOf":{"@id":"https:\/\/imker-aigen.at\/#website"},"primaryImageOfPage":{"@id":"https:\/\/imker-aigen.at\/index.php\/2024\/07\/04\/protokoll-vom-stammtisch-am-2-7-2024\/#primaryimage"},"image":{"@id":"https:\/\/imker-aigen.at\/index.php\/2024\/07\/04\/protokoll-vom-stammtisch-am-2-7-2024\/#primaryimage"},"thumbnailUrl":"https:\/\/imker-aigen.at\/wp-content\/uploads\/2022\/08\/glasses-beer-1.jpg","datePublished":"2024-07-04T09:42:24+00:00","dateModified":"2024-07-05T04:18:14+00:00","description":"Protokoll vom Stammtisch des Imkervereins Salzburg Aigen am 2. Juli 2024","breadcrumb":{"@id":"https:\/\/imker-aigen.at\/index.php\/2024\/07\/04\/protokoll-vom-stammtisch-am-2-7-2024\/#breadcrumb"},"inLanguage":"de","potentialAction":[{"@type":"ReadAction","target":["https:\/\/imker-aigen.at\/index.php\/2024\/07\/04\/protokoll-vom-stammtisch-am-2-7-2024\/"]}]},{"@type":"ImageObject","inLanguage":"de","@id":"https:\/\/imker-aigen.at\/index.php\/2024\/07\/04\/protokoll-vom-stammtisch-am-2-7-2024\/#primaryimage","url":"https:\/\/imker-aigen.at\/wp-content\/uploads\/2022\/08\/glasses-beer-1.jpg","contentUrl":"https:\/\/imker-aigen.at\/wp-content\/uploads\/2022\/08\/glasses-beer-1.jpg","width":180,"height":241,"caption":"Bier"},{"@type":"BreadcrumbList","@id":"https:\/\/imker-aigen.at\/index.php\/2024\/07\/04\/protokoll-vom-stammtisch-am-2-7-2024\/#breadcrumb","itemListElement":[{"@type":"ListItem","position":1,"name":"Startseite","item":"https:\/\/imker-aigen.at\/index.php\/home\/"},{"@type":"ListItem","position":2,"name":"Protokoll vom Stammtisch am 2.7.2024"}]},{"@type":"WebSite","@id":"https:\/\/imker-aigen.at\/#website","url":"https:\/\/imker-aigen.at\/","name":"Imker Ortsgruppe Salzburg Aigen","description":"Homepage der Imker-Ortsgruppe Salzburg Aigen","publisher":{"@id":"https:\/\/imker-aigen.at\/#organization"},"potentialAction":[{"@type":"SearchAction","target":{"@type":"EntryPoint","urlTemplate":"https:\/\/imker-aigen.at\/?s={search_term_string}"},"query-input":{"@type":"PropertyValueSpecification","valueRequired":true,"valueName":"search_term_string"}}],"inLanguage":"de"},{"@type":"Organization","@id":"https:\/\/imker-aigen.at\/#organization","name":"Imker Ortsgruppe Salzburg Aigen","url":"https:\/\/imker-aigen.at\/","logo":{"@type":"ImageObject","inLanguage":"de","@id":"https:\/\/imker-aigen.at\/#\/schema\/logo\/image\/","url":"https:\/\/imker-aigen.at\/wp-content\/uploads\/2022\/08\/logo-1.png","contentUrl":"https:\/\/imker-aigen.at\/wp-content\/uploads\/2022\/08\/logo-1.png","width":392,"height":156,"caption":"Imker Ortsgruppe Salzburg Aigen"},"image":{"@id":"https:\/\/imker-aigen.at\/#\/schema\/logo\/image\/"}},{"@type":"Person","@id":"https:\/\/imker-aigen.at\/#\/schema\/person\/d7d0c3a8ef6f051d450781218ac83077","name":"admin","image":{"@type":"ImageObject","inLanguage":"de","@id":"https:\/\/secure.gravatar.com\/avatar\/925a7e918efd3cfdae29be9c0018a3ae3275cd0444a6e166241172bb6e5243c7?s=96&d=mm&r=g","url":"https:\/\/secure.gravatar.com\/avatar\/925a7e918efd3cfdae29be9c0018a3ae3275cd0444a6e166241172bb6e5243c7?s=96&d=mm&r=g","contentUrl":"https:\/\/secure.gravatar.com\/avatar\/925a7e918efd3cfdae29be9c0018a3ae3275cd0444a6e166241172bb6e5243c7?s=96&d=mm&r=g","caption":"admin"},"sameAs":["https:\/\/imker-aigen.at","linkedin.com\/in\/bernd-meierhofer-5919b62"],"url":"https:\/\/imker-aigen.at\/index.php\/author\/bmeierhofer\/"}]}},"_links":{"self":[{"href":"https:\/\/imker-aigen.at\/index.php\/wp-json\/wp\/v2\/posts\/6181","targetHints":{"allow":["GET"]}}],"collection":[{"href":"https:\/\/imker-aigen.at\/index.php\/wp-json\/wp\/v2\/posts"}],"about":[{"href":"https:\/\/imker-aigen.at\/index.php\/wp-json\/wp\/v2\/types\/post"}],"author":[{"embeddable":true,"href":"https:\/\/imker-aigen.at\/index.php\/wp-json\/wp\/v2\/users\/1"}],"replies":[{"embeddable":true,"href":"https:\/\/imker-aigen.at\/index.php\/wp-json\/wp\/v2\/comments?post=6181"}],"version-history":[{"count":14,"href":"https:\/\/imker-aigen.at\/index.php\/wp-json\/wp\/v2\/posts\/6181\/revisions"}],"predecessor-version":[{"id":6202,"href":"https:\/\/imker-aigen.at\/index.php\/wp-json\/wp\/v2\/posts\/6181\/revisions\/6202"}],"wp:featuredmedia":[{"embeddable":true,"href":"https:\/\/imker-aigen.at\/index.php\/wp-json\/wp\/v2\/media\/621"}],"wp:attachment":[{"href":"https:\/\/imker-aigen.at\/index.php\/wp-json\/wp\/v2\/media?parent=6181"}],"wp:term":[{"taxonomy":"category","embeddable":true,"href":"https:\/\/imker-aigen.at\/index.php\/wp-json\/wp\/v2\/categories?post=6181"},{"taxonomy":"post_tag","embeddable":true,"href":"https:\/\/imker-aigen.at\/index.php\/wp-json\/wp\/v2\/tags?post=6181"}],"curies":[{"name":"wp","href":"https:\/\/api.w.org\/{rel}","templated":true}]}}