{"id":6470,"date":"2024-09-03T19:00:21","date_gmt":"2024-09-03T17:00:21","guid":{"rendered":"https:\/\/imker-aigen.at\/?p=6470"},"modified":"2024-09-06T08:55:07","modified_gmt":"2024-09-06T06:55:07","slug":"protokoll-vom-stammtisch-am-3-9-2024","status":"publish","type":"post","link":"https:\/\/imker-aigen.at\/index.php\/2024\/09\/03\/protokoll-vom-stammtisch-am-3-9-2024\/","title":{"rendered":"Protokoll vom Stammtisch am 3.9.2024"},"content":{"rendered":"<div  class='flex_column av-6jni86-82f5f78fc4e7ffc89c8dab0f9a4c1300 av_one_full  avia-builder-el-0  avia-builder-el-no-sibling  first flex_column_div  '     ><p>\n<style type=\"text\/css\" data-created_by=\"avia_inline_auto\" id=\"style-css-av-m0qbqn6d-07f0ff29803c3b20858ad2448f884a2b\">\n#top .av-special-heading.av-m0qbqn6d-07f0ff29803c3b20858ad2448f884a2b{\npadding-bottom:10px;\n}\nbody .av-special-heading.av-m0qbqn6d-07f0ff29803c3b20858ad2448f884a2b .av-special-heading-tag .heading-char{\nfont-size:25px;\n}\n.av-special-heading.av-m0qbqn6d-07f0ff29803c3b20858ad2448f884a2b .av-subheading{\nfont-size:15px;\n}\n<\/style>\n<div  class='av-special-heading av-m0qbqn6d-07f0ff29803c3b20858ad2448f884a2b av-special-heading-h3 blockquote modern-quote modern-centered  avia-builder-el-1  el_before_av_hr  avia-builder-el-first '><h3 class='av-special-heading-tag '  itemprop=\"headline\"  >Protokoll vom Stammtisch am 3.9.2024<\/h3><div class=\"special-heading-border\"><div class=\"special-heading-inner-border\"><\/div><\/div><\/div><br \/>\n\n<style type=\"text\/css\" data-created_by=\"avia_inline_auto\" id=\"style-css-av-m0qbqam5-ae1b799f6b06e584527233dbe0ba001a\">\n#top .hr.av-m0qbqam5-ae1b799f6b06e584527233dbe0ba001a{\nmargin-top:30px;\nmargin-bottom:30px;\n}\n.hr.av-m0qbqam5-ae1b799f6b06e584527233dbe0ba001a .hr-inner{\nwidth:50px;\nmax-width:45%;\n}\n<\/style>\n<div  class='hr av-m0qbqam5-ae1b799f6b06e584527233dbe0ba001a hr-custom  avia-builder-el-2  el_after_av_heading  el_before_av_textblock  hr-center hr-icon-yes'><span class='hr-inner inner-border-av-border-thin'><span class=\"hr-inner-style\"><\/span><\/span><span class='av-seperator-icon avia-iconfont avia-font-entypo-fontello' data-av_icon='\ue8bf' data-av_iconfont='entypo-fontello' ><\/span><span class='hr-inner inner-border-av-border-thin'><span class=\"hr-inner-style\"><\/span><\/span><\/div><br \/>\n<section  class='av_textblock_section av-m0qbtbpd-3b3ef6d28fe85c5c8c56d325cfe4b2cd '   itemscope=\"itemscope\" itemtype=\"https:\/\/schema.org\/BlogPosting\" itemprop=\"blogPost\" ><div class='avia_textblock'  itemprop=\"text\" ><p><span style=\"color: #999999;\">Ort: <a style=\"color: #999999;\" href=\"http:\/\/www.pliemgut.at\/\">Gasthaus Pliemgut<\/a><\/span><br \/>\n<span style=\"color: #999999;\">Beginn: 19:15 Uhr<\/span><br \/>\n<span style=\"color: #999999;\">Protokollf\u00fchrerin: Adelheid Speyer<\/span><\/p>\n<h3>Begr\u00fc\u00dfung der G\u00e4ste<\/h3>\n<p>Wir d\u00fcrfen bei diesem Stammtisch zwei Mitglieder des <a href=\"https:\/\/www.imker-maxglan.at\/\">Imkervereins Salzburg Maxglan<\/a> sehr herzlich begr\u00fc\u00dfen!<\/p>\n<h3>\u00c4nderung bei den Mitgliedern<\/h3>\n<p>Wir freuen uns, dass unser neues Vereinsmitglied Magdalena zum Stammtisch gekommen ist! Zwei weitere neue Vereinsmitglieder haben sich bereits angek\u00fcndigt.<\/p>\n<h3>Neuigkeiten<\/h3>\n<ul>\n<li><strong>Alte Termine<br \/>\n<\/strong>&#8211; <a href=\"https:\/\/imker-aigen.at\/index.php\/event\/bad-vigauner-fruehschoppen-2\/\">11.8 Bad Vigauner Fr\u00fchschoppen<\/a><br \/>\n&#8211; <a href=\"https:\/\/imker-aigen.at\/index.php\/event\/hochfest-maria-himmelfahrt-kraeuter-und-blumenweihe\/\">15.8 Kr\u00e4uter- und Blumenweihe \u2013 Schloss Goldenstein<\/a><br \/>\n&#8211; <a href=\"https:\/\/imker-aigen.at\/index.php\/event\/100-jahre-imkerortsgruppe-eugendorf\/\">1.9 100 Jahre Imkerortsgruppe Eugendorf<\/a> \u2013 siehe <a href=\"https:\/\/imker-aigen.at\/index.php\/2024\/09\/02\/bericht-ueber-das-imkerfest-der-imker-ortsgruppe-eugendorf-am-1-9-2024\/\">Bericht auf der Homepage<\/a><\/li>\n<li><strong>Planung der 120 Jahrfeier unseres Vereins am 14.9 im Gasthaus Ramsau<\/strong><br \/>\nAnk\u00fcndigung steht nun in der \u201eBienen aktuell\u201c Zeitung<br \/>\nUnterst\u00fctzung auch durch Richard Breschar: Ausstellungssachen vom Elsbethner Museum<br \/>\nEs haben sich schon ca. 70 Personen angemeldet. Wir k\u00f6nnen vermutlich mit 100-120 Teilnehmern rechnen<br \/>\nDie Vereinsmitglieder bekommen einen Klebestreifen mit dem Vereinslogo aufgeklebt<br \/>\nFlyer vom Naturschutzbund werden wir auch auflegen<br \/>\n@Karin \u2013 Handkassa + Wechselgeld f\u00fcr die Handkassa besorgen<br \/>\n@Michael Rettenbacher \u2013 bitte die Imkerh\u00fcte zum Fest mitbringen<br \/>\nFranzi hat die Imkerkerze mitgebracht, welche wir zum Fest auch aufstellen werden<br \/>\nRobert regt an, dass die Anmeldung zum Fest auf der Homepage klarer ausgewiesen werden sollte<br \/>\nDie Aufbauten beginnen am Samstag um 9:00 Uhr. Die Heu-Biene wird bereits am Vortag aufgestellt<\/li>\n<li><strong>Start des Online Imker-Flohmarkts<\/strong><br \/>\nEs gibt jetzt eine eigene Flohmarkt-WhatsApp Gruppe. Jeder kann dort sein nicht mehr ben\u00f6tigtes Imker-Zubeh\u00f6r den \u00fcbrigen Vereinsmitgliedern anbieten. Interesse an dem einen oder anderen Gegenstand kann einfach durch \u201eDaumen hoch\u201c kundgetan werden. Dann wird der Gegenstand zum Oktober-Stammtisch mitgenommen und an den Bestbieter verkauft. Im Rahmen dieses Verkaufs sind nat\u00fcrlich Spenden an den Verein auch immer sehr willkommen.<br \/>\nBitte nehmt am Flohmarkt teil, damit nicht mehr ben\u00f6tigte Imkerei-Gegenst\u00e4nde wieder einer sinnvollen Verwendung zugef\u00fchrt werden k\u00f6nnen. Ganz im Sinne einer nachhaltigen Nutzung und weg von der Wegwerfgesellschaft.<\/li>\n<li><strong>Planung Adventmarkt (30.11 und 7.12.2024)<\/strong><br \/>\nWir haben Maria Steindl unsere Teilnahme bereits best\u00e4tigt. Wir werden die H\u00fctte wieder gemeinsam mit dem OGV Elsbethen nutzen. Die Detailplanung startet nach unserer 120-Jahrfeier<\/li>\n<li><strong>Vereins-Chronik<\/strong><br \/>\nSofern von Adelheid und Adi gepr\u00fcft, w\u00fcrde die Chronik nun auch \u00fcber die Homepage \u00f6ffentlich gemacht werden. Nat\u00fcrlich ohne die Kassast\u00e4nde der einzelnen Jahre<br \/>\nDie Protokolle zeigen sehr sch\u00f6n, dass auf Probleme eigentlich immer erst im Nachhinein reagiert wurde. Wir k\u00f6nnten uns \u00fcberlegen, wie wir in Zukunft mehr vom Reagieren zum Agieren kommen (Ankauf von Trachtpflanzen, Betreuung von Bl\u00fchstreifen).<br \/>\n\u00c4nderungen in den Protokollen: Jahresr\u00fcckblicke nur noch mit Daten und Fakten, Kontost\u00e4nde immer erst nach der Zahlung der Beitr\u00e4ge an den Landesverband<br \/>\nEhrungen nur f\u00fcr langj\u00e4hrige Mitgliedschaften. Geburtstage schaffen wird nur noch bei runden Geburtstagen<\/li>\n<li><strong>Nutzung der Vereinsh\u00fctte: 31.7 = Stichtag f\u00fcr die Nutzung der H\u00fctte im Folgejahr<\/strong><br \/>\nAngemessene Geb\u00fchr f\u00fcr die Vereinsh\u00fctte (200 \u20ac\/Jahr)<br \/>\nVorschlag zur Nutzung der Vereinsh\u00fctte: wir nutzen sie als Vereinsh\u00fctte. Ein Team von 5 Personen (mit 2 hauptverantwortlichen Personen) ist jedes Jahr f\u00fcr die Vereinsh\u00fctte zust\u00e4ndig. Der Verein k\u00fcmmert sich aber um s\u00e4mtliches Bienenmaterial, welches dann auch im Eigentum des Vereins ist. Ziel w\u00e4re es, dass die Vereinsh\u00fctte dann auch Honig f\u00fcr den Verein produziert bzw. die Vereinsh\u00fctte auch f\u00fcr Leistungspr\u00fcfungen und die Vergabe von Zuchtstoff verwendet wird. Es w\u00e4re auch sicherlich sinnvoll, wenn wir eine Stockwaage dort h\u00e4tten und deren Daten \u00fcber die Homepage \u00f6ffentlich machen. Die Bienenv\u00f6lker von Franzi (noch 3 St\u00fcck) werden gerne im kommenden Jahr \u00fcbernommen.<br \/>\nBis zum n\u00e4chsten Stammtisch sollte gekl\u00e4rt werden, wie das Team f\u00fcr das kommende Jahr aussehen wird. Im Vorstand muss gekl\u00e4rt werden, ob wir hierf\u00fcr auch einen Beschluss brauchen.<\/li>\n<li><strong>Zusammenarbeit mit der Kirche\/Pfarre Aigen (Pfarrer Roland Kerschbaum\/Diakon Dino Bachmaier)<\/strong><br \/>\nKontakt mit Diakon Dino bzgl. Ambrosiusfeier aufnehmen. Da am 7.12 der Adventmarkt ist, m\u00fcsste die Ambrosiusfeier auf den 14.12 oder einen anderen Tag im Dezember verlegt werden<\/p>\n<h3><\/h3>\n<\/li>\n<\/ul>\n<h3>N\u00e4chste Termine (siehe auch <a href=\"https:\/\/imker-aigen.at\/index.php\/events\/list\/\">Veranstaltungskalender<\/a>)<\/h3>\n<ul>\n<li><a href=\"https:\/\/apis.lu\/92-deutschsprachiger-imkerkongress-2024\/\">5-7.9 92. deutschsprachiger Imkerkongress in Luxemburg<\/a><\/li>\n<li><a href=\"https:\/\/imker-aigen.at\/index.php\/event\/info-veranstaltung-facharbeiterinnen-meisterinnen-ausbildung-bienenwirtschaft-2024-online\/\">11.9 Facharbeiter\/Meister Online-Info-Veranstaltung<\/a><\/li>\n<li><a href=\"https:\/\/imker-aigen.at\/index.php\/event\/120-jaehriges-bestehen-des-imkervereins-salzburg-aigen\/\">14.9 120 Jahrfeier <\/a><\/li>\n<li><a href=\"https:\/\/imker-aigen.at\/index.php\/event\/info-veranstaltung-facharbeiterinnen-meisterinnen-ausbildung-bienenwirtschaft-2024\/\">19.9 Facharbeiter\/Meister Info-Veranstaltung im Imkerhof<\/a><\/li>\n<li><a href=\"https:\/\/imker-aigen.at\/index.php\/event\/stammtisch-1-oktober-2024\/\">1.10 Stammtisch &#8211; Flohmarkt<\/a><\/li>\n<li><a href=\"https:\/\/imker-aigen.at\/index.php\/event\/aufbluehn-exkursion-auf-dem-gaisberg\/\">11.10 Aufbl\u00fchn-Exkursion auf dem Gaisberg<\/a> (Anmeldung erbeten!)<\/li>\n<\/ul>\n<h3>Diverses, Diskussion, Allf\u00e4lliges<\/h3>\n<ul>\n<li>Hilfe bei der Vereinsarbeit (Es gibt viel zu tun. Packen wir\u2019s an!)<br \/>\n&#8211; Carnica-Zuchtgruppe<br \/>\n&#8211; Zusammenarbeit mit dem Naturschutzbund<br \/>\n&#8211; Social Media<\/li>\n<li>Statuten\u00e4nderung<br \/>\nGemeinn\u00fctzigkeit des Vereins unterstreichen -&gt; Selbstlos<\/li>\n<li>Unsere Homepage<br \/>\nGeplant:<br \/>\n&#8211; Fotos von der Schwarmsaison<br \/>\n&#8211; Artikel \u00fcber alternative Beutensysteme \u2013 hier gibt es bereits einen Artikel, welcher noch erg\u00e4nzt und auf die Homepage gestellt werden muss<br \/>\n&#8211; Bienenprodukte: Honig &#8211; hier soll es in K\u00fcrze noch ein Artikel geben, passend zu den Artikeln \u00fcber <a href=\"https:\/\/imker-aigen.at\/index.php\/2022\/10\/18\/bienenwachs\/\">Bienenwachs<\/a> und <a href=\"https:\/\/imker-aigen.at\/index.php\/2022\/10\/18\/propolis\/\">Propolis<\/a><br \/>\n&#8211; Unsere Vereinsh\u00fctte \u2013 erledigt, wurde erg\u00e4nzt (siehe <a href=\"https:\/\/imker-aigen.at\/index.php\/about\/our-story\/\">&#8222;Unser Verein&#8220;<\/a>)<br \/>\n&#8211; Carnica Zuchtgruppe &#8211; hier w\u00e4re ein Artikel \u00fcber die Zucht 2024 w\u00fcnschenswert\/notwendig<\/li>\n<li>Ausflug bzw. Standbesuch -&gt; aufgrund der 120 Jahrfeier erst im kommenden Jahr<\/li>\n<li>Kommende Vortr\u00e4ge\/Info-Abende<br \/>\n&#8211; Dr. Hannes Beims<\/li>\n<\/ul>\n<h3>Imkern im September (<a href=\"https:\/\/imker-aigen.at\/index.php\/monatsbetrachtung-september\/\">Monatsbetrachtung September<\/a>)<\/h3>\n<ul>\n<li>Imkern in Zeiten des Klimawandels<br \/>\nlangsames Einf\u00fcttern, R\u00e4uberei vermeiden, Dieses Jahr ist auch ein starkes Wespenjahr. Flugl\u00f6cher ab jetzt m\u00f6glichst eng halten<br \/>\nDie F\u00fctterung bis Ende September abschlie\u00dfen<\/p>\n<p>Varroabek\u00e4mpfung. Ab Ende August m\u00fcssen wieder fitte, gesunde Bienen im Stock sein um die Winterbienen aufziehen zu k\u00f6nnen.<\/p>\n<p>Kontrolle der Futtervorr\u00e4te und der Volksst\u00e4rke<\/p>\n<p>Umweiseln der V\u00f6lker klappt jetzt sehr gut<\/p>\n<p>Beuten reinigen \u2013 abfl\u00e4mmen. Zargen mit Honigwaben stapeln und Essigs\u00e4ure-Wettex auflegen. Sofern die Waben nicht komplett sauber sind, Waben vorher einfrieren.<\/li>\n<\/ul>\n<\/div><\/section><br \/>\n<div  class='av-social-sharing-box av-4b1ucm-a86a43dbfae8432d61c15051a3711212 av-social-sharing-box-default  avia-builder-el-4  el_after_av_textblock  el_before_av_comments_list  av-social-sharing-box-fullwidth'><div class=\"av-share-box\"><h5 class='av-share-link-description av-no-toc '>Eintrag teilen<\/h5><ul class=\"av-share-box-list noLightbox\"><li class='av-share-link av-social-link-facebook avia_social_iconfont' ><a target=\"_blank\" aria-label=\"Teilen auf Facebook\" href='https:\/\/www.facebook.com\/sharer.php?u=https:\/\/imker-aigen.at\/index.php\/2024\/09\/03\/protokoll-vom-stammtisch-am-3-9-2024\/&#038;t=Protokoll%20vom%20Stammtisch%20am%203.9.2024' data-av_icon='\ue8f3' data-av_iconfont='entypo-fontello'  title='' data-avia-related-tooltip='Teilen auf Facebook'><span class='avia_hidden_link_text'>Teilen auf Facebook<\/span><\/a><\/li><li class='av-share-link av-social-link-twitter avia_social_iconfont' ><a target=\"_blank\" aria-label=\"Teilen auf X\" href='https:\/\/twitter.com\/share?text=Protokoll%20vom%20Stammtisch%20am%203.9.2024&#038;url=https:\/\/imker-aigen.at\/?p=6470' data-av_icon='\ue932' data-av_iconfont='entypo-fontello'  title='' data-avia-related-tooltip='Teilen auf X'><span class='avia_hidden_link_text'>Teilen auf X<\/span><\/a><\/li><li class='av-share-link av-social-link-whatsapp avia_social_iconfont' ><a target=\"_blank\" aria-label=\"Teilen auf WhatsApp\" href='https:\/\/api.whatsapp.com\/send?text=https:\/\/imker-aigen.at\/index.php\/2024\/09\/03\/protokoll-vom-stammtisch-am-3-9-2024\/' data-av_icon='\uf232' data-av_iconfont='entypo-fontello'  title='' data-avia-related-tooltip='Teilen auf WhatsApp'><span class='avia_hidden_link_text'>Teilen auf WhatsApp<\/span><\/a><\/li><li class='av-share-link av-social-link-pinterest avia_social_iconfont' ><a target=\"_blank\" aria-label=\"Teilen auf Pinterest\" href='https:\/\/pinterest.com\/pin\/create\/button\/?url=https%3A%2F%2Fimker-aigen.at%2Findex.php%2F2024%2F09%2F03%2Fprotokoll-vom-stammtisch-am-3-9-2024%2F&#038;description=Protokoll%20vom%20Stammtisch%20am%203.9.2024&#038;media=https%3A%2F%2Fimker-aigen.at%2Fwp-content%2Fuploads%2F2022%2F08%2Fglasses-beer-1.jpg' data-av_icon='\ue8f8' data-av_iconfont='entypo-fontello'  title='' data-avia-related-tooltip='Teilen auf Pinterest'><span class='avia_hidden_link_text'>Teilen auf Pinterest<\/span><\/a><\/li><li class='av-share-link av-social-link-linkedin avia_social_iconfont' ><a target=\"_blank\" aria-label=\"Teilen auf LinkedIn\" href='https:\/\/linkedin.com\/shareArticle?mini=true&#038;title=Protokoll%20vom%20Stammtisch%20am%203.9.2024&#038;url=https:\/\/imker-aigen.at\/index.php\/2024\/09\/03\/protokoll-vom-stammtisch-am-3-9-2024\/' data-av_icon='\ue8fc' data-av_iconfont='entypo-fontello'  title='' data-avia-related-tooltip='Teilen auf LinkedIn'><span class='avia_hidden_link_text'>Teilen auf LinkedIn<\/span><\/a><\/li><li class='av-share-link av-social-link-reddit avia_social_iconfont' ><a target=\"_blank\" aria-label=\"Teilen auf Reddit\" href='https:\/\/reddit.com\/submit?url=https:\/\/imker-aigen.at\/index.php\/2024\/09\/03\/protokoll-vom-stammtisch-am-3-9-2024\/&#038;title=Protokoll%20vom%20Stammtisch%20am%203.9.2024' data-av_icon='\ue927' data-av_iconfont='entypo-fontello'  title='' data-avia-related-tooltip='Teilen auf Reddit'><span class='avia_hidden_link_text'>Teilen auf Reddit<\/span><\/a><\/li><li class='av-share-link av-social-link-mail avia_social_iconfont' ><a  aria-label=\"Per E-Mail teilen\" href='mailto:?subject=Protokoll%20vom%20Stammtisch%20am%203.9.2024&#038;body=https:\/\/imker-aigen.at\/index.php\/2024\/09\/03\/protokoll-vom-stammtisch-am-3-9-2024\/' data-av_icon='\ue805' data-av_iconfont='entypo-fontello'  title='' data-avia-related-tooltip='Per E-Mail teilen'><span class='avia_hidden_link_text'>Per E-Mail teilen<\/span><\/a><\/li><\/ul><\/div><\/div><br \/>\n<div  class='av-buildercomment av-2yqaw6-b21d801f56b8c1dfeef83f11af819e98'><\/div><\/p><\/div>\n","protected":false},"excerpt":{"rendered":"","protected":false},"author":1,"featured_media":621,"comment_status":"open","ping_status":"closed","sticky":false,"template":"","format":"standard","meta":{"footnotes":""},"categories":[18,2],"tags":[252,35],"class_list":["post-6470","post","type-post","status-publish","format-standard","has-post-thumbnail","hentry","category-alte-veranstaltungen","category-news","tag-september","tag-stammtisch"],"yoast_head":"<!-- This site is optimized with the Yoast SEO plugin v27.4 - https:\/\/yoast.com\/product\/yoast-seo-wordpress\/ -->\n<title>Protokoll vom Stammtisch am 3.9.2024 - Imker Ortsgruppe Salzburg Aigen<\/title>\n<meta name=\"description\" content=\"Protokoll vom Stammtisch des Imkervereins Salzburg Aigen am 3. September 2024\" \/>\n<meta name=\"robots\" content=\"index, follow, max-snippet:-1, max-image-preview:large, max-video-preview:-1\" \/>\n<link rel=\"canonical\" href=\"https:\/\/imker-aigen.at\/index.php\/2024\/09\/03\/protokoll-vom-stammtisch-am-3-9-2024\/\" \/>\n<meta property=\"og:locale\" content=\"de_DE\" \/>\n<meta property=\"og:type\" content=\"article\" \/>\n<meta property=\"og:title\" content=\"Protokoll vom Stammtisch am 3.9.2024 - Imker Ortsgruppe Salzburg Aigen\" \/>\n<meta property=\"og:description\" content=\"Protokoll vom Stammtisch des Imkervereins Salzburg Aigen am 3. September 2024\" \/>\n<meta property=\"og:url\" content=\"https:\/\/imker-aigen.at\/index.php\/2024\/09\/03\/protokoll-vom-stammtisch-am-3-9-2024\/\" \/>\n<meta property=\"og:site_name\" content=\"Imker Ortsgruppe Salzburg Aigen\" \/>\n<meta property=\"article:published_time\" content=\"2024-09-03T17:00:21+00:00\" \/>\n<meta property=\"article:modified_time\" content=\"2024-09-06T06:55:07+00:00\" \/>\n<meta property=\"og:image\" content=\"https:\/\/imker-aigen.at\/wp-content\/uploads\/2022\/08\/glasses-beer-1.jpg\" \/>\n\t<meta property=\"og:image:width\" content=\"180\" \/>\n\t<meta property=\"og:image:height\" content=\"241\" \/>\n\t<meta property=\"og:image:type\" content=\"image\/jpeg\" \/>\n<meta name=\"author\" content=\"admin\" \/>\n<meta name=\"twitter:card\" content=\"summary_large_image\" \/>\n<meta name=\"twitter:label1\" content=\"Verfasst von\" \/>\n\t<meta name=\"twitter:data1\" content=\"admin\" \/>\n\t<meta name=\"twitter:label2\" content=\"Gesch\u00e4tzte Lesezeit\" \/>\n\t<meta name=\"twitter:data2\" content=\"5\u00a0Minuten\" \/>\n<script type=\"application\/ld+json\" class=\"yoast-schema-graph\">{\"@context\":\"https:\\\/\\\/schema.org\",\"@graph\":[{\"@type\":\"Article\",\"@id\":\"https:\\\/\\\/imker-aigen.at\\\/index.php\\\/2024\\\/09\\\/03\\\/protokoll-vom-stammtisch-am-3-9-2024\\\/#article\",\"isPartOf\":{\"@id\":\"https:\\\/\\\/imker-aigen.at\\\/index.php\\\/2024\\\/09\\\/03\\\/protokoll-vom-stammtisch-am-3-9-2024\\\/\"},\"author\":{\"name\":\"admin\",\"@id\":\"https:\\\/\\\/imker-aigen.at\\\/#\\\/schema\\\/person\\\/d7d0c3a8ef6f051d450781218ac83077\"},\"headline\":\"Protokoll vom Stammtisch am 3.9.2024\",\"datePublished\":\"2024-09-03T17:00:21+00:00\",\"dateModified\":\"2024-09-06T06:55:07+00:00\",\"mainEntityOfPage\":{\"@id\":\"https:\\\/\\\/imker-aigen.at\\\/index.php\\\/2024\\\/09\\\/03\\\/protokoll-vom-stammtisch-am-3-9-2024\\\/\"},\"wordCount\":1649,\"commentCount\":0,\"publisher\":{\"@id\":\"https:\\\/\\\/imker-aigen.at\\\/#organization\"},\"image\":{\"@id\":\"https:\\\/\\\/imker-aigen.at\\\/index.php\\\/2024\\\/09\\\/03\\\/protokoll-vom-stammtisch-am-3-9-2024\\\/#primaryimage\"},\"thumbnailUrl\":\"https:\\\/\\\/imker-aigen.at\\\/wp-content\\\/uploads\\\/2022\\\/08\\\/glasses-beer-1.jpg\",\"keywords\":[\"September\",\"Stammtisch\"],\"articleSection\":[\"Alte Veranstaltungen\",\"News\"],\"inLanguage\":\"de\",\"potentialAction\":[{\"@type\":\"CommentAction\",\"name\":\"Comment\",\"target\":[\"https:\\\/\\\/imker-aigen.at\\\/index.php\\\/2024\\\/09\\\/03\\\/protokoll-vom-stammtisch-am-3-9-2024\\\/#respond\"]}]},{\"@type\":\"WebPage\",\"@id\":\"https:\\\/\\\/imker-aigen.at\\\/index.php\\\/2024\\\/09\\\/03\\\/protokoll-vom-stammtisch-am-3-9-2024\\\/\",\"url\":\"https:\\\/\\\/imker-aigen.at\\\/index.php\\\/2024\\\/09\\\/03\\\/protokoll-vom-stammtisch-am-3-9-2024\\\/\",\"name\":\"Protokoll vom Stammtisch am 3.9.2024 - Imker Ortsgruppe Salzburg Aigen\",\"isPartOf\":{\"@id\":\"https:\\\/\\\/imker-aigen.at\\\/#website\"},\"primaryImageOfPage\":{\"@id\":\"https:\\\/\\\/imker-aigen.at\\\/index.php\\\/2024\\\/09\\\/03\\\/protokoll-vom-stammtisch-am-3-9-2024\\\/#primaryimage\"},\"image\":{\"@id\":\"https:\\\/\\\/imker-aigen.at\\\/index.php\\\/2024\\\/09\\\/03\\\/protokoll-vom-stammtisch-am-3-9-2024\\\/#primaryimage\"},\"thumbnailUrl\":\"https:\\\/\\\/imker-aigen.at\\\/wp-content\\\/uploads\\\/2022\\\/08\\\/glasses-beer-1.jpg\",\"datePublished\":\"2024-09-03T17:00:21+00:00\",\"dateModified\":\"2024-09-06T06:55:07+00:00\",\"description\":\"Protokoll vom Stammtisch des Imkervereins Salzburg Aigen am 3. September 2024\",\"breadcrumb\":{\"@id\":\"https:\\\/\\\/imker-aigen.at\\\/index.php\\\/2024\\\/09\\\/03\\\/protokoll-vom-stammtisch-am-3-9-2024\\\/#breadcrumb\"},\"inLanguage\":\"de\",\"potentialAction\":[{\"@type\":\"ReadAction\",\"target\":[\"https:\\\/\\\/imker-aigen.at\\\/index.php\\\/2024\\\/09\\\/03\\\/protokoll-vom-stammtisch-am-3-9-2024\\\/\"]}]},{\"@type\":\"ImageObject\",\"inLanguage\":\"de\",\"@id\":\"https:\\\/\\\/imker-aigen.at\\\/index.php\\\/2024\\\/09\\\/03\\\/protokoll-vom-stammtisch-am-3-9-2024\\\/#primaryimage\",\"url\":\"https:\\\/\\\/imker-aigen.at\\\/wp-content\\\/uploads\\\/2022\\\/08\\\/glasses-beer-1.jpg\",\"contentUrl\":\"https:\\\/\\\/imker-aigen.at\\\/wp-content\\\/uploads\\\/2022\\\/08\\\/glasses-beer-1.jpg\",\"width\":180,\"height\":241,\"caption\":\"Bier\"},{\"@type\":\"BreadcrumbList\",\"@id\":\"https:\\\/\\\/imker-aigen.at\\\/index.php\\\/2024\\\/09\\\/03\\\/protokoll-vom-stammtisch-am-3-9-2024\\\/#breadcrumb\",\"itemListElement\":[{\"@type\":\"ListItem\",\"position\":1,\"name\":\"Startseite\",\"item\":\"https:\\\/\\\/imker-aigen.at\\\/index.php\\\/home\\\/\"},{\"@type\":\"ListItem\",\"position\":2,\"name\":\"Protokoll vom Stammtisch am 3.9.2024\"}]},{\"@type\":\"WebSite\",\"@id\":\"https:\\\/\\\/imker-aigen.at\\\/#website\",\"url\":\"https:\\\/\\\/imker-aigen.at\\\/\",\"name\":\"Imker Ortsgruppe Salzburg Aigen\",\"description\":\"Homepage der Imker-Ortsgruppe Salzburg Aigen\",\"publisher\":{\"@id\":\"https:\\\/\\\/imker-aigen.at\\\/#organization\"},\"potentialAction\":[{\"@type\":\"SearchAction\",\"target\":{\"@type\":\"EntryPoint\",\"urlTemplate\":\"https:\\\/\\\/imker-aigen.at\\\/?s={search_term_string}\"},\"query-input\":{\"@type\":\"PropertyValueSpecification\",\"valueRequired\":true,\"valueName\":\"search_term_string\"}}],\"inLanguage\":\"de\"},{\"@type\":\"Organization\",\"@id\":\"https:\\\/\\\/imker-aigen.at\\\/#organization\",\"name\":\"Imker Ortsgruppe Salzburg Aigen\",\"url\":\"https:\\\/\\\/imker-aigen.at\\\/\",\"logo\":{\"@type\":\"ImageObject\",\"inLanguage\":\"de\",\"@id\":\"https:\\\/\\\/imker-aigen.at\\\/#\\\/schema\\\/logo\\\/image\\\/\",\"url\":\"https:\\\/\\\/imker-aigen.at\\\/wp-content\\\/uploads\\\/2022\\\/08\\\/logo-1.png\",\"contentUrl\":\"https:\\\/\\\/imker-aigen.at\\\/wp-content\\\/uploads\\\/2022\\\/08\\\/logo-1.png\",\"width\":392,\"height\":156,\"caption\":\"Imker Ortsgruppe Salzburg Aigen\"},\"image\":{\"@id\":\"https:\\\/\\\/imker-aigen.at\\\/#\\\/schema\\\/logo\\\/image\\\/\"}},{\"@type\":\"Person\",\"@id\":\"https:\\\/\\\/imker-aigen.at\\\/#\\\/schema\\\/person\\\/d7d0c3a8ef6f051d450781218ac83077\",\"name\":\"admin\",\"image\":{\"@type\":\"ImageObject\",\"inLanguage\":\"de\",\"@id\":\"https:\\\/\\\/secure.gravatar.com\\\/avatar\\\/925a7e918efd3cfdae29be9c0018a3ae3275cd0444a6e166241172bb6e5243c7?s=96&d=mm&r=g\",\"url\":\"https:\\\/\\\/secure.gravatar.com\\\/avatar\\\/925a7e918efd3cfdae29be9c0018a3ae3275cd0444a6e166241172bb6e5243c7?s=96&d=mm&r=g\",\"contentUrl\":\"https:\\\/\\\/secure.gravatar.com\\\/avatar\\\/925a7e918efd3cfdae29be9c0018a3ae3275cd0444a6e166241172bb6e5243c7?s=96&d=mm&r=g\",\"caption\":\"admin\"},\"sameAs\":[\"https:\\\/\\\/imker-aigen.at\",\"linkedin.com\\\/in\\\/bernd-meierhofer-5919b62\"],\"url\":\"https:\\\/\\\/imker-aigen.at\\\/index.php\\\/author\\\/bmeierhofer\\\/\"}]}<\/script>\n<!-- \/ Yoast SEO plugin. -->","yoast_head_json":{"title":"Protokoll vom Stammtisch am 3.9.2024 - Imker Ortsgruppe Salzburg Aigen","description":"Protokoll vom Stammtisch des Imkervereins Salzburg Aigen am 3. September 2024","robots":{"index":"index","follow":"follow","max-snippet":"max-snippet:-1","max-image-preview":"max-image-preview:large","max-video-preview":"max-video-preview:-1"},"canonical":"https:\/\/imker-aigen.at\/index.php\/2024\/09\/03\/protokoll-vom-stammtisch-am-3-9-2024\/","og_locale":"de_DE","og_type":"article","og_title":"Protokoll vom Stammtisch am 3.9.2024 - Imker Ortsgruppe Salzburg Aigen","og_description":"Protokoll vom Stammtisch des Imkervereins Salzburg Aigen am 3. September 2024","og_url":"https:\/\/imker-aigen.at\/index.php\/2024\/09\/03\/protokoll-vom-stammtisch-am-3-9-2024\/","og_site_name":"Imker Ortsgruppe Salzburg Aigen","article_published_time":"2024-09-03T17:00:21+00:00","article_modified_time":"2024-09-06T06:55:07+00:00","og_image":[{"width":180,"height":241,"url":"https:\/\/imker-aigen.at\/wp-content\/uploads\/2022\/08\/glasses-beer-1.jpg","type":"image\/jpeg"}],"author":"admin","twitter_card":"summary_large_image","twitter_misc":{"Verfasst von":"admin","Gesch\u00e4tzte Lesezeit":"5\u00a0Minuten"},"schema":{"@context":"https:\/\/schema.org","@graph":[{"@type":"Article","@id":"https:\/\/imker-aigen.at\/index.php\/2024\/09\/03\/protokoll-vom-stammtisch-am-3-9-2024\/#article","isPartOf":{"@id":"https:\/\/imker-aigen.at\/index.php\/2024\/09\/03\/protokoll-vom-stammtisch-am-3-9-2024\/"},"author":{"name":"admin","@id":"https:\/\/imker-aigen.at\/#\/schema\/person\/d7d0c3a8ef6f051d450781218ac83077"},"headline":"Protokoll vom Stammtisch am 3.9.2024","datePublished":"2024-09-03T17:00:21+00:00","dateModified":"2024-09-06T06:55:07+00:00","mainEntityOfPage":{"@id":"https:\/\/imker-aigen.at\/index.php\/2024\/09\/03\/protokoll-vom-stammtisch-am-3-9-2024\/"},"wordCount":1649,"commentCount":0,"publisher":{"@id":"https:\/\/imker-aigen.at\/#organization"},"image":{"@id":"https:\/\/imker-aigen.at\/index.php\/2024\/09\/03\/protokoll-vom-stammtisch-am-3-9-2024\/#primaryimage"},"thumbnailUrl":"https:\/\/imker-aigen.at\/wp-content\/uploads\/2022\/08\/glasses-beer-1.jpg","keywords":["September","Stammtisch"],"articleSection":["Alte Veranstaltungen","News"],"inLanguage":"de","potentialAction":[{"@type":"CommentAction","name":"Comment","target":["https:\/\/imker-aigen.at\/index.php\/2024\/09\/03\/protokoll-vom-stammtisch-am-3-9-2024\/#respond"]}]},{"@type":"WebPage","@id":"https:\/\/imker-aigen.at\/index.php\/2024\/09\/03\/protokoll-vom-stammtisch-am-3-9-2024\/","url":"https:\/\/imker-aigen.at\/index.php\/2024\/09\/03\/protokoll-vom-stammtisch-am-3-9-2024\/","name":"Protokoll vom Stammtisch am 3.9.2024 - Imker Ortsgruppe Salzburg Aigen","isPartOf":{"@id":"https:\/\/imker-aigen.at\/#website"},"primaryImageOfPage":{"@id":"https:\/\/imker-aigen.at\/index.php\/2024\/09\/03\/protokoll-vom-stammtisch-am-3-9-2024\/#primaryimage"},"image":{"@id":"https:\/\/imker-aigen.at\/index.php\/2024\/09\/03\/protokoll-vom-stammtisch-am-3-9-2024\/#primaryimage"},"thumbnailUrl":"https:\/\/imker-aigen.at\/wp-content\/uploads\/2022\/08\/glasses-beer-1.jpg","datePublished":"2024-09-03T17:00:21+00:00","dateModified":"2024-09-06T06:55:07+00:00","description":"Protokoll vom Stammtisch des Imkervereins Salzburg Aigen am 3. September 2024","breadcrumb":{"@id":"https:\/\/imker-aigen.at\/index.php\/2024\/09\/03\/protokoll-vom-stammtisch-am-3-9-2024\/#breadcrumb"},"inLanguage":"de","potentialAction":[{"@type":"ReadAction","target":["https:\/\/imker-aigen.at\/index.php\/2024\/09\/03\/protokoll-vom-stammtisch-am-3-9-2024\/"]}]},{"@type":"ImageObject","inLanguage":"de","@id":"https:\/\/imker-aigen.at\/index.php\/2024\/09\/03\/protokoll-vom-stammtisch-am-3-9-2024\/#primaryimage","url":"https:\/\/imker-aigen.at\/wp-content\/uploads\/2022\/08\/glasses-beer-1.jpg","contentUrl":"https:\/\/imker-aigen.at\/wp-content\/uploads\/2022\/08\/glasses-beer-1.jpg","width":180,"height":241,"caption":"Bier"},{"@type":"BreadcrumbList","@id":"https:\/\/imker-aigen.at\/index.php\/2024\/09\/03\/protokoll-vom-stammtisch-am-3-9-2024\/#breadcrumb","itemListElement":[{"@type":"ListItem","position":1,"name":"Startseite","item":"https:\/\/imker-aigen.at\/index.php\/home\/"},{"@type":"ListItem","position":2,"name":"Protokoll vom Stammtisch am 3.9.2024"}]},{"@type":"WebSite","@id":"https:\/\/imker-aigen.at\/#website","url":"https:\/\/imker-aigen.at\/","name":"Imker Ortsgruppe Salzburg Aigen","description":"Homepage der Imker-Ortsgruppe Salzburg Aigen","publisher":{"@id":"https:\/\/imker-aigen.at\/#organization"},"potentialAction":[{"@type":"SearchAction","target":{"@type":"EntryPoint","urlTemplate":"https:\/\/imker-aigen.at\/?s={search_term_string}"},"query-input":{"@type":"PropertyValueSpecification","valueRequired":true,"valueName":"search_term_string"}}],"inLanguage":"de"},{"@type":"Organization","@id":"https:\/\/imker-aigen.at\/#organization","name":"Imker Ortsgruppe Salzburg Aigen","url":"https:\/\/imker-aigen.at\/","logo":{"@type":"ImageObject","inLanguage":"de","@id":"https:\/\/imker-aigen.at\/#\/schema\/logo\/image\/","url":"https:\/\/imker-aigen.at\/wp-content\/uploads\/2022\/08\/logo-1.png","contentUrl":"https:\/\/imker-aigen.at\/wp-content\/uploads\/2022\/08\/logo-1.png","width":392,"height":156,"caption":"Imker Ortsgruppe Salzburg Aigen"},"image":{"@id":"https:\/\/imker-aigen.at\/#\/schema\/logo\/image\/"}},{"@type":"Person","@id":"https:\/\/imker-aigen.at\/#\/schema\/person\/d7d0c3a8ef6f051d450781218ac83077","name":"admin","image":{"@type":"ImageObject","inLanguage":"de","@id":"https:\/\/secure.gravatar.com\/avatar\/925a7e918efd3cfdae29be9c0018a3ae3275cd0444a6e166241172bb6e5243c7?s=96&d=mm&r=g","url":"https:\/\/secure.gravatar.com\/avatar\/925a7e918efd3cfdae29be9c0018a3ae3275cd0444a6e166241172bb6e5243c7?s=96&d=mm&r=g","contentUrl":"https:\/\/secure.gravatar.com\/avatar\/925a7e918efd3cfdae29be9c0018a3ae3275cd0444a6e166241172bb6e5243c7?s=96&d=mm&r=g","caption":"admin"},"sameAs":["https:\/\/imker-aigen.at","linkedin.com\/in\/bernd-meierhofer-5919b62"],"url":"https:\/\/imker-aigen.at\/index.php\/author\/bmeierhofer\/"}]}},"_links":{"self":[{"href":"https:\/\/imker-aigen.at\/index.php\/wp-json\/wp\/v2\/posts\/6470","targetHints":{"allow":["GET"]}}],"collection":[{"href":"https:\/\/imker-aigen.at\/index.php\/wp-json\/wp\/v2\/posts"}],"about":[{"href":"https:\/\/imker-aigen.at\/index.php\/wp-json\/wp\/v2\/types\/post"}],"author":[{"embeddable":true,"href":"https:\/\/imker-aigen.at\/index.php\/wp-json\/wp\/v2\/users\/1"}],"replies":[{"embeddable":true,"href":"https:\/\/imker-aigen.at\/index.php\/wp-json\/wp\/v2\/comments?post=6470"}],"version-history":[{"count":5,"href":"https:\/\/imker-aigen.at\/index.php\/wp-json\/wp\/v2\/posts\/6470\/revisions"}],"predecessor-version":[{"id":6479,"href":"https:\/\/imker-aigen.at\/index.php\/wp-json\/wp\/v2\/posts\/6470\/revisions\/6479"}],"wp:featuredmedia":[{"embeddable":true,"href":"https:\/\/imker-aigen.at\/index.php\/wp-json\/wp\/v2\/media\/621"}],"wp:attachment":[{"href":"https:\/\/imker-aigen.at\/index.php\/wp-json\/wp\/v2\/media?parent=6470"}],"wp:term":[{"taxonomy":"category","embeddable":true,"href":"https:\/\/imker-aigen.at\/index.php\/wp-json\/wp\/v2\/categories?post=6470"},{"taxonomy":"post_tag","embeddable":true,"href":"https:\/\/imker-aigen.at\/index.php\/wp-json\/wp\/v2\/tags?post=6470"}],"curies":[{"name":"wp","href":"https:\/\/api.w.org\/{rel}","templated":true}]}}