{"id":6520,"date":"2024-09-14T10:13:03","date_gmt":"2024-09-14T08:13:03","guid":{"rendered":"https:\/\/imker-aigen.at\/?p=6520"},"modified":"2024-09-23T14:20:26","modified_gmt":"2024-09-23T12:20:26","slug":"bericht-ueber-unsere-120-jahrfeier-am-14-9-2024","status":"publish","type":"post","link":"https:\/\/imker-aigen.at\/index.php\/2024\/09\/14\/bericht-ueber-unsere-120-jahrfeier-am-14-9-2024\/","title":{"rendered":"Bericht \u00fcber unsere 120-Jahrfeier am 14.9.2024"},"content":{"rendered":"<div  class='flex_column av-871pko-e9b67018d17482a646fa6d27415790a4 av_one_full  avia-builder-el-0  avia-builder-el-no-sibling  first flex_column_div  '     ><p>\n<style type=\"text\/css\" data-created_by=\"avia_inline_auto\" id=\"style-css-av-m14qaiah-658a49ba1a189298a499fe056651bf5b\">\n#top .av-special-heading.av-m14qaiah-658a49ba1a189298a499fe056651bf5b{\npadding-bottom:10px;\n}\nbody .av-special-heading.av-m14qaiah-658a49ba1a189298a499fe056651bf5b .av-special-heading-tag .heading-char{\nfont-size:25px;\n}\n.av-special-heading.av-m14qaiah-658a49ba1a189298a499fe056651bf5b .av-subheading{\nfont-size:15px;\n}\n<\/style>\n<div  class='av-special-heading av-m14qaiah-658a49ba1a189298a499fe056651bf5b av-special-heading-h3 blockquote modern-quote modern-centered  avia-builder-el-1  el_before_av_horizontal_gallery  avia-builder-el-no-sibling '><h3 class='av-special-heading-tag '  itemprop=\"headline\"  >Bericht \u00fcber unsere 120-Jahrfeier am 14.9.2024<\/h3><div class=\"special-heading-border\"><div class=\"special-heading-inner-border\"><\/div><\/div><\/div><br \/>\n\n<style type=\"text\/css\" data-created_by=\"avia_inline_auto\" id=\"style-css-av-m14tg39a-7db199a8ecb89e992f7372291d2850c5\">\n.av-horizontal-gallery.av-m14tg39a-7db199a8ecb89e992f7372291d2850c5{\npadding:3.75% 0px;;\n}\n.av-horizontal-gallery.av-m14tg39a-7db199a8ecb89e992f7372291d2850c5 .av-horizontal-gallery-inner{\npadding-bottom:25%;\n}\n<\/style>\n<div  class='av-horizontal-gallery av-m14tg39a-7db199a8ecb89e992f7372291d2850c5 av-horizontal-gallery-large-gap av-horizontal-gallery-enlarge-effect  avia-builder-el-2  el_after_av_heading  el_before_av_hr  av-slideshow-ui av-control-default av-slideshow-manual av-loop-once av-loop-manual-once av-horizontal-gallery-1' data-slideshow-data=\"{&quot;enlarge&quot;:1.3,&quot;animation&quot;:&quot;slide&quot;,&quot;autoplay&quot;:false,&quot;loop_autoplay&quot;:&quot;once&quot;,&quot;interval&quot;:5,&quot;loop_manual&quot;:&quot;manual-once&quot;,&quot;autoplay_stopper&quot;:false,&quot;noNavigation&quot;:false,&quot;bg_slider&quot;:false,&quot;keep_padding&quot;:&quot;&quot;,&quot;hoverpause&quot;:false,&quot;show_slide_delay&quot;:0}\"  itemprop=\"image\" itemscope=\"itemscope\" itemtype=\"https:\/\/schema.org\/ImageObject\" ><div class='avia-slideshow-arrows avia-slideshow-controls' ><a href='#prev' class='prev-slide av-horizontal-gallery-prev avia-svg-icon avia-font-svg_entypo-fontello' data-av_svg_icon='left-open-big' data-av_iconset='svg_entypo-fontello' tabindex='-1' title=\"Zur\u00fcck\"><svg version=\"1.1\" xmlns=\"http:\/\/www.w3.org\/2000\/svg\" width=\"15\" height=\"32\" viewBox=\"0 0 15 32\" preserveAspectRatio=\"xMidYMid meet\" aria-labelledby='av-svg-title-1' aria-describedby='av-svg-desc-1' role=\"graphics-symbol\" aria-hidden=\"true\">\n<title id='av-svg-title-1'>Zur\u00fcck<\/title>\n<desc id='av-svg-desc-1'>Zur\u00fcck<\/desc>\n<path d=\"M14.464 27.84q0.832 0.832 0 1.536-0.832 0.832-1.536 0l-12.544-12.608q-0.768-0.768 0-1.6l12.544-12.608q0.704-0.832 1.536 0 0.832 0.704 0 1.536l-11.456 11.904z\"><\/path>\n<\/svg><span class='avia_hidden_link_text'>Zur\u00fcck<\/span><\/a><a href='#next' class='next-slide av-horizontal-gallery-next avia-svg-icon avia-font-svg_entypo-fontello' data-av_svg_icon='right-open-big' data-av_iconset='svg_entypo-fontello' tabindex='-1' title=\"Weiter\"><svg version=\"1.1\" xmlns=\"http:\/\/www.w3.org\/2000\/svg\" width=\"15\" height=\"32\" viewBox=\"0 0 15 32\" preserveAspectRatio=\"xMidYMid meet\" aria-labelledby='av-svg-title-2' aria-describedby='av-svg-desc-2' role=\"graphics-symbol\" aria-hidden=\"true\">\n<title id='av-svg-title-2'>Weiter<\/title>\n<desc id='av-svg-desc-2'>Weiter<\/desc>\n<path d=\"M0.416 27.84l11.456-11.84-11.456-11.904q-0.832-0.832 0-1.536 0.832-0.832 1.536 0l12.544 12.608q0.768 0.832 0 1.6l-12.544 12.608q-0.704 0.832-1.536 0-0.832-0.704 0-1.536z\"><\/path>\n<\/svg><span class='avia_hidden_link_text'>Weiter<\/span><\/a><\/div><div class='avia-slideshow-dots avia-slideshow-controls av-horizontal-gallery-dots fade-in'><a href='#1' class='goto-slide active' >1<\/a><a href='#2' class='goto-slide ' >2<\/a><a href='#3' class='goto-slide ' >3<\/a><a href='#4' class='goto-slide ' >4<\/a><a href='#5' class='goto-slide ' >5<\/a><a href='#6' class='goto-slide ' >6<\/a><a href='#7' class='goto-slide ' >7<\/a><a href='#8' class='goto-slide ' >8<\/a><a href='#9' class='goto-slide ' >9<\/a><a href='#10' class='goto-slide ' >10<\/a><\/div><div class='av-horizontal-gallery-inner' data-av-height='25'><div class=\"av-horizontal-gallery-slider\"><div class=\"av-horizontal-gallery-wrap noHover\"><img decoding=\"async\" fetchpriority=\"high\" class='wp-image-6537 avia-img-lazy-loading-not-6537 av-horizontal-gallery-img' width=\"1024\" height=\"768\" src=\"https:\/\/imker-aigen.at\/wp-content\/uploads\/2024\/09\/120anniversary2.jpg\" title='Unser Verkaufsstand mit diversen Imkereiprodukten' alt='' srcset=\"https:\/\/imker-aigen.at\/wp-content\/uploads\/2024\/09\/120anniversary2.jpg 1024w, https:\/\/imker-aigen.at\/wp-content\/uploads\/2024\/09\/120anniversary2-300x225.jpg 300w, https:\/\/imker-aigen.at\/wp-content\/uploads\/2024\/09\/120anniversary2-768x576.jpg 768w, https:\/\/imker-aigen.at\/wp-content\/uploads\/2024\/09\/120anniversary2-705x529.jpg 705w\" sizes=\"(max-width: 1024px) 100vw, 1024px\" \/><a href=\"https:\/\/imker-aigen.at\/wp-content\/uploads\/2024\/09\/120anniversary2.jpg\" data-srcset=\"https:\/\/imker-aigen.at\/wp-content\/uploads\/2024\/09\/120anniversary2.jpg 1024w, https:\/\/imker-aigen.at\/wp-content\/uploads\/2024\/09\/120anniversary2-300x225.jpg 300w, https:\/\/imker-aigen.at\/wp-content\/uploads\/2024\/09\/120anniversary2-768x576.jpg 768w, https:\/\/imker-aigen.at\/wp-content\/uploads\/2024\/09\/120anniversary2-705x529.jpg 705w\" data-sizes=\"(max-width: 1024px) 100vw, 1024px\" class='av-horizontal-gallery-link avia-svg-icon avia-font-svg_entypo-fontello' data-av_svg_icon='resize-full' data-av_iconset='svg_entypo-fontello' title='Unser Verkaufsstand mit diversen Imkereiprodukten' alt='' aria-label='Open image in lightbox: Unser Verkaufsstand mit diversen Imkereiprodukten'><svg version=\"1.1\" xmlns=\"http:\/\/www.w3.org\/2000\/svg\" width=\"25\" height=\"32\" viewBox=\"0 0 25 32\" preserveAspectRatio=\"xMidYMid meet\" aria-labelledby='av-svg-title-3' aria-describedby='av-svg-desc-3' role=\"graphics-symbol\" aria-hidden=\"true\">\n<title id='av-svg-title-3'>Open image in lightbox: Unser Verkaufsstand mit diversen Imkereiprodukten<\/title>\n<desc id='av-svg-desc-3'>Open image in lightbox: Unser Verkaufsstand mit diversen Imkereiprodukten<\/desc>\n<path d=\"M15.232 3.328h10.112v10.112l-3.2-3.968-4.672 4.864-3.2-3.2 4.864-4.672zM7.872 17.536l3.2 3.2-4.864 4.672 3.904 3.2h-10.112v-10.112l3.2 3.904z\"><\/path>\n<\/svg><\/a><\/div><div class=\"av-horizontal-gallery-wrap noHover\"><img decoding=\"async\" fetchpriority=\"high\" class='wp-image-6548 avia-img-lazy-loading-not-6548 av-horizontal-gallery-img' width=\"768\" height=\"1024\" src=\"https:\/\/imker-aigen.at\/wp-content\/uploads\/2024\/09\/120anniversary6.jpg\" title='B\u00fcrgermeister-Gespr\u00e4che' alt='' srcset=\"https:\/\/imker-aigen.at\/wp-content\/uploads\/2024\/09\/120anniversary6.jpg 768w, https:\/\/imker-aigen.at\/wp-content\/uploads\/2024\/09\/120anniversary6-225x300.jpg 225w, https:\/\/imker-aigen.at\/wp-content\/uploads\/2024\/09\/120anniversary6-529x705.jpg 529w\" sizes=\"(max-width: 768px) 100vw, 768px\" \/><a href=\"https:\/\/imker-aigen.at\/wp-content\/uploads\/2024\/09\/120anniversary6.jpg\" data-srcset=\"https:\/\/imker-aigen.at\/wp-content\/uploads\/2024\/09\/120anniversary6.jpg 768w, https:\/\/imker-aigen.at\/wp-content\/uploads\/2024\/09\/120anniversary6-225x300.jpg 225w, https:\/\/imker-aigen.at\/wp-content\/uploads\/2024\/09\/120anniversary6-529x705.jpg 529w\" data-sizes=\"(max-width: 768px) 100vw, 768px\" class='av-horizontal-gallery-link avia-svg-icon avia-font-svg_entypo-fontello' data-av_svg_icon='resize-full' data-av_iconset='svg_entypo-fontello' title='B\u00fcrgermeister-Gespr\u00e4che' alt='' aria-label='Open image in lightbox: B\u00fcrgermeister-Gespr\u00e4che'><svg version=\"1.1\" xmlns=\"http:\/\/www.w3.org\/2000\/svg\" width=\"25\" height=\"32\" viewBox=\"0 0 25 32\" preserveAspectRatio=\"xMidYMid meet\" aria-labelledby='av-svg-title-4' aria-describedby='av-svg-desc-4' role=\"graphics-symbol\" aria-hidden=\"true\">\n<title id='av-svg-title-4'>Open image in lightbox: B\u00fcrgermeister-Gespr\u00e4che<\/title>\n<desc id='av-svg-desc-4'>Open image in lightbox: B\u00fcrgermeister-Gespr\u00e4che<\/desc>\n<path d=\"M15.232 3.328h10.112v10.112l-3.2-3.968-4.672 4.864-3.2-3.2 4.864-4.672zM7.872 17.536l3.2 3.2-4.864 4.672 3.904 3.2h-10.112v-10.112l3.2 3.904z\"><\/path>\n<\/svg><\/a><\/div><div class=\"av-horizontal-gallery-wrap noHover\"><img decoding=\"async\" fetchpriority=\"high\" class='wp-image-6539 avia-img-lazy-loading-not-6539 av-horizontal-gallery-img' width=\"768\" height=\"1024\" src=\"https:\/\/imker-aigen.at\/wp-content\/uploads\/2024\/09\/120anniversary4.jpg\" title='Die jungen Musiker sorgten f\u00fcr eine nette Stimmung' alt='' srcset=\"https:\/\/imker-aigen.at\/wp-content\/uploads\/2024\/09\/120anniversary4.jpg 768w, https:\/\/imker-aigen.at\/wp-content\/uploads\/2024\/09\/120anniversary4-225x300.jpg 225w, https:\/\/imker-aigen.at\/wp-content\/uploads\/2024\/09\/120anniversary4-529x705.jpg 529w\" sizes=\"(max-width: 768px) 100vw, 768px\" \/><a href=\"https:\/\/imker-aigen.at\/wp-content\/uploads\/2024\/09\/120anniversary4.jpg\" data-srcset=\"https:\/\/imker-aigen.at\/wp-content\/uploads\/2024\/09\/120anniversary4.jpg 768w, https:\/\/imker-aigen.at\/wp-content\/uploads\/2024\/09\/120anniversary4-225x300.jpg 225w, https:\/\/imker-aigen.at\/wp-content\/uploads\/2024\/09\/120anniversary4-529x705.jpg 529w\" data-sizes=\"(max-width: 768px) 100vw, 768px\" class='av-horizontal-gallery-link avia-svg-icon avia-font-svg_entypo-fontello' data-av_svg_icon='resize-full' data-av_iconset='svg_entypo-fontello' title='Die jungen Musiker sorgten f\u00fcr eine nette Stimmung' alt='' aria-label='Open image in lightbox: Die jungen Musiker sorgten f\u00fcr eine nette Stimmung'><svg version=\"1.1\" xmlns=\"http:\/\/www.w3.org\/2000\/svg\" width=\"25\" height=\"32\" viewBox=\"0 0 25 32\" preserveAspectRatio=\"xMidYMid meet\" aria-labelledby='av-svg-title-5' aria-describedby='av-svg-desc-5' role=\"graphics-symbol\" aria-hidden=\"true\">\n<title id='av-svg-title-5'>Open image in lightbox: Die jungen Musiker sorgten f\u00fcr eine nette Stimmung<\/title>\n<desc id='av-svg-desc-5'>Open image in lightbox: Die jungen Musiker sorgten f\u00fcr eine nette Stimmung<\/desc>\n<path d=\"M15.232 3.328h10.112v10.112l-3.2-3.968-4.672 4.864-3.2-3.2 4.864-4.672zM7.872 17.536l3.2 3.2-4.864 4.672 3.904 3.2h-10.112v-10.112l3.2 3.904z\"><\/path>\n<\/svg><\/a><\/div><div class=\"av-horizontal-gallery-wrap noHover\"><img decoding=\"async\" fetchpriority=\"high\" class='wp-image-6540 avia-img-lazy-loading-not-6540 av-horizontal-gallery-img' width=\"1024\" height=\"1024\" src=\"https:\/\/imker-aigen.at\/wp-content\/uploads\/2024\/09\/120anniversary5.jpg\" title='Die vier Musikanten in Aktion' alt='' srcset=\"https:\/\/imker-aigen.at\/wp-content\/uploads\/2024\/09\/120anniversary5.jpg 1024w, https:\/\/imker-aigen.at\/wp-content\/uploads\/2024\/09\/120anniversary5-300x300.jpg 300w, https:\/\/imker-aigen.at\/wp-content\/uploads\/2024\/09\/120anniversary5-80x80.jpg 80w, https:\/\/imker-aigen.at\/wp-content\/uploads\/2024\/09\/120anniversary5-768x768.jpg 768w, https:\/\/imker-aigen.at\/wp-content\/uploads\/2024\/09\/120anniversary5-36x36.jpg 36w, https:\/\/imker-aigen.at\/wp-content\/uploads\/2024\/09\/120anniversary5-180x180.jpg 180w, https:\/\/imker-aigen.at\/wp-content\/uploads\/2024\/09\/120anniversary5-705x705.jpg 705w\" sizes=\"(max-width: 1024px) 100vw, 1024px\" \/><a href=\"https:\/\/imker-aigen.at\/wp-content\/uploads\/2024\/09\/120anniversary5.jpg\" data-srcset=\"https:\/\/imker-aigen.at\/wp-content\/uploads\/2024\/09\/120anniversary5.jpg 1024w, https:\/\/imker-aigen.at\/wp-content\/uploads\/2024\/09\/120anniversary5-300x300.jpg 300w, https:\/\/imker-aigen.at\/wp-content\/uploads\/2024\/09\/120anniversary5-80x80.jpg 80w, https:\/\/imker-aigen.at\/wp-content\/uploads\/2024\/09\/120anniversary5-768x768.jpg 768w, https:\/\/imker-aigen.at\/wp-content\/uploads\/2024\/09\/120anniversary5-36x36.jpg 36w, https:\/\/imker-aigen.at\/wp-content\/uploads\/2024\/09\/120anniversary5-180x180.jpg 180w, https:\/\/imker-aigen.at\/wp-content\/uploads\/2024\/09\/120anniversary5-705x705.jpg 705w\" data-sizes=\"(max-width: 1024px) 100vw, 1024px\" class='av-horizontal-gallery-link avia-svg-icon avia-font-svg_entypo-fontello' data-av_svg_icon='resize-full' data-av_iconset='svg_entypo-fontello' title='Die vier Musikanten in Aktion' alt='' aria-label='Open image in lightbox: Die vier Musikanten in Aktion'><svg version=\"1.1\" xmlns=\"http:\/\/www.w3.org\/2000\/svg\" width=\"25\" height=\"32\" viewBox=\"0 0 25 32\" preserveAspectRatio=\"xMidYMid meet\" aria-labelledby='av-svg-title-6' aria-describedby='av-svg-desc-6' role=\"graphics-symbol\" aria-hidden=\"true\">\n<title id='av-svg-title-6'>Open image in lightbox: Die vier Musikanten in Aktion<\/title>\n<desc id='av-svg-desc-6'>Open image in lightbox: Die vier Musikanten in Aktion<\/desc>\n<path d=\"M15.232 3.328h10.112v10.112l-3.2-3.968-4.672 4.864-3.2-3.2 4.864-4.672zM7.872 17.536l3.2 3.2-4.864 4.672 3.904 3.2h-10.112v-10.112l3.2 3.904z\"><\/path>\n<\/svg><\/a><\/div><div class=\"av-horizontal-gallery-wrap noHover\"><img decoding=\"async\" fetchpriority=\"high\" class='wp-image-6538 avia-img-lazy-loading-not-6538 av-horizontal-gallery-img' width=\"768\" height=\"1024\" src=\"https:\/\/imker-aigen.at\/wp-content\/uploads\/2024\/09\/120anniversary3.jpg\" title='Unser Marketender Paul in Aktion' alt='' srcset=\"https:\/\/imker-aigen.at\/wp-content\/uploads\/2024\/09\/120anniversary3.jpg 768w, https:\/\/imker-aigen.at\/wp-content\/uploads\/2024\/09\/120anniversary3-225x300.jpg 225w, https:\/\/imker-aigen.at\/wp-content\/uploads\/2024\/09\/120anniversary3-529x705.jpg 529w\" sizes=\"(max-width: 768px) 100vw, 768px\" \/><a href=\"https:\/\/imker-aigen.at\/wp-content\/uploads\/2024\/09\/120anniversary3.jpg\" data-srcset=\"https:\/\/imker-aigen.at\/wp-content\/uploads\/2024\/09\/120anniversary3.jpg 768w, https:\/\/imker-aigen.at\/wp-content\/uploads\/2024\/09\/120anniversary3-225x300.jpg 225w, https:\/\/imker-aigen.at\/wp-content\/uploads\/2024\/09\/120anniversary3-529x705.jpg 529w\" data-sizes=\"(max-width: 768px) 100vw, 768px\" class='av-horizontal-gallery-link avia-svg-icon avia-font-svg_entypo-fontello' data-av_svg_icon='resize-full' data-av_iconset='svg_entypo-fontello' title='Unser Marketender Paul in Aktion' alt='' aria-label='Open image in lightbox: Unser Marketender Paul in Aktion'><svg version=\"1.1\" xmlns=\"http:\/\/www.w3.org\/2000\/svg\" width=\"25\" height=\"32\" viewBox=\"0 0 25 32\" preserveAspectRatio=\"xMidYMid meet\" aria-labelledby='av-svg-title-7' aria-describedby='av-svg-desc-7' role=\"graphics-symbol\" aria-hidden=\"true\">\n<title id='av-svg-title-7'>Open image in lightbox: Unser Marketender Paul in Aktion<\/title>\n<desc id='av-svg-desc-7'>Open image in lightbox: Unser Marketender Paul in Aktion<\/desc>\n<path d=\"M15.232 3.328h10.112v10.112l-3.2-3.968-4.672 4.864-3.2-3.2 4.864-4.672zM7.872 17.536l3.2 3.2-4.864 4.672 3.904 3.2h-10.112v-10.112l3.2 3.904z\"><\/path>\n<\/svg><\/a><\/div><div class=\"av-horizontal-gallery-wrap noHover\"><img decoding=\"async\" fetchpriority=\"high\" class='wp-image-6549 avia-img-lazy-loading-not-6549 av-horizontal-gallery-img' width=\"1024\" height=\"1024\" src=\"https:\/\/imker-aigen.at\/wp-content\/uploads\/2024\/09\/120anniversary7.jpg\" title='Unsere Kinder-Kreativwerkstatt' alt='' srcset=\"https:\/\/imker-aigen.at\/wp-content\/uploads\/2024\/09\/120anniversary7.jpg 1024w, https:\/\/imker-aigen.at\/wp-content\/uploads\/2024\/09\/120anniversary7-300x300.jpg 300w, https:\/\/imker-aigen.at\/wp-content\/uploads\/2024\/09\/120anniversary7-80x80.jpg 80w, https:\/\/imker-aigen.at\/wp-content\/uploads\/2024\/09\/120anniversary7-768x768.jpg 768w, https:\/\/imker-aigen.at\/wp-content\/uploads\/2024\/09\/120anniversary7-36x36.jpg 36w, https:\/\/imker-aigen.at\/wp-content\/uploads\/2024\/09\/120anniversary7-180x180.jpg 180w, https:\/\/imker-aigen.at\/wp-content\/uploads\/2024\/09\/120anniversary7-705x705.jpg 705w\" sizes=\"(max-width: 1024px) 100vw, 1024px\" \/><a href=\"https:\/\/imker-aigen.at\/wp-content\/uploads\/2024\/09\/120anniversary7.jpg\" data-srcset=\"https:\/\/imker-aigen.at\/wp-content\/uploads\/2024\/09\/120anniversary7.jpg 1024w, https:\/\/imker-aigen.at\/wp-content\/uploads\/2024\/09\/120anniversary7-300x300.jpg 300w, https:\/\/imker-aigen.at\/wp-content\/uploads\/2024\/09\/120anniversary7-80x80.jpg 80w, https:\/\/imker-aigen.at\/wp-content\/uploads\/2024\/09\/120anniversary7-768x768.jpg 768w, https:\/\/imker-aigen.at\/wp-content\/uploads\/2024\/09\/120anniversary7-36x36.jpg 36w, https:\/\/imker-aigen.at\/wp-content\/uploads\/2024\/09\/120anniversary7-180x180.jpg 180w, https:\/\/imker-aigen.at\/wp-content\/uploads\/2024\/09\/120anniversary7-705x705.jpg 705w\" data-sizes=\"(max-width: 1024px) 100vw, 1024px\" class='av-horizontal-gallery-link avia-svg-icon avia-font-svg_entypo-fontello' data-av_svg_icon='resize-full' data-av_iconset='svg_entypo-fontello' title='Unsere Kinder-Kreativwerkstatt' alt='' aria-label='Open image in lightbox: Unsere Kinder-Kreativwerkstatt'><svg version=\"1.1\" xmlns=\"http:\/\/www.w3.org\/2000\/svg\" width=\"25\" height=\"32\" viewBox=\"0 0 25 32\" preserveAspectRatio=\"xMidYMid meet\" aria-labelledby='av-svg-title-8' aria-describedby='av-svg-desc-8' role=\"graphics-symbol\" aria-hidden=\"true\">\n<title id='av-svg-title-8'>Open image in lightbox: Unsere Kinder-Kreativwerkstatt<\/title>\n<desc id='av-svg-desc-8'>Open image in lightbox: Unsere Kinder-Kreativwerkstatt<\/desc>\n<path d=\"M15.232 3.328h10.112v10.112l-3.2-3.968-4.672 4.864-3.2-3.2 4.864-4.672zM7.872 17.536l3.2 3.2-4.864 4.672 3.904 3.2h-10.112v-10.112l3.2 3.904z\"><\/path>\n<\/svg><\/a><\/div><div class=\"av-horizontal-gallery-wrap noHover\"><img decoding=\"async\" fetchpriority=\"high\" class='wp-image-6551 avia-img-lazy-loading-not-6551 av-horizontal-gallery-img' width=\"1024\" height=\"1024\" src=\"https:\/\/imker-aigen.at\/wp-content\/uploads\/2024\/09\/120anniversary9.jpg\" title='Zu unserer 120 Jahrfeier durften wir ca. 120 G\u00e4ste begr\u00fc\u00dfen' alt='' srcset=\"https:\/\/imker-aigen.at\/wp-content\/uploads\/2024\/09\/120anniversary9.jpg 1024w, https:\/\/imker-aigen.at\/wp-content\/uploads\/2024\/09\/120anniversary9-300x300.jpg 300w, https:\/\/imker-aigen.at\/wp-content\/uploads\/2024\/09\/120anniversary9-80x80.jpg 80w, https:\/\/imker-aigen.at\/wp-content\/uploads\/2024\/09\/120anniversary9-768x768.jpg 768w, https:\/\/imker-aigen.at\/wp-content\/uploads\/2024\/09\/120anniversary9-36x36.jpg 36w, https:\/\/imker-aigen.at\/wp-content\/uploads\/2024\/09\/120anniversary9-180x180.jpg 180w, https:\/\/imker-aigen.at\/wp-content\/uploads\/2024\/09\/120anniversary9-705x705.jpg 705w\" sizes=\"(max-width: 1024px) 100vw, 1024px\" \/><a href=\"https:\/\/imker-aigen.at\/wp-content\/uploads\/2024\/09\/120anniversary9.jpg\" data-srcset=\"https:\/\/imker-aigen.at\/wp-content\/uploads\/2024\/09\/120anniversary9.jpg 1024w, https:\/\/imker-aigen.at\/wp-content\/uploads\/2024\/09\/120anniversary9-300x300.jpg 300w, https:\/\/imker-aigen.at\/wp-content\/uploads\/2024\/09\/120anniversary9-80x80.jpg 80w, https:\/\/imker-aigen.at\/wp-content\/uploads\/2024\/09\/120anniversary9-768x768.jpg 768w, https:\/\/imker-aigen.at\/wp-content\/uploads\/2024\/09\/120anniversary9-36x36.jpg 36w, https:\/\/imker-aigen.at\/wp-content\/uploads\/2024\/09\/120anniversary9-180x180.jpg 180w, https:\/\/imker-aigen.at\/wp-content\/uploads\/2024\/09\/120anniversary9-705x705.jpg 705w\" data-sizes=\"(max-width: 1024px) 100vw, 1024px\" class='av-horizontal-gallery-link avia-svg-icon avia-font-svg_entypo-fontello' data-av_svg_icon='resize-full' data-av_iconset='svg_entypo-fontello' title='Zu unserer 120 Jahrfeier durften wir ca. 120 G\u00e4ste begr\u00fc\u00dfen' alt='' aria-label='Open image in lightbox: Zu unserer 120 Jahrfeier durften wir ca. 120 G\u00e4ste begr\u00fc\u00dfen'><svg version=\"1.1\" xmlns=\"http:\/\/www.w3.org\/2000\/svg\" width=\"25\" height=\"32\" viewBox=\"0 0 25 32\" preserveAspectRatio=\"xMidYMid meet\" aria-labelledby='av-svg-title-9' aria-describedby='av-svg-desc-9' role=\"graphics-symbol\" aria-hidden=\"true\">\n<title id='av-svg-title-9'>Open image in lightbox: Zu unserer 120 Jahrfeier durften wir ca. 120 G\u00e4ste begr\u00fc\u00dfen<\/title>\n<desc id='av-svg-desc-9'>Open image in lightbox: Zu unserer 120 Jahrfeier durften wir ca. 120 G\u00e4ste begr\u00fc\u00dfen<\/desc>\n<path d=\"M15.232 3.328h10.112v10.112l-3.2-3.968-4.672 4.864-3.2-3.2 4.864-4.672zM7.872 17.536l3.2 3.2-4.864 4.672 3.904 3.2h-10.112v-10.112l3.2 3.904z\"><\/path>\n<\/svg><\/a><\/div><div class=\"av-horizontal-gallery-wrap noHover\"><img decoding=\"async\" fetchpriority=\"high\" class='wp-image-6536 avia-img-lazy-loading-not-6536 av-horizontal-gallery-img' width=\"768\" height=\"941\" src=\"https:\/\/imker-aigen.at\/wp-content\/uploads\/2024\/09\/120anniversary1.jpg\" title='In Gedenken an unsere verstorbenen Kolleginnen und Kollegen' alt='' srcset=\"https:\/\/imker-aigen.at\/wp-content\/uploads\/2024\/09\/120anniversary1.jpg 768w, https:\/\/imker-aigen.at\/wp-content\/uploads\/2024\/09\/120anniversary1-245x300.jpg 245w, https:\/\/imker-aigen.at\/wp-content\/uploads\/2024\/09\/120anniversary1-575x705.jpg 575w\" sizes=\"(max-width: 768px) 100vw, 768px\" \/><a href=\"https:\/\/imker-aigen.at\/wp-content\/uploads\/2024\/09\/120anniversary1.jpg\" data-srcset=\"https:\/\/imker-aigen.at\/wp-content\/uploads\/2024\/09\/120anniversary1.jpg 768w, https:\/\/imker-aigen.at\/wp-content\/uploads\/2024\/09\/120anniversary1-245x300.jpg 245w, https:\/\/imker-aigen.at\/wp-content\/uploads\/2024\/09\/120anniversary1-575x705.jpg 575w\" data-sizes=\"(max-width: 768px) 100vw, 768px\" class='av-horizontal-gallery-link avia-svg-icon avia-font-svg_entypo-fontello' data-av_svg_icon='resize-full' data-av_iconset='svg_entypo-fontello' title='In Gedenken an unsere verstorbenen Kolleginnen und Kollegen' alt='' aria-label='Open image in lightbox: In Gedenken an unsere verstorbenen Kolleginnen und Kollegen'><svg version=\"1.1\" xmlns=\"http:\/\/www.w3.org\/2000\/svg\" width=\"25\" height=\"32\" viewBox=\"0 0 25 32\" preserveAspectRatio=\"xMidYMid meet\" aria-labelledby='av-svg-title-10' aria-describedby='av-svg-desc-10' role=\"graphics-symbol\" aria-hidden=\"true\">\n<title id='av-svg-title-10'>Open image in lightbox: In Gedenken an unsere verstorbenen Kolleginnen und Kollegen<\/title>\n<desc id='av-svg-desc-10'>Open image in lightbox: In Gedenken an unsere verstorbenen Kolleginnen und Kollegen<\/desc>\n<path d=\"M15.232 3.328h10.112v10.112l-3.2-3.968-4.672 4.864-3.2-3.2 4.864-4.672zM7.872 17.536l3.2 3.2-4.864 4.672 3.904 3.2h-10.112v-10.112l3.2 3.904z\"><\/path>\n<\/svg><\/a><\/div><div class=\"av-horizontal-gallery-wrap noHover\"><img decoding=\"async\" fetchpriority=\"high\" class='wp-image-6550 avia-img-lazy-loading-not-6550 av-horizontal-gallery-img' width=\"1024\" height=\"1024\" src=\"https:\/\/imker-aigen.at\/wp-content\/uploads\/2024\/09\/120anniversary8.jpg\" title='Historische Imkereiger\u00e4te aus dem Heimatmuseum Elsbethen' alt='' srcset=\"https:\/\/imker-aigen.at\/wp-content\/uploads\/2024\/09\/120anniversary8.jpg 1024w, https:\/\/imker-aigen.at\/wp-content\/uploads\/2024\/09\/120anniversary8-300x300.jpg 300w, https:\/\/imker-aigen.at\/wp-content\/uploads\/2024\/09\/120anniversary8-80x80.jpg 80w, https:\/\/imker-aigen.at\/wp-content\/uploads\/2024\/09\/120anniversary8-768x768.jpg 768w, https:\/\/imker-aigen.at\/wp-content\/uploads\/2024\/09\/120anniversary8-36x36.jpg 36w, https:\/\/imker-aigen.at\/wp-content\/uploads\/2024\/09\/120anniversary8-180x180.jpg 180w, https:\/\/imker-aigen.at\/wp-content\/uploads\/2024\/09\/120anniversary8-705x705.jpg 705w\" sizes=\"(max-width: 1024px) 100vw, 1024px\" \/><a href=\"https:\/\/imker-aigen.at\/wp-content\/uploads\/2024\/09\/120anniversary8.jpg\" data-srcset=\"https:\/\/imker-aigen.at\/wp-content\/uploads\/2024\/09\/120anniversary8.jpg 1024w, https:\/\/imker-aigen.at\/wp-content\/uploads\/2024\/09\/120anniversary8-300x300.jpg 300w, https:\/\/imker-aigen.at\/wp-content\/uploads\/2024\/09\/120anniversary8-80x80.jpg 80w, https:\/\/imker-aigen.at\/wp-content\/uploads\/2024\/09\/120anniversary8-768x768.jpg 768w, https:\/\/imker-aigen.at\/wp-content\/uploads\/2024\/09\/120anniversary8-36x36.jpg 36w, https:\/\/imker-aigen.at\/wp-content\/uploads\/2024\/09\/120anniversary8-180x180.jpg 180w, https:\/\/imker-aigen.at\/wp-content\/uploads\/2024\/09\/120anniversary8-705x705.jpg 705w\" data-sizes=\"(max-width: 1024px) 100vw, 1024px\" class='av-horizontal-gallery-link avia-svg-icon avia-font-svg_entypo-fontello' data-av_svg_icon='resize-full' data-av_iconset='svg_entypo-fontello' title='Historische Imkereiger\u00e4te aus dem Heimatmuseum Elsbethen' alt='' aria-label='Open image in lightbox: Historische Imkereiger\u00e4te aus dem Heimatmuseum Elsbethen'><svg version=\"1.1\" xmlns=\"http:\/\/www.w3.org\/2000\/svg\" width=\"25\" height=\"32\" viewBox=\"0 0 25 32\" preserveAspectRatio=\"xMidYMid meet\" aria-labelledby='av-svg-title-11' aria-describedby='av-svg-desc-11' role=\"graphics-symbol\" aria-hidden=\"true\">\n<title id='av-svg-title-11'>Open image in lightbox: Historische Imkereiger\u00e4te aus dem Heimatmuseum Elsbethen<\/title>\n<desc id='av-svg-desc-11'>Open image in lightbox: Historische Imkereiger\u00e4te aus dem Heimatmuseum Elsbethen<\/desc>\n<path d=\"M15.232 3.328h10.112v10.112l-3.2-3.968-4.672 4.864-3.2-3.2 4.864-4.672zM7.872 17.536l3.2 3.2-4.864 4.672 3.904 3.2h-10.112v-10.112l3.2 3.904z\"><\/path>\n<\/svg><\/a><\/div><div class=\"av-horizontal-gallery-wrap noHover\"><img decoding=\"async\" fetchpriority=\"high\" class='wp-image-6552 avia-img-lazy-loading-not-6552 av-horizontal-gallery-img' width=\"1024\" height=\"768\" src=\"https:\/\/imker-aigen.at\/wp-content\/uploads\/2024\/09\/120anniversary10.jpg\" title='Hinweis in unserer Schaubeute' alt='' srcset=\"https:\/\/imker-aigen.at\/wp-content\/uploads\/2024\/09\/120anniversary10.jpg 1024w, https:\/\/imker-aigen.at\/wp-content\/uploads\/2024\/09\/120anniversary10-300x225.jpg 300w, https:\/\/imker-aigen.at\/wp-content\/uploads\/2024\/09\/120anniversary10-768x576.jpg 768w, https:\/\/imker-aigen.at\/wp-content\/uploads\/2024\/09\/120anniversary10-705x529.jpg 705w\" sizes=\"(max-width: 1024px) 100vw, 1024px\" \/><a href=\"https:\/\/imker-aigen.at\/wp-content\/uploads\/2024\/09\/120anniversary10.jpg\" data-srcset=\"https:\/\/imker-aigen.at\/wp-content\/uploads\/2024\/09\/120anniversary10.jpg 1024w, https:\/\/imker-aigen.at\/wp-content\/uploads\/2024\/09\/120anniversary10-300x225.jpg 300w, https:\/\/imker-aigen.at\/wp-content\/uploads\/2024\/09\/120anniversary10-768x576.jpg 768w, https:\/\/imker-aigen.at\/wp-content\/uploads\/2024\/09\/120anniversary10-705x529.jpg 705w\" data-sizes=\"(max-width: 1024px) 100vw, 1024px\" class='av-horizontal-gallery-link avia-svg-icon avia-font-svg_entypo-fontello' data-av_svg_icon='resize-full' data-av_iconset='svg_entypo-fontello' title='Hinweis in unserer Schaubeute' alt='' aria-label='Open image in lightbox: Hinweis in unserer Schaubeute'><svg version=\"1.1\" xmlns=\"http:\/\/www.w3.org\/2000\/svg\" width=\"25\" height=\"32\" viewBox=\"0 0 25 32\" preserveAspectRatio=\"xMidYMid meet\" aria-labelledby='av-svg-title-12' aria-describedby='av-svg-desc-12' role=\"graphics-symbol\" aria-hidden=\"true\">\n<title id='av-svg-title-12'>Open image in lightbox: Hinweis in unserer Schaubeute<\/title>\n<desc id='av-svg-desc-12'>Open image in lightbox: Hinweis in unserer Schaubeute<\/desc>\n<path d=\"M15.232 3.328h10.112v10.112l-3.2-3.968-4.672 4.864-3.2-3.2 4.864-4.672zM7.872 17.536l3.2 3.2-4.864 4.672 3.904 3.2h-10.112v-10.112l3.2 3.904z\"><\/path>\n<\/svg><\/a><\/div><\/div><\/div><\/div><br \/>\n\n<style type=\"text\/css\" data-created_by=\"avia_inline_auto\" id=\"style-css-av-5u785k-b360dcd4a5844a51d48d3d1d6f9d169d\">\n#top .hr.av-5u785k-b360dcd4a5844a51d48d3d1d6f9d169d{\nmargin-top:30px;\nmargin-bottom:30px;\n}\n.hr.av-5u785k-b360dcd4a5844a51d48d3d1d6f9d169d .hr-inner{\nwidth:50px;\nmax-width:45%;\n}\n<\/style>\n<div  class='hr av-5u785k-b360dcd4a5844a51d48d3d1d6f9d169d hr-custom  avia-builder-el-3  el_after_av_horizontal_gallery  el_before_av_textblock  avia-builder-el-first  hr-center hr-icon-yes'><span class='hr-inner inner-border-av-border-thin'><span class=\"hr-inner-style\"><\/span><\/span><span class='av-seperator-icon avia-iconfont avia-font-entypo-fontello' data-av_icon='\ue8bf' data-av_iconfont='entypo-fontello' ><\/span><span class='hr-inner inner-border-av-border-thin'><span class=\"hr-inner-style\"><\/span><\/span><\/div><br \/>\n<section  class='av_textblock_section av-m14qm9x6-a19c6328edd56beedb75cc3f7955fa84 '   itemscope=\"itemscope\" itemtype=\"https:\/\/schema.org\/BlogPosting\" itemprop=\"blogPost\" ><div class='avia_textblock'  itemprop=\"text\" ><p><span style=\"color: #999999;\">Autoren: Elisabeth Karl, Bernd Meierhofer<\/span><\/p>\n<h3>Begr\u00fc\u00dfung der G\u00e4ste<\/h3>\n<p>Am 14. September 2024 feierte der Imkerverein Salzburg Aigen sein 120-j\u00e4hriges Bestehen im Gasthaus Ramsau. Trotz des regnerischen Wetters &#8211; die meisten Veranstaltungen wurden wegen Unwetter-Warnungen abgesagt, \u00d6sterreich, insbesondere Nieder\u00f6sterreich droht ein 100-j\u00e4hrliches Hochwasser, 200 und mehr Liter Regen pro Quadratmeter, Schnee bis auf 1000 Meter, 50-100 Zentimeter Schnee auf 1500 Meter &#8211; \u00a0und zahlreicher krankheitsbedingter Absagen, fanden sich dennoch etwa 120 G\u00e4ste ein, darunter der B\u00fcrgermeister der Stadt Salzburg, Bernhard Auinger, der B\u00fcrgermeister von Elsbethen, Matthias Herbst und Frau Eichberger vom <a href=\"https:\/\/naturschutzbund.at\/salzburg.html\">Salzburger Naturschutzbund<\/a> (der enge Terminkalender von Pfarrer Roland Kerschbaum lies doch keinen Besuch unseres Festes zu, Frau Vizeb\u00fcrgermeisterin Maria Steindl musste leider krankheitsbedingt absagen, Herr Herbst, Herr Augustin und Herr Neumayer vom Naturschutzbund waren leider ebenfalls verhindert). Auch viele Imkerinnen und Imker aus den umliegenden Imkerortsgruppen und deren Freunde nahmen an den Feierlichkeiten teil, um dieses besondere Jubil\u00e4um zu w\u00fcrdigen.<\/p>\n<p>In seiner Begr\u00fc\u00dfungsrede dankte der Obmann des Imkervereins Salzburg Aigen, Bernd Meierhofer, dem B\u00fcrgermeister der Stadt Salzburg f\u00fcr sein Kommen und die diesj\u00e4hrige Geldspende, die den Ankauf von Mikroskopen f\u00fcr die Jugendarbeit erm\u00f6glichte. Zudem w\u00fcrdigte er die Zuchterfolge der <a href=\"https:\/\/carnica-zuchtgruppe-salzburg.at\/\">Carnica Zuchtgruppe Salzburg<\/a>. In diesem Jahr wurden auf den Belegstellen LS1 und LS5 insgesamt 2.600 K\u00f6niginnen aufgefahrent, von denen etwa 2.000 erfolgreich begattet wurden. Dieser Erfolg zeigt, dass die Salzburger Imkerschaft den Wert der Zucht regional angepasster Bienen erkannt hat.<\/p>\n<p>Der B\u00fcrgermeister von Salzburg, Bernhard Auinger, richtete Gru\u00dfworte an die Besucher. Er betonte die immense Bedeutung der Bienen als &#8222;Boten&#8220; f\u00fcr den Natur- und Umweltschutz und lobte den Zusammenhalt der Imkervereine. Da Bienen keine Ortsgrenzen kennen, hob er hervor, dass der Erfolg der Imkerei nur durch Zusammenarbeit \u00fcber lokale Grenzen hinweg gesichert werden kann. Der B\u00fcrgermeister unterstrich damit, wie wichtig der Zusammenhalt und die Kooperation der Imkerschaft f\u00fcr den Erhalt der Bienen und damit auch f\u00fcr die Umwelt sind.<\/p>\n<p>Nahtlos an diese Worte kn\u00fcpfte der Landesobmann der Salzburger Imker, Andreas Brieger, in seiner Begr\u00fc\u00dfungsrede an. Auch er hob die gute Zusammenarbeit innerhalb der Imkerschaft hervor und betonte die zentrale Rolle der Imkervereine f\u00fcr den Erfolg der Imkerei. Besonders w\u00fcrdigte er die gemeinn\u00fctzigen Stunden, die die Mitglieder der Vereine freiwillig und unerm\u00fcdlich leisten, sei es in der Jugendarbeit, der Zucht oder der Beratung von Jungimkern. Diese Eins\u00e4tze der Vereine, so der Landesobmann, tragen zur St\u00e4rkung der gesamten Gemeinschaft bei.<\/p>\n<p>Nach diesen Ansprachen konnten sich die G\u00e4ste beim Mittagessen st\u00e4rken und miteinander ins Gespr\u00e4ch kommen<\/p>\n<p>Musikalisch umrahmt wurde das Fest von vier jungen, sympathischen Musikanten, die mit Posaune, zwei diatonischen Harmonikas und Gitarre flotte Polkas aufspielten.<\/p>\n<p>F\u00fcr die verstorbenen Imkerkolleginnen und -kollegen wurde die Vereinskerze entz\u00fcndet. Sie brannte neben einer Gedenktafel mit den Partezetteln der Verstorbenen. &#8222;Ein Mensch ist erst dann wirklich tot, wenn niemand mehr an ihn denkt&#8220; (Bertolt Brecht). In diesem Sinne w\u00fcrden wir uns w\u00fcnschen, dass die Angeh\u00f6rigen wieder vermehrt die Partezetteln an uns schicken. Eine Gepflogenheit, die leider immer mehr in Vergessenheit ger\u00e4t.<\/p>\n<h3>Vergangenheit und Zukunft des Vereins<\/h3>\n<p>Nach dem Mittagessen erl\u00e4uterte der Obmann des Imkervereins Salzburg Aigen, Bernd Meierhofer, die Entwicklung des Vereins \u00fcber die vergangenen 120 Jahre, sowie die Visionen f\u00fcr die Zukunft.<\/p>\n<p>In Vorbereitung auf das 120-j\u00e4hrige Jubil\u00e4um wurden die Chroniken des Vereins durchleuchtet. Der Obmann nahm in seiner Rede Bezug auf die daraus gewonnenen Erkenntnisse. Er betonte, dass es wichtig sei, einerseits aus den Fehlern der Vergangenheit zu lernen, andererseits aber auch die positiven Ereignisse zu w\u00fcrdigen, um die Zukunft des Vereins weiterhin erfolgreich zu gestalten. Diese historische Reflexion zeigte klar, dass wir uns im Verein den diversen Problemen viel aktiver stellen m\u00fcssen als wir es in der Vergangenheit gemacht haben.<\/p>\n<p>1985 ist die Varroa-Milbe gekommen, um zu bleiben und wird seither mit unterschiedlichen Behandlungsmethoden bek\u00e4mpft. Gestartet ist dazu das Projekt &#8222;Varroaresistenz 2033&#8220;, welches \u00fcber die Zucht einer varroaresistenten Biene eine behandlungsfreie Imkerei bis 2033 erreichen will, was man vor allem vom zeitlichen Ablauf und von der Zielsetzung (die Chroniken des Vereins zeigen, dass es vor der Varroa auch schon diverse Bienenkrankheiten und Parasiten gab, mit denen die Imker zu k\u00e4mpfen hatten) her sehr kritisch sehen kann. Vielleicht wird die Varroamilbe aber 2033 gar nicht mehr unser gr\u00f6\u00dftes Problem sein, weil mit der Vespa Velutina (asiatische Hornisse) eine weitere Bedrohung der Bienenv\u00f6lker in Europa angekommen ist. Gespr\u00e4che mit der Vizepr\u00e4sidentin des \u00f6sterreichischen Erwerbsimkerbunds, Frau Ingrid Schmaranzer, deuten darauf hin, dass die Bek\u00e4mpfung der als invasive Art eingestuften Vespa Velutina in Zukunft ein Problem &#8211; nicht nur f\u00fcr die Imkerschaft &#8211; werden k\u00f6nnte. Zus\u00e4tzlich wird uns auch der Klimawandel und seine Folgen vor weitere Herausforderungen stellen. Die Auswertung der Chroniken zeigte auch, dass es in Zukunft wichtig sein wird, genaue und umfangreiche Daten zu erfassen, um daraus Schl\u00fcsse ziehen zu k\u00f6nnen, wie wir als Imker unsere V\u00f6lker gesund und fit halten k\u00f6nnen.<\/p>\n<h3>Neues Fundament<\/h3>\n<p>Besonders hervorzuheben ist, dass die letzten beiden Jahre intensiv genutzt wurden, um den Verein auf neue Beine zu stellen. Dies umfasste eine umfassende Neuausrichtung der Vereinsstruktur (erster eigenst\u00e4ndiger Imkerverein in Salzburg) sowie die Modernisierung und Optimierung der Arbeitsprozesse. (neues Vereinskonto mit E-Banking Zugang, eigene Homepage, eigener Social Media Auftritt, intensive Vernetzung der Vereinsmitglieder und der \u00fcbrigen Imkervereine und Ortsgruppen) Diese Bem\u00fchungen haben den Verein gest\u00e4rkt und sollen ihn fit f\u00fcr die Herausforderungen und Projekte der kommenden Jahre machen. Besonders erfreulich ist, dass sich der Verein in den letzten Jahren auch seiner sozialen Verantwortung bewusster geworden ist (Spenden an diverse Hilfsorganisationen).<\/p>\n<h3>Geplante Projekte<\/h3>\n<p>Der Obmann informierte die G\u00e4ste auch \u00fcber die geplanten neuen Projekte des Vereins. Dazu geh\u00f6ren das aktive Arbeiten an der <strong>Bienengesundheit<\/strong>, um den Bienenbestand langfristig zu sichern und zu verbessern. Hierf\u00fcr brauchen wir regional angepasste Bienen, welche auch eine ausreichende und abwechslungsreiche Nahrung (artenreiche Wiesen) finden. Dazu w\u00fcnschen wir uns eine engere Zusammenarbeit mit anderen Imkern, Landwirten, Naturschutzorganisationen und der Politik. Wir werden auch neue Konzepte brauchen um unsere Imkerei an das Klima anzupassen (schattige Bienenstandorte, neue Trachtquellen, Reaktion auf Wetterextreme, &#8230;).<br \/>\nEin weiterer Schwerpunkt liegt im <strong>Ausbau der Jugendarbeit<\/strong>, um junge Menschen f\u00fcr die Imkerei und Natur zu begeistern. Zudem soll die <strong>Vereinsh\u00fctte am Egelsee<\/strong> (ein ca. 50ha gro\u00dfes Moorgebiet in der Talsenke zwischen Schwarzenberg und M\u00fchlstein) zuk\u00fcnftig auch als Vereinsh\u00fctte genutzt werden (Bienen, Beuten und Zubeh\u00f6r vom Verein). Schlie\u00dflich ist die <strong>Bildung eines neuen Vorstands bis 2026<\/strong> vorgesehen, um frische Ideen und Perspektiven in die Vereinsarbeit einzubringen und eine nachhaltige Weiterentwicklung sicherzustellen. Damit gab der Obmann einen umfassenden \u00dcberblick \u00fcber die Arbeit und Visionen des Vereins und rundete damit die Feierlichkeiten ab.<\/p>\n<p>Da die Vespa Velutina ein aktuelles Thema ist, nutzte der Landesobmann, Andreas Brieger, die Gelegenheit, \u00fcber seinen aktuellen Wissensstand zu informieren. Zus\u00e4tzlich berichtete er \u00fcber die gerade laufenden und geplanten Ver\u00e4nderungen im Landesverband.<\/p>\n<h3>Kommende Termine<\/h3>\n<p>Da nach dem Fest bekanntlich vor dem n\u00e4chsten Fest ist, informierte Bernd Meierhofer auch gleich \u00fcber die n\u00e4chsten Termine<\/p>\n<ul>\n<li><a href=\"https:\/\/imker-aigen.at\/index.php\/event\/100-jahre-imkerortsgruppe-ebenau\/\">21.9 100 Jahre Imkerverein Ebenau<\/a><\/li>\n<li><a href=\"https:\/\/imker-aigen.at\/index.php\/event\/30-salzburger-biofest\/\">5-6.10 30 Salzburger Biofest<\/a><\/li>\n<li><a href=\"https:\/\/imker-aigen.at\/index.php\/event\/28-elsbethener-oktoberfest\/\">6.10 28. Elsbethener Oktoberfest im Museum zum Pulvermacher<\/a><\/li>\n<li><a href=\"https:\/\/imker-aigen.at\/index.php\/event\/adventmarkt-2024-in-elsbethen\/\">30.11 und 7.12 Elsbethener Adventmarkt<\/a><\/li>\n<\/ul>\n<h3>Danksagung<\/h3>\n<p>Zum Abschluss des offiziellen Teils bedankte sich der Obmann noch bei f\u00fcnf besonders engagierten Frauen des Vereins &#8211; bei der Schriftf\u00fchrerin Adelheid Speyer, bei der Schriftf\u00fchrerin-Stellvertreterin Elisabeth Karl, bei der Kassiererin Karin Eisner, bei Evelin Einer (tatkr\u00e4ftige Unterst\u00fctzung bei der Vereinsarbeit (Ukraine-Hilfe und Adventmarkt)) und bei Michaela Radauer (Wirtin vom Gasthaus Ramsau und langj\u00e4hriges Vereinsmitglied).<br \/>\nMit einem Blumenstrau\u00df (hergestellt von Brigitte D\u00f6rner (<a href=\"https:\/\/wild-gewachsen.at\/\">wild-gewachsen.at<\/a>)) w\u00fcrdigte er ihre au\u00dfergew\u00f6hnlichen Beitr\u00e4ge und ihr unerm\u00fcdliches Engagement f\u00fcr den Verein. Besonders erfreulich ist auch, dass Michaela Radauer von unserem Alt-Obmann Franz Ziller drei Bienenst\u00f6cke f\u00fcr die kommende Bienensaison bekommen wird und damit auch wieder aktive Imkerin im Verein sein wird.<\/p>\n<p>Die im Nebengeb\u00e4ude des Gasthauses ausgestellten Imkereiexponate des Heimatmuseums Elsbethen, die Schaubeuten des Salzburger Imkerhofes und die Heubiene des Faistenauer Imkervereins wurden trotz des schlechten Wetters von einigen G\u00e4sten besichtigt. Wir bedanken uns sehr herzlich f\u00fcr diese Leihgaben! Vergelt&#8217;s Gott!<\/p>\n<p>Das Fest bot den Imkerinnen und Imkern aus der Umgebung eine willkommene Gelegenheit zum Austausch, zur Pflege der Gemeinschaft und zur Diskussion \u00fcber die Zukunft der Imkerei. In gem\u00fctlicher Runde wurde das langj\u00e4hrige Bestehen des Vereins geb\u00fchrend gefeiert und man blickt gemeinsam hoffnungsvoll auf die kommenden Jahre.<\/p>\n<p><strong>Nochmals herzlichen Dank an alle G\u00e4ste f\u00fcr ihr Kommen und an alle helfenden H\u00e4nde, die zum Gelingen dieses Festes beigetragen haben. Ein herzliches &#8222;Vergelt&#8217;s Gott!&#8220; auch an alle G\u00e4ste, die den einen oder anderen Euro in unsere beiden Spendenboxen geworfen haben. Das Geld kommt unseren Bienen zugute.<\/strong><\/p>\n<h3>Nachsatz<\/h3>\n<p><strong>Wohl noch nie hat ein Imkerfest bei so schlechtem Wetter stattgefunden. Unsere Gedanken sind bei den Betroffenen der Unwetter und \u00dcberschwemmungen, insbesondere im Osten \u00d6sterreichs, in Tschechien, in Rum\u00e4nien und in Polen.<\/strong> Der Imkerverein Salzburg Aigen hat sich daher rasch f\u00fcr eine Geldspende an die Hilfsaktion &#8222;<a href=\"https:\/\/helfen.orf.at\/index.html\">\u00d6sterreich hilft \u00d6sterreich<\/a>&#8220; entschieden. Wir hoffen, dass wir damit auch andere Imkervereine und Imker-Organisationen (Zuchtgruppen, Landesorganisationen etc.) bzw.\u00a0 Imker-Einzelpersonen und Freunde zu einer Geldspende an diese oder \u00e4hnliche Hilfsaktionen motivieren k\u00f6nnen.<\/p>\n<\/div><\/section><br \/>\n<div  class='av-social-sharing-box av-3umpiw-f8d9af9417472714d7817663563df6b2 av-social-sharing-box-default  avia-builder-el-5  el_after_av_textblock  el_before_av_comments_list  av-social-sharing-box-fullwidth'><div class=\"av-share-box\"><h5 class='av-share-link-description av-no-toc '>Eintrag teilen<\/h5><ul class=\"av-share-box-list noLightbox\"><li class='av-share-link av-social-link-facebook avia_social_iconfont' ><a target=\"_blank\" aria-label=\"Teilen auf Facebook\" href='https:\/\/www.facebook.com\/sharer.php?u=https:\/\/imker-aigen.at\/index.php\/2024\/09\/14\/bericht-ueber-unsere-120-jahrfeier-am-14-9-2024\/&#038;t=Bericht%20%C3%BCber%20unsere%20120-Jahrfeier%20am%2014.9.2024' data-av_icon='\ue8f3' data-av_iconfont='entypo-fontello'  title='' data-avia-related-tooltip='Teilen auf Facebook'><span class='avia_hidden_link_text'>Teilen auf Facebook<\/span><\/a><\/li><li class='av-share-link av-social-link-twitter avia_social_iconfont' ><a target=\"_blank\" aria-label=\"Teilen auf X\" href='https:\/\/twitter.com\/share?text=Bericht%20%C3%BCber%20unsere%20120-Jahrfeier%20am%2014.9.2024&#038;url=https:\/\/imker-aigen.at\/?p=6520' data-av_icon='\ue932' data-av_iconfont='entypo-fontello'  title='' data-avia-related-tooltip='Teilen auf X'><span class='avia_hidden_link_text'>Teilen auf X<\/span><\/a><\/li><li class='av-share-link av-social-link-whatsapp avia_social_iconfont' ><a target=\"_blank\" aria-label=\"Teilen auf WhatsApp\" href='https:\/\/api.whatsapp.com\/send?text=https:\/\/imker-aigen.at\/index.php\/2024\/09\/14\/bericht-ueber-unsere-120-jahrfeier-am-14-9-2024\/' data-av_icon='\uf232' data-av_iconfont='entypo-fontello'  title='' data-avia-related-tooltip='Teilen auf WhatsApp'><span class='avia_hidden_link_text'>Teilen auf WhatsApp<\/span><\/a><\/li><li class='av-share-link av-social-link-pinterest avia_social_iconfont' ><a target=\"_blank\" aria-label=\"Teilen auf Pinterest\" href='https:\/\/pinterest.com\/pin\/create\/button\/?url=https%3A%2F%2Fimker-aigen.at%2Findex.php%2F2024%2F09%2F14%2Fbericht-ueber-unsere-120-jahrfeier-am-14-9-2024%2F&#038;description=Bericht%20%C3%BCber%20unsere%20120-Jahrfeier%20am%2014.9.2024&#038;media=https%3A%2F%2Fimker-aigen.at%2Fwp-content%2Fuploads%2F2024%2F06%2F120anniversary_400_400.jpg' data-av_icon='\ue8f8' data-av_iconfont='entypo-fontello'  title='' data-avia-related-tooltip='Teilen auf Pinterest'><span class='avia_hidden_link_text'>Teilen auf Pinterest<\/span><\/a><\/li><li class='av-share-link av-social-link-linkedin avia_social_iconfont' ><a target=\"_blank\" aria-label=\"Teilen auf LinkedIn\" href='https:\/\/linkedin.com\/shareArticle?mini=true&#038;title=Bericht%20%C3%BCber%20unsere%20120-Jahrfeier%20am%2014.9.2024&#038;url=https:\/\/imker-aigen.at\/index.php\/2024\/09\/14\/bericht-ueber-unsere-120-jahrfeier-am-14-9-2024\/' data-av_icon='\ue8fc' data-av_iconfont='entypo-fontello'  title='' data-avia-related-tooltip='Teilen auf LinkedIn'><span class='avia_hidden_link_text'>Teilen auf LinkedIn<\/span><\/a><\/li><li class='av-share-link av-social-link-reddit avia_social_iconfont' ><a target=\"_blank\" aria-label=\"Teilen auf Reddit\" href='https:\/\/reddit.com\/submit?url=https:\/\/imker-aigen.at\/index.php\/2024\/09\/14\/bericht-ueber-unsere-120-jahrfeier-am-14-9-2024\/&#038;title=Bericht%20%C3%BCber%20unsere%20120-Jahrfeier%20am%2014.9.2024' data-av_icon='\ue927' data-av_iconfont='entypo-fontello'  title='' data-avia-related-tooltip='Teilen auf Reddit'><span class='avia_hidden_link_text'>Teilen auf Reddit<\/span><\/a><\/li><li class='av-share-link av-social-link-mail avia_social_iconfont' ><a  aria-label=\"Per E-Mail teilen\" href='mailto:?subject=Bericht%20%C3%BCber%20unsere%20120-Jahrfeier%20am%2014.9.2024&#038;body=https:\/\/imker-aigen.at\/index.php\/2024\/09\/14\/bericht-ueber-unsere-120-jahrfeier-am-14-9-2024\/' data-av_icon='\ue805' data-av_iconfont='entypo-fontello'  title='' data-avia-related-tooltip='Per E-Mail teilen'><span class='avia_hidden_link_text'>Per E-Mail teilen<\/span><\/a><\/li><\/ul><\/div><\/div><br \/>\n<div  class='av-buildercomment av-1vheqg-1638f87eac5a0327ba10e63591d8d648'><\/div><\/p><\/div>\n","protected":false},"excerpt":{"rendered":"","protected":false},"author":1,"featured_media":6128,"comment_status":"open","ping_status":"closed","sticky":false,"template":"","format":"standard","meta":{"footnotes":""},"categories":[18,2],"tags":[],"class_list":["post-6520","post","type-post","status-publish","format-standard","has-post-thumbnail","hentry","category-alte-veranstaltungen","category-news"],"yoast_head":"<!-- This site is optimized with the Yoast SEO plugin v27.5 - https:\/\/yoast.com\/product\/yoast-seo-wordpress\/ -->\n<title>Bericht \u00fcber unsere 120-Jahrfeier am 14.9.2024 - Imker Ortsgruppe Salzburg Aigen<\/title>\n<meta name=\"description\" content=\"So war die 120-Jahrfeier des Imkervereins Salzburg Aigen.\" \/>\n<meta name=\"robots\" content=\"index, follow, max-snippet:-1, max-image-preview:large, max-video-preview:-1\" \/>\n<link rel=\"canonical\" href=\"https:\/\/imker-aigen.at\/index.php\/2024\/09\/14\/bericht-ueber-unsere-120-jahrfeier-am-14-9-2024\/\" \/>\n<meta property=\"og:locale\" content=\"de_DE\" \/>\n<meta property=\"og:type\" content=\"article\" \/>\n<meta property=\"og:title\" content=\"Bericht \u00fcber unsere 120-Jahrfeier am 14.9.2024 - Imker Ortsgruppe Salzburg Aigen\" \/>\n<meta property=\"og:description\" content=\"So war die 120-Jahrfeier des Imkervereins Salzburg Aigen.\" \/>\n<meta property=\"og:url\" content=\"https:\/\/imker-aigen.at\/index.php\/2024\/09\/14\/bericht-ueber-unsere-120-jahrfeier-am-14-9-2024\/\" \/>\n<meta property=\"og:site_name\" content=\"Imker Ortsgruppe Salzburg Aigen\" \/>\n<meta property=\"article:published_time\" content=\"2024-09-14T08:13:03+00:00\" \/>\n<meta property=\"article:modified_time\" content=\"2024-09-23T12:20:26+00:00\" \/>\n<meta property=\"og:image\" content=\"https:\/\/imker-aigen.at\/wp-content\/uploads\/2024\/06\/120anniversary_400_400.jpg\" \/>\n\t<meta property=\"og:image:width\" content=\"400\" \/>\n\t<meta property=\"og:image:height\" content=\"400\" \/>\n\t<meta property=\"og:image:type\" content=\"image\/jpeg\" \/>\n<meta name=\"author\" content=\"admin\" \/>\n<meta name=\"twitter:card\" content=\"summary_large_image\" \/>\n<meta name=\"twitter:label1\" content=\"Verfasst von\" \/>\n\t<meta name=\"twitter:data1\" content=\"admin\" \/>\n\t<meta name=\"twitter:label2\" content=\"Gesch\u00e4tzte Lesezeit\" \/>\n\t<meta name=\"twitter:data2\" content=\"12\u00a0Minuten\" \/>\n<script type=\"application\/ld+json\" class=\"yoast-schema-graph\">{\"@context\":\"https:\\\/\\\/schema.org\",\"@graph\":[{\"@type\":\"Article\",\"@id\":\"https:\\\/\\\/imker-aigen.at\\\/index.php\\\/2024\\\/09\\\/14\\\/bericht-ueber-unsere-120-jahrfeier-am-14-9-2024\\\/#article\",\"isPartOf\":{\"@id\":\"https:\\\/\\\/imker-aigen.at\\\/index.php\\\/2024\\\/09\\\/14\\\/bericht-ueber-unsere-120-jahrfeier-am-14-9-2024\\\/\"},\"author\":{\"name\":\"admin\",\"@id\":\"https:\\\/\\\/imker-aigen.at\\\/#\\\/schema\\\/person\\\/d7d0c3a8ef6f051d450781218ac83077\"},\"headline\":\"Bericht \u00fcber unsere 120-Jahrfeier am 14.9.2024\",\"datePublished\":\"2024-09-14T08:13:03+00:00\",\"dateModified\":\"2024-09-23T12:20:26+00:00\",\"mainEntityOfPage\":{\"@id\":\"https:\\\/\\\/imker-aigen.at\\\/index.php\\\/2024\\\/09\\\/14\\\/bericht-ueber-unsere-120-jahrfeier-am-14-9-2024\\\/\"},\"wordCount\":2403,\"commentCount\":0,\"publisher\":{\"@id\":\"https:\\\/\\\/imker-aigen.at\\\/#organization\"},\"image\":{\"@id\":\"https:\\\/\\\/imker-aigen.at\\\/index.php\\\/2024\\\/09\\\/14\\\/bericht-ueber-unsere-120-jahrfeier-am-14-9-2024\\\/#primaryimage\"},\"thumbnailUrl\":\"https:\\\/\\\/imker-aigen.at\\\/wp-content\\\/uploads\\\/2024\\\/06\\\/120anniversary_400_400.jpg\",\"articleSection\":[\"Alte Veranstaltungen\",\"News\"],\"inLanguage\":\"de\",\"potentialAction\":[{\"@type\":\"CommentAction\",\"name\":\"Comment\",\"target\":[\"https:\\\/\\\/imker-aigen.at\\\/index.php\\\/2024\\\/09\\\/14\\\/bericht-ueber-unsere-120-jahrfeier-am-14-9-2024\\\/#respond\"]}]},{\"@type\":\"WebPage\",\"@id\":\"https:\\\/\\\/imker-aigen.at\\\/index.php\\\/2024\\\/09\\\/14\\\/bericht-ueber-unsere-120-jahrfeier-am-14-9-2024\\\/\",\"url\":\"https:\\\/\\\/imker-aigen.at\\\/index.php\\\/2024\\\/09\\\/14\\\/bericht-ueber-unsere-120-jahrfeier-am-14-9-2024\\\/\",\"name\":\"Bericht \u00fcber unsere 120-Jahrfeier am 14.9.2024 - Imker Ortsgruppe Salzburg Aigen\",\"isPartOf\":{\"@id\":\"https:\\\/\\\/imker-aigen.at\\\/#website\"},\"primaryImageOfPage\":{\"@id\":\"https:\\\/\\\/imker-aigen.at\\\/index.php\\\/2024\\\/09\\\/14\\\/bericht-ueber-unsere-120-jahrfeier-am-14-9-2024\\\/#primaryimage\"},\"image\":{\"@id\":\"https:\\\/\\\/imker-aigen.at\\\/index.php\\\/2024\\\/09\\\/14\\\/bericht-ueber-unsere-120-jahrfeier-am-14-9-2024\\\/#primaryimage\"},\"thumbnailUrl\":\"https:\\\/\\\/imker-aigen.at\\\/wp-content\\\/uploads\\\/2024\\\/06\\\/120anniversary_400_400.jpg\",\"datePublished\":\"2024-09-14T08:13:03+00:00\",\"dateModified\":\"2024-09-23T12:20:26+00:00\",\"description\":\"So war die 120-Jahrfeier des Imkervereins Salzburg Aigen.\",\"breadcrumb\":{\"@id\":\"https:\\\/\\\/imker-aigen.at\\\/index.php\\\/2024\\\/09\\\/14\\\/bericht-ueber-unsere-120-jahrfeier-am-14-9-2024\\\/#breadcrumb\"},\"inLanguage\":\"de\",\"potentialAction\":[{\"@type\":\"ReadAction\",\"target\":[\"https:\\\/\\\/imker-aigen.at\\\/index.php\\\/2024\\\/09\\\/14\\\/bericht-ueber-unsere-120-jahrfeier-am-14-9-2024\\\/\"]}]},{\"@type\":\"ImageObject\",\"inLanguage\":\"de\",\"@id\":\"https:\\\/\\\/imker-aigen.at\\\/index.php\\\/2024\\\/09\\\/14\\\/bericht-ueber-unsere-120-jahrfeier-am-14-9-2024\\\/#primaryimage\",\"url\":\"https:\\\/\\\/imker-aigen.at\\\/wp-content\\\/uploads\\\/2024\\\/06\\\/120anniversary_400_400.jpg\",\"contentUrl\":\"https:\\\/\\\/imker-aigen.at\\\/wp-content\\\/uploads\\\/2024\\\/06\\\/120anniversary_400_400.jpg\",\"width\":400,\"height\":400},{\"@type\":\"BreadcrumbList\",\"@id\":\"https:\\\/\\\/imker-aigen.at\\\/index.php\\\/2024\\\/09\\\/14\\\/bericht-ueber-unsere-120-jahrfeier-am-14-9-2024\\\/#breadcrumb\",\"itemListElement\":[{\"@type\":\"ListItem\",\"position\":1,\"name\":\"Startseite\",\"item\":\"https:\\\/\\\/imker-aigen.at\\\/index.php\\\/home\\\/\"},{\"@type\":\"ListItem\",\"position\":2,\"name\":\"Bericht \u00fcber unsere 120-Jahrfeier am 14.9.2024\"}]},{\"@type\":\"WebSite\",\"@id\":\"https:\\\/\\\/imker-aigen.at\\\/#website\",\"url\":\"https:\\\/\\\/imker-aigen.at\\\/\",\"name\":\"Imker Ortsgruppe Salzburg Aigen\",\"description\":\"Homepage der Imker-Ortsgruppe Salzburg Aigen\",\"publisher\":{\"@id\":\"https:\\\/\\\/imker-aigen.at\\\/#organization\"},\"potentialAction\":[{\"@type\":\"SearchAction\",\"target\":{\"@type\":\"EntryPoint\",\"urlTemplate\":\"https:\\\/\\\/imker-aigen.at\\\/?s={search_term_string}\"},\"query-input\":{\"@type\":\"PropertyValueSpecification\",\"valueRequired\":true,\"valueName\":\"search_term_string\"}}],\"inLanguage\":\"de\"},{\"@type\":\"Organization\",\"@id\":\"https:\\\/\\\/imker-aigen.at\\\/#organization\",\"name\":\"Imker Ortsgruppe Salzburg Aigen\",\"url\":\"https:\\\/\\\/imker-aigen.at\\\/\",\"logo\":{\"@type\":\"ImageObject\",\"inLanguage\":\"de\",\"@id\":\"https:\\\/\\\/imker-aigen.at\\\/#\\\/schema\\\/logo\\\/image\\\/\",\"url\":\"https:\\\/\\\/imker-aigen.at\\\/wp-content\\\/uploads\\\/2022\\\/08\\\/logo-1.png\",\"contentUrl\":\"https:\\\/\\\/imker-aigen.at\\\/wp-content\\\/uploads\\\/2022\\\/08\\\/logo-1.png\",\"width\":392,\"height\":156,\"caption\":\"Imker Ortsgruppe Salzburg Aigen\"},\"image\":{\"@id\":\"https:\\\/\\\/imker-aigen.at\\\/#\\\/schema\\\/logo\\\/image\\\/\"}},{\"@type\":\"Person\",\"@id\":\"https:\\\/\\\/imker-aigen.at\\\/#\\\/schema\\\/person\\\/d7d0c3a8ef6f051d450781218ac83077\",\"name\":\"admin\",\"image\":{\"@type\":\"ImageObject\",\"inLanguage\":\"de\",\"@id\":\"https:\\\/\\\/secure.gravatar.com\\\/avatar\\\/925a7e918efd3cfdae29be9c0018a3ae3275cd0444a6e166241172bb6e5243c7?s=96&d=mm&r=g\",\"url\":\"https:\\\/\\\/secure.gravatar.com\\\/avatar\\\/925a7e918efd3cfdae29be9c0018a3ae3275cd0444a6e166241172bb6e5243c7?s=96&d=mm&r=g\",\"contentUrl\":\"https:\\\/\\\/secure.gravatar.com\\\/avatar\\\/925a7e918efd3cfdae29be9c0018a3ae3275cd0444a6e166241172bb6e5243c7?s=96&d=mm&r=g\",\"caption\":\"admin\"},\"sameAs\":[\"https:\\\/\\\/imker-aigen.at\",\"linkedin.com\\\/in\\\/bernd-meierhofer-5919b62\"],\"url\":\"https:\\\/\\\/imker-aigen.at\\\/index.php\\\/author\\\/bmeierhofer\\\/\"}]}<\/script>\n<!-- \/ Yoast SEO plugin. -->","yoast_head_json":{"title":"Bericht \u00fcber unsere 120-Jahrfeier am 14.9.2024 - Imker Ortsgruppe Salzburg Aigen","description":"So war die 120-Jahrfeier des Imkervereins Salzburg Aigen.","robots":{"index":"index","follow":"follow","max-snippet":"max-snippet:-1","max-image-preview":"max-image-preview:large","max-video-preview":"max-video-preview:-1"},"canonical":"https:\/\/imker-aigen.at\/index.php\/2024\/09\/14\/bericht-ueber-unsere-120-jahrfeier-am-14-9-2024\/","og_locale":"de_DE","og_type":"article","og_title":"Bericht \u00fcber unsere 120-Jahrfeier am 14.9.2024 - Imker Ortsgruppe Salzburg Aigen","og_description":"So war die 120-Jahrfeier des Imkervereins Salzburg Aigen.","og_url":"https:\/\/imker-aigen.at\/index.php\/2024\/09\/14\/bericht-ueber-unsere-120-jahrfeier-am-14-9-2024\/","og_site_name":"Imker Ortsgruppe Salzburg Aigen","article_published_time":"2024-09-14T08:13:03+00:00","article_modified_time":"2024-09-23T12:20:26+00:00","og_image":[{"width":400,"height":400,"url":"https:\/\/imker-aigen.at\/wp-content\/uploads\/2024\/06\/120anniversary_400_400.jpg","type":"image\/jpeg"}],"author":"admin","twitter_card":"summary_large_image","twitter_misc":{"Verfasst von":"admin","Gesch\u00e4tzte Lesezeit":"12\u00a0Minuten"},"schema":{"@context":"https:\/\/schema.org","@graph":[{"@type":"Article","@id":"https:\/\/imker-aigen.at\/index.php\/2024\/09\/14\/bericht-ueber-unsere-120-jahrfeier-am-14-9-2024\/#article","isPartOf":{"@id":"https:\/\/imker-aigen.at\/index.php\/2024\/09\/14\/bericht-ueber-unsere-120-jahrfeier-am-14-9-2024\/"},"author":{"name":"admin","@id":"https:\/\/imker-aigen.at\/#\/schema\/person\/d7d0c3a8ef6f051d450781218ac83077"},"headline":"Bericht \u00fcber unsere 120-Jahrfeier am 14.9.2024","datePublished":"2024-09-14T08:13:03+00:00","dateModified":"2024-09-23T12:20:26+00:00","mainEntityOfPage":{"@id":"https:\/\/imker-aigen.at\/index.php\/2024\/09\/14\/bericht-ueber-unsere-120-jahrfeier-am-14-9-2024\/"},"wordCount":2403,"commentCount":0,"publisher":{"@id":"https:\/\/imker-aigen.at\/#organization"},"image":{"@id":"https:\/\/imker-aigen.at\/index.php\/2024\/09\/14\/bericht-ueber-unsere-120-jahrfeier-am-14-9-2024\/#primaryimage"},"thumbnailUrl":"https:\/\/imker-aigen.at\/wp-content\/uploads\/2024\/06\/120anniversary_400_400.jpg","articleSection":["Alte Veranstaltungen","News"],"inLanguage":"de","potentialAction":[{"@type":"CommentAction","name":"Comment","target":["https:\/\/imker-aigen.at\/index.php\/2024\/09\/14\/bericht-ueber-unsere-120-jahrfeier-am-14-9-2024\/#respond"]}]},{"@type":"WebPage","@id":"https:\/\/imker-aigen.at\/index.php\/2024\/09\/14\/bericht-ueber-unsere-120-jahrfeier-am-14-9-2024\/","url":"https:\/\/imker-aigen.at\/index.php\/2024\/09\/14\/bericht-ueber-unsere-120-jahrfeier-am-14-9-2024\/","name":"Bericht \u00fcber unsere 120-Jahrfeier am 14.9.2024 - Imker Ortsgruppe Salzburg Aigen","isPartOf":{"@id":"https:\/\/imker-aigen.at\/#website"},"primaryImageOfPage":{"@id":"https:\/\/imker-aigen.at\/index.php\/2024\/09\/14\/bericht-ueber-unsere-120-jahrfeier-am-14-9-2024\/#primaryimage"},"image":{"@id":"https:\/\/imker-aigen.at\/index.php\/2024\/09\/14\/bericht-ueber-unsere-120-jahrfeier-am-14-9-2024\/#primaryimage"},"thumbnailUrl":"https:\/\/imker-aigen.at\/wp-content\/uploads\/2024\/06\/120anniversary_400_400.jpg","datePublished":"2024-09-14T08:13:03+00:00","dateModified":"2024-09-23T12:20:26+00:00","description":"So war die 120-Jahrfeier des Imkervereins Salzburg Aigen.","breadcrumb":{"@id":"https:\/\/imker-aigen.at\/index.php\/2024\/09\/14\/bericht-ueber-unsere-120-jahrfeier-am-14-9-2024\/#breadcrumb"},"inLanguage":"de","potentialAction":[{"@type":"ReadAction","target":["https:\/\/imker-aigen.at\/index.php\/2024\/09\/14\/bericht-ueber-unsere-120-jahrfeier-am-14-9-2024\/"]}]},{"@type":"ImageObject","inLanguage":"de","@id":"https:\/\/imker-aigen.at\/index.php\/2024\/09\/14\/bericht-ueber-unsere-120-jahrfeier-am-14-9-2024\/#primaryimage","url":"https:\/\/imker-aigen.at\/wp-content\/uploads\/2024\/06\/120anniversary_400_400.jpg","contentUrl":"https:\/\/imker-aigen.at\/wp-content\/uploads\/2024\/06\/120anniversary_400_400.jpg","width":400,"height":400},{"@type":"BreadcrumbList","@id":"https:\/\/imker-aigen.at\/index.php\/2024\/09\/14\/bericht-ueber-unsere-120-jahrfeier-am-14-9-2024\/#breadcrumb","itemListElement":[{"@type":"ListItem","position":1,"name":"Startseite","item":"https:\/\/imker-aigen.at\/index.php\/home\/"},{"@type":"ListItem","position":2,"name":"Bericht \u00fcber unsere 120-Jahrfeier am 14.9.2024"}]},{"@type":"WebSite","@id":"https:\/\/imker-aigen.at\/#website","url":"https:\/\/imker-aigen.at\/","name":"Imker Ortsgruppe Salzburg Aigen","description":"Homepage der Imker-Ortsgruppe Salzburg Aigen","publisher":{"@id":"https:\/\/imker-aigen.at\/#organization"},"potentialAction":[{"@type":"SearchAction","target":{"@type":"EntryPoint","urlTemplate":"https:\/\/imker-aigen.at\/?s={search_term_string}"},"query-input":{"@type":"PropertyValueSpecification","valueRequired":true,"valueName":"search_term_string"}}],"inLanguage":"de"},{"@type":"Organization","@id":"https:\/\/imker-aigen.at\/#organization","name":"Imker Ortsgruppe Salzburg Aigen","url":"https:\/\/imker-aigen.at\/","logo":{"@type":"ImageObject","inLanguage":"de","@id":"https:\/\/imker-aigen.at\/#\/schema\/logo\/image\/","url":"https:\/\/imker-aigen.at\/wp-content\/uploads\/2022\/08\/logo-1.png","contentUrl":"https:\/\/imker-aigen.at\/wp-content\/uploads\/2022\/08\/logo-1.png","width":392,"height":156,"caption":"Imker Ortsgruppe Salzburg Aigen"},"image":{"@id":"https:\/\/imker-aigen.at\/#\/schema\/logo\/image\/"}},{"@type":"Person","@id":"https:\/\/imker-aigen.at\/#\/schema\/person\/d7d0c3a8ef6f051d450781218ac83077","name":"admin","image":{"@type":"ImageObject","inLanguage":"de","@id":"https:\/\/secure.gravatar.com\/avatar\/925a7e918efd3cfdae29be9c0018a3ae3275cd0444a6e166241172bb6e5243c7?s=96&d=mm&r=g","url":"https:\/\/secure.gravatar.com\/avatar\/925a7e918efd3cfdae29be9c0018a3ae3275cd0444a6e166241172bb6e5243c7?s=96&d=mm&r=g","contentUrl":"https:\/\/secure.gravatar.com\/avatar\/925a7e918efd3cfdae29be9c0018a3ae3275cd0444a6e166241172bb6e5243c7?s=96&d=mm&r=g","caption":"admin"},"sameAs":["https:\/\/imker-aigen.at","linkedin.com\/in\/bernd-meierhofer-5919b62"],"url":"https:\/\/imker-aigen.at\/index.php\/author\/bmeierhofer\/"}]}},"_links":{"self":[{"href":"https:\/\/imker-aigen.at\/index.php\/wp-json\/wp\/v2\/posts\/6520","targetHints":{"allow":["GET"]}}],"collection":[{"href":"https:\/\/imker-aigen.at\/index.php\/wp-json\/wp\/v2\/posts"}],"about":[{"href":"https:\/\/imker-aigen.at\/index.php\/wp-json\/wp\/v2\/types\/post"}],"author":[{"embeddable":true,"href":"https:\/\/imker-aigen.at\/index.php\/wp-json\/wp\/v2\/users\/1"}],"replies":[{"embeddable":true,"href":"https:\/\/imker-aigen.at\/index.php\/wp-json\/wp\/v2\/comments?post=6520"}],"version-history":[{"count":27,"href":"https:\/\/imker-aigen.at\/index.php\/wp-json\/wp\/v2\/posts\/6520\/revisions"}],"predecessor-version":[{"id":6570,"href":"https:\/\/imker-aigen.at\/index.php\/wp-json\/wp\/v2\/posts\/6520\/revisions\/6570"}],"wp:featuredmedia":[{"embeddable":true,"href":"https:\/\/imker-aigen.at\/index.php\/wp-json\/wp\/v2\/media\/6128"}],"wp:attachment":[{"href":"https:\/\/imker-aigen.at\/index.php\/wp-json\/wp\/v2\/media?parent=6520"}],"wp:term":[{"taxonomy":"category","embeddable":true,"href":"https:\/\/imker-aigen.at\/index.php\/wp-json\/wp\/v2\/categories?post=6520"},{"taxonomy":"post_tag","embeddable":true,"href":"https:\/\/imker-aigen.at\/index.php\/wp-json\/wp\/v2\/tags?post=6520"}],"curies":[{"name":"wp","href":"https:\/\/api.w.org\/{rel}","templated":true}]}}