{"id":6665,"date":"2024-09-25T09:19:27","date_gmt":"2024-09-25T07:19:27","guid":{"rendered":"https:\/\/imker-aigen.at\/?p=6665"},"modified":"2024-10-02T21:03:26","modified_gmt":"2024-10-02T19:03:26","slug":"stellungnahme-zur-geplanten-novelle-des-salzburger-naturschutzgesetzes","status":"publish","type":"post","link":"https:\/\/imker-aigen.at\/index.php\/2024\/09\/25\/stellungnahme-zur-geplanten-novelle-des-salzburger-naturschutzgesetzes\/","title":{"rendered":"Stellungnahme zur geplanten Novelle des Salzburger Naturschutzgesetzes"},"content":{"rendered":"<div  class='flex_column av-bivew9-d2bc23c4445355261cbcd904fe845139 av_one_full  avia-builder-el-0  avia-builder-el-no-sibling  first flex_column_div  '     ><p>\n<style type=\"text\/css\" data-created_by=\"avia_inline_auto\" id=\"style-css-av-9r5e0p-36d3865d1fcc7a0db58f84a3be064e3e\">\n#top .av-special-heading.av-9r5e0p-36d3865d1fcc7a0db58f84a3be064e3e{\npadding-bottom:10px;\n}\nbody .av-special-heading.av-9r5e0p-36d3865d1fcc7a0db58f84a3be064e3e .av-special-heading-tag .heading-char{\nfont-size:25px;\n}\n.av-special-heading.av-9r5e0p-36d3865d1fcc7a0db58f84a3be064e3e .av-subheading{\nfont-size:15px;\n}\n<\/style>\n<div  class='av-special-heading av-9r5e0p-36d3865d1fcc7a0db58f84a3be064e3e av-special-heading-h3 blockquote modern-quote modern-centered  avia-builder-el-1  el_before_av_image  avia-builder-el-first '><h3 class='av-special-heading-tag '  itemprop=\"headline\"  >Stellungnahme zur geplanten Novelle des Salzburger Naturschutzgesetzes<\/h3><div class=\"special-heading-border\"><div class=\"special-heading-inner-border\"><\/div><\/div><\/div><br \/>\n\n<style type=\"text\/css\" data-created_by=\"avia_inline_auto\" id=\"style-css-av-m1hkeadw-d82943354e7b1a26c6eaa5f6d70e2bb2\">\n.avia-image-container.av-m1hkeadw-d82943354e7b1a26c6eaa5f6d70e2bb2 img.avia_image{\nbox-shadow:none;\n}\n.avia-image-container.av-m1hkeadw-d82943354e7b1a26c6eaa5f6d70e2bb2 .av-image-caption-overlay-center{\ncolor:#ffffff;\n}\n<\/style>\n<div  class='avia-image-container av-m1hkeadw-d82943354e7b1a26c6eaa5f6d70e2bb2 av-styling- avia-align-center  avia-builder-el-2  el_after_av_heading  el_before_av_textblock '   itemprop=\"image\" itemscope=\"itemscope\" itemtype=\"https:\/\/schema.org\/ImageObject\" ><div class=\"avia-image-container-inner\"><div class=\"avia-image-overlay-wrap\"><img decoding=\"async\" fetchpriority=\"high\" class='wp-image-6668 avia-img-lazy-loading-not-6668 avia_image ' src=\"https:\/\/imker-aigen.at\/wp-content\/uploads\/2024\/09\/wildflower-meadow_stop.jpg\" alt='' title='wildflower meadow_stop'  height=\"576\" width=\"768\"  itemprop=\"thumbnailUrl\" srcset=\"https:\/\/imker-aigen.at\/wp-content\/uploads\/2024\/09\/wildflower-meadow_stop.jpg 768w, https:\/\/imker-aigen.at\/wp-content\/uploads\/2024\/09\/wildflower-meadow_stop-300x225.jpg 300w, https:\/\/imker-aigen.at\/wp-content\/uploads\/2024\/09\/wildflower-meadow_stop-705x529.jpg 705w\" sizes=\"(max-width: 768px) 100vw, 768px\" \/><\/div><\/div><\/div><br \/>\n<section  class='av_textblock_section av-m1j088uk-9cf630427ed19652172908771c49e81a '   itemscope=\"itemscope\" itemtype=\"https:\/\/schema.org\/BlogPosting\" itemprop=\"blogPost\" ><div class='avia_textblock'  itemprop=\"text\" ><p style=\"text-align: center;\"><strong>Mager- und Trockenwiesen sind wichtig f\u00fcr die Erhaltung der Artenvielfalt und die Gesundheit unserer Bienen und m\u00fcssen deshalb gesch\u00fctzt werden!<\/strong><\/p>\n<\/div><\/section><br \/>\n\n<style type=\"text\/css\" data-created_by=\"avia_inline_auto\" id=\"style-css-av-76xk4p-29f8fbe1a90fe40074041b79bdf45a35\">\n#top .hr.av-76xk4p-29f8fbe1a90fe40074041b79bdf45a35{\nmargin-top:30px;\nmargin-bottom:30px;\n}\n.hr.av-76xk4p-29f8fbe1a90fe40074041b79bdf45a35 .hr-inner{\nwidth:50px;\nmax-width:45%;\n}\n<\/style>\n<div  class='hr av-76xk4p-29f8fbe1a90fe40074041b79bdf45a35 hr-custom  avia-builder-el-4  el_after_av_textblock  el_before_av_textblock  hr-center hr-icon-yes'><span class='hr-inner inner-border-av-border-thin'><span class=\"hr-inner-style\"><\/span><\/span><span class='av-seperator-icon avia-iconfont avia-font-entypo-fontello' data-av_icon='\ue8bf' data-av_iconfont='entypo-fontello' ><\/span><span class='hr-inner inner-border-av-border-thin'><span class=\"hr-inner-style\"><\/span><\/span><\/div><br \/>\n<section  class='av_textblock_section av-5ooyx5-b314d8c8ae8de75e150f407971f5606c '   itemscope=\"itemscope\" itemtype=\"https:\/\/schema.org\/BlogPosting\" itemprop=\"blogPost\" ><div class='avia_textblock'  itemprop=\"text\" ><h3>Wir brauchen die Landesumweltanwaltschaft (LUA)<\/h3>\n<p>Als Imkerverein Salzburg Aigen (aktuell 77 Mitglieder) sind wir sehr besorgt \u00fcber die von der Salzburger Landesregierung geplante Novellierung des Salzburger Naturschutzgesetzes.\u00a0 Diese sieht eine gravierende Entmachtung der Landesumweltanwaltschaft (LUA) vor.\u00a0 Wir sehen die LUA als unabh\u00e4ngige Einrichtung, welche sich um die L\u00f6sung von Umweltproblemen k\u00fcmmert und als kompetenter Partner f\u00fcr Politik, Verwaltung, B\u00fcrgerinitiativen und Projektwerber zur Verf\u00fcgung steht. Das ist sicherlich kein leichtes Unterfangen. Der Wunsch nach schnelleren Genehmigungsverfahren f\u00fcr Projekte zum Ausbau erneuerbarer Energien ist f\u00fcr uns nachvollziehbar. Dies darf jedoch nicht \u00fcberst\u00fcrzt und ohne die notwendige Pr\u00fcfung der Auswirkungen auf unsere wertvolle Natur geschehen. Daf\u00fcr ist die LUA eigentlich unverzichtbar.<\/p>\n<h3>Mager- und Trockenstandorte m\u00fcssen gesch\u00fctzt werden und gesch\u00fctzt bleiben<\/h3>\n<p>Als Imker schmerzen uns die geplanten \u00c4nderungen im Gesetz bzgl. der Mager- und\u00a0 Trockenstandorte besonders. N\u00e4hrstoffarme Wiesen, welche h\u00f6chstens zwei Mal im Jahr gem\u00e4ht werden, z\u00e4hlen zu den wertvollsten und artenreichsten Gr\u00fcnlandlebensr\u00e4umen \u00fcberhaupt. Sie sind durch eine jahrhundertelange Bewirtschaftung im ausgewogenen Mischungsverh\u00e4ltnis Mensch und\u00a0 Natur entstanden. Hier einen Zusatz im Gesetz anzubringen, dass diese nur dann als Mager- oder\u00a0 Trockenstandort eingestuft werden d\u00fcrfen, wenn diese die notwendige Anzahl von 75% der \u00fcblichen Pflanzenarten aufweisen, zeigt eigentlich, dass es diesen Wiesen zuk\u00fcnftig an den Kragen gehen wird. Richtig w\u00e4re jedoch, den Landwirten eine Betriebsweise und Kostenstrukturen zu erm\u00f6glichen, die solche Lebensr\u00e4ume nachhaltig sch\u00fctzt. In Gebieten, in denen Magerwiesen bereits verschwunden sind (intensiv genutzte L\u00f6wenzahnwiesen), f\u00fcttern Imker ihre Bienen bereits mit Pollenersatzstoffen, um die notwendige Eiwei\u00dfversorgung ihrer Bienen \u00fcber das Jahr sicherzustellen. Bienen ben\u00f6tigen f\u00fcr ihre Gesundheit eine m\u00f6glichst abwechslungsreiche Pollenversorgung und Wildbienen sind sogar oftmals komplett von einzelnen Pflanzen abh\u00e4ngig, um \u00fcberleben zu k\u00f6nnen. Hier kann also jedes Pfl\u00e4nzchen f\u00fcr den Fortbestand einer Art \u00fcberlebensnotwendig sein. Eine 75% Schwelle f\u00fcr Zeigerpflanzen festzulegen, ist daher ein Versuch, etwas zu vereinfachen, was in Zeiten des zunehmenden Artensterbens aber nicht vereinfacht werden darf.<\/p>\n<h3>Appell an die Salzburger Landesregierung<\/h3>\n<p>Wir appellieren daher an die Salzburger Landesregierung, die geplanten \u00c4nderungen des Salzburger Naturschutzgesetzes zu \u00fcberdenken bzw. fallen zu lassen. Statt einer Schw\u00e4chung der LUA treten wir f\u00fcr eine klare St\u00e4rkung der LUA ein. Gerade in Zeiten, in denen die EU das Renaturierungsgesetz beschlossen hat, w\u00fcrde der LUA eigentlich eine noch wichtigere Rolle zukommen.<\/p>\n<h3>Ohne gesunde Bienen keine ausreichende Best\u00e4ubung<\/h3>\n<p>Aus Sicht der Imker geht es hier klar um die Gesundheit unserer Bienen. Nur wenn die Bienen gesund sind, kann die Best\u00e4ubungsleistung unserer Bienen aufrechterhalten werden.<\/p>\n<h3>Hinweis<\/h3>\n<p>Zu diesem Thema wurde auch die Petition &#8222;Unsere Natur braucht Schutz&#8220; des Alpenvereins Landesverband Salzburg, des Naturschutzbundes Salzburg, der Naturfreunde Landesorganisation Salzburg und des Umweltdachverbands eingereicht.<\/p>\n<p><a href=\"https:\/\/www.alpenverein.at\/salzburg_land\/2024-09-03_Petition-Unsere-Natur-braucht-Schutz_unterzeichnet.pdf\">&gt;Petition im Download-Bereich des Alpenvereins Salzburg&lt;<\/a><\/p>\n<h3>Update vom 01.10.2024<\/h3>\n<p>Der folgende Leserbrief wurde heute im Lokalteil der <a href=\"https:\/\/www.sn.at\/\">Salzburger Nachrichten<\/a> ver\u00f6ffentlicht:<\/p>\n<p class=\"articleContent\"><em>LUA-Beschr\u00e4nkung ist zu revidieren<\/em><\/p>\n<p class=\"articleContent\"><em>Die EU beschlie\u00dft das EU-Renaturierungsgesetz, da erkannt wurde, dass mehr als 80 Prozent der gesch\u00fctzten Lebensr\u00e4ume in der EU sich bereits in einem schlechten Zustand befinden. Es sind daher bis 2030 gravierende Renaturierungsma\u00dfnahmen geplant.<\/em><\/p>\n<p class=\"articleContent\"><em>Aber was macht die Salzburger Landesregierung? Sie beschlie\u00dft eine Novelle des Naturschutzgesetzes mit massiven Einschr\u00e4nkungen der Landesumweltanwaltschaft (LUA). Die Umweltanwaltschaften der Bundesl\u00e4nder sind unabh\u00e4ngige Einrichtungen, welche sich um die L\u00f6sung von Umweltproblemen k\u00fcmmern und als kompetente Partner f\u00fcr Politik, Verwaltung, B\u00fcrgerinitiativen und Projektwerber zur Verf\u00fcgung stehen. Allein aus dieser w\u00fcnschenswerten und wichtigen Vermittlerrolle ergibt sich jedoch ein Spannungsfeld, das nicht immer allen Akteuren gerecht werden kann.<\/em><\/p>\n<p class=\"articleContent\"><em>Die LUA hier aber zu entmachten, ist sicherlich der gr\u00f6\u00dftm\u00f6gliche B\u00e4rendienst \u2013 um im Sprachgebrauch von Frau Svazek zu bleiben \u2013, den man dem Naturschutz erweisen kann. Dann wird in diesem Spannungsfeld n\u00e4mlich der Bock zum G\u00e4rtner. Als Imker schmerzen mich die geplanten \u00c4nderungen im Gesetz bez\u00fcglich der Mager- und Trockenstandorte besonders. Diese z\u00e4hlen zu den wertvollsten und artenreichsten Gr\u00fcnlandlebensr\u00e4umen \u00fcberhaupt. Sollten diese Standorte in Zukunft verschwinden, w\u00e4re das eine Katastrophe f\u00fcr alle best\u00e4ubenden Insekten, f\u00fcr uns Imker und f\u00fcr die gesamte Landwirtschaft.<\/em><\/p>\n<p class=\"articleContent\"><em>Gesunde Bienen brauchen eine abwechslungsreiche Pollenversorgung. In Gebieten, in denen dies nicht mehr der Fall ist, f\u00fcttern die Imker ihre Bienen bereits mit Pollenersatzstoffen. Wildbienen sind oft sogar ganz auf einzelne Pflanzen angewiesen, um \u00fcberleben zu k\u00f6nnen. Es kann nur dringend an die Salzburger Landesregierung appelliert werden, die geplanten \u00c4nderungen des Salzburger Naturschutzgesetzes nochmals zu \u00fcberdenken.<\/em><\/p>\n<p class=\"articleContent\"><em>Bernd Meierhofer, Obmann des Imkervereins Aigen, 5023 Salzburg<\/em><\/p>\n<h3>Update vom 02.10.2024<\/h3>\n<p>Im Salzburger Landtag wurde die Gesetzesnovelle heute beschlossen. Die rechtlichen M\u00f6glichkeiten der Salzburger Landesumweltanwaltschaft (LUA) werden eingeschr\u00e4nkt. Ein schwarzer Tag f\u00fcr den Naturschutz in Salzburg, f\u00fcr die Mager- und Trockenwiesen, f\u00fcr die Artenvielfalt, f\u00fcr unsere Bienen und f\u00fcr uns Imkerinnen und Imker!<strong><br \/>\n<\/strong><\/p>\n<\/div><\/section><br \/>\n<div  class='av-social-sharing-box av-4ckpt5-5b1d0f4a22e174f0294b0080d3967e87 av-social-sharing-box-default  avia-builder-el-6  el_after_av_textblock  el_before_av_comments_list  av-social-sharing-box-fullwidth'><div class=\"av-share-box\"><h5 class='av-share-link-description av-no-toc '>Eintrag teilen<\/h5><ul class=\"av-share-box-list noLightbox\"><li class='av-share-link av-social-link-facebook avia_social_iconfont' ><a target=\"_blank\" aria-label=\"Teilen auf Facebook\" href='https:\/\/www.facebook.com\/sharer.php?u=https:\/\/imker-aigen.at\/index.php\/2024\/09\/25\/stellungnahme-zur-geplanten-novelle-des-salzburger-naturschutzgesetzes\/&#038;t=Stellungnahme%20zur%20geplanten%20Novelle%20des%20Salzburger%20Naturschutzgesetzes' data-av_icon='\ue8f3' data-av_iconfont='entypo-fontello'  title='' data-avia-related-tooltip='Teilen auf Facebook'><span class='avia_hidden_link_text'>Teilen auf Facebook<\/span><\/a><\/li><li class='av-share-link av-social-link-twitter avia_social_iconfont' ><a target=\"_blank\" aria-label=\"Teilen auf X\" href='https:\/\/twitter.com\/share?text=Stellungnahme%20zur%20geplanten%20Novelle%20des%20Salzburger%20Naturschutzgesetzes&#038;url=https:\/\/imker-aigen.at\/?p=6665' data-av_icon='\ue932' data-av_iconfont='entypo-fontello'  title='' data-avia-related-tooltip='Teilen auf X'><span class='avia_hidden_link_text'>Teilen auf X<\/span><\/a><\/li><li class='av-share-link av-social-link-whatsapp avia_social_iconfont' ><a target=\"_blank\" aria-label=\"Teilen auf WhatsApp\" href='https:\/\/api.whatsapp.com\/send?text=https:\/\/imker-aigen.at\/index.php\/2024\/09\/25\/stellungnahme-zur-geplanten-novelle-des-salzburger-naturschutzgesetzes\/' data-av_icon='\uf232' data-av_iconfont='entypo-fontello'  title='' data-avia-related-tooltip='Teilen auf WhatsApp'><span class='avia_hidden_link_text'>Teilen auf WhatsApp<\/span><\/a><\/li><li class='av-share-link av-social-link-pinterest avia_social_iconfont' ><a target=\"_blank\" aria-label=\"Teilen auf Pinterest\" href='https:\/\/pinterest.com\/pin\/create\/button\/?url=https%3A%2F%2Fimker-aigen.at%2Findex.php%2F2024%2F09%2F25%2Fstellungnahme-zur-geplanten-novelle-des-salzburger-naturschutzgesetzes%2F&#038;description=Stellungnahme%20zur%20geplanten%20Novelle%20des%20Salzburger%20Naturschutzgesetzes&#038;media=https%3A%2F%2Fimker-aigen.at%2Fwp-content%2Fuploads%2F2024%2F09%2Fwildflower-meadow_stop_small.jpg' data-av_icon='\ue8f8' data-av_iconfont='entypo-fontello'  title='' data-avia-related-tooltip='Teilen auf Pinterest'><span class='avia_hidden_link_text'>Teilen auf Pinterest<\/span><\/a><\/li><li class='av-share-link av-social-link-linkedin avia_social_iconfont' ><a target=\"_blank\" aria-label=\"Teilen auf LinkedIn\" href='https:\/\/linkedin.com\/shareArticle?mini=true&#038;title=Stellungnahme%20zur%20geplanten%20Novelle%20des%20Salzburger%20Naturschutzgesetzes&#038;url=https:\/\/imker-aigen.at\/index.php\/2024\/09\/25\/stellungnahme-zur-geplanten-novelle-des-salzburger-naturschutzgesetzes\/' data-av_icon='\ue8fc' data-av_iconfont='entypo-fontello'  title='' data-avia-related-tooltip='Teilen auf LinkedIn'><span class='avia_hidden_link_text'>Teilen auf LinkedIn<\/span><\/a><\/li><li class='av-share-link av-social-link-reddit avia_social_iconfont' ><a target=\"_blank\" aria-label=\"Teilen auf Reddit\" href='https:\/\/reddit.com\/submit?url=https:\/\/imker-aigen.at\/index.php\/2024\/09\/25\/stellungnahme-zur-geplanten-novelle-des-salzburger-naturschutzgesetzes\/&#038;title=Stellungnahme%20zur%20geplanten%20Novelle%20des%20Salzburger%20Naturschutzgesetzes' data-av_icon='\ue927' data-av_iconfont='entypo-fontello'  title='' data-avia-related-tooltip='Teilen auf Reddit'><span class='avia_hidden_link_text'>Teilen auf Reddit<\/span><\/a><\/li><li class='av-share-link av-social-link-mail avia_social_iconfont' ><a  aria-label=\"Per E-Mail teilen\" href='mailto:?subject=Stellungnahme%20zur%20geplanten%20Novelle%20des%20Salzburger%20Naturschutzgesetzes&#038;body=https:\/\/imker-aigen.at\/index.php\/2024\/09\/25\/stellungnahme-zur-geplanten-novelle-des-salzburger-naturschutzgesetzes\/' data-av_icon='\ue805' data-av_iconfont='entypo-fontello'  title='' data-avia-related-tooltip='Per E-Mail teilen'><span class='avia_hidden_link_text'>Per E-Mail teilen<\/span><\/a><\/li><\/ul><\/div><\/div><br \/>\n<div  class='av-buildercomment av-2btjop-e703de3ad596f1a9f2a78a97f35ab292'><\/div><\/p><\/div>\n","protected":false},"excerpt":{"rendered":"","protected":false},"author":1,"featured_media":6670,"comment_status":"open","ping_status":"closed","sticky":false,"template":"","format":"standard","meta":{"footnotes":""},"categories":[2],"tags":[270,267,271,74,268,273,269,272],"class_list":["post-6665","post","type-post","status-publish","format-standard","has-post-thumbnail","hentry","category-news","tag-landesumweltanwaltschaft","tag-lua","tag-magerwiese","tag-naturschutz","tag-naturschutzgesetz","tag-novelle","tag-stellungnahme","tag-trockenwiese"],"yoast_head":"<!-- This site is optimized with the Yoast SEO plugin v27.4 - https:\/\/yoast.com\/product\/yoast-seo-wordpress\/ -->\n<title>Stellungnahme zur geplanten Novelle des Salzburger Naturschutzgesetzes - Imker Ortsgruppe Salzburg Aigen<\/title>\n<meta name=\"description\" content=\"Stellungnahme des Imkervereins Salzburg Aigen zur geplanten Novelle des Salzburger Naturschutzgesetzes (Entmachtung der Umweltanwaltschaft)\" \/>\n<meta name=\"robots\" content=\"index, follow, max-snippet:-1, max-image-preview:large, max-video-preview:-1\" \/>\n<link rel=\"canonical\" href=\"https:\/\/imker-aigen.at\/index.php\/2024\/09\/25\/stellungnahme-zur-geplanten-novelle-des-salzburger-naturschutzgesetzes\/\" \/>\n<meta property=\"og:locale\" content=\"de_DE\" \/>\n<meta property=\"og:type\" content=\"article\" \/>\n<meta property=\"og:title\" content=\"Stellungnahme zur geplanten Novelle des Salzburger Naturschutzgesetzes - Imker Ortsgruppe Salzburg Aigen\" \/>\n<meta property=\"og:description\" content=\"Stellungnahme des Imkervereins Salzburg Aigen zur geplanten Novelle des Salzburger Naturschutzgesetzes (Entmachtung der Umweltanwaltschaft)\" \/>\n<meta property=\"og:url\" content=\"https:\/\/imker-aigen.at\/index.php\/2024\/09\/25\/stellungnahme-zur-geplanten-novelle-des-salzburger-naturschutzgesetzes\/\" \/>\n<meta property=\"og:site_name\" content=\"Imker Ortsgruppe Salzburg Aigen\" \/>\n<meta property=\"article:published_time\" content=\"2024-09-25T07:19:27+00:00\" \/>\n<meta property=\"article:modified_time\" content=\"2024-10-02T19:03:26+00:00\" \/>\n<meta property=\"og:image\" content=\"https:\/\/imker-aigen.at\/wp-content\/uploads\/2024\/09\/wildflower-meadow_stop_small.jpg\" \/>\n\t<meta property=\"og:image:width\" content=\"400\" \/>\n\t<meta property=\"og:image:height\" content=\"300\" \/>\n\t<meta property=\"og:image:type\" content=\"image\/jpeg\" \/>\n<meta name=\"author\" content=\"admin\" \/>\n<meta name=\"twitter:card\" content=\"summary_large_image\" \/>\n<meta name=\"twitter:label1\" content=\"Verfasst von\" \/>\n\t<meta name=\"twitter:data1\" content=\"admin\" \/>\n\t<meta name=\"twitter:label2\" content=\"Gesch\u00e4tzte Lesezeit\" \/>\n\t<meta name=\"twitter:data2\" content=\"5\u00a0Minuten\" \/>\n<script type=\"application\/ld+json\" class=\"yoast-schema-graph\">{\"@context\":\"https:\\\/\\\/schema.org\",\"@graph\":[{\"@type\":\"Article\",\"@id\":\"https:\\\/\\\/imker-aigen.at\\\/index.php\\\/2024\\\/09\\\/25\\\/stellungnahme-zur-geplanten-novelle-des-salzburger-naturschutzgesetzes\\\/#article\",\"isPartOf\":{\"@id\":\"https:\\\/\\\/imker-aigen.at\\\/index.php\\\/2024\\\/09\\\/25\\\/stellungnahme-zur-geplanten-novelle-des-salzburger-naturschutzgesetzes\\\/\"},\"author\":{\"name\":\"admin\",\"@id\":\"https:\\\/\\\/imker-aigen.at\\\/#\\\/schema\\\/person\\\/d7d0c3a8ef6f051d450781218ac83077\"},\"headline\":\"Stellungnahme zur geplanten Novelle des Salzburger Naturschutzgesetzes\",\"datePublished\":\"2024-09-25T07:19:27+00:00\",\"dateModified\":\"2024-10-02T19:03:26+00:00\",\"mainEntityOfPage\":{\"@id\":\"https:\\\/\\\/imker-aigen.at\\\/index.php\\\/2024\\\/09\\\/25\\\/stellungnahme-zur-geplanten-novelle-des-salzburger-naturschutzgesetzes\\\/\"},\"wordCount\":1935,\"commentCount\":0,\"publisher\":{\"@id\":\"https:\\\/\\\/imker-aigen.at\\\/#organization\"},\"image\":{\"@id\":\"https:\\\/\\\/imker-aigen.at\\\/index.php\\\/2024\\\/09\\\/25\\\/stellungnahme-zur-geplanten-novelle-des-salzburger-naturschutzgesetzes\\\/#primaryimage\"},\"thumbnailUrl\":\"https:\\\/\\\/imker-aigen.at\\\/wp-content\\\/uploads\\\/2024\\\/09\\\/wildflower-meadow_stop_small.jpg\",\"keywords\":[\"Landesumweltanwaltschaft\",\"LUA\",\"Magerwiese\",\"Naturschutz\",\"Naturschutzgesetz\",\"Novelle\",\"Stellungnahme\",\"Trockenwiese\"],\"articleSection\":[\"News\"],\"inLanguage\":\"de\",\"potentialAction\":[{\"@type\":\"CommentAction\",\"name\":\"Comment\",\"target\":[\"https:\\\/\\\/imker-aigen.at\\\/index.php\\\/2024\\\/09\\\/25\\\/stellungnahme-zur-geplanten-novelle-des-salzburger-naturschutzgesetzes\\\/#respond\"]}]},{\"@type\":\"WebPage\",\"@id\":\"https:\\\/\\\/imker-aigen.at\\\/index.php\\\/2024\\\/09\\\/25\\\/stellungnahme-zur-geplanten-novelle-des-salzburger-naturschutzgesetzes\\\/\",\"url\":\"https:\\\/\\\/imker-aigen.at\\\/index.php\\\/2024\\\/09\\\/25\\\/stellungnahme-zur-geplanten-novelle-des-salzburger-naturschutzgesetzes\\\/\",\"name\":\"Stellungnahme zur geplanten Novelle des Salzburger Naturschutzgesetzes - Imker Ortsgruppe Salzburg Aigen\",\"isPartOf\":{\"@id\":\"https:\\\/\\\/imker-aigen.at\\\/#website\"},\"primaryImageOfPage\":{\"@id\":\"https:\\\/\\\/imker-aigen.at\\\/index.php\\\/2024\\\/09\\\/25\\\/stellungnahme-zur-geplanten-novelle-des-salzburger-naturschutzgesetzes\\\/#primaryimage\"},\"image\":{\"@id\":\"https:\\\/\\\/imker-aigen.at\\\/index.php\\\/2024\\\/09\\\/25\\\/stellungnahme-zur-geplanten-novelle-des-salzburger-naturschutzgesetzes\\\/#primaryimage\"},\"thumbnailUrl\":\"https:\\\/\\\/imker-aigen.at\\\/wp-content\\\/uploads\\\/2024\\\/09\\\/wildflower-meadow_stop_small.jpg\",\"datePublished\":\"2024-09-25T07:19:27+00:00\",\"dateModified\":\"2024-10-02T19:03:26+00:00\",\"description\":\"Stellungnahme des Imkervereins Salzburg Aigen zur geplanten Novelle des Salzburger Naturschutzgesetzes (Entmachtung der Umweltanwaltschaft)\",\"breadcrumb\":{\"@id\":\"https:\\\/\\\/imker-aigen.at\\\/index.php\\\/2024\\\/09\\\/25\\\/stellungnahme-zur-geplanten-novelle-des-salzburger-naturschutzgesetzes\\\/#breadcrumb\"},\"inLanguage\":\"de\",\"potentialAction\":[{\"@type\":\"ReadAction\",\"target\":[\"https:\\\/\\\/imker-aigen.at\\\/index.php\\\/2024\\\/09\\\/25\\\/stellungnahme-zur-geplanten-novelle-des-salzburger-naturschutzgesetzes\\\/\"]}]},{\"@type\":\"ImageObject\",\"inLanguage\":\"de\",\"@id\":\"https:\\\/\\\/imker-aigen.at\\\/index.php\\\/2024\\\/09\\\/25\\\/stellungnahme-zur-geplanten-novelle-des-salzburger-naturschutzgesetzes\\\/#primaryimage\",\"url\":\"https:\\\/\\\/imker-aigen.at\\\/wp-content\\\/uploads\\\/2024\\\/09\\\/wildflower-meadow_stop_small.jpg\",\"contentUrl\":\"https:\\\/\\\/imker-aigen.at\\\/wp-content\\\/uploads\\\/2024\\\/09\\\/wildflower-meadow_stop_small.jpg\",\"width\":400,\"height\":300},{\"@type\":\"BreadcrumbList\",\"@id\":\"https:\\\/\\\/imker-aigen.at\\\/index.php\\\/2024\\\/09\\\/25\\\/stellungnahme-zur-geplanten-novelle-des-salzburger-naturschutzgesetzes\\\/#breadcrumb\",\"itemListElement\":[{\"@type\":\"ListItem\",\"position\":1,\"name\":\"Startseite\",\"item\":\"https:\\\/\\\/imker-aigen.at\\\/index.php\\\/home\\\/\"},{\"@type\":\"ListItem\",\"position\":2,\"name\":\"Stellungnahme zur geplanten Novelle des Salzburger Naturschutzgesetzes\"}]},{\"@type\":\"WebSite\",\"@id\":\"https:\\\/\\\/imker-aigen.at\\\/#website\",\"url\":\"https:\\\/\\\/imker-aigen.at\\\/\",\"name\":\"Imker Ortsgruppe Salzburg Aigen\",\"description\":\"Homepage der Imker-Ortsgruppe Salzburg Aigen\",\"publisher\":{\"@id\":\"https:\\\/\\\/imker-aigen.at\\\/#organization\"},\"potentialAction\":[{\"@type\":\"SearchAction\",\"target\":{\"@type\":\"EntryPoint\",\"urlTemplate\":\"https:\\\/\\\/imker-aigen.at\\\/?s={search_term_string}\"},\"query-input\":{\"@type\":\"PropertyValueSpecification\",\"valueRequired\":true,\"valueName\":\"search_term_string\"}}],\"inLanguage\":\"de\"},{\"@type\":\"Organization\",\"@id\":\"https:\\\/\\\/imker-aigen.at\\\/#organization\",\"name\":\"Imker Ortsgruppe Salzburg Aigen\",\"url\":\"https:\\\/\\\/imker-aigen.at\\\/\",\"logo\":{\"@type\":\"ImageObject\",\"inLanguage\":\"de\",\"@id\":\"https:\\\/\\\/imker-aigen.at\\\/#\\\/schema\\\/logo\\\/image\\\/\",\"url\":\"https:\\\/\\\/imker-aigen.at\\\/wp-content\\\/uploads\\\/2022\\\/08\\\/logo-1.png\",\"contentUrl\":\"https:\\\/\\\/imker-aigen.at\\\/wp-content\\\/uploads\\\/2022\\\/08\\\/logo-1.png\",\"width\":392,\"height\":156,\"caption\":\"Imker Ortsgruppe Salzburg Aigen\"},\"image\":{\"@id\":\"https:\\\/\\\/imker-aigen.at\\\/#\\\/schema\\\/logo\\\/image\\\/\"}},{\"@type\":\"Person\",\"@id\":\"https:\\\/\\\/imker-aigen.at\\\/#\\\/schema\\\/person\\\/d7d0c3a8ef6f051d450781218ac83077\",\"name\":\"admin\",\"image\":{\"@type\":\"ImageObject\",\"inLanguage\":\"de\",\"@id\":\"https:\\\/\\\/secure.gravatar.com\\\/avatar\\\/925a7e918efd3cfdae29be9c0018a3ae3275cd0444a6e166241172bb6e5243c7?s=96&d=mm&r=g\",\"url\":\"https:\\\/\\\/secure.gravatar.com\\\/avatar\\\/925a7e918efd3cfdae29be9c0018a3ae3275cd0444a6e166241172bb6e5243c7?s=96&d=mm&r=g\",\"contentUrl\":\"https:\\\/\\\/secure.gravatar.com\\\/avatar\\\/925a7e918efd3cfdae29be9c0018a3ae3275cd0444a6e166241172bb6e5243c7?s=96&d=mm&r=g\",\"caption\":\"admin\"},\"sameAs\":[\"https:\\\/\\\/imker-aigen.at\",\"linkedin.com\\\/in\\\/bernd-meierhofer-5919b62\"],\"url\":\"https:\\\/\\\/imker-aigen.at\\\/index.php\\\/author\\\/bmeierhofer\\\/\"}]}<\/script>\n<!-- \/ Yoast SEO plugin. -->","yoast_head_json":{"title":"Stellungnahme zur geplanten Novelle des Salzburger Naturschutzgesetzes - Imker Ortsgruppe Salzburg Aigen","description":"Stellungnahme des Imkervereins Salzburg Aigen zur geplanten Novelle des Salzburger Naturschutzgesetzes (Entmachtung der Umweltanwaltschaft)","robots":{"index":"index","follow":"follow","max-snippet":"max-snippet:-1","max-image-preview":"max-image-preview:large","max-video-preview":"max-video-preview:-1"},"canonical":"https:\/\/imker-aigen.at\/index.php\/2024\/09\/25\/stellungnahme-zur-geplanten-novelle-des-salzburger-naturschutzgesetzes\/","og_locale":"de_DE","og_type":"article","og_title":"Stellungnahme zur geplanten Novelle des Salzburger Naturschutzgesetzes - Imker Ortsgruppe Salzburg Aigen","og_description":"Stellungnahme des Imkervereins Salzburg Aigen zur geplanten Novelle des Salzburger Naturschutzgesetzes (Entmachtung der Umweltanwaltschaft)","og_url":"https:\/\/imker-aigen.at\/index.php\/2024\/09\/25\/stellungnahme-zur-geplanten-novelle-des-salzburger-naturschutzgesetzes\/","og_site_name":"Imker Ortsgruppe Salzburg Aigen","article_published_time":"2024-09-25T07:19:27+00:00","article_modified_time":"2024-10-02T19:03:26+00:00","og_image":[{"width":400,"height":300,"url":"https:\/\/imker-aigen.at\/wp-content\/uploads\/2024\/09\/wildflower-meadow_stop_small.jpg","type":"image\/jpeg"}],"author":"admin","twitter_card":"summary_large_image","twitter_misc":{"Verfasst von":"admin","Gesch\u00e4tzte Lesezeit":"5\u00a0Minuten"},"schema":{"@context":"https:\/\/schema.org","@graph":[{"@type":"Article","@id":"https:\/\/imker-aigen.at\/index.php\/2024\/09\/25\/stellungnahme-zur-geplanten-novelle-des-salzburger-naturschutzgesetzes\/#article","isPartOf":{"@id":"https:\/\/imker-aigen.at\/index.php\/2024\/09\/25\/stellungnahme-zur-geplanten-novelle-des-salzburger-naturschutzgesetzes\/"},"author":{"name":"admin","@id":"https:\/\/imker-aigen.at\/#\/schema\/person\/d7d0c3a8ef6f051d450781218ac83077"},"headline":"Stellungnahme zur geplanten Novelle des Salzburger Naturschutzgesetzes","datePublished":"2024-09-25T07:19:27+00:00","dateModified":"2024-10-02T19:03:26+00:00","mainEntityOfPage":{"@id":"https:\/\/imker-aigen.at\/index.php\/2024\/09\/25\/stellungnahme-zur-geplanten-novelle-des-salzburger-naturschutzgesetzes\/"},"wordCount":1935,"commentCount":0,"publisher":{"@id":"https:\/\/imker-aigen.at\/#organization"},"image":{"@id":"https:\/\/imker-aigen.at\/index.php\/2024\/09\/25\/stellungnahme-zur-geplanten-novelle-des-salzburger-naturschutzgesetzes\/#primaryimage"},"thumbnailUrl":"https:\/\/imker-aigen.at\/wp-content\/uploads\/2024\/09\/wildflower-meadow_stop_small.jpg","keywords":["Landesumweltanwaltschaft","LUA","Magerwiese","Naturschutz","Naturschutzgesetz","Novelle","Stellungnahme","Trockenwiese"],"articleSection":["News"],"inLanguage":"de","potentialAction":[{"@type":"CommentAction","name":"Comment","target":["https:\/\/imker-aigen.at\/index.php\/2024\/09\/25\/stellungnahme-zur-geplanten-novelle-des-salzburger-naturschutzgesetzes\/#respond"]}]},{"@type":"WebPage","@id":"https:\/\/imker-aigen.at\/index.php\/2024\/09\/25\/stellungnahme-zur-geplanten-novelle-des-salzburger-naturschutzgesetzes\/","url":"https:\/\/imker-aigen.at\/index.php\/2024\/09\/25\/stellungnahme-zur-geplanten-novelle-des-salzburger-naturschutzgesetzes\/","name":"Stellungnahme zur geplanten Novelle des Salzburger Naturschutzgesetzes - Imker Ortsgruppe Salzburg Aigen","isPartOf":{"@id":"https:\/\/imker-aigen.at\/#website"},"primaryImageOfPage":{"@id":"https:\/\/imker-aigen.at\/index.php\/2024\/09\/25\/stellungnahme-zur-geplanten-novelle-des-salzburger-naturschutzgesetzes\/#primaryimage"},"image":{"@id":"https:\/\/imker-aigen.at\/index.php\/2024\/09\/25\/stellungnahme-zur-geplanten-novelle-des-salzburger-naturschutzgesetzes\/#primaryimage"},"thumbnailUrl":"https:\/\/imker-aigen.at\/wp-content\/uploads\/2024\/09\/wildflower-meadow_stop_small.jpg","datePublished":"2024-09-25T07:19:27+00:00","dateModified":"2024-10-02T19:03:26+00:00","description":"Stellungnahme des Imkervereins Salzburg Aigen zur geplanten Novelle des Salzburger Naturschutzgesetzes (Entmachtung der Umweltanwaltschaft)","breadcrumb":{"@id":"https:\/\/imker-aigen.at\/index.php\/2024\/09\/25\/stellungnahme-zur-geplanten-novelle-des-salzburger-naturschutzgesetzes\/#breadcrumb"},"inLanguage":"de","potentialAction":[{"@type":"ReadAction","target":["https:\/\/imker-aigen.at\/index.php\/2024\/09\/25\/stellungnahme-zur-geplanten-novelle-des-salzburger-naturschutzgesetzes\/"]}]},{"@type":"ImageObject","inLanguage":"de","@id":"https:\/\/imker-aigen.at\/index.php\/2024\/09\/25\/stellungnahme-zur-geplanten-novelle-des-salzburger-naturschutzgesetzes\/#primaryimage","url":"https:\/\/imker-aigen.at\/wp-content\/uploads\/2024\/09\/wildflower-meadow_stop_small.jpg","contentUrl":"https:\/\/imker-aigen.at\/wp-content\/uploads\/2024\/09\/wildflower-meadow_stop_small.jpg","width":400,"height":300},{"@type":"BreadcrumbList","@id":"https:\/\/imker-aigen.at\/index.php\/2024\/09\/25\/stellungnahme-zur-geplanten-novelle-des-salzburger-naturschutzgesetzes\/#breadcrumb","itemListElement":[{"@type":"ListItem","position":1,"name":"Startseite","item":"https:\/\/imker-aigen.at\/index.php\/home\/"},{"@type":"ListItem","position":2,"name":"Stellungnahme zur geplanten Novelle des Salzburger Naturschutzgesetzes"}]},{"@type":"WebSite","@id":"https:\/\/imker-aigen.at\/#website","url":"https:\/\/imker-aigen.at\/","name":"Imker Ortsgruppe Salzburg Aigen","description":"Homepage der Imker-Ortsgruppe Salzburg Aigen","publisher":{"@id":"https:\/\/imker-aigen.at\/#organization"},"potentialAction":[{"@type":"SearchAction","target":{"@type":"EntryPoint","urlTemplate":"https:\/\/imker-aigen.at\/?s={search_term_string}"},"query-input":{"@type":"PropertyValueSpecification","valueRequired":true,"valueName":"search_term_string"}}],"inLanguage":"de"},{"@type":"Organization","@id":"https:\/\/imker-aigen.at\/#organization","name":"Imker Ortsgruppe Salzburg Aigen","url":"https:\/\/imker-aigen.at\/","logo":{"@type":"ImageObject","inLanguage":"de","@id":"https:\/\/imker-aigen.at\/#\/schema\/logo\/image\/","url":"https:\/\/imker-aigen.at\/wp-content\/uploads\/2022\/08\/logo-1.png","contentUrl":"https:\/\/imker-aigen.at\/wp-content\/uploads\/2022\/08\/logo-1.png","width":392,"height":156,"caption":"Imker Ortsgruppe Salzburg Aigen"},"image":{"@id":"https:\/\/imker-aigen.at\/#\/schema\/logo\/image\/"}},{"@type":"Person","@id":"https:\/\/imker-aigen.at\/#\/schema\/person\/d7d0c3a8ef6f051d450781218ac83077","name":"admin","image":{"@type":"ImageObject","inLanguage":"de","@id":"https:\/\/secure.gravatar.com\/avatar\/925a7e918efd3cfdae29be9c0018a3ae3275cd0444a6e166241172bb6e5243c7?s=96&d=mm&r=g","url":"https:\/\/secure.gravatar.com\/avatar\/925a7e918efd3cfdae29be9c0018a3ae3275cd0444a6e166241172bb6e5243c7?s=96&d=mm&r=g","contentUrl":"https:\/\/secure.gravatar.com\/avatar\/925a7e918efd3cfdae29be9c0018a3ae3275cd0444a6e166241172bb6e5243c7?s=96&d=mm&r=g","caption":"admin"},"sameAs":["https:\/\/imker-aigen.at","linkedin.com\/in\/bernd-meierhofer-5919b62"],"url":"https:\/\/imker-aigen.at\/index.php\/author\/bmeierhofer\/"}]}},"_links":{"self":[{"href":"https:\/\/imker-aigen.at\/index.php\/wp-json\/wp\/v2\/posts\/6665","targetHints":{"allow":["GET"]}}],"collection":[{"href":"https:\/\/imker-aigen.at\/index.php\/wp-json\/wp\/v2\/posts"}],"about":[{"href":"https:\/\/imker-aigen.at\/index.php\/wp-json\/wp\/v2\/types\/post"}],"author":[{"embeddable":true,"href":"https:\/\/imker-aigen.at\/index.php\/wp-json\/wp\/v2\/users\/1"}],"replies":[{"embeddable":true,"href":"https:\/\/imker-aigen.at\/index.php\/wp-json\/wp\/v2\/comments?post=6665"}],"version-history":[{"count":24,"href":"https:\/\/imker-aigen.at\/index.php\/wp-json\/wp\/v2\/posts\/6665\/revisions"}],"predecessor-version":[{"id":6749,"href":"https:\/\/imker-aigen.at\/index.php\/wp-json\/wp\/v2\/posts\/6665\/revisions\/6749"}],"wp:featuredmedia":[{"embeddable":true,"href":"https:\/\/imker-aigen.at\/index.php\/wp-json\/wp\/v2\/media\/6670"}],"wp:attachment":[{"href":"https:\/\/imker-aigen.at\/index.php\/wp-json\/wp\/v2\/media?parent=6665"}],"wp:term":[{"taxonomy":"category","embeddable":true,"href":"https:\/\/imker-aigen.at\/index.php\/wp-json\/wp\/v2\/categories?post=6665"},{"taxonomy":"post_tag","embeddable":true,"href":"https:\/\/imker-aigen.at\/index.php\/wp-json\/wp\/v2\/tags?post=6665"}],"curies":[{"name":"wp","href":"https:\/\/api.w.org\/{rel}","templated":true}]}}