{"id":6715,"date":"2024-10-02T09:49:59","date_gmt":"2024-10-02T07:49:59","guid":{"rendered":"https:\/\/imker-aigen.at\/?p=6715"},"modified":"2024-11-06T18:15:29","modified_gmt":"2024-11-06T17:15:29","slug":"protokoll-vom-stammtisch-am-1-10-2024","status":"publish","type":"post","link":"https:\/\/imker-aigen.at\/index.php\/2024\/10\/02\/protokoll-vom-stammtisch-am-1-10-2024\/","title":{"rendered":"Protokoll vom Stammtisch am 1.10.2024"},"content":{"rendered":"<div  class='flex_column av-5e1b8b-0a95086bf65d878e392b44a2cb8a2a31 av_one_full  avia-builder-el-0  avia-builder-el-no-sibling  first flex_column_div  '     ><p>\n<style type=\"text\/css\" data-created_by=\"avia_inline_auto\" id=\"style-css-av-m1rkj631-d175f35ed9eeb3be6bf794af49defe16\">\n#top .av-special-heading.av-m1rkj631-d175f35ed9eeb3be6bf794af49defe16{\npadding-bottom:10px;\n}\nbody .av-special-heading.av-m1rkj631-d175f35ed9eeb3be6bf794af49defe16 .av-special-heading-tag .heading-char{\nfont-size:25px;\n}\n.av-special-heading.av-m1rkj631-d175f35ed9eeb3be6bf794af49defe16 .av-subheading{\nfont-size:15px;\n}\n<\/style>\n<div  class='av-special-heading av-m1rkj631-d175f35ed9eeb3be6bf794af49defe16 av-special-heading-h3 blockquote modern-quote modern-centered  avia-builder-el-1  el_before_av_hr  avia-builder-el-first '><h3 class='av-special-heading-tag '  itemprop=\"headline\"  >Protokoll vom Stammtisch am 1.10.2024<\/h3><div class=\"special-heading-border\"><div class=\"special-heading-inner-border\"><\/div><\/div><\/div><br \/>\n\n<style type=\"text\/css\" data-created_by=\"avia_inline_auto\" id=\"style-css-av-m1rkjd0i-fc12a280e35fd10f98b1d28756bca56f\">\n#top .hr.av-m1rkjd0i-fc12a280e35fd10f98b1d28756bca56f{\nmargin-top:30px;\nmargin-bottom:30px;\n}\n.hr.av-m1rkjd0i-fc12a280e35fd10f98b1d28756bca56f .hr-inner{\nwidth:50px;\nmax-width:45%;\n}\n<\/style>\n<div  class='hr av-m1rkjd0i-fc12a280e35fd10f98b1d28756bca56f hr-custom  avia-builder-el-2  el_after_av_heading  el_before_av_textblock  hr-center hr-icon-yes'><span class='hr-inner inner-border-av-border-thin'><span class=\"hr-inner-style\"><\/span><\/span><span class='av-seperator-icon avia-iconfont avia-font-entypo-fontello' data-av_icon='\ue8bf' data-av_iconfont='entypo-fontello' ><\/span><span class='hr-inner inner-border-av-border-thin'><span class=\"hr-inner-style\"><\/span><\/span><\/div><br \/>\n<section  class='av_textblock_section av-m1rkltwh-821b6501ba39c91b005b2dbfec3cd5c4 '   itemscope=\"itemscope\" itemtype=\"https:\/\/schema.org\/BlogPosting\" itemprop=\"blogPost\" ><div class='avia_textblock'  itemprop=\"text\" ><section class=\"av_textblock_section av-m0qbtbpd-3b3ef6d28fe85c5c8c56d325cfe4b2cd \">\n<div class=\"avia_textblock\">\n<p><span style=\"color: #999999;\">Ort: <a style=\"color: #999999;\" href=\"http:\/\/www.pliemgut.at\/\">Gasthaus Pliemgut<\/a><\/span><br \/>\n<span style=\"color: #999999;\"> Beginn: 19:15 Uhr<\/span><br \/>\n<span style=\"color: #999999;\"> Protokollf\u00fchrerin: Adelheid Speyer<\/span><\/p>\n<h3>Begr\u00fc\u00dfung<\/h3>\n<p>Der Stammtisch findet diesmal in sehr kleiner Runde statt. Wir d\u00fcrfen bei diesem Stammtisch aber auch wieder ein Mitglied vom <a href=\"https:\/\/www.imker-maxglan.at\/\">Imkerverein Salzburg Maxglan<\/a> sehr herzlich begr\u00fc\u00dfen!<\/p>\n<h3>Neuigkeiten<\/h3>\n<ul>\n<li><strong>Alte Termine<br \/>\n<\/strong>\u2013 14.9 120 Jahrfeier &#8211; siehe <a href=\"https:\/\/imker-aigen.at\/index.php\/2024\/09\/14\/bericht-ueber-unsere-120-jahrfeier-am-14-9-2024\/\">Bericht auf der Homepage<\/a><br \/>\n\u2013 19.9 Facharbeiter\/Meister Info-Veranstaltung im Imkerhof<br \/>\n\u2013 21.9 100 Jahre Imkerortsgruppe Ebenau \u2013 siehe <a href=\"https:\/\/imker-aigen.at\/index.php\/2024\/09\/21\/bericht-ueber-das-imkerfest-der-imker-ortsgruppe-ebenau-am-21-9-2024\/\">Bericht auf der Homepage<\/a><\/li>\n<li><strong>Res\u00fcmee \u00fcber unsere 120 Jahrfeier<br \/>\n<\/strong>Von unserem Verein sind leider nur wenige Mitglieder zu unserer eigenen 120-Jahr-Feier gekommen!<strong><br \/>\n<\/strong>Trotz des schlechten Wetters &#8211; noch nie gab es ein Imkerfest bei so schlechtem Wetter &#8211; gab es einige positive R\u00fcckmeldungen<strong><br \/>\n<\/strong>Das Fest hat den Verein 633,8 \u20ac gekostet (Musik, Tontechnik, Essen und Getr\u00e4nke der Musiker und der Ehreng\u00e4ste)<strong><br \/>\n<\/strong>Leider hatten wir einen gro\u00dfen Schwund bei den verkauften Produkten (1 Buch, 5 Flaschen Met \u2026)<\/li>\n<li><strong>Spende an die Opfer der Flutkatastrophe<\/strong><br \/>\n500 \u20ac wurden an <a href=\"https:\/\/helfen.orf.at\/index.html\">\u00d6sterreich hilft \u00d6sterreich<\/a> gespendet. Danke!<\/li>\n<li><strong>Honigpr\u00e4mierung<\/strong><br \/>\nEinsendeschluss f\u00fcr die Honige ist der 20.10.2024 (pro Sorte und Charge 2 Gl\u00e4ser zu je 500g). Die Pr\u00e4mierung findet am 15.12 beim Pointwirt in Scheffau statt (landesweite Jahresabschlussfeier)<\/li>\n<li><a href=\"https:\/\/imker-aigen.at\/index.php\/event\/pilger-und-studienreise-nach-padua-assisi-rom-und-modena\/\"><strong>Pilger- und Studienreise nach Rom, Assisi, Modena und Padua (7-15.3.2025)<\/strong><\/a> \u2013 Anmeldung bis 15.11.2024!<\/li>\n<li><strong>Jugendarbeit 2025<\/strong><br \/>\n&#8211; Elisabeth und Michael werden hier die Planung \u00fcbernehmen<br \/>\n&#8211; Anfragen der Schulen kommen \u00fcber unsere Homepage \u2013 Elisabeth nimmt dann Kontakt mit den Schulen auf<\/li>\n<li><strong>Aktuelle Informationen der Carnica Z\u00fcchter (Leistungspr\u00fcfung 2023\/24 der <a href=\"https:\/\/carnica-zuchtgruppe-salzburg.at\/\">Carnica Zuchtgruppe Salzburg<\/a>)<\/strong><br \/>\nLS1 + LS5: 2.600 Carnica K\u00f6niginnen wurden auf die beiden Belegstellen aufgefahren<br \/>\n550 K\u00f6niginnen auf die Carnica Begattungsstelle Eugendorfer Berg (42 Z\u00fcchter)<br \/>\nDie Imker der Umgebung nutzen die Belegstellen intensiv und besch\u00e4ftigen sich auch intensiv mit der Zucht<\/li>\n<li><a href=\"https:\/\/imker-aigen.at\/index.php\/2024\/09\/25\/stellungnahme-zur-geplanten-novelle-des-salzburger-naturschutzgesetzes\/\"><strong>\u00c4nderungen im Salzburger Naturschutzgesetz<\/strong><\/a><br \/>\nEntmachtung der LUA, \u00c4nderung bzgl. Mager- und Trockenwiesen<br \/>\nZusammenarbeit mit dem Naturschutzbund (Ingrid Eichberger)<br \/>\nEin Leserbrief von Bernd steht heute in den Salzburger Nachrichten.<br \/>\nDer Salzburger Landesverband f\u00fcr Imkerei und Bienenzucht wird keine Stellungnahme abgeben, da sich der Hauptausschuss gegen eine Stellungnahme ausgesprochen hat. Die Gef\u00e4hrdung von Mager- und Trockenstandorten wird als nicht so gravierend f\u00fcr die Imkerschaft eingesch\u00e4tzt (die Imker ernten ja auch gerne L\u00f6wenzahnhonig). Weiters wird eine K\u00fcrzung bzw. Streichung von F\u00f6rderungen bef\u00fcrchtet, wenn sich der Landesverband gegen die geplante Novelle des Naturschutzgesetzes ausspricht.<\/li>\n<li><strong>Online Imker-Flohmarkt<\/strong><br \/>\nBisher gibt es noch kein Interesse f\u00fcr die \u00fcber die Flohmarkt-WhatsApp Gruppe angebotenen Gegenst\u00e4nde. Sollte der Online-Flohmarkt in der kalten Jahreszeit nicht genutzt werden, werden wir diese Aktion im kommenden Fr\u00fchjahr wieder begraben.<\/li>\n<li><strong>Planung Adventmarkt (30.11 und 7.12.2024)<\/strong><br \/>\nWir starten nun mit der Detailplanung. Jedes Vereinsmitglied, welches beim Adventmarkt mitarbeiten kann und will, m\u00f6ge sich bitte in den n\u00e4chsten Tagen melden oder der Adventmarkt-WhatsApp Gruppe beitreten!<\/li>\n<li><strong>Vereins-Chronik<\/strong><br \/>\nDie Chronik des Vereins steht nun auch auf der Homepage &#8211; siehe <a href=\"https:\/\/imker-aigen.at\/index.php\/2024\/09\/20\/chronik-des-imkervereins-salzburg-aigen\/\">Chronik des Imkervereins Salzburg Aigen (1904 &#8211; 2024)<\/a><\/li>\n<li><strong>Nutzung der Vereinsh\u00fctte<br \/>\n<\/strong>31.7 w\u00e4re der Stichtag f\u00fcr die Nutzung der H\u00fctte im Folgejahr<strong>.<\/strong> Dieses Jahr m\u00fcssen wir die Nutzung der H\u00fctte aber neu planen, da Franzi und Pauli die H\u00fctte dieses Jahr verlassen bzw. schon verlassen haben.<strong><br \/>\n&#8211; <\/strong>Die restlichen 3 Bienenv\u00f6lker von Franzi bekommt nun Michaela Radauer. Dies ist sehr erfreulich, da Michaela damit im kommenden Jahr auch wieder aktive Imkerin ist<br \/>\n&#8211; Optimal w\u00e4re es, wenn wir die Vereinsh\u00fctte auch wieder als Vereinsh\u00fctte nutzen w\u00fcrden. 2 Vereinsmitglieder mit guter imkerlicher Praxis w\u00e4ren dann hauptverantwortlich f\u00fcr die H\u00fctte und w\u00fcrden diese mit bis zu 3 weiteren Vereinsmitgliedern (Auszubildende) betreuen. Bis zum n\u00e4chsten Stammtisch muss gekl\u00e4rt werden, wie das Team (2-5 Vereinsmitglieder) f\u00fcr das kommende Jahr aussehen wird. Bitte \u00fcberlegt, wer mitmachen kann und will!!!<br \/>\nFalls die H\u00fctte nicht als Vereinsh\u00fctte genutzt wird, m\u00fcssen wir versuchen, die H\u00fctte an einen Imker aus einer anderen Ortsgruppe zu vermieten oder wir m\u00fcssen die H\u00fctte abrei\u00dfen.<\/li>\n<li><strong>Ambrosiusfeier 2024 (4.12.2024)<\/strong><br \/>\n18:00 Uhr in der Pfarrkirche Aigen<br \/>\n19:30 Uhr Rechenwirt<br \/>\nWir bitten um eine rege Teilnahme!<\/li>\n<\/ul>\n<h3>N\u00e4chste Termine (siehe auch <a href=\"https:\/\/imker-aigen.at\/index.php\/events\/list\/\">Veranstaltungskalender<\/a>)<\/h3>\n<ul>\n<li><a href=\"https:\/\/imker-aigen.at\/index.php\/event\/30-salzburger-biofest\/\">5-6.10 30. Salzburger BIO-Fest<\/a><\/li>\n<li><a href=\"https:\/\/imker-aigen.at\/index.php\/event\/28-elsbethener-oktoberfest\/\">6.10 28. Elsbethener Oktoberfest<\/a><\/li>\n<li><a href=\"https:\/\/imker-aigen.at\/index.php\/event\/aufbluehn-exkursion-auf-dem-gaisberg\/\">11.10 Aufbl\u00fchn-Exkursion auf dem Gaisberg<\/a> (Anmeldung erbeten!)<\/li>\n<li><a href=\"https:\/\/imker-aigen.at\/index.php\/event\/funktionaersbesprechung-der-flachgauer-imker\/\">16.10 Funktion\u00e4rsbesprechung Flachgau<\/a><\/li>\n<li><a href=\"https:\/\/imker-aigen.at\/index.php\/event\/vis-meldeverpflichtung-oktober-stichtag-3\/\">31.10 VIS Meldung<\/a><\/li>\n<li><a href=\"https:\/\/imker-aigen.at\/index.php\/event\/stammtisch-5-november-2024\/\">5.11 Stammtisch<\/a><\/li>\n<\/ul>\n<h3>Diverses, Diskussion, Allf\u00e4lliges<\/h3>\n<ul>\n<li><strong>Hilfe bei der Vereinsarbeit (Es gibt viel zu tun. Packen wir\u2019s an!)<\/strong><br \/>\n\u2013 Carnica-Zuchtgruppe &#8211; hier gibt es nun auch einen <a href=\"https:\/\/imker-aigen.at\/index.php\/2024\/09\/20\/zucht-2024\/\">Bericht auf der Homepage \u00fcber die Zucht 2024<\/a><br \/>\n\u2013 Zusammenarbeit mit dem Naturschutzbund &#8211; Durch die geplante Novelle des Salzburger Naturschutzgesetzes war die Zusammenarbeit mit dem Naturschutzbund in den letzten Tagen sehr intensiv<br \/>\n\u2013 Social Media &#8211; hier k\u00f6nnte und sollte noch viel mehr gemacht werden!<\/li>\n<li><strong>Statuten\u00e4nderung<\/strong><br \/>\nGemeinn\u00fctzigkeit des Vereins unterstreichen -> Selbstlos<\/li>\n<li><strong>Unsere Homepage<\/strong><br \/>\nGeplant:<br \/>\n\u2013 Fotos von der Schwarmsaison<br \/>\n\u2013 Artikel \u00fcber alternative Beutensysteme \u2013 hier gibt es bereits einen Artikel, welcher noch erg\u00e4nzt und auf die Homepage gestellt werden muss<br \/>\n\u2013 Bienenprodukte: Honig \u2013 hier soll es in K\u00fcrze noch ein Artikel geben, passend zu den Artikeln \u00fcber <a href=\"https:\/\/imker-aigen.at\/index.php\/2022\/10\/18\/bienenwachs\/\">Bienenwachs<\/a> und <a href=\"https:\/\/imker-aigen.at\/index.php\/2022\/10\/18\/propolis\/\">Propolis<\/a><\/li>\n<li><strong>Ausfl\u00fcge bzw. Standbesuche im kommenden Jahr<\/strong><br \/>\n&#8211; Juni\/Juli 2025: Besuch von Brigitte D\u00f6rner (<a href=\"https:\/\/wild-gewachsen.at\/\">wild-gewachsen.at<\/a>)<br \/>\n-Besuch des Bienenstands von Josef Hutzinger in Muntigl (Bergheim)<\/li>\n<li><strong>Kommende Vortr\u00e4ge\/Info-Abende<\/strong><br \/>\n\u2013 Bernd wird mit Dr. Hannes Beims kl\u00e4ren, ob er zu unserer Jahreshauptversammlung im kommenden Jahr einen Vortrag halten kann und das Thema des Vortrags abstimmen<\/li>\n<li><strong>Bildung eines neuen Vorstands bis 2026<br \/>\n<\/strong>2026 wird unser Vorstand neu gew\u00e4hlt. Bernd ist der Ansicht, dass ein rechtzeitiger Wechsel des Vorstands frische Ideen und neue Perspektiven in die Vereinsarbeit einbringen und eine nachhaltige Weiterentwicklung sicherstellen wird. Bitte \u00fcberlegt euch daher, wer zuk\u00fcnftig eine Funktion im Verein \u00fcbernehmen kann und will. Der Verein kann nur so gut sein, wie die Zusammenarbeit aller Mitglieder des Vereins. Auf jeden Fall wollen wir uns fr\u00fchzeitig um diese Umstellung k\u00fcmmern, damit sie reibungslos vonstattengehen kann.<\/li>\n<\/ul>\n<h3>Imkern im Oktober (<a href=\"https:\/\/imker-aigen.at\/index.php\/monatsbetrachtung-oktober\/\">Monatsbetrachtung Oktober<\/a>)<\/h3>\n<ul>\n<li>Imkern in Zeiten des Klimawandels<br \/>\nSchon einige Varroasch\u00e4den wurden von den Vereinsmitgliedern gemeldet!<br \/>\nSchwache V\u00f6lker jetzt aufl\u00f6sen!<br \/>\nK\u00f6niginnen-Tausch geht jetzt auch noch sehr gut (Hutzinger Sepp hat in den letzten Tagen 30 V\u00f6lker erfolgreich umgeweiselt).<br \/>\nDie Beuten-Deckel sollten jetzt gut isoliert werden!<br \/>\nDie Bienenv\u00f6lker sollten nun ausreichend Futter haben. Daher das Futtergeschirr entfernen und gut reinigen.<\/li>\n<\/ul>\n<\/div>\n<\/section>\n<\/div><\/section><br \/>\n<div  class='av-social-sharing-box av-41mcbf-3c5175496f26142146df90d53ec98187 av-social-sharing-box-default  avia-builder-el-4  el_after_av_textblock  el_before_av_comments_list  av-social-sharing-box-fullwidth'><div class=\"av-share-box\"><h5 class='av-share-link-description av-no-toc '>Eintrag teilen<\/h5><ul class=\"av-share-box-list noLightbox\"><li class='av-share-link av-social-link-facebook avia_social_iconfont' ><a target=\"_blank\" aria-label=\"Teilen auf Facebook\" href='https:\/\/www.facebook.com\/sharer.php?u=https:\/\/imker-aigen.at\/index.php\/2024\/10\/02\/protokoll-vom-stammtisch-am-1-10-2024\/&#038;t=Protokoll%20vom%20Stammtisch%20am%201.10.2024' data-av_icon='\ue8f3' data-av_iconfont='entypo-fontello'  title='' data-avia-related-tooltip='Teilen auf Facebook'><span class='avia_hidden_link_text'>Teilen auf Facebook<\/span><\/a><\/li><li class='av-share-link av-social-link-twitter avia_social_iconfont' ><a target=\"_blank\" aria-label=\"Teilen auf X\" href='https:\/\/twitter.com\/share?text=Protokoll%20vom%20Stammtisch%20am%201.10.2024&#038;url=https:\/\/imker-aigen.at\/?p=6715' data-av_icon='\ue932' data-av_iconfont='entypo-fontello'  title='' data-avia-related-tooltip='Teilen auf X'><span class='avia_hidden_link_text'>Teilen auf X<\/span><\/a><\/li><li class='av-share-link av-social-link-whatsapp avia_social_iconfont' ><a target=\"_blank\" aria-label=\"Teilen auf WhatsApp\" href='https:\/\/api.whatsapp.com\/send?text=https:\/\/imker-aigen.at\/index.php\/2024\/10\/02\/protokoll-vom-stammtisch-am-1-10-2024\/' data-av_icon='\uf232' data-av_iconfont='entypo-fontello'  title='' data-avia-related-tooltip='Teilen auf WhatsApp'><span class='avia_hidden_link_text'>Teilen auf WhatsApp<\/span><\/a><\/li><li class='av-share-link av-social-link-pinterest avia_social_iconfont' ><a target=\"_blank\" aria-label=\"Teilen auf Pinterest\" href='https:\/\/pinterest.com\/pin\/create\/button\/?url=https%3A%2F%2Fimker-aigen.at%2Findex.php%2F2024%2F10%2F02%2Fprotokoll-vom-stammtisch-am-1-10-2024%2F&#038;description=Protokoll%20vom%20Stammtisch%20am%201.10.2024&#038;media=https%3A%2F%2Fimker-aigen.at%2Fwp-content%2Fuploads%2F2022%2F08%2Fglasses-beer-1.jpg' data-av_icon='\ue8f8' data-av_iconfont='entypo-fontello'  title='' data-avia-related-tooltip='Teilen auf Pinterest'><span class='avia_hidden_link_text'>Teilen auf Pinterest<\/span><\/a><\/li><li class='av-share-link av-social-link-linkedin avia_social_iconfont' ><a target=\"_blank\" aria-label=\"Teilen auf LinkedIn\" href='https:\/\/linkedin.com\/shareArticle?mini=true&#038;title=Protokoll%20vom%20Stammtisch%20am%201.10.2024&#038;url=https:\/\/imker-aigen.at\/index.php\/2024\/10\/02\/protokoll-vom-stammtisch-am-1-10-2024\/' data-av_icon='\ue8fc' data-av_iconfont='entypo-fontello'  title='' data-avia-related-tooltip='Teilen auf LinkedIn'><span class='avia_hidden_link_text'>Teilen auf LinkedIn<\/span><\/a><\/li><li class='av-share-link av-social-link-reddit avia_social_iconfont' ><a target=\"_blank\" aria-label=\"Teilen auf Reddit\" href='https:\/\/reddit.com\/submit?url=https:\/\/imker-aigen.at\/index.php\/2024\/10\/02\/protokoll-vom-stammtisch-am-1-10-2024\/&#038;title=Protokoll%20vom%20Stammtisch%20am%201.10.2024' data-av_icon='\ue927' data-av_iconfont='entypo-fontello'  title='' data-avia-related-tooltip='Teilen auf Reddit'><span class='avia_hidden_link_text'>Teilen auf Reddit<\/span><\/a><\/li><li class='av-share-link av-social-link-mail avia_social_iconfont' ><a  aria-label=\"Per E-Mail teilen\" href='mailto:?subject=Protokoll%20vom%20Stammtisch%20am%201.10.2024&#038;body=https:\/\/imker-aigen.at\/index.php\/2024\/10\/02\/protokoll-vom-stammtisch-am-1-10-2024\/' data-av_icon='\ue805' data-av_iconfont='entypo-fontello'  title='' data-avia-related-tooltip='Per E-Mail teilen'><span class='avia_hidden_link_text'>Per E-Mail teilen<\/span><\/a><\/li><\/ul><\/div><\/div><br \/>\n<div  class='av-buildercomment av-2dtkbf-2242fd5b833d1d1d5655e4a5551810c6'><\/div><\/p><\/div>\n","protected":false},"excerpt":{"rendered":"","protected":false},"author":1,"featured_media":621,"comment_status":"open","ping_status":"closed","sticky":false,"template":"","format":"standard","meta":{"footnotes":""},"categories":[18,2],"tags":[],"class_list":["post-6715","post","type-post","status-publish","format-standard","has-post-thumbnail","hentry","category-alte-veranstaltungen","category-news"],"yoast_head":"<!-- This site is optimized with the Yoast SEO plugin v27.4 - https:\/\/yoast.com\/product\/yoast-seo-wordpress\/ -->\n<title>Protokoll vom Stammtisch am 1.10.2024 - Imker Ortsgruppe Salzburg Aigen<\/title>\n<meta name=\"robots\" content=\"index, follow, max-snippet:-1, max-image-preview:large, max-video-preview:-1\" \/>\n<link rel=\"canonical\" href=\"https:\/\/imker-aigen.at\/index.php\/2024\/10\/02\/protokoll-vom-stammtisch-am-1-10-2024\/\" \/>\n<meta property=\"og:locale\" content=\"de_DE\" \/>\n<meta property=\"og:type\" content=\"article\" \/>\n<meta property=\"og:title\" content=\"Protokoll vom Stammtisch am 1.10.2024 - Imker Ortsgruppe Salzburg Aigen\" \/>\n<meta property=\"og:url\" content=\"https:\/\/imker-aigen.at\/index.php\/2024\/10\/02\/protokoll-vom-stammtisch-am-1-10-2024\/\" \/>\n<meta property=\"og:site_name\" content=\"Imker Ortsgruppe Salzburg Aigen\" \/>\n<meta property=\"article:published_time\" content=\"2024-10-02T07:49:59+00:00\" \/>\n<meta property=\"article:modified_time\" content=\"2024-11-06T17:15:29+00:00\" \/>\n<meta property=\"og:image\" content=\"https:\/\/imker-aigen.at\/wp-content\/uploads\/2022\/08\/glasses-beer-1.jpg\" \/>\n\t<meta property=\"og:image:width\" content=\"180\" \/>\n\t<meta property=\"og:image:height\" content=\"241\" \/>\n\t<meta property=\"og:image:type\" content=\"image\/jpeg\" \/>\n<meta name=\"author\" content=\"admin\" \/>\n<meta name=\"twitter:card\" content=\"summary_large_image\" \/>\n<meta name=\"twitter:label1\" content=\"Verfasst von\" \/>\n\t<meta name=\"twitter:data1\" content=\"admin\" \/>\n\t<meta name=\"twitter:label2\" content=\"Gesch\u00e4tzte Lesezeit\" \/>\n\t<meta name=\"twitter:data2\" content=\"6\u00a0Minuten\" \/>\n<script type=\"application\/ld+json\" class=\"yoast-schema-graph\">{\"@context\":\"https:\\\/\\\/schema.org\",\"@graph\":[{\"@type\":\"Article\",\"@id\":\"https:\\\/\\\/imker-aigen.at\\\/index.php\\\/2024\\\/10\\\/02\\\/protokoll-vom-stammtisch-am-1-10-2024\\\/#article\",\"isPartOf\":{\"@id\":\"https:\\\/\\\/imker-aigen.at\\\/index.php\\\/2024\\\/10\\\/02\\\/protokoll-vom-stammtisch-am-1-10-2024\\\/\"},\"author\":{\"name\":\"admin\",\"@id\":\"https:\\\/\\\/imker-aigen.at\\\/#\\\/schema\\\/person\\\/d7d0c3a8ef6f051d450781218ac83077\"},\"headline\":\"Protokoll vom Stammtisch am 1.10.2024\",\"datePublished\":\"2024-10-02T07:49:59+00:00\",\"dateModified\":\"2024-11-06T17:15:29+00:00\",\"mainEntityOfPage\":{\"@id\":\"https:\\\/\\\/imker-aigen.at\\\/index.php\\\/2024\\\/10\\\/02\\\/protokoll-vom-stammtisch-am-1-10-2024\\\/\"},\"wordCount\":1746,\"commentCount\":0,\"publisher\":{\"@id\":\"https:\\\/\\\/imker-aigen.at\\\/#organization\"},\"image\":{\"@id\":\"https:\\\/\\\/imker-aigen.at\\\/index.php\\\/2024\\\/10\\\/02\\\/protokoll-vom-stammtisch-am-1-10-2024\\\/#primaryimage\"},\"thumbnailUrl\":\"https:\\\/\\\/imker-aigen.at\\\/wp-content\\\/uploads\\\/2022\\\/08\\\/glasses-beer-1.jpg\",\"articleSection\":[\"Alte Veranstaltungen\",\"News\"],\"inLanguage\":\"de\",\"potentialAction\":[{\"@type\":\"CommentAction\",\"name\":\"Comment\",\"target\":[\"https:\\\/\\\/imker-aigen.at\\\/index.php\\\/2024\\\/10\\\/02\\\/protokoll-vom-stammtisch-am-1-10-2024\\\/#respond\"]}]},{\"@type\":\"WebPage\",\"@id\":\"https:\\\/\\\/imker-aigen.at\\\/index.php\\\/2024\\\/10\\\/02\\\/protokoll-vom-stammtisch-am-1-10-2024\\\/\",\"url\":\"https:\\\/\\\/imker-aigen.at\\\/index.php\\\/2024\\\/10\\\/02\\\/protokoll-vom-stammtisch-am-1-10-2024\\\/\",\"name\":\"Protokoll vom Stammtisch am 1.10.2024 - Imker Ortsgruppe Salzburg Aigen\",\"isPartOf\":{\"@id\":\"https:\\\/\\\/imker-aigen.at\\\/#website\"},\"primaryImageOfPage\":{\"@id\":\"https:\\\/\\\/imker-aigen.at\\\/index.php\\\/2024\\\/10\\\/02\\\/protokoll-vom-stammtisch-am-1-10-2024\\\/#primaryimage\"},\"image\":{\"@id\":\"https:\\\/\\\/imker-aigen.at\\\/index.php\\\/2024\\\/10\\\/02\\\/protokoll-vom-stammtisch-am-1-10-2024\\\/#primaryimage\"},\"thumbnailUrl\":\"https:\\\/\\\/imker-aigen.at\\\/wp-content\\\/uploads\\\/2022\\\/08\\\/glasses-beer-1.jpg\",\"datePublished\":\"2024-10-02T07:49:59+00:00\",\"dateModified\":\"2024-11-06T17:15:29+00:00\",\"breadcrumb\":{\"@id\":\"https:\\\/\\\/imker-aigen.at\\\/index.php\\\/2024\\\/10\\\/02\\\/protokoll-vom-stammtisch-am-1-10-2024\\\/#breadcrumb\"},\"inLanguage\":\"de\",\"potentialAction\":[{\"@type\":\"ReadAction\",\"target\":[\"https:\\\/\\\/imker-aigen.at\\\/index.php\\\/2024\\\/10\\\/02\\\/protokoll-vom-stammtisch-am-1-10-2024\\\/\"]}]},{\"@type\":\"ImageObject\",\"inLanguage\":\"de\",\"@id\":\"https:\\\/\\\/imker-aigen.at\\\/index.php\\\/2024\\\/10\\\/02\\\/protokoll-vom-stammtisch-am-1-10-2024\\\/#primaryimage\",\"url\":\"https:\\\/\\\/imker-aigen.at\\\/wp-content\\\/uploads\\\/2022\\\/08\\\/glasses-beer-1.jpg\",\"contentUrl\":\"https:\\\/\\\/imker-aigen.at\\\/wp-content\\\/uploads\\\/2022\\\/08\\\/glasses-beer-1.jpg\",\"width\":180,\"height\":241,\"caption\":\"Bier\"},{\"@type\":\"BreadcrumbList\",\"@id\":\"https:\\\/\\\/imker-aigen.at\\\/index.php\\\/2024\\\/10\\\/02\\\/protokoll-vom-stammtisch-am-1-10-2024\\\/#breadcrumb\",\"itemListElement\":[{\"@type\":\"ListItem\",\"position\":1,\"name\":\"Startseite\",\"item\":\"https:\\\/\\\/imker-aigen.at\\\/index.php\\\/home\\\/\"},{\"@type\":\"ListItem\",\"position\":2,\"name\":\"Protokoll vom Stammtisch am 1.10.2024\"}]},{\"@type\":\"WebSite\",\"@id\":\"https:\\\/\\\/imker-aigen.at\\\/#website\",\"url\":\"https:\\\/\\\/imker-aigen.at\\\/\",\"name\":\"Imker Ortsgruppe Salzburg Aigen\",\"description\":\"Homepage der Imker-Ortsgruppe Salzburg Aigen\",\"publisher\":{\"@id\":\"https:\\\/\\\/imker-aigen.at\\\/#organization\"},\"potentialAction\":[{\"@type\":\"SearchAction\",\"target\":{\"@type\":\"EntryPoint\",\"urlTemplate\":\"https:\\\/\\\/imker-aigen.at\\\/?s={search_term_string}\"},\"query-input\":{\"@type\":\"PropertyValueSpecification\",\"valueRequired\":true,\"valueName\":\"search_term_string\"}}],\"inLanguage\":\"de\"},{\"@type\":\"Organization\",\"@id\":\"https:\\\/\\\/imker-aigen.at\\\/#organization\",\"name\":\"Imker Ortsgruppe Salzburg Aigen\",\"url\":\"https:\\\/\\\/imker-aigen.at\\\/\",\"logo\":{\"@type\":\"ImageObject\",\"inLanguage\":\"de\",\"@id\":\"https:\\\/\\\/imker-aigen.at\\\/#\\\/schema\\\/logo\\\/image\\\/\",\"url\":\"https:\\\/\\\/imker-aigen.at\\\/wp-content\\\/uploads\\\/2022\\\/08\\\/logo-1.png\",\"contentUrl\":\"https:\\\/\\\/imker-aigen.at\\\/wp-content\\\/uploads\\\/2022\\\/08\\\/logo-1.png\",\"width\":392,\"height\":156,\"caption\":\"Imker Ortsgruppe Salzburg Aigen\"},\"image\":{\"@id\":\"https:\\\/\\\/imker-aigen.at\\\/#\\\/schema\\\/logo\\\/image\\\/\"}},{\"@type\":\"Person\",\"@id\":\"https:\\\/\\\/imker-aigen.at\\\/#\\\/schema\\\/person\\\/d7d0c3a8ef6f051d450781218ac83077\",\"name\":\"admin\",\"image\":{\"@type\":\"ImageObject\",\"inLanguage\":\"de\",\"@id\":\"https:\\\/\\\/secure.gravatar.com\\\/avatar\\\/925a7e918efd3cfdae29be9c0018a3ae3275cd0444a6e166241172bb6e5243c7?s=96&d=mm&r=g\",\"url\":\"https:\\\/\\\/secure.gravatar.com\\\/avatar\\\/925a7e918efd3cfdae29be9c0018a3ae3275cd0444a6e166241172bb6e5243c7?s=96&d=mm&r=g\",\"contentUrl\":\"https:\\\/\\\/secure.gravatar.com\\\/avatar\\\/925a7e918efd3cfdae29be9c0018a3ae3275cd0444a6e166241172bb6e5243c7?s=96&d=mm&r=g\",\"caption\":\"admin\"},\"sameAs\":[\"https:\\\/\\\/imker-aigen.at\",\"linkedin.com\\\/in\\\/bernd-meierhofer-5919b62\"],\"url\":\"https:\\\/\\\/imker-aigen.at\\\/index.php\\\/author\\\/bmeierhofer\\\/\"}]}<\/script>\n<!-- \/ Yoast SEO plugin. -->","yoast_head_json":{"title":"Protokoll vom Stammtisch am 1.10.2024 - Imker Ortsgruppe Salzburg Aigen","robots":{"index":"index","follow":"follow","max-snippet":"max-snippet:-1","max-image-preview":"max-image-preview:large","max-video-preview":"max-video-preview:-1"},"canonical":"https:\/\/imker-aigen.at\/index.php\/2024\/10\/02\/protokoll-vom-stammtisch-am-1-10-2024\/","og_locale":"de_DE","og_type":"article","og_title":"Protokoll vom Stammtisch am 1.10.2024 - Imker Ortsgruppe Salzburg Aigen","og_url":"https:\/\/imker-aigen.at\/index.php\/2024\/10\/02\/protokoll-vom-stammtisch-am-1-10-2024\/","og_site_name":"Imker Ortsgruppe Salzburg Aigen","article_published_time":"2024-10-02T07:49:59+00:00","article_modified_time":"2024-11-06T17:15:29+00:00","og_image":[{"width":180,"height":241,"url":"https:\/\/imker-aigen.at\/wp-content\/uploads\/2022\/08\/glasses-beer-1.jpg","type":"image\/jpeg"}],"author":"admin","twitter_card":"summary_large_image","twitter_misc":{"Verfasst von":"admin","Gesch\u00e4tzte Lesezeit":"6\u00a0Minuten"},"schema":{"@context":"https:\/\/schema.org","@graph":[{"@type":"Article","@id":"https:\/\/imker-aigen.at\/index.php\/2024\/10\/02\/protokoll-vom-stammtisch-am-1-10-2024\/#article","isPartOf":{"@id":"https:\/\/imker-aigen.at\/index.php\/2024\/10\/02\/protokoll-vom-stammtisch-am-1-10-2024\/"},"author":{"name":"admin","@id":"https:\/\/imker-aigen.at\/#\/schema\/person\/d7d0c3a8ef6f051d450781218ac83077"},"headline":"Protokoll vom Stammtisch am 1.10.2024","datePublished":"2024-10-02T07:49:59+00:00","dateModified":"2024-11-06T17:15:29+00:00","mainEntityOfPage":{"@id":"https:\/\/imker-aigen.at\/index.php\/2024\/10\/02\/protokoll-vom-stammtisch-am-1-10-2024\/"},"wordCount":1746,"commentCount":0,"publisher":{"@id":"https:\/\/imker-aigen.at\/#organization"},"image":{"@id":"https:\/\/imker-aigen.at\/index.php\/2024\/10\/02\/protokoll-vom-stammtisch-am-1-10-2024\/#primaryimage"},"thumbnailUrl":"https:\/\/imker-aigen.at\/wp-content\/uploads\/2022\/08\/glasses-beer-1.jpg","articleSection":["Alte Veranstaltungen","News"],"inLanguage":"de","potentialAction":[{"@type":"CommentAction","name":"Comment","target":["https:\/\/imker-aigen.at\/index.php\/2024\/10\/02\/protokoll-vom-stammtisch-am-1-10-2024\/#respond"]}]},{"@type":"WebPage","@id":"https:\/\/imker-aigen.at\/index.php\/2024\/10\/02\/protokoll-vom-stammtisch-am-1-10-2024\/","url":"https:\/\/imker-aigen.at\/index.php\/2024\/10\/02\/protokoll-vom-stammtisch-am-1-10-2024\/","name":"Protokoll vom Stammtisch am 1.10.2024 - Imker Ortsgruppe Salzburg Aigen","isPartOf":{"@id":"https:\/\/imker-aigen.at\/#website"},"primaryImageOfPage":{"@id":"https:\/\/imker-aigen.at\/index.php\/2024\/10\/02\/protokoll-vom-stammtisch-am-1-10-2024\/#primaryimage"},"image":{"@id":"https:\/\/imker-aigen.at\/index.php\/2024\/10\/02\/protokoll-vom-stammtisch-am-1-10-2024\/#primaryimage"},"thumbnailUrl":"https:\/\/imker-aigen.at\/wp-content\/uploads\/2022\/08\/glasses-beer-1.jpg","datePublished":"2024-10-02T07:49:59+00:00","dateModified":"2024-11-06T17:15:29+00:00","breadcrumb":{"@id":"https:\/\/imker-aigen.at\/index.php\/2024\/10\/02\/protokoll-vom-stammtisch-am-1-10-2024\/#breadcrumb"},"inLanguage":"de","potentialAction":[{"@type":"ReadAction","target":["https:\/\/imker-aigen.at\/index.php\/2024\/10\/02\/protokoll-vom-stammtisch-am-1-10-2024\/"]}]},{"@type":"ImageObject","inLanguage":"de","@id":"https:\/\/imker-aigen.at\/index.php\/2024\/10\/02\/protokoll-vom-stammtisch-am-1-10-2024\/#primaryimage","url":"https:\/\/imker-aigen.at\/wp-content\/uploads\/2022\/08\/glasses-beer-1.jpg","contentUrl":"https:\/\/imker-aigen.at\/wp-content\/uploads\/2022\/08\/glasses-beer-1.jpg","width":180,"height":241,"caption":"Bier"},{"@type":"BreadcrumbList","@id":"https:\/\/imker-aigen.at\/index.php\/2024\/10\/02\/protokoll-vom-stammtisch-am-1-10-2024\/#breadcrumb","itemListElement":[{"@type":"ListItem","position":1,"name":"Startseite","item":"https:\/\/imker-aigen.at\/index.php\/home\/"},{"@type":"ListItem","position":2,"name":"Protokoll vom Stammtisch am 1.10.2024"}]},{"@type":"WebSite","@id":"https:\/\/imker-aigen.at\/#website","url":"https:\/\/imker-aigen.at\/","name":"Imker Ortsgruppe Salzburg Aigen","description":"Homepage der Imker-Ortsgruppe Salzburg Aigen","publisher":{"@id":"https:\/\/imker-aigen.at\/#organization"},"potentialAction":[{"@type":"SearchAction","target":{"@type":"EntryPoint","urlTemplate":"https:\/\/imker-aigen.at\/?s={search_term_string}"},"query-input":{"@type":"PropertyValueSpecification","valueRequired":true,"valueName":"search_term_string"}}],"inLanguage":"de"},{"@type":"Organization","@id":"https:\/\/imker-aigen.at\/#organization","name":"Imker Ortsgruppe Salzburg Aigen","url":"https:\/\/imker-aigen.at\/","logo":{"@type":"ImageObject","inLanguage":"de","@id":"https:\/\/imker-aigen.at\/#\/schema\/logo\/image\/","url":"https:\/\/imker-aigen.at\/wp-content\/uploads\/2022\/08\/logo-1.png","contentUrl":"https:\/\/imker-aigen.at\/wp-content\/uploads\/2022\/08\/logo-1.png","width":392,"height":156,"caption":"Imker Ortsgruppe Salzburg Aigen"},"image":{"@id":"https:\/\/imker-aigen.at\/#\/schema\/logo\/image\/"}},{"@type":"Person","@id":"https:\/\/imker-aigen.at\/#\/schema\/person\/d7d0c3a8ef6f051d450781218ac83077","name":"admin","image":{"@type":"ImageObject","inLanguage":"de","@id":"https:\/\/secure.gravatar.com\/avatar\/925a7e918efd3cfdae29be9c0018a3ae3275cd0444a6e166241172bb6e5243c7?s=96&d=mm&r=g","url":"https:\/\/secure.gravatar.com\/avatar\/925a7e918efd3cfdae29be9c0018a3ae3275cd0444a6e166241172bb6e5243c7?s=96&d=mm&r=g","contentUrl":"https:\/\/secure.gravatar.com\/avatar\/925a7e918efd3cfdae29be9c0018a3ae3275cd0444a6e166241172bb6e5243c7?s=96&d=mm&r=g","caption":"admin"},"sameAs":["https:\/\/imker-aigen.at","linkedin.com\/in\/bernd-meierhofer-5919b62"],"url":"https:\/\/imker-aigen.at\/index.php\/author\/bmeierhofer\/"}]}},"_links":{"self":[{"href":"https:\/\/imker-aigen.at\/index.php\/wp-json\/wp\/v2\/posts\/6715","targetHints":{"allow":["GET"]}}],"collection":[{"href":"https:\/\/imker-aigen.at\/index.php\/wp-json\/wp\/v2\/posts"}],"about":[{"href":"https:\/\/imker-aigen.at\/index.php\/wp-json\/wp\/v2\/types\/post"}],"author":[{"embeddable":true,"href":"https:\/\/imker-aigen.at\/index.php\/wp-json\/wp\/v2\/users\/1"}],"replies":[{"embeddable":true,"href":"https:\/\/imker-aigen.at\/index.php\/wp-json\/wp\/v2\/comments?post=6715"}],"version-history":[{"count":33,"href":"https:\/\/imker-aigen.at\/index.php\/wp-json\/wp\/v2\/posts\/6715\/revisions"}],"predecessor-version":[{"id":6919,"href":"https:\/\/imker-aigen.at\/index.php\/wp-json\/wp\/v2\/posts\/6715\/revisions\/6919"}],"wp:featuredmedia":[{"embeddable":true,"href":"https:\/\/imker-aigen.at\/index.php\/wp-json\/wp\/v2\/media\/621"}],"wp:attachment":[{"href":"https:\/\/imker-aigen.at\/index.php\/wp-json\/wp\/v2\/media?parent=6715"}],"wp:term":[{"taxonomy":"category","embeddable":true,"href":"https:\/\/imker-aigen.at\/index.php\/wp-json\/wp\/v2\/categories?post=6715"},{"taxonomy":"post_tag","embeddable":true,"href":"https:\/\/imker-aigen.at\/index.php\/wp-json\/wp\/v2\/tags?post=6715"}],"curies":[{"name":"wp","href":"https:\/\/api.w.org\/{rel}","templated":true}]}}