{"id":7000,"date":"2024-11-18T13:07:52","date_gmt":"2024-11-18T12:07:52","guid":{"rendered":"https:\/\/imker-aigen.at\/?p=7000"},"modified":"2024-11-18T19:56:46","modified_gmt":"2024-11-18T18:56:46","slug":"gold-fuer-den-honig-von-paul-haslauer","status":"publish","type":"post","link":"https:\/\/imker-aigen.at\/index.php\/2024\/11\/18\/gold-fuer-den-honig-von-paul-haslauer\/","title":{"rendered":"Gold f\u00fcr den Honig von Paul Haslauer"},"content":{"rendered":"<div  class='flex_column av-6t30uw-18e4e0d8a26085f68865bfad9a94f580 av_one_full  avia-builder-el-0  avia-builder-el-no-sibling  first flex_column_div  '     ><p>\n<style type=\"text\/css\" data-created_by=\"avia_inline_auto\" id=\"style-css-av-m3mzf0gg-cd5a79b3c7295e983b483de5330bec87\">\n#top .av-special-heading.av-m3mzf0gg-cd5a79b3c7295e983b483de5330bec87{\npadding-bottom:10px;\n}\nbody .av-special-heading.av-m3mzf0gg-cd5a79b3c7295e983b483de5330bec87 .av-special-heading-tag .heading-char{\nfont-size:25px;\n}\n.av-special-heading.av-m3mzf0gg-cd5a79b3c7295e983b483de5330bec87 .av-subheading{\nfont-size:15px;\n}\n<\/style>\n<div  class='av-special-heading av-m3mzf0gg-cd5a79b3c7295e983b483de5330bec87 av-special-heading-h3 blockquote modern-quote modern-centered  avia-builder-el-1  el_before_av_horizontal_gallery  avia-builder-el-no-sibling '><h3 class='av-special-heading-tag '  itemprop=\"headline\"  >Gold f\u00fcr den Honig von Paul Haslauer<\/h3><div class=\"special-heading-border\"><div class=\"special-heading-inner-border\"><\/div><\/div><\/div><br \/>\n\n<style type=\"text\/css\" data-created_by=\"avia_inline_auto\" id=\"style-css-av-m3n0oe9l-3a2807434296f9e8f1cc2f639a7dc0a5\">\n.av-horizontal-gallery.av-m3n0oe9l-3a2807434296f9e8f1cc2f639a7dc0a5{\npadding:3.75% 0px;;\n}\n.av-horizontal-gallery.av-m3n0oe9l-3a2807434296f9e8f1cc2f639a7dc0a5 .av-horizontal-gallery-inner{\npadding-bottom:25%;\n}\n<\/style>\n<div  class='av-horizontal-gallery av-m3n0oe9l-3a2807434296f9e8f1cc2f639a7dc0a5 av-horizontal-gallery-large-gap av-horizontal-gallery-enlarge-effect  avia-builder-el-2  el_after_av_heading  el_before_av_hr  av-slideshow-ui av-control-default av-slideshow-manual av-loop-once av-loop-manual-once av-horizontal-gallery-1' data-slideshow-data=\"{&quot;enlarge&quot;:1.3,&quot;animation&quot;:&quot;slide&quot;,&quot;autoplay&quot;:false,&quot;loop_autoplay&quot;:&quot;once&quot;,&quot;interval&quot;:5,&quot;loop_manual&quot;:&quot;manual-once&quot;,&quot;autoplay_stopper&quot;:false,&quot;noNavigation&quot;:false,&quot;bg_slider&quot;:false,&quot;keep_padding&quot;:&quot;&quot;,&quot;hoverpause&quot;:false,&quot;show_slide_delay&quot;:0}\"  itemprop=\"image\" itemscope=\"itemscope\" itemtype=\"https:\/\/schema.org\/ImageObject\" ><div class='avia-slideshow-arrows avia-slideshow-controls' ><a href='#prev' class='prev-slide av-horizontal-gallery-prev avia-svg-icon avia-font-svg_entypo-fontello' data-av_svg_icon='left-open-big' data-av_iconset='svg_entypo-fontello' tabindex='-1' title=\"Zur\u00fcck\"><svg version=\"1.1\" xmlns=\"http:\/\/www.w3.org\/2000\/svg\" width=\"15\" height=\"32\" viewBox=\"0 0 15 32\" preserveAspectRatio=\"xMidYMid meet\" aria-labelledby='av-svg-title-1' aria-describedby='av-svg-desc-1' role=\"graphics-symbol\" aria-hidden=\"true\">\n<title id='av-svg-title-1'>Zur\u00fcck<\/title>\n<desc id='av-svg-desc-1'>Zur\u00fcck<\/desc>\n<path d=\"M14.464 27.84q0.832 0.832 0 1.536-0.832 0.832-1.536 0l-12.544-12.608q-0.768-0.768 0-1.6l12.544-12.608q0.704-0.832 1.536 0 0.832 0.704 0 1.536l-11.456 11.904z\"><\/path>\n<\/svg><span class='avia_hidden_link_text'>Zur\u00fcck<\/span><\/a><a href='#next' class='next-slide av-horizontal-gallery-next avia-svg-icon avia-font-svg_entypo-fontello' data-av_svg_icon='right-open-big' data-av_iconset='svg_entypo-fontello' tabindex='-1' title=\"Weiter\"><svg version=\"1.1\" xmlns=\"http:\/\/www.w3.org\/2000\/svg\" width=\"15\" height=\"32\" viewBox=\"0 0 15 32\" preserveAspectRatio=\"xMidYMid meet\" aria-labelledby='av-svg-title-2' aria-describedby='av-svg-desc-2' role=\"graphics-symbol\" aria-hidden=\"true\">\n<title id='av-svg-title-2'>Weiter<\/title>\n<desc id='av-svg-desc-2'>Weiter<\/desc>\n<path d=\"M0.416 27.84l11.456-11.84-11.456-11.904q-0.832-0.832 0-1.536 0.832-0.832 1.536 0l12.544 12.608q0.768 0.832 0 1.6l-12.544 12.608q-0.704 0.832-1.536 0-0.832-0.704 0-1.536z\"><\/path>\n<\/svg><span class='avia_hidden_link_text'>Weiter<\/span><\/a><\/div><div class='avia-slideshow-dots avia-slideshow-controls av-horizontal-gallery-dots fade-in'><a href='#1' class='goto-slide active' >1<\/a><a href='#2' class='goto-slide ' >2<\/a><a href='#3' class='goto-slide ' >3<\/a><\/div><div class='av-horizontal-gallery-inner' data-av-height='25'><div class=\"av-horizontal-gallery-slider\"><div class=\"av-horizontal-gallery-wrap noHover\"><img decoding=\"async\" fetchpriority=\"high\" class='wp-image-7002 avia-img-lazy-loading-not-7002 av-horizontal-gallery-img' width=\"768\" height=\"1024\" src=\"https:\/\/imker-aigen.at\/wp-content\/uploads\/2024\/11\/paul_haslauer_gold_2024_1024_768.jpg\" title='Urkunde von Paul Haslauer zur Goldenen Medaille von Wieselburg' alt='' srcset=\"https:\/\/imker-aigen.at\/wp-content\/uploads\/2024\/11\/paul_haslauer_gold_2024_1024_768.jpg 768w, https:\/\/imker-aigen.at\/wp-content\/uploads\/2024\/11\/paul_haslauer_gold_2024_1024_768-225x300.jpg 225w, https:\/\/imker-aigen.at\/wp-content\/uploads\/2024\/11\/paul_haslauer_gold_2024_1024_768-529x705.jpg 529w\" sizes=\"(max-width: 768px) 100vw, 768px\" \/><a href=\"https:\/\/imker-aigen.at\/wp-content\/uploads\/2024\/11\/paul_haslauer_gold_2024_1024_768.jpg\" data-srcset=\"https:\/\/imker-aigen.at\/wp-content\/uploads\/2024\/11\/paul_haslauer_gold_2024_1024_768.jpg 768w, https:\/\/imker-aigen.at\/wp-content\/uploads\/2024\/11\/paul_haslauer_gold_2024_1024_768-225x300.jpg 225w, https:\/\/imker-aigen.at\/wp-content\/uploads\/2024\/11\/paul_haslauer_gold_2024_1024_768-529x705.jpg 529w\" data-sizes=\"(max-width: 768px) 100vw, 768px\" class='av-horizontal-gallery-link avia-svg-icon avia-font-svg_entypo-fontello' data-av_svg_icon='resize-full' data-av_iconset='svg_entypo-fontello' title='Urkunde von Paul Haslauer zur Goldenen Medaille von Wieselburg' alt='' aria-label='Open image in lightbox: Urkunde von Paul Haslauer zur Goldenen Medaille von Wieselburg'><svg version=\"1.1\" xmlns=\"http:\/\/www.w3.org\/2000\/svg\" width=\"25\" height=\"32\" viewBox=\"0 0 25 32\" preserveAspectRatio=\"xMidYMid meet\" aria-labelledby='av-svg-title-3' aria-describedby='av-svg-desc-3' role=\"graphics-symbol\" aria-hidden=\"true\">\n<title id='av-svg-title-3'>Open image in lightbox: Urkunde von Paul Haslauer zur Goldenen Medaille von Wieselburg<\/title>\n<desc id='av-svg-desc-3'>Open image in lightbox: Urkunde von Paul Haslauer zur Goldenen Medaille von Wieselburg<\/desc>\n<path d=\"M15.232 3.328h10.112v10.112l-3.2-3.968-4.672 4.864-3.2-3.2 4.864-4.672zM7.872 17.536l3.2 3.2-4.864 4.672 3.904 3.2h-10.112v-10.112l3.2 3.904z\"><\/path>\n<\/svg><\/a><\/div><div class=\"av-horizontal-gallery-wrap noHover\"><img decoding=\"async\" fetchpriority=\"high\" class='wp-image-7003 avia-img-lazy-loading-not-7003 av-horizontal-gallery-img' width=\"768\" height=\"768\" src=\"https:\/\/imker-aigen.at\/wp-content\/uploads\/2024\/11\/paul_haslauer_gold_2024_768_768.jpg\" title='Der Honig von Paul Haslauer wird mit der Goldmedaille ausgezeichnet' alt='' srcset=\"https:\/\/imker-aigen.at\/wp-content\/uploads\/2024\/11\/paul_haslauer_gold_2024_768_768.jpg 768w, https:\/\/imker-aigen.at\/wp-content\/uploads\/2024\/11\/paul_haslauer_gold_2024_768_768-300x300.jpg 300w, https:\/\/imker-aigen.at\/wp-content\/uploads\/2024\/11\/paul_haslauer_gold_2024_768_768-80x80.jpg 80w, https:\/\/imker-aigen.at\/wp-content\/uploads\/2024\/11\/paul_haslauer_gold_2024_768_768-36x36.jpg 36w, https:\/\/imker-aigen.at\/wp-content\/uploads\/2024\/11\/paul_haslauer_gold_2024_768_768-180x180.jpg 180w, https:\/\/imker-aigen.at\/wp-content\/uploads\/2024\/11\/paul_haslauer_gold_2024_768_768-705x705.jpg 705w\" sizes=\"(max-width: 768px) 100vw, 768px\" \/><a href=\"https:\/\/imker-aigen.at\/wp-content\/uploads\/2024\/11\/paul_haslauer_gold_2024_768_768.jpg\" data-srcset=\"https:\/\/imker-aigen.at\/wp-content\/uploads\/2024\/11\/paul_haslauer_gold_2024_768_768.jpg 768w, https:\/\/imker-aigen.at\/wp-content\/uploads\/2024\/11\/paul_haslauer_gold_2024_768_768-300x300.jpg 300w, https:\/\/imker-aigen.at\/wp-content\/uploads\/2024\/11\/paul_haslauer_gold_2024_768_768-80x80.jpg 80w, https:\/\/imker-aigen.at\/wp-content\/uploads\/2024\/11\/paul_haslauer_gold_2024_768_768-36x36.jpg 36w, https:\/\/imker-aigen.at\/wp-content\/uploads\/2024\/11\/paul_haslauer_gold_2024_768_768-180x180.jpg 180w, https:\/\/imker-aigen.at\/wp-content\/uploads\/2024\/11\/paul_haslauer_gold_2024_768_768-705x705.jpg 705w\" data-sizes=\"(max-width: 768px) 100vw, 768px\" class='av-horizontal-gallery-link avia-svg-icon avia-font-svg_entypo-fontello' data-av_svg_icon='resize-full' data-av_iconset='svg_entypo-fontello' title='Der Honig von Paul Haslauer wird mit der Goldmedaille ausgezeichnet' alt='' aria-label='Open image in lightbox: Der Honig von Paul Haslauer wird mit der Goldmedaille ausgezeichnet'><svg version=\"1.1\" xmlns=\"http:\/\/www.w3.org\/2000\/svg\" width=\"25\" height=\"32\" viewBox=\"0 0 25 32\" preserveAspectRatio=\"xMidYMid meet\" aria-labelledby='av-svg-title-4' aria-describedby='av-svg-desc-4' role=\"graphics-symbol\" aria-hidden=\"true\">\n<title id='av-svg-title-4'>Open image in lightbox: Der Honig von Paul Haslauer wird mit der Goldmedaille ausgezeichnet<\/title>\n<desc id='av-svg-desc-4'>Open image in lightbox: Der Honig von Paul Haslauer wird mit der Goldmedaille ausgezeichnet<\/desc>\n<path d=\"M15.232 3.328h10.112v10.112l-3.2-3.968-4.672 4.864-3.2-3.2 4.864-4.672zM7.872 17.536l3.2 3.2-4.864 4.672 3.904 3.2h-10.112v-10.112l3.2 3.904z\"><\/path>\n<\/svg><\/a><\/div><div class=\"av-horizontal-gallery-wrap noHover\"><img decoding=\"async\" fetchpriority=\"high\" class='wp-image-7008 avia-img-lazy-loading-not-7008 av-horizontal-gallery-img' width=\"1024\" height=\"768\" src=\"https:\/\/imker-aigen.at\/wp-content\/uploads\/2024\/11\/paul_haslauer_produkte_2024_1024_768.jpg\" title='Spitzenprodukte der Bioimkerei Paul Haslauer' alt='' srcset=\"https:\/\/imker-aigen.at\/wp-content\/uploads\/2024\/11\/paul_haslauer_produkte_2024_1024_768.jpg 1024w, https:\/\/imker-aigen.at\/wp-content\/uploads\/2024\/11\/paul_haslauer_produkte_2024_1024_768-300x225.jpg 300w, https:\/\/imker-aigen.at\/wp-content\/uploads\/2024\/11\/paul_haslauer_produkte_2024_1024_768-768x576.jpg 768w, https:\/\/imker-aigen.at\/wp-content\/uploads\/2024\/11\/paul_haslauer_produkte_2024_1024_768-705x529.jpg 705w\" sizes=\"(max-width: 1024px) 100vw, 1024px\" \/><a href=\"https:\/\/imker-aigen.at\/wp-content\/uploads\/2024\/11\/paul_haslauer_produkte_2024_1024_768.jpg\" data-srcset=\"https:\/\/imker-aigen.at\/wp-content\/uploads\/2024\/11\/paul_haslauer_produkte_2024_1024_768.jpg 1024w, https:\/\/imker-aigen.at\/wp-content\/uploads\/2024\/11\/paul_haslauer_produkte_2024_1024_768-300x225.jpg 300w, https:\/\/imker-aigen.at\/wp-content\/uploads\/2024\/11\/paul_haslauer_produkte_2024_1024_768-768x576.jpg 768w, https:\/\/imker-aigen.at\/wp-content\/uploads\/2024\/11\/paul_haslauer_produkte_2024_1024_768-705x529.jpg 705w\" data-sizes=\"(max-width: 1024px) 100vw, 1024px\" class='av-horizontal-gallery-link avia-svg-icon avia-font-svg_entypo-fontello' data-av_svg_icon='resize-full' data-av_iconset='svg_entypo-fontello' title='Spitzenprodukte der Bioimkerei Paul Haslauer' alt='' aria-label='Open image in lightbox: Spitzenprodukte der Bioimkerei Paul Haslauer'><svg version=\"1.1\" xmlns=\"http:\/\/www.w3.org\/2000\/svg\" width=\"25\" height=\"32\" viewBox=\"0 0 25 32\" preserveAspectRatio=\"xMidYMid meet\" aria-labelledby='av-svg-title-5' aria-describedby='av-svg-desc-5' role=\"graphics-symbol\" aria-hidden=\"true\">\n<title id='av-svg-title-5'>Open image in lightbox: Spitzenprodukte der Bioimkerei Paul Haslauer<\/title>\n<desc id='av-svg-desc-5'>Open image in lightbox: Spitzenprodukte der Bioimkerei Paul Haslauer<\/desc>\n<path d=\"M15.232 3.328h10.112v10.112l-3.2-3.968-4.672 4.864-3.2-3.2 4.864-4.672zM7.872 17.536l3.2 3.2-4.864 4.672 3.904 3.2h-10.112v-10.112l3.2 3.904z\"><\/path>\n<\/svg><\/a><\/div><\/div><\/div><\/div><br \/>\n\n<style type=\"text\/css\" data-created_by=\"avia_inline_auto\" id=\"style-css-av-m3mzf8oq-b3cf7b3dca9e06e076e9723b585dbcad\">\n#top .hr.av-m3mzf8oq-b3cf7b3dca9e06e076e9723b585dbcad{\nmargin-top:30px;\nmargin-bottom:30px;\n}\n.hr.av-m3mzf8oq-b3cf7b3dca9e06e076e9723b585dbcad .hr-inner{\nwidth:50px;\nmax-width:45%;\n}\n<\/style>\n<div  class='hr av-m3mzf8oq-b3cf7b3dca9e06e076e9723b585dbcad hr-custom  avia-builder-el-3  el_after_av_horizontal_gallery  el_before_av_textblock  avia-builder-el-first  hr-center hr-icon-yes'><span class='hr-inner inner-border-av-border-thin'><span class=\"hr-inner-style\"><\/span><\/span><span class='av-seperator-icon avia-iconfont avia-font-entypo-fontello' data-av_icon='\ue8bf' data-av_iconfont='entypo-fontello' ><\/span><span class='hr-inner inner-border-av-border-thin'><span class=\"hr-inner-style\"><\/span><\/span><\/div><br \/>\n<section  class='av_textblock_section av-kylw8-5bb4f67bb991eb0443dce311c672628a '   itemscope=\"itemscope\" itemtype=\"https:\/\/schema.org\/BlogPosting\" itemprop=\"blogPost\" ><div class='avia_textblock'  itemprop=\"text\" ><h3><strong>\u201eJetzt ist es wieder passiert!\u201c<\/strong><\/h3>\n<p>So oder so \u00e4hnlich beginnen die bekannten Brenner-Krimis von Wolf Haas. Hier geht es aber nicht um einen Kriminalfall, sondern um die erneute Pr\u00e4mierung der Honige unseres langj\u00e4hrigen Vereinsmitgliedes <a href=\"https:\/\/imker-aigen.at\/index.php\/2023\/04\/18\/bio-imkerei-paul-haslauer\/\">Paul Haslauer<\/a>.<\/p>\n<blockquote>\n<p>Pauli konnte bei der diesj\u00e4hrigen Honigpr\u00e4mierung in Wieselburg f\u00fcr die hervorragende Qualit\u00e4t seines Bio-Honigs \u201eBl\u00fcten mit Waldhonig\u201c den ersten Preis bzw. die goldene Honigwabe gewinnen.<\/p>\n<\/blockquote>\n<p>Damit konnte Pauli seine langj\u00e4hrigen Bem\u00fchungen um einen qualitativ hochwertigen Honig kr\u00f6nen. Nach zweiten und dritten Pl\u00e4tzen in den letzten Jahren ist der diesj\u00e4hrige erste Platz eine weitere Steigerung gegen\u00fcber den Vorjahren. Pauli konnte diesen hochwertigen Honig von Bienenst\u00f6cken in seiner unmittelbaren Umgebung im Gebiet Gaisberg H\u00f6henwald bzw. Gaisberg Egelsee gewinnen. Wir freuen uns mit Pauli \u00fcber dieses hervorragende Ergebnis und gratulieren ihm herzlich zu diesem Erfolg. Gerade in Zeiten, in denen durch DNA-Analysen von Honig ein Gro\u00dfteil der im Supermarkt angebotenen Honige als F\u00e4lschungen entlarvt wurden und man sich an die Zeiten des Weinskandals erinnert f\u00fchlt, sind solche positiven Nachrichten eine wahre Wohltat. Mehr denn je ist es wichtig, dass die Imkerinnen und Imker die Qualit\u00e4t der heimischen Honige hoch halten und dies auch durch die regelm\u00e4\u00dfige Teilnahme an diversen Kontrollen unter Beweis stellen.<\/p>\n<p>Wer jetzt Lust auf den k\u00f6stlichen Honig von Pauli bekommen hat, ist herzlich eingeladen, uns an unserem Verkaufsstand am Elsbethener Adventmarkt am <a href=\"https:\/\/imker-aigen.at\/index.php\/event\/adventmarkt-2024-in-elsbethen\/\">30.11.2024<\/a> und <a href=\"https:\/\/imker-aigen.at\/index.php\/event\/adventmarkt-2024-in-elsbethen-2\/\">7.12.2024<\/a> zu besuchen. Dort gibt es Paulis k\u00f6stlichen Gold-Honig und nat\u00fcrlich auch andere Produkte aus seiner Imkerei zu kaufen.<\/p>\n<\/div><\/section><br \/>\n<div  class='av-buildercomment av-3xklmg-34789141017a58df1115503fd91cf0b8'><\/div><br \/>\n<div  class='av-social-sharing-box av-2sf4ag-845e024e0b9615c13abc2c3c0768c9e5 av-social-sharing-box-default  avia-builder-el-6  el_after_av_comments_list  avia-builder-el-last  av-social-sharing-box-fullwidth'><div class=\"av-share-box\"><h5 class='av-share-link-description av-no-toc '>Eintrag teilen<\/h5><ul class=\"av-share-box-list noLightbox\"><li class='av-share-link av-social-link-facebook avia_social_iconfont' ><a target=\"_blank\" aria-label=\"Teilen auf Facebook\" href='https:\/\/www.facebook.com\/sharer.php?u=https:\/\/imker-aigen.at\/index.php\/2024\/11\/18\/gold-fuer-den-honig-von-paul-haslauer\/&#038;t=Gold%20f%C3%BCr%20den%20Honig%20von%20Paul%20Haslauer' data-av_icon='\ue8f3' data-av_iconfont='entypo-fontello'  title='' data-avia-related-tooltip='Teilen auf Facebook'><span class='avia_hidden_link_text'>Teilen auf Facebook<\/span><\/a><\/li><li class='av-share-link av-social-link-twitter avia_social_iconfont' ><a target=\"_blank\" aria-label=\"Teilen auf X\" href='https:\/\/twitter.com\/share?text=Gold%20f%C3%BCr%20den%20Honig%20von%20Paul%20Haslauer&#038;url=https:\/\/imker-aigen.at\/?p=7000' data-av_icon='\ue932' data-av_iconfont='entypo-fontello'  title='' data-avia-related-tooltip='Teilen auf X'><span class='avia_hidden_link_text'>Teilen auf X<\/span><\/a><\/li><li class='av-share-link av-social-link-whatsapp avia_social_iconfont' ><a target=\"_blank\" aria-label=\"Teilen auf WhatsApp\" href='https:\/\/api.whatsapp.com\/send?text=https:\/\/imker-aigen.at\/index.php\/2024\/11\/18\/gold-fuer-den-honig-von-paul-haslauer\/' data-av_icon='\uf232' data-av_iconfont='entypo-fontello'  title='' data-avia-related-tooltip='Teilen auf WhatsApp'><span class='avia_hidden_link_text'>Teilen auf WhatsApp<\/span><\/a><\/li><li class='av-share-link av-social-link-pinterest avia_social_iconfont' ><a target=\"_blank\" aria-label=\"Teilen auf Pinterest\" href='https:\/\/pinterest.com\/pin\/create\/button\/?url=https%3A%2F%2Fimker-aigen.at%2Findex.php%2F2024%2F11%2F18%2Fgold-fuer-den-honig-von-paul-haslauer%2F&#038;description=Gold%20f%C3%BCr%20den%20Honig%20von%20Paul%20Haslauer&#038;media=https%3A%2F%2Fimker-aigen.at%2Fwp-content%2Fuploads%2F2024%2F11%2Fpaul_haslauer_gold_2024_768_768-705x705.jpg' data-av_icon='\ue8f8' data-av_iconfont='entypo-fontello'  title='' data-avia-related-tooltip='Teilen auf Pinterest'><span class='avia_hidden_link_text'>Teilen auf Pinterest<\/span><\/a><\/li><li class='av-share-link av-social-link-linkedin avia_social_iconfont' ><a target=\"_blank\" aria-label=\"Teilen auf LinkedIn\" href='https:\/\/linkedin.com\/shareArticle?mini=true&#038;title=Gold%20f%C3%BCr%20den%20Honig%20von%20Paul%20Haslauer&#038;url=https:\/\/imker-aigen.at\/index.php\/2024\/11\/18\/gold-fuer-den-honig-von-paul-haslauer\/' data-av_icon='\ue8fc' data-av_iconfont='entypo-fontello'  title='' data-avia-related-tooltip='Teilen auf LinkedIn'><span class='avia_hidden_link_text'>Teilen auf LinkedIn<\/span><\/a><\/li><li class='av-share-link av-social-link-reddit avia_social_iconfont' ><a target=\"_blank\" aria-label=\"Teilen auf Reddit\" href='https:\/\/reddit.com\/submit?url=https:\/\/imker-aigen.at\/index.php\/2024\/11\/18\/gold-fuer-den-honig-von-paul-haslauer\/&#038;title=Gold%20f%C3%BCr%20den%20Honig%20von%20Paul%20Haslauer' data-av_icon='\ue927' data-av_iconfont='entypo-fontello'  title='' data-avia-related-tooltip='Teilen auf Reddit'><span class='avia_hidden_link_text'>Teilen auf Reddit<\/span><\/a><\/li><li class='av-share-link av-social-link-mail avia_social_iconfont' ><a  aria-label=\"Per E-Mail teilen\" href='mailto:?subject=Gold%20f%C3%BCr%20den%20Honig%20von%20Paul%20Haslauer&#038;body=https:\/\/imker-aigen.at\/index.php\/2024\/11\/18\/gold-fuer-den-honig-von-paul-haslauer\/' data-av_icon='\ue805' data-av_iconfont='entypo-fontello'  title='' data-avia-related-tooltip='Per E-Mail teilen'><span class='avia_hidden_link_text'>Per E-Mail teilen<\/span><\/a><\/li><\/ul><\/div><\/div><\/p><\/div>\n","protected":false},"excerpt":{"rendered":"","protected":false},"author":1,"featured_media":7003,"comment_status":"open","ping_status":"closed","sticky":false,"template":"","format":"standard","meta":{"footnotes":""},"categories":[2],"tags":[296,295,125,294,126,124,123],"class_list":["post-7000","post","type-post","status-publish","format-standard","has-post-thumbnail","hentry","category-news","tag-blueten-mit-waldhonig","tag-gold","tag-goldene-honigwabe","tag-goldmedaille","tag-haslauer","tag-praemierung","tag-wieselburg"],"yoast_head":"<!-- This site is optimized with the Yoast SEO plugin v27.4 - https:\/\/yoast.com\/product\/yoast-seo-wordpress\/ -->\n<title>Gold f\u00fcr den Honig von Paul Haslauer - Imker Ortsgruppe Salzburg Aigen<\/title>\n<meta name=\"description\" content=\"Unser Vereinsmitglied Paul Haslauer holt heuer Gold bei der Honigpr\u00e4mierung in Wieselburg\" \/>\n<meta name=\"robots\" content=\"index, follow, max-snippet:-1, max-image-preview:large, max-video-preview:-1\" \/>\n<link rel=\"canonical\" href=\"https:\/\/imker-aigen.at\/index.php\/2024\/11\/18\/gold-fuer-den-honig-von-paul-haslauer\/\" \/>\n<meta property=\"og:locale\" content=\"de_DE\" \/>\n<meta property=\"og:type\" content=\"article\" \/>\n<meta property=\"og:title\" content=\"Gold f\u00fcr den Honig von Paul Haslauer - Imker Ortsgruppe Salzburg Aigen\" \/>\n<meta property=\"og:description\" content=\"Unser Vereinsmitglied Paul Haslauer holt heuer Gold bei der Honigpr\u00e4mierung in Wieselburg\" \/>\n<meta property=\"og:url\" content=\"https:\/\/imker-aigen.at\/index.php\/2024\/11\/18\/gold-fuer-den-honig-von-paul-haslauer\/\" \/>\n<meta property=\"og:site_name\" content=\"Imker Ortsgruppe Salzburg Aigen\" \/>\n<meta property=\"article:published_time\" content=\"2024-11-18T12:07:52+00:00\" \/>\n<meta property=\"article:modified_time\" content=\"2024-11-18T18:56:46+00:00\" \/>\n<meta property=\"og:image\" content=\"https:\/\/imker-aigen.at\/wp-content\/uploads\/2024\/11\/paul_haslauer_gold_2024_768_768.jpg\" \/>\n\t<meta property=\"og:image:width\" content=\"768\" \/>\n\t<meta property=\"og:image:height\" content=\"768\" \/>\n\t<meta property=\"og:image:type\" content=\"image\/jpeg\" \/>\n<meta name=\"author\" content=\"admin\" \/>\n<meta name=\"twitter:card\" content=\"summary_large_image\" \/>\n<meta name=\"twitter:label1\" content=\"Verfasst von\" \/>\n\t<meta name=\"twitter:data1\" content=\"admin\" \/>\n\t<meta name=\"twitter:label2\" content=\"Gesch\u00e4tzte Lesezeit\" \/>\n\t<meta name=\"twitter:data2\" content=\"3\u00a0Minuten\" \/>\n<script type=\"application\/ld+json\" class=\"yoast-schema-graph\">{\"@context\":\"https:\\\/\\\/schema.org\",\"@graph\":[{\"@type\":\"Article\",\"@id\":\"https:\\\/\\\/imker-aigen.at\\\/index.php\\\/2024\\\/11\\\/18\\\/gold-fuer-den-honig-von-paul-haslauer\\\/#article\",\"isPartOf\":{\"@id\":\"https:\\\/\\\/imker-aigen.at\\\/index.php\\\/2024\\\/11\\\/18\\\/gold-fuer-den-honig-von-paul-haslauer\\\/\"},\"author\":{\"name\":\"admin\",\"@id\":\"https:\\\/\\\/imker-aigen.at\\\/#\\\/schema\\\/person\\\/d7d0c3a8ef6f051d450781218ac83077\"},\"headline\":\"Gold f\u00fcr den Honig von Paul Haslauer\",\"datePublished\":\"2024-11-18T12:07:52+00:00\",\"dateModified\":\"2024-11-18T18:56:46+00:00\",\"mainEntityOfPage\":{\"@id\":\"https:\\\/\\\/imker-aigen.at\\\/index.php\\\/2024\\\/11\\\/18\\\/gold-fuer-den-honig-von-paul-haslauer\\\/\"},\"wordCount\":1122,\"commentCount\":0,\"publisher\":{\"@id\":\"https:\\\/\\\/imker-aigen.at\\\/#organization\"},\"image\":{\"@id\":\"https:\\\/\\\/imker-aigen.at\\\/index.php\\\/2024\\\/11\\\/18\\\/gold-fuer-den-honig-von-paul-haslauer\\\/#primaryimage\"},\"thumbnailUrl\":\"https:\\\/\\\/imker-aigen.at\\\/wp-content\\\/uploads\\\/2024\\\/11\\\/paul_haslauer_gold_2024_768_768.jpg\",\"keywords\":[\"Bl\u00fcten mit Waldhonig\",\"Gold\",\"goldene Honigwabe\",\"Goldmedaille\",\"Haslauer\",\"Pr\u00e4mierung\",\"Wieselburg\"],\"articleSection\":[\"News\"],\"inLanguage\":\"de\",\"potentialAction\":[{\"@type\":\"CommentAction\",\"name\":\"Comment\",\"target\":[\"https:\\\/\\\/imker-aigen.at\\\/index.php\\\/2024\\\/11\\\/18\\\/gold-fuer-den-honig-von-paul-haslauer\\\/#respond\"]}]},{\"@type\":\"WebPage\",\"@id\":\"https:\\\/\\\/imker-aigen.at\\\/index.php\\\/2024\\\/11\\\/18\\\/gold-fuer-den-honig-von-paul-haslauer\\\/\",\"url\":\"https:\\\/\\\/imker-aigen.at\\\/index.php\\\/2024\\\/11\\\/18\\\/gold-fuer-den-honig-von-paul-haslauer\\\/\",\"name\":\"Gold f\u00fcr den Honig von Paul Haslauer - Imker Ortsgruppe Salzburg Aigen\",\"isPartOf\":{\"@id\":\"https:\\\/\\\/imker-aigen.at\\\/#website\"},\"primaryImageOfPage\":{\"@id\":\"https:\\\/\\\/imker-aigen.at\\\/index.php\\\/2024\\\/11\\\/18\\\/gold-fuer-den-honig-von-paul-haslauer\\\/#primaryimage\"},\"image\":{\"@id\":\"https:\\\/\\\/imker-aigen.at\\\/index.php\\\/2024\\\/11\\\/18\\\/gold-fuer-den-honig-von-paul-haslauer\\\/#primaryimage\"},\"thumbnailUrl\":\"https:\\\/\\\/imker-aigen.at\\\/wp-content\\\/uploads\\\/2024\\\/11\\\/paul_haslauer_gold_2024_768_768.jpg\",\"datePublished\":\"2024-11-18T12:07:52+00:00\",\"dateModified\":\"2024-11-18T18:56:46+00:00\",\"description\":\"Unser Vereinsmitglied Paul Haslauer holt heuer Gold bei der Honigpr\u00e4mierung in Wieselburg\",\"breadcrumb\":{\"@id\":\"https:\\\/\\\/imker-aigen.at\\\/index.php\\\/2024\\\/11\\\/18\\\/gold-fuer-den-honig-von-paul-haslauer\\\/#breadcrumb\"},\"inLanguage\":\"de\",\"potentialAction\":[{\"@type\":\"ReadAction\",\"target\":[\"https:\\\/\\\/imker-aigen.at\\\/index.php\\\/2024\\\/11\\\/18\\\/gold-fuer-den-honig-von-paul-haslauer\\\/\"]}]},{\"@type\":\"ImageObject\",\"inLanguage\":\"de\",\"@id\":\"https:\\\/\\\/imker-aigen.at\\\/index.php\\\/2024\\\/11\\\/18\\\/gold-fuer-den-honig-von-paul-haslauer\\\/#primaryimage\",\"url\":\"https:\\\/\\\/imker-aigen.at\\\/wp-content\\\/uploads\\\/2024\\\/11\\\/paul_haslauer_gold_2024_768_768.jpg\",\"contentUrl\":\"https:\\\/\\\/imker-aigen.at\\\/wp-content\\\/uploads\\\/2024\\\/11\\\/paul_haslauer_gold_2024_768_768.jpg\",\"width\":768,\"height\":768},{\"@type\":\"BreadcrumbList\",\"@id\":\"https:\\\/\\\/imker-aigen.at\\\/index.php\\\/2024\\\/11\\\/18\\\/gold-fuer-den-honig-von-paul-haslauer\\\/#breadcrumb\",\"itemListElement\":[{\"@type\":\"ListItem\",\"position\":1,\"name\":\"Startseite\",\"item\":\"https:\\\/\\\/imker-aigen.at\\\/index.php\\\/home\\\/\"},{\"@type\":\"ListItem\",\"position\":2,\"name\":\"Gold f\u00fcr den Honig von Paul Haslauer\"}]},{\"@type\":\"WebSite\",\"@id\":\"https:\\\/\\\/imker-aigen.at\\\/#website\",\"url\":\"https:\\\/\\\/imker-aigen.at\\\/\",\"name\":\"Imker Ortsgruppe Salzburg Aigen\",\"description\":\"Homepage der Imker-Ortsgruppe Salzburg Aigen\",\"publisher\":{\"@id\":\"https:\\\/\\\/imker-aigen.at\\\/#organization\"},\"potentialAction\":[{\"@type\":\"SearchAction\",\"target\":{\"@type\":\"EntryPoint\",\"urlTemplate\":\"https:\\\/\\\/imker-aigen.at\\\/?s={search_term_string}\"},\"query-input\":{\"@type\":\"PropertyValueSpecification\",\"valueRequired\":true,\"valueName\":\"search_term_string\"}}],\"inLanguage\":\"de\"},{\"@type\":\"Organization\",\"@id\":\"https:\\\/\\\/imker-aigen.at\\\/#organization\",\"name\":\"Imker Ortsgruppe Salzburg Aigen\",\"url\":\"https:\\\/\\\/imker-aigen.at\\\/\",\"logo\":{\"@type\":\"ImageObject\",\"inLanguage\":\"de\",\"@id\":\"https:\\\/\\\/imker-aigen.at\\\/#\\\/schema\\\/logo\\\/image\\\/\",\"url\":\"https:\\\/\\\/imker-aigen.at\\\/wp-content\\\/uploads\\\/2022\\\/08\\\/logo-1.png\",\"contentUrl\":\"https:\\\/\\\/imker-aigen.at\\\/wp-content\\\/uploads\\\/2022\\\/08\\\/logo-1.png\",\"width\":392,\"height\":156,\"caption\":\"Imker Ortsgruppe Salzburg Aigen\"},\"image\":{\"@id\":\"https:\\\/\\\/imker-aigen.at\\\/#\\\/schema\\\/logo\\\/image\\\/\"}},{\"@type\":\"Person\",\"@id\":\"https:\\\/\\\/imker-aigen.at\\\/#\\\/schema\\\/person\\\/d7d0c3a8ef6f051d450781218ac83077\",\"name\":\"admin\",\"image\":{\"@type\":\"ImageObject\",\"inLanguage\":\"de\",\"@id\":\"https:\\\/\\\/secure.gravatar.com\\\/avatar\\\/925a7e918efd3cfdae29be9c0018a3ae3275cd0444a6e166241172bb6e5243c7?s=96&d=mm&r=g\",\"url\":\"https:\\\/\\\/secure.gravatar.com\\\/avatar\\\/925a7e918efd3cfdae29be9c0018a3ae3275cd0444a6e166241172bb6e5243c7?s=96&d=mm&r=g\",\"contentUrl\":\"https:\\\/\\\/secure.gravatar.com\\\/avatar\\\/925a7e918efd3cfdae29be9c0018a3ae3275cd0444a6e166241172bb6e5243c7?s=96&d=mm&r=g\",\"caption\":\"admin\"},\"sameAs\":[\"https:\\\/\\\/imker-aigen.at\",\"linkedin.com\\\/in\\\/bernd-meierhofer-5919b62\"],\"url\":\"https:\\\/\\\/imker-aigen.at\\\/index.php\\\/author\\\/bmeierhofer\\\/\"}]}<\/script>\n<!-- \/ Yoast SEO plugin. -->","yoast_head_json":{"title":"Gold f\u00fcr den Honig von Paul Haslauer - Imker Ortsgruppe Salzburg Aigen","description":"Unser Vereinsmitglied Paul Haslauer holt heuer Gold bei der Honigpr\u00e4mierung in Wieselburg","robots":{"index":"index","follow":"follow","max-snippet":"max-snippet:-1","max-image-preview":"max-image-preview:large","max-video-preview":"max-video-preview:-1"},"canonical":"https:\/\/imker-aigen.at\/index.php\/2024\/11\/18\/gold-fuer-den-honig-von-paul-haslauer\/","og_locale":"de_DE","og_type":"article","og_title":"Gold f\u00fcr den Honig von Paul Haslauer - Imker Ortsgruppe Salzburg Aigen","og_description":"Unser Vereinsmitglied Paul Haslauer holt heuer Gold bei der Honigpr\u00e4mierung in Wieselburg","og_url":"https:\/\/imker-aigen.at\/index.php\/2024\/11\/18\/gold-fuer-den-honig-von-paul-haslauer\/","og_site_name":"Imker Ortsgruppe Salzburg Aigen","article_published_time":"2024-11-18T12:07:52+00:00","article_modified_time":"2024-11-18T18:56:46+00:00","og_image":[{"width":768,"height":768,"url":"https:\/\/imker-aigen.at\/wp-content\/uploads\/2024\/11\/paul_haslauer_gold_2024_768_768.jpg","type":"image\/jpeg"}],"author":"admin","twitter_card":"summary_large_image","twitter_misc":{"Verfasst von":"admin","Gesch\u00e4tzte Lesezeit":"3\u00a0Minuten"},"schema":{"@context":"https:\/\/schema.org","@graph":[{"@type":"Article","@id":"https:\/\/imker-aigen.at\/index.php\/2024\/11\/18\/gold-fuer-den-honig-von-paul-haslauer\/#article","isPartOf":{"@id":"https:\/\/imker-aigen.at\/index.php\/2024\/11\/18\/gold-fuer-den-honig-von-paul-haslauer\/"},"author":{"name":"admin","@id":"https:\/\/imker-aigen.at\/#\/schema\/person\/d7d0c3a8ef6f051d450781218ac83077"},"headline":"Gold f\u00fcr den Honig von Paul Haslauer","datePublished":"2024-11-18T12:07:52+00:00","dateModified":"2024-11-18T18:56:46+00:00","mainEntityOfPage":{"@id":"https:\/\/imker-aigen.at\/index.php\/2024\/11\/18\/gold-fuer-den-honig-von-paul-haslauer\/"},"wordCount":1122,"commentCount":0,"publisher":{"@id":"https:\/\/imker-aigen.at\/#organization"},"image":{"@id":"https:\/\/imker-aigen.at\/index.php\/2024\/11\/18\/gold-fuer-den-honig-von-paul-haslauer\/#primaryimage"},"thumbnailUrl":"https:\/\/imker-aigen.at\/wp-content\/uploads\/2024\/11\/paul_haslauer_gold_2024_768_768.jpg","keywords":["Bl\u00fcten mit Waldhonig","Gold","goldene Honigwabe","Goldmedaille","Haslauer","Pr\u00e4mierung","Wieselburg"],"articleSection":["News"],"inLanguage":"de","potentialAction":[{"@type":"CommentAction","name":"Comment","target":["https:\/\/imker-aigen.at\/index.php\/2024\/11\/18\/gold-fuer-den-honig-von-paul-haslauer\/#respond"]}]},{"@type":"WebPage","@id":"https:\/\/imker-aigen.at\/index.php\/2024\/11\/18\/gold-fuer-den-honig-von-paul-haslauer\/","url":"https:\/\/imker-aigen.at\/index.php\/2024\/11\/18\/gold-fuer-den-honig-von-paul-haslauer\/","name":"Gold f\u00fcr den Honig von Paul Haslauer - Imker Ortsgruppe Salzburg Aigen","isPartOf":{"@id":"https:\/\/imker-aigen.at\/#website"},"primaryImageOfPage":{"@id":"https:\/\/imker-aigen.at\/index.php\/2024\/11\/18\/gold-fuer-den-honig-von-paul-haslauer\/#primaryimage"},"image":{"@id":"https:\/\/imker-aigen.at\/index.php\/2024\/11\/18\/gold-fuer-den-honig-von-paul-haslauer\/#primaryimage"},"thumbnailUrl":"https:\/\/imker-aigen.at\/wp-content\/uploads\/2024\/11\/paul_haslauer_gold_2024_768_768.jpg","datePublished":"2024-11-18T12:07:52+00:00","dateModified":"2024-11-18T18:56:46+00:00","description":"Unser Vereinsmitglied Paul Haslauer holt heuer Gold bei der Honigpr\u00e4mierung in Wieselburg","breadcrumb":{"@id":"https:\/\/imker-aigen.at\/index.php\/2024\/11\/18\/gold-fuer-den-honig-von-paul-haslauer\/#breadcrumb"},"inLanguage":"de","potentialAction":[{"@type":"ReadAction","target":["https:\/\/imker-aigen.at\/index.php\/2024\/11\/18\/gold-fuer-den-honig-von-paul-haslauer\/"]}]},{"@type":"ImageObject","inLanguage":"de","@id":"https:\/\/imker-aigen.at\/index.php\/2024\/11\/18\/gold-fuer-den-honig-von-paul-haslauer\/#primaryimage","url":"https:\/\/imker-aigen.at\/wp-content\/uploads\/2024\/11\/paul_haslauer_gold_2024_768_768.jpg","contentUrl":"https:\/\/imker-aigen.at\/wp-content\/uploads\/2024\/11\/paul_haslauer_gold_2024_768_768.jpg","width":768,"height":768},{"@type":"BreadcrumbList","@id":"https:\/\/imker-aigen.at\/index.php\/2024\/11\/18\/gold-fuer-den-honig-von-paul-haslauer\/#breadcrumb","itemListElement":[{"@type":"ListItem","position":1,"name":"Startseite","item":"https:\/\/imker-aigen.at\/index.php\/home\/"},{"@type":"ListItem","position":2,"name":"Gold f\u00fcr den Honig von Paul Haslauer"}]},{"@type":"WebSite","@id":"https:\/\/imker-aigen.at\/#website","url":"https:\/\/imker-aigen.at\/","name":"Imker Ortsgruppe Salzburg Aigen","description":"Homepage der Imker-Ortsgruppe Salzburg Aigen","publisher":{"@id":"https:\/\/imker-aigen.at\/#organization"},"potentialAction":[{"@type":"SearchAction","target":{"@type":"EntryPoint","urlTemplate":"https:\/\/imker-aigen.at\/?s={search_term_string}"},"query-input":{"@type":"PropertyValueSpecification","valueRequired":true,"valueName":"search_term_string"}}],"inLanguage":"de"},{"@type":"Organization","@id":"https:\/\/imker-aigen.at\/#organization","name":"Imker Ortsgruppe Salzburg Aigen","url":"https:\/\/imker-aigen.at\/","logo":{"@type":"ImageObject","inLanguage":"de","@id":"https:\/\/imker-aigen.at\/#\/schema\/logo\/image\/","url":"https:\/\/imker-aigen.at\/wp-content\/uploads\/2022\/08\/logo-1.png","contentUrl":"https:\/\/imker-aigen.at\/wp-content\/uploads\/2022\/08\/logo-1.png","width":392,"height":156,"caption":"Imker Ortsgruppe Salzburg Aigen"},"image":{"@id":"https:\/\/imker-aigen.at\/#\/schema\/logo\/image\/"}},{"@type":"Person","@id":"https:\/\/imker-aigen.at\/#\/schema\/person\/d7d0c3a8ef6f051d450781218ac83077","name":"admin","image":{"@type":"ImageObject","inLanguage":"de","@id":"https:\/\/secure.gravatar.com\/avatar\/925a7e918efd3cfdae29be9c0018a3ae3275cd0444a6e166241172bb6e5243c7?s=96&d=mm&r=g","url":"https:\/\/secure.gravatar.com\/avatar\/925a7e918efd3cfdae29be9c0018a3ae3275cd0444a6e166241172bb6e5243c7?s=96&d=mm&r=g","contentUrl":"https:\/\/secure.gravatar.com\/avatar\/925a7e918efd3cfdae29be9c0018a3ae3275cd0444a6e166241172bb6e5243c7?s=96&d=mm&r=g","caption":"admin"},"sameAs":["https:\/\/imker-aigen.at","linkedin.com\/in\/bernd-meierhofer-5919b62"],"url":"https:\/\/imker-aigen.at\/index.php\/author\/bmeierhofer\/"}]}},"_links":{"self":[{"href":"https:\/\/imker-aigen.at\/index.php\/wp-json\/wp\/v2\/posts\/7000","targetHints":{"allow":["GET"]}}],"collection":[{"href":"https:\/\/imker-aigen.at\/index.php\/wp-json\/wp\/v2\/posts"}],"about":[{"href":"https:\/\/imker-aigen.at\/index.php\/wp-json\/wp\/v2\/types\/post"}],"author":[{"embeddable":true,"href":"https:\/\/imker-aigen.at\/index.php\/wp-json\/wp\/v2\/users\/1"}],"replies":[{"embeddable":true,"href":"https:\/\/imker-aigen.at\/index.php\/wp-json\/wp\/v2\/comments?post=7000"}],"version-history":[{"count":5,"href":"https:\/\/imker-aigen.at\/index.php\/wp-json\/wp\/v2\/posts\/7000\/revisions"}],"predecessor-version":[{"id":7012,"href":"https:\/\/imker-aigen.at\/index.php\/wp-json\/wp\/v2\/posts\/7000\/revisions\/7012"}],"wp:featuredmedia":[{"embeddable":true,"href":"https:\/\/imker-aigen.at\/index.php\/wp-json\/wp\/v2\/media\/7003"}],"wp:attachment":[{"href":"https:\/\/imker-aigen.at\/index.php\/wp-json\/wp\/v2\/media?parent=7000"}],"wp:term":[{"taxonomy":"category","embeddable":true,"href":"https:\/\/imker-aigen.at\/index.php\/wp-json\/wp\/v2\/categories?post=7000"},{"taxonomy":"post_tag","embeddable":true,"href":"https:\/\/imker-aigen.at\/index.php\/wp-json\/wp\/v2\/tags?post=7000"}],"curies":[{"name":"wp","href":"https:\/\/api.w.org\/{rel}","templated":true}]}}