{"id":7079,"date":"2024-12-06T10:40:21","date_gmt":"2024-12-06T09:40:21","guid":{"rendered":"https:\/\/imker-aigen.at\/?p=7079"},"modified":"2024-12-06T10:55:10","modified_gmt":"2024-12-06T09:55:10","slug":"neuer-artikel-in-der-zeitschrift-naturaktiv-des-salzburger-naturschutzbundes","status":"publish","type":"post","link":"https:\/\/imker-aigen.at\/index.php\/2024\/12\/06\/neuer-artikel-in-der-zeitschrift-naturaktiv-des-salzburger-naturschutzbundes\/","title":{"rendered":"Neuer Artikel in der Zeitschrift NATURaktiv des Salzburger Naturschutzbundes"},"content":{"rendered":"<div  class='flex_column av-5z12av-2a4c6ec9658271ecd6ffb84a1b422fc5 av_one_full  avia-builder-el-0  avia-builder-el-no-sibling  first flex_column_div  '     ><p>\n<style type=\"text\/css\" data-created_by=\"avia_inline_auto\" id=\"style-css-av-m4cjsdiv-7945267d78f40a2e2b1abf2452ffb6c4\">\n#top .av-special-heading.av-m4cjsdiv-7945267d78f40a2e2b1abf2452ffb6c4{\npadding-bottom:10px;\n}\nbody .av-special-heading.av-m4cjsdiv-7945267d78f40a2e2b1abf2452ffb6c4 .av-special-heading-tag .heading-char{\nfont-size:25px;\n}\n.av-special-heading.av-m4cjsdiv-7945267d78f40a2e2b1abf2452ffb6c4 .av-subheading{\nfont-size:15px;\n}\n<\/style>\n<div  class='av-special-heading av-m4cjsdiv-7945267d78f40a2e2b1abf2452ffb6c4 av-special-heading-h3 blockquote modern-quote modern-centered  avia-builder-el-1  el_before_av_image  avia-builder-el-first '><h3 class='av-special-heading-tag '  itemprop=\"headline\"  >Neuer Artikel in der Zeitschrift NATURaktiv des Salzburger Naturschutzbundes<\/h3><div class=\"special-heading-border\"><div class=\"special-heading-inner-border\"><\/div><\/div><\/div><br \/>\n\n<style type=\"text\/css\" data-created_by=\"avia_inline_auto\" id=\"style-css-av-m4ckfhy0-051a2f3140fbd9136a4e1a9cba13f714\">\n.avia-image-container.av-m4ckfhy0-051a2f3140fbd9136a4e1a9cba13f714 img.avia_image{\nbox-shadow:none;\n}\n.avia-image-container.av-m4ckfhy0-051a2f3140fbd9136a4e1a9cba13f714 .av-image-caption-overlay-center{\ncolor:#ffffff;\n}\n<\/style>\n<div  class='avia-image-container av-m4ckfhy0-051a2f3140fbd9136a4e1a9cba13f714 av-styling- avia-align-center  avia-builder-el-2  el_after_av_heading  el_before_av_hr '   itemprop=\"image\" itemscope=\"itemscope\" itemtype=\"https:\/\/schema.org\/ImageObject\" ><div class=\"avia-image-container-inner\"><div class=\"avia-image-overlay-wrap\"><img decoding=\"async\" fetchpriority=\"high\" class='wp-image-7083 avia-img-lazy-loading-not-7083 avia_image ' src=\"https:\/\/imker-aigen.at\/wp-content\/uploads\/2024\/12\/naturschutzbund_2024-04.jpg\" alt='Unser Beitrag in der NATURaktiv Ausgabe 04\/2024' title='NATURaktiv Ausgabe 04\/2024'  height=\"768\" width=\"543\"  itemprop=\"thumbnailUrl\" srcset=\"https:\/\/imker-aigen.at\/wp-content\/uploads\/2024\/12\/naturschutzbund_2024-04.jpg 543w, https:\/\/imker-aigen.at\/wp-content\/uploads\/2024\/12\/naturschutzbund_2024-04-212x300.jpg 212w, https:\/\/imker-aigen.at\/wp-content\/uploads\/2024\/12\/naturschutzbund_2024-04-498x705.jpg 498w\" sizes=\"(max-width: 543px) 100vw, 543px\" \/><\/div><\/div><\/div><br \/>\n\n<style type=\"text\/css\" data-created_by=\"avia_inline_auto\" id=\"style-css-av-m4ckdegr-ca94ef8e11f6c0afc7ba27322213f9e6\">\n#top .hr.av-m4ckdegr-ca94ef8e11f6c0afc7ba27322213f9e6{\nmargin-top:30px;\nmargin-bottom:30px;\n}\n.hr.av-m4ckdegr-ca94ef8e11f6c0afc7ba27322213f9e6 .hr-inner{\nwidth:50px;\nmax-width:45%;\n}\n<\/style>\n<div  class='hr av-m4ckdegr-ca94ef8e11f6c0afc7ba27322213f9e6 hr-custom  avia-builder-el-3  el_after_av_image  el_before_av_textblock  hr-center hr-icon-yes'><span class='hr-inner inner-border-av-border-thin'><span class=\"hr-inner-style\"><\/span><\/span><span class='av-seperator-icon avia-iconfont avia-font-entypo-fontello' data-av_icon='\ue8bf' data-av_iconfont='entypo-fontello' ><\/span><span class='hr-inner inner-border-av-border-thin'><span class=\"hr-inner-style\"><\/span><\/span><\/div><br \/>\n<section  class='av_textblock_section av-m4ck31lo-54aff7b0d5c2799bd96efb63b97775f4 '   itemscope=\"itemscope\" itemtype=\"https:\/\/schema.org\/BlogPosting\" itemprop=\"blogPost\" ><div class='avia_textblock'  itemprop=\"text\" ><p>In der Zeitschrift <a href=\"https:\/\/naturschutzbund.at\/publikationen.html\">NATURaktiv<\/a> des <a href=\"https:\/\/naturschutzbund.at\/salzburg.html\">Naturschutzbundes Salzburg<\/a> sind wir wieder mit einem Artikel \u00fcber Bienen und Imkerei vertreten.<\/p>\n<p><a href=\"https:\/\/naturschutzbund.at\/files\/lg\/salzburg\/natur_aktiv\/downloads\/NATUR%20aktiv_4-2024.pdf\"><strong>\u21d2 Bienen brauchen Blumenwiesen <\/strong>(Seite 10)<\/a><\/p>\n<p>Das freut uns nat\u00fcrlich sehr und zeigt, dass die Zusammenarbeit mit dem <a href=\"https:\/\/naturschutzbund.at\/salzburg.html\">Naturschutzbund Salzburg<\/a> gut funktioniert und wir auf gegenseitige Unterst\u00fctzung z\u00e4hlen k\u00f6nnen. Wir hoffen, dass wir den Leserinnen und Lesern des <a href=\"https:\/\/naturschutzbund.at\/publikationen.html\">NATURaktiv<\/a> Magazins mit unseren bisherigen Beitr\u00e4gen einen tieferen Einblick in die Welt der Bienen und der Imkerei geben konnten.<\/p>\n<p>Wie bereits berichtet, teilen wir uns dieses Jahr auch ein T\u00fcrchen im <a href=\"https:\/\/imker-aigen.at\/index.php\/2024\/12\/02\/s-pass-online-adventkalender-2024\/\">S-Pass Online Adventkalender 2024<\/a>. Auch das ist ein Beweis f\u00fcr unsere Zusammenarbeit. Im kommenden Jahr wollen wir vor allem im Bereich der Jugendarbeit und bei Projekten, bei denen es um die Zusammenarbeit von Landwirtschaft, Naturschutz und Imkerei geht, neue Projekte gemeinsam umsetzen. Es gibt also noch viel zu tun und wir freuen uns auf diese neuen Herausforderungen! Gemeinsam geht vieles leichter und macht auch mehr Spa\u00df!<\/p>\n<p><strong>An dieser Stelle ein herzliches Dankesch\u00f6n an das Team vom <a href=\"https:\/\/naturschutzbund.at\/salzburg.html\">Naturschutzbund Salzburg<\/a> f\u00fcr die bisherige Zusammenarbeit!<\/strong><\/p>\n<p>Weitere Artikel, die bereits in der Zeitschrift <a href=\"https:\/\/naturschutzbund.at\/publikationen.html\">NATURaktiv<\/a> des <a href=\"https:\/\/naturschutzbund.at\/salzburg.html\">Naturschutzbundes Salzburg<\/a> erschienen sind:<\/p>\n<p><a href=\"https:\/\/naturschutzbund.at\/files\/lg\/salzburg\/natur_aktiv\/downloads\/NATUR%20aktiv_1-2024.pdf\"><strong>\u21d2 Das Summen Verstummt: Die Bienen, Die Imker und ihre Sorgen &#8211; Teil 2<\/strong> (Seite 16)<\/a><br \/>\n<a href=\"https:\/\/naturschutzbund.at\/files\/lg\/salzburg\/natur_aktiv\/downloads\/NATUR%20aktiv_4-2023.pdf\"><strong>\u21d2 Das Summen Verstummt: Die Bienen, Die Imker und ihre Sorgen &#8211; Teil 1<\/strong> (Seite 7)<\/a><\/p>\n<\/div><\/section><br \/>\n<div  class='av-social-sharing-box av-4989pj-020bf51f7f93270b518f2a748353721b av-social-sharing-box-default  avia-builder-el-5  el_after_av_textblock  el_before_av_comments_list  av-social-sharing-box-fullwidth'><div class=\"av-share-box\"><h5 class='av-share-link-description av-no-toc '>Eintrag teilen<\/h5><ul class=\"av-share-box-list noLightbox\"><li class='av-share-link av-social-link-facebook avia_social_iconfont' ><a target=\"_blank\" aria-label=\"Teilen auf Facebook\" href='https:\/\/www.facebook.com\/sharer.php?u=https:\/\/imker-aigen.at\/index.php\/2024\/12\/06\/neuer-artikel-in-der-zeitschrift-naturaktiv-des-salzburger-naturschutzbundes\/&#038;t=Neuer%20Artikel%20in%20der%20Zeitschrift%20NATURaktiv%20des%20Salzburger%20Naturschutzbundes' data-av_icon='\ue8f3' data-av_iconfont='entypo-fontello'  title='' data-avia-related-tooltip='Teilen auf Facebook'><span class='avia_hidden_link_text'>Teilen auf Facebook<\/span><\/a><\/li><li class='av-share-link av-social-link-twitter avia_social_iconfont' ><a target=\"_blank\" aria-label=\"Teilen auf X\" href='https:\/\/twitter.com\/share?text=Neuer%20Artikel%20in%20der%20Zeitschrift%20NATURaktiv%20des%20Salzburger%20Naturschutzbundes&#038;url=https:\/\/imker-aigen.at\/?p=7079' data-av_icon='\ue932' data-av_iconfont='entypo-fontello'  title='' data-avia-related-tooltip='Teilen auf X'><span class='avia_hidden_link_text'>Teilen auf X<\/span><\/a><\/li><li class='av-share-link av-social-link-whatsapp avia_social_iconfont' ><a target=\"_blank\" aria-label=\"Teilen auf WhatsApp\" href='https:\/\/api.whatsapp.com\/send?text=https:\/\/imker-aigen.at\/index.php\/2024\/12\/06\/neuer-artikel-in-der-zeitschrift-naturaktiv-des-salzburger-naturschutzbundes\/' data-av_icon='\uf232' data-av_iconfont='entypo-fontello'  title='' data-avia-related-tooltip='Teilen auf WhatsApp'><span class='avia_hidden_link_text'>Teilen auf WhatsApp<\/span><\/a><\/li><li class='av-share-link av-social-link-pinterest avia_social_iconfont' ><a target=\"_blank\" aria-label=\"Teilen auf Pinterest\" href='https:\/\/pinterest.com\/pin\/create\/button\/?url=https%3A%2F%2Fimker-aigen.at%2Findex.php%2F2024%2F12%2F06%2Fneuer-artikel-in-der-zeitschrift-naturaktiv-des-salzburger-naturschutzbundes%2F&#038;description=Neuer%20Artikel%20in%20der%20Zeitschrift%20NATURaktiv%20des%20Salzburger%20Naturschutzbundes&#038;media=https%3A%2F%2Fimker-aigen.at%2Fwp-content%2Fuploads%2F2024%2F12%2Fnaturschutzbund_2024-04-498x705.jpg' data-av_icon='\ue8f8' data-av_iconfont='entypo-fontello'  title='' data-avia-related-tooltip='Teilen auf Pinterest'><span class='avia_hidden_link_text'>Teilen auf Pinterest<\/span><\/a><\/li><li class='av-share-link av-social-link-linkedin avia_social_iconfont' ><a target=\"_blank\" aria-label=\"Teilen auf LinkedIn\" href='https:\/\/linkedin.com\/shareArticle?mini=true&#038;title=Neuer%20Artikel%20in%20der%20Zeitschrift%20NATURaktiv%20des%20Salzburger%20Naturschutzbundes&#038;url=https:\/\/imker-aigen.at\/index.php\/2024\/12\/06\/neuer-artikel-in-der-zeitschrift-naturaktiv-des-salzburger-naturschutzbundes\/' data-av_icon='\ue8fc' data-av_iconfont='entypo-fontello'  title='' data-avia-related-tooltip='Teilen auf LinkedIn'><span class='avia_hidden_link_text'>Teilen auf LinkedIn<\/span><\/a><\/li><li class='av-share-link av-social-link-reddit avia_social_iconfont' ><a target=\"_blank\" aria-label=\"Teilen auf Reddit\" href='https:\/\/reddit.com\/submit?url=https:\/\/imker-aigen.at\/index.php\/2024\/12\/06\/neuer-artikel-in-der-zeitschrift-naturaktiv-des-salzburger-naturschutzbundes\/&#038;title=Neuer%20Artikel%20in%20der%20Zeitschrift%20NATURaktiv%20des%20Salzburger%20Naturschutzbundes' data-av_icon='\ue927' data-av_iconfont='entypo-fontello'  title='' data-avia-related-tooltip='Teilen auf Reddit'><span class='avia_hidden_link_text'>Teilen auf Reddit<\/span><\/a><\/li><li class='av-share-link av-social-link-mail avia_social_iconfont' ><a  aria-label=\"Per E-Mail teilen\" href='mailto:?subject=Neuer%20Artikel%20in%20der%20Zeitschrift%20NATURaktiv%20des%20Salzburger%20Naturschutzbundes&#038;body=https:\/\/imker-aigen.at\/index.php\/2024\/12\/06\/neuer-artikel-in-der-zeitschrift-naturaktiv-des-salzburger-naturschutzbundes\/' data-av_icon='\ue805' data-av_iconfont='entypo-fontello'  title='' data-avia-related-tooltip='Per E-Mail teilen'><span class='avia_hidden_link_text'>Per E-Mail teilen<\/span><\/a><\/li><\/ul><\/div><\/div><br \/>\n<div  class='av-buildercomment av-bc13r-cd7df9308c72bbe173f66885d13afdb1'><\/div><\/p><\/div>\n","protected":false},"excerpt":{"rendered":"","protected":false},"author":1,"featured_media":7083,"comment_status":"open","ping_status":"closed","sticky":false,"template":"","format":"standard","meta":{"footnotes":""},"categories":[2],"tags":[308,305,307,140,75,306,304],"class_list":["post-7079","post","type-post","status-publish","format-standard","has-post-thumbnail","hentry","category-news","tag-blumenwiesen","tag-kooperation","tag-magazin","tag-naturaktiv","tag-naturschutzbund","tag-zeitschrift","tag-zusammenarbeit"],"yoast_head":"<!-- This site is optimized with the Yoast SEO plugin v27.4 - https:\/\/yoast.com\/product\/yoast-seo-wordpress\/ -->\n<title>Neuer Artikel in der Zeitschrift NATURaktiv des Salzburger Naturschutzbundes - Imker Ortsgruppe Salzburg Aigen<\/title>\n<meta name=\"robots\" content=\"index, follow, max-snippet:-1, max-image-preview:large, max-video-preview:-1\" \/>\n<link rel=\"canonical\" href=\"https:\/\/imker-aigen.at\/index.php\/2024\/12\/06\/neuer-artikel-in-der-zeitschrift-naturaktiv-des-salzburger-naturschutzbundes\/\" \/>\n<meta property=\"og:locale\" content=\"de_DE\" \/>\n<meta property=\"og:type\" content=\"article\" \/>\n<meta property=\"og:title\" content=\"Neuer Artikel in der Zeitschrift NATURaktiv des Salzburger Naturschutzbundes - Imker Ortsgruppe Salzburg Aigen\" \/>\n<meta property=\"og:url\" content=\"https:\/\/imker-aigen.at\/index.php\/2024\/12\/06\/neuer-artikel-in-der-zeitschrift-naturaktiv-des-salzburger-naturschutzbundes\/\" \/>\n<meta property=\"og:site_name\" content=\"Imker Ortsgruppe Salzburg Aigen\" \/>\n<meta property=\"article:published_time\" content=\"2024-12-06T09:40:21+00:00\" \/>\n<meta property=\"article:modified_time\" content=\"2024-12-06T09:55:10+00:00\" \/>\n<meta property=\"og:image\" content=\"https:\/\/imker-aigen.at\/wp-content\/uploads\/2024\/12\/naturschutzbund_2024-04.jpg\" \/>\n\t<meta property=\"og:image:width\" content=\"543\" \/>\n\t<meta property=\"og:image:height\" content=\"768\" \/>\n\t<meta property=\"og:image:type\" content=\"image\/jpeg\" \/>\n<meta name=\"author\" content=\"admin\" \/>\n<meta name=\"twitter:card\" content=\"summary_large_image\" \/>\n<meta name=\"twitter:label1\" content=\"Verfasst von\" \/>\n\t<meta name=\"twitter:data1\" content=\"admin\" \/>\n\t<meta name=\"twitter:label2\" content=\"Gesch\u00e4tzte Lesezeit\" \/>\n\t<meta name=\"twitter:data2\" content=\"2\u00a0Minuten\" \/>\n<script type=\"application\/ld+json\" class=\"yoast-schema-graph\">{\"@context\":\"https:\\\/\\\/schema.org\",\"@graph\":[{\"@type\":\"Article\",\"@id\":\"https:\\\/\\\/imker-aigen.at\\\/index.php\\\/2024\\\/12\\\/06\\\/neuer-artikel-in-der-zeitschrift-naturaktiv-des-salzburger-naturschutzbundes\\\/#article\",\"isPartOf\":{\"@id\":\"https:\\\/\\\/imker-aigen.at\\\/index.php\\\/2024\\\/12\\\/06\\\/neuer-artikel-in-der-zeitschrift-naturaktiv-des-salzburger-naturschutzbundes\\\/\"},\"author\":{\"name\":\"admin\",\"@id\":\"https:\\\/\\\/imker-aigen.at\\\/#\\\/schema\\\/person\\\/d7d0c3a8ef6f051d450781218ac83077\"},\"headline\":\"Neuer Artikel in der Zeitschrift NATURaktiv des Salzburger Naturschutzbundes\",\"datePublished\":\"2024-12-06T09:40:21+00:00\",\"dateModified\":\"2024-12-06T09:55:10+00:00\",\"mainEntityOfPage\":{\"@id\":\"https:\\\/\\\/imker-aigen.at\\\/index.php\\\/2024\\\/12\\\/06\\\/neuer-artikel-in-der-zeitschrift-naturaktiv-des-salzburger-naturschutzbundes\\\/\"},\"wordCount\":1233,\"commentCount\":0,\"publisher\":{\"@id\":\"https:\\\/\\\/imker-aigen.at\\\/#organization\"},\"image\":{\"@id\":\"https:\\\/\\\/imker-aigen.at\\\/index.php\\\/2024\\\/12\\\/06\\\/neuer-artikel-in-der-zeitschrift-naturaktiv-des-salzburger-naturschutzbundes\\\/#primaryimage\"},\"thumbnailUrl\":\"https:\\\/\\\/imker-aigen.at\\\/wp-content\\\/uploads\\\/2024\\\/12\\\/naturschutzbund_2024-04.jpg\",\"keywords\":[\"Blumenwiesen\",\"Kooperation\",\"Magazin\",\"NATURaktiv\",\"Naturschutzbund\",\"Zeitschrift\",\"Zusammenarbeit\"],\"articleSection\":[\"News\"],\"inLanguage\":\"de\",\"potentialAction\":[{\"@type\":\"CommentAction\",\"name\":\"Comment\",\"target\":[\"https:\\\/\\\/imker-aigen.at\\\/index.php\\\/2024\\\/12\\\/06\\\/neuer-artikel-in-der-zeitschrift-naturaktiv-des-salzburger-naturschutzbundes\\\/#respond\"]}]},{\"@type\":\"WebPage\",\"@id\":\"https:\\\/\\\/imker-aigen.at\\\/index.php\\\/2024\\\/12\\\/06\\\/neuer-artikel-in-der-zeitschrift-naturaktiv-des-salzburger-naturschutzbundes\\\/\",\"url\":\"https:\\\/\\\/imker-aigen.at\\\/index.php\\\/2024\\\/12\\\/06\\\/neuer-artikel-in-der-zeitschrift-naturaktiv-des-salzburger-naturschutzbundes\\\/\",\"name\":\"Neuer Artikel in der Zeitschrift NATURaktiv des Salzburger Naturschutzbundes - Imker Ortsgruppe Salzburg Aigen\",\"isPartOf\":{\"@id\":\"https:\\\/\\\/imker-aigen.at\\\/#website\"},\"primaryImageOfPage\":{\"@id\":\"https:\\\/\\\/imker-aigen.at\\\/index.php\\\/2024\\\/12\\\/06\\\/neuer-artikel-in-der-zeitschrift-naturaktiv-des-salzburger-naturschutzbundes\\\/#primaryimage\"},\"image\":{\"@id\":\"https:\\\/\\\/imker-aigen.at\\\/index.php\\\/2024\\\/12\\\/06\\\/neuer-artikel-in-der-zeitschrift-naturaktiv-des-salzburger-naturschutzbundes\\\/#primaryimage\"},\"thumbnailUrl\":\"https:\\\/\\\/imker-aigen.at\\\/wp-content\\\/uploads\\\/2024\\\/12\\\/naturschutzbund_2024-04.jpg\",\"datePublished\":\"2024-12-06T09:40:21+00:00\",\"dateModified\":\"2024-12-06T09:55:10+00:00\",\"breadcrumb\":{\"@id\":\"https:\\\/\\\/imker-aigen.at\\\/index.php\\\/2024\\\/12\\\/06\\\/neuer-artikel-in-der-zeitschrift-naturaktiv-des-salzburger-naturschutzbundes\\\/#breadcrumb\"},\"inLanguage\":\"de\",\"potentialAction\":[{\"@type\":\"ReadAction\",\"target\":[\"https:\\\/\\\/imker-aigen.at\\\/index.php\\\/2024\\\/12\\\/06\\\/neuer-artikel-in-der-zeitschrift-naturaktiv-des-salzburger-naturschutzbundes\\\/\"]}]},{\"@type\":\"ImageObject\",\"inLanguage\":\"de\",\"@id\":\"https:\\\/\\\/imker-aigen.at\\\/index.php\\\/2024\\\/12\\\/06\\\/neuer-artikel-in-der-zeitschrift-naturaktiv-des-salzburger-naturschutzbundes\\\/#primaryimage\",\"url\":\"https:\\\/\\\/imker-aigen.at\\\/wp-content\\\/uploads\\\/2024\\\/12\\\/naturschutzbund_2024-04.jpg\",\"contentUrl\":\"https:\\\/\\\/imker-aigen.at\\\/wp-content\\\/uploads\\\/2024\\\/12\\\/naturschutzbund_2024-04.jpg\",\"width\":543,\"height\":768,\"caption\":\"Unser Beitrag in der NATURaktiv Ausgabe 04\\\/2024\"},{\"@type\":\"BreadcrumbList\",\"@id\":\"https:\\\/\\\/imker-aigen.at\\\/index.php\\\/2024\\\/12\\\/06\\\/neuer-artikel-in-der-zeitschrift-naturaktiv-des-salzburger-naturschutzbundes\\\/#breadcrumb\",\"itemListElement\":[{\"@type\":\"ListItem\",\"position\":1,\"name\":\"Startseite\",\"item\":\"https:\\\/\\\/imker-aigen.at\\\/index.php\\\/home\\\/\"},{\"@type\":\"ListItem\",\"position\":2,\"name\":\"Neuer Artikel in der Zeitschrift NATURaktiv des Salzburger Naturschutzbundes\"}]},{\"@type\":\"WebSite\",\"@id\":\"https:\\\/\\\/imker-aigen.at\\\/#website\",\"url\":\"https:\\\/\\\/imker-aigen.at\\\/\",\"name\":\"Imker Ortsgruppe Salzburg Aigen\",\"description\":\"Homepage der Imker-Ortsgruppe Salzburg Aigen\",\"publisher\":{\"@id\":\"https:\\\/\\\/imker-aigen.at\\\/#organization\"},\"potentialAction\":[{\"@type\":\"SearchAction\",\"target\":{\"@type\":\"EntryPoint\",\"urlTemplate\":\"https:\\\/\\\/imker-aigen.at\\\/?s={search_term_string}\"},\"query-input\":{\"@type\":\"PropertyValueSpecification\",\"valueRequired\":true,\"valueName\":\"search_term_string\"}}],\"inLanguage\":\"de\"},{\"@type\":\"Organization\",\"@id\":\"https:\\\/\\\/imker-aigen.at\\\/#organization\",\"name\":\"Imker Ortsgruppe Salzburg Aigen\",\"url\":\"https:\\\/\\\/imker-aigen.at\\\/\",\"logo\":{\"@type\":\"ImageObject\",\"inLanguage\":\"de\",\"@id\":\"https:\\\/\\\/imker-aigen.at\\\/#\\\/schema\\\/logo\\\/image\\\/\",\"url\":\"https:\\\/\\\/imker-aigen.at\\\/wp-content\\\/uploads\\\/2022\\\/08\\\/logo-1.png\",\"contentUrl\":\"https:\\\/\\\/imker-aigen.at\\\/wp-content\\\/uploads\\\/2022\\\/08\\\/logo-1.png\",\"width\":392,\"height\":156,\"caption\":\"Imker Ortsgruppe Salzburg Aigen\"},\"image\":{\"@id\":\"https:\\\/\\\/imker-aigen.at\\\/#\\\/schema\\\/logo\\\/image\\\/\"}},{\"@type\":\"Person\",\"@id\":\"https:\\\/\\\/imker-aigen.at\\\/#\\\/schema\\\/person\\\/d7d0c3a8ef6f051d450781218ac83077\",\"name\":\"admin\",\"image\":{\"@type\":\"ImageObject\",\"inLanguage\":\"de\",\"@id\":\"https:\\\/\\\/secure.gravatar.com\\\/avatar\\\/925a7e918efd3cfdae29be9c0018a3ae3275cd0444a6e166241172bb6e5243c7?s=96&d=mm&r=g\",\"url\":\"https:\\\/\\\/secure.gravatar.com\\\/avatar\\\/925a7e918efd3cfdae29be9c0018a3ae3275cd0444a6e166241172bb6e5243c7?s=96&d=mm&r=g\",\"contentUrl\":\"https:\\\/\\\/secure.gravatar.com\\\/avatar\\\/925a7e918efd3cfdae29be9c0018a3ae3275cd0444a6e166241172bb6e5243c7?s=96&d=mm&r=g\",\"caption\":\"admin\"},\"sameAs\":[\"https:\\\/\\\/imker-aigen.at\",\"linkedin.com\\\/in\\\/bernd-meierhofer-5919b62\"],\"url\":\"https:\\\/\\\/imker-aigen.at\\\/index.php\\\/author\\\/bmeierhofer\\\/\"}]}<\/script>\n<!-- \/ Yoast SEO plugin. -->","yoast_head_json":{"title":"Neuer Artikel in der Zeitschrift NATURaktiv des Salzburger Naturschutzbundes - Imker Ortsgruppe Salzburg Aigen","robots":{"index":"index","follow":"follow","max-snippet":"max-snippet:-1","max-image-preview":"max-image-preview:large","max-video-preview":"max-video-preview:-1"},"canonical":"https:\/\/imker-aigen.at\/index.php\/2024\/12\/06\/neuer-artikel-in-der-zeitschrift-naturaktiv-des-salzburger-naturschutzbundes\/","og_locale":"de_DE","og_type":"article","og_title":"Neuer Artikel in der Zeitschrift NATURaktiv des Salzburger Naturschutzbundes - Imker Ortsgruppe Salzburg Aigen","og_url":"https:\/\/imker-aigen.at\/index.php\/2024\/12\/06\/neuer-artikel-in-der-zeitschrift-naturaktiv-des-salzburger-naturschutzbundes\/","og_site_name":"Imker Ortsgruppe Salzburg Aigen","article_published_time":"2024-12-06T09:40:21+00:00","article_modified_time":"2024-12-06T09:55:10+00:00","og_image":[{"width":543,"height":768,"url":"https:\/\/imker-aigen.at\/wp-content\/uploads\/2024\/12\/naturschutzbund_2024-04.jpg","type":"image\/jpeg"}],"author":"admin","twitter_card":"summary_large_image","twitter_misc":{"Verfasst von":"admin","Gesch\u00e4tzte Lesezeit":"2\u00a0Minuten"},"schema":{"@context":"https:\/\/schema.org","@graph":[{"@type":"Article","@id":"https:\/\/imker-aigen.at\/index.php\/2024\/12\/06\/neuer-artikel-in-der-zeitschrift-naturaktiv-des-salzburger-naturschutzbundes\/#article","isPartOf":{"@id":"https:\/\/imker-aigen.at\/index.php\/2024\/12\/06\/neuer-artikel-in-der-zeitschrift-naturaktiv-des-salzburger-naturschutzbundes\/"},"author":{"name":"admin","@id":"https:\/\/imker-aigen.at\/#\/schema\/person\/d7d0c3a8ef6f051d450781218ac83077"},"headline":"Neuer Artikel in der Zeitschrift NATURaktiv des Salzburger Naturschutzbundes","datePublished":"2024-12-06T09:40:21+00:00","dateModified":"2024-12-06T09:55:10+00:00","mainEntityOfPage":{"@id":"https:\/\/imker-aigen.at\/index.php\/2024\/12\/06\/neuer-artikel-in-der-zeitschrift-naturaktiv-des-salzburger-naturschutzbundes\/"},"wordCount":1233,"commentCount":0,"publisher":{"@id":"https:\/\/imker-aigen.at\/#organization"},"image":{"@id":"https:\/\/imker-aigen.at\/index.php\/2024\/12\/06\/neuer-artikel-in-der-zeitschrift-naturaktiv-des-salzburger-naturschutzbundes\/#primaryimage"},"thumbnailUrl":"https:\/\/imker-aigen.at\/wp-content\/uploads\/2024\/12\/naturschutzbund_2024-04.jpg","keywords":["Blumenwiesen","Kooperation","Magazin","NATURaktiv","Naturschutzbund","Zeitschrift","Zusammenarbeit"],"articleSection":["News"],"inLanguage":"de","potentialAction":[{"@type":"CommentAction","name":"Comment","target":["https:\/\/imker-aigen.at\/index.php\/2024\/12\/06\/neuer-artikel-in-der-zeitschrift-naturaktiv-des-salzburger-naturschutzbundes\/#respond"]}]},{"@type":"WebPage","@id":"https:\/\/imker-aigen.at\/index.php\/2024\/12\/06\/neuer-artikel-in-der-zeitschrift-naturaktiv-des-salzburger-naturschutzbundes\/","url":"https:\/\/imker-aigen.at\/index.php\/2024\/12\/06\/neuer-artikel-in-der-zeitschrift-naturaktiv-des-salzburger-naturschutzbundes\/","name":"Neuer Artikel in der Zeitschrift NATURaktiv des Salzburger Naturschutzbundes - Imker Ortsgruppe Salzburg Aigen","isPartOf":{"@id":"https:\/\/imker-aigen.at\/#website"},"primaryImageOfPage":{"@id":"https:\/\/imker-aigen.at\/index.php\/2024\/12\/06\/neuer-artikel-in-der-zeitschrift-naturaktiv-des-salzburger-naturschutzbundes\/#primaryimage"},"image":{"@id":"https:\/\/imker-aigen.at\/index.php\/2024\/12\/06\/neuer-artikel-in-der-zeitschrift-naturaktiv-des-salzburger-naturschutzbundes\/#primaryimage"},"thumbnailUrl":"https:\/\/imker-aigen.at\/wp-content\/uploads\/2024\/12\/naturschutzbund_2024-04.jpg","datePublished":"2024-12-06T09:40:21+00:00","dateModified":"2024-12-06T09:55:10+00:00","breadcrumb":{"@id":"https:\/\/imker-aigen.at\/index.php\/2024\/12\/06\/neuer-artikel-in-der-zeitschrift-naturaktiv-des-salzburger-naturschutzbundes\/#breadcrumb"},"inLanguage":"de","potentialAction":[{"@type":"ReadAction","target":["https:\/\/imker-aigen.at\/index.php\/2024\/12\/06\/neuer-artikel-in-der-zeitschrift-naturaktiv-des-salzburger-naturschutzbundes\/"]}]},{"@type":"ImageObject","inLanguage":"de","@id":"https:\/\/imker-aigen.at\/index.php\/2024\/12\/06\/neuer-artikel-in-der-zeitschrift-naturaktiv-des-salzburger-naturschutzbundes\/#primaryimage","url":"https:\/\/imker-aigen.at\/wp-content\/uploads\/2024\/12\/naturschutzbund_2024-04.jpg","contentUrl":"https:\/\/imker-aigen.at\/wp-content\/uploads\/2024\/12\/naturschutzbund_2024-04.jpg","width":543,"height":768,"caption":"Unser Beitrag in der NATURaktiv Ausgabe 04\/2024"},{"@type":"BreadcrumbList","@id":"https:\/\/imker-aigen.at\/index.php\/2024\/12\/06\/neuer-artikel-in-der-zeitschrift-naturaktiv-des-salzburger-naturschutzbundes\/#breadcrumb","itemListElement":[{"@type":"ListItem","position":1,"name":"Startseite","item":"https:\/\/imker-aigen.at\/index.php\/home\/"},{"@type":"ListItem","position":2,"name":"Neuer Artikel in der Zeitschrift NATURaktiv des Salzburger Naturschutzbundes"}]},{"@type":"WebSite","@id":"https:\/\/imker-aigen.at\/#website","url":"https:\/\/imker-aigen.at\/","name":"Imker Ortsgruppe Salzburg Aigen","description":"Homepage der Imker-Ortsgruppe Salzburg Aigen","publisher":{"@id":"https:\/\/imker-aigen.at\/#organization"},"potentialAction":[{"@type":"SearchAction","target":{"@type":"EntryPoint","urlTemplate":"https:\/\/imker-aigen.at\/?s={search_term_string}"},"query-input":{"@type":"PropertyValueSpecification","valueRequired":true,"valueName":"search_term_string"}}],"inLanguage":"de"},{"@type":"Organization","@id":"https:\/\/imker-aigen.at\/#organization","name":"Imker Ortsgruppe Salzburg Aigen","url":"https:\/\/imker-aigen.at\/","logo":{"@type":"ImageObject","inLanguage":"de","@id":"https:\/\/imker-aigen.at\/#\/schema\/logo\/image\/","url":"https:\/\/imker-aigen.at\/wp-content\/uploads\/2022\/08\/logo-1.png","contentUrl":"https:\/\/imker-aigen.at\/wp-content\/uploads\/2022\/08\/logo-1.png","width":392,"height":156,"caption":"Imker Ortsgruppe Salzburg Aigen"},"image":{"@id":"https:\/\/imker-aigen.at\/#\/schema\/logo\/image\/"}},{"@type":"Person","@id":"https:\/\/imker-aigen.at\/#\/schema\/person\/d7d0c3a8ef6f051d450781218ac83077","name":"admin","image":{"@type":"ImageObject","inLanguage":"de","@id":"https:\/\/secure.gravatar.com\/avatar\/925a7e918efd3cfdae29be9c0018a3ae3275cd0444a6e166241172bb6e5243c7?s=96&d=mm&r=g","url":"https:\/\/secure.gravatar.com\/avatar\/925a7e918efd3cfdae29be9c0018a3ae3275cd0444a6e166241172bb6e5243c7?s=96&d=mm&r=g","contentUrl":"https:\/\/secure.gravatar.com\/avatar\/925a7e918efd3cfdae29be9c0018a3ae3275cd0444a6e166241172bb6e5243c7?s=96&d=mm&r=g","caption":"admin"},"sameAs":["https:\/\/imker-aigen.at","linkedin.com\/in\/bernd-meierhofer-5919b62"],"url":"https:\/\/imker-aigen.at\/index.php\/author\/bmeierhofer\/"}]}},"_links":{"self":[{"href":"https:\/\/imker-aigen.at\/index.php\/wp-json\/wp\/v2\/posts\/7079","targetHints":{"allow":["GET"]}}],"collection":[{"href":"https:\/\/imker-aigen.at\/index.php\/wp-json\/wp\/v2\/posts"}],"about":[{"href":"https:\/\/imker-aigen.at\/index.php\/wp-json\/wp\/v2\/types\/post"}],"author":[{"embeddable":true,"href":"https:\/\/imker-aigen.at\/index.php\/wp-json\/wp\/v2\/users\/1"}],"replies":[{"embeddable":true,"href":"https:\/\/imker-aigen.at\/index.php\/wp-json\/wp\/v2\/comments?post=7079"}],"version-history":[{"count":6,"href":"https:\/\/imker-aigen.at\/index.php\/wp-json\/wp\/v2\/posts\/7079\/revisions"}],"predecessor-version":[{"id":7088,"href":"https:\/\/imker-aigen.at\/index.php\/wp-json\/wp\/v2\/posts\/7079\/revisions\/7088"}],"wp:featuredmedia":[{"embeddable":true,"href":"https:\/\/imker-aigen.at\/index.php\/wp-json\/wp\/v2\/media\/7083"}],"wp:attachment":[{"href":"https:\/\/imker-aigen.at\/index.php\/wp-json\/wp\/v2\/media?parent=7079"}],"wp:term":[{"taxonomy":"category","embeddable":true,"href":"https:\/\/imker-aigen.at\/index.php\/wp-json\/wp\/v2\/categories?post=7079"},{"taxonomy":"post_tag","embeddable":true,"href":"https:\/\/imker-aigen.at\/index.php\/wp-json\/wp\/v2\/tags?post=7079"}],"curies":[{"name":"wp","href":"https:\/\/api.w.org\/{rel}","templated":true}]}}