{"id":7104,"date":"2024-12-11T09:16:40","date_gmt":"2024-12-11T08:16:40","guid":{"rendered":"https:\/\/imker-aigen.at\/?p=7104"},"modified":"2024-12-12T12:08:40","modified_gmt":"2024-12-12T11:08:40","slug":"adventmarkt-2024-resuemee","status":"publish","type":"post","link":"https:\/\/imker-aigen.at\/index.php\/2024\/12\/11\/adventmarkt-2024-resuemee\/","title":{"rendered":"Adventmarkt 2024 \u2013 Res\u00fcmee"},"content":{"rendered":"<div  class='flex_column av-7xjuxc-006e2b480e645d0ca465c99b3d63f6fd av_one_full  avia-builder-el-0  avia-builder-el-no-sibling  first flex_column_div  '     ><p>\n<style type=\"text\/css\" data-created_by=\"avia_inline_auto\" id=\"style-css-av-m4jmaj6c-6a1e7f971f0bd4d6be49be3a0bb003c9\">\n#top .av-special-heading.av-m4jmaj6c-6a1e7f971f0bd4d6be49be3a0bb003c9{\npadding-bottom:10px;\n}\nbody .av-special-heading.av-m4jmaj6c-6a1e7f971f0bd4d6be49be3a0bb003c9 .av-special-heading-tag .heading-char{\nfont-size:25px;\n}\n.av-special-heading.av-m4jmaj6c-6a1e7f971f0bd4d6be49be3a0bb003c9 .av-subheading{\nfont-size:15px;\n}\n<\/style>\n<div  class='av-special-heading av-m4jmaj6c-6a1e7f971f0bd4d6be49be3a0bb003c9 av-special-heading-h3 blockquote modern-quote modern-centered  avia-builder-el-1  el_before_av_horizontal_gallery  avia-builder-el-no-sibling '><h3 class='av-special-heading-tag '  itemprop=\"headline\"  >Adventmarkt 2024 \u2013 Res\u00fcmee<\/h3><div class=\"special-heading-border\"><div class=\"special-heading-inner-border\"><\/div><\/div><\/div><br \/>\n\n<style type=\"text\/css\" data-created_by=\"avia_inline_auto\" id=\"style-css-av-m4l7ue92-359c252cf5f82c4aae29f1684806dbe9\">\n.av-horizontal-gallery.av-m4l7ue92-359c252cf5f82c4aae29f1684806dbe9{\npadding:3.75% 0px;;\n}\n.av-horizontal-gallery.av-m4l7ue92-359c252cf5f82c4aae29f1684806dbe9 .av-horizontal-gallery-inner{\npadding-bottom:25%;\n}\n<\/style>\n<div  class='av-horizontal-gallery av-m4l7ue92-359c252cf5f82c4aae29f1684806dbe9 av-horizontal-gallery-large-gap av-horizontal-gallery-enlarge-effect  avia-builder-el-2  el_after_av_heading  el_before_av_hr  av-slideshow-ui av-control-default av-slideshow-manual av-loop-once av-loop-manual-once av-horizontal-gallery-1' data-slideshow-data=\"{&quot;enlarge&quot;:1.3,&quot;animation&quot;:&quot;slide&quot;,&quot;autoplay&quot;:false,&quot;loop_autoplay&quot;:&quot;once&quot;,&quot;interval&quot;:5,&quot;loop_manual&quot;:&quot;manual-once&quot;,&quot;autoplay_stopper&quot;:false,&quot;noNavigation&quot;:false,&quot;bg_slider&quot;:false,&quot;keep_padding&quot;:&quot;&quot;,&quot;hoverpause&quot;:false,&quot;show_slide_delay&quot;:0}\"  itemprop=\"image\" itemscope=\"itemscope\" itemtype=\"https:\/\/schema.org\/ImageObject\" ><div class='avia-slideshow-arrows avia-slideshow-controls' ><a href='#prev' class='prev-slide av-horizontal-gallery-prev avia-svg-icon avia-font-svg_entypo-fontello' data-av_svg_icon='left-open-big' data-av_iconset='svg_entypo-fontello' tabindex='-1' title=\"Zur\u00fcck\"><svg version=\"1.1\" xmlns=\"http:\/\/www.w3.org\/2000\/svg\" width=\"15\" height=\"32\" viewBox=\"0 0 15 32\" preserveAspectRatio=\"xMidYMid meet\" aria-labelledby='av-svg-title-1' aria-describedby='av-svg-desc-1' role=\"graphics-symbol\" aria-hidden=\"true\">\n<title id='av-svg-title-1'>Zur\u00fcck<\/title>\n<desc id='av-svg-desc-1'>Zur\u00fcck<\/desc>\n<path d=\"M14.464 27.84q0.832 0.832 0 1.536-0.832 0.832-1.536 0l-12.544-12.608q-0.768-0.768 0-1.6l12.544-12.608q0.704-0.832 1.536 0 0.832 0.704 0 1.536l-11.456 11.904z\"><\/path>\n<\/svg><span class='avia_hidden_link_text'>Zur\u00fcck<\/span><\/a><a href='#next' class='next-slide av-horizontal-gallery-next avia-svg-icon avia-font-svg_entypo-fontello' data-av_svg_icon='right-open-big' data-av_iconset='svg_entypo-fontello' tabindex='-1' title=\"Weiter\"><svg version=\"1.1\" xmlns=\"http:\/\/www.w3.org\/2000\/svg\" width=\"15\" height=\"32\" viewBox=\"0 0 15 32\" preserveAspectRatio=\"xMidYMid meet\" aria-labelledby='av-svg-title-2' aria-describedby='av-svg-desc-2' role=\"graphics-symbol\" aria-hidden=\"true\">\n<title id='av-svg-title-2'>Weiter<\/title>\n<desc id='av-svg-desc-2'>Weiter<\/desc>\n<path d=\"M0.416 27.84l11.456-11.84-11.456-11.904q-0.832-0.832 0-1.536 0.832-0.832 1.536 0l12.544 12.608q0.768 0.832 0 1.6l-12.544 12.608q-0.704 0.832-1.536 0-0.832-0.704 0-1.536z\"><\/path>\n<\/svg><span class='avia_hidden_link_text'>Weiter<\/span><\/a><\/div><div class='avia-slideshow-dots avia-slideshow-controls av-horizontal-gallery-dots fade-in'><a href='#1' class='goto-slide active' >1<\/a><a href='#2' class='goto-slide ' >2<\/a><\/div><div class='av-horizontal-gallery-inner' data-av-height='25'><div class=\"av-horizontal-gallery-slider\"><div class=\"av-horizontal-gallery-wrap noHover\"><img decoding=\"async\" fetchpriority=\"high\" class='wp-image-7148 avia-img-lazy-loading-not-7148 av-horizontal-gallery-img' width=\"1024\" height=\"768\" src=\"https:\/\/imker-aigen.at\/wp-content\/uploads\/2024\/12\/adventmarkt2024_3_1024_768.jpg\" title='Prominenter Besuch auf dem Adventmarkt 2024' alt='' srcset=\"https:\/\/imker-aigen.at\/wp-content\/uploads\/2024\/12\/adventmarkt2024_3_1024_768.jpg 1024w, https:\/\/imker-aigen.at\/wp-content\/uploads\/2024\/12\/adventmarkt2024_3_1024_768-300x225.jpg 300w, https:\/\/imker-aigen.at\/wp-content\/uploads\/2024\/12\/adventmarkt2024_3_1024_768-768x576.jpg 768w, https:\/\/imker-aigen.at\/wp-content\/uploads\/2024\/12\/adventmarkt2024_3_1024_768-705x529.jpg 705w\" sizes=\"(max-width: 1024px) 100vw, 1024px\" \/><a href=\"https:\/\/imker-aigen.at\/wp-content\/uploads\/2024\/12\/adventmarkt2024_3_1024_768.jpg\" data-srcset=\"https:\/\/imker-aigen.at\/wp-content\/uploads\/2024\/12\/adventmarkt2024_3_1024_768.jpg 1024w, https:\/\/imker-aigen.at\/wp-content\/uploads\/2024\/12\/adventmarkt2024_3_1024_768-300x225.jpg 300w, https:\/\/imker-aigen.at\/wp-content\/uploads\/2024\/12\/adventmarkt2024_3_1024_768-768x576.jpg 768w, https:\/\/imker-aigen.at\/wp-content\/uploads\/2024\/12\/adventmarkt2024_3_1024_768-705x529.jpg 705w\" data-sizes=\"(max-width: 1024px) 100vw, 1024px\" class='av-horizontal-gallery-link avia-svg-icon avia-font-svg_entypo-fontello' data-av_svg_icon='resize-full' data-av_iconset='svg_entypo-fontello' title='Prominenter Besuch auf dem Adventmarkt 2024' alt='' aria-label='Open image in lightbox: Prominenter Besuch auf dem Adventmarkt 2024'><svg version=\"1.1\" xmlns=\"http:\/\/www.w3.org\/2000\/svg\" width=\"25\" height=\"32\" viewBox=\"0 0 25 32\" preserveAspectRatio=\"xMidYMid meet\" aria-labelledby='av-svg-title-3' aria-describedby='av-svg-desc-3' role=\"graphics-symbol\" aria-hidden=\"true\">\n<title id='av-svg-title-3'>Open image in lightbox: Prominenter Besuch auf dem Adventmarkt 2024<\/title>\n<desc id='av-svg-desc-3'>Open image in lightbox: Prominenter Besuch auf dem Adventmarkt 2024<\/desc>\n<path d=\"M15.232 3.328h10.112v10.112l-3.2-3.968-4.672 4.864-3.2-3.2 4.864-4.672zM7.872 17.536l3.2 3.2-4.864 4.672 3.904 3.2h-10.112v-10.112l3.2 3.904z\"><\/path>\n<\/svg><\/a><\/div><div class=\"av-horizontal-gallery-wrap noHover\"><img decoding=\"async\" fetchpriority=\"high\" class='wp-image-7158 avia-img-lazy-loading-not-7158 av-horizontal-gallery-img' width=\"1024\" height=\"768\" src=\"https:\/\/imker-aigen.at\/wp-content\/uploads\/2024\/12\/adventmarkt2024_4_1024_768.jpg\" title='Ein Teil unserer Produkte vom Adventmarkt 2024' alt='' srcset=\"https:\/\/imker-aigen.at\/wp-content\/uploads\/2024\/12\/adventmarkt2024_4_1024_768.jpg 1024w, https:\/\/imker-aigen.at\/wp-content\/uploads\/2024\/12\/adventmarkt2024_4_1024_768-300x225.jpg 300w, https:\/\/imker-aigen.at\/wp-content\/uploads\/2024\/12\/adventmarkt2024_4_1024_768-768x576.jpg 768w, https:\/\/imker-aigen.at\/wp-content\/uploads\/2024\/12\/adventmarkt2024_4_1024_768-705x529.jpg 705w\" sizes=\"(max-width: 1024px) 100vw, 1024px\" \/><a href=\"https:\/\/imker-aigen.at\/wp-content\/uploads\/2024\/12\/adventmarkt2024_4_1024_768.jpg\" data-srcset=\"https:\/\/imker-aigen.at\/wp-content\/uploads\/2024\/12\/adventmarkt2024_4_1024_768.jpg 1024w, https:\/\/imker-aigen.at\/wp-content\/uploads\/2024\/12\/adventmarkt2024_4_1024_768-300x225.jpg 300w, https:\/\/imker-aigen.at\/wp-content\/uploads\/2024\/12\/adventmarkt2024_4_1024_768-768x576.jpg 768w, https:\/\/imker-aigen.at\/wp-content\/uploads\/2024\/12\/adventmarkt2024_4_1024_768-705x529.jpg 705w\" data-sizes=\"(max-width: 1024px) 100vw, 1024px\" class='av-horizontal-gallery-link avia-svg-icon avia-font-svg_entypo-fontello' data-av_svg_icon='resize-full' data-av_iconset='svg_entypo-fontello' title='Ein Teil unserer Produkte vom Adventmarkt 2024' alt='' aria-label='Open image in lightbox: Ein Teil unserer Produkte vom Adventmarkt 2024'><svg version=\"1.1\" xmlns=\"http:\/\/www.w3.org\/2000\/svg\" width=\"25\" height=\"32\" viewBox=\"0 0 25 32\" preserveAspectRatio=\"xMidYMid meet\" aria-labelledby='av-svg-title-4' aria-describedby='av-svg-desc-4' role=\"graphics-symbol\" aria-hidden=\"true\">\n<title id='av-svg-title-4'>Open image in lightbox: Ein Teil unserer Produkte vom Adventmarkt 2024<\/title>\n<desc id='av-svg-desc-4'>Open image in lightbox: Ein Teil unserer Produkte vom Adventmarkt 2024<\/desc>\n<path d=\"M15.232 3.328h10.112v10.112l-3.2-3.968-4.672 4.864-3.2-3.2 4.864-4.672zM7.872 17.536l3.2 3.2-4.864 4.672 3.904 3.2h-10.112v-10.112l3.2 3.904z\"><\/path>\n<\/svg><\/a><\/div><\/div><\/div><\/div><br \/>\n\n<style type=\"text\/css\" data-created_by=\"avia_inline_auto\" id=\"style-css-av-m4jmap69-5352b340912da983da950e07675eca5b\">\n#top .hr.av-m4jmap69-5352b340912da983da950e07675eca5b{\nmargin-top:30px;\nmargin-bottom:30px;\n}\n.hr.av-m4jmap69-5352b340912da983da950e07675eca5b .hr-inner{\nwidth:50px;\nmax-width:45%;\n}\n<\/style>\n<div  class='hr av-m4jmap69-5352b340912da983da950e07675eca5b hr-custom  avia-builder-el-3  el_after_av_horizontal_gallery  el_before_av_textblock  avia-builder-el-first  hr-center hr-icon-yes'><span class='hr-inner inner-border-av-border-thin'><span class=\"hr-inner-style\"><\/span><\/span><span class='av-seperator-icon avia-iconfont avia-font-entypo-fontello' data-av_icon='\ue8bf' data-av_iconfont='entypo-fontello' ><\/span><span class='hr-inner inner-border-av-border-thin'><span class=\"hr-inner-style\"><\/span><\/span><\/div><br \/>\n<section  class='av_textblock_section av-6dg6lc-563f0faaf19003eb0262d364c964c271 '   itemscope=\"itemscope\" itemtype=\"https:\/\/schema.org\/BlogPosting\" itemprop=\"blogPost\" ><div class='avia_textblock'  itemprop=\"text\" ><section class=\"av_textblock_section av-lq1bnckq-e9a6c58c0ee9f8362e756d8d36ff6571 \">\n<div class=\"avia_textblock\">\n<h3>Alle Jahre wieder!<\/h3>\n<p>Auch im Jahr 2024 beteiligte sich unser Verein mit einem eigenen Stand am Adventmarkt in Elsbethen. Da im Vorfeld bereits intensiv Werbung f\u00fcr den Elsbethener Adventmarkt gemacht wurde, waren beide Samstage (30.11. und 7.12.2024) sehr gut besucht. Der Adventmarkt hat auch 2024 wieder einen wichtigen Beitrag geleistet, um den Bekanntheitsgrad unseres Vereins zu steigern.<\/p>\n<p>Nachdem die Zusammenarbeit mit dem <a href=\"https:\/\/www.bluehendes-salzburg.at\/elsbethen\/willkommen\/\">Obst- und Gartenbauverein Elsbethen<\/a> im letzten Jahr sehr gut geklappt hat, haben wir uns auch 2024 wieder f\u00fcr eine Standteilung entschieden. So k\u00f6nnen wir zum einen eine gr\u00f6\u00dfere Produktpalette am Stand anbieten, zum anderen k\u00f6nnen wir uns gegenseitig mit Rat und Tat unterst\u00fctzen. Und gemeinsam macht es einfach mehr Spa\u00df.<\/p>\n<blockquote>\n<p>Uns hat es jedenfalls wieder viel Freude bereitet, dabei gewesen zu sein!<\/p>\n<\/blockquote>\n<\/div>\n<h3>Danksagung<\/h3>\n<div class=\"avia_textblock\">\n<p>Wir m\u00f6chten uns bei den vielen Besucherinnen und Besuchern des Elsbethner Adventmarktes bedanken, die dazu beigetragen haben, dass wir auch heuer wieder einen kleinen Spendenbetrag erwirtschaften konnten. Dieser Betrag wird f\u00fcr karitative Zwecke des <a href=\"https:\/\/www.elsbethen.info\/\">Tourismusverbandes Elsbethen<\/a> und f\u00fcr unsere gemeinn\u00fctzige Vereinsarbeit zum Schutz unserer Natur und der Bienen verwendet werden.<\/p>\n<p>Ein weiterer Dank gilt auch dem Team im <a href=\"https:\/\/www.elsbethen.info\/\">Tourismusverband Elsbethen<\/a> rund um Maria Steindl, die den Adventmarkt nun schon seit vielen Jahren mit steigender Qualit\u00e4t und Professionalit\u00e4t organisiert.<\/p>\n<p>Danke nat\u00fcrlich auch an den <a href=\"https:\/\/www.bluehendes-salzburg.at\/elsbethen\/willkommen\/\">Obst- und Gartenbauverein Elsbethen<\/a> f\u00fcr die gute Zusammenarbeit am Stand!<\/p>\n<p>Und zu guter Letzt m\u00f6chten wir uns bei allen Vereinsmitgliedern bedanken, die tatkr\u00e4ftig mitgeholfen haben und mit ihren Produkten dazu beigetragen haben, dass der Adventmarkt 2024 wieder ein Erfolg f\u00fcr den Verein wurde.<\/p>\n<\/div>\n<h3>Res\u00fcmee<\/h3>\n<div class=\"avia_textblock\">\n<p>Auch heuer hat sich wieder gezeigt, dass der Adventmarkt in Elsbethen eine Perle unter den vielen Adventm\u00e4rkten in Salzburg ist. Viele Besucher haben uns mitgeteilt, dass sie besonders die ruhige und pers\u00f6nliche Atmosph\u00e4re des Elsbethener Adventmarktes sehr sch\u00e4tzen. Auch das Fest zum 30-j\u00e4hrigen Bestehen der Elsbethener Krampusse am 7.12.2024 &#8211; denen wir an dieser Stelle herzlich gratulieren &#8211; wurde zeitlich so gelegt, dass der Adventmarkt noch in ruhiger Atmosph\u00e4re genossen werden konnte. Viele Besucher wechselten dann direkt vom ruhigen Adventmarkt zum H\u00f6llenspektakel.<\/p>\n<p>Sollten wir bei der einen oder anderen Besucherin\/dem einen oder anderen Besucher das Interesse an unserem Imkerverein geweckt haben, freuen wir uns immer \u00fcber einen Besuch bei einem unserer n\u00e4chsten Stammtische oder Veranstaltungen (siehe <a href=\"https:\/\/imker-aigen.at\/index.php\/events\/\">Veranstaltungskalender<\/a>)!<\/p>\n<p>F\u00fcr Anfragen zu den von uns verkauften Produkten vermitteln wir gerne die notwendigen Kontakte innerhalb des Vereins oder zum <a href=\"https:\/\/www.bluehendes-salzburg.at\/elsbethen\/willkommen\/\">Obst- und Gartenbauverein Elsbethen<\/a>.<\/p>\n<\/div>\n<\/section>\n<\/div><\/section><br \/>\n<div  class='av-social-sharing-box av-4r9x2o-93fdc9b9bd4633c87086cd8af428513a av-social-sharing-box-default  avia-builder-el-5  el_after_av_textblock  el_before_av_comments_list  av-social-sharing-box-fullwidth'><div class=\"av-share-box\"><h5 class='av-share-link-description av-no-toc '>Eintrag teilen<\/h5><ul class=\"av-share-box-list noLightbox\"><li class='av-share-link av-social-link-facebook avia_social_iconfont' ><a target=\"_blank\" aria-label=\"Teilen auf Facebook\" href='https:\/\/www.facebook.com\/sharer.php?u=https:\/\/imker-aigen.at\/index.php\/2024\/12\/11\/adventmarkt-2024-resuemee\/&#038;t=Adventmarkt%202024%20%E2%80%93%20Res%C3%BCmee' data-av_icon='\ue8f3' data-av_iconfont='entypo-fontello'  title='' data-avia-related-tooltip='Teilen auf Facebook'><span class='avia_hidden_link_text'>Teilen auf Facebook<\/span><\/a><\/li><li class='av-share-link av-social-link-twitter avia_social_iconfont' ><a target=\"_blank\" aria-label=\"Teilen auf X\" href='https:\/\/twitter.com\/share?text=Adventmarkt%202024%20%E2%80%93%20Res%C3%BCmee&#038;url=https:\/\/imker-aigen.at\/?p=7104' data-av_icon='\ue932' data-av_iconfont='entypo-fontello'  title='' data-avia-related-tooltip='Teilen auf X'><span class='avia_hidden_link_text'>Teilen auf X<\/span><\/a><\/li><li class='av-share-link av-social-link-whatsapp avia_social_iconfont' ><a target=\"_blank\" aria-label=\"Teilen auf WhatsApp\" href='https:\/\/api.whatsapp.com\/send?text=https:\/\/imker-aigen.at\/index.php\/2024\/12\/11\/adventmarkt-2024-resuemee\/' data-av_icon='\uf232' data-av_iconfont='entypo-fontello'  title='' data-avia-related-tooltip='Teilen auf WhatsApp'><span class='avia_hidden_link_text'>Teilen auf WhatsApp<\/span><\/a><\/li><li class='av-share-link av-social-link-pinterest avia_social_iconfont' ><a target=\"_blank\" aria-label=\"Teilen auf Pinterest\" href='https:\/\/pinterest.com\/pin\/create\/button\/?url=https%3A%2F%2Fimker-aigen.at%2Findex.php%2F2024%2F12%2F11%2Fadventmarkt-2024-resuemee%2F&#038;description=Adventmarkt%202024%20%E2%80%93%20Res%C3%BCmee&#038;media=https%3A%2F%2Fimker-aigen.at%2Fwp-content%2Fuploads%2F2024%2F11%2Fadventmarkt2024_1_1024_768-529x705.jpg' data-av_icon='\ue8f8' data-av_iconfont='entypo-fontello'  title='' data-avia-related-tooltip='Teilen auf Pinterest'><span class='avia_hidden_link_text'>Teilen auf Pinterest<\/span><\/a><\/li><li class='av-share-link av-social-link-linkedin avia_social_iconfont' ><a target=\"_blank\" aria-label=\"Teilen auf LinkedIn\" href='https:\/\/linkedin.com\/shareArticle?mini=true&#038;title=Adventmarkt%202024%20%E2%80%93%20Res%C3%BCmee&#038;url=https:\/\/imker-aigen.at\/index.php\/2024\/12\/11\/adventmarkt-2024-resuemee\/' data-av_icon='\ue8fc' data-av_iconfont='entypo-fontello'  title='' data-avia-related-tooltip='Teilen auf LinkedIn'><span class='avia_hidden_link_text'>Teilen auf LinkedIn<\/span><\/a><\/li><li class='av-share-link av-social-link-reddit avia_social_iconfont' ><a target=\"_blank\" aria-label=\"Teilen auf Reddit\" href='https:\/\/reddit.com\/submit?url=https:\/\/imker-aigen.at\/index.php\/2024\/12\/11\/adventmarkt-2024-resuemee\/&#038;title=Adventmarkt%202024%20%E2%80%93%20Res%C3%BCmee' data-av_icon='\ue927' data-av_iconfont='entypo-fontello'  title='' data-avia-related-tooltip='Teilen auf Reddit'><span class='avia_hidden_link_text'>Teilen auf Reddit<\/span><\/a><\/li><li class='av-share-link av-social-link-mail avia_social_iconfont' ><a  aria-label=\"Per E-Mail teilen\" href='mailto:?subject=Adventmarkt%202024%20%E2%80%93%20Res%C3%BCmee&#038;body=https:\/\/imker-aigen.at\/index.php\/2024\/12\/11\/adventmarkt-2024-resuemee\/' data-av_icon='\ue805' data-av_iconfont='entypo-fontello'  title='' data-avia-related-tooltip='Per E-Mail teilen'><span class='avia_hidden_link_text'>Per E-Mail teilen<\/span><\/a><\/li><\/ul><\/div><\/div><br \/>\n<div  class='av-buildercomment av-2xkb1c-ccc0eacb15c54e739b5bd3670f12cc2d'><\/div><\/p><\/div>\n","protected":false},"excerpt":{"rendered":"","protected":false},"author":1,"featured_media":6972,"comment_status":"open","ping_status":"closed","sticky":false,"template":"","format":"standard","meta":{"footnotes":""},"categories":[2],"tags":[22,21,313,315,20],"class_list":["post-7104","post","type-post","status-publish","format-standard","has-post-thumbnail","hentry","category-news","tag-adventmarkt","tag-elsbethen","tag-krampuslauf","tag-nikolaus","tag-weihnachtsmarkt"],"yoast_head":"<!-- This site is optimized with the Yoast SEO plugin v27.4 - https:\/\/yoast.com\/product\/yoast-seo-wordpress\/ -->\n<title>Adventmarkt 2024 \u2013 Res\u00fcmee - Imker Ortsgruppe Salzburg Aigen<\/title>\n<meta name=\"robots\" content=\"index, follow, max-snippet:-1, max-image-preview:large, max-video-preview:-1\" \/>\n<link rel=\"canonical\" href=\"https:\/\/imker-aigen.at\/index.php\/2024\/12\/11\/adventmarkt-2024-resuemee\/\" \/>\n<meta property=\"og:locale\" content=\"de_DE\" \/>\n<meta property=\"og:type\" content=\"article\" \/>\n<meta property=\"og:title\" content=\"Adventmarkt 2024 \u2013 Res\u00fcmee - Imker Ortsgruppe Salzburg Aigen\" \/>\n<meta property=\"og:url\" content=\"https:\/\/imker-aigen.at\/index.php\/2024\/12\/11\/adventmarkt-2024-resuemee\/\" \/>\n<meta property=\"og:site_name\" content=\"Imker Ortsgruppe Salzburg Aigen\" \/>\n<meta property=\"article:published_time\" content=\"2024-12-11T08:16:40+00:00\" \/>\n<meta property=\"article:modified_time\" content=\"2024-12-12T11:08:40+00:00\" \/>\n<meta property=\"og:image\" content=\"https:\/\/imker-aigen.at\/wp-content\/uploads\/2024\/11\/adventmarkt2024_1_1024_768.jpg\" \/>\n\t<meta property=\"og:image:width\" content=\"768\" \/>\n\t<meta property=\"og:image:height\" content=\"1024\" \/>\n\t<meta property=\"og:image:type\" content=\"image\/jpeg\" \/>\n<meta name=\"author\" content=\"admin\" \/>\n<meta name=\"twitter:card\" content=\"summary_large_image\" \/>\n<meta name=\"twitter:label1\" content=\"Verfasst von\" \/>\n\t<meta name=\"twitter:data1\" content=\"admin\" \/>\n\t<meta name=\"twitter:label2\" content=\"Gesch\u00e4tzte Lesezeit\" \/>\n\t<meta name=\"twitter:data2\" content=\"3\u00a0Minuten\" \/>\n<script type=\"application\/ld+json\" class=\"yoast-schema-graph\">{\"@context\":\"https:\\\/\\\/schema.org\",\"@graph\":[{\"@type\":\"Article\",\"@id\":\"https:\\\/\\\/imker-aigen.at\\\/index.php\\\/2024\\\/12\\\/11\\\/adventmarkt-2024-resuemee\\\/#article\",\"isPartOf\":{\"@id\":\"https:\\\/\\\/imker-aigen.at\\\/index.php\\\/2024\\\/12\\\/11\\\/adventmarkt-2024-resuemee\\\/\"},\"author\":{\"name\":\"admin\",\"@id\":\"https:\\\/\\\/imker-aigen.at\\\/#\\\/schema\\\/person\\\/d7d0c3a8ef6f051d450781218ac83077\"},\"headline\":\"Adventmarkt 2024 \u2013 Res\u00fcmee\",\"datePublished\":\"2024-12-11T08:16:40+00:00\",\"dateModified\":\"2024-12-12T11:08:40+00:00\",\"mainEntityOfPage\":{\"@id\":\"https:\\\/\\\/imker-aigen.at\\\/index.php\\\/2024\\\/12\\\/11\\\/adventmarkt-2024-resuemee\\\/\"},\"wordCount\":1266,\"commentCount\":0,\"publisher\":{\"@id\":\"https:\\\/\\\/imker-aigen.at\\\/#organization\"},\"image\":{\"@id\":\"https:\\\/\\\/imker-aigen.at\\\/index.php\\\/2024\\\/12\\\/11\\\/adventmarkt-2024-resuemee\\\/#primaryimage\"},\"thumbnailUrl\":\"https:\\\/\\\/imker-aigen.at\\\/wp-content\\\/uploads\\\/2024\\\/11\\\/adventmarkt2024_1_1024_768.jpg\",\"keywords\":[\"Adventmarkt\",\"Elsbethen\",\"Krampuslauf\",\"Nikolaus\",\"Weihnachtsmarkt\"],\"articleSection\":[\"News\"],\"inLanguage\":\"de\",\"potentialAction\":[{\"@type\":\"CommentAction\",\"name\":\"Comment\",\"target\":[\"https:\\\/\\\/imker-aigen.at\\\/index.php\\\/2024\\\/12\\\/11\\\/adventmarkt-2024-resuemee\\\/#respond\"]}]},{\"@type\":\"WebPage\",\"@id\":\"https:\\\/\\\/imker-aigen.at\\\/index.php\\\/2024\\\/12\\\/11\\\/adventmarkt-2024-resuemee\\\/\",\"url\":\"https:\\\/\\\/imker-aigen.at\\\/index.php\\\/2024\\\/12\\\/11\\\/adventmarkt-2024-resuemee\\\/\",\"name\":\"Adventmarkt 2024 \u2013 Res\u00fcmee - Imker Ortsgruppe Salzburg Aigen\",\"isPartOf\":{\"@id\":\"https:\\\/\\\/imker-aigen.at\\\/#website\"},\"primaryImageOfPage\":{\"@id\":\"https:\\\/\\\/imker-aigen.at\\\/index.php\\\/2024\\\/12\\\/11\\\/adventmarkt-2024-resuemee\\\/#primaryimage\"},\"image\":{\"@id\":\"https:\\\/\\\/imker-aigen.at\\\/index.php\\\/2024\\\/12\\\/11\\\/adventmarkt-2024-resuemee\\\/#primaryimage\"},\"thumbnailUrl\":\"https:\\\/\\\/imker-aigen.at\\\/wp-content\\\/uploads\\\/2024\\\/11\\\/adventmarkt2024_1_1024_768.jpg\",\"datePublished\":\"2024-12-11T08:16:40+00:00\",\"dateModified\":\"2024-12-12T11:08:40+00:00\",\"breadcrumb\":{\"@id\":\"https:\\\/\\\/imker-aigen.at\\\/index.php\\\/2024\\\/12\\\/11\\\/adventmarkt-2024-resuemee\\\/#breadcrumb\"},\"inLanguage\":\"de\",\"potentialAction\":[{\"@type\":\"ReadAction\",\"target\":[\"https:\\\/\\\/imker-aigen.at\\\/index.php\\\/2024\\\/12\\\/11\\\/adventmarkt-2024-resuemee\\\/\"]}]},{\"@type\":\"ImageObject\",\"inLanguage\":\"de\",\"@id\":\"https:\\\/\\\/imker-aigen.at\\\/index.php\\\/2024\\\/12\\\/11\\\/adventmarkt-2024-resuemee\\\/#primaryimage\",\"url\":\"https:\\\/\\\/imker-aigen.at\\\/wp-content\\\/uploads\\\/2024\\\/11\\\/adventmarkt2024_1_1024_768.jpg\",\"contentUrl\":\"https:\\\/\\\/imker-aigen.at\\\/wp-content\\\/uploads\\\/2024\\\/11\\\/adventmarkt2024_1_1024_768.jpg\",\"width\":768,\"height\":1024,\"caption\":\"Elsbethener Adventmarkt 2024\"},{\"@type\":\"BreadcrumbList\",\"@id\":\"https:\\\/\\\/imker-aigen.at\\\/index.php\\\/2024\\\/12\\\/11\\\/adventmarkt-2024-resuemee\\\/#breadcrumb\",\"itemListElement\":[{\"@type\":\"ListItem\",\"position\":1,\"name\":\"Startseite\",\"item\":\"https:\\\/\\\/imker-aigen.at\\\/index.php\\\/home\\\/\"},{\"@type\":\"ListItem\",\"position\":2,\"name\":\"Adventmarkt 2024 \u2013 Res\u00fcmee\"}]},{\"@type\":\"WebSite\",\"@id\":\"https:\\\/\\\/imker-aigen.at\\\/#website\",\"url\":\"https:\\\/\\\/imker-aigen.at\\\/\",\"name\":\"Imker Ortsgruppe Salzburg Aigen\",\"description\":\"Homepage der Imker-Ortsgruppe Salzburg Aigen\",\"publisher\":{\"@id\":\"https:\\\/\\\/imker-aigen.at\\\/#organization\"},\"potentialAction\":[{\"@type\":\"SearchAction\",\"target\":{\"@type\":\"EntryPoint\",\"urlTemplate\":\"https:\\\/\\\/imker-aigen.at\\\/?s={search_term_string}\"},\"query-input\":{\"@type\":\"PropertyValueSpecification\",\"valueRequired\":true,\"valueName\":\"search_term_string\"}}],\"inLanguage\":\"de\"},{\"@type\":\"Organization\",\"@id\":\"https:\\\/\\\/imker-aigen.at\\\/#organization\",\"name\":\"Imker Ortsgruppe Salzburg Aigen\",\"url\":\"https:\\\/\\\/imker-aigen.at\\\/\",\"logo\":{\"@type\":\"ImageObject\",\"inLanguage\":\"de\",\"@id\":\"https:\\\/\\\/imker-aigen.at\\\/#\\\/schema\\\/logo\\\/image\\\/\",\"url\":\"https:\\\/\\\/imker-aigen.at\\\/wp-content\\\/uploads\\\/2022\\\/08\\\/logo-1.png\",\"contentUrl\":\"https:\\\/\\\/imker-aigen.at\\\/wp-content\\\/uploads\\\/2022\\\/08\\\/logo-1.png\",\"width\":392,\"height\":156,\"caption\":\"Imker Ortsgruppe Salzburg Aigen\"},\"image\":{\"@id\":\"https:\\\/\\\/imker-aigen.at\\\/#\\\/schema\\\/logo\\\/image\\\/\"}},{\"@type\":\"Person\",\"@id\":\"https:\\\/\\\/imker-aigen.at\\\/#\\\/schema\\\/person\\\/d7d0c3a8ef6f051d450781218ac83077\",\"name\":\"admin\",\"image\":{\"@type\":\"ImageObject\",\"inLanguage\":\"de\",\"@id\":\"https:\\\/\\\/secure.gravatar.com\\\/avatar\\\/925a7e918efd3cfdae29be9c0018a3ae3275cd0444a6e166241172bb6e5243c7?s=96&d=mm&r=g\",\"url\":\"https:\\\/\\\/secure.gravatar.com\\\/avatar\\\/925a7e918efd3cfdae29be9c0018a3ae3275cd0444a6e166241172bb6e5243c7?s=96&d=mm&r=g\",\"contentUrl\":\"https:\\\/\\\/secure.gravatar.com\\\/avatar\\\/925a7e918efd3cfdae29be9c0018a3ae3275cd0444a6e166241172bb6e5243c7?s=96&d=mm&r=g\",\"caption\":\"admin\"},\"sameAs\":[\"https:\\\/\\\/imker-aigen.at\",\"linkedin.com\\\/in\\\/bernd-meierhofer-5919b62\"],\"url\":\"https:\\\/\\\/imker-aigen.at\\\/index.php\\\/author\\\/bmeierhofer\\\/\"}]}<\/script>\n<!-- \/ Yoast SEO plugin. -->","yoast_head_json":{"title":"Adventmarkt 2024 \u2013 Res\u00fcmee - Imker Ortsgruppe Salzburg Aigen","robots":{"index":"index","follow":"follow","max-snippet":"max-snippet:-1","max-image-preview":"max-image-preview:large","max-video-preview":"max-video-preview:-1"},"canonical":"https:\/\/imker-aigen.at\/index.php\/2024\/12\/11\/adventmarkt-2024-resuemee\/","og_locale":"de_DE","og_type":"article","og_title":"Adventmarkt 2024 \u2013 Res\u00fcmee - Imker Ortsgruppe Salzburg Aigen","og_url":"https:\/\/imker-aigen.at\/index.php\/2024\/12\/11\/adventmarkt-2024-resuemee\/","og_site_name":"Imker Ortsgruppe Salzburg Aigen","article_published_time":"2024-12-11T08:16:40+00:00","article_modified_time":"2024-12-12T11:08:40+00:00","og_image":[{"width":768,"height":1024,"url":"https:\/\/imker-aigen.at\/wp-content\/uploads\/2024\/11\/adventmarkt2024_1_1024_768.jpg","type":"image\/jpeg"}],"author":"admin","twitter_card":"summary_large_image","twitter_misc":{"Verfasst von":"admin","Gesch\u00e4tzte Lesezeit":"3\u00a0Minuten"},"schema":{"@context":"https:\/\/schema.org","@graph":[{"@type":"Article","@id":"https:\/\/imker-aigen.at\/index.php\/2024\/12\/11\/adventmarkt-2024-resuemee\/#article","isPartOf":{"@id":"https:\/\/imker-aigen.at\/index.php\/2024\/12\/11\/adventmarkt-2024-resuemee\/"},"author":{"name":"admin","@id":"https:\/\/imker-aigen.at\/#\/schema\/person\/d7d0c3a8ef6f051d450781218ac83077"},"headline":"Adventmarkt 2024 \u2013 Res\u00fcmee","datePublished":"2024-12-11T08:16:40+00:00","dateModified":"2024-12-12T11:08:40+00:00","mainEntityOfPage":{"@id":"https:\/\/imker-aigen.at\/index.php\/2024\/12\/11\/adventmarkt-2024-resuemee\/"},"wordCount":1266,"commentCount":0,"publisher":{"@id":"https:\/\/imker-aigen.at\/#organization"},"image":{"@id":"https:\/\/imker-aigen.at\/index.php\/2024\/12\/11\/adventmarkt-2024-resuemee\/#primaryimage"},"thumbnailUrl":"https:\/\/imker-aigen.at\/wp-content\/uploads\/2024\/11\/adventmarkt2024_1_1024_768.jpg","keywords":["Adventmarkt","Elsbethen","Krampuslauf","Nikolaus","Weihnachtsmarkt"],"articleSection":["News"],"inLanguage":"de","potentialAction":[{"@type":"CommentAction","name":"Comment","target":["https:\/\/imker-aigen.at\/index.php\/2024\/12\/11\/adventmarkt-2024-resuemee\/#respond"]}]},{"@type":"WebPage","@id":"https:\/\/imker-aigen.at\/index.php\/2024\/12\/11\/adventmarkt-2024-resuemee\/","url":"https:\/\/imker-aigen.at\/index.php\/2024\/12\/11\/adventmarkt-2024-resuemee\/","name":"Adventmarkt 2024 \u2013 Res\u00fcmee - Imker Ortsgruppe Salzburg Aigen","isPartOf":{"@id":"https:\/\/imker-aigen.at\/#website"},"primaryImageOfPage":{"@id":"https:\/\/imker-aigen.at\/index.php\/2024\/12\/11\/adventmarkt-2024-resuemee\/#primaryimage"},"image":{"@id":"https:\/\/imker-aigen.at\/index.php\/2024\/12\/11\/adventmarkt-2024-resuemee\/#primaryimage"},"thumbnailUrl":"https:\/\/imker-aigen.at\/wp-content\/uploads\/2024\/11\/adventmarkt2024_1_1024_768.jpg","datePublished":"2024-12-11T08:16:40+00:00","dateModified":"2024-12-12T11:08:40+00:00","breadcrumb":{"@id":"https:\/\/imker-aigen.at\/index.php\/2024\/12\/11\/adventmarkt-2024-resuemee\/#breadcrumb"},"inLanguage":"de","potentialAction":[{"@type":"ReadAction","target":["https:\/\/imker-aigen.at\/index.php\/2024\/12\/11\/adventmarkt-2024-resuemee\/"]}]},{"@type":"ImageObject","inLanguage":"de","@id":"https:\/\/imker-aigen.at\/index.php\/2024\/12\/11\/adventmarkt-2024-resuemee\/#primaryimage","url":"https:\/\/imker-aigen.at\/wp-content\/uploads\/2024\/11\/adventmarkt2024_1_1024_768.jpg","contentUrl":"https:\/\/imker-aigen.at\/wp-content\/uploads\/2024\/11\/adventmarkt2024_1_1024_768.jpg","width":768,"height":1024,"caption":"Elsbethener Adventmarkt 2024"},{"@type":"BreadcrumbList","@id":"https:\/\/imker-aigen.at\/index.php\/2024\/12\/11\/adventmarkt-2024-resuemee\/#breadcrumb","itemListElement":[{"@type":"ListItem","position":1,"name":"Startseite","item":"https:\/\/imker-aigen.at\/index.php\/home\/"},{"@type":"ListItem","position":2,"name":"Adventmarkt 2024 \u2013 Res\u00fcmee"}]},{"@type":"WebSite","@id":"https:\/\/imker-aigen.at\/#website","url":"https:\/\/imker-aigen.at\/","name":"Imker Ortsgruppe Salzburg Aigen","description":"Homepage der Imker-Ortsgruppe Salzburg Aigen","publisher":{"@id":"https:\/\/imker-aigen.at\/#organization"},"potentialAction":[{"@type":"SearchAction","target":{"@type":"EntryPoint","urlTemplate":"https:\/\/imker-aigen.at\/?s={search_term_string}"},"query-input":{"@type":"PropertyValueSpecification","valueRequired":true,"valueName":"search_term_string"}}],"inLanguage":"de"},{"@type":"Organization","@id":"https:\/\/imker-aigen.at\/#organization","name":"Imker Ortsgruppe Salzburg Aigen","url":"https:\/\/imker-aigen.at\/","logo":{"@type":"ImageObject","inLanguage":"de","@id":"https:\/\/imker-aigen.at\/#\/schema\/logo\/image\/","url":"https:\/\/imker-aigen.at\/wp-content\/uploads\/2022\/08\/logo-1.png","contentUrl":"https:\/\/imker-aigen.at\/wp-content\/uploads\/2022\/08\/logo-1.png","width":392,"height":156,"caption":"Imker Ortsgruppe Salzburg Aigen"},"image":{"@id":"https:\/\/imker-aigen.at\/#\/schema\/logo\/image\/"}},{"@type":"Person","@id":"https:\/\/imker-aigen.at\/#\/schema\/person\/d7d0c3a8ef6f051d450781218ac83077","name":"admin","image":{"@type":"ImageObject","inLanguage":"de","@id":"https:\/\/secure.gravatar.com\/avatar\/925a7e918efd3cfdae29be9c0018a3ae3275cd0444a6e166241172bb6e5243c7?s=96&d=mm&r=g","url":"https:\/\/secure.gravatar.com\/avatar\/925a7e918efd3cfdae29be9c0018a3ae3275cd0444a6e166241172bb6e5243c7?s=96&d=mm&r=g","contentUrl":"https:\/\/secure.gravatar.com\/avatar\/925a7e918efd3cfdae29be9c0018a3ae3275cd0444a6e166241172bb6e5243c7?s=96&d=mm&r=g","caption":"admin"},"sameAs":["https:\/\/imker-aigen.at","linkedin.com\/in\/bernd-meierhofer-5919b62"],"url":"https:\/\/imker-aigen.at\/index.php\/author\/bmeierhofer\/"}]}},"_links":{"self":[{"href":"https:\/\/imker-aigen.at\/index.php\/wp-json\/wp\/v2\/posts\/7104","targetHints":{"allow":["GET"]}}],"collection":[{"href":"https:\/\/imker-aigen.at\/index.php\/wp-json\/wp\/v2\/posts"}],"about":[{"href":"https:\/\/imker-aigen.at\/index.php\/wp-json\/wp\/v2\/types\/post"}],"author":[{"embeddable":true,"href":"https:\/\/imker-aigen.at\/index.php\/wp-json\/wp\/v2\/users\/1"}],"replies":[{"embeddable":true,"href":"https:\/\/imker-aigen.at\/index.php\/wp-json\/wp\/v2\/comments?post=7104"}],"version-history":[{"count":9,"href":"https:\/\/imker-aigen.at\/index.php\/wp-json\/wp\/v2\/posts\/7104\/revisions"}],"predecessor-version":[{"id":7161,"href":"https:\/\/imker-aigen.at\/index.php\/wp-json\/wp\/v2\/posts\/7104\/revisions\/7161"}],"wp:featuredmedia":[{"embeddable":true,"href":"https:\/\/imker-aigen.at\/index.php\/wp-json\/wp\/v2\/media\/6972"}],"wp:attachment":[{"href":"https:\/\/imker-aigen.at\/index.php\/wp-json\/wp\/v2\/media?parent=7104"}],"wp:term":[{"taxonomy":"category","embeddable":true,"href":"https:\/\/imker-aigen.at\/index.php\/wp-json\/wp\/v2\/categories?post=7104"},{"taxonomy":"post_tag","embeddable":true,"href":"https:\/\/imker-aigen.at\/index.php\/wp-json\/wp\/v2\/tags?post=7104"}],"curies":[{"name":"wp","href":"https:\/\/api.w.org\/{rel}","templated":true}]}}