{"id":7195,"date":"2024-12-20T10:14:35","date_gmt":"2024-12-20T09:14:35","guid":{"rendered":"https:\/\/imker-aigen.at\/?p=7195"},"modified":"2024-12-20T14:46:36","modified_gmt":"2024-12-20T13:46:36","slug":"start-in-die-bienensaison-2025-weihnachts-und-neujahrswuensche","status":"publish","type":"post","link":"https:\/\/imker-aigen.at\/index.php\/2024\/12\/20\/start-in-die-bienensaison-2025-weihnachts-und-neujahrswuensche\/","title":{"rendered":"Start in die Bienensaison 2025 + Weihnachts- und Neujahrsw\u00fcnsche"},"content":{"rendered":"<div  class='flex_column av-59i7or-9a4a9d40b6d45a68339d79cbf5cba1b1 av_one_full  avia-builder-el-0  avia-builder-el-no-sibling  first flex_column_div  '     ><p>\n<style type=\"text\/css\" data-created_by=\"avia_inline_auto\" id=\"style-css-av-m4to9ts0-f1223a333f575924e64734122ece3a40\">\n#top .av-special-heading.av-m4to9ts0-f1223a333f575924e64734122ece3a40{\npadding-bottom:10px;\n}\nbody .av-special-heading.av-m4to9ts0-f1223a333f575924e64734122ece3a40 .av-special-heading-tag .heading-char{\nfont-size:25px;\n}\n.av-special-heading.av-m4to9ts0-f1223a333f575924e64734122ece3a40 .av-subheading{\nfont-size:15px;\n}\n<\/style>\n<div  class='av-special-heading av-m4to9ts0-f1223a333f575924e64734122ece3a40 av-special-heading-h3 blockquote modern-quote modern-centered  avia-builder-el-1  el_before_av_image  avia-builder-el-first '><h3 class='av-special-heading-tag '  itemprop=\"headline\"  >Start in die Bienensaison 2025 \/ Weihnachts- und Neujahrsw\u00fcnsche<\/h3><div class=\"special-heading-border\"><div class=\"special-heading-inner-border\"><\/div><\/div><\/div><br \/>\n\n<style type=\"text\/css\" data-created_by=\"avia_inline_auto\" id=\"style-css-av-m4wnpgr5-099d4420320f14d0f1c3c959cc83fcce\">\n.avia-image-container.av-m4wnpgr5-099d4420320f14d0f1c3c959cc83fcce img.avia_image{\nbox-shadow:none;\n}\n.avia-image-container.av-m4wnpgr5-099d4420320f14d0f1c3c959cc83fcce .av-image-caption-overlay-center{\ncolor:#ffffff;\n}\n<\/style>\n<div  class='avia-image-container av-m4wnpgr5-099d4420320f14d0f1c3c959cc83fcce av-styling- avia-align-center  avia-builder-el-2  el_after_av_heading  el_before_av_hr '   itemprop=\"image\" itemscope=\"itemscope\" itemtype=\"https:\/\/schema.org\/ImageObject\" ><div class=\"avia-image-container-inner\"><div class=\"avia-image-overlay-wrap\"><img decoding=\"async\" fetchpriority=\"high\" class='wp-image-7214 avia-img-lazy-loading-not-7214 avia_image ' src=\"https:\/\/imker-aigen.at\/wp-content\/uploads\/2024\/12\/start_bienensaison2025_1.jpg\" alt='' title='Start in die Bienensaison 2025'  height=\"397\" width=\"582\"  itemprop=\"thumbnailUrl\" srcset=\"https:\/\/imker-aigen.at\/wp-content\/uploads\/2024\/12\/start_bienensaison2025_1.jpg 582w, https:\/\/imker-aigen.at\/wp-content\/uploads\/2024\/12\/start_bienensaison2025_1-300x205.jpg 300w\" sizes=\"(max-width: 582px) 100vw, 582px\" \/><\/div><\/div><\/div><br \/>\n\n<style type=\"text\/css\" data-created_by=\"avia_inline_auto\" id=\"style-css-av-m4tod2dh-0a8ac0f14e888b1807ff22fcfbd89f41\">\n#top .hr.av-m4tod2dh-0a8ac0f14e888b1807ff22fcfbd89f41{\nmargin-top:30px;\nmargin-bottom:30px;\n}\n.hr.av-m4tod2dh-0a8ac0f14e888b1807ff22fcfbd89f41 .hr-inner{\nwidth:50px;\nmax-width:45%;\n}\n<\/style>\n<div  class='hr av-m4tod2dh-0a8ac0f14e888b1807ff22fcfbd89f41 hr-custom  avia-builder-el-3  el_after_av_image  el_before_av_textblock  hr-center hr-icon-yes'><span class='hr-inner inner-border-av-border-thin'><span class=\"hr-inner-style\"><\/span><\/span><span class='av-seperator-icon avia-iconfont avia-font-entypo-fontello' data-av_icon='\ue8bf' data-av_iconfont='entypo-fontello' ><\/span><span class='hr-inner inner-border-av-border-thin'><span class=\"hr-inner-style\"><\/span><\/span><\/div><br \/>\n<section  class='av_textblock_section av-m4wsxrss-17120504d3ea350e502b05dab8278398 '   itemscope=\"itemscope\" itemtype=\"https:\/\/schema.org\/BlogPosting\" itemprop=\"blogPost\" ><div class='avia_textblock'  itemprop=\"text\" ><h3><strong>Die Wintersonnenwende &#8211; Start der Bienensaison<\/strong><\/h3>\n<p>Die Wintersonnenwende markiert einen der bedeutendsten Tage im Jahresverlauf. Sie findet auf der Nord-Halbkugel stets am 21. oder 22. Dezember statt und stellt den k\u00fcrzesten Tag sowie die l\u00e4ngste Nacht des Jahres dar. 2024 ist der genaue Zeitpunkt der 21. Dezember um 10:20 Uhr mitteleurop\u00e4ischer Zeit. Ab diesem Zeitpunkt beginnen die Tage wieder l\u00e4nger zu werden, ein Symbol f\u00fcr die R\u00fcckkehr des Lichts und den Anfang eines neuen Naturzyklus.<\/p>\n<h3><strong>Die Wintersonnenwende und ihre Rolle in der Natur<\/strong><\/h3>\n<p>Die Wintersonnenwende markiert nicht nur einen Wendepunkt f\u00fcr die Sonne, sondern auch f\u00fcr das Leben in der Natur. Pflanzen und Tiere reagieren auf die verl\u00e4ngerten Tageslichtstunden, die allm\u00e4hlich wiederkehren. Samen, die im Boden ruhen, beginnen ihre inneren Prozesse der Keimung vorzubereiten. Tiere passen ihr Verhalten an, und einige beginnen bereits, sich auf den kommenden Fr\u00fchling vorzubereiten.<\/p>\n<p>F\u00fcr Imker und Bienen ist die Wintersonnenwende ein wichtiger Zeitpunkt. Die k\u00fcrzeren Tage und k\u00e4lteren Temperaturen haben die Bienen in die Wintertraube gezwungen, eine kugelf\u00f6rmige Formation innerhalb des Stocks, in der sie durch Muskelbewegungen W\u00e4rme erzeugen und das \u00dcberleben des Volkes sichern. Mit der R\u00fcckkehr l\u00e4ngerer Tage beginnt die Bienenk\u00f6nigin allm\u00e4hlich, wieder Eier zu legen. Dies markiert den Beginn eines neuen Zyklus, der im Fr\u00fchjahr zu einem erneuten Aufleben des Bienenvolkes f\u00fchrt. F\u00fcr uns Imker beginnt mit der Wintersonnenwende eigentlich bereits die neue Bienensaison. Auch wenn die Bienen vielleicht schon ihre Brutt\u00e4tigkeit aufgenommen haben, ist es entscheidend, die Bienen jetzt nicht zu st\u00f6ren, da sie jede Energie f\u00fcr ihre W\u00e4rmeerzeugung ben\u00f6tigen. Ge\u00f6ffnet werden die Bienenst\u00f6cke erst im kommenden Fr\u00fchling bzw. nur an sehr warmen Tagen Mitte oder Ende Februar.<\/p>\n<h4><strong>Steine im S\u00fcdwesten Englands<\/strong><\/h4>\n<p>Stonehenge, eines der ber\u00fchmtesten pr\u00e4historischen Monumente der Welt, ist eng mit der Wintersonnenwende verbunden. Diese steinzeitliche Anlage im S\u00fcdwesten Englands wurde vor etwa 4.500 Jahren erbaut und diente vermutlich als Pilgerst\u00e4tte und Platz f\u00fcr Zeremonien. Arch\u00e4ologische Untersuchungen zeigen, dass die Ausrichtung der Steine so geplant wurde, dass sie die Position der Sonne zur Wintersonnenwende hervorheben.<\/p>\n<p>Zur Wintersonnenwende geht die Sonne genau zwischen den zentralen Steinen und dem sogenannten Heelstone unter, was die tiefe astronomische und spirituelle Bedeutung dieses Ereignisses unterstreicht. Noch heute versammeln sich tausende Menschen, darunter Druiden, Heiden und Naturverbundene, um den Sonnenuntergang zu beobachten und das Wiedererwachen der Sonne zu feiern.<\/p>\n<p>In einer Zeit, in der wir es gewohnt sind, die kalten Tage in beheizten R\u00e4umen zu verbringen und fehlendes Tageslicht jederzeit durch k\u00fcnstliches Licht ausgleichen k\u00f6nnen, nehmen wir die Ver\u00e4nderungen in der Natur nicht mehr so bewusst wahr. Wir m\u00fcssen nur kurz versuchen, uns ein Leben ohne unsere technischen Errungenschaften vorzustellen. In den langen, kalten Wintern\u00e4chten w\u00fcrden wir uns sehr rasch nach l\u00e4ngeren Tagen und mehr Sonnenstunden sehnen. F\u00fcr die Steinzeitmenschen muss die Wintersonnenwende bzw. das Erscheinen der Sonne zwischen den Stonehenge-Steinen jedenfalls eine wahre Freude gewesen sein.<\/p>\n<h3><\/h3>\n<\/div><\/section><br \/>\n\n<style type=\"text\/css\" data-created_by=\"avia_inline_auto\" id=\"style-css-av-m4wsygfj-a3b24ebf18e84f356cfc4dec4fbe56fa\">\n.avia-image-container.av-m4wsygfj-a3b24ebf18e84f356cfc4dec4fbe56fa img.avia_image{\nbox-shadow:none;\n}\n.avia-image-container.av-m4wsygfj-a3b24ebf18e84f356cfc4dec4fbe56fa .av-image-caption-overlay-center{\ncolor:#ffffff;\n}\n<\/style>\n<div  class='avia-image-container av-m4wsygfj-a3b24ebf18e84f356cfc4dec4fbe56fa av-styling- avia-align-center  avia-builder-el-5  el_after_av_textblock  el_before_av_hr '   itemprop=\"image\" itemscope=\"itemscope\" itemtype=\"https:\/\/schema.org\/ImageObject\" ><div class=\"avia-image-container-inner\"><div class=\"avia-image-overlay-wrap\"><img decoding=\"async\" fetchpriority=\"high\" class='wp-image-7216 avia-img-lazy-loading-not-7216 avia_image ' src=\"https:\/\/imker-aigen.at\/wp-content\/uploads\/2024\/12\/stonehenge-is-stonehenge-england-495x400.jpg\" alt='' title='Stonehenge'  height=\"400\" width=\"495\"  itemprop=\"thumbnailUrl\"  \/><\/div><\/div><\/div><br \/>\n\n<style type=\"text\/css\" data-created_by=\"avia_inline_auto\" id=\"style-css-av-m4wszd82-dc8853c024ace223958891a3cb96b961\">\n#top .hr.hr-invisible.av-m4wszd82-dc8853c024ace223958891a3cb96b961{\nheight:50px;\n}\n<\/style>\n<div  class='hr av-m4wszd82-dc8853c024ace223958891a3cb96b961 hr-invisible  avia-builder-el-6  el_after_av_image  el_before_av_textblock '><span class='hr-inner '><span class=\"hr-inner-style\"><\/span><\/span><\/div><br \/>\n<section  class='av_textblock_section av-m4toe9d7-90104a612bcc09e2d45ab529ebbbec88 '   itemscope=\"itemscope\" itemtype=\"https:\/\/schema.org\/BlogPosting\" itemprop=\"blogPost\" ><div class='avia_textblock'  itemprop=\"text\" ><h3><strong>Gr\u00fc\u00dfe vom Imkerverein Salzburg Aigen<\/strong><\/h3>\n<p>Wir m\u00f6chten die Wintersonnenwende, den ersten wichtigen Tag des Bienenjahres, jedenfalls zum Anlass nehmen, kurz auf das vergangene Bienenjahr 2024 zur\u00fcckzublicken und allen Imkerinnen und Imkern eine erfolgreiche Bienensaison 2025 zu w\u00fcnschen.<\/p>\n<h4>R\u00fcckblick 2024<\/h4>\n<p>Im R\u00fcckblick war 2024 aus imkerlicher Sicht ein sehr bewegtes und anspruchsvolles Bienenjahr. Es begann mit der Verabschiedung des langj\u00e4hrigen Landesobmanns Willi Kastenauer und der Neuwahl des Vorstands der Salzburger Imkergenossenschaft und des Landesverbandes im M\u00e4rz. Dann kam es zum <a href=\"https:\/\/imker-aigen.at\/index.php\/2024\/04\/09\/erste-sichtung-der-vespa-velutina-im-salzburger-stadtgebiet\/\">ersten Fund einer Asiatischen Hornisse (Vespa velutina) in \u00d6sterreich<\/a> im April. Zur Honigernte wurden viele Imker mit gro\u00dfen Mengen an <a href=\"https:\/\/imker-aigen.at\/index.php\/2024\/07\/18\/melezitosehonig-melezitosehonig-melezitosehonig\/\">Zementhonig<\/a> begl\u00fcckt, der nicht aus den Waben geschleudert werden kann und ein Vielfaches an Arbeit verursacht. Und zu guter Letzt kam der <a href=\"https:\/\/imker-aigen.at\/index.php\/2024\/12\/15\/von-schlechtem-honig-gutem-honig-und-vorzueglichem-honig\/\">Honigskandal<\/a>, der f\u00fcr die Konsumenten eine Katastrophe war, f\u00fcr die \u00f6sterreichische Imkerschaft aber durchaus positiv verlaufen ist. Es bleibt nun zu hoffen, dass die Konsumenten wieder vermehrt zu \u00f6sterreichischem Honig greifen und auch Verst\u00e4ndnis f\u00fcr den Preis eines qualitativ hochwertigen Produktes aufbringen. Der Skandal hat jedenfalls gezeigt, dass zus\u00e4tzliche Kontrollmethoden (DNA-Methode, \u00dcberpr\u00fcfung entlang der Lieferketten, beh\u00f6rdliche Untersuchungen\u2026) etabliert und umgesetzt werden m\u00fcssen. 2024 war aber auch das Jahr der Jubil\u00e4en. Einige Ortsgruppen konnten ihr 100-j\u00e4hriges Bestehen feiern. Wir sogar <a href=\"https:\/\/imker-aigen.at\/index.php\/2024\/09\/14\/bericht-ueber-unsere-120-jahrfeier-am-14-9-2024\/\">120 Jahre<\/a>. Leider wurde unser Fest von der gro\u00dfen Hochwasserkatastrophe in \u00d6sterreich \u00fcberschattet. Der Klimawandel hat uns deutlich vor Augen gef\u00fchrt, dass er bereits angekommen ist. So war 2024 auch das Jahr der Hitzerekorde. Es war in Europa und weltweit der hei\u00dfeste Sommer seit Beginn der Aufzeichnungen.<\/p>\n<h4>Weihnachts- und Neujahrsw\u00fcnsche<\/h4>\n<p>Am Ende dieses Artikels m\u00f6chten wir die Gelegenheit nutzen, allen Imkerinnen und Imkern, allen Natur- und Bienenfreunden, allen treuen Konsumentinnen und Konsumenten unserer Imkereiprodukte sowie allen Leserinnen und Lesern unserer Homepage und Instagram-Posts ein gesegnetes Weihnachtsfest sowie Gesundheit und Gl\u00fcck im Neuen Jahr zu w\u00fcnschen! Oder wie es bei uns in Salzburg die Perchten im neuen Jahr w\u00fcnschen: &#8222;An Fried, an Reim und an Gsund!&#8220;<\/p>\n<\/div><\/section><br \/>\n<div  class='av-social-sharing-box av-3kbhuj-11134a18e0104f1d2ec0ef405d745f31 av-social-sharing-box-default  avia-builder-el-8  el_after_av_textblock  el_before_av_comments_list  av-social-sharing-box-fullwidth'><div class=\"av-share-box\"><h5 class='av-share-link-description av-no-toc '>Eintrag teilen<\/h5><ul class=\"av-share-box-list noLightbox\"><li class='av-share-link av-social-link-facebook avia_social_iconfont' ><a target=\"_blank\" aria-label=\"Teilen auf Facebook\" href='https:\/\/www.facebook.com\/sharer.php?u=https:\/\/imker-aigen.at\/index.php\/2024\/12\/20\/start-in-die-bienensaison-2025-weihnachts-und-neujahrswuensche\/&#038;t=Start%20in%20die%20Bienensaison%202025%20%2B%20Weihnachts-%20und%20Neujahrsw%C3%BCnsche' data-av_icon='\ue8f3' data-av_iconfont='entypo-fontello'  title='' data-avia-related-tooltip='Teilen auf Facebook'><span class='avia_hidden_link_text'>Teilen auf Facebook<\/span><\/a><\/li><li class='av-share-link av-social-link-twitter avia_social_iconfont' ><a target=\"_blank\" aria-label=\"Teilen auf X\" href='https:\/\/twitter.com\/share?text=Start%20in%20die%20Bienensaison%202025%20%2B%20Weihnachts-%20und%20Neujahrsw%C3%BCnsche&#038;url=https:\/\/imker-aigen.at\/?p=7195' data-av_icon='\ue932' data-av_iconfont='entypo-fontello'  title='' data-avia-related-tooltip='Teilen auf X'><span class='avia_hidden_link_text'>Teilen auf X<\/span><\/a><\/li><li class='av-share-link av-social-link-whatsapp avia_social_iconfont' ><a target=\"_blank\" aria-label=\"Teilen auf WhatsApp\" href='https:\/\/api.whatsapp.com\/send?text=https:\/\/imker-aigen.at\/index.php\/2024\/12\/20\/start-in-die-bienensaison-2025-weihnachts-und-neujahrswuensche\/' data-av_icon='\uf232' data-av_iconfont='entypo-fontello'  title='' data-avia-related-tooltip='Teilen auf WhatsApp'><span class='avia_hidden_link_text'>Teilen auf WhatsApp<\/span><\/a><\/li><li class='av-share-link av-social-link-pinterest avia_social_iconfont' ><a target=\"_blank\" aria-label=\"Teilen auf Pinterest\" href='https:\/\/pinterest.com\/pin\/create\/button\/?url=https%3A%2F%2Fimker-aigen.at%2Findex.php%2F2024%2F12%2F20%2Fstart-in-die-bienensaison-2025-weihnachts-und-neujahrswuensche%2F&#038;description=Start%20in%20die%20Bienensaison%202025%20%2B%20Weihnachts-%20und%20Neujahrsw%C3%BCnsche&#038;media=https%3A%2F%2Fimker-aigen.at%2Fwp-content%2Fuploads%2F2024%2F12%2Fstart_bienensaison2025_1.jpg' data-av_icon='\ue8f8' data-av_iconfont='entypo-fontello'  title='' data-avia-related-tooltip='Teilen auf Pinterest'><span class='avia_hidden_link_text'>Teilen auf Pinterest<\/span><\/a><\/li><li class='av-share-link av-social-link-linkedin avia_social_iconfont' ><a target=\"_blank\" aria-label=\"Teilen auf LinkedIn\" href='https:\/\/linkedin.com\/shareArticle?mini=true&#038;title=Start%20in%20die%20Bienensaison%202025%20%2B%20Weihnachts-%20und%20Neujahrsw%C3%BCnsche&#038;url=https:\/\/imker-aigen.at\/index.php\/2024\/12\/20\/start-in-die-bienensaison-2025-weihnachts-und-neujahrswuensche\/' data-av_icon='\ue8fc' data-av_iconfont='entypo-fontello'  title='' data-avia-related-tooltip='Teilen auf LinkedIn'><span class='avia_hidden_link_text'>Teilen auf LinkedIn<\/span><\/a><\/li><li class='av-share-link av-social-link-reddit avia_social_iconfont' ><a target=\"_blank\" aria-label=\"Teilen auf Reddit\" href='https:\/\/reddit.com\/submit?url=https:\/\/imker-aigen.at\/index.php\/2024\/12\/20\/start-in-die-bienensaison-2025-weihnachts-und-neujahrswuensche\/&#038;title=Start%20in%20die%20Bienensaison%202025%20%2B%20Weihnachts-%20und%20Neujahrsw%C3%BCnsche' data-av_icon='\ue927' data-av_iconfont='entypo-fontello'  title='' data-avia-related-tooltip='Teilen auf Reddit'><span class='avia_hidden_link_text'>Teilen auf Reddit<\/span><\/a><\/li><li class='av-share-link av-social-link-mail avia_social_iconfont' ><a  aria-label=\"Per E-Mail teilen\" href='mailto:?subject=Start%20in%20die%20Bienensaison%202025%20%2B%20Weihnachts-%20und%20Neujahrsw%C3%BCnsche&#038;body=https:\/\/imker-aigen.at\/index.php\/2024\/12\/20\/start-in-die-bienensaison-2025-weihnachts-und-neujahrswuensche\/' data-av_icon='\ue805' data-av_iconfont='entypo-fontello'  title='' data-avia-related-tooltip='Per E-Mail teilen'><span class='avia_hidden_link_text'>Per E-Mail teilen<\/span><\/a><\/li><\/ul><\/div><\/div><br \/>\n<div  class='av-buildercomment av-b1yjf-b85980daa80e974b06ec777a629bcf1e'><\/div><\/p><\/div>\n","protected":false},"excerpt":{"rendered":"","protected":false},"author":1,"featured_media":7214,"comment_status":"open","ping_status":"closed","sticky":false,"template":"","format":"standard","meta":{"footnotes":""},"categories":[2],"tags":[325,323,321,324,322],"class_list":["post-7195","post","type-post","status-publish","format-standard","has-post-thumbnail","hentry","category-news","tag-neujahrswuensche","tag-rueckblick","tag-weihnachten","tag-weihnachtswuensche","tag-wintersonnenwende"],"yoast_head":"<!-- This site is optimized with the Yoast SEO plugin v27.5 - https:\/\/yoast.com\/product\/yoast-seo-wordpress\/ -->\n<title>Start in die Bienensaison 2025 + Weihnachts- und Neujahrsw\u00fcnsche - Imker Ortsgruppe Salzburg Aigen<\/title>\n<meta name=\"description\" content=\"Der Imkerverein Salzburg Aigen w\u00fcnscht zur Wintersonnenwende einen guten Start in die Bienensaison 2025, ein gesegnetes Weihnachtsfest sowie Gesundheit und Gl\u00fcck im Neuen Jahr.\" \/>\n<meta name=\"robots\" content=\"index, follow, max-snippet:-1, max-image-preview:large, max-video-preview:-1\" \/>\n<link rel=\"canonical\" href=\"https:\/\/imker-aigen.at\/index.php\/2024\/12\/20\/start-in-die-bienensaison-2025-weihnachts-und-neujahrswuensche\/\" \/>\n<meta property=\"og:locale\" content=\"de_DE\" \/>\n<meta property=\"og:type\" content=\"article\" \/>\n<meta property=\"og:title\" content=\"Start in die Bienensaison 2025 + Weihnachts- und Neujahrsw\u00fcnsche - Imker Ortsgruppe Salzburg Aigen\" \/>\n<meta property=\"og:description\" content=\"Der Imkerverein Salzburg Aigen w\u00fcnscht zur Wintersonnenwende einen guten Start in die Bienensaison 2025, ein gesegnetes Weihnachtsfest sowie Gesundheit und Gl\u00fcck im Neuen Jahr.\" \/>\n<meta property=\"og:url\" content=\"https:\/\/imker-aigen.at\/index.php\/2024\/12\/20\/start-in-die-bienensaison-2025-weihnachts-und-neujahrswuensche\/\" \/>\n<meta property=\"og:site_name\" content=\"Imker Ortsgruppe Salzburg Aigen\" \/>\n<meta property=\"article:published_time\" content=\"2024-12-20T09:14:35+00:00\" \/>\n<meta property=\"article:modified_time\" content=\"2024-12-20T13:46:36+00:00\" \/>\n<meta property=\"og:image\" content=\"https:\/\/imker-aigen.at\/wp-content\/uploads\/2024\/12\/start_bienensaison2025_1.jpg\" \/>\n\t<meta property=\"og:image:width\" content=\"582\" \/>\n\t<meta property=\"og:image:height\" content=\"397\" \/>\n\t<meta property=\"og:image:type\" content=\"image\/jpeg\" \/>\n<meta name=\"author\" content=\"admin\" \/>\n<meta name=\"twitter:card\" content=\"summary_large_image\" \/>\n<meta name=\"twitter:label1\" content=\"Verfasst von\" \/>\n\t<meta name=\"twitter:data1\" content=\"admin\" \/>\n\t<meta name=\"twitter:label2\" content=\"Gesch\u00e4tzte Lesezeit\" \/>\n\t<meta name=\"twitter:data2\" content=\"5\u00a0Minuten\" \/>\n<script type=\"application\/ld+json\" class=\"yoast-schema-graph\">{\"@context\":\"https:\\\/\\\/schema.org\",\"@graph\":[{\"@type\":\"Article\",\"@id\":\"https:\\\/\\\/imker-aigen.at\\\/index.php\\\/2024\\\/12\\\/20\\\/start-in-die-bienensaison-2025-weihnachts-und-neujahrswuensche\\\/#article\",\"isPartOf\":{\"@id\":\"https:\\\/\\\/imker-aigen.at\\\/index.php\\\/2024\\\/12\\\/20\\\/start-in-die-bienensaison-2025-weihnachts-und-neujahrswuensche\\\/\"},\"author\":{\"name\":\"admin\",\"@id\":\"https:\\\/\\\/imker-aigen.at\\\/#\\\/schema\\\/person\\\/d7d0c3a8ef6f051d450781218ac83077\"},\"headline\":\"Start in die Bienensaison 2025 + Weihnachts- und Neujahrsw\u00fcnsche\",\"datePublished\":\"2024-12-20T09:14:35+00:00\",\"dateModified\":\"2024-12-20T13:46:36+00:00\",\"mainEntityOfPage\":{\"@id\":\"https:\\\/\\\/imker-aigen.at\\\/index.php\\\/2024\\\/12\\\/20\\\/start-in-die-bienensaison-2025-weihnachts-und-neujahrswuensche\\\/\"},\"wordCount\":2254,\"commentCount\":0,\"publisher\":{\"@id\":\"https:\\\/\\\/imker-aigen.at\\\/#organization\"},\"image\":{\"@id\":\"https:\\\/\\\/imker-aigen.at\\\/index.php\\\/2024\\\/12\\\/20\\\/start-in-die-bienensaison-2025-weihnachts-und-neujahrswuensche\\\/#primaryimage\"},\"thumbnailUrl\":\"https:\\\/\\\/imker-aigen.at\\\/wp-content\\\/uploads\\\/2024\\\/12\\\/start_bienensaison2025_1.jpg\",\"keywords\":[\"Neujahrsw\u00fcnsche\",\"R\u00fcckblick\",\"Weihnachten\",\"Weihnachtsw\u00fcnsche\",\"Wintersonnenwende\"],\"articleSection\":[\"News\"],\"inLanguage\":\"de\",\"potentialAction\":[{\"@type\":\"CommentAction\",\"name\":\"Comment\",\"target\":[\"https:\\\/\\\/imker-aigen.at\\\/index.php\\\/2024\\\/12\\\/20\\\/start-in-die-bienensaison-2025-weihnachts-und-neujahrswuensche\\\/#respond\"]}]},{\"@type\":\"WebPage\",\"@id\":\"https:\\\/\\\/imker-aigen.at\\\/index.php\\\/2024\\\/12\\\/20\\\/start-in-die-bienensaison-2025-weihnachts-und-neujahrswuensche\\\/\",\"url\":\"https:\\\/\\\/imker-aigen.at\\\/index.php\\\/2024\\\/12\\\/20\\\/start-in-die-bienensaison-2025-weihnachts-und-neujahrswuensche\\\/\",\"name\":\"Start in die Bienensaison 2025 + Weihnachts- und Neujahrsw\u00fcnsche - Imker Ortsgruppe Salzburg Aigen\",\"isPartOf\":{\"@id\":\"https:\\\/\\\/imker-aigen.at\\\/#website\"},\"primaryImageOfPage\":{\"@id\":\"https:\\\/\\\/imker-aigen.at\\\/index.php\\\/2024\\\/12\\\/20\\\/start-in-die-bienensaison-2025-weihnachts-und-neujahrswuensche\\\/#primaryimage\"},\"image\":{\"@id\":\"https:\\\/\\\/imker-aigen.at\\\/index.php\\\/2024\\\/12\\\/20\\\/start-in-die-bienensaison-2025-weihnachts-und-neujahrswuensche\\\/#primaryimage\"},\"thumbnailUrl\":\"https:\\\/\\\/imker-aigen.at\\\/wp-content\\\/uploads\\\/2024\\\/12\\\/start_bienensaison2025_1.jpg\",\"datePublished\":\"2024-12-20T09:14:35+00:00\",\"dateModified\":\"2024-12-20T13:46:36+00:00\",\"description\":\"Der Imkerverein Salzburg Aigen w\u00fcnscht zur Wintersonnenwende einen guten Start in die Bienensaison 2025, ein gesegnetes Weihnachtsfest sowie Gesundheit und Gl\u00fcck im Neuen Jahr.\",\"breadcrumb\":{\"@id\":\"https:\\\/\\\/imker-aigen.at\\\/index.php\\\/2024\\\/12\\\/20\\\/start-in-die-bienensaison-2025-weihnachts-und-neujahrswuensche\\\/#breadcrumb\"},\"inLanguage\":\"de\",\"potentialAction\":[{\"@type\":\"ReadAction\",\"target\":[\"https:\\\/\\\/imker-aigen.at\\\/index.php\\\/2024\\\/12\\\/20\\\/start-in-die-bienensaison-2025-weihnachts-und-neujahrswuensche\\\/\"]}]},{\"@type\":\"ImageObject\",\"inLanguage\":\"de\",\"@id\":\"https:\\\/\\\/imker-aigen.at\\\/index.php\\\/2024\\\/12\\\/20\\\/start-in-die-bienensaison-2025-weihnachts-und-neujahrswuensche\\\/#primaryimage\",\"url\":\"https:\\\/\\\/imker-aigen.at\\\/wp-content\\\/uploads\\\/2024\\\/12\\\/start_bienensaison2025_1.jpg\",\"contentUrl\":\"https:\\\/\\\/imker-aigen.at\\\/wp-content\\\/uploads\\\/2024\\\/12\\\/start_bienensaison2025_1.jpg\",\"width\":582,\"height\":397},{\"@type\":\"BreadcrumbList\",\"@id\":\"https:\\\/\\\/imker-aigen.at\\\/index.php\\\/2024\\\/12\\\/20\\\/start-in-die-bienensaison-2025-weihnachts-und-neujahrswuensche\\\/#breadcrumb\",\"itemListElement\":[{\"@type\":\"ListItem\",\"position\":1,\"name\":\"Startseite\",\"item\":\"https:\\\/\\\/imker-aigen.at\\\/index.php\\\/home\\\/\"},{\"@type\":\"ListItem\",\"position\":2,\"name\":\"Start in die Bienensaison 2025 + Weihnachts- und Neujahrsw\u00fcnsche\"}]},{\"@type\":\"WebSite\",\"@id\":\"https:\\\/\\\/imker-aigen.at\\\/#website\",\"url\":\"https:\\\/\\\/imker-aigen.at\\\/\",\"name\":\"Imker Ortsgruppe Salzburg Aigen\",\"description\":\"Homepage der Imker-Ortsgruppe Salzburg Aigen\",\"publisher\":{\"@id\":\"https:\\\/\\\/imker-aigen.at\\\/#organization\"},\"potentialAction\":[{\"@type\":\"SearchAction\",\"target\":{\"@type\":\"EntryPoint\",\"urlTemplate\":\"https:\\\/\\\/imker-aigen.at\\\/?s={search_term_string}\"},\"query-input\":{\"@type\":\"PropertyValueSpecification\",\"valueRequired\":true,\"valueName\":\"search_term_string\"}}],\"inLanguage\":\"de\"},{\"@type\":\"Organization\",\"@id\":\"https:\\\/\\\/imker-aigen.at\\\/#organization\",\"name\":\"Imker Ortsgruppe Salzburg Aigen\",\"url\":\"https:\\\/\\\/imker-aigen.at\\\/\",\"logo\":{\"@type\":\"ImageObject\",\"inLanguage\":\"de\",\"@id\":\"https:\\\/\\\/imker-aigen.at\\\/#\\\/schema\\\/logo\\\/image\\\/\",\"url\":\"https:\\\/\\\/imker-aigen.at\\\/wp-content\\\/uploads\\\/2022\\\/08\\\/logo-1.png\",\"contentUrl\":\"https:\\\/\\\/imker-aigen.at\\\/wp-content\\\/uploads\\\/2022\\\/08\\\/logo-1.png\",\"width\":392,\"height\":156,\"caption\":\"Imker Ortsgruppe Salzburg Aigen\"},\"image\":{\"@id\":\"https:\\\/\\\/imker-aigen.at\\\/#\\\/schema\\\/logo\\\/image\\\/\"}},{\"@type\":\"Person\",\"@id\":\"https:\\\/\\\/imker-aigen.at\\\/#\\\/schema\\\/person\\\/d7d0c3a8ef6f051d450781218ac83077\",\"name\":\"admin\",\"image\":{\"@type\":\"ImageObject\",\"inLanguage\":\"de\",\"@id\":\"https:\\\/\\\/secure.gravatar.com\\\/avatar\\\/925a7e918efd3cfdae29be9c0018a3ae3275cd0444a6e166241172bb6e5243c7?s=96&d=mm&r=g\",\"url\":\"https:\\\/\\\/secure.gravatar.com\\\/avatar\\\/925a7e918efd3cfdae29be9c0018a3ae3275cd0444a6e166241172bb6e5243c7?s=96&d=mm&r=g\",\"contentUrl\":\"https:\\\/\\\/secure.gravatar.com\\\/avatar\\\/925a7e918efd3cfdae29be9c0018a3ae3275cd0444a6e166241172bb6e5243c7?s=96&d=mm&r=g\",\"caption\":\"admin\"},\"sameAs\":[\"https:\\\/\\\/imker-aigen.at\",\"linkedin.com\\\/in\\\/bernd-meierhofer-5919b62\"],\"url\":\"https:\\\/\\\/imker-aigen.at\\\/index.php\\\/author\\\/bmeierhofer\\\/\"}]}<\/script>\n<!-- \/ Yoast SEO plugin. -->","yoast_head_json":{"title":"Start in die Bienensaison 2025 + Weihnachts- und Neujahrsw\u00fcnsche - Imker Ortsgruppe Salzburg Aigen","description":"Der Imkerverein Salzburg Aigen w\u00fcnscht zur Wintersonnenwende einen guten Start in die Bienensaison 2025, ein gesegnetes Weihnachtsfest sowie Gesundheit und Gl\u00fcck im Neuen Jahr.","robots":{"index":"index","follow":"follow","max-snippet":"max-snippet:-1","max-image-preview":"max-image-preview:large","max-video-preview":"max-video-preview:-1"},"canonical":"https:\/\/imker-aigen.at\/index.php\/2024\/12\/20\/start-in-die-bienensaison-2025-weihnachts-und-neujahrswuensche\/","og_locale":"de_DE","og_type":"article","og_title":"Start in die Bienensaison 2025 + Weihnachts- und Neujahrsw\u00fcnsche - Imker Ortsgruppe Salzburg Aigen","og_description":"Der Imkerverein Salzburg Aigen w\u00fcnscht zur Wintersonnenwende einen guten Start in die Bienensaison 2025, ein gesegnetes Weihnachtsfest sowie Gesundheit und Gl\u00fcck im Neuen Jahr.","og_url":"https:\/\/imker-aigen.at\/index.php\/2024\/12\/20\/start-in-die-bienensaison-2025-weihnachts-und-neujahrswuensche\/","og_site_name":"Imker Ortsgruppe Salzburg Aigen","article_published_time":"2024-12-20T09:14:35+00:00","article_modified_time":"2024-12-20T13:46:36+00:00","og_image":[{"width":582,"height":397,"url":"https:\/\/imker-aigen.at\/wp-content\/uploads\/2024\/12\/start_bienensaison2025_1.jpg","type":"image\/jpeg"}],"author":"admin","twitter_card":"summary_large_image","twitter_misc":{"Verfasst von":"admin","Gesch\u00e4tzte Lesezeit":"5\u00a0Minuten"},"schema":{"@context":"https:\/\/schema.org","@graph":[{"@type":"Article","@id":"https:\/\/imker-aigen.at\/index.php\/2024\/12\/20\/start-in-die-bienensaison-2025-weihnachts-und-neujahrswuensche\/#article","isPartOf":{"@id":"https:\/\/imker-aigen.at\/index.php\/2024\/12\/20\/start-in-die-bienensaison-2025-weihnachts-und-neujahrswuensche\/"},"author":{"name":"admin","@id":"https:\/\/imker-aigen.at\/#\/schema\/person\/d7d0c3a8ef6f051d450781218ac83077"},"headline":"Start in die Bienensaison 2025 + Weihnachts- und Neujahrsw\u00fcnsche","datePublished":"2024-12-20T09:14:35+00:00","dateModified":"2024-12-20T13:46:36+00:00","mainEntityOfPage":{"@id":"https:\/\/imker-aigen.at\/index.php\/2024\/12\/20\/start-in-die-bienensaison-2025-weihnachts-und-neujahrswuensche\/"},"wordCount":2254,"commentCount":0,"publisher":{"@id":"https:\/\/imker-aigen.at\/#organization"},"image":{"@id":"https:\/\/imker-aigen.at\/index.php\/2024\/12\/20\/start-in-die-bienensaison-2025-weihnachts-und-neujahrswuensche\/#primaryimage"},"thumbnailUrl":"https:\/\/imker-aigen.at\/wp-content\/uploads\/2024\/12\/start_bienensaison2025_1.jpg","keywords":["Neujahrsw\u00fcnsche","R\u00fcckblick","Weihnachten","Weihnachtsw\u00fcnsche","Wintersonnenwende"],"articleSection":["News"],"inLanguage":"de","potentialAction":[{"@type":"CommentAction","name":"Comment","target":["https:\/\/imker-aigen.at\/index.php\/2024\/12\/20\/start-in-die-bienensaison-2025-weihnachts-und-neujahrswuensche\/#respond"]}]},{"@type":"WebPage","@id":"https:\/\/imker-aigen.at\/index.php\/2024\/12\/20\/start-in-die-bienensaison-2025-weihnachts-und-neujahrswuensche\/","url":"https:\/\/imker-aigen.at\/index.php\/2024\/12\/20\/start-in-die-bienensaison-2025-weihnachts-und-neujahrswuensche\/","name":"Start in die Bienensaison 2025 + Weihnachts- und Neujahrsw\u00fcnsche - Imker Ortsgruppe Salzburg Aigen","isPartOf":{"@id":"https:\/\/imker-aigen.at\/#website"},"primaryImageOfPage":{"@id":"https:\/\/imker-aigen.at\/index.php\/2024\/12\/20\/start-in-die-bienensaison-2025-weihnachts-und-neujahrswuensche\/#primaryimage"},"image":{"@id":"https:\/\/imker-aigen.at\/index.php\/2024\/12\/20\/start-in-die-bienensaison-2025-weihnachts-und-neujahrswuensche\/#primaryimage"},"thumbnailUrl":"https:\/\/imker-aigen.at\/wp-content\/uploads\/2024\/12\/start_bienensaison2025_1.jpg","datePublished":"2024-12-20T09:14:35+00:00","dateModified":"2024-12-20T13:46:36+00:00","description":"Der Imkerverein Salzburg Aigen w\u00fcnscht zur Wintersonnenwende einen guten Start in die Bienensaison 2025, ein gesegnetes Weihnachtsfest sowie Gesundheit und Gl\u00fcck im Neuen Jahr.","breadcrumb":{"@id":"https:\/\/imker-aigen.at\/index.php\/2024\/12\/20\/start-in-die-bienensaison-2025-weihnachts-und-neujahrswuensche\/#breadcrumb"},"inLanguage":"de","potentialAction":[{"@type":"ReadAction","target":["https:\/\/imker-aigen.at\/index.php\/2024\/12\/20\/start-in-die-bienensaison-2025-weihnachts-und-neujahrswuensche\/"]}]},{"@type":"ImageObject","inLanguage":"de","@id":"https:\/\/imker-aigen.at\/index.php\/2024\/12\/20\/start-in-die-bienensaison-2025-weihnachts-und-neujahrswuensche\/#primaryimage","url":"https:\/\/imker-aigen.at\/wp-content\/uploads\/2024\/12\/start_bienensaison2025_1.jpg","contentUrl":"https:\/\/imker-aigen.at\/wp-content\/uploads\/2024\/12\/start_bienensaison2025_1.jpg","width":582,"height":397},{"@type":"BreadcrumbList","@id":"https:\/\/imker-aigen.at\/index.php\/2024\/12\/20\/start-in-die-bienensaison-2025-weihnachts-und-neujahrswuensche\/#breadcrumb","itemListElement":[{"@type":"ListItem","position":1,"name":"Startseite","item":"https:\/\/imker-aigen.at\/index.php\/home\/"},{"@type":"ListItem","position":2,"name":"Start in die Bienensaison 2025 + Weihnachts- und Neujahrsw\u00fcnsche"}]},{"@type":"WebSite","@id":"https:\/\/imker-aigen.at\/#website","url":"https:\/\/imker-aigen.at\/","name":"Imker Ortsgruppe Salzburg Aigen","description":"Homepage der Imker-Ortsgruppe Salzburg Aigen","publisher":{"@id":"https:\/\/imker-aigen.at\/#organization"},"potentialAction":[{"@type":"SearchAction","target":{"@type":"EntryPoint","urlTemplate":"https:\/\/imker-aigen.at\/?s={search_term_string}"},"query-input":{"@type":"PropertyValueSpecification","valueRequired":true,"valueName":"search_term_string"}}],"inLanguage":"de"},{"@type":"Organization","@id":"https:\/\/imker-aigen.at\/#organization","name":"Imker Ortsgruppe Salzburg Aigen","url":"https:\/\/imker-aigen.at\/","logo":{"@type":"ImageObject","inLanguage":"de","@id":"https:\/\/imker-aigen.at\/#\/schema\/logo\/image\/","url":"https:\/\/imker-aigen.at\/wp-content\/uploads\/2022\/08\/logo-1.png","contentUrl":"https:\/\/imker-aigen.at\/wp-content\/uploads\/2022\/08\/logo-1.png","width":392,"height":156,"caption":"Imker Ortsgruppe Salzburg Aigen"},"image":{"@id":"https:\/\/imker-aigen.at\/#\/schema\/logo\/image\/"}},{"@type":"Person","@id":"https:\/\/imker-aigen.at\/#\/schema\/person\/d7d0c3a8ef6f051d450781218ac83077","name":"admin","image":{"@type":"ImageObject","inLanguage":"de","@id":"https:\/\/secure.gravatar.com\/avatar\/925a7e918efd3cfdae29be9c0018a3ae3275cd0444a6e166241172bb6e5243c7?s=96&d=mm&r=g","url":"https:\/\/secure.gravatar.com\/avatar\/925a7e918efd3cfdae29be9c0018a3ae3275cd0444a6e166241172bb6e5243c7?s=96&d=mm&r=g","contentUrl":"https:\/\/secure.gravatar.com\/avatar\/925a7e918efd3cfdae29be9c0018a3ae3275cd0444a6e166241172bb6e5243c7?s=96&d=mm&r=g","caption":"admin"},"sameAs":["https:\/\/imker-aigen.at","linkedin.com\/in\/bernd-meierhofer-5919b62"],"url":"https:\/\/imker-aigen.at\/index.php\/author\/bmeierhofer\/"}]}},"_links":{"self":[{"href":"https:\/\/imker-aigen.at\/index.php\/wp-json\/wp\/v2\/posts\/7195","targetHints":{"allow":["GET"]}}],"collection":[{"href":"https:\/\/imker-aigen.at\/index.php\/wp-json\/wp\/v2\/posts"}],"about":[{"href":"https:\/\/imker-aigen.at\/index.php\/wp-json\/wp\/v2\/types\/post"}],"author":[{"embeddable":true,"href":"https:\/\/imker-aigen.at\/index.php\/wp-json\/wp\/v2\/users\/1"}],"replies":[{"embeddable":true,"href":"https:\/\/imker-aigen.at\/index.php\/wp-json\/wp\/v2\/comments?post=7195"}],"version-history":[{"count":12,"href":"https:\/\/imker-aigen.at\/index.php\/wp-json\/wp\/v2\/posts\/7195\/revisions"}],"predecessor-version":[{"id":7220,"href":"https:\/\/imker-aigen.at\/index.php\/wp-json\/wp\/v2\/posts\/7195\/revisions\/7220"}],"wp:featuredmedia":[{"embeddable":true,"href":"https:\/\/imker-aigen.at\/index.php\/wp-json\/wp\/v2\/media\/7214"}],"wp:attachment":[{"href":"https:\/\/imker-aigen.at\/index.php\/wp-json\/wp\/v2\/media?parent=7195"}],"wp:term":[{"taxonomy":"category","embeddable":true,"href":"https:\/\/imker-aigen.at\/index.php\/wp-json\/wp\/v2\/categories?post=7195"},{"taxonomy":"post_tag","embeddable":true,"href":"https:\/\/imker-aigen.at\/index.php\/wp-json\/wp\/v2\/tags?post=7195"}],"curies":[{"name":"wp","href":"https:\/\/api.w.org\/{rel}","templated":true}]}}