{"id":7340,"date":"2025-02-04T14:56:54","date_gmt":"2025-02-04T13:56:54","guid":{"rendered":"https:\/\/imker-aigen.at\/?p=7340"},"modified":"2025-02-14T17:33:58","modified_gmt":"2025-02-14T16:33:58","slug":"protokoll-der-jahreshauptversammlung-vom-3-2-2025","status":"publish","type":"post","link":"https:\/\/imker-aigen.at\/index.php\/2025\/02\/04\/protokoll-der-jahreshauptversammlung-vom-3-2-2025\/","title":{"rendered":"Protokoll der Jahreshauptversammlung vom 3.2.2025"},"content":{"rendered":"<div  class='flex_column av-82gouk-8887803d6f4f37443a809193a0c3ff77 av_one_full  avia-builder-el-0  avia-builder-el-no-sibling  first flex_column_div  '     ><p>\n<style type=\"text\/css\" data-created_by=\"avia_inline_auto\" id=\"style-css-av-m6qjonkb-614ac6462076a9b918616a2c1b7768ad\">\n#top .av-special-heading.av-m6qjonkb-614ac6462076a9b918616a2c1b7768ad{\npadding-bottom:10px;\n}\nbody .av-special-heading.av-m6qjonkb-614ac6462076a9b918616a2c1b7768ad .av-special-heading-tag .heading-char{\nfont-size:25px;\n}\n.av-special-heading.av-m6qjonkb-614ac6462076a9b918616a2c1b7768ad .av-subheading{\nfont-size:15px;\n}\n<\/style>\n<div  class='av-special-heading av-m6qjonkb-614ac6462076a9b918616a2c1b7768ad av-special-heading-h3 blockquote modern-quote modern-centered  avia-builder-el-1  el_before_av_horizontal_gallery  avia-builder-el-no-sibling '><h3 class='av-special-heading-tag '  itemprop=\"headline\"  >Protokoll der Jahreshauptversammlung vom 3.2.2025<\/h3><div class=\"special-heading-border\"><div class=\"special-heading-inner-border\"><\/div><\/div><\/div><br \/>\n\n<style type=\"text\/css\" data-created_by=\"avia_inline_auto\" id=\"style-css-av-m6rzo640-027fd2ba81cb0213010961897ff591b3\">\n.av-horizontal-gallery.av-m6rzo640-027fd2ba81cb0213010961897ff591b3{\npadding:3.75% 0px;;\n}\n.av-horizontal-gallery.av-m6rzo640-027fd2ba81cb0213010961897ff591b3 .av-horizontal-gallery-inner{\npadding-bottom:25%;\n}\n<\/style>\n<div  class='av-horizontal-gallery av-m6rzo640-027fd2ba81cb0213010961897ff591b3 av-horizontal-gallery-large-gap av-horizontal-gallery-enlarge-effect  avia-builder-el-2  el_after_av_heading  el_before_av_hr  av-slideshow-ui av-control-default av-slideshow-manual av-loop-once av-loop-manual-once av-horizontal-gallery-1' data-slideshow-data=\"{&quot;enlarge&quot;:1.3,&quot;animation&quot;:&quot;slide&quot;,&quot;autoplay&quot;:false,&quot;loop_autoplay&quot;:&quot;once&quot;,&quot;interval&quot;:5,&quot;loop_manual&quot;:&quot;manual-once&quot;,&quot;autoplay_stopper&quot;:false,&quot;noNavigation&quot;:false,&quot;bg_slider&quot;:false,&quot;keep_padding&quot;:&quot;&quot;,&quot;hoverpause&quot;:false,&quot;show_slide_delay&quot;:0}\"  itemprop=\"image\" itemscope=\"itemscope\" itemtype=\"https:\/\/schema.org\/ImageObject\" ><div class='avia-slideshow-arrows avia-slideshow-controls' ><a href='#prev' class='prev-slide av-horizontal-gallery-prev avia-svg-icon avia-font-svg_entypo-fontello' data-av_svg_icon='left-open-big' data-av_iconset='svg_entypo-fontello' tabindex='-1' title=\"Zur\u00fcck\"><svg version=\"1.1\" xmlns=\"http:\/\/www.w3.org\/2000\/svg\" width=\"15\" height=\"32\" viewBox=\"0 0 15 32\" preserveAspectRatio=\"xMidYMid meet\" aria-labelledby='av-svg-title-1' aria-describedby='av-svg-desc-1' role=\"graphics-symbol\" aria-hidden=\"true\">\n<title id='av-svg-title-1'>Zur\u00fcck<\/title>\n<desc id='av-svg-desc-1'>Zur\u00fcck<\/desc>\n<path d=\"M14.464 27.84q0.832 0.832 0 1.536-0.832 0.832-1.536 0l-12.544-12.608q-0.768-0.768 0-1.6l12.544-12.608q0.704-0.832 1.536 0 0.832 0.704 0 1.536l-11.456 11.904z\"><\/path>\n<\/svg><span class='avia_hidden_link_text'>Zur\u00fcck<\/span><\/a><a href='#next' class='next-slide av-horizontal-gallery-next avia-svg-icon avia-font-svg_entypo-fontello' data-av_svg_icon='right-open-big' data-av_iconset='svg_entypo-fontello' tabindex='-1' title=\"Weiter\"><svg version=\"1.1\" xmlns=\"http:\/\/www.w3.org\/2000\/svg\" width=\"15\" height=\"32\" viewBox=\"0 0 15 32\" preserveAspectRatio=\"xMidYMid meet\" aria-labelledby='av-svg-title-2' aria-describedby='av-svg-desc-2' role=\"graphics-symbol\" aria-hidden=\"true\">\n<title id='av-svg-title-2'>Weiter<\/title>\n<desc id='av-svg-desc-2'>Weiter<\/desc>\n<path d=\"M0.416 27.84l11.456-11.84-11.456-11.904q-0.832-0.832 0-1.536 0.832-0.832 1.536 0l12.544 12.608q0.768 0.832 0 1.6l-12.544 12.608q-0.704 0.832-1.536 0-0.832-0.704 0-1.536z\"><\/path>\n<\/svg><span class='avia_hidden_link_text'>Weiter<\/span><\/a><\/div><div class='avia-slideshow-dots avia-slideshow-controls av-horizontal-gallery-dots fade-in'><a href='#1' class='goto-slide active' >1<\/a><a href='#2' class='goto-slide ' >2<\/a><a href='#3' class='goto-slide ' >3<\/a><a href='#4' class='goto-slide ' >4<\/a><\/div><div class='av-horizontal-gallery-inner' data-av-height='25'><div class=\"av-horizontal-gallery-slider\"><div class=\"av-horizontal-gallery-wrap noHover\"><img decoding=\"async\" fetchpriority=\"high\" class='wp-image-7363 avia-img-lazy-loading-not-7363 av-horizontal-gallery-img' width=\"1024\" height=\"768\" src=\"https:\/\/imker-aigen.at\/wp-content\/uploads\/2025\/02\/Jahreshauptversammlung_Aigen_2025_1024_768.jpg\" title='Zahlreiche Teilnehmer bei der Jahreshauptversammlung 2025' alt='' srcset=\"https:\/\/imker-aigen.at\/wp-content\/uploads\/2025\/02\/Jahreshauptversammlung_Aigen_2025_1024_768.jpg 1024w, https:\/\/imker-aigen.at\/wp-content\/uploads\/2025\/02\/Jahreshauptversammlung_Aigen_2025_1024_768-300x225.jpg 300w, https:\/\/imker-aigen.at\/wp-content\/uploads\/2025\/02\/Jahreshauptversammlung_Aigen_2025_1024_768-768x576.jpg 768w, https:\/\/imker-aigen.at\/wp-content\/uploads\/2025\/02\/Jahreshauptversammlung_Aigen_2025_1024_768-705x529.jpg 705w\" sizes=\"(max-width: 1024px) 100vw, 1024px\" \/><a href=\"https:\/\/imker-aigen.at\/wp-content\/uploads\/2025\/02\/Jahreshauptversammlung_Aigen_2025_1024_768.jpg\" data-srcset=\"https:\/\/imker-aigen.at\/wp-content\/uploads\/2025\/02\/Jahreshauptversammlung_Aigen_2025_1024_768.jpg 1024w, https:\/\/imker-aigen.at\/wp-content\/uploads\/2025\/02\/Jahreshauptversammlung_Aigen_2025_1024_768-300x225.jpg 300w, https:\/\/imker-aigen.at\/wp-content\/uploads\/2025\/02\/Jahreshauptversammlung_Aigen_2025_1024_768-768x576.jpg 768w, https:\/\/imker-aigen.at\/wp-content\/uploads\/2025\/02\/Jahreshauptversammlung_Aigen_2025_1024_768-705x529.jpg 705w\" data-sizes=\"(max-width: 1024px) 100vw, 1024px\" class='av-horizontal-gallery-link avia-svg-icon avia-font-svg_entypo-fontello' data-av_svg_icon='resize-full' data-av_iconset='svg_entypo-fontello' title='Zahlreiche Teilnehmer bei der Jahreshauptversammlung 2025' alt='' aria-label='Open image in lightbox: Zahlreiche Teilnehmer bei der Jahreshauptversammlung 2025'><svg version=\"1.1\" xmlns=\"http:\/\/www.w3.org\/2000\/svg\" width=\"25\" height=\"32\" viewBox=\"0 0 25 32\" preserveAspectRatio=\"xMidYMid meet\" aria-labelledby='av-svg-title-3' aria-describedby='av-svg-desc-3' role=\"graphics-symbol\" aria-hidden=\"true\">\n<title id='av-svg-title-3'>Open image in lightbox: Zahlreiche Teilnehmer bei der Jahreshauptversammlung 2025<\/title>\n<desc id='av-svg-desc-3'>Open image in lightbox: Zahlreiche Teilnehmer bei der Jahreshauptversammlung 2025<\/desc>\n<path d=\"M15.232 3.328h10.112v10.112l-3.2-3.968-4.672 4.864-3.2-3.2 4.864-4.672zM7.872 17.536l3.2 3.2-4.864 4.672 3.904 3.2h-10.112v-10.112l3.2 3.904z\"><\/path>\n<\/svg><\/a><\/div><div class=\"av-horizontal-gallery-wrap noHover\"><img decoding=\"async\" fetchpriority=\"high\" class='wp-image-7377 avia-img-lazy-loading-not-7377 av-horizontal-gallery-img' width=\"1024\" height=\"768\" src=\"https:\/\/imker-aigen.at\/wp-content\/uploads\/2025\/02\/Faulbrut_Schnelltests_1024_768.jpg\" title='AFB- und EFB-Schnelltests bei unserem Gesundheitswart vorr\u00e4tig' alt='' srcset=\"https:\/\/imker-aigen.at\/wp-content\/uploads\/2025\/02\/Faulbrut_Schnelltests_1024_768.jpg 1024w, https:\/\/imker-aigen.at\/wp-content\/uploads\/2025\/02\/Faulbrut_Schnelltests_1024_768-300x225.jpg 300w, https:\/\/imker-aigen.at\/wp-content\/uploads\/2025\/02\/Faulbrut_Schnelltests_1024_768-768x576.jpg 768w, https:\/\/imker-aigen.at\/wp-content\/uploads\/2025\/02\/Faulbrut_Schnelltests_1024_768-705x529.jpg 705w\" sizes=\"(max-width: 1024px) 100vw, 1024px\" \/><a href=\"https:\/\/imker-aigen.at\/wp-content\/uploads\/2025\/02\/Faulbrut_Schnelltests_1024_768.jpg\" data-srcset=\"https:\/\/imker-aigen.at\/wp-content\/uploads\/2025\/02\/Faulbrut_Schnelltests_1024_768.jpg 1024w, https:\/\/imker-aigen.at\/wp-content\/uploads\/2025\/02\/Faulbrut_Schnelltests_1024_768-300x225.jpg 300w, https:\/\/imker-aigen.at\/wp-content\/uploads\/2025\/02\/Faulbrut_Schnelltests_1024_768-768x576.jpg 768w, https:\/\/imker-aigen.at\/wp-content\/uploads\/2025\/02\/Faulbrut_Schnelltests_1024_768-705x529.jpg 705w\" data-sizes=\"(max-width: 1024px) 100vw, 1024px\" class='av-horizontal-gallery-link avia-svg-icon avia-font-svg_entypo-fontello' data-av_svg_icon='resize-full' data-av_iconset='svg_entypo-fontello' title='AFB- und EFB-Schnelltests bei unserem Gesundheitswart vorr\u00e4tig' alt='' aria-label='Open image in lightbox: AFB- und EFB-Schnelltests bei unserem Gesundheitswart vorr\u00e4tig'><svg version=\"1.1\" xmlns=\"http:\/\/www.w3.org\/2000\/svg\" width=\"25\" height=\"32\" viewBox=\"0 0 25 32\" preserveAspectRatio=\"xMidYMid meet\" aria-labelledby='av-svg-title-4' aria-describedby='av-svg-desc-4' role=\"graphics-symbol\" aria-hidden=\"true\">\n<title id='av-svg-title-4'>Open image in lightbox: AFB- und EFB-Schnelltests bei unserem Gesundheitswart vorr\u00e4tig<\/title>\n<desc id='av-svg-desc-4'>Open image in lightbox: AFB- und EFB-Schnelltests bei unserem Gesundheitswart vorr\u00e4tig<\/desc>\n<path d=\"M15.232 3.328h10.112v10.112l-3.2-3.968-4.672 4.864-3.2-3.2 4.864-4.672zM7.872 17.536l3.2 3.2-4.864 4.672 3.904 3.2h-10.112v-10.112l3.2 3.904z\"><\/path>\n<\/svg><\/a><\/div><div class=\"av-horizontal-gallery-wrap noHover\"><img decoding=\"async\" fetchpriority=\"high\" class='wp-image-7381 avia-img-lazy-loading-not-7381 av-horizontal-gallery-img' width=\"1024\" height=\"768\" src=\"https:\/\/imker-aigen.at\/wp-content\/uploads\/2025\/02\/Jahreshauptversammlung_Aigen2_2025_1024_768.jpg\" title='10 Gebote in der Bienenhaltung - Vortrag von IM Christian Winkler' alt='' srcset=\"https:\/\/imker-aigen.at\/wp-content\/uploads\/2025\/02\/Jahreshauptversammlung_Aigen2_2025_1024_768.jpg 1024w, https:\/\/imker-aigen.at\/wp-content\/uploads\/2025\/02\/Jahreshauptversammlung_Aigen2_2025_1024_768-300x225.jpg 300w, https:\/\/imker-aigen.at\/wp-content\/uploads\/2025\/02\/Jahreshauptversammlung_Aigen2_2025_1024_768-768x576.jpg 768w, https:\/\/imker-aigen.at\/wp-content\/uploads\/2025\/02\/Jahreshauptversammlung_Aigen2_2025_1024_768-705x529.jpg 705w\" sizes=\"(max-width: 1024px) 100vw, 1024px\" \/><a href=\"https:\/\/imker-aigen.at\/wp-content\/uploads\/2025\/02\/Jahreshauptversammlung_Aigen2_2025_1024_768.jpg\" data-srcset=\"https:\/\/imker-aigen.at\/wp-content\/uploads\/2025\/02\/Jahreshauptversammlung_Aigen2_2025_1024_768.jpg 1024w, https:\/\/imker-aigen.at\/wp-content\/uploads\/2025\/02\/Jahreshauptversammlung_Aigen2_2025_1024_768-300x225.jpg 300w, https:\/\/imker-aigen.at\/wp-content\/uploads\/2025\/02\/Jahreshauptversammlung_Aigen2_2025_1024_768-768x576.jpg 768w, https:\/\/imker-aigen.at\/wp-content\/uploads\/2025\/02\/Jahreshauptversammlung_Aigen2_2025_1024_768-705x529.jpg 705w\" data-sizes=\"(max-width: 1024px) 100vw, 1024px\" class='av-horizontal-gallery-link avia-svg-icon avia-font-svg_entypo-fontello' data-av_svg_icon='resize-full' data-av_iconset='svg_entypo-fontello' title='10 Gebote in der Bienenhaltung - Vortrag von IM Christian Winkler' alt='' aria-label='Open image in lightbox: 10 Gebote in der Bienenhaltung - Vortrag von IM Christian Winkler'><svg version=\"1.1\" xmlns=\"http:\/\/www.w3.org\/2000\/svg\" width=\"25\" height=\"32\" viewBox=\"0 0 25 32\" preserveAspectRatio=\"xMidYMid meet\" aria-labelledby='av-svg-title-5' aria-describedby='av-svg-desc-5' role=\"graphics-symbol\" aria-hidden=\"true\">\n<title id='av-svg-title-5'>Open image in lightbox: 10 Gebote in der Bienenhaltung - Vortrag von IM Christian Winkler<\/title>\n<desc id='av-svg-desc-5'>Open image in lightbox: 10 Gebote in der Bienenhaltung - Vortrag von IM Christian Winkler<\/desc>\n<path d=\"M15.232 3.328h10.112v10.112l-3.2-3.968-4.672 4.864-3.2-3.2 4.864-4.672zM7.872 17.536l3.2 3.2-4.864 4.672 3.904 3.2h-10.112v-10.112l3.2 3.904z\"><\/path>\n<\/svg><\/a><\/div><div class=\"av-horizontal-gallery-wrap noHover\"><img decoding=\"async\" fetchpriority=\"high\" class='wp-image-7388 avia-img-lazy-loading-not-7388 av-horizontal-gallery-img' width=\"1024\" height=\"577\" src=\"https:\/\/imker-aigen.at\/wp-content\/uploads\/2025\/02\/Jahreshauptversammlung_Aigen3_2025.jpg\" title='Mitgliedsbeitrag 2025 und wie er sich zusammensetzt' alt='' srcset=\"https:\/\/imker-aigen.at\/wp-content\/uploads\/2025\/02\/Jahreshauptversammlung_Aigen3_2025.jpg 1024w, https:\/\/imker-aigen.at\/wp-content\/uploads\/2025\/02\/Jahreshauptversammlung_Aigen3_2025-300x169.jpg 300w, https:\/\/imker-aigen.at\/wp-content\/uploads\/2025\/02\/Jahreshauptversammlung_Aigen3_2025-768x433.jpg 768w, https:\/\/imker-aigen.at\/wp-content\/uploads\/2025\/02\/Jahreshauptversammlung_Aigen3_2025-705x397.jpg 705w\" sizes=\"(max-width: 1024px) 100vw, 1024px\" \/><a href=\"https:\/\/imker-aigen.at\/wp-content\/uploads\/2025\/02\/Jahreshauptversammlung_Aigen3_2025.jpg\" data-srcset=\"https:\/\/imker-aigen.at\/wp-content\/uploads\/2025\/02\/Jahreshauptversammlung_Aigen3_2025.jpg 1024w, https:\/\/imker-aigen.at\/wp-content\/uploads\/2025\/02\/Jahreshauptversammlung_Aigen3_2025-300x169.jpg 300w, https:\/\/imker-aigen.at\/wp-content\/uploads\/2025\/02\/Jahreshauptversammlung_Aigen3_2025-768x433.jpg 768w, https:\/\/imker-aigen.at\/wp-content\/uploads\/2025\/02\/Jahreshauptversammlung_Aigen3_2025-705x397.jpg 705w\" data-sizes=\"(max-width: 1024px) 100vw, 1024px\" class='av-horizontal-gallery-link avia-svg-icon avia-font-svg_entypo-fontello' data-av_svg_icon='resize-full' data-av_iconset='svg_entypo-fontello' title='Mitgliedsbeitrag 2025 und wie er sich zusammensetzt' alt='' aria-label='Open image in lightbox: Mitgliedsbeitrag 2025 und wie er sich zusammensetzt'><svg version=\"1.1\" xmlns=\"http:\/\/www.w3.org\/2000\/svg\" width=\"25\" height=\"32\" viewBox=\"0 0 25 32\" preserveAspectRatio=\"xMidYMid meet\" aria-labelledby='av-svg-title-6' aria-describedby='av-svg-desc-6' role=\"graphics-symbol\" aria-hidden=\"true\">\n<title id='av-svg-title-6'>Open image in lightbox: Mitgliedsbeitrag 2025 und wie er sich zusammensetzt<\/title>\n<desc id='av-svg-desc-6'>Open image in lightbox: Mitgliedsbeitrag 2025 und wie er sich zusammensetzt<\/desc>\n<path d=\"M15.232 3.328h10.112v10.112l-3.2-3.968-4.672 4.864-3.2-3.2 4.864-4.672zM7.872 17.536l3.2 3.2-4.864 4.672 3.904 3.2h-10.112v-10.112l3.2 3.904z\"><\/path>\n<\/svg><\/a><\/div><\/div><\/div><\/div><br \/>\n\n<style type=\"text\/css\" data-created_by=\"avia_inline_auto\" id=\"style-css-av-m6qjo6jn-4eaa440cef7148f050d29a1ef32ef328\">\n#top .hr.av-m6qjo6jn-4eaa440cef7148f050d29a1ef32ef328{\nmargin-top:30px;\nmargin-bottom:30px;\n}\n.hr.av-m6qjo6jn-4eaa440cef7148f050d29a1ef32ef328 .hr-inner{\nwidth:50px;\nmax-width:45%;\n}\n<\/style>\n<div  class='hr av-m6qjo6jn-4eaa440cef7148f050d29a1ef32ef328 hr-custom  avia-builder-el-3  el_after_av_horizontal_gallery  el_before_av_textblock  avia-builder-el-first  hr-center hr-icon-yes'><span class='hr-inner inner-border-av-border-thin'><span class=\"hr-inner-style\"><\/span><\/span><span class='av-seperator-icon avia-iconfont avia-font-entypo-fontello' data-av_icon='\ue8bf' data-av_iconfont='entypo-fontello' ><\/span><span class='hr-inner inner-border-av-border-thin'><span class=\"hr-inner-style\"><\/span><\/span><\/div><br \/>\n<section  class='av_textblock_section av-69281o-7fc732d2f4c96f67ee01cc62ce1c223e '   itemscope=\"itemscope\" itemtype=\"https:\/\/schema.org\/BlogPosting\" itemprop=\"blogPost\" ><div class='avia_textblock'  itemprop=\"text\" ><p><span style=\"color: #999999;\">Autorin: Adelheid Speyer (Schriftf\u00fchrerin)<\/span><\/p>\n<h3><strong>Begr\u00fc\u00dfung der G\u00e4ste<\/strong><\/h3>\n<p>Die Jahreshauptversammlung 2025 war trotz einiger krankheitsbedingter Absagen sehr gut besucht. Neben zahlreichen Vereinsmitgliedern konnten wir\u00a0 auch viele Imkerinnen und Imker aus anderen Imker-Ortsgruppen sowie Naturfreunde begr\u00fc\u00dfen. Unter den G\u00e4sten war auch der Salzburger Landesobmann Andreas Brieger und der Gauobmann des Flachgaues Bernhard Grubm\u00fcller. Der Pavillon des <a href=\"http:\/\/www.pliemgut.at\/\">Gasthauses Pliemgut<\/a> war gut gef\u00fcllt.<\/p>\n<h3><strong>Ver\u00e4nderungen bei den Vereinsmitgliedern:<\/strong><\/h3>\n<p>Im Jahr 2024 konnten wir 9 neue Vereinsmitglieder begr\u00fc\u00dfen. 5 Vereinsmitglieder haben uns im Jahr 2024 verlassen (Aufgabe der Imkerei). Somit hat der Verein derzeit (Stand 3.2.2025) 74 Vereinsmitglieder.<\/p>\n<h3><strong>Totengedenken<\/strong><\/h3>\n<p>Im Gedenken an die Verstorbenen wurde eine Schweigeminute eingelegt.<\/p>\n<h3><strong>R\u00fcckblick 2024<\/strong><\/h3>\n<p><strong>Ausbildung<\/strong><\/p>\n<ul>\n<li><a href=\"https:\/\/imker-aigen.at\/index.php\/2024\/01\/31\/flachgauer-imkerfachtage-2627-1-2024\/\">Flachgauer Imkerfachtage (26+27.1)<\/a><\/li>\n<li><a href=\"https:\/\/imker-aigen.at\/index.php\/2024\/02\/08\/protokoll-der-jahreshauptversammlung-vom-6-2-2024\/\">Wildbienenvortrag (6.2)<\/a><\/li>\n<li><a href=\"https:\/\/imker-aigen.at\/index.php\/2024\/03\/02\/gauversammlung-flachgau-am-2-3-2024\/\">Gauversammlung (2.3)<\/a><\/li>\n<li>Bienenp\u00e4dagogik (15+16.3)<\/li>\n<li><a href=\"https:\/\/imker-aigen.at\/index.php\/2024\/04\/13\/schulung-zum-thema-vespa-velutina-am-12-4-2024\/\">Vespa velutina Schulung (12.4)<\/a><\/li>\n<li><a href=\"https:\/\/imker-aigen.at\/index.php\/2024\/05\/07\/protokoll-vom-stammtisch-am-7-5-2024\/\">Vortrag \u00fcber die Dunkle Biene (7.5)<\/a><\/li>\n<li>Zuchtkurs (25.5)<\/li>\n<li><a href=\"https:\/\/imker-aigen.at\/index.php\/2024\/07\/29\/bericht-ueber-die-hygieneschulung-am-13-7-2024\/\">Hygieneschulung (13.7)<\/a><\/li>\n<li><a href=\"https:\/\/imker-aigen.at\/index.php\/2024\/10\/16\/funktionaerssitzung-der-flachgauer-imker-am-16-10-2024\/\">Funktion\u00e4rsbesprechung Flachgau (16.10)<\/a><\/li>\n<\/ul>\n<p><strong>Partnerschaft mit dem Salzburger Naturschutzbund<\/strong><\/p>\n<ul>\n<li><a href=\"https:\/\/imker-aigen.at\/index.php\/2024\/12\/06\/neuer-artikel-in-der-zeitschrift-naturaktiv-des-salzburger-naturschutzbundes\/\">Artikel in der NATURaktiv Zeitschrift (1-2024 und 4-2024)<\/a><\/li>\n<\/ul>\n<p><a href=\"https:\/\/imker-aigen.at\/index.php\/2024\/03\/17\/landesimkertag-am-17-3-2024\/\"><strong>Landesimkertag (17.3)<\/strong><\/a><\/p>\n<p><a href=\"https:\/\/imker-aigen.at\/index.php\/2024\/06\/14\/jugendarbeit-2024\/\"><strong>Jugendarbeit:<\/strong><\/a><\/p>\n<ul>\n<li><a href=\"https:\/\/imker-aigen.at\/index.php\/2024\/06\/27\/bienen-jugendtage-bei-akzente-salzburg\/\">Bienentage bei akzente Salzburg (25+26+27.6)<\/a><\/li>\n<li><a href=\"https:\/\/imker-aigen.at\/index.php\/2024\/06\/19\/besuch-der-waldorfschule-am-bienenstand-von-adelheid\/\">Schulbesuche: Tobias mit den Kindern der Privatschule \u201aTiere hautnah &#8211; Schule f\u00fcr das Leben\u2018 am Bienenstand von Adelheid<\/a><\/li>\n<li><a href=\"https:\/\/imker-aigen.at\/index.php\/2024\/06\/14\/jugendarbeit-2024\/\">Schulbesuche von Elisabeth<\/a><\/li>\n<li><a href=\"https:\/\/imker-aigen.at\/index.php\/2024\/12\/19\/s-pass-online-adventkalender-2024\/\">Teilnahme am S-Pass Adventkalender (19.12)<\/a><\/li>\n<\/ul>\n<p><a href=\"https:\/\/imker-aigen.at\/index.php\/2024\/09\/14\/bericht-ueber-unsere-120-jahrfeier-am-14-9-2024\/\"><strong>120 Jahrfeier (14.9)<\/strong><\/a><\/p>\n<p><strong>Ambrosiusfeier 2024 (4.12)<br \/>\n<\/strong>Von Jahr zu Jahr kommen mehr Besucher zu unserer Ambrosiusfeier. Vor allem die besinnliche Saitenmusik kam gut an.<strong><br \/>\n<\/strong><\/p>\n<p><a href=\"https:\/\/imker-aigen.at\/index.php\/2024\/12\/11\/adventmarkt-2024-resuemee\/\"><strong>Adventmarkt 2024 (30.11. + 7.12)<\/strong><\/a><br \/>\nDieses Jahr d\u00fcrfen wir uns \u00fcber einen Einnahmen-Rekord freuen! 10% vom Gewinn geht als Geldspende an bed\u00fcrftige Familien<\/p>\n<p><a href=\"https:\/\/imker-aigen.at\/index.php\/2024\/12\/15\/von-schlechtem-honig-gutem-honig-und-vorzueglichem-honig\/\"><strong>Honigpr\u00e4mierung (15.12)<\/strong><\/a><br \/>\nBei der Honigpr\u00e4mierung in Scheffau konnten sich unsere Vereinsmitglieder Paul Haslauer und Michael Rettenbacher \u00fcber Auszeichnungen f\u00fcr ihren Honig freuen<\/p>\n<p><strong>Konto-Highlights<\/strong><\/p>\n<ul>\n<li>F\u00f6rderung der Stadt Salzburg f\u00fcr unser BeeExplorer Projekt<\/li>\n<li>Ausgaben f\u00fcr unsere 120-Jahrfeier: Nachtr\u00e4gliche Unterst\u00fctzung vom Landesverband f\u00fcr unsere 120-Jahrfeier<\/li>\n<li>Einnahmen-Rekord beim Adventmarkt Elsbethen<\/li>\n<\/ul>\n<p><strong>Diverse andere T\u00e4tigkeiten<\/strong><\/p>\n<ul>\n<li><a href=\"https:\/\/imker-aigen.at\/index.php\/2024\/12\/06\/neuer-artikel-in-der-zeitschrift-naturaktiv-des-salzburger-naturschutzbundes\/\">Beitr\u00e4ge in den Zeitschriften des Salzburger Naturschutzbundes<\/a><\/li>\n<li><a href=\"https:\/\/imker-aigen.at\/index.php\/2024\/12\/19\/s-pass-online-adventkalender-2024\/\">T\u00fcrchen im S-Pass Adventkalender gemeinsam mit dem Salzburger Naturschutzbund<\/a><\/li>\n<\/ul>\n<p><strong>Homepage + Soziale Medien<\/strong><\/p>\n<ul>\n<li>T\u00e4glich ca. 14 Klicks und 403 Impressionen f\u00fcr unsere Homepage via Google Suchanfragen<\/li>\n<li>Diverse Instagram Auszeichnungen<\/li>\n<li>WhatsApp-Community \u201eImkerverein Salzburg Aigen\u201c mit diverse WhatsApp-Gruppen. <b>Bitte selbstst\u00e4ndig den diversen Gruppen beitreten!<\/b><\/li>\n<\/ul>\n<h3><strong>Ausblick 2025<\/strong><\/h3>\n<p><strong>Ausbildung<\/strong><\/p>\n<ul>\n<li>Heutiger Vortrag \u201e10 Gebote der Bienenhaltung (Bienenkrankheiten)\u201c von IM Christian Winkler (3.2)<\/li>\n<li>Varroaseminar: falls gew\u00fcnscht, werden wir versuchen auch 2025 wieder ein Varroaseminar f\u00fcr die Vereinsmitglieder zu organisieren<\/li>\n<li>Zuchtkurse<\/li>\n<li>Standbesuch bei Sepp Hutzinger<\/li>\n<li><a href=\"https:\/\/imker-aigen.at\/index.php\/event\/feldfuehrung-bei-brigitte-doerner\/\">Feldf\u00fchrung bei Brigitte D\u00f6rner (1.7)<\/a><\/li>\n<li><a href=\"https:\/\/imkerhof-salzburg.at\/kurse\/\">Verschiedene Kurse im Imkerhof Salzburg<\/a> mit hochkar\u00e4tigen Referenten: Pia Aumeier, Ralf Kolbe; J\u00fc\u00fcrgen Binder \u2026 Bitte die Gelegenheit nutzen und rechtzeitig euren Kursplatz reservieren!<\/li>\n<\/ul>\n<p><strong>Sommerfest 2025<br \/>\n<\/strong>Wir m\u00fcssen noch kl\u00e4ren, ob wir 2025 wieder ein eigenes Vereins-Sommerfest abhalten werden<strong><br \/>\n<\/strong><\/p>\n<p><strong>Ambrosiusfeier 2025<br \/>\n<\/strong>Auch 2025 werden wir wieder versuchen eine Ambrosiusfeier in der Pfarrkirche Aigen zu organisieren<\/p>\n<p><strong>Adventmarkt 2025<br \/>\n<\/strong>Auch 2025 wollen wir wieder beim Elsbethener Adventmarkt teilnehmen<strong><br \/>\n<\/strong><\/p>\n<p><strong>Zusammenarbeit mit dem Salzburger Naturschutzbund<br \/>\n<\/strong>2025 soll es wieder die Ackerbau-Feldtage geben. Details hierzu werden noch mit dem Flachgauer Gauobmann und dem Salzburger Naturschutzbund abgestimmt.<\/p>\n<p><strong>Geplante Aktivit\u00e4ten im Bereich der Jugendarbeit<\/strong><\/p>\n<ul>\n<li><a href=\"https:\/\/imker-aigen.at\/index.php\/event\/bienentage-bei-akzente-salzburg-3-5-6-2024\/\">Bienenptage bei akzente Salzburg (3.-5.6.2025)<\/a><\/li>\n<li>Einsatz der Einwabenk\u00e4stchen\/Schaubeute<br \/>\nF\u00fcr die Schulprojekte wurde ein Schaubeute und ein K\u00e4stchen f\u00fcr den Transport von zwei Einwaben-Zuchtk\u00e4stchen angeschafft. Schaubeute und Einwaben-Zuchtk\u00e4stchen k\u00f6nnen mit Miniplus-R\u00e4hmchen best\u00fcckt werden.<\/li>\n<li>Schulbesuche + Schulprojekte<\/li>\n<li>Teilnahme am <a href=\"https:\/\/jugend.akzente.net\/s-pass\/\">S-Pass<\/a> Adventkalender<\/li>\n<li>Ankauf einer Stockwaage<br \/>\nMit der Anschaffung einer Bienenstockwaage soll den Kindern und Jugendlichen auch der Zugang zu den Messdaten eines Bienenstocks erm\u00f6glicht werden.<\/li>\n<\/ul>\n<p><strong>\u00a0<\/strong><strong>Vereinsh\u00fctte Egelsee<\/strong><\/p>\n<ul>\n<li>Nutzung als Vereinsh\u00fctte gem\u00e4\u00df den Rahmenbedingungen (Prekarium) der Grundeigent\u00fcmer<br \/>\n<strong>2025 &#8211; Probejahr:<br \/>\n<\/strong>H\u00fcttenwart: Robert Hertscheg<br \/>\n2 St\u00f6cke von Adelheid<br \/>\n2 St\u00f6cke von Johanna<br \/>\n3 Vereinsst\u00f6cke (Zander-Beuten auf der Ost-Seite)<br \/>\nEventuell Miniplus-Reservev\u00f6lker auf der West-Seite<br \/>\nEine Stockwaage inkl. Wetterstation zur Fern\u00fcberwachung der Bienenst\u00f6cke<\/li>\n<li>Abschluss einer Versicherung (Feuer-, Sturm-, Einbruchdiebstahl)<br \/>\n60 \u20ac \/ Jahr f\u00fcr eine Versicherungssumme von 10.000 \u20ac<\/li>\n<li>Beantragung einer <a href=\"https:\/\/www.ama.at\/dfp\/home\">AMA-F\u00f6rderung<\/a> (35%) f\u00fcr den Verein<\/li>\n<li>Positive Aspekte der Vereinsh\u00fctte:<br \/>\n&#8211; St\u00e4rkung der Gemeinschaft<br \/>\n&#8211; Vereins-Honig (Geschenke f\u00fcr G\u00e4ste\/Besucher, Verkostungen (<a href=\"https:\/\/www.akzente.net\/\">akzente<\/a> Jugendtage) etc.)<br \/>\n&#8211; Vereins-Zuchtstoff<br \/>\n&#8211; Erprobung neuer Imkerei-Techniken<br \/>\n&#8211; Wissenstransfer<\/li>\n<li>Negative Aspekte der Vereinsh\u00fctte:<br \/>\nEs ist viel Arbeit. Ohne Engagement der Vereinsmitglieder wird es nicht funktionieren. Das ist zu tun (zu einem gro\u00dfen Teil fernab der H\u00fctte):<br \/>\n&#8211; F\u00f6rderung beantragen<br \/>\n&#8211; Beuten + Stockwaage kaufen<br \/>\n&#8211; Beuten streichen<br \/>\n&#8211; Mittelw\u00e4nde einl\u00f6ten<br \/>\n&#8211; Bienen einschlagen<br \/>\n&#8211; Honig ernten<br \/>\n&#8211; Bienen einf\u00fcttern<br \/>\n&#8211; Bienen behandeln<br \/>\n&#8211; Wachs schmelzen<br \/>\n&#8211; Honig abf\u00fcllen<br \/>\n&#8211; &#8230;<\/p>\n<p>Die Vereinsh\u00fctte ist urspr\u00fcnglich ein Wanderbienenstand. F\u00fcr das Aufstellen der Bienenv\u00f6lker ist ein Wanderzeugnis erforderlich!<br \/>\n<strong>Jeder Wanderbienenstand muss mit der VIS-Nummer, dem Name und der Adresse der Imkerin\/des Imkers gekennzeichnet werden.<\/strong><\/li>\n<li>Warum Zander f\u00fcr die Vereinsst\u00f6cke?<br \/>\nEmpfehlung vom <a href=\"https:\/\/imkerhof-salzburg.at\/\">Imkerhof Salzburg<\/a>: Zander \u2013 Liebig<br \/>\nEmpfehlung von <a href=\"https:\/\/bienen-janisch.at\/\">Bienen Janisch<\/a>: Zander \u2013 Jumbo<br \/>\nZander ist kompatibel mit vielen anderen Beutensystemen und weit verbreitet<\/li>\n<li>Erwartete Kosten f\u00fcr den Verein<br \/>\nCa. 2.500 \u20ac (ohne F\u00f6rderung) bzw. 1.625 \u20ac (mit AMA 35%-F\u00f6rderung)<\/li>\n<\/ul>\n<h3><strong>Neuigkeiten<\/strong><\/h3>\n<h4><strong>Faulbrutuntersuchung<\/strong><\/h4>\n<p><strong>Via Futterkranzprobe<\/strong><\/p>\n<ul>\n<li><strong>Notwendig f\u00fcr die Ausstellung eines Wanderzeugnisses<\/strong><\/li>\n<li>Entnahme der Futterkranzproben<br \/>\nim Flachgau\/Stadt Sbg: 01.12. \u2013 28.02.<br \/>\nin allen anderen Gauen: 01.11. \u2013 31.03.<\/li>\n<li>Details siehe <a href=\"https:\/\/imkerhof-salzburg.at\/gesundheitsdienst\/\">Imkerhof Gesundheitsdienst<\/a> (<a href=\"https:\/\/www.youtube.com\/watch?v=mE4m6-pSYTI\">Video<\/a> + genaue Anleitung von Chris Steube)<\/li>\n<li>Kosten: ab 28 \u20ac (f\u00fcr 10 V\u00f6lker)<\/li>\n<\/ul>\n<p><strong>Via Gem\u00fclldiagnose<\/strong><\/p>\n<ul>\n<li><strong>Wichtig f\u00fcr das Faulbrut-Monitoring<\/strong><\/li>\n<li>Es darf kein Pollen enthalten sein<\/li>\n<li>Es muss Gem\u00fcll vom Brutbereich sein<\/li>\n<li>Max. 5 V\u00f6lker pro Probe (R\u00f6hrchen)<\/li>\n<li>Gem\u00fcll im J\u00e4nner und Februar einsammeln<\/li>\n<li>Kosten: 15 \u20ac \/ Laboruntersuchung<\/li>\n<\/ul>\n<h4><strong>Ver\u00e4nderungen im Vorstand\/in der Rechnungspr\u00fcfung<\/strong><\/h4>\n<ul>\n<li>Vorstand:<br \/>\nSchriftf\u00fchrerin-Stellvertreterin: Elisabeth Karl anstatt Diana Dirnberger<\/li>\n<li>Rechnungspr\u00fcfung:<br \/>\nKassa-Pr\u00fcfer: Engelbert Ebner anstatt Pierre Droin<br \/>\nKassa-Pr\u00fcferin: Regina Brandst\u00e4tter<\/li>\n<\/ul>\n<p>Die Ver\u00e4nderungen wurden von der Versammlung einstimmig angenommen<\/p>\n<p>Stellvertreter m\u00fcssen im Bedarfsfall ihre Funktion auch ausf\u00fchren k\u00f6nnen<\/p>\n<p><strong>2026 gibt es Neuwahlen!<\/strong><\/p>\n<p>Wer ist bereit eine Funktion im neuen Vorstand zu \u00fcbernehmen? Bitte rechtzeitig melden, damit man sich im Vorfeld mit den verschiedenen Aufgaben vertraut machen kann und ein reibungsloser \u00dcbergang m\u00f6glich ist.<\/p>\n<p>Jeder sollte Vereinsaufgaben nach seinen F\u00e4higkeiten \u00fcbernehmen!<\/p>\n<h4><strong>Neuigkeiten aus dem Landesverband<\/strong><\/h4>\n<ul>\n<li>Austritte\/Sterbef\u00e4lle sind dem Landesverband schriftlich mitzuteilen: Es gibt hierf\u00fcr ein eigenes <a href=\"https:\/\/imkerhof-salzburg.at\/wp-content\/uploads\/2024\/06\/Austrittsformular-LVGen-1.7-24.pdf\">\u21d2Formular<\/a><\/li>\n<li>F\u00fcr jede Ortsgruppe gibt es eine Mitgliederliste: Die Ortsgruppen sind aufgefordert die Daten der Mitglieder (Adressen, Telefonnummern, Mailadressen, V\u00f6lkerzahlen etc.) sauber zu pr\u00fcfen und notwendige \u00c4nderungen dem Landesverband mitzuteilen<\/li>\n<li><a href=\"https:\/\/imkerhof-salzburg.at\/kurse\/\">Umfangreiches Kursangebot<\/a><\/li>\n<li>Neue Entsch\u00e4digungss\u00e4tze bei Versicherungsf\u00e4llen<\/li>\n<\/ul>\n<h4><strong>Neuigkeiten \u2013 Corporate Design<\/strong><\/h4>\n<ul>\n<li>Neues Vereins-Logo<\/li>\n<li>Neue Vereinsfarben<\/li>\n<li>Einheitliches Layout\/Design auf der Homepage und den Social Media Kan\u00e4len<\/li>\n<\/ul>\n<h3><strong>Vortrag \u201e10 Gebote der Bienenhaltung\u201c von IM Christian Winkler<\/strong><\/h3>\n<p>IM Christian Winkler aus Goldegg war Zuchtreferent im Landesverband Salzburg und Ausbildner bei den Facharbeiterkursen. Christian ist Leiter der <a href=\"https:\/\/www.aca.at\/acamain.html\">ACA<\/a> Salzburg und wurde 2024 mit dem <a href=\"https:\/\/www.aca.at\/acamain.html\">ACA<\/a> Z\u00fcchterpreis ausgezeichnet.<\/p>\n<p><a href=\"https:\/\/imker-aigen.at\/wp-content\/uploads\/2025\/02\/WL-Vortrag-10-Bienengebote-1.pdf\">\u21d2 Unterlagen im PDF-Format<\/a><\/p>\n<p><strong>Ein herzliches Dankesch\u00f6n an Christian f\u00fcr die hervorragende Pr\u00e4sentation!<\/strong><\/p>\n<h3><strong>Kurzbericht unseres Gesundheitswartes<br \/>\n<\/strong><\/h3>\n<ul>\n<li><strong>V\u00f6lkerverluste:<\/strong> Todesursache feststellen \u2013 Totenschein ausstellen (siehe <a href=\"https:\/\/imker-aigen.at\/wp-content\/uploads\/2025\/02\/Bienen_Winterverluste.pdf\">\u21d2 Ratschl\u00e4ge von Robert Hertscheg<\/a>)<br \/>\nRobert regt an, dass bei abgestorbenen Bienenv\u00f6lkern auch eine entsprechende Fotodokumentation (tote Bienen vor dem Bienenstock, tote Bienen am Beutenboden, Zustand des Wabenmaterials, Bienen auf bzw. in den Waben, Brutnest &#8230;) erstellt werden sollte. Auch die Methode des &#8222;Soldatenfriedhofs&#8220; (siehe: <a href=\"https:\/\/imker-aigen.at\/index.php\/2023\/01\/16\/imkerfachtagung-am-15-jaenner-2023-vortrag-andreas-platzer\/\">Vortrag von Hr. Ing. agr. Andreas Platzer im Rahmen der Imkerfachtagung am 15.1.2023<\/a>) sollte zum Einsatz kommen.<\/li>\n<li><strong>Diverse Schnelltests sind nun bei unserem Gesundheitswart (Robert Hertscheg) verf\u00fcgbar<br \/>\n<\/strong>Viren-Schnelltests<br \/>\nSchnelltests f\u00fcr Amerikanische (AFB) und Europ\u00e4ische Faulbrut (EFB)<br \/>\n<strong>Bei Bedarf geben wir diese Testkits auch gerne an andere Ortsgruppen weiter, damit m\u00f6gliche Krankheitsausbr\u00fcche schnell erkannt und bek\u00e4mpft werden k\u00f6nnen.<\/strong><\/li>\n<li><strong>Europ\u00e4ische Faulbrut<\/strong> im Pongau<br \/>\nNicht anzeigepflichtig<br \/>\nAusl\u00f6ser ist das Bakterium Melissococcus plutonius<br \/>\nMerkmale: Saurer Geruch, l\u00fcckenhaftes Brutnest, tote Larven liegen verdreht in den Zellen, eingetrocknete Larven bilden Schorf<\/li>\n<\/ul>\n<h3><strong>Kassabericht + Entlastung Kassier\/Vorstand<\/strong><\/h3>\n<ul>\n<li>Kontostand zum Zeitpunkt 31.12.2024 (Bericht von unserer Kassiererin Karin Eisner)<\/li>\n<li>Einnahmen \/ Ausgaben<\/li>\n<li>Aktueller Kontostand<\/li>\n<li>Bericht der Kassapr\u00fcfer<\/li>\n<\/ul>\n<p>Die Kassa wurde von den Kassapr\u00fcfern Regina Brandst\u00e4tter und Engelbert Ebner \u00fcberpr\u00fcft und von ihnen die Entlastung der Kassiererin und des Vorstands f\u00fcr den Zeitraum 1.1.2024 bis 31.12.2024 empfohlen. Aufgrund dieser Empfehlung wurden die Mitglieder gebeten \u00fcber die Entlastung der Kassiererin und des Vorstands f\u00fcr den besagten Zeitraum abzustimmen. <strong>Die Entlastung der Kassiererin und des Vorstandes f\u00fcr den Zeitraum 1.1.2024 bis 31.12.2024 wurde einstimmig angenommen.<\/strong><\/p>\n<h3><strong>Spenden<\/strong><\/h3>\n<p><strong>Adventmarkt 2024:<\/strong><\/p>\n<p>Spende f\u00fcr ein karitatives Projekt des <a href=\"https:\/\/www.elsbethen.info\/\">Tourismusverbandes Elsbethen<\/a><\/p>\n<p>Dieses Jahr wollen wir das \u00fcbersch\u00fcssige Vereinsgeld in den Verein investieren:<br \/>\n&#8211; Ankauf von Beuten f\u00fcr die Vereinsh\u00fctte<br \/>\n&#8211; Ankauf einer Stockwaage f\u00fcr die Vereinsh\u00fctte<\/p>\n<h3><strong>Ehrung langj\u00e4hriger Mitglieder<\/strong><\/h3>\n<ul>\n<li>Gudrun und Alexander Gl\u00fcck: 10 Jahre<\/li>\n<li>Hannes Rettenbacher: 25 Jahre<\/li>\n<\/ul>\n<p><strong>Danke f\u00fcr euer langj\u00e4hriges Engagement f\u00fcr die Bienen!<\/strong><\/p>\n<h3><\/h3>\n<h3><strong>Imkerliche T\u00e4tigkeiten<\/strong><\/h3>\n<p><strong>Monatsbetrachtung Februar<\/strong><\/p>\n<ul>\n<li>Schieden auf die Brutmasse (angepasster Brutraum)<\/li>\n<li>Saisonvorbereitung<br \/>\n&#8211; Material bestellen und vorbereiten (R\u00e4hmchen, Mittelw\u00e4nde \u2026)<br \/>\n&#8211; Beuten kontrollieren und Sch\u00e4den reparieren<br \/>\n&#8211; Beutenteile desinfizieren<br \/>\n&#8211; Faulbrutuntersuchung (Futterkranzprobe oder Gem\u00fcll)<br \/>\n&#8211; Gesundheits- bzw. Wanderzeugnis beantragen<\/li>\n<\/ul>\n<p>Es gibt jetzt f\u00fcr jedes Monat eine Monatsbetrachtung auf unserer Homepage! Die Monatsbetrachtungen werden laufend \u00fcberarbeitet\/angepasst.<\/p>\n<p><strong>Zucht 2025<\/strong><\/p>\n<ul>\n<li>Teilnehmer \u2013 bitte melden!<\/li>\n<li>Die Betriebszeiten der Belegstellen LS1 und LS5 der <a href=\"https:\/\/carnica-zuchtgruppe-salzburg.at\/\">Carnica Zuchtgruppe Salzburg<\/a> sind online verf\u00fcgbar<\/li>\n<li>Zuchtkurs von Andreas Freundlinger<\/li>\n<li>Wir sollten jedes Jahr versuchen, den Zustand unserer Bienenv\u00f6lker (genetisch + gesundheitlich) zu verbessern!<\/li>\n<\/ul>\n<h3><strong>Mitgliedsbeitr\u00e4ge 2025<\/strong><\/h3>\n<p><strong>Wer kann, bitte online einzahlen!!!<\/strong><br \/>\n&#8211; Bessere Kontrolle\/R\u00fcckverfolgbarkeit<br \/>\n&#8211; Mehr Sicherheit f\u00fcr Karin<\/p>\n<p><strong>Deadline: 31.3.2025<\/strong><\/p>\n<p><strong>Warum so bald?<\/strong><br \/>\n&#8211; Wir m\u00fcssen alle Betr\u00e4ge bis zum 31.5 an den Landesverband \u00fcberweisen<br \/>\n&#8211; 2malige Zahlungserinnerung f\u00fcr s\u00e4umige Zahler<br \/>\n&#8211; R\u00fcckabwicklung bei etwaigen Austritten m\u00fchsam. Insbesondere wegen der Bienen-Zeitung<br \/>\n&#8211; Ab April \/ Mai haben wir wichtigere Dinge zu tun \u2013 unsere Bienen<\/p>\n<p><strong>\u00c4nderungen (Bienen-Zeitung ja\/nein, Kontaktdaten etc.) bitte umgehend mitteilen!<\/strong><\/p>\n<p><strong>Viele Vereinsmitglieder haben ihren Beitrag aufgerundet. Danke f\u00fcr die Spenden!!!<\/strong><\/p>\n<h4><strong>Mitgliedsbeitr\u00e4ge 2025 \u2013 Folgemitgliedschaft<\/strong><\/h4>\n<p><strong>Einzelmitglied mit Zeitung<\/strong> (Verein + Zeitung + Landesverband + Imkerbund + Versicherung)<\/p>\n<p>8,0 \u20ac\u00a0\u00a0\u00a0\u00a0\u00a0\u00a0\u00a0\u00a0\u00a0 Imkerverein Salzburg Aigen<br \/>\n22,1 \u20ac\u00a0\u00a0\u00a0\u00a0\u00a0\u00a0\u00a0\u00a0\u00a0 &#8222;Bienen aktuell&#8220;-Zeitung Imkerbund<br \/>\n14,5 \u20ac \u00a0\u00a0\u00a0\u00a0\u00a0\u00a0\u00a0\u00a0 Landesverband<br \/>\n<u>15,0 \u20ac<\/u>\u00a0\u00a0\u00a0\u00a0\u00a0\u00a0\u00a0\u00a0\u00a0 Versicherung (10 \u20ac) +\u00a0 Imkerbund (5 \u20ac)<\/p>\n<p><strong><u>59,6 \u20ac<\/u><\/strong><\/p>\n<ul>\n<li>Der erste Versicherungsblock f\u00fcr bis zu 50 V\u00f6lker kostet 10,00 \u20ac.<\/li>\n<li>Jeder weitere Block zu 50 V\u00f6lkern kostet jeweils 15,00 \u20ac.<\/li>\n<li>Jungimker unter 18 Jahre zahlen beim Landesverband nur 10 \u20ac<\/li>\n<li>Nur Mitglieder beim Landesverband kommen auch in den Genuss der Unterst\u00fctzungen seitens des Landesverbandes (Verg\u00fcnstigungen, Ehrungen etc.).<\/li>\n<\/ul>\n<p><strong>Einzelmitglied ohne Zeitung<\/strong> (Verein + Landesverband + Imkerbund + Versicherung)<\/p>\n<p>8,0 \u20ac\u00a0\u00a0\u00a0\u00a0\u00a0\u00a0\u00a0\u00a0\u00a0 Imkerverein Salzburg Aigen<br \/>\n14,5 \u20ac \u00a0\u00a0\u00a0\u00a0\u00a0\u00a0\u00a0\u00a0 Landesverband<br \/>\n<u>15,0 \u20ac<\/u>\u00a0\u00a0\u00a0\u00a0\u00a0\u00a0\u00a0\u00a0\u00a0 Versicherung (10 \u20ac) +\u00a0 Imkerbund (5 \u20ac)<\/p>\n<p><strong><u>37,5 \u20ac<\/u><u>\u00a0<\/u><\/strong><\/p>\n<h4><strong>Mitgliedsbeitr\u00e4ge 2025 \u2013 Neumitglieder<\/strong><\/h4>\n<p><strong>Einzelmitglied mit Zeitung<\/strong> (Verein + Zeitung + Landesverband + Imkerbund + Versicherung + Genossenschaftsanteil)<\/p>\n<p>8,0 \u20ac\u00a0\u00a0\u00a0\u00a0\u00a0\u00a0\u00a0\u00a0\u00a0 Imkerverein Salzburg Aigen<br \/>\n22,1 \u20ac\u00a0\u00a0\u00a0\u00a0\u00a0\u00a0\u00a0\u00a0\u00a0 &#8222;Bienen aktuell&#8220;-Zeitung Imkerbund<br \/>\n14,5 \u20ac \u00a0\u00a0\u00a0\u00a0\u00a0\u00a0\u00a0\u00a0 Landesverband<br \/>\n15,0 \u20ac\u00a0\u00a0\u00a0\u00a0\u00a0\u00a0\u00a0\u00a0\u00a0 Versicherung (10 \u20ac) +\u00a0 Imkerbund (5 \u20ac)<br \/>\n<u>\u00a0 4,0 \u20ac<\/u> \u00a0\u00a0\u00a0\u00a0\u00a0\u00a0\u00a0\u00a0 Genossenschaftsanteil<\/p>\n<p><strong><u>63,6 \u20ac<\/u><\/strong><\/p>\n<p><strong>Einzelmitglied ohne Zeitung<\/strong> (Verein + Landesverband + Imkerbund + Versicherung + Genossenschaftsanteil) 8 + 33,5 = 41,5 \u20ac<\/p>\n<p>8,0 \u20ac\u00a0\u00a0\u00a0\u00a0\u00a0\u00a0\u00a0\u00a0\u00a0 Imkerverein Salzburg Aigen<br \/>\n14,5 \u20ac \u00a0\u00a0\u00a0\u00a0\u00a0\u00a0\u00a0\u00a0 Landesverband<br \/>\n15,0 \u20ac\u00a0\u00a0\u00a0\u00a0\u00a0\u00a0\u00a0\u00a0\u00a0 Versicherung (10 \u20ac) +\u00a0 Imkerbund (5 \u20ac)<br \/>\n<u>\u00a0 4,0 \u20ac<\/u> \u00a0\u00a0\u00a0\u00a0\u00a0\u00a0\u00a0\u00a0 Genossenschaftsanteil<\/p>\n<p><strong><u>41,5 \u20ac<\/u><\/strong><\/p>\n<p>Neumitglieder m\u00fcssen auch mind. einen Anteil an der Imker-Genossenschaft (4 \u20ac) erwerben<\/p>\n<h3><strong>N\u00e4chste Termine<\/strong><\/h3>\n<ul>\n<li><a href=\"https:\/\/imker-aigen.at\/index.php\/event\/gauversammlung-flachgau-3\/\">8.2 Gauversammlung Flachgau<\/a><\/li>\n<li><a href=\"https:\/\/imker-aigen.at\/index.php\/event\/jahreshauptversammlung-des-imkervereins-seekirchen-2\/\">8.2 JHV Imker-Ortsgruppe Seekirchen<\/a><\/li>\n<li><a href=\"https:\/\/imker-aigen.at\/index.php\/event\/erwerbsimker-fachtagung-2025-14-16-2-2025-messe-wels\/\">14-16.2 Erwerbsimker-Fachmesse<\/a><\/li>\n<li><a href=\"https:\/\/imker-aigen.at\/index.php\/event\/beefit-teil-1-binder-am-imkerhof-salzburg\/\">23.2 BeeFit Teil 1 &#8211; Binder am Imkerhof<\/a><\/li>\n<li><a href=\"https:\/\/imker-aigen.at\/index.php\/event\/saisonauftakt-2025-spezialkurs-zu-den-betriebsweisen-in-der-imkerei-von-wanderimker-ralf-kolbe-tag-1\/\">1-2.3 Saisonauftakt 2025: Spezialkurs von Wanderimker Ralf Kolbe<\/a><\/li>\n<li><a href=\"https:\/\/imker-aigen.at\/index.php\/event\/stammtisch-4-maerz-2025\/\">4.3 Stammtisch<\/a><\/li>\n<li><a href=\"https:\/\/imker-aigen.at\/index.php\/event\/beefit-teil-2-binder-am-imkerhof-salzburg\/\">16.3 BeeFit Teil 2 &#8211; Binder am Imkerhof<\/a><\/li>\n<li><a href=\"https:\/\/imker-aigen.at\/index.php\/event\/landesimkertag-2\/\">30.3 Landesimkertag in Tamsweg<\/a><\/li>\n<\/ul>\n<p>Die Leser unserer Homepage freuen sich \u00fcber Berichte und Fotos von den diversen Veranstaltungen! Wer an diversen Veranstaltungen teilnimmt, bitte auch einen Bericht f\u00fcr unsere Homepage verfassen!<\/p>\n<h3><strong>Bitte des Obmanns<\/strong><\/h3>\n<ul>\n<li><strong>Gemeinschaft!<\/strong><br \/>\n&#8211; Beteiligt euch an der Vereinsarbeit!<br \/>\n&#8211; Helft euch gegenseitig!<br \/>\n&#8211; Habt viel Spa\u00df!<\/li>\n<li>Bleibt aktiv!<\/li>\n<li>Schaut auf euch und auf eure Bienen!<\/li>\n<li>Imkerei \u2013 Dran bleiben und nicht unterkriegen lassen!<\/li>\n<\/ul>\n<h3><strong>Diskussion, Allf\u00e4lliges, W\u00fcnsche, Beschwerden<\/strong><\/h3>\n<ul>\n<li>100 j\u00e4hriges Jubil\u00e4um der Imker-Ortsgruppe Maxglan<br \/>\n&#8211; <a href=\"https:\/\/imker-aigen.at\/index.php\/event\/salzburger-biofest-100-jahrfeier-der-imker-ortsgruppe-maxglan-2\/\">Fest im Rahmen des Salzburger Bio-Festes<\/a><br \/>\n&#8211; <a href=\"https:\/\/forms.service-portal.at\/imker-salzburg-infotafeln\/\">Info-Tafeln die im Stadtgebiet aufgestellt werden sollen<\/a><\/li>\n<\/ul>\n<\/div><\/section><br \/>\n<div  class='av-social-sharing-box av-4362z0-35b2710b73a5efe6c2a5d43f1eb5c8ad av-social-sharing-box-default  avia-builder-el-5  el_after_av_textblock  el_before_av_comments_list  av-social-sharing-box-fullwidth'><div class=\"av-share-box\"><h5 class='av-share-link-description av-no-toc '>Eintrag teilen<\/h5><ul class=\"av-share-box-list noLightbox\"><li class='av-share-link av-social-link-facebook avia_social_iconfont' ><a target=\"_blank\" aria-label=\"Teilen auf Facebook\" href='https:\/\/www.facebook.com\/sharer.php?u=https:\/\/imker-aigen.at\/index.php\/2025\/02\/04\/protokoll-der-jahreshauptversammlung-vom-3-2-2025\/&#038;t=Protokoll%20der%20Jahreshauptversammlung%20vom%203.2.2025' data-av_icon='\ue8f3' data-av_iconfont='entypo-fontello'  title='' data-avia-related-tooltip='Teilen auf Facebook'><span class='avia_hidden_link_text'>Teilen auf Facebook<\/span><\/a><\/li><li class='av-share-link av-social-link-twitter avia_social_iconfont' ><a target=\"_blank\" aria-label=\"Teilen auf X\" href='https:\/\/twitter.com\/share?text=Protokoll%20der%20Jahreshauptversammlung%20vom%203.2.2025&#038;url=https:\/\/imker-aigen.at\/?p=7340' data-av_icon='\ue932' data-av_iconfont='entypo-fontello'  title='' data-avia-related-tooltip='Teilen auf X'><span class='avia_hidden_link_text'>Teilen auf X<\/span><\/a><\/li><li class='av-share-link av-social-link-whatsapp avia_social_iconfont' ><a target=\"_blank\" aria-label=\"Teilen auf WhatsApp\" href='https:\/\/api.whatsapp.com\/send?text=https:\/\/imker-aigen.at\/index.php\/2025\/02\/04\/protokoll-der-jahreshauptversammlung-vom-3-2-2025\/' data-av_icon='\uf232' data-av_iconfont='entypo-fontello'  title='' data-avia-related-tooltip='Teilen auf WhatsApp'><span class='avia_hidden_link_text'>Teilen auf WhatsApp<\/span><\/a><\/li><li class='av-share-link av-social-link-pinterest avia_social_iconfont' ><a target=\"_blank\" aria-label=\"Teilen auf Pinterest\" href='https:\/\/pinterest.com\/pin\/create\/button\/?url=https%3A%2F%2Fimker-aigen.at%2Findex.php%2F2025%2F02%2F04%2Fprotokoll-der-jahreshauptversammlung-vom-3-2-2025%2F&#038;description=Protokoll%20der%20Jahreshauptversammlung%20vom%203.2.2025&#038;media=https%3A%2F%2Fimker-aigen.at%2Fwp-content%2Fuploads%2F2025%2F02%2F10Gebote.jpg' data-av_icon='\ue8f8' data-av_iconfont='entypo-fontello'  title='' data-avia-related-tooltip='Teilen auf Pinterest'><span class='avia_hidden_link_text'>Teilen auf Pinterest<\/span><\/a><\/li><li class='av-share-link av-social-link-linkedin avia_social_iconfont' ><a target=\"_blank\" aria-label=\"Teilen auf LinkedIn\" href='https:\/\/linkedin.com\/shareArticle?mini=true&#038;title=Protokoll%20der%20Jahreshauptversammlung%20vom%203.2.2025&#038;url=https:\/\/imker-aigen.at\/index.php\/2025\/02\/04\/protokoll-der-jahreshauptversammlung-vom-3-2-2025\/' data-av_icon='\ue8fc' data-av_iconfont='entypo-fontello'  title='' data-avia-related-tooltip='Teilen auf LinkedIn'><span class='avia_hidden_link_text'>Teilen auf LinkedIn<\/span><\/a><\/li><li class='av-share-link av-social-link-reddit avia_social_iconfont' ><a target=\"_blank\" aria-label=\"Teilen auf Reddit\" href='https:\/\/reddit.com\/submit?url=https:\/\/imker-aigen.at\/index.php\/2025\/02\/04\/protokoll-der-jahreshauptversammlung-vom-3-2-2025\/&#038;title=Protokoll%20der%20Jahreshauptversammlung%20vom%203.2.2025' data-av_icon='\ue927' data-av_iconfont='entypo-fontello'  title='' data-avia-related-tooltip='Teilen auf Reddit'><span class='avia_hidden_link_text'>Teilen auf Reddit<\/span><\/a><\/li><li class='av-share-link av-social-link-mail avia_social_iconfont' ><a  aria-label=\"Per E-Mail teilen\" href='mailto:?subject=Protokoll%20der%20Jahreshauptversammlung%20vom%203.2.2025&#038;body=https:\/\/imker-aigen.at\/index.php\/2025\/02\/04\/protokoll-der-jahreshauptversammlung-vom-3-2-2025\/' data-av_icon='\ue805' data-av_iconfont='entypo-fontello'  title='' data-avia-related-tooltip='Per E-Mail teilen'><span class='avia_hidden_link_text'>Per E-Mail teilen<\/span><\/a><\/li><\/ul><\/div><\/div><br \/>\n<div  class='av-buildercomment av-2ytyqk-cf2abeb589b709b27bfc53d6742aec08'><\/div><\/p><\/div>\n","protected":false},"excerpt":{"rendered":"","protected":false},"author":1,"featured_media":7382,"comment_status":"open","ping_status":"closed","sticky":false,"template":"","format":"standard","meta":{"footnotes":""},"categories":[18,2],"tags":[341,339,340,342,345,41,346,344,343],"class_list":["post-7340","post","type-post","status-publish","format-standard","has-post-thumbnail","hentry","category-alte-veranstaltungen","category-news","tag-afb","tag-bienenkrankheiten","tag-efb","tag-faulbrut","tag-generalversammlung","tag-jahreshauptversammlung","tag-kassapruefung","tag-totenschein","tag-winkler"],"yoast_head":"<!-- This site is optimized with the Yoast SEO plugin v27.4 - https:\/\/yoast.com\/product\/yoast-seo-wordpress\/ -->\n<title>Protokoll der Jahreshauptversammlung vom 3.2.2025 - Imker Ortsgruppe Salzburg Aigen<\/title>\n<meta name=\"description\" content=\"Protokoll der Jahreshauptversammlung des Imkervereins Salzburg Aigen am 3.2.2025\" \/>\n<meta name=\"robots\" content=\"index, follow, max-snippet:-1, max-image-preview:large, max-video-preview:-1\" \/>\n<link rel=\"canonical\" href=\"https:\/\/imker-aigen.at\/index.php\/2025\/02\/04\/protokoll-der-jahreshauptversammlung-vom-3-2-2025\/\" \/>\n<meta property=\"og:locale\" content=\"de_DE\" \/>\n<meta property=\"og:type\" content=\"article\" \/>\n<meta property=\"og:title\" content=\"Protokoll der Jahreshauptversammlung vom 3.2.2025 - Imker Ortsgruppe Salzburg Aigen\" \/>\n<meta property=\"og:description\" content=\"Protokoll der Jahreshauptversammlung des Imkervereins Salzburg Aigen am 3.2.2025\" \/>\n<meta property=\"og:url\" content=\"https:\/\/imker-aigen.at\/index.php\/2025\/02\/04\/protokoll-der-jahreshauptversammlung-vom-3-2-2025\/\" \/>\n<meta property=\"og:site_name\" content=\"Imker Ortsgruppe Salzburg Aigen\" \/>\n<meta property=\"article:published_time\" content=\"2025-02-04T13:56:54+00:00\" \/>\n<meta property=\"article:modified_time\" content=\"2025-02-14T16:33:58+00:00\" \/>\n<meta property=\"og:image\" content=\"https:\/\/imker-aigen.at\/wp-content\/uploads\/2025\/02\/10Gebote.jpg\" \/>\n\t<meta property=\"og:image:width\" content=\"400\" \/>\n\t<meta property=\"og:image:height\" content=\"400\" \/>\n\t<meta property=\"og:image:type\" content=\"image\/jpeg\" \/>\n<meta name=\"author\" content=\"admin\" \/>\n<meta name=\"twitter:card\" content=\"summary_large_image\" \/>\n<meta name=\"twitter:label1\" content=\"Verfasst von\" \/>\n\t<meta name=\"twitter:data1\" content=\"admin\" \/>\n\t<meta name=\"twitter:label2\" content=\"Gesch\u00e4tzte Lesezeit\" \/>\n\t<meta name=\"twitter:data2\" content=\"11\u00a0Minuten\" \/>\n<script type=\"application\/ld+json\" class=\"yoast-schema-graph\">{\"@context\":\"https:\\\/\\\/schema.org\",\"@graph\":[{\"@type\":\"Article\",\"@id\":\"https:\\\/\\\/imker-aigen.at\\\/index.php\\\/2025\\\/02\\\/04\\\/protokoll-der-jahreshauptversammlung-vom-3-2-2025\\\/#article\",\"isPartOf\":{\"@id\":\"https:\\\/\\\/imker-aigen.at\\\/index.php\\\/2025\\\/02\\\/04\\\/protokoll-der-jahreshauptversammlung-vom-3-2-2025\\\/\"},\"author\":{\"name\":\"admin\",\"@id\":\"https:\\\/\\\/imker-aigen.at\\\/#\\\/schema\\\/person\\\/d7d0c3a8ef6f051d450781218ac83077\"},\"headline\":\"Protokoll der Jahreshauptversammlung vom 3.2.2025\",\"datePublished\":\"2025-02-04T13:56:54+00:00\",\"dateModified\":\"2025-02-14T16:33:58+00:00\",\"mainEntityOfPage\":{\"@id\":\"https:\\\/\\\/imker-aigen.at\\\/index.php\\\/2025\\\/02\\\/04\\\/protokoll-der-jahreshauptversammlung-vom-3-2-2025\\\/\"},\"wordCount\":2660,\"commentCount\":0,\"publisher\":{\"@id\":\"https:\\\/\\\/imker-aigen.at\\\/#organization\"},\"image\":{\"@id\":\"https:\\\/\\\/imker-aigen.at\\\/index.php\\\/2025\\\/02\\\/04\\\/protokoll-der-jahreshauptversammlung-vom-3-2-2025\\\/#primaryimage\"},\"thumbnailUrl\":\"https:\\\/\\\/imker-aigen.at\\\/wp-content\\\/uploads\\\/2025\\\/02\\\/10Gebote.jpg\",\"keywords\":[\"AFB\",\"Bienenkrankheiten\",\"EFB\",\"Faulbrut\",\"Generalversammlung\",\"Jahreshauptversammlung\",\"Kassapr\u00fcfung\",\"Totenschein\",\"Winkler\"],\"articleSection\":[\"Alte Veranstaltungen\",\"News\"],\"inLanguage\":\"de\",\"potentialAction\":[{\"@type\":\"CommentAction\",\"name\":\"Comment\",\"target\":[\"https:\\\/\\\/imker-aigen.at\\\/index.php\\\/2025\\\/02\\\/04\\\/protokoll-der-jahreshauptversammlung-vom-3-2-2025\\\/#respond\"]}]},{\"@type\":\"WebPage\",\"@id\":\"https:\\\/\\\/imker-aigen.at\\\/index.php\\\/2025\\\/02\\\/04\\\/protokoll-der-jahreshauptversammlung-vom-3-2-2025\\\/\",\"url\":\"https:\\\/\\\/imker-aigen.at\\\/index.php\\\/2025\\\/02\\\/04\\\/protokoll-der-jahreshauptversammlung-vom-3-2-2025\\\/\",\"name\":\"Protokoll der Jahreshauptversammlung vom 3.2.2025 - Imker Ortsgruppe Salzburg Aigen\",\"isPartOf\":{\"@id\":\"https:\\\/\\\/imker-aigen.at\\\/#website\"},\"primaryImageOfPage\":{\"@id\":\"https:\\\/\\\/imker-aigen.at\\\/index.php\\\/2025\\\/02\\\/04\\\/protokoll-der-jahreshauptversammlung-vom-3-2-2025\\\/#primaryimage\"},\"image\":{\"@id\":\"https:\\\/\\\/imker-aigen.at\\\/index.php\\\/2025\\\/02\\\/04\\\/protokoll-der-jahreshauptversammlung-vom-3-2-2025\\\/#primaryimage\"},\"thumbnailUrl\":\"https:\\\/\\\/imker-aigen.at\\\/wp-content\\\/uploads\\\/2025\\\/02\\\/10Gebote.jpg\",\"datePublished\":\"2025-02-04T13:56:54+00:00\",\"dateModified\":\"2025-02-14T16:33:58+00:00\",\"description\":\"Protokoll der Jahreshauptversammlung des Imkervereins Salzburg Aigen am 3.2.2025\",\"breadcrumb\":{\"@id\":\"https:\\\/\\\/imker-aigen.at\\\/index.php\\\/2025\\\/02\\\/04\\\/protokoll-der-jahreshauptversammlung-vom-3-2-2025\\\/#breadcrumb\"},\"inLanguage\":\"de\",\"potentialAction\":[{\"@type\":\"ReadAction\",\"target\":[\"https:\\\/\\\/imker-aigen.at\\\/index.php\\\/2025\\\/02\\\/04\\\/protokoll-der-jahreshauptversammlung-vom-3-2-2025\\\/\"]}]},{\"@type\":\"ImageObject\",\"inLanguage\":\"de\",\"@id\":\"https:\\\/\\\/imker-aigen.at\\\/index.php\\\/2025\\\/02\\\/04\\\/protokoll-der-jahreshauptversammlung-vom-3-2-2025\\\/#primaryimage\",\"url\":\"https:\\\/\\\/imker-aigen.at\\\/wp-content\\\/uploads\\\/2025\\\/02\\\/10Gebote.jpg\",\"contentUrl\":\"https:\\\/\\\/imker-aigen.at\\\/wp-content\\\/uploads\\\/2025\\\/02\\\/10Gebote.jpg\",\"width\":400,\"height\":400},{\"@type\":\"BreadcrumbList\",\"@id\":\"https:\\\/\\\/imker-aigen.at\\\/index.php\\\/2025\\\/02\\\/04\\\/protokoll-der-jahreshauptversammlung-vom-3-2-2025\\\/#breadcrumb\",\"itemListElement\":[{\"@type\":\"ListItem\",\"position\":1,\"name\":\"Startseite\",\"item\":\"https:\\\/\\\/imker-aigen.at\\\/index.php\\\/home\\\/\"},{\"@type\":\"ListItem\",\"position\":2,\"name\":\"Protokoll der Jahreshauptversammlung vom 3.2.2025\"}]},{\"@type\":\"WebSite\",\"@id\":\"https:\\\/\\\/imker-aigen.at\\\/#website\",\"url\":\"https:\\\/\\\/imker-aigen.at\\\/\",\"name\":\"Imker Ortsgruppe Salzburg Aigen\",\"description\":\"Homepage der Imker-Ortsgruppe Salzburg Aigen\",\"publisher\":{\"@id\":\"https:\\\/\\\/imker-aigen.at\\\/#organization\"},\"potentialAction\":[{\"@type\":\"SearchAction\",\"target\":{\"@type\":\"EntryPoint\",\"urlTemplate\":\"https:\\\/\\\/imker-aigen.at\\\/?s={search_term_string}\"},\"query-input\":{\"@type\":\"PropertyValueSpecification\",\"valueRequired\":true,\"valueName\":\"search_term_string\"}}],\"inLanguage\":\"de\"},{\"@type\":\"Organization\",\"@id\":\"https:\\\/\\\/imker-aigen.at\\\/#organization\",\"name\":\"Imker Ortsgruppe Salzburg Aigen\",\"url\":\"https:\\\/\\\/imker-aigen.at\\\/\",\"logo\":{\"@type\":\"ImageObject\",\"inLanguage\":\"de\",\"@id\":\"https:\\\/\\\/imker-aigen.at\\\/#\\\/schema\\\/logo\\\/image\\\/\",\"url\":\"https:\\\/\\\/imker-aigen.at\\\/wp-content\\\/uploads\\\/2022\\\/08\\\/logo-1.png\",\"contentUrl\":\"https:\\\/\\\/imker-aigen.at\\\/wp-content\\\/uploads\\\/2022\\\/08\\\/logo-1.png\",\"width\":392,\"height\":156,\"caption\":\"Imker Ortsgruppe Salzburg Aigen\"},\"image\":{\"@id\":\"https:\\\/\\\/imker-aigen.at\\\/#\\\/schema\\\/logo\\\/image\\\/\"}},{\"@type\":\"Person\",\"@id\":\"https:\\\/\\\/imker-aigen.at\\\/#\\\/schema\\\/person\\\/d7d0c3a8ef6f051d450781218ac83077\",\"name\":\"admin\",\"image\":{\"@type\":\"ImageObject\",\"inLanguage\":\"de\",\"@id\":\"https:\\\/\\\/secure.gravatar.com\\\/avatar\\\/925a7e918efd3cfdae29be9c0018a3ae3275cd0444a6e166241172bb6e5243c7?s=96&d=mm&r=g\",\"url\":\"https:\\\/\\\/secure.gravatar.com\\\/avatar\\\/925a7e918efd3cfdae29be9c0018a3ae3275cd0444a6e166241172bb6e5243c7?s=96&d=mm&r=g\",\"contentUrl\":\"https:\\\/\\\/secure.gravatar.com\\\/avatar\\\/925a7e918efd3cfdae29be9c0018a3ae3275cd0444a6e166241172bb6e5243c7?s=96&d=mm&r=g\",\"caption\":\"admin\"},\"sameAs\":[\"https:\\\/\\\/imker-aigen.at\",\"linkedin.com\\\/in\\\/bernd-meierhofer-5919b62\"],\"url\":\"https:\\\/\\\/imker-aigen.at\\\/index.php\\\/author\\\/bmeierhofer\\\/\"}]}<\/script>\n<!-- \/ Yoast SEO plugin. -->","yoast_head_json":{"title":"Protokoll der Jahreshauptversammlung vom 3.2.2025 - Imker Ortsgruppe Salzburg Aigen","description":"Protokoll der Jahreshauptversammlung des Imkervereins Salzburg Aigen am 3.2.2025","robots":{"index":"index","follow":"follow","max-snippet":"max-snippet:-1","max-image-preview":"max-image-preview:large","max-video-preview":"max-video-preview:-1"},"canonical":"https:\/\/imker-aigen.at\/index.php\/2025\/02\/04\/protokoll-der-jahreshauptversammlung-vom-3-2-2025\/","og_locale":"de_DE","og_type":"article","og_title":"Protokoll der Jahreshauptversammlung vom 3.2.2025 - Imker Ortsgruppe Salzburg Aigen","og_description":"Protokoll der Jahreshauptversammlung des Imkervereins Salzburg Aigen am 3.2.2025","og_url":"https:\/\/imker-aigen.at\/index.php\/2025\/02\/04\/protokoll-der-jahreshauptversammlung-vom-3-2-2025\/","og_site_name":"Imker Ortsgruppe Salzburg Aigen","article_published_time":"2025-02-04T13:56:54+00:00","article_modified_time":"2025-02-14T16:33:58+00:00","og_image":[{"width":400,"height":400,"url":"https:\/\/imker-aigen.at\/wp-content\/uploads\/2025\/02\/10Gebote.jpg","type":"image\/jpeg"}],"author":"admin","twitter_card":"summary_large_image","twitter_misc":{"Verfasst von":"admin","Gesch\u00e4tzte Lesezeit":"11\u00a0Minuten"},"schema":{"@context":"https:\/\/schema.org","@graph":[{"@type":"Article","@id":"https:\/\/imker-aigen.at\/index.php\/2025\/02\/04\/protokoll-der-jahreshauptversammlung-vom-3-2-2025\/#article","isPartOf":{"@id":"https:\/\/imker-aigen.at\/index.php\/2025\/02\/04\/protokoll-der-jahreshauptversammlung-vom-3-2-2025\/"},"author":{"name":"admin","@id":"https:\/\/imker-aigen.at\/#\/schema\/person\/d7d0c3a8ef6f051d450781218ac83077"},"headline":"Protokoll der Jahreshauptversammlung vom 3.2.2025","datePublished":"2025-02-04T13:56:54+00:00","dateModified":"2025-02-14T16:33:58+00:00","mainEntityOfPage":{"@id":"https:\/\/imker-aigen.at\/index.php\/2025\/02\/04\/protokoll-der-jahreshauptversammlung-vom-3-2-2025\/"},"wordCount":2660,"commentCount":0,"publisher":{"@id":"https:\/\/imker-aigen.at\/#organization"},"image":{"@id":"https:\/\/imker-aigen.at\/index.php\/2025\/02\/04\/protokoll-der-jahreshauptversammlung-vom-3-2-2025\/#primaryimage"},"thumbnailUrl":"https:\/\/imker-aigen.at\/wp-content\/uploads\/2025\/02\/10Gebote.jpg","keywords":["AFB","Bienenkrankheiten","EFB","Faulbrut","Generalversammlung","Jahreshauptversammlung","Kassapr\u00fcfung","Totenschein","Winkler"],"articleSection":["Alte Veranstaltungen","News"],"inLanguage":"de","potentialAction":[{"@type":"CommentAction","name":"Comment","target":["https:\/\/imker-aigen.at\/index.php\/2025\/02\/04\/protokoll-der-jahreshauptversammlung-vom-3-2-2025\/#respond"]}]},{"@type":"WebPage","@id":"https:\/\/imker-aigen.at\/index.php\/2025\/02\/04\/protokoll-der-jahreshauptversammlung-vom-3-2-2025\/","url":"https:\/\/imker-aigen.at\/index.php\/2025\/02\/04\/protokoll-der-jahreshauptversammlung-vom-3-2-2025\/","name":"Protokoll der Jahreshauptversammlung vom 3.2.2025 - Imker Ortsgruppe Salzburg Aigen","isPartOf":{"@id":"https:\/\/imker-aigen.at\/#website"},"primaryImageOfPage":{"@id":"https:\/\/imker-aigen.at\/index.php\/2025\/02\/04\/protokoll-der-jahreshauptversammlung-vom-3-2-2025\/#primaryimage"},"image":{"@id":"https:\/\/imker-aigen.at\/index.php\/2025\/02\/04\/protokoll-der-jahreshauptversammlung-vom-3-2-2025\/#primaryimage"},"thumbnailUrl":"https:\/\/imker-aigen.at\/wp-content\/uploads\/2025\/02\/10Gebote.jpg","datePublished":"2025-02-04T13:56:54+00:00","dateModified":"2025-02-14T16:33:58+00:00","description":"Protokoll der Jahreshauptversammlung des Imkervereins Salzburg Aigen am 3.2.2025","breadcrumb":{"@id":"https:\/\/imker-aigen.at\/index.php\/2025\/02\/04\/protokoll-der-jahreshauptversammlung-vom-3-2-2025\/#breadcrumb"},"inLanguage":"de","potentialAction":[{"@type":"ReadAction","target":["https:\/\/imker-aigen.at\/index.php\/2025\/02\/04\/protokoll-der-jahreshauptversammlung-vom-3-2-2025\/"]}]},{"@type":"ImageObject","inLanguage":"de","@id":"https:\/\/imker-aigen.at\/index.php\/2025\/02\/04\/protokoll-der-jahreshauptversammlung-vom-3-2-2025\/#primaryimage","url":"https:\/\/imker-aigen.at\/wp-content\/uploads\/2025\/02\/10Gebote.jpg","contentUrl":"https:\/\/imker-aigen.at\/wp-content\/uploads\/2025\/02\/10Gebote.jpg","width":400,"height":400},{"@type":"BreadcrumbList","@id":"https:\/\/imker-aigen.at\/index.php\/2025\/02\/04\/protokoll-der-jahreshauptversammlung-vom-3-2-2025\/#breadcrumb","itemListElement":[{"@type":"ListItem","position":1,"name":"Startseite","item":"https:\/\/imker-aigen.at\/index.php\/home\/"},{"@type":"ListItem","position":2,"name":"Protokoll der Jahreshauptversammlung vom 3.2.2025"}]},{"@type":"WebSite","@id":"https:\/\/imker-aigen.at\/#website","url":"https:\/\/imker-aigen.at\/","name":"Imker Ortsgruppe Salzburg Aigen","description":"Homepage der Imker-Ortsgruppe Salzburg Aigen","publisher":{"@id":"https:\/\/imker-aigen.at\/#organization"},"potentialAction":[{"@type":"SearchAction","target":{"@type":"EntryPoint","urlTemplate":"https:\/\/imker-aigen.at\/?s={search_term_string}"},"query-input":{"@type":"PropertyValueSpecification","valueRequired":true,"valueName":"search_term_string"}}],"inLanguage":"de"},{"@type":"Organization","@id":"https:\/\/imker-aigen.at\/#organization","name":"Imker Ortsgruppe Salzburg Aigen","url":"https:\/\/imker-aigen.at\/","logo":{"@type":"ImageObject","inLanguage":"de","@id":"https:\/\/imker-aigen.at\/#\/schema\/logo\/image\/","url":"https:\/\/imker-aigen.at\/wp-content\/uploads\/2022\/08\/logo-1.png","contentUrl":"https:\/\/imker-aigen.at\/wp-content\/uploads\/2022\/08\/logo-1.png","width":392,"height":156,"caption":"Imker Ortsgruppe Salzburg Aigen"},"image":{"@id":"https:\/\/imker-aigen.at\/#\/schema\/logo\/image\/"}},{"@type":"Person","@id":"https:\/\/imker-aigen.at\/#\/schema\/person\/d7d0c3a8ef6f051d450781218ac83077","name":"admin","image":{"@type":"ImageObject","inLanguage":"de","@id":"https:\/\/secure.gravatar.com\/avatar\/925a7e918efd3cfdae29be9c0018a3ae3275cd0444a6e166241172bb6e5243c7?s=96&d=mm&r=g","url":"https:\/\/secure.gravatar.com\/avatar\/925a7e918efd3cfdae29be9c0018a3ae3275cd0444a6e166241172bb6e5243c7?s=96&d=mm&r=g","contentUrl":"https:\/\/secure.gravatar.com\/avatar\/925a7e918efd3cfdae29be9c0018a3ae3275cd0444a6e166241172bb6e5243c7?s=96&d=mm&r=g","caption":"admin"},"sameAs":["https:\/\/imker-aigen.at","linkedin.com\/in\/bernd-meierhofer-5919b62"],"url":"https:\/\/imker-aigen.at\/index.php\/author\/bmeierhofer\/"}]}},"_links":{"self":[{"href":"https:\/\/imker-aigen.at\/index.php\/wp-json\/wp\/v2\/posts\/7340","targetHints":{"allow":["GET"]}}],"collection":[{"href":"https:\/\/imker-aigen.at\/index.php\/wp-json\/wp\/v2\/posts"}],"about":[{"href":"https:\/\/imker-aigen.at\/index.php\/wp-json\/wp\/v2\/types\/post"}],"author":[{"embeddable":true,"href":"https:\/\/imker-aigen.at\/index.php\/wp-json\/wp\/v2\/users\/1"}],"replies":[{"embeddable":true,"href":"https:\/\/imker-aigen.at\/index.php\/wp-json\/wp\/v2\/comments?post=7340"}],"version-history":[{"count":40,"href":"https:\/\/imker-aigen.at\/index.php\/wp-json\/wp\/v2\/posts\/7340\/revisions"}],"predecessor-version":[{"id":7436,"href":"https:\/\/imker-aigen.at\/index.php\/wp-json\/wp\/v2\/posts\/7340\/revisions\/7436"}],"wp:featuredmedia":[{"embeddable":true,"href":"https:\/\/imker-aigen.at\/index.php\/wp-json\/wp\/v2\/media\/7382"}],"wp:attachment":[{"href":"https:\/\/imker-aigen.at\/index.php\/wp-json\/wp\/v2\/media?parent=7340"}],"wp:term":[{"taxonomy":"category","embeddable":true,"href":"https:\/\/imker-aigen.at\/index.php\/wp-json\/wp\/v2\/categories?post=7340"},{"taxonomy":"post_tag","embeddable":true,"href":"https:\/\/imker-aigen.at\/index.php\/wp-json\/wp\/v2\/tags?post=7340"}],"curies":[{"name":"wp","href":"https:\/\/api.w.org\/{rel}","templated":true}]}}