{"id":7509,"date":"2025-03-04T19:00:51","date_gmt":"2025-03-04T18:00:51","guid":{"rendered":"https:\/\/imker-aigen.at\/?p=7509"},"modified":"2025-03-06T12:36:26","modified_gmt":"2025-03-06T11:36:26","slug":"protokoll-vom-stammtisch-am-4-3-2025","status":"publish","type":"post","link":"https:\/\/imker-aigen.at\/index.php\/2025\/03\/04\/protokoll-vom-stammtisch-am-4-3-2025\/","title":{"rendered":"Protokoll vom Stammtisch am 4.3.2025"},"content":{"rendered":"<div  class='flex_column av-vdx39-9550091bea8d73ba5f6700fc93f6787c av_one_full  avia-builder-el-0  avia-builder-el-no-sibling  first flex_column_div  '     ><p>\n<style type=\"text\/css\" data-created_by=\"avia_inline_auto\" id=\"style-css-av-74z9x1-8859533962029b6e85ff9c3818b69f90\">\n#top .av-special-heading.av-74z9x1-8859533962029b6e85ff9c3818b69f90{\npadding-bottom:10px;\n}\nbody .av-special-heading.av-74z9x1-8859533962029b6e85ff9c3818b69f90 .av-special-heading-tag .heading-char{\nfont-size:25px;\n}\n.av-special-heading.av-74z9x1-8859533962029b6e85ff9c3818b69f90 .av-subheading{\nfont-size:15px;\n}\n<\/style>\n<div  class='av-special-heading av-74z9x1-8859533962029b6e85ff9c3818b69f90 av-special-heading-h3 blockquote modern-quote modern-centered  avia-builder-el-1  el_before_av_hr  avia-builder-el-first '><h3 class='av-special-heading-tag '  itemprop=\"headline\"  >Protokoll vom Stammtisch am 4.3.2025<\/h3><div class=\"special-heading-border\"><div class=\"special-heading-inner-border\"><\/div><\/div><\/div><br \/>\n\n<style type=\"text\/css\" data-created_by=\"avia_inline_auto\" id=\"style-css-av-m7wenk2o-61cd6c7a046e5f3e8f67e3d21e1ea39f\">\n#top .hr.av-m7wenk2o-61cd6c7a046e5f3e8f67e3d21e1ea39f{\nmargin-top:30px;\nmargin-bottom:30px;\n}\n.hr.av-m7wenk2o-61cd6c7a046e5f3e8f67e3d21e1ea39f .hr-inner{\nwidth:50px;\nmax-width:45%;\n}\n<\/style>\n<div  class='hr av-m7wenk2o-61cd6c7a046e5f3e8f67e3d21e1ea39f hr-custom  avia-builder-el-2  el_after_av_heading  el_before_av_textblock  hr-center hr-icon-yes'><span class='hr-inner inner-border-av-border-thin'><span class=\"hr-inner-style\"><\/span><\/span><span class='av-seperator-icon avia-svg-icon avia-font-svg_entypo-fontello' data-av_svg_icon='dot-3' data-av_iconset='svg_entypo-fontello'><svg version=\"1.1\" xmlns=\"http:\/\/www.w3.org\/2000\/svg\" width=\"29\" height=\"32\" viewBox=\"0 0 29 32\" preserveAspectRatio=\"xMidYMid meet\" aria-labelledby='av-svg-title-1' aria-describedby='av-svg-desc-1' role=\"graphics-symbol\">\n<title id='av-svg-title-1'>Dot-3<\/title>\n<desc id='av-svg-desc-1'>Dot-3<\/desc>\n<path d=\"M3.52 12.48q1.472 0 2.496 1.024t1.024 2.496q0 1.408-1.024 2.464t-2.496 1.056-2.496-1.056-1.024-2.464q0-1.472 1.024-2.496t2.496-1.024zM14.72 12.48q1.472 0 2.496 1.024t1.024 2.496q0 1.408-1.056 2.464t-2.464 1.056-2.464-1.056-1.056-2.464q0-1.472 1.024-2.496t2.496-1.024zM25.92 12.48q1.472 0 2.496 1.024t1.024 2.496q0 1.408-1.024 2.464t-2.496 1.056-2.496-1.056-1.024-2.464q0-1.472 1.024-2.496t2.496-1.024z\"><\/path>\n<\/svg><\/span><span class='hr-inner inner-border-av-border-thin'><span class=\"hr-inner-style\"><\/span><\/span><\/div><br \/>\n<section  class='av_textblock_section av-5hhuv9-137d196a78577c8d9198d2d3bd885962 '   itemscope=\"itemscope\" itemtype=\"https:\/\/schema.org\/BlogPosting\" itemprop=\"blogPost\" ><div class='avia_textblock'  itemprop=\"text\" ><p>Ort: <a href=\"http:\/\/www.pliemgut.at\/\">Gasthaus Pliemgut<\/a><br \/>\nBeginn: 19:15 Uhr<br \/>\nProtokollf\u00fchrerin: Adelheid Speyer<\/p>\n<h3>Begr\u00fc\u00dfung<\/h3>\n<p>Der Stammtisch war gut besucht, obwohl Faschingsdienstag war. Einige Teilnehmer erschienen sogar leicht maskiert. Neben Imkerkollegen vom Imkerverein Salzburg Maxglan ist auch wieder der Onkel von Fadi aus Syrien zu unserem Stammtisch gekommen.<\/p>\n<h3>Neuigkeiten<\/h3>\n<ul>\n<li><strong>Alte Termine<\/strong><br \/>\n&#8211; <a href=\"https:\/\/imker-aigen.at\/index.php\/event\/gauversammlung-flachgau-3\/\">8.2. Gauversammlung Flachgau<\/a><br \/>\n&#8211;<a href=\"https:\/\/imker-aigen.at\/index.php\/event\/jahreshauptversammlung-des-imkervereins-seekirchen-2\/\"> 8.2. Jahreshauptversammlung des Imkervereins Seekirchen<\/a><br \/>\n<a href=\"https:\/\/imker-aigen.at\/index.php\/event\/zoom-netzwerktreffen-schwerpunkt-bienengesundheit-chronisches-bienenparalysevirus\/\">&#8211; 12.2 Zoom Meeting: Schwerpunkt Bienengesundheit \u2013 Chronisches Bienenparalysevirus<\/a><br \/>\nHier gibt es eine R\u00fcckmeldung zu unserem Bericht von einem Imker aus K\u00e4rnten. Er setzt im Fr\u00fchjahr Milchs\u00e4ure ein um damit auch Viren\/Bakterien im Bienenstock abzut\u00f6ten. Wie dieses Verfahren genau abl\u00e4uft, muss noch bei ihm erfragt werden. Einige Imker vermuten bereits, dass durch den Wechsel von der Ameisens\u00e4urebehandlung auf die schonendere Oxals\u00e4ure-Verdampfung die Bienenviren nun wieder im Vormarsch sind.<br \/>\n&#8211;<a href=\"https:\/\/imker-aigen.at\/index.php\/event\/erwerbsimker-fachtagung-2025-14-16-2-2025-messe-wels\/\">14.16.2 Erwerbsimker-Messe Wels<\/a><br \/>\n&#8211;<a href=\"https:\/\/imker-aigen.at\/index.php\/event\/beefit-teil-1-binder-am-imkerhof-salzburg\/\"> 23.2 BeeFit Teil 1<\/a><br \/>\n&#8211; <a href=\"https:\/\/imker-aigen.at\/index.php\/event\/neueinsteigerkurs-imkerei-flachgau-teil-1\/\">28.2 Neueinsteigerkurs Flachgau \u2013 Teil 1<\/a><br \/>\n&#8211; <a href=\"https:\/\/imker-aigen.at\/index.php\/event\/saisonauftakt-2025-spezialkurs-zu-den-betriebsweisen-in-der-imkerei-von-wanderimker-ralf-kolbe-tag-1\/\">1-2.3 Saisonauftakt 2025 \u2013 Wanderimker Ralf Kolbe<\/a><br \/>\nEs wird in K\u00fcrze einen Bericht von Elisabeth Karl \u00fcber den Saisonauftakt auf unserer Homepage geben<\/li>\n<li><strong>\u00c4nderungen bei den Vereinsmitgliedern<br \/>\n<\/strong>Wir haben 4 neue Vereinsmitglieder. Herzlich Willkommen im Imkerverein Salzburg Aigen!<br \/>\nneuer H\u00f6chststand: 77 Mitglieder, 445 Bienenv\u00f6lker, f\u00fcnfstelliger H\u00f6chststand des Vereinskontos<\/li>\n<li><strong>Beitr\u00e4ge 2025<\/strong><br \/>\nAlle Vereinsmitglieder haben bezahlt, Zahlreiche Spenden. Die Zahlung an den Landesverband ist bereits erfolgt<\/li>\n<\/ul>\n<ul>\n<li><strong>Aktualisierung im Vereinsregister<\/strong> &#8211; Erledigt<br \/>\nRegistrierung von Bernd als &#8222;E-Government-Berechtigter&#8220; \u2013 Vereins\u00e4nderungen k\u00f6nnen nun online durchgef\u00fchrt werden<\/li>\n<li><strong>Flachgauer Gauobmann<\/strong><br \/>\nDer Flachgauer Gauobmann, Bernhard Grubm\u00fcller ist aus pers\u00f6nlichen Gr\u00fcnden zur\u00fcckgetreten. Wer neuer Gauobmann f\u00fcr den Flachgau wird, es noch nicht bekannt. Vermutlich wird nun der Gauobmann-Stellvertreter die Aufgaben von Bernhard \u00fcbernehmen.<\/li>\n<li><strong>Bestellung einer Info-Tafel anl\u00e4sslich der 100-Jahr-Feier der <a href=\"https:\/\/www.imker-maxglan.at\/\">Ortsgruppe Maxglan<\/a><\/strong><br \/>\nBestellung abgegeben aber noch keine R\u00fcckmeldung erhalten<\/li>\n<li><strong>Imker-Ortsgruppe Salzburg Stadt\/Umgebung alias Imker-Ortsgruppe Maxglan<br \/>\n<\/strong>Diesbez\u00fcglich soll es Gespr\u00e4che vom Landesverband mit der Ortsgruppe Maxglan geben, da Ortsgruppen-Bezeichnungen nicht irref\u00fchrend sein sollen<\/li>\n<li><strong>Zucht 2025<\/strong> (<a href=\"https:\/\/carnica-zuchtgruppe-salzburg.at\/\">Carnica Zuchtgruppe Salzburg<\/a>: <a href=\"https:\/\/carnica-zuchtgruppe-salzburg.at\/index.php\/event\/koeniginnenzuchtkurs\/\">Zuchtkurs am 17.5.2025<\/a>, Aktuelle Zuchtdaten und Belegstellentermine stehen bereits auf der Homepage der <a href=\"https:\/\/carnica-zuchtgruppe-salzburg.at\/\">Carnica Zuchtgruppe Salzburg<\/a>)<\/li>\n<li><strong>Nutzung unserer Vereinsh\u00fctte am Egelsee 2025<\/strong><br \/>\n&#8211; Vorstandsbeschluss: Probejahr mit Robert als H\u00fcttenwart, Adelheid und Johanna mit je 2 Bienenst\u00f6cken, 3 Bienenst\u00f6cke des Vereins (V\u00f6lker von Robert und Bernd)<br \/>\n&#8211; F\u00f6rderungsantr\u00e4ge f\u00fcr den Ankauf von zwei Stockwaagen wurden eingereicht<br \/>\n&#8211; AMA-Registrierung wurde durchgef\u00fchrt. Die AMA-F\u00f6rderung eignet sich aber nicht f\u00fcr den Ankauf von 3 Bienenbeuten<br \/>\n&#8211; 3 Bienenbeuten wurden bei <a href=\"https:\/\/bienen-janisch.at\">bienen Janisch<\/a> bestellt<br \/>\n&#8211; Um die H\u00fctte auch entsprechend zu versichern, wurde bereits ein <a href=\"https:\/\/imkerhof-salzburg.at\/wp-content\/uploads\/2025\/02\/Antrag-Zusatzversicherung-Imker_2024.pdf\">Versicherungsantrag<\/a> an den \u00d6IB gesendet (Versicherungssumme 10.000 \u20ac f\u00fcr 60 \u20ac \/ Jahr). Bisher gab es noch keine R\u00fcckmeldung vom \u00d6IB.<br \/>\n&#8211; Die Nutzung der Vereinsh\u00fctte kostet 15 \u20ac \/ Bienenstock \/ Jahr \u2013 Franzi hat den Beitrag (60 \u20ac) dieses Jahr f\u00fcr Johanna und Adelheid \u00fcbernommen. Der Betrag wurde bereits auf das Vereinskonto einbezahlt.<br \/>\n&#8211; Status der Wanderzeugnisse? Adelheid, Johanna, Robert und Bernd warten noch auf das Ergebnis der Faulbrutuntersuchung. Alle haben Futterkranzproben beim <a href=\"https:\/\/imkerhof-salzburg.at\/labor\/\">Labor des Imkerhofes<\/a> abgegeben<br \/>\nRobert wird in seiner Rolle als H\u00fcttenwart 2025 nun ein Erstgespr\u00e4ch mit Hrn. Herbst von der Forstverwaltung vereinbaren. Dies muss m\u00f6glichst bald erfolgen, damit die Bienenv\u00f6lker bald aufgestellt werden k\u00f6nnen.<\/li>\n<li><strong>Bestellung von Bienenv\u00f6lkern\/K\u00f6niginnen<\/strong><br \/>\nJosef Hutzinger hat noch ein paar Bienenv\u00f6lker zum Verkaufen. Bereits beim Stammtisch konnte Sepp die ersten Bestellungen aufnehmen und mit den K\u00e4ufern die weiteren \u00dcbergabemodalit\u00e4ten vereinbaren.<\/li>\n<li><strong>Neuer Vorstand 2026<br \/>\n<\/strong>Im Jahr 2026 wird unser Vorstand neu gew\u00e4hlt. Wer eine Funktion im Verein \u00fcbernehmen kann\/m\u00f6chte, sollte sich bitte bald melden, damit die Vereinsmitglieder auch die M\u00f6glichkeit haben, in die verschiedenen T\u00e4tigkeitsbereiche hineinzuschnuppern und wir nach der Neuwahl auch einen reibungslosen \u00dcbergang schaffen k\u00f6nnen.<\/li>\n<\/ul>\n<h3>Kommende Termine (siehe auch <a href=\"https:\/\/imker-aigen.at\/index.php\/events\/list\/\">Veranstaltungskalender<\/a>) bis zum n\u00e4chsten Stammtisch<\/h3>\n<ul>\n<li><a href=\"https:\/\/imker-aigen.at\/index.php\/event\/basiskurs-bienenpaedagogik-mit-rosi-fellner\/\">7.3 Basiskurs Bienenp\u00e4dagogik mit Rosi Fellner<\/a><\/li>\n<li><a href=\"https:\/\/imker-aigen.at\/index.php\/event\/kreisversammlung-der-imker-berchtesgadener-land-2025\/\">9.3 Kreisversammlung der Imker Berchtesgadener Land 2025<\/a><br \/>\nAuch bei der Kreisversammlung in H\u00f6glw\u00f6rth wird es, wie auch bei der Jahreshauptversammlung der <a href=\"https:\/\/carnica-zuchtgruppe-salzburg.at\/\">Carnica Zuchtgruppe Sazburg<\/a>, einen Vortrag von Dr. Beims geben. Es ist sehr erfreulich, dass wir hier immer von unseren Imkerkollegen in Bayern eingeladen werden.<\/li>\n<li><a href=\"https:\/\/imker-aigen.at\/index.php\/event\/stammtisch-der-salzburger-bio-imker\/\">13.3 Stammtisch der Salzburger Bio-Imker<\/a><\/li>\n<li><a href=\"https:\/\/imker-aigen.at\/index.php\/event\/beefit-teil-2-binder-am-imkerhof-salzburg\/\">16.3 Beefit Teil 2 \u2013 Binder am Imkerhof Salzburg<\/a><\/li>\n<\/ul>\n<ul>\n<li><a href=\"https:\/\/imker-aigen.at\/index.php\/event\/landesimkertag-2\/\">30.3 Landesimkertag<\/a><br \/>\nMind. zwei Vertreter unseres Vereins sollten am Landesimkertag in Tamsweg teilnehmen. Der Landesimkertag startet bereits um 08:00 Uhr. Wer teilnehmen m\u00f6chte, soll sich bitte melden! Wir werden dann Fahrgemeinschaften bilden.<br \/>\nBernd verteilt die Tagesordnung des Landesimkertages und ein Exemplar der neuen Statuten von Landesverband und Imker-Genossenschaft, welche beim Landesimkertag beschlossen werden sollen.<\/li>\n<\/ul>\n<ul>\n<li><a href=\"https:\/\/imker-aigen.at\/index.php\/event\/stammtisch-1-april-2025\/\">1.4 Stammtisch<\/a><\/li>\n<li><a href=\"https:\/\/carnica-zuchtgruppe-salzburg.at\/index.php\/event\/jahreshauptversammlung-3\/\">4.4 Jahreshauptversammlung der Carnica Zuchtgruppe Salzburg<\/a><br \/>\nVortrag von Dr. Hannes Beims (Leiter der Fachberatung f\u00fcr Imkerei in Oberbayern) zum Thema \u201eGenomische Untersuchung von Drohnenv\u00f6lkern auf Toleranzmerkmale\u201c<\/li>\n<\/ul>\n<h3>Diverses, Diskussion, Allf\u00e4lliges<\/h3>\n<ul>\n<li>Hilfe bei der Vereinsarbeit (Es gibt viel zu tun. Packen wir\u2019s an!)<br \/>\n&#8211; Zusammenarbeit mit dem Naturschutzbund<br \/>\n&#8211; Social Media<\/li>\n<li>Statuten\u00e4nderung<br \/>\nGemeinn\u00fctzigkeit des Vereins unterstreichen -&gt; Selbstlos<\/li>\n<li>Unsere Homepage<br \/>\nGeplant:<br \/>\n&#8211; Fotos von der Schwarmsaison<\/li>\n<\/ul>\n<ul>\n<li>Ausflug bzw. Standbesuch<br \/>\n&#8211; <a href=\"https:\/\/imker-aigen.at\/index.php\/event\/feldfuehrung-bei-brigitte-doerner\/\">1 Juli 2025: Besuch von Brigitte D\u00f6rner (wild-gewachsen.at)<\/a><br \/>\n&#8211;<a href=\"https:\/\/imker-aigen.at\/index.php\/event\/besuch-des-bienenstandes-von-josef-hutzinger-in-muntigl\/\"> 4 Juli 2025: Besuch des Bienenstands von Josef Hutzinger in Muntigl (Bergheim)<\/a> Wir treffen uns bei Sch\u00f6nwetter um 14:30 Uhr beim Bienenstand von Sepp.<\/li>\n<\/ul>\n<h3>Imkern im M\u00e4rz<\/h3>\n<ul>\n<li><strong>Imkern in Zeiten des Klimawandels<\/strong><br \/>\n&#8211; <strong>Futterkranzprobe<\/strong>: alle Imkerinnen und Imker die Wandern wollen\/m\u00fcssen, sollten bereits die Futterkranzprobe (Flachgau bis Ende Februar) abgegeben haben. Der Begriff des Wanderns\/des Heimbienenstandes ist im Salzburger Bienenwirtschaftsgesetz eindeutig geregelt.<br \/>\n&#8211; <strong>Futtervorr\u00e4te beachten<\/strong> \u2013 Notfalls P\u00e4ckchen mit Zuckerteig oben auflegen<br \/>\n&#8211; <strong>M\u00e4usegitter entfernen<\/strong><br \/>\n&#8211; <strong>Fr\u00fchjahrsrevision<\/strong> bei g\u00fcnstigen Wetterbedingungen durchf\u00fchren. Vorzugsweise Mitte oder Ende M\u00e4rz<br \/>\n&#8211; <strong>Wassertr\u00e4nke aufstellen<\/strong><br \/>\nDieses Jahr gab es im Februar 87% weniger Neuschnee. So ein trockener Februar kommt statistisch alle 5-7 Jahre vor. Falls dann auch noch mit Futterteig gef\u00fcttert werden muss, kann man die Bienen mit einer naheliegenden Wassertr\u00e4nke gut unterst\u00fctzen.<\/p>\n<p>&#8211; Robert appelliert nochmals an die Vereinsmitglieder ihn in seiner Rolle als Gesundheitswart bei V\u00f6lkerverlusten zu Rate zu ziehen. Robert hat nun auch die Schnelltest-Sets f\u00fcr den Nachweis der amerikanischen und europ\u00e4ischen Faulbrut von Bernd erhalten. Diese PCR-Schnelltests stellen wir aber gerne auch anderen Ortsgruppen\/Imkern im Bedarfsfall zur Verf\u00fcgung.\u00a0 Robert vermutet, dass insbesondere die Nosema ceranae stark im Vormarsch ist.<\/li>\n<\/ul>\n<\/div><\/section><br \/>\n<div  class='av-social-sharing-box av-3k17px-6e6c5c42840cf957d3964f736514d609 av-social-sharing-box-default  avia-builder-el-4  el_after_av_textblock  el_before_av_comments_list  av-social-sharing-box-fullwidth'><div class=\"av-share-box\"><h5 class='av-share-link-description av-no-toc '>Eintrag teilen<\/h5><ul class=\"av-share-box-list noLightbox\"><li class='av-share-link av-social-link-facebook avia_social_iconfont' ><a target=\"_blank\" aria-label=\"Teilen auf Facebook\" href='https:\/\/www.facebook.com\/sharer.php?u=https:\/\/imker-aigen.at\/index.php\/2025\/03\/04\/protokoll-vom-stammtisch-am-4-3-2025\/&#038;t=Protokoll%20vom%20Stammtisch%20am%204.3.2025' data-av_icon='\ue8f3' data-av_iconfont='entypo-fontello'  title='' data-avia-related-tooltip='Teilen auf Facebook'><span class='avia_hidden_link_text'>Teilen auf Facebook<\/span><\/a><\/li><li class='av-share-link av-social-link-twitter avia_social_iconfont' ><a target=\"_blank\" aria-label=\"Teilen auf X\" href='https:\/\/twitter.com\/share?text=Protokoll%20vom%20Stammtisch%20am%204.3.2025&#038;url=https:\/\/imker-aigen.at\/?p=7509' data-av_icon='\ue932' data-av_iconfont='entypo-fontello'  title='' data-avia-related-tooltip='Teilen auf X'><span class='avia_hidden_link_text'>Teilen auf X<\/span><\/a><\/li><li class='av-share-link av-social-link-whatsapp avia_social_iconfont' ><a target=\"_blank\" aria-label=\"Teilen auf WhatsApp\" href='https:\/\/api.whatsapp.com\/send?text=https:\/\/imker-aigen.at\/index.php\/2025\/03\/04\/protokoll-vom-stammtisch-am-4-3-2025\/' data-av_icon='\uf232' data-av_iconfont='entypo-fontello'  title='' data-avia-related-tooltip='Teilen auf WhatsApp'><span class='avia_hidden_link_text'>Teilen auf WhatsApp<\/span><\/a><\/li><li class='av-share-link av-social-link-pinterest avia_social_iconfont' ><a target=\"_blank\" aria-label=\"Teilen auf Pinterest\" href='https:\/\/pinterest.com\/pin\/create\/button\/?url=https%3A%2F%2Fimker-aigen.at%2Findex.php%2F2025%2F03%2F04%2Fprotokoll-vom-stammtisch-am-4-3-2025%2F&#038;description=Protokoll%20vom%20Stammtisch%20am%204.3.2025&#038;media=https%3A%2F%2Fimker-aigen.at%2Fwp-content%2Fuploads%2F2022%2F08%2Fglasses-beer-1.jpg' data-av_icon='\ue8f8' data-av_iconfont='entypo-fontello'  title='' data-avia-related-tooltip='Teilen auf Pinterest'><span class='avia_hidden_link_text'>Teilen auf Pinterest<\/span><\/a><\/li><li class='av-share-link av-social-link-linkedin avia_social_iconfont' ><a target=\"_blank\" aria-label=\"Teilen auf LinkedIn\" href='https:\/\/linkedin.com\/shareArticle?mini=true&#038;title=Protokoll%20vom%20Stammtisch%20am%204.3.2025&#038;url=https:\/\/imker-aigen.at\/index.php\/2025\/03\/04\/protokoll-vom-stammtisch-am-4-3-2025\/' data-av_icon='\ue8fc' data-av_iconfont='entypo-fontello'  title='' data-avia-related-tooltip='Teilen auf LinkedIn'><span class='avia_hidden_link_text'>Teilen auf LinkedIn<\/span><\/a><\/li><li class='av-share-link av-social-link-reddit avia_social_iconfont' ><a target=\"_blank\" aria-label=\"Teilen auf Reddit\" href='https:\/\/reddit.com\/submit?url=https:\/\/imker-aigen.at\/index.php\/2025\/03\/04\/protokoll-vom-stammtisch-am-4-3-2025\/&#038;title=Protokoll%20vom%20Stammtisch%20am%204.3.2025' data-av_icon='\ue927' data-av_iconfont='entypo-fontello'  title='' data-avia-related-tooltip='Teilen auf Reddit'><span class='avia_hidden_link_text'>Teilen auf Reddit<\/span><\/a><\/li><li class='av-share-link av-social-link-mail avia_social_iconfont' ><a  aria-label=\"Per E-Mail teilen\" href='mailto:?subject=Protokoll%20vom%20Stammtisch%20am%204.3.2025&#038;body=https:\/\/imker-aigen.at\/index.php\/2025\/03\/04\/protokoll-vom-stammtisch-am-4-3-2025\/' data-av_icon='\ue805' data-av_iconfont='entypo-fontello'  title='' data-avia-related-tooltip='Per E-Mail teilen'><span class='avia_hidden_link_text'>Per E-Mail teilen<\/span><\/a><\/li><\/ul><\/div><\/div><br \/>\n<div  class='av-buildercomment av-35tdsl-3bcd1439a758b7b21703716ee9599e8f'><\/div><\/p><\/div>\n","protected":false},"excerpt":{"rendered":"","protected":false},"author":1,"featured_media":621,"comment_status":"open","ping_status":"closed","sticky":false,"template":"","format":"standard","meta":{"footnotes":""},"categories":[18,2],"tags":[35],"class_list":["post-7509","post","type-post","status-publish","format-standard","has-post-thumbnail","hentry","category-alte-veranstaltungen","category-news","tag-stammtisch"],"yoast_head":"<!-- This site is optimized with the Yoast SEO plugin v27.4 - https:\/\/yoast.com\/product\/yoast-seo-wordpress\/ -->\n<title>Protokoll vom Stammtisch am 4.3.2025 - Imker Ortsgruppe Salzburg Aigen<\/title>\n<meta name=\"robots\" content=\"index, follow, max-snippet:-1, max-image-preview:large, max-video-preview:-1\" \/>\n<link rel=\"canonical\" href=\"https:\/\/imker-aigen.at\/index.php\/2025\/03\/04\/protokoll-vom-stammtisch-am-4-3-2025\/\" \/>\n<meta property=\"og:locale\" content=\"de_DE\" \/>\n<meta property=\"og:type\" content=\"article\" \/>\n<meta property=\"og:title\" content=\"Protokoll vom Stammtisch am 4.3.2025 - Imker Ortsgruppe Salzburg Aigen\" \/>\n<meta property=\"og:url\" content=\"https:\/\/imker-aigen.at\/index.php\/2025\/03\/04\/protokoll-vom-stammtisch-am-4-3-2025\/\" \/>\n<meta property=\"og:site_name\" content=\"Imker Ortsgruppe Salzburg Aigen\" \/>\n<meta property=\"article:published_time\" content=\"2025-03-04T18:00:51+00:00\" \/>\n<meta property=\"article:modified_time\" content=\"2025-03-06T11:36:26+00:00\" \/>\n<meta property=\"og:image\" content=\"https:\/\/imker-aigen.at\/wp-content\/uploads\/2022\/08\/glasses-beer-1.jpg\" \/>\n\t<meta property=\"og:image:width\" content=\"180\" \/>\n\t<meta property=\"og:image:height\" content=\"241\" \/>\n\t<meta property=\"og:image:type\" content=\"image\/jpeg\" \/>\n<meta name=\"author\" content=\"admin\" \/>\n<meta name=\"twitter:card\" content=\"summary_large_image\" \/>\n<meta name=\"twitter:label1\" content=\"Verfasst von\" \/>\n\t<meta name=\"twitter:data1\" content=\"admin\" \/>\n\t<meta name=\"twitter:label2\" content=\"Gesch\u00e4tzte Lesezeit\" \/>\n\t<meta name=\"twitter:data2\" content=\"6\u00a0Minuten\" \/>\n<script type=\"application\/ld+json\" class=\"yoast-schema-graph\">{\"@context\":\"https:\\\/\\\/schema.org\",\"@graph\":[{\"@type\":\"Article\",\"@id\":\"https:\\\/\\\/imker-aigen.at\\\/index.php\\\/2025\\\/03\\\/04\\\/protokoll-vom-stammtisch-am-4-3-2025\\\/#article\",\"isPartOf\":{\"@id\":\"https:\\\/\\\/imker-aigen.at\\\/index.php\\\/2025\\\/03\\\/04\\\/protokoll-vom-stammtisch-am-4-3-2025\\\/\"},\"author\":{\"name\":\"admin\",\"@id\":\"https:\\\/\\\/imker-aigen.at\\\/#\\\/schema\\\/person\\\/d7d0c3a8ef6f051d450781218ac83077\"},\"headline\":\"Protokoll vom Stammtisch am 4.3.2025\",\"datePublished\":\"2025-03-04T18:00:51+00:00\",\"dateModified\":\"2025-03-06T11:36:26+00:00\",\"mainEntityOfPage\":{\"@id\":\"https:\\\/\\\/imker-aigen.at\\\/index.php\\\/2025\\\/03\\\/04\\\/protokoll-vom-stammtisch-am-4-3-2025\\\/\"},\"wordCount\":1904,\"commentCount\":0,\"publisher\":{\"@id\":\"https:\\\/\\\/imker-aigen.at\\\/#organization\"},\"image\":{\"@id\":\"https:\\\/\\\/imker-aigen.at\\\/index.php\\\/2025\\\/03\\\/04\\\/protokoll-vom-stammtisch-am-4-3-2025\\\/#primaryimage\"},\"thumbnailUrl\":\"https:\\\/\\\/imker-aigen.at\\\/wp-content\\\/uploads\\\/2022\\\/08\\\/glasses-beer-1.jpg\",\"keywords\":[\"Stammtisch\"],\"articleSection\":[\"Alte Veranstaltungen\",\"News\"],\"inLanguage\":\"de\",\"potentialAction\":[{\"@type\":\"CommentAction\",\"name\":\"Comment\",\"target\":[\"https:\\\/\\\/imker-aigen.at\\\/index.php\\\/2025\\\/03\\\/04\\\/protokoll-vom-stammtisch-am-4-3-2025\\\/#respond\"]}]},{\"@type\":\"WebPage\",\"@id\":\"https:\\\/\\\/imker-aigen.at\\\/index.php\\\/2025\\\/03\\\/04\\\/protokoll-vom-stammtisch-am-4-3-2025\\\/\",\"url\":\"https:\\\/\\\/imker-aigen.at\\\/index.php\\\/2025\\\/03\\\/04\\\/protokoll-vom-stammtisch-am-4-3-2025\\\/\",\"name\":\"Protokoll vom Stammtisch am 4.3.2025 - Imker Ortsgruppe Salzburg Aigen\",\"isPartOf\":{\"@id\":\"https:\\\/\\\/imker-aigen.at\\\/#website\"},\"primaryImageOfPage\":{\"@id\":\"https:\\\/\\\/imker-aigen.at\\\/index.php\\\/2025\\\/03\\\/04\\\/protokoll-vom-stammtisch-am-4-3-2025\\\/#primaryimage\"},\"image\":{\"@id\":\"https:\\\/\\\/imker-aigen.at\\\/index.php\\\/2025\\\/03\\\/04\\\/protokoll-vom-stammtisch-am-4-3-2025\\\/#primaryimage\"},\"thumbnailUrl\":\"https:\\\/\\\/imker-aigen.at\\\/wp-content\\\/uploads\\\/2022\\\/08\\\/glasses-beer-1.jpg\",\"datePublished\":\"2025-03-04T18:00:51+00:00\",\"dateModified\":\"2025-03-06T11:36:26+00:00\",\"breadcrumb\":{\"@id\":\"https:\\\/\\\/imker-aigen.at\\\/index.php\\\/2025\\\/03\\\/04\\\/protokoll-vom-stammtisch-am-4-3-2025\\\/#breadcrumb\"},\"inLanguage\":\"de\",\"potentialAction\":[{\"@type\":\"ReadAction\",\"target\":[\"https:\\\/\\\/imker-aigen.at\\\/index.php\\\/2025\\\/03\\\/04\\\/protokoll-vom-stammtisch-am-4-3-2025\\\/\"]}]},{\"@type\":\"ImageObject\",\"inLanguage\":\"de\",\"@id\":\"https:\\\/\\\/imker-aigen.at\\\/index.php\\\/2025\\\/03\\\/04\\\/protokoll-vom-stammtisch-am-4-3-2025\\\/#primaryimage\",\"url\":\"https:\\\/\\\/imker-aigen.at\\\/wp-content\\\/uploads\\\/2022\\\/08\\\/glasses-beer-1.jpg\",\"contentUrl\":\"https:\\\/\\\/imker-aigen.at\\\/wp-content\\\/uploads\\\/2022\\\/08\\\/glasses-beer-1.jpg\",\"width\":180,\"height\":241,\"caption\":\"Bier\"},{\"@type\":\"BreadcrumbList\",\"@id\":\"https:\\\/\\\/imker-aigen.at\\\/index.php\\\/2025\\\/03\\\/04\\\/protokoll-vom-stammtisch-am-4-3-2025\\\/#breadcrumb\",\"itemListElement\":[{\"@type\":\"ListItem\",\"position\":1,\"name\":\"Startseite\",\"item\":\"https:\\\/\\\/imker-aigen.at\\\/index.php\\\/home\\\/\"},{\"@type\":\"ListItem\",\"position\":2,\"name\":\"Protokoll vom Stammtisch am 4.3.2025\"}]},{\"@type\":\"WebSite\",\"@id\":\"https:\\\/\\\/imker-aigen.at\\\/#website\",\"url\":\"https:\\\/\\\/imker-aigen.at\\\/\",\"name\":\"Imker Ortsgruppe Salzburg Aigen\",\"description\":\"Homepage der Imker-Ortsgruppe Salzburg Aigen\",\"publisher\":{\"@id\":\"https:\\\/\\\/imker-aigen.at\\\/#organization\"},\"potentialAction\":[{\"@type\":\"SearchAction\",\"target\":{\"@type\":\"EntryPoint\",\"urlTemplate\":\"https:\\\/\\\/imker-aigen.at\\\/?s={search_term_string}\"},\"query-input\":{\"@type\":\"PropertyValueSpecification\",\"valueRequired\":true,\"valueName\":\"search_term_string\"}}],\"inLanguage\":\"de\"},{\"@type\":\"Organization\",\"@id\":\"https:\\\/\\\/imker-aigen.at\\\/#organization\",\"name\":\"Imker Ortsgruppe Salzburg Aigen\",\"url\":\"https:\\\/\\\/imker-aigen.at\\\/\",\"logo\":{\"@type\":\"ImageObject\",\"inLanguage\":\"de\",\"@id\":\"https:\\\/\\\/imker-aigen.at\\\/#\\\/schema\\\/logo\\\/image\\\/\",\"url\":\"https:\\\/\\\/imker-aigen.at\\\/wp-content\\\/uploads\\\/2022\\\/08\\\/logo-1.png\",\"contentUrl\":\"https:\\\/\\\/imker-aigen.at\\\/wp-content\\\/uploads\\\/2022\\\/08\\\/logo-1.png\",\"width\":392,\"height\":156,\"caption\":\"Imker Ortsgruppe Salzburg Aigen\"},\"image\":{\"@id\":\"https:\\\/\\\/imker-aigen.at\\\/#\\\/schema\\\/logo\\\/image\\\/\"}},{\"@type\":\"Person\",\"@id\":\"https:\\\/\\\/imker-aigen.at\\\/#\\\/schema\\\/person\\\/d7d0c3a8ef6f051d450781218ac83077\",\"name\":\"admin\",\"image\":{\"@type\":\"ImageObject\",\"inLanguage\":\"de\",\"@id\":\"https:\\\/\\\/secure.gravatar.com\\\/avatar\\\/925a7e918efd3cfdae29be9c0018a3ae3275cd0444a6e166241172bb6e5243c7?s=96&d=mm&r=g\",\"url\":\"https:\\\/\\\/secure.gravatar.com\\\/avatar\\\/925a7e918efd3cfdae29be9c0018a3ae3275cd0444a6e166241172bb6e5243c7?s=96&d=mm&r=g\",\"contentUrl\":\"https:\\\/\\\/secure.gravatar.com\\\/avatar\\\/925a7e918efd3cfdae29be9c0018a3ae3275cd0444a6e166241172bb6e5243c7?s=96&d=mm&r=g\",\"caption\":\"admin\"},\"sameAs\":[\"https:\\\/\\\/imker-aigen.at\",\"linkedin.com\\\/in\\\/bernd-meierhofer-5919b62\"],\"url\":\"https:\\\/\\\/imker-aigen.at\\\/index.php\\\/author\\\/bmeierhofer\\\/\"}]}<\/script>\n<!-- \/ Yoast SEO plugin. -->","yoast_head_json":{"title":"Protokoll vom Stammtisch am 4.3.2025 - Imker Ortsgruppe Salzburg Aigen","robots":{"index":"index","follow":"follow","max-snippet":"max-snippet:-1","max-image-preview":"max-image-preview:large","max-video-preview":"max-video-preview:-1"},"canonical":"https:\/\/imker-aigen.at\/index.php\/2025\/03\/04\/protokoll-vom-stammtisch-am-4-3-2025\/","og_locale":"de_DE","og_type":"article","og_title":"Protokoll vom Stammtisch am 4.3.2025 - Imker Ortsgruppe Salzburg Aigen","og_url":"https:\/\/imker-aigen.at\/index.php\/2025\/03\/04\/protokoll-vom-stammtisch-am-4-3-2025\/","og_site_name":"Imker Ortsgruppe Salzburg Aigen","article_published_time":"2025-03-04T18:00:51+00:00","article_modified_time":"2025-03-06T11:36:26+00:00","og_image":[{"width":180,"height":241,"url":"https:\/\/imker-aigen.at\/wp-content\/uploads\/2022\/08\/glasses-beer-1.jpg","type":"image\/jpeg"}],"author":"admin","twitter_card":"summary_large_image","twitter_misc":{"Verfasst von":"admin","Gesch\u00e4tzte Lesezeit":"6\u00a0Minuten"},"schema":{"@context":"https:\/\/schema.org","@graph":[{"@type":"Article","@id":"https:\/\/imker-aigen.at\/index.php\/2025\/03\/04\/protokoll-vom-stammtisch-am-4-3-2025\/#article","isPartOf":{"@id":"https:\/\/imker-aigen.at\/index.php\/2025\/03\/04\/protokoll-vom-stammtisch-am-4-3-2025\/"},"author":{"name":"admin","@id":"https:\/\/imker-aigen.at\/#\/schema\/person\/d7d0c3a8ef6f051d450781218ac83077"},"headline":"Protokoll vom Stammtisch am 4.3.2025","datePublished":"2025-03-04T18:00:51+00:00","dateModified":"2025-03-06T11:36:26+00:00","mainEntityOfPage":{"@id":"https:\/\/imker-aigen.at\/index.php\/2025\/03\/04\/protokoll-vom-stammtisch-am-4-3-2025\/"},"wordCount":1904,"commentCount":0,"publisher":{"@id":"https:\/\/imker-aigen.at\/#organization"},"image":{"@id":"https:\/\/imker-aigen.at\/index.php\/2025\/03\/04\/protokoll-vom-stammtisch-am-4-3-2025\/#primaryimage"},"thumbnailUrl":"https:\/\/imker-aigen.at\/wp-content\/uploads\/2022\/08\/glasses-beer-1.jpg","keywords":["Stammtisch"],"articleSection":["Alte Veranstaltungen","News"],"inLanguage":"de","potentialAction":[{"@type":"CommentAction","name":"Comment","target":["https:\/\/imker-aigen.at\/index.php\/2025\/03\/04\/protokoll-vom-stammtisch-am-4-3-2025\/#respond"]}]},{"@type":"WebPage","@id":"https:\/\/imker-aigen.at\/index.php\/2025\/03\/04\/protokoll-vom-stammtisch-am-4-3-2025\/","url":"https:\/\/imker-aigen.at\/index.php\/2025\/03\/04\/protokoll-vom-stammtisch-am-4-3-2025\/","name":"Protokoll vom Stammtisch am 4.3.2025 - Imker Ortsgruppe Salzburg Aigen","isPartOf":{"@id":"https:\/\/imker-aigen.at\/#website"},"primaryImageOfPage":{"@id":"https:\/\/imker-aigen.at\/index.php\/2025\/03\/04\/protokoll-vom-stammtisch-am-4-3-2025\/#primaryimage"},"image":{"@id":"https:\/\/imker-aigen.at\/index.php\/2025\/03\/04\/protokoll-vom-stammtisch-am-4-3-2025\/#primaryimage"},"thumbnailUrl":"https:\/\/imker-aigen.at\/wp-content\/uploads\/2022\/08\/glasses-beer-1.jpg","datePublished":"2025-03-04T18:00:51+00:00","dateModified":"2025-03-06T11:36:26+00:00","breadcrumb":{"@id":"https:\/\/imker-aigen.at\/index.php\/2025\/03\/04\/protokoll-vom-stammtisch-am-4-3-2025\/#breadcrumb"},"inLanguage":"de","potentialAction":[{"@type":"ReadAction","target":["https:\/\/imker-aigen.at\/index.php\/2025\/03\/04\/protokoll-vom-stammtisch-am-4-3-2025\/"]}]},{"@type":"ImageObject","inLanguage":"de","@id":"https:\/\/imker-aigen.at\/index.php\/2025\/03\/04\/protokoll-vom-stammtisch-am-4-3-2025\/#primaryimage","url":"https:\/\/imker-aigen.at\/wp-content\/uploads\/2022\/08\/glasses-beer-1.jpg","contentUrl":"https:\/\/imker-aigen.at\/wp-content\/uploads\/2022\/08\/glasses-beer-1.jpg","width":180,"height":241,"caption":"Bier"},{"@type":"BreadcrumbList","@id":"https:\/\/imker-aigen.at\/index.php\/2025\/03\/04\/protokoll-vom-stammtisch-am-4-3-2025\/#breadcrumb","itemListElement":[{"@type":"ListItem","position":1,"name":"Startseite","item":"https:\/\/imker-aigen.at\/index.php\/home\/"},{"@type":"ListItem","position":2,"name":"Protokoll vom Stammtisch am 4.3.2025"}]},{"@type":"WebSite","@id":"https:\/\/imker-aigen.at\/#website","url":"https:\/\/imker-aigen.at\/","name":"Imker Ortsgruppe Salzburg Aigen","description":"Homepage der Imker-Ortsgruppe Salzburg Aigen","publisher":{"@id":"https:\/\/imker-aigen.at\/#organization"},"potentialAction":[{"@type":"SearchAction","target":{"@type":"EntryPoint","urlTemplate":"https:\/\/imker-aigen.at\/?s={search_term_string}"},"query-input":{"@type":"PropertyValueSpecification","valueRequired":true,"valueName":"search_term_string"}}],"inLanguage":"de"},{"@type":"Organization","@id":"https:\/\/imker-aigen.at\/#organization","name":"Imker Ortsgruppe Salzburg Aigen","url":"https:\/\/imker-aigen.at\/","logo":{"@type":"ImageObject","inLanguage":"de","@id":"https:\/\/imker-aigen.at\/#\/schema\/logo\/image\/","url":"https:\/\/imker-aigen.at\/wp-content\/uploads\/2022\/08\/logo-1.png","contentUrl":"https:\/\/imker-aigen.at\/wp-content\/uploads\/2022\/08\/logo-1.png","width":392,"height":156,"caption":"Imker Ortsgruppe Salzburg Aigen"},"image":{"@id":"https:\/\/imker-aigen.at\/#\/schema\/logo\/image\/"}},{"@type":"Person","@id":"https:\/\/imker-aigen.at\/#\/schema\/person\/d7d0c3a8ef6f051d450781218ac83077","name":"admin","image":{"@type":"ImageObject","inLanguage":"de","@id":"https:\/\/secure.gravatar.com\/avatar\/925a7e918efd3cfdae29be9c0018a3ae3275cd0444a6e166241172bb6e5243c7?s=96&d=mm&r=g","url":"https:\/\/secure.gravatar.com\/avatar\/925a7e918efd3cfdae29be9c0018a3ae3275cd0444a6e166241172bb6e5243c7?s=96&d=mm&r=g","contentUrl":"https:\/\/secure.gravatar.com\/avatar\/925a7e918efd3cfdae29be9c0018a3ae3275cd0444a6e166241172bb6e5243c7?s=96&d=mm&r=g","caption":"admin"},"sameAs":["https:\/\/imker-aigen.at","linkedin.com\/in\/bernd-meierhofer-5919b62"],"url":"https:\/\/imker-aigen.at\/index.php\/author\/bmeierhofer\/"}]}},"_links":{"self":[{"href":"https:\/\/imker-aigen.at\/index.php\/wp-json\/wp\/v2\/posts\/7509","targetHints":{"allow":["GET"]}}],"collection":[{"href":"https:\/\/imker-aigen.at\/index.php\/wp-json\/wp\/v2\/posts"}],"about":[{"href":"https:\/\/imker-aigen.at\/index.php\/wp-json\/wp\/v2\/types\/post"}],"author":[{"embeddable":true,"href":"https:\/\/imker-aigen.at\/index.php\/wp-json\/wp\/v2\/users\/1"}],"replies":[{"embeddable":true,"href":"https:\/\/imker-aigen.at\/index.php\/wp-json\/wp\/v2\/comments?post=7509"}],"version-history":[{"count":19,"href":"https:\/\/imker-aigen.at\/index.php\/wp-json\/wp\/v2\/posts\/7509\/revisions"}],"predecessor-version":[{"id":7541,"href":"https:\/\/imker-aigen.at\/index.php\/wp-json\/wp\/v2\/posts\/7509\/revisions\/7541"}],"wp:featuredmedia":[{"embeddable":true,"href":"https:\/\/imker-aigen.at\/index.php\/wp-json\/wp\/v2\/media\/621"}],"wp:attachment":[{"href":"https:\/\/imker-aigen.at\/index.php\/wp-json\/wp\/v2\/media?parent=7509"}],"wp:term":[{"taxonomy":"category","embeddable":true,"href":"https:\/\/imker-aigen.at\/index.php\/wp-json\/wp\/v2\/categories?post=7509"},{"taxonomy":"post_tag","embeddable":true,"href":"https:\/\/imker-aigen.at\/index.php\/wp-json\/wp\/v2\/tags?post=7509"}],"curies":[{"name":"wp","href":"https:\/\/api.w.org\/{rel}","templated":true}]}}