{"id":7513,"date":"2025-03-05T22:08:10","date_gmt":"2025-03-05T21:08:10","guid":{"rendered":"https:\/\/imker-aigen.at\/?p=7513"},"modified":"2025-03-07T11:34:20","modified_gmt":"2025-03-07T10:34:20","slug":"saisonauftakt-am-imkerhof-salzburg-mit-wanderimker-ralph-kolbe","status":"publish","type":"post","link":"https:\/\/imker-aigen.at\/index.php\/2025\/03\/05\/saisonauftakt-am-imkerhof-salzburg-mit-wanderimker-ralph-kolbe\/","title":{"rendered":"Saisonauftakt am Imkerhof Salzburg mit Wanderimker Ralf Kolbe"},"content":{"rendered":"<div  class='flex_column av-9abwu1-fae98fab1ab826ac4d3e4a89dbfaf945 av_one_full  avia-builder-el-0  avia-builder-el-no-sibling  first flex_column_div  '     ><p>\n<style type=\"text\/css\" data-created_by=\"avia_inline_auto\" id=\"style-css-av-m7wev9of-d69a4145e0ebcdbe937da77c6bf998dd\">\n#top .av-special-heading.av-m7wev9of-d69a4145e0ebcdbe937da77c6bf998dd{\npadding-bottom:10px;\n}\nbody .av-special-heading.av-m7wev9of-d69a4145e0ebcdbe937da77c6bf998dd .av-special-heading-tag .heading-char{\nfont-size:25px;\n}\n.av-special-heading.av-m7wev9of-d69a4145e0ebcdbe937da77c6bf998dd .av-subheading{\nfont-size:15px;\n}\n<\/style>\n<div  class='av-special-heading av-m7wev9of-d69a4145e0ebcdbe937da77c6bf998dd av-special-heading-h3 blockquote modern-quote modern-centered  avia-builder-el-1  el_before_av_image  avia-builder-el-first '><h3 class='av-special-heading-tag '  itemprop=\"headline\"  >Saisonauftakt am Imkerhof Salzburg mit Wanderimker Ralf Kolbe<\/h3><div class='av-subheading av-subheading_below'><p>1. und 2. M\u00e4rz 2025<\/p>\n<\/div><div class=\"special-heading-border\"><div class=\"special-heading-inner-border\"><\/div><\/div><\/div><br \/>\n\n<style type=\"text\/css\" data-created_by=\"avia_inline_auto\" id=\"style-css-av-m7yn3wvg-7ed2f0b1a551b0c9c7f3ff1dea57ab61\">\n.avia-image-container.av-m7yn3wvg-7ed2f0b1a551b0c9c7f3ff1dea57ab61 img.avia_image{\nbox-shadow:none;\n}\n.avia-image-container.av-m7yn3wvg-7ed2f0b1a551b0c9c7f3ff1dea57ab61 .av-image-caption-overlay-center{\ncolor:#ffffff;\n}\n<\/style>\n<div  class='avia-image-container av-m7yn3wvg-7ed2f0b1a551b0c9c7f3ff1dea57ab61 av-styling- avia-align-center  avia-builder-el-2  el_after_av_heading  el_before_av_hr '   itemprop=\"image\" itemscope=\"itemscope\" itemtype=\"https:\/\/schema.org\/ImageObject\" ><div class=\"avia-image-container-inner\"><div class=\"avia-image-overlay-wrap\"><img decoding=\"async\" fetchpriority=\"high\" class='wp-image-7575 avia-img-lazy-loading-not-7575 avia_image ' src=\"https:\/\/imker-aigen.at\/wp-content\/uploads\/2025\/03\/wanderimkerei_kolbe.jpg\" alt='' title='wanderimkerei_kolbe'  height=\"300\" width=\"486\"  itemprop=\"thumbnailUrl\" srcset=\"https:\/\/imker-aigen.at\/wp-content\/uploads\/2025\/03\/wanderimkerei_kolbe.jpg 486w, https:\/\/imker-aigen.at\/wp-content\/uploads\/2025\/03\/wanderimkerei_kolbe-300x185.jpg 300w\" sizes=\"(max-width: 486px) 100vw, 486px\" \/><\/div><\/div><\/div><br \/>\n\n<style type=\"text\/css\" data-created_by=\"avia_inline_auto\" id=\"style-css-av-7vvuqx-6c653e1325866cbf35af9804d92070f9\">\n#top .hr.av-7vvuqx-6c653e1325866cbf35af9804d92070f9{\nmargin-top:30px;\nmargin-bottom:30px;\n}\n.hr.av-7vvuqx-6c653e1325866cbf35af9804d92070f9 .hr-inner{\nwidth:50px;\nmax-width:45%;\n}\n<\/style>\n<div  class='hr av-7vvuqx-6c653e1325866cbf35af9804d92070f9 hr-custom  avia-builder-el-3  el_after_av_image  el_before_av_textblock  hr-center hr-icon-yes'><span class='hr-inner inner-border-av-border-thin'><span class=\"hr-inner-style\"><\/span><\/span><span class='av-seperator-icon avia-svg-icon avia-font-svg_entypo-fontello' data-av_svg_icon='dot-3' data-av_iconset='svg_entypo-fontello'><svg version=\"1.1\" xmlns=\"http:\/\/www.w3.org\/2000\/svg\" width=\"29\" height=\"32\" viewBox=\"0 0 29 32\" preserveAspectRatio=\"xMidYMid meet\" aria-labelledby='av-svg-title-1' aria-describedby='av-svg-desc-1' role=\"graphics-symbol\">\n<title id='av-svg-title-1'>Dot-3<\/title>\n<desc id='av-svg-desc-1'>Dot-3<\/desc>\n<path d=\"M3.52 12.48q1.472 0 2.496 1.024t1.024 2.496q0 1.408-1.024 2.464t-2.496 1.056-2.496-1.056-1.024-2.464q0-1.472 1.024-2.496t2.496-1.024zM14.72 12.48q1.472 0 2.496 1.024t1.024 2.496q0 1.408-1.056 2.464t-2.464 1.056-2.464-1.056-1.056-2.464q0-1.472 1.024-2.496t2.496-1.024zM25.92 12.48q1.472 0 2.496 1.024t1.024 2.496q0 1.408-1.024 2.464t-2.496 1.056-2.496-1.056-1.024-2.464q0-1.472 1.024-2.496t2.496-1.024z\"><\/path>\n<\/svg><\/span><span class='hr-inner inner-border-av-border-thin'><span class=\"hr-inner-style\"><\/span><\/span><\/div><br \/>\n<section  class='av_textblock_section av-61pyah-c2a0351f70386c5078a4fe7f902c6f11 '   itemscope=\"itemscope\" itemtype=\"https:\/\/schema.org\/BlogPosting\" itemprop=\"blogPost\" ><div class='avia_textblock'  itemprop=\"text\" ><p><span style=\"color: #999999;\">Autorin: Elisabeth Karl<\/span><\/p>\n<h3>Ralf Kolbe<\/h3>\n<p>Ralf Kolbe, Wanderimker im Harz und K\u00f6niginnenz\u00fcchter (<a href=\"https:\/\/www.imkereikolbe.de\/index.php\">\u21d2 Wanderimkerei Kolbe<\/a>), stellt sich und seine Betriebsweise vor. Bienen begleiten Ralf Kolbe schon sein ganzes Leben. Irgendwann hat er sich eigene V\u00f6lker angeschafft und den Grundstock f\u00fcr 300 V\u00f6lker, viele Ableger und Zuchtv\u00f6lker gelegt.<br \/>\nWie kam es dazu? Interessant ist auch sein beruflicher Werdegang. Er ist \u00fcberzeugt, dass ihm seine bisherigen Ausbildungen bei der Arbeit mit den Bienen zugute kommen. Von der Ausbildung zum Fachinformatiker wechselte er nach kurzer Zeit zur Ausbildung zum Krankenpfleger und stieg zum Pflegedienstleister und Qualit\u00e4tsmanager eines Krankenhauses auf. Parallel dazu arbeitete er mit den Bienen. Bald hat er 100 V\u00f6lker. Mit dieser Zahl stand er am Scheideweg und entschied sich f\u00fcr die Imkerei. Urspr\u00fcnglich imkerte er mit der Carnica-Biene, wechselte aber bald auf die Buckfastbiene. Vorerst arbeitete er noch in kleinen Magazinbeuten. Er hatte gro\u00dfe vitale Buckfastv\u00f6lker, die oft schw\u00e4rmten, stechfreudig waren und h\u00e4ufig umweiselten. Die Wende kam 2008\/09, als er seine K\u00f6niginnen auf eine Belegstelle brachte und sich Kontinuit\u00e4t und Stabilit\u00e4t bei seinen V\u00f6lkern einstellte. Von 40 Bienenv\u00f6lkern, mit denen er begann, ist er auf 300 Bienenv\u00f6lker und 500 Selektionen\/Ableger angewachsen. Er hat sich zum Z\u00fcchter entwickelt. Als er die Erfolge bei der Begattung der K\u00f6niginnen auf der Belegstelle sah, begann er mit dem Aufbau einer eigenen Belegstelle.<\/p>\n<h3>Betriebsweise<\/h3>\n<p>F\u00fcr ihn bzw. seine Betriebsweise sind die <strong>3 B&#8217;s<\/strong> entscheidend:<\/p>\n<ul>\n<li><strong>B<\/strong>iene, und zwar die, die ihm gef\u00e4llt (Buckfast)<\/li>\n<li><strong>B<\/strong>eute, er w\u00e4hlt die, die f\u00fcr ihn richtig ist (Dadant)<\/li>\n<li><strong>B<\/strong>etriebsweise<\/li>\n<\/ul>\n<p>Im Prinzip k\u00f6nnten seine V\u00f6lker vom Raps (April\/Mai) bis zur Heide im Herbst (September) durchlaufen.<\/p>\n<p>Das Bienenjahr beginnt f\u00fcr ihn bereits im Herbst des Vorjahres. Voraussetzung f\u00fcr eine gute Volksentwicklung im Fr\u00fchjahr sind:<\/p>\n<ul>\n<li>gesunde V\u00f6lker<\/li>\n<li>wenig Varroa<\/li>\n<li>eine gute K\u00f6nigin<\/li>\n<li>genug Bienen<\/li>\n<li>genug Futter (Sirup, Pollen, Honig)<\/li>\n<li>guter W\u00e4rmehaushalt, den er vor allem durch das Schieden erreichen will. Die Bienenmasse muss sich selbst w\u00e4rmen k\u00f6nnen.<\/li>\n<\/ul>\n<p>Im Fr\u00fchjahr wartet er bis 5 Tage nach dem Reinigungsflug, um diesen nicht zu st\u00f6ren. Sobald die Bienen mit dem Pollensammeln beginnen, ist der Reinigungsflug beendet.<\/p>\n<h3>Bienenjahr bei Kolbe<\/h3>\n<p>Im Laufe des Jahres gibt es unterschiedliche Schwerpunkte bei der Arbeit. Im Dezember ist Vermarktungszeit. Im Januar und Februar werden die Honigr\u00e4ume kontrolliert, die Zargen in Ordnung gebracht und die R\u00e4hmchen gereinigt. Defekte Honigr\u00e4ume werden aussortiert, gewellte oder durchl\u00f6cherte Mittelw\u00e4nde werden entfernt. Bis Oktober werden die V\u00f6lker kontrolliert. Im Winter werden die Bienenst\u00f6cke nicht ge\u00f6ffnet und der \u201eKasten\u201c bleibt bis nach den Reinigungsfl\u00fcgen geschlossen.<\/p>\n<h4>V\u00f6lkerkontrolle<\/h4>\n<p>Ralf kontrolliert im Winter nur das Flugloch und den Bodenschieber, um zu sehen, wo die Bienentrauben sitzen und was sie sonst so machen.<\/p>\n<p><strong>Erste Durchsicht<\/strong><\/p>\n<p>Bei der ersten Kontrolle Anfang M\u00e4rz schaut er nicht l\u00e4nger als 1-2 Minuten hinein. Er will wissen, ob das Volk noch lebt und gen\u00fcgend Futter hat. Falls notwendig, werden die Schiede (angepasster Brutraum) umgesetzt. F\u00fcr ihn ist ein Volk, das auf 3-4 R\u00e4hmchen sitzt, okay. 2 R\u00e4hmchen gehen auch. Er schiedet von beiden Seiten. Ralf verwendet Fl\u00fcssigfutter, so m\u00fcssen die Bienen bei kaltem Wetter nicht raus, au\u00dferdem f\u00f6rdert die 1:1 F\u00fctterung die Volksentwicklung.<\/p>\n<p><strong>Zweite Durchsicht<\/strong><\/p>\n<p>Nach weiteren 3-4 Wochen, Ende M\u00e4rz\/Anfang April, erfolgt die 2. Durchsicht. Jetzt sollten schon sch\u00f6ne Brutkreise und Futterecken erkennbar sein. Ralf will wissen, wie sich die Brut entwickelt und wie gut die Legeleistung der K\u00f6nigin ist. Wenn n\u00f6tig, gibt er ihnen eine Mittelwand. Er schiedet auch starke V\u00f6lker auf 5 Waben. Die Futterwabe wird au\u00dferhalb der Schiede platziert.<\/p>\n<p><strong>Schieden<br \/>\n<\/strong>Er schiedet wegen des Brutkreislaufs. Die K\u00f6nigin sollte auf den inneren 5 Waben legen, weil es dort immer am w\u00e4rmsten ist und auch bei einem K\u00e4lteeinbruch dieser Bereich optimal gew\u00e4rmt wird. Wenn es passt, wird mit einer Mittelwabe und einer Drohnenwabe auf 7 R\u00e4hmchen erweitert.<\/p>\n<p><strong>Beurteilung der K\u00f6nigin<\/strong><\/p>\n<p>Er beurteilt die K\u00f6nigin nach ihrer Legeleistung auf dem von ihm vorgegebenen R\u00e4hmchen. Entspricht eine K\u00f6nigin nicht oder legt sie zu fr\u00fch Drohneneier, wird sie abgedr\u00fcckt. Das alte Volk erh\u00e4lt Brutableger und eine neue K\u00f6nigin. Im Fr\u00fchjahr nimmt das Volk eine neue K\u00f6nigin gerne an. Da kann eine K\u00f6nigin direkt getauscht werden.<\/p>\n<p>Mittelw\u00e4nde setzt er immer an den Rand des Brutnestes und anschlie\u00dfend den Schied. Den Drohnenrahmen gibt er eine Woche sp\u00e4ter hinzu und bel\u00e4sst ihn im Volk. Drohnenbrut schneidet er eher nicht. Ralf ist der Meinung, dass die Drohnen wichtig und gut f\u00fcr das Volk sind. Falls gutes Wetter prognostiziert ist, gibt er auch schon den ersten Honigraum. Ansonsten nur eine weitere Mittelwand, um die Jungbienen zu besch\u00e4ftigen und so die Schwarmgefahr zu verringern.<\/p>\n<p><strong>Dritte Durchsicht und Honigraum aufsetzen<\/strong><\/p>\n<p>Die dritte Durchsicht erfolgt nach einer weiteren Woche. Er setzt den ersten Honigraum auf, wenn dies noch nicht geschehen ist. Und eventuell, je nach Tracht, einen zweiten oder dritten Honigraum. Honigr\u00e4ume werden immer aufgesetzt, wenn der untere Honigraum zu zwei Drittel voll ist. Im Honigraum ist immer jedes zweite R\u00e4hmchen eine Mittelwand. Wenn der Honigraum voll ist, baut er ihn ab. Ralf will wegen des W\u00e4rmehaushalts im Brutnest nicht zu hoch bauen, vor allem wenn noch K\u00e4lteeinbr\u00fcche zu bef\u00fcrchten sind. So kann er die Schwarmt\u00e4tigkeit weitgehend unterbinden. \u201eWas danach noch gehen will, soll gehen.\u201c Zum Abbauen der Honigr\u00e4ume setzt er Bienenfluchten ein. Mehr als 24 Stunden nach dem Einsetzen der Bienenfluchten haben die Bienen Zeit, um aus den Honigr\u00e4umen zu fl\u00fcchten. Die Honigleistung steht f\u00fcr Ralf nicht im Vordergrund. Er legt in erster Linie Wert darauf, dass die V\u00f6lker das Jahr \u00fcber gut laufen. Ein Volk l\u00e4uft bis zum Herbst. Nur bei St\u00f6rungen wird kontrolliert.<\/p>\n<p><strong>Varroabehandlung<\/strong><\/p>\n<p>Etwa in der ersten Julih\u00e4lfte, wenn die Linden bl\u00fchen, wird aufgef\u00fcttert und gegen die Varroamilbe behandelt. Zu dieser Zeit ist die Varroabelastung am h\u00f6chsten, da noch viel Brut vorhanden ist. In seiner Imkerei werden zuerst die f\u00fcr die Zucht ben\u00f6tigten Drohnenv\u00f6lker behandelt, danach alle anderen V\u00f6lker.<\/p>\n<p>Anfang Juli sperrt er die K\u00f6niginnen f\u00fcr etwa 10 Tage in eine Bannwabe. Danach wird die Bannwabe zusammen mit zwei weiteren Brutwaben, einer Futterwabe und einer halben Mittelwand in einen Ablegerk\u00e4stchen gebracht. In das \u201ealte\u201c Volk kommen drei Mittelw\u00e4nde und sp\u00e4testens am Abend wird eine K\u00f6nigin eingesetzt. Der Ableger wird zwei Tage belassen, dann wird die Bannwabe herausgenommen. Die K\u00f6nigin l\u00e4sst er wieder zulaufen. Nun wird alle drei Tage viermal hintereinander mit Oxals\u00e4ure behandelt. Nach ca. 3 Wochen werden die Ableger kontrolliert. Sind nur 3 oder weniger R\u00e4hmchen besetzt, wird das Volk aufgel\u00f6st oder mit einem guten Volk zusammengelegt. Die letzte F\u00fctterung erfolgt im Oktober. Er f\u00fcttert in der Regel \u00fcberdurchschnittlich und erg\u00e4nzt bei der 1. Kontrolle noch Futterwaben, wenn er den Eindruck hat, dass ein Volk mit dem Vorrat nicht auskommen wird. Zur Kontrolle der V\u00f6lker gen\u00fcgt ihm die Beobachtung des Flugloches und die Kontrolle des Bodenschiebers.<\/p>\n<p><strong>Zucht<\/strong><\/p>\n<p>Die Auswahl der Zuchtmutter erfolgt bei ihm nach den Kriterien Bautrieb bei Stockbienen und Trachttrieb bei Flugbienen. Er hat eine Idealvorstellung, wie sich ein Volk verhalten soll. Stimmt das Verhalten nicht, werden die Abweichungen dokumentiert.<\/p>\n<p>Seine Zuchtkriterien sind:<\/p>\n<ul>\n<li>Schwarmverhalten<\/li>\n<li>Wabensitz<\/li>\n<li>Aussehen der Bienen<\/li>\n<li>Sanftmut<\/li>\n<\/ul>\n<p>Die Varroaresistenz bzw. -toleranz als Kriterium sieht er eher kritisch. Wenn die K\u00f6nigin einer Linie nicht den Erwartungen entspricht, wechselt er sie aus. Die K\u00f6nigin ist f\u00fcr ihn nur ein Instrument. Bewertet wird die Leistung des &#8222;Bien&#8220;, des gesamten Bienenvolkes.<\/p>\n<p>Wenn eine Linie am H\u00f6hepunkt ihrer Leistung ist, Ralf hat hier ein individuelles Bewertungssystem, dann geht die K\u00f6nigin auf die Belegstelle. Er hat von jeder Mutter 3 &#8211; 4 Exemplare. Diese bringt er zu unterschiedlichen Drohnenlinien um eine breite Genetik zu erhalten.<\/p>\n<h3>Arbeitsweise am Volk<\/h3>\n<p>Bei der Arbeit mit den V\u00f6lkern legt er Wert darauf, ruhig und z\u00fcgig arbeiten zu k\u00f6nnen. Rauch setzt er nur sehr sparsam ein, um die Bienen in die Wabengassen zu dr\u00e4ngen, damit sie beim Arbeiten nicht verletzt werden.<\/p>\n<p>Ist ein Volk \u00fcber l\u00e4ngere Zeit stechfreudig, wird es umgeweiselt. Seine V\u00f6lker stehen auch an \u00f6ffentlichen Pl\u00e4tzen und da d\u00fcrfen die Bienen nicht stechfreudig sein. Er arbeitet weitgehend ohne Schutzkleidung. F\u00fcr ihn ist wichtig, ruhig an den V\u00f6lkern zu arbeiten, behutsam mit ihnen umzugehen und mit ihnen in Symbiose zu gehen. Er ist der Meinung, dass die Schutzkleidung diese Ruhe und Achtsamkeit behindert, da sich der Imker sicher f\u00fchlt und vielleicht ungest\u00fcmer und unvorsichtiger arbeitet.<\/p>\n<p>Seine Zuchtm\u00fctter sind zu 80 % zweij\u00e4hrige K\u00f6niginnen in einem 6-Waben-Ableger. Diese werden 1:1 mit Honigwasser aufgef\u00fcttert.<\/p>\n<p>Seine Wirtschaftsv\u00f6lker sollten jeweils zwei Jahre durchhalten und die ben\u00f6tigte Leistung bringen. Daher hat er keine dreij\u00e4hrigen K\u00f6niginnen in den St\u00f6cken. Im dritten Jahr reicht das Sperma nicht mehr bzw. die Legeleistung der K\u00f6nigin l\u00e4sst nach.<\/p>\n<\/div><\/section><br \/>\n\n<style type=\"text\/css\" data-created_by=\"avia_inline_auto\" id=\"style-css-av-37gbpl-3c73271be84b7f9926de4854a06f6e79\">\n.avia-image-container.av-37gbpl-3c73271be84b7f9926de4854a06f6e79 img.avia_image{\nbox-shadow:none;\n}\n.avia-image-container.av-37gbpl-3c73271be84b7f9926de4854a06f6e79 .av-caption-image-overlay-bg{\nopacity:0.4;\nbackground-color:#000000;\n}\n.avia-image-container.av-37gbpl-3c73271be84b7f9926de4854a06f6e79 .av-image-caption-overlay-center{\ncolor:#ffffff;\n}\n<\/style>\n<div  class='avia-image-container av-37gbpl-3c73271be84b7f9926de4854a06f6e79 av-styling- avia-align-center  avia-builder-el-5  el_after_av_textblock  el_before_av_textblock  noHover av-overlay-hover-deactivate'   itemprop=\"image\" itemscope=\"itemscope\" itemtype=\"https:\/\/schema.org\/ImageObject\" ><div class=\"avia-image-container-inner\"><div class=\"avia-image-overlay-wrap\"><div class=\"av-image-caption-overlay\"><div class=\"av-caption-image-overlay-bg\"><\/div><div class=\"av-image-caption-overlay-position\"><div class=\"av-image-caption-overlay-center\"><p>Zuchttermine von Ralf Kolbe<\/p>\n<\/div><\/div><\/div><img decoding=\"async\" fetchpriority=\"high\" class='wp-image-7557 avia-img-lazy-loading-not-7557 avia_image ' src=\"https:\/\/imker-aigen.at\/wp-content\/uploads\/2025\/03\/ralph_kolbe_2025.jpg\" alt='' title='Zuchttermine von Ralph Kolbe'  height=\"768\" width=\"578\"  itemprop=\"thumbnailUrl\" srcset=\"https:\/\/imker-aigen.at\/wp-content\/uploads\/2025\/03\/ralph_kolbe_2025.jpg 578w, https:\/\/imker-aigen.at\/wp-content\/uploads\/2025\/03\/ralph_kolbe_2025-226x300.jpg 226w, https:\/\/imker-aigen.at\/wp-content\/uploads\/2025\/03\/ralph_kolbe_2025-531x705.jpg 531w\" sizes=\"(max-width: 578px) 100vw, 578px\" \/><\/div><\/div><\/div><br \/>\n<section  class='av_textblock_section av-m7xknrm8-4ff086293d494ba1360b8f21b9ed4b9c '   itemscope=\"itemscope\" itemtype=\"https:\/\/schema.org\/BlogPosting\" itemprop=\"blogPost\" ><div class='avia_textblock'  itemprop=\"text\" ><p>Zum Umlarven nimmt er die j\u00fcngsten Larven, etwa ab dem 4 Tag, den er f\u00fcr die weitere Arbeit als Tag 0 bezeichnet.\u00a0In den Zuchtleisten kann er in zwei Reihen etwa 60 Zellen anlegen. Er h\u00e4ngt sie dann in einen Ableger neben eine Brutwabe, weil es dort am w\u00e4rmsten ist. Wenn es zu kalt ist, bleiben die Zellen klein. Dann sind auch die K\u00f6niginnen klein und von minderer Qualit\u00e4t. Am Tag 5 gibt er die R\u00e4hmchen in einen Brutschrank und in einen Schl\u00fcpfk\u00e4fig. Das ist eine reine Vorsichtsma\u00dfnahme, falls doch eine Jungk\u00f6nigin fr\u00fcher schl\u00fcpft als erwartet.<\/p>\n<p>Nach weiteren 5 Tagen dr\u00fcckt er die Zelle mit der kurz vor dem Schl\u00fcpfen stehenden Jungk\u00f6nigin heraus und h\u00e4ngt sie ein vorbereitetes Apideak\u00e4stchen. Im Apideak\u00e4stchen sollten etwa 100g Bienen wegen des W\u00e4rmehaushalts sein. Die K\u00e4stchen stehen noch etwa 3 Tage im Keller bis zur Schl\u00fcpfkontrolle. Dann kommen sie auf die Belegstelle. Ralf empfiehlt die Apideak\u00e4stchen, wenn man mehr als 100 K\u00f6niginnen zur Verf\u00fcgung hat. Darunter kann man auch Miniplus-Beuten verwenden.<\/p>\n<h3>Fazit<\/h3>\n<p>Es war sehr interessant zu sehen, wie ein Imker mit so vielen V\u00f6lkern arbeitet. Alle Abl\u00e4ufe sind auf Wirtschaftlichkeit ausgerichtet. Zeitersparnis ist ein wichtiger Punkt und was nicht funktioniert, muss weg.<br \/>\nBestimmte Kriterien, die ihm bei seinen Bienen wichtig sind, z\u00fcchtet er auch bei seinen K\u00f6niginnen. Obwohl die Wirtschaftlichkeit f\u00fcr seinen Betrieb das Hauptkriterium ist, ist er der Meinung, dass man als Imker den Bienen gerecht werden muss, indem man ihr Wesen kennenlernt. Interessant fand ich auch, dass er im Laufe des Jahres immer wieder zuf\u00fcttert, um die Legeleistung der K\u00f6nigin und den Arbeitseifer des Bienenvolkes zu erhalten.<\/p>\n<p>Eine \u201ewesensgem\u00e4\u00dfe Haltung\u201c der Bienen sei nicht mehr m\u00f6glich. Die Imkerei ist zur Massentierhaltung geworden. Zu viel wurde bereits z\u00fcchterisch ver\u00e4ndert. Schwarmlust oder Stechfreudigkeit, um nur zwei zu nennen, sind fast weggez\u00fcchtet. Er selbst \u201ezwingt\u201c mit seinen Schieden die K\u00f6nigin auf bestimmte R\u00e4hmchen.<\/p>\n<p>Auch wenn die Imkerei Kolbe in ganz anderen Dimensionen unterwegs ist, gibt es Handgriffe, die f\u00fcr die Arbeit mit den eigenen V\u00f6lkern durchaus praktikabel sind. Alles in allem ein wertvoller Vortrag, um den eigenen Horizont zu erweitern.<\/p>\n<p><strong>Vielen Dank an Ralf Kolbe und den <a href=\"https:\/\/imkerhof-salzburg.at\/\">Imkerhof Salzburg<\/a> f\u00fcr diese sehr gelungene Veranstaltung!<\/strong><\/p>\n<\/div><\/section><br \/>\n<div  class='av-social-sharing-box av-3sufh5-24a06ee8ba1d97e9f641262180c066f9 av-social-sharing-box-default  avia-builder-el-7  el_after_av_textblock  el_before_av_comments_list  av-social-sharing-box-fullwidth'><div class=\"av-share-box\"><h5 class='av-share-link-description av-no-toc '>Eintrag teilen<\/h5><ul class=\"av-share-box-list noLightbox\"><li class='av-share-link av-social-link-facebook avia_social_iconfont' ><a target=\"_blank\" aria-label=\"Teilen auf Facebook\" href='https:\/\/www.facebook.com\/sharer.php?u=https:\/\/imker-aigen.at\/index.php\/2025\/03\/05\/saisonauftakt-am-imkerhof-salzburg-mit-wanderimker-ralph-kolbe\/&#038;t=Saisonauftakt%20am%20Imkerhof%20Salzburg%20mit%20Wanderimker%20Ralf%20Kolbe' data-av_icon='\ue8f3' data-av_iconfont='entypo-fontello'  title='' data-avia-related-tooltip='Teilen auf Facebook'><span class='avia_hidden_link_text'>Teilen auf Facebook<\/span><\/a><\/li><li class='av-share-link av-social-link-twitter avia_social_iconfont' ><a target=\"_blank\" aria-label=\"Teilen auf X\" href='https:\/\/twitter.com\/share?text=Saisonauftakt%20am%20Imkerhof%20Salzburg%20mit%20Wanderimker%20Ralf%20Kolbe&#038;url=https:\/\/imker-aigen.at\/?p=7513' data-av_icon='\ue932' data-av_iconfont='entypo-fontello'  title='' data-avia-related-tooltip='Teilen auf X'><span class='avia_hidden_link_text'>Teilen auf X<\/span><\/a><\/li><li class='av-share-link av-social-link-whatsapp avia_social_iconfont' ><a target=\"_blank\" aria-label=\"Teilen auf WhatsApp\" href='https:\/\/api.whatsapp.com\/send?text=https:\/\/imker-aigen.at\/index.php\/2025\/03\/05\/saisonauftakt-am-imkerhof-salzburg-mit-wanderimker-ralph-kolbe\/' data-av_icon='\uf232' data-av_iconfont='entypo-fontello'  title='' data-avia-related-tooltip='Teilen auf WhatsApp'><span class='avia_hidden_link_text'>Teilen auf WhatsApp<\/span><\/a><\/li><li class='av-share-link av-social-link-pinterest avia_social_iconfont' ><a target=\"_blank\" aria-label=\"Teilen auf Pinterest\" href='https:\/\/pinterest.com\/pin\/create\/button\/?url=https%3A%2F%2Fimker-aigen.at%2Findex.php%2F2025%2F03%2F05%2Fsaisonauftakt-am-imkerhof-salzburg-mit-wanderimker-ralph-kolbe%2F&#038;description=Saisonauftakt%20am%20Imkerhof%20Salzburg%20mit%20Wanderimker%20Ralf%20Kolbe&#038;media=https%3A%2F%2Fimker-aigen.at%2Fwp-content%2Fuploads%2F2025%2F03%2Fwanderimkerei_kolbe.jpg' data-av_icon='\ue8f8' data-av_iconfont='entypo-fontello'  title='' data-avia-related-tooltip='Teilen auf Pinterest'><span class='avia_hidden_link_text'>Teilen auf Pinterest<\/span><\/a><\/li><li class='av-share-link av-social-link-linkedin avia_social_iconfont' ><a target=\"_blank\" aria-label=\"Teilen auf LinkedIn\" href='https:\/\/linkedin.com\/shareArticle?mini=true&#038;title=Saisonauftakt%20am%20Imkerhof%20Salzburg%20mit%20Wanderimker%20Ralf%20Kolbe&#038;url=https:\/\/imker-aigen.at\/index.php\/2025\/03\/05\/saisonauftakt-am-imkerhof-salzburg-mit-wanderimker-ralph-kolbe\/' data-av_icon='\ue8fc' data-av_iconfont='entypo-fontello'  title='' data-avia-related-tooltip='Teilen auf LinkedIn'><span class='avia_hidden_link_text'>Teilen auf LinkedIn<\/span><\/a><\/li><li class='av-share-link av-social-link-reddit avia_social_iconfont' ><a target=\"_blank\" aria-label=\"Teilen auf Reddit\" href='https:\/\/reddit.com\/submit?url=https:\/\/imker-aigen.at\/index.php\/2025\/03\/05\/saisonauftakt-am-imkerhof-salzburg-mit-wanderimker-ralph-kolbe\/&#038;title=Saisonauftakt%20am%20Imkerhof%20Salzburg%20mit%20Wanderimker%20Ralf%20Kolbe' data-av_icon='\ue927' data-av_iconfont='entypo-fontello'  title='' data-avia-related-tooltip='Teilen auf Reddit'><span class='avia_hidden_link_text'>Teilen auf Reddit<\/span><\/a><\/li><li class='av-share-link av-social-link-mail avia_social_iconfont' ><a  aria-label=\"Per E-Mail teilen\" href='mailto:?subject=Saisonauftakt%20am%20Imkerhof%20Salzburg%20mit%20Wanderimker%20Ralf%20Kolbe&#038;body=https:\/\/imker-aigen.at\/index.php\/2025\/03\/05\/saisonauftakt-am-imkerhof-salzburg-mit-wanderimker-ralph-kolbe\/' data-av_icon='\ue805' data-av_iconfont='entypo-fontello'  title='' data-avia-related-tooltip='Per E-Mail teilen'><span class='avia_hidden_link_text'>Per E-Mail teilen<\/span><\/a><\/li><\/ul><\/div><\/div><br \/>\n<div  class='av-buildercomment av-2s6k1l-e4622f263eaf7e6a09f0ace4a0c1525c'><\/div><\/p><\/div>\n","protected":false},"excerpt":{"rendered":"","protected":false},"author":1,"featured_media":7575,"comment_status":"open","ping_status":"closed","sticky":false,"template":"","format":"standard","meta":{"footnotes":""},"categories":[18,2],"tags":[357,361,360,358],"class_list":["post-7513","post","type-post","status-publish","format-standard","has-post-thumbnail","hentry","category-alte-veranstaltungen","category-news","tag-kolbe","tag-ralf","tag-ralf-kolbe","tag-saisonauftakt"],"yoast_head":"<!-- This site is optimized with the Yoast SEO plugin v27.4 - https:\/\/yoast.com\/product\/yoast-seo-wordpress\/ -->\n<title>Saisonauftakt am Imkerhof Salzburg mit Wanderimker Ralf Kolbe - Imker Ortsgruppe Salzburg Aigen<\/title>\n<meta name=\"description\" content=\"Am 1. und 2 M\u00e4rz 2025 gab Imkermeister Ralf Kolbe am Imkerhof Salzburg Einblick in seine Arbeitsweise\" \/>\n<meta name=\"robots\" content=\"index, follow, max-snippet:-1, max-image-preview:large, max-video-preview:-1\" \/>\n<link rel=\"canonical\" href=\"https:\/\/imker-aigen.at\/index.php\/2025\/03\/05\/saisonauftakt-am-imkerhof-salzburg-mit-wanderimker-ralph-kolbe\/\" \/>\n<meta property=\"og:locale\" content=\"de_DE\" \/>\n<meta property=\"og:type\" content=\"article\" \/>\n<meta property=\"og:title\" content=\"Saisonauftakt am Imkerhof Salzburg mit Wanderimker Ralf Kolbe - Imker Ortsgruppe Salzburg Aigen\" \/>\n<meta property=\"og:description\" content=\"Am 1. und 2 M\u00e4rz 2025 gab Imkermeister Ralf Kolbe am Imkerhof Salzburg Einblick in seine Arbeitsweise\" \/>\n<meta property=\"og:url\" content=\"https:\/\/imker-aigen.at\/index.php\/2025\/03\/05\/saisonauftakt-am-imkerhof-salzburg-mit-wanderimker-ralph-kolbe\/\" \/>\n<meta property=\"og:site_name\" content=\"Imker Ortsgruppe Salzburg Aigen\" \/>\n<meta property=\"article:published_time\" content=\"2025-03-05T21:08:10+00:00\" \/>\n<meta property=\"article:modified_time\" content=\"2025-03-07T10:34:20+00:00\" \/>\n<meta property=\"og:image\" content=\"https:\/\/imker-aigen.at\/wp-content\/uploads\/2025\/03\/wanderimkerei_kolbe.jpg\" \/>\n\t<meta property=\"og:image:width\" content=\"486\" \/>\n\t<meta property=\"og:image:height\" content=\"300\" \/>\n\t<meta property=\"og:image:type\" content=\"image\/jpeg\" \/>\n<meta name=\"author\" content=\"admin\" \/>\n<meta name=\"twitter:card\" content=\"summary_large_image\" \/>\n<meta name=\"twitter:label1\" content=\"Verfasst von\" \/>\n\t<meta name=\"twitter:data1\" content=\"admin\" \/>\n\t<meta name=\"twitter:label2\" content=\"Gesch\u00e4tzte Lesezeit\" \/>\n\t<meta name=\"twitter:data2\" content=\"11\u00a0Minuten\" \/>\n<script type=\"application\/ld+json\" class=\"yoast-schema-graph\">{\"@context\":\"https:\\\/\\\/schema.org\",\"@graph\":[{\"@type\":\"Article\",\"@id\":\"https:\\\/\\\/imker-aigen.at\\\/index.php\\\/2025\\\/03\\\/05\\\/saisonauftakt-am-imkerhof-salzburg-mit-wanderimker-ralph-kolbe\\\/#article\",\"isPartOf\":{\"@id\":\"https:\\\/\\\/imker-aigen.at\\\/index.php\\\/2025\\\/03\\\/05\\\/saisonauftakt-am-imkerhof-salzburg-mit-wanderimker-ralph-kolbe\\\/\"},\"author\":{\"name\":\"admin\",\"@id\":\"https:\\\/\\\/imker-aigen.at\\\/#\\\/schema\\\/person\\\/d7d0c3a8ef6f051d450781218ac83077\"},\"headline\":\"Saisonauftakt am Imkerhof Salzburg mit Wanderimker Ralf Kolbe\",\"datePublished\":\"2025-03-05T21:08:10+00:00\",\"dateModified\":\"2025-03-07T10:34:20+00:00\",\"mainEntityOfPage\":{\"@id\":\"https:\\\/\\\/imker-aigen.at\\\/index.php\\\/2025\\\/03\\\/05\\\/saisonauftakt-am-imkerhof-salzburg-mit-wanderimker-ralph-kolbe\\\/\"},\"wordCount\":3437,\"commentCount\":2,\"publisher\":{\"@id\":\"https:\\\/\\\/imker-aigen.at\\\/#organization\"},\"image\":{\"@id\":\"https:\\\/\\\/imker-aigen.at\\\/index.php\\\/2025\\\/03\\\/05\\\/saisonauftakt-am-imkerhof-salzburg-mit-wanderimker-ralph-kolbe\\\/#primaryimage\"},\"thumbnailUrl\":\"https:\\\/\\\/imker-aigen.at\\\/wp-content\\\/uploads\\\/2025\\\/03\\\/wanderimkerei_kolbe.jpg\",\"keywords\":[\"Kolbe\",\"Ralf\",\"Ralf Kolbe\",\"Saisonauftakt\"],\"articleSection\":[\"Alte Veranstaltungen\",\"News\"],\"inLanguage\":\"de\",\"potentialAction\":[{\"@type\":\"CommentAction\",\"name\":\"Comment\",\"target\":[\"https:\\\/\\\/imker-aigen.at\\\/index.php\\\/2025\\\/03\\\/05\\\/saisonauftakt-am-imkerhof-salzburg-mit-wanderimker-ralph-kolbe\\\/#respond\"]}]},{\"@type\":\"WebPage\",\"@id\":\"https:\\\/\\\/imker-aigen.at\\\/index.php\\\/2025\\\/03\\\/05\\\/saisonauftakt-am-imkerhof-salzburg-mit-wanderimker-ralph-kolbe\\\/\",\"url\":\"https:\\\/\\\/imker-aigen.at\\\/index.php\\\/2025\\\/03\\\/05\\\/saisonauftakt-am-imkerhof-salzburg-mit-wanderimker-ralph-kolbe\\\/\",\"name\":\"Saisonauftakt am Imkerhof Salzburg mit Wanderimker Ralf Kolbe - Imker Ortsgruppe Salzburg Aigen\",\"isPartOf\":{\"@id\":\"https:\\\/\\\/imker-aigen.at\\\/#website\"},\"primaryImageOfPage\":{\"@id\":\"https:\\\/\\\/imker-aigen.at\\\/index.php\\\/2025\\\/03\\\/05\\\/saisonauftakt-am-imkerhof-salzburg-mit-wanderimker-ralph-kolbe\\\/#primaryimage\"},\"image\":{\"@id\":\"https:\\\/\\\/imker-aigen.at\\\/index.php\\\/2025\\\/03\\\/05\\\/saisonauftakt-am-imkerhof-salzburg-mit-wanderimker-ralph-kolbe\\\/#primaryimage\"},\"thumbnailUrl\":\"https:\\\/\\\/imker-aigen.at\\\/wp-content\\\/uploads\\\/2025\\\/03\\\/wanderimkerei_kolbe.jpg\",\"datePublished\":\"2025-03-05T21:08:10+00:00\",\"dateModified\":\"2025-03-07T10:34:20+00:00\",\"description\":\"Am 1. und 2 M\u00e4rz 2025 gab Imkermeister Ralf Kolbe am Imkerhof Salzburg Einblick in seine Arbeitsweise\",\"breadcrumb\":{\"@id\":\"https:\\\/\\\/imker-aigen.at\\\/index.php\\\/2025\\\/03\\\/05\\\/saisonauftakt-am-imkerhof-salzburg-mit-wanderimker-ralph-kolbe\\\/#breadcrumb\"},\"inLanguage\":\"de\",\"potentialAction\":[{\"@type\":\"ReadAction\",\"target\":[\"https:\\\/\\\/imker-aigen.at\\\/index.php\\\/2025\\\/03\\\/05\\\/saisonauftakt-am-imkerhof-salzburg-mit-wanderimker-ralph-kolbe\\\/\"]}]},{\"@type\":\"ImageObject\",\"inLanguage\":\"de\",\"@id\":\"https:\\\/\\\/imker-aigen.at\\\/index.php\\\/2025\\\/03\\\/05\\\/saisonauftakt-am-imkerhof-salzburg-mit-wanderimker-ralph-kolbe\\\/#primaryimage\",\"url\":\"https:\\\/\\\/imker-aigen.at\\\/wp-content\\\/uploads\\\/2025\\\/03\\\/wanderimkerei_kolbe.jpg\",\"contentUrl\":\"https:\\\/\\\/imker-aigen.at\\\/wp-content\\\/uploads\\\/2025\\\/03\\\/wanderimkerei_kolbe.jpg\",\"width\":486,\"height\":300},{\"@type\":\"BreadcrumbList\",\"@id\":\"https:\\\/\\\/imker-aigen.at\\\/index.php\\\/2025\\\/03\\\/05\\\/saisonauftakt-am-imkerhof-salzburg-mit-wanderimker-ralph-kolbe\\\/#breadcrumb\",\"itemListElement\":[{\"@type\":\"ListItem\",\"position\":1,\"name\":\"Startseite\",\"item\":\"https:\\\/\\\/imker-aigen.at\\\/index.php\\\/home\\\/\"},{\"@type\":\"ListItem\",\"position\":2,\"name\":\"Saisonauftakt am Imkerhof Salzburg mit Wanderimker Ralf Kolbe\"}]},{\"@type\":\"WebSite\",\"@id\":\"https:\\\/\\\/imker-aigen.at\\\/#website\",\"url\":\"https:\\\/\\\/imker-aigen.at\\\/\",\"name\":\"Imker Ortsgruppe Salzburg Aigen\",\"description\":\"Homepage der Imker-Ortsgruppe Salzburg Aigen\",\"publisher\":{\"@id\":\"https:\\\/\\\/imker-aigen.at\\\/#organization\"},\"potentialAction\":[{\"@type\":\"SearchAction\",\"target\":{\"@type\":\"EntryPoint\",\"urlTemplate\":\"https:\\\/\\\/imker-aigen.at\\\/?s={search_term_string}\"},\"query-input\":{\"@type\":\"PropertyValueSpecification\",\"valueRequired\":true,\"valueName\":\"search_term_string\"}}],\"inLanguage\":\"de\"},{\"@type\":\"Organization\",\"@id\":\"https:\\\/\\\/imker-aigen.at\\\/#organization\",\"name\":\"Imker Ortsgruppe Salzburg Aigen\",\"url\":\"https:\\\/\\\/imker-aigen.at\\\/\",\"logo\":{\"@type\":\"ImageObject\",\"inLanguage\":\"de\",\"@id\":\"https:\\\/\\\/imker-aigen.at\\\/#\\\/schema\\\/logo\\\/image\\\/\",\"url\":\"https:\\\/\\\/imker-aigen.at\\\/wp-content\\\/uploads\\\/2022\\\/08\\\/logo-1.png\",\"contentUrl\":\"https:\\\/\\\/imker-aigen.at\\\/wp-content\\\/uploads\\\/2022\\\/08\\\/logo-1.png\",\"width\":392,\"height\":156,\"caption\":\"Imker Ortsgruppe Salzburg Aigen\"},\"image\":{\"@id\":\"https:\\\/\\\/imker-aigen.at\\\/#\\\/schema\\\/logo\\\/image\\\/\"}},{\"@type\":\"Person\",\"@id\":\"https:\\\/\\\/imker-aigen.at\\\/#\\\/schema\\\/person\\\/d7d0c3a8ef6f051d450781218ac83077\",\"name\":\"admin\",\"image\":{\"@type\":\"ImageObject\",\"inLanguage\":\"de\",\"@id\":\"https:\\\/\\\/secure.gravatar.com\\\/avatar\\\/925a7e918efd3cfdae29be9c0018a3ae3275cd0444a6e166241172bb6e5243c7?s=96&d=mm&r=g\",\"url\":\"https:\\\/\\\/secure.gravatar.com\\\/avatar\\\/925a7e918efd3cfdae29be9c0018a3ae3275cd0444a6e166241172bb6e5243c7?s=96&d=mm&r=g\",\"contentUrl\":\"https:\\\/\\\/secure.gravatar.com\\\/avatar\\\/925a7e918efd3cfdae29be9c0018a3ae3275cd0444a6e166241172bb6e5243c7?s=96&d=mm&r=g\",\"caption\":\"admin\"},\"sameAs\":[\"https:\\\/\\\/imker-aigen.at\",\"linkedin.com\\\/in\\\/bernd-meierhofer-5919b62\"],\"url\":\"https:\\\/\\\/imker-aigen.at\\\/index.php\\\/author\\\/bmeierhofer\\\/\"}]}<\/script>\n<!-- \/ Yoast SEO plugin. -->","yoast_head_json":{"title":"Saisonauftakt am Imkerhof Salzburg mit Wanderimker Ralf Kolbe - Imker Ortsgruppe Salzburg Aigen","description":"Am 1. und 2 M\u00e4rz 2025 gab Imkermeister Ralf Kolbe am Imkerhof Salzburg Einblick in seine Arbeitsweise","robots":{"index":"index","follow":"follow","max-snippet":"max-snippet:-1","max-image-preview":"max-image-preview:large","max-video-preview":"max-video-preview:-1"},"canonical":"https:\/\/imker-aigen.at\/index.php\/2025\/03\/05\/saisonauftakt-am-imkerhof-salzburg-mit-wanderimker-ralph-kolbe\/","og_locale":"de_DE","og_type":"article","og_title":"Saisonauftakt am Imkerhof Salzburg mit Wanderimker Ralf Kolbe - Imker Ortsgruppe Salzburg Aigen","og_description":"Am 1. und 2 M\u00e4rz 2025 gab Imkermeister Ralf Kolbe am Imkerhof Salzburg Einblick in seine Arbeitsweise","og_url":"https:\/\/imker-aigen.at\/index.php\/2025\/03\/05\/saisonauftakt-am-imkerhof-salzburg-mit-wanderimker-ralph-kolbe\/","og_site_name":"Imker Ortsgruppe Salzburg Aigen","article_published_time":"2025-03-05T21:08:10+00:00","article_modified_time":"2025-03-07T10:34:20+00:00","og_image":[{"width":486,"height":300,"url":"https:\/\/imker-aigen.at\/wp-content\/uploads\/2025\/03\/wanderimkerei_kolbe.jpg","type":"image\/jpeg"}],"author":"admin","twitter_card":"summary_large_image","twitter_misc":{"Verfasst von":"admin","Gesch\u00e4tzte Lesezeit":"11\u00a0Minuten"},"schema":{"@context":"https:\/\/schema.org","@graph":[{"@type":"Article","@id":"https:\/\/imker-aigen.at\/index.php\/2025\/03\/05\/saisonauftakt-am-imkerhof-salzburg-mit-wanderimker-ralph-kolbe\/#article","isPartOf":{"@id":"https:\/\/imker-aigen.at\/index.php\/2025\/03\/05\/saisonauftakt-am-imkerhof-salzburg-mit-wanderimker-ralph-kolbe\/"},"author":{"name":"admin","@id":"https:\/\/imker-aigen.at\/#\/schema\/person\/d7d0c3a8ef6f051d450781218ac83077"},"headline":"Saisonauftakt am Imkerhof Salzburg mit Wanderimker Ralf Kolbe","datePublished":"2025-03-05T21:08:10+00:00","dateModified":"2025-03-07T10:34:20+00:00","mainEntityOfPage":{"@id":"https:\/\/imker-aigen.at\/index.php\/2025\/03\/05\/saisonauftakt-am-imkerhof-salzburg-mit-wanderimker-ralph-kolbe\/"},"wordCount":3437,"commentCount":2,"publisher":{"@id":"https:\/\/imker-aigen.at\/#organization"},"image":{"@id":"https:\/\/imker-aigen.at\/index.php\/2025\/03\/05\/saisonauftakt-am-imkerhof-salzburg-mit-wanderimker-ralph-kolbe\/#primaryimage"},"thumbnailUrl":"https:\/\/imker-aigen.at\/wp-content\/uploads\/2025\/03\/wanderimkerei_kolbe.jpg","keywords":["Kolbe","Ralf","Ralf Kolbe","Saisonauftakt"],"articleSection":["Alte Veranstaltungen","News"],"inLanguage":"de","potentialAction":[{"@type":"CommentAction","name":"Comment","target":["https:\/\/imker-aigen.at\/index.php\/2025\/03\/05\/saisonauftakt-am-imkerhof-salzburg-mit-wanderimker-ralph-kolbe\/#respond"]}]},{"@type":"WebPage","@id":"https:\/\/imker-aigen.at\/index.php\/2025\/03\/05\/saisonauftakt-am-imkerhof-salzburg-mit-wanderimker-ralph-kolbe\/","url":"https:\/\/imker-aigen.at\/index.php\/2025\/03\/05\/saisonauftakt-am-imkerhof-salzburg-mit-wanderimker-ralph-kolbe\/","name":"Saisonauftakt am Imkerhof Salzburg mit Wanderimker Ralf Kolbe - Imker Ortsgruppe Salzburg Aigen","isPartOf":{"@id":"https:\/\/imker-aigen.at\/#website"},"primaryImageOfPage":{"@id":"https:\/\/imker-aigen.at\/index.php\/2025\/03\/05\/saisonauftakt-am-imkerhof-salzburg-mit-wanderimker-ralph-kolbe\/#primaryimage"},"image":{"@id":"https:\/\/imker-aigen.at\/index.php\/2025\/03\/05\/saisonauftakt-am-imkerhof-salzburg-mit-wanderimker-ralph-kolbe\/#primaryimage"},"thumbnailUrl":"https:\/\/imker-aigen.at\/wp-content\/uploads\/2025\/03\/wanderimkerei_kolbe.jpg","datePublished":"2025-03-05T21:08:10+00:00","dateModified":"2025-03-07T10:34:20+00:00","description":"Am 1. und 2 M\u00e4rz 2025 gab Imkermeister Ralf Kolbe am Imkerhof Salzburg Einblick in seine Arbeitsweise","breadcrumb":{"@id":"https:\/\/imker-aigen.at\/index.php\/2025\/03\/05\/saisonauftakt-am-imkerhof-salzburg-mit-wanderimker-ralph-kolbe\/#breadcrumb"},"inLanguage":"de","potentialAction":[{"@type":"ReadAction","target":["https:\/\/imker-aigen.at\/index.php\/2025\/03\/05\/saisonauftakt-am-imkerhof-salzburg-mit-wanderimker-ralph-kolbe\/"]}]},{"@type":"ImageObject","inLanguage":"de","@id":"https:\/\/imker-aigen.at\/index.php\/2025\/03\/05\/saisonauftakt-am-imkerhof-salzburg-mit-wanderimker-ralph-kolbe\/#primaryimage","url":"https:\/\/imker-aigen.at\/wp-content\/uploads\/2025\/03\/wanderimkerei_kolbe.jpg","contentUrl":"https:\/\/imker-aigen.at\/wp-content\/uploads\/2025\/03\/wanderimkerei_kolbe.jpg","width":486,"height":300},{"@type":"BreadcrumbList","@id":"https:\/\/imker-aigen.at\/index.php\/2025\/03\/05\/saisonauftakt-am-imkerhof-salzburg-mit-wanderimker-ralph-kolbe\/#breadcrumb","itemListElement":[{"@type":"ListItem","position":1,"name":"Startseite","item":"https:\/\/imker-aigen.at\/index.php\/home\/"},{"@type":"ListItem","position":2,"name":"Saisonauftakt am Imkerhof Salzburg mit Wanderimker Ralf Kolbe"}]},{"@type":"WebSite","@id":"https:\/\/imker-aigen.at\/#website","url":"https:\/\/imker-aigen.at\/","name":"Imker Ortsgruppe Salzburg Aigen","description":"Homepage der Imker-Ortsgruppe Salzburg Aigen","publisher":{"@id":"https:\/\/imker-aigen.at\/#organization"},"potentialAction":[{"@type":"SearchAction","target":{"@type":"EntryPoint","urlTemplate":"https:\/\/imker-aigen.at\/?s={search_term_string}"},"query-input":{"@type":"PropertyValueSpecification","valueRequired":true,"valueName":"search_term_string"}}],"inLanguage":"de"},{"@type":"Organization","@id":"https:\/\/imker-aigen.at\/#organization","name":"Imker Ortsgruppe Salzburg Aigen","url":"https:\/\/imker-aigen.at\/","logo":{"@type":"ImageObject","inLanguage":"de","@id":"https:\/\/imker-aigen.at\/#\/schema\/logo\/image\/","url":"https:\/\/imker-aigen.at\/wp-content\/uploads\/2022\/08\/logo-1.png","contentUrl":"https:\/\/imker-aigen.at\/wp-content\/uploads\/2022\/08\/logo-1.png","width":392,"height":156,"caption":"Imker Ortsgruppe Salzburg Aigen"},"image":{"@id":"https:\/\/imker-aigen.at\/#\/schema\/logo\/image\/"}},{"@type":"Person","@id":"https:\/\/imker-aigen.at\/#\/schema\/person\/d7d0c3a8ef6f051d450781218ac83077","name":"admin","image":{"@type":"ImageObject","inLanguage":"de","@id":"https:\/\/secure.gravatar.com\/avatar\/925a7e918efd3cfdae29be9c0018a3ae3275cd0444a6e166241172bb6e5243c7?s=96&d=mm&r=g","url":"https:\/\/secure.gravatar.com\/avatar\/925a7e918efd3cfdae29be9c0018a3ae3275cd0444a6e166241172bb6e5243c7?s=96&d=mm&r=g","contentUrl":"https:\/\/secure.gravatar.com\/avatar\/925a7e918efd3cfdae29be9c0018a3ae3275cd0444a6e166241172bb6e5243c7?s=96&d=mm&r=g","caption":"admin"},"sameAs":["https:\/\/imker-aigen.at","linkedin.com\/in\/bernd-meierhofer-5919b62"],"url":"https:\/\/imker-aigen.at\/index.php\/author\/bmeierhofer\/"}]}},"_links":{"self":[{"href":"https:\/\/imker-aigen.at\/index.php\/wp-json\/wp\/v2\/posts\/7513","targetHints":{"allow":["GET"]}}],"collection":[{"href":"https:\/\/imker-aigen.at\/index.php\/wp-json\/wp\/v2\/posts"}],"about":[{"href":"https:\/\/imker-aigen.at\/index.php\/wp-json\/wp\/v2\/types\/post"}],"author":[{"embeddable":true,"href":"https:\/\/imker-aigen.at\/index.php\/wp-json\/wp\/v2\/users\/1"}],"replies":[{"embeddable":true,"href":"https:\/\/imker-aigen.at\/index.php\/wp-json\/wp\/v2\/comments?post=7513"}],"version-history":[{"count":24,"href":"https:\/\/imker-aigen.at\/index.php\/wp-json\/wp\/v2\/posts\/7513\/revisions"}],"predecessor-version":[{"id":7576,"href":"https:\/\/imker-aigen.at\/index.php\/wp-json\/wp\/v2\/posts\/7513\/revisions\/7576"}],"wp:featuredmedia":[{"embeddable":true,"href":"https:\/\/imker-aigen.at\/index.php\/wp-json\/wp\/v2\/media\/7575"}],"wp:attachment":[{"href":"https:\/\/imker-aigen.at\/index.php\/wp-json\/wp\/v2\/media?parent=7513"}],"wp:term":[{"taxonomy":"category","embeddable":true,"href":"https:\/\/imker-aigen.at\/index.php\/wp-json\/wp\/v2\/categories?post=7513"},{"taxonomy":"post_tag","embeddable":true,"href":"https:\/\/imker-aigen.at\/index.php\/wp-json\/wp\/v2\/tags?post=7513"}],"curies":[{"name":"wp","href":"https:\/\/api.w.org\/{rel}","templated":true}]}}