{"id":7642,"date":"2025-03-22T15:31:05","date_gmt":"2025-03-22T14:31:05","guid":{"rendered":"https:\/\/imker-aigen.at\/?p=7642"},"modified":"2025-03-22T16:19:16","modified_gmt":"2025-03-22T15:19:16","slug":"jahreshauptversammlung-2025-der-imker-ortsgruppe-golling","status":"publish","type":"post","link":"https:\/\/imker-aigen.at\/index.php\/2025\/03\/22\/jahreshauptversammlung-2025-der-imker-ortsgruppe-golling\/","title":{"rendered":"Jahreshauptversammlung 2025 der Imker-Ortsgruppe Golling"},"content":{"rendered":"<div  class='flex_column av-6gdfl6-bf661f8eed5c7669f3585e087853e8a7 av_one_full  avia-builder-el-0  avia-builder-el-no-sibling  first flex_column_div  '     ><p>\n<style type=\"text\/css\" data-created_by=\"avia_inline_auto\" id=\"style-css-av-m8kb5e31-c4456cff480c8bf33196a6dddafc3fb2\">\n#top .av-special-heading.av-m8kb5e31-c4456cff480c8bf33196a6dddafc3fb2{\npadding-bottom:10px;\n}\nbody .av-special-heading.av-m8kb5e31-c4456cff480c8bf33196a6dddafc3fb2 .av-special-heading-tag .heading-char{\nfont-size:25px;\n}\n.av-special-heading.av-m8kb5e31-c4456cff480c8bf33196a6dddafc3fb2 .av-subheading{\nfont-size:15px;\n}\n<\/style>\n<div  class='av-special-heading av-m8kb5e31-c4456cff480c8bf33196a6dddafc3fb2 av-special-heading-h3 blockquote modern-quote modern-centered  avia-builder-el-1  el_before_av_image  avia-builder-el-first '><h3 class='av-special-heading-tag '  itemprop=\"headline\"  >Jahreshauptversammlung 2025 der Imker-Ortsgruppe Golling<\/h3><div class=\"special-heading-border\"><div class=\"special-heading-inner-border\"><\/div><\/div><\/div><br \/>\n\n<style type=\"text\/css\" data-created_by=\"avia_inline_auto\" id=\"style-css-av-m8kcsg8b-a3b634d04bb5c82bb4f466691ae5ccae\">\n.avia-image-container.av-m8kcsg8b-a3b634d04bb5c82bb4f466691ae5ccae img.avia_image{\nbox-shadow:none;\n}\n.avia-image-container.av-m8kcsg8b-a3b634d04bb5c82bb4f466691ae5ccae .av-caption-image-overlay-bg{\nopacity:0.4;\nbackground-color:#000000;\n}\n.avia-image-container.av-m8kcsg8b-a3b634d04bb5c82bb4f466691ae5ccae .av-image-caption-overlay-center{\ncolor:#ffffff;\n}\n<\/style>\n<div  class='avia-image-container av-m8kcsg8b-a3b634d04bb5c82bb4f466691ae5ccae av-styling- avia-align-center  avia-builder-el-2  el_after_av_heading  el_before_av_hr  noHover av-overlay-hover-deactivate'   itemprop=\"image\" itemscope=\"itemscope\" itemtype=\"https:\/\/schema.org\/ImageObject\" ><div class=\"avia-image-container-inner\"><div class=\"avia-image-overlay-wrap\"><div class=\"av-image-caption-overlay\"><div class=\"av-caption-image-overlay-bg\"><\/div><div class=\"av-image-caption-overlay-position\"><div class=\"av-image-caption-overlay-center\"><p>Dipl. Biologe Chris Steube berichtet \u00fcber die Auswirkungen des Klimawandels auf die Imkerei<\/p>\n<\/div><\/div><\/div><img decoding=\"async\" fetchpriority=\"high\" class='wp-image-7652 avia-img-lazy-loading-not-7652 avia_image ' src=\"https:\/\/imker-aigen.at\/wp-content\/uploads\/2025\/03\/Jahreshauptversammlung_2025_Golling_1024_768-495x400.jpg\" alt='' title='Jahreshauptversammlung Golling 2025'  height=\"400\" width=\"495\"  itemprop=\"thumbnailUrl\" srcset=\"https:\/\/imker-aigen.at\/wp-content\/uploads\/2025\/03\/Jahreshauptversammlung_2025_Golling_1024_768-495x400.jpg 495w, https:\/\/imker-aigen.at\/wp-content\/uploads\/2025\/03\/Jahreshauptversammlung_2025_Golling_1024_768-845x684.jpg 845w\" sizes=\"(max-width: 495px) 100vw, 495px\" \/><\/div><\/div><\/div><br \/>\n\n<style type=\"text\/css\" data-created_by=\"avia_inline_auto\" id=\"style-css-av-m8kb66iu-be29f6ffdd172ee3ae7ef9ce921beb12\">\n#top .hr.av-m8kb66iu-be29f6ffdd172ee3ae7ef9ce921beb12{\nmargin-top:30px;\nmargin-bottom:30px;\n}\n.hr.av-m8kb66iu-be29f6ffdd172ee3ae7ef9ce921beb12 .hr-inner{\nwidth:50px;\nmax-width:45%;\n}\n<\/style>\n<div  class='hr av-m8kb66iu-be29f6ffdd172ee3ae7ef9ce921beb12 hr-custom  avia-builder-el-3  el_after_av_image  el_before_av_textblock  hr-center hr-icon-yes'><span class='hr-inner inner-border-av-border-thin'><span class=\"hr-inner-style\"><\/span><\/span><span class='av-seperator-icon avia-svg-icon avia-font-svg_entypo-fontello' data-av_svg_icon='dot-3' data-av_iconset='svg_entypo-fontello'><svg version=\"1.1\" xmlns=\"http:\/\/www.w3.org\/2000\/svg\" width=\"29\" height=\"32\" viewBox=\"0 0 29 32\" preserveAspectRatio=\"xMidYMid meet\" aria-labelledby='av-svg-title-1' aria-describedby='av-svg-desc-1' role=\"graphics-symbol\">\n<title id='av-svg-title-1'>Dot-3<\/title>\n<desc id='av-svg-desc-1'>Dot-3<\/desc>\n<path d=\"M3.52 12.48q1.472 0 2.496 1.024t1.024 2.496q0 1.408-1.024 2.464t-2.496 1.056-2.496-1.056-1.024-2.464q0-1.472 1.024-2.496t2.496-1.024zM14.72 12.48q1.472 0 2.496 1.024t1.024 2.496q0 1.408-1.056 2.464t-2.464 1.056-2.464-1.056-1.056-2.464q0-1.472 1.024-2.496t2.496-1.024zM25.92 12.48q1.472 0 2.496 1.024t1.024 2.496q0 1.408-1.024 2.464t-2.496 1.056-2.496-1.056-1.024-2.464q0-1.472 1.024-2.496t2.496-1.024z\"><\/path>\n<\/svg><\/span><span class='hr-inner inner-border-av-border-thin'><span class=\"hr-inner-style\"><\/span><\/span><\/div><br \/>\n<section  class='av_textblock_section av-m8kb5x3t-375649dfff0af9797ccc3f8fc70cd0fc '   itemscope=\"itemscope\" itemtype=\"https:\/\/schema.org\/BlogPosting\" itemprop=\"blogPost\" ><div class='avia_textblock'  itemprop=\"text\" ><p><span style=\"color: #999999;\">Autor: Bernd Meierhofer<\/span><\/p>\n<p>Am 21.3.2025 fand die Jahreshauptversammlung der Imkerortsgruppe Golling in der Tagger Kantine beim Leube Kalkwerk statt. Zahlreiche Mitglieder der Ortsgruppe aber auch G\u00e4ste aus anderen Ortsgruppen versammelten sich, um R\u00fcckblick auf das vergangene Jahr zu halten, zuk\u00fcnftige Projekte zu besprechen und dem Vortrag von Diplom Biologen und Laborleiter des <a href=\"https:\/\/imkerhof-salzburg.at\/\">Salzburger Imkerhofes<\/a>, Chris Steube, zu lauschen. Unter den G\u00e4sten war auch der B\u00fcrgermeister der Marktgemeinde Golling, Martin Dietrich.<\/p>\n<h3>Neuigkeiten<\/h3>\n<p>Zu Beginn des Abends informierte der Obmann des Vereins, Herbert Wieser, \u00fcber diverse Neuigkeiten aus dem <a href=\"https:\/\/imkerhof-salzburg.at\/buero-landesverband\/\">Salzburger Landesverband<\/a>. Unter anderem berichtete er \u00fcber die Anpassung der Mitgliedsbeitr\u00e4ge, die ge\u00e4nderten \u00d6ffnungszeiten des <a href=\"https:\/\/imkerhof-salzburg.at\/\">Imkerhofes Salzburg<\/a> sowie \u00fcber \u00c4nderungen in der Betriebsberatung bzw. bei der Ausstellung der Gesundheits- und Wanderzeugnisse.<\/p>\n<h3>Kassabericht\/Kassapr\u00fcfung<\/h3>\n<p>Wie bei Jahreshauptversammlungen \u00fcblich, erfolgte der Bericht der Kassiererin und der Kassapr\u00fcfer. Von den Kassapr\u00fcfern wurde die ordnungsgem\u00e4\u00dfe Buchf\u00fchrung best\u00e4tigt und die Entlastung der Kassiererin beantragt. Diese wurde von allen Vereinsmitgliedern einstimmig angenommen.<\/p>\n<h3>Vortrag von Diplom Biologe Chris Steube zum Thema &#8222;Imkern in Zeiten des Klimawandels<strong>&#8222;<\/strong><\/h3>\n<p>Ein besonderes Highlight der Veranstaltung war nat\u00fcrlich der Fachvortrag von Diplom Biologe Chris Steube zum Thema &#8222;Imkern in Zeiten des Klimawandels<strong>&#8222;<\/strong>. In seinem Vortrag erl\u00e4uterte er die Herausforderungen, denen sich Imker aufgrund steigender Temperaturen und ver\u00e4nderter Wetterbedingungen stellen m\u00fcssen. Er zeigte auf, wie sich Bl\u00fchzeiten (Ph\u00e4nologische Kalender) verschieben, neue Sch\u00e4dlinge (Vespa velutina, Vespa orientalis, Tropilaelapsmilbe, kleiner Beutenstockk\u00e4fer) ausbreiten und extreme Wetterereignisse die Bienenv\u00f6lker gef\u00e4hrden.<\/p>\n<p>Die raschen klimatischen Ver\u00e4nderungen werden massive Auswirkungen auf die Tracht haben. \u00a0Ein fr\u00fcheres Trachtangebot wird auf Bienenv\u00f6lker sto\u00dfen, welche noch nicht trachtreif sind bzw. vice versa. Blatthonige werden unsere klassischen Waldhonige abl\u00f6sen. Und durch die Zunahme von Melezitosehonig werden wir uns f\u00fcr den Melezitosehonig neue Verarbeitungs-(Umh\u00e4ngen im Bienenvolk, Trocknung?) \u00a0und Vermarktungskonzepte \u00fcberlegen m\u00fcssen.<br \/>\nDie invasiven Pflanzen wie Springkraut und japanischer Staudenkn\u00f6terich wurden von Chris insofern lobend erw\u00e4hnt, da sie den Bienen ein sp\u00e4tes Nahrungsangebot bieten und dieser von den Bienen gesammelte Nektar\/Pollen immer noch besser f\u00fcr die Bienengesundheit ist als der von uns gef\u00fctterte Zucker, der von den Inhaltsstoffen her doch sehr eint\u00f6nig ist. Es bleiben jedoch invasive Pflanzenarten. Ihre Ausbreitung darf auf keinen Fall gef\u00f6rdert werden.<\/p>\n<p>Bei der Ausbreitung von Vespa velutina war Chris selbst \u00fcberrascht, wie schnell sich invasive Arten ausbreiten k\u00f6nnen. Ein versteckter Transport in einem LKW und schon ist der neue Sch\u00e4dling ist bei uns angekommen. Auf die Tracheenmilbe angesprochen meinte Chris, dass diese in Zukunft keine gro\u00dfe Rolle mehr spielen wird. Auch nicht nach dem Wegfall oder der Reduzierung der Varroabek\u00e4mpfungsmittel bei zunehmender Varroaresistenz unserer Bienen.<\/p>\n<p>Chris stellte auch neue Anpassungsstrategien f\u00fcr die Imker vor.\u00a0 Darunter die Nutzung des angepassten Brutraumes um den W\u00e4rmehaushalt in den Bienenst\u00f6cken zu verbessern. Wenn die Entwicklungszeit der Brut in den Zellen durch einen verbesserten W\u00e4rmehaushalt auf das notwendige Minimum reduziert werden kann, bleibt der Varroamilbe auch weniger Zeit f\u00fcr ihre Fortpflanzung. Au\u00dferdem hat sich herausgestellt, dass Verk\u00fchlungen der Bienenbrut sich negativ auf die Vitalit\u00e4t der Bienen auswirkt. \u00c4hnlich ist es bei schlecht ern\u00e4hrten Bienen. Schlecht ern\u00e4hrte Bienen sterben fr\u00fcher. Die Imker m\u00fcssen sich also auch darauf einstellen, dass sie in Zukunft situationsbezogen f\u00fcttern m\u00fcssen.<\/p>\n<p>Im Kampf gegen die Varroamilbe werden zuk\u00fcnftig auch Brutunterbrechungen fixer Bestandteil einer guten imkerlichen Praxis sein.\u00a0 Wenn Bienen sich nicht um Brutpflege k\u00fcmmern m\u00fcssen, entstehen langlebige, bisher als Winterbienen bezeichnete, Bienen.<\/p>\n<p>Trotz all dieser Hiobsbotschaften m\u00fcssen wir weitermachen. Chris berichtete, dass der Wert der Best\u00e4ubungsleistung eines Bienenvolkes im Raum Ober\u00f6sterreich mit 600 \u20ac pro Jahr beziffert wird. Es w\u00e4re unvorstellbar, wenn wir auf die Best\u00e4ubungsleistung unserer Bienen verzichten m\u00fcssten.<\/p>\n<h3>Unterst\u00fctzung durch die Gemeinde<\/h3>\n<p>Nach dem Vortrag von Chris ergriff auch der B\u00fcrgermeister, Martin Dietrich kurz das Wort, um der Ortsgruppe die volle Unterst\u00fctzung der Gemeinde zuzusichern. Auch der B\u00fcrgermeister w\u00fcnscht sich gemeinsame Projekte, um die Bev\u00f6lkerung \u00fcber eine bienenfreundliche Bepflanzung ihrer G\u00e4rten zu informieren. Da Golling keinen eigenen Obst- und Gartenbauverein hat, w\u00e4re es sicher sinnvoll, hier Experten aus anderen Obst- und Gartenbauvereinen oder auch vom Naturschutzbund (Wildbienenexperte Dr. Neumayr) einzubinden. Auf jeden Fall wurde der Wunsch ge\u00e4u\u00dfert, dass Chris Steube einen Folgevortrag ausarbeitet, der konkret auf das Thema bienenfreundliche Bepflanzung in unserer Region eingeht.<\/p>\n<p>Anmerkung des Autors: \u00c4ltere Imker erinnern sich vielleicht noch, dass es Zeiten gab, in denen die Ortsgruppen vom Landesverband Pflanzen zur Verbesserung der Trachtsituation erhielten. Vielleicht ist es an der Zeit, auch diese Art der Probleml\u00f6sung wieder aufzugreifen.<\/p>\n<p>Danach folgte eine angeregte Diskussion, in der die Teilnehmer eigene Erfahrungen austauschten und \u00fcber L\u00f6sungsans\u00e4tze f\u00fcr die lokale Imkerschaft sprachen. Die Versammlung endete mit einem gem\u00fctlichen Beisammensein, bei dem die Gemeinschaft weiter gest\u00e4rkt wurde.<\/p>\n<h3>Danksagung<\/h3>\n<p>Ich m\u00f6chte mich sehr herzlich bei der Imkerortsgruppe Golling f\u00fcr die Einladung zur Jahreshauptversammlung und bei Chris Steube f\u00fcr den informativen Vortrag bedanken.<br \/>\nEs war ein sehr netter Abend und ich w\u00fcrde mich freuen, wenn die Vereinsmitglieder der Ortsgruppe Golling und die anderen G\u00e4ste der Jahreshauptversammlung auch die Stammtische und Veranstaltungen unseres Vereins, des Imkervereins Salzburg Aigen, besuchen w\u00fcrden. Denn wie Chris in seinem Vortrag so sch\u00f6n sagte: \u201eWir m\u00fcssen unsere Bienenhaltung optimieren und anpassen\u201c. Und dazu geh\u00f6rt sicher auch, dass wir uns gegenseitig weiterbilden und unterst\u00fctzen.<\/p>\n<\/div><\/section><br \/>\n<div  class='av-social-sharing-box av-4fume2-c45486b8993b3f4e9f1a1a9fbf176f04 av-social-sharing-box-default  avia-builder-el-5  el_after_av_textblock  el_before_av_comments_list  av-social-sharing-box-fullwidth'><div class=\"av-share-box\"><h5 class='av-share-link-description av-no-toc '>Eintrag teilen<\/h5><ul class=\"av-share-box-list noLightbox\"><li class='av-share-link av-social-link-facebook avia_social_iconfont' ><a target=\"_blank\" aria-label=\"Teilen auf Facebook\" href='https:\/\/www.facebook.com\/sharer.php?u=https:\/\/imker-aigen.at\/index.php\/2025\/03\/22\/jahreshauptversammlung-2025-der-imker-ortsgruppe-golling\/&#038;t=Jahreshauptversammlung%202025%20der%20Imker-Ortsgruppe%20Golling' data-av_icon='\ue8f3' data-av_iconfont='entypo-fontello'  title='' data-avia-related-tooltip='Teilen auf Facebook'><span class='avia_hidden_link_text'>Teilen auf Facebook<\/span><\/a><\/li><li class='av-share-link av-social-link-twitter avia_social_iconfont' ><a target=\"_blank\" aria-label=\"Teilen auf X\" href='https:\/\/twitter.com\/share?text=Jahreshauptversammlung%202025%20der%20Imker-Ortsgruppe%20Golling&#038;url=https:\/\/imker-aigen.at\/?p=7642' data-av_icon='\ue932' data-av_iconfont='entypo-fontello'  title='' data-avia-related-tooltip='Teilen auf X'><span class='avia_hidden_link_text'>Teilen auf X<\/span><\/a><\/li><li class='av-share-link av-social-link-whatsapp avia_social_iconfont' ><a target=\"_blank\" aria-label=\"Teilen auf WhatsApp\" href='https:\/\/api.whatsapp.com\/send?text=https:\/\/imker-aigen.at\/index.php\/2025\/03\/22\/jahreshauptversammlung-2025-der-imker-ortsgruppe-golling\/' data-av_icon='\uf232' data-av_iconfont='entypo-fontello'  title='' data-avia-related-tooltip='Teilen auf WhatsApp'><span class='avia_hidden_link_text'>Teilen auf WhatsApp<\/span><\/a><\/li><li class='av-share-link av-social-link-pinterest avia_social_iconfont' ><a target=\"_blank\" aria-label=\"Teilen auf Pinterest\" href='https:\/\/pinterest.com\/pin\/create\/button\/?url=https%3A%2F%2Fimker-aigen.at%2Findex.php%2F2025%2F03%2F22%2Fjahreshauptversammlung-2025-der-imker-ortsgruppe-golling%2F&#038;description=Jahreshauptversammlung%202025%20der%20Imker-Ortsgruppe%20Golling&#038;media=https%3A%2F%2Fimker-aigen.at%2Fwp-content%2Fuploads%2F2025%2F03%2Fclimate_change.jpg' data-av_icon='\ue8f8' data-av_iconfont='entypo-fontello'  title='' data-avia-related-tooltip='Teilen auf Pinterest'><span class='avia_hidden_link_text'>Teilen auf Pinterest<\/span><\/a><\/li><li class='av-share-link av-social-link-linkedin avia_social_iconfont' ><a target=\"_blank\" aria-label=\"Teilen auf LinkedIn\" href='https:\/\/linkedin.com\/shareArticle?mini=true&#038;title=Jahreshauptversammlung%202025%20der%20Imker-Ortsgruppe%20Golling&#038;url=https:\/\/imker-aigen.at\/index.php\/2025\/03\/22\/jahreshauptversammlung-2025-der-imker-ortsgruppe-golling\/' data-av_icon='\ue8fc' data-av_iconfont='entypo-fontello'  title='' data-avia-related-tooltip='Teilen auf LinkedIn'><span class='avia_hidden_link_text'>Teilen auf LinkedIn<\/span><\/a><\/li><li class='av-share-link av-social-link-reddit avia_social_iconfont' ><a target=\"_blank\" aria-label=\"Teilen auf Reddit\" href='https:\/\/reddit.com\/submit?url=https:\/\/imker-aigen.at\/index.php\/2025\/03\/22\/jahreshauptversammlung-2025-der-imker-ortsgruppe-golling\/&#038;title=Jahreshauptversammlung%202025%20der%20Imker-Ortsgruppe%20Golling' data-av_icon='\ue927' data-av_iconfont='entypo-fontello'  title='' data-avia-related-tooltip='Teilen auf Reddit'><span class='avia_hidden_link_text'>Teilen auf Reddit<\/span><\/a><\/li><li class='av-share-link av-social-link-mail avia_social_iconfont' ><a  aria-label=\"Per E-Mail teilen\" href='mailto:?subject=Jahreshauptversammlung%202025%20der%20Imker-Ortsgruppe%20Golling&#038;body=https:\/\/imker-aigen.at\/index.php\/2025\/03\/22\/jahreshauptversammlung-2025-der-imker-ortsgruppe-golling\/' data-av_icon='\ue805' data-av_iconfont='entypo-fontello'  title='' data-avia-related-tooltip='Per E-Mail teilen'><span class='avia_hidden_link_text'>Per E-Mail teilen<\/span><\/a><\/li><\/ul><\/div><\/div><br \/>\n<div  class='av-buildercomment av-2ywra2-1d7e4c557a2e092ba3e73b06ecc76a85'><\/div><\/p><\/div>\n","protected":false},"excerpt":{"rendered":"","protected":false},"author":1,"featured_media":7649,"comment_status":"open","ping_status":"closed","sticky":false,"template":"","format":"standard","meta":{"footnotes":""},"categories":[18,2],"tags":[41,234,363],"class_list":["post-7642","post","type-post","status-publish","format-standard","has-post-thumbnail","hentry","category-alte-veranstaltungen","category-news","tag-jahreshauptversammlung","tag-klimawandel","tag-steube"],"yoast_head":"<!-- This site is optimized with the Yoast SEO plugin v27.4 - https:\/\/yoast.com\/product\/yoast-seo-wordpress\/ -->\n<title>Jahreshauptversammlung 2025 der Imker-Ortsgruppe Golling - Imker Ortsgruppe Salzburg Aigen<\/title>\n<meta name=\"robots\" content=\"index, follow, max-snippet:-1, max-image-preview:large, max-video-preview:-1\" \/>\n<link rel=\"canonical\" href=\"https:\/\/imker-aigen.at\/index.php\/2025\/03\/22\/jahreshauptversammlung-2025-der-imker-ortsgruppe-golling\/\" \/>\n<meta property=\"og:locale\" content=\"de_DE\" \/>\n<meta property=\"og:type\" content=\"article\" \/>\n<meta property=\"og:title\" content=\"Jahreshauptversammlung 2025 der Imker-Ortsgruppe Golling - Imker Ortsgruppe Salzburg Aigen\" \/>\n<meta property=\"og:url\" content=\"https:\/\/imker-aigen.at\/index.php\/2025\/03\/22\/jahreshauptversammlung-2025-der-imker-ortsgruppe-golling\/\" \/>\n<meta property=\"og:site_name\" content=\"Imker Ortsgruppe Salzburg Aigen\" \/>\n<meta property=\"article:published_time\" content=\"2025-03-22T14:31:05+00:00\" \/>\n<meta property=\"article:modified_time\" content=\"2025-03-22T15:19:16+00:00\" \/>\n<meta property=\"og:image\" content=\"https:\/\/imker-aigen.at\/wp-content\/uploads\/2025\/03\/climate_change.jpg\" \/>\n\t<meta property=\"og:image:width\" content=\"496\" \/>\n\t<meta property=\"og:image:height\" content=\"600\" \/>\n\t<meta property=\"og:image:type\" content=\"image\/jpeg\" \/>\n<meta name=\"author\" content=\"admin\" \/>\n<meta name=\"twitter:card\" content=\"summary_large_image\" \/>\n<meta name=\"twitter:label1\" content=\"Verfasst von\" \/>\n\t<meta name=\"twitter:data1\" content=\"admin\" \/>\n\t<meta name=\"twitter:label2\" content=\"Gesch\u00e4tzte Lesezeit\" \/>\n\t<meta name=\"twitter:data2\" content=\"6\u00a0Minuten\" \/>\n<script type=\"application\/ld+json\" class=\"yoast-schema-graph\">{\"@context\":\"https:\\\/\\\/schema.org\",\"@graph\":[{\"@type\":\"Article\",\"@id\":\"https:\\\/\\\/imker-aigen.at\\\/index.php\\\/2025\\\/03\\\/22\\\/jahreshauptversammlung-2025-der-imker-ortsgruppe-golling\\\/#article\",\"isPartOf\":{\"@id\":\"https:\\\/\\\/imker-aigen.at\\\/index.php\\\/2025\\\/03\\\/22\\\/jahreshauptversammlung-2025-der-imker-ortsgruppe-golling\\\/\"},\"author\":{\"name\":\"admin\",\"@id\":\"https:\\\/\\\/imker-aigen.at\\\/#\\\/schema\\\/person\\\/d7d0c3a8ef6f051d450781218ac83077\"},\"headline\":\"Jahreshauptversammlung 2025 der Imker-Ortsgruppe Golling\",\"datePublished\":\"2025-03-22T14:31:05+00:00\",\"dateModified\":\"2025-03-22T15:19:16+00:00\",\"mainEntityOfPage\":{\"@id\":\"https:\\\/\\\/imker-aigen.at\\\/index.php\\\/2025\\\/03\\\/22\\\/jahreshauptversammlung-2025-der-imker-ortsgruppe-golling\\\/\"},\"wordCount\":2096,\"commentCount\":0,\"publisher\":{\"@id\":\"https:\\\/\\\/imker-aigen.at\\\/#organization\"},\"image\":{\"@id\":\"https:\\\/\\\/imker-aigen.at\\\/index.php\\\/2025\\\/03\\\/22\\\/jahreshauptversammlung-2025-der-imker-ortsgruppe-golling\\\/#primaryimage\"},\"thumbnailUrl\":\"https:\\\/\\\/imker-aigen.at\\\/wp-content\\\/uploads\\\/2025\\\/03\\\/climate_change.jpg\",\"keywords\":[\"Jahreshauptversammlung\",\"Klimawandel\",\"Steube\"],\"articleSection\":[\"Alte Veranstaltungen\",\"News\"],\"inLanguage\":\"de\",\"potentialAction\":[{\"@type\":\"CommentAction\",\"name\":\"Comment\",\"target\":[\"https:\\\/\\\/imker-aigen.at\\\/index.php\\\/2025\\\/03\\\/22\\\/jahreshauptversammlung-2025-der-imker-ortsgruppe-golling\\\/#respond\"]}]},{\"@type\":\"WebPage\",\"@id\":\"https:\\\/\\\/imker-aigen.at\\\/index.php\\\/2025\\\/03\\\/22\\\/jahreshauptversammlung-2025-der-imker-ortsgruppe-golling\\\/\",\"url\":\"https:\\\/\\\/imker-aigen.at\\\/index.php\\\/2025\\\/03\\\/22\\\/jahreshauptversammlung-2025-der-imker-ortsgruppe-golling\\\/\",\"name\":\"Jahreshauptversammlung 2025 der Imker-Ortsgruppe Golling - Imker Ortsgruppe Salzburg Aigen\",\"isPartOf\":{\"@id\":\"https:\\\/\\\/imker-aigen.at\\\/#website\"},\"primaryImageOfPage\":{\"@id\":\"https:\\\/\\\/imker-aigen.at\\\/index.php\\\/2025\\\/03\\\/22\\\/jahreshauptversammlung-2025-der-imker-ortsgruppe-golling\\\/#primaryimage\"},\"image\":{\"@id\":\"https:\\\/\\\/imker-aigen.at\\\/index.php\\\/2025\\\/03\\\/22\\\/jahreshauptversammlung-2025-der-imker-ortsgruppe-golling\\\/#primaryimage\"},\"thumbnailUrl\":\"https:\\\/\\\/imker-aigen.at\\\/wp-content\\\/uploads\\\/2025\\\/03\\\/climate_change.jpg\",\"datePublished\":\"2025-03-22T14:31:05+00:00\",\"dateModified\":\"2025-03-22T15:19:16+00:00\",\"breadcrumb\":{\"@id\":\"https:\\\/\\\/imker-aigen.at\\\/index.php\\\/2025\\\/03\\\/22\\\/jahreshauptversammlung-2025-der-imker-ortsgruppe-golling\\\/#breadcrumb\"},\"inLanguage\":\"de\",\"potentialAction\":[{\"@type\":\"ReadAction\",\"target\":[\"https:\\\/\\\/imker-aigen.at\\\/index.php\\\/2025\\\/03\\\/22\\\/jahreshauptversammlung-2025-der-imker-ortsgruppe-golling\\\/\"]}]},{\"@type\":\"ImageObject\",\"inLanguage\":\"de\",\"@id\":\"https:\\\/\\\/imker-aigen.at\\\/index.php\\\/2025\\\/03\\\/22\\\/jahreshauptversammlung-2025-der-imker-ortsgruppe-golling\\\/#primaryimage\",\"url\":\"https:\\\/\\\/imker-aigen.at\\\/wp-content\\\/uploads\\\/2025\\\/03\\\/climate_change.jpg\",\"contentUrl\":\"https:\\\/\\\/imker-aigen.at\\\/wp-content\\\/uploads\\\/2025\\\/03\\\/climate_change.jpg\",\"width\":496,\"height\":600,\"caption\":\"Global warming with melting earth illustration\"},{\"@type\":\"BreadcrumbList\",\"@id\":\"https:\\\/\\\/imker-aigen.at\\\/index.php\\\/2025\\\/03\\\/22\\\/jahreshauptversammlung-2025-der-imker-ortsgruppe-golling\\\/#breadcrumb\",\"itemListElement\":[{\"@type\":\"ListItem\",\"position\":1,\"name\":\"Startseite\",\"item\":\"https:\\\/\\\/imker-aigen.at\\\/index.php\\\/home\\\/\"},{\"@type\":\"ListItem\",\"position\":2,\"name\":\"Jahreshauptversammlung 2025 der Imker-Ortsgruppe Golling\"}]},{\"@type\":\"WebSite\",\"@id\":\"https:\\\/\\\/imker-aigen.at\\\/#website\",\"url\":\"https:\\\/\\\/imker-aigen.at\\\/\",\"name\":\"Imker Ortsgruppe Salzburg Aigen\",\"description\":\"Homepage der Imker-Ortsgruppe Salzburg Aigen\",\"publisher\":{\"@id\":\"https:\\\/\\\/imker-aigen.at\\\/#organization\"},\"potentialAction\":[{\"@type\":\"SearchAction\",\"target\":{\"@type\":\"EntryPoint\",\"urlTemplate\":\"https:\\\/\\\/imker-aigen.at\\\/?s={search_term_string}\"},\"query-input\":{\"@type\":\"PropertyValueSpecification\",\"valueRequired\":true,\"valueName\":\"search_term_string\"}}],\"inLanguage\":\"de\"},{\"@type\":\"Organization\",\"@id\":\"https:\\\/\\\/imker-aigen.at\\\/#organization\",\"name\":\"Imker Ortsgruppe Salzburg Aigen\",\"url\":\"https:\\\/\\\/imker-aigen.at\\\/\",\"logo\":{\"@type\":\"ImageObject\",\"inLanguage\":\"de\",\"@id\":\"https:\\\/\\\/imker-aigen.at\\\/#\\\/schema\\\/logo\\\/image\\\/\",\"url\":\"https:\\\/\\\/imker-aigen.at\\\/wp-content\\\/uploads\\\/2022\\\/08\\\/logo-1.png\",\"contentUrl\":\"https:\\\/\\\/imker-aigen.at\\\/wp-content\\\/uploads\\\/2022\\\/08\\\/logo-1.png\",\"width\":392,\"height\":156,\"caption\":\"Imker Ortsgruppe Salzburg Aigen\"},\"image\":{\"@id\":\"https:\\\/\\\/imker-aigen.at\\\/#\\\/schema\\\/logo\\\/image\\\/\"}},{\"@type\":\"Person\",\"@id\":\"https:\\\/\\\/imker-aigen.at\\\/#\\\/schema\\\/person\\\/d7d0c3a8ef6f051d450781218ac83077\",\"name\":\"admin\",\"image\":{\"@type\":\"ImageObject\",\"inLanguage\":\"de\",\"@id\":\"https:\\\/\\\/secure.gravatar.com\\\/avatar\\\/925a7e918efd3cfdae29be9c0018a3ae3275cd0444a6e166241172bb6e5243c7?s=96&d=mm&r=g\",\"url\":\"https:\\\/\\\/secure.gravatar.com\\\/avatar\\\/925a7e918efd3cfdae29be9c0018a3ae3275cd0444a6e166241172bb6e5243c7?s=96&d=mm&r=g\",\"contentUrl\":\"https:\\\/\\\/secure.gravatar.com\\\/avatar\\\/925a7e918efd3cfdae29be9c0018a3ae3275cd0444a6e166241172bb6e5243c7?s=96&d=mm&r=g\",\"caption\":\"admin\"},\"sameAs\":[\"https:\\\/\\\/imker-aigen.at\",\"linkedin.com\\\/in\\\/bernd-meierhofer-5919b62\"],\"url\":\"https:\\\/\\\/imker-aigen.at\\\/index.php\\\/author\\\/bmeierhofer\\\/\"}]}<\/script>\n<!-- \/ Yoast SEO plugin. -->","yoast_head_json":{"title":"Jahreshauptversammlung 2025 der Imker-Ortsgruppe Golling - Imker Ortsgruppe Salzburg Aigen","robots":{"index":"index","follow":"follow","max-snippet":"max-snippet:-1","max-image-preview":"max-image-preview:large","max-video-preview":"max-video-preview:-1"},"canonical":"https:\/\/imker-aigen.at\/index.php\/2025\/03\/22\/jahreshauptversammlung-2025-der-imker-ortsgruppe-golling\/","og_locale":"de_DE","og_type":"article","og_title":"Jahreshauptversammlung 2025 der Imker-Ortsgruppe Golling - Imker Ortsgruppe Salzburg Aigen","og_url":"https:\/\/imker-aigen.at\/index.php\/2025\/03\/22\/jahreshauptversammlung-2025-der-imker-ortsgruppe-golling\/","og_site_name":"Imker Ortsgruppe Salzburg Aigen","article_published_time":"2025-03-22T14:31:05+00:00","article_modified_time":"2025-03-22T15:19:16+00:00","og_image":[{"width":496,"height":600,"url":"https:\/\/imker-aigen.at\/wp-content\/uploads\/2025\/03\/climate_change.jpg","type":"image\/jpeg"}],"author":"admin","twitter_card":"summary_large_image","twitter_misc":{"Verfasst von":"admin","Gesch\u00e4tzte Lesezeit":"6\u00a0Minuten"},"schema":{"@context":"https:\/\/schema.org","@graph":[{"@type":"Article","@id":"https:\/\/imker-aigen.at\/index.php\/2025\/03\/22\/jahreshauptversammlung-2025-der-imker-ortsgruppe-golling\/#article","isPartOf":{"@id":"https:\/\/imker-aigen.at\/index.php\/2025\/03\/22\/jahreshauptversammlung-2025-der-imker-ortsgruppe-golling\/"},"author":{"name":"admin","@id":"https:\/\/imker-aigen.at\/#\/schema\/person\/d7d0c3a8ef6f051d450781218ac83077"},"headline":"Jahreshauptversammlung 2025 der Imker-Ortsgruppe Golling","datePublished":"2025-03-22T14:31:05+00:00","dateModified":"2025-03-22T15:19:16+00:00","mainEntityOfPage":{"@id":"https:\/\/imker-aigen.at\/index.php\/2025\/03\/22\/jahreshauptversammlung-2025-der-imker-ortsgruppe-golling\/"},"wordCount":2096,"commentCount":0,"publisher":{"@id":"https:\/\/imker-aigen.at\/#organization"},"image":{"@id":"https:\/\/imker-aigen.at\/index.php\/2025\/03\/22\/jahreshauptversammlung-2025-der-imker-ortsgruppe-golling\/#primaryimage"},"thumbnailUrl":"https:\/\/imker-aigen.at\/wp-content\/uploads\/2025\/03\/climate_change.jpg","keywords":["Jahreshauptversammlung","Klimawandel","Steube"],"articleSection":["Alte Veranstaltungen","News"],"inLanguage":"de","potentialAction":[{"@type":"CommentAction","name":"Comment","target":["https:\/\/imker-aigen.at\/index.php\/2025\/03\/22\/jahreshauptversammlung-2025-der-imker-ortsgruppe-golling\/#respond"]}]},{"@type":"WebPage","@id":"https:\/\/imker-aigen.at\/index.php\/2025\/03\/22\/jahreshauptversammlung-2025-der-imker-ortsgruppe-golling\/","url":"https:\/\/imker-aigen.at\/index.php\/2025\/03\/22\/jahreshauptversammlung-2025-der-imker-ortsgruppe-golling\/","name":"Jahreshauptversammlung 2025 der Imker-Ortsgruppe Golling - Imker Ortsgruppe Salzburg Aigen","isPartOf":{"@id":"https:\/\/imker-aigen.at\/#website"},"primaryImageOfPage":{"@id":"https:\/\/imker-aigen.at\/index.php\/2025\/03\/22\/jahreshauptversammlung-2025-der-imker-ortsgruppe-golling\/#primaryimage"},"image":{"@id":"https:\/\/imker-aigen.at\/index.php\/2025\/03\/22\/jahreshauptversammlung-2025-der-imker-ortsgruppe-golling\/#primaryimage"},"thumbnailUrl":"https:\/\/imker-aigen.at\/wp-content\/uploads\/2025\/03\/climate_change.jpg","datePublished":"2025-03-22T14:31:05+00:00","dateModified":"2025-03-22T15:19:16+00:00","breadcrumb":{"@id":"https:\/\/imker-aigen.at\/index.php\/2025\/03\/22\/jahreshauptversammlung-2025-der-imker-ortsgruppe-golling\/#breadcrumb"},"inLanguage":"de","potentialAction":[{"@type":"ReadAction","target":["https:\/\/imker-aigen.at\/index.php\/2025\/03\/22\/jahreshauptversammlung-2025-der-imker-ortsgruppe-golling\/"]}]},{"@type":"ImageObject","inLanguage":"de","@id":"https:\/\/imker-aigen.at\/index.php\/2025\/03\/22\/jahreshauptversammlung-2025-der-imker-ortsgruppe-golling\/#primaryimage","url":"https:\/\/imker-aigen.at\/wp-content\/uploads\/2025\/03\/climate_change.jpg","contentUrl":"https:\/\/imker-aigen.at\/wp-content\/uploads\/2025\/03\/climate_change.jpg","width":496,"height":600,"caption":"Global warming with melting earth illustration"},{"@type":"BreadcrumbList","@id":"https:\/\/imker-aigen.at\/index.php\/2025\/03\/22\/jahreshauptversammlung-2025-der-imker-ortsgruppe-golling\/#breadcrumb","itemListElement":[{"@type":"ListItem","position":1,"name":"Startseite","item":"https:\/\/imker-aigen.at\/index.php\/home\/"},{"@type":"ListItem","position":2,"name":"Jahreshauptversammlung 2025 der Imker-Ortsgruppe Golling"}]},{"@type":"WebSite","@id":"https:\/\/imker-aigen.at\/#website","url":"https:\/\/imker-aigen.at\/","name":"Imker Ortsgruppe Salzburg Aigen","description":"Homepage der Imker-Ortsgruppe Salzburg Aigen","publisher":{"@id":"https:\/\/imker-aigen.at\/#organization"},"potentialAction":[{"@type":"SearchAction","target":{"@type":"EntryPoint","urlTemplate":"https:\/\/imker-aigen.at\/?s={search_term_string}"},"query-input":{"@type":"PropertyValueSpecification","valueRequired":true,"valueName":"search_term_string"}}],"inLanguage":"de"},{"@type":"Organization","@id":"https:\/\/imker-aigen.at\/#organization","name":"Imker Ortsgruppe Salzburg Aigen","url":"https:\/\/imker-aigen.at\/","logo":{"@type":"ImageObject","inLanguage":"de","@id":"https:\/\/imker-aigen.at\/#\/schema\/logo\/image\/","url":"https:\/\/imker-aigen.at\/wp-content\/uploads\/2022\/08\/logo-1.png","contentUrl":"https:\/\/imker-aigen.at\/wp-content\/uploads\/2022\/08\/logo-1.png","width":392,"height":156,"caption":"Imker Ortsgruppe Salzburg Aigen"},"image":{"@id":"https:\/\/imker-aigen.at\/#\/schema\/logo\/image\/"}},{"@type":"Person","@id":"https:\/\/imker-aigen.at\/#\/schema\/person\/d7d0c3a8ef6f051d450781218ac83077","name":"admin","image":{"@type":"ImageObject","inLanguage":"de","@id":"https:\/\/secure.gravatar.com\/avatar\/925a7e918efd3cfdae29be9c0018a3ae3275cd0444a6e166241172bb6e5243c7?s=96&d=mm&r=g","url":"https:\/\/secure.gravatar.com\/avatar\/925a7e918efd3cfdae29be9c0018a3ae3275cd0444a6e166241172bb6e5243c7?s=96&d=mm&r=g","contentUrl":"https:\/\/secure.gravatar.com\/avatar\/925a7e918efd3cfdae29be9c0018a3ae3275cd0444a6e166241172bb6e5243c7?s=96&d=mm&r=g","caption":"admin"},"sameAs":["https:\/\/imker-aigen.at","linkedin.com\/in\/bernd-meierhofer-5919b62"],"url":"https:\/\/imker-aigen.at\/index.php\/author\/bmeierhofer\/"}]}},"_links":{"self":[{"href":"https:\/\/imker-aigen.at\/index.php\/wp-json\/wp\/v2\/posts\/7642","targetHints":{"allow":["GET"]}}],"collection":[{"href":"https:\/\/imker-aigen.at\/index.php\/wp-json\/wp\/v2\/posts"}],"about":[{"href":"https:\/\/imker-aigen.at\/index.php\/wp-json\/wp\/v2\/types\/post"}],"author":[{"embeddable":true,"href":"https:\/\/imker-aigen.at\/index.php\/wp-json\/wp\/v2\/users\/1"}],"replies":[{"embeddable":true,"href":"https:\/\/imker-aigen.at\/index.php\/wp-json\/wp\/v2\/comments?post=7642"}],"version-history":[{"count":6,"href":"https:\/\/imker-aigen.at\/index.php\/wp-json\/wp\/v2\/posts\/7642\/revisions"}],"predecessor-version":[{"id":7653,"href":"https:\/\/imker-aigen.at\/index.php\/wp-json\/wp\/v2\/posts\/7642\/revisions\/7653"}],"wp:featuredmedia":[{"embeddable":true,"href":"https:\/\/imker-aigen.at\/index.php\/wp-json\/wp\/v2\/media\/7649"}],"wp:attachment":[{"href":"https:\/\/imker-aigen.at\/index.php\/wp-json\/wp\/v2\/media?parent=7642"}],"wp:term":[{"taxonomy":"category","embeddable":true,"href":"https:\/\/imker-aigen.at\/index.php\/wp-json\/wp\/v2\/categories?post=7642"},{"taxonomy":"post_tag","embeddable":true,"href":"https:\/\/imker-aigen.at\/index.php\/wp-json\/wp\/v2\/tags?post=7642"}],"curies":[{"name":"wp","href":"https:\/\/api.w.org\/{rel}","templated":true}]}}