{"id":7749,"date":"2025-04-01T16:55:59","date_gmt":"2025-04-01T14:55:59","guid":{"rendered":"https:\/\/imker-aigen.at\/?p=7749"},"modified":"2025-04-02T18:26:39","modified_gmt":"2025-04-02T16:26:39","slug":"bienenpaedagogik-aufbaukurs-in-innsbruck","status":"publish","type":"post","link":"https:\/\/imker-aigen.at\/index.php\/2025\/04\/01\/bienenpaedagogik-aufbaukurs-in-innsbruck\/","title":{"rendered":"Bienenp\u00e4dagogik-Aufbaukurs in Innsbruck"},"content":{"rendered":"<div  class='flex_column av-lhhhh-e9df1e1e7d5c5581c6486ac9c0260b29 av_one_full  avia-builder-el-0  avia-builder-el-no-sibling  first flex_column_div  '     ><p>\n<style type=\"text\/css\" data-created_by=\"avia_inline_auto\" id=\"style-css-av-m8ym98a3-97185ca1160ea3d10c66e36a9faabb42\">\n#top .av-special-heading.av-m8ym98a3-97185ca1160ea3d10c66e36a9faabb42{\npadding-bottom:10px;\n}\nbody .av-special-heading.av-m8ym98a3-97185ca1160ea3d10c66e36a9faabb42 .av-special-heading-tag .heading-char{\nfont-size:25px;\n}\n.av-special-heading.av-m8ym98a3-97185ca1160ea3d10c66e36a9faabb42 .av-subheading{\nfont-size:15px;\n}\n<\/style>\n<div  class='av-special-heading av-m8ym98a3-97185ca1160ea3d10c66e36a9faabb42 av-special-heading-h3 blockquote modern-quote modern-centered  avia-builder-el-1  el_before_av_hr  avia-builder-el-first '><h3 class='av-special-heading-tag '  itemprop=\"headline\"  >Bienenp\u00e4dagogik-Aufbaukurs in Innsbruck (14-15.3.2025)<\/h3><div class=\"special-heading-border\"><div class=\"special-heading-inner-border\"><\/div><\/div><\/div><br \/>\n\n<style type=\"text\/css\" data-created_by=\"avia_inline_auto\" id=\"style-css-av-m8ym9hqc-58d1a00a822a08d28ec07e18c9ef1d20\">\n#top .hr.av-m8ym9hqc-58d1a00a822a08d28ec07e18c9ef1d20{\nmargin-top:30px;\nmargin-bottom:30px;\n}\n.hr.av-m8ym9hqc-58d1a00a822a08d28ec07e18c9ef1d20 .hr-inner{\nwidth:50px;\nmax-width:45%;\n}\n<\/style>\n<div  class='hr av-m8ym9hqc-58d1a00a822a08d28ec07e18c9ef1d20 hr-custom  avia-builder-el-2  el_after_av_heading  el_before_av_textblock  hr-center hr-icon-yes'><span class='hr-inner inner-border-av-border-thin'><span class=\"hr-inner-style\"><\/span><\/span><span class='av-seperator-icon avia-svg-icon avia-font-svg_entypo-fontello' data-av_svg_icon='dot-3' data-av_iconset='svg_entypo-fontello'><svg version=\"1.1\" xmlns=\"http:\/\/www.w3.org\/2000\/svg\" width=\"29\" height=\"32\" viewBox=\"0 0 29 32\" preserveAspectRatio=\"xMidYMid meet\" aria-labelledby='av-svg-title-1' aria-describedby='av-svg-desc-1' role=\"graphics-symbol\">\n<title id='av-svg-title-1'>Dot-3<\/title>\n<desc id='av-svg-desc-1'>Dot-3<\/desc>\n<path d=\"M3.52 12.48q1.472 0 2.496 1.024t1.024 2.496q0 1.408-1.024 2.464t-2.496 1.056-2.496-1.056-1.024-2.464q0-1.472 1.024-2.496t2.496-1.024zM14.72 12.48q1.472 0 2.496 1.024t1.024 2.496q0 1.408-1.056 2.464t-2.464 1.056-2.464-1.056-1.056-2.464q0-1.472 1.024-2.496t2.496-1.024zM25.92 12.48q1.472 0 2.496 1.024t1.024 2.496q0 1.408-1.024 2.464t-2.496 1.056-2.496-1.056-1.024-2.464q0-1.472 1.024-2.496t2.496-1.024z\"><\/path>\n<\/svg><\/span><span class='hr-inner inner-border-av-border-thin'><span class=\"hr-inner-style\"><\/span><\/span><\/div><br \/>\n<section  class='av_textblock_section av-m8ymgtgp-2554fb3247c470472aad98982b335a66 '   itemscope=\"itemscope\" itemtype=\"https:\/\/schema.org\/BlogPosting\" itemprop=\"blogPost\" ><div class='avia_textblock'  itemprop=\"text\" ><p>Autorin: Elisabeth Karl<\/p>\n<h3>Was ist Bienenp\u00e4dagogik?<\/h3>\n<p>Bienenp\u00e4dagogik, eine M\u00f6glichkeit bei Kindern und Jugendlichen ein \u00f6kologisches Bewusstsein zu bilden und Verst\u00e4ndnis f\u00fcr die Zusammenh\u00e4nge in der Natur zu wecken. Dies sind bereits zwei Bildungsaspekte und Lernziele der Bienenp\u00e4dagogik. Weitere Aspekte und Ziele sind das Erlernen naturwissenschaftlicher Kompetenzen wie Beobachten, Dokumentieren, Analysieren. Au\u00dferdem lernen die Kinder und Jugendlichen praktische Fertigkeiten, k\u00f6nnen handwerkliches Geschick erwerben und schulen, werden in Teamarbeit geschult und erkennen deren Vorteile und nicht zuletzt erwerben sie wirtschaftliches Verst\u00e4ndnis f\u00fcr Produkte, Kalkulation und Vermarktung.<br \/>\nF\u00fcr mich ist das Motivation genug, mich intensiver mit der Bienenp\u00e4dagogik zu besch\u00e4ftigen, zumal ich aus dem Lehrberuf komme und selbst mit gro\u00dfer Freude Imkerin bin<\/p>\n<h3>Aufbaukurs in Innsbruck bei WL Rosi Fellner<\/h3>\n<p>Nachdem ich letztes Jahr im M\u00e4rz den Grundkurs Bienenp\u00e4dagogik in <a href=\"https:\/\/imkerhof-salzburg.at\/\">Salzburg am Imkerhof<\/a> besucht hatte, wollte ich nat\u00fcrlich mehr wissen. Und so nutzte ich heuer die Gelegenheit, vom 14.3. bis 15.3.2025 den Aufbaukurs 1 in Innsbruck zu besuchen.<br \/>\nVortragende waren wie beim ersten Mal WL Rosi Fellner und Lydia Schwarzenberger-Fahrnberger, letztes Jahr war auch Doris Neuhofer von der Imkerschule im Donaupark in Wien dabei. Lydia Schwarzenberger ist ausgebildete Imkerin (Facharbeiterin) und unter anderem auch Naturp\u00e4dagogin und Wildbienenbotschafterin. Bei verschiedenen Spielen im Freien und Wanderungen in der Natur erleben die Kinder und Jugendlichen mit ihr die Zusammenh\u00e4nge von Pflanzen- und Tierwelt, insbesondere von Bienen &#8211; auch Wildbienen und anderen Insekten.<\/p>\n<p>Im letztj\u00e4hrigen Grundkurs wurden vor allem die rechtlichen Grundlagen, die Erste Hilfe bei Insektenstichen und die Praxis mit dem Epipen behandelt. Weiters wurden didaktische Grundlagen bei der Vermittlung der einzelnen Lehrinhalte, sowie der Ablauf eines Besuches am Bienenstand von der Planung bis zur Durchf\u00fchrung und die Planung und Durchf\u00fchrung eines Besuches des Imkers\/der Imkerin im Kindergarten\/in einer Volksschulklasse\/in einer Mittelschulklasse\/h\u00f6herer Schule behandelt.<\/p>\n<h4>Aufbau einer Imkerschule<\/h4>\n<p>Im aktuellen Kurs war der Aufbau einer Imkerschule das umfassende Thema. Eine Volksschule, Mittelschule oder h\u00f6here Schule betreut dabei bis zu drei eigene Bienenst\u00f6cke. Mehr V\u00f6lker sind f\u00fcr eine Schule vom Aufwand her nicht zu empfehlen.<\/p>\n<h5>Planung<\/h5>\n<p>Bei einem solchen Projekt ist es wichtig, im Vorfeld die Rahmenbedingungen wie Standort, Finanzierung, Ausstattung und Material gut abzukl\u00e4ren. Ganz wichtig ist auch die Einbindung aller Beteiligten. Von der Gemeinde \u00fcber die Sch\u00fclerInnen, LehrerInnen, Eltern, den Schulwart bis hin zum \u00f6rtlichen Imkerverein, falls es einen gibt, sollten alle zumindest informiert bzw. im besten Fall eingebunden werden. Ein wichtiger Punkt ist die \u00dcberlegung, wie lange man als Bienenp\u00e4dagoge das Projekt begleiten m\u00f6chte. Empfehlenswert ist ein Jahr, anschlie\u00dfend sollten eine oder mehrere LehrerInnen als Verantwortliche zusammen mit den Kindern die Betreuung der Bienen \u00fcbernehmen.<\/p>\n<p>Werkzeuge sollten in ausreichender Zahl vorhanden sein, jedes Kind sollte einen \u201eeigenen\u201c Stockmei\u00dfel haben, mit dem nur es arbeitet. Auch Schutzkleidung in verschiedenen Gr\u00f6\u00dfen sollte in ausreichender Zahl vorhanden sein. Alle Ger\u00e4te zur Honiggewinnung sollten ebenfalls im Besitz der Schule sein. Auch rechtliche und organisatorische Fragen m\u00fcssen im Vorfeld gekl\u00e4rt werden. Sind diese Vorbereitungen abgeschlossen, kann die Imkerschule starten. Die Bienenst\u00f6cke werden aufgestellt und mit Bienen best\u00fcckt.<\/p>\n<p>Es empfiehlt sich, in Zander oder Flachzargen zu arbeiten, damit die Kinder und Jugendlichen von der Gr\u00f6\u00dfe und dem Gewicht her gut damit umgehen k\u00f6nnen. Nun werden die Regeln und Abl\u00e4ufe besprochen, ein Trockentraining mit einer Fotobeute ist sinnvoll. Und dann geht es zum ersten Mal zu den Bienen, zun\u00e4chst zur Fluglochbeobachtung. Und dann kann die eigentliche Arbeit an den Bienenst\u00f6cken beginnen. Rosi arbeitet mit Viererteams, einer bedient den Smoker, einer reicht die Werkzeuge, einer arbeitet an den Bienen und einer dokumentiert, was gemacht und gesehen wird. Und diese Viererteams rotieren, so dass jeder einmal alle Aufgaben \u00fcbernimmt. Wer gerade nicht an den St\u00f6cken arbeitet, schaut zu.<\/p>\n<h5>Das Bienenjahr im Schulalltag<\/h5>\n<p>Im Laufe des Jahres werden alle imkerlichen Arbeiten durchgef\u00fchrt, die Auswinterung ebenso wie die Ablegerbildung oder die F\u00fctterung und Varroabehandlung. Wenn ein Schwarm abgeht, wird mit den Sch\u00fclerinnen und Sch\u00fclern auch das Einlogieren bzw. Einlaufen praktiziert. Verst\u00e4ndlicherweise ist das f\u00fcr die jungen ImkerInnen ein H\u00f6hepunkt. Den Honig erntet Rosi aus Vorsichtsgr\u00fcnden ohne die Sch\u00fclerInnen, das Entdeckeln, Schleudern und Abf\u00fcllen \u00fcbernehmen dann wieder die Sch\u00fclerInnen und jeder bekommt sein kleines Glas Honig mit nach Hause. Im Sonnenwachsschmelzer werden R\u00e4hmchen eingeschmolzen, damit die Sch\u00fclerInnen auch diesen Arbeitsschritt miterleben.<br \/>\nTote Bienen aus den Bienenst\u00f6cken werden mitgenommen, mikroskopiert und seziert.<\/p>\n<p>Auch die Verarbeitung von Wachs ist ein Thema. Kerzen k\u00f6nnen gezogen oder gegossen werden, Wachsanh\u00e4nger f\u00fcr Weihnachten oder Ostern k\u00f6nnen hergestellt werden. Je nach Alter der Sch\u00fcler k\u00f6nnen im Werkunterricht R\u00e4hmchen gebaut und Mittelw\u00e4nde eingel\u00f6tet werden.<br \/>\nAuch die einzelnen Arbeiten an den Bienenst\u00f6cken richten sich nach dem Alter. Rosi l\u00e4sst die jungen ImkerInnen erst ab etwa 8 Jahren Waben ziehen. Die Randwaben zieht immer sie oder ein anderer Imker. Sie r\u00e4t, wenn m\u00f6glich einen zweiten Imker bei der Arbeit an den Schulbeuten hinzuzuziehen. Zargen heben l\u00e4sst sie erst die 14\/15-j\u00e4hrigen.<\/p>\n<h5>Samstag, zweiter Tag<\/h5>\n<p>Dieser Tag wird haupts\u00e4chlich von Lydia gestaltet. Es geht darum, wie wir als Imkerinnen vor Sch\u00fclern und Erwachsenen auftreten und wie ich auf mein Publikum wirke. Es ist wichtig, schnell die Aufmerksamkeit der Gruppe zu gewinnen und Neugier zu wecken. Lydia liebt es, in ihrer Imkerkleidung in die Klasse zu kommen, da hat sie sofort alle Blicke und Aufmerksamkeit auf sich gezogen.<\/p>\n<p>Sie gibt im Laufe des Vormittags Informationen f\u00fcr ein sicheres Auftreten, Tipps f\u00fcr den Einsatz von Ritualen und zur St\u00e4rkung der eigenen Person. In Gruppen arbeiten wir an verschiedenen Themen, z.B. erstellen wir einen Notfallplan f\u00fcr Bienenstockbesuche, egal ob Erwachsene oder Kinder kommen. Anschlie\u00dfend pr\u00e4sentieren wir die Ergebnisse und \u00fcben gleich das Auftreten vor einer Gruppe.<\/p>\n<h5>Notfall und Erste Hilfe<\/h5>\n<p>Lydia wiederholt auch einige Erste-Hilfe-Ma\u00dfnahmen, unter anderem die Phasen eines anaphylaktischen Schocks nach einem Bienenstich. Dazu \u00fcben wir den Umgang mit dem Epipen. F\u00fcr den Fall, dass der Gestochene nicht mehr in der Lage ist, sich den Epipen selbst zu setzen, m\u00fcssen wir das \u00fcbernehmen. Zum Gl\u00fcck sind alle \u00dcbungsstifte leer.<\/p>\n<p>Auch die Frage der Alarmierung im Notfall wurde angesprochen. Ein Kursteilnehmer, der Schulleiter der VS Neustift in Tirol, gibt dazu sehr n\u00fctzliche Hinweise. Patric ist in Blaulichtorganisationen t\u00e4tig und beschreibt den Ablauf eines Notrufes und nimmt uns auch die Angst, in der Aufregung etwas zu vergessen oder falsch zu machen. Er erkl\u00e4rt, dass die Leitstelle bei einem Notruf so lange am Telefon bleibt, bis alle Fragen gekl\u00e4rt sind und den Anrufer unterst\u00fctzt, bis Hilfe eintrifft. Patric erkl\u00e4rt auch, wie man einem angeforderten Hubschrauber signalisiert, dass er gebraucht wird. Beide H\u00e4nde hoch wie ein Ypsilon bedeutet Yes &#8211; Notfall, nur eine Hand hoch wie ein N bedeutet No. Niemals winken, der Pilot wei\u00df dann nicht, ob man nur freundlich ist oder ihn dringend braucht, vor allem, wenn das Ziel f\u00fcr ihn noch nicht klar erkennbar ist. Bis zur Kl\u00e4rung kann wertvolle Zeit verloren gehen.<\/p>\n<h5>Naturspiele im Freien<\/h5>\n<p>Am Nachmittag geht es zum \u201eSpielen\u201c an die frische Luft. Lydia hat einen kleinen Kreis mit einem Seil abgesteckt, an dem in Abst\u00e4nden kleine S\u00e4ckchen h\u00e4ngen. Was sich darin befindet, m\u00fcssen wir \u201eblind\u201c ertasten. Unsere Aufgabe ist es, mit verbundenen Augen am Seil entlang zu gehen und in jedem Sackerl zu ertasten, was drinnen sein k\u00f6nnte. Steine, \u00c4stchen, Bienenwaben, Tannenzapfen, Kaffee, &#8230; konnten ertastet werden, nicht alles wurde sofort erraten.<br \/>\nBei einem zweiten Spiel ging es unter anderem um die Merkf\u00e4higkeit. Lydia hatte ein Naturmemory in Form von Bl\u00e4ttern, Steinen, Zapfen, \u00c4sten, Wurzeln, &#8230; auf ein wei\u00dfes Tuch gelegt und unsere Aufgabe war es, die Dinge kurz anzuschauen und sich m\u00f6glichst viele zu merken, bevor alles wieder verdeckt wurde. Dann sollten wir m\u00f6glichst zu jedem Gegenstand einen zweiten finden. Das war eine ganz sch\u00f6ne Herausforderung und eine sch\u00f6ne Abwechslung zum vielen Sitzen am Vormittag.<\/p>\n<p>Lydia zeigte uns, wie man aus allen gefundenen und bereits vorhandenen Naturmaterialien ein Naturbild gestalten kann &#8211; in unserem Fall mit etwas Fantasie in Form einer Biene.<\/p>\n<h5>Feedback und Danksagung<\/h5>\n<p>Nach einer ausf\u00fchrlichen Feedbackrunde endete eine sehr interessante Fortbildung mit vielen Impulsen, Tipps und Handlungsanleitungen f\u00fcr einen Tag am Bienenstand oder einen Bienenworkshop in einer Schulklasse oder Kindergartengruppe. Rosi und Lydia haben uns das alles mit viel Herzblut, Fachwissen und eigenen Erfahrungen vermittelt. Vielen Dank daf\u00fcr und auch f\u00fcr die M\u00f6glichkeit, eigene Erfahrungen einzubringen &#8211; ein gel\u00e4ufiger Satz wurde: \u201eIch h\u00e4tte da noch etwas zu erg\u00e4nzen\u201c.<\/p>\n<\/div><\/section><br \/>\n<div  class='av-social-sharing-box av-4whh45-8d4cbc5ca812c0f9dde3be2c82c353b9 av-social-sharing-box-default  avia-builder-el-4  el_after_av_textblock  el_before_av_comments_list  av-social-sharing-box-fullwidth'><div class=\"av-share-box\"><h5 class='av-share-link-description av-no-toc '>Eintrag teilen<\/h5><ul class=\"av-share-box-list noLightbox\"><li class='av-share-link av-social-link-facebook avia_social_iconfont' ><a target=\"_blank\" aria-label=\"Teilen auf Facebook\" href='https:\/\/www.facebook.com\/sharer.php?u=https:\/\/imker-aigen.at\/index.php\/2025\/04\/01\/bienenpaedagogik-aufbaukurs-in-innsbruck\/&#038;t=Bienenp%C3%A4dagogik-Aufbaukurs%20in%20Innsbruck' data-av_icon='\ue8f3' data-av_iconfont='entypo-fontello'  title='' data-avia-related-tooltip='Teilen auf Facebook'><span class='avia_hidden_link_text'>Teilen auf Facebook<\/span><\/a><\/li><li class='av-share-link av-social-link-twitter avia_social_iconfont' ><a target=\"_blank\" aria-label=\"Teilen auf X\" href='https:\/\/twitter.com\/share?text=Bienenp%C3%A4dagogik-Aufbaukurs%20in%20Innsbruck&#038;url=https:\/\/imker-aigen.at\/?p=7749' data-av_icon='\ue932' data-av_iconfont='entypo-fontello'  title='' data-avia-related-tooltip='Teilen auf X'><span class='avia_hidden_link_text'>Teilen auf X<\/span><\/a><\/li><li class='av-share-link av-social-link-whatsapp avia_social_iconfont' ><a target=\"_blank\" aria-label=\"Teilen auf WhatsApp\" href='https:\/\/api.whatsapp.com\/send?text=https:\/\/imker-aigen.at\/index.php\/2025\/04\/01\/bienenpaedagogik-aufbaukurs-in-innsbruck\/' data-av_icon='\uf232' data-av_iconfont='entypo-fontello'  title='' data-avia-related-tooltip='Teilen auf WhatsApp'><span class='avia_hidden_link_text'>Teilen auf WhatsApp<\/span><\/a><\/li><li class='av-share-link av-social-link-pinterest avia_social_iconfont' ><a target=\"_blank\" aria-label=\"Teilen auf Pinterest\" href='https:\/\/pinterest.com\/pin\/create\/button\/?url=https%3A%2F%2Fimker-aigen.at%2Findex.php%2F2025%2F04%2F01%2Fbienenpaedagogik-aufbaukurs-in-innsbruck%2F&#038;description=Bienenp%C3%A4dagogik-Aufbaukurs%20in%20Innsbruck&#038;media=https%3A%2F%2Fimker-aigen.at%2Fwp-content%2Fuploads%2F2024%2F06%2Fflying_bee.jpg' data-av_icon='\ue8f8' data-av_iconfont='entypo-fontello'  title='' data-avia-related-tooltip='Teilen auf Pinterest'><span class='avia_hidden_link_text'>Teilen auf Pinterest<\/span><\/a><\/li><li class='av-share-link av-social-link-linkedin avia_social_iconfont' ><a target=\"_blank\" aria-label=\"Teilen auf LinkedIn\" href='https:\/\/linkedin.com\/shareArticle?mini=true&#038;title=Bienenp%C3%A4dagogik-Aufbaukurs%20in%20Innsbruck&#038;url=https:\/\/imker-aigen.at\/index.php\/2025\/04\/01\/bienenpaedagogik-aufbaukurs-in-innsbruck\/' data-av_icon='\ue8fc' data-av_iconfont='entypo-fontello'  title='' data-avia-related-tooltip='Teilen auf LinkedIn'><span class='avia_hidden_link_text'>Teilen auf LinkedIn<\/span><\/a><\/li><li class='av-share-link av-social-link-reddit avia_social_iconfont' ><a target=\"_blank\" aria-label=\"Teilen auf Reddit\" href='https:\/\/reddit.com\/submit?url=https:\/\/imker-aigen.at\/index.php\/2025\/04\/01\/bienenpaedagogik-aufbaukurs-in-innsbruck\/&#038;title=Bienenp%C3%A4dagogik-Aufbaukurs%20in%20Innsbruck' data-av_icon='\ue927' data-av_iconfont='entypo-fontello'  title='' data-avia-related-tooltip='Teilen auf Reddit'><span class='avia_hidden_link_text'>Teilen auf Reddit<\/span><\/a><\/li><li class='av-share-link av-social-link-mail avia_social_iconfont' ><a  aria-label=\"Per E-Mail teilen\" href='mailto:?subject=Bienenp%C3%A4dagogik-Aufbaukurs%20in%20Innsbruck&#038;body=https:\/\/imker-aigen.at\/index.php\/2025\/04\/01\/bienenpaedagogik-aufbaukurs-in-innsbruck\/' data-av_icon='\ue805' data-av_iconfont='entypo-fontello'  title='' data-avia-related-tooltip='Per E-Mail teilen'><span class='avia_hidden_link_text'>Per E-Mail teilen<\/span><\/a><\/li><\/ul><\/div><\/div><br \/>\n<div  class='av-buildercomment av-2b0mut-d351743f735f35b27f672092f916826a'><\/div><\/p><\/div>\n","protected":false},"excerpt":{"rendered":"","protected":false},"author":1,"featured_media":6092,"comment_status":"open","ping_status":"closed","sticky":false,"template":"","format":"standard","meta":{"footnotes":""},"categories":[18,2],"tags":[362,378,376,375],"class_list":["post-7749","post","type-post","status-publish","format-standard","has-post-thumbnail","hentry","category-alte-veranstaltungen","category-news","tag-bienenpaedagogik","tag-innsbruck","tag-lydia","tag-rosi"],"yoast_head":"<!-- This site is optimized with the Yoast SEO plugin v27.4 - https:\/\/yoast.com\/product\/yoast-seo-wordpress\/ -->\n<title>Bienenp\u00e4dagogik-Aufbaukurs in Innsbruck - Imker Ortsgruppe Salzburg Aigen<\/title>\n<meta name=\"description\" content=\"Ein Bericht \u00fcber den Bienenp\u00e4dagogik-Aufbaukurs von WL Rosi Fellner in Innsbruck (13-14.3.2025)\" \/>\n<meta name=\"robots\" content=\"index, follow, max-snippet:-1, max-image-preview:large, max-video-preview:-1\" \/>\n<link rel=\"canonical\" href=\"https:\/\/imker-aigen.at\/index.php\/2025\/04\/01\/bienenpaedagogik-aufbaukurs-in-innsbruck\/\" \/>\n<meta property=\"og:locale\" content=\"de_DE\" \/>\n<meta property=\"og:type\" content=\"article\" \/>\n<meta property=\"og:title\" content=\"Bienenp\u00e4dagogik-Aufbaukurs in Innsbruck - Imker Ortsgruppe Salzburg Aigen\" \/>\n<meta property=\"og:description\" content=\"Ein Bericht \u00fcber den Bienenp\u00e4dagogik-Aufbaukurs von WL Rosi Fellner in Innsbruck (13-14.3.2025)\" \/>\n<meta property=\"og:url\" content=\"https:\/\/imker-aigen.at\/index.php\/2025\/04\/01\/bienenpaedagogik-aufbaukurs-in-innsbruck\/\" \/>\n<meta property=\"og:site_name\" content=\"Imker Ortsgruppe Salzburg Aigen\" \/>\n<meta property=\"article:published_time\" content=\"2025-04-01T14:55:59+00:00\" \/>\n<meta property=\"article:modified_time\" content=\"2025-04-02T16:26:39+00:00\" \/>\n<meta property=\"og:image\" content=\"https:\/\/imker-aigen.at\/wp-content\/uploads\/2024\/06\/flying_bee.jpg\" \/>\n\t<meta property=\"og:image:width\" content=\"336\" \/>\n\t<meta property=\"og:image:height\" content=\"206\" \/>\n\t<meta property=\"og:image:type\" content=\"image\/jpeg\" \/>\n<meta name=\"author\" content=\"admin\" \/>\n<meta name=\"twitter:card\" content=\"summary_large_image\" \/>\n<meta name=\"twitter:label1\" content=\"Verfasst von\" \/>\n\t<meta name=\"twitter:data1\" content=\"admin\" \/>\n\t<meta name=\"twitter:label2\" content=\"Gesch\u00e4tzte Lesezeit\" \/>\n\t<meta name=\"twitter:data2\" content=\"8\u00a0Minuten\" \/>\n<script type=\"application\/ld+json\" class=\"yoast-schema-graph\">{\"@context\":\"https:\\\/\\\/schema.org\",\"@graph\":[{\"@type\":\"Article\",\"@id\":\"https:\\\/\\\/imker-aigen.at\\\/index.php\\\/2025\\\/04\\\/01\\\/bienenpaedagogik-aufbaukurs-in-innsbruck\\\/#article\",\"isPartOf\":{\"@id\":\"https:\\\/\\\/imker-aigen.at\\\/index.php\\\/2025\\\/04\\\/01\\\/bienenpaedagogik-aufbaukurs-in-innsbruck\\\/\"},\"author\":{\"name\":\"admin\",\"@id\":\"https:\\\/\\\/imker-aigen.at\\\/#\\\/schema\\\/person\\\/d7d0c3a8ef6f051d450781218ac83077\"},\"headline\":\"Bienenp\u00e4dagogik-Aufbaukurs in Innsbruck\",\"datePublished\":\"2025-04-01T14:55:59+00:00\",\"dateModified\":\"2025-04-02T16:26:39+00:00\",\"mainEntityOfPage\":{\"@id\":\"https:\\\/\\\/imker-aigen.at\\\/index.php\\\/2025\\\/04\\\/01\\\/bienenpaedagogik-aufbaukurs-in-innsbruck\\\/\"},\"wordCount\":2358,\"commentCount\":0,\"publisher\":{\"@id\":\"https:\\\/\\\/imker-aigen.at\\\/#organization\"},\"image\":{\"@id\":\"https:\\\/\\\/imker-aigen.at\\\/index.php\\\/2025\\\/04\\\/01\\\/bienenpaedagogik-aufbaukurs-in-innsbruck\\\/#primaryimage\"},\"thumbnailUrl\":\"https:\\\/\\\/imker-aigen.at\\\/wp-content\\\/uploads\\\/2024\\\/06\\\/flying_bee.jpg\",\"keywords\":[\"Bienenp\u00e4dagogik\",\"Innsbruck\",\"Lydia\",\"Rosi\"],\"articleSection\":[\"Alte Veranstaltungen\",\"News\"],\"inLanguage\":\"de\",\"potentialAction\":[{\"@type\":\"CommentAction\",\"name\":\"Comment\",\"target\":[\"https:\\\/\\\/imker-aigen.at\\\/index.php\\\/2025\\\/04\\\/01\\\/bienenpaedagogik-aufbaukurs-in-innsbruck\\\/#respond\"]}]},{\"@type\":\"WebPage\",\"@id\":\"https:\\\/\\\/imker-aigen.at\\\/index.php\\\/2025\\\/04\\\/01\\\/bienenpaedagogik-aufbaukurs-in-innsbruck\\\/\",\"url\":\"https:\\\/\\\/imker-aigen.at\\\/index.php\\\/2025\\\/04\\\/01\\\/bienenpaedagogik-aufbaukurs-in-innsbruck\\\/\",\"name\":\"Bienenp\u00e4dagogik-Aufbaukurs in Innsbruck - Imker Ortsgruppe Salzburg Aigen\",\"isPartOf\":{\"@id\":\"https:\\\/\\\/imker-aigen.at\\\/#website\"},\"primaryImageOfPage\":{\"@id\":\"https:\\\/\\\/imker-aigen.at\\\/index.php\\\/2025\\\/04\\\/01\\\/bienenpaedagogik-aufbaukurs-in-innsbruck\\\/#primaryimage\"},\"image\":{\"@id\":\"https:\\\/\\\/imker-aigen.at\\\/index.php\\\/2025\\\/04\\\/01\\\/bienenpaedagogik-aufbaukurs-in-innsbruck\\\/#primaryimage\"},\"thumbnailUrl\":\"https:\\\/\\\/imker-aigen.at\\\/wp-content\\\/uploads\\\/2024\\\/06\\\/flying_bee.jpg\",\"datePublished\":\"2025-04-01T14:55:59+00:00\",\"dateModified\":\"2025-04-02T16:26:39+00:00\",\"description\":\"Ein Bericht \u00fcber den Bienenp\u00e4dagogik-Aufbaukurs von WL Rosi Fellner in Innsbruck (13-14.3.2025)\",\"breadcrumb\":{\"@id\":\"https:\\\/\\\/imker-aigen.at\\\/index.php\\\/2025\\\/04\\\/01\\\/bienenpaedagogik-aufbaukurs-in-innsbruck\\\/#breadcrumb\"},\"inLanguage\":\"de\",\"potentialAction\":[{\"@type\":\"ReadAction\",\"target\":[\"https:\\\/\\\/imker-aigen.at\\\/index.php\\\/2025\\\/04\\\/01\\\/bienenpaedagogik-aufbaukurs-in-innsbruck\\\/\"]}]},{\"@type\":\"ImageObject\",\"inLanguage\":\"de\",\"@id\":\"https:\\\/\\\/imker-aigen.at\\\/index.php\\\/2025\\\/04\\\/01\\\/bienenpaedagogik-aufbaukurs-in-innsbruck\\\/#primaryimage\",\"url\":\"https:\\\/\\\/imker-aigen.at\\\/wp-content\\\/uploads\\\/2024\\\/06\\\/flying_bee.jpg\",\"contentUrl\":\"https:\\\/\\\/imker-aigen.at\\\/wp-content\\\/uploads\\\/2024\\\/06\\\/flying_bee.jpg\",\"width\":336,\"height\":206},{\"@type\":\"BreadcrumbList\",\"@id\":\"https:\\\/\\\/imker-aigen.at\\\/index.php\\\/2025\\\/04\\\/01\\\/bienenpaedagogik-aufbaukurs-in-innsbruck\\\/#breadcrumb\",\"itemListElement\":[{\"@type\":\"ListItem\",\"position\":1,\"name\":\"Startseite\",\"item\":\"https:\\\/\\\/imker-aigen.at\\\/index.php\\\/home\\\/\"},{\"@type\":\"ListItem\",\"position\":2,\"name\":\"Bienenp\u00e4dagogik-Aufbaukurs in Innsbruck\"}]},{\"@type\":\"WebSite\",\"@id\":\"https:\\\/\\\/imker-aigen.at\\\/#website\",\"url\":\"https:\\\/\\\/imker-aigen.at\\\/\",\"name\":\"Imker Ortsgruppe Salzburg Aigen\",\"description\":\"Homepage der Imker-Ortsgruppe Salzburg Aigen\",\"publisher\":{\"@id\":\"https:\\\/\\\/imker-aigen.at\\\/#organization\"},\"potentialAction\":[{\"@type\":\"SearchAction\",\"target\":{\"@type\":\"EntryPoint\",\"urlTemplate\":\"https:\\\/\\\/imker-aigen.at\\\/?s={search_term_string}\"},\"query-input\":{\"@type\":\"PropertyValueSpecification\",\"valueRequired\":true,\"valueName\":\"search_term_string\"}}],\"inLanguage\":\"de\"},{\"@type\":\"Organization\",\"@id\":\"https:\\\/\\\/imker-aigen.at\\\/#organization\",\"name\":\"Imker Ortsgruppe Salzburg Aigen\",\"url\":\"https:\\\/\\\/imker-aigen.at\\\/\",\"logo\":{\"@type\":\"ImageObject\",\"inLanguage\":\"de\",\"@id\":\"https:\\\/\\\/imker-aigen.at\\\/#\\\/schema\\\/logo\\\/image\\\/\",\"url\":\"https:\\\/\\\/imker-aigen.at\\\/wp-content\\\/uploads\\\/2022\\\/08\\\/logo-1.png\",\"contentUrl\":\"https:\\\/\\\/imker-aigen.at\\\/wp-content\\\/uploads\\\/2022\\\/08\\\/logo-1.png\",\"width\":392,\"height\":156,\"caption\":\"Imker Ortsgruppe Salzburg Aigen\"},\"image\":{\"@id\":\"https:\\\/\\\/imker-aigen.at\\\/#\\\/schema\\\/logo\\\/image\\\/\"}},{\"@type\":\"Person\",\"@id\":\"https:\\\/\\\/imker-aigen.at\\\/#\\\/schema\\\/person\\\/d7d0c3a8ef6f051d450781218ac83077\",\"name\":\"admin\",\"image\":{\"@type\":\"ImageObject\",\"inLanguage\":\"de\",\"@id\":\"https:\\\/\\\/secure.gravatar.com\\\/avatar\\\/925a7e918efd3cfdae29be9c0018a3ae3275cd0444a6e166241172bb6e5243c7?s=96&d=mm&r=g\",\"url\":\"https:\\\/\\\/secure.gravatar.com\\\/avatar\\\/925a7e918efd3cfdae29be9c0018a3ae3275cd0444a6e166241172bb6e5243c7?s=96&d=mm&r=g\",\"contentUrl\":\"https:\\\/\\\/secure.gravatar.com\\\/avatar\\\/925a7e918efd3cfdae29be9c0018a3ae3275cd0444a6e166241172bb6e5243c7?s=96&d=mm&r=g\",\"caption\":\"admin\"},\"sameAs\":[\"https:\\\/\\\/imker-aigen.at\",\"linkedin.com\\\/in\\\/bernd-meierhofer-5919b62\"],\"url\":\"https:\\\/\\\/imker-aigen.at\\\/index.php\\\/author\\\/bmeierhofer\\\/\"}]}<\/script>\n<!-- \/ Yoast SEO plugin. -->","yoast_head_json":{"title":"Bienenp\u00e4dagogik-Aufbaukurs in Innsbruck - Imker Ortsgruppe Salzburg Aigen","description":"Ein Bericht \u00fcber den Bienenp\u00e4dagogik-Aufbaukurs von WL Rosi Fellner in Innsbruck (13-14.3.2025)","robots":{"index":"index","follow":"follow","max-snippet":"max-snippet:-1","max-image-preview":"max-image-preview:large","max-video-preview":"max-video-preview:-1"},"canonical":"https:\/\/imker-aigen.at\/index.php\/2025\/04\/01\/bienenpaedagogik-aufbaukurs-in-innsbruck\/","og_locale":"de_DE","og_type":"article","og_title":"Bienenp\u00e4dagogik-Aufbaukurs in Innsbruck - Imker Ortsgruppe Salzburg Aigen","og_description":"Ein Bericht \u00fcber den Bienenp\u00e4dagogik-Aufbaukurs von WL Rosi Fellner in Innsbruck (13-14.3.2025)","og_url":"https:\/\/imker-aigen.at\/index.php\/2025\/04\/01\/bienenpaedagogik-aufbaukurs-in-innsbruck\/","og_site_name":"Imker Ortsgruppe Salzburg Aigen","article_published_time":"2025-04-01T14:55:59+00:00","article_modified_time":"2025-04-02T16:26:39+00:00","og_image":[{"width":336,"height":206,"url":"https:\/\/imker-aigen.at\/wp-content\/uploads\/2024\/06\/flying_bee.jpg","type":"image\/jpeg"}],"author":"admin","twitter_card":"summary_large_image","twitter_misc":{"Verfasst von":"admin","Gesch\u00e4tzte Lesezeit":"8\u00a0Minuten"},"schema":{"@context":"https:\/\/schema.org","@graph":[{"@type":"Article","@id":"https:\/\/imker-aigen.at\/index.php\/2025\/04\/01\/bienenpaedagogik-aufbaukurs-in-innsbruck\/#article","isPartOf":{"@id":"https:\/\/imker-aigen.at\/index.php\/2025\/04\/01\/bienenpaedagogik-aufbaukurs-in-innsbruck\/"},"author":{"name":"admin","@id":"https:\/\/imker-aigen.at\/#\/schema\/person\/d7d0c3a8ef6f051d450781218ac83077"},"headline":"Bienenp\u00e4dagogik-Aufbaukurs in Innsbruck","datePublished":"2025-04-01T14:55:59+00:00","dateModified":"2025-04-02T16:26:39+00:00","mainEntityOfPage":{"@id":"https:\/\/imker-aigen.at\/index.php\/2025\/04\/01\/bienenpaedagogik-aufbaukurs-in-innsbruck\/"},"wordCount":2358,"commentCount":0,"publisher":{"@id":"https:\/\/imker-aigen.at\/#organization"},"image":{"@id":"https:\/\/imker-aigen.at\/index.php\/2025\/04\/01\/bienenpaedagogik-aufbaukurs-in-innsbruck\/#primaryimage"},"thumbnailUrl":"https:\/\/imker-aigen.at\/wp-content\/uploads\/2024\/06\/flying_bee.jpg","keywords":["Bienenp\u00e4dagogik","Innsbruck","Lydia","Rosi"],"articleSection":["Alte Veranstaltungen","News"],"inLanguage":"de","potentialAction":[{"@type":"CommentAction","name":"Comment","target":["https:\/\/imker-aigen.at\/index.php\/2025\/04\/01\/bienenpaedagogik-aufbaukurs-in-innsbruck\/#respond"]}]},{"@type":"WebPage","@id":"https:\/\/imker-aigen.at\/index.php\/2025\/04\/01\/bienenpaedagogik-aufbaukurs-in-innsbruck\/","url":"https:\/\/imker-aigen.at\/index.php\/2025\/04\/01\/bienenpaedagogik-aufbaukurs-in-innsbruck\/","name":"Bienenp\u00e4dagogik-Aufbaukurs in Innsbruck - Imker Ortsgruppe Salzburg Aigen","isPartOf":{"@id":"https:\/\/imker-aigen.at\/#website"},"primaryImageOfPage":{"@id":"https:\/\/imker-aigen.at\/index.php\/2025\/04\/01\/bienenpaedagogik-aufbaukurs-in-innsbruck\/#primaryimage"},"image":{"@id":"https:\/\/imker-aigen.at\/index.php\/2025\/04\/01\/bienenpaedagogik-aufbaukurs-in-innsbruck\/#primaryimage"},"thumbnailUrl":"https:\/\/imker-aigen.at\/wp-content\/uploads\/2024\/06\/flying_bee.jpg","datePublished":"2025-04-01T14:55:59+00:00","dateModified":"2025-04-02T16:26:39+00:00","description":"Ein Bericht \u00fcber den Bienenp\u00e4dagogik-Aufbaukurs von WL Rosi Fellner in Innsbruck (13-14.3.2025)","breadcrumb":{"@id":"https:\/\/imker-aigen.at\/index.php\/2025\/04\/01\/bienenpaedagogik-aufbaukurs-in-innsbruck\/#breadcrumb"},"inLanguage":"de","potentialAction":[{"@type":"ReadAction","target":["https:\/\/imker-aigen.at\/index.php\/2025\/04\/01\/bienenpaedagogik-aufbaukurs-in-innsbruck\/"]}]},{"@type":"ImageObject","inLanguage":"de","@id":"https:\/\/imker-aigen.at\/index.php\/2025\/04\/01\/bienenpaedagogik-aufbaukurs-in-innsbruck\/#primaryimage","url":"https:\/\/imker-aigen.at\/wp-content\/uploads\/2024\/06\/flying_bee.jpg","contentUrl":"https:\/\/imker-aigen.at\/wp-content\/uploads\/2024\/06\/flying_bee.jpg","width":336,"height":206},{"@type":"BreadcrumbList","@id":"https:\/\/imker-aigen.at\/index.php\/2025\/04\/01\/bienenpaedagogik-aufbaukurs-in-innsbruck\/#breadcrumb","itemListElement":[{"@type":"ListItem","position":1,"name":"Startseite","item":"https:\/\/imker-aigen.at\/index.php\/home\/"},{"@type":"ListItem","position":2,"name":"Bienenp\u00e4dagogik-Aufbaukurs in Innsbruck"}]},{"@type":"WebSite","@id":"https:\/\/imker-aigen.at\/#website","url":"https:\/\/imker-aigen.at\/","name":"Imker Ortsgruppe Salzburg Aigen","description":"Homepage der Imker-Ortsgruppe Salzburg Aigen","publisher":{"@id":"https:\/\/imker-aigen.at\/#organization"},"potentialAction":[{"@type":"SearchAction","target":{"@type":"EntryPoint","urlTemplate":"https:\/\/imker-aigen.at\/?s={search_term_string}"},"query-input":{"@type":"PropertyValueSpecification","valueRequired":true,"valueName":"search_term_string"}}],"inLanguage":"de"},{"@type":"Organization","@id":"https:\/\/imker-aigen.at\/#organization","name":"Imker Ortsgruppe Salzburg Aigen","url":"https:\/\/imker-aigen.at\/","logo":{"@type":"ImageObject","inLanguage":"de","@id":"https:\/\/imker-aigen.at\/#\/schema\/logo\/image\/","url":"https:\/\/imker-aigen.at\/wp-content\/uploads\/2022\/08\/logo-1.png","contentUrl":"https:\/\/imker-aigen.at\/wp-content\/uploads\/2022\/08\/logo-1.png","width":392,"height":156,"caption":"Imker Ortsgruppe Salzburg Aigen"},"image":{"@id":"https:\/\/imker-aigen.at\/#\/schema\/logo\/image\/"}},{"@type":"Person","@id":"https:\/\/imker-aigen.at\/#\/schema\/person\/d7d0c3a8ef6f051d450781218ac83077","name":"admin","image":{"@type":"ImageObject","inLanguage":"de","@id":"https:\/\/secure.gravatar.com\/avatar\/925a7e918efd3cfdae29be9c0018a3ae3275cd0444a6e166241172bb6e5243c7?s=96&d=mm&r=g","url":"https:\/\/secure.gravatar.com\/avatar\/925a7e918efd3cfdae29be9c0018a3ae3275cd0444a6e166241172bb6e5243c7?s=96&d=mm&r=g","contentUrl":"https:\/\/secure.gravatar.com\/avatar\/925a7e918efd3cfdae29be9c0018a3ae3275cd0444a6e166241172bb6e5243c7?s=96&d=mm&r=g","caption":"admin"},"sameAs":["https:\/\/imker-aigen.at","linkedin.com\/in\/bernd-meierhofer-5919b62"],"url":"https:\/\/imker-aigen.at\/index.php\/author\/bmeierhofer\/"}]}},"_links":{"self":[{"href":"https:\/\/imker-aigen.at\/index.php\/wp-json\/wp\/v2\/posts\/7749","targetHints":{"allow":["GET"]}}],"collection":[{"href":"https:\/\/imker-aigen.at\/index.php\/wp-json\/wp\/v2\/posts"}],"about":[{"href":"https:\/\/imker-aigen.at\/index.php\/wp-json\/wp\/v2\/types\/post"}],"author":[{"embeddable":true,"href":"https:\/\/imker-aigen.at\/index.php\/wp-json\/wp\/v2\/users\/1"}],"replies":[{"embeddable":true,"href":"https:\/\/imker-aigen.at\/index.php\/wp-json\/wp\/v2\/comments?post=7749"}],"version-history":[{"count":8,"href":"https:\/\/imker-aigen.at\/index.php\/wp-json\/wp\/v2\/posts\/7749\/revisions"}],"predecessor-version":[{"id":7768,"href":"https:\/\/imker-aigen.at\/index.php\/wp-json\/wp\/v2\/posts\/7749\/revisions\/7768"}],"wp:featuredmedia":[{"embeddable":true,"href":"https:\/\/imker-aigen.at\/index.php\/wp-json\/wp\/v2\/media\/6092"}],"wp:attachment":[{"href":"https:\/\/imker-aigen.at\/index.php\/wp-json\/wp\/v2\/media?parent=7749"}],"wp:term":[{"taxonomy":"category","embeddable":true,"href":"https:\/\/imker-aigen.at\/index.php\/wp-json\/wp\/v2\/categories?post=7749"},{"taxonomy":"post_tag","embeddable":true,"href":"https:\/\/imker-aigen.at\/index.php\/wp-json\/wp\/v2\/tags?post=7749"}],"curies":[{"name":"wp","href":"https:\/\/api.w.org\/{rel}","templated":true}]}}