{"id":7983,"date":"2025-05-25T13:00:03","date_gmt":"2025-05-25T11:00:03","guid":{"rendered":"https:\/\/imker-aigen.at\/?p=7983"},"modified":"2025-05-29T20:17:50","modified_gmt":"2025-05-29T18:17:50","slug":"tag-des-offenen-bienenstocks-im-garten-der-stadtimkerin-karoline-greimel","status":"publish","type":"post","link":"https:\/\/imker-aigen.at\/index.php\/2025\/05\/25\/tag-des-offenen-bienenstocks-im-garten-der-stadtimkerin-karoline-greimel\/","title":{"rendered":"Tag des offenen Bienenstocks im Garten der Stadtimkerin Karoline Greimel"},"content":{"rendered":"<div  class='flex_column av-6fs08v-c1e311caaa7f1718b2284ddbd6e76240 av_one_full  avia-builder-el-0  avia-builder-el-no-sibling  first flex_column_div  '     ><p>\n<style type=\"text\/css\" data-created_by=\"avia_inline_auto\" id=\"style-css-av-mb936ia5-fd99769f8724d1e3cc0374f55188243d\">\n#top .av-special-heading.av-mb936ia5-fd99769f8724d1e3cc0374f55188243d{\npadding-bottom:10px;\n}\nbody .av-special-heading.av-mb936ia5-fd99769f8724d1e3cc0374f55188243d .av-special-heading-tag .heading-char{\nfont-size:25px;\n}\n.av-special-heading.av-mb936ia5-fd99769f8724d1e3cc0374f55188243d .av-subheading{\nfont-size:15px;\n}\n<\/style>\n<div  class='av-special-heading av-mb936ia5-fd99769f8724d1e3cc0374f55188243d av-special-heading-h3  avia-builder-el-1  el_before_av_horizontal_gallery  avia-builder-el-no-sibling '><h3 class='av-special-heading-tag '  itemprop=\"headline\"  >Tag des offenen Bienenstocks 2025 im Garten der Stadtimkerin Karoline Greimel<\/h3><div class=\"special-heading-border\"><div class=\"special-heading-inner-border\"><\/div><\/div><\/div><br \/>\n\n<style type=\"text\/css\" data-created_by=\"avia_inline_auto\" id=\"style-css-av-mb95o3e2-dc0ed81e17e6320822c32b52a21c83e6\">\n.av-horizontal-gallery.av-mb95o3e2-dc0ed81e17e6320822c32b52a21c83e6{\npadding:3.75% 0px;;\n}\n.av-horizontal-gallery.av-mb95o3e2-dc0ed81e17e6320822c32b52a21c83e6 .av-horizontal-gallery-inner{\npadding-bottom:25%;\n}\n<\/style>\n<div  class='av-horizontal-gallery av-mb95o3e2-dc0ed81e17e6320822c32b52a21c83e6 av-horizontal-gallery-large-gap av-horizontal-gallery-enlarge-effect  avia-builder-el-2  el_after_av_heading  el_before_av_hr  av-slideshow-ui av-control-default av-slideshow-manual av-loop-once av-loop-manual-once av-horizontal-gallery-1' data-slideshow-data=\"{&quot;enlarge&quot;:1.3,&quot;animation&quot;:&quot;slide&quot;,&quot;autoplay&quot;:false,&quot;loop_autoplay&quot;:&quot;once&quot;,&quot;interval&quot;:5,&quot;loop_manual&quot;:&quot;manual-once&quot;,&quot;autoplay_stopper&quot;:false,&quot;noNavigation&quot;:false,&quot;bg_slider&quot;:false,&quot;keep_padding&quot;:&quot;&quot;,&quot;hoverpause&quot;:false,&quot;show_slide_delay&quot;:0}\"  itemprop=\"image\" itemscope=\"itemscope\" itemtype=\"https:\/\/schema.org\/ImageObject\" ><div class='avia-slideshow-arrows avia-slideshow-controls' ><a href='#prev' class='prev-slide av-horizontal-gallery-prev avia-svg-icon avia-font-svg_entypo-fontello' data-av_svg_icon='left-open-big' data-av_iconset='svg_entypo-fontello' tabindex='-1' title=\"Zur\u00fcck\"><svg version=\"1.1\" xmlns=\"http:\/\/www.w3.org\/2000\/svg\" width=\"15\" height=\"32\" viewBox=\"0 0 15 32\" preserveAspectRatio=\"xMidYMid meet\" aria-labelledby='av-svg-title-1' aria-describedby='av-svg-desc-1' role=\"graphics-symbol\" aria-hidden=\"true\">\n<title id='av-svg-title-1'>Zur\u00fcck<\/title>\n<desc id='av-svg-desc-1'>Zur\u00fcck<\/desc>\n<path d=\"M14.464 27.84q0.832 0.832 0 1.536-0.832 0.832-1.536 0l-12.544-12.608q-0.768-0.768 0-1.6l12.544-12.608q0.704-0.832 1.536 0 0.832 0.704 0 1.536l-11.456 11.904z\"><\/path>\n<\/svg><span class='avia_hidden_link_text'>Zur\u00fcck<\/span><\/a><a href='#next' class='next-slide av-horizontal-gallery-next avia-svg-icon avia-font-svg_entypo-fontello' data-av_svg_icon='right-open-big' data-av_iconset='svg_entypo-fontello' tabindex='-1' title=\"Weiter\"><svg version=\"1.1\" xmlns=\"http:\/\/www.w3.org\/2000\/svg\" width=\"15\" height=\"32\" viewBox=\"0 0 15 32\" preserveAspectRatio=\"xMidYMid meet\" aria-labelledby='av-svg-title-2' aria-describedby='av-svg-desc-2' role=\"graphics-symbol\" aria-hidden=\"true\">\n<title id='av-svg-title-2'>Weiter<\/title>\n<desc id='av-svg-desc-2'>Weiter<\/desc>\n<path d=\"M0.416 27.84l11.456-11.84-11.456-11.904q-0.832-0.832 0-1.536 0.832-0.832 1.536 0l12.544 12.608q0.768 0.832 0 1.6l-12.544 12.608q-0.704 0.832-1.536 0-0.832-0.704 0-1.536z\"><\/path>\n<\/svg><span class='avia_hidden_link_text'>Weiter<\/span><\/a><\/div><div class='avia-slideshow-dots avia-slideshow-controls av-horizontal-gallery-dots fade-in'><a href='#1' class='goto-slide active' >1<\/a><a href='#2' class='goto-slide ' >2<\/a><a href='#3' class='goto-slide ' >3<\/a><a href='#4' class='goto-slide ' >4<\/a><a href='#5' class='goto-slide ' >5<\/a><a href='#6' class='goto-slide ' >6<\/a><a href='#7' class='goto-slide ' >7<\/a><\/div><div class='av-horizontal-gallery-inner' data-av-height='25'><div class=\"av-horizontal-gallery-slider\"><div class=\"av-horizontal-gallery-wrap noHover\"><img decoding=\"async\" fetchpriority=\"high\" class='wp-image-7999 avia-img-lazy-loading-not-7999 av-horizontal-gallery-img' width=\"768\" height=\"1024\" src=\"https:\/\/imker-aigen.at\/wp-content\/uploads\/2025\/05\/TagOffenerBienenstock2025_7.jpg\" title='Herzlich Willkommen zum Tag des offenen Bienenstocks im Garten der Stadtimkerin Karoline Greimel!' alt='' srcset=\"https:\/\/imker-aigen.at\/wp-content\/uploads\/2025\/05\/TagOffenerBienenstock2025_7.jpg 768w, https:\/\/imker-aigen.at\/wp-content\/uploads\/2025\/05\/TagOffenerBienenstock2025_7-225x300.jpg 225w, https:\/\/imker-aigen.at\/wp-content\/uploads\/2025\/05\/TagOffenerBienenstock2025_7-529x705.jpg 529w\" sizes=\"(max-width: 768px) 100vw, 768px\" \/><a href=\"https:\/\/imker-aigen.at\/wp-content\/uploads\/2025\/05\/TagOffenerBienenstock2025_7.jpg\" data-srcset=\"https:\/\/imker-aigen.at\/wp-content\/uploads\/2025\/05\/TagOffenerBienenstock2025_7.jpg 768w, https:\/\/imker-aigen.at\/wp-content\/uploads\/2025\/05\/TagOffenerBienenstock2025_7-225x300.jpg 225w, https:\/\/imker-aigen.at\/wp-content\/uploads\/2025\/05\/TagOffenerBienenstock2025_7-529x705.jpg 529w\" data-sizes=\"(max-width: 768px) 100vw, 768px\" class='av-horizontal-gallery-link avia-svg-icon avia-font-svg_entypo-fontello' data-av_svg_icon='resize-full' data-av_iconset='svg_entypo-fontello' title='Herzlich Willkommen zum Tag des offenen Bienenstocks im Garten der Stadtimkerin Karoline Greimel!' alt='' aria-label='Open image in lightbox: Herzlich Willkommen zum Tag des offenen Bienenstocks im Garten der Stadtimkerin Karoline Greimel!'><svg version=\"1.1\" xmlns=\"http:\/\/www.w3.org\/2000\/svg\" width=\"25\" height=\"32\" viewBox=\"0 0 25 32\" preserveAspectRatio=\"xMidYMid meet\" aria-labelledby='av-svg-title-3' aria-describedby='av-svg-desc-3' role=\"graphics-symbol\" aria-hidden=\"true\">\n<title id='av-svg-title-3'>Open image in lightbox: Herzlich Willkommen zum Tag des offenen Bienenstocks im Garten der Stadtimkerin Karoline Greimel!<\/title>\n<desc id='av-svg-desc-3'>Open image in lightbox: Herzlich Willkommen zum Tag des offenen Bienenstocks im Garten der Stadtimkerin Karoline Greimel!<\/desc>\n<path d=\"M15.232 3.328h10.112v10.112l-3.2-3.968-4.672 4.864-3.2-3.2 4.864-4.672zM7.872 17.536l3.2 3.2-4.864 4.672 3.904 3.2h-10.112v-10.112l3.2 3.904z\"><\/path>\n<\/svg><\/a><\/div><div class=\"av-horizontal-gallery-wrap noHover\"><img decoding=\"async\" fetchpriority=\"high\" class='wp-image-7991 avia-img-lazy-loading-not-7991 av-horizontal-gallery-img' width=\"1024\" height=\"576\" src=\"https:\/\/imker-aigen.at\/wp-content\/uploads\/2025\/05\/TagOffenerBienenstock2025_3.jpg\" title='Verkaufsstand, liebevoll angerichtet' alt='' srcset=\"https:\/\/imker-aigen.at\/wp-content\/uploads\/2025\/05\/TagOffenerBienenstock2025_3.jpg 1024w, https:\/\/imker-aigen.at\/wp-content\/uploads\/2025\/05\/TagOffenerBienenstock2025_3-300x169.jpg 300w, https:\/\/imker-aigen.at\/wp-content\/uploads\/2025\/05\/TagOffenerBienenstock2025_3-768x432.jpg 768w, https:\/\/imker-aigen.at\/wp-content\/uploads\/2025\/05\/TagOffenerBienenstock2025_3-705x397.jpg 705w\" sizes=\"(max-width: 1024px) 100vw, 1024px\" \/><a href=\"https:\/\/imker-aigen.at\/wp-content\/uploads\/2025\/05\/TagOffenerBienenstock2025_3.jpg\" data-srcset=\"https:\/\/imker-aigen.at\/wp-content\/uploads\/2025\/05\/TagOffenerBienenstock2025_3.jpg 1024w, https:\/\/imker-aigen.at\/wp-content\/uploads\/2025\/05\/TagOffenerBienenstock2025_3-300x169.jpg 300w, https:\/\/imker-aigen.at\/wp-content\/uploads\/2025\/05\/TagOffenerBienenstock2025_3-768x432.jpg 768w, https:\/\/imker-aigen.at\/wp-content\/uploads\/2025\/05\/TagOffenerBienenstock2025_3-705x397.jpg 705w\" data-sizes=\"(max-width: 1024px) 100vw, 1024px\" class='av-horizontal-gallery-link avia-svg-icon avia-font-svg_entypo-fontello' data-av_svg_icon='resize-full' data-av_iconset='svg_entypo-fontello' title='Verkaufsstand, liebevoll angerichtet' alt='' aria-label='Open image in lightbox: Verkaufsstand, liebevoll angerichtet'><svg version=\"1.1\" xmlns=\"http:\/\/www.w3.org\/2000\/svg\" width=\"25\" height=\"32\" viewBox=\"0 0 25 32\" preserveAspectRatio=\"xMidYMid meet\" aria-labelledby='av-svg-title-4' aria-describedby='av-svg-desc-4' role=\"graphics-symbol\" aria-hidden=\"true\">\n<title id='av-svg-title-4'>Open image in lightbox: Verkaufsstand, liebevoll angerichtet<\/title>\n<desc id='av-svg-desc-4'>Open image in lightbox: Verkaufsstand, liebevoll angerichtet<\/desc>\n<path d=\"M15.232 3.328h10.112v10.112l-3.2-3.968-4.672 4.864-3.2-3.2 4.864-4.672zM7.872 17.536l3.2 3.2-4.864 4.672 3.904 3.2h-10.112v-10.112l3.2 3.904z\"><\/path>\n<\/svg><\/a><\/div><div class=\"av-horizontal-gallery-wrap noHover\"><img decoding=\"async\" fetchpriority=\"high\" class='wp-image-7990 avia-img-lazy-loading-not-7990 av-horizontal-gallery-img' width=\"1024\" height=\"576\" src=\"https:\/\/imker-aigen.at\/wp-content\/uploads\/2025\/05\/TagOffenerBienenstock2025_2.jpg\" title='Fladen aus dem Lehmofen' alt='' srcset=\"https:\/\/imker-aigen.at\/wp-content\/uploads\/2025\/05\/TagOffenerBienenstock2025_2.jpg 1024w, https:\/\/imker-aigen.at\/wp-content\/uploads\/2025\/05\/TagOffenerBienenstock2025_2-300x169.jpg 300w, https:\/\/imker-aigen.at\/wp-content\/uploads\/2025\/05\/TagOffenerBienenstock2025_2-768x432.jpg 768w, https:\/\/imker-aigen.at\/wp-content\/uploads\/2025\/05\/TagOffenerBienenstock2025_2-705x397.jpg 705w\" sizes=\"(max-width: 1024px) 100vw, 1024px\" \/><a href=\"https:\/\/imker-aigen.at\/wp-content\/uploads\/2025\/05\/TagOffenerBienenstock2025_2.jpg\" data-srcset=\"https:\/\/imker-aigen.at\/wp-content\/uploads\/2025\/05\/TagOffenerBienenstock2025_2.jpg 1024w, https:\/\/imker-aigen.at\/wp-content\/uploads\/2025\/05\/TagOffenerBienenstock2025_2-300x169.jpg 300w, https:\/\/imker-aigen.at\/wp-content\/uploads\/2025\/05\/TagOffenerBienenstock2025_2-768x432.jpg 768w, https:\/\/imker-aigen.at\/wp-content\/uploads\/2025\/05\/TagOffenerBienenstock2025_2-705x397.jpg 705w\" data-sizes=\"(max-width: 1024px) 100vw, 1024px\" class='av-horizontal-gallery-link avia-svg-icon avia-font-svg_entypo-fontello' data-av_svg_icon='resize-full' data-av_iconset='svg_entypo-fontello' title='Fladen aus dem Lehmofen' alt='' aria-label='Open image in lightbox: Fladen aus dem Lehmofen'><svg version=\"1.1\" xmlns=\"http:\/\/www.w3.org\/2000\/svg\" width=\"25\" height=\"32\" viewBox=\"0 0 25 32\" preserveAspectRatio=\"xMidYMid meet\" aria-labelledby='av-svg-title-5' aria-describedby='av-svg-desc-5' role=\"graphics-symbol\" aria-hidden=\"true\">\n<title id='av-svg-title-5'>Open image in lightbox: Fladen aus dem Lehmofen<\/title>\n<desc id='av-svg-desc-5'>Open image in lightbox: Fladen aus dem Lehmofen<\/desc>\n<path d=\"M15.232 3.328h10.112v10.112l-3.2-3.968-4.672 4.864-3.2-3.2 4.864-4.672zM7.872 17.536l3.2 3.2-4.864 4.672 3.904 3.2h-10.112v-10.112l3.2 3.904z\"><\/path>\n<\/svg><\/a><\/div><div class=\"av-horizontal-gallery-wrap noHover\"><img decoding=\"async\" fetchpriority=\"high\" class='wp-image-7992 avia-img-lazy-loading-not-7992 av-horizontal-gallery-img' width=\"576\" height=\"1024\" src=\"https:\/\/imker-aigen.at\/wp-content\/uploads\/2025\/05\/TagOffenerBienenstock2025_4.jpg\" title='Adelheid and der Brennesselpesto- und Palatschinken-Station' alt='' srcset=\"https:\/\/imker-aigen.at\/wp-content\/uploads\/2025\/05\/TagOffenerBienenstock2025_4.jpg 576w, https:\/\/imker-aigen.at\/wp-content\/uploads\/2025\/05\/TagOffenerBienenstock2025_4-169x300.jpg 169w, https:\/\/imker-aigen.at\/wp-content\/uploads\/2025\/05\/TagOffenerBienenstock2025_4-397x705.jpg 397w\" sizes=\"(max-width: 576px) 100vw, 576px\" \/><a href=\"https:\/\/imker-aigen.at\/wp-content\/uploads\/2025\/05\/TagOffenerBienenstock2025_4.jpg\" data-srcset=\"https:\/\/imker-aigen.at\/wp-content\/uploads\/2025\/05\/TagOffenerBienenstock2025_4.jpg 576w, https:\/\/imker-aigen.at\/wp-content\/uploads\/2025\/05\/TagOffenerBienenstock2025_4-169x300.jpg 169w, https:\/\/imker-aigen.at\/wp-content\/uploads\/2025\/05\/TagOffenerBienenstock2025_4-397x705.jpg 397w\" data-sizes=\"(max-width: 576px) 100vw, 576px\" class='av-horizontal-gallery-link avia-svg-icon avia-font-svg_entypo-fontello' data-av_svg_icon='resize-full' data-av_iconset='svg_entypo-fontello' title='Adelheid and der Brennesselpesto- und Palatschinken-Station' alt='' aria-label='Open image in lightbox: Adelheid and der Brennesselpesto- und Palatschinken-Station'><svg version=\"1.1\" xmlns=\"http:\/\/www.w3.org\/2000\/svg\" width=\"25\" height=\"32\" viewBox=\"0 0 25 32\" preserveAspectRatio=\"xMidYMid meet\" aria-labelledby='av-svg-title-6' aria-describedby='av-svg-desc-6' role=\"graphics-symbol\" aria-hidden=\"true\">\n<title id='av-svg-title-6'>Open image in lightbox: Adelheid and der Brennesselpesto- und Palatschinken-Station<\/title>\n<desc id='av-svg-desc-6'>Open image in lightbox: Adelheid and der Brennesselpesto- und Palatschinken-Station<\/desc>\n<path d=\"M15.232 3.328h10.112v10.112l-3.2-3.968-4.672 4.864-3.2-3.2 4.864-4.672zM7.872 17.536l3.2 3.2-4.864 4.672 3.904 3.2h-10.112v-10.112l3.2 3.904z\"><\/path>\n<\/svg><\/a><\/div><div class=\"av-horizontal-gallery-wrap noHover\"><img decoding=\"async\" fetchpriority=\"high\" class='wp-image-7989 avia-img-lazy-loading-not-7989 av-horizontal-gallery-img' width=\"1024\" height=\"768\" src=\"https:\/\/imker-aigen.at\/wp-content\/uploads\/2025\/05\/TagOffenerBienenstock2025_1.jpg\" title='Hier gibt es Oxymel zum Verkosten' alt='' srcset=\"https:\/\/imker-aigen.at\/wp-content\/uploads\/2025\/05\/TagOffenerBienenstock2025_1.jpg 1024w, https:\/\/imker-aigen.at\/wp-content\/uploads\/2025\/05\/TagOffenerBienenstock2025_1-300x225.jpg 300w, https:\/\/imker-aigen.at\/wp-content\/uploads\/2025\/05\/TagOffenerBienenstock2025_1-768x576.jpg 768w, https:\/\/imker-aigen.at\/wp-content\/uploads\/2025\/05\/TagOffenerBienenstock2025_1-705x529.jpg 705w\" sizes=\"(max-width: 1024px) 100vw, 1024px\" \/><a href=\"https:\/\/imker-aigen.at\/wp-content\/uploads\/2025\/05\/TagOffenerBienenstock2025_1.jpg\" data-srcset=\"https:\/\/imker-aigen.at\/wp-content\/uploads\/2025\/05\/TagOffenerBienenstock2025_1.jpg 1024w, https:\/\/imker-aigen.at\/wp-content\/uploads\/2025\/05\/TagOffenerBienenstock2025_1-300x225.jpg 300w, https:\/\/imker-aigen.at\/wp-content\/uploads\/2025\/05\/TagOffenerBienenstock2025_1-768x576.jpg 768w, https:\/\/imker-aigen.at\/wp-content\/uploads\/2025\/05\/TagOffenerBienenstock2025_1-705x529.jpg 705w\" data-sizes=\"(max-width: 1024px) 100vw, 1024px\" class='av-horizontal-gallery-link avia-svg-icon avia-font-svg_entypo-fontello' data-av_svg_icon='resize-full' data-av_iconset='svg_entypo-fontello' title='Hier gibt es Oxymel zum Verkosten' alt='' aria-label='Open image in lightbox: Hier gibt es Oxymel zum Verkosten'><svg version=\"1.1\" xmlns=\"http:\/\/www.w3.org\/2000\/svg\" width=\"25\" height=\"32\" viewBox=\"0 0 25 32\" preserveAspectRatio=\"xMidYMid meet\" aria-labelledby='av-svg-title-7' aria-describedby='av-svg-desc-7' role=\"graphics-symbol\" aria-hidden=\"true\">\n<title id='av-svg-title-7'>Open image in lightbox: Hier gibt es Oxymel zum Verkosten<\/title>\n<desc id='av-svg-desc-7'>Open image in lightbox: Hier gibt es Oxymel zum Verkosten<\/desc>\n<path d=\"M15.232 3.328h10.112v10.112l-3.2-3.968-4.672 4.864-3.2-3.2 4.864-4.672zM7.872 17.536l3.2 3.2-4.864 4.672 3.904 3.2h-10.112v-10.112l3.2 3.904z\"><\/path>\n<\/svg><\/a><\/div><div class=\"av-horizontal-gallery-wrap noHover\"><img decoding=\"async\" fetchpriority=\"high\" class='wp-image-7993 avia-img-lazy-loading-not-7993 av-horizontal-gallery-img' width=\"576\" height=\"1024\" src=\"https:\/\/imker-aigen.at\/wp-content\/uploads\/2025\/05\/TagOffenerBienenstock2025_5.jpg\" title='Besuch von der Politik. Herr Schaden, Frau Greimel und Herr Schwaiger (v.l.n.r)' alt='' srcset=\"https:\/\/imker-aigen.at\/wp-content\/uploads\/2025\/05\/TagOffenerBienenstock2025_5.jpg 576w, https:\/\/imker-aigen.at\/wp-content\/uploads\/2025\/05\/TagOffenerBienenstock2025_5-169x300.jpg 169w, https:\/\/imker-aigen.at\/wp-content\/uploads\/2025\/05\/TagOffenerBienenstock2025_5-397x705.jpg 397w\" sizes=\"(max-width: 576px) 100vw, 576px\" \/><a href=\"https:\/\/imker-aigen.at\/wp-content\/uploads\/2025\/05\/TagOffenerBienenstock2025_5.jpg\" data-srcset=\"https:\/\/imker-aigen.at\/wp-content\/uploads\/2025\/05\/TagOffenerBienenstock2025_5.jpg 576w, https:\/\/imker-aigen.at\/wp-content\/uploads\/2025\/05\/TagOffenerBienenstock2025_5-169x300.jpg 169w, https:\/\/imker-aigen.at\/wp-content\/uploads\/2025\/05\/TagOffenerBienenstock2025_5-397x705.jpg 397w\" data-sizes=\"(max-width: 576px) 100vw, 576px\" class='av-horizontal-gallery-link avia-svg-icon avia-font-svg_entypo-fontello' data-av_svg_icon='resize-full' data-av_iconset='svg_entypo-fontello' title='Besuch von der Politik. Herr Schaden, Frau Greimel und Herr Schwaiger (v.l.n.r)' alt='' aria-label='Open image in lightbox: Besuch von der Politik. Herr Schaden, Frau Greimel und Herr Schwaiger (v.l.n.r)'><svg version=\"1.1\" xmlns=\"http:\/\/www.w3.org\/2000\/svg\" width=\"25\" height=\"32\" viewBox=\"0 0 25 32\" preserveAspectRatio=\"xMidYMid meet\" aria-labelledby='av-svg-title-8' aria-describedby='av-svg-desc-8' role=\"graphics-symbol\" aria-hidden=\"true\">\n<title id='av-svg-title-8'>Open image in lightbox: Besuch von der Politik. Herr Schaden, Frau Greimel und Herr Schwaiger (v.l.n.r)<\/title>\n<desc id='av-svg-desc-8'>Open image in lightbox: Besuch von der Politik. Herr Schaden, Frau Greimel und Herr Schwaiger (v.l.n.r)<\/desc>\n<path d=\"M15.232 3.328h10.112v10.112l-3.2-3.968-4.672 4.864-3.2-3.2 4.864-4.672zM7.872 17.536l3.2 3.2-4.864 4.672 3.904 3.2h-10.112v-10.112l3.2 3.904z\"><\/path>\n<\/svg><\/a><\/div><div class=\"av-horizontal-gallery-wrap noHover\"><img decoding=\"async\" fetchpriority=\"high\" class='wp-image-7994 avia-img-lazy-loading-not-7994 av-horizontal-gallery-img' width=\"576\" height=\"1024\" src=\"https:\/\/imker-aigen.at\/wp-content\/uploads\/2025\/05\/TagOffenerBienenstock2025_6.jpg\" title='Schaubienenstock' alt='' srcset=\"https:\/\/imker-aigen.at\/wp-content\/uploads\/2025\/05\/TagOffenerBienenstock2025_6.jpg 576w, https:\/\/imker-aigen.at\/wp-content\/uploads\/2025\/05\/TagOffenerBienenstock2025_6-169x300.jpg 169w, https:\/\/imker-aigen.at\/wp-content\/uploads\/2025\/05\/TagOffenerBienenstock2025_6-397x705.jpg 397w\" sizes=\"(max-width: 576px) 100vw, 576px\" \/><a href=\"https:\/\/imker-aigen.at\/wp-content\/uploads\/2025\/05\/TagOffenerBienenstock2025_6.jpg\" data-srcset=\"https:\/\/imker-aigen.at\/wp-content\/uploads\/2025\/05\/TagOffenerBienenstock2025_6.jpg 576w, https:\/\/imker-aigen.at\/wp-content\/uploads\/2025\/05\/TagOffenerBienenstock2025_6-169x300.jpg 169w, https:\/\/imker-aigen.at\/wp-content\/uploads\/2025\/05\/TagOffenerBienenstock2025_6-397x705.jpg 397w\" data-sizes=\"(max-width: 576px) 100vw, 576px\" class='av-horizontal-gallery-link avia-svg-icon avia-font-svg_entypo-fontello' data-av_svg_icon='resize-full' data-av_iconset='svg_entypo-fontello' title='Schaubienenstock' alt='' aria-label='Open image in lightbox: Schaubienenstock'><svg version=\"1.1\" xmlns=\"http:\/\/www.w3.org\/2000\/svg\" width=\"25\" height=\"32\" viewBox=\"0 0 25 32\" preserveAspectRatio=\"xMidYMid meet\" aria-labelledby='av-svg-title-9' aria-describedby='av-svg-desc-9' role=\"graphics-symbol\" aria-hidden=\"true\">\n<title id='av-svg-title-9'>Open image in lightbox: Schaubienenstock<\/title>\n<desc id='av-svg-desc-9'>Open image in lightbox: Schaubienenstock<\/desc>\n<path d=\"M15.232 3.328h10.112v10.112l-3.2-3.968-4.672 4.864-3.2-3.2 4.864-4.672zM7.872 17.536l3.2 3.2-4.864 4.672 3.904 3.2h-10.112v-10.112l3.2 3.904z\"><\/path>\n<\/svg><\/a><\/div><\/div><\/div><\/div><br \/>\n\n<style type=\"text\/css\" data-created_by=\"avia_inline_auto\" id=\"style-css-av-mb935qfd-840179c1ca6d5ace755f79a33353424d\">\n#top .hr.av-mb935qfd-840179c1ca6d5ace755f79a33353424d{\nmargin-top:30px;\nmargin-bottom:30px;\n}\n.hr.av-mb935qfd-840179c1ca6d5ace755f79a33353424d .hr-inner{\nwidth:50px;\nmax-width:45%;\n}\n<\/style>\n<div  class='hr av-mb935qfd-840179c1ca6d5ace755f79a33353424d hr-custom  avia-builder-el-3  el_after_av_horizontal_gallery  el_before_av_textblock  avia-builder-el-first  hr-center hr-icon-yes'><span class='hr-inner inner-border-av-border-thin'><span class=\"hr-inner-style\"><\/span><\/span><span class='av-seperator-icon avia-svg-icon avia-font-svg_entypo-fontello' data-av_svg_icon='dot-3' data-av_iconset='svg_entypo-fontello'><svg version=\"1.1\" xmlns=\"http:\/\/www.w3.org\/2000\/svg\" width=\"29\" height=\"32\" viewBox=\"0 0 29 32\" preserveAspectRatio=\"xMidYMid meet\" aria-labelledby='av-svg-title-10' aria-describedby='av-svg-desc-10' role=\"graphics-symbol\">\n<title id='av-svg-title-10'>Dot-3<\/title>\n<desc id='av-svg-desc-10'>Dot-3<\/desc>\n<path d=\"M3.52 12.48q1.472 0 2.496 1.024t1.024 2.496q0 1.408-1.024 2.464t-2.496 1.056-2.496-1.056-1.024-2.464q0-1.472 1.024-2.496t2.496-1.024zM14.72 12.48q1.472 0 2.496 1.024t1.024 2.496q0 1.408-1.056 2.464t-2.464 1.056-2.464-1.056-1.056-2.464q0-1.472 1.024-2.496t2.496-1.024zM25.92 12.48q1.472 0 2.496 1.024t1.024 2.496q0 1.408-1.024 2.464t-2.496 1.056-2.496-1.056-1.024-2.464q0-1.472 1.024-2.496t2.496-1.024z\"><\/path>\n<\/svg><\/span><span class='hr-inner inner-border-av-border-thin'><span class=\"hr-inner-style\"><\/span><\/span><\/div><br \/>\n<section  class='av_textblock_section av-mb937cvp-bc230c0e8c54f4560eaeafc650a0e94c '   itemscope=\"itemscope\" itemtype=\"https:\/\/schema.org\/BlogPosting\" itemprop=\"blogPost\" ><div class='avia_textblock'  itemprop=\"text\" ><p><span style=\"color: #999999;\">Autor: Bernd Meierhofer<\/span><\/p>\n<p>Am Sonntag, den 25. Mai 2025, fand im Garten der <a href=\"https:\/\/www.stadtimkerei-greimel.at\/\">Salzburger Stadtimkerin Karoline Greimel<\/a> der allj\u00e4hrliche <strong><em>Tag des offenen Bienenstocks<\/em><\/strong> (siehe auch \u21d2 <a href=\"https:\/\/imker-aigen.at\/index.php\/2024\/05\/27\/tag-des-offenen-bienenstocks-beim-imkerverein-golling\/\">Tag des offenen Bienenstocks 2024 bei Herbert Wieser in Golling<\/a>) statt. Trotz des sehr schlechten Wetters lie\u00dfen sich zahlreiche Besucherinnen und Besucher nicht davon abhalten, an der Veranstaltung teilzunehmen und einen spannenden Einblick in die Welt der Bienen und der Imkerei zu gewinnen.<\/p>\n<p>Der <em>Tag des offenen Bienenstocks<\/em> ist eine bundesweite Initiative des <a href=\"https:\/\/www.imkerbund.at\/\">\u00d6sterreichischen Imkerbundes<\/a>, die das Ziel verfolgt, das Interesse an der Bienenhaltung zu f\u00f6rdern und das Bewusstsein f\u00fcr die Bedeutung der Bienen zu st\u00e4rken. Im Jahr 2025 nahmen \u00f6sterreichweit insgesamt 41 Imkereien und Vereine an dieser Aktion teil. Im Bundesland Salzburg waren es drei Standorte: der Imkerverein Abtenau, der Imkerverein Krispl-Gaissau sowie in der Landeshauptstadt die Stadtimkerin Karoline Greimel.<\/p>\n<p>Im weitl\u00e4ufigen Garten von Frau Greimel waren zahlreiche interaktive Stationen aufgebaut, die zum Mitmachen, Verkosten und Lernen einluden. So konnten die G\u00e4ste an einer Station selbst Bienenwachst\u00fccher herstellen \u2013 eine nachhaltige Alternative zur Frischhaltefolie. Eine weitere Station lud dazu ein, Fladen aus frischen Zutaten zuzubereiten und im traditionellen Lehmofen zu backen. An der Saatgut-Station wurden Blumensamen f\u00fcr bienenfreundliche Weiden verteilt, um auch im eigenen Garten Lebensr\u00e4ume f\u00fcr Best\u00e4uber zu schaffen.<\/p>\n<p>Besonders viel Interesse weckte die Apitherapie-Station, an der sich Mutige unter fachkundiger Anleitung eines Apitherapeuten einen therapeutischen Bienenstich setzen lassen konnten. F\u00fcr das leibliche Wohl sorgte neben einem Verkaufsstand mit regionalen Bienenprodukten und selbstgemachten Marmeladen auch eine Station mit frisch gebackenen Palatschinken. Au\u00dferdem wurde das von unserem Vereinsmitglied Adelheid Speyer live produzierte Brennnesselpesto zur Verkostung angeboten \u2013 ein echter Geheimtipp unter den G\u00e4sten. Das Rezept f\u00fcr das Brennnesselpesto steht zum Download bereit (\u21d2 <a href=\"https:\/\/imker-aigen.at\/wp-content\/uploads\/2025\/05\/Brennnessel-Pesto_R0.pdf\">Brennnesselpesto<\/a>).<\/p>\n<p>Ein Schaubienenstock erm\u00f6glichte es, das faszinierende Innenleben eines Bienenvolks aus n\u00e4chster N\u00e4he zu beobachten. Die Experten an den einzelnen Stationen f\u00fchrten die Besucherinnen und Besucher mit viel Engagement durch das Programm, beantwortete Fragen rund um die Bienenhaltung und erkl\u00e4rte die Bedeutung der Imkerei f\u00fcr Umwelt und Gesellschaft.<\/p>\n<p>Auch prominente Pers\u00f6nlichkeiten aus Politik und Wirtschaft lie\u00dfen sich das Fest nicht entgehen. Unter den G\u00e4sten befanden sich Landesrat Josef Schwaiger, der ehemalige B\u00fcrgermeister von Salzburg Heinz Schaden sowie der Gesch\u00e4ftsf\u00fchrer der <a href=\"https:\/\/www.salzburgschmeckt.at\/\">Salzburger Agrar Marketing<\/a>, G\u00fcnther Kronberger. Ihre Anwesenheit unterstrich die gesellschaftliche Relevanz der Bienenhaltung und die Wertsch\u00e4tzung f\u00fcr das Engagement regionaler Imkerinnen und Imker.<\/p>\n<p>Besonders erfreulich war auch die Zusammenarbeit im Hintergrund: Neben Mitgliedern unseres Vereines unterst\u00fctzten auch Mitglieder aus anderen Imkervereinen (<a href=\"https:\/\/www.imker-maxglan.at\/\">Maxglan<\/a>, <a href=\"https:\/\/imkervereinseekirchen.clubdesk.com\/\">Seekirchen<\/a>) und Freunde der Gastgeberin tatkr\u00e4ftig das Programm. Der Tag bei Frau Greimel zeigte eindrucksvoll, wie gut Teamwork funktionieren kann \u2013 ganz im Sinne des gemeinsamen Ziels, einem breiten Publikum die wertvolle Arbeit der Imkerinnen und Imker f\u00fcr die Bienen und die Umwelt n\u00e4herzubringen.<\/p>\n<p>Es w\u00e4re w\u00fcnschenswert, wenn sich in den kommenden Jahren noch mehr Imkerinnen und Imker an dieser Initiative beteiligen w\u00fcrden. Der <em>Tag des offenen Bienenstocks<\/em> bietet nicht nur die M\u00f6glichkeit zur Wissensvermittlung und Vernetzung, sondern st\u00e4rkt auch das \u00f6ffentliche Verst\u00e4ndnis f\u00fcr die zentrale Rolle der Bienenhaltung in einer nachhaltigen Zukunft. Karoline Greimel zeigte sich \u00fcber das gro\u00dfe Interesse sehr erfreut und k\u00fcndigte bereits eine Fortsetzung im n\u00e4chsten Jahr an.<\/p>\n<h3>Danksagung<\/h3>\n<p>Ein besonderer Dank gilt Karoline Greimel f\u00fcr die hervorragende Organisation des Festes und die gro\u00dfz\u00fcgige Bereitstellung ihres Gartens als Veranstaltungsort. Ein gro\u00dfes Dankesch\u00f6n geht auch an alle helfenden H\u00e4nde. Dank ihres Einsatzes und ihrer Begeisterung wurde dieser Tag f\u00fcr alle Beteiligten zu einem besonderen Erlebnis.<\/p>\n<\/div><\/section><br \/>\n<div  class='av-social-sharing-box av-4kaitr-f1d6e44c90c83550e03854c0c0c1353f av-social-sharing-box-default  avia-builder-el-5  el_after_av_textblock  el_before_av_comments_list  av-social-sharing-box-fullwidth'><div class=\"av-share-box\"><h5 class='av-share-link-description av-no-toc '>Eintrag teilen<\/h5><ul class=\"av-share-box-list noLightbox\"><li class='av-share-link av-social-link-facebook avia_social_iconfont' ><a target=\"_blank\" aria-label=\"Teilen auf Facebook\" href='https:\/\/www.facebook.com\/sharer.php?u=https:\/\/imker-aigen.at\/index.php\/2025\/05\/25\/tag-des-offenen-bienenstocks-im-garten-der-stadtimkerin-karoline-greimel\/&#038;t=Tag%20des%20offenen%20Bienenstocks%20im%20Garten%20der%20Stadtimkerin%20Karoline%20Greimel' data-av_icon='\ue8f3' data-av_iconfont='entypo-fontello'  title='' data-avia-related-tooltip='Teilen auf Facebook'><span class='avia_hidden_link_text'>Teilen auf Facebook<\/span><\/a><\/li><li class='av-share-link av-social-link-twitter avia_social_iconfont' ><a target=\"_blank\" aria-label=\"Teilen auf X\" href='https:\/\/twitter.com\/share?text=Tag%20des%20offenen%20Bienenstocks%20im%20Garten%20der%20Stadtimkerin%20Karoline%20Greimel&#038;url=https:\/\/imker-aigen.at\/?p=7983' data-av_icon='\ue932' data-av_iconfont='entypo-fontello'  title='' data-avia-related-tooltip='Teilen auf X'><span class='avia_hidden_link_text'>Teilen auf X<\/span><\/a><\/li><li class='av-share-link av-social-link-whatsapp avia_social_iconfont' ><a target=\"_blank\" aria-label=\"Teilen auf WhatsApp\" href='https:\/\/api.whatsapp.com\/send?text=https:\/\/imker-aigen.at\/index.php\/2025\/05\/25\/tag-des-offenen-bienenstocks-im-garten-der-stadtimkerin-karoline-greimel\/' data-av_icon='\uf232' data-av_iconfont='entypo-fontello'  title='' data-avia-related-tooltip='Teilen auf WhatsApp'><span class='avia_hidden_link_text'>Teilen auf WhatsApp<\/span><\/a><\/li><li class='av-share-link av-social-link-pinterest avia_social_iconfont' ><a target=\"_blank\" aria-label=\"Teilen auf Pinterest\" href='https:\/\/pinterest.com\/pin\/create\/button\/?url=https%3A%2F%2Fimker-aigen.at%2Findex.php%2F2025%2F05%2F25%2Ftag-des-offenen-bienenstocks-im-garten-der-stadtimkerin-karoline-greimel%2F&#038;description=Tag%20des%20offenen%20Bienenstocks%20im%20Garten%20der%20Stadtimkerin%20Karoline%20Greimel&#038;media=https%3A%2F%2Fimker-aigen.at%2Fwp-content%2Fuploads%2F2025%2F05%2FTagOffenerBienenstock2025_0-522x705.jpg' data-av_icon='\ue8f8' data-av_iconfont='entypo-fontello'  title='' data-avia-related-tooltip='Teilen auf Pinterest'><span class='avia_hidden_link_text'>Teilen auf Pinterest<\/span><\/a><\/li><li class='av-share-link av-social-link-linkedin avia_social_iconfont' ><a target=\"_blank\" aria-label=\"Teilen auf LinkedIn\" href='https:\/\/linkedin.com\/shareArticle?mini=true&#038;title=Tag%20des%20offenen%20Bienenstocks%20im%20Garten%20der%20Stadtimkerin%20Karoline%20Greimel&#038;url=https:\/\/imker-aigen.at\/index.php\/2025\/05\/25\/tag-des-offenen-bienenstocks-im-garten-der-stadtimkerin-karoline-greimel\/' data-av_icon='\ue8fc' data-av_iconfont='entypo-fontello'  title='' data-avia-related-tooltip='Teilen auf LinkedIn'><span class='avia_hidden_link_text'>Teilen auf LinkedIn<\/span><\/a><\/li><li class='av-share-link av-social-link-reddit avia_social_iconfont' ><a target=\"_blank\" aria-label=\"Teilen auf Reddit\" href='https:\/\/reddit.com\/submit?url=https:\/\/imker-aigen.at\/index.php\/2025\/05\/25\/tag-des-offenen-bienenstocks-im-garten-der-stadtimkerin-karoline-greimel\/&#038;title=Tag%20des%20offenen%20Bienenstocks%20im%20Garten%20der%20Stadtimkerin%20Karoline%20Greimel' data-av_icon='\ue927' data-av_iconfont='entypo-fontello'  title='' data-avia-related-tooltip='Teilen auf Reddit'><span class='avia_hidden_link_text'>Teilen auf Reddit<\/span><\/a><\/li><li class='av-share-link av-social-link-mail avia_social_iconfont' ><a  aria-label=\"Per E-Mail teilen\" href='mailto:?subject=Tag%20des%20offenen%20Bienenstocks%20im%20Garten%20der%20Stadtimkerin%20Karoline%20Greimel&#038;body=https:\/\/imker-aigen.at\/index.php\/2025\/05\/25\/tag-des-offenen-bienenstocks-im-garten-der-stadtimkerin-karoline-greimel\/' data-av_icon='\ue805' data-av_iconfont='entypo-fontello'  title='' data-avia-related-tooltip='Per E-Mail teilen'><span class='avia_hidden_link_text'>Per E-Mail teilen<\/span><\/a><\/li><\/ul><\/div><\/div><br \/>\n<div  class='av-buildercomment av-2egqmn-0f9810f2355d26c9ab3a6f9b8054377e'><\/div><\/p><\/div>\n","protected":false},"excerpt":{"rendered":"","protected":false},"author":1,"featured_media":7996,"comment_status":"open","ping_status":"closed","sticky":false,"template":"","format":"standard","meta":{"footnotes":""},"categories":[18,2],"tags":[395,396,213],"class_list":["post-7983","post","type-post","status-publish","format-standard","has-post-thumbnail","hentry","category-alte-veranstaltungen","category-news","tag-greimel","tag-stadtimkerin","tag-tag-des-offenen-bienenstocks"],"yoast_head":"<!-- This site is optimized with the Yoast SEO plugin v27.4 - https:\/\/yoast.com\/product\/yoast-seo-wordpress\/ -->\n<title>Tag des offenen Bienenstocks im Garten der Stadtimkerin Karoline Greimel - Imker Ortsgruppe Salzburg Aigen<\/title>\n<meta name=\"description\" content=\"Am Sonntag, den 25. Mai 2025, fand im Garten der Salzburger Stadtimkerin Karoline Greimel der allj\u00e4hrliche Tag des offenen Bienenstocks statt\" \/>\n<meta name=\"robots\" content=\"index, follow, max-snippet:-1, max-image-preview:large, max-video-preview:-1\" \/>\n<link rel=\"canonical\" href=\"https:\/\/imker-aigen.at\/index.php\/2025\/05\/25\/tag-des-offenen-bienenstocks-im-garten-der-stadtimkerin-karoline-greimel\/\" \/>\n<meta property=\"og:locale\" content=\"de_DE\" \/>\n<meta property=\"og:type\" content=\"article\" \/>\n<meta property=\"og:title\" content=\"Tag des offenen Bienenstocks im Garten der Stadtimkerin Karoline Greimel - Imker Ortsgruppe Salzburg Aigen\" \/>\n<meta property=\"og:description\" content=\"Am Sonntag, den 25. Mai 2025, fand im Garten der Salzburger Stadtimkerin Karoline Greimel der allj\u00e4hrliche Tag des offenen Bienenstocks statt\" \/>\n<meta property=\"og:url\" content=\"https:\/\/imker-aigen.at\/index.php\/2025\/05\/25\/tag-des-offenen-bienenstocks-im-garten-der-stadtimkerin-karoline-greimel\/\" \/>\n<meta property=\"og:site_name\" content=\"Imker Ortsgruppe Salzburg Aigen\" \/>\n<meta property=\"article:published_time\" content=\"2025-05-25T11:00:03+00:00\" \/>\n<meta property=\"article:modified_time\" content=\"2025-05-29T18:17:50+00:00\" \/>\n<meta property=\"og:image\" content=\"https:\/\/imker-aigen.at\/wp-content\/uploads\/2025\/05\/TagOffenerBienenstock2025_0.jpg\" \/>\n\t<meta property=\"og:image:width\" content=\"758\" \/>\n\t<meta property=\"og:image:height\" content=\"1024\" \/>\n\t<meta property=\"og:image:type\" content=\"image\/jpeg\" \/>\n<meta name=\"author\" content=\"admin\" \/>\n<meta name=\"twitter:card\" content=\"summary_large_image\" \/>\n<meta name=\"twitter:label1\" content=\"Verfasst von\" \/>\n\t<meta name=\"twitter:data1\" content=\"admin\" \/>\n\t<meta name=\"twitter:label2\" content=\"Gesch\u00e4tzte Lesezeit\" \/>\n\t<meta name=\"twitter:data2\" content=\"6\u00a0Minuten\" \/>\n<script type=\"application\/ld+json\" class=\"yoast-schema-graph\">{\"@context\":\"https:\\\/\\\/schema.org\",\"@graph\":[{\"@type\":\"Article\",\"@id\":\"https:\\\/\\\/imker-aigen.at\\\/index.php\\\/2025\\\/05\\\/25\\\/tag-des-offenen-bienenstocks-im-garten-der-stadtimkerin-karoline-greimel\\\/#article\",\"isPartOf\":{\"@id\":\"https:\\\/\\\/imker-aigen.at\\\/index.php\\\/2025\\\/05\\\/25\\\/tag-des-offenen-bienenstocks-im-garten-der-stadtimkerin-karoline-greimel\\\/\"},\"author\":{\"name\":\"admin\",\"@id\":\"https:\\\/\\\/imker-aigen.at\\\/#\\\/schema\\\/person\\\/d7d0c3a8ef6f051d450781218ac83077\"},\"headline\":\"Tag des offenen Bienenstocks im Garten der Stadtimkerin Karoline Greimel\",\"datePublished\":\"2025-05-25T11:00:03+00:00\",\"dateModified\":\"2025-05-29T18:17:50+00:00\",\"mainEntityOfPage\":{\"@id\":\"https:\\\/\\\/imker-aigen.at\\\/index.php\\\/2025\\\/05\\\/25\\\/tag-des-offenen-bienenstocks-im-garten-der-stadtimkerin-karoline-greimel\\\/\"},\"wordCount\":1611,\"commentCount\":0,\"publisher\":{\"@id\":\"https:\\\/\\\/imker-aigen.at\\\/#organization\"},\"image\":{\"@id\":\"https:\\\/\\\/imker-aigen.at\\\/index.php\\\/2025\\\/05\\\/25\\\/tag-des-offenen-bienenstocks-im-garten-der-stadtimkerin-karoline-greimel\\\/#primaryimage\"},\"thumbnailUrl\":\"https:\\\/\\\/imker-aigen.at\\\/wp-content\\\/uploads\\\/2025\\\/05\\\/TagOffenerBienenstock2025_0.jpg\",\"keywords\":[\"Greimel\",\"Stadtimkerin\",\"Tag des offenen Bienenstocks\"],\"articleSection\":[\"Alte Veranstaltungen\",\"News\"],\"inLanguage\":\"de\",\"potentialAction\":[{\"@type\":\"CommentAction\",\"name\":\"Comment\",\"target\":[\"https:\\\/\\\/imker-aigen.at\\\/index.php\\\/2025\\\/05\\\/25\\\/tag-des-offenen-bienenstocks-im-garten-der-stadtimkerin-karoline-greimel\\\/#respond\"]}]},{\"@type\":\"WebPage\",\"@id\":\"https:\\\/\\\/imker-aigen.at\\\/index.php\\\/2025\\\/05\\\/25\\\/tag-des-offenen-bienenstocks-im-garten-der-stadtimkerin-karoline-greimel\\\/\",\"url\":\"https:\\\/\\\/imker-aigen.at\\\/index.php\\\/2025\\\/05\\\/25\\\/tag-des-offenen-bienenstocks-im-garten-der-stadtimkerin-karoline-greimel\\\/\",\"name\":\"Tag des offenen Bienenstocks im Garten der Stadtimkerin Karoline Greimel - Imker Ortsgruppe Salzburg Aigen\",\"isPartOf\":{\"@id\":\"https:\\\/\\\/imker-aigen.at\\\/#website\"},\"primaryImageOfPage\":{\"@id\":\"https:\\\/\\\/imker-aigen.at\\\/index.php\\\/2025\\\/05\\\/25\\\/tag-des-offenen-bienenstocks-im-garten-der-stadtimkerin-karoline-greimel\\\/#primaryimage\"},\"image\":{\"@id\":\"https:\\\/\\\/imker-aigen.at\\\/index.php\\\/2025\\\/05\\\/25\\\/tag-des-offenen-bienenstocks-im-garten-der-stadtimkerin-karoline-greimel\\\/#primaryimage\"},\"thumbnailUrl\":\"https:\\\/\\\/imker-aigen.at\\\/wp-content\\\/uploads\\\/2025\\\/05\\\/TagOffenerBienenstock2025_0.jpg\",\"datePublished\":\"2025-05-25T11:00:03+00:00\",\"dateModified\":\"2025-05-29T18:17:50+00:00\",\"description\":\"Am Sonntag, den 25. Mai 2025, fand im Garten der Salzburger Stadtimkerin Karoline Greimel der allj\u00e4hrliche Tag des offenen Bienenstocks statt\",\"breadcrumb\":{\"@id\":\"https:\\\/\\\/imker-aigen.at\\\/index.php\\\/2025\\\/05\\\/25\\\/tag-des-offenen-bienenstocks-im-garten-der-stadtimkerin-karoline-greimel\\\/#breadcrumb\"},\"inLanguage\":\"de\",\"potentialAction\":[{\"@type\":\"ReadAction\",\"target\":[\"https:\\\/\\\/imker-aigen.at\\\/index.php\\\/2025\\\/05\\\/25\\\/tag-des-offenen-bienenstocks-im-garten-der-stadtimkerin-karoline-greimel\\\/\"]}]},{\"@type\":\"ImageObject\",\"inLanguage\":\"de\",\"@id\":\"https:\\\/\\\/imker-aigen.at\\\/index.php\\\/2025\\\/05\\\/25\\\/tag-des-offenen-bienenstocks-im-garten-der-stadtimkerin-karoline-greimel\\\/#primaryimage\",\"url\":\"https:\\\/\\\/imker-aigen.at\\\/wp-content\\\/uploads\\\/2025\\\/05\\\/TagOffenerBienenstock2025_0.jpg\",\"contentUrl\":\"https:\\\/\\\/imker-aigen.at\\\/wp-content\\\/uploads\\\/2025\\\/05\\\/TagOffenerBienenstock2025_0.jpg\",\"width\":758,\"height\":1024},{\"@type\":\"BreadcrumbList\",\"@id\":\"https:\\\/\\\/imker-aigen.at\\\/index.php\\\/2025\\\/05\\\/25\\\/tag-des-offenen-bienenstocks-im-garten-der-stadtimkerin-karoline-greimel\\\/#breadcrumb\",\"itemListElement\":[{\"@type\":\"ListItem\",\"position\":1,\"name\":\"Startseite\",\"item\":\"https:\\\/\\\/imker-aigen.at\\\/index.php\\\/home\\\/\"},{\"@type\":\"ListItem\",\"position\":2,\"name\":\"Tag des offenen Bienenstocks im Garten der Stadtimkerin Karoline Greimel\"}]},{\"@type\":\"WebSite\",\"@id\":\"https:\\\/\\\/imker-aigen.at\\\/#website\",\"url\":\"https:\\\/\\\/imker-aigen.at\\\/\",\"name\":\"Imker Ortsgruppe Salzburg Aigen\",\"description\":\"Homepage der Imker-Ortsgruppe Salzburg Aigen\",\"publisher\":{\"@id\":\"https:\\\/\\\/imker-aigen.at\\\/#organization\"},\"potentialAction\":[{\"@type\":\"SearchAction\",\"target\":{\"@type\":\"EntryPoint\",\"urlTemplate\":\"https:\\\/\\\/imker-aigen.at\\\/?s={search_term_string}\"},\"query-input\":{\"@type\":\"PropertyValueSpecification\",\"valueRequired\":true,\"valueName\":\"search_term_string\"}}],\"inLanguage\":\"de\"},{\"@type\":\"Organization\",\"@id\":\"https:\\\/\\\/imker-aigen.at\\\/#organization\",\"name\":\"Imker Ortsgruppe Salzburg Aigen\",\"url\":\"https:\\\/\\\/imker-aigen.at\\\/\",\"logo\":{\"@type\":\"ImageObject\",\"inLanguage\":\"de\",\"@id\":\"https:\\\/\\\/imker-aigen.at\\\/#\\\/schema\\\/logo\\\/image\\\/\",\"url\":\"https:\\\/\\\/imker-aigen.at\\\/wp-content\\\/uploads\\\/2022\\\/08\\\/logo-1.png\",\"contentUrl\":\"https:\\\/\\\/imker-aigen.at\\\/wp-content\\\/uploads\\\/2022\\\/08\\\/logo-1.png\",\"width\":392,\"height\":156,\"caption\":\"Imker Ortsgruppe Salzburg Aigen\"},\"image\":{\"@id\":\"https:\\\/\\\/imker-aigen.at\\\/#\\\/schema\\\/logo\\\/image\\\/\"}},{\"@type\":\"Person\",\"@id\":\"https:\\\/\\\/imker-aigen.at\\\/#\\\/schema\\\/person\\\/d7d0c3a8ef6f051d450781218ac83077\",\"name\":\"admin\",\"image\":{\"@type\":\"ImageObject\",\"inLanguage\":\"de\",\"@id\":\"https:\\\/\\\/secure.gravatar.com\\\/avatar\\\/925a7e918efd3cfdae29be9c0018a3ae3275cd0444a6e166241172bb6e5243c7?s=96&d=mm&r=g\",\"url\":\"https:\\\/\\\/secure.gravatar.com\\\/avatar\\\/925a7e918efd3cfdae29be9c0018a3ae3275cd0444a6e166241172bb6e5243c7?s=96&d=mm&r=g\",\"contentUrl\":\"https:\\\/\\\/secure.gravatar.com\\\/avatar\\\/925a7e918efd3cfdae29be9c0018a3ae3275cd0444a6e166241172bb6e5243c7?s=96&d=mm&r=g\",\"caption\":\"admin\"},\"sameAs\":[\"https:\\\/\\\/imker-aigen.at\",\"linkedin.com\\\/in\\\/bernd-meierhofer-5919b62\"],\"url\":\"https:\\\/\\\/imker-aigen.at\\\/index.php\\\/author\\\/bmeierhofer\\\/\"}]}<\/script>\n<!-- \/ Yoast SEO plugin. -->","yoast_head_json":{"title":"Tag des offenen Bienenstocks im Garten der Stadtimkerin Karoline Greimel - Imker Ortsgruppe Salzburg Aigen","description":"Am Sonntag, den 25. Mai 2025, fand im Garten der Salzburger Stadtimkerin Karoline Greimel der allj\u00e4hrliche Tag des offenen Bienenstocks statt","robots":{"index":"index","follow":"follow","max-snippet":"max-snippet:-1","max-image-preview":"max-image-preview:large","max-video-preview":"max-video-preview:-1"},"canonical":"https:\/\/imker-aigen.at\/index.php\/2025\/05\/25\/tag-des-offenen-bienenstocks-im-garten-der-stadtimkerin-karoline-greimel\/","og_locale":"de_DE","og_type":"article","og_title":"Tag des offenen Bienenstocks im Garten der Stadtimkerin Karoline Greimel - Imker Ortsgruppe Salzburg Aigen","og_description":"Am Sonntag, den 25. Mai 2025, fand im Garten der Salzburger Stadtimkerin Karoline Greimel der allj\u00e4hrliche Tag des offenen Bienenstocks statt","og_url":"https:\/\/imker-aigen.at\/index.php\/2025\/05\/25\/tag-des-offenen-bienenstocks-im-garten-der-stadtimkerin-karoline-greimel\/","og_site_name":"Imker Ortsgruppe Salzburg Aigen","article_published_time":"2025-05-25T11:00:03+00:00","article_modified_time":"2025-05-29T18:17:50+00:00","og_image":[{"width":758,"height":1024,"url":"https:\/\/imker-aigen.at\/wp-content\/uploads\/2025\/05\/TagOffenerBienenstock2025_0.jpg","type":"image\/jpeg"}],"author":"admin","twitter_card":"summary_large_image","twitter_misc":{"Verfasst von":"admin","Gesch\u00e4tzte Lesezeit":"6\u00a0Minuten"},"schema":{"@context":"https:\/\/schema.org","@graph":[{"@type":"Article","@id":"https:\/\/imker-aigen.at\/index.php\/2025\/05\/25\/tag-des-offenen-bienenstocks-im-garten-der-stadtimkerin-karoline-greimel\/#article","isPartOf":{"@id":"https:\/\/imker-aigen.at\/index.php\/2025\/05\/25\/tag-des-offenen-bienenstocks-im-garten-der-stadtimkerin-karoline-greimel\/"},"author":{"name":"admin","@id":"https:\/\/imker-aigen.at\/#\/schema\/person\/d7d0c3a8ef6f051d450781218ac83077"},"headline":"Tag des offenen Bienenstocks im Garten der Stadtimkerin Karoline Greimel","datePublished":"2025-05-25T11:00:03+00:00","dateModified":"2025-05-29T18:17:50+00:00","mainEntityOfPage":{"@id":"https:\/\/imker-aigen.at\/index.php\/2025\/05\/25\/tag-des-offenen-bienenstocks-im-garten-der-stadtimkerin-karoline-greimel\/"},"wordCount":1611,"commentCount":0,"publisher":{"@id":"https:\/\/imker-aigen.at\/#organization"},"image":{"@id":"https:\/\/imker-aigen.at\/index.php\/2025\/05\/25\/tag-des-offenen-bienenstocks-im-garten-der-stadtimkerin-karoline-greimel\/#primaryimage"},"thumbnailUrl":"https:\/\/imker-aigen.at\/wp-content\/uploads\/2025\/05\/TagOffenerBienenstock2025_0.jpg","keywords":["Greimel","Stadtimkerin","Tag des offenen Bienenstocks"],"articleSection":["Alte Veranstaltungen","News"],"inLanguage":"de","potentialAction":[{"@type":"CommentAction","name":"Comment","target":["https:\/\/imker-aigen.at\/index.php\/2025\/05\/25\/tag-des-offenen-bienenstocks-im-garten-der-stadtimkerin-karoline-greimel\/#respond"]}]},{"@type":"WebPage","@id":"https:\/\/imker-aigen.at\/index.php\/2025\/05\/25\/tag-des-offenen-bienenstocks-im-garten-der-stadtimkerin-karoline-greimel\/","url":"https:\/\/imker-aigen.at\/index.php\/2025\/05\/25\/tag-des-offenen-bienenstocks-im-garten-der-stadtimkerin-karoline-greimel\/","name":"Tag des offenen Bienenstocks im Garten der Stadtimkerin Karoline Greimel - Imker Ortsgruppe Salzburg Aigen","isPartOf":{"@id":"https:\/\/imker-aigen.at\/#website"},"primaryImageOfPage":{"@id":"https:\/\/imker-aigen.at\/index.php\/2025\/05\/25\/tag-des-offenen-bienenstocks-im-garten-der-stadtimkerin-karoline-greimel\/#primaryimage"},"image":{"@id":"https:\/\/imker-aigen.at\/index.php\/2025\/05\/25\/tag-des-offenen-bienenstocks-im-garten-der-stadtimkerin-karoline-greimel\/#primaryimage"},"thumbnailUrl":"https:\/\/imker-aigen.at\/wp-content\/uploads\/2025\/05\/TagOffenerBienenstock2025_0.jpg","datePublished":"2025-05-25T11:00:03+00:00","dateModified":"2025-05-29T18:17:50+00:00","description":"Am Sonntag, den 25. Mai 2025, fand im Garten der Salzburger Stadtimkerin Karoline Greimel der allj\u00e4hrliche Tag des offenen Bienenstocks statt","breadcrumb":{"@id":"https:\/\/imker-aigen.at\/index.php\/2025\/05\/25\/tag-des-offenen-bienenstocks-im-garten-der-stadtimkerin-karoline-greimel\/#breadcrumb"},"inLanguage":"de","potentialAction":[{"@type":"ReadAction","target":["https:\/\/imker-aigen.at\/index.php\/2025\/05\/25\/tag-des-offenen-bienenstocks-im-garten-der-stadtimkerin-karoline-greimel\/"]}]},{"@type":"ImageObject","inLanguage":"de","@id":"https:\/\/imker-aigen.at\/index.php\/2025\/05\/25\/tag-des-offenen-bienenstocks-im-garten-der-stadtimkerin-karoline-greimel\/#primaryimage","url":"https:\/\/imker-aigen.at\/wp-content\/uploads\/2025\/05\/TagOffenerBienenstock2025_0.jpg","contentUrl":"https:\/\/imker-aigen.at\/wp-content\/uploads\/2025\/05\/TagOffenerBienenstock2025_0.jpg","width":758,"height":1024},{"@type":"BreadcrumbList","@id":"https:\/\/imker-aigen.at\/index.php\/2025\/05\/25\/tag-des-offenen-bienenstocks-im-garten-der-stadtimkerin-karoline-greimel\/#breadcrumb","itemListElement":[{"@type":"ListItem","position":1,"name":"Startseite","item":"https:\/\/imker-aigen.at\/index.php\/home\/"},{"@type":"ListItem","position":2,"name":"Tag des offenen Bienenstocks im Garten der Stadtimkerin Karoline Greimel"}]},{"@type":"WebSite","@id":"https:\/\/imker-aigen.at\/#website","url":"https:\/\/imker-aigen.at\/","name":"Imker Ortsgruppe Salzburg Aigen","description":"Homepage der Imker-Ortsgruppe Salzburg Aigen","publisher":{"@id":"https:\/\/imker-aigen.at\/#organization"},"potentialAction":[{"@type":"SearchAction","target":{"@type":"EntryPoint","urlTemplate":"https:\/\/imker-aigen.at\/?s={search_term_string}"},"query-input":{"@type":"PropertyValueSpecification","valueRequired":true,"valueName":"search_term_string"}}],"inLanguage":"de"},{"@type":"Organization","@id":"https:\/\/imker-aigen.at\/#organization","name":"Imker Ortsgruppe Salzburg Aigen","url":"https:\/\/imker-aigen.at\/","logo":{"@type":"ImageObject","inLanguage":"de","@id":"https:\/\/imker-aigen.at\/#\/schema\/logo\/image\/","url":"https:\/\/imker-aigen.at\/wp-content\/uploads\/2022\/08\/logo-1.png","contentUrl":"https:\/\/imker-aigen.at\/wp-content\/uploads\/2022\/08\/logo-1.png","width":392,"height":156,"caption":"Imker Ortsgruppe Salzburg Aigen"},"image":{"@id":"https:\/\/imker-aigen.at\/#\/schema\/logo\/image\/"}},{"@type":"Person","@id":"https:\/\/imker-aigen.at\/#\/schema\/person\/d7d0c3a8ef6f051d450781218ac83077","name":"admin","image":{"@type":"ImageObject","inLanguage":"de","@id":"https:\/\/secure.gravatar.com\/avatar\/925a7e918efd3cfdae29be9c0018a3ae3275cd0444a6e166241172bb6e5243c7?s=96&d=mm&r=g","url":"https:\/\/secure.gravatar.com\/avatar\/925a7e918efd3cfdae29be9c0018a3ae3275cd0444a6e166241172bb6e5243c7?s=96&d=mm&r=g","contentUrl":"https:\/\/secure.gravatar.com\/avatar\/925a7e918efd3cfdae29be9c0018a3ae3275cd0444a6e166241172bb6e5243c7?s=96&d=mm&r=g","caption":"admin"},"sameAs":["https:\/\/imker-aigen.at","linkedin.com\/in\/bernd-meierhofer-5919b62"],"url":"https:\/\/imker-aigen.at\/index.php\/author\/bmeierhofer\/"}]}},"_links":{"self":[{"href":"https:\/\/imker-aigen.at\/index.php\/wp-json\/wp\/v2\/posts\/7983","targetHints":{"allow":["GET"]}}],"collection":[{"href":"https:\/\/imker-aigen.at\/index.php\/wp-json\/wp\/v2\/posts"}],"about":[{"href":"https:\/\/imker-aigen.at\/index.php\/wp-json\/wp\/v2\/types\/post"}],"author":[{"embeddable":true,"href":"https:\/\/imker-aigen.at\/index.php\/wp-json\/wp\/v2\/users\/1"}],"replies":[{"embeddable":true,"href":"https:\/\/imker-aigen.at\/index.php\/wp-json\/wp\/v2\/comments?post=7983"}],"version-history":[{"count":8,"href":"https:\/\/imker-aigen.at\/index.php\/wp-json\/wp\/v2\/posts\/7983\/revisions"}],"predecessor-version":[{"id":8004,"href":"https:\/\/imker-aigen.at\/index.php\/wp-json\/wp\/v2\/posts\/7983\/revisions\/8004"}],"wp:featuredmedia":[{"embeddable":true,"href":"https:\/\/imker-aigen.at\/index.php\/wp-json\/wp\/v2\/media\/7996"}],"wp:attachment":[{"href":"https:\/\/imker-aigen.at\/index.php\/wp-json\/wp\/v2\/media?parent=7983"}],"wp:term":[{"taxonomy":"category","embeddable":true,"href":"https:\/\/imker-aigen.at\/index.php\/wp-json\/wp\/v2\/categories?post=7983"},{"taxonomy":"post_tag","embeddable":true,"href":"https:\/\/imker-aigen.at\/index.php\/wp-json\/wp\/v2\/tags?post=7983"}],"curies":[{"name":"wp","href":"https:\/\/api.w.org\/{rel}","templated":true}]}}