{"id":8046,"date":"2025-06-02T16:51:15","date_gmt":"2025-06-02T14:51:15","guid":{"rendered":"https:\/\/imker-aigen.at\/?p=8046"},"modified":"2025-06-02T16:55:14","modified_gmt":"2025-06-02T14:55:14","slug":"bericht-ueber-das-belegstellenfest-der-carnica-zuchtgruppe-salzburg","status":"publish","type":"post","link":"https:\/\/imker-aigen.at\/index.php\/2025\/06\/02\/bericht-ueber-das-belegstellenfest-der-carnica-zuchtgruppe-salzburg\/","title":{"rendered":"Bericht \u00fcber das Belegstellenfest der Carnica Zuchtgruppe Salzburg"},"content":{"rendered":"<div  class='flex_column av-2dowu-e1b82f9aa0bc0cb3b9010629d2760b23 av_one_full  avia-builder-el-0  avia-builder-el-no-sibling  first flex_column_div  '     ><p>\n<style type=\"text\/css\" data-created_by=\"avia_inline_auto\" id=\"style-css-av-mbf7g5fk-f8106100b28c6a44f64fcc22510543a4\">\n#top .av-special-heading.av-mbf7g5fk-f8106100b28c6a44f64fcc22510543a4{\npadding-bottom:10px;\n}\nbody .av-special-heading.av-mbf7g5fk-f8106100b28c6a44f64fcc22510543a4 .av-special-heading-tag .heading-char{\nfont-size:25px;\n}\n.av-special-heading.av-mbf7g5fk-f8106100b28c6a44f64fcc22510543a4 .av-subheading{\nfont-size:15px;\n}\n<\/style>\n<div  class='av-special-heading av-mbf7g5fk-f8106100b28c6a44f64fcc22510543a4 av-special-heading-h3 blockquote modern-quote modern-centered  avia-builder-el-1  el_before_av_hr  avia-builder-el-first '><h3 class='av-special-heading-tag '  itemprop=\"headline\"  >Bericht \u00fcber das Belegstellenfest der Carnica Zuchtgruppe Salzburg<\/h3><div class=\"special-heading-border\"><div class=\"special-heading-inner-border\"><\/div><\/div><\/div><br \/>\n\n<style type=\"text\/css\" data-created_by=\"avia_inline_auto\" id=\"style-css-av-mbf7ftqf-0f336a95e9e60d33d35e160397585558\">\n#top .hr.av-mbf7ftqf-0f336a95e9e60d33d35e160397585558{\nmargin-top:30px;\nmargin-bottom:30px;\n}\n.hr.av-mbf7ftqf-0f336a95e9e60d33d35e160397585558 .hr-inner{\nwidth:50px;\nmax-width:45%;\n}\n<\/style>\n<div  class='hr av-mbf7ftqf-0f336a95e9e60d33d35e160397585558 hr-custom  avia-builder-el-2  el_after_av_heading  el_before_av_textblock  hr-center hr-icon-yes'><span class='hr-inner inner-border-av-border-thin'><span class=\"hr-inner-style\"><\/span><\/span><span class='av-seperator-icon avia-svg-icon avia-font-svg_entypo-fontello' data-av_svg_icon='dot-3' data-av_iconset='svg_entypo-fontello'><svg version=\"1.1\" xmlns=\"http:\/\/www.w3.org\/2000\/svg\" width=\"29\" height=\"32\" viewBox=\"0 0 29 32\" preserveAspectRatio=\"xMidYMid meet\" aria-labelledby='av-svg-title-1' aria-describedby='av-svg-desc-1' role=\"graphics-symbol\">\n<title id='av-svg-title-1'>Dot-3<\/title>\n<desc id='av-svg-desc-1'>Dot-3<\/desc>\n<path d=\"M3.52 12.48q1.472 0 2.496 1.024t1.024 2.496q0 1.408-1.024 2.464t-2.496 1.056-2.496-1.056-1.024-2.464q0-1.472 1.024-2.496t2.496-1.024zM14.72 12.48q1.472 0 2.496 1.024t1.024 2.496q0 1.408-1.056 2.464t-2.464 1.056-2.464-1.056-1.056-2.464q0-1.472 1.024-2.496t2.496-1.024zM25.92 12.48q1.472 0 2.496 1.024t1.024 2.496q0 1.408-1.024 2.464t-2.496 1.056-2.496-1.056-1.024-2.464q0-1.472 1.024-2.496t2.496-1.024z\"><\/path>\n<\/svg><\/span><span class='hr-inner inner-border-av-border-thin'><span class=\"hr-inner-style\"><\/span><\/span><\/div><br \/>\n<section  class='av_textblock_section av-mbf7jl6n-64f2147ac4e718cd8d87be3faf5ab44f '   itemscope=\"itemscope\" itemtype=\"https:\/\/schema.org\/BlogPosting\" itemprop=\"blogPost\" ><div class='avia_textblock'  itemprop=\"text\" ><p>Anl\u00e4sslich des 50-j\u00e4hrige Bestehen der Carnica-Belegstelle LS1 Strobl und des 60-j\u00e4hrige Bestehen der Carnica-Belegstelle LS5 Abtenau, fand am 1. Juni ein gro\u00dfes Belegstellenfest auf der Belegstelle LS1 Strobl statt. Einen detaillierten Bericht \u00fcber das Fest gibt es auf der Homepage der <a href=\"https:\/\/carnica-zuchtgruppe-salzburg.at\/\">Carnica Zuchtgruppe Salzburg<\/a>:<\/p>\n<p><a href=\"https:\/\/carnica-zuchtgruppe-salzburg.at\/index.php\/2025\/06\/01\/bericht-ueber-das-belegstellenfest-am-1-juni-2025-auf-der-belegstelle-ls1-strobl\/\">\u21d2 <strong>Bericht \u00fcber das Belegstellenfest<\/strong><\/a><\/p>\n<\/div><\/section><br \/>\n<div  class='av-social-sharing-box av-4681um-c54ae62aee5fc7ee62d3e4e201af6bdf av-social-sharing-box-default  avia-builder-el-4  el_after_av_textblock  el_before_av_comments_list  av-social-sharing-box-fullwidth'><div class=\"av-share-box\"><h5 class='av-share-link-description av-no-toc '>Eintrag teilen<\/h5><ul class=\"av-share-box-list noLightbox\"><li class='av-share-link av-social-link-facebook avia_social_iconfont' ><a target=\"_blank\" aria-label=\"Teilen auf Facebook\" href='https:\/\/www.facebook.com\/sharer.php?u=https:\/\/imker-aigen.at\/index.php\/2025\/06\/02\/bericht-ueber-das-belegstellenfest-der-carnica-zuchtgruppe-salzburg\/&#038;t=Bericht%20%C3%BCber%20das%20Belegstellenfest%20der%20Carnica%20Zuchtgruppe%20Salzburg' data-av_icon='\ue8f3' data-av_iconfont='entypo-fontello'  title='' data-avia-related-tooltip='Teilen auf Facebook'><span class='avia_hidden_link_text'>Teilen auf Facebook<\/span><\/a><\/li><li class='av-share-link av-social-link-twitter avia_social_iconfont' ><a target=\"_blank\" aria-label=\"Teilen auf X\" href='https:\/\/twitter.com\/share?text=Bericht%20%C3%BCber%20das%20Belegstellenfest%20der%20Carnica%20Zuchtgruppe%20Salzburg&#038;url=https:\/\/imker-aigen.at\/?p=8046' data-av_icon='\ue932' data-av_iconfont='entypo-fontello'  title='' data-avia-related-tooltip='Teilen auf X'><span class='avia_hidden_link_text'>Teilen auf X<\/span><\/a><\/li><li class='av-share-link av-social-link-whatsapp avia_social_iconfont' ><a target=\"_blank\" aria-label=\"Teilen auf WhatsApp\" href='https:\/\/api.whatsapp.com\/send?text=https:\/\/imker-aigen.at\/index.php\/2025\/06\/02\/bericht-ueber-das-belegstellenfest-der-carnica-zuchtgruppe-salzburg\/' data-av_icon='\uf232' data-av_iconfont='entypo-fontello'  title='' data-avia-related-tooltip='Teilen auf WhatsApp'><span class='avia_hidden_link_text'>Teilen auf WhatsApp<\/span><\/a><\/li><li class='av-share-link av-social-link-pinterest avia_social_iconfont' ><a target=\"_blank\" aria-label=\"Teilen auf Pinterest\" href='https:\/\/pinterest.com\/pin\/create\/button\/?url=https%3A%2F%2Fimker-aigen.at%2Findex.php%2F2025%2F06%2F02%2Fbericht-ueber-das-belegstellenfest-der-carnica-zuchtgruppe-salzburg%2F&#038;description=Bericht%20%C3%BCber%20das%20Belegstellenfest%20der%20Carnica%20Zuchtgruppe%20Salzburg&#038;media=https%3A%2F%2Fimker-aigen.at%2Fwp-content%2Fuploads%2F2025%2F06%2Fbelegstellenfest_2025_2-705x529.jpg' data-av_icon='\ue8f8' data-av_iconfont='entypo-fontello'  title='' data-avia-related-tooltip='Teilen auf Pinterest'><span class='avia_hidden_link_text'>Teilen auf Pinterest<\/span><\/a><\/li><li class='av-share-link av-social-link-linkedin avia_social_iconfont' ><a target=\"_blank\" aria-label=\"Teilen auf LinkedIn\" href='https:\/\/linkedin.com\/shareArticle?mini=true&#038;title=Bericht%20%C3%BCber%20das%20Belegstellenfest%20der%20Carnica%20Zuchtgruppe%20Salzburg&#038;url=https:\/\/imker-aigen.at\/index.php\/2025\/06\/02\/bericht-ueber-das-belegstellenfest-der-carnica-zuchtgruppe-salzburg\/' data-av_icon='\ue8fc' data-av_iconfont='entypo-fontello'  title='' data-avia-related-tooltip='Teilen auf LinkedIn'><span class='avia_hidden_link_text'>Teilen auf LinkedIn<\/span><\/a><\/li><li class='av-share-link av-social-link-reddit avia_social_iconfont' ><a target=\"_blank\" aria-label=\"Teilen auf Reddit\" href='https:\/\/reddit.com\/submit?url=https:\/\/imker-aigen.at\/index.php\/2025\/06\/02\/bericht-ueber-das-belegstellenfest-der-carnica-zuchtgruppe-salzburg\/&#038;title=Bericht%20%C3%BCber%20das%20Belegstellenfest%20der%20Carnica%20Zuchtgruppe%20Salzburg' data-av_icon='\ue927' data-av_iconfont='entypo-fontello'  title='' data-avia-related-tooltip='Teilen auf Reddit'><span class='avia_hidden_link_text'>Teilen auf Reddit<\/span><\/a><\/li><li class='av-share-link av-social-link-mail avia_social_iconfont' ><a  aria-label=\"Per E-Mail teilen\" href='mailto:?subject=Bericht%20%C3%BCber%20das%20Belegstellenfest%20der%20Carnica%20Zuchtgruppe%20Salzburg&#038;body=https:\/\/imker-aigen.at\/index.php\/2025\/06\/02\/bericht-ueber-das-belegstellenfest-der-carnica-zuchtgruppe-salzburg\/' data-av_icon='\ue805' data-av_iconfont='entypo-fontello'  title='' data-avia-related-tooltip='Per E-Mail teilen'><span class='avia_hidden_link_text'>Per E-Mail teilen<\/span><\/a><\/li><\/ul><\/div><\/div><br \/>\n<div  class='av-buildercomment av-31rnam-4f29311e1e37e416040a1c3ac1a438a5'><\/div><\/p><\/div>\n","protected":false},"excerpt":{"rendered":"","protected":false},"author":1,"featured_media":8048,"comment_status":"open","ping_status":"closed","sticky":false,"template":"","format":"standard","meta":{"footnotes":""},"categories":[2,1],"tags":[287,382],"class_list":["post-8046","post","type-post","status-publish","format-standard","has-post-thumbnail","hentry","category-news","category-uncategorized","tag-belegstellenfest","tag-carnica-zuchtgruppe-salzburg"],"yoast_head":"<!-- This site is optimized with the Yoast SEO plugin v27.4 - https:\/\/yoast.com\/product\/yoast-seo-wordpress\/ -->\n<title>Bericht \u00fcber das Belegstellenfest der Carnica Zuchtgruppe Salzburg - Imker Ortsgruppe Salzburg Aigen<\/title>\n<meta name=\"description\" content=\"Anl\u00e4sslich des 50-j\u00e4hrigen Bestehens der Carnica-Belegstelle LS1 Strobl und des 60-j\u00e4hrigen Bestehens der Carnica-Belegstelle LS5 Abtenau fand am 1. Juni ein gro\u00dfes Belegstellenfest statt.\" \/>\n<meta name=\"robots\" content=\"index, follow, max-snippet:-1, max-image-preview:large, max-video-preview:-1\" \/>\n<link rel=\"canonical\" href=\"https:\/\/imker-aigen.at\/index.php\/2025\/06\/02\/bericht-ueber-das-belegstellenfest-der-carnica-zuchtgruppe-salzburg\/\" \/>\n<meta property=\"og:locale\" content=\"de_DE\" \/>\n<meta property=\"og:type\" content=\"article\" \/>\n<meta property=\"og:title\" content=\"Bericht \u00fcber das Belegstellenfest der Carnica Zuchtgruppe Salzburg - Imker Ortsgruppe Salzburg Aigen\" \/>\n<meta property=\"og:description\" content=\"Anl\u00e4sslich des 50-j\u00e4hrigen Bestehens der Carnica-Belegstelle LS1 Strobl und des 60-j\u00e4hrigen Bestehens der Carnica-Belegstelle LS5 Abtenau fand am 1. Juni ein gro\u00dfes Belegstellenfest statt.\" \/>\n<meta property=\"og:url\" content=\"https:\/\/imker-aigen.at\/index.php\/2025\/06\/02\/bericht-ueber-das-belegstellenfest-der-carnica-zuchtgruppe-salzburg\/\" \/>\n<meta property=\"og:site_name\" content=\"Imker Ortsgruppe Salzburg Aigen\" \/>\n<meta property=\"article:published_time\" content=\"2025-06-02T14:51:15+00:00\" \/>\n<meta property=\"article:modified_time\" content=\"2025-06-02T14:55:14+00:00\" \/>\n<meta property=\"og:image\" content=\"https:\/\/imker-aigen.at\/wp-content\/uploads\/2025\/06\/belegstellenfest_2025_2.jpg\" \/>\n\t<meta property=\"og:image:width\" content=\"1024\" \/>\n\t<meta property=\"og:image:height\" content=\"768\" \/>\n\t<meta property=\"og:image:type\" content=\"image\/jpeg\" \/>\n<meta name=\"author\" content=\"admin\" \/>\n<meta name=\"twitter:card\" content=\"summary_large_image\" \/>\n<meta name=\"twitter:label1\" content=\"Verfasst von\" \/>\n\t<meta name=\"twitter:data1\" content=\"admin\" \/>\n\t<meta name=\"twitter:label2\" content=\"Gesch\u00e4tzte Lesezeit\" \/>\n\t<meta name=\"twitter:data2\" content=\"1\u00a0Minute\" \/>\n<script type=\"application\/ld+json\" class=\"yoast-schema-graph\">{\"@context\":\"https:\\\/\\\/schema.org\",\"@graph\":[{\"@type\":\"Article\",\"@id\":\"https:\\\/\\\/imker-aigen.at\\\/index.php\\\/2025\\\/06\\\/02\\\/bericht-ueber-das-belegstellenfest-der-carnica-zuchtgruppe-salzburg\\\/#article\",\"isPartOf\":{\"@id\":\"https:\\\/\\\/imker-aigen.at\\\/index.php\\\/2025\\\/06\\\/02\\\/bericht-ueber-das-belegstellenfest-der-carnica-zuchtgruppe-salzburg\\\/\"},\"author\":{\"name\":\"admin\",\"@id\":\"https:\\\/\\\/imker-aigen.at\\\/#\\\/schema\\\/person\\\/d7d0c3a8ef6f051d450781218ac83077\"},\"headline\":\"Bericht \u00fcber das Belegstellenfest der Carnica Zuchtgruppe Salzburg\",\"datePublished\":\"2025-06-02T14:51:15+00:00\",\"dateModified\":\"2025-06-02T14:55:14+00:00\",\"mainEntityOfPage\":{\"@id\":\"https:\\\/\\\/imker-aigen.at\\\/index.php\\\/2025\\\/06\\\/02\\\/bericht-ueber-das-belegstellenfest-der-carnica-zuchtgruppe-salzburg\\\/\"},\"wordCount\":955,\"commentCount\":0,\"publisher\":{\"@id\":\"https:\\\/\\\/imker-aigen.at\\\/#organization\"},\"image\":{\"@id\":\"https:\\\/\\\/imker-aigen.at\\\/index.php\\\/2025\\\/06\\\/02\\\/bericht-ueber-das-belegstellenfest-der-carnica-zuchtgruppe-salzburg\\\/#primaryimage\"},\"thumbnailUrl\":\"https:\\\/\\\/imker-aigen.at\\\/wp-content\\\/uploads\\\/2025\\\/06\\\/belegstellenfest_2025_2.jpg\",\"keywords\":[\"Belegstellenfest\",\"Carnica Zuchtgruppe Salzburg\"],\"articleSection\":[\"News\",\"Uncategorized\"],\"inLanguage\":\"de\",\"potentialAction\":[{\"@type\":\"CommentAction\",\"name\":\"Comment\",\"target\":[\"https:\\\/\\\/imker-aigen.at\\\/index.php\\\/2025\\\/06\\\/02\\\/bericht-ueber-das-belegstellenfest-der-carnica-zuchtgruppe-salzburg\\\/#respond\"]}]},{\"@type\":\"WebPage\",\"@id\":\"https:\\\/\\\/imker-aigen.at\\\/index.php\\\/2025\\\/06\\\/02\\\/bericht-ueber-das-belegstellenfest-der-carnica-zuchtgruppe-salzburg\\\/\",\"url\":\"https:\\\/\\\/imker-aigen.at\\\/index.php\\\/2025\\\/06\\\/02\\\/bericht-ueber-das-belegstellenfest-der-carnica-zuchtgruppe-salzburg\\\/\",\"name\":\"Bericht \u00fcber das Belegstellenfest der Carnica Zuchtgruppe Salzburg - Imker Ortsgruppe Salzburg Aigen\",\"isPartOf\":{\"@id\":\"https:\\\/\\\/imker-aigen.at\\\/#website\"},\"primaryImageOfPage\":{\"@id\":\"https:\\\/\\\/imker-aigen.at\\\/index.php\\\/2025\\\/06\\\/02\\\/bericht-ueber-das-belegstellenfest-der-carnica-zuchtgruppe-salzburg\\\/#primaryimage\"},\"image\":{\"@id\":\"https:\\\/\\\/imker-aigen.at\\\/index.php\\\/2025\\\/06\\\/02\\\/bericht-ueber-das-belegstellenfest-der-carnica-zuchtgruppe-salzburg\\\/#primaryimage\"},\"thumbnailUrl\":\"https:\\\/\\\/imker-aigen.at\\\/wp-content\\\/uploads\\\/2025\\\/06\\\/belegstellenfest_2025_2.jpg\",\"datePublished\":\"2025-06-02T14:51:15+00:00\",\"dateModified\":\"2025-06-02T14:55:14+00:00\",\"description\":\"Anl\u00e4sslich des 50-j\u00e4hrigen Bestehens der Carnica-Belegstelle LS1 Strobl und des 60-j\u00e4hrigen Bestehens der Carnica-Belegstelle LS5 Abtenau fand am 1. Juni ein gro\u00dfes Belegstellenfest statt.\",\"breadcrumb\":{\"@id\":\"https:\\\/\\\/imker-aigen.at\\\/index.php\\\/2025\\\/06\\\/02\\\/bericht-ueber-das-belegstellenfest-der-carnica-zuchtgruppe-salzburg\\\/#breadcrumb\"},\"inLanguage\":\"de\",\"potentialAction\":[{\"@type\":\"ReadAction\",\"target\":[\"https:\\\/\\\/imker-aigen.at\\\/index.php\\\/2025\\\/06\\\/02\\\/bericht-ueber-das-belegstellenfest-der-carnica-zuchtgruppe-salzburg\\\/\"]}]},{\"@type\":\"ImageObject\",\"inLanguage\":\"de\",\"@id\":\"https:\\\/\\\/imker-aigen.at\\\/index.php\\\/2025\\\/06\\\/02\\\/bericht-ueber-das-belegstellenfest-der-carnica-zuchtgruppe-salzburg\\\/#primaryimage\",\"url\":\"https:\\\/\\\/imker-aigen.at\\\/wp-content\\\/uploads\\\/2025\\\/06\\\/belegstellenfest_2025_2.jpg\",\"contentUrl\":\"https:\\\/\\\/imker-aigen.at\\\/wp-content\\\/uploads\\\/2025\\\/06\\\/belegstellenfest_2025_2.jpg\",\"width\":1024,\"height\":768},{\"@type\":\"BreadcrumbList\",\"@id\":\"https:\\\/\\\/imker-aigen.at\\\/index.php\\\/2025\\\/06\\\/02\\\/bericht-ueber-das-belegstellenfest-der-carnica-zuchtgruppe-salzburg\\\/#breadcrumb\",\"itemListElement\":[{\"@type\":\"ListItem\",\"position\":1,\"name\":\"Startseite\",\"item\":\"https:\\\/\\\/imker-aigen.at\\\/index.php\\\/home\\\/\"},{\"@type\":\"ListItem\",\"position\":2,\"name\":\"Bericht \u00fcber das Belegstellenfest der Carnica Zuchtgruppe Salzburg\"}]},{\"@type\":\"WebSite\",\"@id\":\"https:\\\/\\\/imker-aigen.at\\\/#website\",\"url\":\"https:\\\/\\\/imker-aigen.at\\\/\",\"name\":\"Imker Ortsgruppe Salzburg Aigen\",\"description\":\"Homepage der Imker-Ortsgruppe Salzburg Aigen\",\"publisher\":{\"@id\":\"https:\\\/\\\/imker-aigen.at\\\/#organization\"},\"potentialAction\":[{\"@type\":\"SearchAction\",\"target\":{\"@type\":\"EntryPoint\",\"urlTemplate\":\"https:\\\/\\\/imker-aigen.at\\\/?s={search_term_string}\"},\"query-input\":{\"@type\":\"PropertyValueSpecification\",\"valueRequired\":true,\"valueName\":\"search_term_string\"}}],\"inLanguage\":\"de\"},{\"@type\":\"Organization\",\"@id\":\"https:\\\/\\\/imker-aigen.at\\\/#organization\",\"name\":\"Imker Ortsgruppe Salzburg Aigen\",\"url\":\"https:\\\/\\\/imker-aigen.at\\\/\",\"logo\":{\"@type\":\"ImageObject\",\"inLanguage\":\"de\",\"@id\":\"https:\\\/\\\/imker-aigen.at\\\/#\\\/schema\\\/logo\\\/image\\\/\",\"url\":\"https:\\\/\\\/imker-aigen.at\\\/wp-content\\\/uploads\\\/2022\\\/08\\\/logo-1.png\",\"contentUrl\":\"https:\\\/\\\/imker-aigen.at\\\/wp-content\\\/uploads\\\/2022\\\/08\\\/logo-1.png\",\"width\":392,\"height\":156,\"caption\":\"Imker Ortsgruppe Salzburg Aigen\"},\"image\":{\"@id\":\"https:\\\/\\\/imker-aigen.at\\\/#\\\/schema\\\/logo\\\/image\\\/\"}},{\"@type\":\"Person\",\"@id\":\"https:\\\/\\\/imker-aigen.at\\\/#\\\/schema\\\/person\\\/d7d0c3a8ef6f051d450781218ac83077\",\"name\":\"admin\",\"image\":{\"@type\":\"ImageObject\",\"inLanguage\":\"de\",\"@id\":\"https:\\\/\\\/secure.gravatar.com\\\/avatar\\\/925a7e918efd3cfdae29be9c0018a3ae3275cd0444a6e166241172bb6e5243c7?s=96&d=mm&r=g\",\"url\":\"https:\\\/\\\/secure.gravatar.com\\\/avatar\\\/925a7e918efd3cfdae29be9c0018a3ae3275cd0444a6e166241172bb6e5243c7?s=96&d=mm&r=g\",\"contentUrl\":\"https:\\\/\\\/secure.gravatar.com\\\/avatar\\\/925a7e918efd3cfdae29be9c0018a3ae3275cd0444a6e166241172bb6e5243c7?s=96&d=mm&r=g\",\"caption\":\"admin\"},\"sameAs\":[\"https:\\\/\\\/imker-aigen.at\",\"linkedin.com\\\/in\\\/bernd-meierhofer-5919b62\"],\"url\":\"https:\\\/\\\/imker-aigen.at\\\/index.php\\\/author\\\/bmeierhofer\\\/\"}]}<\/script>\n<!-- \/ Yoast SEO plugin. -->","yoast_head_json":{"title":"Bericht \u00fcber das Belegstellenfest der Carnica Zuchtgruppe Salzburg - Imker Ortsgruppe Salzburg Aigen","description":"Anl\u00e4sslich des 50-j\u00e4hrigen Bestehens der Carnica-Belegstelle LS1 Strobl und des 60-j\u00e4hrigen Bestehens der Carnica-Belegstelle LS5 Abtenau fand am 1. Juni ein gro\u00dfes Belegstellenfest statt.","robots":{"index":"index","follow":"follow","max-snippet":"max-snippet:-1","max-image-preview":"max-image-preview:large","max-video-preview":"max-video-preview:-1"},"canonical":"https:\/\/imker-aigen.at\/index.php\/2025\/06\/02\/bericht-ueber-das-belegstellenfest-der-carnica-zuchtgruppe-salzburg\/","og_locale":"de_DE","og_type":"article","og_title":"Bericht \u00fcber das Belegstellenfest der Carnica Zuchtgruppe Salzburg - Imker Ortsgruppe Salzburg Aigen","og_description":"Anl\u00e4sslich des 50-j\u00e4hrigen Bestehens der Carnica-Belegstelle LS1 Strobl und des 60-j\u00e4hrigen Bestehens der Carnica-Belegstelle LS5 Abtenau fand am 1. Juni ein gro\u00dfes Belegstellenfest statt.","og_url":"https:\/\/imker-aigen.at\/index.php\/2025\/06\/02\/bericht-ueber-das-belegstellenfest-der-carnica-zuchtgruppe-salzburg\/","og_site_name":"Imker Ortsgruppe Salzburg Aigen","article_published_time":"2025-06-02T14:51:15+00:00","article_modified_time":"2025-06-02T14:55:14+00:00","og_image":[{"width":1024,"height":768,"url":"https:\/\/imker-aigen.at\/wp-content\/uploads\/2025\/06\/belegstellenfest_2025_2.jpg","type":"image\/jpeg"}],"author":"admin","twitter_card":"summary_large_image","twitter_misc":{"Verfasst von":"admin","Gesch\u00e4tzte Lesezeit":"1\u00a0Minute"},"schema":{"@context":"https:\/\/schema.org","@graph":[{"@type":"Article","@id":"https:\/\/imker-aigen.at\/index.php\/2025\/06\/02\/bericht-ueber-das-belegstellenfest-der-carnica-zuchtgruppe-salzburg\/#article","isPartOf":{"@id":"https:\/\/imker-aigen.at\/index.php\/2025\/06\/02\/bericht-ueber-das-belegstellenfest-der-carnica-zuchtgruppe-salzburg\/"},"author":{"name":"admin","@id":"https:\/\/imker-aigen.at\/#\/schema\/person\/d7d0c3a8ef6f051d450781218ac83077"},"headline":"Bericht \u00fcber das Belegstellenfest der Carnica Zuchtgruppe Salzburg","datePublished":"2025-06-02T14:51:15+00:00","dateModified":"2025-06-02T14:55:14+00:00","mainEntityOfPage":{"@id":"https:\/\/imker-aigen.at\/index.php\/2025\/06\/02\/bericht-ueber-das-belegstellenfest-der-carnica-zuchtgruppe-salzburg\/"},"wordCount":955,"commentCount":0,"publisher":{"@id":"https:\/\/imker-aigen.at\/#organization"},"image":{"@id":"https:\/\/imker-aigen.at\/index.php\/2025\/06\/02\/bericht-ueber-das-belegstellenfest-der-carnica-zuchtgruppe-salzburg\/#primaryimage"},"thumbnailUrl":"https:\/\/imker-aigen.at\/wp-content\/uploads\/2025\/06\/belegstellenfest_2025_2.jpg","keywords":["Belegstellenfest","Carnica Zuchtgruppe Salzburg"],"articleSection":["News","Uncategorized"],"inLanguage":"de","potentialAction":[{"@type":"CommentAction","name":"Comment","target":["https:\/\/imker-aigen.at\/index.php\/2025\/06\/02\/bericht-ueber-das-belegstellenfest-der-carnica-zuchtgruppe-salzburg\/#respond"]}]},{"@type":"WebPage","@id":"https:\/\/imker-aigen.at\/index.php\/2025\/06\/02\/bericht-ueber-das-belegstellenfest-der-carnica-zuchtgruppe-salzburg\/","url":"https:\/\/imker-aigen.at\/index.php\/2025\/06\/02\/bericht-ueber-das-belegstellenfest-der-carnica-zuchtgruppe-salzburg\/","name":"Bericht \u00fcber das Belegstellenfest der Carnica Zuchtgruppe Salzburg - Imker Ortsgruppe Salzburg Aigen","isPartOf":{"@id":"https:\/\/imker-aigen.at\/#website"},"primaryImageOfPage":{"@id":"https:\/\/imker-aigen.at\/index.php\/2025\/06\/02\/bericht-ueber-das-belegstellenfest-der-carnica-zuchtgruppe-salzburg\/#primaryimage"},"image":{"@id":"https:\/\/imker-aigen.at\/index.php\/2025\/06\/02\/bericht-ueber-das-belegstellenfest-der-carnica-zuchtgruppe-salzburg\/#primaryimage"},"thumbnailUrl":"https:\/\/imker-aigen.at\/wp-content\/uploads\/2025\/06\/belegstellenfest_2025_2.jpg","datePublished":"2025-06-02T14:51:15+00:00","dateModified":"2025-06-02T14:55:14+00:00","description":"Anl\u00e4sslich des 50-j\u00e4hrigen Bestehens der Carnica-Belegstelle LS1 Strobl und des 60-j\u00e4hrigen Bestehens der Carnica-Belegstelle LS5 Abtenau fand am 1. Juni ein gro\u00dfes Belegstellenfest statt.","breadcrumb":{"@id":"https:\/\/imker-aigen.at\/index.php\/2025\/06\/02\/bericht-ueber-das-belegstellenfest-der-carnica-zuchtgruppe-salzburg\/#breadcrumb"},"inLanguage":"de","potentialAction":[{"@type":"ReadAction","target":["https:\/\/imker-aigen.at\/index.php\/2025\/06\/02\/bericht-ueber-das-belegstellenfest-der-carnica-zuchtgruppe-salzburg\/"]}]},{"@type":"ImageObject","inLanguage":"de","@id":"https:\/\/imker-aigen.at\/index.php\/2025\/06\/02\/bericht-ueber-das-belegstellenfest-der-carnica-zuchtgruppe-salzburg\/#primaryimage","url":"https:\/\/imker-aigen.at\/wp-content\/uploads\/2025\/06\/belegstellenfest_2025_2.jpg","contentUrl":"https:\/\/imker-aigen.at\/wp-content\/uploads\/2025\/06\/belegstellenfest_2025_2.jpg","width":1024,"height":768},{"@type":"BreadcrumbList","@id":"https:\/\/imker-aigen.at\/index.php\/2025\/06\/02\/bericht-ueber-das-belegstellenfest-der-carnica-zuchtgruppe-salzburg\/#breadcrumb","itemListElement":[{"@type":"ListItem","position":1,"name":"Startseite","item":"https:\/\/imker-aigen.at\/index.php\/home\/"},{"@type":"ListItem","position":2,"name":"Bericht \u00fcber das Belegstellenfest der Carnica Zuchtgruppe Salzburg"}]},{"@type":"WebSite","@id":"https:\/\/imker-aigen.at\/#website","url":"https:\/\/imker-aigen.at\/","name":"Imker Ortsgruppe Salzburg Aigen","description":"Homepage der Imker-Ortsgruppe Salzburg Aigen","publisher":{"@id":"https:\/\/imker-aigen.at\/#organization"},"potentialAction":[{"@type":"SearchAction","target":{"@type":"EntryPoint","urlTemplate":"https:\/\/imker-aigen.at\/?s={search_term_string}"},"query-input":{"@type":"PropertyValueSpecification","valueRequired":true,"valueName":"search_term_string"}}],"inLanguage":"de"},{"@type":"Organization","@id":"https:\/\/imker-aigen.at\/#organization","name":"Imker Ortsgruppe Salzburg Aigen","url":"https:\/\/imker-aigen.at\/","logo":{"@type":"ImageObject","inLanguage":"de","@id":"https:\/\/imker-aigen.at\/#\/schema\/logo\/image\/","url":"https:\/\/imker-aigen.at\/wp-content\/uploads\/2022\/08\/logo-1.png","contentUrl":"https:\/\/imker-aigen.at\/wp-content\/uploads\/2022\/08\/logo-1.png","width":392,"height":156,"caption":"Imker Ortsgruppe Salzburg Aigen"},"image":{"@id":"https:\/\/imker-aigen.at\/#\/schema\/logo\/image\/"}},{"@type":"Person","@id":"https:\/\/imker-aigen.at\/#\/schema\/person\/d7d0c3a8ef6f051d450781218ac83077","name":"admin","image":{"@type":"ImageObject","inLanguage":"de","@id":"https:\/\/secure.gravatar.com\/avatar\/925a7e918efd3cfdae29be9c0018a3ae3275cd0444a6e166241172bb6e5243c7?s=96&d=mm&r=g","url":"https:\/\/secure.gravatar.com\/avatar\/925a7e918efd3cfdae29be9c0018a3ae3275cd0444a6e166241172bb6e5243c7?s=96&d=mm&r=g","contentUrl":"https:\/\/secure.gravatar.com\/avatar\/925a7e918efd3cfdae29be9c0018a3ae3275cd0444a6e166241172bb6e5243c7?s=96&d=mm&r=g","caption":"admin"},"sameAs":["https:\/\/imker-aigen.at","linkedin.com\/in\/bernd-meierhofer-5919b62"],"url":"https:\/\/imker-aigen.at\/index.php\/author\/bmeierhofer\/"}]}},"_links":{"self":[{"href":"https:\/\/imker-aigen.at\/index.php\/wp-json\/wp\/v2\/posts\/8046","targetHints":{"allow":["GET"]}}],"collection":[{"href":"https:\/\/imker-aigen.at\/index.php\/wp-json\/wp\/v2\/posts"}],"about":[{"href":"https:\/\/imker-aigen.at\/index.php\/wp-json\/wp\/v2\/types\/post"}],"author":[{"embeddable":true,"href":"https:\/\/imker-aigen.at\/index.php\/wp-json\/wp\/v2\/users\/1"}],"replies":[{"embeddable":true,"href":"https:\/\/imker-aigen.at\/index.php\/wp-json\/wp\/v2\/comments?post=8046"}],"version-history":[{"count":2,"href":"https:\/\/imker-aigen.at\/index.php\/wp-json\/wp\/v2\/posts\/8046\/revisions"}],"predecessor-version":[{"id":8049,"href":"https:\/\/imker-aigen.at\/index.php\/wp-json\/wp\/v2\/posts\/8046\/revisions\/8049"}],"wp:featuredmedia":[{"embeddable":true,"href":"https:\/\/imker-aigen.at\/index.php\/wp-json\/wp\/v2\/media\/8048"}],"wp:attachment":[{"href":"https:\/\/imker-aigen.at\/index.php\/wp-json\/wp\/v2\/media?parent=8046"}],"wp:term":[{"taxonomy":"category","embeddable":true,"href":"https:\/\/imker-aigen.at\/index.php\/wp-json\/wp\/v2\/categories?post=8046"},{"taxonomy":"post_tag","embeddable":true,"href":"https:\/\/imker-aigen.at\/index.php\/wp-json\/wp\/v2\/tags?post=8046"}],"curies":[{"name":"wp","href":"https:\/\/api.w.org\/{rel}","templated":true}]}}