{"id":8050,"date":"2025-06-03T19:00:05","date_gmt":"2025-06-03T17:00:05","guid":{"rendered":"https:\/\/imker-aigen.at\/?p=8050"},"modified":"2025-06-06T11:06:22","modified_gmt":"2025-06-06T09:06:22","slug":"protokoll-vom-stammtisch-am-3-6-2025","status":"publish","type":"post","link":"https:\/\/imker-aigen.at\/index.php\/2025\/06\/03\/protokoll-vom-stammtisch-am-3-6-2025\/","title":{"rendered":"Protokoll vom Stammtisch am 3.6.2025"},"content":{"rendered":"<div  class='flex_column av-9qsk4i-1554333be40caec3a1e65c90ab36a127 av_one_full  avia-builder-el-0  avia-builder-el-no-sibling  first flex_column_div  '     ><p>\n<style type=\"text\/css\" data-created_by=\"avia_inline_auto\" id=\"style-css-av-rum6a-71bf8ccefcb7dfd4df1fe3ed28b3a3db\">\n#top .av-special-heading.av-rum6a-71bf8ccefcb7dfd4df1fe3ed28b3a3db{\npadding-bottom:10px;\n}\nbody .av-special-heading.av-rum6a-71bf8ccefcb7dfd4df1fe3ed28b3a3db .av-special-heading-tag .heading-char{\nfont-size:25px;\n}\n.av-special-heading.av-rum6a-71bf8ccefcb7dfd4df1fe3ed28b3a3db .av-subheading{\nfont-size:15px;\n}\n<\/style>\n<div  class='av-special-heading av-rum6a-71bf8ccefcb7dfd4df1fe3ed28b3a3db av-special-heading-h3 blockquote modern-quote modern-centered  avia-builder-el-1  el_before_av_image  avia-builder-el-first '><h3 class='av-special-heading-tag '  itemprop=\"headline\"  >Protokoll vom Stammtisch am 3.6.2025<\/h3><div class=\"special-heading-border\"><div class=\"special-heading-inner-border\"><\/div><\/div><\/div><br \/>\n\n<style type=\"text\/css\" data-created_by=\"avia_inline_auto\" id=\"style-css-av-mbkk4f9l-4859a463cc003de8f9333b08f49598f0\">\n.avia-image-container.av-mbkk4f9l-4859a463cc003de8f9333b08f49598f0 img.avia_image{\nbox-shadow:none;\n}\n.avia-image-container.av-mbkk4f9l-4859a463cc003de8f9333b08f49598f0 .av-caption-image-overlay-bg{\nopacity:0.4;\nbackground-color:#000000;\n}\n.avia-image-container.av-mbkk4f9l-4859a463cc003de8f9333b08f49598f0 .av-image-caption-overlay-center{\ncolor:#ffffff;\n}\n<\/style>\n<div  class='avia-image-container av-mbkk4f9l-4859a463cc003de8f9333b08f49598f0 av-styling- avia-align-center  avia-builder-el-2  el_after_av_heading  el_before_av_hr  noHover av-overlay-hover-deactivate'   itemprop=\"image\" itemscope=\"itemscope\" itemtype=\"https:\/\/schema.org\/ImageObject\" ><div class=\"avia-image-container-inner\"><div class=\"avia-image-overlay-wrap\"><div class=\"av-image-caption-overlay\"><div class=\"av-caption-image-overlay-bg\"><\/div><div class=\"av-image-caption-overlay-position\"><div class=\"av-image-caption-overlay-center\"><p>Messdaten unserer Stockwaage und unserer Wetterstation am Egelsee<\/p>\n<\/div><\/div><\/div><img decoding=\"async\" fetchpriority=\"high\" class='wp-image-8077 avia-img-lazy-loading-not-8077 avia_image ' src=\"https:\/\/imker-aigen.at\/wp-content\/uploads\/2025\/06\/stockwaage_2025.jpg\" alt='' title='Messdaten unserer Stockwaage und unserer Wetterstation'  height=\"690\" width=\"1024\"  itemprop=\"thumbnailUrl\" srcset=\"https:\/\/imker-aigen.at\/wp-content\/uploads\/2025\/06\/stockwaage_2025.jpg 1024w, https:\/\/imker-aigen.at\/wp-content\/uploads\/2025\/06\/stockwaage_2025-300x202.jpg 300w, https:\/\/imker-aigen.at\/wp-content\/uploads\/2025\/06\/stockwaage_2025-768x518.jpg 768w, https:\/\/imker-aigen.at\/wp-content\/uploads\/2025\/06\/stockwaage_2025-705x475.jpg 705w\" sizes=\"(max-width: 1024px) 100vw, 1024px\" \/><\/div><\/div><\/div><br \/>\n\n<style type=\"text\/css\" data-created_by=\"avia_inline_auto\" id=\"style-css-av-mbhmdpzz-5bbd88b53e496c3e53ff6e58fd2f0bf7\">\n#top .hr.av-mbhmdpzz-5bbd88b53e496c3e53ff6e58fd2f0bf7{\nmargin-top:30px;\nmargin-bottom:30px;\n}\n.hr.av-mbhmdpzz-5bbd88b53e496c3e53ff6e58fd2f0bf7 .hr-inner{\nwidth:50px;\nmax-width:45%;\n}\n<\/style>\n<div  class='hr av-mbhmdpzz-5bbd88b53e496c3e53ff6e58fd2f0bf7 hr-custom  avia-builder-el-3  el_after_av_image  el_before_av_textblock  hr-center hr-icon-yes'><span class='hr-inner inner-border-av-border-thin'><span class=\"hr-inner-style\"><\/span><\/span><span class='av-seperator-icon avia-svg-icon avia-font-svg_entypo-fontello' data-av_svg_icon='dot-3' data-av_iconset='svg_entypo-fontello'><svg version=\"1.1\" xmlns=\"http:\/\/www.w3.org\/2000\/svg\" width=\"29\" height=\"32\" viewBox=\"0 0 29 32\" preserveAspectRatio=\"xMidYMid meet\" aria-labelledby='av-svg-title-1' aria-describedby='av-svg-desc-1' role=\"graphics-symbol\">\n<title id='av-svg-title-1'>Dot-3<\/title>\n<desc id='av-svg-desc-1'>Dot-3<\/desc>\n<path d=\"M3.52 12.48q1.472 0 2.496 1.024t1.024 2.496q0 1.408-1.024 2.464t-2.496 1.056-2.496-1.056-1.024-2.464q0-1.472 1.024-2.496t2.496-1.024zM14.72 12.48q1.472 0 2.496 1.024t1.024 2.496q0 1.408-1.056 2.464t-2.464 1.056-2.464-1.056-1.056-2.464q0-1.472 1.024-2.496t2.496-1.024zM25.92 12.48q1.472 0 2.496 1.024t1.024 2.496q0 1.408-1.024 2.464t-2.496 1.056-2.496-1.056-1.024-2.464q0-1.472 1.024-2.496t2.496-1.024z\"><\/path>\n<\/svg><\/span><span class='hr-inner inner-border-av-border-thin'><span class=\"hr-inner-style\"><\/span><\/span><\/div><br \/>\n<section  class='av_textblock_section av-5kjlwi-7a8b31c0f0c48839c8cd2a0b78bcb250 '   itemscope=\"itemscope\" itemtype=\"https:\/\/schema.org\/BlogPosting\" itemprop=\"blogPost\" ><div class='avia_textblock'  itemprop=\"text\" ><p><span style=\"color: #999999;\">Ort: <a style=\"color: #999999;\" href=\"http:\/\/www.pliemgut.at\/\">Gasthaus Pliemgut<\/a><\/span><br \/>\n<span style=\"color: #999999;\">Beginn: 19:15 Uhr<\/span><br \/>\n<span style=\"color: #999999;\">Protokollf\u00fchrerin: Adelheid Speyer<\/span><\/p>\n<h3>Begr\u00fc\u00dfung<\/h3>\n<p>Der Stammtisch wurde wieder gut besucht (ca. 30 Teilnehmer). Wir freuen uns, dass wir wieder zwei Imkerkollegen vom Imkerverein Salzburg Maxglan begr\u00fc\u00dfen durften!<\/p>\n<h3>\u00c4nderungen bei den Vereinsmitgliedern<\/h3>\n<ul>\n<li>Seit dem letzten Stammtisch haben wir wieder ein neues Vereinsmitglied. Wir hei\u00dfen unser neues Vereinsmitglied herzlich willkommen!<\/li>\n<\/ul>\n<h3>Neuigkeiten<\/h3>\n<ul>\n<li><strong><strong>Alte Termine<br \/>\n<a href=\"https:\/\/imker-aigen.at\/index.php\/event\/biologisch-imkern-der-beste-weg-zum-bio-imker\/\">13.5 Biologisch Imkern \u2013 Der beste Weg zum Bio-Imker<\/a><br \/>\n<a href=\"https:\/\/imker-aigen.at\/index.php\/event\/bienenpaedagogik-basiskurs-mit-rosi-fellner\/\">16.5 Bienenp\u00e4dagogik-Basiskurs mit Rosi Fellner<\/a><br \/>\n<\/strong><\/strong>\u21d2 <a href=\"https:\/\/imkerhof-salzburg.at\/2025\/05\/23\/3890\/\">Bericht auf der Homepage vom Imkerhof Salzburg<\/a><strong><strong><br \/>\n<a href=\"https:\/\/imker-aigen.at\/index.php\/event\/koeniginnenzuchtkurs-der-carnica-zuchtgruppe-salzburg\/\">17.5 K\u00f6niginnenzuchtkurs der Carnica Zuchtgruppe Salzburg<br \/>\n<\/a><\/strong><\/strong>\u21d2 <a href=\"https:\/\/carnica-zuchtgruppe-salzburg.at\/index.php\/2025\/05\/17\/bericht-ueber-den-zuchtkurs-am-17-mai-2025-in-eugendorf\/\">Bericht auf der Homepage der Carnica Zuchtgruppe Salzburg<\/a><strong><strong><a href=\"https:\/\/imker-aigen.at\/index.php\/event\/koeniginnenzuchtkurs-der-carnica-zuchtgruppe-salzburg\/\"><br \/>\n<\/a><a href=\"https:\/\/imker-aigen.at\/index.php\/event\/spezialkurs-mit-pia-aumeier-einfach-imkern-zur-schwarmzeit-tag-1\/\">24-25.5 Spezialkurs mit Pia Aumeier \u2013 Einfach Imkern zur Schwarmzeit<\/a><br \/>\n<\/strong><\/strong>\u21d2 <a href=\"https:\/\/imker-aigen.at\/index.php\/2025\/05\/25\/spezialkurs-von-pia-aumeier-einfach-imkern-zur-schwarmzeit\/\">Bericht auf der Homepage<\/a><strong><strong><br \/>\n<a href=\"https:\/\/imker-aigen.at\/index.php\/event\/imkerfest-seekirchen\/\">25.5 Tag des offenen Bienenstocks 2025<\/a><br \/>\n<\/strong><\/strong>\u21d2 <a href=\"https:\/\/imker-aigen.at\/index.php\/2025\/05\/25\/tag-des-offenen-bienenstocks-im-garten-der-stadtimkerin-karoline-greimel\/\">Bericht auf der Homepage<\/a><strong><strong><br \/>\n<a href=\"https:\/\/imker-aigen.at\/index.php\/event\/imkerfest-seekirchen\/\">25.5 Imkerfest Seekirchen<\/a><br \/>\n<a href=\"https:\/\/imker-aigen.at\/index.php\/event\/belegstellenfest-der-carnica-zuchtgruppe-salzburg\/\">1.6 Belegstellenfest der Carnica Zuchtgruppe Salzburg<\/a><br \/>\n<\/strong><\/strong> 60 Jahre LS5 Abtenau und 50 Jahre LS1 Strobl. \u21d2 <a href=\"https:\/\/carnica-zuchtgruppe-salzburg.at\/index.php\/2025\/06\/01\/bericht-ueber-das-belegstellenfest-am-1-juni-2025-auf-der-belegstelle-ls1-strobl\/\">Bericht auf der Homepage der Carnica Zuchtgruppe Salzburg<\/a><strong><strong><br \/>\n<a href=\"https:\/\/imker-aigen.at\/index.php\/event\/bienentage-bei-akzente-salzburg-3-5-6-2024\/\">3-5.6 Bienentage bei akzente Salzburg<\/a><br \/>\n<\/strong><\/strong>Hier wird es in K\u00fcrze einen Bericht auf unserer Homepage geben<strong><strong><br \/>\n<a href=\"https:\/\/imker-aigen.at\/index.php\/event\/vis-meldeverpflichtung-april-stichtag-3\/\">30.6 Letzte M\u00f6glichkeit f\u00fcr die VIS-Meldung<\/a><br \/>\nBitte auch darauf achten, dass die VIS-Nummer dauerhaft sichtbar am Standort angebracht ist.<\/strong><\/strong><\/li>\n<li><strong>Bestellung einer Info-Tafel anl\u00e4sslich der 100-Jahr-Feier der <a href=\"https:\/\/www.imker-maxglan.at\/\">Ortsgruppe Maxglan<\/a><\/strong><br \/>\nLaut Information der Maxglaner Imker verz\u00f6gern sich die Tafeln noch. Das Jubil\u00e4umsfest der Maxglaner-Ortsgruppe wurde auf n\u00e4chstes Jahr verschoben.<\/li>\n<li><strong>Imker-Ortsgruppe Salzburg Stadt\/Umgebung alias Imker-Ortsgruppe Maxglan<\/strong><br \/>\nDieser Punkt wurde nicht besprochen. Das Stimmungsbild aus unserem Verein wurde an Daniel Pfeifenberger weitergeleitet \u2013 bisher keine Neuigkeiten (15 Stimmen f\u00fcr eine \u00c4nderung des Vereinsnamens, 3 Stimmen f\u00fcr \u201enicht erforderlich\u201c, 9 Stimmen f\u00fcr \u201eEgal bzw. Stimmenthaltung\u201c)<\/li>\n<li><strong>Zucht 2025<br \/>\n<\/strong>Das Pexa-K\u00f6rprogramm wurde bestellt. Bisher aber noch keine R\u00fcckmeldung. Wir haben guten Zuchtstoff im Verein (einerseits in der Vereinsh\u00fctte, andererseits vom Zuchtkurs der Carnica Zuchtgruppe Salzburg). Falls dieser genutzt werden m\u00f6chte, sollte dies in den n\u00e4chsten Tagen erfolgen<\/li>\n<li><strong>Nutzung unserer Vereinsh\u00fctte am Egelsee 2025<br \/>\n<\/strong>Alles am Laufen (Versicherungen wurden abgeschlossen, T\u00fcrschloss montiert, Stockwaage + Wetterstation in Betrieb genommen)<br \/>\n&#8211; ein Messingschild mit der VIS-Nummer + QR-Code vom Verein muss erst gekauft werden. Dies sollte erst gemacht werden, sobald klar ist, dass die Vereinsh\u00fctte auch n\u00e4chstes Jahr gen\u00fctzt wird und klar ist, wie das neue Vereinslogo aussehen wird<\/li>\n<li><strong>Zucht varroaresistenter Bienen<\/strong> (<a href=\"https:\/\/salzburg.orf.at\/stories\/3303397\/\">ORF-Schlagzeile vom 30.4.2025<\/a> und <a href=\"https:\/\/on.orf.at\/video\/14274460\/salzburg-heute-vom-04052025\">Bundesland heute Beitrag vom 4.5.2025<\/a>) \u2013 Unser Vereinsmitglied Christina H\u00f6tzinger, welche auch in der <a href=\"https:\/\/bienenzuchtgruppe.at\/\">O\u00d6-S-Zuchtgruppe<\/a> mitarbeitet, k\u00f6nnte n\u00e4here Hintergrundinformationen liefern, sofern Interesse besteht. Geplant ist ein Impulsvortrag bei einem Stammtisch im Herbst\/Winter und dann ein Folgetermin f\u00fcr Details und Diskussionen f\u00fcr alle, die sich intensiver mit der Materie besch\u00e4ftigen wollen oder bereits besch\u00e4ftigen<\/li>\n<li><strong>Bienentage bei <a href=\"https:\/\/www.akzente.net\/\">akzente Salzburg<\/a> + Schulbesuche<br \/>\n<\/strong>Dank der Organisation von Michael Rettenbacher sind die Bienentage bei <a href=\"https:\/\/www.akzente.net\/\">akzente Salzburg<\/a> bereits erfolgreich angelaufen (3.-5. Juni).<br \/>\nElisabeth bekommt ein Miniplus-Volk und die Einwabenk\u00e4stchen f\u00fcr folgende Termine: 18.6 VS Liefering II und 6.6 Mittelschule Parsch. Der Termin mit dem Pfarrkindergarten Herrnau ist noch nicht fixiert<\/li>\n<li><strong>Futter- und Behandlungsmittelaktion des Imkerhofes<\/strong><br \/>\nVon Bernd werden die Informationsbl\u00e4tter vom <a href=\"https:\/\/imkerhof-salzburg.at\/\">Imkerhof Salzburg<\/a>, welche zuvor auch via WhatsApp versendet wurden, an die Teilnehmer verteilt. Bestellungen bitte bis 17.6 bei Bernd abgeben und den zu bezahlenden Betrag gleich auf das Vereinskonto \u00fcberweisen. Der <a href=\"https:\/\/imkerhof-salzburg.at\/\">Imkerhof Salzburg<\/a> rechnet die Bestellungen mit den Ortsgruppen ab.<\/li>\n<li><strong>Reinzuchtk\u00f6niginnen<\/strong><br \/>\nBestellungen von Carnica-Reinzuchtk\u00f6niginnen k\u00f6nnen direkt bei den Z\u00fcchtern (Josef Hutzinger, Christoph Frankenberger &#8230;) abgegeben werden.<\/li>\n<li><strong>Logo und Corporate Design<br \/>\n<\/strong>Dieser Punkt wurde nicht besprochen. In K\u00fcrze soll hier jedoch ein kleines Projekt starten. Alle sind herzlich eingeladen, sich zu beteiligen.<\/li>\n<li><strong>Diverse Anfragen an den Verein<\/strong><br \/>\n&#8211; Anfrage bzgl. Wildbienen im IKEA Regal. Hier wurde Hr. Dr. Neumayer kontaktiert. Das IKEA-Regal wurde auf magische Art und Weise abtransportiert<br \/>\n&#8211; Anfrage eines Salzburger Wohnbautr\u00e4gers, welcher m\u00f6glicherweise Fl\u00e4chen in den Wohnanlagen f\u00fcr Bienenst\u00f6cke und\/oder Bienenweiden zur Verf\u00fcgung stellen m\u00f6chte. Wir werden da beratend unterst\u00fctzen und vielleicht auch den einen oder anderen Bienenstand vermitteln. Fast zeitgleich meldete sich auch ein Imker, der zwei seiner Bienenst\u00e4nde im Stadtgebiet an unsere Vereinsmitglieder abgeben m\u00f6chte. Bernd gibt Bescheid, sobald es hier neue Informationen gibt.<\/li>\n<\/ul>\n<h3>Kommende Termine bis zum n\u00e4chsten Stammtisch (siehe auch <a href=\"https:\/\/imker-aigen.at\/index.php\/events\/list\/\">Veranstaltungskalender<\/a>)<\/h3>\n<ul>\n<li><a href=\"https:\/\/imker-aigen.at\/index.php\/event\/feldfuehrung-bei-brigitte-doerner\/\">1.7 Feldf\u00fchrung bei Brigitte D\u00f6rner<\/a><\/li>\n<li><a href=\"https:\/\/imker-aigen.at\/index.php\/event\/stammtisch-1-juli-2025\/\">1.7 Stammtisch<\/a><\/li>\n<\/ul>\n<h3>Diverses, Diskussion, Allf\u00e4lliges<\/h3>\n<ul>\n<li>Ausflug bzw. Standbesuch<br \/>\nFolgende Termine sind bereits fixiert:<br \/>\n&#8211; 1 Juli 2025: Besuch von Brigitte D\u00f6rner (wild-gewachsen.at)<br \/>\n&#8211; 4 Juli 2025: Besuch des Bienenstands von Josef Hutzinger in Muntigl (Bergheim) Wir treffen uns bei Sch\u00f6nwetter um 14:30 Uhr beim Bienenstand von Sepp.<\/p>\n<p>Hier muss noch ein Termin gefunden bzw. das Interesse abgekl\u00e4rt werden:<br \/>\n&#8211; St. Veiter Stadtmuseum \u2013 130 Jahre Bienenzucht (2.4-31.10). 45 Millionen Jahre alte Biene in einem Bernsteintropfen<br \/>\n&#8211; <a href=\"https:\/\/imker-aigen.at\/index.php\/event\/22-oesterreichisches-honigfest-in-hermagor\/\">Honigfest in Hermagor (15-17.8)<\/a><\/li>\n<\/ul>\n<h3>Imkern im Juni (siehe auch <a href=\"https:\/\/imker-aigen.at\/index.php\/about\/monthly_todos\/\">Monatsbetrachtungen<\/a>)<\/h3>\n<ul>\n<li>Imkern in Zeiten des Klimawandels<\/li>\n<li><strong>Schw\u00e4rme einfangen<\/strong> (bitte koordiniert \u00fcber die Schwarmf\u00e4nger WhatsApp-Gruppe) + Schwarmkontrolle und Schwarmverhinderung (siehe auch Artikel auf der Homepage)<\/li>\n<li>Auf <strong>Wasserversorgung<\/strong> (Bienentr\u00e4nke) und Beschattung achten<\/li>\n<li><strong>Futterreserven der Bienenv\u00f6lker:<\/strong> Achtung &#8211; Die Bienenv\u00f6lker d\u00fcrfen nicht trocken laufen! Falls keine Futterreserven mehr vorhanden sind, m\u00fcssen die V\u00f6lker unbedingt mit Futterteig gef\u00fcttert werden, damit sie nicht verhungern.\u00a0 In diesem Zusammenhang pr\u00e4sentierte Bernd auch die Messdaten unserer Stockwaage und unserer Wetterstation am Egelsee (siehe \u21d2 <a href=\"https:\/\/imker-aigen.at\/index.php\/about\/our-story\/\">&#8222;Unsere Vereinsh\u00fctte am Egelsee&#8220;<\/a>). Im Diagramm ist ersichtlich, dass das Bienenvolk an Schlechtwettertagen ca. 0,2 kg abnimmt. \u00dcber die gesch\u00e4tzte Restfuttermenge im Honigraum kann man ca. absch\u00e4tzen, wie lange das Volk mit dem Futter auskommen w\u00fcrde. Die Brutnesttemperatur wird vom Bienenvolk immer konstant auf 34 Grad gehalten. St\u00f6rungen im Volk kosten Honig und verursachen auch mehr Varroa. Bei Sch\u00f6nwetter ist auch sch\u00f6n zu sehen, dass sich jeden Morgen ca. 1 kg Bienen auf Futtersuche begeben.<\/li>\n<li><strong>Honigernte<\/strong> &#8211; falls es Imker mit Honig gibt: Wassergehalt beachten. Refraktometer kalibrieren!<\/li>\n<li><strong>F\u00fctterung nach der Honigernte<\/strong>: R\u00e4uberei vermeiden! Kleine Mengen am sp\u00e4ten Abend f\u00fcttern. Flugloch einengen. Immer 5kg Futter im Stock lassen<\/li>\n<li><strong>Varroabehandlung<\/strong>: Bannwabe vor der Sommersonnenwende (21.6) einsetzen<\/li>\n<\/ul>\n<\/div><\/section><br \/>\n<div  class='av-social-sharing-box av-4uptoi-264ac33c850e3ff6030b05519bfce015 av-social-sharing-box-default  avia-builder-el-5  el_after_av_textblock  el_before_av_comments_list  av-social-sharing-box-fullwidth'><div class=\"av-share-box\"><h5 class='av-share-link-description av-no-toc '>Eintrag teilen<\/h5><ul class=\"av-share-box-list noLightbox\"><li class='av-share-link av-social-link-facebook avia_social_iconfont' ><a target=\"_blank\" aria-label=\"Teilen auf Facebook\" href='https:\/\/www.facebook.com\/sharer.php?u=https:\/\/imker-aigen.at\/index.php\/2025\/06\/03\/protokoll-vom-stammtisch-am-3-6-2025\/&#038;t=Protokoll%20vom%20Stammtisch%20am%203.6.2025' data-av_icon='\ue8f3' data-av_iconfont='entypo-fontello'  title='' data-avia-related-tooltip='Teilen auf Facebook'><span class='avia_hidden_link_text'>Teilen auf Facebook<\/span><\/a><\/li><li class='av-share-link av-social-link-twitter avia_social_iconfont' ><a target=\"_blank\" aria-label=\"Teilen auf X\" href='https:\/\/twitter.com\/share?text=Protokoll%20vom%20Stammtisch%20am%203.6.2025&#038;url=https:\/\/imker-aigen.at\/?p=8050' data-av_icon='\ue932' data-av_iconfont='entypo-fontello'  title='' data-avia-related-tooltip='Teilen auf X'><span class='avia_hidden_link_text'>Teilen auf X<\/span><\/a><\/li><li class='av-share-link av-social-link-whatsapp avia_social_iconfont' ><a target=\"_blank\" aria-label=\"Teilen auf WhatsApp\" href='https:\/\/api.whatsapp.com\/send?text=https:\/\/imker-aigen.at\/index.php\/2025\/06\/03\/protokoll-vom-stammtisch-am-3-6-2025\/' data-av_icon='\uf232' data-av_iconfont='entypo-fontello'  title='' data-avia-related-tooltip='Teilen auf WhatsApp'><span class='avia_hidden_link_text'>Teilen auf WhatsApp<\/span><\/a><\/li><li class='av-share-link av-social-link-pinterest avia_social_iconfont' ><a target=\"_blank\" aria-label=\"Teilen auf Pinterest\" href='https:\/\/pinterest.com\/pin\/create\/button\/?url=https%3A%2F%2Fimker-aigen.at%2Findex.php%2F2025%2F06%2F03%2Fprotokoll-vom-stammtisch-am-3-6-2025%2F&#038;description=Protokoll%20vom%20Stammtisch%20am%203.6.2025&#038;media=https%3A%2F%2Fimker-aigen.at%2Fwp-content%2Fuploads%2F2022%2F08%2Fglasses-beer-1.jpg' data-av_icon='\ue8f8' data-av_iconfont='entypo-fontello'  title='' data-avia-related-tooltip='Teilen auf Pinterest'><span class='avia_hidden_link_text'>Teilen auf Pinterest<\/span><\/a><\/li><li class='av-share-link av-social-link-linkedin avia_social_iconfont' ><a target=\"_blank\" aria-label=\"Teilen auf LinkedIn\" href='https:\/\/linkedin.com\/shareArticle?mini=true&#038;title=Protokoll%20vom%20Stammtisch%20am%203.6.2025&#038;url=https:\/\/imker-aigen.at\/index.php\/2025\/06\/03\/protokoll-vom-stammtisch-am-3-6-2025\/' data-av_icon='\ue8fc' data-av_iconfont='entypo-fontello'  title='' data-avia-related-tooltip='Teilen auf LinkedIn'><span class='avia_hidden_link_text'>Teilen auf LinkedIn<\/span><\/a><\/li><li class='av-share-link av-social-link-reddit avia_social_iconfont' ><a target=\"_blank\" aria-label=\"Teilen auf Reddit\" href='https:\/\/reddit.com\/submit?url=https:\/\/imker-aigen.at\/index.php\/2025\/06\/03\/protokoll-vom-stammtisch-am-3-6-2025\/&#038;title=Protokoll%20vom%20Stammtisch%20am%203.6.2025' data-av_icon='\ue927' data-av_iconfont='entypo-fontello'  title='' data-avia-related-tooltip='Teilen auf Reddit'><span class='avia_hidden_link_text'>Teilen auf Reddit<\/span><\/a><\/li><li class='av-share-link av-social-link-mail avia_social_iconfont' ><a  aria-label=\"Per E-Mail teilen\" href='mailto:?subject=Protokoll%20vom%20Stammtisch%20am%203.6.2025&#038;body=https:\/\/imker-aigen.at\/index.php\/2025\/06\/03\/protokoll-vom-stammtisch-am-3-6-2025\/' data-av_icon='\ue805' data-av_iconfont='entypo-fontello'  title='' data-avia-related-tooltip='Per E-Mail teilen'><span class='avia_hidden_link_text'>Per E-Mail teilen<\/span><\/a><\/li><\/ul><\/div><\/div><br \/>\n<div  class='av-buildercomment av-21jf4y-1999fd2c7a059c9b3280c1a41124d712'><\/div><\/p><\/div>\n","protected":false},"excerpt":{"rendered":"","protected":false},"author":1,"featured_media":621,"comment_status":"open","ping_status":"closed","sticky":false,"template":"","format":"standard","meta":{"footnotes":""},"categories":[18,2],"tags":[35],"class_list":["post-8050","post","type-post","status-publish","format-standard","has-post-thumbnail","hentry","category-alte-veranstaltungen","category-news","tag-stammtisch"],"yoast_head":"<!-- This site is optimized with the Yoast SEO plugin v27.4 - https:\/\/yoast.com\/product\/yoast-seo-wordpress\/ -->\n<title>Protokoll vom Stammtisch am 3.6.2025 - Imker Ortsgruppe Salzburg Aigen<\/title>\n<meta name=\"description\" content=\"Am 3. Juni 2025 fand der monatliche Stammtisch des Imkervereins Sazburg Aigen statt.\" \/>\n<meta name=\"robots\" content=\"index, follow, max-snippet:-1, max-image-preview:large, max-video-preview:-1\" \/>\n<link rel=\"canonical\" href=\"https:\/\/imker-aigen.at\/index.php\/2025\/06\/03\/protokoll-vom-stammtisch-am-3-6-2025\/\" \/>\n<meta property=\"og:locale\" content=\"de_DE\" \/>\n<meta property=\"og:type\" content=\"article\" \/>\n<meta property=\"og:title\" content=\"Protokoll vom Stammtisch am 3.6.2025 - Imker Ortsgruppe Salzburg Aigen\" \/>\n<meta property=\"og:description\" content=\"Am 3. Juni 2025 fand der monatliche Stammtisch des Imkervereins Sazburg Aigen statt.\" \/>\n<meta property=\"og:url\" content=\"https:\/\/imker-aigen.at\/index.php\/2025\/06\/03\/protokoll-vom-stammtisch-am-3-6-2025\/\" \/>\n<meta property=\"og:site_name\" content=\"Imker Ortsgruppe Salzburg Aigen\" \/>\n<meta property=\"article:published_time\" content=\"2025-06-03T17:00:05+00:00\" \/>\n<meta property=\"article:modified_time\" content=\"2025-06-06T09:06:22+00:00\" \/>\n<meta property=\"og:image\" content=\"https:\/\/imker-aigen.at\/wp-content\/uploads\/2022\/08\/glasses-beer-1.jpg\" \/>\n\t<meta property=\"og:image:width\" content=\"180\" \/>\n\t<meta property=\"og:image:height\" content=\"241\" \/>\n\t<meta property=\"og:image:type\" content=\"image\/jpeg\" \/>\n<meta name=\"author\" content=\"admin\" \/>\n<meta name=\"twitter:card\" content=\"summary_large_image\" \/>\n<meta name=\"twitter:label1\" content=\"Verfasst von\" \/>\n\t<meta name=\"twitter:data1\" content=\"admin\" \/>\n\t<meta name=\"twitter:label2\" content=\"Gesch\u00e4tzte Lesezeit\" \/>\n\t<meta name=\"twitter:data2\" content=\"6\u00a0Minuten\" \/>\n<script type=\"application\/ld+json\" class=\"yoast-schema-graph\">{\"@context\":\"https:\\\/\\\/schema.org\",\"@graph\":[{\"@type\":\"Article\",\"@id\":\"https:\\\/\\\/imker-aigen.at\\\/index.php\\\/2025\\\/06\\\/03\\\/protokoll-vom-stammtisch-am-3-6-2025\\\/#article\",\"isPartOf\":{\"@id\":\"https:\\\/\\\/imker-aigen.at\\\/index.php\\\/2025\\\/06\\\/03\\\/protokoll-vom-stammtisch-am-3-6-2025\\\/\"},\"author\":{\"name\":\"admin\",\"@id\":\"https:\\\/\\\/imker-aigen.at\\\/#\\\/schema\\\/person\\\/d7d0c3a8ef6f051d450781218ac83077\"},\"headline\":\"Protokoll vom Stammtisch am 3.6.2025\",\"datePublished\":\"2025-06-03T17:00:05+00:00\",\"dateModified\":\"2025-06-06T09:06:22+00:00\",\"mainEntityOfPage\":{\"@id\":\"https:\\\/\\\/imker-aigen.at\\\/index.php\\\/2025\\\/06\\\/03\\\/protokoll-vom-stammtisch-am-3-6-2025\\\/\"},\"wordCount\":2130,\"commentCount\":0,\"publisher\":{\"@id\":\"https:\\\/\\\/imker-aigen.at\\\/#organization\"},\"image\":{\"@id\":\"https:\\\/\\\/imker-aigen.at\\\/index.php\\\/2025\\\/06\\\/03\\\/protokoll-vom-stammtisch-am-3-6-2025\\\/#primaryimage\"},\"thumbnailUrl\":\"https:\\\/\\\/imker-aigen.at\\\/wp-content\\\/uploads\\\/2022\\\/08\\\/glasses-beer-1.jpg\",\"keywords\":[\"Stammtisch\"],\"articleSection\":[\"Alte Veranstaltungen\",\"News\"],\"inLanguage\":\"de\",\"potentialAction\":[{\"@type\":\"CommentAction\",\"name\":\"Comment\",\"target\":[\"https:\\\/\\\/imker-aigen.at\\\/index.php\\\/2025\\\/06\\\/03\\\/protokoll-vom-stammtisch-am-3-6-2025\\\/#respond\"]}]},{\"@type\":\"WebPage\",\"@id\":\"https:\\\/\\\/imker-aigen.at\\\/index.php\\\/2025\\\/06\\\/03\\\/protokoll-vom-stammtisch-am-3-6-2025\\\/\",\"url\":\"https:\\\/\\\/imker-aigen.at\\\/index.php\\\/2025\\\/06\\\/03\\\/protokoll-vom-stammtisch-am-3-6-2025\\\/\",\"name\":\"Protokoll vom Stammtisch am 3.6.2025 - Imker Ortsgruppe Salzburg Aigen\",\"isPartOf\":{\"@id\":\"https:\\\/\\\/imker-aigen.at\\\/#website\"},\"primaryImageOfPage\":{\"@id\":\"https:\\\/\\\/imker-aigen.at\\\/index.php\\\/2025\\\/06\\\/03\\\/protokoll-vom-stammtisch-am-3-6-2025\\\/#primaryimage\"},\"image\":{\"@id\":\"https:\\\/\\\/imker-aigen.at\\\/index.php\\\/2025\\\/06\\\/03\\\/protokoll-vom-stammtisch-am-3-6-2025\\\/#primaryimage\"},\"thumbnailUrl\":\"https:\\\/\\\/imker-aigen.at\\\/wp-content\\\/uploads\\\/2022\\\/08\\\/glasses-beer-1.jpg\",\"datePublished\":\"2025-06-03T17:00:05+00:00\",\"dateModified\":\"2025-06-06T09:06:22+00:00\",\"description\":\"Am 3. Juni 2025 fand der monatliche Stammtisch des Imkervereins Sazburg Aigen statt.\",\"breadcrumb\":{\"@id\":\"https:\\\/\\\/imker-aigen.at\\\/index.php\\\/2025\\\/06\\\/03\\\/protokoll-vom-stammtisch-am-3-6-2025\\\/#breadcrumb\"},\"inLanguage\":\"de\",\"potentialAction\":[{\"@type\":\"ReadAction\",\"target\":[\"https:\\\/\\\/imker-aigen.at\\\/index.php\\\/2025\\\/06\\\/03\\\/protokoll-vom-stammtisch-am-3-6-2025\\\/\"]}]},{\"@type\":\"ImageObject\",\"inLanguage\":\"de\",\"@id\":\"https:\\\/\\\/imker-aigen.at\\\/index.php\\\/2025\\\/06\\\/03\\\/protokoll-vom-stammtisch-am-3-6-2025\\\/#primaryimage\",\"url\":\"https:\\\/\\\/imker-aigen.at\\\/wp-content\\\/uploads\\\/2022\\\/08\\\/glasses-beer-1.jpg\",\"contentUrl\":\"https:\\\/\\\/imker-aigen.at\\\/wp-content\\\/uploads\\\/2022\\\/08\\\/glasses-beer-1.jpg\",\"width\":180,\"height\":241,\"caption\":\"Bier\"},{\"@type\":\"BreadcrumbList\",\"@id\":\"https:\\\/\\\/imker-aigen.at\\\/index.php\\\/2025\\\/06\\\/03\\\/protokoll-vom-stammtisch-am-3-6-2025\\\/#breadcrumb\",\"itemListElement\":[{\"@type\":\"ListItem\",\"position\":1,\"name\":\"Startseite\",\"item\":\"https:\\\/\\\/imker-aigen.at\\\/index.php\\\/home\\\/\"},{\"@type\":\"ListItem\",\"position\":2,\"name\":\"Protokoll vom Stammtisch am 3.6.2025\"}]},{\"@type\":\"WebSite\",\"@id\":\"https:\\\/\\\/imker-aigen.at\\\/#website\",\"url\":\"https:\\\/\\\/imker-aigen.at\\\/\",\"name\":\"Imker Ortsgruppe Salzburg Aigen\",\"description\":\"Homepage der Imker-Ortsgruppe Salzburg Aigen\",\"publisher\":{\"@id\":\"https:\\\/\\\/imker-aigen.at\\\/#organization\"},\"potentialAction\":[{\"@type\":\"SearchAction\",\"target\":{\"@type\":\"EntryPoint\",\"urlTemplate\":\"https:\\\/\\\/imker-aigen.at\\\/?s={search_term_string}\"},\"query-input\":{\"@type\":\"PropertyValueSpecification\",\"valueRequired\":true,\"valueName\":\"search_term_string\"}}],\"inLanguage\":\"de\"},{\"@type\":\"Organization\",\"@id\":\"https:\\\/\\\/imker-aigen.at\\\/#organization\",\"name\":\"Imker Ortsgruppe Salzburg Aigen\",\"url\":\"https:\\\/\\\/imker-aigen.at\\\/\",\"logo\":{\"@type\":\"ImageObject\",\"inLanguage\":\"de\",\"@id\":\"https:\\\/\\\/imker-aigen.at\\\/#\\\/schema\\\/logo\\\/image\\\/\",\"url\":\"https:\\\/\\\/imker-aigen.at\\\/wp-content\\\/uploads\\\/2022\\\/08\\\/logo-1.png\",\"contentUrl\":\"https:\\\/\\\/imker-aigen.at\\\/wp-content\\\/uploads\\\/2022\\\/08\\\/logo-1.png\",\"width\":392,\"height\":156,\"caption\":\"Imker Ortsgruppe Salzburg Aigen\"},\"image\":{\"@id\":\"https:\\\/\\\/imker-aigen.at\\\/#\\\/schema\\\/logo\\\/image\\\/\"}},{\"@type\":\"Person\",\"@id\":\"https:\\\/\\\/imker-aigen.at\\\/#\\\/schema\\\/person\\\/d7d0c3a8ef6f051d450781218ac83077\",\"name\":\"admin\",\"image\":{\"@type\":\"ImageObject\",\"inLanguage\":\"de\",\"@id\":\"https:\\\/\\\/secure.gravatar.com\\\/avatar\\\/925a7e918efd3cfdae29be9c0018a3ae3275cd0444a6e166241172bb6e5243c7?s=96&d=mm&r=g\",\"url\":\"https:\\\/\\\/secure.gravatar.com\\\/avatar\\\/925a7e918efd3cfdae29be9c0018a3ae3275cd0444a6e166241172bb6e5243c7?s=96&d=mm&r=g\",\"contentUrl\":\"https:\\\/\\\/secure.gravatar.com\\\/avatar\\\/925a7e918efd3cfdae29be9c0018a3ae3275cd0444a6e166241172bb6e5243c7?s=96&d=mm&r=g\",\"caption\":\"admin\"},\"sameAs\":[\"https:\\\/\\\/imker-aigen.at\",\"linkedin.com\\\/in\\\/bernd-meierhofer-5919b62\"],\"url\":\"https:\\\/\\\/imker-aigen.at\\\/index.php\\\/author\\\/bmeierhofer\\\/\"}]}<\/script>\n<!-- \/ Yoast SEO plugin. -->","yoast_head_json":{"title":"Protokoll vom Stammtisch am 3.6.2025 - Imker Ortsgruppe Salzburg Aigen","description":"Am 3. Juni 2025 fand der monatliche Stammtisch des Imkervereins Sazburg Aigen statt.","robots":{"index":"index","follow":"follow","max-snippet":"max-snippet:-1","max-image-preview":"max-image-preview:large","max-video-preview":"max-video-preview:-1"},"canonical":"https:\/\/imker-aigen.at\/index.php\/2025\/06\/03\/protokoll-vom-stammtisch-am-3-6-2025\/","og_locale":"de_DE","og_type":"article","og_title":"Protokoll vom Stammtisch am 3.6.2025 - Imker Ortsgruppe Salzburg Aigen","og_description":"Am 3. Juni 2025 fand der monatliche Stammtisch des Imkervereins Sazburg Aigen statt.","og_url":"https:\/\/imker-aigen.at\/index.php\/2025\/06\/03\/protokoll-vom-stammtisch-am-3-6-2025\/","og_site_name":"Imker Ortsgruppe Salzburg Aigen","article_published_time":"2025-06-03T17:00:05+00:00","article_modified_time":"2025-06-06T09:06:22+00:00","og_image":[{"width":180,"height":241,"url":"https:\/\/imker-aigen.at\/wp-content\/uploads\/2022\/08\/glasses-beer-1.jpg","type":"image\/jpeg"}],"author":"admin","twitter_card":"summary_large_image","twitter_misc":{"Verfasst von":"admin","Gesch\u00e4tzte Lesezeit":"6\u00a0Minuten"},"schema":{"@context":"https:\/\/schema.org","@graph":[{"@type":"Article","@id":"https:\/\/imker-aigen.at\/index.php\/2025\/06\/03\/protokoll-vom-stammtisch-am-3-6-2025\/#article","isPartOf":{"@id":"https:\/\/imker-aigen.at\/index.php\/2025\/06\/03\/protokoll-vom-stammtisch-am-3-6-2025\/"},"author":{"name":"admin","@id":"https:\/\/imker-aigen.at\/#\/schema\/person\/d7d0c3a8ef6f051d450781218ac83077"},"headline":"Protokoll vom Stammtisch am 3.6.2025","datePublished":"2025-06-03T17:00:05+00:00","dateModified":"2025-06-06T09:06:22+00:00","mainEntityOfPage":{"@id":"https:\/\/imker-aigen.at\/index.php\/2025\/06\/03\/protokoll-vom-stammtisch-am-3-6-2025\/"},"wordCount":2130,"commentCount":0,"publisher":{"@id":"https:\/\/imker-aigen.at\/#organization"},"image":{"@id":"https:\/\/imker-aigen.at\/index.php\/2025\/06\/03\/protokoll-vom-stammtisch-am-3-6-2025\/#primaryimage"},"thumbnailUrl":"https:\/\/imker-aigen.at\/wp-content\/uploads\/2022\/08\/glasses-beer-1.jpg","keywords":["Stammtisch"],"articleSection":["Alte Veranstaltungen","News"],"inLanguage":"de","potentialAction":[{"@type":"CommentAction","name":"Comment","target":["https:\/\/imker-aigen.at\/index.php\/2025\/06\/03\/protokoll-vom-stammtisch-am-3-6-2025\/#respond"]}]},{"@type":"WebPage","@id":"https:\/\/imker-aigen.at\/index.php\/2025\/06\/03\/protokoll-vom-stammtisch-am-3-6-2025\/","url":"https:\/\/imker-aigen.at\/index.php\/2025\/06\/03\/protokoll-vom-stammtisch-am-3-6-2025\/","name":"Protokoll vom Stammtisch am 3.6.2025 - Imker Ortsgruppe Salzburg Aigen","isPartOf":{"@id":"https:\/\/imker-aigen.at\/#website"},"primaryImageOfPage":{"@id":"https:\/\/imker-aigen.at\/index.php\/2025\/06\/03\/protokoll-vom-stammtisch-am-3-6-2025\/#primaryimage"},"image":{"@id":"https:\/\/imker-aigen.at\/index.php\/2025\/06\/03\/protokoll-vom-stammtisch-am-3-6-2025\/#primaryimage"},"thumbnailUrl":"https:\/\/imker-aigen.at\/wp-content\/uploads\/2022\/08\/glasses-beer-1.jpg","datePublished":"2025-06-03T17:00:05+00:00","dateModified":"2025-06-06T09:06:22+00:00","description":"Am 3. Juni 2025 fand der monatliche Stammtisch des Imkervereins Sazburg Aigen statt.","breadcrumb":{"@id":"https:\/\/imker-aigen.at\/index.php\/2025\/06\/03\/protokoll-vom-stammtisch-am-3-6-2025\/#breadcrumb"},"inLanguage":"de","potentialAction":[{"@type":"ReadAction","target":["https:\/\/imker-aigen.at\/index.php\/2025\/06\/03\/protokoll-vom-stammtisch-am-3-6-2025\/"]}]},{"@type":"ImageObject","inLanguage":"de","@id":"https:\/\/imker-aigen.at\/index.php\/2025\/06\/03\/protokoll-vom-stammtisch-am-3-6-2025\/#primaryimage","url":"https:\/\/imker-aigen.at\/wp-content\/uploads\/2022\/08\/glasses-beer-1.jpg","contentUrl":"https:\/\/imker-aigen.at\/wp-content\/uploads\/2022\/08\/glasses-beer-1.jpg","width":180,"height":241,"caption":"Bier"},{"@type":"BreadcrumbList","@id":"https:\/\/imker-aigen.at\/index.php\/2025\/06\/03\/protokoll-vom-stammtisch-am-3-6-2025\/#breadcrumb","itemListElement":[{"@type":"ListItem","position":1,"name":"Startseite","item":"https:\/\/imker-aigen.at\/index.php\/home\/"},{"@type":"ListItem","position":2,"name":"Protokoll vom Stammtisch am 3.6.2025"}]},{"@type":"WebSite","@id":"https:\/\/imker-aigen.at\/#website","url":"https:\/\/imker-aigen.at\/","name":"Imker Ortsgruppe Salzburg Aigen","description":"Homepage der Imker-Ortsgruppe Salzburg Aigen","publisher":{"@id":"https:\/\/imker-aigen.at\/#organization"},"potentialAction":[{"@type":"SearchAction","target":{"@type":"EntryPoint","urlTemplate":"https:\/\/imker-aigen.at\/?s={search_term_string}"},"query-input":{"@type":"PropertyValueSpecification","valueRequired":true,"valueName":"search_term_string"}}],"inLanguage":"de"},{"@type":"Organization","@id":"https:\/\/imker-aigen.at\/#organization","name":"Imker Ortsgruppe Salzburg Aigen","url":"https:\/\/imker-aigen.at\/","logo":{"@type":"ImageObject","inLanguage":"de","@id":"https:\/\/imker-aigen.at\/#\/schema\/logo\/image\/","url":"https:\/\/imker-aigen.at\/wp-content\/uploads\/2022\/08\/logo-1.png","contentUrl":"https:\/\/imker-aigen.at\/wp-content\/uploads\/2022\/08\/logo-1.png","width":392,"height":156,"caption":"Imker Ortsgruppe Salzburg Aigen"},"image":{"@id":"https:\/\/imker-aigen.at\/#\/schema\/logo\/image\/"}},{"@type":"Person","@id":"https:\/\/imker-aigen.at\/#\/schema\/person\/d7d0c3a8ef6f051d450781218ac83077","name":"admin","image":{"@type":"ImageObject","inLanguage":"de","@id":"https:\/\/secure.gravatar.com\/avatar\/925a7e918efd3cfdae29be9c0018a3ae3275cd0444a6e166241172bb6e5243c7?s=96&d=mm&r=g","url":"https:\/\/secure.gravatar.com\/avatar\/925a7e918efd3cfdae29be9c0018a3ae3275cd0444a6e166241172bb6e5243c7?s=96&d=mm&r=g","contentUrl":"https:\/\/secure.gravatar.com\/avatar\/925a7e918efd3cfdae29be9c0018a3ae3275cd0444a6e166241172bb6e5243c7?s=96&d=mm&r=g","caption":"admin"},"sameAs":["https:\/\/imker-aigen.at","linkedin.com\/in\/bernd-meierhofer-5919b62"],"url":"https:\/\/imker-aigen.at\/index.php\/author\/bmeierhofer\/"}]}},"_links":{"self":[{"href":"https:\/\/imker-aigen.at\/index.php\/wp-json\/wp\/v2\/posts\/8050","targetHints":{"allow":["GET"]}}],"collection":[{"href":"https:\/\/imker-aigen.at\/index.php\/wp-json\/wp\/v2\/posts"}],"about":[{"href":"https:\/\/imker-aigen.at\/index.php\/wp-json\/wp\/v2\/types\/post"}],"author":[{"embeddable":true,"href":"https:\/\/imker-aigen.at\/index.php\/wp-json\/wp\/v2\/users\/1"}],"replies":[{"embeddable":true,"href":"https:\/\/imker-aigen.at\/index.php\/wp-json\/wp\/v2\/comments?post=8050"}],"version-history":[{"count":19,"href":"https:\/\/imker-aigen.at\/index.php\/wp-json\/wp\/v2\/posts\/8050\/revisions"}],"predecessor-version":[{"id":8083,"href":"https:\/\/imker-aigen.at\/index.php\/wp-json\/wp\/v2\/posts\/8050\/revisions\/8083"}],"wp:featuredmedia":[{"embeddable":true,"href":"https:\/\/imker-aigen.at\/index.php\/wp-json\/wp\/v2\/media\/621"}],"wp:attachment":[{"href":"https:\/\/imker-aigen.at\/index.php\/wp-json\/wp\/v2\/media?parent=8050"}],"wp:term":[{"taxonomy":"category","embeddable":true,"href":"https:\/\/imker-aigen.at\/index.php\/wp-json\/wp\/v2\/categories?post=8050"},{"taxonomy":"post_tag","embeddable":true,"href":"https:\/\/imker-aigen.at\/index.php\/wp-json\/wp\/v2\/tags?post=8050"}],"curies":[{"name":"wp","href":"https:\/\/api.w.org\/{rel}","templated":true}]}}