{"id":8148,"date":"2025-07-01T19:00:18","date_gmt":"2025-07-01T17:00:18","guid":{"rendered":"https:\/\/imker-aigen.at\/?p=8148"},"modified":"2025-07-03T20:54:46","modified_gmt":"2025-07-03T18:54:46","slug":"protokoll-vom-stammtisch-am-1-7-2025","status":"publish","type":"post","link":"https:\/\/imker-aigen.at\/index.php\/2025\/07\/01\/protokoll-vom-stammtisch-am-1-7-2025\/","title":{"rendered":"Protokoll vom Stammtisch am 1.7.2025"},"content":{"rendered":"<div  class='flex_column av-n17ys-eb54ebe1ff826bc52d2a313a794bc645 av_one_full  avia-builder-el-0  avia-builder-el-no-sibling  first flex_column_div  '     ><p>\n<style type=\"text\/css\" data-created_by=\"avia_inline_auto\" id=\"style-css-av-mcn2ozr2-6e9b9c1ba0243af63de8c6707d1aba48\">\n#top .av-special-heading.av-mcn2ozr2-6e9b9c1ba0243af63de8c6707d1aba48{\npadding-bottom:10px;\n}\nbody .av-special-heading.av-mcn2ozr2-6e9b9c1ba0243af63de8c6707d1aba48 .av-special-heading-tag .heading-char{\nfont-size:25px;\n}\n.av-special-heading.av-mcn2ozr2-6e9b9c1ba0243af63de8c6707d1aba48 .av-subheading{\nfont-size:15px;\n}\n<\/style>\n<div  class='av-special-heading av-mcn2ozr2-6e9b9c1ba0243af63de8c6707d1aba48 av-special-heading-h3 blockquote modern-quote modern-centered  avia-builder-el-1  el_before_av_hr  avia-builder-el-first '><h3 class='av-special-heading-tag '  itemprop=\"headline\"  >Protokoll vom Stammtisch am 1.7.2025 <\/h3><div class=\"special-heading-border\"><div class=\"special-heading-inner-border\"><\/div><\/div><\/div><br \/>\n\n<style type=\"text\/css\" data-created_by=\"avia_inline_auto\" id=\"style-css-av-mcn2p6n3-c64bbd0216f03ff426015aa8ee7aa48c\">\n#top .hr.av-mcn2p6n3-c64bbd0216f03ff426015aa8ee7aa48c{\nmargin-top:30px;\nmargin-bottom:30px;\n}\n.hr.av-mcn2p6n3-c64bbd0216f03ff426015aa8ee7aa48c .hr-inner{\nwidth:50px;\nmax-width:45%;\n}\n<\/style>\n<div  class='hr av-mcn2p6n3-c64bbd0216f03ff426015aa8ee7aa48c hr-custom  avia-builder-el-2  el_after_av_heading  el_before_av_textblock  hr-center hr-icon-yes'><span class='hr-inner inner-border-av-border-thin'><span class=\"hr-inner-style\"><\/span><\/span><span class='av-seperator-icon avia-svg-icon avia-font-svg_entypo-fontello' data-av_svg_icon='dot-3' data-av_iconset='svg_entypo-fontello'><svg version=\"1.1\" xmlns=\"http:\/\/www.w3.org\/2000\/svg\" width=\"29\" height=\"32\" viewBox=\"0 0 29 32\" preserveAspectRatio=\"xMidYMid meet\" aria-labelledby='av-svg-title-1' aria-describedby='av-svg-desc-1' role=\"graphics-symbol\">\n<title id='av-svg-title-1'>Dot-3<\/title>\n<desc id='av-svg-desc-1'>Dot-3<\/desc>\n<path d=\"M3.52 12.48q1.472 0 2.496 1.024t1.024 2.496q0 1.408-1.024 2.464t-2.496 1.056-2.496-1.056-1.024-2.464q0-1.472 1.024-2.496t2.496-1.024zM14.72 12.48q1.472 0 2.496 1.024t1.024 2.496q0 1.408-1.056 2.464t-2.464 1.056-2.464-1.056-1.056-2.464q0-1.472 1.024-2.496t2.496-1.024zM25.92 12.48q1.472 0 2.496 1.024t1.024 2.496q0 1.408-1.024 2.464t-2.496 1.056-2.496-1.056-1.024-2.464q0-1.472 1.024-2.496t2.496-1.024z\"><\/path>\n<\/svg><\/span><span class='hr-inner inner-border-av-border-thin'><span class=\"hr-inner-style\"><\/span><\/span><\/div><br \/>\n<section  class='av_textblock_section av-mcn2rn2o-759b922bf869095897c24212bb615f2d '   itemscope=\"itemscope\" itemtype=\"https:\/\/schema.org\/BlogPosting\" itemprop=\"blogPost\" ><div class='avia_textblock'  itemprop=\"text\" ><p><span style=\"color: #999999;\">Ort: <a href=\"https:\/\/rechenwirt.at\/\">Gasthaus Rechenwirt<\/a><\/span><br \/>\n<span style=\"color: #999999;\">Beginn: 19:15 Uhr<\/span><br \/>\n<span style=\"color: #999999;\">Protokollf\u00fchrer: Bernd Meierhofer<\/span><\/p>\n<h3>Begr\u00fc\u00dfung<\/h3>\n<p>Trotz der hohen Temperaturen, war der Stammtisch wieder gut besucht. Aufgrund des Betriebsurlaubes des <a href=\"http:\/\/www.pliemgut.at\/\">Gasthauses Pliemgut<\/a>, fand der Stammtisch diesmal im schattigen Gastgarten vom <a href=\"https:\/\/rechenwirt.at\/\">Gasthaus Rechenwirt<\/a> statt. Wir freuen uns, dass wir wieder einen Imkerkollegen vom Imkerverein Salzburg Maxglan begr\u00fc\u00dfen durften!<\/p>\n<h3>Neuigkeiten<\/h3>\n<ul>\n<li><strong>Alte Termine<br \/>\n&#8211; <\/strong><a href=\"https:\/\/imker-aigen.at\/index.php\/event\/feldfuehrung-bei-brigitte-doerner\/\">1.7 Feldf\u00fchrung bei Brigitte D\u00f6rner<\/a><br \/>\nDie Feldf\u00fchrung von Brigitte D\u00f6rner kam bei allen Teilnehmern sehr gut an. Es wird hier in K\u00fcrze einen Bericht von Adelheid auf unserer Homepage geben. Nochmals vielen Dank an Brigitte und Markus D\u00f6rner f\u00fcr die tolle F\u00fchrung und das gro\u00dfe Engagement!<\/li>\n<li><strong>Bestellung einer Info-Tafel anl\u00e4sslich der 100-Jahr-Feier der <a href=\"https:\/\/www.imker-maxglan.at\/\">Ortsgruppe Maxglan<\/a><\/strong><br \/>\nLaut Information der Maxglaner Imker verz\u00f6gern sich die Tafeln noch. Das Jubil\u00e4umsfest der Maxglaner-Ortsgruppe wurde auf n\u00e4chstes Jahr verschoben.<\/li>\n<li><strong>Imker-Ortsgruppe Salzburg Stadt\/Umgebung alias Imker-Ortsgruppe Maxglan<br \/>\n<\/strong>Diesbez\u00fcglich gab es nun eine Mail von Daniel Pfeifenberger, in der die Umbenennung der Ortsgruppe Maxglan auf Salzburg Stadt\/Umgebung mit dem Wohnsitz der meisten Mitglieder der Ortsgruppe begr\u00fcndet wurde. Da wir ein eigenst\u00e4ndiger Verein sind, sch\u00fctzt uns eigentlich das Vereinsgesetz vor Vereinsnamen, welche Verwechslungen verursachen k\u00f6nnten. Da die Ortsgruppe Salzburg Stadt\/Umgebung bzw. Maxglan kein eigenst\u00e4ndiger Verein ist, m\u00fcsste eigentlich der Landesverband f\u00fcr die Ortsgruppe Salzburg Stadt\/Umgebung bzw. Maxglan und deren Namensgebung entscheiden. Somit wurde das Thema zur Kl\u00e4rung an den Landesverband \u00fcbergeben.<\/li>\n<li><strong>Zucht 2025<br \/>\n<\/strong>Eine erneute Anfrage an den Programmierer des Pexa-K\u00f6rprogramms wurde gesendet.<\/li>\n<li><strong>Nutzung unserer Vereinsh\u00fctte am Egelsee 2025<br \/>\n<\/strong>Aktuell sieht es so aus, als w\u00fcrden wir dieses Jahr den ersten Vereinshonig ernten. Die biotechnische Varroabehandlung der Vereinsbienenst\u00f6cke hat bereits begonnen. Bei zwei Bienenst\u00f6cken wurde bereits eine Wabentasche eingesetzt und damit eine Sommerbrutpause eingeleitet. Bei einem Stock wird dies ein paar Tage sp\u00e4ter durchgef\u00fchrt. Derzeit wird au\u00dferdem versucht, die Vereinsbienenst\u00f6cke auf ein einheitliches R\u00e4hmchenma\u00df umzustellen. Dies sollte mit dem Einsatz der Wabentasche nun auch gut gelingen. Robert und Bernd werden am n\u00e4chsten Tag die erforderlichen imkerlichen Arbeiten durchf\u00fchren.<br \/>\n&#8211; die beiden Wanderimkerinnen Adelheid und Johanna m\u00fcssen mit dem Ende der Tracht ihre Bienenst\u00f6cke wieder zu ihren Heimbienenst\u00e4nden zur\u00fcckbringen und dann auch dort die Einf\u00fctterung und Varroabehandlung durchf\u00fchren. Bzgl. der Honigernte ist eine interne Abstimmung notwendig, damit R\u00e4uberei zwischen den Bienenv\u00f6lkern verhindert werden kann.<br \/>\n&#8211; ein Messingschild mit der VIS-Nummer + QR-Code vom Verein muss erst gekauft werden. Dies sollte erst gemacht werden, sobald klar ist, dass die Vereinsh\u00fctte auch n\u00e4chstes Jahr gen\u00fctzt wird und klar ist, wie das neue Vereinslogo aussehen wird<\/li>\n<li><strong>Bienentage bei <a href=\"https:\/\/www.akzente.net\/\">akzente Salzburg<\/a> + Schulbesuche<br \/>\n<\/strong>Nach den akzente-Bienentagen konnte nun auch Elisabeth alle ihre Termine in den Schulen und Kinderg\u00e4rten erfolgreich absolvieren. Es gab sehr gutes Feedback, und es wurden bereits Folge-Termine f\u00fcr das kommende Jahr vereinbart.<br \/>\nIn K\u00fcrze wird Elisabeth auch einen Bericht auf der Homepage ver\u00f6ffentlichen.<br \/>\nEin herzliches Dankesch\u00f6n an alle Vereinsmitglieder, welche sich auch dieses Jahr wieder so stark f\u00fcr die Kinder- und Jugendarbeit engagiert haben. Vermutlich gibt es nicht viele Imker-Ortsgruppen, die eine so umfangreiche Kinder- und Jugendarbeit anbieten.<\/li>\n<li><strong>Futter- und Behandlungsmittelaktion des Imkerhofes<\/strong><br \/>\nDie Bestellung wurde abgegeben und alle haben bereits auf das Vereinskonto einbezahlt. Thomas Renner zufolge sollte die Ware in der KW 28 beim <a href=\"https:\/\/imkerhof-salzburg.at\/\">Imkerhof Salzburg<\/a> zur Abholung bereitstehen. Details dazu kommen aber noch von Thomas Renner.<\/li>\n<li><strong>Reinzuchtk\u00f6niginnen<\/strong><br \/>\nBestellungen von Carnica-Reinzuchtk\u00f6niginnen k\u00f6nnen immer noch bei den Z\u00fcchtern (Josef Hutzinger, Christoph Frankenberger \u2026) abgegeben werden.<\/li>\n<li><strong>Logo und Corporate Design<br \/>\n<\/strong>Bernd wird sich dieser Sache nun annehmen. F\u00fcr die Etikettierung der Vereinshoniggl\u00e4ser ben\u00f6tigen wir in jedem Fall ein neues Logo. Alle, die dabei unterst\u00fctzen wollen, sind herzlich eingeladen.<\/li>\n<li><strong>Diverse Anfragen an den Verein<\/strong><br \/>\n\u2013 Anfrage eines Salzburger Wohnbautr\u00e4gers, welcher m\u00f6glicherweise Fl\u00e4chen in den Wohnanlagen f\u00fcr Bienenst\u00f6cke und\/oder Bienenweiden zur Verf\u00fcgung stellen m\u00f6chte. Wir werden da beratend unterst\u00fctzen und vielleicht auch den einen oder anderen Bienenstand vermitteln. Bernd gibt Bescheid, sobald es hier neue Informationen gibt.<br \/>\n&#8211; Ehemalige Bienenst\u00e4nde eines Imkers im Stadtgebiet<br \/>\nEs haben sich bereits zwei Vereinsmitglieder gemeldet. Es w\u00e4re w\u00fcnschenswert, wenn diese beiden sich die beiden Standorte untereinander aufteilen w\u00fcrden.<\/li>\n<\/ul>\n<h3>Kommende Termine bis zum n\u00e4chsten Stammtisch (siehe auch <a href=\"https:\/\/imker-aigen.at\/index.php\/events\/list\/\">Veranstaltungskalender<\/a>)<\/h3>\n<ul>\n<li><a href=\"https:\/\/imker-aigen.at\/index.php\/event\/sommerfest-2025-der-imker-ortsgruppe-maxglan\/\">2.7 Sommerfest der Maxglaner Imker<\/a><\/li>\n<li><a href=\"https:\/\/imker-aigen.at\/index.php\/event\/besuch-des-bienenstandes-von-josef-hutzinger-in-muntigl\/\">4.7. Besuch des Bienenstands von Josef Hutzinger in Muntigl<\/a><br \/>\nWir treffen uns bei Sch\u00f6nwetter um 15:00 Uhr beim Bienenstand von Sepp. Es wird ein Unkostenbeitrag von 10 \u20ac f\u00fcr Essen (Otto kocht!) und Getr\u00e4nke erhoben.<\/li>\n<li><a href=\"https:\/\/imker-aigen.at\/index.php\/event\/koeniginnenmarkt-am-imkerhof\/\">12.7 K\u00f6niginnenmarkt am Imkerhof<\/a><\/li>\n<li><a href=\"https:\/\/imker-aigen.at\/index.php\/event\/stammtisch-5-august-2025\/\">5.8 Stammtisch<\/a><\/li>\n<\/ul>\n<h3>Diverses, Diskussion, Allf\u00e4lliges<\/h3>\n<ul>\n<li>Ausfl\u00fcge bzw. Standbesuche<br \/>\nF\u00fcr die folgenden Termine muss noch gekl\u00e4rt werden, ob Interesse an einem gemeinsamen Ausflug besteht:<br \/>\n\u2013 St. Veiter Stadtmuseum \u2013 130 Jahre Bienenzucht (2.4-31.10). 45 Millionen Jahre alte Biene in einem Bernsteintropfen<br \/>\n\u2013 <a href=\"https:\/\/imker-aigen.at\/index.php\/event\/22-oesterreichisches-honigfest-in-hermagor\/\">Honigfest in Hermagor (15-17.8)<\/a><\/li>\n<li>Zucht varroaresistenter Bienen (<a href=\"https:\/\/salzburg.orf.at\/stories\/3303397\/\">ORF-Schlagzeile vom 30.4.2025<\/a> und <a href=\"https:\/\/on.orf.at\/video\/14274460\/salzburg-heute-vom-04052025\">Bundesland heute Beitrag vom 4.5.2025<\/a>)<br \/>\nF\u00fcr den Impulsvortrag von Christina H\u00f6tzinger im Herbst\/Winter muss noch ein Termin vereinbart werden.<\/li>\n<\/ul>\n<h3>Imkern im Juli (siehe auch <a href=\"https:\/\/imker-aigen.at\/index.php\/about\/monthly_todos\/\">Monatsbetrachtungen<\/a>)<\/h3>\n<ul>\n<li>Imkern in Zeiten des Klimawandels<br \/>\n&#8211; Die Gefahr des Schw\u00e4rmens sollte nun wieder weniger werden (Sommersonnenwende, Drohnenschlacht)<br \/>\n&#8211; Auf die Wasserversorgung (Bienentr\u00e4nke) und Beschattung achten<br \/>\n&#8211; Honigernte (falls es Imker mit Honig gibt): Den Wassergehalt des Honigs beachten! Refraktometer kalibrieren bzw. kalibrieren lassen!<br \/>\n&#8211; F\u00fctterung + Varroabehandlung (Bannwabe zur Sommersonnenwende)<br \/>\n&#8211; R\u00e4uberei vermeiden! Kleine Mengen am sp\u00e4ten Abend f\u00fcttern. Immer 5kg Futter im Stock lassen<\/li>\n<\/ul>\n<\/div><\/section><br \/>\n<div  class='av-social-sharing-box av-4eieo4-292f5d59219c6f6d0d5d6d4b89d3d1bc av-social-sharing-box-default  avia-builder-el-4  el_after_av_textblock  el_before_av_comments_list  av-social-sharing-box-fullwidth'><div class=\"av-share-box\"><h5 class='av-share-link-description av-no-toc '>Eintrag teilen<\/h5><ul class=\"av-share-box-list noLightbox\"><li class='av-share-link av-social-link-facebook avia_social_iconfont' ><a target=\"_blank\" aria-label=\"Teilen auf Facebook\" href='https:\/\/www.facebook.com\/sharer.php?u=https:\/\/imker-aigen.at\/index.php\/2025\/07\/01\/protokoll-vom-stammtisch-am-1-7-2025\/&#038;t=Protokoll%20vom%20Stammtisch%20am%201.7.2025' data-av_icon='\ue8f3' data-av_iconfont='entypo-fontello'  title='' data-avia-related-tooltip='Teilen auf Facebook'><span class='avia_hidden_link_text'>Teilen auf Facebook<\/span><\/a><\/li><li class='av-share-link av-social-link-twitter avia_social_iconfont' ><a target=\"_blank\" aria-label=\"Teilen auf X\" href='https:\/\/twitter.com\/share?text=Protokoll%20vom%20Stammtisch%20am%201.7.2025&#038;url=https:\/\/imker-aigen.at\/?p=8148' data-av_icon='\ue932' data-av_iconfont='entypo-fontello'  title='' data-avia-related-tooltip='Teilen auf X'><span class='avia_hidden_link_text'>Teilen auf X<\/span><\/a><\/li><li class='av-share-link av-social-link-whatsapp avia_social_iconfont' ><a target=\"_blank\" aria-label=\"Teilen auf WhatsApp\" href='https:\/\/api.whatsapp.com\/send?text=https:\/\/imker-aigen.at\/index.php\/2025\/07\/01\/protokoll-vom-stammtisch-am-1-7-2025\/' data-av_icon='\uf232' data-av_iconfont='entypo-fontello'  title='' data-avia-related-tooltip='Teilen auf WhatsApp'><span class='avia_hidden_link_text'>Teilen auf WhatsApp<\/span><\/a><\/li><li class='av-share-link av-social-link-pinterest avia_social_iconfont' ><a target=\"_blank\" aria-label=\"Teilen auf Pinterest\" href='https:\/\/pinterest.com\/pin\/create\/button\/?url=https%3A%2F%2Fimker-aigen.at%2Findex.php%2F2025%2F07%2F01%2Fprotokoll-vom-stammtisch-am-1-7-2025%2F&#038;description=Protokoll%20vom%20Stammtisch%20am%201.7.2025&#038;media=https%3A%2F%2Fimker-aigen.at%2Fwp-content%2Fuploads%2F2022%2F08%2Fglasses-beer-1.jpg' data-av_icon='\ue8f8' data-av_iconfont='entypo-fontello'  title='' data-avia-related-tooltip='Teilen auf Pinterest'><span class='avia_hidden_link_text'>Teilen auf Pinterest<\/span><\/a><\/li><li class='av-share-link av-social-link-linkedin avia_social_iconfont' ><a target=\"_blank\" aria-label=\"Teilen auf LinkedIn\" href='https:\/\/linkedin.com\/shareArticle?mini=true&#038;title=Protokoll%20vom%20Stammtisch%20am%201.7.2025&#038;url=https:\/\/imker-aigen.at\/index.php\/2025\/07\/01\/protokoll-vom-stammtisch-am-1-7-2025\/' data-av_icon='\ue8fc' data-av_iconfont='entypo-fontello'  title='' data-avia-related-tooltip='Teilen auf LinkedIn'><span class='avia_hidden_link_text'>Teilen auf LinkedIn<\/span><\/a><\/li><li class='av-share-link av-social-link-reddit avia_social_iconfont' ><a target=\"_blank\" aria-label=\"Teilen auf Reddit\" href='https:\/\/reddit.com\/submit?url=https:\/\/imker-aigen.at\/index.php\/2025\/07\/01\/protokoll-vom-stammtisch-am-1-7-2025\/&#038;title=Protokoll%20vom%20Stammtisch%20am%201.7.2025' data-av_icon='\ue927' data-av_iconfont='entypo-fontello'  title='' data-avia-related-tooltip='Teilen auf Reddit'><span class='avia_hidden_link_text'>Teilen auf Reddit<\/span><\/a><\/li><li class='av-share-link av-social-link-mail avia_social_iconfont' ><a  aria-label=\"Per E-Mail teilen\" href='mailto:?subject=Protokoll%20vom%20Stammtisch%20am%201.7.2025&#038;body=https:\/\/imker-aigen.at\/index.php\/2025\/07\/01\/protokoll-vom-stammtisch-am-1-7-2025\/' data-av_icon='\ue805' data-av_iconfont='entypo-fontello'  title='' data-avia-related-tooltip='Per E-Mail teilen'><span class='avia_hidden_link_text'>Per E-Mail teilen<\/span><\/a><\/li><\/ul><\/div><\/div><br \/>\n<div  class='av-buildercomment av-9ntpw-b48bd12a7e45f3d8e7f774d2ea9e8e9d'><\/div><\/p><\/div>\n","protected":false},"excerpt":{"rendered":"","protected":false},"author":1,"featured_media":621,"comment_status":"open","ping_status":"closed","sticky":false,"template":"","format":"standard","meta":{"footnotes":""},"categories":[18,2],"tags":[35],"class_list":["post-8148","post","type-post","status-publish","format-standard","has-post-thumbnail","hentry","category-alte-veranstaltungen","category-news","tag-stammtisch"],"yoast_head":"<!-- This site is optimized with the Yoast SEO plugin v27.4 - https:\/\/yoast.com\/product\/yoast-seo-wordpress\/ -->\n<title>Protokoll vom Stammtisch am 1.7.2025 - Imker Ortsgruppe Salzburg Aigen<\/title>\n<meta name=\"description\" content=\"Am 1. Juli 2025 fand der monatliche Stammtisch des Imkervereins Sazburg Aigen statt.\" \/>\n<meta name=\"robots\" content=\"index, follow, max-snippet:-1, max-image-preview:large, max-video-preview:-1\" \/>\n<link rel=\"canonical\" href=\"https:\/\/imker-aigen.at\/index.php\/2025\/07\/01\/protokoll-vom-stammtisch-am-1-7-2025\/\" \/>\n<meta property=\"og:locale\" content=\"de_DE\" \/>\n<meta property=\"og:type\" content=\"article\" \/>\n<meta property=\"og:title\" content=\"Protokoll vom Stammtisch am 1.7.2025 - Imker Ortsgruppe Salzburg Aigen\" \/>\n<meta property=\"og:description\" content=\"Am 1. Juli 2025 fand der monatliche Stammtisch des Imkervereins Sazburg Aigen statt.\" \/>\n<meta property=\"og:url\" content=\"https:\/\/imker-aigen.at\/index.php\/2025\/07\/01\/protokoll-vom-stammtisch-am-1-7-2025\/\" \/>\n<meta property=\"og:site_name\" content=\"Imker Ortsgruppe Salzburg Aigen\" \/>\n<meta property=\"article:published_time\" content=\"2025-07-01T17:00:18+00:00\" \/>\n<meta property=\"article:modified_time\" content=\"2025-07-03T18:54:46+00:00\" \/>\n<meta property=\"og:image\" content=\"https:\/\/imker-aigen.at\/wp-content\/uploads\/2022\/08\/glasses-beer-1.jpg\" \/>\n\t<meta property=\"og:image:width\" content=\"180\" \/>\n\t<meta property=\"og:image:height\" content=\"241\" \/>\n\t<meta property=\"og:image:type\" content=\"image\/jpeg\" \/>\n<meta name=\"author\" content=\"admin\" \/>\n<meta name=\"twitter:card\" content=\"summary_large_image\" \/>\n<meta name=\"twitter:label1\" content=\"Verfasst von\" \/>\n\t<meta name=\"twitter:data1\" content=\"admin\" \/>\n\t<meta name=\"twitter:label2\" content=\"Gesch\u00e4tzte Lesezeit\" \/>\n\t<meta name=\"twitter:data2\" content=\"5\u00a0Minuten\" \/>\n<script type=\"application\/ld+json\" class=\"yoast-schema-graph\">{\"@context\":\"https:\\\/\\\/schema.org\",\"@graph\":[{\"@type\":\"Article\",\"@id\":\"https:\\\/\\\/imker-aigen.at\\\/index.php\\\/2025\\\/07\\\/01\\\/protokoll-vom-stammtisch-am-1-7-2025\\\/#article\",\"isPartOf\":{\"@id\":\"https:\\\/\\\/imker-aigen.at\\\/index.php\\\/2025\\\/07\\\/01\\\/protokoll-vom-stammtisch-am-1-7-2025\\\/\"},\"author\":{\"name\":\"admin\",\"@id\":\"https:\\\/\\\/imker-aigen.at\\\/#\\\/schema\\\/person\\\/d7d0c3a8ef6f051d450781218ac83077\"},\"headline\":\"Protokoll vom Stammtisch am 1.7.2025\",\"datePublished\":\"2025-07-01T17:00:18+00:00\",\"dateModified\":\"2025-07-03T18:54:46+00:00\",\"mainEntityOfPage\":{\"@id\":\"https:\\\/\\\/imker-aigen.at\\\/index.php\\\/2025\\\/07\\\/01\\\/protokoll-vom-stammtisch-am-1-7-2025\\\/\"},\"wordCount\":1810,\"commentCount\":0,\"publisher\":{\"@id\":\"https:\\\/\\\/imker-aigen.at\\\/#organization\"},\"image\":{\"@id\":\"https:\\\/\\\/imker-aigen.at\\\/index.php\\\/2025\\\/07\\\/01\\\/protokoll-vom-stammtisch-am-1-7-2025\\\/#primaryimage\"},\"thumbnailUrl\":\"https:\\\/\\\/imker-aigen.at\\\/wp-content\\\/uploads\\\/2022\\\/08\\\/glasses-beer-1.jpg\",\"keywords\":[\"Stammtisch\"],\"articleSection\":[\"Alte Veranstaltungen\",\"News\"],\"inLanguage\":\"de\",\"potentialAction\":[{\"@type\":\"CommentAction\",\"name\":\"Comment\",\"target\":[\"https:\\\/\\\/imker-aigen.at\\\/index.php\\\/2025\\\/07\\\/01\\\/protokoll-vom-stammtisch-am-1-7-2025\\\/#respond\"]}]},{\"@type\":\"WebPage\",\"@id\":\"https:\\\/\\\/imker-aigen.at\\\/index.php\\\/2025\\\/07\\\/01\\\/protokoll-vom-stammtisch-am-1-7-2025\\\/\",\"url\":\"https:\\\/\\\/imker-aigen.at\\\/index.php\\\/2025\\\/07\\\/01\\\/protokoll-vom-stammtisch-am-1-7-2025\\\/\",\"name\":\"Protokoll vom Stammtisch am 1.7.2025 - Imker Ortsgruppe Salzburg Aigen\",\"isPartOf\":{\"@id\":\"https:\\\/\\\/imker-aigen.at\\\/#website\"},\"primaryImageOfPage\":{\"@id\":\"https:\\\/\\\/imker-aigen.at\\\/index.php\\\/2025\\\/07\\\/01\\\/protokoll-vom-stammtisch-am-1-7-2025\\\/#primaryimage\"},\"image\":{\"@id\":\"https:\\\/\\\/imker-aigen.at\\\/index.php\\\/2025\\\/07\\\/01\\\/protokoll-vom-stammtisch-am-1-7-2025\\\/#primaryimage\"},\"thumbnailUrl\":\"https:\\\/\\\/imker-aigen.at\\\/wp-content\\\/uploads\\\/2022\\\/08\\\/glasses-beer-1.jpg\",\"datePublished\":\"2025-07-01T17:00:18+00:00\",\"dateModified\":\"2025-07-03T18:54:46+00:00\",\"description\":\"Am 1. Juli 2025 fand der monatliche Stammtisch des Imkervereins Sazburg Aigen statt.\",\"breadcrumb\":{\"@id\":\"https:\\\/\\\/imker-aigen.at\\\/index.php\\\/2025\\\/07\\\/01\\\/protokoll-vom-stammtisch-am-1-7-2025\\\/#breadcrumb\"},\"inLanguage\":\"de\",\"potentialAction\":[{\"@type\":\"ReadAction\",\"target\":[\"https:\\\/\\\/imker-aigen.at\\\/index.php\\\/2025\\\/07\\\/01\\\/protokoll-vom-stammtisch-am-1-7-2025\\\/\"]}]},{\"@type\":\"ImageObject\",\"inLanguage\":\"de\",\"@id\":\"https:\\\/\\\/imker-aigen.at\\\/index.php\\\/2025\\\/07\\\/01\\\/protokoll-vom-stammtisch-am-1-7-2025\\\/#primaryimage\",\"url\":\"https:\\\/\\\/imker-aigen.at\\\/wp-content\\\/uploads\\\/2022\\\/08\\\/glasses-beer-1.jpg\",\"contentUrl\":\"https:\\\/\\\/imker-aigen.at\\\/wp-content\\\/uploads\\\/2022\\\/08\\\/glasses-beer-1.jpg\",\"width\":180,\"height\":241,\"caption\":\"Bier\"},{\"@type\":\"BreadcrumbList\",\"@id\":\"https:\\\/\\\/imker-aigen.at\\\/index.php\\\/2025\\\/07\\\/01\\\/protokoll-vom-stammtisch-am-1-7-2025\\\/#breadcrumb\",\"itemListElement\":[{\"@type\":\"ListItem\",\"position\":1,\"name\":\"Startseite\",\"item\":\"https:\\\/\\\/imker-aigen.at\\\/index.php\\\/home\\\/\"},{\"@type\":\"ListItem\",\"position\":2,\"name\":\"Protokoll vom Stammtisch am 1.7.2025\"}]},{\"@type\":\"WebSite\",\"@id\":\"https:\\\/\\\/imker-aigen.at\\\/#website\",\"url\":\"https:\\\/\\\/imker-aigen.at\\\/\",\"name\":\"Imker Ortsgruppe Salzburg Aigen\",\"description\":\"Homepage der Imker-Ortsgruppe Salzburg Aigen\",\"publisher\":{\"@id\":\"https:\\\/\\\/imker-aigen.at\\\/#organization\"},\"potentialAction\":[{\"@type\":\"SearchAction\",\"target\":{\"@type\":\"EntryPoint\",\"urlTemplate\":\"https:\\\/\\\/imker-aigen.at\\\/?s={search_term_string}\"},\"query-input\":{\"@type\":\"PropertyValueSpecification\",\"valueRequired\":true,\"valueName\":\"search_term_string\"}}],\"inLanguage\":\"de\"},{\"@type\":\"Organization\",\"@id\":\"https:\\\/\\\/imker-aigen.at\\\/#organization\",\"name\":\"Imker Ortsgruppe Salzburg Aigen\",\"url\":\"https:\\\/\\\/imker-aigen.at\\\/\",\"logo\":{\"@type\":\"ImageObject\",\"inLanguage\":\"de\",\"@id\":\"https:\\\/\\\/imker-aigen.at\\\/#\\\/schema\\\/logo\\\/image\\\/\",\"url\":\"https:\\\/\\\/imker-aigen.at\\\/wp-content\\\/uploads\\\/2022\\\/08\\\/logo-1.png\",\"contentUrl\":\"https:\\\/\\\/imker-aigen.at\\\/wp-content\\\/uploads\\\/2022\\\/08\\\/logo-1.png\",\"width\":392,\"height\":156,\"caption\":\"Imker Ortsgruppe Salzburg Aigen\"},\"image\":{\"@id\":\"https:\\\/\\\/imker-aigen.at\\\/#\\\/schema\\\/logo\\\/image\\\/\"}},{\"@type\":\"Person\",\"@id\":\"https:\\\/\\\/imker-aigen.at\\\/#\\\/schema\\\/person\\\/d7d0c3a8ef6f051d450781218ac83077\",\"name\":\"admin\",\"image\":{\"@type\":\"ImageObject\",\"inLanguage\":\"de\",\"@id\":\"https:\\\/\\\/secure.gravatar.com\\\/avatar\\\/925a7e918efd3cfdae29be9c0018a3ae3275cd0444a6e166241172bb6e5243c7?s=96&d=mm&r=g\",\"url\":\"https:\\\/\\\/secure.gravatar.com\\\/avatar\\\/925a7e918efd3cfdae29be9c0018a3ae3275cd0444a6e166241172bb6e5243c7?s=96&d=mm&r=g\",\"contentUrl\":\"https:\\\/\\\/secure.gravatar.com\\\/avatar\\\/925a7e918efd3cfdae29be9c0018a3ae3275cd0444a6e166241172bb6e5243c7?s=96&d=mm&r=g\",\"caption\":\"admin\"},\"sameAs\":[\"https:\\\/\\\/imker-aigen.at\",\"linkedin.com\\\/in\\\/bernd-meierhofer-5919b62\"],\"url\":\"https:\\\/\\\/imker-aigen.at\\\/index.php\\\/author\\\/bmeierhofer\\\/\"}]}<\/script>\n<!-- \/ Yoast SEO plugin. -->","yoast_head_json":{"title":"Protokoll vom Stammtisch am 1.7.2025 - Imker Ortsgruppe Salzburg Aigen","description":"Am 1. Juli 2025 fand der monatliche Stammtisch des Imkervereins Sazburg Aigen statt.","robots":{"index":"index","follow":"follow","max-snippet":"max-snippet:-1","max-image-preview":"max-image-preview:large","max-video-preview":"max-video-preview:-1"},"canonical":"https:\/\/imker-aigen.at\/index.php\/2025\/07\/01\/protokoll-vom-stammtisch-am-1-7-2025\/","og_locale":"de_DE","og_type":"article","og_title":"Protokoll vom Stammtisch am 1.7.2025 - Imker Ortsgruppe Salzburg Aigen","og_description":"Am 1. Juli 2025 fand der monatliche Stammtisch des Imkervereins Sazburg Aigen statt.","og_url":"https:\/\/imker-aigen.at\/index.php\/2025\/07\/01\/protokoll-vom-stammtisch-am-1-7-2025\/","og_site_name":"Imker Ortsgruppe Salzburg Aigen","article_published_time":"2025-07-01T17:00:18+00:00","article_modified_time":"2025-07-03T18:54:46+00:00","og_image":[{"width":180,"height":241,"url":"https:\/\/imker-aigen.at\/wp-content\/uploads\/2022\/08\/glasses-beer-1.jpg","type":"image\/jpeg"}],"author":"admin","twitter_card":"summary_large_image","twitter_misc":{"Verfasst von":"admin","Gesch\u00e4tzte Lesezeit":"5\u00a0Minuten"},"schema":{"@context":"https:\/\/schema.org","@graph":[{"@type":"Article","@id":"https:\/\/imker-aigen.at\/index.php\/2025\/07\/01\/protokoll-vom-stammtisch-am-1-7-2025\/#article","isPartOf":{"@id":"https:\/\/imker-aigen.at\/index.php\/2025\/07\/01\/protokoll-vom-stammtisch-am-1-7-2025\/"},"author":{"name":"admin","@id":"https:\/\/imker-aigen.at\/#\/schema\/person\/d7d0c3a8ef6f051d450781218ac83077"},"headline":"Protokoll vom Stammtisch am 1.7.2025","datePublished":"2025-07-01T17:00:18+00:00","dateModified":"2025-07-03T18:54:46+00:00","mainEntityOfPage":{"@id":"https:\/\/imker-aigen.at\/index.php\/2025\/07\/01\/protokoll-vom-stammtisch-am-1-7-2025\/"},"wordCount":1810,"commentCount":0,"publisher":{"@id":"https:\/\/imker-aigen.at\/#organization"},"image":{"@id":"https:\/\/imker-aigen.at\/index.php\/2025\/07\/01\/protokoll-vom-stammtisch-am-1-7-2025\/#primaryimage"},"thumbnailUrl":"https:\/\/imker-aigen.at\/wp-content\/uploads\/2022\/08\/glasses-beer-1.jpg","keywords":["Stammtisch"],"articleSection":["Alte Veranstaltungen","News"],"inLanguage":"de","potentialAction":[{"@type":"CommentAction","name":"Comment","target":["https:\/\/imker-aigen.at\/index.php\/2025\/07\/01\/protokoll-vom-stammtisch-am-1-7-2025\/#respond"]}]},{"@type":"WebPage","@id":"https:\/\/imker-aigen.at\/index.php\/2025\/07\/01\/protokoll-vom-stammtisch-am-1-7-2025\/","url":"https:\/\/imker-aigen.at\/index.php\/2025\/07\/01\/protokoll-vom-stammtisch-am-1-7-2025\/","name":"Protokoll vom Stammtisch am 1.7.2025 - Imker Ortsgruppe Salzburg Aigen","isPartOf":{"@id":"https:\/\/imker-aigen.at\/#website"},"primaryImageOfPage":{"@id":"https:\/\/imker-aigen.at\/index.php\/2025\/07\/01\/protokoll-vom-stammtisch-am-1-7-2025\/#primaryimage"},"image":{"@id":"https:\/\/imker-aigen.at\/index.php\/2025\/07\/01\/protokoll-vom-stammtisch-am-1-7-2025\/#primaryimage"},"thumbnailUrl":"https:\/\/imker-aigen.at\/wp-content\/uploads\/2022\/08\/glasses-beer-1.jpg","datePublished":"2025-07-01T17:00:18+00:00","dateModified":"2025-07-03T18:54:46+00:00","description":"Am 1. Juli 2025 fand der monatliche Stammtisch des Imkervereins Sazburg Aigen statt.","breadcrumb":{"@id":"https:\/\/imker-aigen.at\/index.php\/2025\/07\/01\/protokoll-vom-stammtisch-am-1-7-2025\/#breadcrumb"},"inLanguage":"de","potentialAction":[{"@type":"ReadAction","target":["https:\/\/imker-aigen.at\/index.php\/2025\/07\/01\/protokoll-vom-stammtisch-am-1-7-2025\/"]}]},{"@type":"ImageObject","inLanguage":"de","@id":"https:\/\/imker-aigen.at\/index.php\/2025\/07\/01\/protokoll-vom-stammtisch-am-1-7-2025\/#primaryimage","url":"https:\/\/imker-aigen.at\/wp-content\/uploads\/2022\/08\/glasses-beer-1.jpg","contentUrl":"https:\/\/imker-aigen.at\/wp-content\/uploads\/2022\/08\/glasses-beer-1.jpg","width":180,"height":241,"caption":"Bier"},{"@type":"BreadcrumbList","@id":"https:\/\/imker-aigen.at\/index.php\/2025\/07\/01\/protokoll-vom-stammtisch-am-1-7-2025\/#breadcrumb","itemListElement":[{"@type":"ListItem","position":1,"name":"Startseite","item":"https:\/\/imker-aigen.at\/index.php\/home\/"},{"@type":"ListItem","position":2,"name":"Protokoll vom Stammtisch am 1.7.2025"}]},{"@type":"WebSite","@id":"https:\/\/imker-aigen.at\/#website","url":"https:\/\/imker-aigen.at\/","name":"Imker Ortsgruppe Salzburg Aigen","description":"Homepage der Imker-Ortsgruppe Salzburg Aigen","publisher":{"@id":"https:\/\/imker-aigen.at\/#organization"},"potentialAction":[{"@type":"SearchAction","target":{"@type":"EntryPoint","urlTemplate":"https:\/\/imker-aigen.at\/?s={search_term_string}"},"query-input":{"@type":"PropertyValueSpecification","valueRequired":true,"valueName":"search_term_string"}}],"inLanguage":"de"},{"@type":"Organization","@id":"https:\/\/imker-aigen.at\/#organization","name":"Imker Ortsgruppe Salzburg Aigen","url":"https:\/\/imker-aigen.at\/","logo":{"@type":"ImageObject","inLanguage":"de","@id":"https:\/\/imker-aigen.at\/#\/schema\/logo\/image\/","url":"https:\/\/imker-aigen.at\/wp-content\/uploads\/2022\/08\/logo-1.png","contentUrl":"https:\/\/imker-aigen.at\/wp-content\/uploads\/2022\/08\/logo-1.png","width":392,"height":156,"caption":"Imker Ortsgruppe Salzburg Aigen"},"image":{"@id":"https:\/\/imker-aigen.at\/#\/schema\/logo\/image\/"}},{"@type":"Person","@id":"https:\/\/imker-aigen.at\/#\/schema\/person\/d7d0c3a8ef6f051d450781218ac83077","name":"admin","image":{"@type":"ImageObject","inLanguage":"de","@id":"https:\/\/secure.gravatar.com\/avatar\/925a7e918efd3cfdae29be9c0018a3ae3275cd0444a6e166241172bb6e5243c7?s=96&d=mm&r=g","url":"https:\/\/secure.gravatar.com\/avatar\/925a7e918efd3cfdae29be9c0018a3ae3275cd0444a6e166241172bb6e5243c7?s=96&d=mm&r=g","contentUrl":"https:\/\/secure.gravatar.com\/avatar\/925a7e918efd3cfdae29be9c0018a3ae3275cd0444a6e166241172bb6e5243c7?s=96&d=mm&r=g","caption":"admin"},"sameAs":["https:\/\/imker-aigen.at","linkedin.com\/in\/bernd-meierhofer-5919b62"],"url":"https:\/\/imker-aigen.at\/index.php\/author\/bmeierhofer\/"}]}},"_links":{"self":[{"href":"https:\/\/imker-aigen.at\/index.php\/wp-json\/wp\/v2\/posts\/8148","targetHints":{"allow":["GET"]}}],"collection":[{"href":"https:\/\/imker-aigen.at\/index.php\/wp-json\/wp\/v2\/posts"}],"about":[{"href":"https:\/\/imker-aigen.at\/index.php\/wp-json\/wp\/v2\/types\/post"}],"author":[{"embeddable":true,"href":"https:\/\/imker-aigen.at\/index.php\/wp-json\/wp\/v2\/users\/1"}],"replies":[{"embeddable":true,"href":"https:\/\/imker-aigen.at\/index.php\/wp-json\/wp\/v2\/comments?post=8148"}],"version-history":[{"count":15,"href":"https:\/\/imker-aigen.at\/index.php\/wp-json\/wp\/v2\/posts\/8148\/revisions"}],"predecessor-version":[{"id":8165,"href":"https:\/\/imker-aigen.at\/index.php\/wp-json\/wp\/v2\/posts\/8148\/revisions\/8165"}],"wp:featuredmedia":[{"embeddable":true,"href":"https:\/\/imker-aigen.at\/index.php\/wp-json\/wp\/v2\/media\/621"}],"wp:attachment":[{"href":"https:\/\/imker-aigen.at\/index.php\/wp-json\/wp\/v2\/media?parent=8148"}],"wp:term":[{"taxonomy":"category","embeddable":true,"href":"https:\/\/imker-aigen.at\/index.php\/wp-json\/wp\/v2\/categories?post=8148"},{"taxonomy":"post_tag","embeddable":true,"href":"https:\/\/imker-aigen.at\/index.php\/wp-json\/wp\/v2\/tags?post=8148"}],"curies":[{"name":"wp","href":"https:\/\/api.w.org\/{rel}","templated":true}]}}