{"id":8179,"date":"2025-07-01T15:00:14","date_gmt":"2025-07-01T13:00:14","guid":{"rendered":"https:\/\/imker-aigen.at\/?p=8179"},"modified":"2025-08-30T16:47:55","modified_gmt":"2025-08-30T14:47:55","slug":"zu-besuch-am-hof-von-familie-doerner-in-eugendorf","status":"publish","type":"post","link":"https:\/\/imker-aigen.at\/index.php\/2025\/07\/01\/zu-besuch-am-hof-von-familie-doerner-in-eugendorf\/","title":{"rendered":"Zu Besuch am Hof von Familie D\u00f6rner in Eugendorf"},"content":{"rendered":"<div  class='flex_column av-7mpsjn-bfd0f14100a62941467aa72a682f0dc5 av_one_full  avia-builder-el-0  avia-builder-el-no-sibling  first flex_column_div  '     ><p>\n<style type=\"text\/css\" data-created_by=\"avia_inline_auto\" id=\"style-css-av-mcopzwkn-4ad60747e094751607c4f3ab9af1d427\">\n#top .av-special-heading.av-mcopzwkn-4ad60747e094751607c4f3ab9af1d427{\npadding-bottom:10px;\n}\nbody .av-special-heading.av-mcopzwkn-4ad60747e094751607c4f3ab9af1d427 .av-special-heading-tag .heading-char{\nfont-size:25px;\n}\n.av-special-heading.av-mcopzwkn-4ad60747e094751607c4f3ab9af1d427 .av-subheading{\nfont-size:15px;\n}\n<\/style>\n<div  class='av-special-heading av-mcopzwkn-4ad60747e094751607c4f3ab9af1d427 av-special-heading-h3 blockquote modern-quote modern-centered  avia-builder-el-1  el_before_av_horizontal_gallery  avia-builder-el-no-sibling '><h3 class='av-special-heading-tag '  itemprop=\"headline\"  >Zu Besuch am Hof von Familie D\u00f6rner in Eugendorf<\/h3><div class='av-subheading av-subheading_below'><p>Brigitte D\u00f6rner &#8211; Bio-Blumenb\u00e4uerin und Biodiversit\u00e4tsbotschafterin 2025<\/p>\n<\/div><div class=\"special-heading-border\"><div class=\"special-heading-inner-border\"><\/div><\/div><\/div><br \/>\n\n<style type=\"text\/css\" data-created_by=\"avia_inline_auto\" id=\"style-css-av-5dq74j-1933d1008c24180be1cc705198a2ef42\">\n.av-horizontal-gallery.av-5dq74j-1933d1008c24180be1cc705198a2ef42{\npadding:3.75% 0px;;\n}\n.av-horizontal-gallery.av-5dq74j-1933d1008c24180be1cc705198a2ef42 .av-horizontal-gallery-inner{\npadding-bottom:25%;\n}\n<\/style>\n<div  class='av-horizontal-gallery av-5dq74j-1933d1008c24180be1cc705198a2ef42 av-horizontal-gallery-large-gap av-horizontal-gallery-enlarge-effect  avia-builder-el-2  el_after_av_heading  el_before_av_hr  av-slideshow-ui av-control-default av-slideshow-manual av-loop-once av-loop-manual-once av-horizontal-gallery-1' data-slideshow-data=\"{&quot;enlarge&quot;:1.3,&quot;animation&quot;:&quot;slide&quot;,&quot;autoplay&quot;:false,&quot;loop_autoplay&quot;:&quot;once&quot;,&quot;interval&quot;:5,&quot;loop_manual&quot;:&quot;manual-once&quot;,&quot;autoplay_stopper&quot;:false,&quot;noNavigation&quot;:false,&quot;bg_slider&quot;:false,&quot;keep_padding&quot;:&quot;&quot;,&quot;hoverpause&quot;:false,&quot;show_slide_delay&quot;:0}\"  itemprop=\"image\" itemscope=\"itemscope\" itemtype=\"https:\/\/schema.org\/ImageObject\" ><div class='avia-slideshow-arrows avia-slideshow-controls' ><a href='#prev' class='prev-slide av-horizontal-gallery-prev avia-svg-icon avia-font-svg_entypo-fontello' data-av_svg_icon='left-open-big' data-av_iconset='svg_entypo-fontello' tabindex='-1' title=\"Zur\u00fcck\"><svg version=\"1.1\" xmlns=\"http:\/\/www.w3.org\/2000\/svg\" width=\"15\" height=\"32\" viewBox=\"0 0 15 32\" preserveAspectRatio=\"xMidYMid meet\" aria-labelledby='av-svg-title-1' aria-describedby='av-svg-desc-1' role=\"graphics-symbol\" aria-hidden=\"true\">\n<title id='av-svg-title-1'>Zur\u00fcck<\/title>\n<desc id='av-svg-desc-1'>Zur\u00fcck<\/desc>\n<path d=\"M14.464 27.84q0.832 0.832 0 1.536-0.832 0.832-1.536 0l-12.544-12.608q-0.768-0.768 0-1.6l12.544-12.608q0.704-0.832 1.536 0 0.832 0.704 0 1.536l-11.456 11.904z\"><\/path>\n<\/svg><span class='avia_hidden_link_text'>Zur\u00fcck<\/span><\/a><a href='#next' class='next-slide av-horizontal-gallery-next avia-svg-icon avia-font-svg_entypo-fontello' data-av_svg_icon='right-open-big' data-av_iconset='svg_entypo-fontello' tabindex='-1' title=\"Weiter\"><svg version=\"1.1\" xmlns=\"http:\/\/www.w3.org\/2000\/svg\" width=\"15\" height=\"32\" viewBox=\"0 0 15 32\" preserveAspectRatio=\"xMidYMid meet\" aria-labelledby='av-svg-title-2' aria-describedby='av-svg-desc-2' role=\"graphics-symbol\" aria-hidden=\"true\">\n<title id='av-svg-title-2'>Weiter<\/title>\n<desc id='av-svg-desc-2'>Weiter<\/desc>\n<path d=\"M0.416 27.84l11.456-11.84-11.456-11.904q-0.832-0.832 0-1.536 0.832-0.832 1.536 0l12.544 12.608q0.768 0.832 0 1.6l-12.544 12.608q-0.704 0.832-1.536 0-0.832-0.704 0-1.536z\"><\/path>\n<\/svg><span class='avia_hidden_link_text'>Weiter<\/span><\/a><\/div><div class='avia-slideshow-dots avia-slideshow-controls av-horizontal-gallery-dots fade-in'><a href='#1' class='goto-slide active' >1<\/a><a href='#2' class='goto-slide ' >2<\/a><a href='#3' class='goto-slide ' >3<\/a><a href='#4' class='goto-slide ' >4<\/a><a href='#5' class='goto-slide ' >5<\/a><a href='#6' class='goto-slide ' >6<\/a><a href='#7' class='goto-slide ' >7<\/a><a href='#8' class='goto-slide ' >8<\/a><a href='#9' class='goto-slide ' >9<\/a><\/div><div class='av-horizontal-gallery-inner' data-av-height='25'><div class=\"av-horizontal-gallery-slider\"><div class=\"av-horizontal-gallery-wrap noHover\"><img decoding=\"async\" fetchpriority=\"high\" class='wp-image-8192 avia-img-lazy-loading-not-8192 av-horizontal-gallery-img' width=\"1024\" height=\"768\" src=\"https:\/\/imker-aigen.at\/wp-content\/uploads\/2025\/07\/doerner2025_9_1024_768.jpg\" title='In der Blumenwerkstatt von Brigitte' alt='' srcset=\"https:\/\/imker-aigen.at\/wp-content\/uploads\/2025\/07\/doerner2025_9_1024_768.jpg 1024w, https:\/\/imker-aigen.at\/wp-content\/uploads\/2025\/07\/doerner2025_9_1024_768-300x225.jpg 300w, https:\/\/imker-aigen.at\/wp-content\/uploads\/2025\/07\/doerner2025_9_1024_768-768x576.jpg 768w, https:\/\/imker-aigen.at\/wp-content\/uploads\/2025\/07\/doerner2025_9_1024_768-705x529.jpg 705w\" sizes=\"(max-width: 1024px) 100vw, 1024px\" \/><a href=\"https:\/\/imker-aigen.at\/wp-content\/uploads\/2025\/07\/doerner2025_9_1024_768.jpg\" data-srcset=\"https:\/\/imker-aigen.at\/wp-content\/uploads\/2025\/07\/doerner2025_9_1024_768.jpg 1024w, https:\/\/imker-aigen.at\/wp-content\/uploads\/2025\/07\/doerner2025_9_1024_768-300x225.jpg 300w, https:\/\/imker-aigen.at\/wp-content\/uploads\/2025\/07\/doerner2025_9_1024_768-768x576.jpg 768w, https:\/\/imker-aigen.at\/wp-content\/uploads\/2025\/07\/doerner2025_9_1024_768-705x529.jpg 705w\" data-sizes=\"(max-width: 1024px) 100vw, 1024px\" class='av-horizontal-gallery-link avia-svg-icon avia-font-svg_entypo-fontello' data-av_svg_icon='resize-full' data-av_iconset='svg_entypo-fontello' title='In der Blumenwerkstatt von Brigitte' alt='' aria-label='Open image in lightbox: In der Blumenwerkstatt von Brigitte'><svg version=\"1.1\" xmlns=\"http:\/\/www.w3.org\/2000\/svg\" width=\"25\" height=\"32\" viewBox=\"0 0 25 32\" preserveAspectRatio=\"xMidYMid meet\" aria-labelledby='av-svg-title-3' aria-describedby='av-svg-desc-3' role=\"graphics-symbol\" aria-hidden=\"true\">\n<title id='av-svg-title-3'>Open image in lightbox: In der Blumenwerkstatt von Brigitte<\/title>\n<desc id='av-svg-desc-3'>Open image in lightbox: In der Blumenwerkstatt von Brigitte<\/desc>\n<path d=\"M15.232 3.328h10.112v10.112l-3.2-3.968-4.672 4.864-3.2-3.2 4.864-4.672zM7.872 17.536l3.2 3.2-4.864 4.672 3.904 3.2h-10.112v-10.112l3.2 3.904z\"><\/path>\n<\/svg><\/a><\/div><div class=\"av-horizontal-gallery-wrap noHover\"><img decoding=\"async\" fetchpriority=\"high\" class='wp-image-8191 avia-img-lazy-loading-not-8191 av-horizontal-gallery-img' width=\"768\" height=\"1024\" src=\"https:\/\/imker-aigen.at\/wp-content\/uploads\/2025\/07\/doerner2025_8_1024_768.jpg\" title='Zahlreiche Gesch\u00e4fte kaufen bei Brigitte frische Bio-Schnittblumen f\u00fcr eigene Blumenarrangements' alt='' srcset=\"https:\/\/imker-aigen.at\/wp-content\/uploads\/2025\/07\/doerner2025_8_1024_768.jpg 768w, https:\/\/imker-aigen.at\/wp-content\/uploads\/2025\/07\/doerner2025_8_1024_768-225x300.jpg 225w, https:\/\/imker-aigen.at\/wp-content\/uploads\/2025\/07\/doerner2025_8_1024_768-529x705.jpg 529w\" sizes=\"(max-width: 768px) 100vw, 768px\" \/><a href=\"https:\/\/imker-aigen.at\/wp-content\/uploads\/2025\/07\/doerner2025_8_1024_768.jpg\" data-srcset=\"https:\/\/imker-aigen.at\/wp-content\/uploads\/2025\/07\/doerner2025_8_1024_768.jpg 768w, https:\/\/imker-aigen.at\/wp-content\/uploads\/2025\/07\/doerner2025_8_1024_768-225x300.jpg 225w, https:\/\/imker-aigen.at\/wp-content\/uploads\/2025\/07\/doerner2025_8_1024_768-529x705.jpg 529w\" data-sizes=\"(max-width: 768px) 100vw, 768px\" class='av-horizontal-gallery-link avia-svg-icon avia-font-svg_entypo-fontello' data-av_svg_icon='resize-full' data-av_iconset='svg_entypo-fontello' title='Zahlreiche Gesch\u00e4fte kaufen bei Brigitte frische Bio-Schnittblumen f\u00fcr eigene Blumenarrangements' alt='' aria-label='Open image in lightbox: Zahlreiche Gesch\u00e4fte kaufen bei Brigitte frische Bio-Schnittblumen f\u00fcr eigene Blumenarrangements'><svg version=\"1.1\" xmlns=\"http:\/\/www.w3.org\/2000\/svg\" width=\"25\" height=\"32\" viewBox=\"0 0 25 32\" preserveAspectRatio=\"xMidYMid meet\" aria-labelledby='av-svg-title-4' aria-describedby='av-svg-desc-4' role=\"graphics-symbol\" aria-hidden=\"true\">\n<title id='av-svg-title-4'>Open image in lightbox: Zahlreiche Gesch\u00e4fte kaufen bei Brigitte frische Bio-Schnittblumen f\u00fcr eigene Blumenarrangements<\/title>\n<desc id='av-svg-desc-4'>Open image in lightbox: Zahlreiche Gesch\u00e4fte kaufen bei Brigitte frische Bio-Schnittblumen f\u00fcr eigene Blumenarrangements<\/desc>\n<path d=\"M15.232 3.328h10.112v10.112l-3.2-3.968-4.672 4.864-3.2-3.2 4.864-4.672zM7.872 17.536l3.2 3.2-4.864 4.672 3.904 3.2h-10.112v-10.112l3.2 3.904z\"><\/path>\n<\/svg><\/a><\/div><div class=\"av-horizontal-gallery-wrap noHover\"><img decoding=\"async\" fetchpriority=\"high\" class='wp-image-8190 avia-img-lazy-loading-not-8190 av-horizontal-gallery-img' width=\"768\" height=\"1024\" src=\"https:\/\/imker-aigen.at\/wp-content\/uploads\/2025\/07\/doerner2025_7_1024_768.jpg\" title='Der alte Erbhof der Familie D\u00f6rner' alt='' srcset=\"https:\/\/imker-aigen.at\/wp-content\/uploads\/2025\/07\/doerner2025_7_1024_768.jpg 768w, https:\/\/imker-aigen.at\/wp-content\/uploads\/2025\/07\/doerner2025_7_1024_768-225x300.jpg 225w, https:\/\/imker-aigen.at\/wp-content\/uploads\/2025\/07\/doerner2025_7_1024_768-529x705.jpg 529w\" sizes=\"(max-width: 768px) 100vw, 768px\" \/><a href=\"https:\/\/imker-aigen.at\/wp-content\/uploads\/2025\/07\/doerner2025_7_1024_768.jpg\" data-srcset=\"https:\/\/imker-aigen.at\/wp-content\/uploads\/2025\/07\/doerner2025_7_1024_768.jpg 768w, https:\/\/imker-aigen.at\/wp-content\/uploads\/2025\/07\/doerner2025_7_1024_768-225x300.jpg 225w, https:\/\/imker-aigen.at\/wp-content\/uploads\/2025\/07\/doerner2025_7_1024_768-529x705.jpg 529w\" data-sizes=\"(max-width: 768px) 100vw, 768px\" class='av-horizontal-gallery-link avia-svg-icon avia-font-svg_entypo-fontello' data-av_svg_icon='resize-full' data-av_iconset='svg_entypo-fontello' title='Der alte Erbhof der Familie D\u00f6rner' alt='' aria-label='Open image in lightbox: Der alte Erbhof der Familie D\u00f6rner'><svg version=\"1.1\" xmlns=\"http:\/\/www.w3.org\/2000\/svg\" width=\"25\" height=\"32\" viewBox=\"0 0 25 32\" preserveAspectRatio=\"xMidYMid meet\" aria-labelledby='av-svg-title-5' aria-describedby='av-svg-desc-5' role=\"graphics-symbol\" aria-hidden=\"true\">\n<title id='av-svg-title-5'>Open image in lightbox: Der alte Erbhof der Familie D\u00f6rner<\/title>\n<desc id='av-svg-desc-5'>Open image in lightbox: Der alte Erbhof der Familie D\u00f6rner<\/desc>\n<path d=\"M15.232 3.328h10.112v10.112l-3.2-3.968-4.672 4.864-3.2-3.2 4.864-4.672zM7.872 17.536l3.2 3.2-4.864 4.672 3.904 3.2h-10.112v-10.112l3.2 3.904z\"><\/path>\n<\/svg><\/a><\/div><div class=\"av-horizontal-gallery-wrap noHover\"><img decoding=\"async\" fetchpriority=\"high\" class='wp-image-8189 avia-img-lazy-loading-not-8189 av-horizontal-gallery-img' width=\"1024\" height=\"768\" src=\"https:\/\/imker-aigen.at\/wp-content\/uploads\/2025\/07\/doerner2025_6_1024_768.jpg\" title='Am Blumenfeld von Brigitte. Hier wachsen ca. 150 Blumenarten' alt='' srcset=\"https:\/\/imker-aigen.at\/wp-content\/uploads\/2025\/07\/doerner2025_6_1024_768.jpg 1024w, https:\/\/imker-aigen.at\/wp-content\/uploads\/2025\/07\/doerner2025_6_1024_768-300x225.jpg 300w, https:\/\/imker-aigen.at\/wp-content\/uploads\/2025\/07\/doerner2025_6_1024_768-768x576.jpg 768w, https:\/\/imker-aigen.at\/wp-content\/uploads\/2025\/07\/doerner2025_6_1024_768-705x529.jpg 705w\" sizes=\"(max-width: 1024px) 100vw, 1024px\" \/><a href=\"https:\/\/imker-aigen.at\/wp-content\/uploads\/2025\/07\/doerner2025_6_1024_768.jpg\" data-srcset=\"https:\/\/imker-aigen.at\/wp-content\/uploads\/2025\/07\/doerner2025_6_1024_768.jpg 1024w, https:\/\/imker-aigen.at\/wp-content\/uploads\/2025\/07\/doerner2025_6_1024_768-300x225.jpg 300w, https:\/\/imker-aigen.at\/wp-content\/uploads\/2025\/07\/doerner2025_6_1024_768-768x576.jpg 768w, https:\/\/imker-aigen.at\/wp-content\/uploads\/2025\/07\/doerner2025_6_1024_768-705x529.jpg 705w\" data-sizes=\"(max-width: 1024px) 100vw, 1024px\" class='av-horizontal-gallery-link avia-svg-icon avia-font-svg_entypo-fontello' data-av_svg_icon='resize-full' data-av_iconset='svg_entypo-fontello' title='Am Blumenfeld von Brigitte. Hier wachsen ca. 150 Blumenarten' alt='' aria-label='Open image in lightbox: Am Blumenfeld von Brigitte. Hier wachsen ca. 150 Blumenarten'><svg version=\"1.1\" xmlns=\"http:\/\/www.w3.org\/2000\/svg\" width=\"25\" height=\"32\" viewBox=\"0 0 25 32\" preserveAspectRatio=\"xMidYMid meet\" aria-labelledby='av-svg-title-6' aria-describedby='av-svg-desc-6' role=\"graphics-symbol\" aria-hidden=\"true\">\n<title id='av-svg-title-6'>Open image in lightbox: Am Blumenfeld von Brigitte. Hier wachsen ca. 150 Blumenarten<\/title>\n<desc id='av-svg-desc-6'>Open image in lightbox: Am Blumenfeld von Brigitte. Hier wachsen ca. 150 Blumenarten<\/desc>\n<path d=\"M15.232 3.328h10.112v10.112l-3.2-3.968-4.672 4.864-3.2-3.2 4.864-4.672zM7.872 17.536l3.2 3.2-4.864 4.672 3.904 3.2h-10.112v-10.112l3.2 3.904z\"><\/path>\n<\/svg><\/a><\/div><div class=\"av-horizontal-gallery-wrap noHover\"><img decoding=\"async\" fetchpriority=\"high\" class='wp-image-8188 avia-img-lazy-loading-not-8188 av-horizontal-gallery-img' width=\"1024\" height=\"768\" src=\"https:\/\/imker-aigen.at\/wp-content\/uploads\/2025\/07\/doerner2025_5_1024_768.jpg\" title='Bienen lieben auch Schleierkraut' alt='' srcset=\"https:\/\/imker-aigen.at\/wp-content\/uploads\/2025\/07\/doerner2025_5_1024_768.jpg 1024w, https:\/\/imker-aigen.at\/wp-content\/uploads\/2025\/07\/doerner2025_5_1024_768-300x225.jpg 300w, https:\/\/imker-aigen.at\/wp-content\/uploads\/2025\/07\/doerner2025_5_1024_768-768x576.jpg 768w, https:\/\/imker-aigen.at\/wp-content\/uploads\/2025\/07\/doerner2025_5_1024_768-705x529.jpg 705w\" sizes=\"(max-width: 1024px) 100vw, 1024px\" \/><a href=\"https:\/\/imker-aigen.at\/wp-content\/uploads\/2025\/07\/doerner2025_5_1024_768.jpg\" data-srcset=\"https:\/\/imker-aigen.at\/wp-content\/uploads\/2025\/07\/doerner2025_5_1024_768.jpg 1024w, https:\/\/imker-aigen.at\/wp-content\/uploads\/2025\/07\/doerner2025_5_1024_768-300x225.jpg 300w, https:\/\/imker-aigen.at\/wp-content\/uploads\/2025\/07\/doerner2025_5_1024_768-768x576.jpg 768w, https:\/\/imker-aigen.at\/wp-content\/uploads\/2025\/07\/doerner2025_5_1024_768-705x529.jpg 705w\" data-sizes=\"(max-width: 1024px) 100vw, 1024px\" class='av-horizontal-gallery-link avia-svg-icon avia-font-svg_entypo-fontello' data-av_svg_icon='resize-full' data-av_iconset='svg_entypo-fontello' title='Bienen lieben auch Schleierkraut' alt='' aria-label='Open image in lightbox: Bienen lieben auch Schleierkraut'><svg version=\"1.1\" xmlns=\"http:\/\/www.w3.org\/2000\/svg\" width=\"25\" height=\"32\" viewBox=\"0 0 25 32\" preserveAspectRatio=\"xMidYMid meet\" aria-labelledby='av-svg-title-7' aria-describedby='av-svg-desc-7' role=\"graphics-symbol\" aria-hidden=\"true\">\n<title id='av-svg-title-7'>Open image in lightbox: Bienen lieben auch Schleierkraut<\/title>\n<desc id='av-svg-desc-7'>Open image in lightbox: Bienen lieben auch Schleierkraut<\/desc>\n<path d=\"M15.232 3.328h10.112v10.112l-3.2-3.968-4.672 4.864-3.2-3.2 4.864-4.672zM7.872 17.536l3.2 3.2-4.864 4.672 3.904 3.2h-10.112v-10.112l3.2 3.904z\"><\/path>\n<\/svg><\/a><\/div><div class=\"av-horizontal-gallery-wrap noHover\"><img decoding=\"async\" fetchpriority=\"high\" class='wp-image-8187 avia-img-lazy-loading-not-8187 av-horizontal-gallery-img' width=\"768\" height=\"1024\" src=\"https:\/\/imker-aigen.at\/wp-content\/uploads\/2025\/07\/doerner2025_4_1024_768.jpg\" title='Mohnblume im Schleierkraut-Feld' alt='' srcset=\"https:\/\/imker-aigen.at\/wp-content\/uploads\/2025\/07\/doerner2025_4_1024_768.jpg 768w, https:\/\/imker-aigen.at\/wp-content\/uploads\/2025\/07\/doerner2025_4_1024_768-225x300.jpg 225w, https:\/\/imker-aigen.at\/wp-content\/uploads\/2025\/07\/doerner2025_4_1024_768-529x705.jpg 529w\" sizes=\"(max-width: 768px) 100vw, 768px\" \/><a href=\"https:\/\/imker-aigen.at\/wp-content\/uploads\/2025\/07\/doerner2025_4_1024_768.jpg\" data-srcset=\"https:\/\/imker-aigen.at\/wp-content\/uploads\/2025\/07\/doerner2025_4_1024_768.jpg 768w, https:\/\/imker-aigen.at\/wp-content\/uploads\/2025\/07\/doerner2025_4_1024_768-225x300.jpg 225w, https:\/\/imker-aigen.at\/wp-content\/uploads\/2025\/07\/doerner2025_4_1024_768-529x705.jpg 529w\" data-sizes=\"(max-width: 768px) 100vw, 768px\" class='av-horizontal-gallery-link avia-svg-icon avia-font-svg_entypo-fontello' data-av_svg_icon='resize-full' data-av_iconset='svg_entypo-fontello' title='Mohnblume im Schleierkraut-Feld' alt='' aria-label='Open image in lightbox: Mohnblume im Schleierkraut-Feld'><svg version=\"1.1\" xmlns=\"http:\/\/www.w3.org\/2000\/svg\" width=\"25\" height=\"32\" viewBox=\"0 0 25 32\" preserveAspectRatio=\"xMidYMid meet\" aria-labelledby='av-svg-title-8' aria-describedby='av-svg-desc-8' role=\"graphics-symbol\" aria-hidden=\"true\">\n<title id='av-svg-title-8'>Open image in lightbox: Mohnblume im Schleierkraut-Feld<\/title>\n<desc id='av-svg-desc-8'>Open image in lightbox: Mohnblume im Schleierkraut-Feld<\/desc>\n<path d=\"M15.232 3.328h10.112v10.112l-3.2-3.968-4.672 4.864-3.2-3.2 4.864-4.672zM7.872 17.536l3.2 3.2-4.864 4.672 3.904 3.2h-10.112v-10.112l3.2 3.904z\"><\/path>\n<\/svg><\/a><\/div><div class=\"av-horizontal-gallery-wrap noHover\"><img decoding=\"async\" fetchpriority=\"high\" class='wp-image-8186 avia-img-lazy-loading-not-8186 av-horizontal-gallery-img' width=\"768\" height=\"1024\" src=\"https:\/\/imker-aigen.at\/wp-content\/uploads\/2025\/07\/doerner2025_3_1024_768.jpg\" title='Bl\u00fctenpracht am Feld von Brigitte' alt='' srcset=\"https:\/\/imker-aigen.at\/wp-content\/uploads\/2025\/07\/doerner2025_3_1024_768.jpg 768w, https:\/\/imker-aigen.at\/wp-content\/uploads\/2025\/07\/doerner2025_3_1024_768-225x300.jpg 225w, https:\/\/imker-aigen.at\/wp-content\/uploads\/2025\/07\/doerner2025_3_1024_768-529x705.jpg 529w\" sizes=\"(max-width: 768px) 100vw, 768px\" \/><a href=\"https:\/\/imker-aigen.at\/wp-content\/uploads\/2025\/07\/doerner2025_3_1024_768.jpg\" data-srcset=\"https:\/\/imker-aigen.at\/wp-content\/uploads\/2025\/07\/doerner2025_3_1024_768.jpg 768w, https:\/\/imker-aigen.at\/wp-content\/uploads\/2025\/07\/doerner2025_3_1024_768-225x300.jpg 225w, https:\/\/imker-aigen.at\/wp-content\/uploads\/2025\/07\/doerner2025_3_1024_768-529x705.jpg 529w\" data-sizes=\"(max-width: 768px) 100vw, 768px\" class='av-horizontal-gallery-link avia-svg-icon avia-font-svg_entypo-fontello' data-av_svg_icon='resize-full' data-av_iconset='svg_entypo-fontello' title='Bl\u00fctenpracht am Feld von Brigitte' alt='' aria-label='Open image in lightbox: Bl\u00fctenpracht am Feld von Brigitte'><svg version=\"1.1\" xmlns=\"http:\/\/www.w3.org\/2000\/svg\" width=\"25\" height=\"32\" viewBox=\"0 0 25 32\" preserveAspectRatio=\"xMidYMid meet\" aria-labelledby='av-svg-title-9' aria-describedby='av-svg-desc-9' role=\"graphics-symbol\" aria-hidden=\"true\">\n<title id='av-svg-title-9'>Open image in lightbox: Bl\u00fctenpracht am Feld von Brigitte<\/title>\n<desc id='av-svg-desc-9'>Open image in lightbox: Bl\u00fctenpracht am Feld von Brigitte<\/desc>\n<path d=\"M15.232 3.328h10.112v10.112l-3.2-3.968-4.672 4.864-3.2-3.2 4.864-4.672zM7.872 17.536l3.2 3.2-4.864 4.672 3.904 3.2h-10.112v-10.112l3.2 3.904z\"><\/path>\n<\/svg><\/a><\/div><div class=\"av-horizontal-gallery-wrap noHover\"><img decoding=\"async\" fetchpriority=\"high\" class='wp-image-8185 avia-img-lazy-loading-not-8185 av-horizontal-gallery-img' width=\"1024\" height=\"768\" src=\"https:\/\/imker-aigen.at\/wp-content\/uploads\/2025\/07\/doerner2025_2_1024_768.jpg\" title='Die Mitglieder unseres Imkervereins mit Brigitte (ganz links)' alt='' srcset=\"https:\/\/imker-aigen.at\/wp-content\/uploads\/2025\/07\/doerner2025_2_1024_768.jpg 1024w, https:\/\/imker-aigen.at\/wp-content\/uploads\/2025\/07\/doerner2025_2_1024_768-300x225.jpg 300w, https:\/\/imker-aigen.at\/wp-content\/uploads\/2025\/07\/doerner2025_2_1024_768-768x576.jpg 768w, https:\/\/imker-aigen.at\/wp-content\/uploads\/2025\/07\/doerner2025_2_1024_768-705x529.jpg 705w\" sizes=\"(max-width: 1024px) 100vw, 1024px\" \/><a href=\"https:\/\/imker-aigen.at\/wp-content\/uploads\/2025\/07\/doerner2025_2_1024_768.jpg\" data-srcset=\"https:\/\/imker-aigen.at\/wp-content\/uploads\/2025\/07\/doerner2025_2_1024_768.jpg 1024w, https:\/\/imker-aigen.at\/wp-content\/uploads\/2025\/07\/doerner2025_2_1024_768-300x225.jpg 300w, https:\/\/imker-aigen.at\/wp-content\/uploads\/2025\/07\/doerner2025_2_1024_768-768x576.jpg 768w, https:\/\/imker-aigen.at\/wp-content\/uploads\/2025\/07\/doerner2025_2_1024_768-705x529.jpg 705w\" data-sizes=\"(max-width: 1024px) 100vw, 1024px\" class='av-horizontal-gallery-link avia-svg-icon avia-font-svg_entypo-fontello' data-av_svg_icon='resize-full' data-av_iconset='svg_entypo-fontello' title='Die Mitglieder unseres Imkervereins mit Brigitte (ganz links)' alt='' aria-label='Open image in lightbox: Die Mitglieder unseres Imkervereins mit Brigitte (ganz links)'><svg version=\"1.1\" xmlns=\"http:\/\/www.w3.org\/2000\/svg\" width=\"25\" height=\"32\" viewBox=\"0 0 25 32\" preserveAspectRatio=\"xMidYMid meet\" aria-labelledby='av-svg-title-10' aria-describedby='av-svg-desc-10' role=\"graphics-symbol\" aria-hidden=\"true\">\n<title id='av-svg-title-10'>Open image in lightbox: Die Mitglieder unseres Imkervereins mit Brigitte (ganz links)<\/title>\n<desc id='av-svg-desc-10'>Open image in lightbox: Die Mitglieder unseres Imkervereins mit Brigitte (ganz links)<\/desc>\n<path d=\"M15.232 3.328h10.112v10.112l-3.2-3.968-4.672 4.864-3.2-3.2 4.864-4.672zM7.872 17.536l3.2 3.2-4.864 4.672 3.904 3.2h-10.112v-10.112l3.2 3.904z\"><\/path>\n<\/svg><\/a><\/div><div class=\"av-horizontal-gallery-wrap noHover\"><img decoding=\"async\" fetchpriority=\"high\" class='wp-image-8184 avia-img-lazy-loading-not-8184 av-horizontal-gallery-img' width=\"768\" height=\"1024\" src=\"https:\/\/imker-aigen.at\/wp-content\/uploads\/2025\/07\/doerner2025_1_1024_768.jpg\" title='Brigitte D\u00f6rner - wild-gewachsen.at' alt='' srcset=\"https:\/\/imker-aigen.at\/wp-content\/uploads\/2025\/07\/doerner2025_1_1024_768.jpg 768w, https:\/\/imker-aigen.at\/wp-content\/uploads\/2025\/07\/doerner2025_1_1024_768-225x300.jpg 225w, https:\/\/imker-aigen.at\/wp-content\/uploads\/2025\/07\/doerner2025_1_1024_768-529x705.jpg 529w\" sizes=\"(max-width: 768px) 100vw, 768px\" \/><a href=\"https:\/\/imker-aigen.at\/wp-content\/uploads\/2025\/07\/doerner2025_1_1024_768.jpg\" data-srcset=\"https:\/\/imker-aigen.at\/wp-content\/uploads\/2025\/07\/doerner2025_1_1024_768.jpg 768w, https:\/\/imker-aigen.at\/wp-content\/uploads\/2025\/07\/doerner2025_1_1024_768-225x300.jpg 225w, https:\/\/imker-aigen.at\/wp-content\/uploads\/2025\/07\/doerner2025_1_1024_768-529x705.jpg 529w\" data-sizes=\"(max-width: 768px) 100vw, 768px\" class='av-horizontal-gallery-link avia-svg-icon avia-font-svg_entypo-fontello' data-av_svg_icon='resize-full' data-av_iconset='svg_entypo-fontello' title='Brigitte D\u00f6rner - wild-gewachsen.at' alt='' aria-label='Open image in lightbox: Brigitte D\u00f6rner - wild-gewachsen.at'><svg version=\"1.1\" xmlns=\"http:\/\/www.w3.org\/2000\/svg\" width=\"25\" height=\"32\" viewBox=\"0 0 25 32\" preserveAspectRatio=\"xMidYMid meet\" aria-labelledby='av-svg-title-11' aria-describedby='av-svg-desc-11' role=\"graphics-symbol\" aria-hidden=\"true\">\n<title id='av-svg-title-11'>Open image in lightbox: Brigitte D\u00f6rner - wild-gewachsen.at<\/title>\n<desc id='av-svg-desc-11'>Open image in lightbox: Brigitte D\u00f6rner - wild-gewachsen.at<\/desc>\n<path d=\"M15.232 3.328h10.112v10.112l-3.2-3.968-4.672 4.864-3.2-3.2 4.864-4.672zM7.872 17.536l3.2 3.2-4.864 4.672 3.904 3.2h-10.112v-10.112l3.2 3.904z\"><\/path>\n<\/svg><\/a><\/div><\/div><\/div><\/div><br \/>\n\n<style type=\"text\/css\" data-created_by=\"avia_inline_auto\" id=\"style-css-av-mcoq2m6e-21e4dc0683b9a88da3f4c1ae1f26cde2\">\n#top .hr.av-mcoq2m6e-21e4dc0683b9a88da3f4c1ae1f26cde2{\nmargin-top:30px;\nmargin-bottom:30px;\n}\n.hr.av-mcoq2m6e-21e4dc0683b9a88da3f4c1ae1f26cde2 .hr-inner{\nwidth:50px;\nmax-width:45%;\n}\n<\/style>\n<div  class='hr av-mcoq2m6e-21e4dc0683b9a88da3f4c1ae1f26cde2 hr-custom  avia-builder-el-3  el_after_av_horizontal_gallery  el_before_av_textblock  avia-builder-el-first  hr-center hr-icon-yes'><span class='hr-inner inner-border-av-border-thin'><span class=\"hr-inner-style\"><\/span><\/span><span class='av-seperator-icon avia-svg-icon avia-font-svg_entypo-fontello' data-av_svg_icon='dot-3' data-av_iconset='svg_entypo-fontello'><svg version=\"1.1\" xmlns=\"http:\/\/www.w3.org\/2000\/svg\" width=\"29\" height=\"32\" viewBox=\"0 0 29 32\" preserveAspectRatio=\"xMidYMid meet\" aria-labelledby='av-svg-title-12' aria-describedby='av-svg-desc-12' role=\"graphics-symbol\">\n<title id='av-svg-title-12'>Dot-3<\/title>\n<desc id='av-svg-desc-12'>Dot-3<\/desc>\n<path d=\"M3.52 12.48q1.472 0 2.496 1.024t1.024 2.496q0 1.408-1.024 2.464t-2.496 1.056-2.496-1.056-1.024-2.464q0-1.472 1.024-2.496t2.496-1.024zM14.72 12.48q1.472 0 2.496 1.024t1.024 2.496q0 1.408-1.056 2.464t-2.464 1.056-2.464-1.056-1.056-2.464q0-1.472 1.024-2.496t2.496-1.024zM25.92 12.48q1.472 0 2.496 1.024t1.024 2.496q0 1.408-1.024 2.464t-2.496 1.056-2.496-1.056-1.024-2.464q0-1.472 1.024-2.496t2.496-1.024z\"><\/path>\n<\/svg><\/span><span class='hr-inner inner-border-av-border-thin'><span class=\"hr-inner-style\"><\/span><\/span><\/div><br \/>\n<section  class='av_textblock_section av-mcoq602q-2259684627f1f597d897b2fc17db2884 '   itemscope=\"itemscope\" itemtype=\"https:\/\/schema.org\/BlogPosting\" itemprop=\"blogPost\" ><div class='avia_textblock'  itemprop=\"text\" ><p><span style=\"color: #999999;\">Autorinnen: Adelheid Speyer, Elisabeth Karl<\/span><\/p>\n<h3>Die D\u00f6rners<\/h3>\n<p>Am Dienstag, dem 1. Juli 2025, besuchten einige Mitglieder unseres Vereins am Nachmittag die Bio-Blumenb\u00e4uerin Brigitte D\u00f6rner in Eugendorf, Ederweg 3.<\/p>\n<p>An diesem hei\u00dfen Tag begr\u00fc\u00dfte uns Brigitte im angenehm k\u00fchlen ehemaligen Kuhstall, in dem sich heute ihr Verkaufsraum mit selbst gebundenen Str\u00e4u\u00dfen, T\u00f6pferwaren und vielen anderen liebevollen Details befindet.<\/p>\n<p>Aufgewachsen auf einem Bio-Bauernhof in Eugendorf liebte sie schon als Kind Blumen, besonders die im Bauerngarten ihrer Gro\u00dfmutter, die sie gemeinsam mit ihr pfl\u00fcckte. Nach 15 Jahren in der Privatwirtschaft und dem Studium von Agrar- und Umweltwissenschaften begann sie 2018, auf dem ererbten Hof ihres Mannes Marcus (Obmann des Imkervereins Eugendorf) ihre Ideen in die Tat umzusetzen.<\/p>\n<p>Bevor Brigitte und ihr Mann den Hof revitalisierten, waren die Felder verpachtet, der Stall wurde von Firmen genutzt. Schritt f\u00fcr Schritt belebte die Familie \u2013 Brigitte, ihr Mann Marcus und zwei Kinder \u2013 den Hof neu. Dazu kamen zwei Ponys, Kaninchen, H\u00fchner, Laufenten und Bienen. Heute wachsen auf drei Feldern mit rund 2000 m\u00b2 Fl\u00e4che \u00fcber 150 Blumenarten, davon allein 80 Sorten Dahlien. Diese Vielfalt aufzubauen erforderte viel Zeit, Wissen und Leidenschaft.<\/p>\n<h3>Die moderne \u201aBlumenindustrie\u2018<\/h3>\n<p>Die herk\u00f6mmlichen Marktstrategien der \u201aBlumenindustrie\u2018 sind durchaus problematisch:\u00a0Hormonbehandlung der Blumen, damit sie die lange Reise \u00fcberstehen, Kinderarbeit in den \u00e4rmsten L\u00e4ndern der Welt, Insektizide und Pflanzenschutzmittel, die bei uns nicht zugelassen w\u00e4ren, aber auf diesem Weg mit den Blumen und ihrem Blumenwasser zu uns gelangen, bei uns entsorgt werden und so auch unsere Erde vergiften.<\/p>\n<h3>Es ginge auch anders<\/h3>\n<p>Im Unterschied dazu sind die Prinzipien ihres Anbaus konsequent \u00f6kologisch. Bei Brigitte wird mit Regenwasser aus der Zisterne gegossen, ged\u00fcngt wird mit dem Pferdemist der beiden Hof-Ponys, mit Kr\u00e4uterjauche, Mulch und Kompost. Auf jegliche Pflanzenschutzmittel wird verzichtet. Schnecken werden per Hand \u201eabgeklaubt\u201c und durch die Laufenten in Schach gehalten. Ihre Blumen sind frei von Giften und daher auch ideal als Dekoration f\u00fcr Torten oder f\u00fcr Festlichkeiten wie Hochzeiten und Taufen. Blumen sollen \u201ewild gewachsen\u201c sein \u2013 im Rhythmus der Jahreszeiten. Es gibt keine Rosen im Februar, keine Fr\u00fchlingsblumen im Herbst. Ihr Name und ihr Label \u201ewild-gewachsen\u201c steht f\u00fcr Saisonalit\u00e4t, Regionalit\u00e4t und Nachhaltigkeit.<\/p>\n<p>Brigitte ist fast t\u00e4glich auf den Feldern und wird von zwei Mitarbeiterinnen unterst\u00fctzt. F\u00fcr die fr\u00fche Anzucht nutzt Brigitte ein kleines ungeheiztes Glashaus. Die Bl\u00fctezeit reicht etwa von Mitte April bis Ende Oktober. F\u00fcr den Winter trocknet sie am ehemaligen Heuboden Blumen und Samenst\u00e4nde f\u00fcr Gestecke, Kr\u00e4nze und anderen Objekte. Heu vom Feld wird nicht nur an die Ponys verf\u00fcttert, sondern in Workshops auch zu Kunstwerken verarbeitet.<\/p>\n<p>Der gesamte Hof ist biozertifiziert \u2013 das gilt f\u00fcr Blumen ebenso wie f\u00fcr die Eier und den Honig, den Marcus aus seiner Imkerei gewinnt. Zus\u00e4tzlich ist der Betrieb mit dem \u201eSalzburg Land Herkunftssiegel\u201c ausgezeichnet. Seit 2020 ist Brigitte Mitglied der europaweiten <a href=\"https:\/\/www.slowflower-bewegung.de\">Slowflower-Bewegung<\/a>. 2025 ist sie sogar Biodiversit\u00e4tsbotschafterin und erz\u00e4hlt ein Jahr lang ihre Geschichte als Beispiel f\u00fcr nachhaltigen Schnittblumenanbau.<\/p>\n<p>Workshops und Feldf\u00fchrungen sind ein wichtiger Bestandteil ihres Angebots \u2013 auch f\u00fcr Schulen. Jeden Samstag von 9:00 bis 11:30 Uhr ist der Hofladen ge\u00f6ffnet, zudem kann man ein Bio-Blumenabo mit einem monatlichen Strau\u00df buchen. Besucher erfahren in F\u00fchrungen alles \u00fcber Anbau, Ernte, Fruchtfolge, Dahlienpflege und mehr.<\/p>\n<p>Ein Highlight des Besuchs war der Rundgang \u00fcber das Hofgel\u00e4nde: Brigitte zeigte uns die mit Schlacken verzierte Hausfassade \u2013 gestaltet von Bautrupps aus Italien und Serbien, welche die Fassade auch unterschiedlich ausgestalteten \u2013 und erz\u00e4hlte vom Hausbrunnen, der dank eines Brunnenbauers aus dem Lungau heute Trinkwasser liefert. Auch die Geschichte des Schimmels in den Mauern und der schwierigen Renovierung mit atmungsaktiven Materialien bleibt uns in Erinnerung. Danach gingen wir \u00fcber die Blumenfelder und Brigitte erz\u00e4hlte dar\u00fcber, wie diese abwechselnd bepflanzt werden.<\/p>\n<h3>Res\u00fcmee<\/h3>\n<p>Wir haben einen Nachmittag erlebt, der eindrucksvoll zeigt, wie altes Wissen und moderne Nachhaltigkeit Hand in Hand gehen k\u00f6nnen. Brigitte und Marcus D\u00f6rner leben und arbeiten mit Respekt vor der Natur, mit viel Engagement und Lebensfreude \u2013 und schenken nicht nur Insekten, sondern auch Menschen einen besonderen Ort.<\/p>\n<p><strong>Vielen herzlichen Dank, Brigitte und Marcus!<\/strong><\/p>\n<h3>Links:<\/h3>\n<ul>\n<li><a href=\"https:\/\/wild-gewachsen.at\/\">Brigitte D\u00f6rner &#8211; Blumen von meinem Feld (wild-gewachsen.at)<\/a><\/li>\n<li><a href=\"https:\/\/www.slowflower-bewegung.de\">Slowflower Bewegung (https:\/\/www.slowflower-bewegung.de)<\/a><\/li>\n<li><a href=\"https:\/\/salzburg.orf.at\/radio\/stories\/3312146\/\">Bio-Blumenb\u00e4uerin Brigitte D\u00f6rner zu Gast bei Radio Salzburg<\/a><\/li>\n<\/ul>\n<\/div><\/section><br \/>\n<div  class='av-social-sharing-box av-4cv92b-7419270fcfef1fc5f422fdae80c4a0e8 av-social-sharing-box-default  avia-builder-el-5  el_after_av_textblock  el_before_av_comments_list  av-social-sharing-box-fullwidth'><div class=\"av-share-box\"><h5 class='av-share-link-description av-no-toc '>Eintrag teilen<\/h5><ul class=\"av-share-box-list noLightbox\"><li class='av-share-link av-social-link-facebook avia_social_iconfont' ><a target=\"_blank\" aria-label=\"Teilen auf Facebook\" href='https:\/\/www.facebook.com\/sharer.php?u=https:\/\/imker-aigen.at\/index.php\/2025\/07\/01\/zu-besuch-am-hof-von-familie-doerner-in-eugendorf\/&#038;t=Zu%20Besuch%20am%20Hof%20von%20Familie%20D%C3%B6rner%20in%20Eugendorf' data-av_icon='\ue8f3' data-av_iconfont='entypo-fontello'  title='' data-avia-related-tooltip='Teilen auf Facebook'><span class='avia_hidden_link_text'>Teilen auf Facebook<\/span><\/a><\/li><li class='av-share-link av-social-link-twitter avia_social_iconfont' ><a target=\"_blank\" aria-label=\"Teilen auf X\" href='https:\/\/twitter.com\/share?text=Zu%20Besuch%20am%20Hof%20von%20Familie%20D%C3%B6rner%20in%20Eugendorf&#038;url=https:\/\/imker-aigen.at\/?p=8179' data-av_icon='\ue932' data-av_iconfont='entypo-fontello'  title='' data-avia-related-tooltip='Teilen auf X'><span class='avia_hidden_link_text'>Teilen auf X<\/span><\/a><\/li><li class='av-share-link av-social-link-whatsapp avia_social_iconfont' ><a target=\"_blank\" aria-label=\"Teilen auf WhatsApp\" href='https:\/\/api.whatsapp.com\/send?text=https:\/\/imker-aigen.at\/index.php\/2025\/07\/01\/zu-besuch-am-hof-von-familie-doerner-in-eugendorf\/' data-av_icon='\uf232' data-av_iconfont='entypo-fontello'  title='' data-avia-related-tooltip='Teilen auf WhatsApp'><span class='avia_hidden_link_text'>Teilen auf WhatsApp<\/span><\/a><\/li><li class='av-share-link av-social-link-pinterest avia_social_iconfont' ><a target=\"_blank\" aria-label=\"Teilen auf Pinterest\" href='https:\/\/pinterest.com\/pin\/create\/button\/?url=https%3A%2F%2Fimker-aigen.at%2Findex.php%2F2025%2F07%2F01%2Fzu-besuch-am-hof-von-familie-doerner-in-eugendorf%2F&#038;description=Zu%20Besuch%20am%20Hof%20von%20Familie%20D%C3%B6rner%20in%20Eugendorf&#038;media=https%3A%2F%2Fimker-aigen.at%2Fwp-content%2Fuploads%2F2025%2F07%2Fdoerner2025_1_1024_768-529x705.jpg' data-av_icon='\ue8f8' data-av_iconfont='entypo-fontello'  title='' data-avia-related-tooltip='Teilen auf Pinterest'><span class='avia_hidden_link_text'>Teilen auf Pinterest<\/span><\/a><\/li><li class='av-share-link av-social-link-linkedin avia_social_iconfont' ><a target=\"_blank\" aria-label=\"Teilen auf LinkedIn\" href='https:\/\/linkedin.com\/shareArticle?mini=true&#038;title=Zu%20Besuch%20am%20Hof%20von%20Familie%20D%C3%B6rner%20in%20Eugendorf&#038;url=https:\/\/imker-aigen.at\/index.php\/2025\/07\/01\/zu-besuch-am-hof-von-familie-doerner-in-eugendorf\/' data-av_icon='\ue8fc' data-av_iconfont='entypo-fontello'  title='' data-avia-related-tooltip='Teilen auf LinkedIn'><span class='avia_hidden_link_text'>Teilen auf LinkedIn<\/span><\/a><\/li><li class='av-share-link av-social-link-reddit avia_social_iconfont' ><a target=\"_blank\" aria-label=\"Teilen auf Reddit\" href='https:\/\/reddit.com\/submit?url=https:\/\/imker-aigen.at\/index.php\/2025\/07\/01\/zu-besuch-am-hof-von-familie-doerner-in-eugendorf\/&#038;title=Zu%20Besuch%20am%20Hof%20von%20Familie%20D%C3%B6rner%20in%20Eugendorf' data-av_icon='\ue927' data-av_iconfont='entypo-fontello'  title='' data-avia-related-tooltip='Teilen auf Reddit'><span class='avia_hidden_link_text'>Teilen auf Reddit<\/span><\/a><\/li><li class='av-share-link av-social-link-mail avia_social_iconfont' ><a  aria-label=\"Per E-Mail teilen\" href='mailto:?subject=Zu%20Besuch%20am%20Hof%20von%20Familie%20D%C3%B6rner%20in%20Eugendorf&#038;body=https:\/\/imker-aigen.at\/index.php\/2025\/07\/01\/zu-besuch-am-hof-von-familie-doerner-in-eugendorf\/' data-av_icon='\ue805' data-av_iconfont='entypo-fontello'  title='' data-avia-related-tooltip='Per E-Mail teilen'><span class='avia_hidden_link_text'>Per E-Mail teilen<\/span><\/a><\/li><\/ul><\/div><\/div><br \/>\n<div  class='av-buildercomment av-31y2vn-9f89a4b2e2f2478c1500999fdb5f8da8'><\/div><\/p><\/div>\n","protected":false},"excerpt":{"rendered":"","protected":false},"author":1,"featured_media":8184,"comment_status":"open","ping_status":"closed","sticky":false,"template":"","format":"standard","meta":{"footnotes":""},"categories":[18,2],"tags":[39,403,404,405,247,288,402,406],"class_list":["post-8179","post","type-post","status-publish","format-standard","has-post-thumbnail","hentry","category-alte-veranstaltungen","category-news","tag-bio","tag-biodiversitaet","tag-biodiversitaetsbotschafterin","tag-doerner","tag-eugendorf","tag-feldfuehrung","tag-slowflower","tag-wild-gewachsen"],"yoast_head":"<!-- This site is optimized with the Yoast SEO plugin v27.4 - https:\/\/yoast.com\/product\/yoast-seo-wordpress\/ -->\n<title>Zu Besuch am Hof von Familie D\u00f6rner in Eugendorf - Imker Ortsgruppe Salzburg Aigen<\/title>\n<meta name=\"description\" content=\"Am 1. Juli 2025 besuchten einige Mitglieder des Imkervereins Salzburg Aigen die Bio-Blumenb\u00e4uerin Brigitte D\u00f6rner auf ihrem Hof in Eugendorf\" \/>\n<meta name=\"robots\" content=\"index, follow, max-snippet:-1, max-image-preview:large, max-video-preview:-1\" \/>\n<link rel=\"canonical\" href=\"https:\/\/imker-aigen.at\/index.php\/2025\/07\/01\/zu-besuch-am-hof-von-familie-doerner-in-eugendorf\/\" \/>\n<meta property=\"og:locale\" content=\"de_DE\" \/>\n<meta property=\"og:type\" content=\"article\" \/>\n<meta property=\"og:title\" content=\"Zu Besuch am Hof von Familie D\u00f6rner in Eugendorf - Imker Ortsgruppe Salzburg Aigen\" \/>\n<meta property=\"og:description\" content=\"Am 1. Juli 2025 besuchten einige Mitglieder des Imkervereins Salzburg Aigen die Bio-Blumenb\u00e4uerin Brigitte D\u00f6rner auf ihrem Hof in Eugendorf\" \/>\n<meta property=\"og:url\" content=\"https:\/\/imker-aigen.at\/index.php\/2025\/07\/01\/zu-besuch-am-hof-von-familie-doerner-in-eugendorf\/\" \/>\n<meta property=\"og:site_name\" content=\"Imker Ortsgruppe Salzburg Aigen\" \/>\n<meta property=\"article:published_time\" content=\"2025-07-01T13:00:14+00:00\" \/>\n<meta property=\"article:modified_time\" content=\"2025-08-30T14:47:55+00:00\" \/>\n<meta property=\"og:image\" content=\"https:\/\/imker-aigen.at\/wp-content\/uploads\/2025\/07\/doerner2025_1_1024_768.jpg\" \/>\n\t<meta property=\"og:image:width\" content=\"768\" \/>\n\t<meta property=\"og:image:height\" content=\"1024\" \/>\n\t<meta property=\"og:image:type\" content=\"image\/jpeg\" \/>\n<meta name=\"author\" content=\"admin\" \/>\n<meta name=\"twitter:card\" content=\"summary_large_image\" \/>\n<meta name=\"twitter:label1\" content=\"Verfasst von\" \/>\n\t<meta name=\"twitter:data1\" content=\"admin\" \/>\n\t<meta name=\"twitter:label2\" content=\"Gesch\u00e4tzte Lesezeit\" \/>\n\t<meta name=\"twitter:data2\" content=\"7\u00a0Minuten\" \/>\n<script type=\"application\/ld+json\" class=\"yoast-schema-graph\">{\"@context\":\"https:\\\/\\\/schema.org\",\"@graph\":[{\"@type\":\"Article\",\"@id\":\"https:\\\/\\\/imker-aigen.at\\\/index.php\\\/2025\\\/07\\\/01\\\/zu-besuch-am-hof-von-familie-doerner-in-eugendorf\\\/#article\",\"isPartOf\":{\"@id\":\"https:\\\/\\\/imker-aigen.at\\\/index.php\\\/2025\\\/07\\\/01\\\/zu-besuch-am-hof-von-familie-doerner-in-eugendorf\\\/\"},\"author\":{\"name\":\"admin\",\"@id\":\"https:\\\/\\\/imker-aigen.at\\\/#\\\/schema\\\/person\\\/d7d0c3a8ef6f051d450781218ac83077\"},\"headline\":\"Zu Besuch am Hof von Familie D\u00f6rner in Eugendorf\",\"datePublished\":\"2025-07-01T13:00:14+00:00\",\"dateModified\":\"2025-08-30T14:47:55+00:00\",\"mainEntityOfPage\":{\"@id\":\"https:\\\/\\\/imker-aigen.at\\\/index.php\\\/2025\\\/07\\\/01\\\/zu-besuch-am-hof-von-familie-doerner-in-eugendorf\\\/\"},\"wordCount\":1743,\"commentCount\":0,\"publisher\":{\"@id\":\"https:\\\/\\\/imker-aigen.at\\\/#organization\"},\"image\":{\"@id\":\"https:\\\/\\\/imker-aigen.at\\\/index.php\\\/2025\\\/07\\\/01\\\/zu-besuch-am-hof-von-familie-doerner-in-eugendorf\\\/#primaryimage\"},\"thumbnailUrl\":\"https:\\\/\\\/imker-aigen.at\\\/wp-content\\\/uploads\\\/2025\\\/07\\\/doerner2025_1_1024_768.jpg\",\"keywords\":[\"Bio\",\"Biodiversit\u00e4t\",\"Biodiversit\u00e4tsbotschafterin\",\"D\u00f6rner\",\"Eugendorf\",\"Feldf\u00fchrung\",\"Slowflower\",\"wild-gewachsen\"],\"articleSection\":[\"Alte Veranstaltungen\",\"News\"],\"inLanguage\":\"de\",\"potentialAction\":[{\"@type\":\"CommentAction\",\"name\":\"Comment\",\"target\":[\"https:\\\/\\\/imker-aigen.at\\\/index.php\\\/2025\\\/07\\\/01\\\/zu-besuch-am-hof-von-familie-doerner-in-eugendorf\\\/#respond\"]}]},{\"@type\":\"WebPage\",\"@id\":\"https:\\\/\\\/imker-aigen.at\\\/index.php\\\/2025\\\/07\\\/01\\\/zu-besuch-am-hof-von-familie-doerner-in-eugendorf\\\/\",\"url\":\"https:\\\/\\\/imker-aigen.at\\\/index.php\\\/2025\\\/07\\\/01\\\/zu-besuch-am-hof-von-familie-doerner-in-eugendorf\\\/\",\"name\":\"Zu Besuch am Hof von Familie D\u00f6rner in Eugendorf - Imker Ortsgruppe Salzburg Aigen\",\"isPartOf\":{\"@id\":\"https:\\\/\\\/imker-aigen.at\\\/#website\"},\"primaryImageOfPage\":{\"@id\":\"https:\\\/\\\/imker-aigen.at\\\/index.php\\\/2025\\\/07\\\/01\\\/zu-besuch-am-hof-von-familie-doerner-in-eugendorf\\\/#primaryimage\"},\"image\":{\"@id\":\"https:\\\/\\\/imker-aigen.at\\\/index.php\\\/2025\\\/07\\\/01\\\/zu-besuch-am-hof-von-familie-doerner-in-eugendorf\\\/#primaryimage\"},\"thumbnailUrl\":\"https:\\\/\\\/imker-aigen.at\\\/wp-content\\\/uploads\\\/2025\\\/07\\\/doerner2025_1_1024_768.jpg\",\"datePublished\":\"2025-07-01T13:00:14+00:00\",\"dateModified\":\"2025-08-30T14:47:55+00:00\",\"description\":\"Am 1. Juli 2025 besuchten einige Mitglieder des Imkervereins Salzburg Aigen die Bio-Blumenb\u00e4uerin Brigitte D\u00f6rner auf ihrem Hof in Eugendorf\",\"breadcrumb\":{\"@id\":\"https:\\\/\\\/imker-aigen.at\\\/index.php\\\/2025\\\/07\\\/01\\\/zu-besuch-am-hof-von-familie-doerner-in-eugendorf\\\/#breadcrumb\"},\"inLanguage\":\"de\",\"potentialAction\":[{\"@type\":\"ReadAction\",\"target\":[\"https:\\\/\\\/imker-aigen.at\\\/index.php\\\/2025\\\/07\\\/01\\\/zu-besuch-am-hof-von-familie-doerner-in-eugendorf\\\/\"]}]},{\"@type\":\"ImageObject\",\"inLanguage\":\"de\",\"@id\":\"https:\\\/\\\/imker-aigen.at\\\/index.php\\\/2025\\\/07\\\/01\\\/zu-besuch-am-hof-von-familie-doerner-in-eugendorf\\\/#primaryimage\",\"url\":\"https:\\\/\\\/imker-aigen.at\\\/wp-content\\\/uploads\\\/2025\\\/07\\\/doerner2025_1_1024_768.jpg\",\"contentUrl\":\"https:\\\/\\\/imker-aigen.at\\\/wp-content\\\/uploads\\\/2025\\\/07\\\/doerner2025_1_1024_768.jpg\",\"width\":768,\"height\":1024},{\"@type\":\"BreadcrumbList\",\"@id\":\"https:\\\/\\\/imker-aigen.at\\\/index.php\\\/2025\\\/07\\\/01\\\/zu-besuch-am-hof-von-familie-doerner-in-eugendorf\\\/#breadcrumb\",\"itemListElement\":[{\"@type\":\"ListItem\",\"position\":1,\"name\":\"Startseite\",\"item\":\"https:\\\/\\\/imker-aigen.at\\\/index.php\\\/home\\\/\"},{\"@type\":\"ListItem\",\"position\":2,\"name\":\"Zu Besuch am Hof von Familie D\u00f6rner in Eugendorf\"}]},{\"@type\":\"WebSite\",\"@id\":\"https:\\\/\\\/imker-aigen.at\\\/#website\",\"url\":\"https:\\\/\\\/imker-aigen.at\\\/\",\"name\":\"Imker Ortsgruppe Salzburg Aigen\",\"description\":\"Homepage der Imker-Ortsgruppe Salzburg Aigen\",\"publisher\":{\"@id\":\"https:\\\/\\\/imker-aigen.at\\\/#organization\"},\"potentialAction\":[{\"@type\":\"SearchAction\",\"target\":{\"@type\":\"EntryPoint\",\"urlTemplate\":\"https:\\\/\\\/imker-aigen.at\\\/?s={search_term_string}\"},\"query-input\":{\"@type\":\"PropertyValueSpecification\",\"valueRequired\":true,\"valueName\":\"search_term_string\"}}],\"inLanguage\":\"de\"},{\"@type\":\"Organization\",\"@id\":\"https:\\\/\\\/imker-aigen.at\\\/#organization\",\"name\":\"Imker Ortsgruppe Salzburg Aigen\",\"url\":\"https:\\\/\\\/imker-aigen.at\\\/\",\"logo\":{\"@type\":\"ImageObject\",\"inLanguage\":\"de\",\"@id\":\"https:\\\/\\\/imker-aigen.at\\\/#\\\/schema\\\/logo\\\/image\\\/\",\"url\":\"https:\\\/\\\/imker-aigen.at\\\/wp-content\\\/uploads\\\/2022\\\/08\\\/logo-1.png\",\"contentUrl\":\"https:\\\/\\\/imker-aigen.at\\\/wp-content\\\/uploads\\\/2022\\\/08\\\/logo-1.png\",\"width\":392,\"height\":156,\"caption\":\"Imker Ortsgruppe Salzburg Aigen\"},\"image\":{\"@id\":\"https:\\\/\\\/imker-aigen.at\\\/#\\\/schema\\\/logo\\\/image\\\/\"}},{\"@type\":\"Person\",\"@id\":\"https:\\\/\\\/imker-aigen.at\\\/#\\\/schema\\\/person\\\/d7d0c3a8ef6f051d450781218ac83077\",\"name\":\"admin\",\"image\":{\"@type\":\"ImageObject\",\"inLanguage\":\"de\",\"@id\":\"https:\\\/\\\/secure.gravatar.com\\\/avatar\\\/925a7e918efd3cfdae29be9c0018a3ae3275cd0444a6e166241172bb6e5243c7?s=96&d=mm&r=g\",\"url\":\"https:\\\/\\\/secure.gravatar.com\\\/avatar\\\/925a7e918efd3cfdae29be9c0018a3ae3275cd0444a6e166241172bb6e5243c7?s=96&d=mm&r=g\",\"contentUrl\":\"https:\\\/\\\/secure.gravatar.com\\\/avatar\\\/925a7e918efd3cfdae29be9c0018a3ae3275cd0444a6e166241172bb6e5243c7?s=96&d=mm&r=g\",\"caption\":\"admin\"},\"sameAs\":[\"https:\\\/\\\/imker-aigen.at\",\"linkedin.com\\\/in\\\/bernd-meierhofer-5919b62\"],\"url\":\"https:\\\/\\\/imker-aigen.at\\\/index.php\\\/author\\\/bmeierhofer\\\/\"}]}<\/script>\n<!-- \/ Yoast SEO plugin. -->","yoast_head_json":{"title":"Zu Besuch am Hof von Familie D\u00f6rner in Eugendorf - Imker Ortsgruppe Salzburg Aigen","description":"Am 1. Juli 2025 besuchten einige Mitglieder des Imkervereins Salzburg Aigen die Bio-Blumenb\u00e4uerin Brigitte D\u00f6rner auf ihrem Hof in Eugendorf","robots":{"index":"index","follow":"follow","max-snippet":"max-snippet:-1","max-image-preview":"max-image-preview:large","max-video-preview":"max-video-preview:-1"},"canonical":"https:\/\/imker-aigen.at\/index.php\/2025\/07\/01\/zu-besuch-am-hof-von-familie-doerner-in-eugendorf\/","og_locale":"de_DE","og_type":"article","og_title":"Zu Besuch am Hof von Familie D\u00f6rner in Eugendorf - Imker Ortsgruppe Salzburg Aigen","og_description":"Am 1. Juli 2025 besuchten einige Mitglieder des Imkervereins Salzburg Aigen die Bio-Blumenb\u00e4uerin Brigitte D\u00f6rner auf ihrem Hof in Eugendorf","og_url":"https:\/\/imker-aigen.at\/index.php\/2025\/07\/01\/zu-besuch-am-hof-von-familie-doerner-in-eugendorf\/","og_site_name":"Imker Ortsgruppe Salzburg Aigen","article_published_time":"2025-07-01T13:00:14+00:00","article_modified_time":"2025-08-30T14:47:55+00:00","og_image":[{"width":768,"height":1024,"url":"https:\/\/imker-aigen.at\/wp-content\/uploads\/2025\/07\/doerner2025_1_1024_768.jpg","type":"image\/jpeg"}],"author":"admin","twitter_card":"summary_large_image","twitter_misc":{"Verfasst von":"admin","Gesch\u00e4tzte Lesezeit":"7\u00a0Minuten"},"schema":{"@context":"https:\/\/schema.org","@graph":[{"@type":"Article","@id":"https:\/\/imker-aigen.at\/index.php\/2025\/07\/01\/zu-besuch-am-hof-von-familie-doerner-in-eugendorf\/#article","isPartOf":{"@id":"https:\/\/imker-aigen.at\/index.php\/2025\/07\/01\/zu-besuch-am-hof-von-familie-doerner-in-eugendorf\/"},"author":{"name":"admin","@id":"https:\/\/imker-aigen.at\/#\/schema\/person\/d7d0c3a8ef6f051d450781218ac83077"},"headline":"Zu Besuch am Hof von Familie D\u00f6rner in Eugendorf","datePublished":"2025-07-01T13:00:14+00:00","dateModified":"2025-08-30T14:47:55+00:00","mainEntityOfPage":{"@id":"https:\/\/imker-aigen.at\/index.php\/2025\/07\/01\/zu-besuch-am-hof-von-familie-doerner-in-eugendorf\/"},"wordCount":1743,"commentCount":0,"publisher":{"@id":"https:\/\/imker-aigen.at\/#organization"},"image":{"@id":"https:\/\/imker-aigen.at\/index.php\/2025\/07\/01\/zu-besuch-am-hof-von-familie-doerner-in-eugendorf\/#primaryimage"},"thumbnailUrl":"https:\/\/imker-aigen.at\/wp-content\/uploads\/2025\/07\/doerner2025_1_1024_768.jpg","keywords":["Bio","Biodiversit\u00e4t","Biodiversit\u00e4tsbotschafterin","D\u00f6rner","Eugendorf","Feldf\u00fchrung","Slowflower","wild-gewachsen"],"articleSection":["Alte Veranstaltungen","News"],"inLanguage":"de","potentialAction":[{"@type":"CommentAction","name":"Comment","target":["https:\/\/imker-aigen.at\/index.php\/2025\/07\/01\/zu-besuch-am-hof-von-familie-doerner-in-eugendorf\/#respond"]}]},{"@type":"WebPage","@id":"https:\/\/imker-aigen.at\/index.php\/2025\/07\/01\/zu-besuch-am-hof-von-familie-doerner-in-eugendorf\/","url":"https:\/\/imker-aigen.at\/index.php\/2025\/07\/01\/zu-besuch-am-hof-von-familie-doerner-in-eugendorf\/","name":"Zu Besuch am Hof von Familie D\u00f6rner in Eugendorf - Imker Ortsgruppe Salzburg Aigen","isPartOf":{"@id":"https:\/\/imker-aigen.at\/#website"},"primaryImageOfPage":{"@id":"https:\/\/imker-aigen.at\/index.php\/2025\/07\/01\/zu-besuch-am-hof-von-familie-doerner-in-eugendorf\/#primaryimage"},"image":{"@id":"https:\/\/imker-aigen.at\/index.php\/2025\/07\/01\/zu-besuch-am-hof-von-familie-doerner-in-eugendorf\/#primaryimage"},"thumbnailUrl":"https:\/\/imker-aigen.at\/wp-content\/uploads\/2025\/07\/doerner2025_1_1024_768.jpg","datePublished":"2025-07-01T13:00:14+00:00","dateModified":"2025-08-30T14:47:55+00:00","description":"Am 1. Juli 2025 besuchten einige Mitglieder des Imkervereins Salzburg Aigen die Bio-Blumenb\u00e4uerin Brigitte D\u00f6rner auf ihrem Hof in Eugendorf","breadcrumb":{"@id":"https:\/\/imker-aigen.at\/index.php\/2025\/07\/01\/zu-besuch-am-hof-von-familie-doerner-in-eugendorf\/#breadcrumb"},"inLanguage":"de","potentialAction":[{"@type":"ReadAction","target":["https:\/\/imker-aigen.at\/index.php\/2025\/07\/01\/zu-besuch-am-hof-von-familie-doerner-in-eugendorf\/"]}]},{"@type":"ImageObject","inLanguage":"de","@id":"https:\/\/imker-aigen.at\/index.php\/2025\/07\/01\/zu-besuch-am-hof-von-familie-doerner-in-eugendorf\/#primaryimage","url":"https:\/\/imker-aigen.at\/wp-content\/uploads\/2025\/07\/doerner2025_1_1024_768.jpg","contentUrl":"https:\/\/imker-aigen.at\/wp-content\/uploads\/2025\/07\/doerner2025_1_1024_768.jpg","width":768,"height":1024},{"@type":"BreadcrumbList","@id":"https:\/\/imker-aigen.at\/index.php\/2025\/07\/01\/zu-besuch-am-hof-von-familie-doerner-in-eugendorf\/#breadcrumb","itemListElement":[{"@type":"ListItem","position":1,"name":"Startseite","item":"https:\/\/imker-aigen.at\/index.php\/home\/"},{"@type":"ListItem","position":2,"name":"Zu Besuch am Hof von Familie D\u00f6rner in Eugendorf"}]},{"@type":"WebSite","@id":"https:\/\/imker-aigen.at\/#website","url":"https:\/\/imker-aigen.at\/","name":"Imker Ortsgruppe Salzburg Aigen","description":"Homepage der Imker-Ortsgruppe Salzburg Aigen","publisher":{"@id":"https:\/\/imker-aigen.at\/#organization"},"potentialAction":[{"@type":"SearchAction","target":{"@type":"EntryPoint","urlTemplate":"https:\/\/imker-aigen.at\/?s={search_term_string}"},"query-input":{"@type":"PropertyValueSpecification","valueRequired":true,"valueName":"search_term_string"}}],"inLanguage":"de"},{"@type":"Organization","@id":"https:\/\/imker-aigen.at\/#organization","name":"Imker Ortsgruppe Salzburg Aigen","url":"https:\/\/imker-aigen.at\/","logo":{"@type":"ImageObject","inLanguage":"de","@id":"https:\/\/imker-aigen.at\/#\/schema\/logo\/image\/","url":"https:\/\/imker-aigen.at\/wp-content\/uploads\/2022\/08\/logo-1.png","contentUrl":"https:\/\/imker-aigen.at\/wp-content\/uploads\/2022\/08\/logo-1.png","width":392,"height":156,"caption":"Imker Ortsgruppe Salzburg Aigen"},"image":{"@id":"https:\/\/imker-aigen.at\/#\/schema\/logo\/image\/"}},{"@type":"Person","@id":"https:\/\/imker-aigen.at\/#\/schema\/person\/d7d0c3a8ef6f051d450781218ac83077","name":"admin","image":{"@type":"ImageObject","inLanguage":"de","@id":"https:\/\/secure.gravatar.com\/avatar\/925a7e918efd3cfdae29be9c0018a3ae3275cd0444a6e166241172bb6e5243c7?s=96&d=mm&r=g","url":"https:\/\/secure.gravatar.com\/avatar\/925a7e918efd3cfdae29be9c0018a3ae3275cd0444a6e166241172bb6e5243c7?s=96&d=mm&r=g","contentUrl":"https:\/\/secure.gravatar.com\/avatar\/925a7e918efd3cfdae29be9c0018a3ae3275cd0444a6e166241172bb6e5243c7?s=96&d=mm&r=g","caption":"admin"},"sameAs":["https:\/\/imker-aigen.at","linkedin.com\/in\/bernd-meierhofer-5919b62"],"url":"https:\/\/imker-aigen.at\/index.php\/author\/bmeierhofer\/"}]}},"_links":{"self":[{"href":"https:\/\/imker-aigen.at\/index.php\/wp-json\/wp\/v2\/posts\/8179","targetHints":{"allow":["GET"]}}],"collection":[{"href":"https:\/\/imker-aigen.at\/index.php\/wp-json\/wp\/v2\/posts"}],"about":[{"href":"https:\/\/imker-aigen.at\/index.php\/wp-json\/wp\/v2\/types\/post"}],"author":[{"embeddable":true,"href":"https:\/\/imker-aigen.at\/index.php\/wp-json\/wp\/v2\/users\/1"}],"replies":[{"embeddable":true,"href":"https:\/\/imker-aigen.at\/index.php\/wp-json\/wp\/v2\/comments?post=8179"}],"version-history":[{"count":9,"href":"https:\/\/imker-aigen.at\/index.php\/wp-json\/wp\/v2\/posts\/8179\/revisions"}],"predecessor-version":[{"id":8227,"href":"https:\/\/imker-aigen.at\/index.php\/wp-json\/wp\/v2\/posts\/8179\/revisions\/8227"}],"wp:featuredmedia":[{"embeddable":true,"href":"https:\/\/imker-aigen.at\/index.php\/wp-json\/wp\/v2\/media\/8184"}],"wp:attachment":[{"href":"https:\/\/imker-aigen.at\/index.php\/wp-json\/wp\/v2\/media?parent=8179"}],"wp:term":[{"taxonomy":"category","embeddable":true,"href":"https:\/\/imker-aigen.at\/index.php\/wp-json\/wp\/v2\/categories?post=8179"},{"taxonomy":"post_tag","embeddable":true,"href":"https:\/\/imker-aigen.at\/index.php\/wp-json\/wp\/v2\/tags?post=8179"}],"curies":[{"name":"wp","href":"https:\/\/api.w.org\/{rel}","templated":true}]}}